{"id":16049,"date":"2019-10-31T05:54:39","date_gmt":"2019-10-31T04:54:39","guid":{"rendered":"https:\/\/gaudiumetspes-blog.pl\/?p=16049"},"modified":"2019-10-31T05:54:39","modified_gmt":"2019-10-31T04:54:39","slug":"jezeli-bog-z-nami-2","status":"publish","type":"post","link":"https:\/\/gaudiumetspes-blog.pl\/index.php\/2019\/10\/31\/jezeli-bog-z-nami-2\/","title":{"rendered":"Je\u017celi B\u00f3g z nami&#8230;"},"content":{"rendered":"<p align=\"justify\"><span style=\"color: #000000;\"><span style=\"font-family: Book Antiqua, serif;\"><span style=\"font-size: large;\">Szcz\u0119\u015b\u0107 Bo\u017ce! Moi Drodzy, <b>w dniu wczorajszym imieniny prze\u017cywa\u0142 Ksi\u0105dz Przemys\u0142aw Radomyski, m\u00f3j Poprzednik w Duszpasterstwie Akademickim w Siedlcach, a obecnie Prefekt Alumn\u00f3w Seminarium siedleckiego.<\/b><\/span><\/span><\/span><\/p>\n<p align=\"justify\"><span style=\"color: #000000;\"><span style=\"font-family: Book Antiqua, serif;\"><span style=\"font-size: large;\"><b>Dzisiaj natomiast urodziny prze\u017cywa Doktor Pawe\u0142 Buco\u0144 \u2013 m\u00f3j Przyjaciel od dzieci\u0144stwa, a obecnie S\u0119dzia, Pracownik naukowy KUL oraz \u015bwiecki Szafarz Komunii \u015awi\u0119tej. <\/b><\/span><\/span><\/span><\/p>\n<p align=\"justify\"><span style=\"color: #000000;\"><span style=\"font-family: Book Antiqua, serif;\"><span style=\"font-size: large;\"><b>Obu \u015bwi\u0119tuj\u0105cym \u017cycz\u0119, by zawsze w swoim \u017cyciu kierowali si\u0119 zasad\u0105 i przekonaniem, \u017ce je\u017celi B\u00f3g z nami, kt\u00f3\u017c przeciwko nam? Zapewniam o modlitwie.<\/b><\/span><\/span><\/span><\/p>\n<p align=\"justify\"><span style=\"color: #000000;\"><span style=\"font-family: Book Antiqua, serif;\"><span style=\"font-size: large;\">Moi Drodzy, dzi\u0119kujemy Ksi\u0119dzu Markowi za wczorajsze s\u0142\u00f3wko z Syberii! Siostrze Teresie dzi\u0119kujemy za rozwa\u017canie i \u015bwiadectwo, a Ksi\u0119dzu Markowi i ca\u0142ej Ekipie \u2013 za to wszystko, co tam robi\u0105! I za t\u0119 now\u0105, bardzo pomys\u0142ow\u0105 form\u0119 apostolstwa. Wspierajmy Ich modlitw\u0105!<\/span><\/span><\/span><\/p>\n<p align=\"justify\"><span style=\"color: #000000;\"><span style=\"font-family: Book Antiqua, serif;\"><span style=\"font-size: large;\">A u nas, moi Drodzy, dzisiaj o 19:30, w Ko\u015bcio\u0142a Ducha \u015awi\u0119tego (oczywi\u015bcie w Siedlcach) wyruszy Marsz \u015awi\u0119tych. Ca\u0142o\u015b\u0107 rozpocznie si\u0119 Nabo\u017ce\u0144stwem s\u0142owa Bo\u017cego, w trakcie kt\u00f3rego mam wyg\u0142osi\u0107 s\u0142\u00f3wko. Wydarzeniu b\u0119dzie przewodniczy\u0142 nasz Biskup Kazimierz Gurda. <\/span><\/span><\/span><\/p>\n<p align=\"justify\"><span style=\"color: #000000;\"><span style=\"font-family: Book Antiqua, serif;\"><span style=\"font-size: large;\">Zach\u0119cam do udzia\u0142u w tego typu przedsi\u0119wzi\u0119ciach, a nie w\u2026 wiecie, w czym, prawda? W\u0142a\u015bnie!<\/span><\/span><\/span><\/p>\n<p align=\"center\"><span style=\"color: #000000;\"><span style=\"font-family: Book Antiqua, serif;\"><span style=\"font-size: large;\">Gaudium et spes! Ks. Jacek<\/span><\/span><\/span><\/p>\n<p align=\"center\">\n<p align=\"center\">\n<p align=\"center\">\n<p align=\"center\">\n<p align=\"center\">\n<p align=\"justify\"><span style=\"color: #000000;\"><span style=\"font-family: Book Antiqua, serif;\"><span style=\"font-size: large;\"><b>Czwartek 30 Tygodnia zwyk\u0142ego, rok I,<\/b><\/span><\/span><\/span><\/p>\n<p align=\"justify\"><span style=\"color: #000000;\"><span style=\"font-family: Book Antiqua, serif;\"><span style=\"font-size: large;\"><b>do czyta\u0144: Rz 8,31b\u201339; \u0141k 13,31\u201335<\/b><\/span><\/span><\/span><\/p>\n<p align=\"justify\">\n<p align=\"justify\">\n<p align=\"justify\">\n<p align=\"justify\">\n<p align=\"justify\">\n<p align=\"justify\"><span style=\"color: #000000;\"><span style=\"font-family: Book Antiqua, serif;\"><span style=\"font-size: large;\"><b>CZYTANIE Z LISTU \u015aWI\u0118TEGO PAW\u0141A APOSTO\u0141A DO RZYMIAN:<\/b><\/span><\/span><\/span><\/p>\n<p align=\"justify\"><span style=\"color: #000000;\"><span style=\"font-family: Book Antiqua, serif;\"><span style=\"font-size: large;\"><b>Bracia: Je\u017celi B\u00f3g z nami, kt\u00f3\u017c przeciwko nam? On, kt\u00f3ry nawet w\u0142asnego Syna nie oszcz\u0119dzi\u0142, ale Go za nas wszystkich wyda\u0142, jak\u017ce mia\u0142by wraz z Nim i nam wszystkiego nie darowa\u0107? Kt\u00f3\u017c mo\u017ce wyst\u0105pi\u0107 z oskar\u017ceniem przeciw tym, kt\u00f3rych B\u00f3g wybra\u0142? Czy\u017c B\u00f3g, kt\u00f3ry usprawiedliwia? Kt\u00f3\u017c mo\u017ce wyda\u0107 wyrok pot\u0119pienia? Czy Chrystus Jezus, kt\u00f3ry poni\u00f3s\u0142 za nas \u015bmier\u0107, co wi\u0119cej, zmartwychwsta\u0142, siedzi po prawicy Boga i wstawia si\u0119 za nami?<\/b><\/span><\/span><\/span><\/p>\n<p align=\"justify\"><span style=\"color: #000000;\"><span style=\"font-family: Book Antiqua, serif;\"><span style=\"font-size: large;\"><b>Kt\u00f3\u017c nas mo\u017ce od\u0142\u0105czy\u0107 od mi\u0142o\u015bci Chrystusowej? Utrapienie, ucisk czy prze\u015bladowanie, g\u0142\u00f3d czy nago\u015b\u0107, niebezpiecze\u0144stwo czy miecz? Jak to jest napisane: \u201eZ powodu ciebie zabijaj\u0105 nas przez ca\u0142y dzie\u0144, uwa\u017caj\u0105 nas za owce przeznaczone na rze\u017a\u201d. Ale we wszystkim tym odnosimy pe\u0142ne zwyci\u0119stwo dzi\u0119ki Temu, kt\u00f3ry nas umi\u0142owa\u0142.<\/b><\/span><\/span><\/span><\/p>\n<p align=\"justify\"><span style=\"color: #000000;\"><span style=\"font-family: Book Antiqua, serif;\"><span style=\"font-size: large;\"><b>I jestem pewien, \u017ce ani \u015bmier\u0107, ani \u017cycie, ani anio\u0142owie, ani zwierzchno\u015bci, ani rzeczy tera\u017aniejsze, ani przysz\u0142e, ani pot\u0119gi, ani co wysokie, ani co g\u0142\u0119bokie, ani jakiekolwiek inne stworzenie nie zdo\u0142a nas od\u0142\u0105czy\u0107 od mi\u0142o\u015bci Boga, kt\u00f3ra jest w Chrystusie Jezusie, Panu naszym.<\/b><\/span><\/span><\/span><\/p>\n<p align=\"justify\">\n<p align=\"justify\">\n<p align=\"justify\">\n<p align=\"justify\">\n<p align=\"justify\">\n<p align=\"justify\"><span style=\"color: #000000;\"><span style=\"font-family: Book Antiqua, serif;\"><span style=\"font-size: large;\"><b>S\u0141OWA EWANGELII WED\u0141UG \u015aWI\u0118TEGO \u0141UKASZA:<\/b><\/span><\/span><\/span><\/p>\n<p align=\"justify\"><span style=\"color: #000000;\"><span style=\"font-family: Book Antiqua, serif;\"><span style=\"font-size: large;\"><b>W tym czasie przyszli niekt\u00f3rzy faryzeusze i rzekli do Jezusa: \u201eWyjd\u017a i uchod\u017a st\u0105d, bo Herod chce Ci\u0119 zabi\u0107\u201d.<\/b><\/span><\/span><\/span><\/p>\n<p align=\"justify\"><span style=\"color: #000000;\"><span style=\"font-family: Book Antiqua, serif;\"><span style=\"font-size: large;\"><b>Lecz On im odpowiedzia\u0142: \u201eId\u017acie i powiedzcie temu lisowi: \u00abOto wyrzucam z\u0142e duchy i dokonuj\u0119 uzdrowie\u0144 dzi\u015b i jutro, a trzeciego dnia b\u0119d\u0119 u kresu\u00bb. Jednak dzi\u015b, jutro i pojutrze musz\u0119 by\u0107 w drodze, bo rzecz niemo\u017cliwa, \u017ceby prorok zgin\u0105\u0142 poza Jerozolim\u0105.<\/b><\/span><\/span><\/span><\/p>\n<p align=\"justify\"><span style=\"color: #000000;\"><span style=\"font-family: Book Antiqua, serif;\"><span style=\"font-size: large;\"><b>Jeruzalem, Jeruzalem! Ty zabijasz prorok\u00f3w i kamienujesz tych, kt\u00f3rzy do ciebie s\u0105 pos\u0142ani. Ile razy chcia\u0142em zgromadzi\u0107 twoje dzieci, jak ptak swoje piskl\u0119ta pod skrzyd\u0142a, a nie chcieli\u015bcie.<\/b><\/span><\/span><\/span><\/p>\n<p align=\"justify\"><span style=\"color: #000000;\"><span style=\"font-family: Book Antiqua, serif;\"><span style=\"font-size: large;\"><b>Oto dom wasz tylko dla was pozostanie. Albowiem powiadam wam, nie ujrzycie Mnie, a\u017c nadejdzie czas, gdy powiecie: \u00abB\u0142ogos\u0142awiony ten, kt\u00f3ry przychodzi w imi\u0119 Pa\u0144skie\u00bb\u201d.<\/b><\/span><\/span><\/span><\/p>\n<p align=\"justify\">\n<p align=\"justify\">\n<p align=\"justify\">\n<p align=\"justify\">\n<p align=\"justify\">\n<p align=\"justify\"><span style=\"color: #000000;\"><span style=\"font-family: Book Antiqua, serif;\"><span style=\"font-size: large;\">S\u0142owa Aposto\u0142a Paw\u0142a, kt\u00f3re przed chwil\u0105 s\u0142yszeli\u015bmy, s\u0105 nam <b>z pewno\u015bci\u0105<\/b> <b>dobrze znane<\/b> i ju\u017c nieraz by\u0142o nam dane nad nimi si\u0119 zastanawia\u0107, rozwa\u017ca\u0107 je i wyci\u0105ga\u0107 z nich wnioski dla swego \u017cycia. Tak si\u0119 bowiem sk\u0142ada, \u017ce czytanie to znajdziemy <b>zar\u00f3wno w formularzu \u015blubnym, jak i pogrzebowym!<\/b> <\/span><\/span><\/span><\/p>\n<p align=\"justify\"><span style=\"color: #000000;\"><span style=\"font-family: Book Antiqua, serif;\"><span style=\"font-size: large;\">Oto bowiem nios\u0105 one wielk\u0105 nadziej\u0119 i uniwersaln\u0105 prawd\u0119, \u017ce cz\u0142owiekowi zjednoczonemu z Bogiem <b>nikt i nic nie jest w stanie <\/b><b>trwale <\/b><b>zaszkodzi\u0107; <\/b>nikt i nic nie jest w stanie odebra\u0107 mu poczucia <b>sensu w \u017cyciu <\/b><b>i celu,<\/b> do jakiego w tym swoim doczesnym \u017cyciem zmierza, czyli zbawienia wiecznego. Ale warunek jest jeden i kluczowy: <i><b>Je\u017celi B\u00f3g z nami\u2026 <\/b><\/i><\/span><\/span><\/span><\/p>\n<p align=\"justify\"><span style=\"color: #000000;\"><span style=\"font-family: Book Antiqua, serif;\"><span style=\"font-size: large;\">Je\u017celi B\u00f3g jest z nami \u2013 a mo\u017ce bardziej: <b>je\u017celi my jeste\u015bmy z Bogiem<\/b> \u2013 wtedy naprawd\u0119 mo\u017cemy liczy\u0107 na mocne wsparcie. B\u00f3g bowiem <b>jest zawsze z nami <\/b>\u2013 i tego mo\u017cemy by\u0107 pewni, w to nie powinni\u015bmy nigdy w\u0105tpi\u0107. O wiele gorzej jest z tym <b>naszym byciem z Bogiem,<\/b> bo \u2013 powiedzmy sobie szczerze \u2013 nieraz d\u0142ugo ka\u017cemy Bogu na siebie czeka\u0107. <\/span><\/span><\/span><\/p>\n<p align=\"justify\"><span style=\"color: #000000;\"><span style=\"font-family: Book Antiqua, serif;\"><span style=\"font-size: large;\">Dlatego kiedy Aposto\u0142 pyta retorycznie: <i><b>Kt\u00f3\u017c nas mo\u017ce od\u0142\u0105czy\u0107 od mi\u0142o\u015bci Chrystusowej? Utrapienie, ucisk czy prze\u015bladowanie, g\u0142\u00f3d czy nago\u015b\u0107, niebezpiecze\u0144stwo czy miecz? <\/b><\/i><b>\u2013 <\/b>b\u0119d\u0105c pewnym, \u017ce nic z tych rzeczy nie jest nas w\u0142a\u015bnie w stanie od\u0142\u0105czy\u0107 od mi\u0142o\u015bci Chrystusowej, to my jednak musimy szczerze przyzna\u0107 si\u0119, \u017ce <b>niejednokrotnie ulegamy<\/b> takim czy innym okoliczno\u015bciom, przeszkodom, trudno\u015bciom, czy zwodniczym zach\u0119tom, by od Boga odej\u015b\u0107\u2026 <\/span><\/span><\/span><\/p>\n<p align=\"justify\"><span style=\"color: #000000;\"><span style=\"font-family: Book Antiqua, serif;\"><span style=\"font-size: large;\">Dlatego trzeba nam raz jeszcze ws\u0142ucha\u0107 si\u0119 w s\u0142owa Aposto\u0142a, kt\u00f3ry przekonuje: <i><b>Jestem pewien, \u017ce ani \u015bmier\u0107, ani \u017cycie, ani anio\u0142owie, ani zwierzchno\u015bci, ani rzeczy tera\u017aniejsze, ani przysz\u0142e, ani pot\u0119gi, ani co wysokie, ani co g\u0142\u0119bokie, ani jakiekolwiek inne stworzenie nie zdo\u0142a nas od\u0142\u0105czy\u0107 od mi\u0142o\u015bci Boga, kt\u00f3ra jest w Chrystusie Jezusie, Panu naszym.<\/b><\/i><b> <\/b>Trzeba nam si\u0119 w te s\u0142owa ws\u0142ucha\u0107 i \u015bwiadomie si\u0119 pod nimi podpisa\u0107! I w ten spos\u00f3b raz jeszcze potwierdzi\u0107 aktualno\u015b\u0107 w naszym \u017cyciu prawdy, od kt\u00f3rej Aposto\u0142 rozpocz\u0105\u0142 dzisiejsze swoje przes\u0142anie: <i><b>Je\u017celi<\/b><\/i><b> <\/b><i><b>B\u00f3g z nami, kt\u00f3\u017c przeciwko nam?<\/b><\/i><i> <\/i><\/span><\/span><\/span><\/p>\n<p align=\"justify\"><span style=\"color: #000000;\"><span style=\"font-family: Book Antiqua, serif;\"><span style=\"font-size: large;\">Wiemy bowiem, \u017ce ludzie cz\u0119sto nie stawiaj\u0105 sprawy w ten spos\u00f3b. B\u00f3g im po prostu <b>nie jest potrzebny.<\/b> I pomimo tego, \u017ce sam do nich wychodzi, wyci\u0105ga r\u0119k\u0119, chce by\u0107 ze swoimi dzie\u0107mi, to jednak <b>z<\/b><b> ich strony spotyka si\u0119 z oporem.<\/b> Bardzo bole\u015bnie wyra\u017caj\u0105 to s\u0142owa Jezusa z dzisiejszej Ewangelii, gdy \u017cali si\u0119 nad Miastem \u015awi\u0119tym: <i><b>Jeruzalem, Jeruzalem! Ty zabijasz prorok\u00f3w i kamienujesz tych, kt\u00f3rzy do ciebie s\u0105 pos\u0142ani. Ile razy chcia\u0142em zgromadzi\u0107 twoje dzieci, jak ptak swoje piskl\u0119ta pod skrzyd\u0142a, a nie chcieli\u015bcie. Oto dom wasz tylko dla was pozostanie.<\/b><\/i> C\u00f3\u017c\u2026 <\/span><\/span><\/span><\/p>\n<p align=\"justify\"><span style=\"color: #000000;\"><span style=\"font-family: Book Antiqua, serif;\"><span style=\"font-size: large;\">Tak si\u0119 dzieje w sytuacji, w kt\u00f3rej B\u00f3g nie jest cz\u0142owiekowi potrzebny, w kt\u00f3rej cz\u0142owiekowi si\u0119 wydaje, \u017ce <b>lepiej sobie poradzi bez Boga\u2026 <\/b>Wtedy, niestety, szybko okazuje si\u0119, do czego prowadzi takie \u201eradzenie sobie\u201d\u2026 Mo\u017ce wi\u0119c jednak lepiej z Bogiem?\u2026 <\/span><\/span><\/span><\/p>\n<p align=\"justify\"><span style=\"color: #000000;\"><span style=\"font-family: Book Antiqua, serif;\"><span style=\"font-size: large;\">Przecie\u017c <i><b>j<\/b><\/i><i><b>e\u017celi B\u00f3g z nami, kt\u00f3\u017c przeciwko nam?! <\/b><\/i>Chyba czas najwy\u017cszy wzi\u0105\u0107 te s\u0142owa na serio do serca, raz jeszcze w nie uwierzy\u0107, <b>przej\u0105\u0107 si\u0119 nimi na nowo,<\/b> okry\u0107 ponownie ich pi\u0119kne przes\u0142anie i przypomina\u0107 sobie \u2013 szczeg\u00f3lnie w momentach najtrudniejszych\u2026 <\/span><\/span><\/span><\/p>\n","protected":false},"excerpt":{"rendered":"<p>Szcz\u0119\u015b\u0107 Bo\u017ce! Moi Drodzy, w dniu wczorajszym imieniny prze\u017cywa\u0142 Ksi\u0105dz Przemys\u0142aw Radomyski, m\u00f3j Poprzednik w Duszpasterstwie Akademickim w Siedlcach, a obecnie Prefekt Alumn\u00f3w Seminarium siedleckiego. Dzisiaj natomiast urodziny prze\u017cywa Doktor Pawe\u0142 Buco\u0144 \u2013 m\u00f3j Przyjaciel od dzieci\u0144stwa, a obecnie S\u0119dzia, Pracownik naukowy KUL oraz \u015bwiecki Szafarz Komunii \u015awi\u0119tej. Obu \u015bwi\u0119tuj\u0105cym \u017cycz\u0119, by zawsze w swoim [&hellip;]<\/p>\n","protected":false},"author":1,"featured_media":0,"comment_status":"open","ping_status":"open","sticky":false,"template":"","format":"standard","meta":{"jetpack_post_was_ever_published":false,"_jetpack_newsletter_access":"","_jetpack_dont_email_post_to_subs":false,"_jetpack_newsletter_tier_id":0,"_jetpack_memberships_contains_paywalled_content":false,"_jetpack_memberships_contains_paid_content":false,"footnotes":""},"categories":[1],"tags":[],"class_list":["post-16049","post","type-post","status-publish","format-standard","hentry","category-bez-kategorii"],"yoast_head":"<!-- This site is optimized with the Yoast SEO plugin v25.1 - https:\/\/yoast.com\/wordpress\/plugins\/seo\/ -->\n<title>Je\u017celi B\u00f3g z nami... - Gaudium Et Spes<\/title>\n<meta name=\"robots\" content=\"index, follow, max-snippet:-1, max-image-preview:large, max-video-preview:-1\" \/>\n<link rel=\"canonical\" href=\"https:\/\/gaudiumetspes-blog.pl\/index.php\/2019\/10\/31\/jezeli-bog-z-nami-2\/\" \/>\n<meta property=\"og:locale\" content=\"pl_PL\" \/>\n<meta property=\"og:type\" content=\"article\" \/>\n<meta property=\"og:title\" content=\"Je\u017celi B\u00f3g z nami... - Gaudium Et Spes\" \/>\n<meta property=\"og:description\" content=\"Szcz\u0119\u015b\u0107 Bo\u017ce! Moi Drodzy, w dniu wczorajszym imieniny prze\u017cywa\u0142 Ksi\u0105dz Przemys\u0142aw Radomyski, m\u00f3j Poprzednik w Duszpasterstwie Akademickim w Siedlcach, a obecnie Prefekt Alumn\u00f3w Seminarium siedleckiego. Dzisiaj natomiast urodziny prze\u017cywa Doktor Pawe\u0142 Buco\u0144 \u2013 m\u00f3j Przyjaciel od dzieci\u0144stwa, a obecnie S\u0119dzia, Pracownik naukowy KUL oraz \u015bwiecki Szafarz Komunii \u015awi\u0119tej. Obu \u015bwi\u0119tuj\u0105cym \u017cycz\u0119, by zawsze w swoim [&hellip;]\" \/>\n<meta property=\"og:url\" content=\"https:\/\/gaudiumetspes-blog.pl\/index.php\/2019\/10\/31\/jezeli-bog-z-nami-2\/\" \/>\n<meta property=\"og:site_name\" content=\"Gaudium Et Spes\" \/>\n<meta property=\"article:published_time\" content=\"2019-10-31T04:54:39+00:00\" \/>\n<meta name=\"author\" content=\"Ks. Jacek\" \/>\n<meta name=\"twitter:card\" content=\"summary_large_image\" \/>\n<meta name=\"twitter:label1\" content=\"Napisane przez\" \/>\n\t<meta name=\"twitter:data1\" content=\"Ks. Jacek\" \/>\n\t<meta name=\"twitter:label2\" content=\"Szacowany czas czytania\" \/>\n\t<meta name=\"twitter:data2\" content=\"6 minut\" \/>\n<script type=\"application\/ld+json\" class=\"yoast-schema-graph\">{\"@context\":\"https:\/\/schema.org\",\"@graph\":[{\"@type\":\"WebPage\",\"@id\":\"https:\/\/gaudiumetspes-blog.pl\/index.php\/2019\/10\/31\/jezeli-bog-z-nami-2\/\",\"url\":\"https:\/\/gaudiumetspes-blog.pl\/index.php\/2019\/10\/31\/jezeli-bog-z-nami-2\/\",\"name\":\"Je\u017celi B\u00f3g z nami... - Gaudium Et Spes\",\"isPartOf\":{\"@id\":\"https:\/\/gaudiumetspes-blog.pl\/#website\"},\"datePublished\":\"2019-10-31T04:54:39+00:00\",\"author\":{\"@id\":\"https:\/\/gaudiumetspes-blog.pl\/#\/schema\/person\/1661982992b752dea8dff0d4ed845a65\"},\"breadcrumb\":{\"@id\":\"https:\/\/gaudiumetspes-blog.pl\/index.php\/2019\/10\/31\/jezeli-bog-z-nami-2\/#breadcrumb\"},\"inLanguage\":\"pl-PL\",\"potentialAction\":[{\"@type\":\"ReadAction\",\"target\":[\"https:\/\/gaudiumetspes-blog.pl\/index.php\/2019\/10\/31\/jezeli-bog-z-nami-2\/\"]}]},{\"@type\":\"BreadcrumbList\",\"@id\":\"https:\/\/gaudiumetspes-blog.pl\/index.php\/2019\/10\/31\/jezeli-bog-z-nami-2\/#breadcrumb\",\"itemListElement\":[{\"@type\":\"ListItem\",\"position\":1,\"name\":\"Strona g\u0142\u00f3wna\",\"item\":\"https:\/\/gaudiumetspes-blog.pl\/\"},{\"@type\":\"ListItem\",\"position\":2,\"name\":\"Je\u017celi B\u00f3g z&nbsp;nami&#8230;\"}]},{\"@type\":\"WebSite\",\"@id\":\"https:\/\/gaudiumetspes-blog.pl\/#website\",\"url\":\"https:\/\/gaudiumetspes-blog.pl\/\",\"name\":\"Gaudium Et Spes\",\"description\":\"Blog Ks. Jacka Ja\u015bkowskiego\",\"potentialAction\":[{\"@type\":\"SearchAction\",\"target\":{\"@type\":\"EntryPoint\",\"urlTemplate\":\"https:\/\/gaudiumetspes-blog.pl\/?s={search_term_string}\"},\"query-input\":{\"@type\":\"PropertyValueSpecification\",\"valueRequired\":true,\"valueName\":\"search_term_string\"}}],\"inLanguage\":\"pl-PL\"},{\"@type\":\"Person\",\"@id\":\"https:\/\/gaudiumetspes-blog.pl\/#\/schema\/person\/1661982992b752dea8dff0d4ed845a65\",\"name\":\"Ks. Jacek\",\"image\":{\"@type\":\"ImageObject\",\"inLanguage\":\"pl-PL\",\"@id\":\"https:\/\/gaudiumetspes-blog.pl\/#\/schema\/person\/image\/\",\"url\":\"https:\/\/gaudiumetspes-blog.pl\/wp-content\/uploads\/2019\/07\/avatar-JJ-150x150.jpg\",\"contentUrl\":\"https:\/\/gaudiumetspes-blog.pl\/wp-content\/uploads\/2019\/07\/avatar-JJ-150x150.jpg\",\"caption\":\"Ks. Jacek\"},\"description\":\"Witam serdecznie! K\u0142ania si\u0119 Ks. Jacek Ja\u015bkowski. Nie jestem ani kim\u015b wa\u017cnym, ani kim\u015b znanym. Jestem ksi\u0119dzem, kt\u00f3ry po prostu chce rozmawia\u0107. Codzienna kap\u0142a\u0144ska pos\u0142uga pokazuje mi, \u017ce temat\u00f3w do rozm\u00f3w z ksi\u0119dzem jest coraz wi\u0119cej i dzisiaj \u017caden ksi\u0105dz nie mo\u017ce od nich ucieka\u0107, ale - wprost przeciwnie - podejmowa\u0107 nowe wyzwania. To przekonanie sk\u0142oni\u0142o mnie do pr\u00f3by otwarcia tego\u017c bloga, chocia\u017c okazji do rozm\u00f3w na co dzie\u0144 - w konfesjonale i poza nim - na szcz\u0119\u015bcie nie brakuje. My\u015bl\u0119 jednak, \u017ce ten blog b\u0119dzie jeszcze jednym sposobem i przestrzeni\u0105 nawi\u0105zania kontaktu z lud\u017ami dobrej woli, otwartymi na dialog.\",\"url\":\"https:\/\/gaudiumetspes-blog.pl\/index.php\/author\/ks-jacek\/\"}]}<\/script>\n<!-- \/ Yoast SEO plugin. -->","yoast_head_json":{"title":"Je\u017celi B\u00f3g z nami... - Gaudium Et Spes","robots":{"index":"index","follow":"follow","max-snippet":"max-snippet:-1","max-image-preview":"max-image-preview:large","max-video-preview":"max-video-preview:-1"},"canonical":"https:\/\/gaudiumetspes-blog.pl\/index.php\/2019\/10\/31\/jezeli-bog-z-nami-2\/","og_locale":"pl_PL","og_type":"article","og_title":"Je\u017celi B\u00f3g z nami... - Gaudium Et Spes","og_description":"Szcz\u0119\u015b\u0107 Bo\u017ce! Moi Drodzy, w dniu wczorajszym imieniny prze\u017cywa\u0142 Ksi\u0105dz Przemys\u0142aw Radomyski, m\u00f3j Poprzednik w Duszpasterstwie Akademickim w Siedlcach, a obecnie Prefekt Alumn\u00f3w Seminarium siedleckiego. Dzisiaj natomiast urodziny prze\u017cywa Doktor Pawe\u0142 Buco\u0144 \u2013 m\u00f3j Przyjaciel od dzieci\u0144stwa, a obecnie S\u0119dzia, Pracownik naukowy KUL oraz \u015bwiecki Szafarz Komunii \u015awi\u0119tej. Obu \u015bwi\u0119tuj\u0105cym \u017cycz\u0119, by zawsze w swoim [&hellip;]","og_url":"https:\/\/gaudiumetspes-blog.pl\/index.php\/2019\/10\/31\/jezeli-bog-z-nami-2\/","og_site_name":"Gaudium Et Spes","article_published_time":"2019-10-31T04:54:39+00:00","author":"Ks. Jacek","twitter_card":"summary_large_image","twitter_misc":{"Napisane przez":"Ks. Jacek","Szacowany czas czytania":"6 minut"},"schema":{"@context":"https:\/\/schema.org","@graph":[{"@type":"WebPage","@id":"https:\/\/gaudiumetspes-blog.pl\/index.php\/2019\/10\/31\/jezeli-bog-z-nami-2\/","url":"https:\/\/gaudiumetspes-blog.pl\/index.php\/2019\/10\/31\/jezeli-bog-z-nami-2\/","name":"Je\u017celi B\u00f3g z nami... - Gaudium Et Spes","isPartOf":{"@id":"https:\/\/gaudiumetspes-blog.pl\/#website"},"datePublished":"2019-10-31T04:54:39+00:00","author":{"@id":"https:\/\/gaudiumetspes-blog.pl\/#\/schema\/person\/1661982992b752dea8dff0d4ed845a65"},"breadcrumb":{"@id":"https:\/\/gaudiumetspes-blog.pl\/index.php\/2019\/10\/31\/jezeli-bog-z-nami-2\/#breadcrumb"},"inLanguage":"pl-PL","potentialAction":[{"@type":"ReadAction","target":["https:\/\/gaudiumetspes-blog.pl\/index.php\/2019\/10\/31\/jezeli-bog-z-nami-2\/"]}]},{"@type":"BreadcrumbList","@id":"https:\/\/gaudiumetspes-blog.pl\/index.php\/2019\/10\/31\/jezeli-bog-z-nami-2\/#breadcrumb","itemListElement":[{"@type":"ListItem","position":1,"name":"Strona g\u0142\u00f3wna","item":"https:\/\/gaudiumetspes-blog.pl\/"},{"@type":"ListItem","position":2,"name":"Je\u017celi B\u00f3g z&nbsp;nami&#8230;"}]},{"@type":"WebSite","@id":"https:\/\/gaudiumetspes-blog.pl\/#website","url":"https:\/\/gaudiumetspes-blog.pl\/","name":"Gaudium Et Spes","description":"Blog Ks. Jacka Ja\u015bkowskiego","potentialAction":[{"@type":"SearchAction","target":{"@type":"EntryPoint","urlTemplate":"https:\/\/gaudiumetspes-blog.pl\/?s={search_term_string}"},"query-input":{"@type":"PropertyValueSpecification","valueRequired":true,"valueName":"search_term_string"}}],"inLanguage":"pl-PL"},{"@type":"Person","@id":"https:\/\/gaudiumetspes-blog.pl\/#\/schema\/person\/1661982992b752dea8dff0d4ed845a65","name":"Ks. Jacek","image":{"@type":"ImageObject","inLanguage":"pl-PL","@id":"https:\/\/gaudiumetspes-blog.pl\/#\/schema\/person\/image\/","url":"https:\/\/gaudiumetspes-blog.pl\/wp-content\/uploads\/2019\/07\/avatar-JJ-150x150.jpg","contentUrl":"https:\/\/gaudiumetspes-blog.pl\/wp-content\/uploads\/2019\/07\/avatar-JJ-150x150.jpg","caption":"Ks. Jacek"},"description":"Witam serdecznie! K\u0142ania si\u0119 Ks. Jacek Ja\u015bkowski. Nie jestem ani kim\u015b wa\u017cnym, ani kim\u015b znanym. Jestem ksi\u0119dzem, kt\u00f3ry po prostu chce rozmawia\u0107. Codzienna kap\u0142a\u0144ska pos\u0142uga pokazuje mi, \u017ce temat\u00f3w do rozm\u00f3w z ksi\u0119dzem jest coraz wi\u0119cej i dzisiaj \u017caden ksi\u0105dz nie mo\u017ce od nich ucieka\u0107, ale - wprost przeciwnie - podejmowa\u0107 nowe wyzwania. To przekonanie sk\u0142oni\u0142o mnie do pr\u00f3by otwarcia tego\u017c bloga, chocia\u017c okazji do rozm\u00f3w na co dzie\u0144 - w konfesjonale i poza nim - na szcz\u0119\u015bcie nie brakuje. My\u015bl\u0119 jednak, \u017ce ten blog b\u0119dzie jeszcze jednym sposobem i przestrzeni\u0105 nawi\u0105zania kontaktu z lud\u017ami dobrej woli, otwartymi na dialog.","url":"https:\/\/gaudiumetspes-blog.pl\/index.php\/author\/ks-jacek\/"}]}},"jetpack_featured_media_url":"","jetpack_sharing_enabled":true,"_links":{"self":[{"href":"https:\/\/gaudiumetspes-blog.pl\/index.php\/wp-json\/wp\/v2\/posts\/16049","targetHints":{"allow":["GET"]}}],"collection":[{"href":"https:\/\/gaudiumetspes-blog.pl\/index.php\/wp-json\/wp\/v2\/posts"}],"about":[{"href":"https:\/\/gaudiumetspes-blog.pl\/index.php\/wp-json\/wp\/v2\/types\/post"}],"author":[{"embeddable":true,"href":"https:\/\/gaudiumetspes-blog.pl\/index.php\/wp-json\/wp\/v2\/users\/1"}],"replies":[{"embeddable":true,"href":"https:\/\/gaudiumetspes-blog.pl\/index.php\/wp-json\/wp\/v2\/comments?post=16049"}],"version-history":[{"count":1,"href":"https:\/\/gaudiumetspes-blog.pl\/index.php\/wp-json\/wp\/v2\/posts\/16049\/revisions"}],"predecessor-version":[{"id":16050,"href":"https:\/\/gaudiumetspes-blog.pl\/index.php\/wp-json\/wp\/v2\/posts\/16049\/revisions\/16050"}],"wp:attachment":[{"href":"https:\/\/gaudiumetspes-blog.pl\/index.php\/wp-json\/wp\/v2\/media?parent=16049"}],"wp:term":[{"taxonomy":"category","embeddable":true,"href":"https:\/\/gaudiumetspes-blog.pl\/index.php\/wp-json\/wp\/v2\/categories?post=16049"},{"taxonomy":"post_tag","embeddable":true,"href":"https:\/\/gaudiumetspes-blog.pl\/index.php\/wp-json\/wp\/v2\/tags?post=16049"}],"curies":[{"name":"wp","href":"https:\/\/api.w.org\/{rel}","templated":true}]}}