{"id":16054,"date":"2019-11-02T06:18:44","date_gmt":"2019-11-02T05:18:44","guid":{"rendered":"https:\/\/gaudiumetspes-blog.pl\/?p=16054"},"modified":"2019-11-02T06:18:44","modified_gmt":"2019-11-02T05:18:44","slug":"i-co-po-smierci","status":"publish","type":"post","link":"https:\/\/gaudiumetspes-blog.pl\/index.php\/2019\/11\/02\/i-co-po-smierci\/","title":{"rendered":"I co po \u015bmierci?&#8230;"},"content":{"rendered":"<p align=\"justify\"><span style=\"color: #000000;\"><span style=\"font-family: Book Antiqua, serif;\"><span style=\"font-size: large;\">Szcz\u0119\u015b\u0107 Bo\u017ce! Moi Drodzy, dzisiaj prze\u017cywamy \u2013 we w\u0142a\u015bciwym tego s\u0142owa rozumieniu \u2013 \u015awi\u0119to Zmar\u0142ych. Oni dzisiaj maj\u0105 swoje \u015bwi\u0119to, bo chyba \u017cadnego dnia tak bardzo mocno, jak dzisiaj i wczoraj, nie s\u0105 duchowo wspierani. Nie \u017ca\u0142ujmy Im zatem naszej modlitwy, Komunii \u015awi\u0119tej w Ich intencji przyj\u0119tej, oraz odpustu, jaki mo\u017cemy zyska\u0107, nawiedzaj\u0105c cmentarz, a dzisiaj \u2013 cmentarz, lub ko\u015bci\u00f3\u0142 czy kaplic\u0119. <\/span><\/span><\/span><\/p>\n<p align=\"justify\"><span style=\"color: #000000;\"><span style=\"font-family: Book Antiqua, serif;\"><span style=\"font-size: large;\">Pom\u00f3dlmy si\u0119 dzi\u015b tak\u017ce za <b>Pani\u0105 Doktor Wand\u0119 P\u00f3\u0142tawsk\u0105, wielk\u0105 Obro\u0144czyni\u0119 \u017cycia, kt\u00f3ra prze\u017cywa dziewi\u0119\u0107dziesi\u0105te \u00f3sme urodziny! Oby Jej Pan b\u0142ogos\u0142awi\u0142 i da\u0142 jeszcze du\u017co si\u0142!<\/b><\/span><\/span><\/span><\/p>\n<p align=\"justify\"><span style=\"color: #000000;\"><span style=\"font-family: Book Antiqua, serif;\"><span style=\"font-size: large;\">Na g\u0142\u0119bokie i pobo\u017cne prze\u017cywanie dzisiejszego dnia \u2013 <b>niech Was b\u0142ogos\u0142awi B\u00f3g Wszechmog\u0105cy: Ojciec + i Syn, i Duch \u015awi\u0119ty. Amen<\/b><\/span><\/span><\/span><\/p>\n<p align=\"center\"><span style=\"color: #000000;\"><span style=\"font-family: Book Antiqua, serif;\"><span style=\"font-size: large;\">Gaudium et spes! Ks. Jacek<\/span><\/span><\/span><\/p>\n<p align=\"center\">\n<p align=\"center\">\n<p align=\"center\">\n<p align=\"center\">\n<p align=\"center\">\n<p align=\"justify\"><span style=\"color: #000000;\"><span style=\"font-family: Book Antiqua, serif;\"><span style=\"font-size: large;\"><b>Wspomnienie Wszystkich Wiernych Zmar\u0142ych,<\/b><\/span><\/span><\/span><\/p>\n<p align=\"justify\"><span style=\"color: #000000;\"><span style=\"font-family: Book Antiqua, serif;\"><span style=\"font-size: large;\"><b>do czyta\u0144 z t. VI Lekcjonarza:<\/b><\/span><\/span><\/span><\/p>\n<p align=\"justify\">\n<p align=\"justify\">\n<p align=\"justify\">\n<p align=\"justify\">\n<p align=\"justify\">\n<p align=\"center\"><span style=\"color: #000000;\"><span style=\"font-family: Book Antiqua, serif;\"><span style=\"font-size: large;\"><b>PIERWSZA MSZA<\/b><\/span><\/span><\/span><\/p>\n<p align=\"justify\"><span style=\"color: #000000;\"><span style=\"font-family: Book Antiqua, serif;\"><span style=\"font-size: large;\"><b>Hi 19,1.23\u201327a; 1 Kor 15,20\u201324a.25\u201328; \u0141k 23,44\u201346.50.52\u201353;24,1\u20136a<\/b><\/span><\/span><\/span><\/p>\n<p align=\"justify\">\n<p align=\"justify\">\n<p align=\"justify\">\n<p align=\"justify\">\n<p align=\"justify\">\n<p align=\"justify\"><span style=\"color: #000000;\"><span style=\"font-family: Book Antiqua, serif;\"><span style=\"font-size: large;\"><b>CZYTANIE Z KSI\u0118GI HIOBA:<\/b><\/span><\/span><\/span><\/p>\n<p align=\"justify\"><span style=\"color: #000000;\"><span style=\"font-family: Book Antiqua, serif;\"><span style=\"font-size: large;\"><b>Hiob powiedzia\u0142: \u201eKt\u00f3\u017c zdo\u0142a utrwali\u0107 me s\u0142owa, potrafi je w ksi\u0119dze umie\u015bci\u0107? \u017belaznym rylcem, diamentem, na skale je wyry\u0107 na wieki?<\/b><\/span><\/span><\/span><\/p>\n<p align=\"justify\"><span style=\"color: #000000;\"><span style=\"font-family: Book Antiqua, serif;\"><span style=\"font-size: large;\"><b>Lecz ja wiem: Wybawca m\u00f3j \u017cyje, na ziemi wyst\u0105pi jako ostatni. Potem me szcz\u0105tki sk\u00f3r\u0105 odzieje, i oczyma cia\u0142a b\u0119d\u0119 widzia\u0142 Boga. To w\u0142a\u015bnie ja Go zobacz\u0119\u201d.<\/b><\/span><\/span><\/span><\/p>\n<p align=\"justify\">\n<p align=\"justify\">\n<p align=\"justify\">\n<p align=\"justify\">\n<p align=\"justify\">\n<p align=\"justify\"><span style=\"color: #000000;\"><span style=\"font-family: Book Antiqua, serif;\"><span style=\"font-size: large;\"><b>CZYTANIE Z PIERWSZEGO LISTU \u015aWI\u0118TEGO PAW\u0141A APOSTO\u0141A DO KORYNTIAN:<\/b><\/span><\/span><\/span><\/p>\n<p align=\"justify\"><span style=\"color: #000000;\"><span style=\"font-family: Book Antiqua, serif;\"><span style=\"font-size: large;\"><b>Bracia: Chrystus zmartwychwsta\u0142 jako pierwszy spo\u015br\u00f3d tych, co pomarli. Poniewa\u017c bowiem przez cz\u0142owieka przysz\u0142a \u015bmier\u0107, przez cz\u0142owieka te\u017c dokona si\u0119 zmartwychwstanie.<\/b><\/span><\/span><\/span><\/p>\n<p align=\"justify\"><span style=\"color: #000000;\"><span style=\"font-family: Book Antiqua, serif;\"><span style=\"font-size: large;\"><b>Jak w Adamie wszyscy umieraj\u0105, tak te\u017c w Chrystusie wszyscy b\u0119d\u0105 o\u017cywieni, lecz ka\u017cdy wed\u0142ug w\u0142asnej kolejno\u015bci: Chrystus jako pierwszy, potem ci, co nale\u017c\u0105 do Chrystusa, w czasie Jego przyj\u015bcia. Wreszcie nast\u0105pi koniec, gdy przeka\u017ce kr\u00f3lowanie Bogu i Ojcu.<\/b><\/span><\/span><\/span><\/p>\n<p align=\"justify\"><span style=\"color: #000000;\"><span style=\"font-family: Book Antiqua, serif;\"><span style=\"font-size: large;\"><b>Trzeba bowiem, a\u017ceby kr\u00f3lowa\u0142, a\u017c po\u0142o\u017cy wszystkich nieprzyjaci\u00f3\u0142 pod swoje stopy. Jako ostatni wr\u00f3g, zostanie pokonana \u015bmier\u0107. Wszystko bowiem rzuci\u0142 pod Jego stopy.<\/b><\/span><\/span><\/span><\/p>\n<p align=\"justify\"><span style=\"color: #000000;\"><span style=\"font-family: Book Antiqua, serif;\"><span style=\"font-size: large;\"><b>Kiedy si\u0119 m\u00f3wi, \u017ce wszystko jest poddane, znaczy to, \u017ce z wyj\u0105tkiem Tego, kt\u00f3ry Mu wszystko podda\u0142. A gdy ju\u017c wszystko zostanie Mu poddane, wtedy i sam Syn zostanie poddany Temu, kt\u00f3ry Synowi podda\u0142 wszystko, aby B\u00f3g by\u0142 wszystkim we wszystkich.<\/b><\/span><\/span><\/span><\/p>\n<p align=\"justify\">\n<p align=\"justify\">\n<p align=\"justify\">\n<p align=\"justify\">\n<p align=\"justify\">\n<p align=\"justify\"><span style=\"color: #000000;\"><span style=\"font-family: Book Antiqua, serif;\"><span style=\"font-size: large;\"><b>S\u0141OWA EWANGELII WED\u0141UG \u015aWI\u0118TEGO \u0141UKASZA:<\/b><\/span><\/span><\/span><\/p>\n<p align=\"justify\"><span style=\"color: #000000;\"><span style=\"font-family: Book Antiqua, serif;\"><span style=\"font-size: large;\"><b>By\u0142o ju\u017c oko\u0142o godziny sz\u00f3stej i mrok ogarn\u0105\u0142 ca\u0142\u0105 ziemi\u0119 a\u017c do godziny dziewi\u0105tej. S\u0142o\u0144ce si\u0119 za\u0107mi\u0142o i zas\u0142ona przybytku rozdar\u0142a si\u0119 przez \u015brodek.<\/b><\/span><\/span><\/span><\/p>\n<p align=\"justify\"><span style=\"color: #000000;\"><span style=\"font-family: Book Antiqua, serif;\"><span style=\"font-size: large;\"><b>Wtedy Jezus zawo\u0142a\u0142 dono\u015bnym g\u0142osem: \u201eOjcze, w Twoje r\u0119ce powierzam ducha mojego\u201d. Po tych s\u0142owach wyzion\u0105\u0142 ducha.<\/b><\/span><\/span><\/span><\/p>\n<p align=\"justify\"><span style=\"color: #000000;\"><span style=\"font-family: Book Antiqua, serif;\"><span style=\"font-size: large;\"><b>By\u0142 tam cz\u0142owiek dobry i sprawiedliwy, imieniem J\u00f3zef, cz\u0142onek Wysokiej Rady. On to uda\u0142 si\u0119 do Pi\u0142ata i poprosi\u0142 o Cia\u0142o Jezusa. Zdj\u0105\u0142 Je z krzy\u017ca, owin\u0105\u0142 w p\u0142\u00f3tno i z\u0142o\u017cy\u0142 w grobie, wykutym w skale, w kt\u00f3rym nikt jeszcze nie by\u0142 pochowany.<\/b><\/span><\/span><\/span><\/p>\n<p align=\"justify\"><span style=\"color: #000000;\"><span style=\"font-family: Book Antiqua, serif;\"><span style=\"font-size: large;\"><b>W pierwszy dzie\u0144 tygodnia niewiasty posz\u0142y skoro \u015bwit do grobu, nios\u0105c przygotowane wonno\u015bci. Kamie\u0144 od grobu zasta\u0142y odsuni\u0119ty. A skoro wesz\u0142y, nie znalaz\u0142y cia\u0142a Pana Jezusa. Gdy wobec tego by\u0142y bezradne, nagle stan\u0119\u0142o przed nimi dw\u00f3ch m\u0119\u017c\u00f3w w l\u015bni\u0105cych szatach.<\/b><\/span><\/span><\/span><\/p>\n<p align=\"justify\"><span style=\"color: #000000;\"><span style=\"font-family: Book Antiqua, serif;\"><span style=\"font-size: large;\"><b>Przestraszone, pochyli\u0142y twarze ku ziemi, lecz tamci rzekli do nich: \u201eDlaczego szukacie \u017cyj\u0105cego w\u015br\u00f3d umar\u0142ych? Nie ma Go tutaj; zmartwychwsta\u0142\u201d.<\/b><\/span><\/span><\/span><\/p>\n<p align=\"justify\">\n<p align=\"justify\">\n<p align=\"justify\">\n<p align=\"justify\">\n<p align=\"justify\">\n<p align=\"center\"><span style=\"color: #000000;\"><span style=\"font-family: Book Antiqua, serif;\"><span style=\"font-size: large;\"><b>DRUGA MSZA<\/b><\/span><\/span><\/span><\/p>\n<p align=\"center\"><span style=\"color: #000000;\"><span style=\"font-family: Book Antiqua, serif;\"><span style=\"font-size: large;\"><b>Dn 12,1\u20133; Rz 6,3\u20139; J 11,32\u201345<\/b><\/span><\/span><\/span><\/p>\n<p align=\"center\">\n<p align=\"center\">\n<p align=\"center\">\n<p align=\"center\">\n<p align=\"center\">\n<p align=\"justify\"><span style=\"color: #000000;\"><span style=\"font-family: Book Antiqua, serif;\"><span style=\"font-size: large;\"><b>CZYTANIE Z KSI\u0118GI PROROKA DANIELA:<\/b><\/span><\/span><\/span><\/p>\n<p align=\"justify\"><span style=\"color: #000000;\"><span style=\"font-family: Book Antiqua, serif;\"><span style=\"font-size: large;\"><b>Ja, Daniel, p\u0142aka\u0142em i us\u0142ysza\u0142em to s\u0142owo Pa\u0144skie: \u201eW owych czasach wyst\u0105pi Micha\u0142, wielki ksi\u0105\u017c\u0119, kt\u00f3ry jest opiekunem dzieci twojego narodu. Wtedy nast\u0105pi okres ucisku, jakiego nie by\u0142o, odk\u0105d narody powsta\u0142y, a\u017c do chwili obecnej. W tym czasie nar\u00f3d tw\u00f3j dost\u0105pi zbawienia, ka\u017cdy, kto si\u0119 oka\u017ce zapisany w ksi\u0119dze. Wielu za\u015b, co posn\u0119li w prochu ziemi, zbudzi si\u0119: jedni do wiecznego \u017cycia, drudzy ku ha\u0144bie, ku wiecznej odrazie. M\u0105drzy b\u0119d\u0105 \u015bwieci\u0107 jak blask sklepienia, a ci, kt\u00f3rzy nauczyli wielu sprawiedliwo\u015bci, jak gwiazdy przez wieki i na zawsze\u201d.<\/b><\/span><\/span><\/span><\/p>\n<p align=\"justify\">\n<p align=\"justify\">\n<p align=\"justify\">\n<p align=\"justify\">\n<p align=\"justify\">\n<p align=\"justify\"><span style=\"color: #000000;\"><span style=\"font-family: Book Antiqua, serif;\"><span style=\"font-size: large;\"><b>CZYTANIE Z LISTU \u015aWI\u0118TEGO PAW\u0141A APOSTO\u0141A DO RZYMIAN:<\/b><\/span><\/span><\/span><\/p>\n<p align=\"justify\"><span style=\"color: #000000;\"><span style=\"font-family: Book Antiqua, serif;\"><span style=\"font-size: large;\"><b>Bracia: Czy\u017c nie wiadomo wam, \u017ce my wszyscy, kt\u00f3rzy\u015bmy otrzymali chrzest zanurzaj\u0105cy w Chrystusa Jezusa, zostali\u015bmy zanurzeni w Jego \u015bmier\u0107? Przyjmuj\u0105c wi\u0119c chrzest zanurzaj\u0105cy nas w \u015bmier\u0107, zostali\u015bmy razem z Nim pogrzebani po to, aby\u015bmy i my wkroczyli w nowe \u017cycie, jak Chrystus powsta\u0142 z martwych dzi\u0119ki chwale Ojca.<\/b><\/span><\/span><\/span><\/p>\n<p align=\"justify\"><span style=\"color: #000000;\"><span style=\"font-family: Book Antiqua, serif;\"><span style=\"font-size: large;\"><b>Je\u017celi bowiem przez \u015bmier\u0107, podobn\u0105 do Jego \u015bmierci, zostali\u015bmy z Nim z\u0142\u0105czeni w jedno, to tak samo b\u0119dziemy z Nim z\u0142\u0105czeni w jedno przez podobne zmartwychwstanie. To wiedzcie, \u017ce dla zniszczenia grzesznego cia\u0142a dawny nasz cz\u0142owiek zosta\u0142 razem z Nim ukrzy\u017cowany po to, by\u015bmy ju\u017c wi\u0119cej nie byli w niewoli grzechu. Kto bowiem umar\u0142, sta\u0142 si\u0119 wolny od grzechu.<\/b><\/span><\/span><\/span><\/p>\n<p align=\"justify\"><span style=\"color: #000000;\"><span style=\"font-family: Book Antiqua, serif;\"><span style=\"font-size: large;\"><b>Ot\u00f3\u017c, je\u017celi umarli\u015bmy razem z Chrystusem, wierzymy, \u017ce z Nim r\u00f3wnie\u017c \u017cy\u0107 b\u0119dziemy, wiedz\u0105c, \u017ce Chrystus powstawszy z martwych ju\u017c wi\u0119cej nie umiera, \u015bmier\u0107 nad Nim nie ma ju\u017c w\u0142adzy.<\/b><\/span><\/span><\/span><\/p>\n<p align=\"justify\">\n<p align=\"justify\">\n<p align=\"justify\">\n<p align=\"justify\">\n<p align=\"justify\">\n<p align=\"justify\"><span style=\"color: #000000;\"><span style=\"font-family: Book Antiqua, serif;\"><span style=\"font-size: large;\"><b>S\u0141OWA EWANGELII WED\u0141UG \u015aWI\u0118TEGO JANA:<\/b><\/span><\/span><\/span><\/p>\n<p align=\"justify\"><span style=\"color: #000000;\"><span style=\"font-family: Book Antiqua, serif;\"><span style=\"font-size: large;\"><b>Gdy Maria, siostra \u0141azarza, przysz\u0142a do miejsca, gdzie by\u0142 Jezus, ujrzawszy Go upad\u0142a mu do n\u00f3g i rzek\u0142a do Niego: \u201ePanie, gdyby\u015b tu by\u0142, m\u00f3j brat by nie umar\u0142\u201d.<\/b><\/span><\/span><\/span><\/p>\n<p align=\"justify\"><span style=\"color: #000000;\"><span style=\"font-family: Book Antiqua, serif;\"><span style=\"font-size: large;\"><b>Gdy wi\u0119c Jezus ujrza\u0142, jak p\u0142aka\u0142a ona i \u017bydzi, kt\u00f3rzy razem z ni\u0105 przyszli, wzruszy\u0142 si\u0119 w duchu, rozrzewni\u0142 i zapyta\u0142: &#8222;Gdzie go po\u0142o\u017cyli\u015bcie?\u201d<\/b><\/span><\/span><\/span><\/p>\n<p align=\"justify\"><span style=\"color: #000000;\"><span style=\"font-family: Book Antiqua, serif;\"><span style=\"font-size: large;\"><b>Odpowiedzieli mu: \u201ePanie, chod\u017a i zobacz\u201d.<\/b><\/span><\/span><\/span><\/p>\n<p align=\"justify\"><span style=\"color: #000000;\"><span style=\"font-family: Book Antiqua, serif;\"><span style=\"font-size: large;\"><b>Jezus zap\u0142aka\u0142.<\/b><\/span><\/span><\/span><\/p>\n<p align=\"justify\"><span style=\"color: #000000;\"><span style=\"font-family: Book Antiqua, serif;\"><span style=\"font-size: large;\"><b>A \u017bydzi rzekli: \u201eOto jak go kocha\u0142!\u201d<\/b><\/span><\/span><\/span><\/p>\n<p align=\"justify\"><span style=\"color: #000000;\"><span style=\"font-family: Book Antiqua, serif;\"><span style=\"font-size: large;\"><b>Niekt\u00f3rzy z nich powiedzieli: \u201eCzy Ten, kt\u00f3ry otworzy\u0142 oczy niewidomemu, nie m\u00f3g\u0142 sprawi\u0107, by on nie umar\u0142?\u201d<\/b><\/span><\/span><\/span><\/p>\n<p align=\"justify\"><span style=\"color: #000000;\"><span style=\"font-family: Book Antiqua, serif;\"><span style=\"font-size: large;\"><b>A Jezus ponownie okazuj\u0105c g\u0142\u0119bokie wzruszenie przyszed\u0142 do grobu. By\u0142a to pieczara, a na niej spoczywa\u0142 kamie\u0144.<\/b><\/span><\/span><\/span><\/p>\n<p align=\"justify\"><span style=\"color: #000000;\"><span style=\"font-family: Book Antiqua, serif;\"><span style=\"font-size: large;\"><b>Jezus rzek\u0142: \u201eUsu\u0144cie kamie\u0144\u201d. Siostra zmar\u0142ego, Marta, rzek\u0142a do Niego: \u201ePanie, ju\u017c cuchnie. Le\u017cy bowiem od czterech dni w grobie\u201d.<\/b><\/span><\/span><\/span><\/p>\n<p align=\"justify\"><span style=\"color: #000000;\"><span style=\"font-family: Book Antiqua, serif;\"><span style=\"font-size: large;\"><b>Jezus rzek\u0142 do niej: \u201eCzy\u017c nie powiedzia\u0142em ci, \u017ce je\u015bli uwierzysz, ujrzysz chwa\u0142\u0119 Bo\u017c\u0105?\u201d<\/b><\/span><\/span><\/span><\/p>\n<p align=\"justify\"><span style=\"color: #000000;\"><span style=\"font-family: Book Antiqua, serif;\"><span style=\"font-size: large;\"><b>Usuni\u0119to wi\u0119c kamie\u0144. Jezus wzni\u00f3s\u0142 oczy do g\u00f3ry i rzek\u0142: \u201eOjcze, dzi\u0119kuj\u0119 Ci, \u017ce\u015b Mnie wys\u0142ucha\u0142. Ja wiedzia\u0142em, \u017ce Mnie zawsze wys\u0142uchujesz. Ale ze wzgl\u0119du na otaczaj\u0105cy Mnie lud to powiedzia\u0142em, aby uwierzyli, \u017ce\u015b Ty Mnie pos\u0142a\u0142\u201d.<\/b><\/span><\/span><\/span><\/p>\n<p align=\"justify\"><span style=\"color: #000000;\"><span style=\"font-family: Book Antiqua, serif;\"><span style=\"font-size: large;\"><b>To powiedziawszy, zawo\u0142a\u0142 dono\u015bnym g\u0142osem: \u201e\u0141azarzu, wyjd\u017a na zewn\u0105trz!\u201d I wyszed\u0142 umar\u0142y, maj\u0105c nogi i r\u0119ce powi\u0105zane opaskami, a twarz jego by\u0142a zawini\u0119ta chust\u0105.<\/b><\/span><\/span><\/span><\/p>\n<p align=\"justify\"><span style=\"color: #000000;\"><span style=\"font-family: Book Antiqua, serif;\"><span style=\"font-size: large;\"><b>Rzek\u0142 do nich Jezus: \u201eRozwi\u0105\u017ccie go i pozw\u00f3lcie mu chodzi\u0107\u201d. Wielu wi\u0119c spo\u015br\u00f3d \u017byd\u00f3w przyby\u0142ych do Marii ujrzawszy to, czego Jezus dokona\u0142, uwierzy\u0142o w Niego.<\/b><\/span><\/span><\/span><\/p>\n<p align=\"justify\">\n<p align=\"justify\">\n<p align=\"justify\">\n<p align=\"justify\">\n<p align=\"justify\">\n<p align=\"center\"><span style=\"color: #000000;\"><span style=\"font-family: Book Antiqua, serif;\"><span style=\"font-size: large;\"><b>TRZECIA MSZA<\/b><\/span><\/span><\/span><\/p>\n<p align=\"center\"><span style=\"color: #000000;\"><span style=\"font-family: Book Antiqua, serif;\"><span style=\"font-size: large;\"><b>Mdr 3,1\u20136.9; 2 Kor 4,14\u20135,1; J 14,1\u20136<\/b><\/span><\/span><\/span><\/p>\n<p align=\"center\">\n<p align=\"center\">\n<p align=\"center\">\n<p align=\"center\">\n<p align=\"center\">\n<p align=\"justify\"><span style=\"color: #000000;\"><span style=\"font-family: Book Antiqua, serif;\"><span style=\"font-size: large;\"><b>CZYTANIE Z KSI\u0118GI M\u0104DRO\u015aCI:<\/b><\/span><\/span><\/span><\/p>\n<p align=\"justify\"><span style=\"color: #000000;\"><span style=\"font-family: Book Antiqua, serif;\"><span style=\"font-size: large;\"><b>Dusze sprawiedliwych s\u0105 w r\u0119ku Boga i nie dosi\u0119gnie ich m\u0119ka. <\/b><\/span><\/span><\/span><\/p>\n<p align=\"justify\"><span style=\"color: #000000;\"><span style=\"font-family: Book Antiqua, serif;\"><span style=\"font-size: large;\"><b>Zda\u0142o si\u0119 oczom g\u0142upich, \u017ce pomarli, zej\u015bcie ich poczytano za nieszcz\u0119\u015bcie i odej\u015bcie od nas za unicestwienie, a oni trwaj\u0105 w pokoju.<\/b><\/span><\/span><\/span><\/p>\n<p align=\"justify\"><span style=\"color: #000000;\"><span style=\"font-family: Book Antiqua, serif;\"><span style=\"font-size: large;\"><b>Cho\u0107 nawet w ludzkim rozumieniu doznali ka\u017ani, nadzieja ich pe\u0142na jest nie\u015bmiertelno\u015bci. Po nieznacznym skarceniu dost\u0105pi\u0105 d\u00f3br wielkich, B\u00f3g ich bowiem do\u015bwiadczy\u0142 i znalaz\u0142 ich godnymi siebie.<\/b><\/span><\/span><\/span><\/p>\n<p align=\"justify\"><span style=\"color: #000000;\"><span style=\"font-family: Book Antiqua, serif;\"><span style=\"font-size: large;\"><b>Do\u015bwiadczy\u0142 ich jak z\u0142oto w tyglu i przyj\u0105\u0142 ich jak ca\u0142opaln\u0105 ofiar\u0119. Ci, kt\u00f3rzy Mu zaufali, zrozumiej\u0105 prawd\u0119, wierni w mi\u0142o\u015bci b\u0119d\u0105 przy Nim trwali: \u0142aska bowiem i mi\u0142osierdzie dla Jego wybranych.<\/b><\/span><\/span><\/span><\/p>\n<p align=\"justify\">\n<p align=\"justify\">\n<p align=\"justify\">\n<p align=\"justify\">\n<p align=\"justify\">\n<p align=\"justify\"><span style=\"color: #000000;\"><span style=\"font-family: Book Antiqua, serif;\"><span style=\"font-size: large;\"><b>CZYTANIE Z DRUGIEGO LISTU \u015aWI\u0118TEGO PAW\u0141A APOSTO\u0141A DO KORYNTIAN:<\/b><\/span><\/span><\/span><\/p>\n<p align=\"justify\"><span style=\"color: #000000;\"><span style=\"font-family: Book Antiqua, serif;\"><span style=\"font-size: large;\"><b>Bracia: Jeste\u015bmy przekonani, \u017ce Ten, kt\u00f3ry wskrzesi\u0142 Jezusa, z Jezusem przywr\u00f3ci \u017cycie tak\u017ce nam i stawi nas przed sob\u0105 razem z wami. Wszystko to bowiem dla was, a\u017ceby w pe\u0142ni obfituj\u0105ca \u0142aska zwi\u0119kszy\u0142a chwa\u0142\u0119 Bo\u017c\u0105 przez dzi\u0119kczynienie wielu.<\/b><\/span><\/span><\/span><\/p>\n<p align=\"justify\"><span style=\"color: #000000;\"><span style=\"font-family: Book Antiqua, serif;\"><span style=\"font-size: large;\"><b>Dlatego to nie poddajemy si\u0119 zw\u0105tpieniu, chocia\u017c bowiem niszczeje ten cz\u0142owiek zewn\u0119trzny, to jednak ten, kt\u00f3ry jest wewn\u0105trz, odnawia si\u0119 z dnia na dzie\u0144. Niewielkie bowiem utrapienia nasze obecnego czasu gotuj\u0105 bezmiar chwa\u0142y przysz\u0142ego wieku dla nas, kt\u00f3rzy si\u0119 wpatrujemy nie w to, co widzialne, lecz w to, co niewidzialne. To bowiem, co widzialne, przemija, to za\u015b, co niewidzialne, trwa wiecznie.<\/b><\/span><\/span><\/span><\/p>\n<p align=\"justify\"><span style=\"color: #000000;\"><span style=\"font-family: Book Antiqua, serif;\"><span style=\"font-size: large;\"><b>Wiemy bowiem, \u017ce je\u015bli nawet zniszczeje nasz przybytek doczesnego zamieszkania, b\u0119dziemy mieli mieszkanie od Boga, dom nie r\u0119k\u0105 uczyniony, lecz wiecznie trwa\u0142y w niebie.<\/b><\/span><\/span><\/span><\/p>\n<p align=\"justify\">\n<p align=\"justify\">\n<p align=\"justify\">\n<p align=\"justify\">\n<p align=\"justify\">\n<p align=\"justify\"><span style=\"color: #000000;\"><span style=\"font-family: Book Antiqua, serif;\"><span style=\"font-size: large;\"><b>S\u0141OWA EWANGELII WED\u0141UG \u015aWI\u0118TEGO JANA:<\/b><\/span><\/span><\/span><\/p>\n<p align=\"justify\"><span style=\"color: #000000;\"><span style=\"font-family: Book Antiqua, serif;\"><span style=\"font-size: large;\"><b>Jezus powiedzia\u0142 do swoich uczni\u00f3w: \u201eNiech si\u0119 nie trwo\u017cy serce wasze. Wierzycie w Boga? I we Mnie wierzcie. W domu Ojca mego jest mieszka\u0144 wiele. Gdyby tak nie by\u0142o, to bym wam powiedzia\u0142. Id\u0119 przecie\u017c przygotowa\u0107 wam miejsce. <\/b><\/span><\/span><\/span><\/p>\n<p align=\"justify\"><span style=\"color: #000000;\"><span style=\"font-family: Book Antiqua, serif;\"><span style=\"font-size: large;\"><b>A gdy odejd\u0119 i przygotuj\u0119 wam miejsce, przyb\u0119d\u0119 powt\u00f3rnie i zabior\u0119 was do siebie, aby\u015bcie i wy byli tam, gdzie Ja jestem. Znacie drog\u0119, dok\u0105d Ja id\u0119\u201d.<\/b><\/span><\/span><\/span><\/p>\n<p align=\"justify\"><span style=\"color: #000000;\"><span style=\"font-family: Book Antiqua, serif;\"><span style=\"font-size: large;\"><b>Odezwa\u0142 si\u0119 do Niego Tomasz: \u201ePanie, nie wiemy, dok\u0105d idziesz. Jak wi\u0119c mo\u017cemy zna\u0107 drog\u0119?\u201d<\/b><\/span><\/span><\/span><\/p>\n<p align=\"justify\"><span style=\"color: #000000;\"><span style=\"font-family: Book Antiqua, serif;\"><span style=\"font-size: large;\"><b>Odpowiedzia\u0142 mu Jezus: \u201eJa jestem drog\u0105, prawd\u0105 i \u017cyciem. Nikt nie przychodzi do Ojca inaczej jak tylko przeze Mnie\u201d.<\/b><\/span><\/span><\/span><\/p>\n<p align=\"justify\">\n<p align=\"justify\">\n<p align=\"justify\">\n<p align=\"justify\">\n<p align=\"justify\">\n<p align=\"justify\"><span style=\"color: #000000;\"><span style=\"font-family: Book Antiqua, serif;\"><span style=\"font-size: medium;\"><span style=\"font-size: large;\">Odsuwamy od siebie t\u0119 my\u015bl najdalej, jak si\u0119 tylko da! Nie dopuszczamy do siebie \u015bwiadomo\u015bci, \u017ce kiedy\u015b przyjdzie ten \u2013 <\/span><span style=\"font-size: large;\">jak m\u00f3wimy w jednej z modlitw \u2013<\/span> <span style=\"font-size: large;\">dzie\u0144 ostatni ziemskiej drogi.<\/span> <span style=\"font-size: large;\">Nie my\u015blimy o tym na co dzie\u0144. <\/span><span style=\"font-size: large;\">\u017byjemy <\/span><span style=\"font-size: large;\">szybko,<\/span> <span style=\"font-size: large;\">bardzo<\/span> <span style=\"font-size: large;\">szybko<\/span><span style=\"font-size: large;\"> \u2013 jak zwariowani, <\/span><span style=\"font-size: large;\">ci\u0105gle dok\u0105d\u015b p\u0119dzimy, ci\u0105gle jeste\u015bmy zaj\u0119ci, zaaferowani konieczno\u015bci\u0105 zrobienia czego\u015b \u201ena wczoraj\u201d. Gdzie tam jest <\/span><span style=\"font-size: large;\">miejsce albo czas <\/span><span style=\"font-size: large;\">na my\u015blenie o \u015bmierci?! <\/span><\/span><\/span><\/span><\/p>\n<p align=\"justify\"><span style=\"color: #000000;\"><span style=\"font-family: Book Antiqua, serif;\"><span style=\"font-size: medium;\"><span style=\"font-size: large;\">I nawet ci, kt\u00f3rzy a\u017c tak bardzo nie p\u0119dz\u0105, a raczej <\/span><span style=\"font-size: large;\">p\u0119dz\u0105 sw\u00f3j \u017cywot sennie i leniwie<\/span><span style=\"font-size: large;\"> \u2013 nie zawsze niestety na trze\u017awo \u2013 tak\u017ce raczej nie bior\u0105 pod uwag\u0119 zbli\u017caj\u0105cego si\u0119 nieuchronnie dnia \u015bmierci. <\/span><span style=\"font-size: large;\">Bo gdyby o nim pomy\u015bleli, to <\/span><span style=\"font-size: large;\">mo\u017ce wzi\u0119liby si\u0119 w gar\u015b\u0107<\/span><span style=\"font-size: large;\"> i nie marnowali \u017cycia\u2026 <\/span><\/span><\/span><\/span><\/p>\n<p align=\"justify\"><span style=\"color: #000000;\"><span style=\"font-family: Book Antiqua, serif;\"><span style=\"font-size: medium;\"><span style=\"font-size: large;\">Dopiero kiedy ju\u017c wiele lat cz\u0142owiek prze\u017cyje na tym \u015bwiecie, a jeszcze do\u015bwiadczy chor\u00f3b i cierpie\u0144, <\/span><span style=\"font-size: large;\">wtedy zaczyna o tym my\u015ble\u0107. <\/span><span style=\"font-size: large;\">Ale te\u017c raczej nie wy<\/span><span style=\"font-size: large;\">patruje<\/span><span style=\"font-size: large;\"> specjalnie tego dnia \u2013 raczej woli go odsuwa\u0107, <\/span><span style=\"font-size: large;\">za wszelk\u0105 cen\u0119 chc\u0105c przed\u0142u\u017cy\u0107 swoje ziemskie \u017cycie cho\u0107by troch\u0119\u2026 <\/span><\/span><\/span><\/span><\/p>\n<p align=\"justify\"><span style=\"color: #000000;\"><span style=\"font-family: Book Antiqua, serif;\"><span style=\"font-size: medium;\"><span style=\"font-size: large;\">Dlatego dobrze, \u017ce Ko\u015bci\u00f3\u0142 \u2013 kt\u00f3ry ci\u0105gle przypomina nam, \u017ce nasza prawdziwa Ojczyzna jest w Niebie, a nie tu, na ziemi \u2013 daje nam takie <\/span><span style=\"font-size: large;\">szczeg\u00f3lne <\/span><span style=\"font-size: large;\">dni, jak ten dzisiejszy i jak te dni najbli\u017csze, aby mocniej, ni\u017c zwykle, <\/span><span style=\"font-size: large;\">dotrze\u0107 do nas z prawd\u0105 o przemijaniu.<\/span> <\/span><\/span><\/span><\/p>\n<p align=\"justify\"><span style=\"color: #000000;\"><span style=\"font-family: Book Antiqua, serif;\"><span style=\"font-size: medium;\"><span style=\"font-size: large;\">Ju\u017c wczorajszy dzie\u0144 \u2013 chocia\u017c uczciwie <\/span><span style=\"font-size: large;\">trzeba przyzna\u0107, \u017ce<\/span><span style=\"font-size: large;\"> podkre\u015blano w mediach, <\/span><span style=\"font-size: large;\">i<\/span><span style=\"font-size: large;\">\u017c chodzi o Uroczysto\u015b\u0107 Wszystkich \u015awi\u0119tych \u2013 wprowadzi\u0142 nas <\/span><span style=\"font-size: large;\">w atmosfer\u0119 refleksji, <\/span><span style=\"font-size: large;\">a obecno\u015b\u0107 na cmentarzach tak wielu ludzi z pewno\u015bci\u0105 przynajmniej niekt\u00f3rym <\/span><span style=\"font-size: large;\">u\u015bwiadomi\u0142a<\/span><span style=\"font-size: large;\">, \u017ce <\/span><span style=\"font-size: large;\">kiedy\u015b pojawi\u0105 si\u0119 tam tak\u017ce i ich groby\u2026<\/span><span style=\"font-size: large;\"> Owszem, nie wszyscy dopu\u015bcili do siebie tak\u0105 my\u015bl i dobrze wiemy, \u017ce byli tacy, kt\u00f3rzy w p\u0119dzie \u201ezaliczali\u201d kolejn<\/span><span style=\"font-size: large;\">e<\/span><span style=\"font-size: large;\"> cmentarz<\/span><span style=\"font-size: large;\">e<\/span><span style=\"font-size: large;\">, stawiaj\u0105c sobie za punkt honoru <\/span><span style=\"font-size: large;\">zapalenie<\/span><span style=\"font-size: large;\"> jak najwi\u0119kszej ilo\u015bci lampek i zniczy, w og\u00f3le przy tym <\/span><span style=\"font-size: large;\">nie my\u015bl\u0105c o \u015bmierci, <\/span><span style=\"font-size: large;\">o wieczno\u015bci, o zbawieniu\u2026 Tak, wiemy, \u017ce byli i tacy. <\/span><\/span><\/span><\/span><\/p>\n<p align=\"justify\"><span style=\"color: #000000;\"><span style=\"font-family: Book Antiqua, serif;\"><span style=\"font-size: medium;\"><span style=\"font-size: large;\">Ale mamy prawo wierzy\u0107, \u017ce w sercach wielu ludzi \u2013 mo\u017ce nawet wi\u0119kszo\u015bci \u2013 <\/span><span style=\"font-size: large;\">jednak pojawi\u0142a si\u0119 jaka\u015b refleksja,<\/span><span style=\"font-size: large;\"> cho\u0107by najmniejsza, \u017ce co\u015b znaczy to miejsce, co\u015b znacz\u0105 te groby\u2026 I \u017ce nasze \u017cycie na ziemi kiedy\u015b dobiegnie kresu. <\/span><span style=\"font-size: large;\">A potem?\u2026 <\/span><\/span><\/span><\/span><\/p>\n<p align=\"justify\"><span style=\"color: #000000;\"><span style=\"font-family: Book Antiqua, serif;\"><span style=\"font-size: medium;\"><span style=\"font-size: large;\">W\u0142a\u015bnie\u2026 Nie wiemy, jak poszczeg\u00f3lni ludzie, obecni wczoraj i dzisiaj \u2013 i w najbli\u017cszych dniach \u2013 na cmentarzach, odpowiadaj\u0105 na to pytanie: <\/span><span style=\"font-size: large;\">Co potem?\u2026 Co po \u015bmierci?\u2026 <\/span><span style=\"font-size: large;\">Zapewne, nawet ci, kt\u00f3rzy uwa\u017caj\u0105 si\u0119 za niewierz\u0105cych i tak si\u0119 przedstawiaj\u0105, raczej nie odwa\u017c\u0105 si\u0119 powiedzie\u0107 ze stuprocentow\u0105 pewno\u015bci\u0105, \u017ce <\/span><span style=\"font-size: large;\">po \u015bmierci na pewno nic nie ma\u2026<\/span><span style=\"font-size: large;\"> Mo\u017ce tak oficjalnie m\u00f3wi\u0105, ale kiedy zostan\u0105 sam na sam ze sob\u0105 i swoim sumieniem, to raczej gdzie\u015b tam w g\u0142\u0119bi serca <\/span><span style=\"font-size: large;\">z<\/span><span style=\"font-size: large;\">rodzi si\u0119 w\u0105tpliwo\u015b\u0107: <\/span><span style=\"font-size: large;\">Czy aby na pewno nic nie ma?\u2026 <\/span><span style=\"font-size: large;\">A je\u015bli si\u0119 oka\u017ce, \u017ce jednak <\/span><span style=\"font-size: large;\">co\u015b \u2013 lub kto\u015b \u2013 jest?\u2026<\/span> <span style=\"font-size: large;\">T<\/span><span style=\"font-size: large;\">o co w\u00f3wczas?\u2026 <\/span><\/span><\/span><\/span><\/p>\n<p align=\"justify\"><span style=\"color: #000000;\"><span style=\"font-family: Book Antiqua, serif;\"><span style=\"font-size: medium;\"><span style=\"font-size: large;\">Pewnie takie dylematy rodz\u0105 si\u0119 w ludzkich sercach, szczeg\u00f3lnie w tych obecnych dniach, kiedy <\/span><span style=\"font-size: large;\">tyle si\u0119 m\u00f3wi o \u015bmierci i przemijaniu,<\/span><span style=\"font-size: large;\"> \u017ce nie spos\u00f3b tego tematu <\/span><span style=\"font-size: large;\">zupe\u0142nie <\/span><span style=\"font-size: large;\">nie podj\u0105\u0107, uda<\/span><span style=\"font-size: large;\">j\u0105c<\/span><span style=\"font-size: large;\">, \u017ce nic si\u0119 nie dzieje, nie ma o czym m\u00f3wi\u0107, nie ma sprawy. <\/span><span style=\"font-size: large;\">Owszem, jest sprawa!<\/span><span style=\"font-size: large;\"> Jest sprawa <\/span><span style=\"font-size: large;\">\u017cycia wiecznego, sprawa <\/span><span style=\"font-size: large;\">wiecznego zbawienia! <\/span><\/span><\/span><\/span><\/p>\n<p align=\"justify\"><span style=\"color: #000000;\"><span style=\"font-family: Book Antiqua, serif;\"><span style=\"font-size: medium;\"><span style=\"font-size: large;\">My, wierz\u0105cy w Chrystusa, <\/span><span style=\"font-size: large;\">przyjmujemy jako dar Jego s\u0142owo, <\/span><span style=\"font-size: large;\">w kt\u00f3rym m\u00f3wi nam dzi\u015b o tym, co b\u0119dzie z nami \u2013 co b\u0119dzie z innymi \u2013 po \u015bmieci. I chocia\u017c <\/span><span style=\"font-size: large;\">na co dzie\u0144 my tak\u017ce nie my\u015blimy za cz\u0119sto<\/span><span style=\"font-size: large;\"> o kresie naszej ziemskiej w\u0119dr\u00f3wki, to jednak nie odsuwamy <\/span><span style=\"font-size: large;\">zupe\u0142nie <\/span><span style=\"font-size: large;\">od siebie tej my\u015bli. <\/span><span style=\"font-size: large;\">Szczeg\u00f3lnie w\u0142a\u015bnie w tych dniach. <\/span><\/span><\/span><\/span><\/p>\n<p align=\"justify\"><span style=\"color: #000000;\"><span style=\"font-family: Book Antiqua, serif;\"><span style=\"font-size: medium;\"><span style=\"font-size: large;\">I nie ograniczamy naszej aktywno\u015bci tylko do postawienia kilku zniczy czy po\u0142o\u017cenia kilku wie\u0144c\u00f3w, ale ofiarujemy naszym Zmar\u0142ym <\/span><span style=\"font-size: large;\">to, na co oni naprawd\u0119 licz\u0105 i czekaj\u0105:<\/span><span style=\"font-size: large;\"> nasz\u0105 modlitw\u0119; Komuni\u0119 \u015awi\u0119t\u0105, ofiarowan\u0105 w ich intencji; ofiarowane odpusty\u2026 <\/span><\/span><\/span><\/span><\/p>\n<p align=\"justify\"><span style=\"color: #000000;\"><span style=\"font-family: Book Antiqua, serif;\"><span style=\"font-size: medium;\"><span style=\"font-size: large;\">Na szcz\u0119\u015bcie, t<\/span><span style=\"font-size: large;\">ak\u017ce <\/span><span style=\"font-size: large;\">i poza tymi dniami o naszych Zmar\u0142ych pami\u0119tamy,<\/span><span style=\"font-size: large;\"> wszak najwi\u0119cej intencji, jakie zg\u0142aszamy do odprawienia Mszy \u015awi\u0119tej, to <\/span><span style=\"font-size: large;\">intencje za Zmar\u0142ych.<\/span><span style=\"font-size: large;\"> I dobrze, \u017ce tak jest, \u017ce pami\u0119tamy cho\u0107by o rocznicy ich \u015bmierci i tak bardzo zabiegamy, aby dok\u0142adnie w tym dniu, czy w jego pobli\u017cu, <\/span><span style=\"font-size: large;\">Msza \u015awi\u0119ta by\u0142a za nich ofiarowana.<\/span><span style=\"font-size: large;\"> Naprawd\u0119, bardzo dobrze, \u017ce tak jest! Dobrze, \u017ce o naszych Zmar\u0142ych <\/span><span style=\"font-size: large;\">ci\u0105gle <\/span><span style=\"font-size: large;\">pami\u0119tamy \u2013 bardzo dobrze! <\/span><\/span><\/span><\/span><\/p>\n<p align=\"justify\"><span style=\"color: #000000;\"><span style=\"font-family: Book Antiqua, serif;\"><span style=\"font-size: medium;\"><span style=\"font-size: large;\">Bo w\u00f3wczas m<\/span><span style=\"font-size: large;\">amy prawo oczekiwa\u0107, <\/span><span style=\"font-size: large;\">\u017ce i o nas kto\u015b b\u0119dzie kiedy\u015b pami\u0119ta\u0142.<\/span><span style=\"font-size: large;\"> Mamy prawo tego oczekiwa\u0107 \u2013 zw\u0142aszcza, je\u017celi naszym <\/span><span style=\"font-size: large;\">D<\/span><span style=\"font-size: large;\">zieciom i <\/span><span style=\"font-size: large;\">W<\/span><span style=\"font-size: large;\">nukom damy dobry przyk\u0142ad i<\/span><span style=\"font-size: large;\"> nauczymy ich<\/span><span style=\"font-size: large;\"> modlitw<\/span><span style=\"font-size: large;\">y<\/span><span style=\"font-size: large;\"> za Zmar\u0142ych. <\/span><\/span><\/span><\/span><\/p>\n<p align=\"justify\"><span style=\"color: #000000;\"><span style=\"font-family: Book Antiqua, serif;\"><span style=\"font-size: medium;\"><span style=\"font-size: large;\">Moi Drodzy, <\/span><span style=\"font-size: large;\">nigdy nie zaniedbajmy <\/span><span style=\"font-size: large;\">tej naszej pi\u0119knej troski o Zmar\u0142ych! Nigdy nie przesta\u0144my modli\u0107 si\u0119 za nich, ofiarowa\u0107 Mszy \u015awi\u0119tych, ofiarowa\u0107 w ich intencji Komunii \u015awi\u0119tych, pisa\u0107 kartem wypominkowych, odmawia\u0107 <\/span><span style=\"font-size: large;\">w ich intencji<\/span><span style=\"font-size: large;\"> R\u00f3\u017ca\u0144ca i Koronki do Mi\u0142osierdzia Bo\u017cego, <\/span><span style=\"font-size: large;\">odwiedza\u0107 z modlitw\u0105 ich grob\u00f3w<\/span><span style=\"font-size: large;\"> \u2013 <\/span><span style=\"font-size: large;\">nigdy tego nie zaprzesta\u0144my! <\/span><span style=\"font-size: large;\">B\u0105d\u017amy zawsze z nimi!<\/span><\/span><\/span><\/span><\/p>\n<p align=\"justify\"><span style=\"color: #000000;\"><span style=\"font-family: Book Antiqua, serif;\"><span style=\"font-size: medium;\"><span style=\"font-size: large;\">Bo w ten spos\u00f3b tworzymy <\/span><span style=\"font-size: large;\">fantastyczn\u0105 wsp\u00f3lnot\u0119 <\/span><span style=\"font-size: large;\">mi\u0142o\u015bci i wiary! <\/span><span style=\"font-size: large;\">Ko\u015bci\u00f3\u0142<\/span> <span style=\"font-size: large;\">Pielgrzymuj\u0105cy<\/span><span style=\"font-size: large;\"> \u2013 czyli ten, na ziemi \u2013 \u0142\u0105czy si\u0119 z <\/span><span style=\"font-size: large;\">Ko\u015bcio\u0142em Cierpi\u0105cym,<\/span><span style=\"font-size: large;\"> tym w Czy\u015b\u0107cu. Ale i tym <\/span><span style=\"font-size: large;\">Triumfuj\u0105cym, <\/span><span style=\"font-size: large;\">czyli tym w Niebie. Jeste\u015bmy wszyscy jednym Ko\u015bcio\u0142em, jedn\u0105 Rodzin\u0105 wierz\u0105cych, jedn\u0105 Rodzin\u0105 dzieci Bo\u017cych. <\/span><\/span><\/span><\/span><\/p>\n<p align=\"justify\"><span style=\"color: #000000;\"><span style=\"font-family: Book Antiqua, serif;\"><span style=\"font-size: medium;\"><span style=\"font-size: large;\">Dlatego ws\u0142uchajmy si\u0119 uwa\u017cnie w s\u0142owa dzisiejszych czyta\u0144 \u2013 niech one nam u\u015bwiadomi\u0105, <\/span><span style=\"font-size: large;\">jaka jest nasza drog<\/span><span style=\"font-size: large;\">a<\/span><span style=\"font-size: large;\"> i jak t<\/span><span style=\"font-size: large;\">\u0105<\/span><span style=\"font-size: large;\"> drog\u0105 powinni\u015bmy pod\u0105\u017ca\u0107, aby dotrze\u0107 do celu. A celem naszym wszystkich ziemskich d\u0105\u017ce\u0144 i pragnie\u0144, celem naszego wszelkiego dzia\u0142ania w doczesno\u015bci \u2013 jest <\/span><span style=\"font-size: large;\">szcz\u0119\u015bliwa wieczno\u015b\u0107: wieczne zbawienie.<\/span> <\/span><\/span><\/span><\/p>\n<p align=\"justify\"><span style=\"color: #000000;\"><span style=\"font-family: Book Antiqua, serif;\"><span style=\"font-size: medium;\"><span style=\"font-size: large;\">To po to codziennie rano wstajemy i zabieramy si\u0119 za spe\u0142nianie naszych obowi\u0105zk\u00f3w \u2013 cz\u0119sto naprawd\u0119 nie\u0142atwych \u2013 \u017ceby po <\/span><span style=\"font-size: large;\">osi\u0105gni\u0119ciu poszczeg\u00f3lnych mniejszych cel\u00f3w,<\/span><span style=\"font-size: large;\"> jakie sobie wyznaczamy na kolejnych etapach \u017cycia, osi\u0105gn\u0105\u0107 ten cel ostateczny: wieczne zbawienie. <\/span><span style=\"font-size: large;\">To po to w\u0142a\u015bnie<\/span><span style=\"font-size: large;\"> dzieje si\u0119 to wszystko, co si\u0119 w naszym \u017cyciu dzieje. <\/span><\/span><\/span><\/span><\/p>\n<p align=\"justify\"><span style=\"color: #000000;\"><span style=\"font-family: Book Antiqua, serif;\"><span style=\"font-size: medium;\"><span style=\"font-size: large;\">My nieraz, szczeg\u00f3lnie w chwilach wielkiego zm\u0119czenia, zdenerwowania, <\/span><span style=\"font-size: large;\">czy mo\u017ce <\/span><span style=\"font-size: large;\">w obliczu niepowodze\u0144 <\/span><span style=\"font-size: large;\">lub<\/span><span style=\"font-size: large;\"> dora\u017anych pora\u017cek, m\u00f3wimy sobie: <\/span><span style=\"font-size: large;\">A po co mi to wszystko? <\/span><span style=\"font-size: large;\">Po co ja si\u0119 szarpi\u0119, po co ja si\u0119 tak m\u0119cz\u0119, po co ja to wszystko robi\u0119 \u2013 po co to wszystko? A w\u0142a\u015bnie po to, <\/span><span style=\"font-size: large;\">by na ko\u0144cu osi\u0105gn\u0105\u0107 zbawienie.<\/span> <\/span><\/span><\/span><\/p>\n<p align=\"justify\"><span style=\"color: #000000;\"><span style=\"font-family: Book Antiqua, serif;\"><span style=\"font-size: medium;\"><span style=\"font-size: large;\">Ci, kt\u00f3rzy przed nami odeszli, te\u017c po to \u017cyli. I jedni ju\u017c szcz\u0119\u015bcie wieczne osi\u0105gn\u0119li, inni jeszcze nie. Za tych drugich my dzisiaj si\u0119 modlimy, <\/span><span style=\"font-size: large;\">aby i oni <\/span><span style=\"font-size: large;\">wreszcie <\/span><span style=\"font-size: large;\">doszli do celu<\/span><span style=\"font-size: large;\"> \u2013 prawdziwego celu swego \u017cycia. M\u00f3dlmy si\u0119 \u017carliwie i z wielk\u0105 mi\u0142o\u015bci\u0105. Nie omi\u0144my \u017cadnej, nawet najmniejszej okazji, aby im sw\u0105 pomoc okaza\u0107. <\/span><\/span><\/span><\/span><\/p>\n<p align=\"justify\"><span style=\"color: #000000;\"><span style=\"font-family: Book Antiqua, serif;\"><span style=\"font-size: medium;\"><span style=\"font-size: large;\">A wtedy na pewno \u2013 <\/span><span style=\"font-size: large;\">kto\u015b kiedy\u015b pomodli si\u0119 i za nas\u2026<\/span><\/span><\/span><\/span><\/p>\n","protected":false},"excerpt":{"rendered":"<p>Szcz\u0119\u015b\u0107 Bo\u017ce! Moi Drodzy, dzisiaj prze\u017cywamy \u2013 we w\u0142a\u015bciwym tego s\u0142owa rozumieniu \u2013 \u015awi\u0119to Zmar\u0142ych. Oni dzisiaj maj\u0105 swoje \u015bwi\u0119to, bo chyba \u017cadnego dnia tak bardzo mocno, jak dzisiaj i wczoraj, nie s\u0105 duchowo wspierani. Nie \u017ca\u0142ujmy Im zatem naszej modlitwy, Komunii \u015awi\u0119tej w Ich intencji przyj\u0119tej, oraz odpustu, jaki mo\u017cemy zyska\u0107, nawiedzaj\u0105c cmentarz, a [&hellip;]<\/p>\n","protected":false},"author":1,"featured_media":0,"comment_status":"open","ping_status":"open","sticky":false,"template":"","format":"standard","meta":{"jetpack_post_was_ever_published":false,"_jetpack_newsletter_access":"","_jetpack_dont_email_post_to_subs":false,"_jetpack_newsletter_tier_id":0,"_jetpack_memberships_contains_paywalled_content":false,"_jetpack_memberships_contains_paid_content":false,"footnotes":""},"categories":[1],"tags":[],"class_list":["post-16054","post","type-post","status-publish","format-standard","hentry","category-bez-kategorii"],"yoast_head":"<!-- This site is optimized with the Yoast SEO plugin v25.1 - https:\/\/yoast.com\/wordpress\/plugins\/seo\/ -->\n<title>I co po \u015bmierci?... - Gaudium Et Spes<\/title>\n<meta name=\"robots\" content=\"index, follow, max-snippet:-1, max-image-preview:large, max-video-preview:-1\" \/>\n<link rel=\"canonical\" href=\"https:\/\/gaudiumetspes-blog.pl\/index.php\/2019\/11\/02\/i-co-po-smierci\/\" \/>\n<meta property=\"og:locale\" content=\"pl_PL\" \/>\n<meta property=\"og:type\" content=\"article\" \/>\n<meta property=\"og:title\" content=\"I co po \u015bmierci?... - Gaudium Et Spes\" \/>\n<meta property=\"og:description\" content=\"Szcz\u0119\u015b\u0107 Bo\u017ce! Moi Drodzy, dzisiaj prze\u017cywamy \u2013 we w\u0142a\u015bciwym tego s\u0142owa rozumieniu \u2013 \u015awi\u0119to Zmar\u0142ych. Oni dzisiaj maj\u0105 swoje \u015bwi\u0119to, bo chyba \u017cadnego dnia tak bardzo mocno, jak dzisiaj i wczoraj, nie s\u0105 duchowo wspierani. Nie \u017ca\u0142ujmy Im zatem naszej modlitwy, Komunii \u015awi\u0119tej w Ich intencji przyj\u0119tej, oraz odpustu, jaki mo\u017cemy zyska\u0107, nawiedzaj\u0105c cmentarz, a [&hellip;]\" \/>\n<meta property=\"og:url\" content=\"https:\/\/gaudiumetspes-blog.pl\/index.php\/2019\/11\/02\/i-co-po-smierci\/\" \/>\n<meta property=\"og:site_name\" content=\"Gaudium Et Spes\" \/>\n<meta property=\"article:published_time\" content=\"2019-11-02T05:18:44+00:00\" \/>\n<meta name=\"author\" content=\"Ks. Jacek\" \/>\n<meta name=\"twitter:card\" content=\"summary_large_image\" \/>\n<meta name=\"twitter:label1\" content=\"Napisane przez\" \/>\n\t<meta name=\"twitter:data1\" content=\"Ks. Jacek\" \/>\n\t<meta name=\"twitter:label2\" content=\"Szacowany czas czytania\" \/>\n\t<meta name=\"twitter:data2\" content=\"14 minut\" \/>\n<script type=\"application\/ld+json\" class=\"yoast-schema-graph\">{\"@context\":\"https:\/\/schema.org\",\"@graph\":[{\"@type\":\"WebPage\",\"@id\":\"https:\/\/gaudiumetspes-blog.pl\/index.php\/2019\/11\/02\/i-co-po-smierci\/\",\"url\":\"https:\/\/gaudiumetspes-blog.pl\/index.php\/2019\/11\/02\/i-co-po-smierci\/\",\"name\":\"I co po \u015bmierci?... - Gaudium Et Spes\",\"isPartOf\":{\"@id\":\"https:\/\/gaudiumetspes-blog.pl\/#website\"},\"datePublished\":\"2019-11-02T05:18:44+00:00\",\"author\":{\"@id\":\"https:\/\/gaudiumetspes-blog.pl\/#\/schema\/person\/1661982992b752dea8dff0d4ed845a65\"},\"breadcrumb\":{\"@id\":\"https:\/\/gaudiumetspes-blog.pl\/index.php\/2019\/11\/02\/i-co-po-smierci\/#breadcrumb\"},\"inLanguage\":\"pl-PL\",\"potentialAction\":[{\"@type\":\"ReadAction\",\"target\":[\"https:\/\/gaudiumetspes-blog.pl\/index.php\/2019\/11\/02\/i-co-po-smierci\/\"]}]},{\"@type\":\"BreadcrumbList\",\"@id\":\"https:\/\/gaudiumetspes-blog.pl\/index.php\/2019\/11\/02\/i-co-po-smierci\/#breadcrumb\",\"itemListElement\":[{\"@type\":\"ListItem\",\"position\":1,\"name\":\"Strona g\u0142\u00f3wna\",\"item\":\"https:\/\/gaudiumetspes-blog.pl\/\"},{\"@type\":\"ListItem\",\"position\":2,\"name\":\"I&nbsp;co po&nbsp;\u015bmierci?&#8230;\"}]},{\"@type\":\"WebSite\",\"@id\":\"https:\/\/gaudiumetspes-blog.pl\/#website\",\"url\":\"https:\/\/gaudiumetspes-blog.pl\/\",\"name\":\"Gaudium Et Spes\",\"description\":\"Blog Ks. Jacka Ja\u015bkowskiego\",\"potentialAction\":[{\"@type\":\"SearchAction\",\"target\":{\"@type\":\"EntryPoint\",\"urlTemplate\":\"https:\/\/gaudiumetspes-blog.pl\/?s={search_term_string}\"},\"query-input\":{\"@type\":\"PropertyValueSpecification\",\"valueRequired\":true,\"valueName\":\"search_term_string\"}}],\"inLanguage\":\"pl-PL\"},{\"@type\":\"Person\",\"@id\":\"https:\/\/gaudiumetspes-blog.pl\/#\/schema\/person\/1661982992b752dea8dff0d4ed845a65\",\"name\":\"Ks. Jacek\",\"image\":{\"@type\":\"ImageObject\",\"inLanguage\":\"pl-PL\",\"@id\":\"https:\/\/gaudiumetspes-blog.pl\/#\/schema\/person\/image\/\",\"url\":\"https:\/\/gaudiumetspes-blog.pl\/wp-content\/uploads\/2019\/07\/avatar-JJ-150x150.jpg\",\"contentUrl\":\"https:\/\/gaudiumetspes-blog.pl\/wp-content\/uploads\/2019\/07\/avatar-JJ-150x150.jpg\",\"caption\":\"Ks. Jacek\"},\"description\":\"Witam serdecznie! K\u0142ania si\u0119 Ks. Jacek Ja\u015bkowski. Nie jestem ani kim\u015b wa\u017cnym, ani kim\u015b znanym. Jestem ksi\u0119dzem, kt\u00f3ry po prostu chce rozmawia\u0107. Codzienna kap\u0142a\u0144ska pos\u0142uga pokazuje mi, \u017ce temat\u00f3w do rozm\u00f3w z ksi\u0119dzem jest coraz wi\u0119cej i dzisiaj \u017caden ksi\u0105dz nie mo\u017ce od nich ucieka\u0107, ale - wprost przeciwnie - podejmowa\u0107 nowe wyzwania. To przekonanie sk\u0142oni\u0142o mnie do pr\u00f3by otwarcia tego\u017c bloga, chocia\u017c okazji do rozm\u00f3w na co dzie\u0144 - w konfesjonale i poza nim - na szcz\u0119\u015bcie nie brakuje. My\u015bl\u0119 jednak, \u017ce ten blog b\u0119dzie jeszcze jednym sposobem i przestrzeni\u0105 nawi\u0105zania kontaktu z lud\u017ami dobrej woli, otwartymi na dialog.\",\"url\":\"https:\/\/gaudiumetspes-blog.pl\/index.php\/author\/ks-jacek\/\"}]}<\/script>\n<!-- \/ Yoast SEO plugin. -->","yoast_head_json":{"title":"I co po \u015bmierci?... - Gaudium Et Spes","robots":{"index":"index","follow":"follow","max-snippet":"max-snippet:-1","max-image-preview":"max-image-preview:large","max-video-preview":"max-video-preview:-1"},"canonical":"https:\/\/gaudiumetspes-blog.pl\/index.php\/2019\/11\/02\/i-co-po-smierci\/","og_locale":"pl_PL","og_type":"article","og_title":"I co po \u015bmierci?... - Gaudium Et Spes","og_description":"Szcz\u0119\u015b\u0107 Bo\u017ce! Moi Drodzy, dzisiaj prze\u017cywamy \u2013 we w\u0142a\u015bciwym tego s\u0142owa rozumieniu \u2013 \u015awi\u0119to Zmar\u0142ych. Oni dzisiaj maj\u0105 swoje \u015bwi\u0119to, bo chyba \u017cadnego dnia tak bardzo mocno, jak dzisiaj i wczoraj, nie s\u0105 duchowo wspierani. Nie \u017ca\u0142ujmy Im zatem naszej modlitwy, Komunii \u015awi\u0119tej w Ich intencji przyj\u0119tej, oraz odpustu, jaki mo\u017cemy zyska\u0107, nawiedzaj\u0105c cmentarz, a [&hellip;]","og_url":"https:\/\/gaudiumetspes-blog.pl\/index.php\/2019\/11\/02\/i-co-po-smierci\/","og_site_name":"Gaudium Et Spes","article_published_time":"2019-11-02T05:18:44+00:00","author":"Ks. Jacek","twitter_card":"summary_large_image","twitter_misc":{"Napisane przez":"Ks. Jacek","Szacowany czas czytania":"14 minut"},"schema":{"@context":"https:\/\/schema.org","@graph":[{"@type":"WebPage","@id":"https:\/\/gaudiumetspes-blog.pl\/index.php\/2019\/11\/02\/i-co-po-smierci\/","url":"https:\/\/gaudiumetspes-blog.pl\/index.php\/2019\/11\/02\/i-co-po-smierci\/","name":"I co po \u015bmierci?... - Gaudium Et Spes","isPartOf":{"@id":"https:\/\/gaudiumetspes-blog.pl\/#website"},"datePublished":"2019-11-02T05:18:44+00:00","author":{"@id":"https:\/\/gaudiumetspes-blog.pl\/#\/schema\/person\/1661982992b752dea8dff0d4ed845a65"},"breadcrumb":{"@id":"https:\/\/gaudiumetspes-blog.pl\/index.php\/2019\/11\/02\/i-co-po-smierci\/#breadcrumb"},"inLanguage":"pl-PL","potentialAction":[{"@type":"ReadAction","target":["https:\/\/gaudiumetspes-blog.pl\/index.php\/2019\/11\/02\/i-co-po-smierci\/"]}]},{"@type":"BreadcrumbList","@id":"https:\/\/gaudiumetspes-blog.pl\/index.php\/2019\/11\/02\/i-co-po-smierci\/#breadcrumb","itemListElement":[{"@type":"ListItem","position":1,"name":"Strona g\u0142\u00f3wna","item":"https:\/\/gaudiumetspes-blog.pl\/"},{"@type":"ListItem","position":2,"name":"I&nbsp;co po&nbsp;\u015bmierci?&#8230;"}]},{"@type":"WebSite","@id":"https:\/\/gaudiumetspes-blog.pl\/#website","url":"https:\/\/gaudiumetspes-blog.pl\/","name":"Gaudium Et Spes","description":"Blog Ks. Jacka Ja\u015bkowskiego","potentialAction":[{"@type":"SearchAction","target":{"@type":"EntryPoint","urlTemplate":"https:\/\/gaudiumetspes-blog.pl\/?s={search_term_string}"},"query-input":{"@type":"PropertyValueSpecification","valueRequired":true,"valueName":"search_term_string"}}],"inLanguage":"pl-PL"},{"@type":"Person","@id":"https:\/\/gaudiumetspes-blog.pl\/#\/schema\/person\/1661982992b752dea8dff0d4ed845a65","name":"Ks. Jacek","image":{"@type":"ImageObject","inLanguage":"pl-PL","@id":"https:\/\/gaudiumetspes-blog.pl\/#\/schema\/person\/image\/","url":"https:\/\/gaudiumetspes-blog.pl\/wp-content\/uploads\/2019\/07\/avatar-JJ-150x150.jpg","contentUrl":"https:\/\/gaudiumetspes-blog.pl\/wp-content\/uploads\/2019\/07\/avatar-JJ-150x150.jpg","caption":"Ks. Jacek"},"description":"Witam serdecznie! K\u0142ania si\u0119 Ks. Jacek Ja\u015bkowski. Nie jestem ani kim\u015b wa\u017cnym, ani kim\u015b znanym. Jestem ksi\u0119dzem, kt\u00f3ry po prostu chce rozmawia\u0107. Codzienna kap\u0142a\u0144ska pos\u0142uga pokazuje mi, \u017ce temat\u00f3w do rozm\u00f3w z ksi\u0119dzem jest coraz wi\u0119cej i dzisiaj \u017caden ksi\u0105dz nie mo\u017ce od nich ucieka\u0107, ale - wprost przeciwnie - podejmowa\u0107 nowe wyzwania. To przekonanie sk\u0142oni\u0142o mnie do pr\u00f3by otwarcia tego\u017c bloga, chocia\u017c okazji do rozm\u00f3w na co dzie\u0144 - w konfesjonale i poza nim - na szcz\u0119\u015bcie nie brakuje. My\u015bl\u0119 jednak, \u017ce ten blog b\u0119dzie jeszcze jednym sposobem i przestrzeni\u0105 nawi\u0105zania kontaktu z lud\u017ami dobrej woli, otwartymi na dialog.","url":"https:\/\/gaudiumetspes-blog.pl\/index.php\/author\/ks-jacek\/"}]}},"jetpack_featured_media_url":"","jetpack_sharing_enabled":true,"_links":{"self":[{"href":"https:\/\/gaudiumetspes-blog.pl\/index.php\/wp-json\/wp\/v2\/posts\/16054","targetHints":{"allow":["GET"]}}],"collection":[{"href":"https:\/\/gaudiumetspes-blog.pl\/index.php\/wp-json\/wp\/v2\/posts"}],"about":[{"href":"https:\/\/gaudiumetspes-blog.pl\/index.php\/wp-json\/wp\/v2\/types\/post"}],"author":[{"embeddable":true,"href":"https:\/\/gaudiumetspes-blog.pl\/index.php\/wp-json\/wp\/v2\/users\/1"}],"replies":[{"embeddable":true,"href":"https:\/\/gaudiumetspes-blog.pl\/index.php\/wp-json\/wp\/v2\/comments?post=16054"}],"version-history":[{"count":1,"href":"https:\/\/gaudiumetspes-blog.pl\/index.php\/wp-json\/wp\/v2\/posts\/16054\/revisions"}],"predecessor-version":[{"id":16055,"href":"https:\/\/gaudiumetspes-blog.pl\/index.php\/wp-json\/wp\/v2\/posts\/16054\/revisions\/16055"}],"wp:attachment":[{"href":"https:\/\/gaudiumetspes-blog.pl\/index.php\/wp-json\/wp\/v2\/media?parent=16054"}],"wp:term":[{"taxonomy":"category","embeddable":true,"href":"https:\/\/gaudiumetspes-blog.pl\/index.php\/wp-json\/wp\/v2\/categories?post=16054"},{"taxonomy":"post_tag","embeddable":true,"href":"https:\/\/gaudiumetspes-blog.pl\/index.php\/wp-json\/wp\/v2\/tags?post=16054"}],"curies":[{"name":"wp","href":"https:\/\/api.w.org\/{rel}","templated":true}]}}