{"id":16056,"date":"2019-11-03T07:15:25","date_gmt":"2019-11-03T06:15:25","guid":{"rendered":"https:\/\/gaudiumetspes-blog.pl\/?p=16056"},"modified":"2019-11-03T07:15:25","modified_gmt":"2019-11-03T06:15:25","slug":"pragnienie-dobra-i-czyn-plynacy-z-wiary","status":"publish","type":"post","link":"https:\/\/gaudiumetspes-blog.pl\/index.php\/2019\/11\/03\/pragnienie-dobra-i-czyn-plynacy-z-wiary\/","title":{"rendered":"Pragnienie dobra &#8211; i czyn, p\u0142yn\u0105cy z wiary"},"content":{"rendered":"<p align=\"justify\"><span style=\"color: #000000;\"><span style=\"font-family: Book Antiqua, serif;\"><span style=\"font-size: large;\">Niech b\u0119dzie pochwalony Jezus Chrystus! Moi Drodzy, <b>w dniu dzisiejszym imieniny prze\u017cywa Sylwia Tomaszek, moja Kole\u017canka z czasu wsp\u00f3lnej pracy w Liceum Lelewela w \u017belechowie, a obecnie Dyrektor tego\u017c Liceum; a tak\u017ce Hubert Maksymiuk, zaanga\u017cowany w swoim czasie w dzia\u0142alno\u015b\u0107 m\u0142odzie\u017cow\u0105. \u017bycz\u0119 Solenizantom, aby zawsze z gor\u0105cym sercem odpowiadali pozytywnie na wszystkie Bo\u017ce zaproszenia i propozycje, do siebie skierowane. Zapewniam o modlitwie!<\/b><\/span><\/span><\/span><\/p>\n<p align=\"justify\"><span style=\"color: #000000;\"><span style=\"font-family: Book Antiqua, serif;\"><span style=\"font-size: large;\">Moi Drodzy przypominam o mo\u017cliwo\u015bci zyskiwania odpust\u00f3w za naszych Zmar\u0142ych \u2013 za nawiedzenie cmentarza, modlitw\u0119 za nich i po spe\u0142nieniu sta\u0142ych warunk\u00f3w. Nie \u017ca\u0142ujmy im naszej pomocy!<\/span><\/span><\/span><\/p>\n<p align=\"justify\"><span style=\"color: #000000;\"><span style=\"font-family: Book Antiqua, serif;\"><span style=\"font-size: large;\">I jeszcze jedna, wa\u017cna dla mnie sprawa: z ca\u0142ego serca dzi\u0119kuj\u0119 za wszelkie modlitwy, dobre s\u0142owa i \u017cyczenia, skierowane do mnie z okazji niedawnych urodzin. Tak si\u0119 sk\u0142ada, \u017ce akurat do urodzin nie przywi\u0105zuj\u0119 wielkiej wagi \u2013 bardziej do rocznicy \u015awi\u0119ce\u0144 kap\u0142a\u0144skich \u2013 ale to naprawd\u0119 bardzo mi\u0142e i podnosz\u0105ce na duchu, \u017ce kto\u015b pami\u0119ta i wyra\u017ca \u017cyczliwo\u015b\u0107. Wielkie dzi\u0119ki! Ksi\u0119dzu Markowi dzi\u0119kuj\u0119 za Msz\u0119 \u015awi\u0119t\u0105 w mojej intencji. <\/span><\/span><\/span><\/p>\n<p align=\"justify\"><span style=\"color: #000000;\"><span style=\"font-family: Book Antiqua, serif;\"><span style=\"font-size: large;\">Odpowiedzi\u0105 na te wszystkie pi\u0119kne gesty b\u0119dzie z mojej strony Msza \u015awi\u0119ta, jak\u0105 w intencji Wszystkich \u017cyczliwych odprawi\u0119 dzisiaj, o godzinie 20:00, w O\u015brodku Duszpasterstwa Akademickiego w Siedlcach. Dlatego ka\u017cdy, kto w jakikolwiek spos\u00f3b zechcia\u0142 o mnie pami\u0119ta\u0107 w tych dniach \u2013 lub nie tylko tych \u2013 niech si\u0119 czuje dzisiaj obj\u0119ty moj\u0105 modlitw\u0105. Zreszt\u0105, nie tylko dzisiaj\u2026 <\/span><\/span><\/span><\/p>\n<p align=\"justify\"><span style=\"color: #000000;\"><span style=\"font-family: Book Antiqua, serif;\"><span style=\"font-size: large;\">Na radosne i owocne prze\u017cywanie Dnia Pa\u0144skiego \u2013 pierwszej niedzieli miesi\u0105ca \u2013 <b>niech Was b\u0142ogos\u0142awi B\u00f3g Wszechmog\u0105cy: Ojciec + i Syn, i Duch \u015awi\u0119ty. Amen<\/b><\/span><\/span><\/span><\/p>\n<p align=\"center\"><span style=\"color: #000000;\"><span style=\"font-family: Book Antiqua, serif;\"><span style=\"font-size: large;\">Gaudium et spes! Ks. Jacek<\/span><\/span><\/span><\/p>\n<p align=\"center\">\n<p align=\"center\">\n<p align=\"center\">\n<p align=\"center\">\n<p align=\"center\">\n<p align=\"justify\"><span style=\"color: #000000;\"><span style=\"font-family: Book Antiqua, serif;\"><span style=\"font-size: large;\"><b>31 Niedziela zwyk\u0142a, C,<\/b><\/span><\/span><\/span><\/p>\n<p align=\"justify\"><span style=\"color: #000000;\"><span style=\"font-family: Book Antiqua, serif;\"><span style=\"font-size: large;\"><b>do czyta\u0144: Mdr 11,22\u201312,2; 2 Tes 1,11\u20132,2; \u0141k 19,1\u201310<\/b><\/span><\/span><\/span><\/p>\n<p align=\"justify\">\n<p align=\"justify\">\n<p align=\"justify\">\n<p align=\"justify\">\n<p align=\"justify\">\n<p align=\"justify\"><span style=\"color: #000000;\"><span style=\"font-family: Book Antiqua, serif;\"><span style=\"font-size: large;\"><b>CZYTANIE Z KSI\u0118GI M\u0104DRO\u015aCI: <\/b><\/span><\/span><\/span><\/p>\n<p align=\"justify\"><span style=\"color: #000000;\"><span style=\"font-family: Book Antiqua, serif;\"><span style=\"font-size: large;\"><b>Panie, \u015bwiat ca\u0142y przy Tobie jak ziarnko na szali, kropla rosy porannej, co spad\u0142a na ziemi\u0119. Nad wszystkim masz lito\u015b\u0107, bo wszystko w Twej mocy, i oczy zamykasz na grzechy ludzi, by si\u0119 nawr\u00f3cili. Mi\u0142ujesz bowiem wszystkie stworzenia, niczym si\u0119 nie brzydzisz, co uczyni\u0142e\u015b, bo gdyby\u015b mia\u0142 co\u015b w nienawi\u015bci, nie by\u0142by\u015b tego uczyni\u0142. <\/b><\/span><\/span><\/span><\/p>\n<p align=\"justify\"><span style=\"color: #000000;\"><span style=\"font-family: Book Antiqua, serif;\"><span style=\"font-size: large;\"><b>Jak\u017ceby co\u015b trwa\u0107 mog\u0142o, gdyby\u015b Ty nie powo\u0142a\u0142 do bytu? Jak by si\u0119 zachowa\u0142o, czego by\u015b nie wezwa\u0142? Oszcz\u0119dzasz wszystko, bo to wszystko Twoje, Panie, mi\u0142o\u015bniku \u017cycia. <\/b><\/span><\/span><\/span><\/p>\n<p align=\"justify\"><span style=\"color: #000000;\"><span style=\"font-family: Book Antiqua, serif;\"><span style=\"font-size: large;\"><b>Bo we wszystkim jest Twoje nie\u015bmiertelne tchnienie. Dlatego nieznacznie karzesz upadaj\u0105cych i strofujesz przypominaj\u0105c, w czym grzesz\u0105, by wyzbywszy si\u0119 z\u0142o\u015bci, w Ciebie, Panie, uwierzyli.<\/b><\/span><\/span><\/span><\/p>\n<p align=\"justify\">\n<p align=\"justify\">\n<p align=\"justify\">\n<p align=\"justify\">\n<p align=\"justify\">\n<p align=\"justify\"><span style=\"color: #000000;\"><span style=\"font-family: Book Antiqua, serif;\"><span style=\"font-size: large;\"><b>CZYTANIE Z DRUGIEGO LISTU \u015aWI\u0118TEGO PAW\u0141A APOSTO\u0141A DO TESALONICZAN: <\/b><\/span><\/span><\/span><\/p>\n<p align=\"justify\"><span style=\"color: #000000;\"><span style=\"font-family: Book Antiqua, serif;\"><span style=\"font-size: large;\"><b>Bracia: Modlimy si\u0119 zawsze za was, aby B\u00f3g nasz uczyni\u0142 was godnymi swego wezwania, aby z moc\u0105 udoskonali\u0142 w was wszelkie pragnienie dobra oraz czyn p\u0142yn\u0105cy z wiary. Aby w was zosta\u0142o uwielbione imi\u0119 Pana naszego Jezusa Chrystusa, a wy w Nim, za \u0142ask\u0105 Boga naszego i Pana Jezusa Chrystusa. <\/b><\/span><\/span><\/span><\/p>\n<p align=\"justify\"><span style=\"color: #000000;\"><span style=\"font-family: Book Antiqua, serif;\"><span style=\"font-size: large;\"><b>W sprawie przyj\u015bcia Pana naszego Jezusa Chrystusa i naszego zgromadzenia wok\u00f3\u0142 Niego prosimy was, bracia, aby\u015bcie si\u0119 nie dali zbyt \u0142atwo zachwia\u0107 w waszym rozumieniu ani zastraszy\u0107 b\u0105d\u017a przez ducha, b\u0105d\u017a przez mow\u0119, b\u0105d\u017a przez list rzekomo od nas pochodz\u0105cy, jakoby ju\u017c nastawa\u0142 dzie\u0144 Pa\u0144ski.<\/b><\/span><\/span><\/span><\/p>\n<p align=\"justify\">\n<p align=\"justify\">\n<p align=\"justify\">\n<p align=\"justify\">\n<p align=\"justify\">\n<p align=\"justify\"><span style=\"color: #000000;\"><span style=\"font-family: Book Antiqua, serif;\"><span style=\"font-size: large;\"><b>S\u0141OWA EWANGELII WED\u0141UG \u015aWI\u0118TEGO \u0141UKASZA: <\/b><\/span><\/span><\/span><\/p>\n<p align=\"justify\"><span style=\"color: #000000;\"><span style=\"font-family: Book Antiqua, serif;\"><span style=\"font-size: large;\"><b>Jezus wszed\u0142 do Jerycha i przechodzi\u0142 przez miasto. A by\u0142 tam pewien cz\u0142owiek, imieniem Zacheusz, zwierzchnik celnik\u00f3w i bardzo bogaty. Chcia\u0142 on koniecznie zobaczy\u0107 Jezusa, kto to jest, ale nie m\u00f3g\u0142 z powodu t\u0142umu, gdy\u017c by\u0142 niskiego wzrostu. Pobieg\u0142 wi\u0119c naprz\u00f3d i wspi\u0105\u0142 si\u0119 na sykomor\u0119, aby m\u00f3c Go ujrze\u0107, tamt\u0119dy bowiem mia\u0142 przechodzi\u0107. <\/b><\/span><\/span><\/span><\/p>\n<p align=\"justify\"><span style=\"color: #000000;\"><span style=\"font-family: Book Antiqua, serif;\"><span style=\"font-size: large;\"><b>Gdy Jezus przyszed\u0142 na to miejsce, spojrza\u0142 w g\u00f3r\u0119 i rzek\u0142 do niego: \u201eZacheuszu, zejd\u017a pr\u0119dko, albowiem dzi\u015b musz\u0119 si\u0119 zatrzyma\u0107 w twoim domu\u201d. Zeszed\u0142 wi\u0119c z po\u015bpiechem i przyj\u0105\u0142 Go rozradowany. A wszyscy widz\u0105c to szemrali: \u201eDo grzesznika poszed\u0142 w go\u015bcin\u0119\u201d. <\/b><\/span><\/span><\/span><\/p>\n<p align=\"justify\"><span style=\"color: #000000;\"><span style=\"font-family: Book Antiqua, serif;\"><span style=\"font-size: large;\"><b>Lecz Zacheusz stan\u0105\u0142 i rzek\u0142 do Pana: \u201ePanie, oto po\u0142ow\u0119 mego maj\u0105tku daj\u0119 ubogim, a je\u015bli kogo w czym skrzywdzi\u0142em, zwracam poczw\u00f3rnie\u201d. <\/b><\/span><\/span><\/span><\/p>\n<p align=\"justify\"><span style=\"color: #000000;\"><span style=\"font-family: Book Antiqua, serif;\"><span style=\"font-size: large;\"><b>Na to Jezus rzek\u0142 do niego: \u201eDzi\u015b zbawienie sta\u0142o si\u0119 udzia\u0142em tego domu, gdy\u017c i on jest synem Abrahama. Albowiem Syn Cz\u0142owieczy przyszed\u0142 szuka\u0107 i zbawi\u0107 to, co zgin\u0119\u0142o\u201d.<\/b><\/span><\/span><\/span><\/p>\n<p align=\"justify\">\n<p align=\"justify\">\n<p align=\"justify\">\n<p align=\"justify\">\n<p align=\"justify\">\n<p align=\"justify\"><span style=\"color: #000000;\"><span style=\"font-family: Book Antiqua, serif;\"><span style=\"font-size: large;\">Zauwa\u017camy z pewno\u015bci\u0105 bardzo silny zwi\u0105zek tre\u015bciowy pomi\u0119dzy pierwszym dzisiejszym czytaniem, a Ewangeli\u0105. Mo\u017cna nawet powiedzie\u0107, \u017ce Ewangelia jest <b>dalszym ci\u0105giem<\/b> pierwszego czytania, jest ukonkretnieniem tre\u015bci pierwszego czytania. <\/span><\/span><\/span><\/p>\n<p align=\"justify\"><span style=\"color: #000000;\"><span style=\"font-family: Book Antiqua, serif;\"><span style=\"font-size: large;\">Oto bowiem, we fragmencie Ksi\u0119gi M\u0105dro\u015bci s\u0142yszymy przepi\u0119kn\u0105 modlitw\u0119 Autora natchnionego, kt\u00f3ry tymi oto s\u0142owami zwraca si\u0119 do Boga: <i><b>Nad wszystkim masz lito\u015b\u0107, bo wszystko w Twej mocy, i oczy zamykasz na grzechy ludzi, by si\u0119 nawr\u00f3cili. Mi\u0142ujesz bowiem wszystkie stworzenia, niczym si\u0119 nie brzydzisz, co uczyni\u0142e\u015b, bo gdyby\u015b mia\u0142 co\u015b w nienawi\u015bci, nie by\u0142by\u015b tego uczyni\u0142. Jak\u017ceby co\u015b trwa\u0107 mog\u0142o, gdyby\u015b Ty nie powo\u0142a\u0142 do bytu? Jak by si\u0119 zachowa\u0142o, czego by\u015b nie wezwa\u0142? Oszcz\u0119dzasz wszystko, bo to wszystko Twoje, Panie, mi\u0142o\u015bniku \u017cycia.<\/b><\/i><\/span><\/span><\/span><\/p>\n<p align=\"justify\"><span style=\"color: #000000;\"><span style=\"font-family: Book Antiqua, serif;\"><span style=\"font-size: large;\">A we fragmencie Ewangelii \u015awi\u0119tego \u0141ukasza s\u0142yszymy o <b>spotkaniu Jezusa z Zacheuszem. <\/b>A dok\u0142adniej: o <b>wproszeniu si\u0119<\/b> Jezusa do Zacheusza w go\u015bcin\u0119. I jak tu nie m\u00f3wi\u0107 \u2013 u\u017cywaj\u0105c stwierdze\u0144 Autora Ksi\u0119gi M\u0105dro\u015bci \u2013 \u017ce <b>B\u00f3g nie brzydzi si\u0119 cz\u0142owiekiem,<\/b> skoro Jezus okaza\u0142 serce komu\u015b, kim w\u0142a\u015bnie brzydzili si\u0119 jego rodacy? Jak\u017ce\u017c nie powiedzie\u0107, \u017ce <b>B\u00f3g oszcz\u0119dza cz\u0142owieka <\/b>\u2013 skoro widzimy, jak\u0105 szans\u0119 otrzyma\u0142 dzisiaj ten zdzierca i oszust, grzesznik do szpiku ko\u015bci, kt\u00f3ry jednak w jednej chwili sta\u0142 si\u0119 <b>kim\u015b zupe\u0142nie nowym, <\/b>zupe\u0142nie innym?\u2026 <\/span><\/span><\/span><\/p>\n<p align=\"justify\"><span style=\"color: #000000;\"><span style=\"font-family: Book Antiqua, serif;\"><span style=\"font-size: large;\">Jak\u017ce nie m\u00f3wi\u0107 o lito\u015bci, kt\u00f3r\u0105 B\u00f3g ma nad grzesznym \u015bwiatem, skoro ci\u0105gle tacy Zacheuszowie <b>otrzymuj\u0105<\/b> <b>nowe szanse <\/b>i mo\u017cliwo\u015b\u0107 zerwania z dotychczasowym \u017cyciem \u2013 zerwania po prostu z grzechem? W\u0142a\u015bnie w ten spos\u00f3b Ewangelista \u0141ukasz potwierdza swoim opisem prawdziwo\u015b\u0107 s\u0142\u00f3w Autora Ksi\u0119gi M\u0105dro\u015bci. <\/span><\/span><\/span><\/p>\n<p align=\"justify\"><span style=\"color: #000000;\"><span style=\"font-family: Book Antiqua, serif;\"><span style=\"font-size: large;\">Tak, B\u00f3g daje cz\u0142owiekowi szans\u0119. A nawet \u2013 je\u015bli si\u0119 trzyma\u0107 dok\u0142adniej tre\u015bci \u0141ukaszowej Ewangelii \u2013 <b>B\u00f3g sam szuka cz\u0142owieka,<\/b> dostrzega go zagubionego w g\u0105szczu problem\u00f3w, kt\u00f3re cz\u0142owiek sam sobie stworzy\u0142 \u2013 tak, jak Jezus dostrzeg\u0142 Zacheusza w g\u0105szczu konar\u00f3w drzewa, na kt\u00f3re ten si\u0119 wspi\u0105\u0142. W istocie, <b>Jezus wychodzi na spotkanie cz\u0142owieka,<\/b> szuka cz\u0142owieka, daje mu szans\u0119, zaprasza go do wsp\u00f3\u0142pracy, zaprasza go do zbawienia! <b>Nie brzydzi si\u0119 cz\u0142owiekiem<\/b> \u2013 chocia\u017c na pewno mia\u0142by milion powod\u00f3w, \u017ceby si\u0119 brzydzi\u0107. Ale On nigdy cz\u0142owieka nie przekre\u015bla, nigdy <b>nie odbiera mu nadziei<\/b> i szansy zbawienia. <\/span><\/span><\/span><\/p>\n<p align=\"justify\"><span style=\"color: #000000;\"><span style=\"font-family: Book Antiqua, serif;\"><span style=\"font-size: large;\">I to zapewne w tym kontek\u015bcie trzeba nam rozumie\u0107 s\u0142owa Aposto\u0142a Paw\u0142a z dzisiejszego drugiego czytania, z Listu do Tesaloniczan. Pisze on do nich tak: <i><b>Modlimy si\u0119 zawsze za was, aby B\u00f3g nasz uczyni\u0142 was godnymi swego wezwania, aby z moc\u0105 udoskonali\u0142 w was wszelkie pragnienie dobra oraz czyn p\u0142yn\u0105cy z wiary. Aby w was zosta\u0142o uwielbione imi\u0119 Pana naszego Jezusa Chrystusa, a wy w Nim, za \u0142ask\u0105 Boga naszego i Pana Jezusa Chrystusa.<\/b><\/i> Czyli o co modli si\u0119 Pawe\u0142 dla Tesaloniczan?<\/span><\/span><\/span><\/p>\n<p align=\"justify\"><span style=\"color: #000000;\"><span style=\"font-family: Book Antiqua, serif;\"><span style=\"font-size: large;\">A w\u0142a\u015bnie o to, aby nie zmarnowali szansy, jak\u0105 im daje B\u00f3g! Tyle znacz\u0105 s\u0142owa: <i><b>aby B\u00f3g nasz uczyni\u0142 was godnymi swego wezwania.<\/b><\/i><b> <\/b>Przecie\u017c my nigdy tak naprawd\u0119 nie b\u0119dziemy godni Jego wezwania! Nigdy! <b>Sami z siebie nie jeste\u015bmy w stanie zas\u0142u\u017cy\u0107<\/b> na to, by B\u00f3g o nas pami\u0119ta\u0142, by nam cokolwiek chcia\u0142 da\u0107, a ju\u017c tym bardziej \u2013 \u017ceby nam przebaczy\u0142 grzechy i otworzy\u0142 przed nami szans\u0119 zbawienia: niczym sami z siebie <b>nie jeste\u015bmy w stanie na to zas\u0142u\u017cy\u0107.<\/b> <\/span><\/span><\/span><\/p>\n<p align=\"justify\"><span style=\"color: #000000;\"><span style=\"font-family: Book Antiqua, serif;\"><span style=\"font-size: large;\">Tak, jak Zacheusz \u2013 czy\u017c zas\u0142u\u017cy\u0142 czymkolwiek na to, by Jezus zwr\u00f3ci\u0142 na niego uwag\u0119? Oczywi\u015bcie, \u017ce nie! To Jezus, <b>sam z siebie, chcia\u0142 na niego spojrze\u0107,<\/b> chcia\u0142 si\u0119 do niego zwr\u00f3ci\u0107, chcia\u0142 wreszcie wej\u015b\u0107 do jego domu. To by\u0142a od pocz\u0105tku do ko\u0144ca <b>inicjatywa<\/b> <b>Jezusa<\/b> i znak Jego <b>bezgranicznej mi\u0142o\u015bci<\/b> do cz\u0142owieka, nawet tak bardzo grzesznego. Zacheusz niczym na ni\u0105 nie by\u0142 w stanie zas\u0142u\u017cy\u0107 \u2013 wprost przeciwnie, gdyby tak <b>zmierzy\u0107 dok\u0142adnie jego \u201ezas\u0142ugi\u201d,<\/b> to raczej m\u00f3g\u0142by liczy\u0107 na co\u015b zupe\u0142nie innego, ni\u017c to, co otrzyma\u0142. <\/span><\/span><\/span><\/p>\n<p align=\"justify\"><span style=\"color: #000000;\"><span style=\"font-family: Book Antiqua, serif;\"><span style=\"font-size: large;\">I z nami rzecz si\u0119 ma podobnie: a czym\u017ce to <b>my jeste\u015bmy w stanie zas\u0142u\u017cy\u0107<\/b> na Bo\u017c\u0105 \u0142ask\u0119 i pomoc? Wiemy, \u017ce niczym, bo swoimi \u201ezas\u0142ugami\u201d bli\u017cej nam chyba do Zacheusza\u2026 A przecie\u017c, i my tak\u017ce <b>jeste\u015bmy przez Boga obdarowani<\/b> tak wieloma \u0142askami, w tym szczeg\u00f3lnie \u2013 \u0142ask\u0105 przebaczenia grzech\u00f3w. I te\u017c wszystkie te dary otrzymujemy od Boga <b>za darmo,<\/b> niczym nie zas\u0142uguj\u0105c na nie. <\/span><\/span><\/span><\/p>\n<p align=\"justify\"><span style=\"color: #000000;\"><span style=\"font-family: Book Antiqua, serif;\"><span style=\"font-size: large;\">Ale uwaga! Zacheusz \u2013 chocia\u017c na tak wielki dar niczym nie zas\u0142u\u017cy\u0142, to jednak <b>nie otrzyma\u0142 go te\u017c niejako wbrew sobie!<\/b> Pomimo ca\u0142ej swojej przewrotno\u015bci i zepsucia, on jednak w kt\u00f3rym\u015b momencie <b>zapragn\u0105\u0142 Jezusa zobaczy\u0107.<\/b> W jego sercu \u2013 nie wiedzie\u0107, sk\u0105d i dlaczego \u2013 pojawi\u0142o si\u0119 takie pragnienie. I on za tym pragnieniem poszed\u0142. Nagi\u0105\u0142 swego hardego karku na tyle, \u017ce <b>nie kr\u0119powa\u0142 si\u0119 wdrapa\u0107 na drzewo,<\/b> by zobaczy\u0107 Jezusa. W tym jego przewrotnym i grzesznym sercu <b>zatli\u0142a si\u0119 jaka\u015b dobra iskierka<\/b> \u2013 i on jej nie zgasi\u0142. Przeciwnie \u2013 pozwoli\u0142 jej zapali\u0107 serce gor\u0105cym pragnieniem przynajmniej zobaczenia Jezusa. <\/span><\/span><\/span><\/p>\n<p align=\"justify\"><span style=\"color: #000000;\"><span style=\"font-family: Book Antiqua, serif;\"><span style=\"font-size: large;\">A skoro Jezus zobaczy\u0142 u niego t\u0119 iskierk\u0119 dobrej woli, ten drobny pozytywny gest, to <b>da\u0142 mu znacznie wi\u0119cej! <\/b>Bo nie tylko pozwoli\u0142 mu ucieszy\u0107 si\u0119 swoim widokiem, ale da\u0142 mu mo\u017cliwo\u015b\u0107<b> osobistego ze sob\u0105 spotkania!<\/b> I tu mia\u0142 miejsce drugi dobry sygna\u0142 ze strony Zacheusza: <b>jego odpowied\u017a <\/b>na szans\u0119, jak\u0105 otrzyma\u0142 od Pana. On t\u0119 szans\u0119 dobrze wykorzysta\u0142 \u2013 postanowi\u0142 <b>zerwa\u0107 z dotychczasowym \u017cyciem,<\/b> zwr\u00f3ci\u0107 wszystko, co kiedy komu ukrad\u0142, a nawet wielokrotnie wynagrodzi\u0107 tym, kt\u00f3rych najbardziej skrzywdzi\u0142. <\/span><\/span><\/span><\/p>\n<p align=\"justify\"><span style=\"color: #000000;\"><span style=\"font-family: Book Antiqua, serif;\"><span style=\"font-size: large;\">Te dwa momenty: <b>pierwsze pragnienie<\/b> zobaczenia Jezusa i nast\u0119pnie <b>wyci\u0105gni\u0119cie wniosk\u00f3w<\/b> z gestu Jezusa \u2013 to chyba by\u0142o konieczne minimum ze strony Zacheusza, aby B\u00f3g m\u00f3g\u0142 w jego \u017cyciu dzia\u0142a\u0107. Po prostu, nie da\u0142o si\u0119 inaczej. <\/span><\/span><\/span><\/p>\n<p align=\"justify\"><span style=\"color: #000000;\"><span style=\"font-family: Book Antiqua, serif;\"><span style=\"font-size: large;\">I trzeba chyba wreszcie, aby\u015bmy i my to sobie u\u015bwiadomili i <b>zacz<\/b><b>\u0119li<\/b><b> g\u0142o\u015bno m\u00f3wi\u0107<\/b> \u2013 zw\u0142aszcza w tych naszych obecnych czasach \u2013 \u017ce sprawa relacji z cz\u0142owieka z Bogiem to nie wygl\u0105da tak, i\u017c B\u00f3g wychodzi do cz\u0142owieka i wychodzi, zaprasza go i zaprasza, kieruje do niego <b>wci\u0105\u017c nowe propozycje,<\/b> daje mu ci\u0105gle nowe szanse, a cz\u0142owiek \u2013 jak to rozkapryszone dziecko \u2013 <b>mo\u017ce przyjmie<\/b> te Bo\u017ce dary i szanse, <b>a mo\u017ce nie przyjmie\u2026<\/b> <\/span><\/span><\/span><\/p>\n<p align=\"justify\"><span style=\"color: #000000;\"><span style=\"font-family: Book Antiqua, serif;\"><span style=\"font-size: large;\">Mo\u017ce i zaprosi Jezusa do siebie, <b>ale mo\u017ce nie dzisiaj,<\/b> nie w tym tygodniu, bo akurat ma sporo zalicze\u0144 na uczelni\u2026 Ale i w tym miesi\u0105cu nie za bardzo, bo akurat tyle spraw na g\u0142owie w pracy i w domu \u2013 jak to ogarn\u0105\u0107?\u2026 A poza tym, je\u017celi ju\u017c nawet by si\u0119 tego Jezusa pos\u0142ucha\u0142o od biedy, to czy <b>naprawd\u0119 trzeba wszystko w swoim \u017cyciu zmienia\u0107?<\/b> Na g\u0142owie stawia\u0107? A nie da si\u0119 to jako\u015b inaczej: <b>pro\u015bciej i \u0142atwiej?<\/b> Po co to robi\u0107 rewolucj\u0119 w swoim \u017cyciu \u2013 nie jest dobrze tak, jak jest?<\/span><\/span><\/span><\/p>\n<p align=\"justify\"><span style=\"color: #000000;\"><span style=\"font-family: Book Antiqua, serif;\"><span style=\"font-size: large;\">Moi Drodzy, Zacheusz wygra\u0142 ca\u0142\u0105 spraw\u0119, a wr\u0119cz ca\u0142e swoje \u017cycie na tym, \u017ce dowiedziawszy si\u0119, i\u017c Jezus jest blisko, postanowi\u0142 \u2013 pchni\u0119ty jakim\u015b wewn\u0119trznym natchnieniem \u2013 <b>dobrze wykorzysta\u0107 t\u0119 chwil\u0119,<\/b> t\u0119 szans\u0119, nie zmarnowa\u0107 tego momentu. Mo\u017ce nawet jako\u015b intuicyjnie wyczu\u0142, \u017ce ju\u017c wi\u0119cej <b>podobn<\/b><b>a<\/b><b> szans<\/b><b>a<\/b><b> <\/b><b>nie b\u0119dzie mu dana<\/b><b>,<\/b> \u017ce taka okazja ju\u017c mu si\u0119 nie trafi\u2026 I dlatego zacz\u0105\u0142 dzia\u0142a\u0107. <\/span><\/span><\/span><\/p>\n<p align=\"justify\"><span style=\"color: #000000;\"><span style=\"font-family: Book Antiqua, serif;\"><span style=\"font-size: large;\">Okaza\u0142 si\u0119 w ten spos\u00f3b <b>godny Bo\u017cego wezwania<\/b> \u2013 jak to dzisiaj ujmuje Pawe\u0142, w drugim czytaniu. I je\u017celi Aposto\u0142 modli si\u0119 dla swoich uczni\u00f3w, <i><b>aby<\/b><\/i><b> <\/b><b>[B\u00f3g] <\/b><i><b>z moc\u0105 udoskonali\u0142 w <\/b><\/i><b>[nich]<\/b><b> <\/b><i><b>wszelkie pragnienie dobra oraz czyn p\u0142yn\u0105cy z wiary,<\/b><\/i><b> <\/b>to w\u0142a\u015bnie dok\u0142adnie to mia\u0142o miejsce w \u017cyciu Zacheusza: <b>pragnienie dobra \u2013 i czyn p\u0142yn\u0105cy z wiary.<\/b> Dwa nieod\u0142\u0105czne elementy: dobre pragnienie \u2013 i konkretny czyn. I Jezusowi <b>tyle wystarczy\u0142o.<\/b> Ale te\u017c \u2013 <b>tyle by\u0142o konieczne.<\/b> Dlaczego o tym m\u00f3wimy?<\/span><\/span><\/span><\/p>\n<p align=\"justify\"><span style=\"color: #000000;\"><span style=\"font-family: Book Antiqua, serif;\"><span style=\"font-size: large;\">Bo my \u2013 duszpasterze, ale i rodzice i wychowawcy \u2013 <b>zach\u0119camy <\/b><b>innych<\/b><b> do wiary,<\/b> do powrotu do Boga, do spe\u0142niania religijnych praktyk; zach\u0119camy wiernych <b>do <\/b><b>systematycznej S<\/b><b>powi<\/b><b>edzi,<\/b><b> <\/b>organizujemy tak\u0105 mo\u017cliwo\u015b\u0107 w\u0142a\u015bciwie ka\u017cdego dnia; zach\u0119camy do <b>aktywno\u015bci w r\u00f3\u017cnych formach<\/b> <b>duszpasterskich<\/b> i wsp\u00f3lnotach; proponujemy to i owo; student\u00f3w zapraszamy do w\u0142\u0105czenia si\u0119 w dzia\u0142alno\u015b\u0107 duszpasterstwa akademickiego\u2026 <\/span><\/span><\/span><\/p>\n<p align=\"justify\"><span style=\"color: #000000;\"><span style=\"font-family: Book Antiqua, serif;\"><span style=\"font-size: large;\">Ale i sam fakt, \u017ce w naszej Ojczy\u017anie ka\u017cdy, je\u015bli tylko chce, <b>mo\u017ce uczestniczy\u0107 w ka\u017cd\u0105 niedziel\u0119 we Mszy \u015awi\u0119tej,<\/b> bo do ko\u015bcio\u0142a nie musi jecha\u0107 setki kilometr\u00f3w, a jednocze\u015bnie: nikt do niego nie strzela za to, \u017ce wyznaje swoj\u0105 wiar\u0119 i idzie do ko\u015bcio\u0142a \u2013 <b>to te\u017c jaka\u015b zach\u0119ta. <\/b><\/span><\/span><\/span><\/p>\n<p align=\"justify\"><span style=\"color: #000000;\"><span style=\"font-family: Book Antiqua, serif;\"><span style=\"font-size: large;\">I niekiedy mamy wra\u017cenie, \u017ce to nasze zach\u0119canie nic nie daje, nie przynosi \u017cadnych efekt\u00f3w: <b>coraz mniej ludzi <\/b><b>chodzi do ko\u015bcio\u0142a<\/b><b>,<\/b> coraz mniej ludzi, zw\u0142aszcza m\u0142odych, anga\u017cuje si\u0119 we wsp\u00f3lnoty, zmniejszaj\u0105 si\u0119 nasze ekipy lektorskie i ministranckie, studenci <b>coraz mniej w og\u00f3le widz\u0105 potrzeb\u0119<\/b> jakiegokolwiek duszpasterstwa akademickiego\u2026 I c\u00f3\u017c mamy robi\u0107 \u2013 my, duszpasterze, ale i rodzice, i wychowawcy; ale i ma\u0142\u017conkowie, zatroskani o swoich wsp\u00f3\u0142ma\u0142\u017conk\u00f3w \u2013 <b>c<\/b><b>\u00f3\u017c mamy robi\u0107? <\/b>Wychodzi\u0107 z nowymi propozycjami, zaproszeniami? <\/span><\/span><\/span><\/p>\n<p align=\"justify\"><span style=\"color: #000000;\"><span style=\"font-family: Book Antiqua, serif;\"><span style=\"font-size: large;\">Tak, na pewno <b>poszukiwa\u0107 wci\u0105\u017c nowych<\/b> form dotarcia do serca drugiego cz\u0142owieka, prosz\u0105c przy tym o \u015bwiat\u0142o Ducha \u015awi\u0119tego. Powinni\u015bmy w og\u00f3le <b>modli\u0107 si\u0119 za swoich podopiecznych,<\/b> a do tego \u2013 stale czuwa\u0107 <b>nad swoim ci\u0105g\u0142ym nawracaniem si\u0119,<\/b> aby by\u0107 dla nich dobrym przyk\u0142adem. Ale te\u017c musimy sobie u\u015bwiadomi\u0107 \u2013 i bardzo jasno to w tym momencie powiedzie\u0107 \u2013 \u017ce wszystko to mo\u017cemy robi\u0107 <b>do pewnej granicy,<\/b> poza kt\u00f3r\u0105 \u2013 ju\u017c ani kroku dalej!. Co jest t\u0105 granic\u0105? <\/span><\/span><\/span><\/p>\n<p align=\"justify\"><span style=\"color: #000000;\"><span style=\"font-family: Book Antiqua, serif;\"><span style=\"font-size: large;\"><b>Wolno\u015b\u0107 i odpowiedzialno\u015b\u0107 drugiego cz\u0142owieka.<\/b> Nasza dobra wola i nasze zaproszenie \u2013 oczywi\u015bcie, kierowane w imieniu Jezusa \u2013 <b>musz\u0105 si\u0119 spotka\u0107 z dobr\u0105 wol\u0105<\/b> i przynajmniej minimalnym dobrym gestem, pozytywnym sygna\u0142em, ze strony tego drugiego cz\u0142owieka; z jego krokiem w nasz\u0105 stron\u0119. Tak samo, jak i <b>nasza dobra wola musi by\u0107 odpowiedzi\u0105<\/b> na propozycje i zaproszenia, do nas kierowane. Je\u017celi tej dobrej woli ze strony drugiego zabraknie \u2013 trzeba uzna\u0107, \u017ce <b>na tym etapie pozostaje <\/b><b>nasza <\/b><b>modlitwa<\/b> i ofiarowanie osobistych cierpie\u0144 i \u017cyciowych do\u015bwiadcze\u0144, \u017cyciowych krzy\u017cyk\u00f3w, w intencji tej\u017ce osoby. <\/span><\/span><\/span><\/p>\n<p align=\"justify\"><span style=\"color: #000000;\"><span style=\"font-family: Book Antiqua, serif;\"><span style=\"font-size: large;\">Natomiast absolutnie <b>nie mo\u017cna nikogo zmusza\u0107 do wiary,<\/b> zmusza\u0107 do p\u00f3j\u015bcia za Jezusem. Niestety, w danym momencie trzeba z przykro\u015bci\u0105 stwierdzi\u0107, \u017ce <b>na razie nie mo\u017cna zrobi\u0107 nic wi\u0119cej.<\/b> Osoba ta <b>musi dojrze\u0107 <\/b>do tego, by przyj\u0105\u0107 zaproszenie. Dlatego w\u0142a\u015bnie potrzeba modlitwy. I \u2013 je\u015bli si\u0119 zdarzy okazja \u2013 wyj\u015bcia z nowym zaproszeniem, <b>ale nie na si\u0142\u0119 i nie w spos\u00f3b agresywny,<\/b> z krzykiem i przekle\u0144stwami, czy w jaki\u015b podobny spos\u00f3b. Nic z tych rzeczy! <\/span><\/span><\/span><\/p>\n<p align=\"justify\"><span style=\"color: #000000;\"><span style=\"font-family: Book Antiqua, serif;\"><span style=\"font-size: large;\">Moi Drodzy, naprawd\u0119 w relacji dwojga os\u00f3b nie jest mo\u017cliwe, \u017ceby <b>jedna osoba zrobi\u0142a wszystko za dwie osoby.<\/b> Ka\u017cda ze stron musi co\u015b z siebie da\u0107, musi zrobi\u0107 krok. Podobnie jest w relacjach cz\u0142owieka z Bogiem: B\u00f3g daje z siebie, ile mo\u017ce, ale <b>nie zrobi wszystkiego za cz\u0142owieka.<\/b> Wszak cz\u0142owiek jest wolny \u2013 takim go uczyni\u0142 B\u00f3g, dlatego na pewno nie odbierze mu wolno\u015bci, kt\u00f3r\u0105 mu sam da\u0142. Wprost przeciwnie \u2013 <b>uszanuje j\u0105 w ca\u0142ej pe\u0142ni.<\/b> <\/span><\/span><\/span><\/p>\n<p align=\"justify\"><span style=\"color: #000000;\"><span style=\"font-family: Book Antiqua, serif;\"><span style=\"font-size: large;\">Nawet, je\u015bli w imi\u0119 tej wolno\u015bci <b>cz\u0142owiek Boga odrzuci<\/b> \u2013 B\u00f3g to uszanuje. Na pewno, z wielkim \u017calem i przykro\u015bci\u0105, ale jednak! Tak bardzo bowiem <b>powa\u017cnie traktuje cz\u0142owieka,<\/b> \u017ce najpierw obdarzy\u0142 go wolno\u015bci\u0105, a teraz szanuje jego wybory, dokonywane w imi\u0119 tej wolno\u015bci. I do niczego cz\u0142owieka nie zmusza. Natomiast przyjmuje ka\u017cdy, <b>cho\u0107by najmniejszy gest dobrej woli<\/b> ze strony cz\u0142owieka, aby mu pom\u00f3c. Tak, jak to by\u0142o w przypadku Zacheusza. <\/span><\/span><\/span><\/p>\n<p align=\"justify\"><span style=\"color: #000000;\"><span style=\"font-family: Book Antiqua, serif;\"><span style=\"font-size: large;\">Warto o tym pami\u0119ta\u0107, moi Drodzy, gdy idzie <b>o nasz\u0105 osobist\u0105 odpowied\u017a<\/b> na Bo\u017ce zaproszenia i inicjatywy, ale te\u017c w sytuacjach, kiedy to my, w imi\u0119 Bo\u017ce, wychodzimy do innych z dobrymi propozycjami: my tak\u017ce <b>musimy uzna\u0107 wolno\u015b\u0107 drugiego cz\u0142owieka.<\/b> I nie zmusza\u0107 go do niczego, a jednocze\u015bnie \u2013 nie oskar\u017ca\u0107 si\u0119 o to, \u017ce nasze zaproszenia i gesty dobrej woli pozostaj\u0105 bez odzewu. Pokre\u015blmy jeszcze raz: <b>ka\u017cdy jest wolny i odpowiada za siebie.<\/b> Odpowiada za siebie ju\u017c teraz \u2013 ale te\u017c odpowie <b>kiedy\u015b, na Bo\u017cym S\u0105dzie. <\/b>Ka\u017cdy \u2013 sam za siebie. <\/span><\/span><\/span><\/p>\n<p align=\"justify\"><span style=\"color: #000000;\"><span style=\"font-family: Book Antiqua, serif;\"><span style=\"font-size: large;\">Tak, wiem, o tym si\u0119 teraz niech\u0119tnie m\u00f3wi i s\u0142ucha, a nawet cz\u0119sto wy\u015bmiewani s\u0105 ci, kt\u00f3rzy o tym przypominaj\u0105 \u2013 zarzuca si\u0119 im, \u017ce <b>strasz\u0105 s\u0105dem, strasz\u0105 piek\u0142em,<\/b> \u017ce to jakie\u015b \u201e\u015bredniowiecze\u201d, bo rzekomo teraz powinno si\u0119 inaczej m\u00f3wi\u0107, inaczej naucza\u0107\u2026 <\/span><\/span><\/span><\/p>\n<p align=\"justify\"><span style=\"color: #000000;\"><span style=\"font-family: Book Antiqua, serif;\"><span style=\"font-size: large;\">Nie, zawsze powinno si\u0119 m\u00f3wi\u0107 <b>zgodnie z prawd\u0105, czyli zgodnie z tym, czego naucza\u0142 Jezus! <\/b>A On naucza\u0142 jasno i konkretnie, czasami wr\u0119cz radykalnie. A id\u0105c dzi\u015b w go\u015bcin\u0119 do Zacheusza, wyra\u017anie pokaza\u0142 nam, jakie postawy popiera i co, w zwi\u0105zku z tym, my powinni\u015bmy robi\u0107\u2026 <\/span><\/span><\/span><\/p>\n<p align=\"justify\"><span style=\"color: #000000;\"><span style=\"font-family: Book Antiqua, serif;\"><span style=\"font-size: large;\">Zreszt\u0105, my tak naprawd\u0119 <b>dobrze wiemy, co mamy robi\u0107<\/b> i jak odpowiada\u0107 na Jezusowe zaproszenia\u2026 <\/span><\/span><\/span><\/p>\n","protected":false},"excerpt":{"rendered":"<p>Niech b\u0119dzie pochwalony Jezus Chrystus! Moi Drodzy, w dniu dzisiejszym imieniny prze\u017cywa Sylwia Tomaszek, moja Kole\u017canka z czasu wsp\u00f3lnej pracy w Liceum Lelewela w \u017belechowie, a obecnie Dyrektor tego\u017c Liceum; a tak\u017ce Hubert Maksymiuk, zaanga\u017cowany w swoim czasie w dzia\u0142alno\u015b\u0107 m\u0142odzie\u017cow\u0105. \u017bycz\u0119 Solenizantom, aby zawsze z gor\u0105cym sercem odpowiadali pozytywnie na wszystkie Bo\u017ce zaproszenia i [&hellip;]<\/p>\n","protected":false},"author":1,"featured_media":0,"comment_status":"open","ping_status":"open","sticky":false,"template":"","format":"standard","meta":{"jetpack_post_was_ever_published":false,"_jetpack_newsletter_access":"","_jetpack_dont_email_post_to_subs":false,"_jetpack_newsletter_tier_id":0,"_jetpack_memberships_contains_paywalled_content":false,"_jetpack_memberships_contains_paid_content":false,"footnotes":""},"categories":[1],"tags":[],"class_list":["post-16056","post","type-post","status-publish","format-standard","hentry","category-bez-kategorii"],"yoast_head":"<!-- This site is optimized with the Yoast SEO plugin v25.1 - https:\/\/yoast.com\/wordpress\/plugins\/seo\/ -->\n<title>Pragnienie dobra - i czyn, p\u0142yn\u0105cy z wiary - Gaudium Et Spes<\/title>\n<meta name=\"robots\" content=\"index, follow, max-snippet:-1, max-image-preview:large, max-video-preview:-1\" \/>\n<link rel=\"canonical\" href=\"https:\/\/gaudiumetspes-blog.pl\/index.php\/2019\/11\/03\/pragnienie-dobra-i-czyn-plynacy-z-wiary\/\" \/>\n<meta property=\"og:locale\" content=\"pl_PL\" \/>\n<meta property=\"og:type\" content=\"article\" \/>\n<meta property=\"og:title\" content=\"Pragnienie dobra - i czyn, p\u0142yn\u0105cy z wiary - Gaudium Et Spes\" \/>\n<meta property=\"og:description\" content=\"Niech b\u0119dzie pochwalony Jezus Chrystus! Moi Drodzy, w dniu dzisiejszym imieniny prze\u017cywa Sylwia Tomaszek, moja Kole\u017canka z czasu wsp\u00f3lnej pracy w Liceum Lelewela w \u017belechowie, a obecnie Dyrektor tego\u017c Liceum; a tak\u017ce Hubert Maksymiuk, zaanga\u017cowany w swoim czasie w dzia\u0142alno\u015b\u0107 m\u0142odzie\u017cow\u0105. \u017bycz\u0119 Solenizantom, aby zawsze z gor\u0105cym sercem odpowiadali pozytywnie na wszystkie Bo\u017ce zaproszenia i [&hellip;]\" \/>\n<meta property=\"og:url\" content=\"https:\/\/gaudiumetspes-blog.pl\/index.php\/2019\/11\/03\/pragnienie-dobra-i-czyn-plynacy-z-wiary\/\" \/>\n<meta property=\"og:site_name\" content=\"Gaudium Et Spes\" \/>\n<meta property=\"article:published_time\" content=\"2019-11-03T06:15:25+00:00\" \/>\n<meta name=\"author\" content=\"Ks. Jacek\" \/>\n<meta name=\"twitter:card\" content=\"summary_large_image\" \/>\n<meta name=\"twitter:label1\" content=\"Napisane przez\" \/>\n\t<meta name=\"twitter:data1\" content=\"Ks. Jacek\" \/>\n\t<meta name=\"twitter:label2\" content=\"Szacowany czas czytania\" \/>\n\t<meta name=\"twitter:data2\" content=\"15 minut\" \/>\n<script type=\"application\/ld+json\" class=\"yoast-schema-graph\">{\"@context\":\"https:\/\/schema.org\",\"@graph\":[{\"@type\":\"WebPage\",\"@id\":\"https:\/\/gaudiumetspes-blog.pl\/index.php\/2019\/11\/03\/pragnienie-dobra-i-czyn-plynacy-z-wiary\/\",\"url\":\"https:\/\/gaudiumetspes-blog.pl\/index.php\/2019\/11\/03\/pragnienie-dobra-i-czyn-plynacy-z-wiary\/\",\"name\":\"Pragnienie dobra - i czyn, p\u0142yn\u0105cy z wiary - Gaudium Et Spes\",\"isPartOf\":{\"@id\":\"https:\/\/gaudiumetspes-blog.pl\/#website\"},\"datePublished\":\"2019-11-03T06:15:25+00:00\",\"author\":{\"@id\":\"https:\/\/gaudiumetspes-blog.pl\/#\/schema\/person\/1661982992b752dea8dff0d4ed845a65\"},\"breadcrumb\":{\"@id\":\"https:\/\/gaudiumetspes-blog.pl\/index.php\/2019\/11\/03\/pragnienie-dobra-i-czyn-plynacy-z-wiary\/#breadcrumb\"},\"inLanguage\":\"pl-PL\",\"potentialAction\":[{\"@type\":\"ReadAction\",\"target\":[\"https:\/\/gaudiumetspes-blog.pl\/index.php\/2019\/11\/03\/pragnienie-dobra-i-czyn-plynacy-z-wiary\/\"]}]},{\"@type\":\"BreadcrumbList\",\"@id\":\"https:\/\/gaudiumetspes-blog.pl\/index.php\/2019\/11\/03\/pragnienie-dobra-i-czyn-plynacy-z-wiary\/#breadcrumb\",\"itemListElement\":[{\"@type\":\"ListItem\",\"position\":1,\"name\":\"Strona g\u0142\u00f3wna\",\"item\":\"https:\/\/gaudiumetspes-blog.pl\/\"},{\"@type\":\"ListItem\",\"position\":2,\"name\":\"Pragnienie dobra &#8211; i&nbsp;czyn, p\u0142yn\u0105cy z&nbsp;wiary\"}]},{\"@type\":\"WebSite\",\"@id\":\"https:\/\/gaudiumetspes-blog.pl\/#website\",\"url\":\"https:\/\/gaudiumetspes-blog.pl\/\",\"name\":\"Gaudium Et Spes\",\"description\":\"Blog Ks. Jacka Ja\u015bkowskiego\",\"potentialAction\":[{\"@type\":\"SearchAction\",\"target\":{\"@type\":\"EntryPoint\",\"urlTemplate\":\"https:\/\/gaudiumetspes-blog.pl\/?s={search_term_string}\"},\"query-input\":{\"@type\":\"PropertyValueSpecification\",\"valueRequired\":true,\"valueName\":\"search_term_string\"}}],\"inLanguage\":\"pl-PL\"},{\"@type\":\"Person\",\"@id\":\"https:\/\/gaudiumetspes-blog.pl\/#\/schema\/person\/1661982992b752dea8dff0d4ed845a65\",\"name\":\"Ks. Jacek\",\"image\":{\"@type\":\"ImageObject\",\"inLanguage\":\"pl-PL\",\"@id\":\"https:\/\/gaudiumetspes-blog.pl\/#\/schema\/person\/image\/\",\"url\":\"https:\/\/gaudiumetspes-blog.pl\/wp-content\/uploads\/2019\/07\/avatar-JJ-150x150.jpg\",\"contentUrl\":\"https:\/\/gaudiumetspes-blog.pl\/wp-content\/uploads\/2019\/07\/avatar-JJ-150x150.jpg\",\"caption\":\"Ks. Jacek\"},\"description\":\"Witam serdecznie! K\u0142ania si\u0119 Ks. Jacek Ja\u015bkowski. Nie jestem ani kim\u015b wa\u017cnym, ani kim\u015b znanym. Jestem ksi\u0119dzem, kt\u00f3ry po prostu chce rozmawia\u0107. Codzienna kap\u0142a\u0144ska pos\u0142uga pokazuje mi, \u017ce temat\u00f3w do rozm\u00f3w z ksi\u0119dzem jest coraz wi\u0119cej i dzisiaj \u017caden ksi\u0105dz nie mo\u017ce od nich ucieka\u0107, ale - wprost przeciwnie - podejmowa\u0107 nowe wyzwania. To przekonanie sk\u0142oni\u0142o mnie do pr\u00f3by otwarcia tego\u017c bloga, chocia\u017c okazji do rozm\u00f3w na co dzie\u0144 - w konfesjonale i poza nim - na szcz\u0119\u015bcie nie brakuje. My\u015bl\u0119 jednak, \u017ce ten blog b\u0119dzie jeszcze jednym sposobem i przestrzeni\u0105 nawi\u0105zania kontaktu z lud\u017ami dobrej woli, otwartymi na dialog.\",\"url\":\"https:\/\/gaudiumetspes-blog.pl\/index.php\/author\/ks-jacek\/\"}]}<\/script>\n<!-- \/ Yoast SEO plugin. -->","yoast_head_json":{"title":"Pragnienie dobra - i czyn, p\u0142yn\u0105cy z wiary - Gaudium Et Spes","robots":{"index":"index","follow":"follow","max-snippet":"max-snippet:-1","max-image-preview":"max-image-preview:large","max-video-preview":"max-video-preview:-1"},"canonical":"https:\/\/gaudiumetspes-blog.pl\/index.php\/2019\/11\/03\/pragnienie-dobra-i-czyn-plynacy-z-wiary\/","og_locale":"pl_PL","og_type":"article","og_title":"Pragnienie dobra - i czyn, p\u0142yn\u0105cy z wiary - Gaudium Et Spes","og_description":"Niech b\u0119dzie pochwalony Jezus Chrystus! Moi Drodzy, w dniu dzisiejszym imieniny prze\u017cywa Sylwia Tomaszek, moja Kole\u017canka z czasu wsp\u00f3lnej pracy w Liceum Lelewela w \u017belechowie, a obecnie Dyrektor tego\u017c Liceum; a tak\u017ce Hubert Maksymiuk, zaanga\u017cowany w swoim czasie w dzia\u0142alno\u015b\u0107 m\u0142odzie\u017cow\u0105. \u017bycz\u0119 Solenizantom, aby zawsze z gor\u0105cym sercem odpowiadali pozytywnie na wszystkie Bo\u017ce zaproszenia i [&hellip;]","og_url":"https:\/\/gaudiumetspes-blog.pl\/index.php\/2019\/11\/03\/pragnienie-dobra-i-czyn-plynacy-z-wiary\/","og_site_name":"Gaudium Et Spes","article_published_time":"2019-11-03T06:15:25+00:00","author":"Ks. Jacek","twitter_card":"summary_large_image","twitter_misc":{"Napisane przez":"Ks. Jacek","Szacowany czas czytania":"15 minut"},"schema":{"@context":"https:\/\/schema.org","@graph":[{"@type":"WebPage","@id":"https:\/\/gaudiumetspes-blog.pl\/index.php\/2019\/11\/03\/pragnienie-dobra-i-czyn-plynacy-z-wiary\/","url":"https:\/\/gaudiumetspes-blog.pl\/index.php\/2019\/11\/03\/pragnienie-dobra-i-czyn-plynacy-z-wiary\/","name":"Pragnienie dobra - i czyn, p\u0142yn\u0105cy z wiary - Gaudium Et Spes","isPartOf":{"@id":"https:\/\/gaudiumetspes-blog.pl\/#website"},"datePublished":"2019-11-03T06:15:25+00:00","author":{"@id":"https:\/\/gaudiumetspes-blog.pl\/#\/schema\/person\/1661982992b752dea8dff0d4ed845a65"},"breadcrumb":{"@id":"https:\/\/gaudiumetspes-blog.pl\/index.php\/2019\/11\/03\/pragnienie-dobra-i-czyn-plynacy-z-wiary\/#breadcrumb"},"inLanguage":"pl-PL","potentialAction":[{"@type":"ReadAction","target":["https:\/\/gaudiumetspes-blog.pl\/index.php\/2019\/11\/03\/pragnienie-dobra-i-czyn-plynacy-z-wiary\/"]}]},{"@type":"BreadcrumbList","@id":"https:\/\/gaudiumetspes-blog.pl\/index.php\/2019\/11\/03\/pragnienie-dobra-i-czyn-plynacy-z-wiary\/#breadcrumb","itemListElement":[{"@type":"ListItem","position":1,"name":"Strona g\u0142\u00f3wna","item":"https:\/\/gaudiumetspes-blog.pl\/"},{"@type":"ListItem","position":2,"name":"Pragnienie dobra &#8211; i&nbsp;czyn, p\u0142yn\u0105cy z&nbsp;wiary"}]},{"@type":"WebSite","@id":"https:\/\/gaudiumetspes-blog.pl\/#website","url":"https:\/\/gaudiumetspes-blog.pl\/","name":"Gaudium Et Spes","description":"Blog Ks. Jacka Ja\u015bkowskiego","potentialAction":[{"@type":"SearchAction","target":{"@type":"EntryPoint","urlTemplate":"https:\/\/gaudiumetspes-blog.pl\/?s={search_term_string}"},"query-input":{"@type":"PropertyValueSpecification","valueRequired":true,"valueName":"search_term_string"}}],"inLanguage":"pl-PL"},{"@type":"Person","@id":"https:\/\/gaudiumetspes-blog.pl\/#\/schema\/person\/1661982992b752dea8dff0d4ed845a65","name":"Ks. Jacek","image":{"@type":"ImageObject","inLanguage":"pl-PL","@id":"https:\/\/gaudiumetspes-blog.pl\/#\/schema\/person\/image\/","url":"https:\/\/gaudiumetspes-blog.pl\/wp-content\/uploads\/2019\/07\/avatar-JJ-150x150.jpg","contentUrl":"https:\/\/gaudiumetspes-blog.pl\/wp-content\/uploads\/2019\/07\/avatar-JJ-150x150.jpg","caption":"Ks. Jacek"},"description":"Witam serdecznie! K\u0142ania si\u0119 Ks. Jacek Ja\u015bkowski. Nie jestem ani kim\u015b wa\u017cnym, ani kim\u015b znanym. Jestem ksi\u0119dzem, kt\u00f3ry po prostu chce rozmawia\u0107. Codzienna kap\u0142a\u0144ska pos\u0142uga pokazuje mi, \u017ce temat\u00f3w do rozm\u00f3w z ksi\u0119dzem jest coraz wi\u0119cej i dzisiaj \u017caden ksi\u0105dz nie mo\u017ce od nich ucieka\u0107, ale - wprost przeciwnie - podejmowa\u0107 nowe wyzwania. To przekonanie sk\u0142oni\u0142o mnie do pr\u00f3by otwarcia tego\u017c bloga, chocia\u017c okazji do rozm\u00f3w na co dzie\u0144 - w konfesjonale i poza nim - na szcz\u0119\u015bcie nie brakuje. My\u015bl\u0119 jednak, \u017ce ten blog b\u0119dzie jeszcze jednym sposobem i przestrzeni\u0105 nawi\u0105zania kontaktu z lud\u017ami dobrej woli, otwartymi na dialog.","url":"https:\/\/gaudiumetspes-blog.pl\/index.php\/author\/ks-jacek\/"}]}},"jetpack_featured_media_url":"","jetpack_sharing_enabled":true,"_links":{"self":[{"href":"https:\/\/gaudiumetspes-blog.pl\/index.php\/wp-json\/wp\/v2\/posts\/16056","targetHints":{"allow":["GET"]}}],"collection":[{"href":"https:\/\/gaudiumetspes-blog.pl\/index.php\/wp-json\/wp\/v2\/posts"}],"about":[{"href":"https:\/\/gaudiumetspes-blog.pl\/index.php\/wp-json\/wp\/v2\/types\/post"}],"author":[{"embeddable":true,"href":"https:\/\/gaudiumetspes-blog.pl\/index.php\/wp-json\/wp\/v2\/users\/1"}],"replies":[{"embeddable":true,"href":"https:\/\/gaudiumetspes-blog.pl\/index.php\/wp-json\/wp\/v2\/comments?post=16056"}],"version-history":[{"count":1,"href":"https:\/\/gaudiumetspes-blog.pl\/index.php\/wp-json\/wp\/v2\/posts\/16056\/revisions"}],"predecessor-version":[{"id":16057,"href":"https:\/\/gaudiumetspes-blog.pl\/index.php\/wp-json\/wp\/v2\/posts\/16056\/revisions\/16057"}],"wp:attachment":[{"href":"https:\/\/gaudiumetspes-blog.pl\/index.php\/wp-json\/wp\/v2\/media?parent=16056"}],"wp:term":[{"taxonomy":"category","embeddable":true,"href":"https:\/\/gaudiumetspes-blog.pl\/index.php\/wp-json\/wp\/v2\/categories?post=16056"},{"taxonomy":"post_tag","embeddable":true,"href":"https:\/\/gaudiumetspes-blog.pl\/index.php\/wp-json\/wp\/v2\/tags?post=16056"}],"curies":[{"name":"wp","href":"https:\/\/api.w.org\/{rel}","templated":true}]}}