{"id":16058,"date":"2019-11-04T05:37:58","date_gmt":"2019-11-04T04:37:58","guid":{"rendered":"https:\/\/gaudiumetspes-blog.pl\/?p=16058"},"modified":"2019-11-04T05:37:58","modified_gmt":"2019-11-04T04:37:58","slug":"nieodwolalne-wezwania-boze","status":"publish","type":"post","link":"https:\/\/gaudiumetspes-blog.pl\/index.php\/2019\/11\/04\/nieodwolalne-wezwania-boze\/","title":{"rendered":"Nieodwo\u0142alne wezwania Bo\u017ce"},"content":{"rendered":"<p align=\"justify\"><span style=\"color: #000000;\"><span style=\"font-family: Book Antiqua, serif;\"><span style=\"font-size: large;\">Szcz\u0119\u015b\u0107 Bo\u017ce! Moi Drodzy, w dniu dzisiejszym <b>imieniny prze\u017cywa Karol Or\u0142owski, nasz poprzedni Gospodarz w Szklarskiej Por\u0119bie. Dzi\u0119kuj\u0105c za wielk\u0105 \u017cyczliwo\u015b\u0107 i nasz\u0105 wieloletni\u0105 przyja\u017a\u0144, \u017cycz\u0119 ci\u0105g\u0142ego do\u015bwiadczania Bo\u017cej \u0142askawo\u015bci we wszyst<\/b>kich okoliczno\u015bciach \u017cycia! I zapewniam o mojej modlitwie!<\/span><\/span><\/span><\/p>\n<p align=\"justify\"><span style=\"color: #000000;\"><span style=\"font-family: Book Antiqua, serif;\"><span style=\"font-size: large;\">Dzisiejszy dzie\u0144 to r\u00f3wnie\u017c imieniny Jana Paw\u0142a II. Mo\u017ce warto zaprosi\u0107 Go dzisiaj do naszych serc i dom\u00f3w \u2013 cho\u0107by przez przywo\u0142anie Jego nauczania, albo szczeg\u00f3ln\u0105 modlitw\u0119 przez Jego wstawiennictwo?\u2026 <\/span><\/span><\/span><\/p>\n<p align=\"justify\"><span style=\"color: #000000;\"><span style=\"font-family: Book Antiqua, serif;\"><span style=\"font-size: large;\">Moi Drodzy, pami\u0119tajcie o Zmar\u0142ych \u2013 odwiedzajcie cmentarze, zyskujcie dla Nich odpusty. Ci nasi bliscy naprawd\u0119 bardzo na nas licz\u0105\u2026 <\/span><\/span><\/span><\/p>\n<p align=\"justify\"><span style=\"color: #000000;\"><span style=\"font-family: Book Antiqua, serif;\"><span style=\"font-size: large;\">B\u0142ogos\u0142awionego dnia!<\/span><\/span><\/span><\/p>\n<p align=\"center\"><span style=\"color: #000000;\"><span style=\"font-family: Book Antiqua, serif;\"><span style=\"font-size: large;\">Gaudium et spes! Ks. Jacek<\/span><\/span><\/span><\/p>\n<p align=\"center\">\n<p align=\"center\">\n<p align=\"center\">\n<p align=\"center\">\n<p align=\"center\">\n<p align=\"justify\"><span style=\"color: #000000;\"><span style=\"font-family: Book Antiqua, serif;\"><span style=\"font-size: large;\"><b>Poniedzia\u0142ek 31 Tygodnia zwyk\u0142ego, rok I,<\/b><\/span><\/span><\/span><\/p>\n<p align=\"justify\"><span style=\"color: #000000;\"><span style=\"font-family: Book Antiqua, serif;\"><span style=\"font-size: large;\"><b>Wspomnienie \u015aw. Karola Boromeusza, Biskupa,<\/b><\/span><\/span><\/span><\/p>\n<p align=\"justify\"><span style=\"color: #000000;\"><span style=\"font-family: Book Antiqua, serif;\"><span style=\"font-size: large;\"><b>do czyta\u0144: Rz 11,29\u201336; \u0141k 14,12\u201314<\/b><\/span><\/span><\/span><\/p>\n<p align=\"justify\">\n<p align=\"justify\">\n<p align=\"justify\">\n<p align=\"justify\">\n<p align=\"justify\">\n<p align=\"justify\"><span style=\"font-family: Book Antiqua, serif;\"><strong><span style=\"color: #000000;\"><span style=\"font-size: large;\"><b>CZYTANIE Z LISTU \u015aWI\u0118TEGO PAW\u0141A APOSTO\u0141A DO RZYMIAN:<\/b><\/span><\/span><\/strong><\/span><\/p>\n<p align=\"justify\"><span style=\"color: #000000;\"><span style=\"font-family: Book Antiqua, serif;\"><span style=\"font-size: large;\"><b>Bracia: Dary \u0142aski i wezwania Bo\u017ce s\u0105 nieodwo\u0142alne. Podobnie bowiem jak wy niegdy\u015b byli\u015bcie niepos\u0142uszni Bogu, teraz za\u015b z powodu niepos\u0142usze\u0144stwa \u017byd\u00f3w dost\u0105pili\u015bcie mi\u0142osierdzia, tak i oni stali si\u0119 teraz niepos\u0142uszni z powodu okazanego wam mi\u0142osierdzia, aby i sami w czasie obecnym mogli dost\u0105pi\u0107 mi\u0142osierdzia. Albowiem B\u00f3g podda\u0142 wszystkich niepos\u0142usze\u0144stwu, aby wszystkim okaza\u0107 swe mi\u0142osierdzie.<\/b><\/span><\/span><\/span><\/p>\n<p align=\"justify\"><span style=\"color: #000000;\"><span style=\"font-family: Book Antiqua, serif;\"><span style=\"font-size: large;\"><b>O g\u0142\u0119boko\u015bci bogactw, m\u0105dro\u015bci i wiedzy Boga! Jak\u017ce niezbadane s\u0105 Jego wyroki i nie do wy\u015bledzenia Jego drogi! Kto bowiem pozna\u0142 my\u015bl Pana albo kto by\u0142 Jego doradc\u0105? Lub kto Go pierwszy obdarowa\u0142, aby nawzajem otrzyma\u0107 odp\u0142at\u0119? Albowiem z Niego i przez Niego, i dla Niego jest wszystko. Jemu chwa\u0142a na wieki. Amen.<\/b><\/span><\/span><\/span><\/p>\n<p align=\"justify\">\n<p align=\"justify\">\n<p align=\"justify\">\n<p align=\"justify\">\n<p align=\"justify\"><span style=\"font-family: Book Antiqua, serif;\"><strong><span style=\"color: #000000;\"><span style=\"font-size: large;\"><b>S\u0141OWA EWANGELII WED\u0141UG \u015aWI\u0118TEGO \u0141UKASZA:<\/b><\/span><\/span><\/strong><\/span><\/p>\n<p align=\"justify\"><span style=\"color: #000000;\"><span style=\"font-family: Book Antiqua, serif;\"><span style=\"font-size: large;\"><b>Jezus powiedzia\u0142 do przyw\u00f3dcy faryzeusz\u00f3w, kt\u00f3ry Go zaprosi\u0142: <\/b><\/span><\/span><\/span><\/p>\n<p align=\"justify\"><span style=\"color: #000000;\">\u201e<span style=\"font-family: Book Antiqua, serif;\"><span style=\"font-size: large;\"><b>Gdy wydajesz obiad albo wieczerz\u0119, nie zapraszaj swoich przyjaci\u00f3\u0142 ani braci, ani krewnych, ani zamo\u017cnych s\u0105siad\u00f3w, aby ci\u0119 i oni nawzajem nie zaprosili, i mia\u0142by\u015b odp\u0142at\u0119. Lecz kiedy urz\u0105dzasz przyj\u0119cie, zapro\u015b ubogich, u\u0142omnych, chromych i niewidomych. A b\u0119dziesz szcz\u0119\u015bliwy, poniewa\u017c nie maj\u0105 czym si\u0119 tobie odwdzi\u0119czy\u0107; odp\u0142at\u0119 bowiem otrzymasz przy zmartwychwstaniu sprawiedliwych\u201d.<\/b><\/span><\/span><\/span><\/p>\n<p align=\"justify\">\n<p align=\"justify\">\n<p align=\"justify\">\n<p align=\"justify\">\n<p align=\"justify\">\n<p align=\"justify\"><span style=\"color: #000000;\"><span style=\"font-family: Book Antiqua, serif;\"><span style=\"font-size: large;\">Zwr\u00f3\u0107my uwag\u0119 na pierwsze zdanie dzisiejszego pierwszego czytania. Aposto\u0142 stwierdza w nim, i\u017c <i><b>dary \u0142aski i wezwania Bo\u017ce s\u0105 nieodwo\u0142alne.<\/b><\/i><b> <\/b>To znaczy, \u017ce B\u00f3g nie uzale\u017cnia tego, co m\u00f3wi, lub co ludziom daje, od r\u00f3\u017cnych okoliczno\u015bci, nastroj\u00f3w lub komentarzy, ale jest <b>sta\u0142y w swoich postanowieniach,<\/b> w swoich darach, w swoich dzia\u0142aniach. Jest sta\u0142y w swojej <b>mi\u0142o\u015bci do cz\u0142owieka.<\/b> <\/span><\/span><\/span><\/p>\n<p align=\"justify\"><span style=\"color: #000000;\"><span style=\"font-family: Book Antiqua, serif;\"><span style=\"font-size: large;\">I chocia\u017c tak r\u00f3\u017cnie do tej Bo\u017cej postawy odnosili si\u0119 \u017bydzi, jeszcze inaczej poganie, to jednak B\u00f3g zamierza <b>w pe\u0142ni zrealizowa\u0107 to, co postanowi\u0142.<\/b> \u017bydzi wielokrotnie sprzeciwiali si\u0119 Bogu, a jednak Pawe\u0142 po\u015brednio dzisiaj, a bezpo\u015brednio w innych miejscach swoich wypowiedzi przekonuje, \u017ce <b>B\u00f3g nie zrezygnowa\u0142 z <\/b><b>nich<\/b> jako swego narodu wybranego i dlatego jest nadzieja, a nawet pewno\u015b\u0107, \u017ce <b>i oni<\/b><b> si\u0119 nawr\u00f3c\u0105,<\/b> i uznaj\u0105 w Jezusie oczekiwanego Mesjasza. <\/span><\/span><\/span><\/p>\n<p align=\"justify\"><span style=\"color: #000000;\"><span style=\"font-family: Book Antiqua, serif;\"><span style=\"font-size: large;\">Dzisiaj mo\u017cemy si\u0119 tych refleksji dopatrze\u0107 przede wszystkim w owym pierwszym zdaniu, przed chwil\u0105 przywo\u0142anym, ale i w tych s\u0142owach: <i><b>Teraz za\u015b z powodu niepos\u0142usze\u0144stwa \u017byd\u00f3w dost\u0105pili\u015bcie mi\u0142osierdzia, tak i oni stali si\u0119 teraz niepos\u0142uszni z powodu okazanego wam mi\u0142osierdzia, aby i sami w czasie obecnym mogli dost\u0105pi\u0107 mi\u0142osierdzia.<\/b><\/i><b> <\/b><\/span><\/span><\/span><\/p>\n<p align=\"justify\"><span style=\"color: #000000;\"><span style=\"font-family: Book Antiqua, serif;\"><span style=\"font-size: large;\">\u017bydzi zatem mog\u0105 dost\u0105pi\u0107 mi\u0142osierdzia, chocia\u017c stali si\u0119 niepos\u0142uszni. Oczywi\u015bcie, trzeba te\u017c dobrze zrozumie\u0107 s\u0142owa: <i><b>z powodu okazanego wam mi\u0142osierdzia,<\/b><\/i><b> <\/b>kt\u00f3re mog\u0142yby sugerowa\u0107, \u017ce w akcie jakiej\u015b zemsty, czy odegrania si\u0119 na poganach, albo jakiego\u015b <b>\u201eobra\u017cenia si\u0119\u201d na Pana Boga<\/b> za to, \u017ce da\u0142 szans\u0119 poganom, \u017bydzi okazali Mu niepos\u0142usze\u0144stwo. To jednak nie w tym rzecz. Trzeba nam nieco g\u0142\u0119biej rozumie\u0107 biblijny przekaz. <\/span><\/span><\/span><\/p>\n<p align=\"justify\"><span style=\"color: #000000;\"><span style=\"font-family: Book Antiqua, serif;\"><span style=\"font-size: large;\">Bo mo\u017cemy wyprowadzi\u0107 z niego b\u0142\u0119dny wniosek, \u017ce oto B\u00f3g <b>zagra\u0142 \u017bydom \u201ena nosie\u201d, <\/b>okazuj\u0105c \u0142ask\u0119 poganom, wi\u0119c \u017bydzi si\u0119 na Niego obrazili i postanowili by\u0107 niepos\u0142uszni. Nie, to nie tak. Po prostu, \u017bydzi <b>na innej p\u0142aszczy\u017anie<\/b> uk\u0142adaj\u0105 swoj\u0105 relacj\u0119 z Bogiem, a poganie na innej. Jedni i drudzy s\u0105 zaproszeni do zbawienia, jedni i drudzy maj\u0105 szans\u0119, B\u00f3g <b>ani z jednych, ani z drugich nie rezygnuje.<\/b> Nie odwo\u0142uje swego zaproszenia, nie odbiera nikomu swojej \u0142aski. Tak naprawd\u0119, wszystko zale\u017cy <b>od samych ludzi<\/b> \u2013 czy to \u017byd\u00f3w, czy pogan. <\/span><\/span><\/span><\/p>\n<p align=\"justify\"><span style=\"color: #000000;\"><span style=\"font-family: Book Antiqua, serif;\"><span style=\"font-size: large;\">\u017beby to, moi Drodzy, zobrazowa\u0107, spr\u00f3bujmy ca\u0142\u0105 spraw\u0119 zobaczy\u0107 na przyk\u0142adzie <b>powo\u0142a\u0144 kap\u0142a\u0144skich i zakonnych.<\/b> Ot\u00f3\u017c, du\u017co m\u00f3wimy o ich spadku w ostatnim czasie. Ale \u2013 tak naprawd\u0119 \u2013 jest to spadek czego? Czy\u017cby to B\u00f3g mniej ostatnio powo\u0142ywa\u0142? Czyli B\u00f3g <b>zmieni\u0142 swoje podej\u015bcie <\/b>do ca\u0142ej sprawy i z jakiego\u015b powodu w ostatnich latach mniej os\u00f3b wzywa do swojej s\u0142u\u017cby, tak? <\/span><\/span><\/span><\/p>\n<p align=\"justify\"><span style=\"color: #000000;\"><span style=\"font-family: Book Antiqua, serif;\"><span style=\"font-size: large;\">Nie, no w\u0142a\u015bnie, nie! Przypomnijmy, \u017ce <i><b>dary \u0142aski i wezwania Bo\u017ce s\u0105 nieodwo\u0142alne. <\/b><\/i>B\u00f3g jak zawsze wzywa\u0142, tak i dzisiaj wzywa \u2013 i zaprasza do wsp\u00f3\u0142pracy. Jak m\u00f3wi\u0142 do cz\u0142owieka, tak i dzisiaj m\u00f3wi. Ale <b>to cz\u0142owiek Go nie s\u0142yszy!<\/b> To cz\u0142owiek \u2013 \u017ceby u\u017cy\u0107 stwierdze\u0144 z dzisiejszego czytania \u2013 jest <b>niepos\u0142uszny Bo\u017cym wezwaniom.<\/b> Albo przynajmniej \u2013 mniej na nie wyczulony. Mniej wra\u017cliwy na g\u0142os Boga, kt\u00f3ry niezmiennie m\u00f3wi do cz\u0142owieka. <\/span><\/span><\/span><\/p>\n<p align=\"justify\"><span style=\"color: #000000;\"><span style=\"font-family: Book Antiqua, serif;\"><span style=\"font-size: large;\">Czy\u017c nie takiej w\u0142a\u015bnie <b>wra\u017cliwo\u015bci i wyczucia<\/b> Jezus uczy nas dzisiaj w Ewangelii? Owszem, w pierwszym spojrzeniu na ca\u0142\u0105 spraw\u0119 <b>rzecz dotyczy uczty<\/b> i tego, kogo na ni\u0105 zaprasza\u0107. Ale my przecie\u017c dobrze rozumiemy, \u017ce <b>uczta jest tu tylko pretekstem: <\/b>Jezus wykorzysta\u0142 swoje uczestnictwo w uczcie, aby nawet z tego wydarzenia wyprowadzi\u0107 jak\u0105\u015b nauk\u0119. Rzecz jednak dotyczy <b>spraw o wiele g\u0142\u0119bszych,<\/b> ni\u017c lista go\u015bci na uczcie. <\/span><\/span><\/span><\/p>\n<p align=\"justify\"><span style=\"color: #000000;\"><span style=\"font-family: Book Antiqua, serif;\"><span style=\"font-size: large;\">Chodzi o dostrze\u017cenie warto\u015bci ka\u017cdego cz\u0142owieka \u2013 jako cz\u0142owieka.<b> <\/b>Jako<b> dziecka Bo\u017cego,<\/b> obdarzonego ludzk\u0105 godno\u015bci\u0105, umi\u0142owanego przez Boga \u2013 nie z powodu tego, co ma, ale <b>dlatego, \u017ce jest. <\/b>Najbardziej potoczny i powszechny spos\u00f3b patrzenia na ludzi to \u2013 niestety \u2013 w\u0142a\u015bnie ten, okre\u015blony przez ich stan posiadania czy znaczenia w spo\u0142ecze\u0144stwie. Tak by\u0142o za czas\u00f3w Jezusa, tak jest i dzisiaj.<\/span><\/span><\/span><\/p>\n<p align=\"justify\"><span style=\"color: #000000;\"><span style=\"font-family: Book Antiqua, serif;\"><span style=\"font-size: large;\">Tymczasem Jezus, m\u00f3wi\u0105c: <i><b>Lecz kiedy urz\u0105dzasz przyj\u0119cie, zapro\u015b ubogich, u\u0142omnych, chromych i niewidomych. A b\u0119dziesz szcz\u0119\u015bliwy, poniewa\u017c nie maj\u0105 czym si\u0119 tobie odwdzi\u0119czy\u0107; odp\u0142at\u0119 bowiem otrzymasz przy zmartwychwstaniu sprawiedliwych<\/b><\/i><b> \u2013 <\/b>wyra\u017anie wskazuje, od kogo b\u0119dzie ta odp\u0142ata. Albo te\u017c \u2013 m\u00f3wi\u0105c obrazowo \u2013 <b>kto pokryje rachunek<\/b> za uczt\u0119 ca\u0142ej tej biedoty. Kto? Dobrze wiemy. W\u0142a\u015bnie Ten, kt\u00f3ry si\u0119 o nich w tym momencie upomina. To tak, jakby w\u0142a\u015bnie powiedzia\u0142 do gospodarza: \u201eZapro\u015b ich wszystkich na m\u00f3j rachunek!\u201d<\/span><\/span><\/span><\/p>\n<p align=\"justify\"><span style=\"color: #000000;\"><span style=\"font-family: Book Antiqua, serif;\"><span style=\"font-size: large;\"><b>Tak w\u0142a\u015bnie B\u00f3g kocha cz\u0142owieka.<\/b> I jest w tej mi\u0142o\u015bci <b>niezmienny.<\/b><\/span><\/span><\/span><\/p>\n<p align=\"justify\"><span style=\"color: #000000;\"><span style=\"font-size: large;\"><span style=\"font-family: Book Antiqua, serif;\">Odkry\u0142 t\u0119 prawd\u0119 w swoim \u017cyciu \u2013 i innym pomaga\u0142 odkrywa\u0107 \u2013 Patron dnia dzisiejszego, <\/span><span style=\"font-family: Book Antiqua, serif;\"><b>\u015awi\u0119ty Karol Boromeusz, Biskup.<\/b><\/span><\/span><\/span><\/p>\n<p align=\"justify\"><span style=\"color: #000000;\"><span style=\"font-size: large;\"><span style=\"font-family: Book Antiqua, serif;\">Urodzi\u0142 si\u0119 <\/span><span style=\"font-family: Book Antiqua, serif;\">on <\/span><span style=\"font-family: Book Antiqua, serif;\"><b>we W\u0142oszech, na zamku Arona, w dniu 3 pa\u017adziernika 1538 roku,<\/b><\/span><span style=\"font-family: Book Antiqua, serif;\"> jako syn arystokratycznego rodu. Jego ojciec wyr\u00f3\u017cnia\u0142 si\u0119 prawo\u015bci\u0105 charakteru, g\u0142\u0119bok\u0105 religijno\u015bci\u0105 i mi\u0142osierdziem dla ubogich, staj\u0105c si\u0119 w ten spos\u00f3b dla Karola \u2013 nawet w\u00f3wczas, gdy by\u0142 <\/span><span style=\"font-family: Book Antiqua, serif;\">on <\/span><span style=\"font-family: Book Antiqua, serif;\">ju\u017c Kardyna\u0142em \u2013 <\/span><span style=\"font-family: Book Antiqua, serif;\"><b>idea\u0142em \u017cycia chrze\u015bcija\u0144skiego.<\/b><\/span> <\/span><\/span><\/p>\n<p align=\"justify\"><span style=\"color: #000000;\"><span style=\"font-size: large;\"><span style=\"font-family: Book Antiqua, serif;\">Ju\u017c w m\u0142odym wieku Karol posiada\u0142 wielki maj\u0105tek. Kiedy mia\u0142 zaledwie <\/span><span style=\"font-family: Book Antiqua, serif;\"><b>siedem lat, miejscowy biskup da\u0142 mu sukni\u0119 kleryck\u0105, przeznaczaj\u0105c go w ten spos\u00f3b do stanu duchownego.<\/b><\/span><span style=\"font-family: Book Antiqua, serif;\"> Takie by\u0142y \u00f3wczesne zwyczaje. Dwa lata p\u00f3\u017aniej zmar\u0142a <\/span><span style=\"font-family: Book Antiqua, serif;\">Karolowi<\/span><span style=\"font-family: Book Antiqua, serif;\"> matka. Dla zapewnienia mu odpowiednich warunk\u00f3w, gdy mia\u0142 lat dwana\u015bcie <\/span><span style=\"font-family: Book Antiqua, serif;\"><b>mianowano go opatem w rodzinnej miejscowo\u015bci.<\/b><\/span><span style=\"font-family: Book Antiqua, serif;\"> Nie przyj\u0105\u0142 jednak tego daru z entuzjazmem, natomiast wym\u00f3g\u0142 na ojcu, \u017ceby dochody z opactwa przeznaczano na rzecz ubogich. <\/span><\/span><\/span><\/p>\n<p align=\"justify\"><span style=\"color: #000000;\"><span style=\"font-size: large;\"><span style=\"font-family: Book Antiqua, serif;\">Pierwsze nauki pobiera\u0142 Karol na zamku rodzinnym w Arona. Po uko\u0144czeniu studi\u00f3w w domu, wyjecha\u0142 zaraz na uniwersytet do Pavii, gdzie odby\u0142 studia <\/span><span style=\"font-family: Book Antiqua, serif;\"><b>z prawa ko\u015bcielnego i cywilnego, zako\u0144czone<\/b><\/span> <span style=\"font-family: Book Antiqua, serif;\"><b>w 1559 roku podw\u00f3jnym doktoratem.<\/b><\/span><span style=\"font-family: Book Antiqua, serif;\"> W tym samym <\/span><span style=\"font-family: Book Antiqua, serif;\">roku<\/span><span style=\"font-family: Book Antiqua, serif;\"><b> jego wuj zosta\u0142 wybrany na Papie\u017ca,<\/b><\/span><span style=\"font-family: Book Antiqua, serif;\"> przyjmuj\u0105c imi\u0119: Pius IV. Za jego przyczyn\u0105 Karol trafi\u0142 do Rzymu, gdzie w dwudziestym trzecim roku \u017cycia, <\/span><span style=\"font-family: Book Antiqua, serif;\">zosta\u0142 mianowany<\/span><span style=\"font-family: Book Antiqua, serif;\"><b> Kardyna\u0142em i arcybiskupem Mediolanu, <\/b><\/span><span style=\"font-family: Book Antiqua, serif;\">mimo \u017ce <\/span><span style=\"font-family: Book Antiqua, serif;\">\u015a<\/span><span style=\"font-family: Book Antiqua, serif;\">wi\u0119cenia kap\u0142a\u0144skie i biskupie<\/span><span style=\"font-family: Book Antiqua, serif;\"><b> przyj\u0105\u0142 dopiero dwa lata p\u00f3\u017aniej, <\/b><\/span><span style=\"font-family: Book Antiqua, serif;\">w roku 1563. <\/span><\/span><\/span><\/p>\n<p align=\"justify\"><span style=\"color: #000000;\"><span style=\"font-size: large;\"><span style=\"font-family: Book Antiqua, serif;\">W latach nast\u0119pnych Papie\u017c mianowa\u0142 siostrze\u0144ca <\/span><span style=\"font-family: Book Antiqua, serif;\"><b>Kardyna\u0142em \u2013 protektorem<\/b><\/span><span style=\"font-family: Book Antiqua, serif;\"> Portugalii, Niderland\u00f3w, a wi\u0119c Belgii i Holandii, oraz katolik\u00f3w szwajcarskich, ponadto opiekunem wielu zakon\u00f3w i <\/span><span style=\"font-family: Book Antiqua, serif;\"><b>Archiprezbiterem Bazyliki Matki Bo\u017cej Wi\u0119kszej<\/b><\/span><span style=\"font-family: Book Antiqua, serif;\"> w Rzymie. <\/span><span style=\"font-family: Book Antiqua, serif;\">Urz\u0119dy te i tytu\u0142y dawa\u0142y Karolowi rocznie ogromny doch\u00f3d.<\/span><b> <\/b><span style=\"font-family: Book Antiqua, serif;\">Oczywi\u015bcie, nie da si\u0119 ukry\u0107, i\u017c <\/span><span style=\"font-family: Book Antiqua, serif;\"><b>by\u0142o to jawne nadu\u017cycie, jakie wkrad\u0142o si\u0119 do Ko\u015bcio\u0142a w owym czasie.<\/b><\/span><span style=\"font-family: Book Antiqua, serif;\"> Jednak Pius IV by\u0142 znany ze swej s\u0142abo\u015bci do nepotyzmu. <\/span><\/span><\/span><\/p>\n<p align=\"justify\"><span style=\"color: #000000;\"><span style=\"font-size: large;\"><span style=\"font-family: Book Antiqua, serif;\">Karol jednak <\/span><span style=\"font-family: Book Antiqua, serif;\"><b>bardzo powa\u017cnie traktowa\u0142 powierzone sobie obowi\u0105zki,<\/b><\/span><span style=\"font-family: Book Antiqua, serif;\"> a sumy, jakie przynosi\u0142y mu skumulowane godno\u015bci i urz\u0119dy, <\/span><span style=\"font-family: Book Antiqua, serif;\"><b>przeznacza\u0142 hojnie na cele dobroczynne i ko\u015bcielne.<\/b><\/span><span style=\"font-family: Book Antiqua, serif;\"> Sam \u017cy\u0142 ubogo, jak mnich. Wkr\u00f3tce sta\u0142 si\u0119 <\/span><span style=\"font-family: Book Antiqua, serif;\"><b>pierwsz\u0105 po Papie\u017cu osob\u0105 w Kurii Rzymskiej.<\/b><\/span><span style=\"font-family: Book Antiqua, serif;\"> Praktycznie nic nie mog\u0142o si\u0119 bez niego dzia\u0107. Papie\u017c \u015blepo mu ufa\u0142. Nazywano go nawet \u201eokiem Papie\u017ca\u201d. Dzi\u0119ki temu <\/span><span style=\"font-family: Book Antiqua, serif;\"><b>uda\u0142o si\u0119 mu uporz\u0105dkowa\u0107 wiele spraw, usun\u0105\u0107 wiele nadu\u017cy\u0107, <\/b><\/span><span style=\"font-family: Book Antiqua, serif;\">nie mia\u0142 bowiem \u017cadnego wzgl\u0119du na urodzenie, ale<\/span><span style=\"font-family: Book Antiqua, serif;\"><b> na charakter i przydatno\u015b\u0107 kandydata do godno\u015bci ko\u015bcielnych.<\/b><\/span><span style=\"font-family: Book Antiqua, serif;\"> Dlatego stanowczo usuwa\u0142 ludzi niegodnych i karierowicz\u00f3w. <\/span><\/span><\/span><\/p>\n<p align=\"justify\"><span style=\"color: #000000;\"><span style=\"font-size: large;\"><span style=\"font-family: Book Antiqua, serif;\">Takie post\u0119powanie zjedna\u0142o mu \u2013 co oczywiste \u2013 licznych i nieprzejednanych wrog\u00f3w. Dlatego zaraz po wyborze nowego Papie\u017ca, \u015awi\u0119tego Piusa V \u2013 co dokona\u0142o si\u0119 w roku 1567 \u2013 <\/span><span style=\"font-family: Book Antiqua, serif;\"><b>musia\u0142 opu\u015bci\u0107 Rzym.<\/b><\/span><span style=\"font-family: Book Antiqua, serif;\"> Bardzo si\u0119 z tego ucieszy\u0142, gdy\u017c <\/span><span style=\"font-family: Book Antiqua, serif;\"><b>m\u00f3g\u0142 zaj\u0105\u0107 si\u0119 teraz bezpo\u015brednio archidiecezj\u0105 mediola\u0144sk\u0105.<\/b><\/span><span style=\"font-family: Book Antiqua, serif;\"> Sta\u0142 si\u0119 faktycznym pasterzem swojej owczarni. <\/span><\/span><\/span><\/p>\n<p align=\"justify\"><span style=\"color: #000000;\"><span style=\"font-size: large;\"><span style=\"font-family: Book Antiqua, serif;\">Z ca\u0142\u0105 wrodzon\u0105 sobie energi\u0105 zabra\u0142 si\u0119 do pracy. W 1564 roku <\/span><span style=\"font-family: Book Antiqua, serif;\"><b>otworzy\u0142 wy\u017csze seminarium duchowne. <\/b><\/span><span style=\"font-family: Book Antiqua, serif;\">W kilku innych miastach za\u0142o\u017cy\u0142<\/span><span style=\"font-family: Book Antiqua, serif;\"><b> seminaria ni\u017csze,<\/b><\/span><span style=\"font-family: Book Antiqua, serif;\"> by dla seminarium w Mediolanie dostarczy\u0107 kandydat\u00f3w ju\u017c odpowiednio przygotowanych. Przeprowadzi\u0142 te\u017c w swojej diecezji <\/span><span style=\"font-family: Book Antiqua, serif;\"><b>dok\u0142adn\u0105 i wnikliw\u0105 wizytacj\u0119 kanoniczn\u0105,<\/b><\/span><span style=\"font-family: Book Antiqua, serif;\"> by zorientowa\u0107 si\u0119 w sytuacji. Popiera\u0142 zakony i szed\u0142 im z wydatn\u0105 pomoc\u0105. <\/span><\/span><\/span><\/p>\n<p align=\"justify\"><span style=\"color: #000000;\"><span style=\"font-size: large;\"><span style=\"font-family: Book Antiqua, serif;\">Dla ludzi \u015bwieckich zak\u0142ada\u0142 bractwa \u2013 szczeg\u00f3lnie popiera\u0142 Bractwo Nauki Chrze\u015bcija\u0144skiej, maj\u0105ce za cel katechizacj\u0119 dzieci. <\/span><span style=\"font-family: Book Antiqua, serif;\">Dla przeprowadzenia <\/span><span style=\"font-family: Book Antiqua, serif;\"><b>koniecznych reform <\/b><\/span><span style=\"font-family: Book Antiqua, serif;\">i uchwa\u0142 Soboru Trydenckiego, zwo\u0142a\u0142 <\/span><span style=\"font-family: Book Antiqua, serif;\"><b>a\u017c trzyna\u015bcie synod\u00f3w diecezjalnych i pi\u0119\u0107 prowincjonalnych. <\/b><\/span><\/span><\/span><\/p>\n<p align=\"justify\"><span style=\"color: #000000;\"><span style=\"font-size: large;\"><span style=\"font-family: Book Antiqua, serif;\">Dla umo\u017cliwienia <\/span><span style=\"font-family: Book Antiqua, serif;\"><b>ubogiej m\u0142odzie\u017cy studiowania<\/b><\/span><span style=\"font-family: Book Antiqua, serif;\"> na wy\u017cszych uczelniach, za\u0142o\u017cy\u0142 przy uniwersytecie w Pavii osobne kolegium. W Mediolanie za\u0142o\u017cy\u0142 szko\u0142\u0119 wy\u017csz\u0105 filozofii i teologii, kt\u00f3rej prowadzenie powierzy\u0142 jezuitom. Teatynom natomiast powierzy\u0142 prowadzenie szko\u0142y i kolegium w Mediolanie dla m\u0142odzie\u017cy szlacheckiej. <\/span><span style=\"font-family: Book Antiqua, serif;\">By\u0142<\/span><span style=\"font-family: Book Antiqua, serif;\"><b> fundatorem sieroci\u0144c\u00f3w <\/b><\/span><span style=\"font-family: Book Antiqua, serif;\"><b>oraz <\/b><\/span><span style=\"font-family: Book Antiqua, serif;\"><b>przytu\u0142k\u00f3w: <\/b><\/span><span style=\"font-family: Book Antiqua, serif;\">dla bezdomnych, dla upad\u0142ych dziewcz\u0105t i kobiet. <\/span><\/span><\/span><\/p>\n<p align=\"justify\"><span style=\"color: #000000;\"><span style=\"font-size: large;\"><span style=\"font-family: Book Antiqua, serif;\">Kiedy za jego pasterzowania wybuch\u0142a w Mediolanie kilka razy epidemia, <\/span><span style=\"font-family: Book Antiqua, serif;\"><b>Kardyna\u0142 Karol nakaza\u0142 otworzy\u0107 wszystkie spichrze i rozda\u0107 \u017cywno\u015b\u0107 ubogim.<\/b><\/span><span style=\"font-family: Book Antiqua, serif;\"> Skierowa\u0142 tak\u017ce specjalne zach\u0119ty do duchowie\u0144stwa, aby <\/span><span style=\"font-family: Book Antiqua, serif;\"><b>szczeg\u00f3ln\u0105 trosk\u0105 otoczy\u0142o zara\u017conych oraz ich rodziny.<\/b><\/span><span style=\"font-family: Book Antiqua, serif;\"> Podczas zarazy w 1576 roku ni\u00f3s\u0142 pomoc chorym, organizuj\u0105c posi\u0142ek dla siedemdziesi\u0119ciu tysi\u0119cy os\u00f3b dziennie. Ponadto, <\/span><span style=\"font-family: Book Antiqua, serif;\"><b>zaopatrywa\u0142 umieraj\u0105cych, odda<\/b><\/span><span style=\"font-family: Book Antiqua, serif;\"><b>j\u0105c<\/b><\/span><span style=\"font-family: Book Antiqua, serif;\"><b> cierpi\u0105cym <\/b><\/span><span style=\"font-family: Book Antiqua, serif;\"><b>dos\u0142ownie <\/b><\/span><span style=\"font-family: Book Antiqua, serif;\"><b>wszystko.<\/b><\/span><span style=\"font-family: Book Antiqua, serif;\"> Odda\u0142 im nawet w\u0142asne \u0142\u00f3\u017cko! <\/span><\/span><\/span><\/p>\n<p align=\"justify\"><span style=\"color: #000000;\"><span style=\"font-size: large;\"><span style=\"font-family: Book Antiqua, serif;\">W czasie zarazy ospy, kt\u00f3ra poch\u0142on\u0119\u0142a ponad osiemna\u015bcie tysi\u0119cy ofiar, <\/span><span style=\"font-family: Book Antiqua, serif;\">zarz\u0105dzi\u0142 procesj\u0119 pokutn\u0105,<\/span><span style=\"font-family: Book Antiqua, serif;\"><b> w czasie kt\u00f3rej sam szed\u0142 boso <\/b><\/span><span style=\"font-family: Book Antiqua, serif;\">ulicami Mediolanu. <\/span><\/span><\/span><\/p>\n<p align=\"justify\"><span style=\"color: #000000;\"><span style=\"font-size: large;\"><span style=\"font-family: Book Antiqua, serif;\">Warto tu jeszcze doda\u0107, \u017ce ulubion\u0105 rozrywk\u0105 Karola w m\u0142odo\u015bci by\u0142o polowanie i szachy. By\u0142 estet\u0105, zna\u0142 si\u0119 na sztuce, pi\u0119knie gra\u0142 na wiolonczeli. <\/span><span style=\"font-family: Book Antiqua, serif;\"><b>Z tych rozrywek zrezygnowa\u0142 jednak dla Bo\u017cej sprawy, <\/b><\/span><span style=\"font-family: Book Antiqua, serif;\">oddany bez reszty zbawieniu powierzonych sobie dusz.<\/span><span style=\"font-family: Book Antiqua, serif;\"> Wyr\u00f3\u017cnia\u0142 si\u0119 szczeg\u00f3lnym nabo\u017ce\u0144stwem do M\u0119ki Pa\u0144skiej. Dlatego nie rozstawa\u0142 si\u0119 z krzy\u017cem. Tkliw\u0105 mi\u0142o\u015bci\u0105 darzy\u0142 te\u017c sanktuaria maryjne. <\/span><\/span><\/span><\/p>\n<p align=\"justify\"><span style=\"color: #000000;\"><span style=\"font-size: large;\"><span style=\"font-family: Book Antiqua, serif;\">Najwi\u0119ksz\u0105 zas\u0142ug\u0105 Karola by\u0142 jednak <\/span><span style=\"font-family: Book Antiqua, serif;\"><b>doprowadzenie do ko\u0144ca Soboru Trydenckiego.<\/b><\/span><span style=\"font-family: Book Antiqua, serif;\"> Sob\u00f3r ten bowiem, rozpocz\u0119ty z wieloma nadziejami, z powodu z\u0142ej organizacji wl\u00f3k\u0142 si\u0119 zbyt d\u0142ugo, <\/span><span style=\"font-family: Book Antiqua, serif;\"><b>bo a\u017c osiemna\u015bcie lat: od roku 1545 do 1563.<\/b><\/span><span style=\"font-family: Book Antiqua, serif;\"> I dopiero dzi\u0119ki interwencji naszego dzisiejszego Patrona, uda\u0142o si\u0119 doko\u0144czy\u0107 obrad<\/span><span style=\"font-family: Book Antiqua, serif;\">y<\/span><span style=\"font-family: Book Antiqua, serif;\">. Na Soborze tym <\/span><span style=\"font-family: Book Antiqua, serif;\"><b>dyskutowano o wszystkich prawdach wiary, atakowanych przez protestant\u00f3w<\/b><\/span><span style=\"font-family: Book Antiqua, serif;\"> \u2013 i gruntownie je wyja\u015bniono. <\/span><\/span><\/span><\/p>\n<p align=\"justify\"><span style=\"color: #000000;\"><span style=\"font-size: large;\"><span style=\"font-family: Book Antiqua, serif;\">W dziedzinie dyscypliny ko\u015bcielnej wprowadzono dekrety: nakazuj\u0105ce <\/span><span style=\"font-family: Book Antiqua, serif;\"><b>biskupom i duszpasterzom rezydowa\u0107 stale w diecezjach i parafiach,<\/b><\/span><span style=\"font-family: Book Antiqua, serif;\"> wprowadzono sta\u0142e wizytacje kanoniczne, regularny obowi\u0105zek zwo\u0142ywania synod\u00f3w, zakazano kumulacji urz\u0119d\u00f3w i godno\u015bci ko\u015bcielnych, nakazano zak\u0142adanie seminari\u00f3w duchownych \u2013 wy\u017cszych i ni\u017cszych; wprowadzono do pism katolickich cenzur\u0119 ko\u015bcieln\u0105, jak te\u017c indeks ksi\u0105\u017cek zakazanych, wreszcie wprowadzono regularn\u0105 katechizacj\u0119. <\/span><\/span><\/span><\/p>\n<p align=\"justify\"><span style=\"color: #000000;\"><span style=\"font-size: large;\"><span style=\"font-family: Book Antiqua, serif;\">Wi\u0119kszo\u015b\u0107 z tych uchwa\u0142 wprowadzono <\/span><span style=\"font-family: Book Antiqua, serif;\"><b>z inicjatywy Kardyna\u0142a Karola Boromeusza.<\/b><\/span><span style=\"font-family: Book Antiqua, serif;\"> On te\u017c by\u0142 inicjatorem utworzenia osobnej kongregacji Kardyna\u0142\u00f3w, kt\u00f3ra mia\u0142a za cel przypilnowanie, by uchwa\u0142y Soboru by\u0142y wsz\u0119dzie zastosowane. <\/span><\/span><\/span><\/p>\n<p align=\"justify\"><span style=\"color: #000000;\"><span style=\"font-size: large;\"><span style=\"font-family: Book Antiqua, serif;\">Zmar\u0142 w Mediolanie, <\/span><span style=\"font-family: Book Antiqua, serif;\"><b>w nocy z 3 na 4 listopada 1584 roku, wskutek febry.<\/b><\/span><span style=\"font-family: Book Antiqua, serif;\"> Pozostawi\u0142 po sobie znaczny dorobek pisarski. Kanonizowa\u0142 go Papie\u017c Pawe\u0142 V, w roku 1610. Relikwie \u015awi\u0119tego spoczywaj\u0105 w krypcie katedry mediola\u0144skiej.<\/span><\/span><\/span><\/p>\n<p align=\"justify\"><span style=\"color: #000000;\"><span style=\"font-size: large;\"><span style=\"font-family: Book Antiqua, serif;\">A oto ma\u0142a \u201epr\u00f3bka\u201d jego duchowo\u015bci, kt\u00f3r\u0105 <\/span><span style=\"font-family: Book Antiqua, serif;\">wyczytamy z <\/span><span style=\"font-family: Book Antiqua, serif;\"> jego w\u0142asnych s\u0142\u00f3w, wyg\u0142oszonych w czasie jednego z synod\u00f3w. M\u00f3wi\u0142 w\u00f3wczas tak: \u201eWszyscy wprawdzie, przyznaj\u0119, jeste\u015bmy s\u0142abi, ale <\/span><span style=\"font-family: Book Antiqua, serif;\"><b>Pan B\u00f3g udzieli\u0142 nam \u015brodk\u00f3w, z kt\u00f3rych je\u015bli tylko zechcemy, mo\u017cemy \u0142atwo skorzysta\u0107.<\/b><\/span><span style=\"font-family: Book Antiqua, serif;\"> Sp\u00f3jrzmy wi\u0119c na kap\u0142ana, kt\u00f3ry wie, \u017ce wymaga si\u0119 od niego \u015bwi\u0119to\u015bci \u017cycia, wstrzemi\u0119\u017aliwo\u015bci i anielskich obyczaj\u00f3w w post\u0119powaniu. Chcia\u0142by tego wszystkiego, <\/span><span style=\"font-family: Book Antiqua, serif;\"><b>ale nie my\u015bli o zastosowaniu prowadz\u0105cych ku temu \u015brodk\u00f3w: postu, modlitwy,<\/b><\/span><span style=\"font-family: Book Antiqua, serif;\"> unikania z\u0142ych i szkodliwych rozm\u00f3w oraz niebezpiecznych poufa\u0142o\u015bci. <\/span><\/span><\/span><\/p>\n<p align=\"justify\"><span style=\"color: #000000;\"><span style=\"font-size: large;\"><span style=\"font-family: Book Antiqua, serif;\">Kto inny narzeka, \u017ce gdy przychodzi, aby si\u0119 modli\u0107 czy te\u017c sprawowa\u0107 ofiar\u0119 Mszy \u015awi\u0119tej, <\/span><span style=\"font-family: Book Antiqua, serif;\"><b>od razu cisn\u0105 si\u0119 mu na my\u015bl tysi\u0105ce spraw, kt\u00f3re odrywaj\u0105 go od Boga.<\/b><\/span><span style=\"font-family: Book Antiqua, serif;\"> Ale zanim uda\u0142 si\u0119 do ch\u00f3ru, zanim rozpocz\u0105\u0142 Msz\u0119 \u015awi\u0119t\u0105, <\/span><span style=\"font-family: Book Antiqua, serif;\"><b>c\u00f3\u017c czyni\u0142 w zakrystii, jak si\u0119 przygotowa\u0142,<\/b><\/span><span style=\"font-family: Book Antiqua, serif;\"> jakie zastosowa\u0142 \u015brodki do zachowania skupienia? <\/span><\/span><\/span><\/p>\n<p align=\"justify\"><span style=\"color: #000000;\"><span style=\"font-size: large;\"><span style=\"font-family: Book Antiqua, serif;\">Chcesz, abym ci\u0119 pouczy\u0142, w jaki spos\u00f3b mo\u017cesz skutecznie post\u0119powa\u0107 w cnocie; <\/span><span style=\"font-family: Book Antiqua, serif;\"><b>w jaki spos\u00f3b, je\u015bli by\u0142e\u015b skupiony w ch\u00f3rze, nast\u0119pnym razem mo\u017cesz by\u0107 jeszcze bardziej uwa\u017cny,<\/b><\/span><span style=\"font-family: Book Antiqua, serif;\"> a twoja modlitwa jeszcze milsza Bogu? Pos\u0142uchaj, co powiem. Je\u015bli p\u0142omie\u0144 Bo\u017cej mi\u0142o\u015bci zapali\u0142 si\u0119 ju\u017c w tobie, <\/span><span style=\"font-family: Book Antiqua, serif;\"><b>nie ods\u0142aniaj go pochopnie,<\/b><\/span><span style=\"font-family: Book Antiqua, serif;\"> nie chciej wystawia\u0107 go na wiatr. Pilnuj ognia, aby nie zagas\u0142 i nie utraci\u0142 swego ciep\u0142a. Oznacza to: <\/span><span style=\"font-family: Book Antiqua, serif;\"><b>uciekaj, jak dalece mo\u017cesz, przed rozproszeniami, trwaj w skupieniu przed Bogiem, unikaj pr\u00f3\u017cnych rozm\u00f3w.<\/b><\/span> <\/span><\/span><\/p>\n<p align=\"justify\"><span style=\"color: #000000;\"><span style=\"font-size: large;\"><span style=\"font-family: Book Antiqua, serif;\">Polecono ci g\u0142osi\u0107 i naucza\u0107? <\/span><span style=\"font-family: Book Antiqua, serif;\"><b>Ucz si\u0119 i przyk\u0142adaj do tego, co niezb\u0119dne do sprawowania tego urz\u0119du!<\/b><\/span><span style=\"font-family: Book Antiqua, serif;\"> Staraj si\u0119 przede wszystkim, aby\u015b przepowiada\u0142 \u017cyciem i obyczajami, aby inni nie szydzili z twych s\u0142\u00f3w i nie potrz\u0105sali g\u0142owami, widz\u0105c, \u017ce co innego g\u0142osisz, co innego za\u015b czynisz. <\/span><\/span><\/span><\/p>\n<p align=\"justify\"><span style=\"color: #000000;\"><span style=\"font-size: large;\"><span style=\"font-family: Book Antiqua, serif;\">Jeste\u015b duszpasterzem? <\/span><span style=\"font-family: Book Antiqua, serif;\"><b>Nie chciej z tego powodu zaniedbywa\u0107 siebie samego i nie udzielaj si\u0119 tak bardzo woko\u0142o, aby dla ciebie ju\u017c nic nie zosta\u0142o.<\/b><\/span><span style=\"font-family: Book Antiqua, serif;\"> Masz bowiem pami\u0119ta\u0107 o duszach, kt\u00f3rym przewodzisz, ale nie tak, aby\u015b zapomnia\u0142 o swojej w\u0142asnej. <\/span><\/span><\/span><\/p>\n<p align=\"justify\"><span style=\"color: #000000;\"><span style=\"font-size: large;\"><span style=\"font-family: Book Antiqua, serif;\">Pami\u0119tajcie, bracia, \u017ce <\/span><span style=\"font-family: Book Antiqua, serif;\"><b>nic nie jest tak potrzebne ludziom Ko\u015bcio\u0142a, jak modlitwa my\u015blna.<\/b><\/span><span style=\"font-family: Book Antiqua, serif;\"> Ona to poprzedza wszystkie nasze czynno\u015bci, towarzyszy im i po nich nast\u0119puje. [\u2026] Je\u015bli udzielasz Sakrament\u00f3w \u2013 my\u015bl, bracie, o tym, co czynisz. <\/span><span style=\"font-family: Book Antiqua, serif;\"><b>Je\u015bli odprawiasz Msz\u0119 \u015awi\u0119t\u0105, zastan\u00f3w si\u0119, co ofiarujesz.<\/b><\/span><span style=\"font-family: Book Antiqua, serif;\"> \u015apiewasz w ch\u00f3rze? Pomy\u015bl, z kim rozmawiasz i o czym m\u00f3wisz. Je\u015bli jeste\u015b kierownikiem dusz, pami\u0119taj, czyj\u0105 krwi\u0105 zosta\u0142y oczyszczone, [\u2026]. <\/span><\/span><\/span><\/p>\n<p align=\"justify\"><span style=\"color: #000000;\"><span style=\"font-size: large;\"><span style=\"font-family: Book Antiqua, serif;\"><b>W taki spos\u00f3b potrafimy \u0142atwo przezwyci\u0119\u017cy\u0107 niezliczone przeszkody, kt\u00f3rych do\u015bwiadczamy ka\u017cdego dnia<\/b><\/span><span style=\"font-family: Book Antiqua, serif;\"> [\u2026] i otrzymamy moc rodzenia Chrystusa w nas samych oraz w innych.\u201d Tyle ze s\u0142\u00f3w naszego Patrona.<\/span><\/span><\/span><\/p>\n<p align=\"justify\"><span style=\"color: #000000;\"><span style=\"font-family: Book Antiqua, serif;\"><span style=\"font-size: large;\">Wpatruj\u0105c si\u0119 w przyk\u0142ad jego \u015bwi\u0119to\u015bci i s\u0142uchaj\u0105c jego s\u0142\u00f3w, ale te\u017c s\u0142uchaj\u0105c Bo\u017cego s\u0142owa dzisiejszej liturgii, zastan\u00f3wmy si\u0119, czy w swoich dobrych postanowieniach, podejmowanych przed Bogiem, i w og\u00f3le w swoich postawach, staramy si\u0119 <b>by\u0107 r\u00f3wnie\u017c stali i niezmienni<\/b> \u2013 jak sta\u0142y i niezmienny jest B\u00f3g? Czy \u2013 bior\u0105c przyk\u0142ad z Patrona dnia dzisiejszego \u2013 naprawd\u0119 staramy si\u0119 by\u0107 <b>konsekwentni w swoich wyborach, zachowaniach i s\u0142owach,<\/b> czy te\u017c wszystko zale\u017cy u nas od okoliczno\u015bci i nastroju? <\/span><\/span><\/span><\/p>\n<p align=\"justify\"><span style=\"color: #000000;\"><span style=\"font-family: Book Antiqua, serif;\"><span style=\"font-size: large;\">Czy mo\u017cemy powiedzie\u0107, \u017ce nasze dobre postanowienia i dary, jakie z serca sk\u0142adamy Bogu, <b>s\u0105 nieodwo\u0142alne?\u2026<\/b><\/span><\/span><\/span><\/p>\n","protected":false},"excerpt":{"rendered":"<p>Szcz\u0119\u015b\u0107 Bo\u017ce! Moi Drodzy, w dniu dzisiejszym imieniny prze\u017cywa Karol Or\u0142owski, nasz poprzedni Gospodarz w Szklarskiej Por\u0119bie. Dzi\u0119kuj\u0105c za wielk\u0105 \u017cyczliwo\u015b\u0107 i nasz\u0105 wieloletni\u0105 przyja\u017a\u0144, \u017cycz\u0119 ci\u0105g\u0142ego do\u015bwiadczania Bo\u017cej \u0142askawo\u015bci we wszystkich okoliczno\u015bciach \u017cycia! I zapewniam o mojej modlitwie! Dzisiejszy dzie\u0144 to r\u00f3wnie\u017c imieniny Jana Paw\u0142a II. Mo\u017ce warto zaprosi\u0107 Go dzisiaj do naszych serc [&hellip;]<\/p>\n","protected":false},"author":1,"featured_media":0,"comment_status":"open","ping_status":"open","sticky":false,"template":"","format":"standard","meta":{"jetpack_post_was_ever_published":false,"_jetpack_newsletter_access":"","_jetpack_dont_email_post_to_subs":false,"_jetpack_newsletter_tier_id":0,"_jetpack_memberships_contains_paywalled_content":false,"_jetpack_memberships_contains_paid_content":false,"footnotes":""},"categories":[1],"tags":[],"class_list":["post-16058","post","type-post","status-publish","format-standard","hentry","category-bez-kategorii"],"yoast_head":"<!-- This site is optimized with the Yoast SEO plugin v25.1 - https:\/\/yoast.com\/wordpress\/plugins\/seo\/ -->\n<title>Nieodwo\u0142alne wezwania Bo\u017ce - Gaudium Et Spes<\/title>\n<meta name=\"robots\" content=\"index, follow, max-snippet:-1, max-image-preview:large, max-video-preview:-1\" \/>\n<link rel=\"canonical\" href=\"https:\/\/gaudiumetspes-blog.pl\/index.php\/2019\/11\/04\/nieodwolalne-wezwania-boze\/\" \/>\n<meta property=\"og:locale\" content=\"pl_PL\" \/>\n<meta property=\"og:type\" content=\"article\" \/>\n<meta property=\"og:title\" content=\"Nieodwo\u0142alne wezwania Bo\u017ce - Gaudium Et Spes\" \/>\n<meta property=\"og:description\" content=\"Szcz\u0119\u015b\u0107 Bo\u017ce! Moi Drodzy, w dniu dzisiejszym imieniny prze\u017cywa Karol Or\u0142owski, nasz poprzedni Gospodarz w Szklarskiej Por\u0119bie. Dzi\u0119kuj\u0105c za wielk\u0105 \u017cyczliwo\u015b\u0107 i nasz\u0105 wieloletni\u0105 przyja\u017a\u0144, \u017cycz\u0119 ci\u0105g\u0142ego do\u015bwiadczania Bo\u017cej \u0142askawo\u015bci we wszystkich okoliczno\u015bciach \u017cycia! I zapewniam o mojej modlitwie! Dzisiejszy dzie\u0144 to r\u00f3wnie\u017c imieniny Jana Paw\u0142a II. Mo\u017ce warto zaprosi\u0107 Go dzisiaj do naszych serc [&hellip;]\" \/>\n<meta property=\"og:url\" content=\"https:\/\/gaudiumetspes-blog.pl\/index.php\/2019\/11\/04\/nieodwolalne-wezwania-boze\/\" \/>\n<meta property=\"og:site_name\" content=\"Gaudium Et Spes\" \/>\n<meta property=\"article:published_time\" content=\"2019-11-04T04:37:58+00:00\" \/>\n<meta name=\"author\" content=\"Ks. Jacek\" \/>\n<meta name=\"twitter:card\" content=\"summary_large_image\" \/>\n<meta name=\"twitter:label1\" content=\"Napisane przez\" \/>\n\t<meta name=\"twitter:data1\" content=\"Ks. Jacek\" \/>\n\t<meta name=\"twitter:label2\" content=\"Szacowany czas czytania\" \/>\n\t<meta name=\"twitter:data2\" content=\"14 minut\" \/>\n<script type=\"application\/ld+json\" class=\"yoast-schema-graph\">{\"@context\":\"https:\/\/schema.org\",\"@graph\":[{\"@type\":\"WebPage\",\"@id\":\"https:\/\/gaudiumetspes-blog.pl\/index.php\/2019\/11\/04\/nieodwolalne-wezwania-boze\/\",\"url\":\"https:\/\/gaudiumetspes-blog.pl\/index.php\/2019\/11\/04\/nieodwolalne-wezwania-boze\/\",\"name\":\"Nieodwo\u0142alne wezwania Bo\u017ce - Gaudium Et Spes\",\"isPartOf\":{\"@id\":\"https:\/\/gaudiumetspes-blog.pl\/#website\"},\"datePublished\":\"2019-11-04T04:37:58+00:00\",\"author\":{\"@id\":\"https:\/\/gaudiumetspes-blog.pl\/#\/schema\/person\/1661982992b752dea8dff0d4ed845a65\"},\"breadcrumb\":{\"@id\":\"https:\/\/gaudiumetspes-blog.pl\/index.php\/2019\/11\/04\/nieodwolalne-wezwania-boze\/#breadcrumb\"},\"inLanguage\":\"pl-PL\",\"potentialAction\":[{\"@type\":\"ReadAction\",\"target\":[\"https:\/\/gaudiumetspes-blog.pl\/index.php\/2019\/11\/04\/nieodwolalne-wezwania-boze\/\"]}]},{\"@type\":\"BreadcrumbList\",\"@id\":\"https:\/\/gaudiumetspes-blog.pl\/index.php\/2019\/11\/04\/nieodwolalne-wezwania-boze\/#breadcrumb\",\"itemListElement\":[{\"@type\":\"ListItem\",\"position\":1,\"name\":\"Strona g\u0142\u00f3wna\",\"item\":\"https:\/\/gaudiumetspes-blog.pl\/\"},{\"@type\":\"ListItem\",\"position\":2,\"name\":\"Nieodwo\u0142alne wezwania Bo\u017ce\"}]},{\"@type\":\"WebSite\",\"@id\":\"https:\/\/gaudiumetspes-blog.pl\/#website\",\"url\":\"https:\/\/gaudiumetspes-blog.pl\/\",\"name\":\"Gaudium Et Spes\",\"description\":\"Blog Ks. Jacka Ja\u015bkowskiego\",\"potentialAction\":[{\"@type\":\"SearchAction\",\"target\":{\"@type\":\"EntryPoint\",\"urlTemplate\":\"https:\/\/gaudiumetspes-blog.pl\/?s={search_term_string}\"},\"query-input\":{\"@type\":\"PropertyValueSpecification\",\"valueRequired\":true,\"valueName\":\"search_term_string\"}}],\"inLanguage\":\"pl-PL\"},{\"@type\":\"Person\",\"@id\":\"https:\/\/gaudiumetspes-blog.pl\/#\/schema\/person\/1661982992b752dea8dff0d4ed845a65\",\"name\":\"Ks. Jacek\",\"image\":{\"@type\":\"ImageObject\",\"inLanguage\":\"pl-PL\",\"@id\":\"https:\/\/gaudiumetspes-blog.pl\/#\/schema\/person\/image\/\",\"url\":\"https:\/\/gaudiumetspes-blog.pl\/wp-content\/uploads\/2019\/07\/avatar-JJ-150x150.jpg\",\"contentUrl\":\"https:\/\/gaudiumetspes-blog.pl\/wp-content\/uploads\/2019\/07\/avatar-JJ-150x150.jpg\",\"caption\":\"Ks. Jacek\"},\"description\":\"Witam serdecznie! K\u0142ania si\u0119 Ks. Jacek Ja\u015bkowski. Nie jestem ani kim\u015b wa\u017cnym, ani kim\u015b znanym. Jestem ksi\u0119dzem, kt\u00f3ry po prostu chce rozmawia\u0107. Codzienna kap\u0142a\u0144ska pos\u0142uga pokazuje mi, \u017ce temat\u00f3w do rozm\u00f3w z ksi\u0119dzem jest coraz wi\u0119cej i dzisiaj \u017caden ksi\u0105dz nie mo\u017ce od nich ucieka\u0107, ale - wprost przeciwnie - podejmowa\u0107 nowe wyzwania. To przekonanie sk\u0142oni\u0142o mnie do pr\u00f3by otwarcia tego\u017c bloga, chocia\u017c okazji do rozm\u00f3w na co dzie\u0144 - w konfesjonale i poza nim - na szcz\u0119\u015bcie nie brakuje. My\u015bl\u0119 jednak, \u017ce ten blog b\u0119dzie jeszcze jednym sposobem i przestrzeni\u0105 nawi\u0105zania kontaktu z lud\u017ami dobrej woli, otwartymi na dialog.\",\"url\":\"https:\/\/gaudiumetspes-blog.pl\/index.php\/author\/ks-jacek\/\"}]}<\/script>\n<!-- \/ Yoast SEO plugin. -->","yoast_head_json":{"title":"Nieodwo\u0142alne wezwania Bo\u017ce - Gaudium Et Spes","robots":{"index":"index","follow":"follow","max-snippet":"max-snippet:-1","max-image-preview":"max-image-preview:large","max-video-preview":"max-video-preview:-1"},"canonical":"https:\/\/gaudiumetspes-blog.pl\/index.php\/2019\/11\/04\/nieodwolalne-wezwania-boze\/","og_locale":"pl_PL","og_type":"article","og_title":"Nieodwo\u0142alne wezwania Bo\u017ce - Gaudium Et Spes","og_description":"Szcz\u0119\u015b\u0107 Bo\u017ce! Moi Drodzy, w dniu dzisiejszym imieniny prze\u017cywa Karol Or\u0142owski, nasz poprzedni Gospodarz w Szklarskiej Por\u0119bie. Dzi\u0119kuj\u0105c za wielk\u0105 \u017cyczliwo\u015b\u0107 i nasz\u0105 wieloletni\u0105 przyja\u017a\u0144, \u017cycz\u0119 ci\u0105g\u0142ego do\u015bwiadczania Bo\u017cej \u0142askawo\u015bci we wszystkich okoliczno\u015bciach \u017cycia! I zapewniam o mojej modlitwie! Dzisiejszy dzie\u0144 to r\u00f3wnie\u017c imieniny Jana Paw\u0142a II. Mo\u017ce warto zaprosi\u0107 Go dzisiaj do naszych serc [&hellip;]","og_url":"https:\/\/gaudiumetspes-blog.pl\/index.php\/2019\/11\/04\/nieodwolalne-wezwania-boze\/","og_site_name":"Gaudium Et Spes","article_published_time":"2019-11-04T04:37:58+00:00","author":"Ks. Jacek","twitter_card":"summary_large_image","twitter_misc":{"Napisane przez":"Ks. Jacek","Szacowany czas czytania":"14 minut"},"schema":{"@context":"https:\/\/schema.org","@graph":[{"@type":"WebPage","@id":"https:\/\/gaudiumetspes-blog.pl\/index.php\/2019\/11\/04\/nieodwolalne-wezwania-boze\/","url":"https:\/\/gaudiumetspes-blog.pl\/index.php\/2019\/11\/04\/nieodwolalne-wezwania-boze\/","name":"Nieodwo\u0142alne wezwania Bo\u017ce - Gaudium Et Spes","isPartOf":{"@id":"https:\/\/gaudiumetspes-blog.pl\/#website"},"datePublished":"2019-11-04T04:37:58+00:00","author":{"@id":"https:\/\/gaudiumetspes-blog.pl\/#\/schema\/person\/1661982992b752dea8dff0d4ed845a65"},"breadcrumb":{"@id":"https:\/\/gaudiumetspes-blog.pl\/index.php\/2019\/11\/04\/nieodwolalne-wezwania-boze\/#breadcrumb"},"inLanguage":"pl-PL","potentialAction":[{"@type":"ReadAction","target":["https:\/\/gaudiumetspes-blog.pl\/index.php\/2019\/11\/04\/nieodwolalne-wezwania-boze\/"]}]},{"@type":"BreadcrumbList","@id":"https:\/\/gaudiumetspes-blog.pl\/index.php\/2019\/11\/04\/nieodwolalne-wezwania-boze\/#breadcrumb","itemListElement":[{"@type":"ListItem","position":1,"name":"Strona g\u0142\u00f3wna","item":"https:\/\/gaudiumetspes-blog.pl\/"},{"@type":"ListItem","position":2,"name":"Nieodwo\u0142alne wezwania Bo\u017ce"}]},{"@type":"WebSite","@id":"https:\/\/gaudiumetspes-blog.pl\/#website","url":"https:\/\/gaudiumetspes-blog.pl\/","name":"Gaudium Et Spes","description":"Blog Ks. Jacka Ja\u015bkowskiego","potentialAction":[{"@type":"SearchAction","target":{"@type":"EntryPoint","urlTemplate":"https:\/\/gaudiumetspes-blog.pl\/?s={search_term_string}"},"query-input":{"@type":"PropertyValueSpecification","valueRequired":true,"valueName":"search_term_string"}}],"inLanguage":"pl-PL"},{"@type":"Person","@id":"https:\/\/gaudiumetspes-blog.pl\/#\/schema\/person\/1661982992b752dea8dff0d4ed845a65","name":"Ks. Jacek","image":{"@type":"ImageObject","inLanguage":"pl-PL","@id":"https:\/\/gaudiumetspes-blog.pl\/#\/schema\/person\/image\/","url":"https:\/\/gaudiumetspes-blog.pl\/wp-content\/uploads\/2019\/07\/avatar-JJ-150x150.jpg","contentUrl":"https:\/\/gaudiumetspes-blog.pl\/wp-content\/uploads\/2019\/07\/avatar-JJ-150x150.jpg","caption":"Ks. Jacek"},"description":"Witam serdecznie! K\u0142ania si\u0119 Ks. Jacek Ja\u015bkowski. Nie jestem ani kim\u015b wa\u017cnym, ani kim\u015b znanym. Jestem ksi\u0119dzem, kt\u00f3ry po prostu chce rozmawia\u0107. Codzienna kap\u0142a\u0144ska pos\u0142uga pokazuje mi, \u017ce temat\u00f3w do rozm\u00f3w z ksi\u0119dzem jest coraz wi\u0119cej i dzisiaj \u017caden ksi\u0105dz nie mo\u017ce od nich ucieka\u0107, ale - wprost przeciwnie - podejmowa\u0107 nowe wyzwania. To przekonanie sk\u0142oni\u0142o mnie do pr\u00f3by otwarcia tego\u017c bloga, chocia\u017c okazji do rozm\u00f3w na co dzie\u0144 - w konfesjonale i poza nim - na szcz\u0119\u015bcie nie brakuje. My\u015bl\u0119 jednak, \u017ce ten blog b\u0119dzie jeszcze jednym sposobem i przestrzeni\u0105 nawi\u0105zania kontaktu z lud\u017ami dobrej woli, otwartymi na dialog.","url":"https:\/\/gaudiumetspes-blog.pl\/index.php\/author\/ks-jacek\/"}]}},"jetpack_featured_media_url":"","jetpack_sharing_enabled":true,"_links":{"self":[{"href":"https:\/\/gaudiumetspes-blog.pl\/index.php\/wp-json\/wp\/v2\/posts\/16058","targetHints":{"allow":["GET"]}}],"collection":[{"href":"https:\/\/gaudiumetspes-blog.pl\/index.php\/wp-json\/wp\/v2\/posts"}],"about":[{"href":"https:\/\/gaudiumetspes-blog.pl\/index.php\/wp-json\/wp\/v2\/types\/post"}],"author":[{"embeddable":true,"href":"https:\/\/gaudiumetspes-blog.pl\/index.php\/wp-json\/wp\/v2\/users\/1"}],"replies":[{"embeddable":true,"href":"https:\/\/gaudiumetspes-blog.pl\/index.php\/wp-json\/wp\/v2\/comments?post=16058"}],"version-history":[{"count":1,"href":"https:\/\/gaudiumetspes-blog.pl\/index.php\/wp-json\/wp\/v2\/posts\/16058\/revisions"}],"predecessor-version":[{"id":16059,"href":"https:\/\/gaudiumetspes-blog.pl\/index.php\/wp-json\/wp\/v2\/posts\/16058\/revisions\/16059"}],"wp:attachment":[{"href":"https:\/\/gaudiumetspes-blog.pl\/index.php\/wp-json\/wp\/v2\/media?parent=16058"}],"wp:term":[{"taxonomy":"category","embeddable":true,"href":"https:\/\/gaudiumetspes-blog.pl\/index.php\/wp-json\/wp\/v2\/categories?post=16058"},{"taxonomy":"post_tag","embeddable":true,"href":"https:\/\/gaudiumetspes-blog.pl\/index.php\/wp-json\/wp\/v2\/tags?post=16058"}],"curies":[{"name":"wp","href":"https:\/\/api.w.org\/{rel}","templated":true}]}}