{"id":16060,"date":"2019-11-05T06:37:10","date_gmt":"2019-11-05T05:37:10","guid":{"rendered":"https:\/\/gaudiumetspes-blog.pl\/?p=16060"},"modified":"2019-11-05T06:37:10","modified_gmt":"2019-11-05T05:37:10","slug":"tworzymy-jedno-cialo-w-chrystusie","status":"publish","type":"post","link":"https:\/\/gaudiumetspes-blog.pl\/index.php\/2019\/11\/05\/tworzymy-jedno-cialo-w-chrystusie\/","title":{"rendered":"Tworzymy jedno cia\u0142o w Chrystusie!"},"content":{"rendered":"<p align=\"justify\"><span style=\"color: #000000;\"><span style=\"font-family: Book Antiqua, serif;\"><span style=\"font-size: large;\">Szcz\u0119\u015b\u0107 Bo\u017ce! Moi Drodzy, serdecznie wszystkich pozdrawiam i \u017cycz\u0119 b\u0142ogos\u0142awionego dnia! Nie zapomnijcie odwiedzi\u0107 cmentarza i pomodli\u0107 si\u0119 za Zmar\u0142ych, by zyska\u0107 odpust, kt\u00f3ry b\u0119dzie mo\u017cna za nich ofiarowa\u0107.<\/span><\/span><\/span><\/p>\n<p align=\"center\"><span style=\"color: #000000;\"><span style=\"font-family: Book Antiqua, serif;\"><span style=\"font-size: large;\">Gaudium et spes! Ks. Jacek<\/span><\/span><\/span><\/p>\n<p align=\"center\">\n<p align=\"center\">\n<p align=\"center\">\n<p align=\"center\">\n<p align=\"center\">\n<p align=\"justify\"><span style=\"color: #000000;\"><span style=\"font-family: Book Antiqua, serif;\"><span style=\"font-size: large;\"><b>Wtorek 31 Tygodnia zwyk\u0142ego, rok I,<\/b><\/span><\/span><\/span><\/p>\n<p align=\"justify\"><span style=\"color: #000000;\"><span style=\"font-family: Book Antiqua, serif;\"><span style=\"font-size: large;\"><b>do czyta\u0144: Rz 12,5\u201316a; \u0141k 14,15\u201324<\/b><\/span><\/span><\/span><\/p>\n<p align=\"justify\">\n<p align=\"justify\">\n<p align=\"justify\">\n<p align=\"justify\">\n<p align=\"justify\">\n<p align=\"justify\"><span style=\"color: #000000;\"><span style=\"font-family: Book Antiqua, serif;\"><span style=\"font-size: large;\"><b>CZYTANIE Z LISTU \u015aWI\u0118TEGO PAW\u0141A APOSTO\u0141A DO RZYMIAN: <\/b><\/span><\/span><\/span><\/p>\n<p align=\"justify\"><span style=\"color: #000000;\"><span style=\"font-family: Book Antiqua, serif;\"><span style=\"font-size: large;\"><b>Bracia: Wszyscy razem tworzymy jedno cia\u0142o w Chrystusie, a ka\u017cdy z osobna jeste\u015bmy nawzajem dla siebie cz\u0142onkami. Mamy za\u015b wed\u0142ug udzielonej nam \u0142aski r\u00f3\u017cne dary: b\u0105d\u017a dar proroctwa do stosowania zgodnie z wiar\u0105; b\u0105d\u017a to urz\u0105d diakona dla wykonywania czynno\u015bci diako\u0144skich; b\u0105d\u017a urz\u0105d nauczyciela dla wype\u0142niania czynno\u015bci nauczycielskich; b\u0105d\u017a dar upominania dla karcenia. Kto zajmuje si\u0119 rozdawaniem, niech to czyni ze szczodrobliwo\u015bci\u0105: kto jest prze\u0142o\u017conym, niech dzia\u0142a z gorliwo\u015bci\u0105; kto pe\u0142ni uczynki mi\u0142osierdzia, niech to czyni ochoczo. <\/b><\/span><\/span><\/span><\/p>\n<p align=\"justify\"><span style=\"color: #000000;\"><span style=\"font-family: Book Antiqua, serif;\"><span style=\"font-size: large;\"><b>Mi\u0142o\u015b\u0107 niech b\u0119dzie bez ob\u0142udy. Miejcie wstr\u0119t do z\u0142ego, pod\u0105\u017cajcie za dobrem. W mi\u0142o\u015bci braterskiej nawzajem b\u0105d\u017acie \u017cyczliwi. W okazywaniu czci jedni drugich wyprzedzajcie. Nie opuszczajcie si\u0119 w gorliwo\u015bci. B\u0105d\u017acie p\u0142omiennego ducha. Pe\u0142nijcie s\u0142u\u017cb\u0119 Panu. Weselcie si\u0119 nadziej\u0105. W ucisku b\u0105d\u017acie cierpliwi, w modlitwie wytrwali. Zaradzajcie potrzebom \u015bwi\u0119tych. Przestrzegajcie go\u015bcinno\u015bci. <\/b><\/span><\/span><\/span><\/p>\n<p align=\"justify\"><span style=\"color: #000000;\"><span style=\"font-family: Book Antiqua, serif;\"><span style=\"font-size: large;\"><b>B\u0142ogos\u0142awcie tych, kt\u00f3rzy was prze\u015bladuj\u0105. B\u0142ogos\u0142awcie, a nie z\u0142orzeczcie. Weselcie si\u0119 z tymi, kt\u00f3rzy si\u0119 wesel\u0105, p\u0142aczcie z tymi, kt\u00f3rzy p\u0142acz\u0105. B\u0105d\u017acie zgodni we wzajemnych uczuciach. Nie go\u0144cie za wielko\u015bci\u0105, lecz niech was poci\u0105ga to, co pokorne.<\/b><\/span><\/span><\/span><\/p>\n<p align=\"justify\">\n<p align=\"justify\">\n<p align=\"justify\">\n<p align=\"justify\">\n<p align=\"justify\">\n<p align=\"justify\"><span style=\"color: #000000;\"><span style=\"font-family: Book Antiqua, serif;\"><span style=\"font-size: large;\"><b>S\u0141OWA EWANGELII WED\u0141UG \u015aWI\u0118TEGO \u0141UKASZA: <\/b><\/span><\/span><\/span><\/p>\n<p align=\"justify\"><span style=\"color: #000000;\"><span style=\"font-family: Book Antiqua, serif;\"><span style=\"font-size: large;\"><b>Gdy Jezus siedzia\u0142 przy stole, jeden ze wsp\u00f3\u0142biesiadnik\u00f3w rzek\u0142 do Niego: \u201eSzcz\u0119\u015bliwy ten, kto b\u0119dzie ucztowa\u0142 w kr\u00f3lestwie Bo\u017cym\u201d. <\/b><\/span><\/span><\/span><\/p>\n<p align=\"justify\"><span style=\"color: #000000;\"><span style=\"font-family: Book Antiqua, serif;\"><span style=\"font-size: large;\"><b>Jezus mu odpowiedzia\u0142: \u201ePewien cz\u0142owiek wyprawi\u0142 wielk\u0105 uczt\u0119 i zaprosi\u0142 wielu. Kiedy nadszed\u0142 czas uczty, pos\u0142a\u0142 swego s\u0142ug\u0119, aby powiedzia\u0142 zaproszonym: \u00abPrzyjd\u017acie, bo ju\u017c wszystko jest gotowe\u00bb. Wtedy zacz\u0119li si\u0119 wszyscy jednomy\u015blnie wymawia\u0107. Pierwszy kaza\u0142 mu powiedzie\u0107: \u00abKupi\u0142em pole, musz\u0119 wyj\u015b\u0107, aby je obejrze\u0107; prosz\u0119 ci\u0119, uwa\u017caj mnie za usprawiedliwionego\u00bb. Drugi rzek\u0142: \u00abKupi\u0142em pi\u0119\u0107 par wo\u0142\u00f3w i id\u0119 je wypr\u00f3bowa\u0107; prosz\u0119 ci\u0119, uwa\u017caj mnie za usprawiedliwionego\u00bb. Jeszcze inny rzek\u0142: \u00abPo\u015blubi\u0142em \u017con\u0119 i dlatego nie mog\u0119 przyj\u015b\u0107\u00bb. <\/b><\/span><\/span><\/span><\/p>\n<p align=\"justify\"><span style=\"color: #000000;\"><span style=\"font-family: Book Antiqua, serif;\"><span style=\"font-size: large;\"><b>S\u0142uga powr\u00f3ci\u0142 i oznajmi\u0142 to swemu panu. Wtedy rozgniewany gospodarz nakaza\u0142 s\u0142udze: \u00abWyjd\u017a co pr\u0119dzej na ulice i zau\u0142ki miasta i wprowad\u017a tu ubogich, u\u0142omnych, niewidomych i chromych\u00bb. S\u0142uga oznajmi\u0142: \u00abPanie, sta\u0142o si\u0119, jak rozkaza\u0142e\u015b, a jeszcze jest miejsce\u00bb. Na to pan rzek\u0142 do s\u0142ugi: \u00abWyjd\u017a na drogi i mi\u0119dzy op\u0142otki i zmuszaj do wej\u015bcia, aby m\u00f3j dom by\u0142 zape\u0142niony\u00bb. <\/b><\/span><\/span><\/span><\/p>\n<p align=\"justify\"><span style=\"color: #000000;\"><span style=\"font-family: Book Antiqua, serif;\"><span style=\"font-size: large;\"><b>Albowiem powiadam wam: \u017baden z owych ludzi, kt\u00f3rzy byli zaproszeni, nie skosztuje mojej uczty\u201d.<\/b><\/span><\/span><\/span><\/p>\n<p align=\"justify\">\n<p align=\"justify\">\n<p align=\"justify\">\n<p align=\"justify\">\n<p align=\"justify\">\n<p align=\"justify\"><span style=\"color: #000000;\"><span style=\"font-family: Book Antiqua, serif;\"><span style=\"font-size: large;\">Dzisiejsze pierwsze czytanie to \u2013 mo\u017cemy powiedzie\u0107 \u2013 taki <b>skondensowany obraz Ko\u015bcio\u0142a.<\/b> Najpierw bowiem s\u0142yszymy o r\u00f3\u017cnych darach i charyzmatach, danych cz\u0142onkom tego\u017c Ko\u015bcio\u0142a, aby dzi\u0119ki nim budowali wsp\u00f3lnot\u0119. Ju\u017c pierwsze zdanie ustawia w\u0142a\u015bciwie ca\u0142\u0105 spraw\u0119, s\u0142yszymy w nim bowiem, \u017ce <i><b>w<\/b><\/i><i><b>szyscy razem tworzymy jedno cia\u0142o w Chrystusie, a ka\u017cdy z osobna jeste\u015bmy nawzajem dla siebie cz\u0142onkami.<\/b><\/i><b> <\/b><\/span><\/span><\/span><\/p>\n<p align=\"justify\"><span style=\"color: #000000;\"><span style=\"font-family: Book Antiqua, serif;\"><span style=\"font-size: large;\">Po czym s\u0142owa: <i><b>Mamy za\u015b wed\u0142ug udzielonej nam \u0142aski r\u00f3\u017cne dary,<\/b><\/i><b> <\/b>wprowadzaj\u0105 ju\u017c w wyliczenie tych\u017ce dar\u00f3w \u2013 faktycznie, bardzo licznych i bardzo r\u00f3\u017cnorodnych. Po czym z kolei nast\u0119puje <b>katalog dobrych rad,<\/b> jak nale\u017cy post\u0119powa\u0107, aby dobrze wype\u0142ni\u0107 przes\u0142anie, zawarte w pierwszym zdaniu, czyli \u017ceby wszyscy razem tworzyli rzeczywi\u015bcie <i><b>jedno cia\u0142o w Chrystusie<\/b><\/i> i wszyscy byli tego\u017c cia\u0142a cz\u0142onkami. <\/span><\/span><\/span><\/p>\n<p align=\"justify\"><span style=\"color: #000000;\"><span style=\"font-family: Book Antiqua, serif;\"><span style=\"font-size: large;\">I znowu, pierwsza z tych\u017ce rad: <i><b>Mi\u0142o\u015b\u0107 niech b\u0119dzie bez ob\u0142udy,<\/b><\/i><b> <\/b>wydaje si\u0119 by\u0107 g\u0142\u00f3wn\u0105, zasadnicz\u0105, stanowi\u0105c\u0105 <b>streszczenie<\/b> pozosta\u0142ych i <b>wprowadzenie<\/b> do pozosta\u0142ych. Kolejne s\u0105 ju\u017c bardzo konkretne i <b>wprost wskazuj\u0105,<\/b> co nale\u017cy, a czego nie nale\u017cy czyni\u0107. <\/span><\/span><\/span><\/p>\n<p align=\"justify\"><span style=\"color: #000000;\"><span style=\"font-family: Book Antiqua, serif;\"><span style=\"font-size: large;\">Warto si\u0119 ws\u0142ucha\u0107 w te rady, bo one nie tylko w\u00f3wczas, za czas\u00f3w Paw\u0142a, mia\u0142y zastosowanie, ale r\u00f3wnie dobrze mo\u017cemy i powinni\u015bmy <b>stosowa\u0107 je dzisiaj. <\/b>Z pewno\u015bci\u0105, o wiele ja\u015bniejszy by\u0142by obraz dzisiejszego Ko\u015bcio\u0142a, gdyby\u015bmy te rady wszyscy stosowali. I gdyby\u015bmy mieli \u015bwiadomo\u015b\u0107, \u017ce cho\u0107 r\u00f3\u017cni i r\u00f3\u017cnymi darami ubogaceni, <b>stanowimy jedno\u015b\u0107 <\/b>i o t\u0119 jedno\u015b\u0107 mamy zabiega\u0107. <\/span><\/span><\/span><\/p>\n<p align=\"justify\"><span style=\"color: #000000;\"><span style=\"font-family: Book Antiqua, serif;\"><span style=\"font-size: large;\">To wszystko jednak przede wszystkim wymaga tego, by\u015bmy <b>dali si\u0119 Jezusowi zaprosi\u0107<\/b> do wsp\u00f3\u0142pracy. W us\u0142yszanej przed chwil\u0105 Ewangelii, na stwierdzenie jednego ze wsp\u00f3\u0142biesiadnik\u00f3w, postawione w trakcie uczty: <i><b>Szcz\u0119\u015bliwy ten, kto b\u0119dzie ucztowa\u0142 w kr\u00f3lestwie Bo\u017cym,<\/b><\/i><b> <\/b>Jezus odpowiedzia\u0142 przypowie\u015bci\u0105 w\u0142a\u015bnie o zaproszonych na uczt\u0119, ale <b>kt\u00f3rzy z niej nie skorzystali,<\/b> bo akurat\u2026 nie znale\u017ali na ni\u0105 czasu. Bo nie by\u0142a dla nich a\u017c tak wa\u017cnym wydarzeniem, \u017ceby mieli zmienia\u0107 swoje plany. <\/span><\/span><\/span><\/p>\n<p align=\"justify\"><span style=\"color: #000000;\"><span style=\"font-family: Book Antiqua, serif;\"><span style=\"font-size: large;\">Bo w ich osobistej hierarchii obejrzenie pola lub wypr\u00f3bowanie pary wo\u0142\u00f3w by\u0142o <b>wa\u017cniejsze od skorzystania z zaproszenia <\/b>ze strony prawdopodobnie przyjaciela, albo przynajmniej kogo\u015b bliskiego, bo przecie\u017c raczej obcych do w\u0142asnego domu na uczt\u0119 nie zapraszano i dzisiaj si\u0119 nie zaprasza. Zatem, to wszystko<b> okaza\u0142o si\u0119 wa\u017cniejsze.<\/b> <\/span><\/span><\/span><\/p>\n<p align=\"justify\"><span style=\"color: #000000;\"><span style=\"font-family: Book Antiqua, serif;\"><span style=\"font-size: large;\">Trudno si\u0119 zatem dziwi\u0107 decyzji gospodarza, \u017ce wola\u0142 jednak obcych przy stole, ni\u017c patrze\u0107 na puste miejsca, gdy\u017c <b>przyjaciele go zlekcewa\u017cyli.<\/b> Nie skorzystali z jego zaproszenia. Tysi\u0105c innych spraw \u2013 cz\u0119sto naprawd\u0119 banalnych \u2013 okaza\u0142o si\u0119 w tym momencie <b>dla nich <\/b><b>wa\u017cniejsz<\/b><b>e<\/b><b>.<\/b> <\/span><\/span><\/span><\/p>\n<p align=\"justify\"><span style=\"color: #000000;\"><span style=\"font-family: Book Antiqua, serif;\"><span style=\"font-size: large;\">I mo\u017ce w tym w\u0142a\u015bnie tkwi, moi Drodzy, przyczyna swoistego os\u0142abienia dzisiejszego Ko\u015bcio\u0142a \u2013 tak\u017ce w naszej Ojczy\u017anie \u2013 \u017ce my jeste\u015bmy tak <b>zaaferowani tyloma r\u00f3\u017cnymi sprawami i problemami,<\/b> \u017ce nawet nie my\u015blimy, aby odpowiedzie\u0107 na zaproszenie Jezusa <b>i przyj\u015b\u0107 na uczt\u0119:<\/b> na t\u0119 Uczt\u0119 eucharystyczn\u0105, czyli na Msz\u0119 \u015awi\u0119t\u0105, ale te\u017c w szerszym rozumieniu sprawy \u2013 <b>w\u0142\u0105czy\u0107 si\u0119 aktywnie w \u017cycie Ko\u015bcio\u0142a.<\/b> Realizowa\u0107 charyzmaty, kt\u00f3re s\u0105 i nam dane dla wsp\u00f3lnego dobra. <\/span><\/span><\/span><\/p>\n<p align=\"justify\"><span style=\"color: #000000;\"><span style=\"font-family: Book Antiqua, serif;\"><span style=\"font-size: large;\">Moi Drodzy, mo\u017ce i nam wydaje si\u0119 \u2013 jak tamtym z Ewangelii \u2013 \u017ce mamy jeszcze czas i <b>po za\u0142atwieniu wszystkich <\/b><b>swoich <\/b><b>spraw, <\/b>z pewno\u015bci\u0105 ochoczo zabierzemy si\u0119 za sprawy Ko\u015bcio\u0142a, sprawy wiary, sprawy Bo\u017ce. Tylko \u017ce\u2026 mo\u017ce ju\u017c nie by\u0107 takiej mo\u017cliwo\u015bci. <\/span><\/span><\/span><\/p>\n<p align=\"justify\"><span style=\"color: #000000;\"><span style=\"font-family: Book Antiqua, serif;\"><span style=\"font-size: large;\">Lepiej wi\u0119c zabra\u0107 si\u0119 za to od razu:<b> odkry\u0107 \u2013 i ci\u0105gle odkrywa\u0107 <\/b>\u2013 <b>dary i charyzmaty, <\/b>jakimi Pan nas ubogaci\u0142 i zabiera\u0107 si\u0119 do pracy! Wej\u015b\u0107 \u2013 i ci\u0105gle coraz bardziej wchodzi\u0107 \u2013 we wsp\u00f3lnot\u0119 z Jezusem! I <b>\u017cy\u0107 Ko\u015bcio\u0142em <\/b>\u2013 tworzy\u0107 ten Ko\u015bci\u00f3\u0142, budowa\u0107 go i wzmacnia\u0107 serdecznym swoim zaanga\u017cowaniem, podejmowanym z mi\u0142o\u015bci\u0105.<b> I w spos\u00f3b bardzo konkretny!<\/b> Tak, jak radzi\u0142 dzisiaj Pawe\u0142, czyli przez realizacj\u0119 bardzo konkretnych zada\u0144 i postaw. <\/span><\/span><\/span><\/p>\n<p align=\"justify\"><span style=\"color: #000000;\"><span style=\"font-family: Book Antiqua, serif;\"><span style=\"font-size: large;\"><b>Ju\u017c od dzisiaj. Od teraz!<\/b><\/span><\/span><\/span><\/p>\n","protected":false},"excerpt":{"rendered":"<p>Szcz\u0119\u015b\u0107 Bo\u017ce! Moi Drodzy, serdecznie wszystkich pozdrawiam i \u017cycz\u0119 b\u0142ogos\u0142awionego dnia! Nie zapomnijcie odwiedzi\u0107 cmentarza i pomodli\u0107 si\u0119 za Zmar\u0142ych, by zyska\u0107 odpust, kt\u00f3ry b\u0119dzie mo\u017cna za nich ofiarowa\u0107. Gaudium et spes! Ks. Jacek Wtorek 31 Tygodnia zwyk\u0142ego, rok I, do czyta\u0144: Rz 12,5\u201316a; \u0141k 14,15\u201324 CZYTANIE Z LISTU \u015aWI\u0118TEGO PAW\u0141A APOSTO\u0141A DO RZYMIAN: Bracia: [&hellip;]<\/p>\n","protected":false},"author":1,"featured_media":0,"comment_status":"open","ping_status":"open","sticky":false,"template":"","format":"standard","meta":{"jetpack_post_was_ever_published":false,"_jetpack_newsletter_access":"","_jetpack_dont_email_post_to_subs":false,"_jetpack_newsletter_tier_id":0,"_jetpack_memberships_contains_paywalled_content":false,"_jetpack_memberships_contains_paid_content":false,"footnotes":""},"categories":[1],"tags":[],"class_list":["post-16060","post","type-post","status-publish","format-standard","hentry","category-bez-kategorii"],"yoast_head":"<!-- This site is optimized with the Yoast SEO plugin v25.1 - https:\/\/yoast.com\/wordpress\/plugins\/seo\/ -->\n<title>Tworzymy jedno cia\u0142o w Chrystusie! - Gaudium Et Spes<\/title>\n<meta name=\"robots\" content=\"index, follow, max-snippet:-1, max-image-preview:large, max-video-preview:-1\" \/>\n<link rel=\"canonical\" href=\"https:\/\/gaudiumetspes-blog.pl\/index.php\/2019\/11\/05\/tworzymy-jedno-cialo-w-chrystusie\/\" \/>\n<meta property=\"og:locale\" content=\"pl_PL\" \/>\n<meta property=\"og:type\" content=\"article\" \/>\n<meta property=\"og:title\" content=\"Tworzymy jedno cia\u0142o w Chrystusie! - Gaudium Et Spes\" \/>\n<meta property=\"og:description\" content=\"Szcz\u0119\u015b\u0107 Bo\u017ce! Moi Drodzy, serdecznie wszystkich pozdrawiam i \u017cycz\u0119 b\u0142ogos\u0142awionego dnia! Nie zapomnijcie odwiedzi\u0107 cmentarza i pomodli\u0107 si\u0119 za Zmar\u0142ych, by zyska\u0107 odpust, kt\u00f3ry b\u0119dzie mo\u017cna za nich ofiarowa\u0107. Gaudium et spes! Ks. Jacek Wtorek 31 Tygodnia zwyk\u0142ego, rok I, do czyta\u0144: Rz 12,5\u201316a; \u0141k 14,15\u201324 CZYTANIE Z LISTU \u015aWI\u0118TEGO PAW\u0141A APOSTO\u0141A DO RZYMIAN: Bracia: [&hellip;]\" \/>\n<meta property=\"og:url\" content=\"https:\/\/gaudiumetspes-blog.pl\/index.php\/2019\/11\/05\/tworzymy-jedno-cialo-w-chrystusie\/\" \/>\n<meta property=\"og:site_name\" content=\"Gaudium Et Spes\" \/>\n<meta property=\"article:published_time\" content=\"2019-11-05T05:37:10+00:00\" \/>\n<meta name=\"author\" content=\"Ks. Jacek\" \/>\n<meta name=\"twitter:card\" content=\"summary_large_image\" \/>\n<meta name=\"twitter:label1\" content=\"Napisane przez\" \/>\n\t<meta name=\"twitter:data1\" content=\"Ks. Jacek\" \/>\n\t<meta name=\"twitter:label2\" content=\"Szacowany czas czytania\" \/>\n\t<meta name=\"twitter:data2\" content=\"6 minut\" \/>\n<script type=\"application\/ld+json\" class=\"yoast-schema-graph\">{\"@context\":\"https:\/\/schema.org\",\"@graph\":[{\"@type\":\"WebPage\",\"@id\":\"https:\/\/gaudiumetspes-blog.pl\/index.php\/2019\/11\/05\/tworzymy-jedno-cialo-w-chrystusie\/\",\"url\":\"https:\/\/gaudiumetspes-blog.pl\/index.php\/2019\/11\/05\/tworzymy-jedno-cialo-w-chrystusie\/\",\"name\":\"Tworzymy jedno cia\u0142o w Chrystusie! - Gaudium Et Spes\",\"isPartOf\":{\"@id\":\"https:\/\/gaudiumetspes-blog.pl\/#website\"},\"datePublished\":\"2019-11-05T05:37:10+00:00\",\"author\":{\"@id\":\"https:\/\/gaudiumetspes-blog.pl\/#\/schema\/person\/1661982992b752dea8dff0d4ed845a65\"},\"breadcrumb\":{\"@id\":\"https:\/\/gaudiumetspes-blog.pl\/index.php\/2019\/11\/05\/tworzymy-jedno-cialo-w-chrystusie\/#breadcrumb\"},\"inLanguage\":\"pl-PL\",\"potentialAction\":[{\"@type\":\"ReadAction\",\"target\":[\"https:\/\/gaudiumetspes-blog.pl\/index.php\/2019\/11\/05\/tworzymy-jedno-cialo-w-chrystusie\/\"]}]},{\"@type\":\"BreadcrumbList\",\"@id\":\"https:\/\/gaudiumetspes-blog.pl\/index.php\/2019\/11\/05\/tworzymy-jedno-cialo-w-chrystusie\/#breadcrumb\",\"itemListElement\":[{\"@type\":\"ListItem\",\"position\":1,\"name\":\"Strona g\u0142\u00f3wna\",\"item\":\"https:\/\/gaudiumetspes-blog.pl\/\"},{\"@type\":\"ListItem\",\"position\":2,\"name\":\"Tworzymy jedno cia\u0142o w&nbsp;Chrystusie!\"}]},{\"@type\":\"WebSite\",\"@id\":\"https:\/\/gaudiumetspes-blog.pl\/#website\",\"url\":\"https:\/\/gaudiumetspes-blog.pl\/\",\"name\":\"Gaudium Et Spes\",\"description\":\"Blog Ks. Jacka Ja\u015bkowskiego\",\"potentialAction\":[{\"@type\":\"SearchAction\",\"target\":{\"@type\":\"EntryPoint\",\"urlTemplate\":\"https:\/\/gaudiumetspes-blog.pl\/?s={search_term_string}\"},\"query-input\":{\"@type\":\"PropertyValueSpecification\",\"valueRequired\":true,\"valueName\":\"search_term_string\"}}],\"inLanguage\":\"pl-PL\"},{\"@type\":\"Person\",\"@id\":\"https:\/\/gaudiumetspes-blog.pl\/#\/schema\/person\/1661982992b752dea8dff0d4ed845a65\",\"name\":\"Ks. Jacek\",\"image\":{\"@type\":\"ImageObject\",\"inLanguage\":\"pl-PL\",\"@id\":\"https:\/\/gaudiumetspes-blog.pl\/#\/schema\/person\/image\/\",\"url\":\"https:\/\/gaudiumetspes-blog.pl\/wp-content\/uploads\/2019\/07\/avatar-JJ-150x150.jpg\",\"contentUrl\":\"https:\/\/gaudiumetspes-blog.pl\/wp-content\/uploads\/2019\/07\/avatar-JJ-150x150.jpg\",\"caption\":\"Ks. Jacek\"},\"description\":\"Witam serdecznie! K\u0142ania si\u0119 Ks. Jacek Ja\u015bkowski. Nie jestem ani kim\u015b wa\u017cnym, ani kim\u015b znanym. Jestem ksi\u0119dzem, kt\u00f3ry po prostu chce rozmawia\u0107. Codzienna kap\u0142a\u0144ska pos\u0142uga pokazuje mi, \u017ce temat\u00f3w do rozm\u00f3w z ksi\u0119dzem jest coraz wi\u0119cej i dzisiaj \u017caden ksi\u0105dz nie mo\u017ce od nich ucieka\u0107, ale - wprost przeciwnie - podejmowa\u0107 nowe wyzwania. To przekonanie sk\u0142oni\u0142o mnie do pr\u00f3by otwarcia tego\u017c bloga, chocia\u017c okazji do rozm\u00f3w na co dzie\u0144 - w konfesjonale i poza nim - na szcz\u0119\u015bcie nie brakuje. My\u015bl\u0119 jednak, \u017ce ten blog b\u0119dzie jeszcze jednym sposobem i przestrzeni\u0105 nawi\u0105zania kontaktu z lud\u017ami dobrej woli, otwartymi na dialog.\",\"url\":\"https:\/\/gaudiumetspes-blog.pl\/index.php\/author\/ks-jacek\/\"}]}<\/script>\n<!-- \/ Yoast SEO plugin. -->","yoast_head_json":{"title":"Tworzymy jedno cia\u0142o w Chrystusie! - Gaudium Et Spes","robots":{"index":"index","follow":"follow","max-snippet":"max-snippet:-1","max-image-preview":"max-image-preview:large","max-video-preview":"max-video-preview:-1"},"canonical":"https:\/\/gaudiumetspes-blog.pl\/index.php\/2019\/11\/05\/tworzymy-jedno-cialo-w-chrystusie\/","og_locale":"pl_PL","og_type":"article","og_title":"Tworzymy jedno cia\u0142o w Chrystusie! - Gaudium Et Spes","og_description":"Szcz\u0119\u015b\u0107 Bo\u017ce! Moi Drodzy, serdecznie wszystkich pozdrawiam i \u017cycz\u0119 b\u0142ogos\u0142awionego dnia! Nie zapomnijcie odwiedzi\u0107 cmentarza i pomodli\u0107 si\u0119 za Zmar\u0142ych, by zyska\u0107 odpust, kt\u00f3ry b\u0119dzie mo\u017cna za nich ofiarowa\u0107. Gaudium et spes! Ks. Jacek Wtorek 31 Tygodnia zwyk\u0142ego, rok I, do czyta\u0144: Rz 12,5\u201316a; \u0141k 14,15\u201324 CZYTANIE Z LISTU \u015aWI\u0118TEGO PAW\u0141A APOSTO\u0141A DO RZYMIAN: Bracia: [&hellip;]","og_url":"https:\/\/gaudiumetspes-blog.pl\/index.php\/2019\/11\/05\/tworzymy-jedno-cialo-w-chrystusie\/","og_site_name":"Gaudium Et Spes","article_published_time":"2019-11-05T05:37:10+00:00","author":"Ks. Jacek","twitter_card":"summary_large_image","twitter_misc":{"Napisane przez":"Ks. Jacek","Szacowany czas czytania":"6 minut"},"schema":{"@context":"https:\/\/schema.org","@graph":[{"@type":"WebPage","@id":"https:\/\/gaudiumetspes-blog.pl\/index.php\/2019\/11\/05\/tworzymy-jedno-cialo-w-chrystusie\/","url":"https:\/\/gaudiumetspes-blog.pl\/index.php\/2019\/11\/05\/tworzymy-jedno-cialo-w-chrystusie\/","name":"Tworzymy jedno cia\u0142o w Chrystusie! - Gaudium Et Spes","isPartOf":{"@id":"https:\/\/gaudiumetspes-blog.pl\/#website"},"datePublished":"2019-11-05T05:37:10+00:00","author":{"@id":"https:\/\/gaudiumetspes-blog.pl\/#\/schema\/person\/1661982992b752dea8dff0d4ed845a65"},"breadcrumb":{"@id":"https:\/\/gaudiumetspes-blog.pl\/index.php\/2019\/11\/05\/tworzymy-jedno-cialo-w-chrystusie\/#breadcrumb"},"inLanguage":"pl-PL","potentialAction":[{"@type":"ReadAction","target":["https:\/\/gaudiumetspes-blog.pl\/index.php\/2019\/11\/05\/tworzymy-jedno-cialo-w-chrystusie\/"]}]},{"@type":"BreadcrumbList","@id":"https:\/\/gaudiumetspes-blog.pl\/index.php\/2019\/11\/05\/tworzymy-jedno-cialo-w-chrystusie\/#breadcrumb","itemListElement":[{"@type":"ListItem","position":1,"name":"Strona g\u0142\u00f3wna","item":"https:\/\/gaudiumetspes-blog.pl\/"},{"@type":"ListItem","position":2,"name":"Tworzymy jedno cia\u0142o w&nbsp;Chrystusie!"}]},{"@type":"WebSite","@id":"https:\/\/gaudiumetspes-blog.pl\/#website","url":"https:\/\/gaudiumetspes-blog.pl\/","name":"Gaudium Et Spes","description":"Blog Ks. Jacka Ja\u015bkowskiego","potentialAction":[{"@type":"SearchAction","target":{"@type":"EntryPoint","urlTemplate":"https:\/\/gaudiumetspes-blog.pl\/?s={search_term_string}"},"query-input":{"@type":"PropertyValueSpecification","valueRequired":true,"valueName":"search_term_string"}}],"inLanguage":"pl-PL"},{"@type":"Person","@id":"https:\/\/gaudiumetspes-blog.pl\/#\/schema\/person\/1661982992b752dea8dff0d4ed845a65","name":"Ks. Jacek","image":{"@type":"ImageObject","inLanguage":"pl-PL","@id":"https:\/\/gaudiumetspes-blog.pl\/#\/schema\/person\/image\/","url":"https:\/\/gaudiumetspes-blog.pl\/wp-content\/uploads\/2019\/07\/avatar-JJ-150x150.jpg","contentUrl":"https:\/\/gaudiumetspes-blog.pl\/wp-content\/uploads\/2019\/07\/avatar-JJ-150x150.jpg","caption":"Ks. Jacek"},"description":"Witam serdecznie! K\u0142ania si\u0119 Ks. Jacek Ja\u015bkowski. Nie jestem ani kim\u015b wa\u017cnym, ani kim\u015b znanym. Jestem ksi\u0119dzem, kt\u00f3ry po prostu chce rozmawia\u0107. Codzienna kap\u0142a\u0144ska pos\u0142uga pokazuje mi, \u017ce temat\u00f3w do rozm\u00f3w z ksi\u0119dzem jest coraz wi\u0119cej i dzisiaj \u017caden ksi\u0105dz nie mo\u017ce od nich ucieka\u0107, ale - wprost przeciwnie - podejmowa\u0107 nowe wyzwania. To przekonanie sk\u0142oni\u0142o mnie do pr\u00f3by otwarcia tego\u017c bloga, chocia\u017c okazji do rozm\u00f3w na co dzie\u0144 - w konfesjonale i poza nim - na szcz\u0119\u015bcie nie brakuje. My\u015bl\u0119 jednak, \u017ce ten blog b\u0119dzie jeszcze jednym sposobem i przestrzeni\u0105 nawi\u0105zania kontaktu z lud\u017ami dobrej woli, otwartymi na dialog.","url":"https:\/\/gaudiumetspes-blog.pl\/index.php\/author\/ks-jacek\/"}]}},"jetpack_featured_media_url":"","jetpack_sharing_enabled":true,"_links":{"self":[{"href":"https:\/\/gaudiumetspes-blog.pl\/index.php\/wp-json\/wp\/v2\/posts\/16060","targetHints":{"allow":["GET"]}}],"collection":[{"href":"https:\/\/gaudiumetspes-blog.pl\/index.php\/wp-json\/wp\/v2\/posts"}],"about":[{"href":"https:\/\/gaudiumetspes-blog.pl\/index.php\/wp-json\/wp\/v2\/types\/post"}],"author":[{"embeddable":true,"href":"https:\/\/gaudiumetspes-blog.pl\/index.php\/wp-json\/wp\/v2\/users\/1"}],"replies":[{"embeddable":true,"href":"https:\/\/gaudiumetspes-blog.pl\/index.php\/wp-json\/wp\/v2\/comments?post=16060"}],"version-history":[{"count":1,"href":"https:\/\/gaudiumetspes-blog.pl\/index.php\/wp-json\/wp\/v2\/posts\/16060\/revisions"}],"predecessor-version":[{"id":16061,"href":"https:\/\/gaudiumetspes-blog.pl\/index.php\/wp-json\/wp\/v2\/posts\/16060\/revisions\/16061"}],"wp:attachment":[{"href":"https:\/\/gaudiumetspes-blog.pl\/index.php\/wp-json\/wp\/v2\/media?parent=16060"}],"wp:term":[{"taxonomy":"category","embeddable":true,"href":"https:\/\/gaudiumetspes-blog.pl\/index.php\/wp-json\/wp\/v2\/categories?post=16060"},{"taxonomy":"post_tag","embeddable":true,"href":"https:\/\/gaudiumetspes-blog.pl\/index.php\/wp-json\/wp\/v2\/tags?post=16060"}],"curies":[{"name":"wp","href":"https:\/\/api.w.org\/{rel}","templated":true}]}}