{"id":16063,"date":"2019-11-06T08:09:43","date_gmt":"2019-11-06T07:09:43","guid":{"rendered":"https:\/\/gaudiumetspes-blog.pl\/?p=16063"},"modified":"2019-11-06T18:53:39","modified_gmt":"2019-11-06T17:53:39","slug":"byc-uczniem-jezusa","status":"publish","type":"post","link":"https:\/\/gaudiumetspes-blog.pl\/index.php\/2019\/11\/06\/byc-uczniem-jezusa\/","title":{"rendered":"By\u0107 uczniem Jezusa"},"content":{"rendered":"<figure id=\"attachment_16071\" aria-describedby=\"caption-attachment-16071\" style=\"width: 300px\" class=\"wp-caption alignright\"><img loading=\"lazy\" decoding=\"async\" class=\"wp-image-16071 size-medium\" src=\"https:\/\/gaudiumetspes-blog.pl\/wp-content\/uploads\/2019\/11\/CDD5C9C9-298A-4E21-8CF6-48F59C079A90-300x225.jpeg\" alt=\"\" width=\"300\" height=\"225\" srcset=\"https:\/\/gaudiumetspes-blog.pl\/wp-content\/uploads\/2019\/11\/CDD5C9C9-298A-4E21-8CF6-48F59C079A90-300x225.jpeg 300w, https:\/\/gaudiumetspes-blog.pl\/wp-content\/uploads\/2019\/11\/CDD5C9C9-298A-4E21-8CF6-48F59C079A90-768x576.jpeg 768w, https:\/\/gaudiumetspes-blog.pl\/wp-content\/uploads\/2019\/11\/CDD5C9C9-298A-4E21-8CF6-48F59C079A90-1024x768.jpeg 1024w, https:\/\/gaudiumetspes-blog.pl\/wp-content\/uploads\/2019\/11\/CDD5C9C9-298A-4E21-8CF6-48F59C079A90-720x540.jpeg 720w, https:\/\/gaudiumetspes-blog.pl\/wp-content\/uploads\/2019\/11\/CDD5C9C9-298A-4E21-8CF6-48F59C079A90-580x435.jpeg 580w, https:\/\/gaudiumetspes-blog.pl\/wp-content\/uploads\/2019\/11\/CDD5C9C9-298A-4E21-8CF6-48F59C079A90-320x240.jpeg 320w, https:\/\/gaudiumetspes-blog.pl\/wp-content\/uploads\/2019\/11\/CDD5C9C9-298A-4E21-8CF6-48F59C079A90.jpeg 1280w\" sizes=\"auto, (max-width: 300px) 100vw, 300px\" \/><figcaption id=\"caption-attachment-16071\" class=\"wp-caption-text\">Bal \u015bwi\u0119tych w Surgucie<\/figcaption><\/figure>\n<p>Niech b\u0119dzie pochwalony Jezus Chrystus!<\/p>\n<p>Pozdrawiam Was bardzo serdecznie z Surgutu, z Syberii, z krainy wielkiej zimy i mn\u00f3stwa \u015bniegu. Na ko\u0144cu tego rozwa\u017cania zobaczycie zdj\u0119cia, filmiki, co si\u0119 u nas dzieje. Na razie jest \u015bnieg, za dwa dni b\u0119dzie spory mr\u00f3z. A p\u00f3ki co &#8211; S\u0142owo. S\u0142uchajmy! I niech Duch \u015awi\u0119ty da nam \u0142ask\u0119, \u015bwiat\u0142o i m\u0105dro\u015b\u0107. <span class=\"Apple-converted-space\">\u00a0<\/span><\/p>\n<p><em><strong>(Rz 13, 8-10)<span class=\"Apple-converted-space\">\u00a0<\/span><\/strong><\/em><\/p>\n<p><em><strong>Bracia: Nikomu nie b\u0105d\u017acie nic d\u0142u\u017cni poza wzajemn\u0105 mi\u0142o\u015bci\u0105. Kto bowiem mi\u0142uje bli\u017aniego, wype\u0142ni\u0142 Prawo. Albowiem przykazania: &#8222;Nie cudzo\u0142\u00f3\u017c, nie zabijaj, nie kradnij, nie po\u017c\u0105daj&#8221; i wszystkie inne streszczaj\u0105 si\u0119 w tym nakazie: &#8222;Mi\u0142uj bli\u017aniego swego jak siebie samego&#8221;. Mi\u0142o\u015b\u0107 nie wyrz\u0105dza z\u0142a bli\u017aniemu. Przeto mi\u0142o\u015b\u0107 jest doskona\u0142ym wype\u0142nieniem Prawa.<\/strong><\/em><\/p>\n<p><em><strong>(\u0141k 14, 25-33)<span class=\"Apple-converted-space\">\u00a0<\/span><\/strong><\/em><\/p>\n<p><em><strong>Wielkie t\u0142umy sz\u0142y z Jezusem. On zwr\u00f3ci\u0142 si\u0119 i rzek\u0142 do nich: &#8222;Je\u015bli kto przychodzi do Mnie, a nie ma w nienawi\u015bci swego ojca i matki, \u017cony i dzieci, braci i si\u00f3str, nadto i siebie samego, nie mo\u017ce by\u0107 moim uczniem. Kto nie nosi swego krzy\u017ca, a idzie za Mn\u0105, ten nie mo\u017ce by\u0107 moim uczniem. Bo kt\u00f3\u017c z was, chc\u0105c zbudowa\u0107 wie\u017c\u0119, nie usi\u0105dzie wpierw, a nie oblicza wydatk\u00f3w, czy ma na wyko\u0144czenie? Inaczej gdyby za\u0142o\u017cy\u0142 fundament, a nie zdo\u0142a\u0142by wyko\u0144czy\u0107, wszyscy patrz\u0105c na to zacz\u0119liby drwi\u0107 z niego: \u201eTen cz\u0142owiek zacz\u0105\u0142 budowa\u0107, a nie zdo\u0142a\u0142 wyko\u0144czy\u0107\u201d. Albo kt\u00f3ry kr\u00f3l, maj\u0105c wyruszy\u0107, aby stoczy\u0107 bitw\u0119 z drugim kr\u00f3lem, nie usi\u0105dzie wpierw i nie rozwa\u017cy, czy w dziesi\u0119\u0107 tysi\u0119cy ludzi mo\u017ce stawi\u0107 czo\u0142o temu, kt\u00f3ry z dwudziestu tysi\u0105cami nadci\u0105ga przeciw niemu? Je\u015bli nie, wyprawia poselstwo, gdy tamten jest jeszcze daleko, i prosi o warunki pokoju. Tak wi\u0119c nikt z was, kto nie wyrzeka si\u0119 wszystkiego, co posiada, nie mo\u017ce by\u0107 moim uczniem\u201d.<\/strong><\/em><\/p>\n<p>Kiedy czytamy t\u0119 dzisiejsz\u0105 Ewangeli\u0119, zapewne pojawia si\u0119 w nas niezrozumienie, bunt, protest &#8211; jak to mie\u0107 w nienawi\u015bci? Przecie\u017c Jezus m\u00f3wi zawsze &#8211; kocha\u0107, mi\u0142ujcie si\u0119, nawet wrog\u00f3w mi\u0142ujcie\u2026 Wrog\u00f3w mi\u0142ujcie a swoich bliskich miejcie w nienawi\u015bci? Co\u015b tu nie gra.<span class=\"Apple-converted-space\">\u00a0<\/span><\/p>\n<p>A jak czyta\u0107 to w po\u0142\u0105czeniu z I czytaniem?<\/p>\n<p>Tu &#8211; miejcie w nienawi\u015bci, a tam &#8211; \u201eNikomu nie b\u0105d\u017acie nic d\u0142u\u017cni poza wzajemn\u0105 mi\u0142o\u015bci\u0105. Kto bowiem mi\u0142uje bli\u017aniego, wype\u0142ni\u0142 Prawo\u201d.<\/p>\n<p>Bardzo lubi\u0119 w s\u0142owach Jezusa ten ton prowokacji, to zmuszenie do zamy\u015blenia si\u0119. Jezus cz\u0119sto zmusza do my\u015blenia, prowokuje, m\u00f3wi s\u0142owa na pierwszy rzut oka dziwne. Jednak je\u015bli si\u0119 nad tym zastanowimy, okazuj\u0105 si\u0119 niesamowite, pi\u0119kne, dobre.<span class=\"Apple-converted-space\">\u00a0<\/span><\/p>\n<p>Nie zatrzymujmy si\u0119 tylko nad tym co nam nie pasuje, co nas uderza, ale sp\u00f3jrzmy na ca\u0142o\u015b\u0107. Pierwsze s\u0142owa, pierwsze zdanie Ewangelii:<\/p>\n<p>\u201eWielkie t\u0142umy sz\u0142y z Jezusem. On zwr\u00f3ci\u0142 si\u0119 i rzek\u0142 do nich: &#8222;Je\u015bli kto przychodzi do Mnie\u201d\u2026<\/p>\n<p>Id\u0105 za Jezusem wielkie t\u0142umy\u2026 Po co oni id\u0105? Z jak\u0105 motywacj\u0105 id\u0105?<\/p>\n<p>Wiemy \u017ce Jezus wielu uzdrawia\u0142, \u017ce chcieli Go obwo\u0142a\u0107 kr\u00f3lem, bo ich nakarmi\u0142\u2026<\/p>\n<p>Bardzo cz\u0119sto motywacja owego chodzenia za Jezusem by\u0142a s\u0142aba, ma\u0142a, niew\u0142a\u015bciwa.<span class=\"Apple-converted-space\">\u00a0<\/span><\/p>\n<p>Jezus zaczyna swoj\u0105 wypowied\u017a od s\u0142\u00f3w &#8211; je\u015bli kto przychodzi do Mnie\u2026 a potem &#8211; nie mo\u017ce by\u0107 moim uczniem.<span class=\"Apple-converted-space\">\u00a0<\/span><\/p>\n<p>Wiemy, \u017ce w czasach Jezusa popularn\u0105 by\u0142a praktyka, \u017ce jest mistrz i on ma swoich uczni\u00f3w. Jezus kieruje te s\u0142owa do tych, kt\u00f3rzy chc\u0105 by\u0107 Jego uczniami, kt\u00f3rzy nie tak zwyczajnie chc\u0105 Go pos\u0142ucha\u0107, bo mo\u017ce co\u015b ciekawego b\u0119dzie, ale oni podj\u0119li decyzj\u0119 &#8211; chc\u0119 by\u0107 Jego uczniem. I tu zaczynaj\u0105 si\u0119 konkretne wymagania &#8211; ucze\u0144 nie mo\u017ce by\u0107 roztargnionym, nie mo\u017ce by\u0107 takim sobie na p\u00f3\u0142 gwizdka, kiedy mu si\u0119 zachce b\u0119dzie si\u0119 uczy\u0142, a je\u015bli si\u0119 nie zachce to nie. Ucze\u0144 ma postawi\u0107 Mistrza na pierwszym miejscu w swoim \u017cyciu. Nie jest wa\u017cniejszy nikt &#8211; nawet najbli\u017csi w domu. Ucze\u0144 nie mo\u017ce by\u0107 leniwy, zrzucaj\u0105cy krzy\u017c, uciekaj\u0105cy od trudno\u015bci. Ucze\u0144 ma my\u015ble\u0107, planowa\u0107, my\u015ble\u0107 do przodu. Ucze\u0144 nie mo\u017ce by\u0107 zbyt przywi\u0105zany do swoich zabawek, pieni\u0119dzy, d\u00f3br materialnych.<span class=\"Apple-converted-space\">\u00a0<\/span><\/p>\n<p>Je\u015bli chcesz by\u0107 uczniem to radykalnie, na ca\u0142ego za Jezusem. A wi\u0119c &#8211; chcesz jeszcze by\u0107 uczniem Jezusa?<span class=\"Apple-converted-space\">\u00a0<\/span><\/p>\n<p>Id\u0119 za Jezusem, przychodz\u0119 do Jezusa, jestem Jego uczniem &#8211; je\u015bli chc\u0119 i mog\u0119 tak powiedzie\u0107, to trzeba by zada\u0107 sobie pytanie &#8211; jakie relacje mi w tym przeszkadzaj\u0105?<span class=\"Apple-converted-space\">\u00a0<\/span><\/p>\n<p>Czasem najbli\u017csi nam w tym przeszkadzaj\u0105, nawet nie dla tego, \u017ce s\u0105 \u017ali, ale na przyk\u0142ad nasze zbytnie przywi\u0105zanie do kogo\u015b, czy prze\u017cywanie za kogo\u015b mo\u017ce nas hamowa\u0107, przed radykalnym p\u00f3j\u015bciem za Jezusem.<span class=\"Apple-converted-space\">\u00a0<\/span><\/p>\n<p>Zauwa\u017cmy, \u017ce w tych s\u0142owach, gdzie Jezus m\u00f3wi o tym, \u017ceby mie\u0107 w nienawi\u015bci, to na ko\u0144cu m\u00f3wi &#8211; \u201enadto i siebie samego\u201d. My sami dla siebie mo\u017cemy by\u0107 przeszkod\u0105, nasza oci\u0119\u017ca\u0142o\u015b\u0107, nasza zbytnia, egoistyczna troska o siebie, zajmowanie si\u0119 sob\u0105 mo\u017ce by\u0107 przeszkod\u0105.<span class=\"Apple-converted-space\">\u00a0<\/span><\/p>\n<p>Chcieliby\u015bmy p\u00f3j\u015b\u0107 za Jezusem, ale bez krzy\u017ca, chcemy, \u017ceby nam by\u0142o lekko i przyjemnie. Tutaj s\u0142yszymy: \u201eKto nie nosi swego krzy\u017ca, a idzie za Mn\u0105, ten nie mo\u017ce by\u0107 moim uczniem\u201d.<\/p>\n<p>To dzisiejsze s\u0142owo to instrukcja bycia uczniem. Co znaczy by\u0107 uczniem &#8211; w og\u00f3le uczniem. My\u015bl\u0119, \u017ce wiele z tych my\u015bli mo\u017ce pom\u00f3c by\u0107 uczniem, studentem w zwyk\u0142ym, ludzkim rozumieniu.<span class=\"Apple-converted-space\">\u00a0<\/span><\/p>\n<p>Jednak Jezus m\u00f3wi to w innym kontek\u015bcie &#8211; by\u0107 Jego uczniem.<span class=\"Apple-converted-space\">\u00a0<\/span><\/p>\n<p>Czy ja chc\u0119 by\u0107 Jego uczniem?<\/p>\n<p>Patrz\u0119 na swoj\u0105 pos\u0142ug\u0119, swoje powo\u0142anie &#8211; kap\u0142a\u0144skie, powo\u0142ania do pos\u0142ugi na Syberii, w Surgucie, to jest powo\u0142anie przede wszystkim do bycia uczniem Jezusa, powo\u0142anie do tego, by do Jezusa przychodzi\u0107, by z Nim i za Nim chodzi\u0107.<span class=\"Apple-converted-space\">\u00a0<\/span><\/p>\n<p>W powo\u0142aniu, w pos\u0142udze, to jest najistotniejsze. I robi\u0119 sobie rachunek sumienia na podstawie dzisiejszego s\u0142owa &#8211; kto mi w tym przeszkadza? Kogo mam znienawidzi\u0107? Mo\u017ce kto\u015b zabiera mi czas, kt\u00f3ry jest czasem dla Jezusa?<\/p>\n<p>Wzi\u0105\u0107 krzy\u017c &#8211; czy nie jestem zbyt leniwy, czy nie odk\u0142adam trudu, krzy\u017ca tej pos\u0142ugi, czy nie uciekam przed tym co trudne?<span class=\"Apple-converted-space\">\u00a0<\/span><\/p>\n<p>Czy my\u015bl\u0119 do przodu, planuj\u0119 &#8211; jak budowa\u0107 wie\u017c\u0119, jak prowadzi\u0107 wojn\u0119, \u017ceby to by\u0142o m\u0105dre, rozumne?<\/p>\n<p>Czy nie jestem przywi\u0105zany do d\u00f3br materialnych? &#8211; \u201eNikt z was, kto nie wyrzeka si\u0119 wszystkiego, co posiada, nie mo\u017ce by\u0107 moim uczniem\u201d.<\/p>\n<p>Ka\u017cdy z nas, w swoim powo\u0142aniu mo\u017ce sobie stawia\u0107 takie pytania, jednak pierwsze, podstawowe pytanie brzmi &#8211; czy ja chc\u0119 by\u0107 uczniem Jezusa?<span class=\"Apple-converted-space\">\u00a0<\/span><\/p>\n<p>Jaka jest moja motywacja wiary? Czemu ja wierz\u0119 w Boga? Dlaczego id\u0119 za Jezusem? Spr\u00f3bujmy si\u0119 nad tym zastanowi\u0107, porozmy\u015bla\u0107.<span class=\"Apple-converted-space\">\u00a0<\/span><\/p>\n<p>A co na Syberii?<\/p>\n<p>Jakie\u015b s\u0142owo z cyklu &#8211; co u nas, uda\u0142o mi si\u0119 napisa\u0107 dopiero wieczorem, poniewa\u017c tak du\u017co \u015bniegu nasypa\u0142o, \u017ce p\u00f3\u0142 dnia by\u0142o od\u015bnie\u017canie &#8211; walka, \u017ceby mo\u017cna by\u0142o wej\u015b\u0107 do ko\u015bcio\u0142a.<\/p>\n<p>Najwa\u017cniejsze czym chc\u0119 si\u0119 z Wami podzieli\u0107 to Diecezjalne Spotkanie Rodzin w Nowosybirsku. W dniach 1-4 listopada odby\u0142o si\u0119 takie spotkanie. Owo spotkanie odbywa\u0142o si\u0119 w bazie turystycznej niedaleko Nowosybirska. Miejsce dosy\u0107 \u0142adne, spokojne, cho\u0107 sam budynek w stylu \u201estary komunizm\u201d. Jednak to nie przeszkadza\u0142o, \u017ceby spotkanie wysz\u0142o \u015bwietnie (a to zapewne dzi\u0119ki Waszym modlitwom, za kt\u00f3re dzi\u0119kuj\u0119).<span class=\"Apple-converted-space\">\u00a0<\/span><\/p>\n<p>Uczestnik\u00f3w by\u0142o oko\u0142o 100 os\u00f3b, czyli oko\u0142o 30 rodzin. Rodziny z r\u00f3\u017cnych parafii naszej diecezji, najwi\u0119cej z Tomska. By\u0142a te\u017c jedna rodzina z Surgutu.<span class=\"Apple-converted-space\">\u00a0<\/span><\/p>\n<p>W programie, opr\u00f3cz codziennej Mszy \u015aw., by\u0142y r\u00f3\u017cne konferencje, prace w grupach,<span class=\"Apple-converted-space\">\u00a0 <\/span>jednego dnia wieczorem by\u0142a adoracja, drugiego dnia weso\u0142y wiecz\u00f3r. P\u00f3\u017anym wieczorem dla ch\u0119tnych by\u0142y te\u017c dobre prorodzinne filmy. Poniewa\u017c spotkanie wypad\u0142o na Wszystkich \u015awi\u0119tych i dzie\u0144 zaduszny, to w programie by\u0142 te\u017c wyjazd na cmentarz, a tak\u017ce konferencja, kazanie i praca w grupach po\u015bwi\u0119cona tematowi \u015bmierci i wieczno\u015bci. To okaza\u0142o si\u0119 czym\u015b niesamowicie trafionym. Pewnie, jako organizatorzy, nigdy by\u015bmy nie wpadli na to, \u017ceby tematem na spotkaniu rodzin by\u0142a \u015bmier\u0107, a okaza\u0142o si\u0119, \u017ce to by\u0142o czym\u015b niezwykle wa\u017cnym. Na koniec spotkania rodziny dawa\u0142y \u015bwiadectwa. W tych \u015bwiadectwach da\u0142o si\u0119 wyczu\u0107, \u017ce temat \u015bmierci by\u0142 jednym z najwa\u017cniejszych. podkre\u015blano, \u017ce o tym si\u0119 nie m\u00f3wi, \u017ce to jest temat rzadki. Problemem jest te\u017c i to, \u017ce dzieci nie bierze si\u0119 na cmentarz, \u017ceby si\u0119 nie ba\u0142y. My\u015bl\u0119, \u017ce przez to to one dopiero ba\u0107 si\u0119 zaczn\u0105.<span class=\"Apple-converted-space\">\u00a0<\/span><\/p>\n<p>Inne tematy to &#8211; \u015bwiadectwo rodziny, kt\u00f3ra by\u0142a na \u015awiatowym Spotkaniu Rodzin w Irlandii i praca w grupach nad tekstem homilii, katechezy, papie\u017ca Franciszka. By\u0142 temat wychowania dzieci, zw\u0142aszcza nastolatk\u00f3w, prowadzony przez pani\u0105 psycholog, temat rodzinnej modlitwy i dialogu ma\u0142\u017ce\u0144skiego prowadzony przez s. Palin\u0119, z kt\u00f3r\u0105 kiedy\u015b razem pracowali\u015bmy w Tomsku, oraz rodzin\u0119 reprezentuj\u0105c\u0105 ruch Spotkania Ma\u0142\u017ce\u0144skie. I temat kt\u00f3ry mi powierzyli, kt\u00f3ry zaprezentowali\u015bmy z dwiema rodzinami, i tu si\u0119 zdziwicie &#8211; seksualno\u015b\u0107 &#8211; dar czy grzech. \u015amia\u0142em si\u0119, \u017ce na tym spotkaniu dotykamy wa\u017cnych temat\u00f3w rodzinnych o kt\u00f3rych ma\u0142o si\u0119 m\u00f3wi, czyli &#8211; \u015bmier\u0107 i seks, czyli mo\u017cna powiedzie\u0107 &#8211; \u015bmier\u0107 i \u017cycie.<span class=\"Apple-converted-space\">\u00a0<\/span><\/p>\n<p>By\u0142 z nami nasz biskup J\u00f3zef Wert, opr\u00f3cz ostatniej Mszy \u015aw., kt\u00f3rej mi dane by\u0142o przewodniczy\u0107, gdzie by\u0142o podsumowanie spotkania, wr\u0119czenie krzy\u017cy &#8211; ikon \u015bw. Rodziny, jako pos\u0142anie by by\u0107 misjonarzami w swoich \u015brodowiskach.<span class=\"Apple-converted-space\">\u00a0<\/span><\/p>\n<p>Ciesz\u0119 si\u0119 z tego spotkania, czu\u0142o si\u0119 wielkie Bo\u017ce b\u0142ogos\u0142awie\u0144stwo. Cennym by\u0142o to, \u017ce by\u0142a grupa wolontariuszy, kt\u00f3ra zajmowa\u0142a si\u0119 dzie\u0107mi i m\u0142odzie\u017c\u0105 z tych rodzin. Zajmowali si\u0119 \u015bwietnie, dzi\u0119ki czemu rodzice mogli uczestniczy\u0107 pe\u0142niej w spotkaniu.<span class=\"Apple-converted-space\">\u00a0<\/span><\/p>\n<p>Ni\u017cej linki do zdj\u0119\u0107 z tego spotkania. My\u015bl\u0119, \u017ce zdj\u0119cia te\u017c du\u017co powiedz\u0105 o pi\u0119knej atmosferze spotkania.<span class=\"Apple-converted-space\">\u00a0<\/span><\/p>\n<p>To na dzisiaj wystarczy.<\/p>\n<p>Niech Was b\u0142ogos\u0142awi B\u00f3g Wszechmog\u0105cy, Ojciec + i Syn, i Duch \u015awi\u0119ty. Amen.<span class=\"Apple-converted-space\">\u00a0<\/span><\/p>\n<p>Pozdrawiam!<\/p>\n<p>Z Bogiem!<span class=\"Apple-converted-space\">\u00a0 \u00a0<\/span><\/p>\n<p><a href=\"http:\/\/tvkana.com\/\u0432\u0441\u0442\u0440\u0435\u0447\u0430-\u0441\u0435\u043c\u0435\u0439-\u043f\u0440\u0435\u043e\u0431\u0440\u0430\u0436\u0435\u043d\u0441\u043a\u043e\u0439-\u0435\u043f\u0430\u0440\u0445\u0438\/\">http:\/\/tvkana.com\/\u0432\u0441\u0442\u0440\u0435\u0447\u0430-\u0441\u0435\u043c\u0435\u0439-\u043f\u0440\u0435\u043e\u0431\u0440\u0430\u0436\u0435\u043d\u0441\u043a\u043e\u0439-\u0435\u043f\u0430\u0440\u0445\u0438\/<\/a><\/p>\n<p><a href=\"http:\/\/tvkana.com\/\u0432\u0441\u0442\u0440\u0435\u0447\u0430-\u0441\u0435\u043c\u0435\u0439-\u043f\u0440\u0435\u043e\u0431\u0440\u0430\u0436\u0435\u043d\u0441\u043a\u043e\u0439-\u0435\u043f\u0430\u0440\u0445\u0438-2\/\">http:\/\/tvkana.com\/\u0432\u0441\u0442\u0440\u0435\u0447\u0430-\u0441\u0435\u043c\u0435\u0439-\u043f\u0440\u0435\u043e\u0431\u0440\u0430\u0436\u0435\u043d\u0441\u043a\u043e\u0439-\u0435\u043f\u0430\u0440\u0445\u0438-2\/<\/a><\/p>\n<p><a href=\"http:\/\/tvkana.com\/\u0432\u0441\u0442\u0440\u0435\u0447\u0430-\u0441\u0435\u043c\u0435\u0439-\u043f\u0440\u0435\u043e\u0431\u0440\u0430\u0436\u0435\u043d\u0441\u043a\u043e\u0439-\u0435\u043f\u0430\u0440\u0445\u0438-3\/\">http:\/\/tvkana.com\/\u0432\u0441\u0442\u0440\u0435\u0447\u0430-\u0441\u0435\u043c\u0435\u0439-\u043f\u0440\u0435\u043e\u0431\u0440\u0430\u0436\u0435\u043d\u0441\u043a\u043e\u0439-\u0435\u043f\u0430\u0440\u0445\u0438-3\/<\/a><\/p>\n<div style=\"width: 720px;\" class=\"wp-video\"><!--[if lt IE 9]><script>document.createElement('video');<\/script><![endif]-->\n<video class=\"wp-video-shortcode\" id=\"video-16063-1\" width=\"720\" height=\"720\" preload=\"metadata\" controls=\"controls\"><source type=\"video\/mp4\" src=\"https:\/\/gaudiumetspes-blog.pl\/wp-content\/uploads\/2019\/11\/5678B05E-36EF-4B83-9EAF-8B77D96A68FF.mp4?_=1\" \/><a href=\"https:\/\/gaudiumetspes-blog.pl\/wp-content\/uploads\/2019\/11\/5678B05E-36EF-4B83-9EAF-8B77D96A68FF.mp4\">https:\/\/gaudiumetspes-blog.pl\/wp-content\/uploads\/2019\/11\/5678B05E-36EF-4B83-9EAF-8B77D96A68FF.mp4<\/a><\/video><\/div>\n<p>I z ostatniej chwili \ud83d\ude42<\/p>\n<p><a href=\"https:\/\/gaudiumetspes-blog.pl\/wp-content\/uploads\/2019\/11\/6515C61A-6851-4C10-840C-37BA52A22971.mov\">6515C61A-6851-4C10-840C-37BA52A22971<\/a><\/p>\n","protected":false},"excerpt":{"rendered":"<p>Niech b\u0119dzie pochwalony Jezus Chrystus! Pozdrawiam Was bardzo serdecznie z Surgutu, z Syberii, z krainy wielkiej zimy i mn\u00f3stwa \u015bniegu. Na ko\u0144cu tego rozwa\u017cania zobaczycie zdj\u0119cia, filmiki, co si\u0119 u nas dzieje. Na razie jest \u015bnieg, za dwa dni b\u0119dzie spory mr\u00f3z. A p\u00f3ki co &#8211; S\u0142owo. S\u0142uchajmy! I niech Duch \u015awi\u0119ty da nam \u0142ask\u0119, [&hellip;]<\/p>\n","protected":false},"author":3,"featured_media":0,"comment_status":"open","ping_status":"open","sticky":false,"template":"","format":"standard","meta":{"jetpack_post_was_ever_published":false,"_jetpack_newsletter_access":"","_jetpack_dont_email_post_to_subs":false,"_jetpack_newsletter_tier_id":0,"_jetpack_memberships_contains_paywalled_content":false,"_jetpack_memberships_contains_paid_content":false,"footnotes":""},"categories":[1],"tags":[],"class_list":["post-16063","post","type-post","status-publish","format-standard","hentry","category-bez-kategorii"],"yoast_head":"<!-- This site is optimized with the Yoast SEO plugin v25.1 - https:\/\/yoast.com\/wordpress\/plugins\/seo\/ -->\n<title>By\u0107 uczniem Jezusa - Gaudium Et Spes<\/title>\n<meta name=\"robots\" content=\"index, follow, max-snippet:-1, max-image-preview:large, max-video-preview:-1\" \/>\n<link rel=\"canonical\" href=\"https:\/\/gaudiumetspes-blog.pl\/index.php\/2019\/11\/06\/byc-uczniem-jezusa\/\" \/>\n<meta property=\"og:locale\" content=\"pl_PL\" \/>\n<meta property=\"og:type\" content=\"article\" \/>\n<meta property=\"og:title\" content=\"By\u0107 uczniem Jezusa - Gaudium Et Spes\" \/>\n<meta property=\"og:description\" content=\"Niech b\u0119dzie pochwalony Jezus Chrystus! Pozdrawiam Was bardzo serdecznie z Surgutu, z Syberii, z krainy wielkiej zimy i mn\u00f3stwa \u015bniegu. Na ko\u0144cu tego rozwa\u017cania zobaczycie zdj\u0119cia, filmiki, co si\u0119 u nas dzieje. Na razie jest \u015bnieg, za dwa dni b\u0119dzie spory mr\u00f3z. A p\u00f3ki co &#8211; S\u0142owo. S\u0142uchajmy! I niech Duch \u015awi\u0119ty da nam \u0142ask\u0119, [&hellip;]\" \/>\n<meta property=\"og:url\" content=\"https:\/\/gaudiumetspes-blog.pl\/index.php\/2019\/11\/06\/byc-uczniem-jezusa\/\" \/>\n<meta property=\"og:site_name\" content=\"Gaudium Et Spes\" \/>\n<meta property=\"article:published_time\" content=\"2019-11-06T07:09:43+00:00\" \/>\n<meta property=\"article:modified_time\" content=\"2019-11-06T17:53:39+00:00\" \/>\n<meta property=\"og:image\" content=\"https:\/\/gaudiumetspes-blog.pl\/wp-content\/uploads\/2019\/11\/CDD5C9C9-298A-4E21-8CF6-48F59C079A90-300x225.jpeg\" \/>\n<meta name=\"author\" content=\"Ks. Marek\" \/>\n<meta name=\"twitter:card\" content=\"summary_large_image\" \/>\n<meta name=\"twitter:label1\" content=\"Napisane przez\" \/>\n\t<meta name=\"twitter:data1\" content=\"Ks. Marek\" \/>\n\t<meta name=\"twitter:label2\" content=\"Szacowany czas czytania\" \/>\n\t<meta name=\"twitter:data2\" content=\"9 minut\" \/>\n<script type=\"application\/ld+json\" class=\"yoast-schema-graph\">{\"@context\":\"https:\/\/schema.org\",\"@graph\":[{\"@type\":\"WebPage\",\"@id\":\"https:\/\/gaudiumetspes-blog.pl\/index.php\/2019\/11\/06\/byc-uczniem-jezusa\/\",\"url\":\"https:\/\/gaudiumetspes-blog.pl\/index.php\/2019\/11\/06\/byc-uczniem-jezusa\/\",\"name\":\"By\u0107 uczniem Jezusa - Gaudium Et Spes\",\"isPartOf\":{\"@id\":\"https:\/\/gaudiumetspes-blog.pl\/#website\"},\"primaryImageOfPage\":{\"@id\":\"https:\/\/gaudiumetspes-blog.pl\/index.php\/2019\/11\/06\/byc-uczniem-jezusa\/#primaryimage\"},\"image\":{\"@id\":\"https:\/\/gaudiumetspes-blog.pl\/index.php\/2019\/11\/06\/byc-uczniem-jezusa\/#primaryimage\"},\"thumbnailUrl\":\"https:\/\/gaudiumetspes-blog.pl\/wp-content\/uploads\/2019\/11\/CDD5C9C9-298A-4E21-8CF6-48F59C079A90-300x225.jpeg\",\"datePublished\":\"2019-11-06T07:09:43+00:00\",\"dateModified\":\"2019-11-06T17:53:39+00:00\",\"author\":{\"@id\":\"https:\/\/gaudiumetspes-blog.pl\/#\/schema\/person\/12bc173d67dadb67c1c90d9c6c34c643\"},\"breadcrumb\":{\"@id\":\"https:\/\/gaudiumetspes-blog.pl\/index.php\/2019\/11\/06\/byc-uczniem-jezusa\/#breadcrumb\"},\"inLanguage\":\"pl-PL\",\"potentialAction\":[{\"@type\":\"ReadAction\",\"target\":[\"https:\/\/gaudiumetspes-blog.pl\/index.php\/2019\/11\/06\/byc-uczniem-jezusa\/\"]}]},{\"@type\":\"ImageObject\",\"inLanguage\":\"pl-PL\",\"@id\":\"https:\/\/gaudiumetspes-blog.pl\/index.php\/2019\/11\/06\/byc-uczniem-jezusa\/#primaryimage\",\"url\":\"https:\/\/gaudiumetspes-blog.pl\/wp-content\/uploads\/2019\/11\/CDD5C9C9-298A-4E21-8CF6-48F59C079A90.jpeg\",\"contentUrl\":\"https:\/\/gaudiumetspes-blog.pl\/wp-content\/uploads\/2019\/11\/CDD5C9C9-298A-4E21-8CF6-48F59C079A90.jpeg\",\"width\":1280,\"height\":960},{\"@type\":\"BreadcrumbList\",\"@id\":\"https:\/\/gaudiumetspes-blog.pl\/index.php\/2019\/11\/06\/byc-uczniem-jezusa\/#breadcrumb\",\"itemListElement\":[{\"@type\":\"ListItem\",\"position\":1,\"name\":\"Strona g\u0142\u00f3wna\",\"item\":\"https:\/\/gaudiumetspes-blog.pl\/\"},{\"@type\":\"ListItem\",\"position\":2,\"name\":\"By\u0107 uczniem Jezusa\"}]},{\"@type\":\"WebSite\",\"@id\":\"https:\/\/gaudiumetspes-blog.pl\/#website\",\"url\":\"https:\/\/gaudiumetspes-blog.pl\/\",\"name\":\"Gaudium Et Spes\",\"description\":\"Blog Ks. Jacka Ja\u015bkowskiego\",\"potentialAction\":[{\"@type\":\"SearchAction\",\"target\":{\"@type\":\"EntryPoint\",\"urlTemplate\":\"https:\/\/gaudiumetspes-blog.pl\/?s={search_term_string}\"},\"query-input\":{\"@type\":\"PropertyValueSpecification\",\"valueRequired\":true,\"valueName\":\"search_term_string\"}}],\"inLanguage\":\"pl-PL\"},{\"@type\":\"Person\",\"@id\":\"https:\/\/gaudiumetspes-blog.pl\/#\/schema\/person\/12bc173d67dadb67c1c90d9c6c34c643\",\"name\":\"Ks. Marek\",\"image\":{\"@type\":\"ImageObject\",\"inLanguage\":\"pl-PL\",\"@id\":\"https:\/\/gaudiumetspes-blog.pl\/#\/schema\/person\/image\/\",\"url\":\"https:\/\/gaudiumetspes-blog.pl\/wp-content\/uploads\/2019\/08\/73914d81-03a2-41a3-a2c0-9e0651fc6189-150x150.jpg\",\"contentUrl\":\"https:\/\/gaudiumetspes-blog.pl\/wp-content\/uploads\/2019\/08\/73914d81-03a2-41a3-a2c0-9e0651fc6189-150x150.jpg\",\"caption\":\"Ks. Marek\"},\"description\":\"Nazywam si\u0119 Ks. Marek Ja\u015bkowski i jestem Proboszczem Parafii \u015aw. J\u00f3zefa Robotnika w Surgucie i Parafii \u015aw. Paw\u0142a Aposto\u0142a w Nojabrsku. Moja Parafia to p\u00f3\u0142nocna cz\u0119\u015b\u0107 zachodniej Syberii \u2013 mo\u017cna powiedzie\u0107, \u017ce terytorialnie to prawie po\u0142owa Diecezji nowosybirskiej, jej p\u00f3\u0142nocna cz\u0119\u015b\u0107. Nasz Biskup okre\u015bli\u0142 kiedy\u015b, \u017ce jest to terytorialnie najwi\u0119ksza Parafia na \u015bwiecie! Terytorium Parafii jest czterokrotnie wi\u0119ksze od terytorium Polski! Przez kilka lat by\u0142em jedynym rzymskokatolickim ksi\u0119dzem na tym terytorium, od wrze\u015bnia 2019 roku pos\u0142ug\u0119 podejmuje Wsp\u00f3\u0142pracownik, Ks. Pawe\u0142 Czelu\u015bci\u0144ski. W Parafii pos\u0142uguj\u0105 tak\u017ce dwie Siostry od Anio\u0142\u00f3w, S. Joann i S. Teresa. Terytorium naszej Parafii to Chanty-Mansyjski Autonomiczny Okr\u0119g i Jamalsko-Nieniecki Autonomiczny Okr\u0119g. Jest to terytorium, kt\u00f3re s\u0142ynie z wydobycia ropy i gazu. Wi\u0119kszo\u015b\u0107 ropy, wydobywanej w Rosji \u2013 wydobywa si\u0119 z terenu mojej Parafii. W zwi\u0105zku z tym, w ostatnich kilku dziesi\u0119cioleciach, przyby\u0142o mn\u00f3stwo ludzi w poszukiwaniu pracy. Na tym terenie jest kilkana\u015bcie, a mo\u017ce i kilkadziesi\u0105t \u2013 cz\u0119sto nowych miast, w kt\u00f3rych osiedlaj\u0105 si\u0119 owi przyje\u017cd\u017caj\u0105cy ludzie. Odwiedzamy miasta: Jugorsk i Sowiecki, oddalone 650 km od Surgutu; Uraj \u2013 730 km; Niaga\u0144 \u2013 600 km; Chanty-Mansyjsk \u2013 300 km. To kierunek po\u0142udniowo \u2013 zachodni. Natomiast na p\u00f3\u0142nocy odwiedzamy Nojabrsk \u2013 320 km i Koga\u0142ym \u2013 190 km, Gubkinskij \u2013 500 km; Tarko-Sale \u2013 600 km; Nowyj Urengoj \u2013 760 km. Je\u017adzimy te\u017c do Tiumenii, \u017ceby stamt\u0105d polecie\u0107 samolotem do Salechardu, na ko\u0142o podbiegunowe \u2013 ponad 1100 km w prostej linii \u2013 \u017ceby i tam odwiedzi\u0107 naszych Parafian, kt\u00f3rzy cz\u0119sto bior\u0105 urlop w pracy, aby spotka\u0107 si\u0119 z nami, uczestniczy\u0107 we Mszy \u015awi\u0119tej i w katechizacji. Do Salechardu nie ma drogi, mo\u017cna dotrze\u0107 tylko samolotem, albo (latem) statkiem. Wymienione miasta to tylko niekt\u00f3re z miejsc, kt\u00f3re odwiedzamy. W ca\u0142ej naszej Parafii mamy jeden ko\u015bci\u00f3\u0142 \u2013 w Surgucie \u2013 i jedn\u0105 kaplic\u0119, w Nojabrsku, w jednym z blok\u00f3w. W innych miejscach spotykamy si\u0119 w mieszkaniach Parafian. Ludzie jednak cz\u0119sto kr\u0119puj\u0105 si\u0119 przychodzi\u0107 do kogo\u015b, do domu. A Parafia najbardziej rozwija si\u0119 tam, gdzie jest \u015bwi\u0105tynia. Ostatnio kupili\u015bmy dom na kaplic\u0119 w Koga\u0142ymie. Konieczny jest tam jednak gruntowny remont, kt\u00f3ry aktualnie prowadzimy. Nast\u0119pnym miejscem oczekuj\u0105cym na swoj\u0105 \u015bwi\u0105tyni\u0119 - kaplic\u0119 jest Chanty-Mansyjsk. Dramatycznie potrzeba tu ksi\u0119\u017cy! \u017beby kr\u00f3lestwo Bo\u017ce mog\u0142o wzrasta\u0107 w sercach ludzi, musz\u0105 mie\u0107 oni cz\u0119stszy dost\u0119p do Sakrament\u00f3w. Na terenie naszej Parafii mieszka jakie\u015b 2,5 miliona ludzi, w samym Surgucie \u2013 350 tysi\u0119cy. A tylko dw\u00f3ch Ksi\u0119\u017cy i dwie Siostry. Prosimy Was zatem o dwojak\u0105 pomoc: Modlitwa \u2013 to najwa\u017cniejsze! Prosz\u0119 Was, pom\u00f3dlcie si\u0119 za nasz\u0105 Parafi\u0119 przynajmniej dziesi\u0105tkiem R\u00f3\u017ca\u0144ca, a potem pom\u00f3dlcie si\u0119 przez wstawiennictwo naszych \u015awi\u0119tych Patron\u00f3w: Matki Bo\u017cej Fatimskiej, \u015aw. J\u00f3zefa Robotnika, \u015aw. Paw\u0142a Aposto\u0142a, \u015aw. Jana Paw\u0142a II, Micha\u0142a Archanio\u0142a i Anio\u0142\u00f3w Str\u00f3\u017c\u00f3w. Ofiara \u2013 materialna pomoc tak\u017ce jest nam niezmiernie potrzebna ze wzgl\u0119du na budow\u0119 domu parafialnego w Surgucie, remont domu na kaplic\u0119 w Koga\u0142ymie, oraz organizowanie spotka\u0144 wsp\u00f3lnot i miejsc modlitwy w wielu innych miastach. Wszystkim Darczy\u0144com z serca dzi\u0119kujemy i obiecujemy modlitw\u0119! Niech Was b\u0142ogos\u0142awi B\u00f3g Wszechmog\u0105cy: Ojciec + i Syn, i Duch \u015awi\u0119ty. Amen o.marek@mail.ru www.catholicsurgut.ru Dane do przelewu: Marek Ja\u015bkowski ul. K\u0105pielowa 19\/2 21-500 Bia\u0142a Podlaska Nr konta: 50 1020 5558 1111 1548 2400 0027\",\"url\":\"https:\/\/gaudiumetspes-blog.pl\/index.php\/author\/ks-marek\/\"}]}<\/script>\n<!-- \/ Yoast SEO plugin. -->","yoast_head_json":{"title":"By\u0107 uczniem Jezusa - Gaudium Et Spes","robots":{"index":"index","follow":"follow","max-snippet":"max-snippet:-1","max-image-preview":"max-image-preview:large","max-video-preview":"max-video-preview:-1"},"canonical":"https:\/\/gaudiumetspes-blog.pl\/index.php\/2019\/11\/06\/byc-uczniem-jezusa\/","og_locale":"pl_PL","og_type":"article","og_title":"By\u0107 uczniem Jezusa - Gaudium Et Spes","og_description":"Niech b\u0119dzie pochwalony Jezus Chrystus! Pozdrawiam Was bardzo serdecznie z Surgutu, z Syberii, z krainy wielkiej zimy i mn\u00f3stwa \u015bniegu. Na ko\u0144cu tego rozwa\u017cania zobaczycie zdj\u0119cia, filmiki, co si\u0119 u nas dzieje. Na razie jest \u015bnieg, za dwa dni b\u0119dzie spory mr\u00f3z. A p\u00f3ki co &#8211; S\u0142owo. S\u0142uchajmy! I niech Duch \u015awi\u0119ty da nam \u0142ask\u0119, [&hellip;]","og_url":"https:\/\/gaudiumetspes-blog.pl\/index.php\/2019\/11\/06\/byc-uczniem-jezusa\/","og_site_name":"Gaudium Et Spes","article_published_time":"2019-11-06T07:09:43+00:00","article_modified_time":"2019-11-06T17:53:39+00:00","og_image":[{"url":"https:\/\/gaudiumetspes-blog.pl\/wp-content\/uploads\/2019\/11\/CDD5C9C9-298A-4E21-8CF6-48F59C079A90-300x225.jpeg","type":"","width":"","height":""}],"author":"Ks. Marek","twitter_card":"summary_large_image","twitter_misc":{"Napisane przez":"Ks. Marek","Szacowany czas czytania":"9 minut"},"schema":{"@context":"https:\/\/schema.org","@graph":[{"@type":"WebPage","@id":"https:\/\/gaudiumetspes-blog.pl\/index.php\/2019\/11\/06\/byc-uczniem-jezusa\/","url":"https:\/\/gaudiumetspes-blog.pl\/index.php\/2019\/11\/06\/byc-uczniem-jezusa\/","name":"By\u0107 uczniem Jezusa - Gaudium Et Spes","isPartOf":{"@id":"https:\/\/gaudiumetspes-blog.pl\/#website"},"primaryImageOfPage":{"@id":"https:\/\/gaudiumetspes-blog.pl\/index.php\/2019\/11\/06\/byc-uczniem-jezusa\/#primaryimage"},"image":{"@id":"https:\/\/gaudiumetspes-blog.pl\/index.php\/2019\/11\/06\/byc-uczniem-jezusa\/#primaryimage"},"thumbnailUrl":"https:\/\/gaudiumetspes-blog.pl\/wp-content\/uploads\/2019\/11\/CDD5C9C9-298A-4E21-8CF6-48F59C079A90-300x225.jpeg","datePublished":"2019-11-06T07:09:43+00:00","dateModified":"2019-11-06T17:53:39+00:00","author":{"@id":"https:\/\/gaudiumetspes-blog.pl\/#\/schema\/person\/12bc173d67dadb67c1c90d9c6c34c643"},"breadcrumb":{"@id":"https:\/\/gaudiumetspes-blog.pl\/index.php\/2019\/11\/06\/byc-uczniem-jezusa\/#breadcrumb"},"inLanguage":"pl-PL","potentialAction":[{"@type":"ReadAction","target":["https:\/\/gaudiumetspes-blog.pl\/index.php\/2019\/11\/06\/byc-uczniem-jezusa\/"]}]},{"@type":"ImageObject","inLanguage":"pl-PL","@id":"https:\/\/gaudiumetspes-blog.pl\/index.php\/2019\/11\/06\/byc-uczniem-jezusa\/#primaryimage","url":"https:\/\/gaudiumetspes-blog.pl\/wp-content\/uploads\/2019\/11\/CDD5C9C9-298A-4E21-8CF6-48F59C079A90.jpeg","contentUrl":"https:\/\/gaudiumetspes-blog.pl\/wp-content\/uploads\/2019\/11\/CDD5C9C9-298A-4E21-8CF6-48F59C079A90.jpeg","width":1280,"height":960},{"@type":"BreadcrumbList","@id":"https:\/\/gaudiumetspes-blog.pl\/index.php\/2019\/11\/06\/byc-uczniem-jezusa\/#breadcrumb","itemListElement":[{"@type":"ListItem","position":1,"name":"Strona g\u0142\u00f3wna","item":"https:\/\/gaudiumetspes-blog.pl\/"},{"@type":"ListItem","position":2,"name":"By\u0107 uczniem Jezusa"}]},{"@type":"WebSite","@id":"https:\/\/gaudiumetspes-blog.pl\/#website","url":"https:\/\/gaudiumetspes-blog.pl\/","name":"Gaudium Et Spes","description":"Blog Ks. Jacka Ja\u015bkowskiego","potentialAction":[{"@type":"SearchAction","target":{"@type":"EntryPoint","urlTemplate":"https:\/\/gaudiumetspes-blog.pl\/?s={search_term_string}"},"query-input":{"@type":"PropertyValueSpecification","valueRequired":true,"valueName":"search_term_string"}}],"inLanguage":"pl-PL"},{"@type":"Person","@id":"https:\/\/gaudiumetspes-blog.pl\/#\/schema\/person\/12bc173d67dadb67c1c90d9c6c34c643","name":"Ks. Marek","image":{"@type":"ImageObject","inLanguage":"pl-PL","@id":"https:\/\/gaudiumetspes-blog.pl\/#\/schema\/person\/image\/","url":"https:\/\/gaudiumetspes-blog.pl\/wp-content\/uploads\/2019\/08\/73914d81-03a2-41a3-a2c0-9e0651fc6189-150x150.jpg","contentUrl":"https:\/\/gaudiumetspes-blog.pl\/wp-content\/uploads\/2019\/08\/73914d81-03a2-41a3-a2c0-9e0651fc6189-150x150.jpg","caption":"Ks. Marek"},"description":"Nazywam si\u0119 Ks. Marek Ja\u015bkowski i jestem Proboszczem Parafii \u015aw. J\u00f3zefa Robotnika w Surgucie i Parafii \u015aw. Paw\u0142a Aposto\u0142a w Nojabrsku. Moja Parafia to p\u00f3\u0142nocna cz\u0119\u015b\u0107 zachodniej Syberii \u2013 mo\u017cna powiedzie\u0107, \u017ce terytorialnie to prawie po\u0142owa Diecezji nowosybirskiej, jej p\u00f3\u0142nocna cz\u0119\u015b\u0107. Nasz Biskup okre\u015bli\u0142 kiedy\u015b, \u017ce jest to terytorialnie najwi\u0119ksza Parafia na \u015bwiecie! Terytorium Parafii jest czterokrotnie wi\u0119ksze od terytorium Polski! Przez kilka lat by\u0142em jedynym rzymskokatolickim ksi\u0119dzem na tym terytorium, od wrze\u015bnia 2019 roku pos\u0142ug\u0119 podejmuje Wsp\u00f3\u0142pracownik, Ks. Pawe\u0142 Czelu\u015bci\u0144ski. W Parafii pos\u0142uguj\u0105 tak\u017ce dwie Siostry od Anio\u0142\u00f3w, S. Joann i S. Teresa. Terytorium naszej Parafii to Chanty-Mansyjski Autonomiczny Okr\u0119g i Jamalsko-Nieniecki Autonomiczny Okr\u0119g. Jest to terytorium, kt\u00f3re s\u0142ynie z wydobycia ropy i gazu. Wi\u0119kszo\u015b\u0107 ropy, wydobywanej w Rosji \u2013 wydobywa si\u0119 z terenu mojej Parafii. W zwi\u0105zku z tym, w ostatnich kilku dziesi\u0119cioleciach, przyby\u0142o mn\u00f3stwo ludzi w poszukiwaniu pracy. Na tym terenie jest kilkana\u015bcie, a mo\u017ce i kilkadziesi\u0105t \u2013 cz\u0119sto nowych miast, w kt\u00f3rych osiedlaj\u0105 si\u0119 owi przyje\u017cd\u017caj\u0105cy ludzie. Odwiedzamy miasta: Jugorsk i Sowiecki, oddalone 650 km od Surgutu; Uraj \u2013 730 km; Niaga\u0144 \u2013 600 km; Chanty-Mansyjsk \u2013 300 km. To kierunek po\u0142udniowo \u2013 zachodni. Natomiast na p\u00f3\u0142nocy odwiedzamy Nojabrsk \u2013 320 km i Koga\u0142ym \u2013 190 km, Gubkinskij \u2013 500 km; Tarko-Sale \u2013 600 km; Nowyj Urengoj \u2013 760 km. Je\u017adzimy te\u017c do Tiumenii, \u017ceby stamt\u0105d polecie\u0107 samolotem do Salechardu, na ko\u0142o podbiegunowe \u2013 ponad 1100 km w prostej linii \u2013 \u017ceby i tam odwiedzi\u0107 naszych Parafian, kt\u00f3rzy cz\u0119sto bior\u0105 urlop w pracy, aby spotka\u0107 si\u0119 z nami, uczestniczy\u0107 we Mszy \u015awi\u0119tej i w katechizacji. Do Salechardu nie ma drogi, mo\u017cna dotrze\u0107 tylko samolotem, albo (latem) statkiem. Wymienione miasta to tylko niekt\u00f3re z miejsc, kt\u00f3re odwiedzamy. W ca\u0142ej naszej Parafii mamy jeden ko\u015bci\u00f3\u0142 \u2013 w Surgucie \u2013 i jedn\u0105 kaplic\u0119, w Nojabrsku, w jednym z blok\u00f3w. W innych miejscach spotykamy si\u0119 w mieszkaniach Parafian. Ludzie jednak cz\u0119sto kr\u0119puj\u0105 si\u0119 przychodzi\u0107 do kogo\u015b, do domu. A Parafia najbardziej rozwija si\u0119 tam, gdzie jest \u015bwi\u0105tynia. Ostatnio kupili\u015bmy dom na kaplic\u0119 w Koga\u0142ymie. Konieczny jest tam jednak gruntowny remont, kt\u00f3ry aktualnie prowadzimy. Nast\u0119pnym miejscem oczekuj\u0105cym na swoj\u0105 \u015bwi\u0105tyni\u0119 - kaplic\u0119 jest Chanty-Mansyjsk. Dramatycznie potrzeba tu ksi\u0119\u017cy! \u017beby kr\u00f3lestwo Bo\u017ce mog\u0142o wzrasta\u0107 w sercach ludzi, musz\u0105 mie\u0107 oni cz\u0119stszy dost\u0119p do Sakrament\u00f3w. Na terenie naszej Parafii mieszka jakie\u015b 2,5 miliona ludzi, w samym Surgucie \u2013 350 tysi\u0119cy. A tylko dw\u00f3ch Ksi\u0119\u017cy i dwie Siostry. Prosimy Was zatem o dwojak\u0105 pomoc: Modlitwa \u2013 to najwa\u017cniejsze! Prosz\u0119 Was, pom\u00f3dlcie si\u0119 za nasz\u0105 Parafi\u0119 przynajmniej dziesi\u0105tkiem R\u00f3\u017ca\u0144ca, a potem pom\u00f3dlcie si\u0119 przez wstawiennictwo naszych \u015awi\u0119tych Patron\u00f3w: Matki Bo\u017cej Fatimskiej, \u015aw. J\u00f3zefa Robotnika, \u015aw. Paw\u0142a Aposto\u0142a, \u015aw. Jana Paw\u0142a II, Micha\u0142a Archanio\u0142a i Anio\u0142\u00f3w Str\u00f3\u017c\u00f3w. Ofiara \u2013 materialna pomoc tak\u017ce jest nam niezmiernie potrzebna ze wzgl\u0119du na budow\u0119 domu parafialnego w Surgucie, remont domu na kaplic\u0119 w Koga\u0142ymie, oraz organizowanie spotka\u0144 wsp\u00f3lnot i miejsc modlitwy w wielu innych miastach. Wszystkim Darczy\u0144com z serca dzi\u0119kujemy i obiecujemy modlitw\u0119! Niech Was b\u0142ogos\u0142awi B\u00f3g Wszechmog\u0105cy: Ojciec + i Syn, i Duch \u015awi\u0119ty. Amen o.marek@mail.ru www.catholicsurgut.ru Dane do przelewu: Marek Ja\u015bkowski ul. K\u0105pielowa 19\/2 21-500 Bia\u0142a Podlaska Nr konta: 50 1020 5558 1111 1548 2400 0027","url":"https:\/\/gaudiumetspes-blog.pl\/index.php\/author\/ks-marek\/"}]}},"jetpack_featured_media_url":"","jetpack_sharing_enabled":true,"_links":{"self":[{"href":"https:\/\/gaudiumetspes-blog.pl\/index.php\/wp-json\/wp\/v2\/posts\/16063","targetHints":{"allow":["GET"]}}],"collection":[{"href":"https:\/\/gaudiumetspes-blog.pl\/index.php\/wp-json\/wp\/v2\/posts"}],"about":[{"href":"https:\/\/gaudiumetspes-blog.pl\/index.php\/wp-json\/wp\/v2\/types\/post"}],"author":[{"embeddable":true,"href":"https:\/\/gaudiumetspes-blog.pl\/index.php\/wp-json\/wp\/v2\/users\/3"}],"replies":[{"embeddable":true,"href":"https:\/\/gaudiumetspes-blog.pl\/index.php\/wp-json\/wp\/v2\/comments?post=16063"}],"version-history":[{"count":6,"href":"https:\/\/gaudiumetspes-blog.pl\/index.php\/wp-json\/wp\/v2\/posts\/16063\/revisions"}],"predecessor-version":[{"id":16073,"href":"https:\/\/gaudiumetspes-blog.pl\/index.php\/wp-json\/wp\/v2\/posts\/16063\/revisions\/16073"}],"wp:attachment":[{"href":"https:\/\/gaudiumetspes-blog.pl\/index.php\/wp-json\/wp\/v2\/media?parent=16063"}],"wp:term":[{"taxonomy":"category","embeddable":true,"href":"https:\/\/gaudiumetspes-blog.pl\/index.php\/wp-json\/wp\/v2\/categories?post=16063"},{"taxonomy":"post_tag","embeddable":true,"href":"https:\/\/gaudiumetspes-blog.pl\/index.php\/wp-json\/wp\/v2\/tags?post=16063"}],"curies":[{"name":"wp","href":"https:\/\/api.w.org\/{rel}","templated":true}]}}