{"id":16074,"date":"2019-11-07T06:49:24","date_gmt":"2019-11-07T05:49:24","guid":{"rendered":"https:\/\/gaudiumetspes-blog.pl\/?p=16074"},"modified":"2019-11-07T06:49:24","modified_gmt":"2019-11-07T05:49:24","slug":"czy-da-sie-zyc-tylko-dla-siebie","status":"publish","type":"post","link":"https:\/\/gaudiumetspes-blog.pl\/index.php\/2019\/11\/07\/czy-da-sie-zyc-tylko-dla-siebie\/","title":{"rendered":"Czy da si\u0119 \u017cy\u0107 tylko dla siebie?&#8230;"},"content":{"rendered":"<p align=\"justify\"><span style=\"color: #000000;\"><span style=\"font-family: Book Antiqua, serif;\"><span style=\"font-size: large;\">Szcz\u0119\u015b\u0107 Bo\u017ce! Moi Drodzy, serdecznie dzi\u0119kujemy Ksi\u0119dzu Markowi za wczorajsze s\u0142\u00f3wko z Syberii. Nie zapowiedzia\u0142em go, bo ustalenia zosta\u0142y poczynione dzie\u0144 wcze\u015bniej, ciesz\u0119 si\u0119 jednak, \u017ce zaraz po powrocie z wyjazdu Ksi\u0105dz Marek m\u00f3g\u0142 si\u0119 z nami podzieli\u0107 refleksj\u0105 nad Bo\u017cym s\u0142owem \u2013 i relacj\u0105 z \u017cycia swojej Parafii. To znaczy, z Parafii to by\u0142a jedynie relacja z walki ze \u015bniegiem i zaproszenie na Syberi\u0119 \u201epe\u0142n\u0105 atrakcji\u201d, za kt\u00f3re to zaproszenie bardzo dzi\u0119kujemy!<\/span><\/span><\/span><\/p>\n<p align=\"justify\"><span style=\"color: #000000;\"><span style=\"font-family: Book Antiqua, serif;\"><span style=\"font-size: large;\">Natomiast naprawd\u0119 podnosi na duchu relacja ze Spotkania Rodzin. I chyba nie przeszkodzi\u0142o nam to, \u017ce musieli\u015bmy na ni\u0105 prawie ca\u0142y dzie\u0144 poczeka\u0107. Bogu niech b\u0119d\u0105 dzi\u0119ki za to, \u017ce tak wspania\u0142e rzeczy dziej\u0105 si\u0119 w\u0142a\u015bnie tam \u2013 \u017ce tak mocno promuje si\u0119 tam rodzin\u0119 i Ko\u015bci\u00f3\u0142 tak bardzo zabiega o rodzin\u0119! Niech to przyniesie b\u0142ogos\u0142awione owoce! Moi Drodzy, wspierajmy modlitw\u0105 te wszelkie dobre dzia\u0142ania na Syberii! Wspierajmy pos\u0142ug\u0119 Ksi\u0119dza Marka i Jego Ekipy!<\/span><\/span><\/span><\/p>\n<p align=\"justify\"><span style=\"color: #000000;\"><span style=\"font-family: Book Antiqua, serif;\"><span style=\"font-size: large;\">A w tych dniach \u2013 wspierajmy tak\u017ce naszych Zmar\u0142ych, nie zaniedbuj\u0105c zyskiwania odpustu zupe\u0142nego za nawiedzenie cmentarza i modlitw\u0119 za Zmar\u0142ych. Pami\u0119tajmy tylko, \u017ce mo\u017cemy zyska\u0107 jeden odpust zupe\u0142ny w ci\u0105gu dnia i \u017ce z jednym odpustem zupe\u0142nym wi\u0105\u017ce si\u0119 konieczno\u015b\u0107 przyj\u0119cia jednej Komunii \u015awi\u0119tej \u2013 nawet niekoniecznie tego samego dnia. Ale jest to warunek konieczny \u2013 opr\u00f3cz innych. <\/span><\/span><\/span><\/p>\n<p align=\"justify\"><span style=\"color: #000000;\"><span style=\"font-family: Book Antiqua, serif;\"><span style=\"font-size: large;\">Je\u017celi natomiast nie spe\u0142nimy warunk\u00f3w zyskania odpustu zupe\u0142nego, zwykle wtedy zyskujemy odpust cz\u0105stkowy (i to nawet kilka w ci\u0105gu dnia), a to te\u017c jest pomoc\u0105 dla naszych Zmar\u0142ych. Nie zapominajmy jednak, aby w spos\u00f3b \u015bwiadomy te odpusty za nich ofiarowa\u0107.<\/span><\/span><\/span><\/p>\n<p align=\"justify\"><span style=\"color: #000000;\"><span style=\"font-family: Book Antiqua, serif;\"><span style=\"font-size: large;\">I m\u00f3dlmy si\u0119 jak najcz\u0119\u015bciej o ich wieczne zbawienie. Jedno zdanie modlitwy: \u201eWieczny odpoczynek\u2026\u201d nic nas nie kosztuje, a dla nich to bardzo, bardzo wiele. Trwajmy w \u0142\u0105czno\u015bci z nimi!<\/span><\/span><\/span><\/p>\n<p align=\"center\"><span style=\"color: #000000;\"><span style=\"font-family: Book Antiqua, serif;\"><span style=\"font-size: large;\">Gaudium et spes! Ks. Jacek<\/span><\/span><\/span><\/p>\n<p align=\"center\">\n<p align=\"center\">\n<p align=\"center\">\n<p align=\"center\">\n<p align=\"center\">\n<p align=\"justify\"><span style=\"color: #000000;\"><span style=\"font-family: Book Antiqua, serif;\"><span style=\"font-size: large;\"><b>Czwartek 31 Tygodnia zwyk\u0142ego, rok I,<\/b><\/span><\/span><\/span><\/p>\n<p align=\"justify\"><span style=\"color: #000000;\"><span style=\"font-family: Book Antiqua, serif;\"><span style=\"font-size: large;\"><b>do czyta\u0144: Rz 14,7\u201312; \u0141k 15,1\u201310<\/b> <\/span><\/span><\/span><\/p>\n<p align=\"justify\">\n<p align=\"justify\">\n<p align=\"justify\">\n<p align=\"justify\">\n<p align=\"justify\">\n<p align=\"justify\"><span style=\"color: #000000;\"><span style=\"font-family: Book Antiqua, serif;\"><span style=\"font-size: large;\"><b>CZYTANIE Z LISTU \u015aWI\u0118TEGO PAW\u0141A APOSTO\u0141A DO RZYMIAN: <\/b><\/span><\/span><\/span><\/p>\n<p align=\"justify\"><span style=\"color: #000000;\"><span style=\"font-family: Book Antiqua, serif;\"><span style=\"font-size: large;\"><b>Bracia: Nikt z nas nie \u017cyje dla siebie i nikt nie umiera dla siebie; je\u017celi bowiem \u017cyjemy, \u017cyjemy dla Pana; je\u017celi za\u015b umieramy, umieramy dla Pana. I w \u017cyciu wi\u0119c, i w \u015bmierci nale\u017cymy do Pana. <\/b><\/span><\/span><\/span><\/p>\n<p align=\"justify\"><span style=\"color: #000000;\"><span style=\"font-family: Book Antiqua, serif;\"><span style=\"font-size: large;\"><b>Po to bowiem Chrystus umar\u0142 i powr\u00f3ci\u0142 do \u017cycia, by zapanowa\u0107 tak nad umar\u0142ymi, jak nad \u017cywymi. <\/b><\/span><\/span><\/span><\/p>\n<p align=\"justify\"><span style=\"color: #000000;\"><span style=\"font-family: Book Antiqua, serif;\"><span style=\"font-size: large;\"><b>Dlaczego wi\u0119c ty pot\u0119piasz swego brata? Albo dlaczego gardzisz swoim bratem? Wszyscy przecie\u017c staniemy przed trybuna\u0142em Boga. <\/b><\/span><\/span><\/span><\/p>\n<p align=\"justify\"><span style=\"color: #000000;\"><span style=\"font-family: Book Antiqua, serif;\"><span style=\"font-size: large;\"><b>Napisane jest bowiem: \u201eNa moje \u017cycie, m\u00f3wi Pan, przede Mn\u0105 kl\u0119knie wszelkie kolano, a ka\u017cdy j\u0119zyk wielbi\u0107 b\u0119dzie Boga\u201d. Tak wi\u0119c ka\u017cdy z nas o sobie samym zda spraw\u0119 Bogu.<\/b><\/span><\/span><\/span><\/p>\n<p align=\"justify\">\n<p align=\"justify\">\n<p align=\"justify\">\n<p align=\"justify\">\n<p align=\"justify\">\n<p align=\"justify\"><span style=\"color: #000000;\"><span style=\"font-family: Book Antiqua, serif;\"><span style=\"font-size: large;\"><b>S\u0141OWA EWANGELII WED\u0141UG \u015aWI\u0118TEGO \u0141UKASZA: <\/b><\/span><\/span><\/span><\/p>\n<p align=\"justify\"><span style=\"color: #000000;\"><span style=\"font-family: Book Antiqua, serif;\"><span style=\"font-size: large;\"><b>Zbli\u017cali si\u0119 do Jezusa wszyscy celnicy i grzesznicy, aby Go s\u0142ucha\u0107. <\/b><\/span><\/span><\/span><\/p>\n<p align=\"justify\"><span style=\"color: #000000;\"><span style=\"font-family: Book Antiqua, serif;\"><span style=\"font-size: large;\"><b>Na to szemrali faryzeusze i uczeni w Pi\u015bmie: \u201eTen przyjmuje grzesznik\u00f3w i jada z nimi\u201d. <\/b><\/span><\/span><\/span><\/p>\n<p align=\"justify\"><span style=\"color: #000000;\"><span style=\"font-family: Book Antiqua, serif;\"><span style=\"font-size: large;\"><b>Opowiedzia\u0142 im wtedy nast\u0119puj\u0105c\u0105 przypowie\u015b\u0107: &#8222;Kt\u00f3\u017c z was, gdy ma sto owiec, a zgubi jedn\u0105 z nich, nie zostawia dziewi\u0119\u0107dziesi\u0119ciu dziewi\u0119ciu na pustyni i nie idzie za zgubion\u0105, a\u017c j\u0105 znajdzie? <\/b><\/span><\/span><\/span><\/p>\n<p align=\"justify\"><span style=\"color: #000000;\"><span style=\"font-family: Book Antiqua, serif;\"><span style=\"font-size: large;\"><b>A gdy j\u0105 znajdzie, bierze z rado\u015bci\u0105 na ramiona i wraca do domu; sprasza przyjaci\u00f3\u0142 i s\u0105siad\u00f3w i m\u00f3wi im: \u00abCieszcie si\u0119 ze mn\u0105, bo znalaz\u0142em owc\u0119, kt\u00f3ra mi zgin\u0119\u0142a\u00bb. <\/b><\/span><\/span><\/span><\/p>\n<p align=\"justify\"><span style=\"color: #000000;\"><span style=\"font-family: Book Antiqua, serif;\"><span style=\"font-size: large;\"><b>Powiadam wam: Tak samo w niebie wi\u0119ksza b\u0119dzie rado\u015b\u0107 z jednego grzesznika, kt\u00f3ry si\u0119 nawraca, ni\u017c z dziewi\u0119\u0107dziesi\u0119ciu dziewi\u0119ciu sprawiedliwych, kt\u00f3rzy nie potrzebuj\u0105 nawr\u00f3cenia. <\/b><\/span><\/span><\/span><\/p>\n<p align=\"justify\"><span style=\"color: #000000;\"><span style=\"font-family: Book Antiqua, serif;\"><span style=\"font-size: large;\"><b>Albo je\u015bli jaka\u015b kobieta maj\u0105c dziesi\u0119\u0107 drachm zgubi jedn\u0105 drachm\u0119, czy\u017c nie zapala \u015bwiat\u0142a, nie wymiata domu i nie szuka starannie, a\u017c j\u0105 znajdzie? <\/b><\/span><\/span><\/span><\/p>\n<p align=\"justify\"><span style=\"color: #000000;\"><span style=\"font-family: Book Antiqua, serif;\"><span style=\"font-size: large;\"><b>A znalaz\u0142szy j\u0105, sprasza przyjaci\u00f3\u0142ki i s\u0105siadki i m\u00f3wi: \u00abCieszcie si\u0119 ze mn\u0105, bo znalaz\u0142am drachm\u0119, kt\u00f3r\u0105 zgubi\u0142am\u00bb. <\/b><\/span><\/span><\/span><\/p>\n<p align=\"justify\"><span style=\"color: #000000;\"><span style=\"font-family: Book Antiqua, serif;\"><span style=\"font-size: large;\"><b>Tak samo, powiadam wam, rado\u015b\u0107 powstaje u anio\u0142\u00f3w Bo\u017cych z jednego grzesznika, kt\u00f3ry si\u0119 nawraca\u201d.<\/b><\/span><\/span><\/span><\/p>\n<p align=\"justify\">\n<p align=\"justify\">\n<p align=\"justify\">\n<p align=\"justify\">\n<p align=\"justify\">\n<p align=\"justify\"><span style=\"color: #000000;\"><span style=\"font-family: Book Antiqua, serif;\"><span style=\"font-size: large;\">Jak wa\u017cny dla Boga jest <b>ka\u017cdy cz\u0142owiek<\/b> \u2013 pojedynczy cz\u0142owiek. <b>Ka\u017cdy z nas. <\/b>Ty i ja. O ka\u017cdego cz\u0142owieka B\u00f3g troszczy si\u0119, zabiega \u2013 wr\u0119cz walczy. <b>Szuka go<\/b> i sprowadza z kr\u0119tych dr\u00f3g, po kt\u00f3rych ten b\u0142\u0105dzi gdzie\u015b daleko\u2026 Taki w\u0142a\u015bnie obraz rysuje przed nami dzisiejsza Ewangelia. <\/span><\/span><\/span><\/p>\n<p align=\"justify\"><span style=\"color: #000000;\"><span style=\"font-family: Book Antiqua, serif;\"><span style=\"font-size: large;\">W dw\u00f3ch przypowie\u015bciach, kt\u00f3re mog\u0105 wr\u0119cz <b>razi\u0107 przesad\u0105 i przerysowaniem,<\/b> Jezus wyra\u017anie daje do zrozumienia, \u017ce bardzo, ale to <b>bardzo zale\u017cy Mu<\/b> na ka\u017cdym bez wyj\u0105tku cz\u0142owieku. Nawet \u2013 takie mo\u017cemy odnie\u015b\u0107 wra\u017cenie \u2013 za cen\u0119 odsuni\u0119cia na bok ca\u0142ego otoczenia. <\/span><\/span><\/span><\/p>\n<p align=\"justify\"><span style=\"color: #000000;\"><span style=\"font-family: Book Antiqua, serif;\"><span style=\"font-size: large;\">Bo je\u017celi pasterz rzeczywi\u015bcie mia\u0142by zostawi\u0107 <b>dziewi\u0119\u0107dziesi\u0105t dziewi\u0119\u0107 <\/b><b>owiec <\/b><b>na pastw\u0119 losu,<\/b> a i\u015b\u0107 szuka\u0107 jednej, zgubionej, to naprawd\u0119 samo wr\u0119cz powstaje pytanie o sensowno\u015b\u0107 takiego dzia\u0142ania i o <b>zdrowy rozs\u0105dek <\/b><b>takiego <\/b><b>pasterza!<\/b> Albo o zdrowy rozs\u0105dek gospodyni domowej, kt\u00f3ra znalaz\u0142szy ma\u0142\u0105 drachm\u0119, <b>robi z tego wielki szum<\/b> \u2013 zwo\u0142uje s\u0105siadki, organizuje przyj\u0119cie, kt\u00f3re kosztuje j\u0105 o wiele wi\u0119cej, ni\u017c wynosi warto\u015b\u0107 owej odnalezionej drachmy. <\/span><\/span><\/span><\/p>\n<p align=\"justify\"><span style=\"color: #000000;\"><span style=\"font-family: Book Antiqua, serif;\"><span style=\"font-size: large;\">Jednak nie o drachm\u0119 i nie o owc\u0119 tu chodzi. Tu naprawd\u0119 <b>chodzi o cz\u0142owieka<\/b> \u2013 o ka\u017cdego, konkretnego cz\u0142owieka! Jezus ka\u017cdemu daje szans\u0119. Nikogo nie przekre\u015bla. A skoro tak, to Aposto\u0142 pyta dzi\u015b retorycznie w pierwszym czytaniu: <i><b>Dlaczego wi\u0119c ty pot\u0119piasz swego brata? Albo dlaczego gardzisz swoim bratem? Wszyscy przecie\u017c staniemy przed trybuna\u0142em Boga.<\/b><\/i> <\/span><\/span><\/span><\/p>\n<p align=\"justify\"><span style=\"color: #000000;\"><span style=\"font-family: Book Antiqua, serif;\"><span style=\"font-size: large;\">W\u0142a\u015bnie! Je\u017celi dla Jezusa ka\u017cdy cz\u0142owiek jest na tyle wa\u017cny, by o niego zabiega\u0107 i szuka\u0107 go, to <b>co tak naprawd\u0119 mo\u017ce usprawiedliwi\u0107<\/b> wzajemn\u0105 pogard\u0119 i niech\u0119\u0107 ludzi wobec siebie? <b>Jakie prawo ma cz\u0142owiek,<\/b> by pot\u0119pi\u0107 drugiego? Przy czym \u2013 uwaga! Nie m\u00f3wimy <b>o upomnieniu bli\u017aniego,<\/b> zwr\u00f3ceniu uwagi na z\u0142o, kt\u00f3re czyni. Do tego akurat jeste\u015bmy wr\u0119cz zobowi\u0105zani. M\u00f3wimy o <b>pot\u0119pieniu cz\u0142owieka jako cz\u0142owieka!<\/b> Tego nie mo\u017cemy czyni\u0107, skoro sam Jezus tego nie czyni\u0142. <\/span><\/span><\/span><\/p>\n<p align=\"justify\"><span style=\"color: #000000;\"><span style=\"font-family: Book Antiqua, serif;\"><span style=\"font-size: large;\">To On w\u0142a\u015bnie uczy nas, \u017ce grzech nale\u017cy pot\u0119pi\u0107 bardzo surowo, ale samego cz\u0142owieka \u2013 <b>szuka\u0107 bardzo sumiennie. <\/b>Pomy\u015ble\u0107 o dobru drugiego cz\u0142owieka \u2013 nie my\u015ble\u0107 tylko o sobie. Wszak Aposto\u0142 stwierdza dzi\u015b jednoznacznie: <i><b>Nikt z nas nie \u017cyje dla siebie i nikt nie umiera dla siebie; je\u017celi bowiem \u017cyjemy, \u017cyjemy dla Pana; je\u017celi za\u015b umieramy, umieramy dla Pana. I w \u017cyciu wi\u0119c, i w \u015bmierci nale\u017cymy do Pana. Po to bowiem Chrystus umar\u0142 i powr\u00f3ci\u0142 do \u017cycia, by zapanowa\u0107 tak nad umar\u0142ymi, jak nad \u017cywymi. <\/b><\/i><\/span><\/span><\/span><\/p>\n<p align=\"justify\"><span style=\"color: #000000;\"><span style=\"font-family: Book Antiqua, serif;\"><span style=\"font-size: large;\">Cz\u0119sto s\u0142owa te mo\u017cemy us\u0142ysze\u0107 <b>na pogrzebie,<\/b> s\u0105 one bowiem zaproponowane jako jedno z czyta\u0144 do wyboru w formularzu pogrzebowym. Bo w\u0142a\u015bnie wtedy, kiedy przychodzi nam <b>po\u017cegna\u0107 cz\u0142owieka,<\/b> odchodz\u0105cego z tego \u015bwiata, to w kontek\u015bcie jego zako\u0144czonego \u017cycia ziemskiego \u2013 ale te\u017c nierozerwalnie: w kontek\u015bcie naszego \u017cycia, kt\u00f3re nie wiadomo, jak d\u0142ugo jeszcze potrwa \u2013 rozwa\u017camy prawd\u0119 o tym, \u017ce <b>w istocie nie \u017cyjemy dla samych siebie.<\/b> Albo inaczej: <b>nie powinni\u015bmy<\/b> \u017cy\u0107 dla samych siebie. <\/span><\/span><\/span><\/p>\n<p align=\"justify\"><span style=\"color: #000000;\"><span style=\"font-family: Book Antiqua, serif;\"><span style=\"font-size: large;\">Takie bowiem \u017cycie jest\u2026 w\u0142a\u015bnie, jakie? Smutne. Niespe\u0142nione. A mo\u017ce nawet <b>wr\u0119cz przegrane!<\/b> Je\u017celi cz\u0142owiek \u017cyje tylko dla siebie, a ani troch\u0119 dla Boga i ani troch\u0119 dla drugiego cz\u0142owieka, to ostatecznie to \u017cycie przegrywa\u2026 <b>Smutn<\/b><b>a perspektywa.<\/b> Wr\u0119cz straszna! <\/span><\/span><\/span><\/p>\n<p align=\"justify\"><span style=\"color: #000000;\"><span style=\"font-family: Book Antiqua, serif;\"><span style=\"font-size: large;\">Ale to w\u0142a\u015bnie wtedy tak \u0142atwo pot\u0119pi\u0107 drugiego cz\u0142owieka, wtedy cz\u0142owiek <b>nie ma \u017cadnej motywacji, <\/b>\u017ceby si\u0119 o drugiego zatroszczy\u0107, by da\u0107 mu szans\u0119, poczeka\u0107 na jego nawr\u00f3cenie, przemian\u0119\u2026 Pom\u00f3c mu w tej przemianie\u2026 Po co, <b>skoro<\/b><b> my\u015bli tylko o sobie<\/b> i tylko dla siebie \u017cyje, maj\u0105c na uwadze jedynie swoj\u0105 wygod\u0119, sw\u00f3j komfort psychiczny i tak zwany \u201e\u015bwi\u0119ty spok\u00f3j\u201d?\u2026 Po co mu si\u0119 w\u00f3wczas przejmowa\u0107 drugim?\u2026 <\/span><\/span><\/span><\/p>\n<p align=\"justify\"><span style=\"color: #000000;\"><span style=\"font-family: Book Antiqua, serif;\"><span style=\"font-size: large;\">Tylko \u2013 <b>czy tak da si\u0119 \u017cy\u0107?<\/b> \u017beby to jeszcze raz powt\u00f3rzy\u0107: czy takie \u017cycie nie jest smutne, szare, ciasne?\u2026 Czy cz\u0142owiek w ko\u0144cu nie zadusi si\u0119 w tej\u2026 <b>st\u0119chli\u017anie samego siebie?\u2026 <\/b><\/span><\/span><\/span><\/p>\n<p align=\"justify\"><span style=\"color: #000000;\"><span style=\"font-family: Book Antiqua, serif;\"><span style=\"font-size: large;\">Jaki wi\u0119c wniosek wyci\u0105gn\u0119 dla siebie dzisiaj \u2013 ale tak konkretnie \u2013 z tych w\u0142a\u015bnie s\u0142\u00f3w: <i><b>Nikt z nas nie \u017cyje dla siebie i nikt nie umiera dla siebie; je\u017celi bowiem \u017cyjemy, \u017cyjemy dla Pana; je\u017celi za\u015b umieramy, umieramy dla Pana. I w \u017cyciu wi\u0119c, i w \u015bmierci nale\u017cymy do Pana. Po to bowiem Chrystus umar\u0142 i powr\u00f3ci\u0142 do \u017cycia, by zapanowa\u0107 tak nad umar\u0142ymi, jak nad \u017cywymi?\u2026<\/b><\/i><\/span><\/span><\/span><\/p>\n","protected":false},"excerpt":{"rendered":"<p>Szcz\u0119\u015b\u0107 Bo\u017ce! Moi Drodzy, serdecznie dzi\u0119kujemy Ksi\u0119dzu Markowi za wczorajsze s\u0142\u00f3wko z Syberii. Nie zapowiedzia\u0142em go, bo ustalenia zosta\u0142y poczynione dzie\u0144 wcze\u015bniej, ciesz\u0119 si\u0119 jednak, \u017ce zaraz po powrocie z wyjazdu Ksi\u0105dz Marek m\u00f3g\u0142 si\u0119 z nami podzieli\u0107 refleksj\u0105 nad Bo\u017cym s\u0142owem \u2013 i relacj\u0105 z \u017cycia swojej Parafii. To znaczy, z Parafii to by\u0142a [&hellip;]<\/p>\n","protected":false},"author":1,"featured_media":0,"comment_status":"open","ping_status":"open","sticky":false,"template":"","format":"standard","meta":{"jetpack_post_was_ever_published":false,"_jetpack_newsletter_access":"","_jetpack_dont_email_post_to_subs":false,"_jetpack_newsletter_tier_id":0,"_jetpack_memberships_contains_paywalled_content":false,"_jetpack_memberships_contains_paid_content":false,"footnotes":""},"categories":[1],"tags":[],"class_list":["post-16074","post","type-post","status-publish","format-standard","hentry","category-bez-kategorii"],"yoast_head":"<!-- This site is optimized with the Yoast SEO plugin v25.1 - https:\/\/yoast.com\/wordpress\/plugins\/seo\/ -->\n<title>Czy da si\u0119 \u017cy\u0107 tylko dla siebie?... - Gaudium Et Spes<\/title>\n<meta name=\"robots\" content=\"index, follow, max-snippet:-1, max-image-preview:large, max-video-preview:-1\" \/>\n<link rel=\"canonical\" href=\"https:\/\/gaudiumetspes-blog.pl\/index.php\/2019\/11\/07\/czy-da-sie-zyc-tylko-dla-siebie\/\" \/>\n<meta property=\"og:locale\" content=\"pl_PL\" \/>\n<meta property=\"og:type\" content=\"article\" \/>\n<meta property=\"og:title\" content=\"Czy da si\u0119 \u017cy\u0107 tylko dla siebie?... - Gaudium Et Spes\" \/>\n<meta property=\"og:description\" content=\"Szcz\u0119\u015b\u0107 Bo\u017ce! Moi Drodzy, serdecznie dzi\u0119kujemy Ksi\u0119dzu Markowi za wczorajsze s\u0142\u00f3wko z Syberii. Nie zapowiedzia\u0142em go, bo ustalenia zosta\u0142y poczynione dzie\u0144 wcze\u015bniej, ciesz\u0119 si\u0119 jednak, \u017ce zaraz po powrocie z wyjazdu Ksi\u0105dz Marek m\u00f3g\u0142 si\u0119 z nami podzieli\u0107 refleksj\u0105 nad Bo\u017cym s\u0142owem \u2013 i relacj\u0105 z \u017cycia swojej Parafii. To znaczy, z Parafii to by\u0142a [&hellip;]\" \/>\n<meta property=\"og:url\" content=\"https:\/\/gaudiumetspes-blog.pl\/index.php\/2019\/11\/07\/czy-da-sie-zyc-tylko-dla-siebie\/\" \/>\n<meta property=\"og:site_name\" content=\"Gaudium Et Spes\" \/>\n<meta property=\"article:published_time\" content=\"2019-11-07T05:49:24+00:00\" \/>\n<meta name=\"author\" content=\"Ks. Jacek\" \/>\n<meta name=\"twitter:card\" content=\"summary_large_image\" \/>\n<meta name=\"twitter:label1\" content=\"Napisane przez\" \/>\n\t<meta name=\"twitter:data1\" content=\"Ks. Jacek\" \/>\n\t<meta name=\"twitter:label2\" content=\"Szacowany czas czytania\" \/>\n\t<meta name=\"twitter:data2\" content=\"7 minut\" \/>\n<script type=\"application\/ld+json\" class=\"yoast-schema-graph\">{\"@context\":\"https:\/\/schema.org\",\"@graph\":[{\"@type\":\"WebPage\",\"@id\":\"https:\/\/gaudiumetspes-blog.pl\/index.php\/2019\/11\/07\/czy-da-sie-zyc-tylko-dla-siebie\/\",\"url\":\"https:\/\/gaudiumetspes-blog.pl\/index.php\/2019\/11\/07\/czy-da-sie-zyc-tylko-dla-siebie\/\",\"name\":\"Czy da si\u0119 \u017cy\u0107 tylko dla siebie?... - Gaudium Et Spes\",\"isPartOf\":{\"@id\":\"https:\/\/gaudiumetspes-blog.pl\/#website\"},\"datePublished\":\"2019-11-07T05:49:24+00:00\",\"author\":{\"@id\":\"https:\/\/gaudiumetspes-blog.pl\/#\/schema\/person\/1661982992b752dea8dff0d4ed845a65\"},\"breadcrumb\":{\"@id\":\"https:\/\/gaudiumetspes-blog.pl\/index.php\/2019\/11\/07\/czy-da-sie-zyc-tylko-dla-siebie\/#breadcrumb\"},\"inLanguage\":\"pl-PL\",\"potentialAction\":[{\"@type\":\"ReadAction\",\"target\":[\"https:\/\/gaudiumetspes-blog.pl\/index.php\/2019\/11\/07\/czy-da-sie-zyc-tylko-dla-siebie\/\"]}]},{\"@type\":\"BreadcrumbList\",\"@id\":\"https:\/\/gaudiumetspes-blog.pl\/index.php\/2019\/11\/07\/czy-da-sie-zyc-tylko-dla-siebie\/#breadcrumb\",\"itemListElement\":[{\"@type\":\"ListItem\",\"position\":1,\"name\":\"Strona g\u0142\u00f3wna\",\"item\":\"https:\/\/gaudiumetspes-blog.pl\/\"},{\"@type\":\"ListItem\",\"position\":2,\"name\":\"Czy&nbsp;da si\u0119 \u017cy\u0107 tylko&nbsp;dla siebie?&#8230;\"}]},{\"@type\":\"WebSite\",\"@id\":\"https:\/\/gaudiumetspes-blog.pl\/#website\",\"url\":\"https:\/\/gaudiumetspes-blog.pl\/\",\"name\":\"Gaudium Et Spes\",\"description\":\"Blog Ks. Jacka Ja\u015bkowskiego\",\"potentialAction\":[{\"@type\":\"SearchAction\",\"target\":{\"@type\":\"EntryPoint\",\"urlTemplate\":\"https:\/\/gaudiumetspes-blog.pl\/?s={search_term_string}\"},\"query-input\":{\"@type\":\"PropertyValueSpecification\",\"valueRequired\":true,\"valueName\":\"search_term_string\"}}],\"inLanguage\":\"pl-PL\"},{\"@type\":\"Person\",\"@id\":\"https:\/\/gaudiumetspes-blog.pl\/#\/schema\/person\/1661982992b752dea8dff0d4ed845a65\",\"name\":\"Ks. Jacek\",\"image\":{\"@type\":\"ImageObject\",\"inLanguage\":\"pl-PL\",\"@id\":\"https:\/\/gaudiumetspes-blog.pl\/#\/schema\/person\/image\/\",\"url\":\"https:\/\/gaudiumetspes-blog.pl\/wp-content\/uploads\/2019\/07\/avatar-JJ-150x150.jpg\",\"contentUrl\":\"https:\/\/gaudiumetspes-blog.pl\/wp-content\/uploads\/2019\/07\/avatar-JJ-150x150.jpg\",\"caption\":\"Ks. Jacek\"},\"description\":\"Witam serdecznie! K\u0142ania si\u0119 Ks. Jacek Ja\u015bkowski. Nie jestem ani kim\u015b wa\u017cnym, ani kim\u015b znanym. Jestem ksi\u0119dzem, kt\u00f3ry po prostu chce rozmawia\u0107. Codzienna kap\u0142a\u0144ska pos\u0142uga pokazuje mi, \u017ce temat\u00f3w do rozm\u00f3w z ksi\u0119dzem jest coraz wi\u0119cej i dzisiaj \u017caden ksi\u0105dz nie mo\u017ce od nich ucieka\u0107, ale - wprost przeciwnie - podejmowa\u0107 nowe wyzwania. To przekonanie sk\u0142oni\u0142o mnie do pr\u00f3by otwarcia tego\u017c bloga, chocia\u017c okazji do rozm\u00f3w na co dzie\u0144 - w konfesjonale i poza nim - na szcz\u0119\u015bcie nie brakuje. My\u015bl\u0119 jednak, \u017ce ten blog b\u0119dzie jeszcze jednym sposobem i przestrzeni\u0105 nawi\u0105zania kontaktu z lud\u017ami dobrej woli, otwartymi na dialog.\",\"url\":\"https:\/\/gaudiumetspes-blog.pl\/index.php\/author\/ks-jacek\/\"}]}<\/script>\n<!-- \/ Yoast SEO plugin. -->","yoast_head_json":{"title":"Czy da si\u0119 \u017cy\u0107 tylko dla siebie?... - Gaudium Et Spes","robots":{"index":"index","follow":"follow","max-snippet":"max-snippet:-1","max-image-preview":"max-image-preview:large","max-video-preview":"max-video-preview:-1"},"canonical":"https:\/\/gaudiumetspes-blog.pl\/index.php\/2019\/11\/07\/czy-da-sie-zyc-tylko-dla-siebie\/","og_locale":"pl_PL","og_type":"article","og_title":"Czy da si\u0119 \u017cy\u0107 tylko dla siebie?... - Gaudium Et Spes","og_description":"Szcz\u0119\u015b\u0107 Bo\u017ce! Moi Drodzy, serdecznie dzi\u0119kujemy Ksi\u0119dzu Markowi za wczorajsze s\u0142\u00f3wko z Syberii. Nie zapowiedzia\u0142em go, bo ustalenia zosta\u0142y poczynione dzie\u0144 wcze\u015bniej, ciesz\u0119 si\u0119 jednak, \u017ce zaraz po powrocie z wyjazdu Ksi\u0105dz Marek m\u00f3g\u0142 si\u0119 z nami podzieli\u0107 refleksj\u0105 nad Bo\u017cym s\u0142owem \u2013 i relacj\u0105 z \u017cycia swojej Parafii. To znaczy, z Parafii to by\u0142a [&hellip;]","og_url":"https:\/\/gaudiumetspes-blog.pl\/index.php\/2019\/11\/07\/czy-da-sie-zyc-tylko-dla-siebie\/","og_site_name":"Gaudium Et Spes","article_published_time":"2019-11-07T05:49:24+00:00","author":"Ks. Jacek","twitter_card":"summary_large_image","twitter_misc":{"Napisane przez":"Ks. Jacek","Szacowany czas czytania":"7 minut"},"schema":{"@context":"https:\/\/schema.org","@graph":[{"@type":"WebPage","@id":"https:\/\/gaudiumetspes-blog.pl\/index.php\/2019\/11\/07\/czy-da-sie-zyc-tylko-dla-siebie\/","url":"https:\/\/gaudiumetspes-blog.pl\/index.php\/2019\/11\/07\/czy-da-sie-zyc-tylko-dla-siebie\/","name":"Czy da si\u0119 \u017cy\u0107 tylko dla siebie?... - Gaudium Et Spes","isPartOf":{"@id":"https:\/\/gaudiumetspes-blog.pl\/#website"},"datePublished":"2019-11-07T05:49:24+00:00","author":{"@id":"https:\/\/gaudiumetspes-blog.pl\/#\/schema\/person\/1661982992b752dea8dff0d4ed845a65"},"breadcrumb":{"@id":"https:\/\/gaudiumetspes-blog.pl\/index.php\/2019\/11\/07\/czy-da-sie-zyc-tylko-dla-siebie\/#breadcrumb"},"inLanguage":"pl-PL","potentialAction":[{"@type":"ReadAction","target":["https:\/\/gaudiumetspes-blog.pl\/index.php\/2019\/11\/07\/czy-da-sie-zyc-tylko-dla-siebie\/"]}]},{"@type":"BreadcrumbList","@id":"https:\/\/gaudiumetspes-blog.pl\/index.php\/2019\/11\/07\/czy-da-sie-zyc-tylko-dla-siebie\/#breadcrumb","itemListElement":[{"@type":"ListItem","position":1,"name":"Strona g\u0142\u00f3wna","item":"https:\/\/gaudiumetspes-blog.pl\/"},{"@type":"ListItem","position":2,"name":"Czy&nbsp;da si\u0119 \u017cy\u0107 tylko&nbsp;dla siebie?&#8230;"}]},{"@type":"WebSite","@id":"https:\/\/gaudiumetspes-blog.pl\/#website","url":"https:\/\/gaudiumetspes-blog.pl\/","name":"Gaudium Et Spes","description":"Blog Ks. Jacka Ja\u015bkowskiego","potentialAction":[{"@type":"SearchAction","target":{"@type":"EntryPoint","urlTemplate":"https:\/\/gaudiumetspes-blog.pl\/?s={search_term_string}"},"query-input":{"@type":"PropertyValueSpecification","valueRequired":true,"valueName":"search_term_string"}}],"inLanguage":"pl-PL"},{"@type":"Person","@id":"https:\/\/gaudiumetspes-blog.pl\/#\/schema\/person\/1661982992b752dea8dff0d4ed845a65","name":"Ks. Jacek","image":{"@type":"ImageObject","inLanguage":"pl-PL","@id":"https:\/\/gaudiumetspes-blog.pl\/#\/schema\/person\/image\/","url":"https:\/\/gaudiumetspes-blog.pl\/wp-content\/uploads\/2019\/07\/avatar-JJ-150x150.jpg","contentUrl":"https:\/\/gaudiumetspes-blog.pl\/wp-content\/uploads\/2019\/07\/avatar-JJ-150x150.jpg","caption":"Ks. Jacek"},"description":"Witam serdecznie! K\u0142ania si\u0119 Ks. Jacek Ja\u015bkowski. Nie jestem ani kim\u015b wa\u017cnym, ani kim\u015b znanym. Jestem ksi\u0119dzem, kt\u00f3ry po prostu chce rozmawia\u0107. Codzienna kap\u0142a\u0144ska pos\u0142uga pokazuje mi, \u017ce temat\u00f3w do rozm\u00f3w z ksi\u0119dzem jest coraz wi\u0119cej i dzisiaj \u017caden ksi\u0105dz nie mo\u017ce od nich ucieka\u0107, ale - wprost przeciwnie - podejmowa\u0107 nowe wyzwania. To przekonanie sk\u0142oni\u0142o mnie do pr\u00f3by otwarcia tego\u017c bloga, chocia\u017c okazji do rozm\u00f3w na co dzie\u0144 - w konfesjonale i poza nim - na szcz\u0119\u015bcie nie brakuje. My\u015bl\u0119 jednak, \u017ce ten blog b\u0119dzie jeszcze jednym sposobem i przestrzeni\u0105 nawi\u0105zania kontaktu z lud\u017ami dobrej woli, otwartymi na dialog.","url":"https:\/\/gaudiumetspes-blog.pl\/index.php\/author\/ks-jacek\/"}]}},"jetpack_featured_media_url":"","jetpack_sharing_enabled":true,"_links":{"self":[{"href":"https:\/\/gaudiumetspes-blog.pl\/index.php\/wp-json\/wp\/v2\/posts\/16074","targetHints":{"allow":["GET"]}}],"collection":[{"href":"https:\/\/gaudiumetspes-blog.pl\/index.php\/wp-json\/wp\/v2\/posts"}],"about":[{"href":"https:\/\/gaudiumetspes-blog.pl\/index.php\/wp-json\/wp\/v2\/types\/post"}],"author":[{"embeddable":true,"href":"https:\/\/gaudiumetspes-blog.pl\/index.php\/wp-json\/wp\/v2\/users\/1"}],"replies":[{"embeddable":true,"href":"https:\/\/gaudiumetspes-blog.pl\/index.php\/wp-json\/wp\/v2\/comments?post=16074"}],"version-history":[{"count":1,"href":"https:\/\/gaudiumetspes-blog.pl\/index.php\/wp-json\/wp\/v2\/posts\/16074\/revisions"}],"predecessor-version":[{"id":16075,"href":"https:\/\/gaudiumetspes-blog.pl\/index.php\/wp-json\/wp\/v2\/posts\/16074\/revisions\/16075"}],"wp:attachment":[{"href":"https:\/\/gaudiumetspes-blog.pl\/index.php\/wp-json\/wp\/v2\/media?parent=16074"}],"wp:term":[{"taxonomy":"category","embeddable":true,"href":"https:\/\/gaudiumetspes-blog.pl\/index.php\/wp-json\/wp\/v2\/categories?post=16074"},{"taxonomy":"post_tag","embeddable":true,"href":"https:\/\/gaudiumetspes-blog.pl\/index.php\/wp-json\/wp\/v2\/tags?post=16074"}],"curies":[{"name":"wp","href":"https:\/\/api.w.org\/{rel}","templated":true}]}}