{"id":16082,"date":"2019-11-10T05:24:47","date_gmt":"2019-11-10T04:24:47","guid":{"rendered":"https:\/\/gaudiumetspes-blog.pl\/?p=16082"},"modified":"2019-11-10T05:01:30","modified_gmt":"2019-11-10T04:01:30","slug":"przez-niego-bedziemy-wskrzeszeni","status":"publish","type":"post","link":"https:\/\/gaudiumetspes-blog.pl\/index.php\/2019\/11\/10\/przez-niego-bedziemy-wskrzeszeni\/","title":{"rendered":"Przez Niego b\u0119dziemy wskrzeszeni!"},"content":{"rendered":"<p align=\"justify\"><span style=\"color: #000000;\"><span style=\"font-family: Book Antiqua, serif;\"><span style=\"font-size: large;\">Niech b\u0119dzie pochwalony Jezus Chrystus! Moi Drodzy, w dniu dzisiejszym <b>urodziny prze\u017cywa Ksi\u0105dz Wojciech Bazan, dobry Kolega z od czas\u00f3w seminaryjnych, Prefekt Zespo\u0142u Szk\u00f3\u0142 Katolickich, istniej\u0105cych przy mojej rodzinnej Parafii. \u017bycz\u0119 Jubilatowi niegasn\u0105cego zapa\u0142u do pracy z dzie\u0107mi i m\u0142odzie\u017c\u0105, oraz wszelkiego Bo\u017cego b\u0142ogos\u0142awie\u0144stwa! Zapewniam o modlitwie.<\/b><\/span><\/span><\/span><\/p>\n<p align=\"justify\"><span style=\"color: #000000;\"><span style=\"font-family: Book Antiqua, serif;\"><span style=\"font-size: large;\">Moi Drodzy, wczorajszy dzie\u0144 skupienia Kandydat\u00f3w do Bierzmowania w Pratulinie by\u0142 bardzo ciekawym do\u015bwiadczeniem. Modl\u0119 si\u0119 za te Dzieciaki, aby \u2013 jak sobie o tym rozmawiali\u015bmy \u2013 widzia\u0142y w Ko\u015bciele przestrze\u0144 \u017cyciow\u0105 dla siebie. I aby zawsze by\u0142y wdzi\u0119czne Bogu za to, \u017ce w og\u00f3le s\u0105 w Ko\u015bciele.<\/span><\/span><\/span><\/p>\n<p align=\"justify\"><span style=\"color: #000000;\"><span style=\"font-family: Book Antiqua, serif;\"><span style=\"font-size: large;\">Pami\u0119ta\u0142em w modlitwie tak\u017ce o Was \u2013 i w Pratulinie, i w Kodniu, do kt\u00f3rego po drodze na chwil\u0119 wpad\u0142em.<\/span><\/span><\/span><\/p>\n<p align=\"justify\"><span style=\"color: #000000;\"><span style=\"font-family: Book Antiqua, serif;\"><span style=\"font-size: large;\">\u017bycz\u0119 Wszystkim pi\u0119knej niedzieli. I na takie w\u0142a\u015bnie prze\u017cywanie Dnia Pa\u0144skiego \u2013 <b>niech Was b\u0142ogos\u0142awi B\u00f3g Wszechmog\u0105cy: Ojciec + i Syn, i Duch \u015awi\u0119ty. Amen<\/b><\/span><\/span><\/span><\/p>\n<p align=\"center\"><span style=\"color: #000000;\"><span style=\"font-family: Book Antiqua, serif;\"><span style=\"font-size: large;\">Gaudium et spes! Ks. Jacek<\/span><\/span><\/span><\/p>\n<p align=\"center\">\n<p align=\"center\">\n<p align=\"center\">\n<p align=\"center\">\n<p align=\"center\">\n<p align=\"justify\"><span style=\"color: #000000;\"><span style=\"font-family: Book Antiqua, serif;\"><span style=\"font-size: large;\"><b>32 Niedziela zwyk\u0142a, C,<\/b><\/span><\/span><\/span><\/p>\n<p align=\"justify\"><span style=\"color: #000000;\"><span style=\"font-family: Book Antiqua, serif;\"><span style=\"font-size: large;\"><b>do czyta\u0144: 2 Mch 7,1\u20132.9\u201314; 2 Tes 2,16\u20133,5; \u0141k 20,27\u201338<\/b><\/span><\/span><\/span><\/p>\n<p align=\"justify\">\n<p align=\"justify\">\n<p align=\"justify\">\n<p align=\"justify\">\n<p align=\"justify\">\n<p align=\"justify\"><span style=\"color: #000000;\"><span style=\"font-family: Book Antiqua, serif;\"><span style=\"font-size: large;\"><b>CZYTANIE Z DRUGIEJ KSI\u0118GI MACHABEJSKIEJ: <\/b><\/span><\/span><\/span><\/p>\n<p align=\"justify\"><span style=\"color: #000000;\"><span style=\"font-family: Book Antiqua, serif;\"><span style=\"font-size: large;\"><b>Zdarzy\u0142o si\u0119, \u017ce siedmiu braci razem z matk\u0105 zosta\u0142o schwytanych. Bito ich biczami i rzemieniami, gdy\u017c kr\u00f3l chcia\u0142 ich zmusi\u0107, aby skosztowali wieprzowiny zakazanej przez Prawo. <\/b><\/span><\/span><\/span><\/p>\n<p align=\"justify\"><span style=\"color: #000000;\"><span style=\"font-family: Book Antiqua, serif;\"><span style=\"font-size: large;\"><b>Jeden z nich, przemawiaj\u0105c w imieniu wszystkich, tak powiedzia\u0142: \u201eO co pragniesz zapyta\u0107 i czego dowiedzie\u0107 si\u0119 od nas? Jeste\u015bmy bowiem gotowi raczej zgin\u0105\u0107 ani\u017celi przekroczy\u0107 ojczyste prawo\u201d. <\/b><\/span><\/span><\/span><\/p>\n<p align=\"justify\"><span style=\"color: #000000;\"><span style=\"font-family: Book Antiqua, serif;\"><span style=\"font-size: large;\"><b>Drugi za\u015b brat w chwili, gdy oddawa\u0142 ostatnie tchnienie, powiedzia\u0142: \u201eTy zbrodniarzu, odbierasz nam to obecne \u017cycie. Kr\u00f3l \u015bwiata jednak nas, kt\u00f3rzy umieramy za Jego prawo, wskrzesi i o\u017cywi do \u017cycia wiecznego\u201d. <\/b><\/span><\/span><\/span><\/p>\n<p align=\"justify\"><span style=\"color: #000000;\"><span style=\"font-family: Book Antiqua, serif;\"><span style=\"font-size: large;\"><b>Po nim by\u0142 m\u0119czony trzeci. Na \u017c\u0105danie natychmiast wysun\u0105\u0142 j\u0119zyk, a r\u0119ce wyci\u0105gn\u0105\u0142 bez obawy i m\u0119\u017cnie powiedzia\u0142: \u201eZ nieba je otrzyma\u0142em, ale dla Jego praw nimi gardz\u0119, a spodziewam si\u0119, \u017ce od Niego ponownie je otrzymam\u201d. Nawet sam kr\u00f3l i ca\u0142e jego otoczenie zdumiewa\u0142o si\u0119 odwag\u0105 m\u0142odzie\u0144ca, jak za nic mia\u0142 cierpienia. <\/b><\/span><\/span><\/span><\/p>\n<p align=\"justify\"><span style=\"color: #000000;\"><span style=\"font-family: Book Antiqua, serif;\"><span style=\"font-size: large;\"><b>Gdy ten ju\u017c zako\u0144czy\u0142 \u017cycie, takim samym katuszom poddano czwartego. Konaj\u0105c, tak powiedzia\u0142: \u201eLepiej jest nam, kt\u00f3rzy giniemy z ludzkich r\u0105k, a kt\u00f3rzy w Bogu pok\u0142adamy nadziej\u0119, \u017ce znowu przez Niego b\u0119dziemy wskrzeszeni. Dla ciebie bowiem nie ma wskrzeszenia do \u017cycia\u201d.<\/b><\/span><\/span><\/span><\/p>\n<p align=\"justify\">\n<p align=\"justify\">\n<p align=\"justify\">\n<p align=\"justify\">\n<p align=\"justify\">\n<p align=\"justify\">\n<p align=\"justify\"><span style=\"color: #000000;\"><span style=\"font-family: Book Antiqua, serif;\"><span style=\"font-size: large;\"><b>CZYTANIE Z DRUGIEGO LISTU \u015aWI\u0118TEGO PAW\u0141A APOSTO\u0141A DO TESALONICZAN: <\/b><\/span><\/span><\/span><\/p>\n<p align=\"justify\"><span style=\"color: #000000;\"><span style=\"font-family: Book Antiqua, serif;\"><span style=\"font-size: large;\"><b>Bracia: Sam Pan nasz Jezus Chrystus i B\u00f3g, Ojciec nasz, kt\u00f3ry nas umi\u0142owa\u0142 i przez \u0142ask\u0119 udzieli\u0142 nam nieko\u0144cz\u0105cego si\u0119 pocieszenia i dobrej nadziei, niech pocieszy serca wasze i niech utwierdzi we wszelkim czynie i dobrej mowie. <\/b><\/span><\/span><\/span><\/p>\n<p align=\"justify\"><span style=\"color: #000000;\"><span style=\"font-family: Book Antiqua, serif;\"><span style=\"font-size: large;\"><b>Poza tym, bracia, m\u00f3dlcie si\u0119 za nas, aby s\u0142owo Pa\u0144skie rozszerza\u0142o si\u0119 i rozs\u0142awia\u0142o, podobnie jak to jest po\u015br\u00f3d was, aby\u015bmy byli wybawieni od ludzi przewrotnych i z\u0142ych, albowiem nie wszyscy maj\u0105 wiar\u0119. Wierny jest Pan, kt\u00f3ry umocni was i ustrze\u017ce od z\u0142ego. Co do was, ufamy w Panu, \u017ce to, co nakazujemy, czynicie i b\u0119dziecie czyni\u0107. Niechaj Pan skieruje serca wasze ku mi\u0142o\u015bci Bo\u017cej i cierpliwo\u015bci Chrystusowej.<\/b><\/span><\/span><\/span><\/p>\n<p align=\"justify\">\n<p align=\"justify\">\n<p align=\"justify\">\n<p align=\"justify\">\n<p align=\"justify\">\n<p align=\"justify\"><span style=\"color: #000000;\"><span style=\"font-family: Book Antiqua, serif;\"><span style=\"font-size: large;\"><b>S\u0141OWA EWANGELII WED\u0141UG \u015aWI\u0118TEGO \u0141UKASZA:<\/b><\/span><\/span><\/span><\/p>\n<p align=\"justify\"><span style=\"color: #000000;\"><span style=\"font-family: Book Antiqua, serif;\"><span style=\"font-size: large;\"><b>Podesz\u0142o do Jezusa kilku saduceusz\u00f3w, kt\u00f3rzy twierdz\u0105, \u017ce nie ma zmartwychwstania, i zagadn\u0119li Go w ten spos\u00f3b: \u201eNauczycielu, Moj\u017cesz tak nam przepisa\u0142: \u00abJe\u015bli umrze czyj\u015b brat, kt\u00f3ry mia\u0142 \u017con\u0119, a by\u0142 bezdzietny, niech jego brat we\u017amie wdow\u0119 i niech wzbudzi potomstwo swemu bratu\u00bb. Ot\u00f3\u017c by\u0142o siedmiu braci. Pierwszy wzi\u0105\u0142 \u017con\u0119 i umar\u0142 bezdzietnie. Wzi\u0105\u0142 j\u0105 drugi, a potem trzeci, i tak wszyscy pomarli, nie zostawiwszy dzieci. W ko\u0144cu umar\u0142a ta kobieta. <\/b><\/span><\/span><\/span><\/p>\n<p align=\"justify\"><span style=\"color: #000000;\"><span style=\"font-family: Book Antiqua, serif;\"><span style=\"font-size: large;\"><b>Przy zmartwychwstaniu wi\u0119c kt\u00f3rego z nich b\u0119dzie \u017con\u0105? Wszyscy siedmiu bowiem mieli j\u0105 za \u017con\u0119\u201d. <\/b><\/span><\/span><\/span><\/p>\n<p align=\"justify\"><span style=\"color: #000000;\"><span style=\"font-family: Book Antiqua, serif;\"><span style=\"font-size: large;\"><b>Jezus im odpowiedzia\u0142: \u201eDzieci tego \u015bwiata \u017ceni\u0105 si\u0119 i za m\u0105\u017c wychodz\u0105. Lecz ci, kt\u00f3rzy uznani s\u0105 za godnych udzia\u0142u w \u015bwiecie przysz\u0142ym i w powstaniu z martwych, ani si\u0119 \u017ceni\u0107 nie b\u0119d\u0105, ani za m\u0105\u017c wychodzi\u0107. Ju\u017c bowiem umrze\u0107 nie mog\u0105, gdy\u017c s\u0105 r\u00f3wni anio\u0142om i s\u0105 dzie\u0107mi Bo\u017cymi, b\u0119d\u0105c uczestnikami zmartwychwstania. <\/b><\/span><\/span><\/span><\/p>\n<p align=\"justify\"><span style=\"color: #000000;\"><span style=\"font-family: Book Antiqua, serif;\"><span style=\"font-size: large;\"><b>A \u017ce umarli zmartwychwstaj\u0105, to i Moj\u017cesz zaznaczy\u0142 tam, gdzie jest mowa o krzaku, gdy Pana nazywa \u00abBogiem Abrahama, Bogiem Izaaka i Bogiem Jakuba\u00bb. B\u00f3g nie jest Bogiem umar\u0142ych, lecz \u017cywych; wszyscy bowiem dla Niego \u017cyj\u0105\u201d.<\/b><\/span><\/span><\/span><\/p>\n<p align=\"justify\">\n<p align=\"justify\">\n<p align=\"justify\">\n<p align=\"justify\">\n<p align=\"justify\">\n<p align=\"justify\"><span style=\"color: #000000;\"><span style=\"font-family: Book Antiqua, serif;\"><span style=\"font-size: large;\">Przecie\u017c chodzi\u0142o <b>tylko o kawa\u0142ek mi\u0119sa\u2026<\/b> Po co by\u0142o si\u0119 tak nara\u017ca\u0107, wr\u0119cz nadstawia\u0107 \u2013 nie lepiej by\u0142o zje\u015b\u0107 ten k\u0119s wieprzowiny <b>i mie\u0107 \u015bwi\u0119ty spok\u00f3j?<\/b> Zawsze mo\u017cna by\u0142o powiedzie\u0107, \u017ce to przez pomy\u0142k\u0119, \u017ce pod przymusem\u2026 A mo\u017ce tak, jak w przypadku starca Eleazara, o kt\u00f3rym mowa w innym miejscu, na kartach Starego Testamentu, a kt\u00f3rego zmuszano do podobnej rzeczy i podpowiadano, <b>by tylko udawa\u0142, \u017ce je <\/b><b>zakazane<\/b><b> mi\u0119so, <\/b>tak i tutaj \u2013 by\u0107 mo\u017ce \u2013 w\u0142adca zadowoli\u0142by si\u0119 tym, \u017ce owi m\u0142odzi ludzie <b>udawaliby jedzenie<\/b> mi\u0119sa i dzi\u0119ki temu uratowaliby \u017cycie?\u2026 <\/span><\/span><\/span><\/p>\n<p align=\"justify\"><span style=\"color: #000000;\"><span style=\"font-family: Book Antiqua, serif;\"><span style=\"font-size: large;\">Oni jednak nie chcieli. Nie chcieli zje\u015b\u0107 mi\u0119sa, zakazanego \u017bydom przez Bo\u017ce Prawo \u2013 i <b>udawa\u0107 te\u017c nie chcieli.<\/b> I to wszyscy, bez wyj\u0105tku, co do jednego. W dzisiejszym pierwszym czytaniu s\u0142yszymy opis <b>m\u0119cze\u0144stwa czterech braci,<\/b> ale w pierwszym zdaniu us\u0142yszeli\u015bmy informacj\u0119, \u017ce by\u0142o ich siedmiu i z lektury dalszej cz\u0119\u015bci Ksi\u0119gi Machabejskiej dowiadujemy si\u0119, \u017ce <b>tak\u017ce pozostali trzej nie zawahali si\u0119<\/b> post\u0105pi\u0107 w spos\u00f3b godny swojej wiary i godny swoich braci. <\/span><\/span><\/span><\/p>\n<p align=\"justify\"><span style=\"color: #000000;\"><span style=\"font-family: Book Antiqua, serif;\"><span style=\"font-size: large;\">Ksi\u0119ga wychwala tak\u017ce <b>bohaterstwo matki,<\/b> kt\u00f3ra musia\u0142a patrze\u0107 na brutalne m\u0119cze\u0144stwo wszystkich swoich syn\u00f3w \u2013 mo\u017cemy si\u0119 tylko domy\u015bla\u0107, co to oznacza\u0142o dla matki \u2013 i nie tylko, \u017ce si\u0119 nie za\u0142ama\u0142a, ale <b>jeszcze zach\u0119ca\u0142a swych syn\u00f3w <\/b>do bohaterstwa i wierno\u015bci Bogu. Bo \u2013 w\u0142a\u015bnie \u2013 <b>nie o kawa\u0142ek mi\u0119sa<\/b> ca\u0142a rzecz tu si\u0119 rozgrywa\u0142a. Nie o kawa\u0142ek mi\u0119sa i nie o taki lub inny zwyczaj \u2013 ale o wierno\u015b\u0107 Prawu Bo\u017cemu. A tak jeszcze dok\u0142adniej \u2013 <b>o wierno\u015b\u0107 samemu Bogu!<\/b> <\/span><\/span><\/span><\/p>\n<p align=\"justify\"><span style=\"color: #000000;\"><span style=\"font-family: Book Antiqua, serif;\"><span style=\"font-size: large;\">Ci m\u0142odzi ludzie \u2013 m\u0142odzi bracia \u2013 potraktowali j\u0105 <b>bardzo dos\u0142ownie.<\/b> I dlatego uznali, \u017ce albo zachowuje si\u0119 Bo\u017ce Prawo i jest si\u0119 mu wiernym \u2013 albo si\u0119 je zdradza, <b>czyli Boga si\u0119 zdradza.<\/b> I koniec. Nie ma trzeciej drogi. A dla nich oznacza\u0142o to jeszcze jedno \u2013 to mianowicie, co czwarty z braci, w obliczu zbli\u017caj\u0105cej si\u0119 m\u0119cze\u0144skiej \u015bmierci, powiedzia\u0142 do w\u0142adcy: <i><b>Lepiej jest nam, kt\u00f3rzy giniemy z ludzkich r\u0105k, a kt\u00f3rzy w Bogu pok\u0142adamy nadziej\u0119, \u017ce znowu<\/b><\/i><b> <\/b><i><b>przez Niego b\u0119dziemy wskrzeszeni. Dla ciebie bowiem nie ma wskrzeszenia do \u017cycia.<\/b><\/i> <\/span><\/span><\/span><\/p>\n<p align=\"justify\"><span style=\"color: #000000;\"><span style=\"font-family: Book Antiqua, serif;\"><span style=\"font-size: large;\">Moi Drodzy, to w\u0142a\u015bnie o to rozgrywa\u0142a si\u0119 ca\u0142a sprawa: <b>o \u017cycie wieczne<\/b> \u2013 nie o kawa\u0142ek mi\u0119sa. Jak wielk\u0105 wiar\u0119 w to \u017cycie wieczne \u2013 i jak wielk\u0105 <b>wiar\u0119 w <\/b><b>samego <\/b><b>Boga<\/b> \u2013 musieli mie\u0107 ci m\u0142odzi ludzie, \u017ce nie zawahali si\u0119 po\u0142o\u017cy\u0107 na szali swego \u017cycia doczesnego i po prostu nim wzgardzi\u0107, <b>odda\u0107 go bez wahania.<\/b> W tym momencie pr\u00f3by wszyscy uznali, \u017ce to \u017cycie <b>nie ma wi\u0119kszej warto\u015bci<\/b> \u2013 w obliczu \u017cycia wiecznego, w obliczu zmartwychwstania, kt\u00f3re ich czeka\u0142o tam, po drugiej stronie\u2026 <\/span><\/span><\/span><\/p>\n<p align=\"justify\"><span style=\"color: #000000;\"><span style=\"font-family: Book Antiqua, serif;\"><span style=\"font-size: large;\">Zdaje si\u0119, \u017ce <b>nie a\u017c tak powa\u017cnie<\/b> podeszli do ca\u0142ej sprawy rozm\u00f3wcy Jezusa z dzisiejszej Ewangelii, czyli grupa saduceuszy. Opowiedziana przez nich historia rzeczywi\u015bcie zdawa\u0142a si\u0119 potwierdza\u0107, i\u017c \u2013 jak stwierdza Ewangelista \u2013 byli oni przekonani,<b> <\/b><i><b>\u017ce nie ma zmartwychwstania.<\/b><\/i><b> <\/b>I st\u0105d ta ca\u0142a historyjka <b>o siedmiu m\u0119\u017cach jednej kobiety,<\/b> kt\u00f3rzy umierali jeden po drugim. <\/span><\/span><\/span><\/p>\n<p align=\"justify\"><span style=\"color: #000000;\"><span style=\"font-family: Book Antiqua, serif;\"><span style=\"font-size: large;\">To te\u017c <b>siedmiu braci<\/b> \u2013 jak w pierwszym czytaniu. Tylko o ile ci bracia ze Starego Testamentu naprawd\u0119 wierzyli w zmartwychwstanie i dlatego tak bardzo powa\u017cnie potraktowali ca\u0142\u0105 spraw\u0119, o tyle ci z Ewangelii \u2013 postacie, jak si\u0119 zdaje, <b>fikcyjne, zmy\u015blone przez saduceuszy <\/b>\u2013 mieli ca\u0142\u0105 spraw\u0119 zbagatelizowa\u0107, a mo\u017ce nawet <b>o\u015bmieszy\u0107, skompromitowa\u0107. <\/b>Wyczuwamy to wyra\u017anie po tonie tej dziwnej opowie\u015bci. <\/span><\/span><\/span><\/p>\n<p align=\"justify\"><span style=\"color: #000000;\"><span style=\"font-family: Book Antiqua, serif;\"><span style=\"font-size: large;\">Ju\u017c sam fakt, \u017ce po kolei \u017cenili si\u0119 z niewiast\u0105, przy kt\u00f3rej umierali wszyscy poprzedni, pokazywa\u0142 <b>niepowa\u017cne podej\u015bcie do tematu.<\/b> W rzeczywisto\u015bci bowiem, po \u015bmierci trzeciego, z pewno\u015bci\u0105 czwarty bardzo by si\u0119 obawia\u0142 z ni\u0105 \u017ceni\u0107, nie m\u00f3wi\u0105c ju\u017c o nast\u0119pnych. Jednak\u017ce \u2013 powiedzmy raz jeszcze \u2013 tu nie o t\u0119 historyjk\u0105 chodzi\u0142o, ale o to, \u017ce saduceusze <b>naprawd\u0119 nie wierzyli w zmartwychwstanie<\/b> <b>do \u017cycia wiecznego.<\/b> Dali temu jasny wyraz. <\/span><\/span><\/span><\/p>\n<p align=\"justify\"><span style=\"color: #000000;\"><span style=\"font-family: Book Antiqua, serif;\"><span style=\"font-size: large;\">Jezus jednak wykorzysta\u0142 t\u0119 ich dziwaczn\u0105 historyjk\u0119 \u2013 i w og\u00f3le fakt rozmowy z nimi \u2013 do tego, by nam wszystkim da\u0107 bardzo <b>konkretn\u0105 i jasn\u0105 nauk\u0119 <\/b>o tym, \u017ce jest zmartwychwstanie. Dlatego to powiedzia\u0142: <i><b>Dzieci tego \u015bwiata \u017ceni\u0105 si\u0119 i za m\u0105\u017c wychodz\u0105. Lecz ci, kt\u00f3rzy uznani s\u0105 za godnych udzia\u0142u w \u015bwiecie przysz\u0142ym i w powstaniu z martwych, ani si\u0119 \u017ceni\u0107 nie b\u0119d\u0105, ani za m\u0105\u017c wychodzi\u0107. Ju\u017c bowiem umrze\u0107 nie mog\u0105, gdy\u017c s\u0105 r\u00f3wni anio\u0142om<\/b><\/i><b> <\/b><i><b>i s\u0105 dzie\u0107mi Bo\u017cymi, b\u0119d\u0105c uczestnikami zmartwychwstania.<\/b><\/i><b> <\/b><\/span><\/span><\/span><\/p>\n<p align=\"justify\"><span style=\"color: #000000;\"><span style=\"font-family: Book Antiqua, serif;\"><span style=\"font-size: large;\">Po czym doda\u0142: <i><b>A \u017ce umarli zmartwychwstaj\u0105, to i Moj\u017cesz zaznaczy\u0142 tam, gdzie jest mowa o krzaku, gdy Pana nazywa \u00abBogiem Abrahama, Bogiem Izaaka i Bogiem Jakuba\u00bb. B\u00f3g nie jest Bogiem umar\u0142ych, lecz \u017cywych; wszyscy bowiem dla Niego \u017cyj\u0105. <\/b><\/i><\/span><\/span><\/span><\/p>\n<p align=\"justify\"><span style=\"color: #000000;\"><span style=\"font-family: Book Antiqua, serif;\"><span style=\"font-size: large;\">I w\u0142a\u015bnie zapewne my\u015bl\u0105c o takich ludziach, jak owi saduceusze, Pawe\u0142 Aposto\u0142 pisa\u0142 do Tesaloniczan, w drugim dzisiejszym czytaniu: <i><b>Poza tym, bracia, m\u00f3dlcie si\u0119 za nas, aby <\/b><\/i><i><b>s<\/b><\/i><i><b>\u0142owo Pa\u0144skie rozszerza\u0142o si\u0119 i rozs\u0142awia\u0142o, podobnie jak to jest po\u015br\u00f3d was, aby\u015bmy byli wybawieni od ludzi przewrotnych i z\u0142ych, albowiem nie wszyscy maj\u0105 wiar\u0119<\/b><\/i><b>. <\/b><\/span><\/span><\/span><\/p>\n<p align=\"justify\"><span style=\"color: #000000;\"><span style=\"font-family: Book Antiqua, serif;\"><span style=\"font-size: large;\">Tak, <i><b>n<\/b><\/i><i><b>ie wszyscy maj\u0105 wiar\u0119.<\/b><\/i> Ludzie przewrotni wszystko przeinaczaj\u0105 \u2013 czasami z\u0142o\u015bliwie i celowo \u2013 bo sami wiary nie maj\u0105 i jeszcze chcieliby <b>innym w g\u0142owach zamota\u0107.<\/b> Dlatego Pawe\u0142 przestrzega swych uczni\u00f3w i wyra\u017ca co do nich swoje nadzieje, w s\u0142owach: <i><b>Wierny jest Pan, kt\u00f3ry umocni was i ustrze\u017ce od z\u0142ego. Co do was, ufamy w Panu, \u017ce to, co nakazujemy, czynicie i b\u0119dziecie czyni\u0107. Niechaj Pan skieruje serca wasze ku mi\u0142o\u015bci Bo\u017cej i cierpliwo\u015bci Chrystusowej.<\/b><\/i><i> <\/i><\/span><\/span><\/span><\/p>\n<p align=\"justify\"><span style=\"color: #000000;\"><span style=\"font-family: Book Antiqua, serif;\"><span style=\"font-size: large;\">Ot\u00f3\u017c, w\u0142a\u015bnie, moi Drodzy! Wszystko zale\u017cy od naszego podej\u015bcia do ca\u0142ej sprawy \u2013 s\u0142owem: <b>od naszej wiary.<\/b> Oto bowiem dzisiaj mamy przed sob\u0105 <b>dwie przeciwstawne postawy: <\/b>jedna, to postawa <b>wielkiej wiary w Boga<\/b> i w Jego obietnic\u0119 zmartwychwstania cz\u0142owieka do \u017cycia wiecznego; druga z kolei \u2013 to postawa <b>braku tej wiary<\/b> i wr\u0119cz pr\u00f3ba jej o\u015bmieszania. Tu siedmiu braci oddaje za t\u0119 wiar\u0119 \u017cycie, a tu siedmiu braci te\u017c oddaje \u017cycie, ale <b>jakby\u2026 w ciemno, nie wiadomo, po co i dlaczego,<\/b> troch\u0119 jakby przez pomy\u0142k\u0119. <\/span><\/span><\/span><\/p>\n<p align=\"justify\"><span style=\"color: #000000;\"><span style=\"font-family: Book Antiqua, serif;\"><span style=\"font-size: large;\">Jezus zajmuje w ca\u0142ym tym sporze <b>jasne stanowisko, <\/b>podobnie \u015awi\u0119ty Pawe\u0142. Tesaloniczanie \u2013 mamy tak\u0105 nadziej\u0119 \u2013 pos\u0142uchali Aposto\u0142a i czynili to, co on im nakaza\u0142, czego ich nauczy\u0142. <\/span><\/span><\/span><\/p>\n<p align=\"justify\"><span style=\"color: #000000;\"><span style=\"font-family: Book Antiqua, serif;\"><span style=\"font-size: large;\">A my \u2013<b> jakie stanowisko w tych sprawach zajmiemy?<\/b> I to nie tylko, gdy idzie o prawd\u0119 dotycz\u0105c\u0105 zmartwychwstania do \u017cycia wiecznego, ale o ka\u017cd\u0105 inn\u0105 prawd\u0119 wiary \u2013 tej wiary, kt\u00f3rej jeste\u015bmy od dziecka uczeni, w kt\u00f3rej jeste\u015bmy wychowywani?\u2026 <\/span><\/span><\/span><\/p>\n<p align=\"justify\"><span style=\"color: #000000;\"><span style=\"font-family: Book Antiqua, serif;\"><span style=\"font-size: large;\">Moi Drodzy, czy my w to wszystko <b>tak naprawd\u0119 wierzymy? <\/b>Ale tak naprawd\u0119 \u2013 czyli tak, \u017ce byliby\u015bmy w stanie odda\u0107 za to \u017cycie? Owszem, <b>nie musimy obecnie tego czyni\u0107<\/b> \u2013 i oby\u015bmy nigdy nie musieli. Ale gdyby by\u0142o trzeba?\u2026 <\/span><\/span><\/span><\/p>\n<p align=\"justify\"><span style=\"color: #000000;\"><span style=\"font-family: Book Antiqua, serif;\"><span style=\"font-size: large;\">W pewnym sensie, ju\u017c trzeba. Chocia\u017c nie w spos\u00f3b m\u0119cze\u0144ski, ale trzeba odwa\u017cnie, zdecydowanie i bez kompleks\u00f3w <b>codziennie \u015bwiadczy\u0107 o swojej wierze!<\/b> A w ostatnim czasie wydaje si\u0119, \u017ce tego \u015bwiadectwa wyj\u0105tkowo potrzeba; w obliczu tego, \u017ce \u2013 jak to uj\u0105\u0142 dzisiaj \u015awi\u0119ty Pawe\u0142 \u2013 <i><b>nie wszyscy maj\u0105 wiar\u0119.<\/b><\/i> Widzimy, moi Drodzy, na pewno wok\u00f3\u0142 nas coraz wi\u0119cej takich, <b>kt\u00f3rym brakuje wiary. <\/b><\/span><\/span><\/span><\/p>\n<p align=\"justify\"><span style=\"color: #000000;\"><span style=\"font-family: Book Antiqua, serif;\"><span style=\"font-size: large;\">A wr\u0119cz takich, kt\u00f3rzy <b>nie chc\u0105 mie\u0107 tej wiary,<\/b> kt\u00f3rym na tych sprawach <b>po prostu nie zale\u017cy, <\/b>kt\u00f3rzy si\u0119 tym aktualnie nie przejmuj\u0105, bo nie uwa\u017caj\u0105 tych spraw w og\u00f3le za wa\u017cne. <b>Bo oni teraz maj\u0105 wszystko:<\/b> maj\u0105 dostatnie \u017cycie, dobrze si\u0119 ustawili zawodowo i spo\u0142ecznie, pieni\u0105dze p\u0142yn\u0105 na konto, w domu i w gara\u017cu jest to, co by\u0107 powinno. <\/span><\/span><\/span><\/p>\n<p align=\"justify\"><span style=\"color: #000000;\"><span style=\"font-family: Book Antiqua, serif;\"><span style=\"font-size: large;\">O, z pewno\u015bci\u0105, <b>mo\u017ce by\u0107 jeszcze wi\u0119cej i jeszcze dro\u017cszego,<\/b> wi\u0119c o to trzeba zabiega\u0107, a nie o jakie\u015b tam bzdury, co b\u0119dzie po \u015bmierci. A kiedy\u017c to przyjdzie ta \u015bmier\u0107! <b>To jeszcze d\u0142uga perspektywa! <\/b>Na stare lata si\u0119 o tym pomy\u015bli, a teraz \u2013 trzeba si\u0119 zaj\u0105\u0107 tym, co w tym momencie najwa\u017cniejsze: ustawi\u0107 si\u0119, dorobi\u0107, wzbogaci\u0107, zadba\u0107 o wygod\u0119 \u017cycia\u2026 <b>Jaka tam wieczno\u015b\u0107,<\/b> jakie tam zmartwychwstanie? Na to b\u0119dzie jeszcze czas.<\/span><\/span><\/span><\/p>\n<p align=\"justify\"><span style=\"color: #000000;\"><span style=\"font-family: Book Antiqua, serif;\"><span style=\"font-size: large;\">Tylko \u2013 czy aby na pewno?\u2026 B\u0119dzie jeszcze na to czas? <b>A jak go nie b\u0119dzie? To co wtedy?<\/b> I jak \u017cy\u0107, tak naprawd\u0119, je\u017celi si\u0119 ma przed sob\u0105 tylko t\u0119 perspektyw\u0119 doczesn\u0105 \u2013 a cho\u0107by nawet obejmuj\u0105c\u0105 i sto lat \u017cycia na ziemi,<b> ale nic poza ni\u0105 \u2013 jak \u017cy\u0107?\u2026<\/b> Owszem, teraz si\u0119 o tym nie my\u015bli, bo to \u017cycie doczesne jest na tyle atrakcyjne i na tyle wci\u0105gaj\u0105ce, \u017ce na ten moment wielu to wystarcza. Ale w kt\u00f3rym\u015b momencie \u2013 jakby na przek\u00f3r wszystkiemu \u2013 <b>powr\u00f3ci pytanie: I co dalej?\u2026 Co potem?\u2026<\/b><\/span><\/span><\/span><\/p>\n<p align=\"justify\"><span style=\"color: #000000;\"><span style=\"font-family: Book Antiqua, serif;\"><span style=\"font-size: large;\">Moi Drodzy, <b>jak cz\u0119sto<\/b> my sobie to pytanie stawiamy? Zapewne listopad, kt\u00f3ry teraz prze\u017cywamy \u2013 miesi\u0105c modlitwy za naszych Zmar\u0142ych \u2013 troch\u0119 nas bardziej mobilizuje do postawienia go sobie. Bo i my, cho\u0107 nie zaliczamy siebie do tych, o kt\u00f3rych Pawe\u0142 pisze, \u017ce <i><b>nie wszyscy maj\u0105 wiar\u0119,<\/b><\/i><b> <\/b>gdy\u017c uwa\u017camy si\u0119 za mocno wierz\u0105cych \u2013 i zapewne tak jest \u2013 to jednak chyba <b>a\u017c tak za cz\u0119sto nie <\/b><b>zastanawiamy si\u0119<\/b><b>,<\/b> co dalej, co po \u015bmierci, z czym staniemy na S\u0105dzie Bo\u017cym?\u2026<\/span><\/span><\/span><\/p>\n<p align=\"justify\"><span style=\"color: #000000;\"><span style=\"font-family: Book Antiqua, serif;\"><span style=\"font-size: large;\">I co my tak naprawd\u0119 my\u015blimy o tym przysz\u0142ym \u017cyciu? Jak cz\u0119sto o nim my\u015blimy? Bo i my, moi Drodzy \u2013 nie z powodu braku wiary, ale <b>z <\/b><b>powodu<\/b><b> tego zawrotnego tempa, <\/b>w jakim na co dzie\u0144 \u017cyjemy \u2013 po prostu <b>nie mamy czasu<\/b> o tych sprawach pomy\u015ble\u0107. Nie mamy do tego g\u0142owy. <\/span><\/span><\/span><\/p>\n<p align=\"justify\"><span style=\"color: #000000;\"><span style=\"font-family: Book Antiqua, serif;\"><span style=\"font-size: large;\">Bo trzeba p\u0119dzi\u0107 do pracy, a jak si\u0119 wr\u00f3ci z pracy, to zaraz <b>tyle obowi\u0105zk\u00f3w w domu,<\/b> a tu jeszcze co i raz wypadanie jaka\u015b sprawa poza codziennym \u201egrafikiem\u201d \u2013 i tak \u201ew k\u00f3\u0142ko\u201d: cz\u0142owiek p\u0119dzi i p\u0119dzi, \u017ceby rozwi\u0105zywa\u0107 kolejne problemy, jakie mu si\u0119 pojawiaj\u0105 na horyzoncie, wi\u0119c kiedy tu jeszcze pomy\u015ble\u0107 o tym, <b>co jest na tym ostatnim horyzoncie, <\/b>co jest na ko\u0144cu, a w\u0142a\u015bciwie: co jest <b>poza nim, <\/b><b>jeszcze dalej? <\/b>Co tam jest?\u2026 Co nas tam czeka? <\/span><\/span><\/span><\/p>\n<p align=\"justify\"><span style=\"color: #000000;\"><span style=\"font-family: Book Antiqua, serif;\"><span style=\"font-size: large;\">Nie mamy kiedy o tym pomy\u015ble\u0107, moi Drodzy. A chyba jednak warto! Trzeba si\u0119 do tego zmobilizowa\u0107. Bo przecie\u017c my w\u0142a\u015bnie po to \u017cyjemy i po to jest ca\u0142a ta nasza codzienna gonitwa, aby <b>na ko\u0144cu dobiec do\u2026 zmartwychwstania!<\/b> Tak, <b>do \u017cycia wiecznego!<\/b> Inaczej \u2013 jaki sens mia\u0142oby to nasze zap\u0119dzenie, zapracowanie, wr\u0119cz \u201ezarzynanie si\u0119\u201d \u2013 <b>jaki sens? Jaki cel?\u2026<\/b><\/span><\/span><\/span><\/p>\n<p align=\"justify\"><span style=\"color: #000000;\"><span style=\"font-family: Book Antiqua, serif;\"><span style=\"font-size: large;\">Cel jest jasny. Tylko nie mo\u017cna o nim zapomnie\u0107. Trzeba sobie o nim jak najcz\u0119\u015bciej przypomina\u0107. I stawia\u0107 sobie odwa\u017cnie to pytanie: Czy ja, cz\u0142owiek wierz\u0105cy, <b>tak naprawd\u0119 wierz\u0119 w \u017cycie wieczne? <\/b>I czy ja \u2013 tak naprawd\u0119 \u2013 <b>pragn\u0119 tego \u017cycia? <\/b>Czy mi na nim tak naprawd\u0119 zale\u017cy? I czy \u015bwiadomie \u2013 a nie tylko tak od niechcenia, jakby przypadkiem, ale tak <b>naprawd\u0119 <\/b><b>i <\/b><b>\u015bwiadomie \u2013 do niego d\u0105\u017c\u0119?<\/b><\/span><\/span><\/span><\/p>\n<p align=\"justify\"><span style=\"color: #000000;\"><span style=\"font-family: Book Antiqua, serif;\"><span style=\"font-size: large;\">A jest to, moi Drodzy, w rzeczy samej pytanie o to, czy ja chc\u0119 by\u0107<b> ju\u017c na zawsze \u2013 z Jezusem? <\/b>Czy ja to wszystko, co robi\u0119 dzisiaj, tu i teraz, robi\u0119 <b>ze wzgl\u0119du na Niego i dla Niego?<\/b> Czy ja mam Go ci\u0105gle przed oczami i robi\u0119 wszystko, aby by\u0107 z Nim razem: teraz i w wieczno\u015bci? <\/span><\/span><\/span><\/p>\n<p align=\"justify\"><span style=\"color: #000000;\"><span style=\"font-family: Book Antiqua, serif;\"><span style=\"font-size: large;\">Bo powiedzmy sobie jasno jeszcze raz: siedmiu braci, z dzisiejszego pierwszego czytania, odda\u0142o \u017cycie <b>nie za kawa\u0142ek mi\u0119sa! <\/b>I nawet nie w obronie takiego czy innego Prawa, zapisanego na papierze. I nawet nie w obronie zasad jako takich. Oni oddali \u017cycie <b>z mi\u0142o\u015bci do Boga!<\/b> Oddali \u017cycie, bo byli pewni, \u017ce <b>B\u00f3g im to \u017cycie zwr\u00f3ci<\/b> i \u017ce ju\u017c na zawsze <b>b\u0119d\u0105 z Nim.<\/b> Tak silna by\u0142a ich <b>wiara,<\/b> a z niej wyp\u0142ywa\u0142a r\u00f3wnie silna <b>nadzieja,<\/b> motywem za\u015b by\u0142a bezgraniczna <b>mi\u0142o\u015b\u0107 do Boga. <\/b><\/span><\/span><\/span><\/p>\n<p align=\"justify\"><span style=\"color: #000000;\"><span style=\"font-family: Book Antiqua, serif;\"><span style=\"font-size: large;\">Co jest motywem moich wszelkich dzia\u0142a\u0144, mojego zabiegania, zapracowania, codziennej krz\u0105taniny: czy ja to wszystko robi\u0119 <b>dla Jezusa i z my\u015bl\u0105 o Nim?<\/b> Czy ja naprawd\u0119 \u2013 ale tak naprawd\u0119 \u2013 <b>chc\u0119 z Nim by\u0107 <\/b>przez ca\u0142\u0105 wieczno\u015b\u0107? Czy ja o tym w og\u00f3le my\u015bl\u0119? Czy ja szczerze do tego d\u0105\u017c\u0119? <\/span><\/span><\/span><\/p>\n<p align=\"justify\"><span style=\"color: #000000;\"><span style=\"font-family: Book Antiqua, serif;\"><span style=\"font-size: large;\">A je\u015bli tak, to ile jestem w stanie z siebie da\u0107, ile po\u015bwi\u0119ci\u0107 \u2013 <b>dla Jezusa,<\/b> ze wzgl\u0119du na moj\u0105 wiar\u0119 w Niego, na moj\u0105 do Niego <b>szczer\u0105 mi\u0142o\u015b\u0107?\u2026 <\/b>Ile jestem w stanie z siebie da\u0107 \u2013 <b>ju\u017c dzisiaj?\u2026<\/b><\/span><\/span><\/span><\/p>\n","protected":false},"excerpt":{"rendered":"<p>Niech b\u0119dzie pochwalony Jezus Chrystus! Moi Drodzy, w dniu dzisiejszym urodziny prze\u017cywa Ksi\u0105dz Wojciech Bazan, dobry Kolega z od czas\u00f3w seminaryjnych, Prefekt Zespo\u0142u Szk\u00f3\u0142 Katolickich, istniej\u0105cych przy mojej rodzinnej Parafii. \u017bycz\u0119 Jubilatowi niegasn\u0105cego zapa\u0142u do pracy z dzie\u0107mi i m\u0142odzie\u017c\u0105, oraz wszelkiego Bo\u017cego b\u0142ogos\u0142awie\u0144stwa! Zapewniam o modlitwie. Moi Drodzy, wczorajszy dzie\u0144 skupienia Kandydat\u00f3w do Bierzmowania [&hellip;]<\/p>\n","protected":false},"author":1,"featured_media":0,"comment_status":"open","ping_status":"open","sticky":false,"template":"","format":"standard","meta":{"jetpack_post_was_ever_published":false,"_jetpack_newsletter_access":"","_jetpack_dont_email_post_to_subs":false,"_jetpack_newsletter_tier_id":0,"_jetpack_memberships_contains_paywalled_content":false,"_jetpack_memberships_contains_paid_content":false,"footnotes":""},"categories":[1],"tags":[],"class_list":["post-16082","post","type-post","status-publish","format-standard","hentry","category-bez-kategorii"],"yoast_head":"<!-- This site is optimized with the Yoast SEO plugin v25.1 - https:\/\/yoast.com\/wordpress\/plugins\/seo\/ -->\n<title>Przez Niego b\u0119dziemy wskrzeszeni! - Gaudium Et Spes<\/title>\n<meta name=\"robots\" content=\"index, follow, max-snippet:-1, max-image-preview:large, max-video-preview:-1\" \/>\n<link rel=\"canonical\" href=\"https:\/\/gaudiumetspes-blog.pl\/index.php\/2019\/11\/10\/przez-niego-bedziemy-wskrzeszeni\/\" \/>\n<meta property=\"og:locale\" content=\"pl_PL\" \/>\n<meta property=\"og:type\" content=\"article\" \/>\n<meta property=\"og:title\" content=\"Przez Niego b\u0119dziemy wskrzeszeni! - Gaudium Et Spes\" \/>\n<meta property=\"og:description\" content=\"Niech b\u0119dzie pochwalony Jezus Chrystus! Moi Drodzy, w dniu dzisiejszym urodziny prze\u017cywa Ksi\u0105dz Wojciech Bazan, dobry Kolega z od czas\u00f3w seminaryjnych, Prefekt Zespo\u0142u Szk\u00f3\u0142 Katolickich, istniej\u0105cych przy mojej rodzinnej Parafii. \u017bycz\u0119 Jubilatowi niegasn\u0105cego zapa\u0142u do pracy z dzie\u0107mi i m\u0142odzie\u017c\u0105, oraz wszelkiego Bo\u017cego b\u0142ogos\u0142awie\u0144stwa! Zapewniam o modlitwie. Moi Drodzy, wczorajszy dzie\u0144 skupienia Kandydat\u00f3w do Bierzmowania [&hellip;]\" \/>\n<meta property=\"og:url\" content=\"https:\/\/gaudiumetspes-blog.pl\/index.php\/2019\/11\/10\/przez-niego-bedziemy-wskrzeszeni\/\" \/>\n<meta property=\"og:site_name\" content=\"Gaudium Et Spes\" \/>\n<meta property=\"article:published_time\" content=\"2019-11-10T04:24:47+00:00\" \/>\n<meta name=\"author\" content=\"Ks. Jacek\" \/>\n<meta name=\"twitter:card\" content=\"summary_large_image\" \/>\n<meta name=\"twitter:label1\" content=\"Napisane przez\" \/>\n\t<meta name=\"twitter:data1\" content=\"Ks. Jacek\" \/>\n\t<meta name=\"twitter:label2\" content=\"Szacowany czas czytania\" \/>\n\t<meta name=\"twitter:data2\" content=\"15 minut\" \/>\n<script type=\"application\/ld+json\" class=\"yoast-schema-graph\">{\"@context\":\"https:\/\/schema.org\",\"@graph\":[{\"@type\":\"WebPage\",\"@id\":\"https:\/\/gaudiumetspes-blog.pl\/index.php\/2019\/11\/10\/przez-niego-bedziemy-wskrzeszeni\/\",\"url\":\"https:\/\/gaudiumetspes-blog.pl\/index.php\/2019\/11\/10\/przez-niego-bedziemy-wskrzeszeni\/\",\"name\":\"Przez Niego b\u0119dziemy wskrzeszeni! - Gaudium Et Spes\",\"isPartOf\":{\"@id\":\"https:\/\/gaudiumetspes-blog.pl\/#website\"},\"datePublished\":\"2019-11-10T04:24:47+00:00\",\"author\":{\"@id\":\"https:\/\/gaudiumetspes-blog.pl\/#\/schema\/person\/1661982992b752dea8dff0d4ed845a65\"},\"breadcrumb\":{\"@id\":\"https:\/\/gaudiumetspes-blog.pl\/index.php\/2019\/11\/10\/przez-niego-bedziemy-wskrzeszeni\/#breadcrumb\"},\"inLanguage\":\"pl-PL\",\"potentialAction\":[{\"@type\":\"ReadAction\",\"target\":[\"https:\/\/gaudiumetspes-blog.pl\/index.php\/2019\/11\/10\/przez-niego-bedziemy-wskrzeszeni\/\"]}]},{\"@type\":\"BreadcrumbList\",\"@id\":\"https:\/\/gaudiumetspes-blog.pl\/index.php\/2019\/11\/10\/przez-niego-bedziemy-wskrzeszeni\/#breadcrumb\",\"itemListElement\":[{\"@type\":\"ListItem\",\"position\":1,\"name\":\"Strona g\u0142\u00f3wna\",\"item\":\"https:\/\/gaudiumetspes-blog.pl\/\"},{\"@type\":\"ListItem\",\"position\":2,\"name\":\"Przez&nbsp;Niego b\u0119dziemy wskrzeszeni!\"}]},{\"@type\":\"WebSite\",\"@id\":\"https:\/\/gaudiumetspes-blog.pl\/#website\",\"url\":\"https:\/\/gaudiumetspes-blog.pl\/\",\"name\":\"Gaudium Et Spes\",\"description\":\"Blog Ks. Jacka Ja\u015bkowskiego\",\"potentialAction\":[{\"@type\":\"SearchAction\",\"target\":{\"@type\":\"EntryPoint\",\"urlTemplate\":\"https:\/\/gaudiumetspes-blog.pl\/?s={search_term_string}\"},\"query-input\":{\"@type\":\"PropertyValueSpecification\",\"valueRequired\":true,\"valueName\":\"search_term_string\"}}],\"inLanguage\":\"pl-PL\"},{\"@type\":\"Person\",\"@id\":\"https:\/\/gaudiumetspes-blog.pl\/#\/schema\/person\/1661982992b752dea8dff0d4ed845a65\",\"name\":\"Ks. Jacek\",\"image\":{\"@type\":\"ImageObject\",\"inLanguage\":\"pl-PL\",\"@id\":\"https:\/\/gaudiumetspes-blog.pl\/#\/schema\/person\/image\/\",\"url\":\"https:\/\/gaudiumetspes-blog.pl\/wp-content\/uploads\/2019\/07\/avatar-JJ-150x150.jpg\",\"contentUrl\":\"https:\/\/gaudiumetspes-blog.pl\/wp-content\/uploads\/2019\/07\/avatar-JJ-150x150.jpg\",\"caption\":\"Ks. Jacek\"},\"description\":\"Witam serdecznie! K\u0142ania si\u0119 Ks. Jacek Ja\u015bkowski. Nie jestem ani kim\u015b wa\u017cnym, ani kim\u015b znanym. Jestem ksi\u0119dzem, kt\u00f3ry po prostu chce rozmawia\u0107. Codzienna kap\u0142a\u0144ska pos\u0142uga pokazuje mi, \u017ce temat\u00f3w do rozm\u00f3w z ksi\u0119dzem jest coraz wi\u0119cej i dzisiaj \u017caden ksi\u0105dz nie mo\u017ce od nich ucieka\u0107, ale - wprost przeciwnie - podejmowa\u0107 nowe wyzwania. To przekonanie sk\u0142oni\u0142o mnie do pr\u00f3by otwarcia tego\u017c bloga, chocia\u017c okazji do rozm\u00f3w na co dzie\u0144 - w konfesjonale i poza nim - na szcz\u0119\u015bcie nie brakuje. My\u015bl\u0119 jednak, \u017ce ten blog b\u0119dzie jeszcze jednym sposobem i przestrzeni\u0105 nawi\u0105zania kontaktu z lud\u017ami dobrej woli, otwartymi na dialog.\",\"url\":\"https:\/\/gaudiumetspes-blog.pl\/index.php\/author\/ks-jacek\/\"}]}<\/script>\n<!-- \/ Yoast SEO plugin. -->","yoast_head_json":{"title":"Przez Niego b\u0119dziemy wskrzeszeni! - Gaudium Et Spes","robots":{"index":"index","follow":"follow","max-snippet":"max-snippet:-1","max-image-preview":"max-image-preview:large","max-video-preview":"max-video-preview:-1"},"canonical":"https:\/\/gaudiumetspes-blog.pl\/index.php\/2019\/11\/10\/przez-niego-bedziemy-wskrzeszeni\/","og_locale":"pl_PL","og_type":"article","og_title":"Przez Niego b\u0119dziemy wskrzeszeni! - Gaudium Et Spes","og_description":"Niech b\u0119dzie pochwalony Jezus Chrystus! Moi Drodzy, w dniu dzisiejszym urodziny prze\u017cywa Ksi\u0105dz Wojciech Bazan, dobry Kolega z od czas\u00f3w seminaryjnych, Prefekt Zespo\u0142u Szk\u00f3\u0142 Katolickich, istniej\u0105cych przy mojej rodzinnej Parafii. \u017bycz\u0119 Jubilatowi niegasn\u0105cego zapa\u0142u do pracy z dzie\u0107mi i m\u0142odzie\u017c\u0105, oraz wszelkiego Bo\u017cego b\u0142ogos\u0142awie\u0144stwa! Zapewniam o modlitwie. Moi Drodzy, wczorajszy dzie\u0144 skupienia Kandydat\u00f3w do Bierzmowania [&hellip;]","og_url":"https:\/\/gaudiumetspes-blog.pl\/index.php\/2019\/11\/10\/przez-niego-bedziemy-wskrzeszeni\/","og_site_name":"Gaudium Et Spes","article_published_time":"2019-11-10T04:24:47+00:00","author":"Ks. Jacek","twitter_card":"summary_large_image","twitter_misc":{"Napisane przez":"Ks. Jacek","Szacowany czas czytania":"15 minut"},"schema":{"@context":"https:\/\/schema.org","@graph":[{"@type":"WebPage","@id":"https:\/\/gaudiumetspes-blog.pl\/index.php\/2019\/11\/10\/przez-niego-bedziemy-wskrzeszeni\/","url":"https:\/\/gaudiumetspes-blog.pl\/index.php\/2019\/11\/10\/przez-niego-bedziemy-wskrzeszeni\/","name":"Przez Niego b\u0119dziemy wskrzeszeni! - Gaudium Et Spes","isPartOf":{"@id":"https:\/\/gaudiumetspes-blog.pl\/#website"},"datePublished":"2019-11-10T04:24:47+00:00","author":{"@id":"https:\/\/gaudiumetspes-blog.pl\/#\/schema\/person\/1661982992b752dea8dff0d4ed845a65"},"breadcrumb":{"@id":"https:\/\/gaudiumetspes-blog.pl\/index.php\/2019\/11\/10\/przez-niego-bedziemy-wskrzeszeni\/#breadcrumb"},"inLanguage":"pl-PL","potentialAction":[{"@type":"ReadAction","target":["https:\/\/gaudiumetspes-blog.pl\/index.php\/2019\/11\/10\/przez-niego-bedziemy-wskrzeszeni\/"]}]},{"@type":"BreadcrumbList","@id":"https:\/\/gaudiumetspes-blog.pl\/index.php\/2019\/11\/10\/przez-niego-bedziemy-wskrzeszeni\/#breadcrumb","itemListElement":[{"@type":"ListItem","position":1,"name":"Strona g\u0142\u00f3wna","item":"https:\/\/gaudiumetspes-blog.pl\/"},{"@type":"ListItem","position":2,"name":"Przez&nbsp;Niego b\u0119dziemy wskrzeszeni!"}]},{"@type":"WebSite","@id":"https:\/\/gaudiumetspes-blog.pl\/#website","url":"https:\/\/gaudiumetspes-blog.pl\/","name":"Gaudium Et Spes","description":"Blog Ks. Jacka Ja\u015bkowskiego","potentialAction":[{"@type":"SearchAction","target":{"@type":"EntryPoint","urlTemplate":"https:\/\/gaudiumetspes-blog.pl\/?s={search_term_string}"},"query-input":{"@type":"PropertyValueSpecification","valueRequired":true,"valueName":"search_term_string"}}],"inLanguage":"pl-PL"},{"@type":"Person","@id":"https:\/\/gaudiumetspes-blog.pl\/#\/schema\/person\/1661982992b752dea8dff0d4ed845a65","name":"Ks. Jacek","image":{"@type":"ImageObject","inLanguage":"pl-PL","@id":"https:\/\/gaudiumetspes-blog.pl\/#\/schema\/person\/image\/","url":"https:\/\/gaudiumetspes-blog.pl\/wp-content\/uploads\/2019\/07\/avatar-JJ-150x150.jpg","contentUrl":"https:\/\/gaudiumetspes-blog.pl\/wp-content\/uploads\/2019\/07\/avatar-JJ-150x150.jpg","caption":"Ks. Jacek"},"description":"Witam serdecznie! K\u0142ania si\u0119 Ks. Jacek Ja\u015bkowski. Nie jestem ani kim\u015b wa\u017cnym, ani kim\u015b znanym. Jestem ksi\u0119dzem, kt\u00f3ry po prostu chce rozmawia\u0107. Codzienna kap\u0142a\u0144ska pos\u0142uga pokazuje mi, \u017ce temat\u00f3w do rozm\u00f3w z ksi\u0119dzem jest coraz wi\u0119cej i dzisiaj \u017caden ksi\u0105dz nie mo\u017ce od nich ucieka\u0107, ale - wprost przeciwnie - podejmowa\u0107 nowe wyzwania. To przekonanie sk\u0142oni\u0142o mnie do pr\u00f3by otwarcia tego\u017c bloga, chocia\u017c okazji do rozm\u00f3w na co dzie\u0144 - w konfesjonale i poza nim - na szcz\u0119\u015bcie nie brakuje. My\u015bl\u0119 jednak, \u017ce ten blog b\u0119dzie jeszcze jednym sposobem i przestrzeni\u0105 nawi\u0105zania kontaktu z lud\u017ami dobrej woli, otwartymi na dialog.","url":"https:\/\/gaudiumetspes-blog.pl\/index.php\/author\/ks-jacek\/"}]}},"jetpack_featured_media_url":"","jetpack_sharing_enabled":true,"_links":{"self":[{"href":"https:\/\/gaudiumetspes-blog.pl\/index.php\/wp-json\/wp\/v2\/posts\/16082","targetHints":{"allow":["GET"]}}],"collection":[{"href":"https:\/\/gaudiumetspes-blog.pl\/index.php\/wp-json\/wp\/v2\/posts"}],"about":[{"href":"https:\/\/gaudiumetspes-blog.pl\/index.php\/wp-json\/wp\/v2\/types\/post"}],"author":[{"embeddable":true,"href":"https:\/\/gaudiumetspes-blog.pl\/index.php\/wp-json\/wp\/v2\/users\/1"}],"replies":[{"embeddable":true,"href":"https:\/\/gaudiumetspes-blog.pl\/index.php\/wp-json\/wp\/v2\/comments?post=16082"}],"version-history":[{"count":1,"href":"https:\/\/gaudiumetspes-blog.pl\/index.php\/wp-json\/wp\/v2\/posts\/16082\/revisions"}],"predecessor-version":[{"id":16083,"href":"https:\/\/gaudiumetspes-blog.pl\/index.php\/wp-json\/wp\/v2\/posts\/16082\/revisions\/16083"}],"wp:attachment":[{"href":"https:\/\/gaudiumetspes-blog.pl\/index.php\/wp-json\/wp\/v2\/media?parent=16082"}],"wp:term":[{"taxonomy":"category","embeddable":true,"href":"https:\/\/gaudiumetspes-blog.pl\/index.php\/wp-json\/wp\/v2\/categories?post=16082"},{"taxonomy":"post_tag","embeddable":true,"href":"https:\/\/gaudiumetspes-blog.pl\/index.php\/wp-json\/wp\/v2\/tags?post=16082"}],"curies":[{"name":"wp","href":"https:\/\/api.w.org\/{rel}","templated":true}]}}