{"id":16098,"date":"2019-11-13T07:11:27","date_gmt":"2019-11-13T06:11:27","guid":{"rendered":"https:\/\/gaudiumetspes-blog.pl\/?p=16098"},"modified":"2019-11-13T10:39:08","modified_gmt":"2019-11-13T09:39:08","slug":"wstan-idz","status":"publish","type":"post","link":"https:\/\/gaudiumetspes-blog.pl\/index.php\/2019\/11\/13\/wstan-idz\/","title":{"rendered":"Wsta\u0144, id\u017a!"},"content":{"rendered":"<p align=\"justify\"><span style=\"color: #000000;\"><span style=\"font-family: Book Antiqua, serif;\"><span style=\"font-size: large;\">Szcz\u0119\u015b\u0107 Bo\u017ce! Moi Drodzy, w dniu dzisiejszym prze\u017cywamy urodziny! Ca\u0142a nasza blogowa Rodzina! Tak, to ju\u017c dziewi\u0119\u0107 lat! Mo\u017cna powiedzie\u0107, \u017ce odprawili\u015bmy wsp\u00f3lnie wielk\u0105 blogow\u0105 nowenn\u0119. <\/span><\/span><\/span><\/p>\n<p align=\"justify\"><span style=\"color: #000000;\"><span style=\"font-family: Book Antiqua, serif;\"><span style=\"font-size: large;\">Dlatego zgodnie z tym, o czym napisa\u0142em w rozwa\u017caniu, sk\u0142adam dzi\u0119kczynienie przede wszystkim Bogu za ca\u0142e dobro, jakie si\u0119 w nas wszystkich dokona\u0142o przez to dzie\u0142o. Dzi\u0119kuj\u0119 tak\u017ce za opiek\u0119 Matce Naj\u015bwi\u0119tszej i naszym \u015awi\u0119tym Patronom. Szczeg\u00f3lnie tym dzisiejszym, pod okiem kt\u00f3rych ono powsta\u0142o.<\/span><\/span><\/span><\/p>\n<p align=\"justify\"><span style=\"color: #000000;\"><span style=\"font-family: Book Antiqua, serif;\"><span style=\"font-size: large;\">Dzi\u0119kuj\u0119 za Osoby, dzie\u0142o to wsp\u00f3\u0142tworz\u0105ce, ale i im samym: Wsp\u00f3\u0142autorowi \u2013 Ksi\u0119dzu Markowi; Moderatorowi \u2013 Krzysztofowi Fabisiakowi; Wszystkim kolejnym Wsp\u00f3\u0142autorom, kt\u00f3rzy na pewnym etapie pisali rozwa\u017cania; wszystkim Komentatorom, szczeg\u00f3lnie tym sta\u0142ym; wszystkim Czytelnikom; a wreszcie \u2013 tym Wszystkim, kt\u00f3rzy tworz\u0105 blogow\u0105 Rodzin\u0119 i blogow\u0105 Wsp\u00f3lnot\u0119 modlitwy. Wszystkim z ca\u0142ego serca dzi\u0119kuj\u0119! <\/span><\/span><\/span><\/p>\n<p align=\"justify\"><span style=\"color: #000000;\"><span style=\"font-family: Book Antiqua, serif;\"><span style=\"font-size: large;\">I obiecuj\u0119, w najbli\u017cszych dniach, Msz\u0119 \u015awi\u0119t\u0105 w Waszej intencji i w Waszych intencjach. Niech B\u00f3g b\u0119dzie uwielbiony! <\/span><\/span><\/span><\/p>\n<p align=\"justify\"><span style=\"color: #000000;\"><span style=\"font-family: Book Antiqua, serif;\"><span style=\"font-size: large;\">A jutro, w kolejny, jubileuszowy rok naszego Bloga, wprowadzi nas s\u0142\u00f3wko z Syberii!<\/span><\/span><\/span><\/p>\n<p align=\"center\"><span style=\"color: #000000;\"><span style=\"font-family: Book Antiqua, serif;\"><span style=\"font-size: large;\">Gaudium et spes! Ks. Jacek<\/span><\/span><\/span><\/p>\n<p align=\"center\">\n<p align=\"center\">\n<p align=\"center\">\n<p align=\"center\">\n<p align=\"center\">\n<p align=\"justify\"><span style=\"color: #000000;\"><span style=\"font-family: Book Antiqua, serif;\"><span style=\"font-size: large;\"><b>\u015aroda 32 Tygodnia zwyk\u0142ego, rok I,<\/b><\/span><\/span><\/span><\/p>\n<p align=\"justify\"><span style=\"color: #000000;\"><span style=\"font-family: Book Antiqua, serif;\"><span style=\"font-size: large;\"><b>Wspomnienie \u015aw. Benedykta, Jana, Mateusza, Izaaka i Krystyna,<\/b><\/span><\/span><\/span><\/p>\n<p align=\"justify\"><span style=\"color: #000000;\"><span style=\"font-family: Book Antiqua, serif;\"><span style=\"font-size: large;\"><b>Pierwszych M\u0119czennik\u00f3w Polski,<\/b><\/span><\/span><\/span><\/p>\n<p align=\"justify\"><span style=\"color: #000000;\"><span style=\"font-family: Book Antiqua, serif;\"><span style=\"font-size: large;\"><b>do czyta\u0144: Mdr 6,1\u201311; \u0141k 17,11\u201319<\/b><\/span><\/span><\/span><\/p>\n<p align=\"justify\">\n<p align=\"justify\">\n<p align=\"justify\">\n<p align=\"justify\">\n<p align=\"justify\">\n<p align=\"justify\"><span style=\"color: #000000;\"><span style=\"font-family: Book Antiqua, serif;\"><span style=\"font-size: large;\"><b>CZYTANIE Z KSI\u0118GI M\u0104DRO\u015aCI:<\/b><\/span><\/span><\/span><\/p>\n<p align=\"justify\"><span style=\"color: #000000;\"><span style=\"font-family: Book Antiqua, serif;\"><span style=\"font-size: large;\"><b>S\u0142uchajcie, kr\u00f3lowie, i zrozumiejcie, <\/b><\/span><\/span><\/span><\/p>\n<p align=\"justify\"><span style=\"color: #000000;\"><span style=\"font-family: Book Antiqua, serif;\"><span style=\"font-size: large;\"><b>nauczcie si\u0119, s\u0119dziowie ziemskich rubie\u017cy. <\/b><\/span><\/span><\/span><\/p>\n<p align=\"justify\"><span style=\"color: #000000;\"><span style=\"font-family: Book Antiqua, serif;\"><span style=\"font-size: large;\"><b>Nak\u0142o\u0144cie ucha, wy, co nad wieloma panujecie <\/b><\/span><\/span><\/span><\/p>\n<p align=\"justify\"><span style=\"color: #000000;\"><span style=\"font-family: Book Antiqua, serif;\"><span style=\"font-size: large;\"><b>i chlubicie si\u0119 mnogo\u015bci\u0105 narod\u00f3w, <\/b><\/span><\/span><\/span><\/p>\n<p align=\"justify\"><span style=\"color: #000000;\"><span style=\"font-family: Book Antiqua, serif;\"><span style=\"font-size: large;\"><b>bo od Pana otrzymali\u015bcie w\u0142adz\u0119, <\/b><\/span><\/span><\/span><\/p>\n<p align=\"justify\"><span style=\"color: #000000;\"><span style=\"font-family: Book Antiqua, serif;\"><span style=\"font-size: large;\"><b>od Najwy\u017cszego panowanie: <\/b><\/span><\/span><\/span><\/p>\n<p align=\"justify\"><span style=\"color: #000000;\"><span style=\"font-family: Book Antiqua, serif;\"><span style=\"font-size: large;\"><b>On zbada uczynki wasze i zamys\u0142y wasze rozs\u0105dzi.<\/b><\/span><\/span><\/span><\/p>\n<p align=\"justify\"><span style=\"color: #000000;\"><span style=\"font-family: Book Antiqua, serif;\"><span style=\"font-size: large;\"><b>B\u0119d\u0105c bowiem s\u0142ugami Jego kr\u00f3lestwa, nie s\u0105dzili\u015bcie uczciwie <\/b><\/span><\/span><\/span><\/p>\n<p align=\"justify\"><span style=\"color: #000000;\"><span style=\"font-family: Book Antiqua, serif;\"><span style=\"font-size: large;\"><b>ani\u015bcie prawa nie przestrzegali, <\/b><\/span><\/span><\/span><\/p>\n<p align=\"justify\"><span style=\"color: #000000;\"><span style=\"font-family: Book Antiqua, serif;\"><span style=\"font-size: large;\"><b>ani poszli za wol\u0105 Boga, <\/b><\/span><\/span><\/span><\/p>\n<p align=\"justify\"><span style=\"color: #000000;\"><span style=\"font-family: Book Antiqua, serif;\"><span style=\"font-size: large;\"><b>przeto gro\u017anie i rych\u0142o natrze On na was, <\/b><\/span><\/span><\/span><\/p>\n<p align=\"justify\"><span style=\"color: #000000;\"><span style=\"font-family: Book Antiqua, serif;\"><span style=\"font-size: large;\"><b>b\u0119dzie bowiem s\u0105d surowy nad panuj\u0105cymi. <\/b><\/span><\/span><\/span><\/p>\n<p align=\"justify\"><span style=\"color: #000000;\"><span style=\"font-family: Book Antiqua, serif;\"><span style=\"font-size: large;\"><b>Najmniejszy znajdzie lito\u015bciwe przebaczenie, <\/b><\/span><\/span><\/span><\/p>\n<p align=\"justify\"><span style=\"color: #000000;\"><span style=\"font-family: Book Antiqua, serif;\"><span style=\"font-size: large;\"><b>ale mocnych czeka mocna kara.<\/b><\/span><\/span><\/span><\/p>\n<p align=\"justify\"><span style=\"color: #000000;\"><span style=\"font-family: Book Antiqua, serif;\"><span style=\"font-size: large;\"><b>W\u0142adca wszechrzeczy nie ul\u0119knie si\u0119 osoby <\/b><\/span><\/span><\/span><\/p>\n<p align=\"justify\"><span style=\"color: #000000;\"><span style=\"font-family: Book Antiqua, serif;\"><span style=\"font-size: large;\"><b>ani nie b\u0119dzie zwa\u017ca\u0142 na wielko\u015b\u0107. <\/b><\/span><\/span><\/span><\/p>\n<p align=\"justify\"><span style=\"color: #000000;\"><span style=\"font-family: Book Antiqua, serif;\"><span style=\"font-size: large;\"><b>On bowiem stworzy\u0142 ma\u0142ego i wielkiego <\/b><\/span><\/span><\/span><\/p>\n<p align=\"justify\"><span style=\"color: #000000;\"><span style=\"font-family: Book Antiqua, serif;\"><span style=\"font-size: large;\"><b>i jednakowo o wszystkich si\u0119 troszczy, <\/b><\/span><\/span><\/span><\/p>\n<p align=\"justify\"><span style=\"color: #000000;\"><span style=\"font-family: Book Antiqua, serif;\"><span style=\"font-size: large;\"><b>ale mo\u017cnym grozi surowe badanie. <\/b><\/span><\/span><\/span><\/p>\n<p align=\"justify\"><span style=\"color: #000000;\"><span style=\"font-family: Book Antiqua, serif;\"><span style=\"font-size: large;\"><b>Do was wi\u0119c zwracam si\u0119, w\u0142adcy, <\/b><\/span><\/span><\/span><\/p>\n<p align=\"justify\"><span style=\"color: #000000;\"><span style=\"font-family: Book Antiqua, serif;\"><span style=\"font-size: large;\"><b>by\u015bcie si\u0119 nauczyli m\u0105dro\u015bci i nie upadli.<\/b><\/span><\/span><\/span><\/p>\n<p align=\"justify\"><span style=\"color: #000000;\"><span style=\"font-family: Book Antiqua, serif;\"><span style=\"font-size: large;\"><b>Bo ci, co \u015bwi\u0119to\u015bci \u015bwi\u0119cie przestrzegaj\u0105, <\/b><\/span><\/span><\/span><\/p>\n<p align=\"justify\"><span style=\"color: #000000;\"><span style=\"font-family: Book Antiqua, serif;\"><span style=\"font-size: large;\"><b>dost\u0105pi\u0105 u\u015bwi\u0119cenia, <\/b><\/span><\/span><\/span><\/p>\n<p align=\"justify\"><span style=\"color: #000000;\"><span style=\"font-family: Book Antiqua, serif;\"><span style=\"font-size: large;\"><b>a kt\u00f3rzy si\u0119 tego nauczyli, <\/b><\/span><\/span><\/span><\/p>\n<p align=\"justify\"><span style=\"color: #000000;\"><span style=\"font-family: Book Antiqua, serif;\"><span style=\"font-size: large;\"><b>ci znajd\u0105 s\u0142owa obrony. <\/b><\/span><\/span><\/span><\/p>\n<p align=\"justify\"><span style=\"color: #000000;\"><span style=\"font-family: Book Antiqua, serif;\"><span style=\"font-size: large;\"><b>Po\u017c\u0105dajcie wi\u0119c s\u0142\u00f3w moich, <\/b><\/span><\/span><\/span><\/p>\n<p align=\"justify\"><span style=\"color: #000000;\"><span style=\"font-family: Book Antiqua, serif;\"><span style=\"font-size: large;\"><b>pragnijcie, a znajdziecie nauk\u0119.<\/b><\/span><\/span><\/span><\/p>\n<p align=\"justify\">\n<p align=\"justify\">\n<p align=\"justify\">\n<p align=\"justify\">\n<p align=\"justify\">\n<p align=\"justify\"><span style=\"color: #000000;\"><span style=\"font-family: Book Antiqua, serif;\"><span style=\"font-size: large;\"><b>S\u0141OWA EWANGELII WED\u0141UG \u015aWI\u0118TEGO \u0141UKASZA:<\/b><\/span><\/span><\/span><\/p>\n<p align=\"justify\"><span style=\"color: #000000;\"><span style=\"font-family: Book Antiqua, serif;\"><span style=\"font-size: large;\"><b>Zmierzaj\u0105c do Jerozolimy Jezus przechodzi\u0142 przez pogranicze Samarii i Galilei. <\/b><\/span><\/span><\/span><\/p>\n<p align=\"justify\"><span style=\"color: #000000;\"><span style=\"font-family: Book Antiqua, serif;\"><span style=\"font-size: large;\"><b>Gdy wchodzi\u0142 do pewnej wsi, wysz\u0142o naprzeciw Niego dziesi\u0119ciu tr\u0119dowatych. Zatrzymali si\u0119 z daleka i g\u0142o\u015bno zawo\u0142ali: \u201eJezusie, Mistrzu, ulituj si\u0119 nad nami\u201d.<\/b><\/span><\/span><\/span><\/p>\n<p align=\"justify\"><span style=\"color: #000000;\"><span style=\"font-family: Book Antiqua, serif;\"><span style=\"font-size: large;\"><b>Na ich widok rzek\u0142 do nich: \u201eId\u017acie, poka\u017ccie si\u0119 kap\u0142anom\u201d. A gdy szli, zostali oczyszczeni. <\/b><\/span><\/span><\/span><\/p>\n<p align=\"justify\"><span style=\"color: #000000;\"><span style=\"font-family: Book Antiqua, serif;\"><span style=\"font-size: large;\"><b>Wtedy jeden z nich widz\u0105c, \u017ce jest uzdrowiony, wr\u00f3ci\u0142 chwal\u0105c Boga dono\u015bnym g\u0142osem, upad\u0142 na twarz do n\u00f3g Jego i dzi\u0119kowa\u0142 Mu. A by\u0142 to Samarytanin.<\/b><\/span><\/span><\/span><\/p>\n<p align=\"justify\"><span style=\"color: #000000;\"><span style=\"font-family: Book Antiqua, serif;\"><span style=\"font-size: large;\"><b>Jezus za\u015b rzek\u0142: \u201eCzy nie dziesi\u0119ciu zosta\u0142o oczyszczonych? Gdzie jest dziewi\u0119ciu? \u017baden si\u0119 nie znalaz\u0142, kt\u00f3ry by wr\u00f3ci\u0142 i odda\u0142 chwa\u0142\u0119 Bogu, tylko ten cudzoziemiec\u201d. <\/b><\/span><\/span><\/span><\/p>\n<p align=\"justify\"><span style=\"color: #000000;\"><span style=\"font-family: Book Antiqua, serif;\"><span style=\"font-size: large;\"><b>Do niego za\u015b rzek\u0142: \u201eWsta\u0144, id\u017a, twoja wiara ci\u0119 uzdrowi\u0142a\u201d.<\/b><\/span><\/span><\/span><\/p>\n<p align=\"justify\">\n<p align=\"justify\">\n<p align=\"justify\">\n<p align=\"justify\">\n<p align=\"justify\">\n<p align=\"justify\"><span style=\"color: #000000;\"><span style=\"font-family: Book Antiqua, serif;\"><span style=\"font-size: large;\">By\u0107 mo\u017ce, przyjdzie nam taka my\u015bl, \u017ceby <b>nie przejmowa\u0107 si\u0119 zbytnio<\/b> tre\u015bci\u0105 pierwszego czytania, gdy\u017c uznamy, \u017ce odnosi si\u0119 ono wy\u0142\u0105cznie <b>do ludzi sprawuj\u0105cych jak\u0105\u015b w\u0142adz\u0119.<\/b> A skoro tak, to wszystko nie do nas! Chyba, \u017ce to my w\u0142a\u015bnie nale\u017cymy do tych, kt\u00f3rzy jak\u0105\u015b w\u0142adz\u0119 sprawuj\u0105 \u2013 a, to co innego. To <b>wtedy do nas<\/b> m\u00f3wi Autor Ksi\u0119gi M\u0105dro\u015bci. Je\u017celi jednak w\u0142adzy owej nie posiadamy, w\u00f3wczas pierwsze czytanie mo\u017cemy sobie \u201eodpu\u015bci\u0107\u201d, a przej\u015b\u0107 do Ewangelii, bo w ko\u0144cu <b>jak\u0105\u015b my\u015bl<\/b> <b>warto<\/b> <b>jednak <\/b><b>dla siebie z Bo\u017cego S\u0142owa wzi\u0105\u0107\u2026 <\/b><\/span><\/span><\/span><\/p>\n<p align=\"justify\"><span style=\"color: #000000;\"><span style=\"font-family: Book Antiqua, serif;\"><span style=\"font-size: large;\">Czy jednak rzeczywi\u015bcie, tak powinni\u015bmy my\u015ble\u0107? Czy\u017c nie pami\u0119tamy, \u017ce S\u0142owo Bo\u017ce \u2013 bez wzgl\u0119du na to, o czym by szczeg\u00f3\u0142owo nie m\u00f3wi\u0142o \u2013 jest <b>S\u0142owem skierowanym do nas wszystkich, <\/b>jest darem Bo\u017cym, ofiarowanym nam wszystkim?\u2026 Dlatego mo\u017ce jednak nale\u017ca\u0142oby <b>przynajmniej<\/b> <b>spr\u00f3bowa\u0107 <\/b>znale\u017a\u0107<b> <\/b>co\u015b dla siebie w tym dzisiejszym Bo\u017cym S\u0142owie?\u2026<\/span><\/span><\/span><\/p>\n<p align=\"justify\"><span style=\"color: #000000;\"><span style=\"font-family: Book Antiqua, serif;\"><span style=\"font-size: large;\">A w\u00f3wczas dostrze\u017cemy, \u017ce nawet je\u015bli rzeczywi\u015bcie odniesiemy je do os\u00f3b sprawuj\u0105cych jak\u0105\u015b realn\u0105 w\u0142adz\u0119, to jednak dla nas b\u0119dzie ono przypomnieniem \u2013 i, w pewnym sensie, pocieszeniem \u2013 \u017ce to <b>w r\u0119ku Pana jest najwy\u017csza i jedyna w\u0142adza,<\/b> przeto ci, kt\u00f3rzy j\u0105 sprawuj\u0105 na ziemi, musz\u0105 si\u0119 liczy\u0107 z Bogiem i Jego w\u0142adz\u0105, gdy\u017c <b>nigdy nie maj\u0105 w\u0142adzy absolutnej!<\/b> <\/span><\/span><\/span><\/p>\n<p align=\"justify\"><span style=\"color: #000000;\"><span style=\"font-family: Book Antiqua, serif;\"><span style=\"font-size: large;\">Chocia\u017c zapewne niekt\u00f3rym wydaje si\u0119, \u017ce maj\u0105. I to do takich skierowane zosta\u0142y s\u0142owa: <i><b>On zbada uczynki wasze i zamys\u0142y wasze rozs\u0105dzi. <\/b><\/i><i><b>B\u0119d\u0105c bowiem s\u0142ugami Jego kr\u00f3lestwa, nie s\u0105dzili\u015bcie<\/b><\/i><b> <\/b><i><b>uczciwie ani\u015bcie prawa nie przestrzegali, ani poszli za wol\u0105 Boga, przeto gro\u017anie i rych\u0142o natrze On na was, <\/b><\/i><i><b>b\u0119dzie bowiem s\u0105d surowy nad panuj\u0105cymi. <\/b><\/i>Jak si\u0119 wydaje \u2013 wszystko jasne!<\/span><\/span><\/span><\/p>\n<p align=\"justify\"><span style=\"color: #000000;\"><span style=\"font-family: Book Antiqua, serif;\"><span style=\"font-size: large;\">Ale te\u017c to dzisiejsze S\u0142owo winien jednak <b>odnie\u015b\u0107 do siebie ka\u017cdy z nas.<\/b> Dlaczego? Dlatego, \u017ce ka\u017cdy z nas jest obarczony <b>jak\u0105\u015b odpowiedzialno\u015bci\u0105 za drugiego cz\u0142owieka,<\/b> cho\u0107by nawet w rodzinie, gdzie rodzice s\u0105 odpowiedzialni za dzieci i starsze rodze\u0144stwo za m\u0142odsze. A przecie\u017c takich zale\u017cno\u015bci <b>mo\u017cna znale\u017a\u0107 du\u017co wi\u0119cej<\/b> \u2013 w\u0142a\u015bciwie na wszystkich odcinkach naszego \u017cycia. Przychodzi nam w jaki\u015b spos\u00f3b odpowiada\u0107 za drugiego cz\u0142owieka, a co si\u0119 z tym wi\u0105\u017ce \u2013<b> sprawowa\u0107 nad nim okre\u015blon\u0105 w\u0142adz\u0119. <\/b><\/span><\/span><\/span><\/p>\n<p align=\"justify\"><span style=\"color: #000000;\"><span style=\"font-family: Book Antiqua, serif;\"><span style=\"font-size: large;\">I tutaj wskazania, zawarte w pierwszym czytaniu maj\u0105 ogromne znaczenie i s\u0105 czytelnym drogowskazem. A cho\u0107by te: <i><b>Do was wi\u0119c zwracam si\u0119, w\u0142adcy, <\/b><\/i><i><b>by\u015bcie si\u0119 nauczyli m\u0105dro\u015bci i nie upadli. Bo ci, co \u015bwi\u0119to\u015bci \u015bwi\u0119cie przestrzegaj\u0105, dost\u0105pi\u0105 u\u015bwi\u0119cenia, a kt\u00f3rzy si\u0119 tego nauczyli, ci znajd\u0105 s\u0142owa obrony. Po\u017c\u0105dajcie wi\u0119c s\u0142\u00f3w moich, <\/b><\/i><i><b>pragnijcie, a znajdziecie nauk\u0119.<\/b><\/i> <\/span><\/span><\/span><\/p>\n<p align=\"justify\"><span style=\"color: #000000;\"><span style=\"font-family: Book Antiqua, serif;\"><span style=\"font-size: large;\">Ca\u0142a rzecz w tym, moi Drodzy, aby <b>dostrzega\u0107 obecno\u015b\u0107 Boga<\/b> i Jego sprawcz\u0105 moc w tych naszych mi\u0119dzyludzkich relacjach. To On ka\u017cdemu z nas <b>powierza odpowiedzialno\u015b\u0107 <\/b>za tych, czy innych, konkretnych ludzi. Dlatego w \u0142\u0105czno\u015bci z Nim, w Jego imi\u0119 i w spos\u00f3b przez Niego wskazany, winni\u015bmy t\u0119 odpowiedzialno\u015b\u0107 realizowa\u0107. Nigdy natomiast nie wolno nam <b>skupi\u0107 ca\u0142ej uwagi jedynie na sobie<\/b> i na owej w\u0142adzy, kt\u00f3r\u0105 nad innymi mamy.<\/span><\/span><\/span><\/p>\n<p align=\"justify\"><span style=\"color: #000000;\"><span style=\"font-family: Book Antiqua, serif;\"><span style=\"font-size: large;\">Niestety, dziewi\u0119ciu uzdrowionych bardzo szybko <b>zapomnia\u0142o, przez kogo zostali uzdrowieni.<\/b> Tylko jeden \u2013 i to w dodatku Samarytanin, a wi\u0119c, w rozumieniu cz\u0142onk\u00f3w narodu wybranego, kto\u015b gorszy \u2013 wr\u00f3ci\u0142, aby odda\u0107 chwa\u0142\u0119 Bogu, podzi\u0119kowa\u0107 Jezusowi. Dlatego tylko On us\u0142ysza\u0142 od Jezusa s\u0142owa: <i><b>Wsta\u0144, id\u017a, twoja wiara ci\u0119 uzdrowi\u0142a.<\/b><\/i><b> <\/b><\/span><\/span><\/span><\/p>\n<p align=\"justify\"><span style=\"color: #000000;\"><span style=\"font-family: Book Antiqua, serif;\"><span style=\"font-size: large;\">Nie wiemy, co one dok\u0142adnie oznaczaj\u0105, wszak uzdrowionych zosta\u0142o dziesi\u0119ciu. Mamy prawo przypuszcza\u0107, \u017ce ten\u017ce Samarytanin <b>otrzyma\u0142 co\u015b wi\u0119cej.<\/b> By\u0107 mo\u017ce, jego uzdrowienie Pan zechcia\u0142 pomno\u017cy\u0107 o okre\u015blone duchowe dary. Z pewno\u015bci\u0105 tak\u017ce, wezwa\u0142 go do aktywnego dobrego dzia\u0142ania \u2013 s\u0142owami: <i><b>Wsta\u0144, id\u017a! <\/b><\/i> powierzy\u0142 mu jakie\u015b nowe, odpowiedzialne zadania!<\/span><\/span><\/span><\/p>\n<p align=\"justify\"><span style=\"color: #000000;\"><span style=\"font-family: Book Antiqua, serif;\"><span style=\"font-size: large;\">A dlaczego tak si\u0119 sta\u0142o? Bo ten cz\u0142owiek umia\u0142 dostrzec w zaistnia\u0142ym wydarzeniu<b> <\/b><b>dzia\u0142anie samego <\/b><b>Bo<\/b><b>ga.<\/b> I umia\u0142 za nie podzi\u0119kowa\u0107 \u2013 pami\u0119ta\u0142 o tym. <\/span><\/span><\/span><\/p>\n<p align=\"justify\"><span style=\"color: #000000;\"><span style=\"font-family: Book Antiqua, serif;\"><span style=\"font-size: large;\">Jak\u017ce wa\u017cnym jest, moi Drodzy, aby\u015bmy zawsze <b>pami\u0119tali o obecno\u015bci Jezusa<\/b> i Jego dzia\u0142aniu we wszystkich okoliczno\u015bciach naszej codzienno\u015bci i w sprawach, kt\u00f3re codziennie podejmujemy, tak\u017ce \u2013 w budowaniu naszych relacji z innymi.<\/span><\/span><\/span><\/p>\n<p align=\"justify\"><span style=\"color: #000000;\"><span style=\"font-family: Book Antiqua, serif;\"><span style=\"font-size: large;\">Z ca\u0142\u0105 pewno\u015bci\u0105, pami\u0119tali o tym i dlatego w imi\u0119 Bo\u017ce podejmowali wszelkie swoje dzia\u0142ania Patronowie dnia dzisiejszego, pierwsi M\u0119czennicy Polski: <b>Benedykt, Jan, Mateusz, Izaak i Krystyn. <\/b>Co o nich wiemy?<\/span><\/span><\/span><\/p>\n<p align=\"justify\"><span style=\"color: #000000;\"><span style=\"font-family: Book Antiqua, serif;\"><span style=\"font-size: large;\">Ich obecno\u015b\u0107 i dzia\u0142alno\u015b\u0107 na ziemiach polskich by\u0142a wynikiem <b>propozycji, z jak\u0105 do Boles\u0142awa Chrobrego zwr\u00f3ci\u0142 si\u0119 w roku 1001 cesarz niemiecki, Otto III. <\/b>Cesarz ten mianowicie zaproponowa\u0142 <b>za\u0142o\u017cenie na naszych ziemiach wsp\u00f3lnoty zakonnik\u00f3w, kt\u00f3rzy g\u0142osiliby S\u0142owianom Bo\u017ce <\/b><b>s<\/b><b>\u0142owo.<\/b> Za t\u0105 propozycj\u0105 posz\u0142y szybko konkretne dzia\u0142ania, kt\u00f3rych podj\u0105\u0142 si\u0119 z polecenia cesarza jego krewny \u2013 <b>Biskup Bruno z Kwerfurtu, p\u00f3\u017aniejszy \u015awi\u0119ty i M\u0119czennik, <\/b>a jednocze\u015bnie wierny towarzysz \u015awi\u0119tego Wojciecha i cz\u0142owiek znaj\u0105cy do\u015b\u0107 dobrze ziemie S\u0142owian. <\/span><\/span><\/span><\/p>\n<p align=\"justify\"><span style=\"color: #000000;\"><span style=\"font-family: Book Antiqua, serif;\"><span style=\"font-size: large;\">I to w\u0142a\u015bnie Biskup Bruno wybra\u0142 do tej misji Benedykta \u2013 W\u0142ocha urodzonego w 970 roku; a tak\u017ce starszego o trzydzie\u015bci lat Jana \u2013 r\u00f3wnie\u017c W\u0142ocha, cz\u0142owieka stanowczego, skutecznego w dzia\u0142aniu i odznaczaj\u0105cego si\u0119 wysok\u0105 kultur\u0105. Kiedy przybyli oni do Polski wraz z <\/span><span style=\"font-size: large;\"><b>Barnab\u0105,<\/b><\/span><span style=\"font-size: large;\"> trzecim swoim wsp\u00f3\u0142bratem, <\/span><span style=\"font-size: large;\"><b>za\u0142o\u017cyli w 1002 roku pustelni\u0119 w okolicach Mi\u0119dzyrzecza.<\/b><\/span><span style=\"font-size: large;\"> Wtedy do\u0142\u0105czyli do nich Polacy: \u017carliwi religijnie nowicjusze<\/span><span style=\"font-size: large;\"><b> Mateusz <\/b><\/span><span style=\"font-size: large;\">i<\/span><span style=\"font-size: large;\"><b> Izaak,<\/b><\/span><b> <\/b><span style=\"font-size: large;\">rodzeni bracia, pochodz\u0105cy z mo\u017cnego, a mo\u017ce nawet ksi\u0105\u017c\u0119cego rodu; a tak\u017ce <\/span><span style=\"font-size: large;\"><b>Krystyn<\/b><\/span><b> <\/b><span style=\"font-size: large;\">\u2013 klasztorny s\u0142uga, pochodz\u0105cy prawdopodobnie z pobliskiej wsi. <\/span><\/span><\/span><\/p>\n<p align=\"justify\"><span style=\"color: #000000;\"><span style=\"font-family: Book Antiqua, serif;\"><span style=\"font-size: large;\">Wszyscy oni zobowi\u0105zali si\u0119 do <b>pustelniczego trybu \u017cycia,<\/b> a przede wszystkim <b>do prowadzenia pracy misyjnej.<\/b> Benedykt i Jan nauczyli si\u0119 nawet j\u0119zyka polskiego. Ca\u0142y czas jednak <b>czekali na biskupa Brunona z Kwerfurtu. <\/b>Mia\u0142 on wraz z nimi przyby\u0107 do Polski, ale wyruszy\u0142 do Rzymu po papieskie zezwolenie na prowadzenie misji. Benedykt <b>wys\u0142a\u0142 po niego najm\u0142odszego ze swego grona, Barnab\u0119, <\/b>kt\u00f3ry d\u0142ugo nie wraca\u0142 do klasztoru, czym wzbudzi\u0142 niepok\u00f3j pozosta\u0142ych mnich\u00f3w. Okaza\u0142o si\u0119 jednak, \u017ce dzi\u0119ki temu on jeden z ca\u0142ej sz\u00f3stki ocala\u0142. <\/span><\/span><\/span><\/p>\n<p align=\"justify\"><span style=\"color: #000000;\"><span style=\"font-family: Book Antiqua, serif;\"><span style=\"font-size: large;\">Oto bowiem <b>w nocy z 10 na 11 listopada 1003 roku Bracia zostali napadni\u0119ci przez zb\u00f3jc\u00f3w i wymordowani.<\/b> Pierwsze ciosy mieczem otrzyma\u0142 Jan, po nim zgin\u0105\u0142 Benedykt. Izaaka zamordowano w celi obok. Mateusz zgin\u0105\u0142 przeszyty oszczepami, gdy wybieg\u0142 z celi w stron\u0119 ko\u015bcio\u0142a. Mieszkaj\u0105cy oddzielnie Krystyn pr\u00f3bowa\u0142 jeszcze broni\u0107 klasztoru, ale i on podzieli\u0142 los towarzyszy. Prawdopodobnie napad <b>spowodowany by\u0142 motywami rabunkowymi,<\/b> poniewa\u017c zakonnicy otrzymali od Chrobrego \u015brodki w srebrze na prowadzenie misji. <\/span><\/span><\/span><\/p>\n<p align=\"justify\"><span style=\"color: #000000;\"><span style=\"font-family: Book Antiqua, serif;\"><span style=\"font-size: large;\"><b>Benedykt, Jan, Mateusz, Izaak i Krystyn s\u0105 pierwszymi M\u0119czennikami <\/b><b>P<\/b><b>olski, wyniesionymi na o\u0142tarze.<\/b> W poczet \u015awi\u0119tych wpisa\u0142 ich Papie\u017c Jan XVIII.<\/span><\/span><\/span><\/p>\n<p align=\"justify\"><span style=\"color: #000000;\"><span style=\"font-family: Book Antiqua, serif;\"><span style=\"font-size: large;\">Wpatruj\u0105c si\u0119 w \u015bwietlany przyk\u0142ad ich \u015bwi\u0119to\u015bci i przyzywaj\u0105c ich wstawiennictwa, a jednocze\u015bnie ws\u0142uchuj\u0105c si\u0119 uwa\u017cnie w Bo\u017ce s\u0142owo, przeznaczone na dzisiejszy dzie\u0144 w liturgii Ko\u015bcio\u0142a, zastan\u00f3wmy si\u0119 raz jeszcze, czy <b>zawsze pami\u0119tamy o obecno\u015bci Jezusa w naszej codzienno\u015bci <\/b>\u2013 i czy pozwalamy Mu dzia\u0142a\u0107 w nas i przez nas? <\/span><\/span><\/span><\/p>\n<p align=\"justify\"><span style=\"color: #000000;\"><span style=\"font-family: Book Antiqua, serif;\"><span style=\"font-size: large;\">Czy tak\u017ce odpowiedzialno\u015b\u0107, jak\u0105 sprawujemy nad kimkolwiek \u2013 powiedzmy wprost: w\u0142adz\u0119 nad innymi \u2013 sprawujemy <b>w Jego imi\u0119<\/b> i ze \u015bwiadomo\u015bci\u0105, \u017ce to <b>do Niego tak naprawd\u0119 nale\u017cy wszelka w\u0142adza?<\/b> Czy \u2013 w zwi\u0105zku z tym \u2013 nie wywy\u017cszamy si\u0119 nad innymi?\u2026 <\/span><\/span><\/span><\/p>\n<p align=\"justify\"><span style=\"color: #000000;\"><span style=\"font-family: Book Antiqua, serif;\"><span style=\"font-size: large;\">I czy mamy \u015bwiadomo\u015b\u0107, \u017ce <b>kiedy\u015b przyjdzie nam zda\u0107 spraw\u0119 Bogu<\/b> z tego, jak t\u0119 odpowiedzialno\u015b\u0107 \u2013 t\u0119 w\u0142adz\u0119 \u2013 sprawujemy?\u2026<\/span><\/span><\/span><\/p>\n","protected":false},"excerpt":{"rendered":"<p>Szcz\u0119\u015b\u0107 Bo\u017ce! Moi Drodzy, w dniu dzisiejszym prze\u017cywamy urodziny! Ca\u0142a nasza blogowa Rodzina! Tak, to ju\u017c dziewi\u0119\u0107 lat! Mo\u017cna powiedzie\u0107, \u017ce odprawili\u015bmy wsp\u00f3lnie wielk\u0105 blogow\u0105 nowenn\u0119. Dlatego zgodnie z tym, o czym napisa\u0142em w rozwa\u017caniu, sk\u0142adam dzi\u0119kczynienie przede wszystkim Bogu za ca\u0142e dobro, jakie si\u0119 w nas wszystkich dokona\u0142o przez to dzie\u0142o. Dzi\u0119kuj\u0119 tak\u017ce za [&hellip;]<\/p>\n","protected":false},"author":1,"featured_media":0,"comment_status":"open","ping_status":"open","sticky":false,"template":"","format":"standard","meta":{"jetpack_post_was_ever_published":false,"_jetpack_newsletter_access":"","_jetpack_dont_email_post_to_subs":false,"_jetpack_newsletter_tier_id":0,"_jetpack_memberships_contains_paywalled_content":false,"_jetpack_memberships_contains_paid_content":false,"footnotes":""},"categories":[1],"tags":[],"class_list":["post-16098","post","type-post","status-publish","format-standard","hentry","category-bez-kategorii"],"yoast_head":"<!-- This site is optimized with the Yoast SEO plugin v25.1 - https:\/\/yoast.com\/wordpress\/plugins\/seo\/ -->\n<title>Wsta\u0144, id\u017a! - Gaudium Et Spes<\/title>\n<meta name=\"robots\" content=\"index, follow, max-snippet:-1, max-image-preview:large, max-video-preview:-1\" \/>\n<link rel=\"canonical\" href=\"https:\/\/gaudiumetspes-blog.pl\/index.php\/2019\/11\/13\/wstan-idz\/\" \/>\n<meta property=\"og:locale\" content=\"pl_PL\" \/>\n<meta property=\"og:type\" content=\"article\" \/>\n<meta property=\"og:title\" content=\"Wsta\u0144, id\u017a! - Gaudium Et Spes\" \/>\n<meta property=\"og:description\" content=\"Szcz\u0119\u015b\u0107 Bo\u017ce! Moi Drodzy, w dniu dzisiejszym prze\u017cywamy urodziny! Ca\u0142a nasza blogowa Rodzina! Tak, to ju\u017c dziewi\u0119\u0107 lat! Mo\u017cna powiedzie\u0107, \u017ce odprawili\u015bmy wsp\u00f3lnie wielk\u0105 blogow\u0105 nowenn\u0119. Dlatego zgodnie z tym, o czym napisa\u0142em w rozwa\u017caniu, sk\u0142adam dzi\u0119kczynienie przede wszystkim Bogu za ca\u0142e dobro, jakie si\u0119 w nas wszystkich dokona\u0142o przez to dzie\u0142o. Dzi\u0119kuj\u0119 tak\u017ce za [&hellip;]\" \/>\n<meta property=\"og:url\" content=\"https:\/\/gaudiumetspes-blog.pl\/index.php\/2019\/11\/13\/wstan-idz\/\" \/>\n<meta property=\"og:site_name\" content=\"Gaudium Et Spes\" \/>\n<meta property=\"article:published_time\" content=\"2019-11-13T06:11:27+00:00\" \/>\n<meta property=\"article:modified_time\" content=\"2019-11-13T09:39:08+00:00\" \/>\n<meta name=\"author\" content=\"Ks. Jacek\" \/>\n<meta name=\"twitter:card\" content=\"summary_large_image\" \/>\n<meta name=\"twitter:label1\" content=\"Napisane przez\" \/>\n\t<meta name=\"twitter:data1\" content=\"Ks. Jacek\" \/>\n\t<meta name=\"twitter:label2\" content=\"Szacowany czas czytania\" \/>\n\t<meta name=\"twitter:data2\" content=\"9 minut\" \/>\n<script type=\"application\/ld+json\" class=\"yoast-schema-graph\">{\"@context\":\"https:\/\/schema.org\",\"@graph\":[{\"@type\":\"WebPage\",\"@id\":\"https:\/\/gaudiumetspes-blog.pl\/index.php\/2019\/11\/13\/wstan-idz\/\",\"url\":\"https:\/\/gaudiumetspes-blog.pl\/index.php\/2019\/11\/13\/wstan-idz\/\",\"name\":\"Wsta\u0144, id\u017a! - Gaudium Et Spes\",\"isPartOf\":{\"@id\":\"https:\/\/gaudiumetspes-blog.pl\/#website\"},\"datePublished\":\"2019-11-13T06:11:27+00:00\",\"dateModified\":\"2019-11-13T09:39:08+00:00\",\"author\":{\"@id\":\"https:\/\/gaudiumetspes-blog.pl\/#\/schema\/person\/1661982992b752dea8dff0d4ed845a65\"},\"breadcrumb\":{\"@id\":\"https:\/\/gaudiumetspes-blog.pl\/index.php\/2019\/11\/13\/wstan-idz\/#breadcrumb\"},\"inLanguage\":\"pl-PL\",\"potentialAction\":[{\"@type\":\"ReadAction\",\"target\":[\"https:\/\/gaudiumetspes-blog.pl\/index.php\/2019\/11\/13\/wstan-idz\/\"]}]},{\"@type\":\"BreadcrumbList\",\"@id\":\"https:\/\/gaudiumetspes-blog.pl\/index.php\/2019\/11\/13\/wstan-idz\/#breadcrumb\",\"itemListElement\":[{\"@type\":\"ListItem\",\"position\":1,\"name\":\"Strona g\u0142\u00f3wna\",\"item\":\"https:\/\/gaudiumetspes-blog.pl\/\"},{\"@type\":\"ListItem\",\"position\":2,\"name\":\"Wsta\u0144, id\u017a!\"}]},{\"@type\":\"WebSite\",\"@id\":\"https:\/\/gaudiumetspes-blog.pl\/#website\",\"url\":\"https:\/\/gaudiumetspes-blog.pl\/\",\"name\":\"Gaudium Et Spes\",\"description\":\"Blog Ks. Jacka Ja\u015bkowskiego\",\"potentialAction\":[{\"@type\":\"SearchAction\",\"target\":{\"@type\":\"EntryPoint\",\"urlTemplate\":\"https:\/\/gaudiumetspes-blog.pl\/?s={search_term_string}\"},\"query-input\":{\"@type\":\"PropertyValueSpecification\",\"valueRequired\":true,\"valueName\":\"search_term_string\"}}],\"inLanguage\":\"pl-PL\"},{\"@type\":\"Person\",\"@id\":\"https:\/\/gaudiumetspes-blog.pl\/#\/schema\/person\/1661982992b752dea8dff0d4ed845a65\",\"name\":\"Ks. Jacek\",\"image\":{\"@type\":\"ImageObject\",\"inLanguage\":\"pl-PL\",\"@id\":\"https:\/\/gaudiumetspes-blog.pl\/#\/schema\/person\/image\/\",\"url\":\"https:\/\/gaudiumetspes-blog.pl\/wp-content\/uploads\/2019\/07\/avatar-JJ-150x150.jpg\",\"contentUrl\":\"https:\/\/gaudiumetspes-blog.pl\/wp-content\/uploads\/2019\/07\/avatar-JJ-150x150.jpg\",\"caption\":\"Ks. Jacek\"},\"description\":\"Witam serdecznie! K\u0142ania si\u0119 Ks. Jacek Ja\u015bkowski. Nie jestem ani kim\u015b wa\u017cnym, ani kim\u015b znanym. Jestem ksi\u0119dzem, kt\u00f3ry po prostu chce rozmawia\u0107. Codzienna kap\u0142a\u0144ska pos\u0142uga pokazuje mi, \u017ce temat\u00f3w do rozm\u00f3w z ksi\u0119dzem jest coraz wi\u0119cej i dzisiaj \u017caden ksi\u0105dz nie mo\u017ce od nich ucieka\u0107, ale - wprost przeciwnie - podejmowa\u0107 nowe wyzwania. To przekonanie sk\u0142oni\u0142o mnie do pr\u00f3by otwarcia tego\u017c bloga, chocia\u017c okazji do rozm\u00f3w na co dzie\u0144 - w konfesjonale i poza nim - na szcz\u0119\u015bcie nie brakuje. My\u015bl\u0119 jednak, \u017ce ten blog b\u0119dzie jeszcze jednym sposobem i przestrzeni\u0105 nawi\u0105zania kontaktu z lud\u017ami dobrej woli, otwartymi na dialog.\",\"url\":\"https:\/\/gaudiumetspes-blog.pl\/index.php\/author\/ks-jacek\/\"}]}<\/script>\n<!-- \/ Yoast SEO plugin. -->","yoast_head_json":{"title":"Wsta\u0144, id\u017a! - Gaudium Et Spes","robots":{"index":"index","follow":"follow","max-snippet":"max-snippet:-1","max-image-preview":"max-image-preview:large","max-video-preview":"max-video-preview:-1"},"canonical":"https:\/\/gaudiumetspes-blog.pl\/index.php\/2019\/11\/13\/wstan-idz\/","og_locale":"pl_PL","og_type":"article","og_title":"Wsta\u0144, id\u017a! - Gaudium Et Spes","og_description":"Szcz\u0119\u015b\u0107 Bo\u017ce! Moi Drodzy, w dniu dzisiejszym prze\u017cywamy urodziny! Ca\u0142a nasza blogowa Rodzina! Tak, to ju\u017c dziewi\u0119\u0107 lat! Mo\u017cna powiedzie\u0107, \u017ce odprawili\u015bmy wsp\u00f3lnie wielk\u0105 blogow\u0105 nowenn\u0119. Dlatego zgodnie z tym, o czym napisa\u0142em w rozwa\u017caniu, sk\u0142adam dzi\u0119kczynienie przede wszystkim Bogu za ca\u0142e dobro, jakie si\u0119 w nas wszystkich dokona\u0142o przez to dzie\u0142o. Dzi\u0119kuj\u0119 tak\u017ce za [&hellip;]","og_url":"https:\/\/gaudiumetspes-blog.pl\/index.php\/2019\/11\/13\/wstan-idz\/","og_site_name":"Gaudium Et Spes","article_published_time":"2019-11-13T06:11:27+00:00","article_modified_time":"2019-11-13T09:39:08+00:00","author":"Ks. Jacek","twitter_card":"summary_large_image","twitter_misc":{"Napisane przez":"Ks. Jacek","Szacowany czas czytania":"9 minut"},"schema":{"@context":"https:\/\/schema.org","@graph":[{"@type":"WebPage","@id":"https:\/\/gaudiumetspes-blog.pl\/index.php\/2019\/11\/13\/wstan-idz\/","url":"https:\/\/gaudiumetspes-blog.pl\/index.php\/2019\/11\/13\/wstan-idz\/","name":"Wsta\u0144, id\u017a! - Gaudium Et Spes","isPartOf":{"@id":"https:\/\/gaudiumetspes-blog.pl\/#website"},"datePublished":"2019-11-13T06:11:27+00:00","dateModified":"2019-11-13T09:39:08+00:00","author":{"@id":"https:\/\/gaudiumetspes-blog.pl\/#\/schema\/person\/1661982992b752dea8dff0d4ed845a65"},"breadcrumb":{"@id":"https:\/\/gaudiumetspes-blog.pl\/index.php\/2019\/11\/13\/wstan-idz\/#breadcrumb"},"inLanguage":"pl-PL","potentialAction":[{"@type":"ReadAction","target":["https:\/\/gaudiumetspes-blog.pl\/index.php\/2019\/11\/13\/wstan-idz\/"]}]},{"@type":"BreadcrumbList","@id":"https:\/\/gaudiumetspes-blog.pl\/index.php\/2019\/11\/13\/wstan-idz\/#breadcrumb","itemListElement":[{"@type":"ListItem","position":1,"name":"Strona g\u0142\u00f3wna","item":"https:\/\/gaudiumetspes-blog.pl\/"},{"@type":"ListItem","position":2,"name":"Wsta\u0144, id\u017a!"}]},{"@type":"WebSite","@id":"https:\/\/gaudiumetspes-blog.pl\/#website","url":"https:\/\/gaudiumetspes-blog.pl\/","name":"Gaudium Et Spes","description":"Blog Ks. Jacka Ja\u015bkowskiego","potentialAction":[{"@type":"SearchAction","target":{"@type":"EntryPoint","urlTemplate":"https:\/\/gaudiumetspes-blog.pl\/?s={search_term_string}"},"query-input":{"@type":"PropertyValueSpecification","valueRequired":true,"valueName":"search_term_string"}}],"inLanguage":"pl-PL"},{"@type":"Person","@id":"https:\/\/gaudiumetspes-blog.pl\/#\/schema\/person\/1661982992b752dea8dff0d4ed845a65","name":"Ks. Jacek","image":{"@type":"ImageObject","inLanguage":"pl-PL","@id":"https:\/\/gaudiumetspes-blog.pl\/#\/schema\/person\/image\/","url":"https:\/\/gaudiumetspes-blog.pl\/wp-content\/uploads\/2019\/07\/avatar-JJ-150x150.jpg","contentUrl":"https:\/\/gaudiumetspes-blog.pl\/wp-content\/uploads\/2019\/07\/avatar-JJ-150x150.jpg","caption":"Ks. Jacek"},"description":"Witam serdecznie! K\u0142ania si\u0119 Ks. Jacek Ja\u015bkowski. Nie jestem ani kim\u015b wa\u017cnym, ani kim\u015b znanym. Jestem ksi\u0119dzem, kt\u00f3ry po prostu chce rozmawia\u0107. Codzienna kap\u0142a\u0144ska pos\u0142uga pokazuje mi, \u017ce temat\u00f3w do rozm\u00f3w z ksi\u0119dzem jest coraz wi\u0119cej i dzisiaj \u017caden ksi\u0105dz nie mo\u017ce od nich ucieka\u0107, ale - wprost przeciwnie - podejmowa\u0107 nowe wyzwania. To przekonanie sk\u0142oni\u0142o mnie do pr\u00f3by otwarcia tego\u017c bloga, chocia\u017c okazji do rozm\u00f3w na co dzie\u0144 - w konfesjonale i poza nim - na szcz\u0119\u015bcie nie brakuje. My\u015bl\u0119 jednak, \u017ce ten blog b\u0119dzie jeszcze jednym sposobem i przestrzeni\u0105 nawi\u0105zania kontaktu z lud\u017ami dobrej woli, otwartymi na dialog.","url":"https:\/\/gaudiumetspes-blog.pl\/index.php\/author\/ks-jacek\/"}]}},"jetpack_featured_media_url":"","jetpack_sharing_enabled":true,"_links":{"self":[{"href":"https:\/\/gaudiumetspes-blog.pl\/index.php\/wp-json\/wp\/v2\/posts\/16098","targetHints":{"allow":["GET"]}}],"collection":[{"href":"https:\/\/gaudiumetspes-blog.pl\/index.php\/wp-json\/wp\/v2\/posts"}],"about":[{"href":"https:\/\/gaudiumetspes-blog.pl\/index.php\/wp-json\/wp\/v2\/types\/post"}],"author":[{"embeddable":true,"href":"https:\/\/gaudiumetspes-blog.pl\/index.php\/wp-json\/wp\/v2\/users\/1"}],"replies":[{"embeddable":true,"href":"https:\/\/gaudiumetspes-blog.pl\/index.php\/wp-json\/wp\/v2\/comments?post=16098"}],"version-history":[{"count":3,"href":"https:\/\/gaudiumetspes-blog.pl\/index.php\/wp-json\/wp\/v2\/posts\/16098\/revisions"}],"predecessor-version":[{"id":16101,"href":"https:\/\/gaudiumetspes-blog.pl\/index.php\/wp-json\/wp\/v2\/posts\/16098\/revisions\/16101"}],"wp:attachment":[{"href":"https:\/\/gaudiumetspes-blog.pl\/index.php\/wp-json\/wp\/v2\/media?parent=16098"}],"wp:term":[{"taxonomy":"category","embeddable":true,"href":"https:\/\/gaudiumetspes-blog.pl\/index.php\/wp-json\/wp\/v2\/categories?post=16098"},{"taxonomy":"post_tag","embeddable":true,"href":"https:\/\/gaudiumetspes-blog.pl\/index.php\/wp-json\/wp\/v2\/tags?post=16098"}],"curies":[{"name":"wp","href":"https:\/\/api.w.org\/{rel}","templated":true}]}}