{"id":16156,"date":"2019-11-16T05:32:19","date_gmt":"2019-11-16T04:32:19","guid":{"rendered":"https:\/\/gaudiumetspes-blog.pl\/?p=16156"},"modified":"2019-11-15T17:34:06","modified_gmt":"2019-11-15T16:34:06","slug":"niepotrzebny-bog","status":"publish","type":"post","link":"https:\/\/gaudiumetspes-blog.pl\/index.php\/2019\/11\/16\/niepotrzebny-bog\/","title":{"rendered":"Niepotrzebny B\u00f3g&#8230;"},"content":{"rendered":"<p align=\"justify\"><span style=\"color: #000000;\"><span style=\"font-family: Book Antiqua, serif;\"><span style=\"font-size: large;\">Szcz\u0119\u015b\u0107 Bo\u017ce! Moi Drodzy, w dniu dzisiejszym <b>imieniny prze\u017cywa Ksi\u0105dz Pra\u0142at Edmund Szarek, w swoim czasie Proboszcz Parafii w Serokomli, gdzie mieszka\u0142em w pierwszych latach moich studi\u00f3w z prawa kanonicznego na KUL; a obecnie \u2013 Proboszcz Parafii w \u0141askarzewie i Dziekan Dekanatu \u0142askarzewskiego, czyli tego <\/b><b>Dekanatu<\/b><b>, na terenie kt\u00f3rego pomagam w niedziele. Dzi\u0119kuj\u0105c Solenizantowi za wszelkie dobro, \u017cyczliwo\u015b\u0107 i pomoc \u2013 \u017cycz\u0119 Bo\u017cego b\u0142ogos\u0142awie\u0144stwa.<\/b><\/span><\/span><\/span><\/p>\n<p align=\"justify\"><span style=\"color: #000000;\"><span style=\"font-family: Book Antiqua, serif;\"><span style=\"font-size: large;\"><b>Urodziny natomiast prze\u017cywa dzi\u015b Ksi\u0105dz Marcin Komoszy\u0144ski, nale\u017c\u0105cy w swoim czasie do jednej z m\u0142odzie\u017cowych Wsp\u00f3lnot, pochodz\u0105cy z mojej rodzinnej Parafii. \u017bycz\u0119 niedawnemu Solenizantowi, aby do\u015bwiadcza\u0142 wszelkiej Bo\u017cej pomocy i ludzkiej \u017cyczliwo\u015bci w realizacji powo\u0142ania kap\u0142a\u0144skiego.<\/b><\/span><\/span><\/span><\/p>\n<p align=\"justify\"><span style=\"color: #000000;\"><span style=\"font-family: Book Antiqua, serif;\"><span style=\"font-size: large;\"><b>Obu \u015bwi\u0119tuj\u0105cych zapewniam o modlitwie!<\/b><\/span><\/span><\/span><\/p>\n<p align=\"justify\"><span style=\"color: #000000;\"><span style=\"font-family: Book Antiqua, serif;\"><span style=\"font-size: large;\">A w mojej rodzinnej Parafii Chrystusa Mi\u0142osiernego w Bia\u0142ej Podlaskiej \u2013 Diecezjalnym Sanktuarium Mi\u0142osierdzia Bo\u017cego \u2013 drugorz\u0119dny Odpust Matki Bo\u017cej Ostrobramskiej, Matki Mi\u0142osierdzia. Z tej okazji ogarniam moj\u0105 Parafi\u0119 serdeczn\u0105 modlitw\u0105. Tym bardziej, \u017ce teraz, nie pracuj\u0105c na sta\u0142e w \u017cadnej parafii, mog\u0119 si\u0119 cz\u0119\u015bciej pojawia\u0107 w swojej rodzinnej i nieco pom\u00f3c tam duszpastersko.<\/span><\/span><\/span><\/p>\n<p align=\"justify\"><span style=\"color: #000000;\"><span style=\"font-family: Book Antiqua, serif;\"><span style=\"font-size: large;\">Natomiast dzisiaj wyruszam do Pratulina \u2013 na kolejne spotkanie z Kandydatami do Bierzmowanie. Zaledwie tydzie\u0144 temu prowadzi\u0142em tam dzie\u0144 skupienia dla Kandydat\u00f3w z Radzynia Podlaskiego, a ju\u017c dzisiaj jad\u0119 znowu na spotkanie z M\u0142odzie\u017c\u0105 z Parafii Jab\u0142o\u0144, przybywaj\u0105c\u0105 pod opiek\u0105 Ksi\u0119dza Karola Nasi\u0142owskiego. Troch\u0119 si\u0119 zawirowa\u0142o w \u201ekolejce\u201d Duszpasterzy akademickich, dlatego jad\u0119 tydzie\u0144 po tygodniu. Za to potem b\u0119d\u0119 mia\u0142 d\u0142u\u017csz\u0105 przerw\u0119. <\/span><\/span><\/span><\/p>\n<p align=\"justify\"><span style=\"color: #000000;\"><span style=\"font-family: Book Antiqua, serif;\"><span style=\"font-size: large;\">Spotkanie tydzie\u0144 temu by\u0142o bardzo dobrym do\u015bwiadczeniem, dlatego licz\u0119, \u017ce i dzisiejsze b\u0119dzie r\u00f3wnie ubogacaj\u0105ce (g\u0142\u00f3wnie dla mnie\u2026). W drodze powrotnej pewnie zajad\u0119 na gr\u00f3b moich Dziadk\u00f3w, Rodzic\u00f3w Mamy, w Terespolu, a potem \u2013 do Kodnia\u2026 Bo jak nie wpa\u015b\u0107 do Matki Bo\u017cej, kiedy si\u0119 przeje\u017cd\u017ca tak blisko\u2026 <\/span><\/span><\/span><\/p>\n<p align=\"justify\"><span style=\"color: #000000;\"><span style=\"font-family: Book Antiqua, serif;\"><span style=\"font-size: large;\">I jeszcze jedna refleksja \u2013 zach\u0119ta. Moi Drodzy, zechciejcie \u015bledzi\u0107 w Telewizji TRWAM wizyt\u0119 w Polsce Kardyna\u0142a Roberta Saraha, wielkiego Pasterza i Proroka naszych czas\u00f3w, promuj\u0105cego swoj\u0105 najnowsz\u0105 ksi\u0105\u017ck\u0119: \u201eWiecz\u00f3r si\u0119 zbli\u017ca i dzie\u0144 ju\u017c si\u0119 chyli\u201d. W\u0142a\u015bnie patrz\u0119 na ni\u0105 \u2013 le\u017cy na biurku. Zacz\u0105\u0142em j\u0105 czyta\u0107. Robi niesamowite wra\u017cenie. Daje do my\u015blenia. \u015awietna diagnoza obecnego stanu Ko\u015bcio\u0142a. A jednocze\u015bnie \u2013 naprawd\u0119 napawa optymizmem i mobilizuje do dzia\u0142ania, do odbudowywania Ko\u015bcio\u0142a. <\/span><\/span><\/span><\/p>\n<p align=\"justify\"><span style=\"color: #000000;\"><span style=\"font-family: Book Antiqua, serif;\"><span style=\"font-size: large;\">Zach\u0119cam serdecznie do zakupu tej ksi\u0105\u017cki i do uwa\u017cnej lektury! Przekonacie si\u0119, \u017ce \u201ewci\u0105gnie\u201d Was od razu! Bogu niech b\u0119d\u0105 dzi\u0119ki za to, \u017ce wsp\u00f3\u0142czesny Ko\u015bci\u00f3\u0142 ma tak wielkich i wspania\u0142ych Pasterzy, jak Kardyna\u0142 Robert Sarah!<\/span><\/span><\/span><\/p>\n<p align=\"center\"><span style=\"color: #000000;\"><span style=\"font-family: Book Antiqua, serif;\"><span style=\"font-size: large;\">Gaudium et spes! Ks. Jacek<\/span><\/span><\/span><\/p>\n<p align=\"center\">\n<p align=\"center\">\n<p align=\"center\">\n<p align=\"center\">\n<p align=\"center\">\n<p align=\"justify\"><span style=\"color: #000000;\"><span style=\"font-family: Book Antiqua, serif;\"><span style=\"font-size: large;\"><b>Sobota 32 Tygodnia zwyk\u0142ego, rok I,<\/b><\/span><\/span><\/span><\/p>\n<p align=\"justify\"><span style=\"color: #000000;\"><span style=\"font-family: Book Antiqua, serif;\"><span style=\"font-size: large;\"><b>do czyta\u0144: Mdr 18,14\u201316;19,6\u20139; \u0141k 18,1\u20138<\/b><\/span><\/span><\/span><\/p>\n<p align=\"justify\">\n<p align=\"justify\">\n<p align=\"justify\">\n<p align=\"justify\">\n<p align=\"justify\">\n<p align=\"justify\"><span style=\"color: #000000;\"><span style=\"font-family: Book Antiqua, serif;\"><span style=\"font-size: large;\"><b>CZYTANIE Z KSI\u0118GI M\u0104DRO\u015aCI:<\/b><\/span><\/span><\/span><\/p>\n<p align=\"justify\"><span style=\"color: #000000;\"><span style=\"font-family: Book Antiqua, serif;\"><span style=\"font-size: large;\"><b>Gdy g\u0142\u0119boka cisza zalega\u0142a wszystko, <\/b><\/span><\/span><\/span><\/p>\n<p align=\"justify\"><span style=\"color: #000000;\"><span style=\"font-family: Book Antiqua, serif;\"><span style=\"font-size: large;\"><b>a noc w swoim biegu dosi\u0119ga\u0142a po\u0142owy, <\/b><\/span><\/span><\/span><\/p>\n<p align=\"justify\"><span style=\"color: #000000;\"><span style=\"font-family: Book Antiqua, serif;\"><span style=\"font-size: large;\"><b>wszechmocne Twe S\u0142owo z nieba, z kr\u00f3lewskiej stolicy, <\/b><\/span><\/span><\/span><\/p>\n<p align=\"justify\"><span style=\"color: #000000;\"><span style=\"font-family: Book Antiqua, serif;\"><span style=\"font-size: large;\"><b>jak miecz ostry nios\u0105c Tw\u00f3j nieodwo\u0142alny rozkaz, <\/b><\/span><\/span><\/span><\/p>\n<p align=\"justify\"><span style=\"color: #000000;\"><span style=\"font-family: Book Antiqua, serif;\"><span style=\"font-size: large;\"><b>jak srogi wojownik run\u0119\u0142o w po\u015brodek zatraconej ziemi. <\/b><\/span><\/span><\/span><\/p>\n<p align=\"justify\"><span style=\"color: #000000;\"><span style=\"font-family: Book Antiqua, serif;\"><span style=\"font-size: large;\"><b>I stan\u0105wszy, nape\u0142ni\u0142o wszystko \u015bmierci\u0105: <\/b><\/span><\/span><\/span><\/p>\n<p align=\"justify\"><span style=\"color: #000000;\"><span style=\"font-family: Book Antiqua, serif;\"><span style=\"font-size: large;\"><b>nieba si\u0119ga\u0142o i rozchodzi\u0142o si\u0119 po ziemi.<\/b><\/span><\/span><\/span><\/p>\n<p align=\"justify\"><span style=\"color: #000000;\"><span style=\"font-family: Book Antiqua, serif;\"><span style=\"font-size: large;\"><b>Ca\u0142e stworzenie zn\u00f3w zosta\u0142o przekszta\u0142cone w swej naturze, <\/b><\/span><\/span><\/span><\/p>\n<p align=\"justify\"><span style=\"color: #000000;\"><span style=\"font-family: Book Antiqua, serif;\"><span style=\"font-size: large;\"><b>powolne Twoim rozkazom, <\/b><\/span><\/span><\/span><\/p>\n<p align=\"justify\"><span style=\"color: #000000;\"><span style=\"font-family: Book Antiqua, serif;\"><span style=\"font-size: large;\"><b>by dzieci Twe zachowa\u0107 bez szkody. <\/b><\/span><\/span><\/span><\/p>\n<p align=\"justify\"><span style=\"color: #000000;\"><span style=\"font-family: Book Antiqua, serif;\"><span style=\"font-size: large;\"><b>Ob\u0142ok ocieniaj\u0105cy ob\u00f3z i suchy l\u0105d ujrza\u0142o, <\/b><\/span><\/span><\/span><\/p>\n<p align=\"justify\"><span style=\"color: #000000;\"><span style=\"font-family: Book Antiqua, serif;\"><span style=\"font-size: large;\"><b>jak si\u0119 wynurza\u0142 z wody poprzednio stoj\u0105cej: <\/b><\/span><\/span><\/span><\/p>\n<p align=\"justify\"><span style=\"color: #000000;\"><span style=\"font-family: Book Antiqua, serif;\"><span style=\"font-size: large;\"><b>droga otwarta z Morza Czerwonego <\/b><\/span><\/span><\/span><\/p>\n<p align=\"justify\"><span style=\"color: #000000;\"><span style=\"font-family: Book Antiqua, serif;\"><span style=\"font-size: large;\"><b>i pole zielone \u2013 z burzliwej g\u0142\u0119biny. <\/b><\/span><\/span><\/span><\/p>\n<p align=\"justify\"><span style=\"color: #000000;\"><span style=\"font-family: Book Antiqua, serif;\"><span style=\"font-size: large;\"><b>Przeszli t\u0119dy wszyscy, kt\u00f3rych chroni\u0142a Twa r\u0119ka, <\/b><\/span><\/span><\/span><\/p>\n<p align=\"justify\"><span style=\"color: #000000;\"><span style=\"font-family: Book Antiqua, serif;\"><span style=\"font-size: large;\"><b>ujrzawszy cuda godne podziwu. <\/b><\/span><\/span><\/span><\/p>\n<p align=\"justify\"><span style=\"color: #000000;\"><span style=\"font-family: Book Antiqua, serif;\"><span style=\"font-size: large;\"><b>Byli jak konie na pastwisku <\/b><\/span><\/span><\/span><\/p>\n<p align=\"justify\"><span style=\"color: #000000;\"><span style=\"font-family: Book Antiqua, serif;\"><span style=\"font-size: large;\"><b>i jak baranki brykali, <\/b><\/span><\/span><\/span><\/p>\n<p align=\"justify\"><span style=\"color: #000000;\"><span style=\"font-family: Book Antiqua, serif;\"><span style=\"font-size: large;\"><b>wielbi\u0105c Ciebie, Panie, kt\u00f3ry\u015b ich wybawi\u0142.<\/b><\/span><\/span><\/span><\/p>\n<p align=\"justify\">\n<p align=\"justify\">\n<p align=\"justify\">\n<p align=\"justify\">\n<p align=\"justify\">\n<p align=\"justify\"><span style=\"color: #000000;\"><span style=\"font-family: Book Antiqua, serif;\"><span style=\"font-size: large;\"><b>S\u0141OWA EWANGELII WED\u0141UG \u015aWI\u0118TEGO \u0141UKASZA:<\/b><\/span><\/span><\/span><\/p>\n<p align=\"justify\"><span style=\"color: #000000;\"><span style=\"font-family: Book Antiqua, serif;\"><span style=\"font-size: large;\"><b>Jezus opowiedzia\u0142 swoim uczniom przypowie\u015b\u0107 o tym, \u017ce zawsze powinni si\u0119 modli\u0107 i nie ustawa\u0107: \u201eW pewnym mie\u015bcie \u017cy\u0142 s\u0119dzia, kt\u00f3ry Boga si\u0119 nie ba\u0142 i nie liczy\u0142 si\u0119 z lud\u017ami.<\/b><\/span><\/span><\/span><\/p>\n<p align=\"justify\"><span style=\"color: #000000;\"><span style=\"font-family: Book Antiqua, serif;\"><span style=\"font-size: large;\"><b>W tym samym mie\u015bcie \u017cy\u0142a wdowa, kt\u00f3ra przychodzi\u0142a do niego z pro\u015bb\u0105: \u00abObro\u0144 mnie przed moim przeciwnikiem\u00bb. Przez pewien czas nie chcia\u0142.<\/b><\/span><\/span><\/span><\/p>\n<p align=\"justify\"><span style=\"color: #000000;\"><span style=\"font-family: Book Antiqua, serif;\"><span style=\"font-size: large;\"><b>Lecz potem rzek\u0142 do siebie: \u00abChocia\u017c Boga si\u0119 nie boj\u0119 ani z lud\u017ami si\u0119 nie licz\u0119, to jednak poniewa\u017c naprzykrza mi si\u0119 ta wdowa, wezm\u0119 j\u0105 w obron\u0119, \u017ceby nie przychodzi\u0142a bez ko\u0144ca i nie zadr\u0119cza\u0142a mnie\u00bb\u201d.<\/b><\/span><\/span><\/span><\/p>\n<p align=\"justify\"><span style=\"color: #000000;\"><span style=\"font-family: Book Antiqua, serif;\"><span style=\"font-size: large;\"><b>I Pan doda\u0142: \u201eS\u0142uchajcie, co ten niesprawiedliwy s\u0119dzia m\u00f3wi. A B\u00f3g czy\u017c nie we\u017amie w obron\u0119 swoich wybranych, kt\u00f3rzy dniem i noc\u0105 wo\u0142aj\u0105 do Niego, i czy b\u0119dzie zwleka\u0142 w ich sprawie? Powiadam wam, \u017ce pr\u0119dko we\u017amie ich w obron\u0119. Czy jednak Syn Cz\u0142owieczy znajdzie wiar\u0119 na ziemi, gdy przyjdzie?\u201d<\/b><\/span><\/span><\/span><\/p>\n<p align=\"justify\">\n<p align=\"justify\">\n<p align=\"justify\">\n<p align=\"justify\">\n<p align=\"justify\">\n<p align=\"justify\"><span style=\"color: #000000;\"><span style=\"font-family: Book Antiqua, serif;\"><span style=\"font-size: large;\">Pierwsze dzisiejsze czytanie to \u2013 jak podkre\u015bla si\u0119 w komentarzach \u2013 <b>medytacja o Nocy paschalnej, <\/b>czyli tej, w trakcie kt\u00f3rej nar\u00f3d wybrany opu\u015bci\u0142 niewol\u0119 egipsk\u0105. Wtedy to Izraelici spo\u017cyli baranka, upieczonego w ogniu, naznaczywszy wcze\u015bniej <b>drzwi swoich domostw jego krwi\u0105.<\/b> <\/span><\/span><\/span><\/p>\n<p align=\"justify\"><span style=\"color: #000000;\"><span style=\"font-family: Book Antiqua, serif;\"><span style=\"font-size: large;\">I wtedy to w\u0142a\u015bnie \u2013 jak poetycko obwiesza Autor natchniony \u2013 <i><b>g<\/b><\/i><i><b>dy g\u0142\u0119boka cisza zalega\u0142a wszystko, a noc w swoim biegu dosi\u0119ga\u0142a po\u0142owy, wszechmocne Twe S\u0142owo z <\/b><\/i><i><b>n<\/b><\/i><i><b>ieba, z kr\u00f3lewskiej stolicy, jak miecz ostry nios\u0105c Tw\u00f3j nieodwo\u0142alny rozkaz, jak srogi wojownik run\u0119\u0142o w po\u015brodek zatraconej ziemi. I stan\u0105wszy, nape\u0142ni\u0142o wszystko \u015bmierci\u0105.<\/b><\/i><b> <\/b><\/span><\/span><\/span><\/p>\n<p align=\"justify\"><span style=\"color: #000000;\"><span style=\"font-family: Book Antiqua, serif;\"><span style=\"font-size: large;\">Tak, to w\u0142a\u015bnie wtedy mia\u0142a miejsce w Egipcie \u015bmier\u0107 pierworodnych syn\u00f3w. Czyli \u2013 <b>B\u00f3g mocno zainterweniowa\u0142. <\/b>I cho\u0107 m\u00f3wimy o czasach Starego Testamentu, kiedy to nie by\u0142o jeszcze rozwini\u0119tej nauki o wcielonym, odwiecznym S\u0142owie Bo\u017cym, czyli o wcielonym Bo\u017cym Synu, to jednak Autor Ksi\u0119gi M\u0105dro\u015bci <b>ju\u017c si\u0119 takim okre\u015bleniem pos\u0142uguje.<\/b> <\/span><\/span><\/span><\/p>\n<p align=\"justify\"><span style=\"color: #000000;\"><span style=\"font-family: Book Antiqua, serif;\"><span style=\"font-size: large;\">Dlatego ten dzisiejszy fragment jego Ksi\u0119gi, pomimo \u017ce w swym podstawowym znaczeniu odnosi si\u0119 do Nocy paschalnej, to jednak odczytywany jest <b>tak\u017ce<\/b><b> w Okresie Bo\u017cego Narodzenia,<\/b> na pami\u0105tk\u0119 innej nocy, kiedy to rzeczywi\u015bcie <i><b>wszechmocne<\/b><\/i><b> <\/b><b>[Bo\u017ce]<\/b><b> <\/b><i><b>S\u0142owo z <\/b><\/i><i><b>n<\/b><\/i><i><b>ieba, z kr\u00f3lewskiej stolicy, jak miecz ostry nios\u0105c<\/b><\/i><b> <\/b><b>[\u2026]<\/b><b>, <\/b><i><b>jak srogi wojownik run\u0119\u0142o w po\u015brodek zatraconej ziemi.<\/b><\/i><b> <\/b><\/span><\/span><\/span><\/p>\n<p align=\"justify\"><span style=\"color: #000000;\"><span style=\"font-family: Book Antiqua, serif;\"><span style=\"font-size: large;\">Widzimy bowiem, \u017ce B\u00f3g naprawd\u0119 okaza\u0142 ludziom swoj\u0105 moc i wielko\u015b\u0107. W dalszej cz\u0119\u015bci czytania s\u0142yszymy o opiece, jak\u0105 On sam sprawowa\u0142 nad swoim ludem w czasie w\u0119dr\u00f3wki przez pustyni\u0119. Mowa jest o tym chocia\u017cby w tych oto s\u0142owach: <i><b>Ca\u0142e stworzenie zn\u00f3w zosta\u0142o przekszta\u0142cone w swej naturze, <\/b><\/i><i><b>powolne Twoim rozkazom, by dzieci Twe zachowa\u0107 bez szkody. Ob\u0142ok ocieniaj\u0105cy ob\u00f3z i suchy l\u0105d ujrza\u0142o, jak si\u0119 wynurza\u0142 z wody poprzednio stoj\u0105cej: droga otwarta z Morza Czerwonego i pole zielone \u2013 z burzliwej g\u0142\u0119biny. Przeszli t\u0119dy wszyscy, kt\u00f3rych chroni\u0142a Twa r\u0119ka, <\/b><\/i><i><b>ujrzawszy cuda<\/b><\/i><b> godne podziwu. <\/b><\/span><\/span><\/span><\/p>\n<p align=\"justify\"><span style=\"color: #000000;\"><span style=\"font-family: Book Antiqua, serif;\"><span style=\"font-size: large;\">Tak, B\u00f3g rzeczywi\u015bcie chce pomaga\u0107 cz\u0142owiekowi. I to zar\u00f3wno w tym <b>wymiarze wielkim, historycznym, dziejowym,<\/b> jak i w tym <b>indywidualnym, konkretnym, osobistym.<\/b> A tak naprawd\u0119, to oba te wymiary splataj\u0105 si\u0119 ze sob\u0105, bo jak\u017ce m\u00f3wi\u0107 o wymiarze globalnym, wielkim, narodowym, dziejowym, <b>je\u015bli si\u0119 nie pomy\u015bli o konkretnych ludziach,<\/b> kt\u00f3rzy do\u015bwiadczaj\u0105 realnej Bo\u017cej pomocy w swoich potrzebach? Takiej cho\u0107by, jakiej do\u015bwiadczy\u0142a wdowa z dzisiejszej Ewangelii. <\/span><\/span><\/span><\/p>\n<p align=\"justify\"><span style=\"color: #000000;\"><span style=\"font-family: Book Antiqua, serif;\"><span style=\"font-size: large;\">Pami\u0119tajmy, \u017ce <b>wdowie\u0144stwo<\/b> to w \u00f3wczesnym narodzie wybranym bardzo trudny status spo\u0142eczny. W\u0142a\u015bciwie to \u017caden status \u2013<b> kobieta, pozbawiona opieki m\u0119\u017ca,<\/b> cz\u0119sto naprawd\u0119 mia\u0142a pot\u0119\u017cne problemy z utrzymaniem siebie i swoich dzieci, niewiele liczy\u0142a si\u0119 w swoim otoczeniu. <\/span><\/span><\/span><\/p>\n<p align=\"justify\"><span style=\"color: #000000;\"><span style=\"font-family: Book Antiqua, serif;\"><span style=\"font-size: large;\">I oto nagle dzisiaj s\u0142yszymy o wdowie, kt\u00f3ra <b>wykrzesa\u0142a z siebie tyle \u015bmia\u0142o\u015bci i odwagi,<\/b> \u017ce zwr\u00f3ci\u0142a si\u0119 z pro\u015bb\u0105 w swojej sprawie do znanego s\u0119dziego. Co prawda, Jezus nie u\u017cy\u0142 w odniesieniu do niego okre\u015blenia \u201eznany\u201d, ale <b>spos\u00f3b, w jaki go przedstawi\u0142, <\/b>dobitnie pokazuje, \u017ce to cz\u0142owiek, kt\u00f3ry w swoim \u017cyciu i karierze <b>raczej rozpycha\u0142 si\u0119 \u0142okciami,<\/b> wi\u0119c na pewno o nim powszechnie s\u0142yszano. <\/span><\/span><\/span><\/p>\n<p align=\"justify\"><span style=\"color: #000000;\"><span style=\"font-family: Book Antiqua, serif;\"><span style=\"font-size: large;\">I to w\u0142a\u015bnie do niego uboga wdowa zwr\u00f3ci\u0142a si\u0119 ze swoj\u0105 pro\u015bb\u0105: <i><b>Obro\u0144 mnie przed moim przeciwnikiem.<\/b><\/i><b> <\/b>Pomimo, \u017ce ona by\u0142a tylko biedn\u0105 wdow\u0105, a on \u2013 wielkim s\u0119dzi\u0105. Co wi\u0119cej, by\u0142 s\u0119dzi\u0105, <i><b>kt\u00f3ry Boga si\u0119 nie ba\u0142 i nie liczy\u0142 si\u0119 z lud\u017ami.<\/b><\/i><i> <\/i>Co wi\u0119cej, wdowa przychodzi\u0142a do niego ze swoj\u0105 pro\u015bb\u0105 <b>wielokrotnie! <\/b>Mo\u017cna rzec, \u017ce <b>z\u0142ama\u0142a wszystkie konwenanse,<\/b> pokona\u0142a w sobie wszystkie kompleksy i obawy, by upomnie\u0107 si\u0119 o swoje. I upomnia\u0142a si\u0119. I otrzyma\u0142a to, o co poprosi\u0142a. <\/span><\/span><\/span><\/p>\n<p align=\"justify\"><span style=\"color: #000000;\"><span style=\"font-family: Book Antiqua, serif;\"><span style=\"font-size: large;\">A to pokazuje nam, \u017ce B\u00f3g przychodzi do nas ze swoj\u0105 \u0142ask\u0105 i swoj\u0105 pomoc\u0105 <b>pomimo przer\u00f3\u017cnych trudno\u015bci i przeszk\u00f3d,<\/b> jakie na drodze Jego relacji z nami mog\u0105 si\u0119 pojawi\u0107. Bo <b>Jemu zale\u017cy na cz\u0142owieku!<\/b> Na ka\u017cdym jednym, indywidualnym cz\u0142owieku. Widzimy, \u017ce taki przekaz idzie dzisiaj przez ca\u0142e pierwsze czytanie i przez ca\u0142\u0105 Ewangeli\u0119 \u2013 <b>a\u017c do ostatniego jej zdania,<\/b> w kt\u00f3rym nast\u0119puje swoisty zgrzyt. <\/span><\/span><\/span><\/p>\n<p align=\"justify\"><span style=\"color: #000000;\"><span style=\"font-family: Book Antiqua, serif;\"><span style=\"font-size: large;\">Oto bowiem po s\u0142owach: <i><b>S\u0142uchajcie, co ten niesprawiedliwy<\/b><\/i><b> <\/b><i><b>s\u0119dzia m\u00f3wi. A B\u00f3g czy\u017c nie we\u017amie w obron\u0119 swoich wybranych, kt\u00f3rzy dniem i noc\u0105 wo\u0142aj\u0105 do Niego, i czy b\u0119dzie zwleka\u0142 w ich sprawie? Powiadam wam, \u017ce pr\u0119dko we\u017amie ich w obron\u0119; <\/b><\/i>Jezus stawia gorzkie pytanie: <i><b>Czy jednak Syn Cz\u0142owieczy znajdzie wiar\u0119 na ziemi, gdy przyjdzie?<\/b><\/i> <\/span><\/span><\/span><\/p>\n<p align=\"justify\"><span style=\"color: #000000;\"><span style=\"font-family: Book Antiqua, serif;\"><span style=\"font-size: large;\">Ot\u00f3\u017c, w\u0142a\u015bnie! B\u00f3g mo\u017ce wychodzi\u0107 z pomoc\u0105, mo\u017ce wyci\u0105ga\u0107 ratuj\u0105c\u0105 d\u0142o\u0144, mo\u017ce pochyla\u0107 si\u0119 nad cz\u0142owiekiem, mo\u017ce by\u0107 ca\u0142y do Jego dyspozycji \u2013 tylko czy <b>cz\u0142owiek tak naprawd\u0119 tego chce?<\/b> Czy on tak naprawd\u0119 w to wierzy, \u017ce B\u00f3g mo\u017ce pom\u00f3c? Czy <b>swoj\u0105 niewiar\u0105 przypadkiem nie zniweczy<\/b> ca\u0142ej wszechpot\u0119\u017cnej mocy Bo\u017cej? <\/span><\/span><\/span><\/p>\n<p align=\"justify\"><span style=\"color: #000000;\"><span style=\"font-family: Book Antiqua, serif;\"><span style=\"font-size: large;\">Moi Drodzy, tu jest problem! Nie w tym, czy B\u00f3g chce, czy nie chce pom\u00f3c, bo co do tego nie ma najmniejszej w\u0105tpliwo\u015bci. <b>B\u00f3g chce pom\u00f3c!<\/b> Nie jest to zale\u017cne od nastroju i chwili \u2013 B\u00f3g ani na moment nie odwr\u00f3ci\u0142 si\u0119 plecami do ludzi! Jezus, Bo\u017cy Syn, po to przyszed\u0142 na \u015bwiat, aby zbawi\u0107 cz\u0142owieka \u2013 ka\u017cdego, pojedynczego, konkretnego cz\u0142owieka! Po to w\u0142a\u015bnie <i><b>wszechmocne<\/b><\/i><b> <\/b><b>[Bo\u017ce]<\/b><b> <\/b><i><b>S\u0142owo z <\/b><\/i><i><b>n<\/b><\/i><i><b>ieba, z kr\u00f3lewskiej stolicy, jak miecz ostry nios\u0105c<\/b><\/i><b> <\/b><b>[\u2026]<\/b><b>, <\/b><i><b>jak srogi wojownik run\u0119\u0142o w po\u015brodek zatraconej ziemi.<\/b><\/i><b> <\/b><\/span><\/span><\/span><\/p>\n<p align=\"justify\"><span style=\"color: #000000;\"><span style=\"font-family: Book Antiqua, serif;\"><span style=\"font-size: large;\">Jest tylko ten jeden problem: <i><b>Czy jednak Syn Cz\u0142owieczy znajdzie wiar\u0119 na ziemi, gdy przyjdzie?<\/b><\/i> Czyli \u2013 czy b\u0119dzie mia\u0142 komu t\u0119 pomoc okaza\u0107? <\/span><\/span><\/span><\/p>\n<p align=\"justify\"><span style=\"color: #000000;\"><span style=\"font-family: Book Antiqua, serif;\"><span style=\"font-size: large;\">Widzimy \u2013 szczeg\u00f3lnie w naszych czasach \u2013 \u017ce B\u00f3g jest ludziom <b>coraz mniej potrzebny.<\/b> A czasami to jakby w og\u00f3le nie by\u0142 potrzebny. I wiara nie jest potrzebna. St\u0105d to pytanie: <i><b>Czy<\/b><\/i><b> <\/b><b>[\u2026]<\/b><b> Syn Cz\u0142owieczy znajdzie wiar\u0119 na ziemi, gdy przyjdzie? \u2013 <\/b>powinien sobie postawi\u0107 ka\u017cdy z nas, indywidualnie i osobi\u015bcie: Czy Syn Cz\u0142owieczy <b>znajdzie wiar\u0119 we mnie, gdy przyjdzie na S\u0105d, <\/b>albo po prostu wezwie mnie przed swoje Oblicze? <\/span><\/span><\/span><\/p>\n<p align=\"justify\"><span style=\"color: #000000;\"><span style=\"font-family: Book Antiqua, serif;\"><span style=\"font-size: large;\">Czy tak\u0105 wiar\u0119 \u2013 <b>g\u0142\u0119bok\u0105, mocn\u0105,<\/b> prze\u0142amuj\u0105c\u0105 wszelkie opory i schematy, a wi\u0119c tak\u0105, jakiej przyk\u0142ad daje ewangeliczna wdowa \u2013 <b>znajdzie we mnie ju\u017c dzisiaj? <\/b>Czy mo\u017ce b\u0119dzie musia\u0142 troch\u0119 poczeka\u0107? Ale je\u017celi tak, to jak d\u0142ugo?\u2026 <\/span><\/span><\/span><\/p>\n<p align=\"justify\"><span style=\"color: #000000;\"><span style=\"font-family: Book Antiqua, serif;\"><span style=\"font-size: large;\">Czy ja dzisiaj osobi\u015bcie mog\u0119 o sobie powiedzie\u0107, \u017ce B\u00f3g mo\u017ce mi pom\u00f3c, bo ja\u2026 <b>dam sobie pom\u00f3c? Bo ja chc\u0119 tej pomocy?\u2026 <\/b><\/span><\/span><\/span><\/p>\n","protected":false},"excerpt":{"rendered":"<p>Szcz\u0119\u015b\u0107 Bo\u017ce! Moi Drodzy, w dniu dzisiejszym imieniny prze\u017cywa Ksi\u0105dz Pra\u0142at Edmund Szarek, w swoim czasie Proboszcz Parafii w Serokomli, gdzie mieszka\u0142em w pierwszych latach moich studi\u00f3w z prawa kanonicznego na KUL; a obecnie \u2013 Proboszcz Parafii w \u0141askarzewie i Dziekan Dekanatu \u0142askarzewskiego, czyli tego Dekanatu, na terenie kt\u00f3rego pomagam w niedziele. Dzi\u0119kuj\u0105c Solenizantowi za [&hellip;]<\/p>\n","protected":false},"author":1,"featured_media":0,"comment_status":"open","ping_status":"open","sticky":false,"template":"","format":"standard","meta":{"jetpack_post_was_ever_published":false,"_jetpack_newsletter_access":"","_jetpack_dont_email_post_to_subs":false,"_jetpack_newsletter_tier_id":0,"_jetpack_memberships_contains_paywalled_content":false,"_jetpack_memberships_contains_paid_content":false,"footnotes":""},"categories":[1],"tags":[],"class_list":["post-16156","post","type-post","status-publish","format-standard","hentry","category-bez-kategorii"],"yoast_head":"<!-- This site is optimized with the Yoast SEO plugin v25.1 - https:\/\/yoast.com\/wordpress\/plugins\/seo\/ -->\n<title>Niepotrzebny B\u00f3g... - Gaudium Et Spes<\/title>\n<meta name=\"robots\" content=\"index, follow, max-snippet:-1, max-image-preview:large, max-video-preview:-1\" \/>\n<link rel=\"canonical\" href=\"https:\/\/gaudiumetspes-blog.pl\/index.php\/2019\/11\/16\/niepotrzebny-bog\/\" \/>\n<meta property=\"og:locale\" content=\"pl_PL\" \/>\n<meta property=\"og:type\" content=\"article\" \/>\n<meta property=\"og:title\" content=\"Niepotrzebny B\u00f3g... - Gaudium Et Spes\" \/>\n<meta property=\"og:description\" content=\"Szcz\u0119\u015b\u0107 Bo\u017ce! Moi Drodzy, w dniu dzisiejszym imieniny prze\u017cywa Ksi\u0105dz Pra\u0142at Edmund Szarek, w swoim czasie Proboszcz Parafii w Serokomli, gdzie mieszka\u0142em w pierwszych latach moich studi\u00f3w z prawa kanonicznego na KUL; a obecnie \u2013 Proboszcz Parafii w \u0141askarzewie i Dziekan Dekanatu \u0142askarzewskiego, czyli tego Dekanatu, na terenie kt\u00f3rego pomagam w niedziele. Dzi\u0119kuj\u0105c Solenizantowi za [&hellip;]\" \/>\n<meta property=\"og:url\" content=\"https:\/\/gaudiumetspes-blog.pl\/index.php\/2019\/11\/16\/niepotrzebny-bog\/\" \/>\n<meta property=\"og:site_name\" content=\"Gaudium Et Spes\" \/>\n<meta property=\"article:published_time\" content=\"2019-11-16T04:32:19+00:00\" \/>\n<meta name=\"author\" content=\"Ks. Jacek\" \/>\n<meta name=\"twitter:card\" content=\"summary_large_image\" \/>\n<meta name=\"twitter:label1\" content=\"Napisane przez\" \/>\n\t<meta name=\"twitter:data1\" content=\"Ks. Jacek\" \/>\n\t<meta name=\"twitter:label2\" content=\"Szacowany czas czytania\" \/>\n\t<meta name=\"twitter:data2\" content=\"10 minut\" \/>\n<script type=\"application\/ld+json\" class=\"yoast-schema-graph\">{\"@context\":\"https:\/\/schema.org\",\"@graph\":[{\"@type\":\"WebPage\",\"@id\":\"https:\/\/gaudiumetspes-blog.pl\/index.php\/2019\/11\/16\/niepotrzebny-bog\/\",\"url\":\"https:\/\/gaudiumetspes-blog.pl\/index.php\/2019\/11\/16\/niepotrzebny-bog\/\",\"name\":\"Niepotrzebny B\u00f3g... - Gaudium Et Spes\",\"isPartOf\":{\"@id\":\"https:\/\/gaudiumetspes-blog.pl\/#website\"},\"datePublished\":\"2019-11-16T04:32:19+00:00\",\"author\":{\"@id\":\"https:\/\/gaudiumetspes-blog.pl\/#\/schema\/person\/1661982992b752dea8dff0d4ed845a65\"},\"breadcrumb\":{\"@id\":\"https:\/\/gaudiumetspes-blog.pl\/index.php\/2019\/11\/16\/niepotrzebny-bog\/#breadcrumb\"},\"inLanguage\":\"pl-PL\",\"potentialAction\":[{\"@type\":\"ReadAction\",\"target\":[\"https:\/\/gaudiumetspes-blog.pl\/index.php\/2019\/11\/16\/niepotrzebny-bog\/\"]}]},{\"@type\":\"BreadcrumbList\",\"@id\":\"https:\/\/gaudiumetspes-blog.pl\/index.php\/2019\/11\/16\/niepotrzebny-bog\/#breadcrumb\",\"itemListElement\":[{\"@type\":\"ListItem\",\"position\":1,\"name\":\"Strona g\u0142\u00f3wna\",\"item\":\"https:\/\/gaudiumetspes-blog.pl\/\"},{\"@type\":\"ListItem\",\"position\":2,\"name\":\"Niepotrzebny B\u00f3g&#8230;\"}]},{\"@type\":\"WebSite\",\"@id\":\"https:\/\/gaudiumetspes-blog.pl\/#website\",\"url\":\"https:\/\/gaudiumetspes-blog.pl\/\",\"name\":\"Gaudium Et Spes\",\"description\":\"Blog Ks. Jacka Ja\u015bkowskiego\",\"potentialAction\":[{\"@type\":\"SearchAction\",\"target\":{\"@type\":\"EntryPoint\",\"urlTemplate\":\"https:\/\/gaudiumetspes-blog.pl\/?s={search_term_string}\"},\"query-input\":{\"@type\":\"PropertyValueSpecification\",\"valueRequired\":true,\"valueName\":\"search_term_string\"}}],\"inLanguage\":\"pl-PL\"},{\"@type\":\"Person\",\"@id\":\"https:\/\/gaudiumetspes-blog.pl\/#\/schema\/person\/1661982992b752dea8dff0d4ed845a65\",\"name\":\"Ks. Jacek\",\"image\":{\"@type\":\"ImageObject\",\"inLanguage\":\"pl-PL\",\"@id\":\"https:\/\/gaudiumetspes-blog.pl\/#\/schema\/person\/image\/\",\"url\":\"https:\/\/gaudiumetspes-blog.pl\/wp-content\/uploads\/2019\/07\/avatar-JJ-150x150.jpg\",\"contentUrl\":\"https:\/\/gaudiumetspes-blog.pl\/wp-content\/uploads\/2019\/07\/avatar-JJ-150x150.jpg\",\"caption\":\"Ks. Jacek\"},\"description\":\"Witam serdecznie! K\u0142ania si\u0119 Ks. Jacek Ja\u015bkowski. Nie jestem ani kim\u015b wa\u017cnym, ani kim\u015b znanym. Jestem ksi\u0119dzem, kt\u00f3ry po prostu chce rozmawia\u0107. Codzienna kap\u0142a\u0144ska pos\u0142uga pokazuje mi, \u017ce temat\u00f3w do rozm\u00f3w z ksi\u0119dzem jest coraz wi\u0119cej i dzisiaj \u017caden ksi\u0105dz nie mo\u017ce od nich ucieka\u0107, ale - wprost przeciwnie - podejmowa\u0107 nowe wyzwania. To przekonanie sk\u0142oni\u0142o mnie do pr\u00f3by otwarcia tego\u017c bloga, chocia\u017c okazji do rozm\u00f3w na co dzie\u0144 - w konfesjonale i poza nim - na szcz\u0119\u015bcie nie brakuje. My\u015bl\u0119 jednak, \u017ce ten blog b\u0119dzie jeszcze jednym sposobem i przestrzeni\u0105 nawi\u0105zania kontaktu z lud\u017ami dobrej woli, otwartymi na dialog.\",\"url\":\"https:\/\/gaudiumetspes-blog.pl\/index.php\/author\/ks-jacek\/\"}]}<\/script>\n<!-- \/ Yoast SEO plugin. -->","yoast_head_json":{"title":"Niepotrzebny B\u00f3g... - Gaudium Et Spes","robots":{"index":"index","follow":"follow","max-snippet":"max-snippet:-1","max-image-preview":"max-image-preview:large","max-video-preview":"max-video-preview:-1"},"canonical":"https:\/\/gaudiumetspes-blog.pl\/index.php\/2019\/11\/16\/niepotrzebny-bog\/","og_locale":"pl_PL","og_type":"article","og_title":"Niepotrzebny B\u00f3g... - Gaudium Et Spes","og_description":"Szcz\u0119\u015b\u0107 Bo\u017ce! Moi Drodzy, w dniu dzisiejszym imieniny prze\u017cywa Ksi\u0105dz Pra\u0142at Edmund Szarek, w swoim czasie Proboszcz Parafii w Serokomli, gdzie mieszka\u0142em w pierwszych latach moich studi\u00f3w z prawa kanonicznego na KUL; a obecnie \u2013 Proboszcz Parafii w \u0141askarzewie i Dziekan Dekanatu \u0142askarzewskiego, czyli tego Dekanatu, na terenie kt\u00f3rego pomagam w niedziele. Dzi\u0119kuj\u0105c Solenizantowi za [&hellip;]","og_url":"https:\/\/gaudiumetspes-blog.pl\/index.php\/2019\/11\/16\/niepotrzebny-bog\/","og_site_name":"Gaudium Et Spes","article_published_time":"2019-11-16T04:32:19+00:00","author":"Ks. Jacek","twitter_card":"summary_large_image","twitter_misc":{"Napisane przez":"Ks. Jacek","Szacowany czas czytania":"10 minut"},"schema":{"@context":"https:\/\/schema.org","@graph":[{"@type":"WebPage","@id":"https:\/\/gaudiumetspes-blog.pl\/index.php\/2019\/11\/16\/niepotrzebny-bog\/","url":"https:\/\/gaudiumetspes-blog.pl\/index.php\/2019\/11\/16\/niepotrzebny-bog\/","name":"Niepotrzebny B\u00f3g... - Gaudium Et Spes","isPartOf":{"@id":"https:\/\/gaudiumetspes-blog.pl\/#website"},"datePublished":"2019-11-16T04:32:19+00:00","author":{"@id":"https:\/\/gaudiumetspes-blog.pl\/#\/schema\/person\/1661982992b752dea8dff0d4ed845a65"},"breadcrumb":{"@id":"https:\/\/gaudiumetspes-blog.pl\/index.php\/2019\/11\/16\/niepotrzebny-bog\/#breadcrumb"},"inLanguage":"pl-PL","potentialAction":[{"@type":"ReadAction","target":["https:\/\/gaudiumetspes-blog.pl\/index.php\/2019\/11\/16\/niepotrzebny-bog\/"]}]},{"@type":"BreadcrumbList","@id":"https:\/\/gaudiumetspes-blog.pl\/index.php\/2019\/11\/16\/niepotrzebny-bog\/#breadcrumb","itemListElement":[{"@type":"ListItem","position":1,"name":"Strona g\u0142\u00f3wna","item":"https:\/\/gaudiumetspes-blog.pl\/"},{"@type":"ListItem","position":2,"name":"Niepotrzebny B\u00f3g&#8230;"}]},{"@type":"WebSite","@id":"https:\/\/gaudiumetspes-blog.pl\/#website","url":"https:\/\/gaudiumetspes-blog.pl\/","name":"Gaudium Et Spes","description":"Blog Ks. Jacka Ja\u015bkowskiego","potentialAction":[{"@type":"SearchAction","target":{"@type":"EntryPoint","urlTemplate":"https:\/\/gaudiumetspes-blog.pl\/?s={search_term_string}"},"query-input":{"@type":"PropertyValueSpecification","valueRequired":true,"valueName":"search_term_string"}}],"inLanguage":"pl-PL"},{"@type":"Person","@id":"https:\/\/gaudiumetspes-blog.pl\/#\/schema\/person\/1661982992b752dea8dff0d4ed845a65","name":"Ks. Jacek","image":{"@type":"ImageObject","inLanguage":"pl-PL","@id":"https:\/\/gaudiumetspes-blog.pl\/#\/schema\/person\/image\/","url":"https:\/\/gaudiumetspes-blog.pl\/wp-content\/uploads\/2019\/07\/avatar-JJ-150x150.jpg","contentUrl":"https:\/\/gaudiumetspes-blog.pl\/wp-content\/uploads\/2019\/07\/avatar-JJ-150x150.jpg","caption":"Ks. Jacek"},"description":"Witam serdecznie! K\u0142ania si\u0119 Ks. Jacek Ja\u015bkowski. Nie jestem ani kim\u015b wa\u017cnym, ani kim\u015b znanym. Jestem ksi\u0119dzem, kt\u00f3ry po prostu chce rozmawia\u0107. Codzienna kap\u0142a\u0144ska pos\u0142uga pokazuje mi, \u017ce temat\u00f3w do rozm\u00f3w z ksi\u0119dzem jest coraz wi\u0119cej i dzisiaj \u017caden ksi\u0105dz nie mo\u017ce od nich ucieka\u0107, ale - wprost przeciwnie - podejmowa\u0107 nowe wyzwania. To przekonanie sk\u0142oni\u0142o mnie do pr\u00f3by otwarcia tego\u017c bloga, chocia\u017c okazji do rozm\u00f3w na co dzie\u0144 - w konfesjonale i poza nim - na szcz\u0119\u015bcie nie brakuje. My\u015bl\u0119 jednak, \u017ce ten blog b\u0119dzie jeszcze jednym sposobem i przestrzeni\u0105 nawi\u0105zania kontaktu z lud\u017ami dobrej woli, otwartymi na dialog.","url":"https:\/\/gaudiumetspes-blog.pl\/index.php\/author\/ks-jacek\/"}]}},"jetpack_featured_media_url":"","jetpack_sharing_enabled":true,"_links":{"self":[{"href":"https:\/\/gaudiumetspes-blog.pl\/index.php\/wp-json\/wp\/v2\/posts\/16156","targetHints":{"allow":["GET"]}}],"collection":[{"href":"https:\/\/gaudiumetspes-blog.pl\/index.php\/wp-json\/wp\/v2\/posts"}],"about":[{"href":"https:\/\/gaudiumetspes-blog.pl\/index.php\/wp-json\/wp\/v2\/types\/post"}],"author":[{"embeddable":true,"href":"https:\/\/gaudiumetspes-blog.pl\/index.php\/wp-json\/wp\/v2\/users\/1"}],"replies":[{"embeddable":true,"href":"https:\/\/gaudiumetspes-blog.pl\/index.php\/wp-json\/wp\/v2\/comments?post=16156"}],"version-history":[{"count":1,"href":"https:\/\/gaudiumetspes-blog.pl\/index.php\/wp-json\/wp\/v2\/posts\/16156\/revisions"}],"predecessor-version":[{"id":16157,"href":"https:\/\/gaudiumetspes-blog.pl\/index.php\/wp-json\/wp\/v2\/posts\/16156\/revisions\/16157"}],"wp:attachment":[{"href":"https:\/\/gaudiumetspes-blog.pl\/index.php\/wp-json\/wp\/v2\/media?parent=16156"}],"wp:term":[{"taxonomy":"category","embeddable":true,"href":"https:\/\/gaudiumetspes-blog.pl\/index.php\/wp-json\/wp\/v2\/categories?post=16156"},{"taxonomy":"post_tag","embeddable":true,"href":"https:\/\/gaudiumetspes-blog.pl\/index.php\/wp-json\/wp\/v2\/tags?post=16156"}],"curies":[{"name":"wp","href":"https:\/\/api.w.org\/{rel}","templated":true}]}}