{"id":16159,"date":"2019-11-17T05:41:45","date_gmt":"2019-11-17T04:41:45","guid":{"rendered":"https:\/\/gaudiumetspes-blog.pl\/?p=16159"},"modified":"2019-11-17T18:27:21","modified_gmt":"2019-11-17T17:27:21","slug":"zajmowac-sie-rzeczami-potrzebnymi","status":"publish","type":"post","link":"https:\/\/gaudiumetspes-blog.pl\/index.php\/2019\/11\/17\/zajmowac-sie-rzeczami-potrzebnymi\/","title":{"rendered":"Zajmowa\u0107 si\u0119 rzeczami potrzebnymi!"},"content":{"rendered":"<p align=\"justify\"><span style=\"color: #000000;\"><span style=\"font-family: Book Antiqua, serif;\"><span style=\"font-size: large;\">Niech b\u0119dzie pochwalony Jezus Chrystus! Moi Drodzy, w dniu dzisiejszym <b>imieniny prze\u017cywa Profesor El\u017cbieta Szczot, moja Kole\u017canka ze wsp\u00f3lnej pracy w Katedrze Prawa Sakrament\u00f3w \u015awi\u0119tych na KUL. \u017bycz\u0119 Solenizantce, aby zawsze cieszy\u0142a si\u0119 Bo\u017cym b\u0142ogos\u0142awie\u0144stwem i ludzk\u0105 \u017cyczliwo\u015bci\u0105. Zapewniam o modlitwie!<\/b><\/span><\/span><\/span><\/p>\n<p align=\"justify\"><span style=\"color: #000000;\"><span style=\"font-family: Book Antiqua, serif;\"><span style=\"font-size: large;\">Na g\u0142\u0119bokie i radosne prze\u017cywanie Dnia Pa\u0144skiego \u2013 <b>niech Was b\u0142ogos\u0142awi B\u00f3g Wszechmog\u0105cy: Ojciec + i Syn, i Duch \u015awi\u0119ty. Amen<\/b><\/span><\/span><\/span><\/p>\n<p align=\"center\"><span style=\"color: #000000;\"><span style=\"font-family: Book Antiqua, serif;\"><span style=\"font-size: large;\">Gaudium et spes! Ks. Jacek<\/span><\/span><\/span><\/p>\n<p align=\"center\">\n<p align=\"center\">\n<p align=\"center\">\n<p align=\"center\">\n<p align=\"center\">\n<p align=\"justify\"><span style=\"color: #000000;\"><span style=\"font-family: Book Antiqua, serif;\"><span style=\"font-size: large;\"><b>33 Niedziela zwyk\u0142a, C,<\/b><\/span><\/span><\/span><\/p>\n<p align=\"justify\"><span style=\"color: #000000;\"><span style=\"font-family: Book Antiqua, serif;\"><span style=\"font-size: large;\"><b>do czyta\u0144: Ml 3,19\u201320a; 2 Tes 3,7\u201312; \u0141k 21,5\u201319<\/b><\/span><\/span><\/span><\/p>\n<p align=\"justify\">\n<p align=\"justify\">\n<p align=\"justify\">\n<p align=\"justify\">\n<p align=\"justify\">\n<p align=\"justify\"><span style=\"color: #000000;\"><span style=\"font-family: Book Antiqua, serif;\"><span style=\"font-size: large;\"><b>CZYTANIE Z KSI\u0118GI PROROKA MALACHIASZA: <\/b><\/span><\/span><\/span><\/p>\n<p align=\"justify\"><span style=\"color: #000000;\"><span style=\"font-family: Book Antiqua, serif;\"><span style=\"font-size: large;\"><b>Oto nadchodzi dzie\u0144 pal\u0105cy jak piec, a wszyscy pyszni i wszyscy wyrz\u0105dzaj\u0105cy krzywd\u0119 b\u0119d\u0105 s\u0142om\u0105, wi\u0119c spali ich ten nadchodz\u0105cy dzie\u0144, m\u00f3wi Pan Zast\u0119p\u00f3w, tak \u017ce nie pozostawi po nich ani korzenia, ani ga\u0142\u0105zki. <\/b><\/span><\/span><\/span><\/p>\n<p align=\"justify\"><span style=\"color: #000000;\"><span style=\"font-family: Book Antiqua, serif;\"><span style=\"font-size: large;\"><b>A dla was, czcz\u0105cych moje imi\u0119, wzejdzie s\u0142o\u0144ce sprawiedliwo\u015bci i uzdrowienie w jego promieniach.<\/b><\/span><\/span><\/span><\/p>\n<p align=\"justify\">\n<p align=\"justify\">\n<p align=\"justify\">\n<p align=\"justify\">\n<p align=\"justify\">\n<p align=\"justify\"><span style=\"color: #000000;\"><span style=\"font-family: Book Antiqua, serif;\"><span style=\"font-size: large;\"><b>CZYTANIE Z DRUGIEGO LISTU \u015aWI\u0118TEGO PAW\u0141A APOSTO\u0141A DO TESALONICZAN: <\/b><\/span><\/span><\/span><\/p>\n<p align=\"justify\"><span style=\"color: #000000;\"><span style=\"font-family: Book Antiqua, serif;\"><span style=\"font-size: large;\"><b>Bracia: Sami wiecie, jak nale\u017cy nas na\u015bladowa\u0107, bo nie wzbudzali\u015bmy w\u015br\u00f3d was niepokoju ani u nikogo nie jedli\u015bmy za darmo chleba, ale pracowali\u015bmy w trudzie i zm\u0119czeniu, we dnie i w nocy, aby dla nikogo z was nie by\u0107 ci\u0119\u017carem. Nie jakoby\u015bmy nie mieli do tego prawa, lecz po to, aby da\u0107 wam samych siebie za przyk\u0142ad do na\u015bladowania. <\/b><\/span><\/span><\/span><\/p>\n<p align=\"justify\"><span style=\"color: #000000;\"><span style=\"font-family: Book Antiqua, serif;\"><span style=\"font-size: large;\"><b>Albowiem gdy byli\u015bmy u was, nakazywali\u015bmy wam tak: kto nie chce pracowa\u0107, niech te\u017c nie je. S\u0142yszymy bowiem, \u017ce niekt\u00f3rzy w\u015br\u00f3d was post\u0119puj\u0105 wbrew porz\u0105dkowi: wcale nie pracuj\u0105, lecz zajmuj\u0105 si\u0119 rzeczami niepotrzebnymi. <\/b><\/span><\/span><\/span><\/p>\n<p align=\"justify\"><span style=\"color: #000000;\"><span style=\"font-family: Book Antiqua, serif;\"><span style=\"font-size: large;\"><b>Tym przeto nakazujemy i napominamy ich w Panu Jezusie Chrystusie, aby pracuj\u0105c ze spokojem, w\u0142asny chleb jedli.<\/b><\/span><\/span><\/span><\/p>\n<p align=\"justify\">\n<p align=\"justify\">\n<p align=\"justify\">\n<p align=\"justify\">\n<p align=\"justify\">\n<p align=\"justify\"><span style=\"color: #000000;\"><span style=\"font-family: Book Antiqua, serif;\"><span style=\"font-size: large;\"><b>S\u0141OWA EWANGELII WED\u0141UG \u015aWI\u0118TEGO \u0141UKASZA:<\/b><\/span><\/span><\/span><\/p>\n<p align=\"justify\"><span style=\"color: #000000;\"><span style=\"font-family: Book Antiqua, serif;\"><span style=\"font-size: large;\"><b>Gdy niekt\u00f3rzy m\u00f3wili o \u015bwi\u0105tyni, \u017ce jest przyozdobiona pi\u0119knymi kamieniami i darami, Jezus powiedzia\u0142: \u201ePrzyjdzie czas, kiedy z tego, na co patrzycie, nie zostanie kamie\u0144 na kamieniu, kt\u00f3ry by nie by\u0142 zwalony\u201d. <\/b><\/span><\/span><\/span><\/p>\n<p align=\"justify\"><span style=\"color: #000000;\"><span style=\"font-family: Book Antiqua, serif;\"><span style=\"font-size: large;\"><b>Zapytali Go: \u201eNauczycielu, kiedy to nast\u0105pi? I jaki b\u0119dzie znak, gdy si\u0119 to dzia\u0107 zacznie?\u201d <\/b><\/span><\/span><\/span><\/p>\n<p align=\"justify\"><span style=\"color: #000000;\"><span style=\"font-family: Book Antiqua, serif;\"><span style=\"font-size: large;\"><b>Jezus odpowiedzia\u0142: \u201eStrze\u017ccie si\u0119, \u017ceby was nie zwiedziono. Wielu bowiem przyjdzie pod moim imieniem i b\u0119d\u0105 m\u00f3wi\u0107: \u00abJa jestem\u00bb oraz: \u00abnadszed\u0142 czas\u00bb. Nie chod\u017acie za nimi. I nie trw\u00f3\u017ccie si\u0119, gdy pos\u0142yszycie o wojnach i przewrotach. To najpierw musi si\u0119 sta\u0107, ale nie zaraz nast\u0105pi koniec\u201d. <\/b><\/span><\/span><\/span><\/p>\n<p align=\"justify\"><span style=\"color: #000000;\"><span style=\"font-family: Book Antiqua, serif;\"><span style=\"font-size: large;\"><b>Wtedy m\u00f3wi\u0142 do nich: \u201ePowstanie nar\u00f3d przeciw narodowi i kr\u00f3lestwo przeciw kr\u00f3lestwu. B\u0119d\u0105 silne trz\u0119sienia ziemi, a miejscami g\u0142\u00f3d i zaraza; uka\u017c\u0105 si\u0119 straszne zjawiska i wielkie znaki na niebie. <\/b><\/span><\/span><\/span><\/p>\n<p align=\"justify\"><span style=\"color: #000000;\"><span style=\"font-family: Book Antiqua, serif;\"><span style=\"font-size: large;\"><b>Lecz przed tym wszystkim podnios\u0105 na was r\u0119ce i b\u0119d\u0105 was prze\u015bladowa\u0107. Wydadz\u0105 was do synagog i do wi\u0119zie\u0144 oraz z powodu mojego imienia wlec was b\u0119d\u0105 do kr\u00f3l\u00f3w i namiestnik\u00f3w. B\u0119dzie to dla was sposobno\u015b\u0107 do sk\u0142adania \u015bwiadectwa. <\/b><\/span><\/span><\/span><\/p>\n<p align=\"justify\"><span style=\"color: #000000;\"><span style=\"font-family: Book Antiqua, serif;\"><span style=\"font-size: large;\"><b>Postan\u00f3wcie sobie w sercu nie obmy\u015bla\u0107 naprz\u00f3d swej obrony. Ja bowiem dam wam wymow\u0119 i m\u0105dro\u015b\u0107, kt\u00f3rej \u017caden z waszych prze\u015bladowc\u00f3w nie b\u0119dzie si\u0119 m\u00f3g\u0142 oprze\u0107 ani si\u0119 sprzeciwi\u0107. <\/b><\/span><\/span><\/span><\/p>\n<p align=\"justify\"><span style=\"color: #000000;\"><span style=\"font-family: Book Antiqua, serif;\"><span style=\"font-size: large;\"><b>A wydawa\u0107 was b\u0119d\u0105 nawet rodzice i bracia, krewni i przyjaciele i niekt\u00f3rych z was o \u015bmier\u0107 przyprawi\u0105. I z powodu mojego imienia b\u0119dziecie w nienawi\u015bci u wszystkich. Ale w\u0142os z g\u0142owy wam nie zginie. Przez swoj\u0105 wytrwa\u0142o\u015b\u0107 ocalicie wasze \u017cycie\u201d.<\/b><\/span><\/span><\/span><\/p>\n<p align=\"justify\">\n<p align=\"justify\">\n<p align=\"justify\">\n<p align=\"justify\">\n<p align=\"justify\">\n<p align=\"justify\"><span style=\"color: #000000;\"><span style=\"font-family: Book Antiqua, serif;\"><span style=\"font-size: large;\">S\u0142uchamy z wielk\u0105 uwag\u0105 s\u0142\u00f3w Jezusa, kt\u00f3ry w dzisiejszej Ewangelii m\u00f3wi: <i><b>Powstanie nar\u00f3d przeciw narodowi i kr\u00f3lestwo przeciw kr\u00f3lestwu. B\u0119d\u0105 silne trz\u0119sienia ziemi, a miejscami g\u0142\u00f3d i zaraza; uka\u017c\u0105 si\u0119 straszne zjawiska i wielkie znaki na niebie. Lecz przed tym wszystkim podnios\u0105 na was r\u0119ce i b\u0119d\u0105 was prze\u015bladowa\u0107. Wydadz\u0105 was do synagog i do wi\u0119zie\u0144 oraz z powodu mojego imienia wlec was b\u0119d\u0105 do kr\u00f3l\u00f3w i namiestnik\u00f3w.<\/b><\/i><b> <\/b><\/span><\/span><\/span><\/p>\n<p align=\"justify\"><span style=\"color: #000000;\"><span style=\"font-family: Book Antiqua, serif;\"><span style=\"font-size: large;\">I dalej: <i><b>W<\/b><\/i><i><b>ydawa\u0107 was b\u0119d\u0105 nawet rodzice i bracia, krewni i przyjaciele i niekt\u00f3rych z was o \u015bmier\u0107 przyprawi\u0105. I z powodu mojego imienia b\u0119dziecie w nienawi\u015bci u wszystkich.<\/b><\/i><\/span><\/span><\/span><\/p>\n<p align=\"justify\"><span style=\"color: #000000;\"><span style=\"font-family: Book Antiqua, serif;\"><span style=\"font-size: large;\">S\u0142uchamy z uwag\u0105 tych s\u0142\u00f3w i zastanawiamy si\u0119, czy to aby <b>nie o naszych czasach mowa?<\/b> Bo jako\u015b nam te s\u0142owa pasuj\u0105 do tego, co widzimy wok\u00f3\u0142 siebie i w \u015bwiecie: ci\u0105gle jaki\u015b nar\u00f3d powstaje przeciwko drugiemu narodowi, kr\u00f3lestwo przeciw kr\u00f3lestwu. I to nie tylko w tych wymiarach mi\u0119dzynarodowych, ale i tych mi\u0119dzyludzkich<b>, w obr\u0119bie rodziny czy s\u0105siedztwa:<\/b> cz\u0142owiek powstaje przeciwko cz\u0142owiekowi, pot\u0119\u017cne konflikty rozbijaj\u0105 nasze rodziny i miejsca pracy, nie m\u00f3wi\u0105c ju\u017c o \u015bwiecie polityki. <\/span><\/span><\/span><\/p>\n<p align=\"justify\"><span style=\"color: #000000;\"><span style=\"font-family: Book Antiqua, serif;\"><span style=\"font-size: large;\">Widzimy tak\u017ce wyra\u017ane znaki w przyrodzie i w \u015bwiecie \u2013 r\u00f3wnie\u017c dzisiaj zapowiedziane: <i><b>silne trz\u0119sienia ziemi, a miejscami g\u0142\u00f3d i zaraza;<\/b><\/i><b> [\u2026] <\/b><i><b>straszne zjawiska i wielkie znaki na niebie.<\/b><\/i><i> <\/i>A i prze\u015bladowania wyznawc\u00f3w Chrystusa dokonuj\u0105 si\u0119 w spos\u00f3b bardzo brutalny \u2013 te, o kt\u00f3rych mowa w nast\u0119pnym zdaniu. Czy\u017cby zatem rzeczywi\u015bcie <b>wype\u0142nia\u0142o si\u0119 ju\u017c to, o czym dzi\u015b s\u0142yszymy?<\/b> <\/span><\/span><\/span><\/p>\n<p align=\"justify\"><span style=\"color: #000000;\"><span style=\"font-family: Book Antiqua, serif;\"><span style=\"font-size: large;\">Ale przecie\u017c \u2013 z drugiej strony \u2013 mamy \u015bwiadomo\u015b\u0107, \u017ce Jezus s\u0142owa te wypowiedzia\u0142 dwa tysi\u0105ce lat temu i na przestrzeni ca\u0142ego tego okresu <b>wiele razy mia\u0142o miejsce<\/b> to, o czym dzisiaj mowa \u2013 a dzie\u0144 S\u0105du nie nasta\u0142. I ko\u0144ca \u015bwiata nie by\u0142o. Co nie oznacza, \u017ce nie mo\u017ce <b>nasta\u0107 za pi\u0119\u0107 minut. Owszem \u2013 mo\u017ce.<\/b> Dlatego trzeba, aby\u015bmy si\u0119 uwa\u017cnie ws\u0142uchali w to, co Jezus chce nam dzisiaj tak naprawd\u0119 powiedzie\u0107.<\/span><\/span><\/span><\/p>\n<p align=\"justify\"><span style=\"color: #000000;\"><span style=\"font-family: Book Antiqua, serif;\"><span style=\"font-size: large;\">A On, przedstawiaj\u0105c wizj\u0119 owych trudno\u015bci i strasznych rzeczy, kt\u00f3re maj\u0105 nasta\u0107, <b>przeplata je zapowiedziami swojej obecno\u015bci,<\/b> opieki i pomocy w tym wszystkim, co ma nadej\u015b\u0107. M\u00f3wi te\u017c, \u017ce te wszystkie straszne \u2013 tak po ludzku \u2013 zjawiska mog\u0105 sta\u0107 si\u0119 okoliczno\u015bci\u0105 sprzyjaj\u0105c\u0105 kszta\u0142towaniu naprawd\u0119 <b>wspania\u0142ych ludzkich postaw! <\/b>Wszak s\u0142yszmy takie Jego s\u0142owa: <i><b>Postan\u00f3wcie sobie w sercu nie obmy\u015bla\u0107 naprz\u00f3d swej obrony. Ja bowiem dam wam wymow\u0119 i m\u0105dro\u015b\u0107, kt\u00f3rej \u017caden z waszych prze\u015bladowc\u00f3w nie b\u0119dzie si\u0119 m\u00f3g\u0142 oprze\u0107 ani si\u0119 sprzeciwi\u0107. <\/b><\/i><\/span><\/span><\/span><\/p>\n<p align=\"justify\"><span style=\"color: #000000;\"><span style=\"font-family: Book Antiqua, serif;\"><span style=\"font-size: large;\">My\u015bl\u0119, \u017ce przyk\u0142ady wielu bohaterskich \u015awi\u0119tych potwierdzaj\u0105 wype\u0142nienie si\u0119 tych zapowiedzi Jezusa. O ile bowiem prze\u015bladowcy mogli wykaza\u0107 si\u0119 tylko <b>t\u0119p\u0105 w\u015bciek\u0142o\u015bci\u0105 i bezmy\u015bln\u0105 si\u0142\u0105,<\/b> o tyle uczniowie Jezusa zawsze pokazywali swoj\u0105 <b>wielko\u015b\u0107 i honor!<\/b> I je\u017celi nawet oddawali \u017cycie \u2013 a cz\u0119sto, niestety, oddawali i dzisiaj wielu z nich je oddaje w r\u00f3\u017cnych cz\u0119\u015bciach \u015bwiata \u2013 to zawsze w\u0142a\u015bnie <b>to <\/b><b>oni byli moralnymi zwyci\u0119zcami,<\/b> nie ich prze\u015bladowcy! Widzimy zatem, \u017ce ta zapowied\u017a Jezusa si\u0119 wype\u0142ni\u0142a i ci\u0105gle wype\u0142nia. <\/span><\/span><\/span><\/p>\n<p align=\"justify\"><span style=\"color: #000000;\"><span style=\"font-family: Book Antiqua, serif;\"><span style=\"font-size: large;\">Mo\u017cemy natomiast \u017cywi\u0107 niejakie w\u0105tpliwo\u015bci co do nast\u0119pnej optymistycznej zapowiedzi Jezusa, w kt\u00f3rej s\u0142yszymy: <i><b>Z powodu mojego imienia b\u0119dziecie w nienawi\u015bci u wszystkich. Ale w\u0142os z g\u0142owy wam nie zginie. Przez swoj\u0105 wytrwa\u0142o\u015b\u0107 ocalicie wasze \u017cycie.<\/b><\/i><b> <\/b>Tutaj rzeczywi\u015bcie mog\u0105 si\u0119 pojawi\u0107 w\u0105tpliwo\u015bci, bo przecie\u017c wiemy, \u017ce nie tylko w\u0142os z g\u0142owy, <b>ale i ca\u0142a g\u0142owa nieraz spad\u0142a,<\/b> i inne cz\u0119\u015bci cia\u0142a, i <b>wielkie cierpienia<\/b> zadawane by\u0142y \u2013 i ci\u0105gle s\u0105 zadawane \u2013 uczniom Chrystusa. Dlaczego wi\u0119c Jezus tak m\u00f3wi? <\/span><\/span><\/span><\/p>\n<p align=\"justify\"><span style=\"color: #000000;\"><span style=\"font-family: Book Antiqua, serif;\"><span style=\"font-size: large;\">Dobrze wiemy \u2013 m\u00f3wi tak <b>w perspektywie \u017cycia wiecznego.<\/b> Na pewno, na takie rozumienie ca\u0142ej sprawy naprowadza nas pierwsze dzisiejsze czytanie, z Ksi\u0119gi Proroka Malachiasza, gdzie s\u0142yszymy nast\u0119puj\u0105c\u0105 zapowied\u017a: <i><b>Oto nadchodzi dzie\u0144 pal\u0105cy jak piec, a wszyscy pyszni i wszyscy wyrz\u0105dzaj\u0105cy krzywd\u0119 b\u0119d\u0105 s\u0142om\u0105, wi\u0119c spali ich ten nadchodz\u0105cy dzie\u0144, m\u00f3wi Pan Zast\u0119p\u00f3w, tak \u017ce nie pozostawi po nich ani korzenia, ani ga\u0142\u0105zki. A dla was, czcz\u0105cych moje imi\u0119, wzejdzie s\u0142o\u0144ce sprawiedliwo\u015bci i uzdrowienie w jego promieniach.<\/b><\/i><\/span><\/span><\/span><\/p>\n<p align=\"justify\"><span style=\"color: #000000;\"><span style=\"font-family: Book Antiqua, serif;\"><span style=\"font-size: large;\">Chcia\u0142oby si\u0119 powiedzie\u0107, \u017ce to bardzo <b>\u015bwietlista i ognista wizja!<\/b> \u00d3w dzie\u0144 \u2013 dzie\u0144 S\u0105du \u2013 ma by\u0107 dniem \u00abpal\u0105cym jak piec\u00bb, kt\u00f3ry <b>jak s\u0142om\u0119 spali<\/b> pysznych i wyrz\u0105dzaj\u0105cych krzywd\u0119, ale dla sprawiedliwych b\u0119dzie \u017ar\u00f3d\u0142em \u015bwiat\u0142a i zdrowia. Trudno o wizj\u0119 bardziej sugestywn\u0105 i bardziej przemawiaj\u0105c\u0105 do wyobra\u017ani. To w\u0142a\u015bnie w tym dniu oka\u017ce si\u0119, \u017ce <b>warto by\u0142o pozosta\u0107 przy Jezusie<\/b> i warto by\u0142o by\u0107 sprawiedliwym do ko\u0144ca, warto by\u0142o <b>odwa\u017cnie o Nim \u015bwiadczy\u0107<\/b> przed lud\u017ami. <\/span><\/span><\/span><\/p>\n<p align=\"justify\"><span style=\"color: #000000;\"><span style=\"font-family: Book Antiqua, serif;\"><span style=\"font-size: large;\">Ale mo\u017ce kto\u015b zapyta: jak dawa\u0107 to \u015bwiadectwo? <b>Jakich<\/b> <b>szczeg\u00f3lnych i wielkich rzeczy dokona\u0107,<\/b> aby spodoba\u0107 si\u0119 Bogu? Oczywi\u015bcie, okazji do tego nigdy nie zabraknie w naszym \u017cyciu i sposob\u00f3w dania \u015bwiadectwa tak\u017ce. Jednak nie musimy ich na si\u0142\u0119 szuka\u0107 i nie musimy <b>nastawia\u0107 si\u0119 <\/b><b>od razu <\/b><b>na rzeczy wielkie.<\/b> Owszem, takie r\u00f3wnie\u017c mog\u0105 si\u0119 zdarzy\u0107 \u2013 ale nie musz\u0105. <\/span><\/span><\/span><\/p>\n<p align=\"justify\"><span style=\"color: #000000;\"><span style=\"font-family: Book Antiqua, serif;\"><span style=\"font-size: large;\">\u015awi\u0119ty Pawe\u0142, w dzisiejszym drugim czytaniu, podaje spos\u00f3b bardzo prosty \u2013 chcia\u0142oby si\u0119 wr\u0119cz powiedzie\u0107: <b>banalnie prosty.<\/b> Mo\u017ce a\u017c za prosty. Bo najpierw daje takie \u015bwiadectwo o swojej pos\u0142udze: <i><b>Sami wiecie, jak nale\u017cy nas na\u015bladowa\u0107, bo nie wzbudzali\u015bmy w\u015br\u00f3d was niepokoju ani u nikogo nie jedli\u015bmy za darmo chleba, ale pracowali\u015bmy w trudzie i zm\u0119czeniu, we dnie i w nocy, aby dla nikogo z was nie by\u0107 ci\u0119\u017carem. Nie jakoby\u015bmy nie mieli do tego prawa, lecz po to, aby da\u0107 wam samych siebie za przyk\u0142ad do na\u015bladowania.<\/b><\/i> <\/span><\/span><\/span><\/p>\n<p align=\"justify\"><span style=\"color: #000000;\"><span style=\"font-family: Book Antiqua, serif;\"><span style=\"font-size: large;\">W\u0142a\u015bnie, wiemy, \u017ce Pawe\u0142 do\u015b\u0107 cz\u0119sto <b>nie korzysta\u0142 z utrzymania<\/b> ze strony swoich uczni\u00f3w \u2013 do czego, jak wyra\u017anie podkre\u015bla, <b>mia\u0142 prawo<\/b> \u2013 ale g\u0142osz\u0105c im Bo\u017ce s\u0142owo, jednocze\u015bnie <b>zarabia\u0142 na swoje utrzymanie. <\/b>Tak nie by\u0142o zawsze, ale tak by\u0142o do\u015b\u0107 cz\u0119sto. I dzisiaj o tym wspomina. <\/span><\/span><\/span><\/p>\n<p align=\"justify\"><span style=\"color: #000000;\"><span style=\"font-family: Book Antiqua, serif;\"><span style=\"font-size: large;\">Po czym przestrzega: <i><b>Albowiem gdy byli\u015bmy u was, nakazywali\u015bmy wam tak: kto nie chce pracowa\u0107, niech te\u017c nie je. S\u0142yszymy bowiem, \u017ce niekt\u00f3rzy w\u015br\u00f3d was post\u0119puj\u0105 wbrew porz\u0105dkowi: wcale nie pracuj\u0105, lecz zajmuj\u0105 si\u0119 rzeczami niepotrzebnymi. Tym przeto nakazujemy i napominamy ich w Panu Jezusie Chrystusie, aby pracuj\u0105c ze spokojem, w\u0142asny chleb jedli.<\/b><\/i> <\/span><\/span><\/span><\/p>\n<p align=\"justify\"><span style=\"color: #000000;\"><span style=\"font-family: Book Antiqua, serif;\"><span style=\"font-size: large;\">Pawe\u0142, je\u017celi nawet nie zarabia\u0142 wprost na swoje utrzymanie, a korzysta\u0142 z utrzymania ze strony niekt\u00f3rych Gmin chrze\u015bcija\u0144skich, to jednak nie zajmowa\u0142 si\u0119 w\u00f3wczas <i><b>rzeczami niepotrzebnymi,<\/b><\/i> ale w\u0142a\u015bnie <b>potrzebnymi,<\/b> a wr\u0119cz bardzo potrzebnymi: pracowa\u0142 na niwie Bo\u017cej, spe\u0142nia\u0142 <b>pos\u0142ug\u0119 apostolsk\u0105.<\/b> I to dawa\u0142o mu prawo do korzystania z pracy innych, kt\u00f3rzy wdzi\u0119czni za pos\u0142ug\u0119 duchow\u0105, <b>zapewniali codzienne utrzymanie.<\/b> <\/span><\/span><\/span><\/p>\n<p align=\"justify\"><span style=\"color: #000000;\"><span style=\"font-family: Book Antiqua, serif;\"><span style=\"font-size: large;\">Natomiast w tych powy\u017cszych s\u0142owach jest mocna przestroga pod adresem tych, kt\u00f3rzy <i><b>wcale nie pracuj\u0105, lecz zajmuj\u0105 si\u0119 rzeczami niepotrzebnymi.<\/b><\/i><b> <\/b>Jak twardo stwierdza Pawe\u0142, ludzie ci <i><b>post\u0119puj\u0105 wbrew porz\u0105dkowi!<\/b><\/i> Bo tak nie mo\u017cna post\u0119powa\u0107! Nie mo\u017cna \u017cerowa\u0107 bezczynnie na pracy innych. Aposto\u0142 m\u00f3wi wprost: <i><b>K<\/b><\/i><i><b>to nie chce pracowa\u0107, niech te\u017c nie je.<\/b><\/i> <\/span><\/span><\/span><\/p>\n<p align=\"justify\"><span style=\"color: #000000;\"><span style=\"font-family: Book Antiqua, serif;\"><span style=\"font-size: large;\">Powiedzieliby\u015bmy: oczywista oczywisto\u015b\u0107! Tak, to prawda. Ale zapewne trzeba by\u0142o o tym wspomnie\u0107, skoro takie postawy si\u0119 pojawia\u0142y. I to pojawia\u0142y si\u0119 \u2013 zauwa\u017cmy! \u2013 <b>w\u015br\u00f3d chrze\u015bcijan, uczni\u00f3w Chrystusa!<\/b> To przecie\u017c do nich zwraca si\u0119 Aposto\u0142 w swoich Listach. I skoro pi\u0119tnuje takie, czy inne zachowania, daj\u0105c przy tym konkretne wskazania \u2013 takie chocia\u017cby, jak te dzisiejsze \u2013 to w\u0142a\u015bnie dlatego, \u017ce <b>takie niew\u0142a\u015bciwe <\/b><b>zachowania<\/b><b> zauwa\u017cy\u0142 w\u015br\u00f3d<\/b> <b>swoich ludzi, <\/b>w\u015br\u00f3d swoich uczni\u00f3w. <\/span><\/span><\/span><\/p>\n<p align=\"justify\"><span style=\"color: #000000;\"><span style=\"font-family: Book Antiqua, serif;\"><span style=\"font-size: large;\">Mo\u017ce nas to dziwi, bo ca\u0142y czas mamy przed oczami i w sercu obraz pierwszych chrze\u015bcijan <b>jako takich Bo\u017cych szale\u0144c\u00f3w,<\/b> kt\u00f3rzy wszystko oddaj\u0105 dla Boga, kt\u00f3rzy si\u0119 bezgranicznie <b>po\u015bwi\u0119caj\u0105 dla spraw Bo\u017cego kr\u00f3lestwa.<\/b> Owszem, tacy te\u017c byli \u2013 i by\u0142o ich niema\u0142o. Ale byli te\u017c zwykli <b>leserzy, kombinatorzy, cwaniacy, <\/b>co to za bardzo si\u0119 um\u0119czy\u0107 przy pracy nie chcieli, ale zakombinowa\u0107 i szybko, \u0142atwo zarobi\u0107 \u2013 jak najbardziej. Takich postaw \u2013 jak to wynika z List\u00f3w \u015awi\u0119tego Paw\u0142a \u2013 w\u00f3wczas, niestety, <b>r\u00f3wnie\u017c <\/b><b>nie brakowa\u0142o. <\/b><\/span><\/span><\/span><\/p>\n<p align=\"justify\"><span style=\"color: #000000;\"><span style=\"font-family: Book Antiqua, serif;\"><span style=\"font-size: large;\">I to w\u0142a\u015bnie tacy ludzie byli owymi nieprzygotowanymi na nadej\u015bcie dnia ostatniego. To w\u0142a\u015bnie do nich odnosi si\u0119 zapowied\u017a, i\u017c <i><b>spali ich ten nadchodz\u0105cy dzie\u0144<\/b><\/i><b> \u2013 <\/b>jak si\u0119 wyra\u017ca Autor natchniony w pierwszym czytaniu. To oni stan\u0119li wobec takiego zagro\u017cenia. A dlaczego? A dlatego, \u017ce byli nieprzygotowani. A dlaczego byli nieprzygotowani? Bo <b>zaj<\/b><b>mowali <\/b><b>si\u0119 rzeczami niepotrzebnymi. <\/b><\/span><\/span><\/span><\/p>\n<p align=\"justify\"><span style=\"color: #000000;\"><span style=\"font-family: Book Antiqua, serif;\"><span style=\"font-size: large;\">Przeto wniosek dla nas prosty: <b>mamy si\u0119 zajmowa\u0107 rzeczami potrzebnymi! <\/b>Ot, po prostu. W ten spos\u00f3b mamy si\u0119 przygotowa\u0107 na nadej\u015bcie tego dnia, kt\u00f3ry \u2013 podkre\u015blmy to jeszcze raz bardzo mocno \u2013 <b>przyjdzie niespodziewanie.<\/b> W ten spos\u00f3b mamy si\u0119 przygotowa\u0107, a tak dok\u0142adniej: w ten spos\u00f3b mamy by\u0107 <b>stale przygotowani:<\/b> zajmuj\u0105c si\u0119 <b>rzeczami potrzebnymi. <\/b><\/span><\/span><\/span><\/p>\n<p align=\"justify\"><span style=\"color: #000000;\"><span style=\"font-family: Book Antiqua, serif;\"><span style=\"font-size: large;\">Ale tu kolejny problem: <b>jakie <\/b><b>to <\/b><b>s\u0105 te rzeczy potrzebne? <\/b>O czym mowa? No, c\u00f3\u017c \u2013 na to pytanie to ju\u017c <b>ka\u017cdy z nas musi sobie odpowiedzie\u0107 sam:<\/b> kt\u00f3re nasze prace i zaj\u0119cia, kt\u00f3re nasze zainteresowania i plany <b>s\u0142u\u017c\u0105 czemu\u015b dobremu<\/b> i do dobrego celu prowadz\u0105, <b>a kt\u00f3r<\/b><b>e<\/b><b> s\u0105 grzechem,<\/b> okazj\u0105 do grzechu, zgorszeniem dla innych, a przynajmniej: zmarnowaniem czasu. Ka\u017cdy z nas z pewno\u015bci\u0105 b\u0119dzie w stanie wskaza\u0107 zar\u00f3wno jedne, jak i drugie rzeczy. <b>Te potrzebne \u2013 i te niepotrzebne. <\/b><\/span><\/span><\/span><\/p>\n<p align=\"justify\"><span style=\"color: #000000;\"><span style=\"font-family: Book Antiqua, serif;\"><span style=\"font-size: large;\">Warto jednak zwr\u00f3ci\u0107 uwag\u0119 \u2013 na podstawie przyk\u0142adu Aposto\u0142a Paw\u0142a \u2013 \u017ce <b>rzeczy potrzebne<\/b> to nie tylko te doczesne, s\u0142u\u017c\u0105ce rozwi\u0105zywaniu dora\u017anych problem\u00f3w i zaspokajaniu doczesnych potrzeb. Pawe\u0142 w\u0142a\u015bnie dlatego korzysta\u0142 niekiedy z utrzymania ze strony swoich uczni\u00f3w \u2013 a je\u015bli nawet nie korzysta\u0142, to jasno podkre\u015bla\u0142, \u017ce ma takie prawo \u2013 bo zajmowa\u0142 si\u0119 rzeczami potrzebnymi, czyli <b>g\u0142oszeniem im kr\u00f3lestwa Bo\u017cego.<\/b> <\/span><\/span><\/span><\/p>\n<p align=\"justify\"><span style=\"color: #000000;\"><span style=\"font-family: Book Antiqua, serif;\"><span style=\"font-size: large;\">Moi Drodzy, powiedzmy sobie szczerze, \u017ce tego typu dzia\u0142alno\u015b\u0107, a wi\u0119c <b>trosk\u0119 o sprawy duchowe,<\/b> rozw\u00f3j swojej wiary, modlitw\u0119 i przyjmowanie Sakrament\u00f3w \u015awi\u0119tych, refleksj\u0119 nad swoim \u017cyciem, prac\u0119 nad swoim charakterem \u2013 to wszystko wielu z nas <b>dzisiaj zalicza do rzeczy niepotrzebnych.<\/b> A przynajmniej \u2013 nie na teraz. <\/span><\/span><\/span><\/p>\n<p align=\"justify\"><span style=\"color: #000000;\"><span style=\"font-family: Book Antiqua, serif;\"><span style=\"font-size: large;\">Bo albo uwa\u017camy, \u017ce <b>na to b\u0119dzie jeszcze czas,<\/b> albo \u017ce to <b>jaka\u015b fikcja,<\/b> skoro efekt\u00f3w takiej pracy nie da si\u0119 zwa\u017cy\u0107 i zmierzy\u0107, a i do garnka nic si\u0119 z tego nie w\u0142o\u017cy, i na koncie nie przyb\u0119dzie. Taka <b>robota w pr\u00f3\u017cni\u0119, para w gwizdek<\/b> \u2013 jak uwa\u017caj\u0105 niekt\u00f3rzy. <\/span><\/span><\/span><\/p>\n<p align=\"justify\"><span style=\"color: #000000;\"><span style=\"font-family: Book Antiqua, serif;\"><span style=\"font-size: large;\">No, c\u00f3\u017c\u2026 Czy warto polemizowa\u0107 z takimi pogl\u0105dami i wytacza\u0107 s\u0105\u017cniste argumenty w dyskusji? Warto. Nigdy do\u015b\u0107 rozmowy na te tematy. <\/span><\/span><\/span><\/p>\n<p align=\"justify\"><span style=\"color: #000000;\"><span style=\"font-family: Book Antiqua, serif;\"><span style=\"font-size: large;\">Z drugiej jednak strony chcia\u0142oby si\u0119 powiedzie\u0107: <b>B\u0105d\u017amy powa\u017cni i trak<\/b><b>t<\/b><b>ujmy si\u0119 powa\u017cnie!<\/b> Ka\u017cdy z nas <b>doskonale wie,<\/b> co jest tak naprawd\u0119 w jego \u017cyciu potrzebne, a co jest zupe\u0142nie niepotrzebne; co s\u0142u\u017cy wi\u0119kszemu dobru, a co nie s\u0142u\u017cy; co niesie ze sob\u0105 prawdziwy po\u017cytek, a co jest zwyk\u0142\u0105 par\u0105 w gwizdek. Ka\u017cdy z nas to wie. <b>A co z t\u0105 wiedz\u0105 zrobi,<\/b> to ju\u017c jest kwesti\u0105 osobistej odpowiedzialno\u015bci ka\u017cdego. <\/span><\/span><\/span><\/p>\n<p align=\"justify\"><span style=\"color: #000000;\"><span style=\"font-family: Book Antiqua, serif;\"><span style=\"font-size: large;\">Na pewno, co\u015b Panu Bogu na S\u0105dzie trzeba b\u0119dzie powiedzie\u0107 o swoim \u017cyciu. Mo\u017ce wi\u0119c lepiej zacz\u0105\u0107 zajmowa\u0107 si\u0119 \u2013 tak na powa\u017cnie \u2013 <b>tylko rzeczami potrzebnymi\u2026 <\/b><\/span><\/span><\/span><\/p>\n","protected":false},"excerpt":{"rendered":"<p>Niech b\u0119dzie pochwalony Jezus Chrystus! Moi Drodzy, w dniu dzisiejszym imieniny prze\u017cywa Profesor El\u017cbieta Szczot, moja Kole\u017canka ze wsp\u00f3lnej pracy w Katedrze Prawa Sakrament\u00f3w \u015awi\u0119tych na KUL. \u017bycz\u0119 Solenizantce, aby zawsze cieszy\u0142a si\u0119 Bo\u017cym b\u0142ogos\u0142awie\u0144stwem i ludzk\u0105 \u017cyczliwo\u015bci\u0105. Zapewniam o modlitwie! Na g\u0142\u0119bokie i radosne prze\u017cywanie Dnia Pa\u0144skiego \u2013 niech Was b\u0142ogos\u0142awi B\u00f3g Wszechmog\u0105cy: Ojciec [&hellip;]<\/p>\n","protected":false},"author":1,"featured_media":0,"comment_status":"open","ping_status":"open","sticky":false,"template":"","format":"standard","meta":{"jetpack_post_was_ever_published":false,"_jetpack_newsletter_access":"","_jetpack_dont_email_post_to_subs":false,"_jetpack_newsletter_tier_id":0,"_jetpack_memberships_contains_paywalled_content":false,"_jetpack_memberships_contains_paid_content":false,"footnotes":""},"categories":[1],"tags":[],"class_list":["post-16159","post","type-post","status-publish","format-standard","hentry","category-bez-kategorii"],"yoast_head":"<!-- This site is optimized with the Yoast SEO plugin v25.1 - https:\/\/yoast.com\/wordpress\/plugins\/seo\/ -->\n<title>Zajmowa\u0107 si\u0119 rzeczami potrzebnymi! - Gaudium Et Spes<\/title>\n<meta name=\"robots\" content=\"index, follow, max-snippet:-1, max-image-preview:large, max-video-preview:-1\" \/>\n<link rel=\"canonical\" href=\"https:\/\/gaudiumetspes-blog.pl\/index.php\/2019\/11\/17\/zajmowac-sie-rzeczami-potrzebnymi\/\" \/>\n<meta property=\"og:locale\" content=\"pl_PL\" \/>\n<meta property=\"og:type\" content=\"article\" \/>\n<meta property=\"og:title\" content=\"Zajmowa\u0107 si\u0119 rzeczami potrzebnymi! - Gaudium Et Spes\" \/>\n<meta property=\"og:description\" content=\"Niech b\u0119dzie pochwalony Jezus Chrystus! Moi Drodzy, w dniu dzisiejszym imieniny prze\u017cywa Profesor El\u017cbieta Szczot, moja Kole\u017canka ze wsp\u00f3lnej pracy w Katedrze Prawa Sakrament\u00f3w \u015awi\u0119tych na KUL. \u017bycz\u0119 Solenizantce, aby zawsze cieszy\u0142a si\u0119 Bo\u017cym b\u0142ogos\u0142awie\u0144stwem i ludzk\u0105 \u017cyczliwo\u015bci\u0105. Zapewniam o modlitwie! Na g\u0142\u0119bokie i radosne prze\u017cywanie Dnia Pa\u0144skiego \u2013 niech Was b\u0142ogos\u0142awi B\u00f3g Wszechmog\u0105cy: Ojciec [&hellip;]\" \/>\n<meta property=\"og:url\" content=\"https:\/\/gaudiumetspes-blog.pl\/index.php\/2019\/11\/17\/zajmowac-sie-rzeczami-potrzebnymi\/\" \/>\n<meta property=\"og:site_name\" content=\"Gaudium Et Spes\" \/>\n<meta property=\"article:published_time\" content=\"2019-11-17T04:41:45+00:00\" \/>\n<meta property=\"article:modified_time\" content=\"2019-11-17T17:27:21+00:00\" \/>\n<meta name=\"author\" content=\"Ks. Jacek\" \/>\n<meta name=\"twitter:card\" content=\"summary_large_image\" \/>\n<meta name=\"twitter:label1\" content=\"Napisane przez\" \/>\n\t<meta name=\"twitter:data1\" content=\"Ks. Jacek\" \/>\n\t<meta name=\"twitter:label2\" content=\"Szacowany czas czytania\" \/>\n\t<meta name=\"twitter:data2\" content=\"13 minut\" \/>\n<script type=\"application\/ld+json\" class=\"yoast-schema-graph\">{\"@context\":\"https:\/\/schema.org\",\"@graph\":[{\"@type\":\"WebPage\",\"@id\":\"https:\/\/gaudiumetspes-blog.pl\/index.php\/2019\/11\/17\/zajmowac-sie-rzeczami-potrzebnymi\/\",\"url\":\"https:\/\/gaudiumetspes-blog.pl\/index.php\/2019\/11\/17\/zajmowac-sie-rzeczami-potrzebnymi\/\",\"name\":\"Zajmowa\u0107 si\u0119 rzeczami potrzebnymi! - Gaudium Et Spes\",\"isPartOf\":{\"@id\":\"https:\/\/gaudiumetspes-blog.pl\/#website\"},\"datePublished\":\"2019-11-17T04:41:45+00:00\",\"dateModified\":\"2019-11-17T17:27:21+00:00\",\"author\":{\"@id\":\"https:\/\/gaudiumetspes-blog.pl\/#\/schema\/person\/1661982992b752dea8dff0d4ed845a65\"},\"breadcrumb\":{\"@id\":\"https:\/\/gaudiumetspes-blog.pl\/index.php\/2019\/11\/17\/zajmowac-sie-rzeczami-potrzebnymi\/#breadcrumb\"},\"inLanguage\":\"pl-PL\",\"potentialAction\":[{\"@type\":\"ReadAction\",\"target\":[\"https:\/\/gaudiumetspes-blog.pl\/index.php\/2019\/11\/17\/zajmowac-sie-rzeczami-potrzebnymi\/\"]}]},{\"@type\":\"BreadcrumbList\",\"@id\":\"https:\/\/gaudiumetspes-blog.pl\/index.php\/2019\/11\/17\/zajmowac-sie-rzeczami-potrzebnymi\/#breadcrumb\",\"itemListElement\":[{\"@type\":\"ListItem\",\"position\":1,\"name\":\"Strona g\u0142\u00f3wna\",\"item\":\"https:\/\/gaudiumetspes-blog.pl\/\"},{\"@type\":\"ListItem\",\"position\":2,\"name\":\"Zajmowa\u0107 si\u0119 rzeczami potrzebnymi!\"}]},{\"@type\":\"WebSite\",\"@id\":\"https:\/\/gaudiumetspes-blog.pl\/#website\",\"url\":\"https:\/\/gaudiumetspes-blog.pl\/\",\"name\":\"Gaudium Et Spes\",\"description\":\"Blog Ks. Jacka Ja\u015bkowskiego\",\"potentialAction\":[{\"@type\":\"SearchAction\",\"target\":{\"@type\":\"EntryPoint\",\"urlTemplate\":\"https:\/\/gaudiumetspes-blog.pl\/?s={search_term_string}\"},\"query-input\":{\"@type\":\"PropertyValueSpecification\",\"valueRequired\":true,\"valueName\":\"search_term_string\"}}],\"inLanguage\":\"pl-PL\"},{\"@type\":\"Person\",\"@id\":\"https:\/\/gaudiumetspes-blog.pl\/#\/schema\/person\/1661982992b752dea8dff0d4ed845a65\",\"name\":\"Ks. Jacek\",\"image\":{\"@type\":\"ImageObject\",\"inLanguage\":\"pl-PL\",\"@id\":\"https:\/\/gaudiumetspes-blog.pl\/#\/schema\/person\/image\/\",\"url\":\"https:\/\/gaudiumetspes-blog.pl\/wp-content\/uploads\/2019\/07\/avatar-JJ-150x150.jpg\",\"contentUrl\":\"https:\/\/gaudiumetspes-blog.pl\/wp-content\/uploads\/2019\/07\/avatar-JJ-150x150.jpg\",\"caption\":\"Ks. Jacek\"},\"description\":\"Witam serdecznie! K\u0142ania si\u0119 Ks. Jacek Ja\u015bkowski. Nie jestem ani kim\u015b wa\u017cnym, ani kim\u015b znanym. Jestem ksi\u0119dzem, kt\u00f3ry po prostu chce rozmawia\u0107. Codzienna kap\u0142a\u0144ska pos\u0142uga pokazuje mi, \u017ce temat\u00f3w do rozm\u00f3w z ksi\u0119dzem jest coraz wi\u0119cej i dzisiaj \u017caden ksi\u0105dz nie mo\u017ce od nich ucieka\u0107, ale - wprost przeciwnie - podejmowa\u0107 nowe wyzwania. To przekonanie sk\u0142oni\u0142o mnie do pr\u00f3by otwarcia tego\u017c bloga, chocia\u017c okazji do rozm\u00f3w na co dzie\u0144 - w konfesjonale i poza nim - na szcz\u0119\u015bcie nie brakuje. My\u015bl\u0119 jednak, \u017ce ten blog b\u0119dzie jeszcze jednym sposobem i przestrzeni\u0105 nawi\u0105zania kontaktu z lud\u017ami dobrej woli, otwartymi na dialog.\",\"url\":\"https:\/\/gaudiumetspes-blog.pl\/index.php\/author\/ks-jacek\/\"}]}<\/script>\n<!-- \/ Yoast SEO plugin. -->","yoast_head_json":{"title":"Zajmowa\u0107 si\u0119 rzeczami potrzebnymi! - Gaudium Et Spes","robots":{"index":"index","follow":"follow","max-snippet":"max-snippet:-1","max-image-preview":"max-image-preview:large","max-video-preview":"max-video-preview:-1"},"canonical":"https:\/\/gaudiumetspes-blog.pl\/index.php\/2019\/11\/17\/zajmowac-sie-rzeczami-potrzebnymi\/","og_locale":"pl_PL","og_type":"article","og_title":"Zajmowa\u0107 si\u0119 rzeczami potrzebnymi! - Gaudium Et Spes","og_description":"Niech b\u0119dzie pochwalony Jezus Chrystus! Moi Drodzy, w dniu dzisiejszym imieniny prze\u017cywa Profesor El\u017cbieta Szczot, moja Kole\u017canka ze wsp\u00f3lnej pracy w Katedrze Prawa Sakrament\u00f3w \u015awi\u0119tych na KUL. \u017bycz\u0119 Solenizantce, aby zawsze cieszy\u0142a si\u0119 Bo\u017cym b\u0142ogos\u0142awie\u0144stwem i ludzk\u0105 \u017cyczliwo\u015bci\u0105. Zapewniam o modlitwie! Na g\u0142\u0119bokie i radosne prze\u017cywanie Dnia Pa\u0144skiego \u2013 niech Was b\u0142ogos\u0142awi B\u00f3g Wszechmog\u0105cy: Ojciec [&hellip;]","og_url":"https:\/\/gaudiumetspes-blog.pl\/index.php\/2019\/11\/17\/zajmowac-sie-rzeczami-potrzebnymi\/","og_site_name":"Gaudium Et Spes","article_published_time":"2019-11-17T04:41:45+00:00","article_modified_time":"2019-11-17T17:27:21+00:00","author":"Ks. Jacek","twitter_card":"summary_large_image","twitter_misc":{"Napisane przez":"Ks. Jacek","Szacowany czas czytania":"13 minut"},"schema":{"@context":"https:\/\/schema.org","@graph":[{"@type":"WebPage","@id":"https:\/\/gaudiumetspes-blog.pl\/index.php\/2019\/11\/17\/zajmowac-sie-rzeczami-potrzebnymi\/","url":"https:\/\/gaudiumetspes-blog.pl\/index.php\/2019\/11\/17\/zajmowac-sie-rzeczami-potrzebnymi\/","name":"Zajmowa\u0107 si\u0119 rzeczami potrzebnymi! - Gaudium Et Spes","isPartOf":{"@id":"https:\/\/gaudiumetspes-blog.pl\/#website"},"datePublished":"2019-11-17T04:41:45+00:00","dateModified":"2019-11-17T17:27:21+00:00","author":{"@id":"https:\/\/gaudiumetspes-blog.pl\/#\/schema\/person\/1661982992b752dea8dff0d4ed845a65"},"breadcrumb":{"@id":"https:\/\/gaudiumetspes-blog.pl\/index.php\/2019\/11\/17\/zajmowac-sie-rzeczami-potrzebnymi\/#breadcrumb"},"inLanguage":"pl-PL","potentialAction":[{"@type":"ReadAction","target":["https:\/\/gaudiumetspes-blog.pl\/index.php\/2019\/11\/17\/zajmowac-sie-rzeczami-potrzebnymi\/"]}]},{"@type":"BreadcrumbList","@id":"https:\/\/gaudiumetspes-blog.pl\/index.php\/2019\/11\/17\/zajmowac-sie-rzeczami-potrzebnymi\/#breadcrumb","itemListElement":[{"@type":"ListItem","position":1,"name":"Strona g\u0142\u00f3wna","item":"https:\/\/gaudiumetspes-blog.pl\/"},{"@type":"ListItem","position":2,"name":"Zajmowa\u0107 si\u0119 rzeczami potrzebnymi!"}]},{"@type":"WebSite","@id":"https:\/\/gaudiumetspes-blog.pl\/#website","url":"https:\/\/gaudiumetspes-blog.pl\/","name":"Gaudium Et Spes","description":"Blog Ks. Jacka Ja\u015bkowskiego","potentialAction":[{"@type":"SearchAction","target":{"@type":"EntryPoint","urlTemplate":"https:\/\/gaudiumetspes-blog.pl\/?s={search_term_string}"},"query-input":{"@type":"PropertyValueSpecification","valueRequired":true,"valueName":"search_term_string"}}],"inLanguage":"pl-PL"},{"@type":"Person","@id":"https:\/\/gaudiumetspes-blog.pl\/#\/schema\/person\/1661982992b752dea8dff0d4ed845a65","name":"Ks. Jacek","image":{"@type":"ImageObject","inLanguage":"pl-PL","@id":"https:\/\/gaudiumetspes-blog.pl\/#\/schema\/person\/image\/","url":"https:\/\/gaudiumetspes-blog.pl\/wp-content\/uploads\/2019\/07\/avatar-JJ-150x150.jpg","contentUrl":"https:\/\/gaudiumetspes-blog.pl\/wp-content\/uploads\/2019\/07\/avatar-JJ-150x150.jpg","caption":"Ks. Jacek"},"description":"Witam serdecznie! K\u0142ania si\u0119 Ks. Jacek Ja\u015bkowski. Nie jestem ani kim\u015b wa\u017cnym, ani kim\u015b znanym. Jestem ksi\u0119dzem, kt\u00f3ry po prostu chce rozmawia\u0107. Codzienna kap\u0142a\u0144ska pos\u0142uga pokazuje mi, \u017ce temat\u00f3w do rozm\u00f3w z ksi\u0119dzem jest coraz wi\u0119cej i dzisiaj \u017caden ksi\u0105dz nie mo\u017ce od nich ucieka\u0107, ale - wprost przeciwnie - podejmowa\u0107 nowe wyzwania. To przekonanie sk\u0142oni\u0142o mnie do pr\u00f3by otwarcia tego\u017c bloga, chocia\u017c okazji do rozm\u00f3w na co dzie\u0144 - w konfesjonale i poza nim - na szcz\u0119\u015bcie nie brakuje. My\u015bl\u0119 jednak, \u017ce ten blog b\u0119dzie jeszcze jednym sposobem i przestrzeni\u0105 nawi\u0105zania kontaktu z lud\u017ami dobrej woli, otwartymi na dialog.","url":"https:\/\/gaudiumetspes-blog.pl\/index.php\/author\/ks-jacek\/"}]}},"jetpack_featured_media_url":"","jetpack_sharing_enabled":true,"_links":{"self":[{"href":"https:\/\/gaudiumetspes-blog.pl\/index.php\/wp-json\/wp\/v2\/posts\/16159","targetHints":{"allow":["GET"]}}],"collection":[{"href":"https:\/\/gaudiumetspes-blog.pl\/index.php\/wp-json\/wp\/v2\/posts"}],"about":[{"href":"https:\/\/gaudiumetspes-blog.pl\/index.php\/wp-json\/wp\/v2\/types\/post"}],"author":[{"embeddable":true,"href":"https:\/\/gaudiumetspes-blog.pl\/index.php\/wp-json\/wp\/v2\/users\/1"}],"replies":[{"embeddable":true,"href":"https:\/\/gaudiumetspes-blog.pl\/index.php\/wp-json\/wp\/v2\/comments?post=16159"}],"version-history":[{"count":3,"href":"https:\/\/gaudiumetspes-blog.pl\/index.php\/wp-json\/wp\/v2\/posts\/16159\/revisions"}],"predecessor-version":[{"id":16162,"href":"https:\/\/gaudiumetspes-blog.pl\/index.php\/wp-json\/wp\/v2\/posts\/16159\/revisions\/16162"}],"wp:attachment":[{"href":"https:\/\/gaudiumetspes-blog.pl\/index.php\/wp-json\/wp\/v2\/media?parent=16159"}],"wp:term":[{"taxonomy":"category","embeddable":true,"href":"https:\/\/gaudiumetspes-blog.pl\/index.php\/wp-json\/wp\/v2\/categories?post=16159"},{"taxonomy":"post_tag","embeddable":true,"href":"https:\/\/gaudiumetspes-blog.pl\/index.php\/wp-json\/wp\/v2\/tags?post=16159"}],"curies":[{"name":"wp","href":"https:\/\/api.w.org\/{rel}","templated":true}]}}