{"id":16165,"date":"2019-11-19T06:53:58","date_gmt":"2019-11-19T05:53:58","guid":{"rendered":"https:\/\/gaudiumetspes-blog.pl\/?p=16165"},"modified":"2019-11-19T06:53:58","modified_gmt":"2019-11-19T05:53:58","slug":"czy-stac-mnie-na-szalenstwo","status":"publish","type":"post","link":"https:\/\/gaudiumetspes-blog.pl\/index.php\/2019\/11\/19\/czy-stac-mnie-na-szalenstwo\/","title":{"rendered":"Czy sta\u0107 mnie na szale\u0144stwo?&#8230;"},"content":{"rendered":"<p align=\"justify\"><span style=\"color: #000000;\"><span style=\"font-family: Book Antiqua, serif;\"><span style=\"font-size: large;\">Szcz\u0119\u015b\u0107 Bo\u017ce! Moi Drodzy, w dniu dzisiejszym <b>imieniny prze\u017cywa moja Ciocia, mieszkaj\u0105ca w Olsztynie, El\u017cbieta Ja\u015bkowska. \u017bycz\u0119 Solenizantce wszelkiego Bo\u017cego b\u0142ogos\u0142awie\u0144stwa! I zapewniam o modlitwie.<\/b><\/span><\/span><\/span><\/p>\n<p align=\"justify\"><span style=\"color: #000000;\"><span style=\"font-family: Book Antiqua, serif;\"><span style=\"font-size: large;\">A Wam, moi Drodzy, \u017cycz\u0119 pi\u0119knego i udanego dnia!<\/span><\/span><\/span><\/p>\n<p align=\"center\"><span style=\"color: #000000;\"><span style=\"font-family: Book Antiqua, serif;\"><span style=\"font-size: large;\">Gaudium et spes! Ks. Jacek<\/span><\/span><\/span><\/p>\n<p align=\"center\">\n<p align=\"center\">\n<p align=\"center\">\n<p align=\"center\">\n<p align=\"center\">\n<p align=\"justify\"><span style=\"color: #000000;\"><span style=\"font-family: Book Antiqua, serif;\"><span style=\"font-size: large;\"><b>Wtorek 33 Tygodnia zwyk\u0142ego, rok I,<\/b><\/span><\/span><\/span><\/p>\n<p align=\"justify\"><span style=\"color: #000000;\"><span style=\"font-family: Book Antiqua, serif;\"><span style=\"font-size: large;\"><b>do czyta\u0144: 2 Mch 6,18\u201331; \u0141k 19,1\u201310<\/b><\/span><\/span><\/span><\/p>\n<p align=\"justify\">\n<p align=\"justify\">\n<p align=\"justify\">\n<p align=\"justify\">\n<p align=\"justify\">\n<p align=\"justify\"><span style=\"color: #000000;\"><span style=\"font-family: Book Antiqua, serif;\"><span style=\"font-size: large;\"><b>CZYTANIE Z DRUGIEJ KSI\u0118GI MACHABEJSKIEJ:<\/b><\/span><\/span><\/span><\/p>\n<p align=\"justify\"><span style=\"color: #000000;\"><span style=\"font-family: Book Antiqua, serif;\"><span style=\"font-size: large;\"><b>W czasie prze\u015bladowa\u0144 Izraela przez kr\u00f3la Antiocha Eleazar, jeden z pierwszych uczonych w Pi\u015bmie, m\u0105\u017c ju\u017c w podesz\u0142ym wieku, szlachetnego oblicza, by\u0142 zmuszony do otwarcia ust i jedzenia wieprzowiny. On jednak wybieraj\u0105c raczej chwalebn\u0105 \u015bmier\u0107 ani\u017celi godne pogardy \u017cycie, dobrowolnie szed\u0142 na miejsce ka\u017ani, a wyplu\u0142 mi\u0119so, jak powinni post\u0105pi\u0107 ci, kt\u00f3rzy maj\u0105 odwag\u0119 odrzuci\u0107 to, czego nie wolno je\u015b\u0107 nawet przez mi\u0142o\u015b\u0107 do \u017cycia.<\/b><\/span><\/span><\/span><\/p>\n<p align=\"justify\"><span style=\"color: #000000;\"><span style=\"font-family: Book Antiqua, serif;\"><span style=\"font-size: large;\"><b>Ci, kt\u00f3rzy byli wyznaczeni do tej bezbo\u017cnej ofiarnej uczty, ze wzgl\u0119du na bardzo dawn\u0105 znajomo\u015b\u0107 z tym m\u0119\u017cem wzi\u0119li go na osobne miejsce i prosili, aby zjad\u0142 przyniesione przez nich i przygotowane mi\u0119so, kt\u00f3re wolno mu je\u015b\u0107. Niech udaje tylko, \u017ce je to, co jest nakazane przez kr\u00f3la, mianowicie mi\u0119so z ofiar. Tak post\u0119puj\u0105c uniknie \u015bmierci, a ze wzgl\u0119du na dawn\u0105 z nimi przyja\u017a\u0144 skorzysta z mi\u0142osierdzia. On jednak powzi\u0105\u0142 szlachetne postanowienie, godne jego wieku, powagi jego staro\u015bci, okrytych zas\u0142ug\u0105 siwych w\u0142os\u00f3w i post\u0119powania doskona\u0142ego od dzieci\u0144stwa, przede wszystkim za\u015b \u015bwi\u0119tego i od Boga pochodz\u0105cego prawodawstwa. Da\u0142 im jasn\u0105 odpowied\u017a m\u00f3wi\u0105c, aby go zaraz pos\u0142ali do Hadesu.<\/b><\/span><\/span><\/span><\/p>\n<p align=\"justify\"><span style=\"color: #000000;\">\u201e<span style=\"font-family: Book Antiqua, serif;\"><span style=\"font-size: large;\"><b>Udawanie bowiem nie przystoi naszemu wiekowi. Wielu m\u0142odych by\u0142oby przekonanych, \u017ce Eleazar, kt\u00f3ry ma ju\u017c dziewi\u0119\u0107dziesi\u0105t lat, przyj\u0105\u0142 poga\u0144skie obyczaje. Oni to przez moje udawanie, i to dla ocalenia male\u0144kiej resztki \u017cycia, przeze mnie byliby wprowadzeni w b\u0142\u0105d, ja za\u015b ha\u0144b\u0105 i wstydem okry\u0142bym swoj\u0105 staro\u015b\u0107. Je\u017celi bowiem teraz unikn\u0119 ludzkiej kary, to z r\u0105k Wszechmocnego ani \u017cywy, ani umar\u0142y nie uciekn\u0119. Dlatego je\u017celi m\u0119\u017cnie teraz zako\u0144cz\u0119 \u017cycie, oka\u017c\u0119 si\u0119 godny swojej staro\u015bci, m\u0142odym za\u015b pozostawi\u0119 pi\u0119kny przyk\u0142ad ochotnej i wspania\u0142omy\u015blnej \u015bmierci za godne czci i \u015bwi\u0119te prawa\u201d.<\/b><\/span><\/span><\/span><\/p>\n<p align=\"justify\"><span style=\"color: #000000;\"><span style=\"font-family: Book Antiqua, serif;\"><span style=\"font-size: large;\"><b>To powiedziawszy, natychmiast wszed\u0142 na miejsce ka\u017ani. Ci, kt\u00f3rzy go przyprowadzili, na skutek wypowiedzianych przez niego s\u0142\u00f3w zamienili mi\u0142osierdzie na surowo\u015b\u0107. S\u0105dzili bowiem, \u017ce one by\u0142y szale\u0144stwem.<\/b><\/span><\/span><\/span><\/p>\n<p align=\"justify\"><span style=\"color: #000000;\"><span style=\"font-family: Book Antiqua, serif;\"><span style=\"font-size: large;\"><b>Maj\u0105c ju\u017c pod ciosami umrze\u0107, westchn\u0105\u0142 i powiedzia\u0142: \u201eBogu, kt\u00f3ry ma \u015bwi\u0119t\u0105 wiedz\u0119, jest jawne to, \u017ce mog\u0142em unikn\u0105\u0107 \u015bmierci. Jako biczowany ponosz\u0119 wprawdzie bole\u015bci na ciele, dusza jednak cierpi to z rado\u015bci\u0105, gdy Jego si\u0119 boj\u0119\u201d.<\/b><\/span><\/span><\/span><\/p>\n<p align=\"justify\"><span style=\"color: #000000;\"><span style=\"font-family: Book Antiqua, serif;\"><span style=\"font-size: large;\"><b>W ten spos\u00f3b wi\u0119c zako\u0144czy\u0142 \u017cycie, a swoj\u0105 \u015bmierci\u0105 pozostawi\u0142 nie tylko dla m\u0142odzie\u017cy, lecz tak\u017ce dla wi\u0119kszo\u015bci narodu przyk\u0142ad szlachetnego usposobienia i pomnik cnoty.<\/b><\/span><\/span><\/span><\/p>\n<p align=\"justify\">\n<p align=\"justify\">\n<p align=\"justify\">\n<p align=\"justify\">\n<p align=\"justify\">\n<p align=\"justify\"><span style=\"color: #000000;\"><span style=\"font-family: Book Antiqua, serif;\"><span style=\"font-size: large;\"><b>S\u0141OWA EWANGELII WED\u0141UG \u015aWI\u0118TEGO \u0141UKASZA:<\/b><\/span><\/span><\/span><\/p>\n<p align=\"justify\"><span style=\"color: #000000;\"><span style=\"font-family: Book Antiqua, serif;\"><span style=\"font-size: large;\"><b>Jezus wszed\u0142 do Jerycha i przechodzi\u0142 przez miasto. A by\u0142 tam pewien cz\u0142owiek, imieniem Zacheusz, zwierzchnik celnik\u00f3w i bardzo bogaty. Chcia\u0142 on koniecznie zobaczy\u0107 Jezusa, kto to jest, ale nie m\u00f3g\u0142 z powodu t\u0142umu, gdy\u017c by\u0142 niskiego wzrostu. Pobieg\u0142 wi\u0119c naprz\u00f3d i wspi\u0105\u0142 si\u0119 na sykomor\u0119, aby m\u00f3c Go ujrze\u0107, tamt\u0119dy bowiem mia\u0142 przechodzi\u0107.<\/b><\/span><\/span><\/span><\/p>\n<p align=\"justify\"><span style=\"color: #000000;\"><span style=\"font-family: Book Antiqua, serif;\"><span style=\"font-size: large;\"><b>Gdy Jezus przyszed\u0142 na to miejsce, spojrza\u0142 w g\u00f3r\u0119 i rzek\u0142 do niego: \u201eZacheuszu, zejd\u017a pr\u0119dko, albowiem dzi\u015b musz\u0119 si\u0119 zatrzyma\u0107 w twoim domu\u201d. Zeszed\u0142 wi\u0119c z po\u015bpiechem i przyj\u0105\u0142 Go rozradowany. A wszyscy widz\u0105c to, szemrali: \u201eDo grzesznika poszed\u0142 w go\u015bcin\u0119\u201d.<\/b><\/span><\/span><\/span><\/p>\n<p align=\"justify\"><span style=\"color: #000000;\"><span style=\"font-family: Book Antiqua, serif;\"><span style=\"font-size: large;\"><b>Lecz Zacheusz stan\u0105\u0142 i rzek\u0142 do Pana: \u201ePanie, oto po\u0142ow\u0119 mego maj\u0105tku daj\u0119 ubogim, a je\u015bli kogo w czym skrzywdzi\u0142em, zwracam poczw\u00f3rnie\u201d. <\/b><\/span><\/span><\/span><\/p>\n<p align=\"justify\"><span style=\"color: #000000;\"><span style=\"font-family: Book Antiqua, serif;\"><span style=\"font-size: large;\"><b>Na to Jezus rzek\u0142 do niego: \u201eDzi\u015b zbawienie sta\u0142o si\u0119 udzia\u0142em tego domu, gdy\u017c i on jest synem Abrahama. Albowiem Syn Cz\u0142owieczy przyszed\u0142 szuka\u0107 i zbawi\u0107 to, co zgin\u0119\u0142o\u201d.<\/b><\/span><\/span><\/span><\/p>\n<p align=\"justify\">\n<p align=\"justify\">\n<p align=\"justify\">\n<p align=\"justify\">\n<p align=\"justify\">\n<p align=\"justify\"><span style=\"color: #000000;\"><span style=\"font-family: Book Antiqua, serif;\"><span style=\"font-size: large;\">Ci, kt\u00f3rzy namawiali s\u0119dziwego Eleazara, \u017ceby <b>chocia\u017c udawa\u0142,<\/b> \u017ce je mi\u0119so, zakazane Izraelitom przez Prawo \u2013 kiedy us\u0142yszeli, \u017ce nie zamierza udawa\u0107 \u2013 <i><b>zamienili mi\u0142osierdzie na surowo\u015b\u0107. S\u0105dzili bowiem, \u017ce one by\u0142y szale\u0144stwem.<\/b><\/i><i> <\/i>Tak nas informuje pierwsze czytanie. A wydaje si\u0119, \u017ce nie tylko s\u0142owa Eleazara mog\u0142y si\u0119 im wydawa\u0107 szale\u0144stwem, ale i <b>potwierdzaj\u0105ca je jego postawa. <\/b>Bo w kategoriach ludzkiej korzy\u015bci, czy tym bardziej \u2013 ludzkiego zadowolenia, lub dora\u017anej korzy\u015bci, by\u0142o to <b>zupe\u0142nie niezrozumia\u0142e.<\/b> Rzeczywi\u015bcie \u2013 <b>szale\u0144stwo!<\/b> <\/span><\/span><\/span><\/p>\n<p align=\"justify\"><span style=\"color: #000000;\"><span style=\"font-family: Book Antiqua, serif;\"><span style=\"font-size: large;\">C\u00f3\u017c to bowiem za sytuacja, w kt\u00f3rej cz\u0142owiek <b>sam wr\u0119cz<\/b> <b>domaga<\/b> <b>si\u0119 cierpienia, <\/b>natychmiast i dobrowolnie wchodzi na miejsce ka\u017ani, a b\u0119d\u0105c biczowanym, snuje rozwa\u017cania, jaka to ulga dla jego duszy. Co prawda, wspomina o fizycznym cierpieniu, ale generalnie w jego wypowiedzi pobrzmiewa <b>ton jakiego\u015b nawet zadowolenia!<\/b> Czy\u017c to rzeczywi\u015bcie nie szale\u0144stwo? <\/span><\/span><\/span><\/p>\n<p align=\"justify\"><span style=\"color: #000000;\"><span style=\"font-family: Book Antiqua, serif;\"><span style=\"font-size: large;\">I czy nie jest szale\u0144stwem ca\u0142e to nastawienie s\u0119dziwego cz\u0142owieka, kt\u00f3ry kruszy kopi\u0119 o <b>kawa\u0142ek takiego, czy innego mi\u0119sa?<\/b> Co za problem? Zjad\u0142by go \u2013 i mia\u0142by spok\u00f3j! Rzeczywi\u015bcie, czyste szale\u0144stwo!<\/span><\/span><\/span><\/p>\n<p align=\"justify\"><span style=\"color: #000000;\"><span style=\"font-family: Book Antiqua, serif;\"><span style=\"font-size: large;\">A czy to, <b>co dzisiaj wyprawia\u0142 Zacheusz,<\/b> to nie szale\u0144stwo? No, gdzie\u017c to <b>\u0142azi\u0107 po drzewach!<\/b> I to kto? Nie do\u015b\u0107, \u017ce wielki bogacz, a wi\u0119c kto\u015b bardzo licz\u0105cy si\u0119 w spo\u0142eczno\u015bci, to jeszcze zwierzchnik celnik\u00f3w! Owszem, owej pozycji w\u015br\u00f3d ludzi nie nale\u017cy raczej w tym przypadku<b> uto\u017csamia\u0107 z sympati\u0105 ze strony ludzi <\/b><b>do<\/b><b> niego,<\/b> bowiem fach, jaki wykonywa\u0142, takowej sympatii mu raczej nie przysparza\u0142. <\/span><\/span><\/span><\/p>\n<p align=\"justify\"><span style=\"color: #000000;\"><span style=\"font-family: Book Antiqua, serif;\"><span style=\"font-size: large;\">Ale na pewno, mia\u0142 <b>swoj\u0105 wysok\u0105 pozycj\u0119<\/b> i kiedy ludzi na ulicach mija\u0142, to pomimo niskiego wzrostu, patrzy\u0142 na nich z g\u00f3ry. A oni, pomimo nawet tego, \u017ce go nie lubili, czy wprost nie mogli \u015bcierpie\u0107, <b>przecie\u017c musieli si\u0119 z nim liczy\u0107 <\/b>i \u201ejak z jajkiem\u201d obchodzi\u0107. <\/span><\/span><\/span><\/p>\n<p align=\"justify\"><span style=\"color: #000000;\"><span style=\"font-family: Book Antiqua, serif;\"><span style=\"font-size: large;\">I oto dzisiaj s\u0142yszymy, \u017ce ten wielmo\u017ca <b>wdrapuje si\u0119 na drzewo, bo chce zobaczy\u0107 Jezusa.<\/b> Co\u015b tam o Nim us\u0142ysza\u0142 i teraz tak bardzo zapragn\u0105\u0142 Go zobaczy\u0107, \u017ce nie waha\u0142 si\u0119 na drzewo wdrapa\u0107, chocia\u017c m\u00f3g\u0142 si\u0119 spodziewa\u0107, jak\u0105 to reakcj\u0119 wywo\u0142a w\u015br\u00f3d ludzi. <b>Czy\u017c to nie by\u0142o z jego strony szale\u0144stwem? <\/b><\/span><\/span><\/span><\/p>\n<p align=\"justify\"><span style=\"color: #000000;\"><span style=\"font-family: Book Antiqua, serif;\"><span style=\"font-size: large;\">A ju\u017c tym bardziej to wszystko, co sta\u0142o si\u0119 potem, kiedy to postanowi\u0142 ca\u0142kowicie zerwa\u0107 z dotychczasowym \u017cyciem i <b>zacz\u0105\u0107 wszystko od nowa: <\/b>naprawi\u0107 swoje b\u0142\u0119dy, wyr\u00f3wna\u0107 krzywdy, wyrz\u0105dzone ludziom; ca\u0142kowicie zmieni\u0107 styl \u017cycia i post\u0119powania \u2013 czy\u017c to wszystko, <b>w oczach \u015bwiata, <\/b>nie by\u0142o szale\u0144stwem?<\/span><\/span><\/span><\/p>\n<p align=\"justify\"><span style=\"color: #000000;\"><span style=\"font-family: Book Antiqua, serif;\"><span style=\"font-size: large;\"><b>By\u0142o.<\/b> I w przypadku Zacheusza, i w przypadku Eleazara. To by\u0142o szale\u0144stwo. W kategoriach \u015bwiata \u2013 tak. S\u0119dziwy <b>Eleazar, kt\u00f3ry trwa\u0142 w jedno\u015bci z Bogiem,<\/b> zdoby\u0142 si\u0119 na szale\u0144stwo obrony tej jedno\u015bci i w jej imi\u0119 po\u0142o\u017cy\u0142 bez wahania na szali swoje \u017cycie. <b>Zacheusz, kt\u00f3ry b\u0142\u0105dzi\u0142 daleko od Boga,<\/b> te\u017c po\u0142o\u017cy\u0142 na szali ca\u0142e swoje \u017cycie \u2013 cho\u0107, oczywi\u015bcie, w inny spos\u00f3b \u2013 a w tym: ca\u0142y sw\u00f3j maj\u0105tek i ca\u0142\u0105 swoj\u0105 pozycj\u0119 spo\u0142eczn\u0105, aby do Boga wr\u00f3ci\u0107. I to te\u017c by\u0142o \u2013 przynajmniej w kategoriach \u015bwiata \u2013 szale\u0144stwo.<\/span><\/span><\/span><\/p>\n<p align=\"justify\"><span style=\"color: #000000;\"><span style=\"font-family: Book Antiqua, serif;\"><span style=\"font-size: large;\"><b>A na jakie szale\u0144stwo sta\u0107 mnie, <\/b>aby bardziej by\u0107 z Bogiem, albo mo\u017ce do Niego powr\u00f3ci\u0107? Na jakie po\u015bwi\u0119cenie? Ile jest we mnie odwagi i si\u0142y, aby po\u0142o\u017cy\u0107 na szali \u2013 w jakiejkolwiek formie \u2013 <b>ca\u0142e swoje \u017cycie?\u2026<\/b><\/span><\/span><\/span><\/p>\n","protected":false},"excerpt":{"rendered":"<p>Szcz\u0119\u015b\u0107 Bo\u017ce! Moi Drodzy, w dniu dzisiejszym imieniny prze\u017cywa moja Ciocia, mieszkaj\u0105ca w Olsztynie, El\u017cbieta Ja\u015bkowska. \u017bycz\u0119 Solenizantce wszelkiego Bo\u017cego b\u0142ogos\u0142awie\u0144stwa! I zapewniam o modlitwie. A Wam, moi Drodzy, \u017cycz\u0119 pi\u0119knego i udanego dnia! Gaudium et spes! Ks. Jacek Wtorek 33 Tygodnia zwyk\u0142ego, rok I, do czyta\u0144: 2 Mch 6,18\u201331; \u0141k 19,1\u201310 CZYTANIE Z DRUGIEJ [&hellip;]<\/p>\n","protected":false},"author":1,"featured_media":0,"comment_status":"open","ping_status":"open","sticky":false,"template":"","format":"standard","meta":{"jetpack_post_was_ever_published":false,"_jetpack_newsletter_access":"","_jetpack_dont_email_post_to_subs":false,"_jetpack_newsletter_tier_id":0,"_jetpack_memberships_contains_paywalled_content":false,"_jetpack_memberships_contains_paid_content":false,"footnotes":""},"categories":[1],"tags":[],"class_list":["post-16165","post","type-post","status-publish","format-standard","hentry","category-bez-kategorii"],"yoast_head":"<!-- This site is optimized with the Yoast SEO plugin v25.1 - https:\/\/yoast.com\/wordpress\/plugins\/seo\/ -->\n<title>Czy sta\u0107 mnie na szale\u0144stwo?... - Gaudium Et Spes<\/title>\n<meta name=\"robots\" content=\"index, follow, max-snippet:-1, max-image-preview:large, max-video-preview:-1\" \/>\n<link rel=\"canonical\" href=\"https:\/\/gaudiumetspes-blog.pl\/index.php\/2019\/11\/19\/czy-stac-mnie-na-szalenstwo\/\" \/>\n<meta property=\"og:locale\" content=\"pl_PL\" \/>\n<meta property=\"og:type\" content=\"article\" \/>\n<meta property=\"og:title\" content=\"Czy sta\u0107 mnie na szale\u0144stwo?... - Gaudium Et Spes\" \/>\n<meta property=\"og:description\" content=\"Szcz\u0119\u015b\u0107 Bo\u017ce! Moi Drodzy, w dniu dzisiejszym imieniny prze\u017cywa moja Ciocia, mieszkaj\u0105ca w Olsztynie, El\u017cbieta Ja\u015bkowska. \u017bycz\u0119 Solenizantce wszelkiego Bo\u017cego b\u0142ogos\u0142awie\u0144stwa! I zapewniam o modlitwie. A Wam, moi Drodzy, \u017cycz\u0119 pi\u0119knego i udanego dnia! Gaudium et spes! Ks. Jacek Wtorek 33 Tygodnia zwyk\u0142ego, rok I, do czyta\u0144: 2 Mch 6,18\u201331; \u0141k 19,1\u201310 CZYTANIE Z DRUGIEJ [&hellip;]\" \/>\n<meta property=\"og:url\" content=\"https:\/\/gaudiumetspes-blog.pl\/index.php\/2019\/11\/19\/czy-stac-mnie-na-szalenstwo\/\" \/>\n<meta property=\"og:site_name\" content=\"Gaudium Et Spes\" \/>\n<meta property=\"article:published_time\" content=\"2019-11-19T05:53:58+00:00\" \/>\n<meta name=\"author\" content=\"Ks. Jacek\" \/>\n<meta name=\"twitter:card\" content=\"summary_large_image\" \/>\n<meta name=\"twitter:label1\" content=\"Napisane przez\" \/>\n\t<meta name=\"twitter:data1\" content=\"Ks. Jacek\" \/>\n\t<meta name=\"twitter:label2\" content=\"Szacowany czas czytania\" \/>\n\t<meta name=\"twitter:data2\" content=\"6 minut\" \/>\n<script type=\"application\/ld+json\" class=\"yoast-schema-graph\">{\"@context\":\"https:\/\/schema.org\",\"@graph\":[{\"@type\":\"WebPage\",\"@id\":\"https:\/\/gaudiumetspes-blog.pl\/index.php\/2019\/11\/19\/czy-stac-mnie-na-szalenstwo\/\",\"url\":\"https:\/\/gaudiumetspes-blog.pl\/index.php\/2019\/11\/19\/czy-stac-mnie-na-szalenstwo\/\",\"name\":\"Czy sta\u0107 mnie na szale\u0144stwo?... - Gaudium Et Spes\",\"isPartOf\":{\"@id\":\"https:\/\/gaudiumetspes-blog.pl\/#website\"},\"datePublished\":\"2019-11-19T05:53:58+00:00\",\"author\":{\"@id\":\"https:\/\/gaudiumetspes-blog.pl\/#\/schema\/person\/1661982992b752dea8dff0d4ed845a65\"},\"breadcrumb\":{\"@id\":\"https:\/\/gaudiumetspes-blog.pl\/index.php\/2019\/11\/19\/czy-stac-mnie-na-szalenstwo\/#breadcrumb\"},\"inLanguage\":\"pl-PL\",\"potentialAction\":[{\"@type\":\"ReadAction\",\"target\":[\"https:\/\/gaudiumetspes-blog.pl\/index.php\/2019\/11\/19\/czy-stac-mnie-na-szalenstwo\/\"]}]},{\"@type\":\"BreadcrumbList\",\"@id\":\"https:\/\/gaudiumetspes-blog.pl\/index.php\/2019\/11\/19\/czy-stac-mnie-na-szalenstwo\/#breadcrumb\",\"itemListElement\":[{\"@type\":\"ListItem\",\"position\":1,\"name\":\"Strona g\u0142\u00f3wna\",\"item\":\"https:\/\/gaudiumetspes-blog.pl\/\"},{\"@type\":\"ListItem\",\"position\":2,\"name\":\"Czy&nbsp;sta\u0107 mnie na&nbsp;szale\u0144stwo?&#8230;\"}]},{\"@type\":\"WebSite\",\"@id\":\"https:\/\/gaudiumetspes-blog.pl\/#website\",\"url\":\"https:\/\/gaudiumetspes-blog.pl\/\",\"name\":\"Gaudium Et Spes\",\"description\":\"Blog Ks. Jacka Ja\u015bkowskiego\",\"potentialAction\":[{\"@type\":\"SearchAction\",\"target\":{\"@type\":\"EntryPoint\",\"urlTemplate\":\"https:\/\/gaudiumetspes-blog.pl\/?s={search_term_string}\"},\"query-input\":{\"@type\":\"PropertyValueSpecification\",\"valueRequired\":true,\"valueName\":\"search_term_string\"}}],\"inLanguage\":\"pl-PL\"},{\"@type\":\"Person\",\"@id\":\"https:\/\/gaudiumetspes-blog.pl\/#\/schema\/person\/1661982992b752dea8dff0d4ed845a65\",\"name\":\"Ks. Jacek\",\"image\":{\"@type\":\"ImageObject\",\"inLanguage\":\"pl-PL\",\"@id\":\"https:\/\/gaudiumetspes-blog.pl\/#\/schema\/person\/image\/\",\"url\":\"https:\/\/gaudiumetspes-blog.pl\/wp-content\/uploads\/2019\/07\/avatar-JJ-150x150.jpg\",\"contentUrl\":\"https:\/\/gaudiumetspes-blog.pl\/wp-content\/uploads\/2019\/07\/avatar-JJ-150x150.jpg\",\"caption\":\"Ks. Jacek\"},\"description\":\"Witam serdecznie! K\u0142ania si\u0119 Ks. Jacek Ja\u015bkowski. Nie jestem ani kim\u015b wa\u017cnym, ani kim\u015b znanym. Jestem ksi\u0119dzem, kt\u00f3ry po prostu chce rozmawia\u0107. Codzienna kap\u0142a\u0144ska pos\u0142uga pokazuje mi, \u017ce temat\u00f3w do rozm\u00f3w z ksi\u0119dzem jest coraz wi\u0119cej i dzisiaj \u017caden ksi\u0105dz nie mo\u017ce od nich ucieka\u0107, ale - wprost przeciwnie - podejmowa\u0107 nowe wyzwania. To przekonanie sk\u0142oni\u0142o mnie do pr\u00f3by otwarcia tego\u017c bloga, chocia\u017c okazji do rozm\u00f3w na co dzie\u0144 - w konfesjonale i poza nim - na szcz\u0119\u015bcie nie brakuje. My\u015bl\u0119 jednak, \u017ce ten blog b\u0119dzie jeszcze jednym sposobem i przestrzeni\u0105 nawi\u0105zania kontaktu z lud\u017ami dobrej woli, otwartymi na dialog.\",\"url\":\"https:\/\/gaudiumetspes-blog.pl\/index.php\/author\/ks-jacek\/\"}]}<\/script>\n<!-- \/ Yoast SEO plugin. -->","yoast_head_json":{"title":"Czy sta\u0107 mnie na szale\u0144stwo?... - Gaudium Et Spes","robots":{"index":"index","follow":"follow","max-snippet":"max-snippet:-1","max-image-preview":"max-image-preview:large","max-video-preview":"max-video-preview:-1"},"canonical":"https:\/\/gaudiumetspes-blog.pl\/index.php\/2019\/11\/19\/czy-stac-mnie-na-szalenstwo\/","og_locale":"pl_PL","og_type":"article","og_title":"Czy sta\u0107 mnie na szale\u0144stwo?... - Gaudium Et Spes","og_description":"Szcz\u0119\u015b\u0107 Bo\u017ce! Moi Drodzy, w dniu dzisiejszym imieniny prze\u017cywa moja Ciocia, mieszkaj\u0105ca w Olsztynie, El\u017cbieta Ja\u015bkowska. \u017bycz\u0119 Solenizantce wszelkiego Bo\u017cego b\u0142ogos\u0142awie\u0144stwa! I zapewniam o modlitwie. A Wam, moi Drodzy, \u017cycz\u0119 pi\u0119knego i udanego dnia! Gaudium et spes! Ks. Jacek Wtorek 33 Tygodnia zwyk\u0142ego, rok I, do czyta\u0144: 2 Mch 6,18\u201331; \u0141k 19,1\u201310 CZYTANIE Z DRUGIEJ [&hellip;]","og_url":"https:\/\/gaudiumetspes-blog.pl\/index.php\/2019\/11\/19\/czy-stac-mnie-na-szalenstwo\/","og_site_name":"Gaudium Et Spes","article_published_time":"2019-11-19T05:53:58+00:00","author":"Ks. Jacek","twitter_card":"summary_large_image","twitter_misc":{"Napisane przez":"Ks. Jacek","Szacowany czas czytania":"6 minut"},"schema":{"@context":"https:\/\/schema.org","@graph":[{"@type":"WebPage","@id":"https:\/\/gaudiumetspes-blog.pl\/index.php\/2019\/11\/19\/czy-stac-mnie-na-szalenstwo\/","url":"https:\/\/gaudiumetspes-blog.pl\/index.php\/2019\/11\/19\/czy-stac-mnie-na-szalenstwo\/","name":"Czy sta\u0107 mnie na szale\u0144stwo?... - Gaudium Et Spes","isPartOf":{"@id":"https:\/\/gaudiumetspes-blog.pl\/#website"},"datePublished":"2019-11-19T05:53:58+00:00","author":{"@id":"https:\/\/gaudiumetspes-blog.pl\/#\/schema\/person\/1661982992b752dea8dff0d4ed845a65"},"breadcrumb":{"@id":"https:\/\/gaudiumetspes-blog.pl\/index.php\/2019\/11\/19\/czy-stac-mnie-na-szalenstwo\/#breadcrumb"},"inLanguage":"pl-PL","potentialAction":[{"@type":"ReadAction","target":["https:\/\/gaudiumetspes-blog.pl\/index.php\/2019\/11\/19\/czy-stac-mnie-na-szalenstwo\/"]}]},{"@type":"BreadcrumbList","@id":"https:\/\/gaudiumetspes-blog.pl\/index.php\/2019\/11\/19\/czy-stac-mnie-na-szalenstwo\/#breadcrumb","itemListElement":[{"@type":"ListItem","position":1,"name":"Strona g\u0142\u00f3wna","item":"https:\/\/gaudiumetspes-blog.pl\/"},{"@type":"ListItem","position":2,"name":"Czy&nbsp;sta\u0107 mnie na&nbsp;szale\u0144stwo?&#8230;"}]},{"@type":"WebSite","@id":"https:\/\/gaudiumetspes-blog.pl\/#website","url":"https:\/\/gaudiumetspes-blog.pl\/","name":"Gaudium Et Spes","description":"Blog Ks. Jacka Ja\u015bkowskiego","potentialAction":[{"@type":"SearchAction","target":{"@type":"EntryPoint","urlTemplate":"https:\/\/gaudiumetspes-blog.pl\/?s={search_term_string}"},"query-input":{"@type":"PropertyValueSpecification","valueRequired":true,"valueName":"search_term_string"}}],"inLanguage":"pl-PL"},{"@type":"Person","@id":"https:\/\/gaudiumetspes-blog.pl\/#\/schema\/person\/1661982992b752dea8dff0d4ed845a65","name":"Ks. Jacek","image":{"@type":"ImageObject","inLanguage":"pl-PL","@id":"https:\/\/gaudiumetspes-blog.pl\/#\/schema\/person\/image\/","url":"https:\/\/gaudiumetspes-blog.pl\/wp-content\/uploads\/2019\/07\/avatar-JJ-150x150.jpg","contentUrl":"https:\/\/gaudiumetspes-blog.pl\/wp-content\/uploads\/2019\/07\/avatar-JJ-150x150.jpg","caption":"Ks. Jacek"},"description":"Witam serdecznie! K\u0142ania si\u0119 Ks. Jacek Ja\u015bkowski. Nie jestem ani kim\u015b wa\u017cnym, ani kim\u015b znanym. Jestem ksi\u0119dzem, kt\u00f3ry po prostu chce rozmawia\u0107. Codzienna kap\u0142a\u0144ska pos\u0142uga pokazuje mi, \u017ce temat\u00f3w do rozm\u00f3w z ksi\u0119dzem jest coraz wi\u0119cej i dzisiaj \u017caden ksi\u0105dz nie mo\u017ce od nich ucieka\u0107, ale - wprost przeciwnie - podejmowa\u0107 nowe wyzwania. To przekonanie sk\u0142oni\u0142o mnie do pr\u00f3by otwarcia tego\u017c bloga, chocia\u017c okazji do rozm\u00f3w na co dzie\u0144 - w konfesjonale i poza nim - na szcz\u0119\u015bcie nie brakuje. My\u015bl\u0119 jednak, \u017ce ten blog b\u0119dzie jeszcze jednym sposobem i przestrzeni\u0105 nawi\u0105zania kontaktu z lud\u017ami dobrej woli, otwartymi na dialog.","url":"https:\/\/gaudiumetspes-blog.pl\/index.php\/author\/ks-jacek\/"}]}},"jetpack_featured_media_url":"","jetpack_sharing_enabled":true,"_links":{"self":[{"href":"https:\/\/gaudiumetspes-blog.pl\/index.php\/wp-json\/wp\/v2\/posts\/16165","targetHints":{"allow":["GET"]}}],"collection":[{"href":"https:\/\/gaudiumetspes-blog.pl\/index.php\/wp-json\/wp\/v2\/posts"}],"about":[{"href":"https:\/\/gaudiumetspes-blog.pl\/index.php\/wp-json\/wp\/v2\/types\/post"}],"author":[{"embeddable":true,"href":"https:\/\/gaudiumetspes-blog.pl\/index.php\/wp-json\/wp\/v2\/users\/1"}],"replies":[{"embeddable":true,"href":"https:\/\/gaudiumetspes-blog.pl\/index.php\/wp-json\/wp\/v2\/comments?post=16165"}],"version-history":[{"count":1,"href":"https:\/\/gaudiumetspes-blog.pl\/index.php\/wp-json\/wp\/v2\/posts\/16165\/revisions"}],"predecessor-version":[{"id":16166,"href":"https:\/\/gaudiumetspes-blog.pl\/index.php\/wp-json\/wp\/v2\/posts\/16165\/revisions\/16166"}],"wp:attachment":[{"href":"https:\/\/gaudiumetspes-blog.pl\/index.php\/wp-json\/wp\/v2\/media?parent=16165"}],"wp:term":[{"taxonomy":"category","embeddable":true,"href":"https:\/\/gaudiumetspes-blog.pl\/index.php\/wp-json\/wp\/v2\/categories?post=16165"},{"taxonomy":"post_tag","embeddable":true,"href":"https:\/\/gaudiumetspes-blog.pl\/index.php\/wp-json\/wp\/v2\/tags?post=16165"}],"curies":[{"name":"wp","href":"https:\/\/api.w.org\/{rel}","templated":true}]}}