{"id":16210,"date":"2019-11-24T05:34:07","date_gmt":"2019-11-24T04:34:07","guid":{"rendered":"https:\/\/gaudiumetspes-blog.pl\/?p=16210"},"modified":"2019-11-23T17:44:54","modified_gmt":"2019-11-23T16:44:54","slug":"christus-imperat","status":"publish","type":"post","link":"https:\/\/gaudiumetspes-blog.pl\/index.php\/2019\/11\/24\/christus-imperat\/","title":{"rendered":"Christus imperat!"},"content":{"rendered":"<p align=\"justify\"><span style=\"color: #000000;\"><span style=\"font-family: Book Antiqua, serif;\"><span style=\"font-size: large;\">Niech b\u0119dzie pochwalony Jezus Chrystus! Moi Drodzy, <b>w dniu dzisiejszym rocznic\u0119 \u015awi\u0119ce\u0144 biskupich prze\u017cywa Ksi\u0105dz Arcybiskup Andrzej Dzi\u0119ga, obecnie pos\u0142uguj\u0105cy w Szczecinie, a przed laty \u2013 Dziekan Wydzia\u0142u Prawa na KUL, gdzie studiowa\u0142em. Dzi\u0119kuj\u0105c Jubilatowi za wiele osobistej \u017cyczliwo\u015bci, \u017cycz\u0119 Bo\u017cego b\u0142ogos\u0142awie\u0144stwa.<\/b><\/span><\/span><\/span><\/p>\n<p align=\"justify\"><span style=\"color: #000000;\"><span style=\"font-family: Book Antiqua, serif;\"><span style=\"font-size: large;\"><b>Z kolei, czterdziest\u0105 rocznic\u0119 zawarcia sakramentalnego Ma\u0142\u017ce\u0144stwa prze\u017cywaj\u0105 Teresa i Marian Nowiccy, czyli moi Ciocia i Wujek, z Dzia\u0142dowa. Niech Pan im udzieli, czego w sercu pragn\u0105.<\/b><\/span><\/span><\/span><\/p>\n<p align=\"justify\"><span style=\"color: #000000;\"><span style=\"font-family: Book Antiqua, serif;\"><span style=\"font-size: large;\"><b>Wszystkich \u015bwi\u0119tuj\u0105cych wspieram modlitw\u0105!<\/b><\/span><\/span><\/span><\/p>\n<p align=\"justify\"><span style=\"color: #000000;\"><span style=\"font-family: Book Antiqua, serif;\"><span style=\"font-size: large;\">A Wszystkim, prze\u017cywaj\u0105cym dzisiaj Dzie\u0144 Pa\u0144ski \u2013 ostatni\u0105 niedziel\u0119 roku liturgicznego, Uroczysto\u015b\u0107 Jezusa Chrystusa, Kr\u00f3la Wszech\u015bwiata \u2013 z serca b\u0142ogos\u0142awi\u0119! <b>Niech Was b\u0142ogos\u0142awi B\u00f3g Wszechmog\u0105cy: Ojciec + i Syn, i Duch \u015awi\u0119ty. Amen<\/b><\/span><\/span><\/span><\/p>\n<p align=\"center\"><span style=\"color: #000000;\"><span style=\"font-family: Book Antiqua, serif;\"><span style=\"font-size: large;\">Gaudium et spes! Ks. Jacek<\/span><\/span><\/span><\/p>\n<p align=\"center\">\n<p align=\"center\">\n<p align=\"center\">\n<p align=\"center\">\n<p align=\"center\">\n<p align=\"justify\"><span style=\"color: #000000;\"><span style=\"font-family: Book Antiqua, serif;\"><span style=\"font-size: large;\"><b>Uroczysto\u015b\u0107 Chrystusa Kr\u00f3la Wszech\u015bwiata, C,<\/b><\/span><\/span><\/span><\/p>\n<p align=\"justify\"><span style=\"color: #000000;\"><span style=\"font-family: Book Antiqua, serif;\"><span style=\"font-size: large;\"><b>do czyta\u0144: 2 Sm 5,1\u20133; Kol 1,12\u201320; \u0141k 23,35\u201343<\/b><\/span><\/span><\/span><\/p>\n<p align=\"justify\">\n<p align=\"justify\">\n<p align=\"justify\">\n<p align=\"justify\">\n<p align=\"justify\">\n<p align=\"justify\"><span style=\"color: #000000;\"><span style=\"font-family: Book Antiqua, serif;\"><span style=\"font-size: large;\"><b>CZYTANIE Z DRUGIEJ KSI\u0118GI SAMUELA: <\/b><\/span><\/span><\/span><\/p>\n<p align=\"justify\"><span style=\"color: #000000;\"><span style=\"font-family: Book Antiqua, serif;\"><span style=\"font-size: large;\"><b>Wszystkie pokolenia izraelskie zesz\u0142y si\u0119 u Dawida w Hebronie i o\u015bwiadczy\u0142y mu: \u201eOto my ko\u015bci twoje i cia\u0142o. Ju\u017c dawno, gdy Saul by\u0142 kr\u00f3lem nad nami, ty wyprawia\u0142e\u015b si\u0119 i powraca\u0142e\u015b na czele Izraela. I Pan rzek\u0142 do ciebie: \u00abTy b\u0119dziesz pas\u0142 m\u00f3j lud, Izraela, i ty b\u0119dziesz wodzem dla Izraela\u00bb\u201d. <\/b><\/span><\/span><\/span><\/p>\n<p align=\"justify\"><span style=\"color: #000000;\"><span style=\"font-family: Book Antiqua, serif;\"><span style=\"font-size: large;\"><b>Ca\u0142a starszyzna Izraela przyby\u0142a do kr\u00f3la do Hebronu. I zawar\u0142 kr\u00f3l Dawid przymierze z nimi wobec Pana w Hebronie. Nama\u015bcili wi\u0119c Dawida na kr\u00f3la nad Izraelem.<\/b><\/span><\/span><\/span><\/p>\n<p align=\"justify\">\n<p align=\"justify\">\n<p align=\"justify\">\n<p align=\"justify\">\n<p align=\"justify\">\n<p align=\"justify\"><span style=\"color: #000000;\"><span style=\"font-family: Book Antiqua, serif;\"><span style=\"font-size: large;\"><b>CZYTANIE Z LISTU \u015aWI\u0118TEGO PAW\u0141A APOSTO\u0141A DO KOLOSAN: <\/b><\/span><\/span><\/span><\/p>\n<p align=\"justify\"><span style=\"color: #000000;\"><span style=\"font-family: Book Antiqua, serif;\"><span style=\"font-size: large;\"><b>Bracia: Dzi\u0119kujcie Ojcu, kt\u00f3ry was uzdolni\u0142 do uczestnictwa w dziale \u015bwi\u0119tych w \u015bwiat\u0142o\u015bci. On uwolni\u0142 nas spod w\u0142adzy ciemno\u015bci i przeni\u00f3s\u0142 do Kr\u00f3lestwa swego umi\u0142owanego Syna, w kt\u00f3rym mamy odkupienie, odpuszczenie grzech\u00f3w. <\/b><\/span><\/span><\/span><\/p>\n<p align=\"justify\"><span style=\"color: #000000;\"><span style=\"font-family: Book Antiqua, serif;\"><span style=\"font-size: large;\"><b>On jest obrazem Boga niewidzialnego, Pierworodnym wobec ka\u017cdego stworzenia, bo w Nim zosta\u0142o wszystko stworzone: i to, co w niebiosach, i to, co na ziemi, byty widzialne i niewidzialne, czy Trony, czy Panowania, czy Zwierzchno\u015bci, czy W\u0142adze. Wszystko przez Niego i dla Niego zosta\u0142o stworzone. On jest przed wszystkim i wszystko w Nim ma istnienie. <\/b><\/span><\/span><\/span><\/p>\n<p align=\"justify\"><span style=\"color: #000000;\"><span style=\"font-family: Book Antiqua, serif;\"><span style=\"font-size: large;\"><b>I On jest G\u0142ow\u0105 Cia\u0142a, to jest Ko\u015bcio\u0142a. On jest Pocz\u0105tkiem, Pierworodnym spo\u015br\u00f3d umar\u0142ych, aby sam zyska\u0142 pierwsze\u0144stwo we wszystkim. Zechcia\u0142 bowiem B\u00f3g, by w Nim zamieszka\u0142a ca\u0142a Pe\u0142nia, i aby przez Niego i dla Niego zn\u00f3w pojedna\u0107 wszystko ze sob\u0105: i to, co na ziemi, i to, co w niebiosach, wprowadziwszy pok\u00f3j przez Krew Jego Krzy\u017ca.<\/b><\/span><\/span><\/span><\/p>\n<p align=\"justify\">\n<p align=\"justify\">\n<p align=\"justify\">\n<p align=\"justify\">\n<p align=\"justify\">\n<p align=\"justify\"><span style=\"color: #000000;\"><span style=\"font-family: Book Antiqua, serif;\"><span style=\"font-size: large;\"><b>S\u0141OWA EWANGELII WED\u0141UG \u015aWI\u0118TEGO \u0141UKASZA: <\/b><\/span><\/span><\/span><\/p>\n<p align=\"justify\"><span style=\"color: #000000;\"><span style=\"font-family: Book Antiqua, serif;\"><span style=\"font-size: large;\"><b>Gdy ukrzy\u017cowano Jezusa, lud sta\u0142 i patrzy\u0142. Lecz cz\u0142onkowie Wysokiej Rady drwi\u0105co m\u00f3wili: \u201eInnych wybawia\u0142, niech\u017ce teraz siebie wybawi, je\u015bli On jest Mesjaszem, Wybra\u0144cem Bo\u017cym\u201d. <\/b><\/span><\/span><\/span><\/p>\n<p align=\"justify\"><span style=\"color: #000000;\"><span style=\"font-family: Book Antiqua, serif;\"><span style=\"font-size: large;\"><b>Szydzili z Niego i \u017co\u0142nierze; podchodzili do Niego i podawali Mu ocet, m\u00f3wi\u0105c: \u201eJe\u015bli Ty jeste\u015b kr\u00f3lem \u017cydowskim, wybaw sam siebie\u201d. <\/b><\/span><\/span><\/span><\/p>\n<p align=\"justify\"><span style=\"color: #000000;\"><span style=\"font-family: Book Antiqua, serif;\"><span style=\"font-size: large;\"><b>By\u0142 tak\u017ce nad Nim napis w j\u0119zyku greckim, \u0142aci\u0144skim i hebrajskim: \u201eTo jest kr\u00f3l \u017cydowski\u201d. <\/b><\/span><\/span><\/span><\/p>\n<p align=\"justify\"><span style=\"color: #000000;\"><span style=\"font-family: Book Antiqua, serif;\"><span style=\"font-size: large;\"><b>Jeden ze z\u0142oczy\u0144c\u00f3w, kt\u00f3rych tam powieszono, ur\u0105ga\u0142 Mu: \u201eCzy Ty nie jeste\u015b Mesjaszem? Wybaw wi\u0119c siebie i nas\u201d. <\/b><\/span><\/span><\/span><\/p>\n<p align=\"justify\"><span style=\"color: #000000;\"><span style=\"font-family: Book Antiqua, serif;\"><span style=\"font-size: large;\"><b>Lecz drugi, karc\u0105c go, rzek\u0142: \u201eTy nawet Boga si\u0119 nie boisz, chocia\u017c t\u0119 sam\u0105 kar\u0119 ponosisz? My przecie\u017c sprawiedliwie, odbieramy bowiem s\u0142uszn\u0105 kar\u0119 za nasze uczynki, ale On nic z\u0142ego nie uczyni\u0142\u201d. <\/b><\/span><\/span><\/span><\/p>\n<p align=\"justify\"><span style=\"color: #000000;\"><span style=\"font-family: Book Antiqua, serif;\"><span style=\"font-size: large;\"><b>I doda\u0142: \u201eJezu, wspomnij na mnie, gdy przyjdziesz do swego kr\u00f3lestwa\u201d. <\/b><\/span><\/span><\/span><\/p>\n<p align=\"justify\"><span style=\"color: #000000;\"><span style=\"font-family: Book Antiqua, serif;\"><span style=\"font-size: large;\"><b>Jezus mu odpowiedzia\u0142: \u201eZaprawd\u0119 powiadam ci: Dzi\u015b ze Mn\u0105 b\u0119dziesz w raju\u201d.<\/b><\/span><\/span><\/span><\/p>\n<p align=\"justify\">\n<p align=\"justify\">\n<p align=\"justify\">\n<p align=\"justify\">\n<p align=\"justify\">\n<p align=\"justify\"><span style=\"color: #000000;\"><span style=\"font-family: Book Antiqua, serif;\"><span style=\"font-size: large;\"><b>Chrystus Wodzem, Chrystus Kr\u00f3lem, Chrystus W\u0142adc\u0105 \u2013 nad nami. W\u0142adc\u0105 nad wiekami.<\/b> T\u0119 prawd\u0119, wyra\u017can\u0105 w wielu pie\u015bniach i modlitwach; t\u0119 prawd\u0119, zapisan\u0105 tak wyra\u017anie na kartach Pisma \u015awi\u0119tego, Ko\u015bci\u00f3\u0142 szczeg\u00f3lnie mocno przypomina sobie i na nowo u\u015bwiadamia <b>w ostatni\u0105 niedziel\u0119 roku liturgicznego.<\/b> W ten spos\u00f3b Uroczysto\u015b\u0107 Chrystusa Kr\u00f3la Wszech\u015bwiata jest pi\u0119knym podsumowaniem prze\u017cy\u0107 ca\u0142ego roku, w ci\u0105gu kt\u00f3rego wspominane s\u0105 \u2013 i na nowo prze\u017cywane \u2013 wszystkie<b> wa\u017cniejsze wydarzenia, zwi\u0105zane z histori\u0105 zbawienia cz\u0142owieka.<\/b><\/span><\/span><\/span><\/p>\n<p align=\"justify\"><span style=\"color: #000000;\"><span style=\"font-family: Book Antiqua, serif;\"><span style=\"font-size: large;\">Wszystkie one wyra\u017caj\u0105, a jednocze\u015bnie wprowadzaj\u0105 Bo\u017ce kr\u00f3lestwo ju\u017c tutaj na ziemi, a wype\u0142nienie jego nast\u0105pi w wieczno\u015bci. O tym natomiast, <b>czym jest owo Kr\u00f3lestwo i <\/b><b>k<\/b><b>im jest <\/b><b>j<\/b><b>ego W\u0142adca, Jezus Chrystus Kr\u00f3l Wszech\u015bwiata<\/b> \u2013 m\u00f3wi nam dzisiejsze s\u0142owo Bo\u017ce, kt\u00f3rego przed chwil\u0105 z uwag\u0105 wys\u0142uchali\u015bmy.<\/span><\/span><\/span><\/p>\n<p align=\"justify\"><span style=\"color: #000000;\"><span style=\"font-family: Book Antiqua, serif;\"><span style=\"font-size: large;\">Kiedy jednak wczytamy si\u0119 w Ewangeli\u0119, przeznaczon\u0105 na dzisiejsz\u0105 niedziel\u0119, to \u00f3w Kr\u00f3l mo\u017ce nam si\u0119 wyda\u0107 <b>bardzo s\u0142aby i przegrany.<\/b> C\u00f3\u017c to za Kr\u00f3l, kt\u00f3ry obiecuje jakie\u015b przywileje w swoim dziwnym Kr\u00f3lestwie,<b> wisz\u0105c na <\/b><b>k<\/b><b>rzy\u017cu?<\/b> Kto uwierzy\u0142by takim obietnicom? Jakie maj\u0105 one znaczenie? Czy nie wydaje si\u0119 to<b> \u015bmiesznym i godnym pogardy?<\/b> Chyba tak, bo cz\u0142onkowie Wysokiej Rady oraz \u017co\u0142nierze w\u0142a\u015bnie tak\u0105 pogard\u0119 okazali Jezusowi. Ca\u0142y za\u015b lud, zebrany w tym miejscu \u2013 jak m\u00f3wi Ewangelista \u2013 <i><b>sta<\/b><\/i><i><b>\u0142<\/b><\/i><i><b> i patrzy\u0142.<\/b><\/i><\/span><\/span><\/span><\/p>\n<p align=\"justify\"><span style=\"color: #000000;\"><span style=\"font-family: Book Antiqua, serif;\"><span style=\"font-size: large;\">Przyznaj\u0119, \u017ce ile razy czytam to kr\u00f3tkie zdanie, zawsze robi ono na mnie bardzo du\u017ce, a wr\u0119cz piorunuj\u0105ce wra\u017cenie \u2013 oczywi\u015bcie, negatywne! Oto bowiem dokonuje si\u0119 <b>dramat <\/b><b>C<\/b><b>z\u0142owieka<\/b> \u2013 skazanego niewinnie; Cz\u0142owieka, kt\u00f3ry tyle dobrego wszystkim wok\u00f3\u0142 uczyni\u0142 \u2013<b> a lud stoi i patrzy.<\/b> Biernie przygl\u0105da si\u0119 wszystkiemu i czeka, co z tego wszystkiego wyniknie? Jak zachowaj\u0105 si\u0119 skaza\u0144cy, co si\u0119 b\u0119dzie dzia\u0142o? <\/span><\/span><\/span><\/p>\n<p align=\"justify\"><span style=\"color: #000000;\"><span style=\"font-family: Book Antiqua, serif;\"><span style=\"font-size: large;\">Bardzo mocne w swojej tre\u015bci zdanie, chocia\u017c bardzo kr\u00f3tkie: <i><b>Lud sta\u0142 i patrzy\u0142.<\/b><\/i> Trudno spodziewa\u0107 si\u0119, aby by\u0142o to spojrzenie pe\u0142ne wsp\u00f3\u0142czucia, raczej zawistne i \u017c\u0105dne sensacji.<\/span><\/span><\/span><\/p>\n<p align=\"justify\"><span style=\"color: #000000;\"><span style=\"font-family: Book Antiqua, serif;\"><span style=\"font-size: large;\">I tak to w\u0142a\u015bnie wygl\u0105da panowanie tego niezwyk\u0142ego Kr\u00f3la. Tak si\u0119 przynajmniej wydaje, \u017ce wygl\u0105da. Tak wygl\u0105da w oczach tych, kt\u00f3rzy <b>chc\u0105 i potrafi\u0105 widzie\u0107 jedynie to, co zewn\u0119trzne. <\/b>Wiemy jednak dobrze, \u017ce nie wszyscy tak patrzyli. Tam, na miejscu ukrzy\u017cowania by\u0142o <b>kilka os\u00f3b,<\/b> <b>kt\u00f3re dostrzeg\u0142y co\u015b wi\u0119cej.<\/b> Ewangelia dzisiejsza m\u00f3wi nam o jednym takim, a mianowicie \u2013 <b>o z\u0142oczy\u0144cy, kt\u00f3ry uzna\u0142 swoj\u0105 win\u0119, uzna\u0142 <\/b><b>za to <\/b><b>niewinno\u015b\u0107 Jezusa,<\/b> a jednocze\u015bnie: uwierzy\u0142 w Jego kr\u00f3lestwo. Nawet mo\u017ce nie spodziewa\u0142 si\u0119 w nim by\u0107, prosi\u0142 tylko Jezusa, aby na niego wspomnia\u0142, gdy tam si\u0119 znajdzie. <\/span><\/span><\/span><\/p>\n<p align=\"justify\"><span style=\"color: #000000;\"><span style=\"font-family: Book Antiqua, serif;\"><span style=\"font-size: large;\">Jezus da\u0142 mu znacznie wi\u0119cej, ni\u017c ten si\u0119 spodziewa\u0142. <b>Obieca\u0142 mu udzia\u0142 w swoim Kr\u00f3lestwie. <\/b>W jednej chwili zmieni\u0142 sytuacj\u0119 z\u0142oczy\u0144cy z rozpaczliwej na radosn\u0105: obieca\u0142 mu przecie\u017c zbawienie. M\u00f3wi si\u0119 nawet o tym akcie<b> jako o pierwszej kanonizacji:<\/b> Jezus osobi\u015bcie og\u0142osi\u0142 kogo\u015b \u015bwi\u0119tym, i to jeszcze za jego \u017cycia. Chocia\u017c w zewn\u0119trznym wymiarze nic si\u0119 nie zmieni\u0142o: lud, kt\u00f3ry sta\u0142 i patrzy\u0142, <b>nadal sta\u0142 i patrzy\u0142; <\/b>\u017co\u0142nierze, kt\u00f3rzy szydzili z Jezusa, te\u017c <b>nie <\/b><b>zauwa\u017cyli<\/b><b> niczego nowego <\/b>\u2013 ot, po prostu, skaza\u0144cy rozmawiaj\u0105 ze sob\u0105: mo\u017ce narzekaj\u0105 na swoj\u0105 dol\u0119, <b>a mo\u017ce z\u0142orzecz\u0105 okrutnym oprawcom\u2026<\/b> <\/span><\/span><\/span><\/p>\n<p align=\"justify\"><span style=\"color: #000000;\"><span style=\"font-family: Book Antiqua, serif;\"><span style=\"font-size: large;\">A tymczasem tam, na Kalwarii, dokonywa\u0142y si\u0119 bardzo wa\u017cne rzeczy i w dodatku \u2013 bardzo radosne! <b>Jezus przyj\u0105\u0142 do swego Kr\u00f3lestwa skruszonego cz\u0142owieka. <\/b><\/span><\/span><\/span><\/p>\n<p align=\"justify\"><span style=\"color: #000000;\"><span style=\"font-family: Book Antiqua, serif;\"><span style=\"font-size: large;\">Jak zatem naprawd\u0119 wygl\u0105da to Jego kr\u00f3lestwo, skoro r\u00f3\u017cni ludzie widz\u0105 za ka\u017cdym razem co innego: jedni nie dostrzegaj\u0105 nic, <b>a inni widz\u0105 jak\u0105\u015b radosn\u0105 rzeczywisto\u015b\u0107,<\/b> kt\u00f3ra przemienia ich i nape\u0142nia nadziej\u0105? Odpowied\u017a daje dzisiejsza Ewangelia: ca\u0142a tajemnica<b> tkwi w sposobie patrzenia.<\/b><\/span><\/span><\/span><\/p>\n<p align=\"justify\"><span style=\"color: #000000;\"><span style=\"font-family: Book Antiqua, serif;\"><span style=\"font-size: large;\">Ci, kt\u00f3rzy patrz\u0105 w spos\u00f3b pobie\u017cny, p\u0142ytki i uproszczony, widz\u0105 tylko to, co mo\u017cna dostrzec na zewn\u0105trz. Przed tymi natomiast, kt\u00f3rzy<b> patrz\u0105 sercem, otwieraj\u0105 si\u0119 szerokie perspektywy.<\/b> A Bo\u017ce kr\u00f3lestwo mog\u0105 dostrzec jedynie ci w\u0142a\u015bnie, kt\u00f3rzy patrz\u0105 sercem. <\/span><\/span><\/span><\/p>\n<p align=\"justify\"><span style=\"color: #000000;\"><span style=\"font-family: Book Antiqua, serif;\"><span style=\"font-size: large;\">I tylko oni mog\u0105 w pe\u0142ni prze\u017cy\u0107 dzisiejsz\u0105 Uroczysto\u015b\u0107, bo tylko oni potrafi\u0105 dostrzec, i\u017c \u2013 jak m\u00f3wi \u015awi\u0119ty Pawe\u0142 w drugim czytaniu z Listu do Kolosan \u2013 <i><b>B\u00f3g uwolni\u0142 nas spod w\u0142adzy ciemno\u015bci<\/b><\/i><i> <\/i><i><b>i przeni\u00f3s\u0142 nas do Kr\u00f3lestwa swego umi\u0142owanego Syna, w kt\u00f3rym mamy odkupienie, odpuszczenie grzech\u00f3w.<\/b><\/i><i> <\/i><i><b>On jest obrazem Boga Niewidzialnego, Pierworodnym wobec ka\u017cdego stworzenia, bo w Nim zosta\u0142o wszystko stworzone. <\/b><\/i><b>[&#8230;]<\/b><i><b> On jest przed wszystkim i wszystko w Nim ma istnienie. I On jest G\u0142ow\u0105 Cia\u0142a, to jest Ko\u015bcio\u0142a. On jest Pocz\u0105tkiem, Pierworodnym spo\u015br\u00f3d umar\u0142ych, aby sam zyska\u0142 pierwsze\u0144stwo we wszystkim. Zechcia\u0142 bowiem B\u00f3g, by w Nim zamieszka\u0142a ca\u0142a Pe\u0142nia, i aby przez Niego i dla Niego zn\u00f3w pojedna\u0107 wszystko ze sob\u0105: i to, co na ziemi, i to, co w niebiosach, wprowadziwszy pok\u00f3j przez Krew Jego Krzy\u017ca.<\/b><\/i><b> <\/b><\/span><\/span><\/span><\/p>\n<p align=\"justify\"><span style=\"color: #000000;\"><span style=\"font-family: Book Antiqua, serif;\"><span style=\"font-size: large;\">Wspania\u0142a rzeczywisto\u015b\u0107 Bo\u017cego Kr\u00f3lestwa, tak mistrzowsko i poetycko przedstawiona przez Aposto\u0142a Narod\u00f3w, \u015awi\u0119tego Paw\u0142a, dostrzegalna jest dla tych, kt\u00f3rzy potrafi\u0105 patrze\u0107 sercem. Tylko oni<b> w <\/b><b>s\u0142<\/b><b>owie Bo\u017cym i w Sakramentach, <\/b>a tak\u017ce<b> we wsp\u00f3lnocie Ko\u015bcio\u0142a,<\/b> potrafi\u0105 dostrzec zapowied\u017a i pocz\u0105tek tego Kr\u00f3lestwa, kt\u00f3re w ca\u0142ej pe\u0142ni i doskona\u0142o\u015bci objawi si\u0119 w Niebie. Tam przekonamy si\u0119, czym owa rzeczywisto\u015b\u0107 jest. Tu, na ziemi, bardzo si\u0119 do niej zbli\u017camy. Bo to Chrystusowe Kr\u00f3lestwo nie jest czym\u015b oderwanym od \u015bwiata, w kt\u00f3rym \u017cyjemy. <\/span><\/span><\/span><\/p>\n<p align=\"justify\"><span style=\"color: #000000;\"><span style=\"font-family: Book Antiqua, serif;\"><span style=\"font-size: large;\">Oto <b>w pierwszym czytaniu<\/b> us\u0142yszeli\u015bmy opis namaszczenia Dawida na kr\u00f3la nad Izraelem. Wielokrotnie w Pi\u015bmie \u015awi\u0119tym odnajdujemy stwierdzenie, <b>\u017ce B\u00f3g da\u0142 Chrystusowi tron jego ojca Dawida,<\/b> na przyk\u0142ad \u2013 w momencie zwiastowania przez Gabriela Maryi, i\u017c b\u0119dzie Matk\u0105 Zbawiciela. Kr\u00f3lowanie Dawida jest zatem<b> zapowiedzi\u0105 kr\u00f3lowania Mesjasza.<\/b> A jednak w inny spos\u00f3b by\u0142 tym kr\u00f3lem Dawid, w inny \u2013 jest nim Jezus. <\/span><\/span><\/span><\/p>\n<p align=\"justify\"><span style=\"color: #000000;\"><span style=\"font-family: Book Antiqua, serif;\"><span style=\"font-size: large;\">Prawda ta ma nam jednak uzmys\u0142owi\u0107, \u017ce kr\u00f3lestwo Jezusa <b>zaczyna si\u0119 i dokonuje ju\u017c tutaj na ziemi.<\/b> Dotyczy naszej rzeczywisto\u015bci \u2013 tej, w kt\u00f3rej \u017cyjemy; w niej si\u0119 rozwija, w niej si\u0119 konkretnie wyra\u017ca. <b>Nie trzeba szuka\u0107 innych, lepszych warunk\u00f3w do tworzenia tego\u017c Kr\u00f3lestwa!<\/b> Te warunki, w kt\u00f3rych na co dzie\u0144 \u017cyjemy, s\u0105 najlepszymi warunkami, aby w nich realizowa\u0142o si\u0119 Bo\u017ce kr\u00f3lestwo. Ale trzeba otworzy\u0107 serce \u2013 i patrze\u0107 sercem. To jedyny warunek.<\/span><\/span><\/span><\/p>\n<p align=\"justify\"><span style=\"color: #000000;\"><span style=\"font-family: Book Antiqua, serif;\"><span style=\"font-size: large;\">Dlatego dzisiaj modlimy sie o to, aby\u015bmy jako ludzie wierz\u0105cy, jako ludzie ochrzczeni, uczyli si\u0119 z coraz wi\u0119ksz\u0105 odwag\u0105 <b>patrze\u0107 sercem i dostrzega\u0107 to, co g\u0142\u0119bsze,<\/b> co nie od razu widoczne. Pro\u015bmy o to dzisiaj Jezusa Chrystusa, Kr\u00f3la Wszech\u015bwiata i Kr\u00f3la serc ludzkich, aby\u015bmy widz\u0105c drugiego cz\u0142owieka \u2013 czy to tu, w ko\u015bciele, czy w sklepie, czy w pracy \u2013 widzieli<b> nie tylko jak\u0105\u015b szar\u0105 jednostk\u0119 w t\u0142umie,<\/b> jakiego\u015b bezbarwnego \u201ecz\u0142owieczka\u201d, kt\u00f3ry jest nam oboj\u0119tny, ale by\u015bmy widzieli <b>kogo\u015b, za kogo Jezus na <\/b><b>k<\/b><b>rzy\u017cu oddal swoje \u017cycie,<\/b> kto nosi w swoim sercu wielkie bogactwo ducha i prze\u017cy\u0107, kto ma swoj\u0105 jedyn\u0105 i niepowtarzaln\u0105 histori\u0119 \u017cycia.<\/span><\/span><\/span><\/p>\n<p align=\"justify\"><span style=\"color: #000000;\"><span style=\"font-family: Book Antiqua, serif;\"><span style=\"font-size: large;\">Pro\u015bmy dzisiaj Jezusa Kr\u00f3la, aby\u015bmy \u2013 na przyk\u0142ad \u2013 widz\u0105c cz\u0142owieka pijanego, postrzegali go <b>nie tylko \u201ez\u0142o chodz\u0105ce po <\/b><b>\u015bwiecie\u201d<\/b><b>,<\/b> ale by\u015bmy dostrzegli jego za\u0142amania, a mo\u017ce problemy w domu, a mo\u017ce zwyk\u0142\u0105 ludzk\u0105 s\u0142abo\u015b\u0107, ale te\u017c \u2013 by\u015bmy dostrzegli, <b>i\u017c ma on szans\u0119 z tego powsta\u0107, <\/b>je\u015bli tylko sam si\u0119 pozbiera i inni mu pomog\u0105.<\/span><\/span><\/span><\/p>\n<p align=\"justify\"><span style=\"color: #000000;\"><span style=\"font-family: Book Antiqua, serif;\"><span style=\"font-size: large;\">Pro\u015bmy dzisiaj Jezusa Kr\u00f3la, aby\u015bmy widz\u0105c <b>m\u0142odego cz\u0142owieka, kt\u00f3ry si\u0119ga po alkohol, papierosy i narkotyki;<\/b> kt\u00f3ry ha\u0142a\u015bliwie zwraca na siebie uwag\u0119 otoczenia \u2013 dostrzegali nie tylko intruza, kt\u00f3rego trzeba si\u0119 pozby\u0107, bo zawadza i przeszkadza, ale dostrzegli to, <b>\u017ce <\/b><b>mo\u017ce <\/b><b>mu w domu nie dano dobrego przyk\u0142adu, <\/b>\u017ce mo\u017ce mu w domu nie dano mi\u0142o\u015bci, wi\u0119c on teraz chce na siebie zwr\u00f3ci\u0107 uwag\u0119 \u2013 <b>i \u017ce jest to przede wszystkim cz\u0142owiek nieszcz\u0119\u015bliwy. <\/b>A tak w og\u00f3le \u2013 to bardzo du\u017co w nim dobra.<\/span><\/span><\/span><\/p>\n<p align=\"justify\"><span style=\"color: #000000;\"><span style=\"font-family: Book Antiqua, serif;\"><span style=\"font-size: large;\">Pro\u015bmy dzisiaj Jezusa Kr\u00f3la, aby\u015bmy wchodz\u0105c do urz\u0119du, <b>nie widzieli tam tylko \u201ez\u0142ego\u201d urz\u0119dnika,<\/b> kt\u00f3ry za wszelk\u0105 cen\u0119 chce pokaza\u0107, \u201ekto tu rz\u0105dzi\u201d, ale cz\u0142owieka, kt\u00f3ry te\u017c czasami jest bezradny i mo\u017ce gubi si\u0119 w g\u0105szczu przepis\u00f3w, a mo\u017ce obawia si\u0119 prze\u0142o\u017conych i dlatego niekiedy reaguje tak, a nie inaczej. Potem cz\u0119sto sam tego \u017ca\u0142uje. <\/span><\/span><\/span><\/p>\n<p align=\"justify\"><span style=\"color: #000000;\"><span style=\"font-family: Book Antiqua, serif;\"><span style=\"font-size: large;\">Pro\u015bmy Chrystusa Kr\u00f3la, <b>aby\u015bmy widz\u0105c zdenerwowan\u0105 nauczycielk\u0119 w szkole<\/b> nie widzieli w niej tylko kogo\u015b, kto za wszelk\u0105 cen\u0119 chce pogn\u0119bi\u0107 \u201ebiednych\u201d uczni\u00f3w i na kt\u00f3r\u0105 zaraz trzeba i\u015b\u0107 na skarg\u0119 do dyrektora, ale by\u015bmy sobie u\u015bwiadomili, \u017ce ona, id\u0105c do swojej pracy, nie zostawia przed drzwiami szko\u0142y problem\u00f3w domowych, <b>\u017ce to jest tak\u017ce \u017cona i matka,<\/b> a wi\u0119c boryka si\u0119 z takimi samymi problemami, a w szkole ma jeszcze do czynienia z gromadk\u0105 dzieci, kt\u00f3re s\u0105 bardzo r\u00f3\u017cne, bardzo r\u00f3\u017cnie reaguj\u0105, bardzo si\u0119 r\u00f3\u017cnie zachowuj\u0105, wi\u0119c nerwy mog\u0105 pu\u015bci\u0107, mimo najlepszej woli.<\/span><\/span><\/span><\/p>\n<p align=\"justify\"><span style=\"color: #000000;\"><span style=\"font-family: Book Antiqua, serif;\"><span style=\"font-size: large;\">Pro\u015bmy dzisiaj Jezusa Kr\u00f3la, <b>aby\u015bmy widz\u0105c policjanta, <\/b>lub spotykaj\u0105c si\u0119 z nim na p\u0142aszczy\u017anie s\u0142u\u017cbowej,<b> <\/b>kiedy zwraca nam uwag\u0119 na \u0142amanie prawa \u2013 nie przeklinali go i nie z\u0142orzeczyli z ca\u0142ego serca, ale by\u015bmy byli \u015bwiadomi, \u017ce przecie\u017c on od tego jest, aby sta\u0142 na stra\u017cy prawa i <b>dlatego musi niekiedy poczyni\u0107 przykre uwagi,<\/b> lub nawet wypisa\u0107 mandat. Ale wcale nie jest tak, \u017ce jest on od samego pocz\u0105tku \u017ale nastawiony i szuka mo\u017cliwo\u015bci, aby poni\u017cy\u0107 czy \u201ezbeszta\u0107\u201d. <b>To te\u017c cz\u0142owiek, niekiedy jeszcze m\u0142ody i ma\u0142o do\u015bwiadczony,<\/b> a spotykaj\u0105c si\u0119 w kr\u00f3tkim czasie z r\u00f3\u017cnymi lud\u017ami, mo\u017ce rzeczywi\u015bcie nie od razu w ka\u017cdej sytuacji potrafi si\u0119 znale\u017a\u0107.<\/span><\/span><\/span><\/p>\n<p align=\"justify\"><span style=\"color: #000000;\"><span style=\"font-family: Book Antiqua, serif;\"><span style=\"font-size: large;\">Pro\u015bmy dzisiaj Chrystusa Kr\u00f3la, aby\u015bmy <b>spotykaj\u0105c si\u0119 ze sob\u0105 nawzajem<\/b> \u2013 przede wszystkim podchodzili do tego spotkania, do tej rozmowy <b>z jak najlepszym nastawieniem. <\/b>Pro\u015bmy, aby\u015bmy umieli przede wszystkim dostrzega\u0107 w innych dobro, aby\u015bmy ca\u0142ego akcentu nie k\u0142adli wy\u0142\u0105cznie na wady czy b\u0142\u0119dy. <b>W ludziach tak naprawd\u0119 du\u017co jest dobra, tylko tak ma\u0142o chc\u0105 <\/b><b>je<\/b><b> dostrzega\u0107<\/b>. Pro\u015bmy zatem Chrystusa Kr\u00f3la, aby wyostrzy\u0142 nasz wzrok na to, co nie od razu widoczne.<\/span><\/span><\/span><\/p>\n<p align=\"justify\"><span style=\"color: #000000;\"><span style=\"font-family: Book Antiqua, serif;\"><span style=\"font-size: large;\">Ja wiem, \u017ce w tej chwili niekt\u00f3rzy postawi\u0105 mi zarzut, \u017ce to, co m\u00f3wi\u0119, <b>to takie pobo\u017cne i naiwne \u201ebajanie\u201d,<\/b> bo z\u0142o jest i b\u0119dzie, wi\u0119c jak go mo\u017cna nie widzie\u0107? Moi Drodzy, ja nie twierdz\u0119, \u017ce z\u0142a nie ma i \u017ce ca\u0142a otaczaj\u0105ca nas rzeczywisto\u015b\u0107 jest \u201es\u0142odka i r\u00f3\u017cowa\u201d. Nie! <b>Z\u0142o trzeba widzie\u0107, aby si\u0119 przed nim broni\u0107, <\/b>aby te\u017c wyci\u0105ga\u0107 na czas nale\u017cyte wnioski. Ale chc\u0119 tu dzisiaj powiedzie\u0107, \u017ce przynajmniej po\u0142owa, jak nie wi\u0119cej naszych problem\u00f3w bierze si\u0119 st\u0105d, <b>\u017ce my podchodzimy do drugiego cz\u0142owieka z powzi\u0119tym z g\u00f3ry nastawieniem <\/b><b>i<\/b> \u017ce zanim jeszcze zaczniemy z nim rozmawia\u0107, to ju\u017c mamy pogl\u0105d na jego temat i ju\u017c wiemy o nim wszystko, mamy swoje zdanie i utrwalony, bardzo krytyczny jego obraz.<\/span><\/span><\/span><\/p>\n<p align=\"justify\"><span style=\"color: #000000;\"><span style=\"font-family: Book Antiqua, serif;\"><span style=\"font-size: large;\">A Jezus nas dzisiaj zach\u0119ca, aby\u015bmy nie sp\u0142ycali tego spojrzenia; aby\u015bmy zawsze, patrz\u0105c na drugiego \u2013 kt\u00f3rego to<b> sam Chrystus Kr\u00f3l, w tym momencie, postawi\u0142 na naszej drodze<\/b> \u2013 potrafili patrze\u0107 jak najg\u0142\u0119biej i nie oceniali nikogo na podstawie pierwszego wra\u017cenia; aby\u015bmy <b>jak najg\u0142\u0119biej wnikali w motywy jego post\u0119powania,<\/b> nawet je\u017celi jest ono rzeczywi\u015bcie z\u0142e! I aby\u015bmy nikogo z g\u00f3ry nie przekre\u015blali! Aby podstawowym naszym odniesieniem do drugiego by\u0142o tylko to dobre odniesienie.<\/span><\/span><\/span><\/p>\n<p align=\"justify\"><span style=\"color: #000000;\"><span style=\"font-family: Book Antiqua, serif;\"><span style=\"font-size: large;\"><b>Ja wiem, \u017ce to jest trudne. I nie twierdz\u0119, \u017ce sam to potrafi\u0119.<\/b> Dlatego t\u0119 dzisiejsz\u0105 homili\u0119, bardziej ni\u017c kt\u00f3r\u0105kolwiek inn\u0105, <b>m\u00f3wi\u0119 <\/b><b>przede wszystkim<\/b><b> do siebie.<\/b> Ale takie w\u0142a\u015bnie wymagania stawia nam Jezus Chrystus, Kr\u00f3l Wszech\u015bwiata. Je\u017celi nie prze\u0142amiemy si\u0119 i nie przekonamy do owego g\u0142\u0119bokiego patrzenia \u2013 <b>nie dostrze\u017cemy w og\u00f3le Jego <\/b><b>k<\/b><b>r\u00f3lestwa.<\/b> Je\u017celi natomiast to nam si\u0119 uda, w\u00f3wczas zobaczymy, \u017ce Bo\u017ce kr\u00f3lestwo \u2013 jak nas uczy pierwsze czytanie \u2013 <b>dokonuje si\u0119 <\/b><b>w nas i <\/b><b>wok\u00f3\u0142 nas.<\/b> Dostrze\u017cemy tak\u017ce \u2013 jak uczy nas drugie czytanie i Ewangelia \u2013 \u017ce tam, w g\u0142\u0119bi ludzkiego serca <b>mog\u0105 si\u0119 dzia\u0107 rzeczy niezwyk\u0142e,<\/b> \u017ce ka\u017cdy z ludzi nosi w sobie bardzo du\u017co tego Bo\u017cego kr\u00f3lestwa, tylko ca\u0142y problem w tym, aby si\u0119 tym przej\u0105\u0142 i zechcia\u0142 to rozwin\u0105\u0107.<\/span><\/span><\/span><\/p>\n<p align=\"justify\"><span style=\"color: #000000;\"><span style=\"font-family: Book Antiqua, serif;\"><span style=\"font-size: large;\">A zatem \u2013 <b>pomagajmy sobie nawzajem <\/b>w tym, aby Bo\u017ce kr\u00f3lestwo mog\u0142o<b> rozwija\u0107 si\u0119 w naszych sercach.<\/b> Zauwa\u017cmy ziarna tego Kr\u00f3lestwa, zasiane w naszych sercach i sercach innych, a z pewno\u015bci\u0105 zobaczymy rzeczy niezwyk\u0142e. Nie dajmy si\u0119 uwie\u015b\u0107 szatanowi, kt\u00f3ry chce nas przekona\u0107 do swego kr\u00f3lestwa. <b>Jego kr\u00f3lestwo skazane jest na kl\u0119sk\u0119!<\/b> Tylko Kr\u00f3lestwo Chrystusa jest prawdziwe i wieczne, tylko Kr\u00f3lestwo Chrystusa naprawd\u0119 zwyci\u0119\u017ca.<\/span><\/span><\/span><\/p>\n<p align=\"justify\"><span style=\"color: #000000;\"><span style=\"font-family: Book Antiqua, serif;\"><span style=\"font-size: large;\"><b>Chrystus Wodzem, Chrystus Kr\u00f3lem, Chrystus W\u0142adc\u0105 nam! <\/b><\/span><\/span><\/span><\/p>\n<p align=\"justify\"><span style=\"color: #000000;\"><span style=\"font-family: Book Antiqua, serif;\"><span style=\"font-size: large;\"><b>Christus vincit, Christus regnat, Christus imperat!<\/b><\/span><\/span><\/span><\/p>\n","protected":false},"excerpt":{"rendered":"<p>Niech b\u0119dzie pochwalony Jezus Chrystus! Moi Drodzy, w dniu dzisiejszym rocznic\u0119 \u015awi\u0119ce\u0144 biskupich prze\u017cywa Ksi\u0105dz Arcybiskup Andrzej Dzi\u0119ga, obecnie pos\u0142uguj\u0105cy w Szczecinie, a przed laty \u2013 Dziekan Wydzia\u0142u Prawa na KUL, gdzie studiowa\u0142em. Dzi\u0119kuj\u0105c Jubilatowi za wiele osobistej \u017cyczliwo\u015bci, \u017cycz\u0119 Bo\u017cego b\u0142ogos\u0142awie\u0144stwa. Z kolei, czterdziest\u0105 rocznic\u0119 zawarcia sakramentalnego Ma\u0142\u017ce\u0144stwa prze\u017cywaj\u0105 Teresa i Marian Nowiccy, czyli [&hellip;]<\/p>\n","protected":false},"author":1,"featured_media":0,"comment_status":"open","ping_status":"open","sticky":false,"template":"","format":"standard","meta":{"jetpack_post_was_ever_published":false,"_jetpack_newsletter_access":"","_jetpack_dont_email_post_to_subs":false,"_jetpack_newsletter_tier_id":0,"_jetpack_memberships_contains_paywalled_content":false,"_jetpack_memberships_contains_paid_content":false,"footnotes":""},"categories":[1],"tags":[],"class_list":["post-16210","post","type-post","status-publish","format-standard","hentry","category-bez-kategorii"],"yoast_head":"<!-- This site is optimized with the Yoast SEO plugin v25.1 - https:\/\/yoast.com\/wordpress\/plugins\/seo\/ -->\n<title>Christus imperat! - Gaudium Et Spes<\/title>\n<meta name=\"robots\" content=\"index, follow, max-snippet:-1, max-image-preview:large, max-video-preview:-1\" \/>\n<link rel=\"canonical\" href=\"https:\/\/gaudiumetspes-blog.pl\/index.php\/2019\/11\/24\/christus-imperat\/\" \/>\n<meta property=\"og:locale\" content=\"pl_PL\" \/>\n<meta property=\"og:type\" content=\"article\" \/>\n<meta property=\"og:title\" content=\"Christus imperat! - Gaudium Et Spes\" \/>\n<meta property=\"og:description\" content=\"Niech b\u0119dzie pochwalony Jezus Chrystus! Moi Drodzy, w dniu dzisiejszym rocznic\u0119 \u015awi\u0119ce\u0144 biskupich prze\u017cywa Ksi\u0105dz Arcybiskup Andrzej Dzi\u0119ga, obecnie pos\u0142uguj\u0105cy w Szczecinie, a przed laty \u2013 Dziekan Wydzia\u0142u Prawa na KUL, gdzie studiowa\u0142em. Dzi\u0119kuj\u0105c Jubilatowi za wiele osobistej \u017cyczliwo\u015bci, \u017cycz\u0119 Bo\u017cego b\u0142ogos\u0142awie\u0144stwa. Z kolei, czterdziest\u0105 rocznic\u0119 zawarcia sakramentalnego Ma\u0142\u017ce\u0144stwa prze\u017cywaj\u0105 Teresa i Marian Nowiccy, czyli [&hellip;]\" \/>\n<meta property=\"og:url\" content=\"https:\/\/gaudiumetspes-blog.pl\/index.php\/2019\/11\/24\/christus-imperat\/\" \/>\n<meta property=\"og:site_name\" content=\"Gaudium Et Spes\" \/>\n<meta property=\"article:published_time\" content=\"2019-11-24T04:34:07+00:00\" \/>\n<meta name=\"author\" content=\"Ks. Jacek\" \/>\n<meta name=\"twitter:card\" content=\"summary_large_image\" \/>\n<meta name=\"twitter:label1\" content=\"Napisane przez\" \/>\n\t<meta name=\"twitter:data1\" content=\"Ks. Jacek\" \/>\n\t<meta name=\"twitter:label2\" content=\"Szacowany czas czytania\" \/>\n\t<meta name=\"twitter:data2\" content=\"15 minut\" \/>\n<script type=\"application\/ld+json\" class=\"yoast-schema-graph\">{\"@context\":\"https:\/\/schema.org\",\"@graph\":[{\"@type\":\"WebPage\",\"@id\":\"https:\/\/gaudiumetspes-blog.pl\/index.php\/2019\/11\/24\/christus-imperat\/\",\"url\":\"https:\/\/gaudiumetspes-blog.pl\/index.php\/2019\/11\/24\/christus-imperat\/\",\"name\":\"Christus imperat! - Gaudium Et Spes\",\"isPartOf\":{\"@id\":\"https:\/\/gaudiumetspes-blog.pl\/#website\"},\"datePublished\":\"2019-11-24T04:34:07+00:00\",\"author\":{\"@id\":\"https:\/\/gaudiumetspes-blog.pl\/#\/schema\/person\/1661982992b752dea8dff0d4ed845a65\"},\"breadcrumb\":{\"@id\":\"https:\/\/gaudiumetspes-blog.pl\/index.php\/2019\/11\/24\/christus-imperat\/#breadcrumb\"},\"inLanguage\":\"pl-PL\",\"potentialAction\":[{\"@type\":\"ReadAction\",\"target\":[\"https:\/\/gaudiumetspes-blog.pl\/index.php\/2019\/11\/24\/christus-imperat\/\"]}]},{\"@type\":\"BreadcrumbList\",\"@id\":\"https:\/\/gaudiumetspes-blog.pl\/index.php\/2019\/11\/24\/christus-imperat\/#breadcrumb\",\"itemListElement\":[{\"@type\":\"ListItem\",\"position\":1,\"name\":\"Strona g\u0142\u00f3wna\",\"item\":\"https:\/\/gaudiumetspes-blog.pl\/\"},{\"@type\":\"ListItem\",\"position\":2,\"name\":\"Christus imperat!\"}]},{\"@type\":\"WebSite\",\"@id\":\"https:\/\/gaudiumetspes-blog.pl\/#website\",\"url\":\"https:\/\/gaudiumetspes-blog.pl\/\",\"name\":\"Gaudium Et Spes\",\"description\":\"Blog Ks. Jacka Ja\u015bkowskiego\",\"potentialAction\":[{\"@type\":\"SearchAction\",\"target\":{\"@type\":\"EntryPoint\",\"urlTemplate\":\"https:\/\/gaudiumetspes-blog.pl\/?s={search_term_string}\"},\"query-input\":{\"@type\":\"PropertyValueSpecification\",\"valueRequired\":true,\"valueName\":\"search_term_string\"}}],\"inLanguage\":\"pl-PL\"},{\"@type\":\"Person\",\"@id\":\"https:\/\/gaudiumetspes-blog.pl\/#\/schema\/person\/1661982992b752dea8dff0d4ed845a65\",\"name\":\"Ks. Jacek\",\"image\":{\"@type\":\"ImageObject\",\"inLanguage\":\"pl-PL\",\"@id\":\"https:\/\/gaudiumetspes-blog.pl\/#\/schema\/person\/image\/\",\"url\":\"https:\/\/gaudiumetspes-blog.pl\/wp-content\/uploads\/2019\/07\/avatar-JJ-150x150.jpg\",\"contentUrl\":\"https:\/\/gaudiumetspes-blog.pl\/wp-content\/uploads\/2019\/07\/avatar-JJ-150x150.jpg\",\"caption\":\"Ks. Jacek\"},\"description\":\"Witam serdecznie! K\u0142ania si\u0119 Ks. Jacek Ja\u015bkowski. Nie jestem ani kim\u015b wa\u017cnym, ani kim\u015b znanym. Jestem ksi\u0119dzem, kt\u00f3ry po prostu chce rozmawia\u0107. Codzienna kap\u0142a\u0144ska pos\u0142uga pokazuje mi, \u017ce temat\u00f3w do rozm\u00f3w z ksi\u0119dzem jest coraz wi\u0119cej i dzisiaj \u017caden ksi\u0105dz nie mo\u017ce od nich ucieka\u0107, ale - wprost przeciwnie - podejmowa\u0107 nowe wyzwania. To przekonanie sk\u0142oni\u0142o mnie do pr\u00f3by otwarcia tego\u017c bloga, chocia\u017c okazji do rozm\u00f3w na co dzie\u0144 - w konfesjonale i poza nim - na szcz\u0119\u015bcie nie brakuje. My\u015bl\u0119 jednak, \u017ce ten blog b\u0119dzie jeszcze jednym sposobem i przestrzeni\u0105 nawi\u0105zania kontaktu z lud\u017ami dobrej woli, otwartymi na dialog.\",\"url\":\"https:\/\/gaudiumetspes-blog.pl\/index.php\/author\/ks-jacek\/\"}]}<\/script>\n<!-- \/ Yoast SEO plugin. -->","yoast_head_json":{"title":"Christus imperat! - Gaudium Et Spes","robots":{"index":"index","follow":"follow","max-snippet":"max-snippet:-1","max-image-preview":"max-image-preview:large","max-video-preview":"max-video-preview:-1"},"canonical":"https:\/\/gaudiumetspes-blog.pl\/index.php\/2019\/11\/24\/christus-imperat\/","og_locale":"pl_PL","og_type":"article","og_title":"Christus imperat! - Gaudium Et Spes","og_description":"Niech b\u0119dzie pochwalony Jezus Chrystus! Moi Drodzy, w dniu dzisiejszym rocznic\u0119 \u015awi\u0119ce\u0144 biskupich prze\u017cywa Ksi\u0105dz Arcybiskup Andrzej Dzi\u0119ga, obecnie pos\u0142uguj\u0105cy w Szczecinie, a przed laty \u2013 Dziekan Wydzia\u0142u Prawa na KUL, gdzie studiowa\u0142em. Dzi\u0119kuj\u0105c Jubilatowi za wiele osobistej \u017cyczliwo\u015bci, \u017cycz\u0119 Bo\u017cego b\u0142ogos\u0142awie\u0144stwa. Z kolei, czterdziest\u0105 rocznic\u0119 zawarcia sakramentalnego Ma\u0142\u017ce\u0144stwa prze\u017cywaj\u0105 Teresa i Marian Nowiccy, czyli [&hellip;]","og_url":"https:\/\/gaudiumetspes-blog.pl\/index.php\/2019\/11\/24\/christus-imperat\/","og_site_name":"Gaudium Et Spes","article_published_time":"2019-11-24T04:34:07+00:00","author":"Ks. Jacek","twitter_card":"summary_large_image","twitter_misc":{"Napisane przez":"Ks. Jacek","Szacowany czas czytania":"15 minut"},"schema":{"@context":"https:\/\/schema.org","@graph":[{"@type":"WebPage","@id":"https:\/\/gaudiumetspes-blog.pl\/index.php\/2019\/11\/24\/christus-imperat\/","url":"https:\/\/gaudiumetspes-blog.pl\/index.php\/2019\/11\/24\/christus-imperat\/","name":"Christus imperat! - Gaudium Et Spes","isPartOf":{"@id":"https:\/\/gaudiumetspes-blog.pl\/#website"},"datePublished":"2019-11-24T04:34:07+00:00","author":{"@id":"https:\/\/gaudiumetspes-blog.pl\/#\/schema\/person\/1661982992b752dea8dff0d4ed845a65"},"breadcrumb":{"@id":"https:\/\/gaudiumetspes-blog.pl\/index.php\/2019\/11\/24\/christus-imperat\/#breadcrumb"},"inLanguage":"pl-PL","potentialAction":[{"@type":"ReadAction","target":["https:\/\/gaudiumetspes-blog.pl\/index.php\/2019\/11\/24\/christus-imperat\/"]}]},{"@type":"BreadcrumbList","@id":"https:\/\/gaudiumetspes-blog.pl\/index.php\/2019\/11\/24\/christus-imperat\/#breadcrumb","itemListElement":[{"@type":"ListItem","position":1,"name":"Strona g\u0142\u00f3wna","item":"https:\/\/gaudiumetspes-blog.pl\/"},{"@type":"ListItem","position":2,"name":"Christus imperat!"}]},{"@type":"WebSite","@id":"https:\/\/gaudiumetspes-blog.pl\/#website","url":"https:\/\/gaudiumetspes-blog.pl\/","name":"Gaudium Et Spes","description":"Blog Ks. Jacka Ja\u015bkowskiego","potentialAction":[{"@type":"SearchAction","target":{"@type":"EntryPoint","urlTemplate":"https:\/\/gaudiumetspes-blog.pl\/?s={search_term_string}"},"query-input":{"@type":"PropertyValueSpecification","valueRequired":true,"valueName":"search_term_string"}}],"inLanguage":"pl-PL"},{"@type":"Person","@id":"https:\/\/gaudiumetspes-blog.pl\/#\/schema\/person\/1661982992b752dea8dff0d4ed845a65","name":"Ks. Jacek","image":{"@type":"ImageObject","inLanguage":"pl-PL","@id":"https:\/\/gaudiumetspes-blog.pl\/#\/schema\/person\/image\/","url":"https:\/\/gaudiumetspes-blog.pl\/wp-content\/uploads\/2019\/07\/avatar-JJ-150x150.jpg","contentUrl":"https:\/\/gaudiumetspes-blog.pl\/wp-content\/uploads\/2019\/07\/avatar-JJ-150x150.jpg","caption":"Ks. Jacek"},"description":"Witam serdecznie! K\u0142ania si\u0119 Ks. Jacek Ja\u015bkowski. Nie jestem ani kim\u015b wa\u017cnym, ani kim\u015b znanym. Jestem ksi\u0119dzem, kt\u00f3ry po prostu chce rozmawia\u0107. Codzienna kap\u0142a\u0144ska pos\u0142uga pokazuje mi, \u017ce temat\u00f3w do rozm\u00f3w z ksi\u0119dzem jest coraz wi\u0119cej i dzisiaj \u017caden ksi\u0105dz nie mo\u017ce od nich ucieka\u0107, ale - wprost przeciwnie - podejmowa\u0107 nowe wyzwania. To przekonanie sk\u0142oni\u0142o mnie do pr\u00f3by otwarcia tego\u017c bloga, chocia\u017c okazji do rozm\u00f3w na co dzie\u0144 - w konfesjonale i poza nim - na szcz\u0119\u015bcie nie brakuje. My\u015bl\u0119 jednak, \u017ce ten blog b\u0119dzie jeszcze jednym sposobem i przestrzeni\u0105 nawi\u0105zania kontaktu z lud\u017ami dobrej woli, otwartymi na dialog.","url":"https:\/\/gaudiumetspes-blog.pl\/index.php\/author\/ks-jacek\/"}]}},"jetpack_featured_media_url":"","jetpack_sharing_enabled":true,"_links":{"self":[{"href":"https:\/\/gaudiumetspes-blog.pl\/index.php\/wp-json\/wp\/v2\/posts\/16210","targetHints":{"allow":["GET"]}}],"collection":[{"href":"https:\/\/gaudiumetspes-blog.pl\/index.php\/wp-json\/wp\/v2\/posts"}],"about":[{"href":"https:\/\/gaudiumetspes-blog.pl\/index.php\/wp-json\/wp\/v2\/types\/post"}],"author":[{"embeddable":true,"href":"https:\/\/gaudiumetspes-blog.pl\/index.php\/wp-json\/wp\/v2\/users\/1"}],"replies":[{"embeddable":true,"href":"https:\/\/gaudiumetspes-blog.pl\/index.php\/wp-json\/wp\/v2\/comments?post=16210"}],"version-history":[{"count":1,"href":"https:\/\/gaudiumetspes-blog.pl\/index.php\/wp-json\/wp\/v2\/posts\/16210\/revisions"}],"predecessor-version":[{"id":16211,"href":"https:\/\/gaudiumetspes-blog.pl\/index.php\/wp-json\/wp\/v2\/posts\/16210\/revisions\/16211"}],"wp:attachment":[{"href":"https:\/\/gaudiumetspes-blog.pl\/index.php\/wp-json\/wp\/v2\/media?parent=16210"}],"wp:term":[{"taxonomy":"category","embeddable":true,"href":"https:\/\/gaudiumetspes-blog.pl\/index.php\/wp-json\/wp\/v2\/categories?post=16210"},{"taxonomy":"post_tag","embeddable":true,"href":"https:\/\/gaudiumetspes-blog.pl\/index.php\/wp-json\/wp\/v2\/tags?post=16210"}],"curies":[{"name":"wp","href":"https:\/\/api.w.org\/{rel}","templated":true}]}}