{"id":16217,"date":"2019-11-26T06:44:31","date_gmt":"2019-11-26T05:44:31","guid":{"rendered":"https:\/\/gaudiumetspes-blog.pl\/?p=16217"},"modified":"2019-11-26T06:44:31","modified_gmt":"2019-11-26T05:44:31","slug":"jak-i-co-buduje","status":"publish","type":"post","link":"https:\/\/gaudiumetspes-blog.pl\/index.php\/2019\/11\/26\/jak-i-co-buduje\/","title":{"rendered":"Jak i co buduj\u0119?&#8230;"},"content":{"rendered":"<p align=\"justify\"><span style=\"color: #000000;\"><span style=\"font-family: Book Antiqua, serif;\"><span style=\"font-size: large;\">Szcz\u0119\u015b\u0107 Bo\u017ce! Moi Drodzy, w dniu dzisiejszym <b>urodziny prze\u017cywaj\u0105: Ksi\u0105dz Jerzy Przychodze\u0144, przez kilka lat m\u00f3j Kolega kursowy, a obecnie Proboszcz jednej z Parafii naszej Diecezji; oraz Ksi\u0105dz Adrian Komar, z kt\u00f3rym wsp\u00f3\u0142pracowa\u0142em na wikariacie w \u017belechowie, a obecnie pos\u0142uguj\u0105cy w Stanach Zjednoczonych. <\/b><\/span><\/span><\/span><\/p>\n<p align=\"justify\"><span style=\"color: #000000;\"><span style=\"font-family: Book Antiqua, serif;\"><span style=\"font-size: large;\"><b>Obu Jubilatom \u017cycz\u0119 trwa\u0142ego i mocnego budowania \u2013 jak o tym wi\u0119cej w rozwa\u017caniu. Zapewniam o modlitwie!<\/b><\/span><\/span><\/span><\/p>\n<p align=\"justify\"><span style=\"color: #000000;\"><span style=\"font-family: Book Antiqua, serif;\"><span style=\"font-size: large;\">Niech Pan nam wszystkim pob\u0142ogos\u0142awi i pomo\u017ce wznosi\u0107 budowle trwa\u0142e i mocne.<\/span><\/span><\/span><\/p>\n<p align=\"center\"><span style=\"color: #000000;\"><span style=\"font-family: Book Antiqua, serif;\"><span style=\"font-size: large;\">Gaudium et spes! Ks. Jacek<\/span><\/span><\/span><\/p>\n<p align=\"center\">\n<p align=\"center\">\n<p align=\"center\">\n<p align=\"center\">\n<p align=\"center\">\n<p align=\"justify\"><span style=\"color: #000000;\"><span style=\"font-family: Book Antiqua, serif;\"><span style=\"font-size: large;\"><b>Wtorek 34 Tygodnia zwyk\u0142ego, rok I,<\/b><\/span><\/span><\/span><\/p>\n<p align=\"justify\"><span style=\"color: #000000;\"><span style=\"font-family: Book Antiqua, serif;\"><span style=\"font-size: large;\"><b>do czyta\u0144: Dn 2,31\u201345; \u0141k 21,5\u201311<\/b><\/span><\/span><\/span><\/p>\n<p align=\"justify\">\n<p align=\"justify\">\n<p align=\"justify\">\n<p align=\"justify\">\n<p align=\"justify\">\n<p align=\"justify\"><span style=\"color: #000000;\"><span style=\"font-family: Book Antiqua, serif;\"><span style=\"font-size: large;\"><b>CZYTANIE Z KSI\u0118GI PROROKA DANIELA: <\/b><\/span><\/span><\/span><\/p>\n<p align=\"justify\"><span style=\"color: #000000;\"><span style=\"font-family: Book Antiqua, serif;\"><span style=\"font-size: large;\"><b>Daniel powiedzia\u0142 do Nabuchodonozora: \u201eTy, kr\u00f3lu, patrzy\u0142e\u015b: Oto pos\u0105g bardzo wielki, o nadzwyczajnym blasku sta\u0142 przed tob\u0105, a widok jego by\u0142 straszny. G\u0142owa tego pos\u0105gu by\u0142a z czystego z\u0142ota, pier\u015b jego i ramiona ze srebra, brzuch i biodra z miedzi, golenie z \u017celaza, stopy za\u015b jego cz\u0119\u015bciowo z \u017celaza, cz\u0119\u015bciowo z gliny.<\/b><\/span><\/span><\/span><\/p>\n<p align=\"justify\"><span style=\"color: #000000;\"><span style=\"font-family: Book Antiqua, serif;\"><span style=\"font-size: large;\"><b>Patrzy\u0142e\u015b, a oto od\u0142\u0105czy\u0142 si\u0119 kamie\u0144, mimo \u017ce nie dotkn\u0119\u0142a go r\u0119ka ludzka, i ugodzi\u0142 pos\u0105g w jego stopy z \u017celaza i gliny, i po\u0142ama\u0142 je. Wtedy natychmiast uleg\u0142y skruszeniu \u017celazo i glina, mied\u017a, srebro i z\u0142oto, i sta\u0142y si\u0119 jak plewy na klepisku w lecie; uni\u00f3s\u0142 je wiatr, tak \u017ce nie pozosta\u0142 po nich nawet \u015blad. Kamie\u0144 za\u015b, kt\u00f3ry uderzy\u0142 pos\u0105g, rozr\u00f3s\u0142 si\u0119 w wielk\u0105 g\u00f3r\u0119 i nape\u0142ni\u0142 ca\u0142\u0105 ziemi\u0119. <\/b><\/span><\/span><\/span><\/p>\n<p align=\"justify\"><span style=\"color: #000000;\"><span style=\"font-family: Book Antiqua, serif;\"><span style=\"font-size: large;\"><b>Taki jest sen, a jego znaczenie przedstawimy kr\u00f3lowi. Ty, kr\u00f3lu, kr\u00f3lu kr\u00f3l\u00f3w, kt\u00f3remu B\u00f3g Nieba odda\u0142 panowanie, si\u0142\u0119, moc i chwa\u0142\u0119, w kt\u00f3rego r\u0119ce odda\u0142 w ca\u0142ym zamieszka\u0142ym \u015bwiecie ludzi, zwierz\u0119ta polne i ptaki powietrzne i kt\u00f3rego uczyni\u0142 w\u0142adc\u0105 nad nimi wszystkimi, ty jeste\u015b g\u0142ow\u0105 ze z\u0142ota. <\/b><\/span><\/span><\/span><\/p>\n<p align=\"justify\"><span style=\"color: #000000;\"><span style=\"font-family: Book Antiqua, serif;\"><span style=\"font-size: large;\"><b>Po tobie jednak powstanie inne kr\u00f3lestwo, mniejsze ni\u017c twoje, i nast\u0105pi trzecie kr\u00f3lestwo miedziane, kt\u00f3re b\u0119dzie panowa\u0142o nad ca\u0142\u0105 ziemi\u0105. Czwarte za\u015b kr\u00f3lestwo b\u0119dzie trwa\u0142e jak \u017celazo; \u017celazo, co wszystko kruszy i rozrywa w kawa\u0142ki; jak \u017celazo, co mia\u017cd\u017cy; zetrze i zmia\u017cd\u017cy ono wszystkie inne. <\/b><\/span><\/span><\/span><\/p>\n<p align=\"justify\"><span style=\"color: #000000;\"><span style=\"font-family: Book Antiqua, serif;\"><span style=\"font-size: large;\"><b>To, \u017ce widzia\u0142e\u015b stopy i palce cz\u0119\u015bciowo z gliny, cz\u0119\u015bciowo za\u015b z \u017celaza, oznacza, \u017ce kr\u00f3lestwo ulegnie podzia\u0142owi; b\u0119dzie mia\u0142o co\u015b z trwa\u0142o\u015bci \u017celaza. To za\u015b, \u017ce widzia\u0142e\u015b \u017celazo zmieszane z mulist\u0105 glin\u0105, a palce u n\u00f3g cz\u0119\u015bciowo z \u017celaza, cz\u0119\u015bciowo za\u015b z gliny, oznacza, \u017ce kr\u00f3lestwo b\u0119dzie cz\u0119\u015bciowo trwa\u0142e, cz\u0119\u015bciowo za\u015b kruche. To, \u017ce widzia\u0142e\u015b \u017celazo zmieszane z mulist\u0105 glin\u0105, oznacza, \u017ce zmieszaj\u0105 si\u0119 oni przez ludzkie nasienie, ale nie b\u0119d\u0105 si\u0119 odznacza\u0107 spoisto\u015bci\u0105, podobnie jak \u017celazo nie da si\u0119 pomiesza\u0107 z glin\u0105. <\/b><\/span><\/span><\/span><\/p>\n<p align=\"justify\"><span style=\"color: #000000;\"><span style=\"font-family: Book Antiqua, serif;\"><span style=\"font-size: large;\"><b>W czasach tych kr\u00f3l\u00f3w B\u00f3g Nieba wzbudzi kr\u00f3lestwo, kt\u00f3re nigdy nie ulegnie zniszczeniu. Jego w\u0142adza nie przejdzie na \u017caden inny nar\u00f3d. Zetrze i zniweczy ono wszystkie te kr\u00f3lestwa, samo za\u015b b\u0119dzie trwa\u0142o na zawsze, jak to widzia\u0142e\u015b, gdy kamie\u0144 oderwa\u0142 si\u0119 od g\u00f3ry, mimo \u017ce nie dotkn\u0119\u0142a go ludzka r\u0119ka, i star\u0142 \u017celazo, mied\u017a, glin\u0119, srebro i z\u0142oto. Wielki B\u00f3g wyjawi\u0142 kr\u00f3lowi, co nast\u0105pi p\u00f3\u017aniej; prawdziwy jest sen, a wyja\u015bnienie jego pewne\u201d.<\/b><\/span><\/span><\/span><\/p>\n<p align=\"justify\">\n<p align=\"justify\">\n<p align=\"justify\">\n<p align=\"justify\">\n<p align=\"justify\">\n<p align=\"justify\"><span style=\"color: #000000;\"><span style=\"font-family: Book Antiqua, serif;\"><span style=\"font-size: large;\"><b>S\u0141OWA EWANGELII WED\u0141UG \u015aWI\u0118TEGO \u0141UKASZA: <\/b><\/span><\/span><\/span><\/p>\n<p align=\"justify\"><span style=\"color: #000000;\"><span style=\"font-family: Book Antiqua, serif;\"><span style=\"font-size: large;\"><b>Gdy niekt\u00f3rzy m\u00f3wili o \u015bwi\u0105tyni, \u017ce jest przyozdobiona pi\u0119knymi kamieniami i darami, Jezus powiedzia\u0142: \u201ePrzyjdzie czas, kiedy z tego, na co patrzycie, nie zostanie kamie\u0144 na kamieniu, kt\u00f3ry by nie by\u0142 zwalony\u201d. <\/b><\/span><\/span><\/span><\/p>\n<p align=\"justify\"><span style=\"color: #000000;\"><span style=\"font-family: Book Antiqua, serif;\"><span style=\"font-size: large;\"><b>Zapytali Go: \u201eNauczycielu, kiedy to nast\u0105pi? I jaki b\u0119dzie znak, gdy si\u0119 to dzia\u0107 zacznie?\u201d <\/b><\/span><\/span><\/span><\/p>\n<p align=\"justify\"><span style=\"color: #000000;\"><span style=\"font-family: Book Antiqua, serif;\"><span style=\"font-size: large;\"><b>Jezus odpowiedzia\u0142: \u201eStrze\u017ccie si\u0119, \u017ceby was nie zwiedziono. Wielu bowiem przyjdzie pod moim imieniem i b\u0119d\u0105 m\u00f3wi\u0107: \u00abJa jestem\u00bb oraz: \u00abnadszed\u0142 czas\u00bb. Nie chod\u017acie za nimi. I nie trw\u00f3\u017ccie si\u0119, gdy pos\u0142yszycie o wojnach i przewrotach. To najpierw musi si\u0119 sta\u0107; ale nie zaraz nast\u0105pi koniec\u201d. <\/b><\/span><\/span><\/span><\/p>\n<p align=\"justify\"><span style=\"color: #000000;\"><span style=\"font-family: Book Antiqua, serif;\"><span style=\"font-size: large;\"><b>Wtedy m\u00f3wi\u0142 do nich: \u201ePowstanie nar\u00f3d przeciw narodowi i kr\u00f3lestwo przeciw kr\u00f3lestwu. B\u0119d\u0105 silne trz\u0119sienia ziemi, a miejscami g\u0142\u00f3d i zaraza; uka\u017c\u0105 si\u0119 straszne zjawiska i wielkie znaki na niebie\u201d.<\/b><\/span><\/span><\/span><\/p>\n<p align=\"justify\">\n<p align=\"justify\">\n<p align=\"justify\">\n<p align=\"justify\">\n<p align=\"justify\">\n<p align=\"justify\"><span style=\"color: #000000;\"><span style=\"font-family: Book Antiqua, serif;\"><span style=\"font-size: large;\">Mo\u017cemy chyba powiedzie\u0107, \u017ce oba dzisiejsze czytania tak naprawd\u0119 m\u00f3wi\u0105 o tym samym. Zw\u0142aszcza, je\u015bli zestawimy ze sob\u0105 te oto fragmenty: <i><b>B\u00f3g Nieba wzbudzi kr\u00f3lestwo, kt\u00f3re nigdy nie ulegnie zniszczeniu. Jego w\u0142adza nie przejdzie na \u017caden inny nar\u00f3d. Zetrze i zniweczy ono wszystkie te kr\u00f3lestwa, samo za\u015b b\u0119dzie trwa\u0142o na zawsze, jak to widzia\u0142e\u015b, gdy kamie\u0144 oderwa\u0142 si\u0119 od g\u00f3ry, mimo \u017ce nie dotkn\u0119\u0142a go ludzka r\u0119ka, i star\u0142 \u017celazo, mied\u017a, glin\u0119, srebro i z\u0142oto;<\/b><\/i><b> <\/b>oraz: <i><b>Przyjdzie czas, kiedy z tego, na co patrzycie, nie zostanie kamie\u0144 na kamieniu, kt\u00f3ry by nie by\u0142 zwalony.<\/b><\/i><b> <\/b><\/span><\/span><\/span><\/p>\n<p align=\"justify\"><span style=\"color: #000000;\"><span style=\"font-family: Book Antiqua, serif;\"><span style=\"font-size: large;\">Oczywi\u015bcie, m\u00f3wimy tu o r\u00f3\u017cnych rzeczywisto\u015bciach czasowych i historycznych, nie wspominaj\u0105c ju\u017c o geograficznych; ponadto w pierwszym przypadku m\u00f3wimy<b> o <\/b><b>ziemskich kr\u00f3lestwach i pot\u0119gach,<\/b> wznoszonych przez ludzi; pot\u0119gach, maj\u0105cych by\u0107 pokonanymi przez Kr\u00f3lestwo, kt\u00f3re nastanie na ich miejscu i samo nigdy nie zostanie przez nikogo pokonane, w drugim przypadku m\u00f3wimy o zburzeniu <b>\u015bwi\u0105tyni, wystawionej na cze\u015b\u0107 Boga Jedynego,<\/b> ale w obu przypadkach mamy do czynienia ze <b>szczeg\u00f3ln\u0105 interwencj\u0105 samego Boga,<\/b> kt\u00f3ry wkroczy w ludzk\u0105 histori\u0119 i oka\u017ce swoj\u0105 pot\u0119g\u0119. <\/span><\/span><\/span><\/p>\n<p align=\"justify\"><span style=\"color: #000000;\"><span style=\"font-family: Book Antiqua, serif;\"><span style=\"font-size: large;\">Kamie\u0144, kt\u00f3ry zmia\u017cd\u017cy wielki pos\u0105g \u2013 jak to ujrza\u0142 w swojej wizji Nabuchodonozor \u2013 nie zosta\u0142 poruszony ludzk\u0105 r\u0119k\u0105. Spad\u0142 samoistnie. Czy jednak <b>rzeczywi\u015bcie samoistnie? <\/b>My wiemy, jaka r\u0119ka go tak naprawd\u0119 poruszy\u0142a\u2026<\/span><\/span><\/span><\/p>\n<p align=\"justify\"><span style=\"color: #000000;\"><span style=\"font-family: Book Antiqua, serif;\"><span style=\"font-size: large;\">Z kolei pos\u0105g \u2013 jako taki \u2013 jest w Biblii symbolem <b>z\u0142otych i srebrnych pos\u0105\u017ck\u00f3w,<\/b> czynionych na cze\u015b\u0107 fa\u0142szywych b\u00f3stw, b\u0105d\u017a te\u017c <b>wielkich, kamiennych pos\u0105g\u00f3w,<\/b> czynionych tak\u017ce na cze\u015b\u0107 b\u00f3stw, lub na cze\u015b\u0107 w\u0142adc\u00f3w ziemskich kr\u00f3lestw. Tak, czy owak, ukazany w wizji Nabuchodonozora pos\u0105g jest symbolem pot\u0119g ziemskich, <b>przeciwnych owemu wiecznemu Kr\u00f3lestwu<\/b> i dlatego przez to Kr\u00f3lestwo zostaje pokonany. <\/span><\/span><\/span><\/p>\n<p align=\"justify\"><span style=\"color: #000000;\"><span style=\"font-family: Book Antiqua, serif;\"><span style=\"font-size: large;\">I tak\u017ce \u015bwi\u0105tynia, jak <b>znak kultu starotestamentalnego,<\/b> musi ust\u0105pi\u0107 miejsca \u015bwi\u0105tyni, zbudowanej nie r\u0119k\u0105 ludzk\u0105. Wszystkich tych zwyci\u0119stw i przemian dokona <b>jedna i ta sama r\u0119ka \u2013 r\u0119ka Boga!<\/b> Ludzkie r\u0119ce, co najwy\u017cej, s\u0105 w stanie wznie\u015b\u0107 doczesne budowle, nierzadko ba\u0142wochwalcze. <\/span><\/span><\/span><\/p>\n<p align=\"justify\"><span style=\"color: #000000;\"><span style=\"font-family: Book Antiqua, serif;\"><span style=\"font-size: large;\">Ale ju\u017c ludzkie r\u0119ce, je\u017celi <b>po\u0142\u0105cz\u0105 swe si\u0142y z r\u0119k\u0105 Boga,<\/b> s\u0105 w stanie wznie\u015b\u0107 budowle trwa\u0142e i niepokonalne! <\/span><\/span><\/span><\/p>\n<p align=\"justify\"><span style=\"color: #000000;\"><span style=\"font-family: Book Antiqua, serif;\"><span style=\"font-size: large;\">Zw\u0142aszcza, \u017ce Jezus dzisiaj wypowiada w Ewangelii tak\u017ce i te s\u0142owa: <i><b>Strze\u017ccie si\u0119, \u017ceby was nie zwiedziono. Wielu bowiem przyjdzie pod moim imieniem i b\u0119d\u0105 m\u00f3wi\u0107: \u00abJa jestem\u00bb oraz: \u00abnadszed\u0142 czas\u00bb. Nie chod\u017acie za nimi. I nie trw\u00f3\u017ccie si\u0119, gdy pos\u0142yszycie o wojnach i przewrotach<\/b><\/i><b>. <\/b><i><b>To najpierw musi si\u0119 sta\u0107; ale nie zaraz nast\u0105pi koniec.<\/b><\/i><b> <\/b>Oraz: <i><b>Powstanie nar\u00f3d przeciw narodowi i kr\u00f3lestwo przeciw kr\u00f3lestwu. B\u0119d\u0105 silne trz\u0119sienia ziemi, a miejscami g\u0142\u00f3d i zaraza; uka\u017c\u0105 si\u0119 straszne zjawiska i wielkie znaki na niebie. <\/b><\/i><\/span><\/span><\/span><\/p>\n<p align=\"justify\"><span style=\"color: #000000;\"><span style=\"font-family: Book Antiqua, serif;\"><span style=\"font-size: large;\">Straszne wizje, groz\u0119 prawdziw\u0105 budz\u0105ce. Ale <b>nie musi si\u0119 ich ba\u0107 ten, kto z Bogiem buduje.<\/b> Kto jednak wznosi jedynie ziemskie budowle i pos\u0105gi w\u0142asnej wielko\u015bci i pychy, ten\u2026 no, c\u00f3\u017c\u2026 <\/span><\/span><\/span><\/p>\n<p align=\"justify\"><span style=\"color: #000000;\"><span style=\"font-family: Book Antiqua, serif;\"><span style=\"font-size: large;\">Jak zatem i co \u2013 i z kim \u2013<b> na co dzie\u0144 buduj\u0119?\u2026<\/b><\/span><\/span><\/span><\/p>\n","protected":false},"excerpt":{"rendered":"<p>Szcz\u0119\u015b\u0107 Bo\u017ce! Moi Drodzy, w dniu dzisiejszym urodziny prze\u017cywaj\u0105: Ksi\u0105dz Jerzy Przychodze\u0144, przez kilka lat m\u00f3j Kolega kursowy, a obecnie Proboszcz jednej z Parafii naszej Diecezji; oraz Ksi\u0105dz Adrian Komar, z kt\u00f3rym wsp\u00f3\u0142pracowa\u0142em na wikariacie w \u017belechowie, a obecnie pos\u0142uguj\u0105cy w Stanach Zjednoczonych. Obu Jubilatom \u017cycz\u0119 trwa\u0142ego i mocnego budowania \u2013 jak o tym wi\u0119cej [&hellip;]<\/p>\n","protected":false},"author":1,"featured_media":0,"comment_status":"open","ping_status":"open","sticky":false,"template":"","format":"standard","meta":{"jetpack_post_was_ever_published":false,"_jetpack_newsletter_access":"","_jetpack_dont_email_post_to_subs":false,"_jetpack_newsletter_tier_id":0,"_jetpack_memberships_contains_paywalled_content":false,"_jetpack_memberships_contains_paid_content":false,"footnotes":""},"categories":[1],"tags":[],"class_list":["post-16217","post","type-post","status-publish","format-standard","hentry","category-bez-kategorii"],"yoast_head":"<!-- This site is optimized with the Yoast SEO plugin v25.1 - https:\/\/yoast.com\/wordpress\/plugins\/seo\/ -->\n<title>Jak i co buduj\u0119?... - Gaudium Et Spes<\/title>\n<meta name=\"robots\" content=\"index, follow, max-snippet:-1, max-image-preview:large, max-video-preview:-1\" \/>\n<link rel=\"canonical\" href=\"https:\/\/gaudiumetspes-blog.pl\/index.php\/2019\/11\/26\/jak-i-co-buduje\/\" \/>\n<meta property=\"og:locale\" content=\"pl_PL\" \/>\n<meta property=\"og:type\" content=\"article\" \/>\n<meta property=\"og:title\" content=\"Jak i co buduj\u0119?... - Gaudium Et Spes\" \/>\n<meta property=\"og:description\" content=\"Szcz\u0119\u015b\u0107 Bo\u017ce! Moi Drodzy, w dniu dzisiejszym urodziny prze\u017cywaj\u0105: Ksi\u0105dz Jerzy Przychodze\u0144, przez kilka lat m\u00f3j Kolega kursowy, a obecnie Proboszcz jednej z Parafii naszej Diecezji; oraz Ksi\u0105dz Adrian Komar, z kt\u00f3rym wsp\u00f3\u0142pracowa\u0142em na wikariacie w \u017belechowie, a obecnie pos\u0142uguj\u0105cy w Stanach Zjednoczonych. Obu Jubilatom \u017cycz\u0119 trwa\u0142ego i mocnego budowania \u2013 jak o tym wi\u0119cej [&hellip;]\" \/>\n<meta property=\"og:url\" content=\"https:\/\/gaudiumetspes-blog.pl\/index.php\/2019\/11\/26\/jak-i-co-buduje\/\" \/>\n<meta property=\"og:site_name\" content=\"Gaudium Et Spes\" \/>\n<meta property=\"article:published_time\" content=\"2019-11-26T05:44:31+00:00\" \/>\n<meta name=\"author\" content=\"Ks. Jacek\" \/>\n<meta name=\"twitter:card\" content=\"summary_large_image\" \/>\n<meta name=\"twitter:label1\" content=\"Napisane przez\" \/>\n\t<meta name=\"twitter:data1\" content=\"Ks. Jacek\" \/>\n\t<meta name=\"twitter:label2\" content=\"Szacowany czas czytania\" \/>\n\t<meta name=\"twitter:data2\" content=\"6 minut\" \/>\n<script type=\"application\/ld+json\" class=\"yoast-schema-graph\">{\"@context\":\"https:\/\/schema.org\",\"@graph\":[{\"@type\":\"WebPage\",\"@id\":\"https:\/\/gaudiumetspes-blog.pl\/index.php\/2019\/11\/26\/jak-i-co-buduje\/\",\"url\":\"https:\/\/gaudiumetspes-blog.pl\/index.php\/2019\/11\/26\/jak-i-co-buduje\/\",\"name\":\"Jak i co buduj\u0119?... - Gaudium Et Spes\",\"isPartOf\":{\"@id\":\"https:\/\/gaudiumetspes-blog.pl\/#website\"},\"datePublished\":\"2019-11-26T05:44:31+00:00\",\"author\":{\"@id\":\"https:\/\/gaudiumetspes-blog.pl\/#\/schema\/person\/1661982992b752dea8dff0d4ed845a65\"},\"breadcrumb\":{\"@id\":\"https:\/\/gaudiumetspes-blog.pl\/index.php\/2019\/11\/26\/jak-i-co-buduje\/#breadcrumb\"},\"inLanguage\":\"pl-PL\",\"potentialAction\":[{\"@type\":\"ReadAction\",\"target\":[\"https:\/\/gaudiumetspes-blog.pl\/index.php\/2019\/11\/26\/jak-i-co-buduje\/\"]}]},{\"@type\":\"BreadcrumbList\",\"@id\":\"https:\/\/gaudiumetspes-blog.pl\/index.php\/2019\/11\/26\/jak-i-co-buduje\/#breadcrumb\",\"itemListElement\":[{\"@type\":\"ListItem\",\"position\":1,\"name\":\"Strona g\u0142\u00f3wna\",\"item\":\"https:\/\/gaudiumetspes-blog.pl\/\"},{\"@type\":\"ListItem\",\"position\":2,\"name\":\"Jak i&nbsp;co buduj\u0119?&#8230;\"}]},{\"@type\":\"WebSite\",\"@id\":\"https:\/\/gaudiumetspes-blog.pl\/#website\",\"url\":\"https:\/\/gaudiumetspes-blog.pl\/\",\"name\":\"Gaudium Et Spes\",\"description\":\"Blog Ks. Jacka Ja\u015bkowskiego\",\"potentialAction\":[{\"@type\":\"SearchAction\",\"target\":{\"@type\":\"EntryPoint\",\"urlTemplate\":\"https:\/\/gaudiumetspes-blog.pl\/?s={search_term_string}\"},\"query-input\":{\"@type\":\"PropertyValueSpecification\",\"valueRequired\":true,\"valueName\":\"search_term_string\"}}],\"inLanguage\":\"pl-PL\"},{\"@type\":\"Person\",\"@id\":\"https:\/\/gaudiumetspes-blog.pl\/#\/schema\/person\/1661982992b752dea8dff0d4ed845a65\",\"name\":\"Ks. Jacek\",\"image\":{\"@type\":\"ImageObject\",\"inLanguage\":\"pl-PL\",\"@id\":\"https:\/\/gaudiumetspes-blog.pl\/#\/schema\/person\/image\/\",\"url\":\"https:\/\/gaudiumetspes-blog.pl\/wp-content\/uploads\/2019\/07\/avatar-JJ-150x150.jpg\",\"contentUrl\":\"https:\/\/gaudiumetspes-blog.pl\/wp-content\/uploads\/2019\/07\/avatar-JJ-150x150.jpg\",\"caption\":\"Ks. Jacek\"},\"description\":\"Witam serdecznie! K\u0142ania si\u0119 Ks. Jacek Ja\u015bkowski. Nie jestem ani kim\u015b wa\u017cnym, ani kim\u015b znanym. Jestem ksi\u0119dzem, kt\u00f3ry po prostu chce rozmawia\u0107. Codzienna kap\u0142a\u0144ska pos\u0142uga pokazuje mi, \u017ce temat\u00f3w do rozm\u00f3w z ksi\u0119dzem jest coraz wi\u0119cej i dzisiaj \u017caden ksi\u0105dz nie mo\u017ce od nich ucieka\u0107, ale - wprost przeciwnie - podejmowa\u0107 nowe wyzwania. To przekonanie sk\u0142oni\u0142o mnie do pr\u00f3by otwarcia tego\u017c bloga, chocia\u017c okazji do rozm\u00f3w na co dzie\u0144 - w konfesjonale i poza nim - na szcz\u0119\u015bcie nie brakuje. My\u015bl\u0119 jednak, \u017ce ten blog b\u0119dzie jeszcze jednym sposobem i przestrzeni\u0105 nawi\u0105zania kontaktu z lud\u017ami dobrej woli, otwartymi na dialog.\",\"url\":\"https:\/\/gaudiumetspes-blog.pl\/index.php\/author\/ks-jacek\/\"}]}<\/script>\n<!-- \/ Yoast SEO plugin. -->","yoast_head_json":{"title":"Jak i co buduj\u0119?... - Gaudium Et Spes","robots":{"index":"index","follow":"follow","max-snippet":"max-snippet:-1","max-image-preview":"max-image-preview:large","max-video-preview":"max-video-preview:-1"},"canonical":"https:\/\/gaudiumetspes-blog.pl\/index.php\/2019\/11\/26\/jak-i-co-buduje\/","og_locale":"pl_PL","og_type":"article","og_title":"Jak i co buduj\u0119?... - Gaudium Et Spes","og_description":"Szcz\u0119\u015b\u0107 Bo\u017ce! Moi Drodzy, w dniu dzisiejszym urodziny prze\u017cywaj\u0105: Ksi\u0105dz Jerzy Przychodze\u0144, przez kilka lat m\u00f3j Kolega kursowy, a obecnie Proboszcz jednej z Parafii naszej Diecezji; oraz Ksi\u0105dz Adrian Komar, z kt\u00f3rym wsp\u00f3\u0142pracowa\u0142em na wikariacie w \u017belechowie, a obecnie pos\u0142uguj\u0105cy w Stanach Zjednoczonych. Obu Jubilatom \u017cycz\u0119 trwa\u0142ego i mocnego budowania \u2013 jak o tym wi\u0119cej [&hellip;]","og_url":"https:\/\/gaudiumetspes-blog.pl\/index.php\/2019\/11\/26\/jak-i-co-buduje\/","og_site_name":"Gaudium Et Spes","article_published_time":"2019-11-26T05:44:31+00:00","author":"Ks. Jacek","twitter_card":"summary_large_image","twitter_misc":{"Napisane przez":"Ks. Jacek","Szacowany czas czytania":"6 minut"},"schema":{"@context":"https:\/\/schema.org","@graph":[{"@type":"WebPage","@id":"https:\/\/gaudiumetspes-blog.pl\/index.php\/2019\/11\/26\/jak-i-co-buduje\/","url":"https:\/\/gaudiumetspes-blog.pl\/index.php\/2019\/11\/26\/jak-i-co-buduje\/","name":"Jak i co buduj\u0119?... - Gaudium Et Spes","isPartOf":{"@id":"https:\/\/gaudiumetspes-blog.pl\/#website"},"datePublished":"2019-11-26T05:44:31+00:00","author":{"@id":"https:\/\/gaudiumetspes-blog.pl\/#\/schema\/person\/1661982992b752dea8dff0d4ed845a65"},"breadcrumb":{"@id":"https:\/\/gaudiumetspes-blog.pl\/index.php\/2019\/11\/26\/jak-i-co-buduje\/#breadcrumb"},"inLanguage":"pl-PL","potentialAction":[{"@type":"ReadAction","target":["https:\/\/gaudiumetspes-blog.pl\/index.php\/2019\/11\/26\/jak-i-co-buduje\/"]}]},{"@type":"BreadcrumbList","@id":"https:\/\/gaudiumetspes-blog.pl\/index.php\/2019\/11\/26\/jak-i-co-buduje\/#breadcrumb","itemListElement":[{"@type":"ListItem","position":1,"name":"Strona g\u0142\u00f3wna","item":"https:\/\/gaudiumetspes-blog.pl\/"},{"@type":"ListItem","position":2,"name":"Jak i&nbsp;co buduj\u0119?&#8230;"}]},{"@type":"WebSite","@id":"https:\/\/gaudiumetspes-blog.pl\/#website","url":"https:\/\/gaudiumetspes-blog.pl\/","name":"Gaudium Et Spes","description":"Blog Ks. Jacka Ja\u015bkowskiego","potentialAction":[{"@type":"SearchAction","target":{"@type":"EntryPoint","urlTemplate":"https:\/\/gaudiumetspes-blog.pl\/?s={search_term_string}"},"query-input":{"@type":"PropertyValueSpecification","valueRequired":true,"valueName":"search_term_string"}}],"inLanguage":"pl-PL"},{"@type":"Person","@id":"https:\/\/gaudiumetspes-blog.pl\/#\/schema\/person\/1661982992b752dea8dff0d4ed845a65","name":"Ks. Jacek","image":{"@type":"ImageObject","inLanguage":"pl-PL","@id":"https:\/\/gaudiumetspes-blog.pl\/#\/schema\/person\/image\/","url":"https:\/\/gaudiumetspes-blog.pl\/wp-content\/uploads\/2019\/07\/avatar-JJ-150x150.jpg","contentUrl":"https:\/\/gaudiumetspes-blog.pl\/wp-content\/uploads\/2019\/07\/avatar-JJ-150x150.jpg","caption":"Ks. Jacek"},"description":"Witam serdecznie! K\u0142ania si\u0119 Ks. Jacek Ja\u015bkowski. Nie jestem ani kim\u015b wa\u017cnym, ani kim\u015b znanym. Jestem ksi\u0119dzem, kt\u00f3ry po prostu chce rozmawia\u0107. Codzienna kap\u0142a\u0144ska pos\u0142uga pokazuje mi, \u017ce temat\u00f3w do rozm\u00f3w z ksi\u0119dzem jest coraz wi\u0119cej i dzisiaj \u017caden ksi\u0105dz nie mo\u017ce od nich ucieka\u0107, ale - wprost przeciwnie - podejmowa\u0107 nowe wyzwania. To przekonanie sk\u0142oni\u0142o mnie do pr\u00f3by otwarcia tego\u017c bloga, chocia\u017c okazji do rozm\u00f3w na co dzie\u0144 - w konfesjonale i poza nim - na szcz\u0119\u015bcie nie brakuje. My\u015bl\u0119 jednak, \u017ce ten blog b\u0119dzie jeszcze jednym sposobem i przestrzeni\u0105 nawi\u0105zania kontaktu z lud\u017ami dobrej woli, otwartymi na dialog.","url":"https:\/\/gaudiumetspes-blog.pl\/index.php\/author\/ks-jacek\/"}]}},"jetpack_featured_media_url":"","jetpack_sharing_enabled":true,"_links":{"self":[{"href":"https:\/\/gaudiumetspes-blog.pl\/index.php\/wp-json\/wp\/v2\/posts\/16217","targetHints":{"allow":["GET"]}}],"collection":[{"href":"https:\/\/gaudiumetspes-blog.pl\/index.php\/wp-json\/wp\/v2\/posts"}],"about":[{"href":"https:\/\/gaudiumetspes-blog.pl\/index.php\/wp-json\/wp\/v2\/types\/post"}],"author":[{"embeddable":true,"href":"https:\/\/gaudiumetspes-blog.pl\/index.php\/wp-json\/wp\/v2\/users\/1"}],"replies":[{"embeddable":true,"href":"https:\/\/gaudiumetspes-blog.pl\/index.php\/wp-json\/wp\/v2\/comments?post=16217"}],"version-history":[{"count":1,"href":"https:\/\/gaudiumetspes-blog.pl\/index.php\/wp-json\/wp\/v2\/posts\/16217\/revisions"}],"predecessor-version":[{"id":16218,"href":"https:\/\/gaudiumetspes-blog.pl\/index.php\/wp-json\/wp\/v2\/posts\/16217\/revisions\/16218"}],"wp:attachment":[{"href":"https:\/\/gaudiumetspes-blog.pl\/index.php\/wp-json\/wp\/v2\/media?parent=16217"}],"wp:term":[{"taxonomy":"category","embeddable":true,"href":"https:\/\/gaudiumetspes-blog.pl\/index.php\/wp-json\/wp\/v2\/categories?post=16217"},{"taxonomy":"post_tag","embeddable":true,"href":"https:\/\/gaudiumetspes-blog.pl\/index.php\/wp-json\/wp\/v2\/tags?post=16217"}],"curies":[{"name":"wp","href":"https:\/\/api.w.org\/{rel}","templated":true}]}}