{"id":16219,"date":"2019-11-27T06:27:44","date_gmt":"2019-11-27T05:27:44","guid":{"rendered":"https:\/\/gaudiumetspes-blog.pl\/?p=16219"},"modified":"2019-11-27T06:27:44","modified_gmt":"2019-11-27T05:27:44","slug":"mene-mene-tekel-ufarsin-2","status":"publish","type":"post","link":"https:\/\/gaudiumetspes-blog.pl\/index.php\/2019\/11\/27\/mene-mene-tekel-ufarsin-2\/","title":{"rendered":"Mene, mene, tekel, ufarsin!"},"content":{"rendered":"<p align=\"justify\"><span style=\"color: #000000;\"><span style=\"font-family: Book Antiqua, serif;\"><span style=\"font-size: large;\">Szcz\u0119\u015b\u0107 Bo\u017ce! Moi Drodzy, do \u017cycze\u0144, sk\u0142adanych Katarzynom, chcia\u0142bym jeszcze do\u0142\u0105czy\u0107 <b>serdeczne \u017cyczenia mojej Kole\u017cance, z kt\u00f3r\u0105 pracowa\u0142em w Liceum im. Lelewela w \u017belechowie, a kt\u00f3ra tak\u017ce obecnie jest Nauczycielem tego\u017c Liceum. Chodzi mi o Katarzyn\u0119 Much\u0119, co do kt\u00f3rej nie mia\u0142em pewno\u015bci, czy akurat \u015bwi\u0119tuje swoje imieniny, skoro jednak zosta\u0142o to potwierdzone, do przesy\u0142am najserdeczniejsze \u017cyczenia i zapewnienia o modlitwie! I podzi\u0119kowanie za wiele \u017cyczliwo\u015bci z Jej strony.<\/b><\/span><\/span><\/span><\/p>\n<p align=\"justify\"><span style=\"color: #000000;\"><span style=\"font-family: Book Antiqua, serif;\"><span style=\"font-size: large;\">Moi Drodzy, Wszystkim \u017cycz\u0119 b\u0142ogos\u0142awionego dnia. I zapraszam do refleksji nad dzisiejszym Bo\u017cym s\u0142owem \u2013 pod nieco tajemniczym tytu\u0142em\u2026 <\/span><\/span><\/span><\/p>\n<p align=\"center\"><span style=\"color: #000000;\"><span style=\"font-family: Book Antiqua, serif;\"><span style=\"font-size: large;\">Gaudium et spes! Ks. Jacek<\/span><\/span><\/span><\/p>\n<p align=\"center\">\n<p align=\"center\">\n<p align=\"center\">\n<p align=\"center\">\n<p align=\"center\">\n<p align=\"justify\"><span style=\"color: #000000;\"><span style=\"font-family: Book Antiqua, serif;\"><span style=\"font-size: large;\"><b>\u015aroda 34 Tygodnia zwyk\u0142ego, rok I,<\/b><\/span><\/span><\/span><\/p>\n<p align=\"justify\"><span style=\"color: #000000;\"><span style=\"font-family: Book Antiqua, serif;\"><span style=\"font-size: large;\"><b>do czyta\u0144: Dn 5,1\u20136.13\u201314.16\u201317.23\u201328; \u0141k 21,12\u201319<\/b><\/span><\/span><\/span><\/p>\n<p align=\"justify\">\n<p align=\"justify\">\n<p align=\"justify\">\n<p align=\"justify\">\n<p align=\"justify\">\n<p align=\"justify\"><span style=\"color: #000000;\"><span style=\"font-family: Book Antiqua, serif;\"><span style=\"font-size: large;\"><b>CZYTANIE Z KSI\u0118GI PROROKA DANIELA:<\/b><\/span><\/span><\/span><\/p>\n<p align=\"justify\"><span style=\"color: #000000;\"><span style=\"font-family: Book Antiqua, serif;\"><span style=\"font-size: large;\"><b>Kr\u00f3l Baltazar urz\u0105dzi\u0142 dla swych mo\u017cnow\u0142adc\u00f3w w liczbie tysi\u0105ca wielk\u0105 uczt\u0119 i pi\u0142 wino wobec tysi\u0105ca os\u00f3b. Gdy zasmakowa\u0142 w winie, rozkaza\u0142 Baltazar przynie\u015b\u0107 srebrne i z\u0142ote naczynia, kt\u00f3re jego ojciec, Nabuchodonozor, zabra\u0142 ze \u015bwi\u0105tyni w Jerozolimie, aby mogli z nich pi\u0107 kr\u00f3l oraz jego mo\u017cnow\u0142adcy, jego \u017cony i na\u0142o\u017cnice. <\/b><\/span><\/span><\/span><\/p>\n<p align=\"justify\"><span style=\"color: #000000;\"><span style=\"font-family: Book Antiqua, serif;\"><span style=\"font-size: large;\"><b>Przyniesiono wi\u0119c z\u0142ote i srebrne naczynia zabrane ze \u015bwi\u0105tyni w Jerozolimie; pili z nich kr\u00f3l, jego mo\u017cnow\u0142adcy, jego \u017cony i jego na\u0142o\u017cnice. Pij\u0105c wino wychwalali bo\u017ck\u00f3w z\u0142otych i srebrnych, miedzianych i \u017celaznych, drewnianych i kamiennych. <\/b><\/span><\/span><\/span><\/p>\n<p align=\"justify\"><span style=\"color: #000000;\"><span style=\"font-family: Book Antiqua, serif;\"><span style=\"font-size: large;\"><b>W tej chwili ukaza\u0142y si\u0119 palce r\u0119ki ludzkiej i pisa\u0142y za \u015bwiecznikiem na wapnie \u015bciany kr\u00f3lewskiego pa\u0142acu. Kr\u00f3l za\u015b widzia\u0142 pisz\u0105c\u0105 r\u0119k\u0119. Twarz kr\u00f3la zmieni\u0142a si\u0119, my\u015bli jego nape\u0142ni\u0142y si\u0119 przera\u017ceniem, jego stawy biodrowe uleg\u0142y rozlu\u017anieniu, a kolana jego uderza\u0142y jedno o drugie. <\/b><\/span><\/span><\/span><\/p>\n<p align=\"justify\"><span style=\"color: #000000;\"><span style=\"font-family: Book Antiqua, serif;\"><span style=\"font-size: large;\"><b>Wtedy przyprowadzono Daniela przed kr\u00f3la. Kr\u00f3l odezwa\u0142 si\u0119 do Daniela: \u201eCzy to ty jeste\u015b Daniel, jeden z uprowadzonych z Judy, kt\u00f3rych sprowadzi\u0142 z Judy kr\u00f3l, m\u00f3j ojciec? S\u0142ysza\u0142em o tobie, \u017ce posiadasz boskiego ducha i \u017ce uznano w tobie \u015bwiat\u0142o, rozwag\u0119 i nadzwyczajn\u0105 m\u0105dro\u015b\u0107. S\u0142ysza\u0142em za\u015b o tobie, \u017ce umiesz dawa\u0107 wyja\u015bnienia i rozwi\u0105zywa\u0107 zawi\u0142o\u015bci. Je\u015bli wi\u0119c potrafisz odczyta\u0107 pismo i wyja\u015bni\u0107 jego znaczenie, zostaniesz odziany w purpur\u0119 i z\u0142oty \u0142a\u0144cuch na szyj\u0119 i b\u0119dziesz panowa\u0142 jako trzeci w kr\u00f3lestwie\u201d. <\/b><\/span><\/span><\/span><\/p>\n<p align=\"justify\"><span style=\"color: #000000;\"><span style=\"font-family: Book Antiqua, serif;\"><span style=\"font-size: large;\"><b>Wtedy odezwa\u0142 si\u0119 Daniel i rzek\u0142 wobec kr\u00f3la: \u201eDary swoje zatrzymaj, a podarunki daj innym. Jednak\u017ce odczytam kr\u00f3lowi pismo i wyja\u015bni\u0119 jego znaczenie. Unios\u0142e\u015b si\u0119 przeciw Panu nieba. Przyniesiono do ciebie naczynia Jego domu, ty za\u015b, twoi mo\u017cnow\u0142adcy, twoje \u017cony i twoje na\u0142o\u017cnice pili\u015bcie z nich wino. Wychwala\u0142e\u015b bog\u00f3w ze srebra i z\u0142ota, z miedzi i \u017celaza, z drzewa i kamienia, kt\u00f3rzy nie widz\u0105, nie s\u0142ysz\u0105 i nie rozumiej\u0105. Bogu za\u015b, w kt\u00f3rego mocy jest tw\u00f3j oddech i wszystkie twoje drogi, czci nie odda\u0142e\u015b. Dlatego pos\u0142a\u0142 On t\u0119 r\u0119k\u0119, kt\u00f3ra nakre\u015bli\u0142a to pismo. <\/b><\/span><\/span><\/span><\/p>\n<p align=\"justify\"><span style=\"color: #000000;\"><span style=\"font-family: Book Antiqua, serif;\"><span style=\"font-size: large;\"><b>A oto nakre\u015blone pismo: mene, mene, tekel ufarsin. Takie za\u015b jest znaczenie wyraz\u00f3w: mene \u2013 B\u00f3g obliczy\u0142 twoje panowanie i ustali\u0142 jego kres; tekel \u2013 zwa\u017cono ci\u0119 na wadze i okaza\u0142e\u015b si\u0119 zbyt lekki; peres \u2013 twoje kr\u00f3lestwo uleg\u0142o podzia\u0142owi; oddano je Medom i Persom\u201d.<\/b><\/span><\/span><\/span><\/p>\n<p align=\"justify\">\n<p align=\"justify\">\n<p align=\"justify\">\n<p align=\"justify\">\n<p align=\"justify\">\n<p align=\"justify\"><span style=\"color: #000000;\"><span style=\"font-family: Book Antiqua, serif;\"><span style=\"font-size: large;\"><b>S\u0141OWA EWANGELII WED\u0141UG \u015aWI\u0118TEGO \u0141UKASZA: <\/b><\/span><\/span><\/span><\/p>\n<p align=\"justify\"><span style=\"color: #000000;\"><span style=\"font-family: Book Antiqua, serif;\"><span style=\"font-size: large;\"><b>Jezus powiedzia\u0142 do swoich uczni\u00f3w: \u201ePodnios\u0105 na was r\u0119ce i b\u0119d\u0105 was prze\u015bladowa\u0107. Wydadz\u0105 was do synagog i do wi\u0119zie\u0144 oraz z powodu mojego imienia wlec was b\u0119d\u0105 przed kr\u00f3l\u00f3w i namiestnik\u00f3w. B\u0119dzie to dla was sposobno\u015b\u0107 do sk\u0142adania \u015bwiadectwa. Postan\u00f3wcie sobie w sercu nie obmy\u015bla\u0107 naprz\u00f3d swej obrony. Ja bowiem dam wam wymow\u0119 i m\u0105dro\u015b\u0107, kt\u00f3rej \u017caden z waszych prze\u015bladowc\u00f3w nie b\u0119dzie si\u0119 m\u00f3g\u0142 oprze\u0107 ani si\u0119 sprzeciwi\u0107. <\/b><\/span><\/span><\/span><\/p>\n<p align=\"justify\"><span style=\"color: #000000;\"><span style=\"font-family: Book Antiqua, serif;\"><span style=\"font-size: large;\"><b>A wydawa\u0107 was b\u0119d\u0105 nawet rodzice i bracia, krewni i przyjaciele i niekt\u00f3rych z was o \u015bmier\u0107 przyprawi\u0105. I z powodu mojego imienia b\u0119dziecie w nienawi\u015bci u wszystkich. Ale w\u0142os z g\u0142owy wam nie zginie. Przez swoj\u0105 wytrwa\u0142o\u015b\u0107 ocalicie wasze \u017cycie\u201d.<\/b><\/span><\/span><\/span><\/p>\n<p align=\"justify\">\n<p align=\"justify\">\n<p align=\"justify\">\n<p align=\"justify\">\n<p align=\"justify\">\n<p align=\"justify\"><span style=\"color: #000000;\"><span style=\"font-family: Book Antiqua, serif;\"><span style=\"font-size: large;\"><i><b>Mene, mene, tekel ufarsin<\/b><\/i><b> \u2013 <\/b>to nazwy wschodnich monet lub odwa\u017cnik\u00f3w, powszechnie u\u017cywanych w handlu, kt\u00f3rym dzisiaj Daniel nadaje nowe znaczenie, na podstawie ich podobie\u0144stwa do czasownik\u00f3w aramejskich: <b>\u201emierzy\u0107\u201d, \u201ewa\u017cy\u0107\u201d<\/b> i <b>\u201edzieli\u0107\u201d.<\/b> A je\u015bli tak, to przes\u0142anie tajemniczego napisu, kt\u00f3ry pojawi\u0142 si\u0119 na \u015bcianie pa\u0142acu, jest jasne: B\u00f3g dok\u0142adnie <b>os\u0105dzi \u2013 zwa\u017cy i zmierzy \u2013 panowanie kr\u00f3<\/b><b>la, <\/b>po czym <b>po\u0142o\u017cy mu kres, <\/b>oddaj\u0105c je Medom i Persom. <\/span><\/span><\/span><\/p>\n<p align=\"justify\"><span style=\"color: #000000;\"><span style=\"font-family: Book Antiqua, serif;\"><span style=\"font-size: large;\">B\u00f3g sam da\u0142 ten znak po tym, jak kr\u00f3l Baltazar (pomijaj\u0105c ju\u017c kwesti\u0119 historyczno\u015bci jego osoby, w rzeczywisto\u015bci bowiem nie by\u0142 on w\u00f3wczas kr\u00f3lem) <b>zniewa\u017cy\u0142 cze\u015b\u0107 Boga Jedynego<\/b> i do swoich rozlicznych nieprawo\u015bci doda\u0142 i t\u0119, \u017ce w czasie wystawnej uczty, na jego rozkaz, <i><b>p<\/b><\/i><i><b>rzyniesiono<\/b><\/i><b> <\/b><b>[\u2026]<\/b><b> <\/b><i><b>z\u0142ote i srebrne naczynia zabrane ze \u015bwi\u0105tyni w Jerozolimie; pili z nich kr\u00f3l, jego mo\u017cnow\u0142adcy, jego \u017cony i jego na\u0142o\u017cnice. Pij\u0105c wino wychwalali bo\u017ck\u00f3w z\u0142otych i srebrnych, miedzianych i \u017celaznych, drewnianych i kamiennych.<\/b><\/i><b> <\/b><\/span><\/span><\/span><\/p>\n<p align=\"justify\"><span style=\"color: #000000;\"><span style=\"font-family: Book Antiqua, serif;\"><span style=\"font-size: large;\">I to w\u0142a\u015bnie w tym momencie tajemnicza r\u0119ka napisa\u0142a na \u015bcianie s\u0142owa, kt\u00f3re tu przywo\u0142ali\u015bmy. B\u00f3g upomnia\u0142 si\u0119 o swoj\u0105 cze\u015b\u0107! <b>B\u00f3g nie pozwoli\u0142 z siebie drwi\u0107!<\/b> I jasno pokaza\u0142, kto tak naprawd\u0119 jest kr\u00f3lem, do kogo nale\u017c\u0105 <b>rz\u0105dy nad \u015bwiatem<\/b> i do kogo nale\u017cy <b>s\u0105d nad \u015bwiatem!<\/b> <\/span><\/span><\/span><\/p>\n<p align=\"justify\"><span style=\"color: #000000;\"><span style=\"font-family: Book Antiqua, serif;\"><span style=\"font-size: large;\">Takie jest w\u0142a\u015bnie przes\u0142anie dzisiejszego pierwszego czytania: nie zachowuj\u0105c pe\u0142nej dba\u0142o\u015bci o wierno\u015b\u0107 realiom historycznym, Autor biblijny koncentruje si\u0119 na pouczeniu tych, do kt\u00f3rych si\u0119 zwraca, \u017ce <b>najwy\u017csz\u0105<\/b> \u2013 je\u015bli tak mo\u017cna powiedzie\u0107 \u2013 <b>instancj\u0105, kieruj\u0105c\u0105 losami \u015bwiata<\/b> i jego histori\u0105 jest B\u00f3g. <\/span><\/span><\/span><\/p>\n<p align=\"justify\"><span style=\"color: #000000;\"><span style=\"font-family: Book Antiqua, serif;\"><span style=\"font-size: large;\">Dla jednych jest to <b>wiadomo\u015b\u0107 straszna<\/b> \u2013 dla tych, kt\u00f3rzy \u017cyj\u0105 tak, i\u017c to w\u0142a\u015bnie do nich adresowane s\u0105 s\u0142owa, wypisane tajemnicz\u0105 r\u0119k\u0105: <i><b>M<\/b><\/i><i><b>ene, mene, tekel ufarsin.<\/b><\/i><b> <\/b>Dla nich to naprawd\u0119 straszna nowina, bo straszn\u0105 oka\u017ce si\u0119 prawda o nich samych, kiedy <b>stan\u0105 na S\u0105dzie Bo\u017cym.<\/b> Wtedy nie b\u0119dzie ju\u017c mo\u017cna niczego zakamuflowa\u0107, wyt\u0142umaczy\u0107, \u015bciemni\u0107, ok\u0142ama\u0107, pr\u00f3bowa\u0107 czegokolwiek udawa\u0107\u2026 B\u00f3g bowiem <b>dok\u0142adnie zmierzy i zwa\u017cy ich \u017cycie, <\/b>a w\u00f3wczas\u2026 W\u0142a\u015bnie! Dlatego m\u00f3wimy, \u017ce dla takich ludzi jest to wiadomo\u015b\u0107 straszna.<\/span><\/span><\/span><\/p>\n<p align=\"justify\"><span style=\"color: #000000;\"><span style=\"font-family: Book Antiqua, serif;\"><span style=\"font-size: large;\">I dla tych tak\u017ce, na kt\u00f3rych dzi\u015b po\u015brednio wskazuje Ewangelia, m\u00f3wi\u0105c o <b>ci\u0105ganiu wyznawc\u00f3w Chrystusa<\/b> do synagog i do wi\u0119zie\u0144, oraz o <b>podnoszeniu na nich r\u0105k,<\/b> by zada\u0107 im cierpienie i \u015bmier\u0107 doczesn\u0105. To w\u0142a\u015bnie nad tymi wszystkimi prze\u015bladowcami B\u00f3g wypisuje s\u0142owa: <i><b>M<\/b><\/i><i><b>ene, mene, tekel ufarsin<\/b><\/i><b> \u2013 <\/b>i dla nich wiadomo\u015b\u0107 o Bo\u017cym absolutnym panowaniu nad \u015bwiatem jest wiadomo\u015bci\u0105 straszn\u0105! Bo oznacza dla nich <b>surow\u0105 kar\u0119.<\/b> Chyba, \u017ce si\u0119 nawr\u00f3c\u0105, bo przecie\u017c zawsze maj\u0105 tak\u0105 mo\u017cliwo\u015b\u0107.<\/span><\/span><\/span><\/p>\n<p align=\"justify\"><span style=\"color: #000000;\"><span style=\"font-family: Book Antiqua, serif;\"><span style=\"font-size: large;\">Dla tych za\u015b, kt\u00f3rzy b\u0119d\u0105 ci\u0105gani do synagog i wi\u0119zie\u0144 \u2013 i do wszystkich <b>ludzkich i ziemskich instytucji,<\/b> kt\u00f3re s\u0105 w ten spos\u00f3b symbolizowane \u2013 wiadomo\u015b\u0107 ta jest bardzo pocieszaj\u0105ca, a wr\u0119cz bardzo <b>radosna i optymistyczna. <\/b>Oto bowiem okazuje si\u0119, \u017ce wyznawcy i przyjaciele Boga <b>nie s<\/b><b>\u0105 pozostawieni sami sobie<\/b><b>!<\/b> Nie s\u0105 opuszczeni w tym swoim zmaganiu si\u0119 i \u015bwiadczeniu o wierze. B\u00f3g o nich nie zapomnia\u0142 i nie zapomni! Co wi\u0119cej, <b>B\u00f3g si\u0119 o nich upomni!<\/b><\/span><\/span><\/span><\/p>\n<p align=\"justify\"><span style=\"color: #000000;\"><span style=\"font-family: Book Antiqua, serif;\"><span style=\"font-size: large;\">Moi Drodzy, B\u00f3g i o nas si\u0119 upomni, <b>o ile tylko my upomnimy si\u0119 o Niego<\/b> i o Jego cze\u015b\u0107 w naszej codzienno\u015bci i w naszym otoczeniu. Bo i dzisiaj wielu nawet sobie sprawy nie zdaje, \u017ce sami, niejako swoimi w\u0142asnymi r\u0119kami, wypisuj\u0105 na siebie wyrok: <i><b>M<\/b><\/i><i><b>ene, mene, tekel ufarsin,<\/b><\/i><b> <\/b>kpi\u0105c sobie z Boga i Jego praw. W tym wi\u0119kszym stopniu potrzeba naszego odwa\u017cnego \u015bwiadectwa, aby <b>ustrzec niekt\u00f3rych ludzi przed nimi samymi<\/b> \u2013 przed nieszcz\u0119\u015bciem, jakie mog\u0105 \u015bci\u0105gn\u0105\u0107 na samych siebie, lekcewa\u017c\u0105c Boga. <\/span><\/span><\/span><\/p>\n<p align=\"justify\"><span style=\"color: #000000;\"><span style=\"font-family: Book Antiqua, serif;\"><span style=\"font-size: large;\">Niech <b>odwaga Daniela,<\/b> kt\u00f3ry bez ogr\u00f3dek wyjawi\u0142 kr\u00f3lowi prawd\u0119, zapisan\u0105 w tajemniczych s\u0142owach, a tak\u017ce <b>odwaga wyznawc\u00f3w Chrystusa,<\/b> w \u017cyciu kt\u00f3rych wype\u0142ni\u0142y si\u0119 zapowiedzi z dzisiejszej Ewangelii \u2013 b\u0119dzie dla nas <b>mobilizacj\u0105<\/b> do codziennego \u015bwiadczenia o swojej wierze. <b>Bez obaw, bez kompleks\u00f3w i bez ogr\u00f3dek! <\/b><\/span><\/span><\/span><\/p>\n<p align=\"justify\"><span style=\"color: #000000;\"><span style=\"font-family: Book Antiqua, serif;\"><span style=\"font-size: large;\">Czy jednak osobi\u015bcie <b>mam w sobie tyle wiary i tyle odwagi,<\/b> aby nie zatrzymywa\u0107 spojrzenia tylko na zwi\u0105zanych z tym przeciwno\u015bciach i trudno\u015bciach, ale staram si\u0119 <b>widzie\u0107 ca\u0142\u0105 spraw\u0119 dalej i szerzej? <\/b>Czy w ca\u0142ej tej sprawie widz\u0119 Boga, kt\u00f3ry naprawd\u0119 wspiera duchowo swoich wyznawc\u00f3w? Co robi\u0119, aby tak\u0105 prawdziw\u0105 <b>wiar\u0119 w sobie wzmacnia\u0107<\/b> i tak\u0105 pi\u0119kn\u0105 <b>postaw\u0119 kszta\u0142towa\u0107?<\/b> Czy chocia\u017c <b>codziennie modl\u0119 si\u0119<\/b> dla siebie \u2013 i dla moich bliskich \u2013 o wiar\u0119 i odwag\u0119?\u2026<\/span><\/span><\/span><\/p>\n","protected":false},"excerpt":{"rendered":"<p>Szcz\u0119\u015b\u0107 Bo\u017ce! Moi Drodzy, do \u017cycze\u0144, sk\u0142adanych Katarzynom, chcia\u0142bym jeszcze do\u0142\u0105czy\u0107 serdeczne \u017cyczenia mojej Kole\u017cance, z kt\u00f3r\u0105 pracowa\u0142em w Liceum im. Lelewela w \u017belechowie, a kt\u00f3ra tak\u017ce obecnie jest Nauczycielem tego\u017c Liceum. Chodzi mi o Katarzyn\u0119 Much\u0119, co do kt\u00f3rej nie mia\u0142em pewno\u015bci, czy akurat \u015bwi\u0119tuje swoje imieniny, skoro jednak zosta\u0142o to potwierdzone, do przesy\u0142am [&hellip;]<\/p>\n","protected":false},"author":1,"featured_media":0,"comment_status":"open","ping_status":"open","sticky":false,"template":"","format":"standard","meta":{"jetpack_post_was_ever_published":false,"_jetpack_newsletter_access":"","_jetpack_dont_email_post_to_subs":false,"_jetpack_newsletter_tier_id":0,"_jetpack_memberships_contains_paywalled_content":false,"_jetpack_memberships_contains_paid_content":false,"footnotes":""},"categories":[1],"tags":[],"class_list":["post-16219","post","type-post","status-publish","format-standard","hentry","category-bez-kategorii"],"yoast_head":"<!-- This site is optimized with the Yoast SEO plugin v25.1 - https:\/\/yoast.com\/wordpress\/plugins\/seo\/ -->\n<title>Mene, mene, tekel, ufarsin! - Gaudium Et Spes<\/title>\n<meta name=\"robots\" content=\"index, follow, max-snippet:-1, max-image-preview:large, max-video-preview:-1\" \/>\n<link rel=\"canonical\" href=\"https:\/\/gaudiumetspes-blog.pl\/index.php\/2019\/11\/27\/mene-mene-tekel-ufarsin-2\/\" \/>\n<meta property=\"og:locale\" content=\"pl_PL\" \/>\n<meta property=\"og:type\" content=\"article\" \/>\n<meta property=\"og:title\" content=\"Mene, mene, tekel, ufarsin! - Gaudium Et Spes\" \/>\n<meta property=\"og:description\" content=\"Szcz\u0119\u015b\u0107 Bo\u017ce! Moi Drodzy, do \u017cycze\u0144, sk\u0142adanych Katarzynom, chcia\u0142bym jeszcze do\u0142\u0105czy\u0107 serdeczne \u017cyczenia mojej Kole\u017cance, z kt\u00f3r\u0105 pracowa\u0142em w Liceum im. Lelewela w \u017belechowie, a kt\u00f3ra tak\u017ce obecnie jest Nauczycielem tego\u017c Liceum. Chodzi mi o Katarzyn\u0119 Much\u0119, co do kt\u00f3rej nie mia\u0142em pewno\u015bci, czy akurat \u015bwi\u0119tuje swoje imieniny, skoro jednak zosta\u0142o to potwierdzone, do przesy\u0142am [&hellip;]\" \/>\n<meta property=\"og:url\" content=\"https:\/\/gaudiumetspes-blog.pl\/index.php\/2019\/11\/27\/mene-mene-tekel-ufarsin-2\/\" \/>\n<meta property=\"og:site_name\" content=\"Gaudium Et Spes\" \/>\n<meta property=\"article:published_time\" content=\"2019-11-27T05:27:44+00:00\" \/>\n<meta name=\"author\" content=\"Ks. Jacek\" \/>\n<meta name=\"twitter:card\" content=\"summary_large_image\" \/>\n<meta name=\"twitter:label1\" content=\"Napisane przez\" \/>\n\t<meta name=\"twitter:data1\" content=\"Ks. Jacek\" \/>\n\t<meta name=\"twitter:label2\" content=\"Szacowany czas czytania\" \/>\n\t<meta name=\"twitter:data2\" content=\"8 minut\" \/>\n<script type=\"application\/ld+json\" class=\"yoast-schema-graph\">{\"@context\":\"https:\/\/schema.org\",\"@graph\":[{\"@type\":\"WebPage\",\"@id\":\"https:\/\/gaudiumetspes-blog.pl\/index.php\/2019\/11\/27\/mene-mene-tekel-ufarsin-2\/\",\"url\":\"https:\/\/gaudiumetspes-blog.pl\/index.php\/2019\/11\/27\/mene-mene-tekel-ufarsin-2\/\",\"name\":\"Mene, mene, tekel, ufarsin! - Gaudium Et Spes\",\"isPartOf\":{\"@id\":\"https:\/\/gaudiumetspes-blog.pl\/#website\"},\"datePublished\":\"2019-11-27T05:27:44+00:00\",\"author\":{\"@id\":\"https:\/\/gaudiumetspes-blog.pl\/#\/schema\/person\/1661982992b752dea8dff0d4ed845a65\"},\"breadcrumb\":{\"@id\":\"https:\/\/gaudiumetspes-blog.pl\/index.php\/2019\/11\/27\/mene-mene-tekel-ufarsin-2\/#breadcrumb\"},\"inLanguage\":\"pl-PL\",\"potentialAction\":[{\"@type\":\"ReadAction\",\"target\":[\"https:\/\/gaudiumetspes-blog.pl\/index.php\/2019\/11\/27\/mene-mene-tekel-ufarsin-2\/\"]}]},{\"@type\":\"BreadcrumbList\",\"@id\":\"https:\/\/gaudiumetspes-blog.pl\/index.php\/2019\/11\/27\/mene-mene-tekel-ufarsin-2\/#breadcrumb\",\"itemListElement\":[{\"@type\":\"ListItem\",\"position\":1,\"name\":\"Strona g\u0142\u00f3wna\",\"item\":\"https:\/\/gaudiumetspes-blog.pl\/\"},{\"@type\":\"ListItem\",\"position\":2,\"name\":\"Mene, mene, tekel, ufarsin!\"}]},{\"@type\":\"WebSite\",\"@id\":\"https:\/\/gaudiumetspes-blog.pl\/#website\",\"url\":\"https:\/\/gaudiumetspes-blog.pl\/\",\"name\":\"Gaudium Et Spes\",\"description\":\"Blog Ks. Jacka Ja\u015bkowskiego\",\"potentialAction\":[{\"@type\":\"SearchAction\",\"target\":{\"@type\":\"EntryPoint\",\"urlTemplate\":\"https:\/\/gaudiumetspes-blog.pl\/?s={search_term_string}\"},\"query-input\":{\"@type\":\"PropertyValueSpecification\",\"valueRequired\":true,\"valueName\":\"search_term_string\"}}],\"inLanguage\":\"pl-PL\"},{\"@type\":\"Person\",\"@id\":\"https:\/\/gaudiumetspes-blog.pl\/#\/schema\/person\/1661982992b752dea8dff0d4ed845a65\",\"name\":\"Ks. Jacek\",\"image\":{\"@type\":\"ImageObject\",\"inLanguage\":\"pl-PL\",\"@id\":\"https:\/\/gaudiumetspes-blog.pl\/#\/schema\/person\/image\/\",\"url\":\"https:\/\/gaudiumetspes-blog.pl\/wp-content\/uploads\/2019\/07\/avatar-JJ-150x150.jpg\",\"contentUrl\":\"https:\/\/gaudiumetspes-blog.pl\/wp-content\/uploads\/2019\/07\/avatar-JJ-150x150.jpg\",\"caption\":\"Ks. Jacek\"},\"description\":\"Witam serdecznie! K\u0142ania si\u0119 Ks. Jacek Ja\u015bkowski. Nie jestem ani kim\u015b wa\u017cnym, ani kim\u015b znanym. Jestem ksi\u0119dzem, kt\u00f3ry po prostu chce rozmawia\u0107. Codzienna kap\u0142a\u0144ska pos\u0142uga pokazuje mi, \u017ce temat\u00f3w do rozm\u00f3w z ksi\u0119dzem jest coraz wi\u0119cej i dzisiaj \u017caden ksi\u0105dz nie mo\u017ce od nich ucieka\u0107, ale - wprost przeciwnie - podejmowa\u0107 nowe wyzwania. To przekonanie sk\u0142oni\u0142o mnie do pr\u00f3by otwarcia tego\u017c bloga, chocia\u017c okazji do rozm\u00f3w na co dzie\u0144 - w konfesjonale i poza nim - na szcz\u0119\u015bcie nie brakuje. My\u015bl\u0119 jednak, \u017ce ten blog b\u0119dzie jeszcze jednym sposobem i przestrzeni\u0105 nawi\u0105zania kontaktu z lud\u017ami dobrej woli, otwartymi na dialog.\",\"url\":\"https:\/\/gaudiumetspes-blog.pl\/index.php\/author\/ks-jacek\/\"}]}<\/script>\n<!-- \/ Yoast SEO plugin. -->","yoast_head_json":{"title":"Mene, mene, tekel, ufarsin! - Gaudium Et Spes","robots":{"index":"index","follow":"follow","max-snippet":"max-snippet:-1","max-image-preview":"max-image-preview:large","max-video-preview":"max-video-preview:-1"},"canonical":"https:\/\/gaudiumetspes-blog.pl\/index.php\/2019\/11\/27\/mene-mene-tekel-ufarsin-2\/","og_locale":"pl_PL","og_type":"article","og_title":"Mene, mene, tekel, ufarsin! - Gaudium Et Spes","og_description":"Szcz\u0119\u015b\u0107 Bo\u017ce! Moi Drodzy, do \u017cycze\u0144, sk\u0142adanych Katarzynom, chcia\u0142bym jeszcze do\u0142\u0105czy\u0107 serdeczne \u017cyczenia mojej Kole\u017cance, z kt\u00f3r\u0105 pracowa\u0142em w Liceum im. Lelewela w \u017belechowie, a kt\u00f3ra tak\u017ce obecnie jest Nauczycielem tego\u017c Liceum. Chodzi mi o Katarzyn\u0119 Much\u0119, co do kt\u00f3rej nie mia\u0142em pewno\u015bci, czy akurat \u015bwi\u0119tuje swoje imieniny, skoro jednak zosta\u0142o to potwierdzone, do przesy\u0142am [&hellip;]","og_url":"https:\/\/gaudiumetspes-blog.pl\/index.php\/2019\/11\/27\/mene-mene-tekel-ufarsin-2\/","og_site_name":"Gaudium Et Spes","article_published_time":"2019-11-27T05:27:44+00:00","author":"Ks. Jacek","twitter_card":"summary_large_image","twitter_misc":{"Napisane przez":"Ks. Jacek","Szacowany czas czytania":"8 minut"},"schema":{"@context":"https:\/\/schema.org","@graph":[{"@type":"WebPage","@id":"https:\/\/gaudiumetspes-blog.pl\/index.php\/2019\/11\/27\/mene-mene-tekel-ufarsin-2\/","url":"https:\/\/gaudiumetspes-blog.pl\/index.php\/2019\/11\/27\/mene-mene-tekel-ufarsin-2\/","name":"Mene, mene, tekel, ufarsin! - Gaudium Et Spes","isPartOf":{"@id":"https:\/\/gaudiumetspes-blog.pl\/#website"},"datePublished":"2019-11-27T05:27:44+00:00","author":{"@id":"https:\/\/gaudiumetspes-blog.pl\/#\/schema\/person\/1661982992b752dea8dff0d4ed845a65"},"breadcrumb":{"@id":"https:\/\/gaudiumetspes-blog.pl\/index.php\/2019\/11\/27\/mene-mene-tekel-ufarsin-2\/#breadcrumb"},"inLanguage":"pl-PL","potentialAction":[{"@type":"ReadAction","target":["https:\/\/gaudiumetspes-blog.pl\/index.php\/2019\/11\/27\/mene-mene-tekel-ufarsin-2\/"]}]},{"@type":"BreadcrumbList","@id":"https:\/\/gaudiumetspes-blog.pl\/index.php\/2019\/11\/27\/mene-mene-tekel-ufarsin-2\/#breadcrumb","itemListElement":[{"@type":"ListItem","position":1,"name":"Strona g\u0142\u00f3wna","item":"https:\/\/gaudiumetspes-blog.pl\/"},{"@type":"ListItem","position":2,"name":"Mene, mene, tekel, ufarsin!"}]},{"@type":"WebSite","@id":"https:\/\/gaudiumetspes-blog.pl\/#website","url":"https:\/\/gaudiumetspes-blog.pl\/","name":"Gaudium Et Spes","description":"Blog Ks. Jacka Ja\u015bkowskiego","potentialAction":[{"@type":"SearchAction","target":{"@type":"EntryPoint","urlTemplate":"https:\/\/gaudiumetspes-blog.pl\/?s={search_term_string}"},"query-input":{"@type":"PropertyValueSpecification","valueRequired":true,"valueName":"search_term_string"}}],"inLanguage":"pl-PL"},{"@type":"Person","@id":"https:\/\/gaudiumetspes-blog.pl\/#\/schema\/person\/1661982992b752dea8dff0d4ed845a65","name":"Ks. Jacek","image":{"@type":"ImageObject","inLanguage":"pl-PL","@id":"https:\/\/gaudiumetspes-blog.pl\/#\/schema\/person\/image\/","url":"https:\/\/gaudiumetspes-blog.pl\/wp-content\/uploads\/2019\/07\/avatar-JJ-150x150.jpg","contentUrl":"https:\/\/gaudiumetspes-blog.pl\/wp-content\/uploads\/2019\/07\/avatar-JJ-150x150.jpg","caption":"Ks. Jacek"},"description":"Witam serdecznie! K\u0142ania si\u0119 Ks. Jacek Ja\u015bkowski. Nie jestem ani kim\u015b wa\u017cnym, ani kim\u015b znanym. Jestem ksi\u0119dzem, kt\u00f3ry po prostu chce rozmawia\u0107. Codzienna kap\u0142a\u0144ska pos\u0142uga pokazuje mi, \u017ce temat\u00f3w do rozm\u00f3w z ksi\u0119dzem jest coraz wi\u0119cej i dzisiaj \u017caden ksi\u0105dz nie mo\u017ce od nich ucieka\u0107, ale - wprost przeciwnie - podejmowa\u0107 nowe wyzwania. To przekonanie sk\u0142oni\u0142o mnie do pr\u00f3by otwarcia tego\u017c bloga, chocia\u017c okazji do rozm\u00f3w na co dzie\u0144 - w konfesjonale i poza nim - na szcz\u0119\u015bcie nie brakuje. My\u015bl\u0119 jednak, \u017ce ten blog b\u0119dzie jeszcze jednym sposobem i przestrzeni\u0105 nawi\u0105zania kontaktu z lud\u017ami dobrej woli, otwartymi na dialog.","url":"https:\/\/gaudiumetspes-blog.pl\/index.php\/author\/ks-jacek\/"}]}},"jetpack_featured_media_url":"","jetpack_sharing_enabled":true,"_links":{"self":[{"href":"https:\/\/gaudiumetspes-blog.pl\/index.php\/wp-json\/wp\/v2\/posts\/16219","targetHints":{"allow":["GET"]}}],"collection":[{"href":"https:\/\/gaudiumetspes-blog.pl\/index.php\/wp-json\/wp\/v2\/posts"}],"about":[{"href":"https:\/\/gaudiumetspes-blog.pl\/index.php\/wp-json\/wp\/v2\/types\/post"}],"author":[{"embeddable":true,"href":"https:\/\/gaudiumetspes-blog.pl\/index.php\/wp-json\/wp\/v2\/users\/1"}],"replies":[{"embeddable":true,"href":"https:\/\/gaudiumetspes-blog.pl\/index.php\/wp-json\/wp\/v2\/comments?post=16219"}],"version-history":[{"count":1,"href":"https:\/\/gaudiumetspes-blog.pl\/index.php\/wp-json\/wp\/v2\/posts\/16219\/revisions"}],"predecessor-version":[{"id":16220,"href":"https:\/\/gaudiumetspes-blog.pl\/index.php\/wp-json\/wp\/v2\/posts\/16219\/revisions\/16220"}],"wp:attachment":[{"href":"https:\/\/gaudiumetspes-blog.pl\/index.php\/wp-json\/wp\/v2\/media?parent=16219"}],"wp:term":[{"taxonomy":"category","embeddable":true,"href":"https:\/\/gaudiumetspes-blog.pl\/index.php\/wp-json\/wp\/v2\/categories?post=16219"},{"taxonomy":"post_tag","embeddable":true,"href":"https:\/\/gaudiumetspes-blog.pl\/index.php\/wp-json\/wp\/v2\/tags?post=16219"}],"curies":[{"name":"wp","href":"https:\/\/api.w.org\/{rel}","templated":true}]}}