{"id":16250,"date":"2019-12-01T05:29:52","date_gmt":"2019-12-01T04:29:52","guid":{"rendered":"https:\/\/gaudiumetspes-blog.pl\/?p=16250"},"modified":"2019-12-01T01:07:00","modified_gmt":"2019-12-01T00:07:00","slug":"rozumiejmy-chwile-obecna","status":"publish","type":"post","link":"https:\/\/gaudiumetspes-blog.pl\/index.php\/2019\/12\/01\/rozumiejmy-chwile-obecna\/","title":{"rendered":"Rozumiejmy chwil\u0119 obecn\u0105!"},"content":{"rendered":"<p align=\"justify\"><span style=\"color: #000000;\"><span style=\"font-family: Book Antiqua, serif;\"><span style=\"font-size: large;\">Niech b\u0119dzie pochwalony Jezus Chrystus! Moi Drodzy, mamy Adwent! I nowy rok liturgiczny. Jezus przychodzi dzisiaj do nas z wezwaniem, kt\u00f3re zapisa\u0142em w tytule. Rzeczywi\u015bcie, postarajmy si\u0119 zrozumie\u0107 chwil\u0119 obecn\u0105 \u2013 czas, kt\u00f3ry daje nam Pan!<\/span><\/span><\/span><\/p>\n<p align=\"justify\"><span style=\"color: #000000;\"><span style=\"font-family: Book Antiqua, serif;\"><span style=\"font-size: large;\">Pozdrawiam z P\u0142ocka, od Siostry Faustyny. Obiadem ko\u0144czymy rekolekcje. W sumie, ciekawe do\u015bwiadczenie, zupe\u0142nie dla mnie nowe \u2013 rekolekcje biznesmen\u00f3w\u2026<\/span><\/span><\/span><\/p>\n<p align=\"justify\"><span style=\"color: #000000;\"><span style=\"font-family: Book Antiqua, serif;\"><span style=\"font-size: large;\">Na g\u0142\u0119bokie i radosne prze\u017cywanie dzisiejszej niedzieli \u2013 Dnia Pa\u0144skiego, pierwszej niedzieli Adwentu i pierwszej niedzieli miesi\u0105ca \u2013 <b>niech Was b\u0142ogos\u0142awi B\u00f3g Wszechmog\u0105cy: Ojciec + i Syn, i Duch \u015awi\u0119ty. Amen<\/b><\/span><\/span><\/span><\/p>\n<p align=\"center\"><span style=\"color: #000000;\"><span style=\"font-family: Book Antiqua, serif;\"><span style=\"font-size: large;\">Gaudium et spes! Ks. Jacek<\/span><\/span><\/span><\/p>\n<p align=\"center\">\n<p align=\"center\">\n<p align=\"center\">\n<p align=\"center\">\n<p align=\"center\">\n<p align=\"justify\"><span style=\"color: #000000;\"><span style=\"font-family: Book Antiqua, serif;\"><span style=\"font-size: large;\"><b>1 Niedziela Adwentu, A,<\/b><\/span><\/span><\/span><\/p>\n<p align=\"justify\"><span style=\"color: #000000;\"><span style=\"font-family: Book Antiqua, serif;\"><span style=\"font-size: large;\"><b>do czyta\u0144: Iz 2,1\u20135; Rz 13,11\u201314; Mt 24,37\u201344<\/b><\/span><\/span><\/span><\/p>\n<p align=\"justify\">\n<p align=\"justify\">\n<p align=\"justify\">\n<p align=\"justify\">\n<p align=\"justify\">\n<p align=\"justify\"><span style=\"color: #000000;\"><span style=\"font-family: Book Antiqua, serif;\"><span style=\"font-size: large;\"><b>CZYTANIE Z KSI\u0118GI PROROKA IZAJASZA: <\/b><\/span><\/span><\/span><\/p>\n<p align=\"justify\"><span style=\"color: #000000;\"><span style=\"font-family: Book Antiqua, serif;\"><span style=\"font-size: large;\"><b>Widzenie Izajasza, syna Amosa, <\/b><\/span><\/span><\/span><\/p>\n<p align=\"justify\"><span style=\"color: #000000;\"><span style=\"font-family: Book Antiqua, serif;\"><span style=\"font-size: large;\"><b>dotycz\u0105ce Judy i Jerozolimy: <\/b><\/span><\/span><\/span><\/p>\n<p align=\"justify\"><span style=\"color: #000000;\"><span style=\"font-family: Book Antiqua, serif;\"><span style=\"font-size: large;\"><b>Stanie si\u0119 na ko\u0144cu czas\u00f3w, <\/b><\/span><\/span><\/span><\/p>\n<p align=\"justify\"><span style=\"color: #000000;\"><span style=\"font-family: Book Antiqua, serif;\"><span style=\"font-size: large;\"><b>\u017ce g\u00f3ra \u015bwi\u0105tyni Pana <\/b><\/span><\/span><\/span><\/p>\n<p align=\"justify\"><span style=\"color: #000000;\"><span style=\"font-family: Book Antiqua, serif;\"><span style=\"font-size: large;\"><b>stanie mocno na wierzcho\u0142ku g\u00f3r <\/b><\/span><\/span><\/span><\/p>\n<p align=\"justify\"><span style=\"color: #000000;\"><span style=\"font-family: Book Antiqua, serif;\"><span style=\"font-size: large;\"><b>i wystrzeli ponad pag\u00f3rki. <\/b><\/span><\/span><\/span><\/p>\n<p align=\"justify\"><span style=\"color: #000000;\"><span style=\"font-family: Book Antiqua, serif;\"><span style=\"font-size: large;\"><b>Wszystkie narody do niej pop\u0142yn\u0105, <\/b><\/span><\/span><\/span><\/p>\n<p align=\"justify\"><span style=\"color: #000000;\"><span style=\"font-family: Book Antiqua, serif;\"><span style=\"font-size: large;\"><b>mnogie ludy p\u00f3jd\u0105 i rzekn\u0105: <\/b><\/span><\/span><\/span><\/p>\n<p align=\"justify\"><span style=\"color: #000000;\">\u201e<span style=\"font-family: Book Antiqua, serif;\"><span style=\"font-size: large;\"><b>Chod\u017acie, wst\u0105pmy na G\u00f3r\u0119 Pana <\/b><\/span><\/span><\/span><\/p>\n<p align=\"justify\"><span style=\"color: #000000;\"><span style=\"font-family: Book Antiqua, serif;\"><span style=\"font-size: large;\"><b>do \u015bwi\u0105tyni Boga Jakuba! <\/b><\/span><\/span><\/span><\/p>\n<p align=\"justify\"><span style=\"color: #000000;\"><span style=\"font-family: Book Antiqua, serif;\"><span style=\"font-size: large;\"><b>Niech nas nauczy dr\u00f3g swoich, <\/b><\/span><\/span><\/span><\/p>\n<p align=\"justify\"><span style=\"color: #000000;\"><span style=\"font-family: Book Antiqua, serif;\"><span style=\"font-size: large;\"><b>by\u015bmy kroczyli Jego \u015bcie\u017ckami. <\/b><\/span><\/span><\/span><\/p>\n<p align=\"justify\"><span style=\"color: #000000;\"><span style=\"font-family: Book Antiqua, serif;\"><span style=\"font-size: large;\"><b>Bo Prawo wyjdzie z Syjonu <\/b><\/span><\/span><\/span><\/p>\n<p align=\"justify\"><span style=\"color: #000000;\"><span style=\"font-family: Book Antiqua, serif;\"><span style=\"font-size: large;\"><b>a s\u0142owo Pana z Jeruzalem\u201d. <\/b><\/span><\/span><\/span><\/p>\n<p align=\"justify\"><span style=\"color: #000000;\"><span style=\"font-family: Book Antiqua, serif;\"><span style=\"font-size: large;\"><b>On b\u0119dzie rozjemc\u0105 pomi\u0119dzy ludami <\/b><\/span><\/span><\/span><\/p>\n<p align=\"justify\"><span style=\"color: #000000;\"><span style=\"font-family: Book Antiqua, serif;\"><span style=\"font-size: large;\"><b>i wyda wyroki dla licznych narod\u00f3w. <\/b><\/span><\/span><\/span><\/p>\n<p align=\"justify\"><span style=\"color: #000000;\"><span style=\"font-family: Book Antiqua, serif;\"><span style=\"font-size: large;\"><b>Wtedy swe miecze przekuj\u0105 na lemiesze, <\/b><\/span><\/span><\/span><\/p>\n<p align=\"justify\"><span style=\"color: #000000;\"><span style=\"font-family: Book Antiqua, serif;\"><span style=\"font-size: large;\"><b>a swoje w\u0142\u00f3cznie na sierpy. <\/b><\/span><\/span><\/span><\/p>\n<p align=\"justify\"><span style=\"color: #000000;\"><span style=\"font-family: Book Antiqua, serif;\"><span style=\"font-size: large;\"><b>Nar\u00f3d przeciw narodowi nie podniesie miecza, <\/b><\/span><\/span><\/span><\/p>\n<p align=\"justify\"><span style=\"color: #000000;\"><span style=\"font-family: Book Antiqua, serif;\"><span style=\"font-size: large;\"><b>nie b\u0119d\u0105 si\u0119 wi\u0119cej zaprawia\u0107 do wojny. <\/b><\/span><\/span><\/span><\/p>\n<p align=\"justify\"><span style=\"color: #000000;\"><span style=\"font-family: Book Antiqua, serif;\"><span style=\"font-size: large;\"><b>Chod\u017acie, domu Jakuba, <\/b><\/span><\/span><\/span><\/p>\n<p align=\"justify\"><span style=\"color: #000000;\"><span style=\"font-family: Book Antiqua, serif;\"><span style=\"font-size: large;\"><b>post\u0119pujmy w \u015bwiat\u0142o\u015bci Pana!<\/b><\/span><\/span><\/span><\/p>\n<p align=\"justify\">\n<p align=\"justify\">\n<p align=\"justify\">\n<p align=\"justify\">\n<p align=\"justify\">\n<p align=\"justify\"><span style=\"color: #000000;\"><span style=\"font-family: Book Antiqua, serif;\"><span style=\"font-size: large;\"><b>CZYTANIE Z LISTU \u015aWI\u0118TEGO PAW\u0141A APOSTO\u0141A DO RZYMIAN: <\/b><\/span><\/span><\/span><\/p>\n<p align=\"justify\"><span style=\"color: #000000;\"><span style=\"font-family: Book Antiqua, serif;\"><span style=\"font-size: large;\"><b>Bracia: Rozumiejcie chwil\u0119 obecn\u0105: teraz nadesz\u0142a dla was godzina powstania ze snu. Teraz bowiem zbawienie jest bli\u017cej nas ni\u017c wtedy, gdy\u015bmy uwierzyli. <\/b><\/span><\/span><\/span><\/p>\n<p align=\"justify\"><span style=\"color: #000000;\"><span style=\"font-family: Book Antiqua, serif;\"><span style=\"font-size: large;\"><b>Noc si\u0119 posun\u0119\u0142a, a przybli\u017cy\u0142 si\u0119 dzie\u0144. Odrzu\u0107my wi\u0119c uczynki ciemno\u015bci, a przyobleczmy si\u0119 w zbroj\u0119 \u015bwiat\u0142a. \u017byjmy przyzwoicie jak w jasny dzie\u0144: nie w hulankach i pijatykach, nie w rozpu\u015bcie i wyuzdaniu, nie w k\u0142\u00f3tni i zazdro\u015bci. Ale przyobleczcie si\u0119 w Pana Jezusa Chrystusa i nie troszczcie si\u0119 zbytnio o cia\u0142o, dogadzaj\u0105c \u017c\u0105dzom.<\/b><\/span><\/span><\/span><\/p>\n<p align=\"justify\">\n<p align=\"justify\">\n<p align=\"justify\">\n<p align=\"justify\">\n<p align=\"justify\">\n<p align=\"justify\"><span style=\"color: #000000;\"><span style=\"font-family: Book Antiqua, serif;\"><span style=\"font-size: large;\"><b>S\u0141OWA EWANGELII WED\u0141UG \u015aWI\u0118TEGO MATEUSZA: <\/b><\/span><\/span><\/span><\/p>\n<p align=\"justify\"><span style=\"color: #000000;\"><span style=\"font-family: Book Antiqua, serif;\"><span style=\"font-size: large;\"><b>Jezus powiedzia\u0142 do swoich uczni\u00f3w: \u201eJak by\u0142o za dni Noego, tak b\u0119dzie z przyj\u015bciem Syna Cz\u0142owieczego. Albowiem jak w czasie przed potopem jedli i pili, \u017cenili si\u0119 i za m\u0105\u017c wydawali a\u017c do dnia, kiedy Noe wszed\u0142 do arki, i nie spostrzegli si\u0119, \u017ce przyszed\u0142 potop i poch\u0142on\u0105\u0142 wszystkich, tak r\u00f3wnie\u017c b\u0119dzie z przyj\u015bciem Syna Cz\u0142owieczego. Wtedy dw\u00f3ch b\u0119dzie w polu: jeden b\u0119dzie wzi\u0119ty, drugi zostawiony. Dwie b\u0119d\u0105 mle\u0107 na \u017carnach: jedna b\u0119dzie wzi\u0119ta, druga zostawiona. <\/b><\/span><\/span><\/span><\/p>\n<p align=\"justify\"><span style=\"color: #000000;\"><span style=\"font-family: Book Antiqua, serif;\"><span style=\"font-size: large;\"><b>Czuwajcie wi\u0119c, bo nie wiecie, w kt\u00f3rym dniu Pan wasz przyjdzie. A to rozumiejcie: Gdyby gospodarz wiedzia\u0142, o kt\u00f3rej porze nocy z\u0142odziej ma przyj\u015b\u0107, na pewno by czuwa\u0142 i nie pozwoli\u0142by w\u0142ama\u0107 si\u0119 do swego domu. Dlatego i wy b\u0105d\u017acie gotowi, bo w chwili, kt\u00f3rej si\u0119 nie domy\u015blacie, Syn Cz\u0142owieczy przyjdzie\u201d.<\/b><\/span><\/span><\/span><\/p>\n<p align=\"justify\">\n<p align=\"justify\">\n<p align=\"justify\">\n<p align=\"justify\">\n<p align=\"justify\">\n<p align=\"justify\"><span style=\"color: #000000;\"><span style=\"font-family: Book Antiqua, serif;\"><span style=\"font-size: large;\">S\u0142owa, kt\u00f3rymi \u015awi\u0119ty Pawe\u0142 rozpoczyna dzisiejsze drugie czytanie, mo\u017cemy potraktowa\u0107 jako <b>streszczenie ca\u0142ego przes\u0142ania,<\/b> wynikaj\u0105cego z us\u0142yszanych przez nas tekst\u00f3w biblijnych. M\u00f3wimy o s\u0142owach: <i><b>Rozumiejcie chwil\u0119 obecn\u0105.<\/b><\/i> Oczywi\u015bcie, mo\u017cemy te\u017c zacytowa\u0107 i nast\u0119pne s\u0142owa: <i><b>T<\/b><\/i><i><b>eraz nadesz\u0142a dla was godzina powstania ze snu,<\/b><\/i><b> <\/b>albo i ca\u0142e drugie czytanie, bo ka\u017cde ze zda\u0144 tam zawartych zawiera cenne i wa\u017cne, a do tego bardzo <b>konkretne wskazania,<\/b> jak zrealizowa\u0107 owo \u201ezrozumienie chwili obecnej\u201d\u2026 <\/span><\/span><\/span><\/p>\n<p align=\"justify\"><span style=\"color: #000000;\"><span style=\"font-family: Book Antiqua, serif;\"><span style=\"font-size: large;\">Pawe\u0142 podpowiada: <i><b>Odrzu\u0107my wi\u0119c uczynki ciemno\u015bci, a przyobleczmy si\u0119 w zbroj\u0119 \u015bwiat\u0142a. \u017byjmy przyzwoicie jak w jasny dzie\u0144: nie w hulankach i pijatykach, nie w rozpu\u015bcie i wyuzdaniu, nie w k\u0142\u00f3tni i zazdro\u015bci. Ale przyobleczcie si\u0119 w Pana Jezusa Chrystusa i nie troszczcie si\u0119 zbytnio o cia\u0142o, dogadzaj\u0105c \u017c\u0105dzom.<\/b><\/i><b> <\/b>Bardzo jasny przekaz. <\/span><\/span><\/span><\/p>\n<p align=\"justify\"><span style=\"color: #000000;\"><span style=\"font-family: Book Antiqua, serif;\"><span style=\"font-size: large;\">Mo\u017cemy powiedzie\u0107, \u017ce jest to innymi s\u0142owami wyra\u017cone wezwanie do czuwania, wypowiedziane przez Jezusa w dzisiejszej Ewangelii. <i><b>Rozumiejcie chwil\u0119 obecn\u0105<\/b><\/i> \u2013 czyli: <i><b>Czuwajcie wi\u0119c, bo nie wiecie, w kt\u00f3rym dniu Pan wasz przyjdzie. A to rozumiejcie: Gdyby gospodarz wiedzia\u0142, o kt\u00f3rej porze nocy z\u0142odziej ma przyj\u015b\u0107, na pewno by czuwa\u0142 i nie pozwoli\u0142by w\u0142ama\u0107 si\u0119 do swego domu. Dlatego i wy b\u0105d\u017acie gotowi, bo w chwili, kt\u00f3rej si\u0119 nie domy\u015blacie, Syn Cz\u0142owieczy przyjdzie. <\/b><\/i><\/span><\/span><\/span><\/p>\n<p align=\"justify\"><span style=\"color: #000000;\"><span style=\"font-family: Book Antiqua, serif;\"><span style=\"font-size: large;\">To mo\u017ce sta\u0107 si\u0119 w chwili obecnej. To mo\u017ce sta\u0107 si\u0119 <b>za chwil\u0119,<\/b> ale r\u00f3wnie dobrze mo\u017ce sta\u0107 si\u0119 <b>za tysi\u0105c lat <\/b>\u2013 nie wiemy. Wiemy natomiast, \u017ce wspomniana tu dzi\u015b <b>\u00ab<\/b><b>chwila obecna<\/b><b>\u00bb<\/b> to jest w\u0142a\u015bnie ta chwila, kt\u00f3r\u0105 powinni\u015bmy prze\u017cy\u0107 dobrze, czuwaj\u0105c i b\u0119d\u0105c gotowymi na przyj\u015bcie Pana. Bo <b>ka\u017cda chwila jest odpowiednia i stosowna<\/b> na to, by czuwa\u0107! Nigdy nie jest na to <b>za wcze\u015bnie.<\/b> I tak\u017ce \u2013 p\u00f3ki co \u2013 na szcz\u0119\u015bcie nie jest na to r\u00f3wnie\u017c <b>za p\u00f3\u017ano.<\/b> <\/span><\/span><\/span><\/p>\n<p align=\"justify\"><span style=\"color: #000000;\"><span style=\"font-family: Book Antiqua, serif;\"><span style=\"font-size: large;\">Je\u017celi zatem nasze dotychczasowe \u017cycie nie potwierdza\u0142o tego, \u017ce <b>\u00ab<\/b><b>rozumiemy chwil\u0119 obecn\u0105<\/b><b>\u00bb<\/b><b>,<\/b> to dobrze, gdyby zacz\u0119\u0142o. Po to w\u0142a\u015bnie otrzymujemy ten nowy, dobry i \u015bwi\u0119ty czas, jakim jest <b>Adwent.<\/b> Co prawda, wezwanie do nawr\u00f3cenia \u2013 a w\u0142a\u015bciwie, do sta\u0142ego nawracania si\u0119 \u2013 rozlega si\u0119 w Ko\u015bciele przez ca\u0142y rok, ale jednak s\u0105 takie dni i okresy, kiedy nasza <b>duchowa mobilizacja winna by\u0107 wi\u0119ksza.<\/b> Adwent jest takim w\u0142a\u015bnie czasem. <\/span><\/span><\/span><\/p>\n<p align=\"justify\"><span style=\"color: #000000;\"><span style=\"font-family: Book Antiqua, serif;\"><span style=\"font-size: large;\">Dzisiejsz\u0105 niedziel\u0105 rozpoczynamy ten czas \u2013 rozpoczynamy r\u00f3wnie\u017c nowy rok liturgiczny. Adwent przygotowywa\u0107 nas b\u0119dzie na radosne <b>\u015awi\u0119ta Narodzenia Pa\u0144skiego,<\/b> przypomni nam r\u00f3wnie\u017c o przyj\u015bciu Pana <b>na ko\u0144cu czas\u00f3w,<\/b> do czego te\u017c winni\u015bmy by\u0107 zawsze przygotowani, albo \u2013 m\u00f3wi\u0105c bardziej precyzyjnie \u2013 stale powinni\u015bmy si\u0119 przygotowywa\u0107. Dobrze, gdyby\u015bmy ci\u0105gle pami\u0119tali o tym <b>podw\u00f3jnym znaczeniu<\/b> Adwentu. <\/span><\/span><\/span><\/p>\n<p align=\"justify\"><span style=\"color: #000000;\"><span style=\"font-family: Book Antiqua, serif;\"><span style=\"font-size: large;\">I w\u0142a\u015bnie dlatego, \u017ce mamy w jego trakcie nieco <b>g\u0142\u0119biej \u201ewej\u015b\u0107 w siebie\u201d<\/b> i przemy\u015ble\u0107 r\u00f3\u017cne aspekty swego \u017cycia i post\u0119powania \u2013 jest to czas pewnego <b>wyciszenia i skupienia.<\/b> Trzeba o tym pami\u0119ta\u0107 i nie ucieka\u0107 w swoim \u017cyciu przed cisz\u0105\u2026 Ona jest <b>naprawd\u0119 bardzo potrzebna<\/b> \u2013 i znowu: nie tylko w Adwencie jest potrzebna, ale zawsze. Dla utrzymania \u2013 albo odzyskania \u2013 <b>psychicznej i duchowej r\u00f3wnowagi.<\/b> Stale jest nam potrzebna. Ale ten czas mobilizuje do jej zachowania w spos\u00f3b szczeg\u00f3lny. <\/span><\/span><\/span><\/p>\n<p align=\"justify\"><span style=\"color: #000000;\"><span style=\"font-family: Book Antiqua, serif;\"><span style=\"font-size: large;\">I dlatego warto, naprawd\u0119 warto \u2013 by tak rzec \u2013 <b>odwa\u017cy\u0107 si\u0119 na cisz\u0119! <\/b>Warto wy\u0142\u0105czy\u0107 \u2013 chocia\u017c na troch\u0119 \u2013 telewizor, ci\u0105gle graj\u0105c\u0105 muzyk\u0119 z r\u00f3\u017cnych odtwarzaczy; warto <b>wyj\u0105\u0107 s\u0142uchawki z uszu,<\/b> a z internetu korzysta\u0107 na tyle, na ile jest to konieczne do pracy lub nauki. Podobnie z kom\u00f3rki \u2013 korzysta\u0107 <b>na tyle, na ile jest to konieczne<\/b> do skomunikowania si\u0119 z lud\u017ami, ale mo\u017ce mniej gier, mniej innych atrakcji, kt\u00f3re n\u0119c\u0105 i kusz\u0105, ale kt\u00f3re w ko\u0144cu powoduj\u0105 <b>ha\u0142as w duszy, ba\u0142agan w sercu i b\u00f3l g\u0142owy.<\/b> <\/span><\/span><\/span><\/p>\n<p align=\"justify\"><span style=\"color: #000000;\"><span style=\"font-family: Book Antiqua, serif;\"><span style=\"font-size: large;\">Temu dobremu przygotowaniu b\u0119dzie te\u017c s\u0142u\u017cy\u0142o sumienne i pe\u0142ne prze\u017cycie \u2013 z dobrym, wewn\u0119trznym nastawieniem \u2013 <b>rekolekcji adwentowych.<\/b> Niech one nie b\u0119d\u0105 tylko jak\u0105\u015b formaln\u0105 konieczno\u015bci\u0105, kt\u00f3r\u0105 trzeba zaliczy\u0107, ale naprawd\u0119 pi\u0119knym i potrzebnym <b>czasem porz\u0105dkowania serca,<\/b> wej\u015bcia w cisz\u0119, uwa\u017cniejszego zas\u0142uchania si\u0119 w Bo\u017ce s\u0142owo\u2026 <\/span><\/span><\/span><\/p>\n<p align=\"justify\"><span style=\"color: #000000;\"><span style=\"font-family: Book Antiqua, serif;\"><span style=\"font-size: large;\">Niech te\u017c <b>Spowied\u017a adwentowa<\/b> \u2013 czy to w czasie rekolekcji, czy poza nimi \u2013 b\u0119dzie okazj\u0105 do <b>solidnego rachunku sumienia,<\/b> zrobionego z pomoc\u0105 pyta\u0144, zapisanych w ksi\u0105\u017ceczce do nabo\u017ce\u0144stwa, albo gdziekolwiek indziej. Niech te\u017c b\u0119dzie ona okazj\u0105 do podj\u0119cia solidnej <b>pracy nad jedn\u0105, konkretn\u0105 wad\u0105,<\/b> kt\u00f3ra mo\u017ce powoduje powstawanie innych grzech\u00f3w i wad. <\/span><\/span><\/span><\/p>\n<p align=\"justify\"><span style=\"color: #000000;\"><span style=\"font-family: Book Antiqua, serif;\"><span style=\"font-size: large;\">Dlatego by\u0142oby wskazane, \u017ceby nawet nie czeka\u0107 ze Spowiedzi\u0105 do rekolekcji, ale <b>ju\u017c na pocz\u0105tku Adwentu<\/b> do niej przyst\u0105pi\u0107, by ca\u0142y ten \u015bwi\u0119ty czas prze\u017cy\u0107 w stanie \u0142aski u\u015bwi\u0119caj\u0105cej. Tak by\u0142oby najlepiej. Natomiast na pewno nie b\u0119dzie dobrym rozwi\u0105zaniem p\u00f3j\u015bcie do Spowiedzi <b>na dzie\u0144 lub dwa przed samymi \u015awi\u0119tami,<\/b> napr\u0119dce i bez przygotowania, tylko po to, aby <b>tradycji lub formalno\u015bci <\/b>sta\u0142o si\u0119 zado\u015b\u0107. <\/span><\/span><\/span><\/p>\n<p align=\"justify\"><span style=\"color: #000000;\"><span style=\"font-family: Book Antiqua, serif;\"><span style=\"font-size: large;\">Naturalnie, i taka Spowied\u017a niesie ze sob\u0105 istotne dobro, bo przecie\u017c oznacza <b>uwolnienie z grzech\u00f3w,<\/b> ale to przecie\u017c nie w tym rzecz, \u017ceby zaliczy\u0107 obowi\u0105zek \u2013 dla niekt\u00f3rych: przykry i ci\u0119\u017cki \u2013 ale \u017ceby <b>zwr\u00f3ci\u0107 si\u0119 ku Jezusowi, <\/b>szerzej otworzy\u0107 Mu swoje serce, nawi\u0105za\u0107 z Nim szczer\u0105 i mocn\u0105, <b>prawdziw\u0105, duchow\u0105 wi\u0119\u017a!<\/b> Czy takie owoce mo\u017ce przynie\u015b\u0107 <b>pospieszna i byle jaka Spowied\u017a, <\/b>\u201eodfajkowana\u201d na dzie\u0144 przed \u015awi\u0119tami? Czy mo\u017cna w takim przypadku m\u00f3wi\u0107 o jakiej\u015b pracy nad sob\u0105, <b>o jakim\u015b prze\u0142omie w \u017cyciu?<\/b> <\/span><\/span><\/span><\/p>\n<p align=\"justify\"><span style=\"color: #000000;\"><span style=\"font-family: Book Antiqua, serif;\"><span style=\"font-size: large;\">Oczywi\u015bcie, mamy \u015bwiadomo\u015b\u0107, \u017ce nie jest spraw\u0105 prost\u0105 <b>prze\u0142amanie pewnych schemat\u00f3w <\/b>w my\u015bleniu i pewnych przyzwyczaje\u0144, zgodnie z kt\u00f3rymi do Spowiedzi idzie si\u0119 w\u0142a\u015bnie na dwa, trzy dni przed \u015awi\u0119tami, bo jak si\u0119 p\u00f3jdzie wcze\u015bniej, to \u2013 jak to m\u00f3wi\u0105 niekt\u00f3rzy \u2013 <b>\u201ejeszcze si\u0119 nagrzeszy\u201d<\/b> i trzeba b\u0119dzie znowu si\u0119 spowiada\u0107, a to ju\u017c by\u0142aby \u201egruba przesada\u201d! Dlatego najlepiej na dwa, trzy dni przed \u015awi\u0119tami, a tak w og\u00f3le \u2013 to dwa, trzy razy w roku. <\/span><\/span><\/span><\/p>\n<p align=\"justify\"><span style=\"color: #000000;\"><span style=\"font-family: Book Antiqua, serif;\"><span style=\"font-size: large;\">Tak wiele os\u00f3b \u2013 niestety \u2013 podchodzi do ca\u0142ej sprawy i <b>nie jest to \u2013 niestety \u2013 podej\u015bcie dobre.<\/b> Bo pokazuje, \u017ce kto\u015b naprawd\u0119 nie rozumie, o co chodzi w Spowiedzi \u015awi\u0119tej \u2013 i o co chodzi w Adwencie\u2026 A o co chodzi? No, w\u0142a\u015bnie o to g\u0142\u0119bsze i mocniejsze<b> zaprzyja\u017anienie si\u0119 z \u017cywym Jezusem, <\/b>o wej\u015bcie z Nim w mocn\u0105, osobow\u0105 wi\u0119\u017a i osobist\u0105 przyja\u017a\u0144, a nie podpisanie adwentowej listy obecno\u015bci. W tym wszystkim chodzi o spotkanie <b>dw\u00f3ch kochaj\u0105cych si\u0119 os\u00f3b: mnie i Jezusa! <\/b><\/span><\/span><\/span><\/p>\n<p align=\"justify\"><span style=\"color: #000000;\"><span style=\"font-family: Book Antiqua, serif;\"><span style=\"font-size: large;\">Dlatego te\u017c warto, ju\u017c od samego pocz\u0105tku, mocno i konkretnie \u2013 <b>wej\u015b\u0107 w Adwent.<\/b> Warto jak najpe\u0142niej zacz\u0105\u0107 go prze\u017cywa\u0107 ju\u017c od dzisiaj. Na pewno, w takim w\u0142a\u015bnie dobrym jego prze\u017cywaniu pomo\u017ce uczestnictwo <b>w porannych Roratach.<\/b> Pi\u0119kna jest ta Msza \u015awi\u0119ta o Matce Bo\u017cej, b\u0119d\u0105cej przecie\u017c \u2013 razem z Janem Chrzcicielem \u2013 <b>nasz\u0105 Przewodniczk\u0105<\/b> po drogach adwentowej pracy nad sob\u0105 i duchowej przemiany. G\u0142\u0119bokie i radosne prze\u017cycie tej Mszy \u015awi\u0119tej z pewno\u015bci\u0105 b\u0119dzie prawdziwym <b>\u201edo\u0142adowaniem duchowych akumulator\u00f3w\u201d. <\/b><\/span><\/span><\/span><\/p>\n<p align=\"justify\"><span style=\"color: #000000;\"><span style=\"font-family: Book Antiqua, serif;\"><span style=\"font-size: large;\">Jak bowiem w trakcie Mszy \u015awi\u0119tej roratniej rozja\u015bniamy ko\u015bci\u00f3\u0142 migotliwymi p\u0142omykami lampion\u00f3w, by potem rozja\u015bni\u0107 \u015bwi\u0105tyni\u0119 pe\u0142nym blaskiem, tak <b>nasze serca, wsparte \u0142ask\u0105 Bo\u017c\u0105,<\/b> darem Bo\u017cego s\u0142owa i darem Komunii \u015awi\u0119tej, przyj\u0119tymi w czasie tej Mszy \u015awi\u0119tej, na pewno mocniej rozb\u0142y\u015bnie i b\u0119dzie zar\u00f3wno dla nas samych rozja\u015bnieniem naszych \u017cyciowych dr\u00f3g, jak i <b>dla innych pi\u0119knym \u015bwiadectwem. <\/b><\/span><\/span><\/span><\/p>\n<p align=\"justify\"><span style=\"color: #000000;\"><span style=\"font-family: Book Antiqua, serif;\"><span style=\"font-size: large;\">Dlatego \u2013 na ile tylko pozwol\u0105 nam nasze obowi\u0105zki i czas \u2013 postarajmy si\u0119 <b>systematycznie uczes<\/b><b>t<\/b><b>niczy\u0107 w Roratach.<\/b> Zabierajmy te\u017c na nie lampiony. To nie jest tylko zach\u0119ta, skierowana do dzieci \u2013 wszyscy, naprawd\u0119 wszyscy jeste\u015bmy zaproszeni. To jest taki rys specyficzny i charakterystyczny Adwentu.<\/span><\/span><\/span><\/p>\n<p align=\"justify\"><span style=\"color: #000000;\"><span style=\"font-family: Book Antiqua, serif;\"><span style=\"font-size: large;\">I wreszcie \u2013 zechciejmy <b>ju\u017c dzisiaj podj\u0105\u0107 bardzo konkretne postanowienie<\/b> na ten czas. Dobrze wiemy, jak to postanowienie powinno wygl\u0105da\u0107 i czym winno si\u0119 charakteryzowa\u0107, dlatego teraz jedynie przypomnijmy, i\u017c winno ono by\u0107 <b>pojedyncze<\/b> (czyli nie pi\u0119\u0107 rzeczy jednocze\u015bnie), <b>konkretne<\/b> (czyli nie takie w stylu: \u201eb\u0119d\u0119 lepszy\u201d, \u201epoprawi\u0119 si\u0119\u201d, ale co konkretnie b\u0119d\u0119 robi\u0142); <b>mo\u017cliwe do zrealizowania <\/b>(czyli nie przekraczaj\u0105ce naszych ludzkich mo\u017cliwo\u015bci w tym momencie), ale jednak <b>wymagaj\u0105ce troch\u0119 wysi\u0142ku <\/b>(czyli nie co\u015b, co jest \u0142atwe i samo niejako dobrze nam wychodzi), <b>potrzebne i adekwatne<\/b> (czyli ma to by\u0107 lekarstwo na konkretn\u0105 chorob\u0119 duszy, rozprawienie si\u0119 z jak\u0105\u015b szczeg\u00f3lnie dolegliw\u0105 wad\u0105, powoduj\u0105c\u0105 inne grzechy, a wi\u0119c niekoniecznie postanowienie niejedzenia cukierk\u00f3w w Adwencie\u2026). <\/span><\/span><\/span><\/p>\n<p align=\"justify\"><span style=\"color: #000000;\"><span style=\"font-family: Book Antiqua, serif;\"><span style=\"font-size: large;\">Ponadto realizacj\u0119 tego postanowienia winni\u015bmy <b>wspiera\u0107 na bie\u017c\u0105co modlitw\u0105<\/b> i rozlicza\u0107 na kolejnych Spowiedziach. Takie postanowienie ju\u017c dzisiaj nale\u017cy podj\u0105\u0107! Bo czas jest kr\u00f3tki, bardzo kr\u00f3tki! Dlatego ju\u017c dzisiaj trzeba nam si\u0119 zabiera\u0107 do duchowej pracy. Trzeba nam <b>\u00ab<\/b><b>zrozumie\u0107 chwil\u0119 obecn\u0105<\/b><b>\u00bb<\/b> \u2013 \u017ce jest to wielka szansa dla nas. Szansa, kt\u00f3rej nie wolno nam zmarnowa\u0107.<\/span><\/span><\/span><\/p>\n<p align=\"justify\"><span style=\"color: #000000;\"><span style=\"font-family: Book Antiqua, serif;\"><span style=\"font-size: large;\">W ostatnim zdaniu pierwszego dzisiejszego czytania Prorok Izajasz wzywa: <i><b>Chod\u017acie, domu Jakuba, post\u0119pujmy w \u015bwiat\u0142o\u015bci<\/b><\/i><b> <\/b><i><b>Pana!<\/b><\/i><b> <\/b>Odnie\u015bmy te s\u0142owa do siebie i w tym pierwszym dniu tegorocznego Adwentu powiedzmy sobie z ca\u0142ym przekonaniem: <b>Chod\u017acie, Bracia i Siostry, post\u0119pujmy w \u015bwiat\u0142o\u015bci Pana! Rozumiejmy chwil\u0119 obecn\u0105! Nie zmarnujmy szansy!<\/b> Niech ten Adwent b\u0119dzie pod ka\u017cdym wzgl\u0119dem lepiej prze\u017cyty, a przez to bardziej owocny, ni\u017c kilkadziesi\u0105t dotychczasowych Adwent\u00f3w. <\/span><\/span><\/span><\/p>\n<p align=\"justify\"><span style=\"color: #000000;\"><span style=\"font-family: Book Antiqua, serif;\"><span style=\"font-size: large;\">A mo\u017ce to <b>ostatni Adwent <\/b>w naszym \u017cyciu?\u2026 A mo\u017ce ju\u017c \u017cadna nowa szansa nie b\u0119dzie nam dana?\u2026 <\/span><\/span><\/span><\/p>\n<p align=\"justify\"><span style=\"color: #000000;\"><span style=\"font-family: Book Antiqua, serif;\"><span style=\"font-size: large;\"><b>Rozumiejmy chwil\u0119 obecn\u0105\u2026<\/b><\/span><\/span><\/span><\/p>\n","protected":false},"excerpt":{"rendered":"<p>Niech b\u0119dzie pochwalony Jezus Chrystus! Moi Drodzy, mamy Adwent! I nowy rok liturgiczny. Jezus przychodzi dzisiaj do nas z wezwaniem, kt\u00f3re zapisa\u0142em w tytule. Rzeczywi\u015bcie, postarajmy si\u0119 zrozumie\u0107 chwil\u0119 obecn\u0105 \u2013 czas, kt\u00f3ry daje nam Pan! Pozdrawiam z P\u0142ocka, od Siostry Faustyny. Obiadem ko\u0144czymy rekolekcje. W sumie, ciekawe do\u015bwiadczenie, zupe\u0142nie dla mnie nowe \u2013 rekolekcje [&hellip;]<\/p>\n","protected":false},"author":1,"featured_media":0,"comment_status":"open","ping_status":"open","sticky":false,"template":"","format":"standard","meta":{"jetpack_post_was_ever_published":false,"_jetpack_newsletter_access":"","_jetpack_dont_email_post_to_subs":false,"_jetpack_newsletter_tier_id":0,"_jetpack_memberships_contains_paywalled_content":false,"_jetpack_memberships_contains_paid_content":false,"footnotes":""},"categories":[1],"tags":[],"class_list":["post-16250","post","type-post","status-publish","format-standard","hentry","category-bez-kategorii"],"yoast_head":"<!-- This site is optimized with the Yoast SEO plugin v25.1 - https:\/\/yoast.com\/wordpress\/plugins\/seo\/ -->\n<title>Rozumiejmy chwil\u0119 obecn\u0105! - Gaudium Et Spes<\/title>\n<meta name=\"robots\" content=\"index, follow, max-snippet:-1, max-image-preview:large, max-video-preview:-1\" \/>\n<link rel=\"canonical\" href=\"https:\/\/gaudiumetspes-blog.pl\/index.php\/2019\/12\/01\/rozumiejmy-chwile-obecna\/\" \/>\n<meta property=\"og:locale\" content=\"pl_PL\" \/>\n<meta property=\"og:type\" content=\"article\" \/>\n<meta property=\"og:title\" content=\"Rozumiejmy chwil\u0119 obecn\u0105! - Gaudium Et Spes\" \/>\n<meta property=\"og:description\" content=\"Niech b\u0119dzie pochwalony Jezus Chrystus! Moi Drodzy, mamy Adwent! I nowy rok liturgiczny. Jezus przychodzi dzisiaj do nas z wezwaniem, kt\u00f3re zapisa\u0142em w tytule. Rzeczywi\u015bcie, postarajmy si\u0119 zrozumie\u0107 chwil\u0119 obecn\u0105 \u2013 czas, kt\u00f3ry daje nam Pan! Pozdrawiam z P\u0142ocka, od Siostry Faustyny. Obiadem ko\u0144czymy rekolekcje. W sumie, ciekawe do\u015bwiadczenie, zupe\u0142nie dla mnie nowe \u2013 rekolekcje [&hellip;]\" \/>\n<meta property=\"og:url\" content=\"https:\/\/gaudiumetspes-blog.pl\/index.php\/2019\/12\/01\/rozumiejmy-chwile-obecna\/\" \/>\n<meta property=\"og:site_name\" content=\"Gaudium Et Spes\" \/>\n<meta property=\"article:published_time\" content=\"2019-12-01T04:29:52+00:00\" \/>\n<meta name=\"author\" content=\"Ks. Jacek\" \/>\n<meta name=\"twitter:card\" content=\"summary_large_image\" \/>\n<meta name=\"twitter:label1\" content=\"Napisane przez\" \/>\n\t<meta name=\"twitter:data1\" content=\"Ks. Jacek\" \/>\n\t<meta name=\"twitter:label2\" content=\"Szacowany czas czytania\" \/>\n\t<meta name=\"twitter:data2\" content=\"11 minut\" \/>\n<script type=\"application\/ld+json\" class=\"yoast-schema-graph\">{\"@context\":\"https:\/\/schema.org\",\"@graph\":[{\"@type\":\"WebPage\",\"@id\":\"https:\/\/gaudiumetspes-blog.pl\/index.php\/2019\/12\/01\/rozumiejmy-chwile-obecna\/\",\"url\":\"https:\/\/gaudiumetspes-blog.pl\/index.php\/2019\/12\/01\/rozumiejmy-chwile-obecna\/\",\"name\":\"Rozumiejmy chwil\u0119 obecn\u0105! - Gaudium Et Spes\",\"isPartOf\":{\"@id\":\"https:\/\/gaudiumetspes-blog.pl\/#website\"},\"datePublished\":\"2019-12-01T04:29:52+00:00\",\"author\":{\"@id\":\"https:\/\/gaudiumetspes-blog.pl\/#\/schema\/person\/1661982992b752dea8dff0d4ed845a65\"},\"breadcrumb\":{\"@id\":\"https:\/\/gaudiumetspes-blog.pl\/index.php\/2019\/12\/01\/rozumiejmy-chwile-obecna\/#breadcrumb\"},\"inLanguage\":\"pl-PL\",\"potentialAction\":[{\"@type\":\"ReadAction\",\"target\":[\"https:\/\/gaudiumetspes-blog.pl\/index.php\/2019\/12\/01\/rozumiejmy-chwile-obecna\/\"]}]},{\"@type\":\"BreadcrumbList\",\"@id\":\"https:\/\/gaudiumetspes-blog.pl\/index.php\/2019\/12\/01\/rozumiejmy-chwile-obecna\/#breadcrumb\",\"itemListElement\":[{\"@type\":\"ListItem\",\"position\":1,\"name\":\"Strona g\u0142\u00f3wna\",\"item\":\"https:\/\/gaudiumetspes-blog.pl\/\"},{\"@type\":\"ListItem\",\"position\":2,\"name\":\"Rozumiejmy chwil\u0119 obecn\u0105!\"}]},{\"@type\":\"WebSite\",\"@id\":\"https:\/\/gaudiumetspes-blog.pl\/#website\",\"url\":\"https:\/\/gaudiumetspes-blog.pl\/\",\"name\":\"Gaudium Et Spes\",\"description\":\"Blog Ks. Jacka Ja\u015bkowskiego\",\"potentialAction\":[{\"@type\":\"SearchAction\",\"target\":{\"@type\":\"EntryPoint\",\"urlTemplate\":\"https:\/\/gaudiumetspes-blog.pl\/?s={search_term_string}\"},\"query-input\":{\"@type\":\"PropertyValueSpecification\",\"valueRequired\":true,\"valueName\":\"search_term_string\"}}],\"inLanguage\":\"pl-PL\"},{\"@type\":\"Person\",\"@id\":\"https:\/\/gaudiumetspes-blog.pl\/#\/schema\/person\/1661982992b752dea8dff0d4ed845a65\",\"name\":\"Ks. Jacek\",\"image\":{\"@type\":\"ImageObject\",\"inLanguage\":\"pl-PL\",\"@id\":\"https:\/\/gaudiumetspes-blog.pl\/#\/schema\/person\/image\/\",\"url\":\"https:\/\/gaudiumetspes-blog.pl\/wp-content\/uploads\/2019\/07\/avatar-JJ-150x150.jpg\",\"contentUrl\":\"https:\/\/gaudiumetspes-blog.pl\/wp-content\/uploads\/2019\/07\/avatar-JJ-150x150.jpg\",\"caption\":\"Ks. Jacek\"},\"description\":\"Witam serdecznie! K\u0142ania si\u0119 Ks. Jacek Ja\u015bkowski. Nie jestem ani kim\u015b wa\u017cnym, ani kim\u015b znanym. Jestem ksi\u0119dzem, kt\u00f3ry po prostu chce rozmawia\u0107. Codzienna kap\u0142a\u0144ska pos\u0142uga pokazuje mi, \u017ce temat\u00f3w do rozm\u00f3w z ksi\u0119dzem jest coraz wi\u0119cej i dzisiaj \u017caden ksi\u0105dz nie mo\u017ce od nich ucieka\u0107, ale - wprost przeciwnie - podejmowa\u0107 nowe wyzwania. To przekonanie sk\u0142oni\u0142o mnie do pr\u00f3by otwarcia tego\u017c bloga, chocia\u017c okazji do rozm\u00f3w na co dzie\u0144 - w konfesjonale i poza nim - na szcz\u0119\u015bcie nie brakuje. My\u015bl\u0119 jednak, \u017ce ten blog b\u0119dzie jeszcze jednym sposobem i przestrzeni\u0105 nawi\u0105zania kontaktu z lud\u017ami dobrej woli, otwartymi na dialog.\",\"url\":\"https:\/\/gaudiumetspes-blog.pl\/index.php\/author\/ks-jacek\/\"}]}<\/script>\n<!-- \/ Yoast SEO plugin. -->","yoast_head_json":{"title":"Rozumiejmy chwil\u0119 obecn\u0105! - Gaudium Et Spes","robots":{"index":"index","follow":"follow","max-snippet":"max-snippet:-1","max-image-preview":"max-image-preview:large","max-video-preview":"max-video-preview:-1"},"canonical":"https:\/\/gaudiumetspes-blog.pl\/index.php\/2019\/12\/01\/rozumiejmy-chwile-obecna\/","og_locale":"pl_PL","og_type":"article","og_title":"Rozumiejmy chwil\u0119 obecn\u0105! - Gaudium Et Spes","og_description":"Niech b\u0119dzie pochwalony Jezus Chrystus! Moi Drodzy, mamy Adwent! I nowy rok liturgiczny. Jezus przychodzi dzisiaj do nas z wezwaniem, kt\u00f3re zapisa\u0142em w tytule. Rzeczywi\u015bcie, postarajmy si\u0119 zrozumie\u0107 chwil\u0119 obecn\u0105 \u2013 czas, kt\u00f3ry daje nam Pan! Pozdrawiam z P\u0142ocka, od Siostry Faustyny. Obiadem ko\u0144czymy rekolekcje. W sumie, ciekawe do\u015bwiadczenie, zupe\u0142nie dla mnie nowe \u2013 rekolekcje [&hellip;]","og_url":"https:\/\/gaudiumetspes-blog.pl\/index.php\/2019\/12\/01\/rozumiejmy-chwile-obecna\/","og_site_name":"Gaudium Et Spes","article_published_time":"2019-12-01T04:29:52+00:00","author":"Ks. Jacek","twitter_card":"summary_large_image","twitter_misc":{"Napisane przez":"Ks. Jacek","Szacowany czas czytania":"11 minut"},"schema":{"@context":"https:\/\/schema.org","@graph":[{"@type":"WebPage","@id":"https:\/\/gaudiumetspes-blog.pl\/index.php\/2019\/12\/01\/rozumiejmy-chwile-obecna\/","url":"https:\/\/gaudiumetspes-blog.pl\/index.php\/2019\/12\/01\/rozumiejmy-chwile-obecna\/","name":"Rozumiejmy chwil\u0119 obecn\u0105! - Gaudium Et Spes","isPartOf":{"@id":"https:\/\/gaudiumetspes-blog.pl\/#website"},"datePublished":"2019-12-01T04:29:52+00:00","author":{"@id":"https:\/\/gaudiumetspes-blog.pl\/#\/schema\/person\/1661982992b752dea8dff0d4ed845a65"},"breadcrumb":{"@id":"https:\/\/gaudiumetspes-blog.pl\/index.php\/2019\/12\/01\/rozumiejmy-chwile-obecna\/#breadcrumb"},"inLanguage":"pl-PL","potentialAction":[{"@type":"ReadAction","target":["https:\/\/gaudiumetspes-blog.pl\/index.php\/2019\/12\/01\/rozumiejmy-chwile-obecna\/"]}]},{"@type":"BreadcrumbList","@id":"https:\/\/gaudiumetspes-blog.pl\/index.php\/2019\/12\/01\/rozumiejmy-chwile-obecna\/#breadcrumb","itemListElement":[{"@type":"ListItem","position":1,"name":"Strona g\u0142\u00f3wna","item":"https:\/\/gaudiumetspes-blog.pl\/"},{"@type":"ListItem","position":2,"name":"Rozumiejmy chwil\u0119 obecn\u0105!"}]},{"@type":"WebSite","@id":"https:\/\/gaudiumetspes-blog.pl\/#website","url":"https:\/\/gaudiumetspes-blog.pl\/","name":"Gaudium Et Spes","description":"Blog Ks. Jacka Ja\u015bkowskiego","potentialAction":[{"@type":"SearchAction","target":{"@type":"EntryPoint","urlTemplate":"https:\/\/gaudiumetspes-blog.pl\/?s={search_term_string}"},"query-input":{"@type":"PropertyValueSpecification","valueRequired":true,"valueName":"search_term_string"}}],"inLanguage":"pl-PL"},{"@type":"Person","@id":"https:\/\/gaudiumetspes-blog.pl\/#\/schema\/person\/1661982992b752dea8dff0d4ed845a65","name":"Ks. Jacek","image":{"@type":"ImageObject","inLanguage":"pl-PL","@id":"https:\/\/gaudiumetspes-blog.pl\/#\/schema\/person\/image\/","url":"https:\/\/gaudiumetspes-blog.pl\/wp-content\/uploads\/2019\/07\/avatar-JJ-150x150.jpg","contentUrl":"https:\/\/gaudiumetspes-blog.pl\/wp-content\/uploads\/2019\/07\/avatar-JJ-150x150.jpg","caption":"Ks. Jacek"},"description":"Witam serdecznie! K\u0142ania si\u0119 Ks. Jacek Ja\u015bkowski. Nie jestem ani kim\u015b wa\u017cnym, ani kim\u015b znanym. Jestem ksi\u0119dzem, kt\u00f3ry po prostu chce rozmawia\u0107. Codzienna kap\u0142a\u0144ska pos\u0142uga pokazuje mi, \u017ce temat\u00f3w do rozm\u00f3w z ksi\u0119dzem jest coraz wi\u0119cej i dzisiaj \u017caden ksi\u0105dz nie mo\u017ce od nich ucieka\u0107, ale - wprost przeciwnie - podejmowa\u0107 nowe wyzwania. To przekonanie sk\u0142oni\u0142o mnie do pr\u00f3by otwarcia tego\u017c bloga, chocia\u017c okazji do rozm\u00f3w na co dzie\u0144 - w konfesjonale i poza nim - na szcz\u0119\u015bcie nie brakuje. My\u015bl\u0119 jednak, \u017ce ten blog b\u0119dzie jeszcze jednym sposobem i przestrzeni\u0105 nawi\u0105zania kontaktu z lud\u017ami dobrej woli, otwartymi na dialog.","url":"https:\/\/gaudiumetspes-blog.pl\/index.php\/author\/ks-jacek\/"}]}},"jetpack_featured_media_url":"","jetpack_sharing_enabled":true,"_links":{"self":[{"href":"https:\/\/gaudiumetspes-blog.pl\/index.php\/wp-json\/wp\/v2\/posts\/16250","targetHints":{"allow":["GET"]}}],"collection":[{"href":"https:\/\/gaudiumetspes-blog.pl\/index.php\/wp-json\/wp\/v2\/posts"}],"about":[{"href":"https:\/\/gaudiumetspes-blog.pl\/index.php\/wp-json\/wp\/v2\/types\/post"}],"author":[{"embeddable":true,"href":"https:\/\/gaudiumetspes-blog.pl\/index.php\/wp-json\/wp\/v2\/users\/1"}],"replies":[{"embeddable":true,"href":"https:\/\/gaudiumetspes-blog.pl\/index.php\/wp-json\/wp\/v2\/comments?post=16250"}],"version-history":[{"count":1,"href":"https:\/\/gaudiumetspes-blog.pl\/index.php\/wp-json\/wp\/v2\/posts\/16250\/revisions"}],"predecessor-version":[{"id":16251,"href":"https:\/\/gaudiumetspes-blog.pl\/index.php\/wp-json\/wp\/v2\/posts\/16250\/revisions\/16251"}],"wp:attachment":[{"href":"https:\/\/gaudiumetspes-blog.pl\/index.php\/wp-json\/wp\/v2\/media?parent=16250"}],"wp:term":[{"taxonomy":"category","embeddable":true,"href":"https:\/\/gaudiumetspes-blog.pl\/index.php\/wp-json\/wp\/v2\/categories?post=16250"},{"taxonomy":"post_tag","embeddable":true,"href":"https:\/\/gaudiumetspes-blog.pl\/index.php\/wp-json\/wp\/v2\/tags?post=16250"}],"curies":[{"name":"wp","href":"https:\/\/api.w.org\/{rel}","templated":true}]}}