{"id":16257,"date":"2019-12-04T05:17:53","date_gmt":"2019-12-04T04:17:53","guid":{"rendered":"https:\/\/gaudiumetspes-blog.pl\/?p=16257"},"modified":"2019-12-03T23:27:00","modified_gmt":"2019-12-03T22:27:00","slug":"przy-wspolnym-stole","status":"publish","type":"post","link":"https:\/\/gaudiumetspes-blog.pl\/index.php\/2019\/12\/04\/przy-wspolnym-stole\/","title":{"rendered":"Przy wsp\u00f3lnym stole&#8230;"},"content":{"rendered":"<p align=\"justify\"><span style=\"color: #000000;\"><span style=\"font-family: Book Antiqua, serif;\"><span style=\"font-size: large;\">Szcz\u0119\u015b\u0107 Bo\u017ce! Moi Drodzy, w dniu dzisiejszym Ko\u015bci\u00f3\u0142 dopuszcza liturgiczne wspomnienie dowolne \u015awi\u0119tej Barbary, M\u0119czennicy z IV wieku. Jest ona <b>Patronk\u0105 kilku bliskich mi Os\u00f3b. A s\u0105 to:<\/b><\/span><\/span><\/span><\/p>\n<p align=\"justify\"><span style=\"color: #000000;\">\u25ba<span style=\"font-family: Book Antiqua, serif;\"><span style=\"font-size: large;\"><b>Barbara Sosik \u2013 bardzo \u017cyczliwa Osoba z Celestynowa;<\/b><\/span><\/span><\/span><\/p>\n<p align=\"justify\"><span style=\"color: #000000;\">\u25ba<span style=\"font-family: Book Antiqua, serif;\"><span style=\"font-size: large;\"><b>Barbara Bronisz \u2013 z mojej pierwszej Parafii w Radory\u017cu Ko\u015bcielnym, emerytowana Nauczycielka i Osoba bardzo zaanga\u017cowana w \u017cycie Parafii;<\/b><\/span><\/span><\/span><\/p>\n<p align=\"justify\"><span style=\"color: #000000;\">\u25ba<span style=\"font-family: Book Antiqua, serif;\"><span style=\"font-size: large;\"><b>Barbara Szostak &#8211; z kt\u00f3r\u0105 wsp\u00f3\u0142pracowa\u0142em w Liceum im. Lelewela w \u017belechowie;<\/b><\/span><\/span><\/span><\/p>\n<p align=\"justify\"><span style=\"color: #000000;\">\u25ba<span style=\"font-family: Book Antiqua, serif;\"><span style=\"font-size: large;\"><b>Barbara Soszy\u0144ska \u2013 za moich czas\u00f3w: Gospodyni na plebanii w \u017belechowie;<\/b><\/span><\/span><\/span><\/p>\n<p align=\"justify\"><span style=\"color: #000000;\">\u25ba<span style=\"font-family: Book Antiqua, serif;\"><span style=\"font-size: large;\"><b>Barbara Szyc \u2013 moja Znajoma, pos\u0142uguj\u0105ca w Instytucie Prymasowskim w Cz\u0119stochowie;<\/b><\/span><\/span><\/span><\/p>\n<p align=\"justify\"><span style=\"color: #000000;\">\u25ba<span style=\"font-family: Book Antiqua, serif;\"><span style=\"font-size: large;\"><b>Barbara Wilczy\u0144ska \u2013 moja Znajoma z Parafii w Radory\u017cu Ko\u015bcielnym;<\/b><\/span><\/span><\/span><\/p>\n<p align=\"justify\"><span style=\"color: #000000;\">\u25ba<span style=\"font-family: Book Antiqua, serif;\"><span style=\"font-size: large;\"><b>Barbara Kryczka \u2013 nale\u017c\u0105ca w swoim czasie do jednej ze Wsp\u00f3lnot m\u0142odzie\u017cowych.<\/b><\/span><\/span><\/span><\/p>\n<p align=\"justify\"><span style=\"color: #000000;\"><span style=\"font-family: Book Antiqua, serif;\"><span style=\"font-size: large;\"><b>\u017bycz\u0119 Drogim Solenizantkom, aby w \u015brodowiskach, w kt\u00f3rych na co dzie\u0144 \u017cyj\u0105, tworzy\u0142y jedno\u015b\u0107 i wprowadza\u0142y ducha wsp\u00f3lnoty. Zapewniam od modlitwie!<\/b><\/span><\/span><\/span><\/p>\n<p align=\"justify\"><span style=\"color: #000000;\"><span style=\"font-family: Book Antiqua, serif;\"><span style=\"font-size: large;\">Moi Drodzy, \u015broda to dzie\u0144, w kt\u00f3rym w wi\u0119kszo\u015bci naszych Parafii odprawiane s\u0105 Roraty. Zach\u0119cam do udzia\u0142u w nich \u2013 z zapalonym lampionem. Niech to b\u0119dzie znakiem (zar\u00f3wno nasz udzia\u0142, jak i lampion), \u017ce czuwamy!<\/span><\/span><\/span><\/p>\n<p align=\"center\"><span style=\"color: #000000;\"><span style=\"font-family: Book Antiqua, serif;\"><span style=\"font-size: large;\">Gaudium et spes! Ks. Jacek<\/span><\/span><\/span><\/p>\n<p align=\"center\">\n<p align=\"center\">\n<p align=\"center\">\n<p align=\"center\">\n<p align=\"center\">\n<p><span style=\"color: #000000;\"><span style=\"font-family: Book Antiqua, serif;\"><span style=\"font-size: large;\"><b>\u015aroda 1 Tygodnia Adwentu,<\/b><\/span><\/span><\/span><\/p>\n<p><span style=\"color: #000000;\"><span style=\"font-family: Book Antiqua, serif;\"><span style=\"font-size: large;\"><b>do czyta\u0144: Iz 25,6\u201310a; Mt 15,29\u201337<\/b><\/span><\/span><\/span><\/p>\n<p>&nbsp;<\/p>\n<p align=\"justify\"><span style=\"color: #000000;\"><span style=\"font-family: Book Antiqua, serif;\"><span style=\"font-size: large;\"><b>CZYTANIE Z KSI\u0118GI PROROKA IZAJASZA:<\/b><\/span><\/span><\/span><\/p>\n<p align=\"justify\"><span style=\"color: #000000;\"><span style=\"font-family: Book Antiqua, serif;\"><span style=\"font-size: large;\"><b>W owym dniu: <\/b><\/span><\/span><\/span><\/p>\n<p align=\"justify\"><span style=\"color: #000000;\"><span style=\"font-family: Book Antiqua, serif;\"><span style=\"font-size: large;\"><b>Pan Zast\u0119p\u00f3w przygotuje <\/b><\/span><\/span><\/span><\/p>\n<p align=\"justify\"><span style=\"color: #000000;\"><span style=\"font-family: Book Antiqua, serif;\"><span style=\"font-size: large;\"><b>dla wszystkich lud\u00f3w na tej g\u00f3rze <\/b><\/span><\/span><\/span><\/p>\n<p align=\"justify\"><span style=\"color: #000000;\"><span style=\"font-family: Book Antiqua, serif;\"><span style=\"font-size: large;\"><b>uczt\u0119 z t\u0142ustego mi\u0119sa, uczt\u0119 z wybornych win, <\/b><\/span><\/span><\/span><\/p>\n<p align=\"justify\"><span style=\"color: #000000;\"><span style=\"font-family: Book Antiqua, serif;\"><span style=\"font-size: large;\"><b>z najpo\u017cywniejszego mi\u0119sa, z najwyborniejszych win.<\/b><\/span><\/span><\/span><\/p>\n<p align=\"justify\"><span style=\"color: #000000;\"><span style=\"font-family: Book Antiqua, serif;\"><span style=\"font-size: large;\"><b>Zedrze On na tej g\u00f3rze zas\u0142on\u0119, <\/b><\/span><\/span><\/span><\/p>\n<p align=\"justify\"><span style=\"color: #000000;\"><span style=\"font-family: Book Antiqua, serif;\"><span style=\"font-size: large;\"><b>zapuszczon\u0105 na twarzy wszystkich lud\u00f3w, <\/b><\/span><\/span><\/span><\/p>\n<p align=\"justify\"><span style=\"color: #000000;\"><span style=\"font-family: Book Antiqua, serif;\"><span style=\"font-size: large;\"><b>i ca\u0142un, kt\u00f3ry okrywa\u0142 wszystkie narody. <\/b><\/span><\/span><\/span><\/p>\n<p align=\"justify\"><span style=\"color: #000000;\"><span style=\"font-family: Book Antiqua, serif;\"><span style=\"font-size: large;\"><b>Raz na zawsze zniszczy \u015bmier\u0107. <\/b><\/span><\/span><\/span><\/p>\n<p align=\"justify\"><span style=\"color: #000000;\"><span style=\"font-family: Book Antiqua, serif;\"><span style=\"font-size: large;\"><b>Wtedy Pan B\u00f3g otrze <\/b><\/span><\/span><\/span><\/p>\n<p align=\"justify\"><span style=\"color: #000000;\"><span style=\"font-family: Book Antiqua, serif;\"><span style=\"font-size: large;\"><b>\u0142zy z ka\u017cdego oblicza, <\/b><\/span><\/span><\/span><\/p>\n<p align=\"justify\"><span style=\"color: #000000;\"><span style=\"font-family: Book Antiqua, serif;\"><span style=\"font-size: large;\"><b>odejmie ha\u0144b\u0119 swego ludu <\/b><\/span><\/span><\/span><\/p>\n<p align=\"justify\"><span style=\"color: #000000;\"><span style=\"font-family: Book Antiqua, serif;\"><span style=\"font-size: large;\"><b>po ca\u0142ej ziemi, <\/b><\/span><\/span><\/span><\/p>\n<p align=\"justify\"><span style=\"color: #000000;\"><span style=\"font-family: Book Antiqua, serif;\"><span style=\"font-size: large;\"><b>bo Pan przyrzek\u0142.<\/b><\/span><\/span><\/span><\/p>\n<p align=\"justify\"><span style=\"color: #000000;\"><span style=\"font-family: Book Antiqua, serif;\"><span style=\"font-size: large;\"><b>I powiedz\u0105 w owym dniu: Oto nasz B\u00f3g, <\/b><\/span><\/span><\/span><\/p>\n<p align=\"justify\"><span style=\"color: #000000;\"><span style=\"font-family: Book Antiqua, serif;\"><span style=\"font-size: large;\"><b>Ten, kt\u00f3remu\u015bmy zaufali, \u017ce nas wybawi; <\/b><\/span><\/span><\/span><\/p>\n<p align=\"justify\"><span style=\"color: #000000;\"><span style=\"font-family: Book Antiqua, serif;\"><span style=\"font-size: large;\"><b>oto Pan, w kt\u00f3rym z\u0142o\u017cyli\u015bmy nasz\u0105 ufno\u015b\u0107: <\/b><\/span><\/span><\/span><\/p>\n<p align=\"justify\"><span style=\"color: #000000;\"><span style=\"font-family: Book Antiqua, serif;\"><span style=\"font-size: large;\"><b>cieszmy si\u0119 i radujmy z Jego zbawienia! <\/b><\/span><\/span><\/span><\/p>\n<p align=\"justify\"><span style=\"color: #000000;\"><span style=\"font-family: Book Antiqua, serif;\"><span style=\"font-size: large;\"><b>Albowiem r\u0119ka Pana <\/b><\/span><\/span><\/span><\/p>\n<p align=\"justify\"><span style=\"color: #000000;\"><span style=\"font-family: Book Antiqua, serif;\"><span style=\"font-size: large;\"><b>spocznie na tej g\u00f3rze.<\/b><\/span><\/span><\/span><\/p>\n<p align=\"justify\">\n<p align=\"justify\">\n<p align=\"justify\">\n<p align=\"justify\">\n<p align=\"justify\">\n<p align=\"justify\"><span style=\"color: #000000;\"><span style=\"font-family: Book Antiqua, serif;\"><span style=\"font-size: large;\"><b>S\u0141OWA EWANGELII WED\u0141UG \u015aWI\u0118TEGO MATEUSZA:<\/b><\/span><\/span><\/span><\/p>\n<p align=\"justify\"><span style=\"color: #000000;\"><span style=\"font-family: Book Antiqua, serif;\"><span style=\"font-size: large;\"><b>Jezus przyszed\u0142 nad Jezioro Galilejskie. Wszed\u0142 na g\u00f3r\u0119 i tam siedzia\u0142. I przysz\u0142y do Niego wielkie t\u0142umy, maj\u0105c ze sob\u0105 chromych, u\u0142omnych, niewidomych, niemych i wielu innych, i po\u0142o\u017cyli ich u n\u00f3g Jego, a On ich uzdrowi\u0142. T\u0142umy zdumiewa\u0142y si\u0119 widz\u0105c, \u017ce niemi m\u00f3wi\u0105, u\u0142omni s\u0105 zdrowi, chromi chodz\u0105, niewidomi widz\u0105. I wielbi\u0142y Boga Izraela.<\/b><\/span><\/span><\/span><\/p>\n<p align=\"justify\"><span style=\"color: #000000;\"><span style=\"font-family: Book Antiqua, serif;\"><span style=\"font-size: large;\"><b>Lecz Jezus przywo\u0142a\u0142 swoich uczni\u00f3w i rzek\u0142: \u201e\u017bal Mi tego t\u0142umu. Ju\u017c trzy dni trwaj\u0105 przy Mnie, a nie maj\u0105 co je\u015b\u0107. Nie chc\u0119 ich pu\u015bci\u0107 zg\u0142odnia\u0142ych, \u017ceby kto nie zas\u0142ab\u0142 w drodze\u201d. Na to rzekli Mu uczniowie: \u201eSk\u0105d tu na pustkowiu we\u017amiemy tyle chleba, \u017ceby nakarmi\u0107 takie mn\u00f3stwo?\u201d. Jezus zapyta\u0142 ich: \u201eIle macie chleb\u00f3w?\u201d Odpowiedzieli: \u201eSiedem i par\u0119 rybek\u201d. Poleci\u0142 ludowi usi\u0105\u015b\u0107 na ziemi; wzi\u0105\u0142 siedem chleb\u00f3w i ryby, i odm\u00f3wiwszy dzi\u0119kczynienie, po\u0142ama\u0142, dawa\u0142 uczniom, uczniowie za\u015b t\u0142umom. Jedli wszyscy do syto\u015bci, a pozosta\u0142ych u\u0142omk\u00f3w zebrano jeszcze siedem pe\u0142nych kosz\u00f3w.<\/b><\/span><\/span><\/span><\/p>\n<p align=\"justify\">\n<p align=\"justify\">\n<p align=\"justify\">\n<p align=\"justify\">\n<p align=\"justify\">\n<p align=\"justify\"><span style=\"color: #000000;\"><span style=\"font-family: Book Antiqua, serif;\"><span style=\"font-size: large;\">Wygl\u0105da na to, \u017ce <b>B\u00f3g lubi zasiada\u0107<\/b> <b>z lud\u017ami<\/b> do uczty! S\u0142yszymy o tym dzisiaj zar\u00f3wno w pierwszym czytaniu, jak i w Ewangelii. Obraz uczty ju\u017c w Starym Testamencie by\u0142 <b>symbolem szcz\u0119\u015bcia wiecznego,<\/b> dlatego w Nowym uczta zyskuje znaczenie nie tylko w wieczno\u015bci, ale <b>ju\u017c tu, w \u017cyciu doczesnym<\/b> \u2013 jako istotny spos\u00f3b na osi\u0105gni\u0119cie szcz\u0119\u015bcia wiecznego. Wszak Jezus powiedzia\u0142 wyra\u017anie, \u017ce ci osi\u0105gn\u0105 zbawienie, kt\u00f3rzy b\u0119d\u0105 <b>spo\u017cywali Jego Cia\u0142o i pili Jego Krew. <\/b><\/span><\/span><\/span><\/p>\n<p align=\"justify\"><span style=\"color: #000000;\"><span style=\"font-family: Book Antiqua, serif;\"><span style=\"font-size: large;\">A zatem ci, kt\u00f3rzy <b>teraz zasiadaj\u0105 z Nim<\/b> do Uczty eucharystycznej i Uczty Jego s\u0142owa \u2013 ci w\u0142a\u015bnie w wieczno\u015bci <b>zasi\u0105d\u0105 do<\/b> <b>Uczty zbawionych.<\/b> Obraz takiej najobfitszej i najznakomitszej Uczty, jak\u0105 tylko mo\u017cna sobie wyobrazi\u0107 \u2013 a w\u0142a\u015bciwie: kt\u00f3rej nawet nie spos\u00f3b sobie wyobrazi\u0107 \u2013 odnajdujemy dzi\u015b w Proroctwie Izajasza. Czytamy tam, \u017ce <i><b>Pan Zast\u0119p\u00f3w przygotuje dla wszystkich lud\u00f3w na tej g\u00f3rze uczt\u0119 z t\u0142ustego mi\u0119sa, uczt\u0119 z wybornych win, z najpo\u017cywniejszego mi\u0119sa, z najwyborniejszych win.<\/b><\/i> <\/span><\/span><\/span><\/p>\n<p align=\"justify\"><span style=\"color: #000000;\"><span style=\"font-family: Book Antiqua, serif;\"><span style=\"font-size: large;\">Z nieopisanym dostatkiem tej\u017ce uczty wi\u0105za\u0107 si\u0119 b\u0119dzie nierozerwalnie <b>nieopisana <\/b><b>rado\u015b\u0107, <\/b>wynikaj\u0105ca z ostatecznego zwyci\u0119stwa nad \u015bmierci\u0105, smutkiem, przygn\u0119bieniem\u2026 Ci, kt\u00f3rzy zasi\u0105d\u0105 z Panem Zast\u0119p\u00f3w do Jego uczty, do\u015bwiadcz\u0105 w\u0142a\u015bnie takiej rado\u015bci, wszak <i><b>Pan B\u00f3g otrze <\/b><\/i><i><b>\u0142zy z ka\u017cdego oblicza, <\/b><\/i><i><b>odejmie ha\u0144b\u0119 swego ludu po ca\u0142ej ziemi, <\/b><\/i><i><b>bo Pan przyrzek\u0142. I powiedz\u0105 w owym dniu: Oto nasz B\u00f3g, Ten, kt\u00f3remu\u015bmy zaufali, \u017ce nas wybawi; oto Pan, w kt\u00f3rym z\u0142o\u017cyli\u015bmy nasz\u0105 ufno\u015b\u0107: <\/b><\/i><i><b>cieszmy si\u0119 i radujmy z Jego zbawienia! <\/b><\/i><\/span><\/span><\/span><\/p>\n<p align=\"justify\"><span style=\"color: #000000;\"><span style=\"font-family: Book Antiqua, serif;\"><span style=\"font-size: large;\">W\u0142a\u015bnie tego ludzie szukali tak\u017ce u Jezusa. I chyba znale\u017ali, bo gdyby mia\u0142o by\u0107 inaczej, to <b>nie siedzieliby trzy dni <\/b>przed Nim, s\u0142uchaj\u0105c Go z zapartym tchem. A jednak s\u0142uchali, zw\u0142aszcza, \u017ce widzieli, i\u017c <i><b>niemi m\u00f3wi\u0105, u\u0142omni s\u0105 zdrowi, chromi chodz\u0105, niewidomi widz\u0105. I wielbi\u0142y Boga Izraela,<\/b><\/i><b> <\/b>gdy\u017c w osobie tego niezwyk\u0142ego Nauczyciela poznali moc samego Boga. <\/span><\/span><\/span><\/p>\n<p align=\"justify\"><span style=\"color: #000000;\"><span style=\"font-family: Book Antiqua, serif;\"><span style=\"font-size: large;\">On za\u015b, Bo\u017cy Syn, widz\u0105c to ich zas\u0142uchanie i trwanie przy Nim, <b>zatroszczy\u0142 si\u0119 o pokarm dla nich. <\/b>Kiedy oni tak intensywnie starali si\u0119 o straw\u0119 duchow\u0105, kiedy nie liczyli czasu i zm\u0119czenia, a <b>nawet na g\u0142\u00f3d si\u0119 narazili,<\/b> aby tylko przy Nim trwa\u0107, to On sam zatroszczy\u0142 si\u0119 dla nich o pokarm doczesny. Zaprosi\u0142 ich na uczt\u0119 \u2013 owszem, <b>w warunkach polowych,<\/b> ale wszyscy najedli si\u0119 do syta. Nie by\u0142a to taka uczta, jak ta zapowiedziana przez Izajasza, ale na pewno <b>by\u0142a jej zapowiedzi\u0105.<\/b> <\/span><\/span><\/span><\/p>\n<p align=\"justify\"><span style=\"color: #000000;\"><span style=\"font-family: Book Antiqua, serif;\"><span style=\"font-size: large;\">A cho\u0107 nie by\u0142y to warunki komfortowe i jedzenie by\u0142o proste, to jednak chyba najwa\u017cniejsza w tym wszystkim by\u0142a <b>troska Jezusa <\/b>o tych, kt\u00f3rzy do Niego przyszli \u2013 troska o to, \u017ceby <b>im niczego nie brakowa\u0142o.<\/b> <\/span><\/span><\/span><\/p>\n<p align=\"justify\"><span style=\"color: #000000;\"><span style=\"font-family: Book Antiqua, serif;\"><span style=\"font-size: large;\">Jednocze\u015bnie, zaproszenie do wsp\u00f3lnego posi\u0142ku, zaproszenie do sto\u0142u, zawsze oznacza <b>jak\u0105\u015b blisko\u015b\u0107 z cz\u0142owiekiem. <\/b>Jest te\u017c <b>form\u0105 uczczenia<\/b> tego, kogo si\u0119 zaprasza do swojego sto\u0142u. Ponadto, przy wsp\u00f3lnym stole \u015bwietnie i skutecznie <b>buduje si\u0119 wsp\u00f3lnot\u0119<\/b> \u2013 rodzinn\u0105, kole\u017ce\u0144sk\u0105, \u015brodowiskow\u0105, <b>po prostu: ka\u017cd\u0105.<\/b> Nic wi\u0119c dziwnego, \u017ce B\u00f3g chcia\u0142, aby uczta by\u0142a <b>symbolem Wsp\u00f3lnoty wiecznej.<\/b> Wsp\u00f3lnota, jak\u0105 zawi\u0105zujemy przy Stole eucharystycznym i Stole Bo\u017cego s\u0142owa \u2013 jest <b>przedsmakiem<\/b> tej Wsp\u00f3lnoty i krokiem w jej kierunku. <\/span><\/span><\/span><\/p>\n<p align=\"justify\"><span style=\"color: #000000;\"><span style=\"font-family: Book Antiqua, serif;\"><span style=\"font-size: large;\">Niech wi\u0119c takim samym krokiem do osi\u0105gni\u0119cia owej najmocniejszej wsp\u00f3lnoty b\u0119dzie <b>ka\u017cde nasze spotkanie przy stole<\/b> \u2013 i to nie tylko w tym wymiarze najuroczystszym, jak wieczerza wigilijna czy \u015bniadanie wielkanocne, ale niech nim b\u0119dzie <b>ka\u017cdy nasz obiad rodzinny<\/b> \u2013 szczeg\u00f3lnie w niedziel\u0119 i \u015bwi\u0119ta \u2013 czy w og\u00f3le ka\u017cdy nasz posi\u0142ek. <\/span><\/span><\/span><\/p>\n<p align=\"justify\"><span style=\"color: #000000;\"><span style=\"font-family: Book Antiqua, serif;\"><span style=\"font-size: large;\">Mo\u017ce to si\u0119 komu\u015b wyda\u0107 banalne i zupe\u0142nie nieistotne, ale jednak trzeba bardziej zadba\u0107 o to, \u017ceby\u015bmy w naszych wsp\u00f3lnotach rodzinnych, czy kole\u017ce\u0144skich, czy s\u0105siedzkich, czy \u015brodowiskowych \u2013<b> cz\u0119\u015bciej zasiadali do wsp\u00f3lnego sto\u0142u, <\/b>do wsp\u00f3lnego posi\u0142ku. A ju\u017c szczeg\u00f3lnie w rodzinie. Niech rodzinny st\u00f3\u0142 b\u0119dzie \u2013 we w\u0142a\u015bciwym rozumieniu tego por\u00f3wnania \u2013 <b>jak o\u0142tarz, <\/b><b>znak jedno\u015bci rodziny.<\/b> <\/span><\/span><\/span><\/p>\n<p align=\"justify\"><span style=\"color: #000000;\"><span style=\"font-family: Book Antiqua, serif;\"><span style=\"font-size: large;\">Niech nasze posi\u0142ki nie b\u0119d\u0105 spo\u017cywane gdzie\u015b tam, ukradkiem, ka\u017cdy w swoim pokoju, przy swoim komputerze, ale niech rodzinny obiad \u2013 jak najcz\u0119\u015bciej wsp\u00f3lny dla wszystkich, o ustalonej godzinie \u2013 b\u0119dzie tak\u0105 <b>rodzinn\u0105 celebracj\u0105 i prze\u017cyciem rado\u015bci<\/b> z tego, \u017ce jeste\u015bmy razem, jeste\u015bmy sobie bliscy, tworzymy siln\u0105 wsp\u00f3lnot\u0119, mamy do siebie zaufanie. Po prostu \u2013 <b>dobrze nam ze sob\u0105.<\/b> Nie uciekamy przed sob\u0105 nawzajem.<\/span><\/span><\/span><\/p>\n<p align=\"justify\"><span style=\"color: #000000;\"><span style=\"font-family: Book Antiqua, serif;\"><span style=\"font-size: large;\">I cho\u0107 to wydaje si\u0119 takie przyziemne i takie bardzo powszednie rozumienie Bo\u017cego s\u0142owa dzisiejszej liturgii, to czasami i takie rozumienie,<b> takie spojrzenie, trzeba do siebie dopu\u015bci\u0107.<\/b> Bo \u2013 wbrew pozorom \u2013 wsp\u00f3lny rodzinny posi\u0142ek jest naprawd\u0119 bardzo wa\u017cn\u0105 spraw\u0105 i niezwykle istotnym elementem budowania rodzinnej jedno\u015bci. Jak\u017ce to wa\u017cna sprawa <b>szczeg\u00f3lnie w obecnym czasie\u2026<\/b><\/span><\/span><\/span><\/p>\n<p align=\"justify\"><span style=\"color: #000000;\"><span style=\"font-family: Book Antiqua, serif;\"><span style=\"font-size: large;\">Dlatego mo\u017ce ten Adwent stanie si\u0119 dobr\u0105 okazj\u0105 do uporz\u0105dkowania tej sprawy w naszych domach i <b>zaprowadzeni<\/b><b>a<\/b><b> pewnego dobrego stylu, <\/b>polegaj\u0105cego cho\u0107by na tym, \u017ce bardziej docenimy znaczenie i potrzeb\u0119 wsp\u00f3lnego zasiadania do posi\u0142ku, <b>przy jednym, rodzinnym stole.<\/b> Niech ten Adwent b\u0119dzie w tej sprawie prze\u0142omem\u2026<\/span><\/span><\/span><\/p>\n","protected":false},"excerpt":{"rendered":"<p>Szcz\u0119\u015b\u0107 Bo\u017ce! Moi Drodzy, w dniu dzisiejszym Ko\u015bci\u00f3\u0142 dopuszcza liturgiczne wspomnienie dowolne \u015awi\u0119tej Barbary, M\u0119czennicy z IV wieku. Jest ona Patronk\u0105 kilku bliskich mi Os\u00f3b. A s\u0105 to: \u25baBarbara Sosik \u2013 bardzo \u017cyczliwa Osoba z Celestynowa; \u25baBarbara Bronisz \u2013 z mojej pierwszej Parafii w Radory\u017cu Ko\u015bcielnym, emerytowana Nauczycielka i Osoba bardzo zaanga\u017cowana w \u017cycie Parafii; [&hellip;]<\/p>\n","protected":false},"author":1,"featured_media":0,"comment_status":"open","ping_status":"open","sticky":false,"template":"","format":"standard","meta":{"jetpack_post_was_ever_published":false,"_jetpack_newsletter_access":"","_jetpack_dont_email_post_to_subs":false,"_jetpack_newsletter_tier_id":0,"_jetpack_memberships_contains_paywalled_content":false,"_jetpack_memberships_contains_paid_content":false,"footnotes":""},"categories":[1],"tags":[],"class_list":["post-16257","post","type-post","status-publish","format-standard","hentry","category-bez-kategorii"],"yoast_head":"<!-- This site is optimized with the Yoast SEO plugin v25.1 - https:\/\/yoast.com\/wordpress\/plugins\/seo\/ -->\n<title>Przy wsp\u00f3lnym stole... - Gaudium Et Spes<\/title>\n<meta name=\"robots\" content=\"index, follow, max-snippet:-1, max-image-preview:large, max-video-preview:-1\" \/>\n<link rel=\"canonical\" href=\"https:\/\/gaudiumetspes-blog.pl\/index.php\/2019\/12\/04\/przy-wspolnym-stole\/\" \/>\n<meta property=\"og:locale\" content=\"pl_PL\" \/>\n<meta property=\"og:type\" content=\"article\" \/>\n<meta property=\"og:title\" content=\"Przy wsp\u00f3lnym stole... - Gaudium Et Spes\" \/>\n<meta property=\"og:description\" content=\"Szcz\u0119\u015b\u0107 Bo\u017ce! Moi Drodzy, w dniu dzisiejszym Ko\u015bci\u00f3\u0142 dopuszcza liturgiczne wspomnienie dowolne \u015awi\u0119tej Barbary, M\u0119czennicy z IV wieku. Jest ona Patronk\u0105 kilku bliskich mi Os\u00f3b. A s\u0105 to: \u25baBarbara Sosik \u2013 bardzo \u017cyczliwa Osoba z Celestynowa; \u25baBarbara Bronisz \u2013 z mojej pierwszej Parafii w Radory\u017cu Ko\u015bcielnym, emerytowana Nauczycielka i Osoba bardzo zaanga\u017cowana w \u017cycie Parafii; [&hellip;]\" \/>\n<meta property=\"og:url\" content=\"https:\/\/gaudiumetspes-blog.pl\/index.php\/2019\/12\/04\/przy-wspolnym-stole\/\" \/>\n<meta property=\"og:site_name\" content=\"Gaudium Et Spes\" \/>\n<meta property=\"article:published_time\" content=\"2019-12-04T04:17:53+00:00\" \/>\n<meta name=\"author\" content=\"Ks. Jacek\" \/>\n<meta name=\"twitter:card\" content=\"summary_large_image\" \/>\n<meta name=\"twitter:label1\" content=\"Napisane przez\" \/>\n\t<meta name=\"twitter:data1\" content=\"Ks. Jacek\" \/>\n\t<meta name=\"twitter:label2\" content=\"Szacowany czas czytania\" \/>\n\t<meta name=\"twitter:data2\" content=\"7 minut\" \/>\n<script type=\"application\/ld+json\" class=\"yoast-schema-graph\">{\"@context\":\"https:\/\/schema.org\",\"@graph\":[{\"@type\":\"WebPage\",\"@id\":\"https:\/\/gaudiumetspes-blog.pl\/index.php\/2019\/12\/04\/przy-wspolnym-stole\/\",\"url\":\"https:\/\/gaudiumetspes-blog.pl\/index.php\/2019\/12\/04\/przy-wspolnym-stole\/\",\"name\":\"Przy wsp\u00f3lnym stole... - Gaudium Et Spes\",\"isPartOf\":{\"@id\":\"https:\/\/gaudiumetspes-blog.pl\/#website\"},\"datePublished\":\"2019-12-04T04:17:53+00:00\",\"author\":{\"@id\":\"https:\/\/gaudiumetspes-blog.pl\/#\/schema\/person\/1661982992b752dea8dff0d4ed845a65\"},\"breadcrumb\":{\"@id\":\"https:\/\/gaudiumetspes-blog.pl\/index.php\/2019\/12\/04\/przy-wspolnym-stole\/#breadcrumb\"},\"inLanguage\":\"pl-PL\",\"potentialAction\":[{\"@type\":\"ReadAction\",\"target\":[\"https:\/\/gaudiumetspes-blog.pl\/index.php\/2019\/12\/04\/przy-wspolnym-stole\/\"]}]},{\"@type\":\"BreadcrumbList\",\"@id\":\"https:\/\/gaudiumetspes-blog.pl\/index.php\/2019\/12\/04\/przy-wspolnym-stole\/#breadcrumb\",\"itemListElement\":[{\"@type\":\"ListItem\",\"position\":1,\"name\":\"Strona g\u0142\u00f3wna\",\"item\":\"https:\/\/gaudiumetspes-blog.pl\/\"},{\"@type\":\"ListItem\",\"position\":2,\"name\":\"Przy wsp\u00f3lnym stole&#8230;\"}]},{\"@type\":\"WebSite\",\"@id\":\"https:\/\/gaudiumetspes-blog.pl\/#website\",\"url\":\"https:\/\/gaudiumetspes-blog.pl\/\",\"name\":\"Gaudium Et Spes\",\"description\":\"Blog Ks. Jacka Ja\u015bkowskiego\",\"potentialAction\":[{\"@type\":\"SearchAction\",\"target\":{\"@type\":\"EntryPoint\",\"urlTemplate\":\"https:\/\/gaudiumetspes-blog.pl\/?s={search_term_string}\"},\"query-input\":{\"@type\":\"PropertyValueSpecification\",\"valueRequired\":true,\"valueName\":\"search_term_string\"}}],\"inLanguage\":\"pl-PL\"},{\"@type\":\"Person\",\"@id\":\"https:\/\/gaudiumetspes-blog.pl\/#\/schema\/person\/1661982992b752dea8dff0d4ed845a65\",\"name\":\"Ks. Jacek\",\"image\":{\"@type\":\"ImageObject\",\"inLanguage\":\"pl-PL\",\"@id\":\"https:\/\/gaudiumetspes-blog.pl\/#\/schema\/person\/image\/\",\"url\":\"https:\/\/gaudiumetspes-blog.pl\/wp-content\/uploads\/2019\/07\/avatar-JJ-150x150.jpg\",\"contentUrl\":\"https:\/\/gaudiumetspes-blog.pl\/wp-content\/uploads\/2019\/07\/avatar-JJ-150x150.jpg\",\"caption\":\"Ks. Jacek\"},\"description\":\"Witam serdecznie! K\u0142ania si\u0119 Ks. Jacek Ja\u015bkowski. Nie jestem ani kim\u015b wa\u017cnym, ani kim\u015b znanym. Jestem ksi\u0119dzem, kt\u00f3ry po prostu chce rozmawia\u0107. Codzienna kap\u0142a\u0144ska pos\u0142uga pokazuje mi, \u017ce temat\u00f3w do rozm\u00f3w z ksi\u0119dzem jest coraz wi\u0119cej i dzisiaj \u017caden ksi\u0105dz nie mo\u017ce od nich ucieka\u0107, ale - wprost przeciwnie - podejmowa\u0107 nowe wyzwania. To przekonanie sk\u0142oni\u0142o mnie do pr\u00f3by otwarcia tego\u017c bloga, chocia\u017c okazji do rozm\u00f3w na co dzie\u0144 - w konfesjonale i poza nim - na szcz\u0119\u015bcie nie brakuje. My\u015bl\u0119 jednak, \u017ce ten blog b\u0119dzie jeszcze jednym sposobem i przestrzeni\u0105 nawi\u0105zania kontaktu z lud\u017ami dobrej woli, otwartymi na dialog.\",\"url\":\"https:\/\/gaudiumetspes-blog.pl\/index.php\/author\/ks-jacek\/\"}]}<\/script>\n<!-- \/ Yoast SEO plugin. -->","yoast_head_json":{"title":"Przy wsp\u00f3lnym stole... - Gaudium Et Spes","robots":{"index":"index","follow":"follow","max-snippet":"max-snippet:-1","max-image-preview":"max-image-preview:large","max-video-preview":"max-video-preview:-1"},"canonical":"https:\/\/gaudiumetspes-blog.pl\/index.php\/2019\/12\/04\/przy-wspolnym-stole\/","og_locale":"pl_PL","og_type":"article","og_title":"Przy wsp\u00f3lnym stole... - Gaudium Et Spes","og_description":"Szcz\u0119\u015b\u0107 Bo\u017ce! Moi Drodzy, w dniu dzisiejszym Ko\u015bci\u00f3\u0142 dopuszcza liturgiczne wspomnienie dowolne \u015awi\u0119tej Barbary, M\u0119czennicy z IV wieku. Jest ona Patronk\u0105 kilku bliskich mi Os\u00f3b. A s\u0105 to: \u25baBarbara Sosik \u2013 bardzo \u017cyczliwa Osoba z Celestynowa; \u25baBarbara Bronisz \u2013 z mojej pierwszej Parafii w Radory\u017cu Ko\u015bcielnym, emerytowana Nauczycielka i Osoba bardzo zaanga\u017cowana w \u017cycie Parafii; [&hellip;]","og_url":"https:\/\/gaudiumetspes-blog.pl\/index.php\/2019\/12\/04\/przy-wspolnym-stole\/","og_site_name":"Gaudium Et Spes","article_published_time":"2019-12-04T04:17:53+00:00","author":"Ks. Jacek","twitter_card":"summary_large_image","twitter_misc":{"Napisane przez":"Ks. Jacek","Szacowany czas czytania":"7 minut"},"schema":{"@context":"https:\/\/schema.org","@graph":[{"@type":"WebPage","@id":"https:\/\/gaudiumetspes-blog.pl\/index.php\/2019\/12\/04\/przy-wspolnym-stole\/","url":"https:\/\/gaudiumetspes-blog.pl\/index.php\/2019\/12\/04\/przy-wspolnym-stole\/","name":"Przy wsp\u00f3lnym stole... - Gaudium Et Spes","isPartOf":{"@id":"https:\/\/gaudiumetspes-blog.pl\/#website"},"datePublished":"2019-12-04T04:17:53+00:00","author":{"@id":"https:\/\/gaudiumetspes-blog.pl\/#\/schema\/person\/1661982992b752dea8dff0d4ed845a65"},"breadcrumb":{"@id":"https:\/\/gaudiumetspes-blog.pl\/index.php\/2019\/12\/04\/przy-wspolnym-stole\/#breadcrumb"},"inLanguage":"pl-PL","potentialAction":[{"@type":"ReadAction","target":["https:\/\/gaudiumetspes-blog.pl\/index.php\/2019\/12\/04\/przy-wspolnym-stole\/"]}]},{"@type":"BreadcrumbList","@id":"https:\/\/gaudiumetspes-blog.pl\/index.php\/2019\/12\/04\/przy-wspolnym-stole\/#breadcrumb","itemListElement":[{"@type":"ListItem","position":1,"name":"Strona g\u0142\u00f3wna","item":"https:\/\/gaudiumetspes-blog.pl\/"},{"@type":"ListItem","position":2,"name":"Przy wsp\u00f3lnym stole&#8230;"}]},{"@type":"WebSite","@id":"https:\/\/gaudiumetspes-blog.pl\/#website","url":"https:\/\/gaudiumetspes-blog.pl\/","name":"Gaudium Et Spes","description":"Blog Ks. Jacka Ja\u015bkowskiego","potentialAction":[{"@type":"SearchAction","target":{"@type":"EntryPoint","urlTemplate":"https:\/\/gaudiumetspes-blog.pl\/?s={search_term_string}"},"query-input":{"@type":"PropertyValueSpecification","valueRequired":true,"valueName":"search_term_string"}}],"inLanguage":"pl-PL"},{"@type":"Person","@id":"https:\/\/gaudiumetspes-blog.pl\/#\/schema\/person\/1661982992b752dea8dff0d4ed845a65","name":"Ks. Jacek","image":{"@type":"ImageObject","inLanguage":"pl-PL","@id":"https:\/\/gaudiumetspes-blog.pl\/#\/schema\/person\/image\/","url":"https:\/\/gaudiumetspes-blog.pl\/wp-content\/uploads\/2019\/07\/avatar-JJ-150x150.jpg","contentUrl":"https:\/\/gaudiumetspes-blog.pl\/wp-content\/uploads\/2019\/07\/avatar-JJ-150x150.jpg","caption":"Ks. Jacek"},"description":"Witam serdecznie! K\u0142ania si\u0119 Ks. Jacek Ja\u015bkowski. Nie jestem ani kim\u015b wa\u017cnym, ani kim\u015b znanym. Jestem ksi\u0119dzem, kt\u00f3ry po prostu chce rozmawia\u0107. Codzienna kap\u0142a\u0144ska pos\u0142uga pokazuje mi, \u017ce temat\u00f3w do rozm\u00f3w z ksi\u0119dzem jest coraz wi\u0119cej i dzisiaj \u017caden ksi\u0105dz nie mo\u017ce od nich ucieka\u0107, ale - wprost przeciwnie - podejmowa\u0107 nowe wyzwania. To przekonanie sk\u0142oni\u0142o mnie do pr\u00f3by otwarcia tego\u017c bloga, chocia\u017c okazji do rozm\u00f3w na co dzie\u0144 - w konfesjonale i poza nim - na szcz\u0119\u015bcie nie brakuje. My\u015bl\u0119 jednak, \u017ce ten blog b\u0119dzie jeszcze jednym sposobem i przestrzeni\u0105 nawi\u0105zania kontaktu z lud\u017ami dobrej woli, otwartymi na dialog.","url":"https:\/\/gaudiumetspes-blog.pl\/index.php\/author\/ks-jacek\/"}]}},"jetpack_featured_media_url":"","jetpack_sharing_enabled":true,"_links":{"self":[{"href":"https:\/\/gaudiumetspes-blog.pl\/index.php\/wp-json\/wp\/v2\/posts\/16257","targetHints":{"allow":["GET"]}}],"collection":[{"href":"https:\/\/gaudiumetspes-blog.pl\/index.php\/wp-json\/wp\/v2\/posts"}],"about":[{"href":"https:\/\/gaudiumetspes-blog.pl\/index.php\/wp-json\/wp\/v2\/types\/post"}],"author":[{"embeddable":true,"href":"https:\/\/gaudiumetspes-blog.pl\/index.php\/wp-json\/wp\/v2\/users\/1"}],"replies":[{"embeddable":true,"href":"https:\/\/gaudiumetspes-blog.pl\/index.php\/wp-json\/wp\/v2\/comments?post=16257"}],"version-history":[{"count":7,"href":"https:\/\/gaudiumetspes-blog.pl\/index.php\/wp-json\/wp\/v2\/posts\/16257\/revisions"}],"predecessor-version":[{"id":16259,"href":"https:\/\/gaudiumetspes-blog.pl\/index.php\/wp-json\/wp\/v2\/posts\/16257\/revisions\/16259"}],"wp:attachment":[{"href":"https:\/\/gaudiumetspes-blog.pl\/index.php\/wp-json\/wp\/v2\/media?parent=16257"}],"wp:term":[{"taxonomy":"category","embeddable":true,"href":"https:\/\/gaudiumetspes-blog.pl\/index.php\/wp-json\/wp\/v2\/categories?post=16257"},{"taxonomy":"post_tag","embeddable":true,"href":"https:\/\/gaudiumetspes-blog.pl\/index.php\/wp-json\/wp\/v2\/tags?post=16257"}],"curies":[{"name":"wp","href":"https:\/\/api.w.org\/{rel}","templated":true}]}}