{"id":16292,"date":"2019-12-07T05:27:37","date_gmt":"2019-12-07T04:27:37","guid":{"rendered":"https:\/\/gaudiumetspes-blog.pl\/?p=16292"},"modified":"2019-12-07T00:46:37","modified_gmt":"2019-12-06T23:46:37","slug":"bog-daje-duzo-czy-malo","status":"publish","type":"post","link":"https:\/\/gaudiumetspes-blog.pl\/index.php\/2019\/12\/07\/bog-daje-duzo-czy-malo\/","title":{"rendered":"B\u00f3g daje du\u017co, czy ma\u0142o?&#8230;"},"content":{"rendered":"<p align=\"justify\"><span style=\"color: #000000;\"><span style=\"font-family: Book Antiqua, serif;\"><span style=\"font-size: large;\">Szcz\u0119\u015b\u0107 Bo\u017ce! Moi Drodzy, <b>w dniu wczorajszym imieniny prze\u017cywa\u0142 Miko\u0142aj Czernecki, m\u00f3j by\u0142y Ucze\u0144 w Technikum w Radory\u017cu Smolanym.<\/b><\/span><\/span><\/span><\/p>\n<p align=\"justify\"><span style=\"color: #000000;\"><span style=\"font-family: Book Antiqua, serif;\"><span style=\"font-size: large;\"><b>Urodziny natomiast prze\u017cywa\u0142 Ksi\u0105dz Adam Potapczuk, m\u00f3j Poprzednik na wikariacie w Miastkowie Ko\u015bcielnym.<\/b><\/span><\/span><\/span><\/p>\n<p align=\"justify\"><span style=\"color: #000000;\"><span style=\"font-family: Book Antiqua, serif;\"><span style=\"font-size: large;\"><b>Urodziny tak\u017ce prze\u017cywali: Hubert Maksymiuk oraz Joanna Zawadka \u2013 oboje nale\u017c\u0105cy w swoim czasie do m\u0142odzie\u017cowych Wsp\u00f3lnot.<\/b><\/span><\/span><\/span><\/p>\n<p align=\"justify\"><span style=\"color: #000000;\"><span style=\"font-family: Book Antiqua, serif;\"><span style=\"font-size: large;\"><b>Dzisiaj za\u015b imieniny prze\u017cywa Ojciec Ambro\u017cy Skorupa, salwatorianin, w swoim czasie \u2013 m\u00f3j Kolega i Wsp\u00f3\u0142pracownik w Katedrze Prawa Sakrament\u00f3w \u015awi\u0119tych i Prawa Zakonnego na Katolickim Uniwersytecie Lubelskim.<\/b><\/span><\/span><\/span><\/p>\n<p align=\"justify\"><span style=\"color: #000000;\"><span style=\"font-family: Book Antiqua, serif;\"><span style=\"font-size: large;\"><b>Wszystkim \u015bwi\u0119tuj\u0105cym \u017cycz\u0119, aby byli dobrymi i ofiarnymi Wsp\u00f3\u0142pracownikami Pana w rozdzielaniu ludziom Bo\u017cych dar\u00f3w. Wi\u0119cej o tym w rozwa\u017caniu. Zapewniam o modlitwie!<\/b><\/span><\/span><\/span><\/p>\n<p align=\"justify\"><span style=\"color: #000000;\"><span style=\"font-family: Book Antiqua, serif;\"><span style=\"font-size: large;\">Bardzo serdecznie dzi\u0119kujemy Ksi\u0119dzu Markowi za wczorajsze s\u0142\u00f3wko z Syberii! Dzi\u0119ki za s\u0142owo o \u00abowym dniu\u00bb, ale i za s\u0142\u00f3wko na drabinie, i za s\u0142\u00f3wko w czarnych okularach\u2026 I wreszcie \u2013 za propagowanie muzyki organowej, kt\u00f3ra staje si\u0119 dla wielu drog\u0105 do ko\u015bcio\u0142a. Na razie, do tego pisanego przez ma\u0142e \u201ek\u201d, ale mo\u017ce \u2013 dzi\u0119ki \u0142asce Bo\u017cej \u2013 tak\u017ce do tego, pisanego przez wielkie \u201eK\u201d. O to si\u0119 modlimy.<\/span><\/span><\/span><\/p>\n<p align=\"justify\"><span style=\"color: #000000;\"><span style=\"font-family: Book Antiqua, serif;\"><span style=\"font-size: large;\">Tak\u017ce dzisiaj, w pierwsz\u0105 sobot\u0119 miesi\u0105ca, na Roratach, kt\u00f3re w tylu naszych Parafiach s\u0105 odprawiane. Zach\u0119cam do udzia\u0142u!<\/span><\/span><\/span><\/p>\n<p align=\"center\"><span style=\"color: #000000;\"><span style=\"font-family: Book Antiqua, serif;\"><span style=\"font-size: large;\">Gaudium et spes! Ks. Jacek<\/span><\/span><\/span><\/p>\n<p align=\"center\">\n<p align=\"center\">\n<p align=\"center\">\n<p align=\"center\">\n<p align=\"center\">\n<p align=\"justify\"><span style=\"color: #000000;\"><span style=\"font-family: Book Antiqua, serif;\"><span style=\"font-size: large;\"><b>Sobota 1 Tygodnia Adwentu,<\/b><\/span><\/span><\/span><\/p>\n<p align=\"justify\"><span style=\"color: #000000;\"><span style=\"font-family: Book Antiqua, serif;\"><span style=\"font-size: large;\"><b>Wspomnienie \u015aw. Ambro\u017cego, Biskupa i Doktora Ko\u015bcio\u0142a,<\/b><\/span><\/span><\/span><\/p>\n<p align=\"justify\"><span style=\"color: #000000;\"><span style=\"font-family: Book Antiqua, serif;\"><span style=\"font-size: large;\"><b>do czyta\u0144: Iz 30,19\u201321.23\u201326; Mt 9,35\u201310.1.5.6\u20138<\/b><\/span><\/span><\/span><\/p>\n<p align=\"justify\">\n<p align=\"justify\">\n<p align=\"justify\">\n<p align=\"justify\">\n<p align=\"justify\">\n<p align=\"justify\"><span style=\"color: #000000;\"><span style=\"font-family: Book Antiqua, serif;\"><span style=\"font-size: large;\"><b>CZYTANIE Z KSI\u0118GI PROROKA IZAJASZA:<\/b><\/span><\/span><\/span><\/p>\n<p align=\"justify\"><span style=\"color: #000000;\"><span style=\"font-family: Book Antiqua, serif;\"><span style=\"font-size: large;\"><b>To m\u00f3wi Pan B\u00f3g, \u015awi\u0119ty Izraela: Zaiste, o ludu, kt\u00f3ry zamieszkujesz Syjon w Jerozolimie, nie b\u0119dziesz gorzko p\u0142aka\u0142. Rych\u0142o B\u00f3g oka\u017ce ci \u0142ask\u0119 na g\u0142os twojej pro\u015bby. Ledwie us\u0142yszy, odpowie ci.<\/b><\/span><\/span><\/span><\/p>\n<p align=\"justify\"><span style=\"color: #000000;\"><span style=\"font-family: Book Antiqua, serif;\"><span style=\"font-size: large;\"><b>Cho\u0107by ci da\u0142 Pan chleb ucisku i wod\u0119 utrapienia, tw\u00f3j Nauczyciel ju\u017c nie odst\u0105pi, ale oczy twoje patrze\u0107 b\u0119d\u0105 na twego Mistrza. Twoje uszy us\u0142ysz\u0105 s\u0142owa rozlegaj\u0105ce si\u0119 za tob\u0105: \u201eTo jest droga, id\u017acie ni\u0105!\u201d, gdyby\u015b zboczy\u0142 na prawo lub na lewo.<\/b><\/span><\/span><\/span><\/p>\n<p align=\"justify\"><span style=\"color: #000000;\"><span style=\"font-family: Book Antiqua, serif;\"><span style=\"font-size: large;\"><b>On u\u017cyczy deszczu na twoje zbo\u017ce, kt\u00f3rym obsiejesz rol\u0119, a chleb z urodzaj\u00f3w gleby b\u0119dzie soczysty i po\u017cywny. Twoja trzoda b\u0119dzie si\u0119 pas\u0142a w owym czasie na rozleg\u0142ych \u0142\u0105kach. Wo\u0142y i os\u0142y obrabiaj\u0105ce rol\u0119 \u017cre\u0107 b\u0119d\u0105 pasz\u0119 dobrze przyprawion\u0105, kt\u00f3ra zosta\u0142a przewiana opa\u0142k\u0105 i siedlaczk\u0105.<\/b><\/span><\/span><\/span><\/p>\n<p align=\"justify\"><span style=\"color: #000000;\"><span style=\"font-family: Book Antiqua, serif;\"><span style=\"font-size: large;\"><b>Przyjdzie do tego, i\u017c po wszystkich wysokich g\u00f3rach i po wszystkich wzniesionych pag\u00f3rkach znajd\u0105 si\u0119 strumienie p\u0142yn\u0105cych w\u00f3d na czas wielkiej rzezi, gdy upadn\u0105 warownie. W\u00f3wczas \u015bwiat\u0142o ksi\u0119\u017cyca b\u0119dzie jak \u015bwiat\u0142o s\u0142oneczne, a \u015bwiat\u0142o s\u0142o\u0144ca stanie si\u0119 siedmiokrotne, jakby \u015bwiat\u0142o siedmiu dni, w dniu, gdy Pan opatrzy rany swego ludu i uleczy jego si\u0144ce po razach.<\/b><\/span><\/span><\/span><\/p>\n<p align=\"justify\">\n<p align=\"justify\">\n<p align=\"justify\">\n<p align=\"justify\">\n<p align=\"justify\">\n<p align=\"justify\"><span style=\"color: #000000;\"><span style=\"font-family: Book Antiqua, serif;\"><span style=\"font-size: large;\"><b>S\u0141OWA EWANGELII WED\u0141UG \u015aWI\u0118TEGO MATEUSZA:<\/b><\/span><\/span><\/span><\/p>\n<p align=\"justify\"><span style=\"color: #000000;\"><span style=\"font-family: Book Antiqua, serif;\"><span style=\"font-size: large;\"><b>Jezus obchodzi\u0142 wszystkie miasta i wioski. Naucza\u0142 w tamtejszych synagogach, g\u0142osi\u0142 Ewangeli\u0119 kr\u00f3lestwa i leczy\u0142 wszystkie choroby i wszystkie s\u0142abo\u015bci.<\/b><\/span><\/span><\/span><\/p>\n<p align=\"justify\"><span style=\"color: #000000;\"><span style=\"font-family: Book Antiqua, serif;\"><span style=\"font-size: large;\"><b>A widz\u0105c t\u0142umy ludzi, litowa\u0142 si\u0119 nad nimi, bo byli zn\u0119kani i porzuceni, jak owce nie maj\u0105ce pasterza. Wtedy rzek\u0142 do swych uczni\u00f3w: \u201e\u017bniwo wprawdzie wielkie, ale robotnik\u00f3w ma\u0142o. Pro\u015bcie wi\u0119c Pana \u017cniwa, \u017ceby wyprawi\u0142 robotnik\u00f3w na swoje \u017cniwo\u201d.<\/b><\/span><\/span><\/span><\/p>\n<p align=\"justify\"><span style=\"color: #000000;\"><span style=\"font-family: Book Antiqua, serif;\"><span style=\"font-size: large;\"><b>Wtedy przywo\u0142a\u0142 do siebie dwunastu swoich uczni\u00f3w i udzieli\u0142 im w\u0142adzy nad duchami nieczystymi, aby je wyp\u0119dzali i leczyli wszystkie choroby i wszelkie s\u0142abo\u015bci.<\/b><\/span><\/span><\/span><\/p>\n<p align=\"justify\"><span style=\"color: #000000;\"><span style=\"font-family: Book Antiqua, serif;\"><span style=\"font-size: large;\"><b>Tych to Dwunastu wys\u0142a\u0142 Jezus, daj\u0105c im nast\u0119puj\u0105ce wskazania: \u201eId\u017acie do owiec, kt\u00f3re pogin\u0119\u0142y z domu Izraela. Id\u017acie i g\u0142o\u015bcie: Bliskie ju\u017c jest Kr\u00f3lestwo niebieskie. Uzdrawiajcie chorych, wskrzeszajcie umar\u0142ych, oczyszczajcie tr\u0119dowatych, wyp\u0119dzajcie z\u0142e duchy. Darmo otrzymali\u015bcie, darmo dawajcie\u201d.<\/b><\/span><\/span><\/span><\/p>\n<p align=\"justify\">\n<p align=\"justify\">\n<p align=\"justify\">\n<p align=\"justify\">\n<p align=\"justify\">\n<p align=\"justify\"><span style=\"color: #000000;\"><span style=\"font-size: large;\"><span style=\"font-family: Book Antiqua, serif;\">Prorocy cz\u0119sto \u2013 dla zobrazowania nieograniczonego szcz\u0119\u015bcia, jakie stanie si\u0119 udzia\u0142em ludzi zbawionych w wieczno\u015bci \u2013 pos\u0142ugiwali si\u0119 <\/span><span style=\"font-family: Book Antiqua, serif;\"><b>obrazem wielkiej obfito\u015bci wszelkich d\u00f3br.<\/b><\/span><span style=\"font-family: Book Antiqua, serif;\"> Tak te\u017c jest i dzisiaj. Zapewne zwr\u00f3cili\u015bmy na to uwag\u0119, s\u0142uchaj\u0105c uwa\u017cnie pierwszego czytania. Odnosi si\u0119 wra\u017cenie, \u017ce jest tam ukazany po prostu <\/span><span style=\"font-family: Book Antiqua, serif;\"><b>bezmiar<\/b><\/span><span style=\"font-family: Book Antiqua, serif;\"> wszelkiego rodzaju <\/span><span style=\"font-family: Book Antiqua, serif;\">bogactw!<\/span><\/span><\/span><\/p>\n<p align=\"justify\"><span style=\"color: #000000;\"><span style=\"font-size: large;\"><span style=\"font-family: Book Antiqua, serif;\">Zreszt\u0105, przywo\u0142ajmy raz jeszcze te obrazy: <\/span><span style=\"font-family: Book Antiqua, serif;\"><i><b>On <\/b><\/i><\/span><span style=\"font-family: Book Antiqua, serif;\"><i><b>u\u017cyczy<\/b><\/i><\/span><span style=\"font-family: Book Antiqua, serif;\"><i><b> deszcz<\/b><\/i><\/span><span style=\"font-family: Book Antiqua, serif;\"><i><b>u<\/b><\/i><\/span><span style=\"font-family: Book Antiqua, serif;\"><i><b> na <\/b><\/i><\/span><span style=\"font-family: Book Antiqua, serif;\"><i><b>twoje <\/b><\/i><\/span><span style=\"font-family: Book Antiqua, serif;\"><i><b>zbo\u017ce, kt\u00f3rym obsiejesz rol\u0119, a <\/b><\/i><\/span><span style=\"font-family: Book Antiqua, serif;\"><i><b>chleb<\/b><\/i><\/span><span style=\"font-family: Book Antiqua, serif;\"><i><b> z <\/b><\/i><\/span><span style=\"font-family: Book Antiqua, serif;\"><i><b>urodzaj\u00f3w gleby<\/b><\/i><\/span><span style=\"font-family: Book Antiqua, serif;\"><i><b> b\u0119dzie soczysty i po\u017cywny. Twoj<\/b><\/i><\/span><span style=\"font-family: Book Antiqua, serif;\"><i><b>a<\/b><\/i><\/span><span style=\"font-family: Book Antiqua, serif;\"><i><b> trzod<\/b><\/i><\/span><span style=\"font-family: Book Antiqua, serif;\"><i><b>a<\/b><\/i><\/span><span style=\"font-family: Book Antiqua, serif;\"><i><b> b\u0119d<\/b><\/i><\/span><span style=\"font-family: Book Antiqua, serif;\"><i><b>zie<\/b><\/i><\/span><span style=\"font-family: Book Antiqua, serif;\"><i><b> si\u0119 pas\u0142<\/b><\/i><\/span><span style=\"font-family: Book Antiqua, serif;\"><i><b>a<\/b><\/i><\/span><span style=\"font-family: Book Antiqua, serif;\"><i><b> w owym <\/b><\/i><\/span><span style=\"font-family: Book Antiqua, serif;\"><i><b>czasie<\/b><\/i><\/span><span style=\"font-family: Book Antiqua, serif;\"><i><b> na rozleg\u0142ych \u0142\u0105kach. Wo\u0142y i os\u0142y obrabiaj\u0105ce rol\u0119 \u017cre\u0107 b\u0119d\u0105 pasz\u0119 dobrze przyprawion\u0105, kt\u00f3ra zosta\u0142a przewiana <\/b><\/i><\/span><span style=\"font-family: Book Antiqua, serif;\"><i><b>opa\u0142k\u0105 i siedlaczk\u0105.<\/b><\/i><\/span><i> <\/i><\/span><\/span><\/p>\n<p align=\"justify\"><span style=\"color: #000000;\"><span style=\"font-size: large;\"><span style=\"font-family: Book Antiqua, serif;\">I tylko na marginesie mo\u017cna doda\u0107, \u017ce <\/span><span style=\"font-family: Book Antiqua, serif;\"><b>\u00ab<\/b><\/span><span style=\"font-family: Book Antiqua, serif;\"><b>opa\u0142ka i siedlaczka<\/b><\/span><span style=\"font-family: Book Antiqua, serif;\"><b>\u00bb<\/b><\/span><span style=\"font-family: Book Antiqua, serif;\"> to \u00f3wczesne narz\u0119dzia do przesiewania zbo\u017ca, st\u0105d zdanie: <\/span><span style=\"font-family: Book Antiqua, serif;\"><i><b>Wo\u0142y i os\u0142y obrabiaj\u0105ce rol\u0119 \u017cre\u0107 b\u0119d\u0105 pasz\u0119 dobrze przyprawion\u0105, kt\u00f3ra zosta\u0142a przewiana <\/b><\/i><\/span><span style=\"font-family: Book Antiqua, serif;\"><i><b>opa\u0142k\u0105 i siedlaczk\u0105,<\/b><\/i><\/span> <span style=\"font-family: Book Antiqua, serif;\">zosta\u0142o<\/span><span style=\"font-family: Book Antiqua, serif;\"> w innym t\u0142umaczeniu wyra\u017cone s\u0142owami: <\/span><span style=\"font-family: Book Antiqua, serif;\"><i><b>Byd\u0142o i owce uprawiaj\u0105ce rol\u0119 b\u0119d\u0105 si\u0119 karmi\u0107 mieszank\u0105 zbo\u017cow\u0105, przewian\u0105 wid\u0142ami i szufl\u0105,<\/b><\/i><\/span><span style=\"font-family: Book Antiqua, serif;\"> a z kolei w nowszej wersji <\/span><span style=\"font-family: Book Antiqua, serif;\">L<\/span><span style=\"font-family: Book Antiqua, serif;\">ekcjonarza mszalnego <\/span><span style=\"font-family: Book Antiqua, serif;\">przeczytamy<\/span><span style=\"font-family: Book Antiqua, serif;\">: <\/span><span style=\"font-family: Book Antiqua, serif;\"><i><b>Wo\u0142y i os\u0142y obrabiaj\u0105ce rol\u0119 \u017cre\u0107 b\u0119d\u0105 pasz\u0119 dobrze przyprawion\u0105, kt\u00f3ra zosta\u0142a starannie przewiana.<\/b><\/i><\/span> <\/span><\/span><\/p>\n<p align=\"justify\"><span style=\"color: #000000;\"><span style=\"font-size: large;\"><span style=\"font-family: Book Antiqua, serif;\">Oczywi\u015bcie, akurat kwestia sprz\u0119tu, u\u017cytego do przewiania zbo\u017ca, nie jest tu spraw\u0105 kluczow\u0105, natomiast z ca\u0142\u0105 pewno\u015bci\u0105 wszystko, o czym tu sobie m\u00f3wimy i co odczytujemy, pokazuje nam \u2013 wspomnian\u0105 ju\u017c wcze\u015bniej \u2013 niezwyk\u0142\u0105 <\/span><span style=\"font-family: Book Antiqua, serif;\"><b>obfito\u015b\u0107 wszelkich Bo\u017cych dar\u00f3w. <\/b><\/span><span style=\"font-family: Book Antiqua, serif;\">Ale te\u017c pokazuje ich <\/span><span style=\"font-family: Book Antiqua, serif;\"><b>najwy\u017csz\u0105 jako\u015b\u0107<\/b><\/span><span style=\"font-family: Book Antiqua, serif;\"> \u2013 B\u00f3g nie daje cz\u0142owiekowi byle czego, nie daje niczego, co dzisiejszym j\u0119zykiem okre\u015bliliby\u015bmy jako <\/span><span style=\"font-family: Book Antiqua, serif;\"><b>wybrakowane czy przeterminowane.<\/b><\/span><span style=\"font-family: Book Antiqua, serif;\"> B\u00f3g daje nam rzeczy najlepsze i najwspanialsze!<\/span><\/span><\/span><\/p>\n<p align=\"justify\"><span style=\"color: #000000;\"><span style=\"font-size: large;\"><span style=\"font-family: Book Antiqua, serif;\">Zreszt\u0105, k<\/span><span style=\"font-family: Book Antiqua, serif;\">olejne zdania Izajaszowego Proroctwa tak\u017ce to zapowiadaj\u0105. S\u0142yszymy: <\/span><span style=\"font-family: Book Antiqua, serif;\"><i><b>Przy<\/b><\/i><\/span><span style=\"font-family: Book Antiqua, serif;\"><i><b>jdzie do tego, <\/b><\/i><\/span><span style=\"font-family: Book Antiqua, serif;\"><i><b>i<\/b><\/i><\/span><span style=\"font-family: Book Antiqua, serif;\"><i><b>\u017c <\/b><\/i><\/span><span style=\"font-family: Book Antiqua, serif;\"><i><b>po wszystkich wysokich g\u00f3rach i po wszystkich wzniesionych pag\u00f3rkach znajd\u0105 si\u0119 <\/b><\/i><\/span><span style=\"font-family: Book Antiqua, serif;\"><i><b>strumienie p\u0142yn\u0105cych w\u00f3d na czas wielkiej rzezi, gdy <\/b><\/i><\/span><span style=\"font-family: Book Antiqua, serif;\"><i><b>u<\/b><\/i><\/span><span style=\"font-family: Book Antiqua, serif;\"><i><b>padn\u0105 warownie. W\u00f3wczas \u015bwiat\u0142o ksi\u0119\u017cyca b\u0119dzie jak \u015bwiat\u0142o s\u0142oneczne, a \u015bwiat\u0142o s\u0142o\u0144ca<\/b><\/i><\/span><b> <\/b><span style=\"font-family: Book Antiqua, serif;\"><i><b>stanie si\u0119 <\/b><\/i><\/span><span style=\"font-family: Book Antiqua, serif;\"><i><b>siedmiokrotne, jakby \u015bwiat\u0142o siedmiu dni, w dniu, gdy Pan opatrzy rany swego ludu i uleczy jego si\u0144ce po razach.<\/b><\/i><\/span> <\/span><\/span><\/p>\n<p align=\"justify\"><span style=\"color: #000000;\"><span style=\"font-size: large;\"><span style=\"font-family: Book Antiqua, serif;\">Zatem, wielkie bogactwo wszelkiego dobra, urodzaju, <\/span><span style=\"font-family: Book Antiqua, serif;\">zdrowia, <\/span><span style=\"font-family: Book Antiqua, serif;\">a do tego jeszcze \u2013 <\/span><span style=\"font-family: Book Antiqua, serif;\"><b>\u015bwiat\u0142a.<\/b><\/span><span style=\"font-family: Book Antiqua, serif;\"> Skoro ksi\u0119\u017cyc, \u015bwiec\u0105cy \u2013 jak wiemy \u2013 \u015bwiat\u0142em odbitym od s\u0142o\u0144ca, ma \u015bwieci\u0107 <\/span><span style=\"font-family: Book Antiqua, serif;\"><b>tak jasno, jak samo s\u0142o\u0144ce, <\/b><\/span><span style=\"font-family: Book Antiqua, serif;\">a z kolei s\u0142o\u0144ce ma \u015bwieci\u0107 siedmiokrotnie, co Autor biblijny ujmuje ciekawym stwierdzeniem: <\/span><span style=\"font-family: Book Antiqua, serif;\"><i><b>jakby \u015bwiat\u0142o siedmiu dni,<\/b><\/i><\/span><b> <\/b><span style=\"font-family: Book Antiqua, serif;\">to znaczy, \u017ce od tej ca\u0142ej obfito\u015bci <\/span><span style=\"font-family: Book Antiqua, serif;\"><b>wr\u0119cz si\u0119 tu <\/b><\/span><span style=\"font-family: Book Antiqua, serif;\"><b>przelewa! <\/b><\/span><\/span><\/span><\/p>\n<p align=\"justify\"><span style=\"color: #000000;\"><span style=\"font-size: large;\"><span style=\"font-family: Book Antiqua, serif;\">Ca\u0142e to bogactwo <\/span><span style=\"font-family: Book Antiqua, serif;\">po prostu<\/span> <span style=\"font-family: Book Antiqua, serif;\"><b>bije po oczach,<\/b><\/span><span style=\"font-family: Book Antiqua, serif;\"> ono jest nie do ogarni\u0119cia, nie do przeliczenia, a chyba nawet nie do obejrzenia, bo blask \u015bwiat\u0142a jest tak pot\u0119\u017cny, \u017ce <\/span><span style=\"font-family: Book Antiqua, serif;\"><b>mo\u017ce <\/b><\/span><span style=\"font-family: Book Antiqua, serif;\"><b>wprost<\/b><\/span><span style=\"font-family: Book Antiqua, serif;\"><b> cz\u0142owieka o\u015blepia\u0107!<\/b><\/span><span style=\"font-family: Book Antiqua, serif;\"> Chocia\u017c akurat B\u00f3g nikogo nie chce o\u015blepia\u0107 \u2013 <\/span><span style=\"font-family: Book Antiqua, serif;\">On chce<\/span> <span style=\"font-family: Book Antiqua, serif;\">tym swoim blaskiem<\/span> <span style=\"font-family: Book Antiqua, serif;\"><b>zachwyci\u0107, ol\u015bni\u0107!<\/b><\/span><span style=\"font-family: Book Antiqua, serif;\"> Tak, B\u00f3g chce cz\u0142owieka ol\u015bni\u0107 <\/span><span style=\"font-family: Book Antiqua, serif;\"><b>blaskiem swojej chwa\u0142y i bogactwem dar\u00f3w,<\/b><\/span><span style=\"font-family: Book Antiqua, serif;\"> kt\u00f3re w szcz\u0119\u015bliwej wieczno\u015bci stan\u0105 si\u0119 udzia\u0142em zbawionych. Tam, po prostu, cz\u0142owiekowi niczego nie b\u0119dzie brakowa\u0142o!<\/span><\/span><\/span><\/p>\n<p align=\"justify\"><span style=\"color: #000000;\"><span style=\"font-size: large;\"><span style=\"font-family: Book Antiqua, serif;\">Z<\/span><span style=\"font-family: Book Antiqua, serif;\">apowiedzi\u0105 takiego stanu rzeczy w wieczno\u015bci by\u0142a obfito\u015b\u0107 dar\u00f3w,<\/span><span style=\"font-family: Book Antiqua, serif;\"><b> jakich Jezus udziela\u0142 ludziom<\/b><\/span><span style=\"font-family: Book Antiqua, serif;\"> w czasie swojej ziemskiej dzia\u0142alno\u015bci. S\u0142yszeli\u015bmy dzisiaj w Ewangelii, \u017ce <\/span><span style=\"font-family: Book Antiqua, serif;\"><i><b>Jezus obchodzi\u0142 wszystkie miasta i wioski. Naucza\u0142 w tamtejszych synagogach, g\u0142osi\u0142 Ewangeli\u0119 kr\u00f3lestw<\/b><\/i><\/span><span style=\"font-family: Book Antiqua, serif;\"><i><b>a<\/b><\/i><\/span><span style=\"font-family: Book Antiqua, serif;\"><i><b> i leczy\u0142 wszystkie choroby i wszystkie s\u0142abo\u015bci. A widz\u0105c t\u0142umy ludzi, litowa\u0142 si\u0119 nad nimi, bo byli zn\u0119kani i porzuceni, jak owce nie maj\u0105ce pasterza.<\/b><\/i><\/span> <\/span><\/span><\/p>\n<p align=\"justify\"><span style=\"color: #000000;\"><span style=\"font-size: large;\"><span style=\"font-family: Book Antiqua, serif;\">Jednak wspania\u0142omy\u015blno\u015b\u0107 Jezusa by\u0142a tak wielka, \u017ce nie chcia\u0142 \u2013 i nadal nie chce \u2013 aby udzielanie <\/span><span style=\"font-family: Book Antiqua, serif;\">ow<\/span><span style=\"font-family: Book Antiqua, serif;\">ych dar\u00f3w <\/span><span style=\"font-family: Book Antiqua, serif;\"><b>kiedykolwiek si\u0119 zako\u0144czy\u0142o. <\/b><\/span><span style=\"font-family: Book Antiqua, serif;\">To nie by\u0142o tak, \u017ce Jezus w czasie swojej ziemskiej dzia\u0142alno\u015bci da\u0142, co mia\u0142 da\u0107: tylu uzdrowi\u0142, ilu uzdrowi\u0142, ilu\u015b tam nakarmi\u0142, niekt\u00f3rych wskrzesi\u0142, innych jeszcze podtrzyma\u0142 na duchu, ale po tym wszystkim <\/span><span style=\"font-family: Book Antiqua, serif;\"><b>odszed\u0142 do Nieba \u2013 i na tym koniec.<\/b><\/span><span style=\"font-family: Book Antiqua, serif;\"> M\u00f3wi\u0105c kolokwialnie: to by by\u0142o na tyle. <\/span><span style=\"font-family: Book Antiqua, serif;\"><b>Nie! Jezus tak nie chcia\u0142.<\/b><\/span> <\/span><\/span><\/p>\n<p align=\"justify\"><span style=\"color: #000000;\"><span style=\"font-size: large;\"><span style=\"font-family: Book Antiqua, serif;\">On chcia\u0142, aby Jego dary nadal by\u0142y rozdzielane przez tych, kt\u00f3rzy czyni\u0107 to b\u0119d\u0105 w Jego imi\u0119. Dlatego powiedzia\u0142: <\/span><span style=\"font-family: Book Antiqua, serif;\"><i><b>\u017bniwo wprawdzie wielkie, ale robotnik\u00f3w ma\u0142o. Pro\u015bcie <\/b><\/i><\/span><span style=\"font-family: Book Antiqua, serif;\"><i><b>wi\u0119c <\/b><\/i><\/span><span style=\"font-family: Book Antiqua, serif;\"><i><b>Pana \u017cniwa, \u017ceby wyprawi\u0142 robotnik\u00f3w na swoje \u017cniwo.<\/b><\/i><\/span><b> <\/b><span style=\"font-family: Book Antiqua, serif;\">A nast\u0119pnie <\/span><span style=\"font-family: Book Antiqua, serif;\"><i><b>przywo\u0142a\u0142 do siebie dwunastu swoich uczni\u00f3w i udzieli\u0142<\/b><\/i><\/span><b> <\/b><span style=\"font-family: Book Antiqua, serif;\"><i><b>im w\u0142adzy nad duchami nieczystymi, aby je wyp\u0119dzali i leczyli<\/b><\/i><\/span><b> <\/b><span style=\"font-family: Book Antiqua, serif;\"><i><b>wszystkie choroby i wszelkie s\u0142abo\u015bci.<\/b><\/i><\/span><b> <\/b><span style=\"font-family: Book Antiqua, serif;\">Po czym im poleci\u0142: <\/span><span style=\"font-family: Book Antiqua, serif;\"><i><b>Id\u017acie do owiec, kt\u00f3re pogin\u0119\u0142y z domu Izraela. Id\u017acie i g\u0142o\u015bcie: Bliskie ju\u017c jest <\/b><\/i><\/span><span style=\"font-family: Book Antiqua, serif;\"><i><b>K<\/b><\/i><\/span><span style=\"font-family: Book Antiqua, serif;\"><i><b>r\u00f3lestwo niebieskie. Uzdrawiajcie chorych, wskrzeszajcie umar\u0142ych, oczyszczajcie tr\u0119dowatych, wyp\u0119dzajcie z\u0142e duchy. Darmo otrzymali\u015bcie, darmo dawajcie.<\/b><\/i><\/span><b> <\/b><\/span><\/span><\/p>\n<p align=\"justify\"><span style=\"color: #000000;\"><span style=\"font-size: large;\"><span style=\"font-family: Book Antiqua, serif;\">Widzimy wi\u0119c, \u017ce i oni mieli <\/span><span style=\"font-family: Book Antiqua, serif;\"><b>dawa\u0107 dary dobre <\/b><\/span><span style=\"font-family: Book Antiqua, serif;\">i mieli <\/span><span style=\"font-family: Book Antiqua, serif;\"><b>dawa\u0107 obficie.<\/b><\/span><span style=\"font-family: Book Antiqua, serif;\"> Skoro do ich zada\u0144 nale\u017ca\u0142o nawet wskrzeszanie umar\u0142ych \u2013 to czy mo\u017cna <\/span><span style=\"font-family: Book Antiqua, serif;\">w og\u00f3le <\/span><span style=\"font-family: Book Antiqua, serif;\">da\u0107 wi\u0119cej?\u2026 <\/span><\/span><\/span><\/p>\n<p align=\"justify\"><span style=\"color: #000000;\"><span style=\"font-size: large;\"><span style=\"font-family: Book Antiqua, serif;\">To wszystko dokonuje si\u0119 w Ko\u015bciele Chrystusowym. Owszem, mo\u017ce na naszych oczach <\/span><span style=\"font-family: Book Antiqua, serif;\"><b>umarli nie s\u0105 wskrzeszani,<\/b><\/span><span style=\"font-family: Book Antiqua, serif;\"> chocia\u017c w \u017cyciorysach niekt\u00f3rych \u015awi\u0119tych i takie wypadki si\u0119 zdarza\u0142y. <\/span><span style=\"font-family: Book Antiqua, serif;\">Cudowne uzdrowienia fizyczne zdarzaj\u0105 si\u0119 cz\u0119\u015bciej, ale i one nie s\u0105 tu najwa\u017cniejsze. <\/span><span style=\"font-family: Book Antiqua, serif;\">Du\u017co<\/span><span style=\"font-family: Book Antiqua, serif;\"> wa\u017cniejsze jest bowiem <\/span><span style=\"font-family: Book Antiqua, serif;\"><b>wskrzeszanie ze \u015bmierci grzechu<\/b><\/span><span style=\"font-family: Book Antiqua, serif;\"> i z uzdrawianie <\/span><span style=\"font-family: Book Antiqua, serif;\"><b>z duchowych chor\u00f3b.<\/b><\/span><span style=\"font-family: Book Antiqua, serif;\"> A to dokonuje si\u0119 na bie\u017c\u0105co. I mo\u017ce dost\u0105pi\u0107 tego ka\u017cdy, kto tylko zapragnie. <\/span><\/span><\/span><\/p>\n<p align=\"justify\"><span style=\"color: #000000;\"><span style=\"font-size: large;\"><span style=\"font-family: Book Antiqua, serif;\">Wiele te\u017c innych duchowych dar\u00f3w, spo\u015br\u00f3d kt\u00f3rych na pierwszym miejscu trzeba nam wymieni\u0107 <\/span><span style=\"font-family: Book Antiqua, serif;\"><b>Bo\u017ce s\u0142owo i Sakramenty<\/b><\/span><span style=\"font-family: Book Antiqua, serif;\"> \u2013 jest nam udzielanych. B\u00f3g <\/span><span style=\"font-family: Book Antiqua, serif;\">chce im nam ci\u0105gle udziela\u0107. Z tym naprawd\u0119 nie ma problemu \u2013 <\/span><span style=\"font-family: Book Antiqua, serif;\"><b>B\u00f3g nigdy nie zniech\u0119ci si\u0119<\/b><\/span><span style=\"font-family: Book Antiqua, serif;\"> w obdarowywaniu cz\u0142owieka. <\/span><\/span><\/span><\/p>\n<p align=\"justify\"><span style=\"color: #000000;\"><span style=\"font-size: large;\"><span style=\"font-family: Book Antiqua, serif;\">Je\u017celi jest w tym procesie jaki\u015b problem, to tylko po stronie cz\u0142owieka: <\/span><span style=\"font-family: Book Antiqua, serif;\"><b>czy zechce przyj\u0105\u0107 Bo\u017ce dary i czy zechce pom\u00f3c Bogu<\/b><\/span><span style=\"font-family: Book Antiqua, serif;\"> w ich rozdawaniu innym. Bo w\u0142a\u015bnie po to Jezus kaza\u0142 si\u0119 modli\u0107 o robotnik\u00f3w na Bo\u017ce \u017cniwo \u2013 by <\/span><span style=\"font-family: Book Antiqua, serif;\"><b>zbierali i rozdzielali<\/b><\/span><span style=\"font-family: Book Antiqua, serif;\"> innym to, co otrzymali z Bo\u017cej \u0142askawo\u015bci. Niestety, i w jednym, i w drugim \u2013 B\u00f3g nie zawsze mo\u017ce na cz\u0142owieka liczy\u0107\u2026 <\/span><\/span><\/span><\/p>\n<p align=\"justify\"><span style=\"color: #000000;\"><span style=\"font-size: large;\"><span style=\"font-family: Book Antiqua, serif;\">Z ca\u0142\u0105 pewno\u015bci\u0105, m\u00f3g\u0142 pod tym wzgl\u0119dem liczy\u0107 na Patrona dnia dzisiejszego, <\/span><span style=\"font-family: Book Antiqua, serif;\"><b>\u015awi\u0119tego Ambro\u017cego, <\/b><\/span><span style=\"font-family: Book Antiqua, serif;\"><b>Biskupa i Doktora Ko\u015bcio\u0142a.<\/b><\/span><\/span><\/span><\/p>\n<p align=\"justify\"><span style=\"color: #000000;\"><span style=\"font-family: Book Antiqua, serif;\"><span style=\"font-size: large;\">\u015awi\u0119ty ten urodzi\u0142 si\u0119 <b>oko\u0142o 340 r<\/b><b>oku<\/b><b> w Trewirze \u2013<\/b> \u00f3wczesnej stolicy cesarstwa. Jego ojciec by\u0142 namiestnikiem cesarskim, prefektem Galii. Podanie g\u0142osi, \u017ce przy narodzeniu Ambro\u017cego \u2013 ku przera\u017ceniu matki \u2013 <b>r\u00f3j pszcz\u00f3\u0142 osiad\u0142 na ustach niemowl\u0119cia.<\/b> Matka chcia\u0142a si\u0142\u0105 odgoni\u0107 owady, ale roztropny ojciec kaza\u0142 poczeka\u0107, a\u017c pszczo\u0142y same odlec\u0105. Ojciec po tym wypadku uzna\u0142, \u017ce je\u015bli niemowl\u0119 prze\u017cyje, to b\u0119dzie kim\u015b wielkim! <b>Wr\u00f3\u017cono nawet, \u017ce b\u0119dzie wielkim m\u00f3wc\u0105.<\/b> <\/span><\/span><\/span><\/p>\n<p align=\"justify\"><span style=\"color: #000000;\"><span style=\"font-family: Book Antiqua, serif;\"><span style=\"font-size: large;\">Chrzest przyj\u0105\u0142 Ambro\u017cy bardzo p\u00f3\u017ano. W owych czasach by\u0142 bowiem zwyczaj, \u017ce Sakrament ten odk\u0142adano na lata p\u00f3\u017aniejsze \u2013 przyjmowano go cz\u0119sto <b>przed sam\u0105 \u015bmierci\u0105, aby w stanie niewinno\u015bci przej\u015b\u0107 do wieczno\u015bci.<\/b> Innym powodem odk\u0142adania Chrztu \u015awi\u0119tego by\u0142 fakt, \u017ce traktowano go nader powa\u017cnie, z ca\u0142\u0105 \u015bwiadomo\u015bci\u0105, \u017ce przyj\u0119te zobowi\u0105zania trzeba wype\u0142nia\u0107. Dlatego Ambro\u017cy przez wiele lat by\u0142 tylko katechumenem, czyli kandydatem <b>i przyj\u0105\u0142 Chrzest \u015awi\u0119ty dopiero przed otrzymaniem godno\u015bci biskupiej.<\/b> Potem sam zwalcza\u0142 ten zwyczaj. <\/span><\/span><\/span><\/p>\n<p align=\"justify\"><span style=\"color: #000000;\"><span style=\"font-family: Book Antiqua, serif;\"><span style=\"font-size: large;\">Po \u015bmierci ojca, maj\u0105c zaledwie rok, przeni\u00f3s\u0142 si\u0119 Ambro\u017cy wraz z matk\u0105 i rodze\u0144stwem do Rzymu. Tam potem ucz\u0119szcza\u0142 do szko\u0142y gramatyki i wymowy. Kszta\u0142ci\u0142 si\u0119 r\u00f3wnocze\u015bnie w prawie. <b>O jego wykszta\u0142ceniu najlepiej \u015bwiadcz\u0105 jego pisma.<\/b> Po uko\u0144czeniu szk\u00f3\u0142 za\u0142o\u017cy\u0142 w\u0142asn\u0105 szko\u0142\u0119. <\/span><\/span><\/span><\/p>\n<p align=\"justify\"><span style=\"color: #000000;\"><span style=\"font-family: Book Antiqua, serif;\"><span style=\"font-size: large;\">Po kilku latach zosta\u0142 mianowany przez cesarza namiestnikiem prowincji, ze stolic\u0105 w Mediolanie. Pozostawa\u0142 na tym stanowisku przez trzy lata, do 373 roku. Zaledwie prowincj\u0119 uporz\u0105dkowa\u0142 i doprowadzi\u0142 do \u0142adu jej finanse, zosta\u0142 wybrany <b>B<\/b><b>iskupem<\/b><b> Mediolanu.<\/b> A sta\u0142o si\u0119 to w niezwykle oryginalnych okoliczno\u015bciach. <\/span><\/span><\/span><\/p>\n<p align=\"justify\"><span style=\"color: #000000;\"><span style=\"font-family: Book Antiqua, serif;\"><span style=\"font-size: large;\">Kiedy bowiem zmar\u0142 poprzedni Biskup tego miasta, Auksencjusz, powsta\u0142 gwa\u0142towny sp\u00f3r mi\u0119dzy katolikami a arianami: <b>i jedni, i drudzy, chcieli mie\u0107 swojego biskupa. <\/b>Ambro\u017cy uda\u0142 si\u0119 tam jako namiestnik cesarski dla dopilnowania porz\u0105dku pomi\u0119dzy zwa\u015bnionymi stronami. I kiedy obie strony nie mog\u0142y doj\u015b\u0107 do zgody, <b>nagle jakie\u015b dziecko mia\u0142o zawo\u0142a\u0107: \u201eAmbro\u017cy biskupem!\u201d<\/b> Wszyscy uznali to za g\u0142os Bo\u017cy i zawo\u0142ali tak\u017ce: \u201eAmbro\u017cy biskupem!\u201d <\/span><\/span><\/span><\/p>\n<p align=\"justify\"><span style=\"color: #000000;\"><span style=\"font-family: Book Antiqua, serif;\"><span style=\"font-size: large;\">Zaskoczony namiestnik cesarski poprosi\u0142 o czas do namys\u0142u. Po cichu nawet uciek\u0142 z miasta noc\u0105, <b>ale rano stwierdzi\u0142, \u017ce dotar\u0142 do\u2026 bram Mediolanu! <\/b>Widz\u0105c w tym wol\u0119 Bo\u017c\u0105, postanowi\u0142 si\u0119 jej wi\u0119cej nie opiera\u0107. Dnia 30 listopada przyj\u0105\u0142 Chrzest \u015awi\u0119ty i wszystkie \u015bwi\u0119cenia, <b>a 7 grudnia \u2013 konsekracj\u0119 na <\/b><b>B<\/b><b>iskupa.<\/b> <\/span><\/span><\/span><\/p>\n<p align=\"justify\"><span style=\"color: #000000;\"><span style=\"font-family: Book Antiqua, serif;\"><span style=\"font-size: large;\">Od razu rozda\u0142 ubogim ca\u0142y sw\u00f3j maj\u0105tek. I zaj\u0105\u0142 si\u0119 <b>g\u0142oszeniem przy ka\u017cdej okazji <\/b><b>s<\/b><b>\u0142owa Bo\u017cego,<\/b> uwa\u017caj\u0105c to za sw\u00f3j podstawowy pasterski obowi\u0105zek. Sam r\u00f3wnie\u017c w ka\u017cdy Wielki Post przygotowywa\u0142 osobi\u015bcie katechumen\u00f3w na przyj\u0119cie w Wigili\u0119 Paschaln\u0105 Chrztu \u015awi\u0119tego. <\/span><\/span><\/span><\/p>\n<p align=\"justify\"><span style=\"color: #000000;\"><span style=\"font-family: Book Antiqua, serif;\"><span style=\"font-size: large;\">W rz\u0105dach by\u0142 \u0142agodny, spokojny, rozwa\u017cny, sprawiedliwy, \u017cyczliwy\u2026 <b>Kap\u0142ani mieli wi\u0119c w swoim <\/b><b>B<\/b><b>iskupie najpi\u0119kniejszy wz\u00f3r dobrego pasterza!<\/b> Da\u0142 si\u0119 pozna\u0107 jako pasterz rozwa\u017cny, wra\u017cliwy na krzywd\u0119 ludzk\u0105. Wyr\u00f3\u017cnia\u0142 si\u0119 siln\u0105 wol\u0105, poczuciem \u0142adu, zmys\u0142em praktycznym. Idea\u0142em przy\u015bwiecaj\u0105cym dzia\u0142alno\u015bci \u015awi\u0119tego Biskupa by\u0142o<b> pa\u0144stwo, w kt\u00f3rym Ko\u015bci\u00f3\u0142 i w\u0142adza \u015bwiecka wzajemnie udzielaj\u0105 sobie pomocy, a wiara spaja cesarstwo.<\/b> <\/span><\/span><\/span><\/p>\n<p align=\"justify\"><span style=\"color: #000000;\"><span style=\"font-family: Book Antiqua, serif;\"><span style=\"font-size: large;\">Z kolei, dla odpowiedniego przygotowania duchowie\u0144stwa diecezjalnego, za\u0142o\u017cy\u0142 seminarium \u2013 klasztor \u2013 tu\u017c za murami miasta. \u017byciu przebywaj\u0105cych tam kap\u0142an\u00f3w nada\u0142 regu\u0142\u0119. <b>Sam te\u017c cz\u0119sto ich nawiedza\u0142 i przebywa\u0142 z nimi.<\/b> Bra\u0142 ch\u0119tnie udzia\u0142 w licznych synodach, szczeg\u00f3lnie wtedy, gdy trzeba by\u0142o zwalcza\u0107 b\u0142\u0119dy arian. <\/span><\/span><\/span><\/p>\n<p align=\"justify\"><span style=\"color: #000000;\"><span style=\"font-family: Book Antiqua, serif;\"><span style=\"font-size: large;\">Cieszy\u0142 si\u0119 ogromnym autorytetem. Potwierdzeniem tego by\u0142 fakt, \u017ce kiedy cesarz Teodozjusz Wielki, w 390 roku, krwawo st\u0142umi\u0142 zamieszki w Tesalonikach, morduj\u0105c siedem tysi\u0119cy ludzi, Ambro\u017cy wystosowa\u0142 do niego list pe\u0142en czci, ale i wyrzutu, prosz\u0105c Teodozjusza, aby za t\u0119 publiczn\u0105, g\u0142o\u015bn\u0105 zbrodni\u0119 <b>przyj\u0105\u0142 publiczn\u0105 pokut\u0119. <\/b>I \u2013 o dziwo! \u2013 cesarz pokut\u0119 wyznaczon\u0105<b> przyj\u0105\u0142 i przez trzy miesi\u0105ce nie wst\u0119powa\u0142 do ko\u015bcio\u0142a, jako grzesznik.<\/b> Pod wp\u0142ywem kaza\u0144 \u015awi\u0119tego Ambro\u017cego nawr\u00f3ci\u0142 si\u0119 przecie\u017c tak\u017ce \u015awi\u0119ty Augustyn!<\/span><\/span><\/span><\/p>\n<p align=\"justify\"><span style=\"color: #000000;\"><span style=\"font-family: Book Antiqua, serif;\"><span style=\"font-size: large;\">Pracowite \u017cycie zako\u0144czy\u0142 Ambro\u017cy <b>w Wielki Pi\u0105tek, 4 kwietnia 397 roku,<\/b> w wieku pi\u0119\u0107dziesi\u0119ciu siedmiu lat. Pochowano go w bazylice w Mediolanie. Pozostawi\u0142 po sobie liczne pisma moralno \u2013 ascetyczne, dogmatyczne, mowy, listy oraz hymny liturgiczne. <\/span><\/span><\/span><\/p>\n<p align=\"justify\"><span style=\"color: #000000;\"><span style=\"font-family: Book Antiqua, serif;\"><span style=\"font-size: large;\">O jego duchowo\u015bci niech \u015bwiadczy fragment listu, jaki skierowa\u0142 do Biskupa Konstancjusza. W li\u015bcie tym czytamy: \u201ePrzyj\u0105\u0142e\u015b urz\u0105d kap\u0142a\u0144ski i siedz\u0105c przy sterze Ko\u015bcio\u0142a przeprowadzasz ten statek przez wiry morskie. <b>Trzymaj wi\u0119c mocno ster wiary, aby\u015b si\u0119 nie podda\u0142 pot\u0119\u017cnym falom nawa\u0142nic tego \u015bwiata!<\/b> Wielkie to i rozleg\u0142e morze, ale si\u0119 go nie l\u0119kaj! [\u2026] Jest pewne, \u017ce w\u015br\u00f3d zmiennego \u015bwiata Ko\u015bci\u00f3\u0142 Pana, zbudowany na fundamencie Aposto\u0142\u00f3w, <b>pozostaje na nim niewzruszony<\/b> \u2013 mimo i\u017c wko\u0142o niego burzy si\u0119 rozp\u0119tane morze. Uderzaj\u0105 we\u0144 fale, lecz nie mog\u0105 nim zachwia\u0107, a chocia\u017c cz\u0119sto pr\u0105dy \u015bwiata z szumem rozbijaj\u0105 si\u0119 o niego, <b>pozostaje on dla wszystkich zbawiennym i bezpiecznym portem.<\/b> [\u2026] <\/span><\/span><\/span><\/p>\n<p align=\"justify\"><span style=\"color: #000000;\"><span style=\"font-family: Book Antiqua, serif;\"><span style=\"font-size: large;\">Niech wi\u0119c Twoje s\u0142owa p\u0142yn\u0105 obficie, niech b\u0119d\u0105 przejrzyste i jasne. W ten spos\u00f3b dasz Twojemu ludowi pouczenie, kt\u00f3re go poci\u0105gnie, a lud ten urzeczony tym, co m\u00f3wisz, <b>p\u00f3jdzie za Tob\u0105 z dobrej woli tam, dok\u0105d go prowadzisz.<\/b> Twoje s\u0142owa niech b\u0119d\u0105 pe\u0142ne tre\u015bci. [\u2026] Niech to, co m\u00f3wisz, b\u0119dzie <b>oczywiste i zrozumia\u0142e samo przez si\u0119,<\/b> a wtedy twoje wywody nie b\u0119d\u0105 potrzebowa\u0142y innego jeszcze uzasadnienia, lecz b\u0119d\u0105 same w sobie dowodem. I niech nie wychodzi z twoich ust <b>\u017cadne s\u0142owo zawieszone w pr\u00f3\u017cni i pozbawione znaczenia.\u201d<\/b><\/span><\/span><\/span><\/p>\n<p align=\"justify\"><span style=\"color: #000000;\"><span style=\"font-family: Book Antiqua, serif;\"><span style=\"font-size: large;\">Ws\u0142uchani w te zach\u0119ty dzisiejszego Patrona, ale te\u017c wpatrzeni w przyk\u0142ad jego \u015bwi\u0119to\u015bci, a wreszcie tak\u017ce ws\u0142uchani w Bo\u017ce s\u0142owo dzisiejszej liturgii, zastan\u00f3wmy si\u0119 raz jeszcze, <b>czy ch\u0119tnie przyjmujemy wszystkie dary,<\/b> jakich tak ch\u0119tnie i tak hojnie udziela nam Pan? I czy <b>jeste\u015bmy przekazicielami Bo\u017cych dar\u00f3w<\/b> innym ludziom \u2013 czy przez nas Pan mo\u017ce innych obdarza\u0107 swoim S\u0142owem, dobrym s\u0142owem, pocieszeniem, wsparciem, <b>rado\u015bci\u0105 i nadziej\u0105?<\/b> Czy dzi\u0119ki naszej modlitwie za innych Pan mo\u017ce im b\u0142ogos\u0142awi\u0107? <\/span><\/span><\/span><\/p>\n<p align=\"justify\"><span style=\"color: #000000;\"><span style=\"font-family: Book Antiqua, serif;\"><span style=\"font-size: large;\">A przy okazji: <b>czy modlimy si\u0119 o <\/b><b>nowych, <\/b>licznych i dobrych, odwa\u017cnych i charyzmatycznych \u2013 pracownik\u00f3w na Bo\u017cym \u017cniwie?\u2026<\/span><\/span><\/span><\/p>\n","protected":false},"excerpt":{"rendered":"<p>Szcz\u0119\u015b\u0107 Bo\u017ce! Moi Drodzy, w dniu wczorajszym imieniny prze\u017cywa\u0142 Miko\u0142aj Czernecki, m\u00f3j by\u0142y Ucze\u0144 w Technikum w Radory\u017cu Smolanym. Urodziny natomiast prze\u017cywa\u0142 Ksi\u0105dz Adam Potapczuk, m\u00f3j Poprzednik na wikariacie w Miastkowie Ko\u015bcielnym. Urodziny tak\u017ce prze\u017cywali: Hubert Maksymiuk oraz Joanna Zawadka \u2013 oboje nale\u017c\u0105cy w swoim czasie do m\u0142odzie\u017cowych Wsp\u00f3lnot. Dzisiaj za\u015b imieniny prze\u017cywa Ojciec Ambro\u017cy [&hellip;]<\/p>\n","protected":false},"author":1,"featured_media":0,"comment_status":"open","ping_status":"open","sticky":false,"template":"","format":"standard","meta":{"jetpack_post_was_ever_published":false,"_jetpack_newsletter_access":"","_jetpack_dont_email_post_to_subs":false,"_jetpack_newsletter_tier_id":0,"_jetpack_memberships_contains_paywalled_content":false,"_jetpack_memberships_contains_paid_content":false,"footnotes":""},"categories":[1],"tags":[],"class_list":["post-16292","post","type-post","status-publish","format-standard","hentry","category-bez-kategorii"],"yoast_head":"<!-- This site is optimized with the Yoast SEO plugin v25.1 - https:\/\/yoast.com\/wordpress\/plugins\/seo\/ -->\n<title>B\u00f3g daje du\u017co, czy ma\u0142o?... - Gaudium Et Spes<\/title>\n<meta name=\"robots\" content=\"index, follow, max-snippet:-1, max-image-preview:large, max-video-preview:-1\" \/>\n<link rel=\"canonical\" href=\"https:\/\/gaudiumetspes-blog.pl\/index.php\/2019\/12\/07\/bog-daje-duzo-czy-malo\/\" \/>\n<meta property=\"og:locale\" content=\"pl_PL\" \/>\n<meta property=\"og:type\" content=\"article\" \/>\n<meta property=\"og:title\" content=\"B\u00f3g daje du\u017co, czy ma\u0142o?... - Gaudium Et Spes\" \/>\n<meta property=\"og:description\" content=\"Szcz\u0119\u015b\u0107 Bo\u017ce! Moi Drodzy, w dniu wczorajszym imieniny prze\u017cywa\u0142 Miko\u0142aj Czernecki, m\u00f3j by\u0142y Ucze\u0144 w Technikum w Radory\u017cu Smolanym. Urodziny natomiast prze\u017cywa\u0142 Ksi\u0105dz Adam Potapczuk, m\u00f3j Poprzednik na wikariacie w Miastkowie Ko\u015bcielnym. Urodziny tak\u017ce prze\u017cywali: Hubert Maksymiuk oraz Joanna Zawadka \u2013 oboje nale\u017c\u0105cy w swoim czasie do m\u0142odzie\u017cowych Wsp\u00f3lnot. Dzisiaj za\u015b imieniny prze\u017cywa Ojciec Ambro\u017cy [&hellip;]\" \/>\n<meta property=\"og:url\" content=\"https:\/\/gaudiumetspes-blog.pl\/index.php\/2019\/12\/07\/bog-daje-duzo-czy-malo\/\" \/>\n<meta property=\"og:site_name\" content=\"Gaudium Et Spes\" \/>\n<meta property=\"article:published_time\" content=\"2019-12-07T04:27:37+00:00\" \/>\n<meta name=\"author\" content=\"Ks. Jacek\" \/>\n<meta name=\"twitter:card\" content=\"summary_large_image\" \/>\n<meta name=\"twitter:label1\" content=\"Napisane przez\" \/>\n\t<meta name=\"twitter:data1\" content=\"Ks. Jacek\" \/>\n\t<meta name=\"twitter:label2\" content=\"Szacowany czas czytania\" \/>\n\t<meta name=\"twitter:data2\" content=\"14 minut\" \/>\n<script type=\"application\/ld+json\" class=\"yoast-schema-graph\">{\"@context\":\"https:\/\/schema.org\",\"@graph\":[{\"@type\":\"WebPage\",\"@id\":\"https:\/\/gaudiumetspes-blog.pl\/index.php\/2019\/12\/07\/bog-daje-duzo-czy-malo\/\",\"url\":\"https:\/\/gaudiumetspes-blog.pl\/index.php\/2019\/12\/07\/bog-daje-duzo-czy-malo\/\",\"name\":\"B\u00f3g daje du\u017co, czy ma\u0142o?... - Gaudium Et Spes\",\"isPartOf\":{\"@id\":\"https:\/\/gaudiumetspes-blog.pl\/#website\"},\"datePublished\":\"2019-12-07T04:27:37+00:00\",\"author\":{\"@id\":\"https:\/\/gaudiumetspes-blog.pl\/#\/schema\/person\/1661982992b752dea8dff0d4ed845a65\"},\"breadcrumb\":{\"@id\":\"https:\/\/gaudiumetspes-blog.pl\/index.php\/2019\/12\/07\/bog-daje-duzo-czy-malo\/#breadcrumb\"},\"inLanguage\":\"pl-PL\",\"potentialAction\":[{\"@type\":\"ReadAction\",\"target\":[\"https:\/\/gaudiumetspes-blog.pl\/index.php\/2019\/12\/07\/bog-daje-duzo-czy-malo\/\"]}]},{\"@type\":\"BreadcrumbList\",\"@id\":\"https:\/\/gaudiumetspes-blog.pl\/index.php\/2019\/12\/07\/bog-daje-duzo-czy-malo\/#breadcrumb\",\"itemListElement\":[{\"@type\":\"ListItem\",\"position\":1,\"name\":\"Strona g\u0142\u00f3wna\",\"item\":\"https:\/\/gaudiumetspes-blog.pl\/\"},{\"@type\":\"ListItem\",\"position\":2,\"name\":\"B\u00f3g daje du\u017co, czy&nbsp;ma\u0142o?&#8230;\"}]},{\"@type\":\"WebSite\",\"@id\":\"https:\/\/gaudiumetspes-blog.pl\/#website\",\"url\":\"https:\/\/gaudiumetspes-blog.pl\/\",\"name\":\"Gaudium Et Spes\",\"description\":\"Blog Ks. Jacka Ja\u015bkowskiego\",\"potentialAction\":[{\"@type\":\"SearchAction\",\"target\":{\"@type\":\"EntryPoint\",\"urlTemplate\":\"https:\/\/gaudiumetspes-blog.pl\/?s={search_term_string}\"},\"query-input\":{\"@type\":\"PropertyValueSpecification\",\"valueRequired\":true,\"valueName\":\"search_term_string\"}}],\"inLanguage\":\"pl-PL\"},{\"@type\":\"Person\",\"@id\":\"https:\/\/gaudiumetspes-blog.pl\/#\/schema\/person\/1661982992b752dea8dff0d4ed845a65\",\"name\":\"Ks. Jacek\",\"image\":{\"@type\":\"ImageObject\",\"inLanguage\":\"pl-PL\",\"@id\":\"https:\/\/gaudiumetspes-blog.pl\/#\/schema\/person\/image\/\",\"url\":\"https:\/\/gaudiumetspes-blog.pl\/wp-content\/uploads\/2019\/07\/avatar-JJ-150x150.jpg\",\"contentUrl\":\"https:\/\/gaudiumetspes-blog.pl\/wp-content\/uploads\/2019\/07\/avatar-JJ-150x150.jpg\",\"caption\":\"Ks. Jacek\"},\"description\":\"Witam serdecznie! K\u0142ania si\u0119 Ks. Jacek Ja\u015bkowski. Nie jestem ani kim\u015b wa\u017cnym, ani kim\u015b znanym. Jestem ksi\u0119dzem, kt\u00f3ry po prostu chce rozmawia\u0107. Codzienna kap\u0142a\u0144ska pos\u0142uga pokazuje mi, \u017ce temat\u00f3w do rozm\u00f3w z ksi\u0119dzem jest coraz wi\u0119cej i dzisiaj \u017caden ksi\u0105dz nie mo\u017ce od nich ucieka\u0107, ale - wprost przeciwnie - podejmowa\u0107 nowe wyzwania. To przekonanie sk\u0142oni\u0142o mnie do pr\u00f3by otwarcia tego\u017c bloga, chocia\u017c okazji do rozm\u00f3w na co dzie\u0144 - w konfesjonale i poza nim - na szcz\u0119\u015bcie nie brakuje. My\u015bl\u0119 jednak, \u017ce ten blog b\u0119dzie jeszcze jednym sposobem i przestrzeni\u0105 nawi\u0105zania kontaktu z lud\u017ami dobrej woli, otwartymi na dialog.\",\"url\":\"https:\/\/gaudiumetspes-blog.pl\/index.php\/author\/ks-jacek\/\"}]}<\/script>\n<!-- \/ Yoast SEO plugin. -->","yoast_head_json":{"title":"B\u00f3g daje du\u017co, czy ma\u0142o?... - Gaudium Et Spes","robots":{"index":"index","follow":"follow","max-snippet":"max-snippet:-1","max-image-preview":"max-image-preview:large","max-video-preview":"max-video-preview:-1"},"canonical":"https:\/\/gaudiumetspes-blog.pl\/index.php\/2019\/12\/07\/bog-daje-duzo-czy-malo\/","og_locale":"pl_PL","og_type":"article","og_title":"B\u00f3g daje du\u017co, czy ma\u0142o?... - Gaudium Et Spes","og_description":"Szcz\u0119\u015b\u0107 Bo\u017ce! Moi Drodzy, w dniu wczorajszym imieniny prze\u017cywa\u0142 Miko\u0142aj Czernecki, m\u00f3j by\u0142y Ucze\u0144 w Technikum w Radory\u017cu Smolanym. Urodziny natomiast prze\u017cywa\u0142 Ksi\u0105dz Adam Potapczuk, m\u00f3j Poprzednik na wikariacie w Miastkowie Ko\u015bcielnym. Urodziny tak\u017ce prze\u017cywali: Hubert Maksymiuk oraz Joanna Zawadka \u2013 oboje nale\u017c\u0105cy w swoim czasie do m\u0142odzie\u017cowych Wsp\u00f3lnot. Dzisiaj za\u015b imieniny prze\u017cywa Ojciec Ambro\u017cy [&hellip;]","og_url":"https:\/\/gaudiumetspes-blog.pl\/index.php\/2019\/12\/07\/bog-daje-duzo-czy-malo\/","og_site_name":"Gaudium Et Spes","article_published_time":"2019-12-07T04:27:37+00:00","author":"Ks. Jacek","twitter_card":"summary_large_image","twitter_misc":{"Napisane przez":"Ks. Jacek","Szacowany czas czytania":"14 minut"},"schema":{"@context":"https:\/\/schema.org","@graph":[{"@type":"WebPage","@id":"https:\/\/gaudiumetspes-blog.pl\/index.php\/2019\/12\/07\/bog-daje-duzo-czy-malo\/","url":"https:\/\/gaudiumetspes-blog.pl\/index.php\/2019\/12\/07\/bog-daje-duzo-czy-malo\/","name":"B\u00f3g daje du\u017co, czy ma\u0142o?... - Gaudium Et Spes","isPartOf":{"@id":"https:\/\/gaudiumetspes-blog.pl\/#website"},"datePublished":"2019-12-07T04:27:37+00:00","author":{"@id":"https:\/\/gaudiumetspes-blog.pl\/#\/schema\/person\/1661982992b752dea8dff0d4ed845a65"},"breadcrumb":{"@id":"https:\/\/gaudiumetspes-blog.pl\/index.php\/2019\/12\/07\/bog-daje-duzo-czy-malo\/#breadcrumb"},"inLanguage":"pl-PL","potentialAction":[{"@type":"ReadAction","target":["https:\/\/gaudiumetspes-blog.pl\/index.php\/2019\/12\/07\/bog-daje-duzo-czy-malo\/"]}]},{"@type":"BreadcrumbList","@id":"https:\/\/gaudiumetspes-blog.pl\/index.php\/2019\/12\/07\/bog-daje-duzo-czy-malo\/#breadcrumb","itemListElement":[{"@type":"ListItem","position":1,"name":"Strona g\u0142\u00f3wna","item":"https:\/\/gaudiumetspes-blog.pl\/"},{"@type":"ListItem","position":2,"name":"B\u00f3g daje du\u017co, czy&nbsp;ma\u0142o?&#8230;"}]},{"@type":"WebSite","@id":"https:\/\/gaudiumetspes-blog.pl\/#website","url":"https:\/\/gaudiumetspes-blog.pl\/","name":"Gaudium Et Spes","description":"Blog Ks. Jacka Ja\u015bkowskiego","potentialAction":[{"@type":"SearchAction","target":{"@type":"EntryPoint","urlTemplate":"https:\/\/gaudiumetspes-blog.pl\/?s={search_term_string}"},"query-input":{"@type":"PropertyValueSpecification","valueRequired":true,"valueName":"search_term_string"}}],"inLanguage":"pl-PL"},{"@type":"Person","@id":"https:\/\/gaudiumetspes-blog.pl\/#\/schema\/person\/1661982992b752dea8dff0d4ed845a65","name":"Ks. Jacek","image":{"@type":"ImageObject","inLanguage":"pl-PL","@id":"https:\/\/gaudiumetspes-blog.pl\/#\/schema\/person\/image\/","url":"https:\/\/gaudiumetspes-blog.pl\/wp-content\/uploads\/2019\/07\/avatar-JJ-150x150.jpg","contentUrl":"https:\/\/gaudiumetspes-blog.pl\/wp-content\/uploads\/2019\/07\/avatar-JJ-150x150.jpg","caption":"Ks. Jacek"},"description":"Witam serdecznie! K\u0142ania si\u0119 Ks. Jacek Ja\u015bkowski. Nie jestem ani kim\u015b wa\u017cnym, ani kim\u015b znanym. Jestem ksi\u0119dzem, kt\u00f3ry po prostu chce rozmawia\u0107. Codzienna kap\u0142a\u0144ska pos\u0142uga pokazuje mi, \u017ce temat\u00f3w do rozm\u00f3w z ksi\u0119dzem jest coraz wi\u0119cej i dzisiaj \u017caden ksi\u0105dz nie mo\u017ce od nich ucieka\u0107, ale - wprost przeciwnie - podejmowa\u0107 nowe wyzwania. To przekonanie sk\u0142oni\u0142o mnie do pr\u00f3by otwarcia tego\u017c bloga, chocia\u017c okazji do rozm\u00f3w na co dzie\u0144 - w konfesjonale i poza nim - na szcz\u0119\u015bcie nie brakuje. My\u015bl\u0119 jednak, \u017ce ten blog b\u0119dzie jeszcze jednym sposobem i przestrzeni\u0105 nawi\u0105zania kontaktu z lud\u017ami dobrej woli, otwartymi na dialog.","url":"https:\/\/gaudiumetspes-blog.pl\/index.php\/author\/ks-jacek\/"}]}},"jetpack_featured_media_url":"","jetpack_sharing_enabled":true,"_links":{"self":[{"href":"https:\/\/gaudiumetspes-blog.pl\/index.php\/wp-json\/wp\/v2\/posts\/16292","targetHints":{"allow":["GET"]}}],"collection":[{"href":"https:\/\/gaudiumetspes-blog.pl\/index.php\/wp-json\/wp\/v2\/posts"}],"about":[{"href":"https:\/\/gaudiumetspes-blog.pl\/index.php\/wp-json\/wp\/v2\/types\/post"}],"author":[{"embeddable":true,"href":"https:\/\/gaudiumetspes-blog.pl\/index.php\/wp-json\/wp\/v2\/users\/1"}],"replies":[{"embeddable":true,"href":"https:\/\/gaudiumetspes-blog.pl\/index.php\/wp-json\/wp\/v2\/comments?post=16292"}],"version-history":[{"count":1,"href":"https:\/\/gaudiumetspes-blog.pl\/index.php\/wp-json\/wp\/v2\/posts\/16292\/revisions"}],"predecessor-version":[{"id":16293,"href":"https:\/\/gaudiumetspes-blog.pl\/index.php\/wp-json\/wp\/v2\/posts\/16292\/revisions\/16293"}],"wp:attachment":[{"href":"https:\/\/gaudiumetspes-blog.pl\/index.php\/wp-json\/wp\/v2\/media?parent=16292"}],"wp:term":[{"taxonomy":"category","embeddable":true,"href":"https:\/\/gaudiumetspes-blog.pl\/index.php\/wp-json\/wp\/v2\/categories?post=16292"},{"taxonomy":"post_tag","embeddable":true,"href":"https:\/\/gaudiumetspes-blog.pl\/index.php\/wp-json\/wp\/v2\/tags?post=16292"}],"curies":[{"name":"wp","href":"https:\/\/api.w.org\/{rel}","templated":true}]}}