{"id":16301,"date":"2019-12-11T06:16:32","date_gmt":"2019-12-11T05:16:32","guid":{"rendered":"https:\/\/gaudiumetspes-blog.pl\/?p=16301"},"modified":"2019-12-11T06:17:20","modified_gmt":"2019-12-11T05:17:20","slug":"odzyskuja-skrzydla-jak-orly","status":"publish","type":"post","link":"https:\/\/gaudiumetspes-blog.pl\/index.php\/2019\/12\/11\/odzyskuja-skrzydla-jak-orly\/","title":{"rendered":"Otrzymuj\u0105 skrzyd\u0142a, jak or\u0142y!"},"content":{"rendered":"<p align=\"justify\"><span style=\"color: #000000;\"><span style=\"font-family: Book Antiqua, serif;\"><span style=\"font-size: large;\">Szcz\u0119\u015b\u0107 Bo\u017ce! Moi Drodzy, w dniu dzisiejszym <b>urodziny prze\u017cywa m\u00f3j dotychczasowy Proboszcz w Miastkowie, Ksi\u0105dz Kanonik Adam Turemka, a imieniny \u2013 Ksi\u0105dz Waldemar Grzeszczuk, kt\u00f3ry swego czasu pomaga\u0142 nam duszpastersko w Celestynowie, a teraz jest Kustoszem Sanktuarium w Osuchowej, w Diecezji \u0142om\u017cy\u0144skiej.<\/b><\/span><\/span><\/span><\/p>\n<p align=\"justify\"><span style=\"color: #000000;\"><span style=\"font-family: Book Antiqua, serif;\"><span style=\"font-size: large;\"><b>Obu \u015bwi\u0119tuj\u0105cym Kap\u0142anom \u017cycz\u0119 niespo\u017cytej Bo\u017cej energii w sercach! I o ni\u0105 b\u0119d\u0119 si\u0119 dla Nich modli\u0142.<\/b><\/span><\/span><\/span><\/p>\n<p align=\"justify\"><span style=\"color: #000000;\"><span style=\"font-family: Book Antiqua, serif;\"><span style=\"font-size: large;\">A Was wszystkich zapraszam na Roraty!<\/span><\/span><\/span><\/p>\n<p align=\"center\"><span style=\"color: #000000;\"><span style=\"font-family: Book Antiqua, serif;\"><span style=\"font-size: large;\">Gaudium et spes! Ks. Jacek<\/span><\/span><\/span><\/p>\n<p align=\"center\">\n<p align=\"center\">\n<p align=\"center\">\n<p align=\"center\">\n<p align=\"center\">\n<p align=\"justify\"><span style=\"color: #000000;\"><span style=\"font-family: Book Antiqua, serif;\"><span style=\"font-size: large;\"><b>\u015aroda 2 Tygodnia Adwentu, <\/b><\/span><\/span><\/span><\/p>\n<p align=\"justify\"><span style=\"color: #000000;\"><span style=\"font-family: Book Antiqua, serif;\"><span style=\"font-size: large;\"><b>do czyta\u0144: Iz 40,25\u201331; Mt 11,28\u201330<\/b><\/span><\/span><\/span><\/p>\n<p align=\"justify\">\n<p align=\"justify\">\n<p align=\"justify\">\n<p align=\"justify\">\n<p align=\"justify\">\n<p align=\"justify\"><span style=\"color: #000000;\"><span style=\"font-family: Book Antiqua, serif;\"><span style=\"font-size: large;\"><b>CZYTANIE Z KSI\u0118GI PROROKA IZAJASZA:<\/b><\/span><\/span><\/span><\/p>\n<p align=\"justify\"><span style=\"color: #000000;\">\u201e<span style=\"font-family: Book Antiqua, serif;\"><span style=\"font-size: large;\"><b>Z kim\u017ce by\u015bcie mogli Mnie por\u00f3wna\u0107, <\/b><\/span><\/span><\/span><\/p>\n<p align=\"justify\"><span style=\"color: #000000;\"><span style=\"font-family: Book Antiqua, serif;\"><span style=\"font-size: large;\"><b>tak, \u017ceby Mi dor\u00f3wna\u0142?\u201d \u2013 m\u00f3wi \u015awi\u0119ty. <\/b><\/span><\/span><\/span><\/p>\n<p align=\"justify\"><span style=\"color: #000000;\"><span style=\"font-family: Book Antiqua, serif;\"><span style=\"font-size: large;\"><b>Podnie\u015bcie oczy w g\u00f3r\u0119 i patrzcie: <\/b><\/span><\/span><\/span><\/p>\n<p align=\"justify\"><span style=\"color: #000000;\"><span style=\"font-family: Book Antiqua, serif;\"><span style=\"font-size: large;\"><b>Kto stworzy\u0142 te gwiazdy? <\/b><\/span><\/span><\/span><\/p>\n<p align=\"justify\"><span style=\"color: #000000;\"><span style=\"font-family: Book Antiqua, serif;\"><span style=\"font-size: large;\"><b>Ten, kt\u00f3ry w szykach prowadzi ich wojsko, <\/b><\/span><\/span><\/span><\/p>\n<p align=\"justify\"><span style=\"color: #000000;\"><span style=\"font-family: Book Antiqua, serif;\"><span style=\"font-size: large;\"><b>wszystkie je wo\u0142a po imieniu. <\/b><\/span><\/span><\/span><\/p>\n<p align=\"justify\"><span style=\"color: #000000;\"><span style=\"font-family: Book Antiqua, serif;\"><span style=\"font-size: large;\"><b>Spod takiej pot\u0119gi i olbrzymiej si\u0142y <\/b><\/span><\/span><\/span><\/p>\n<p align=\"justify\"><span style=\"color: #000000;\"><span style=\"font-family: Book Antiqua, serif;\"><span style=\"font-size: large;\"><b>nikt si\u0119 nie uchyli.<\/b><\/span><\/span><\/span><\/p>\n<p align=\"justify\"><span style=\"color: #000000;\"><span style=\"font-family: Book Antiqua, serif;\"><span style=\"font-size: large;\"><b>Czemu m\u00f3wisz, Jakubie, <\/b><\/span><\/span><\/span><\/p>\n<p align=\"justify\"><span style=\"color: #000000;\"><span style=\"font-family: Book Antiqua, serif;\"><span style=\"font-size: large;\"><b>i ty, Izraelu, powtarzasz: <\/b><\/span><\/span><\/span><\/p>\n<p align=\"justify\"><span style=\"color: #000000;\">\u201e<span style=\"font-family: Book Antiqua, serif;\"><span style=\"font-size: large;\"><b>Zakryta jest moja droga przed Panem <\/b><\/span><\/span><\/span><\/p>\n<p align=\"justify\"><span style=\"color: #000000;\"><span style=\"font-family: Book Antiqua, serif;\"><span style=\"font-size: large;\"><b>i prawo me przed Bogiem przeoczone?\u201d <\/b><\/span><\/span><\/span><\/p>\n<p align=\"justify\"><span style=\"color: #000000;\"><span style=\"font-family: Book Antiqua, serif;\"><span style=\"font-size: large;\"><b>Czy nie wiesz tego? Czy\u015b nie s\u0142ysza\u0142? <\/b><\/span><\/span><\/span><\/p>\n<p align=\"justify\"><span style=\"color: #000000;\"><span style=\"font-family: Book Antiqua, serif;\"><span style=\"font-size: large;\"><b>Pan to B\u00f3g wieczny, <\/b><\/span><\/span><\/span><\/p>\n<p align=\"justify\"><span style=\"color: #000000;\"><span style=\"font-family: Book Antiqua, serif;\"><span style=\"font-size: large;\"><b>Stw\u00f3rca kra\u0144c\u00f3w ziemi. <\/b><\/span><\/span><\/span><\/p>\n<p align=\"justify\"><span style=\"color: #000000;\"><span style=\"font-family: Book Antiqua, serif;\"><span style=\"font-size: large;\"><b>On si\u0119 nie m\u0119czy ani nie nu\u017cy, <\/b><\/span><\/span><\/span><\/p>\n<p align=\"justify\"><span style=\"color: #000000;\"><span style=\"font-family: Book Antiqua, serif;\"><span style=\"font-size: large;\"><b>Jego m\u0105dro\u015b\u0107 jest niezg\u0142\u0119biona. <\/b><\/span><\/span><\/span><\/p>\n<p align=\"justify\"><span style=\"color: #000000;\"><span style=\"font-family: Book Antiqua, serif;\"><span style=\"font-size: large;\"><b>On dodaje mocy zm\u0119czonemu <\/b><\/span><\/span><\/span><\/p>\n<p align=\"justify\"><span style=\"color: #000000;\"><span style=\"font-family: Book Antiqua, serif;\"><span style=\"font-size: large;\"><b>i pomna\u017ca si\u0142y omdla\u0142ego.<\/b><\/span><\/span><\/span><\/p>\n<p align=\"justify\"><span style=\"color: #000000;\"><span style=\"font-family: Book Antiqua, serif;\"><span style=\"font-size: large;\"><b>Ch\u0142opcy si\u0119 m\u0119cz\u0105 i nu\u017c\u0105, <\/b><\/span><\/span><\/span><\/p>\n<p align=\"justify\"><span style=\"color: #000000;\"><span style=\"font-family: Book Antiqua, serif;\"><span style=\"font-size: large;\"><b>chwiej\u0105 si\u0119 s\u0142abn\u0105c m\u0142odzie\u0144cy; <\/b><\/span><\/span><\/span><\/p>\n<p align=\"justify\"><span style=\"color: #000000;\"><span style=\"font-family: Book Antiqua, serif;\"><span style=\"font-size: large;\"><b>lecz ci, co zaufali Panu, odzyskuj\u0105 si\u0142y, <\/b><\/span><\/span><\/span><\/p>\n<p align=\"justify\"><span style=\"color: #000000;\"><span style=\"font-family: Book Antiqua, serif;\"><span style=\"font-size: large;\"><b>otrzymuj\u0105 skrzyd\u0142a jak or\u0142y; <\/b><\/span><\/span><\/span><\/p>\n<p align=\"justify\"><span style=\"color: #000000;\"><span style=\"font-family: Book Antiqua, serif;\"><span style=\"font-size: large;\"><b>biegn\u0105 bez zm\u0119czenia, <\/b><\/span><\/span><\/span><\/p>\n<p align=\"justify\"><span style=\"color: #000000;\"><span style=\"font-family: Book Antiqua, serif;\"><span style=\"font-size: large;\"><b>bez znu\u017cenia id\u0105.<\/b><\/span><\/span><\/span><\/p>\n<p align=\"justify\">\n<p align=\"justify\">\n<p align=\"justify\">\n<p align=\"justify\">\n<p align=\"justify\">\n<p align=\"justify\"><span style=\"color: #000000;\"><span style=\"font-family: Book Antiqua, serif;\"><span style=\"font-size: large;\"><b>S\u0141OWA EWANGELII WED\u0141UG \u015aWI\u0118TEGO MATEUSZA:<\/b><\/span><\/span><\/span><\/p>\n<p align=\"justify\"><span style=\"color: #000000;\"><span style=\"font-family: Book Antiqua, serif;\"><span style=\"font-size: large;\"><b>Jezus przem\u00f3wi\u0142 tymi s\u0142owami: \u201ePrzyjd\u017acie do Mnie wszyscy, kt\u00f3rzy utrudzeni i obci\u0105\u017ceni jeste\u015bcie, a Ja was pokrzepi\u0119. We\u017amijcie moje jarzmo na siebie i uczcie si\u0119 ode Mnie, bo jestem \u0142agodny i pokorny sercem, a znajdziecie ukojenie dla dusz waszych. Albowiem jarzmo moje jest s\u0142odkie, a moje brzemi\u0119 lekkie\u201d.<\/b><\/span><\/span><\/span><\/p>\n<p align=\"justify\">\n<p align=\"justify\">\n<p align=\"justify\">\n<p align=\"justify\">\n<p align=\"justify\">\n<p align=\"justify\"><span style=\"color: #000000;\"><span style=\"font-family: Book Antiqua, serif;\"><span style=\"font-size: large;\">Zapewne dobrze znamy s\u0142owa, kt\u00f3rymi ko\u0144czy si\u0119 dzisiejsze pierwsze czytanie: <i><b>Ci, co zaufali Panu, odzyskuj\u0105 si\u0142y, <\/b><\/i><i><b>otrzymuj\u0105 skrzyd\u0142a jak or\u0142y; biegn\u0105 bez zm\u0119czenia, <\/b><\/i><i><b>bez znu\u017cenia id\u0105.<\/b><\/i> Zapewne s\u0142yszeli\u015bmy je, rozwini\u0119te i t\u0142umaczone w niejednym rozwa\u017caniu czy homilii, bo nios\u0105 one w sobie rzeczywi\u015bcie <b>mocne przes\u0142anie,<\/b> ale te\u017c stanowi\u0105 tre\u015b\u0107 <b>jednej z religijnych piosenek,<\/b> tak szczeg\u00f3lnie brzmi\u0105cej, kiedy wykonuje si\u0119 j\u0105 w trakcie pieszej pielgrzymki\u2026 Wtedy naprawd\u0119 mo\u017cna odnie\u015b\u0107 wra\u017cenie, \u017ce <b>Pan <\/b><b>do<\/b><b>daje skrzyd<\/b><b>e\u0142<\/b> tym, kt\u00f3rzy Mu ufaj\u0105 i sam obdarza ich swoj\u0105 moc\u0105. Jakby sam ni\u00f3s\u0142 ich na pielgrzymim szlaku. <\/span><\/span><\/span><\/p>\n<p align=\"justify\"><span style=\"color: #000000;\"><span style=\"font-family: Book Antiqua, serif;\"><span style=\"font-size: large;\">Bo rzeczywi\u015bcie \u2013 tak w\u0142a\u015bnie jest: <b>Pan sam prowadzi i uskrzydla<\/b> swoich przyjaci\u00f3\u0142 na tym najwi\u0119kszym pielgrzymim szlaku, jakim jest <b>\u017cycie cz\u0142owieka. <\/b>Pan sam odbudowuje si\u0142y \u017cyciowego pielgrzyma, a wr\u0119cz uwznio\u015bla go, <b>odrywa go od ziemi!<\/b> Mo\u017ce nie w znaczeniu fizycznym i nie w takim tak\u017ce, \u017ce cz\u0142owiek zacznie \u201ebuja\u0107 w ob\u0142okach\u201d, ale w takim, \u017ce <b>odbudowuje jego wewn\u0119trzne,<\/b> duchowe si\u0142y; pozwala pokona\u0107 \u017cyciowe zm\u0119czenie, apati\u0119, zniech\u0119cenie, kt\u00f3re to tak cz\u0119sto \u201edopadaj\u0105\u201d cz\u0142owieka i z powodu kt\u00f3rych swoj\u0105 codzienno\u015b\u0107 nazywa on \u201eszar\u0105\u201d. <\/span><\/span><\/span><\/p>\n<p align=\"justify\"><span style=\"color: #000000;\"><span style=\"font-family: Book Antiqua, serif;\"><span style=\"font-size: large;\">A przecie\u017c codzienno\u015b\u0107 wcale <b>nie musi by\u0107 szara. <\/b>Co wi\u0119cej \u2013 ona nie jest szara, je\u017celi <b>prze\u017cywa si\u0119 j\u0105 z Bogiem!<\/b> To w\u0142a\u015bnie w tym kontek\u015bcie Prorok Izajasz pyta retorycznie sw\u00f3j nar\u00f3d \u2013 a jednocze\u015bnie, ka\u017cdego z nas: <i><b>Czy nie wiesz tego? Czy\u015b nie s\u0142ysza\u0142? <\/b><\/i><i><b>Pan to B\u00f3g wieczny, Stw\u00f3rca kra\u0144c\u00f3w ziemi. On si\u0119 nie m\u0119czy ani nie nu\u017cy, Jego m\u0105dro\u015b\u0107 jest niezg\u0142\u0119biona. On dodaje mocy zm\u0119czonemu <\/b><\/i><i><b>i pomna\u017ca si\u0142y omdla\u0142ego.<\/b><\/i><i> <\/i><\/span><\/span><\/span><\/p>\n<p align=\"justify\"><span style=\"color: #000000;\"><span style=\"font-family: Book Antiqua, serif;\"><span style=\"font-size: large;\">Jezus t\u0119 my\u015bl rozwin\u0105\u0142 w Ewangelii, gdy <i><b>przem\u00f3wi\u0142 tymi s\u0142owami: \u201ePrzyjd\u017acie do Mnie wszyscy, kt\u00f3rzy utrudzeni i obci\u0105\u017ceni jeste\u015bcie, a Ja was pokrzepi\u0119. We\u017amijcie moje jarzmo na siebie i uczcie si\u0119 ode Mnie, bo jestem \u0142agodny i pokorny sercem, a znajdziecie ukojenie dla dusz waszych. Albowiem jarzmo moje jest s\u0142odkie, a moje brzemi\u0119 lekkie.\u201d <\/b><\/i><\/span><\/span><\/span><\/p>\n<p align=\"justify\"><span style=\"color: #000000;\"><span style=\"font-family: Book Antiqua, serif;\"><span style=\"font-size: large;\">Moi Drodzy, to do ka\u017cdej i ka\u017cdego z nas skierowana zach\u0119ta. Bo okre\u015blenie: <i><b>wszyscy, kt\u00f3rzy utrudzeni i obci\u0105\u017ceni jeste\u015bcie<\/b><\/i><b> \u2013 <\/b>z ca\u0142\u0105 pewno\u015bci\u0105 ka\u017cda i ka\u017cdy z nas w jakim\u015b stopniu odnosi do siebie. Bo ka\u017cdej i ka\u017cdemu z nas przydarzy\u0142a si\u0119 na pewno chocia\u017c raz \u2013 a zapewne i cz\u0119\u015bciej \u2013 sytuacja, w kt\u00f3rej <b>po prostu mieli\u015bmy do\u015b\u0107 wszystkiego!<\/b> I chyba nawet najwi\u0119kszy optymista na \u015bwiecie, cz\u0142owiek o niespo\u017cytej \u017cyciowej energii, charyzmie i huraganowym wr\u0119cz zapale do dzia\u0142ania \u2013 do\u015bwiadcza takich chwil, kiedy jest <b>tak po ludzku i zwyczajnie zm\u0119czony.<\/b> Ma do\u015b\u0107 wszystkiego i wszystkich. <\/span><\/span><\/span><\/p>\n<p align=\"justify\"><span style=\"color: #000000;\"><span style=\"font-family: Book Antiqua, serif;\"><span style=\"font-size: large;\">Odkrywa nagle, \u017ce jego wysi\u0142ek nie przynosi owoc\u00f3w, ludzie go nie doceniaj\u0105, nikt go nie rozumie i tak w og\u00f3le to ju\u017c sam nie wie, <b>po co si\u0119 ze wszystkim szarpie<\/b> od wczesnego rana do p\u00f3\u017anej nocy, a nieraz i w nocy. Ludzie, dla kt\u00f3rych si\u0119 po\u015bwi\u0119ca, maj\u0105 to \u2013 m\u00f3wi\u0105c kolokwialnie \u2013 \u201ew nosie\u201d, <b>nawet nie podzi\u0119kuj\u0105, <\/b>na imieniny nawet smsa nie napisz\u0105\u2026 <b>I po co si\u0119 by\u0142o tak \u201ezarzyna\u0107\u201d?<\/b> \u2013 pojawia si\u0119 pytanie. A niekiedy tak\u017ce i takie zwyczajne, fizyczne zm\u0119czenie dochodzi, mo\u017ce te\u017c jaka\u015b choroba si\u0119 \u201eprzypl\u0105cze\u201d\u2026<\/span><\/span><\/span><\/p>\n<p align=\"justify\"><span style=\"color: #000000;\"><span style=\"font-family: Book Antiqua, serif;\"><span style=\"font-size: large;\">Moi Drodzy, z ca\u0142\u0105 pewno\u015bci\u0105 mo\u017cemy powiedzie\u0107, \u017ce <b>nie ma na ziemi cz\u0142owieka<\/b> \u2013 jeszcze raz podkre\u015blmy: nawet w\u015br\u00f3d najwi\u0119kszych \u015bwi\u0119tych i najbardziej zapalonych charyzmatyk\u00f3w, i najrado\u015bniejszych optymist\u00f3w \u2013 <b>kt\u00f3ry nie do\u015bwiadczy<\/b><b>\u0142<\/b><b>by zm\u0119czenia,<\/b> zniech\u0119cenia; kt\u00f3ry by sobie nie ponarzeka\u0142, nie poskar\u017cy\u0142 si\u0119, a mo\u017ce i \u0142z\u0119 otar\u0142\u2026 Ka\u017cdemu z nas to si\u0119 zdarzy. <\/span><\/span><\/span><\/p>\n<p align=\"justify\"><span style=\"color: #000000;\"><span style=\"font-family: Book Antiqua, serif;\"><span style=\"font-size: large;\">No, oczywi\u015bcie, pomijaj\u0105c ju\u017c tych, kt\u00f3rzy <b>tylko i wy\u0142\u0105cznie narzekaj\u0105,<\/b> skar\u017c\u0105 si\u0119 na wszystko i wszystkich, nic im w \u017cyciu nie pasuje, wszystkich i wszystko krytykuj\u0105 i jeszcze dobrze nie zabrali si\u0119 do jakiejkolwiek pracy, a ju\u017c s\u0105 zm\u0119czeni! Zm\u0119czeni z definicji. Dla samej zasady. Emeryci z powo\u0142ania i z zawodu.<\/span><\/span><\/span><\/p>\n<p align=\"justify\"><span style=\"color: #000000;\"><span style=\"font-family: Book Antiqua, serif;\"><span style=\"font-size: large;\">O takich tu nie m\u00f3wimy, bo oni zm\u0119czenie i narzekanie uczynili <b>jedyn\u0105 tre\u015bci\u0105 swego \u017cycia. <\/b>Takim to chyba nawet <b>sam B\u00f3g nie pomo\u017ce,<\/b> bo oni sobie po prostu nie dadz\u0105 pom\u00f3c \u2013 bo im jest tak dobrze! I co im kto zrobi? <\/span><\/span><\/span><\/p>\n<p align=\"justify\"><span style=\"color: #000000;\"><span style=\"font-family: Book Antiqua, serif;\"><span style=\"font-size: large;\">Dobrze im z ich malkontenctwem, wiecznym niezadowoleniem, ci\u0105g\u0142ym krytykowaniem wszystkiego i wszystkich \u2013 nierzadko, za plecami\u2026 O takich tu nie m\u00f3wimy. Oni sami musz\u0105 pozwoli\u0107 sobie pom\u00f3c i <b>w og\u00f3le <\/b><b>chcie\u0107 sobie pom\u00f3c. <\/b><\/span><\/span><\/span><\/p>\n<p align=\"justify\"><span style=\"color: #000000;\"><span style=\"font-family: Book Antiqua, serif;\"><span style=\"font-size: large;\">M\u00f3wimy o tych, kt\u00f3rzy naprawd\u0119 si\u0119 staraj\u0105 i wszystkie <b>si\u0142y oraz talenty anga\u017cuj\u0105 <\/b>w to, by sensownie i w jakim\u015b celu prze\u017cywa\u0107 swoj\u0105 codzienno\u015b\u0107, ale niekiedy do\u015bwiadcz\u0105 zm\u0119czenia\u2026 To w\u0142a\u015bnie do nich Jezus dzisiaj zwraca si\u0119 z zach\u0119t\u0105, kt\u00f3r\u0105 ju\u017c tu przywo\u0142ywali\u015bmy: <i><b>Przyjd\u017acie do Mnie wszyscy, kt\u00f3rzy utrudzeni i obci\u0105\u017ceni jeste\u015bcie, a Ja was pokrzepi\u0119;<\/b><\/i><b> <\/b>ale zaraz, w nast\u0119pnym zdaniu, dopowiada: <i><b>We\u017amijcie moje jarzmo na siebie i uczcie si\u0119 ode Mnie\u2026<\/b><\/i><b> <\/b><\/span><\/span><\/span><\/p>\n<p align=\"justify\"><span style=\"color: #000000;\"><span style=\"font-family: Book Antiqua, serif;\"><span style=\"font-size: large;\">Moi Drodzy, to nie jest zach\u0119ta do bezczynnego u\u017calania si\u0119 nad sob\u0105, ale \u2013 wprost przeciwnie \u2013 <b>do intensywnego dzia\u0142ania!<\/b> Do wzi\u0119cia si\u0119 za bary ze swoim zniech\u0119ceniem, codziennym znu\u017ceniem\u2026 Do prze\u0142amania tego, co nazywamy z\u0142ym humorem, z\u0142ym dniem, znu\u017ceniem codzienno\u015bci\u0105\u2026 Zawsze w takich sytuacjach <b>najlepszym rozwi\u0105zaniem<\/b> jest bardziej intensywne \u017cycie sakramentalne i gorliwa modlitwa. <\/span><\/span><\/span><\/p>\n<p align=\"justify\"><span style=\"color: #000000;\"><span style=\"font-family: Book Antiqua, serif;\"><span style=\"font-size: large;\">Bo tylko B\u00f3g <i><b>si\u0119 nie m\u0119czy ani nie nu\u017cy, <\/b><\/i><i><b>Jego m\u0105dro\u015b\u0107 jest niezg\u0142\u0119biona. On dodaje mocy zm\u0119czonemu i pomna\u017ca si\u0142y omdla\u0142ego. Ch\u0142opcy si\u0119 m\u0119cz\u0105 i nu\u017c\u0105, chwiej\u0105 si\u0119 s\u0142abn\u0105c m\u0142odzie\u0144cy; lecz ci, co zaufali Panu, odzyskuj\u0105 si\u0142y, otrzymuj\u0105 skrzyd\u0142a jak or\u0142y; biegn\u0105 bez zm\u0119czenia, <\/b><\/i><i><b>bez znu\u017cenia id\u0105.<\/b><\/i><\/span><\/span><\/span><\/p>\n<p align=\"justify\"><span style=\"color: #000000;\"><span style=\"font-family: Book Antiqua, serif;\"><span style=\"font-size: large;\">Dlatego w ka\u017cdej z takich sytuacji mamy do wyboru \u2013 albo: <i><b>Przyjd\u017acie do Mnie wszyscy, kt\u00f3rzy utrudzeni i obci\u0105\u017ceni jeste\u015bcie, a Ja was pokrzepi\u0119. We\u017amijcie moje jarzmo na siebie i uczcie si\u0119 ode Mnie, bo jestem \u0142agodny i pokorny sercem, a znajdziecie ukojenie dla dusz waszych. Albowiem jarzmo moje jest s\u0142odkie, a moje brzemi\u0119 lekkie;<\/b><\/i><b> <\/b>albo u\u017calanie si\u0119 na sob\u0105, rezygnacja ze wszystkiego i totalne poddanie si\u0119.<\/span><\/span><\/span><\/p>\n<p align=\"justify\"><span style=\"color: #000000;\"><span style=\"font-family: Book Antiqua, serif;\"><span style=\"font-size: large;\">Jak ja dokonuj\u0119 tego wyboru? I co robi\u0119, aby jednak odnawia\u0107 moj\u0105 duchow\u0105 energi\u0119 \u2013 w \u0142\u0105czno\u015bci z moim Panem?\u2026 <\/span><\/span><\/span><\/p>\n","protected":false},"excerpt":{"rendered":"<p>Szcz\u0119\u015b\u0107 Bo\u017ce! Moi Drodzy, w dniu dzisiejszym urodziny prze\u017cywa m\u00f3j dotychczasowy Proboszcz w Miastkowie, Ksi\u0105dz Kanonik Adam Turemka, a imieniny \u2013 Ksi\u0105dz Waldemar Grzeszczuk, kt\u00f3ry swego czasu pomaga\u0142 nam duszpastersko w Celestynowie, a teraz jest Kustoszem Sanktuarium w Osuchowej, w Diecezji \u0142om\u017cy\u0144skiej. Obu \u015bwi\u0119tuj\u0105cym Kap\u0142anom \u017cycz\u0119 niespo\u017cytej Bo\u017cej energii w sercach! I o ni\u0105 b\u0119d\u0119 [&hellip;]<\/p>\n","protected":false},"author":1,"featured_media":0,"comment_status":"open","ping_status":"open","sticky":false,"template":"","format":"standard","meta":{"jetpack_post_was_ever_published":false,"_jetpack_newsletter_access":"","_jetpack_dont_email_post_to_subs":false,"_jetpack_newsletter_tier_id":0,"_jetpack_memberships_contains_paywalled_content":false,"_jetpack_memberships_contains_paid_content":false,"footnotes":""},"categories":[1],"tags":[],"class_list":["post-16301","post","type-post","status-publish","format-standard","hentry","category-bez-kategorii"],"yoast_head":"<!-- This site is optimized with the Yoast SEO plugin v25.1 - https:\/\/yoast.com\/wordpress\/plugins\/seo\/ -->\n<title>Otrzymuj\u0105 skrzyd\u0142a, jak or\u0142y! - Gaudium Et Spes<\/title>\n<meta name=\"robots\" content=\"index, follow, max-snippet:-1, max-image-preview:large, max-video-preview:-1\" \/>\n<link rel=\"canonical\" href=\"https:\/\/gaudiumetspes-blog.pl\/index.php\/2019\/12\/11\/odzyskuja-skrzydla-jak-orly\/\" \/>\n<meta property=\"og:locale\" content=\"pl_PL\" \/>\n<meta property=\"og:type\" content=\"article\" \/>\n<meta property=\"og:title\" content=\"Otrzymuj\u0105 skrzyd\u0142a, jak or\u0142y! - Gaudium Et Spes\" \/>\n<meta property=\"og:description\" content=\"Szcz\u0119\u015b\u0107 Bo\u017ce! Moi Drodzy, w dniu dzisiejszym urodziny prze\u017cywa m\u00f3j dotychczasowy Proboszcz w Miastkowie, Ksi\u0105dz Kanonik Adam Turemka, a imieniny \u2013 Ksi\u0105dz Waldemar Grzeszczuk, kt\u00f3ry swego czasu pomaga\u0142 nam duszpastersko w Celestynowie, a teraz jest Kustoszem Sanktuarium w Osuchowej, w Diecezji \u0142om\u017cy\u0144skiej. Obu \u015bwi\u0119tuj\u0105cym Kap\u0142anom \u017cycz\u0119 niespo\u017cytej Bo\u017cej energii w sercach! I o ni\u0105 b\u0119d\u0119 [&hellip;]\" \/>\n<meta property=\"og:url\" content=\"https:\/\/gaudiumetspes-blog.pl\/index.php\/2019\/12\/11\/odzyskuja-skrzydla-jak-orly\/\" \/>\n<meta property=\"og:site_name\" content=\"Gaudium Et Spes\" \/>\n<meta property=\"article:published_time\" content=\"2019-12-11T05:16:32+00:00\" \/>\n<meta property=\"article:modified_time\" content=\"2019-12-11T05:17:20+00:00\" \/>\n<meta name=\"author\" content=\"Ks. Jacek\" \/>\n<meta name=\"twitter:card\" content=\"summary_large_image\" \/>\n<meta name=\"twitter:label1\" content=\"Napisane przez\" \/>\n\t<meta name=\"twitter:data1\" content=\"Ks. Jacek\" \/>\n\t<meta name=\"twitter:label2\" content=\"Szacowany czas czytania\" \/>\n\t<meta name=\"twitter:data2\" content=\"7 minut\" \/>\n<script type=\"application\/ld+json\" class=\"yoast-schema-graph\">{\"@context\":\"https:\/\/schema.org\",\"@graph\":[{\"@type\":\"WebPage\",\"@id\":\"https:\/\/gaudiumetspes-blog.pl\/index.php\/2019\/12\/11\/odzyskuja-skrzydla-jak-orly\/\",\"url\":\"https:\/\/gaudiumetspes-blog.pl\/index.php\/2019\/12\/11\/odzyskuja-skrzydla-jak-orly\/\",\"name\":\"Otrzymuj\u0105 skrzyd\u0142a, jak or\u0142y! - Gaudium Et Spes\",\"isPartOf\":{\"@id\":\"https:\/\/gaudiumetspes-blog.pl\/#website\"},\"datePublished\":\"2019-12-11T05:16:32+00:00\",\"dateModified\":\"2019-12-11T05:17:20+00:00\",\"author\":{\"@id\":\"https:\/\/gaudiumetspes-blog.pl\/#\/schema\/person\/1661982992b752dea8dff0d4ed845a65\"},\"breadcrumb\":{\"@id\":\"https:\/\/gaudiumetspes-blog.pl\/index.php\/2019\/12\/11\/odzyskuja-skrzydla-jak-orly\/#breadcrumb\"},\"inLanguage\":\"pl-PL\",\"potentialAction\":[{\"@type\":\"ReadAction\",\"target\":[\"https:\/\/gaudiumetspes-blog.pl\/index.php\/2019\/12\/11\/odzyskuja-skrzydla-jak-orly\/\"]}]},{\"@type\":\"BreadcrumbList\",\"@id\":\"https:\/\/gaudiumetspes-blog.pl\/index.php\/2019\/12\/11\/odzyskuja-skrzydla-jak-orly\/#breadcrumb\",\"itemListElement\":[{\"@type\":\"ListItem\",\"position\":1,\"name\":\"Strona g\u0142\u00f3wna\",\"item\":\"https:\/\/gaudiumetspes-blog.pl\/\"},{\"@type\":\"ListItem\",\"position\":2,\"name\":\"Otrzymuj\u0105 skrzyd\u0142a, jak or\u0142y!\"}]},{\"@type\":\"WebSite\",\"@id\":\"https:\/\/gaudiumetspes-blog.pl\/#website\",\"url\":\"https:\/\/gaudiumetspes-blog.pl\/\",\"name\":\"Gaudium Et Spes\",\"description\":\"Blog Ks. Jacka Ja\u015bkowskiego\",\"potentialAction\":[{\"@type\":\"SearchAction\",\"target\":{\"@type\":\"EntryPoint\",\"urlTemplate\":\"https:\/\/gaudiumetspes-blog.pl\/?s={search_term_string}\"},\"query-input\":{\"@type\":\"PropertyValueSpecification\",\"valueRequired\":true,\"valueName\":\"search_term_string\"}}],\"inLanguage\":\"pl-PL\"},{\"@type\":\"Person\",\"@id\":\"https:\/\/gaudiumetspes-blog.pl\/#\/schema\/person\/1661982992b752dea8dff0d4ed845a65\",\"name\":\"Ks. Jacek\",\"image\":{\"@type\":\"ImageObject\",\"inLanguage\":\"pl-PL\",\"@id\":\"https:\/\/gaudiumetspes-blog.pl\/#\/schema\/person\/image\/\",\"url\":\"https:\/\/gaudiumetspes-blog.pl\/wp-content\/uploads\/2019\/07\/avatar-JJ-150x150.jpg\",\"contentUrl\":\"https:\/\/gaudiumetspes-blog.pl\/wp-content\/uploads\/2019\/07\/avatar-JJ-150x150.jpg\",\"caption\":\"Ks. Jacek\"},\"description\":\"Witam serdecznie! K\u0142ania si\u0119 Ks. Jacek Ja\u015bkowski. Nie jestem ani kim\u015b wa\u017cnym, ani kim\u015b znanym. Jestem ksi\u0119dzem, kt\u00f3ry po prostu chce rozmawia\u0107. Codzienna kap\u0142a\u0144ska pos\u0142uga pokazuje mi, \u017ce temat\u00f3w do rozm\u00f3w z ksi\u0119dzem jest coraz wi\u0119cej i dzisiaj \u017caden ksi\u0105dz nie mo\u017ce od nich ucieka\u0107, ale - wprost przeciwnie - podejmowa\u0107 nowe wyzwania. To przekonanie sk\u0142oni\u0142o mnie do pr\u00f3by otwarcia tego\u017c bloga, chocia\u017c okazji do rozm\u00f3w na co dzie\u0144 - w konfesjonale i poza nim - na szcz\u0119\u015bcie nie brakuje. My\u015bl\u0119 jednak, \u017ce ten blog b\u0119dzie jeszcze jednym sposobem i przestrzeni\u0105 nawi\u0105zania kontaktu z lud\u017ami dobrej woli, otwartymi na dialog.\",\"url\":\"https:\/\/gaudiumetspes-blog.pl\/index.php\/author\/ks-jacek\/\"}]}<\/script>\n<!-- \/ Yoast SEO plugin. -->","yoast_head_json":{"title":"Otrzymuj\u0105 skrzyd\u0142a, jak or\u0142y! - Gaudium Et Spes","robots":{"index":"index","follow":"follow","max-snippet":"max-snippet:-1","max-image-preview":"max-image-preview:large","max-video-preview":"max-video-preview:-1"},"canonical":"https:\/\/gaudiumetspes-blog.pl\/index.php\/2019\/12\/11\/odzyskuja-skrzydla-jak-orly\/","og_locale":"pl_PL","og_type":"article","og_title":"Otrzymuj\u0105 skrzyd\u0142a, jak or\u0142y! - Gaudium Et Spes","og_description":"Szcz\u0119\u015b\u0107 Bo\u017ce! Moi Drodzy, w dniu dzisiejszym urodziny prze\u017cywa m\u00f3j dotychczasowy Proboszcz w Miastkowie, Ksi\u0105dz Kanonik Adam Turemka, a imieniny \u2013 Ksi\u0105dz Waldemar Grzeszczuk, kt\u00f3ry swego czasu pomaga\u0142 nam duszpastersko w Celestynowie, a teraz jest Kustoszem Sanktuarium w Osuchowej, w Diecezji \u0142om\u017cy\u0144skiej. Obu \u015bwi\u0119tuj\u0105cym Kap\u0142anom \u017cycz\u0119 niespo\u017cytej Bo\u017cej energii w sercach! I o ni\u0105 b\u0119d\u0119 [&hellip;]","og_url":"https:\/\/gaudiumetspes-blog.pl\/index.php\/2019\/12\/11\/odzyskuja-skrzydla-jak-orly\/","og_site_name":"Gaudium Et Spes","article_published_time":"2019-12-11T05:16:32+00:00","article_modified_time":"2019-12-11T05:17:20+00:00","author":"Ks. Jacek","twitter_card":"summary_large_image","twitter_misc":{"Napisane przez":"Ks. Jacek","Szacowany czas czytania":"7 minut"},"schema":{"@context":"https:\/\/schema.org","@graph":[{"@type":"WebPage","@id":"https:\/\/gaudiumetspes-blog.pl\/index.php\/2019\/12\/11\/odzyskuja-skrzydla-jak-orly\/","url":"https:\/\/gaudiumetspes-blog.pl\/index.php\/2019\/12\/11\/odzyskuja-skrzydla-jak-orly\/","name":"Otrzymuj\u0105 skrzyd\u0142a, jak or\u0142y! - Gaudium Et Spes","isPartOf":{"@id":"https:\/\/gaudiumetspes-blog.pl\/#website"},"datePublished":"2019-12-11T05:16:32+00:00","dateModified":"2019-12-11T05:17:20+00:00","author":{"@id":"https:\/\/gaudiumetspes-blog.pl\/#\/schema\/person\/1661982992b752dea8dff0d4ed845a65"},"breadcrumb":{"@id":"https:\/\/gaudiumetspes-blog.pl\/index.php\/2019\/12\/11\/odzyskuja-skrzydla-jak-orly\/#breadcrumb"},"inLanguage":"pl-PL","potentialAction":[{"@type":"ReadAction","target":["https:\/\/gaudiumetspes-blog.pl\/index.php\/2019\/12\/11\/odzyskuja-skrzydla-jak-orly\/"]}]},{"@type":"BreadcrumbList","@id":"https:\/\/gaudiumetspes-blog.pl\/index.php\/2019\/12\/11\/odzyskuja-skrzydla-jak-orly\/#breadcrumb","itemListElement":[{"@type":"ListItem","position":1,"name":"Strona g\u0142\u00f3wna","item":"https:\/\/gaudiumetspes-blog.pl\/"},{"@type":"ListItem","position":2,"name":"Otrzymuj\u0105 skrzyd\u0142a, jak or\u0142y!"}]},{"@type":"WebSite","@id":"https:\/\/gaudiumetspes-blog.pl\/#website","url":"https:\/\/gaudiumetspes-blog.pl\/","name":"Gaudium Et Spes","description":"Blog Ks. Jacka Ja\u015bkowskiego","potentialAction":[{"@type":"SearchAction","target":{"@type":"EntryPoint","urlTemplate":"https:\/\/gaudiumetspes-blog.pl\/?s={search_term_string}"},"query-input":{"@type":"PropertyValueSpecification","valueRequired":true,"valueName":"search_term_string"}}],"inLanguage":"pl-PL"},{"@type":"Person","@id":"https:\/\/gaudiumetspes-blog.pl\/#\/schema\/person\/1661982992b752dea8dff0d4ed845a65","name":"Ks. Jacek","image":{"@type":"ImageObject","inLanguage":"pl-PL","@id":"https:\/\/gaudiumetspes-blog.pl\/#\/schema\/person\/image\/","url":"https:\/\/gaudiumetspes-blog.pl\/wp-content\/uploads\/2019\/07\/avatar-JJ-150x150.jpg","contentUrl":"https:\/\/gaudiumetspes-blog.pl\/wp-content\/uploads\/2019\/07\/avatar-JJ-150x150.jpg","caption":"Ks. Jacek"},"description":"Witam serdecznie! K\u0142ania si\u0119 Ks. Jacek Ja\u015bkowski. Nie jestem ani kim\u015b wa\u017cnym, ani kim\u015b znanym. Jestem ksi\u0119dzem, kt\u00f3ry po prostu chce rozmawia\u0107. Codzienna kap\u0142a\u0144ska pos\u0142uga pokazuje mi, \u017ce temat\u00f3w do rozm\u00f3w z ksi\u0119dzem jest coraz wi\u0119cej i dzisiaj \u017caden ksi\u0105dz nie mo\u017ce od nich ucieka\u0107, ale - wprost przeciwnie - podejmowa\u0107 nowe wyzwania. To przekonanie sk\u0142oni\u0142o mnie do pr\u00f3by otwarcia tego\u017c bloga, chocia\u017c okazji do rozm\u00f3w na co dzie\u0144 - w konfesjonale i poza nim - na szcz\u0119\u015bcie nie brakuje. My\u015bl\u0119 jednak, \u017ce ten blog b\u0119dzie jeszcze jednym sposobem i przestrzeni\u0105 nawi\u0105zania kontaktu z lud\u017ami dobrej woli, otwartymi na dialog.","url":"https:\/\/gaudiumetspes-blog.pl\/index.php\/author\/ks-jacek\/"}]}},"jetpack_featured_media_url":"","jetpack_sharing_enabled":true,"_links":{"self":[{"href":"https:\/\/gaudiumetspes-blog.pl\/index.php\/wp-json\/wp\/v2\/posts\/16301","targetHints":{"allow":["GET"]}}],"collection":[{"href":"https:\/\/gaudiumetspes-blog.pl\/index.php\/wp-json\/wp\/v2\/posts"}],"about":[{"href":"https:\/\/gaudiumetspes-blog.pl\/index.php\/wp-json\/wp\/v2\/types\/post"}],"author":[{"embeddable":true,"href":"https:\/\/gaudiumetspes-blog.pl\/index.php\/wp-json\/wp\/v2\/users\/1"}],"replies":[{"embeddable":true,"href":"https:\/\/gaudiumetspes-blog.pl\/index.php\/wp-json\/wp\/v2\/comments?post=16301"}],"version-history":[{"count":2,"href":"https:\/\/gaudiumetspes-blog.pl\/index.php\/wp-json\/wp\/v2\/posts\/16301\/revisions"}],"predecessor-version":[{"id":16303,"href":"https:\/\/gaudiumetspes-blog.pl\/index.php\/wp-json\/wp\/v2\/posts\/16301\/revisions\/16303"}],"wp:attachment":[{"href":"https:\/\/gaudiumetspes-blog.pl\/index.php\/wp-json\/wp\/v2\/media?parent=16301"}],"wp:term":[{"taxonomy":"category","embeddable":true,"href":"https:\/\/gaudiumetspes-blog.pl\/index.php\/wp-json\/wp\/v2\/categories?post=16301"},{"taxonomy":"post_tag","embeddable":true,"href":"https:\/\/gaudiumetspes-blog.pl\/index.php\/wp-json\/wp\/v2\/tags?post=16301"}],"curies":[{"name":"wp","href":"https:\/\/api.w.org\/{rel}","templated":true}]}}