{"id":16304,"date":"2019-12-12T07:44:56","date_gmt":"2019-12-12T06:44:56","guid":{"rendered":"https:\/\/gaudiumetspes-blog.pl\/?p=16304"},"modified":"2019-12-12T07:44:56","modified_gmt":"2019-12-12T06:44:56","slug":"nie-przeszkadzajmy-bogu","status":"publish","type":"post","link":"https:\/\/gaudiumetspes-blog.pl\/index.php\/2019\/12\/12\/nie-przeszkadzajmy-bogu\/","title":{"rendered":"Nie przeszkadzajmy Bogu!"},"content":{"rendered":"<p align=\"justify\"><span style=\"color: #000000;\"><span style=\"font-family: Book Antiqua, serif;\"><span style=\"font-size: large;\">Szcz\u0119\u015b\u0107 Bo\u017ce! Moi Drodzy, w dniu dzisiejszym <b>urodziny prze\u017cywa Wojciech Wa\u0142achowski, za moich czas\u00f3w \u2013 Prezes S\u0142u\u017cby liturgicznej w \u017belechowie. Niech Mu Pan b\u0142ogos\u0142awi we wszystkim, co dobre i wa\u017cne w Jego \u017cyciu! Zapewniam o modlitwie!<\/b><\/span><\/span><\/span><\/p>\n<p align=\"justify\"><span style=\"color: #000000;\"><span style=\"font-family: Book Antiqua, serif;\"><span style=\"font-size: large;\">A Wam, moi Drodzy, \u017cycz\u0119 b\u0142ogos\u0142awionego dnia!<\/span><\/span><\/span><\/p>\n<p align=\"center\"><span style=\"color: #000000;\"><span style=\"font-family: Book Antiqua, serif;\"><span style=\"font-size: large;\">Gaudium et spes! Ks. Jacek<\/span><\/span><\/span><\/p>\n<p align=\"center\">\n<p align=\"center\">\n<p align=\"center\">\n<p align=\"center\">\n<p align=\"center\">\n<p align=\"justify\"><span style=\"color: #000000;\"><span style=\"font-family: Book Antiqua, serif;\"><span style=\"font-size: large;\"><b>Czwartek 2 Tygodnia Adwentu,<\/b><\/span><\/span><\/span><\/p>\n<p align=\"justify\"><span style=\"color: #000000;\"><span style=\"font-family: Book Antiqua, serif;\"><span style=\"font-size: large;\"><b>do czyta\u0144: Iz 41,13\u201320; Mt 11,11\u201315<\/b><\/span><\/span><\/span><\/p>\n<p align=\"justify\">\n<p align=\"justify\">\n<p align=\"justify\">\n<p align=\"justify\">\n<p align=\"justify\">\n<p align=\"justify\"><span style=\"color: #000000;\"><span style=\"font-family: Book Antiqua, serif;\"><span style=\"font-size: large;\"><b>CZYTANIE Z KSI\u0118GI PROROKA IZAJASZA: <\/b><\/span><\/span><\/span><\/p>\n<p align=\"justify\"><span style=\"color: #000000;\"><span style=\"font-family: Book Antiqua, serif;\"><span style=\"font-size: large;\"><b>Ja, tw\u00f3j B\u00f3g, <\/b><\/span><\/span><\/span><\/p>\n<p align=\"justify\"><span style=\"color: #000000;\"><span style=\"font-family: Book Antiqua, serif;\"><span style=\"font-size: large;\"><b>uj\u0105\u0142em ci\u0119 za prawic\u0119, <\/b><\/span><\/span><\/span><\/p>\n<p align=\"justify\"><span style=\"color: #000000;\"><span style=\"font-family: Book Antiqua, serif;\"><span style=\"font-size: large;\"><b>m\u00f3wi\u0105c ci: \u201eNie l\u0119kaj si\u0119, <\/b><\/span><\/span><\/span><\/p>\n<p align=\"justify\"><span style=\"color: #000000;\"><span style=\"font-family: Book Antiqua, serif;\"><span style=\"font-size: large;\"><b>przychodz\u0119 ci z pomoc\u0105\u201d. <\/b><\/span><\/span><\/span><\/p>\n<p align=\"justify\"><span style=\"color: #000000;\"><span style=\"font-family: Book Antiqua, serif;\"><span style=\"font-size: large;\"><b>Nie b\u00f3j si\u0119, robaczku Jakubie, <\/b><\/span><\/span><\/span><\/p>\n<p align=\"justify\"><span style=\"color: #000000;\"><span style=\"font-family: Book Antiqua, serif;\"><span style=\"font-size: large;\"><b>nieboraku, o Izraelu! <\/b><\/span><\/span><\/span><\/p>\n<p align=\"justify\"><span style=\"color: #000000;\"><span style=\"font-family: Book Antiqua, serif;\"><span style=\"font-size: large;\"><b>Ja ci\u0119 wspomagam, m\u00f3wi Pan, <\/b><\/span><\/span><\/span><\/p>\n<p align=\"justify\"><span style=\"color: #000000;\"><span style=\"font-family: Book Antiqua, serif;\"><span style=\"font-size: large;\"><b>odkupiciel tw\u00f3j, \u015awi\u0119ty Izraela. <\/b><\/span><\/span><\/span><\/p>\n<p align=\"justify\"><span style=\"color: #000000;\"><span style=\"font-family: Book Antiqua, serif;\"><span style=\"font-size: large;\"><b>Oto Ja przemieniam ci\u0119 w m\u0142ocarskie sanie, <\/b><\/span><\/span><\/span><\/p>\n<p align=\"justify\"><span style=\"color: #000000;\"><span style=\"font-family: Book Antiqua, serif;\"><span style=\"font-size: large;\"><b>nowe, o podw\u00f3jnym rz\u0119dzie z\u0119b\u00f3w: <\/b><\/span><\/span><\/span><\/p>\n<p align=\"justify\"><span style=\"color: #000000;\"><span style=\"font-family: Book Antiqua, serif;\"><span style=\"font-size: large;\"><b>Ty zm\u0142\u00f3cisz i wykruszysz g\u00f3ry, <\/b><\/span><\/span><\/span><\/p>\n<p align=\"justify\"><span style=\"color: #000000;\"><span style=\"font-family: Book Antiqua, serif;\"><span style=\"font-size: large;\"><b>zmienisz pag\u00f3rki w drobn\u0105 sieczk\u0119. <\/b><\/span><\/span><\/span><\/p>\n<p align=\"justify\"><span style=\"color: #000000;\"><span style=\"font-family: Book Antiqua, serif;\"><span style=\"font-size: large;\"><b>Ty je przewiejesz, a wicher je porwie <\/b><\/span><\/span><\/span><\/p>\n<p align=\"justify\"><span style=\"color: #000000;\"><span style=\"font-family: Book Antiqua, serif;\"><span style=\"font-size: large;\"><b>i tr\u0105ba powietrzna rozmiecie. <\/b><\/span><\/span><\/span><\/p>\n<p align=\"justify\"><span style=\"color: #000000;\"><span style=\"font-family: Book Antiqua, serif;\"><span style=\"font-size: large;\"><b>Ty natomiast rozradujesz si\u0119 w Panu, <\/b><\/span><\/span><\/span><\/p>\n<p align=\"justify\"><span style=\"color: #000000;\"><span style=\"font-family: Book Antiqua, serif;\"><span style=\"font-size: large;\"><b>chlubi\u0107 si\u0119 b\u0119dziesz w \u015awi\u0119tym Izraela. <\/b><\/span><\/span><\/span><\/p>\n<p align=\"justify\"><span style=\"color: #000000;\"><span style=\"font-family: Book Antiqua, serif;\"><span style=\"font-size: large;\"><b>N\u0119dzni i biedni szukaj\u0105 wody, i nie ma! <\/b><\/span><\/span><\/span><\/p>\n<p align=\"justify\"><span style=\"color: #000000;\"><span style=\"font-family: Book Antiqua, serif;\"><span style=\"font-size: large;\"><b>Ich j\u0119zyk wysech\u0142 ju\u017c z pragnienia. <\/b><\/span><\/span><\/span><\/p>\n<p align=\"justify\"><span style=\"color: #000000;\"><span style=\"font-family: Book Antiqua, serif;\"><span style=\"font-size: large;\"><b>Ja, Pan, wys\u0142ucham ich, <\/b><\/span><\/span><\/span><\/p>\n<p align=\"justify\"><span style=\"color: #000000;\"><span style=\"font-family: Book Antiqua, serif;\"><span style=\"font-size: large;\"><b>nie opuszcz\u0119 ich Ja, B\u00f3g Izraela. <\/b><\/span><\/span><\/span><\/p>\n<p align=\"justify\"><span style=\"color: #000000;\"><span style=\"font-family: Book Antiqua, serif;\"><span style=\"font-size: large;\"><b>Ka\u017c\u0119 wytrysn\u0105\u0107 strumieniom na nagich wzg\u00f3rzach <\/b><\/span><\/span><\/span><\/p>\n<p align=\"justify\"><span style=\"color: #000000;\"><span style=\"font-family: Book Antiqua, serif;\"><span style=\"font-size: large;\"><b>i \u017ar\u00f3d\u0142om w\u00f3d po\u015brodku nizin. <\/b><\/span><\/span><\/span><\/p>\n<p align=\"justify\"><span style=\"color: #000000;\"><span style=\"font-family: Book Antiqua, serif;\"><span style=\"font-size: large;\"><b>Zamieni\u0119 pustyni\u0119 na pojezierze, <\/b><\/span><\/span><\/span><\/p>\n<p align=\"justify\"><span style=\"color: #000000;\"><span style=\"font-family: Book Antiqua, serif;\"><span style=\"font-size: large;\"><b>a wyschni\u0119t\u0105 ziemi\u0119 na wodotryski. <\/b><\/span><\/span><\/span><\/p>\n<p align=\"justify\"><span style=\"color: #000000;\"><span style=\"font-family: Book Antiqua, serif;\"><span style=\"font-size: large;\"><b>Na pustyni zasadz\u0119 cedry, <\/b><\/span><\/span><\/span><\/p>\n<p align=\"justify\"><span style=\"color: #000000;\"><span style=\"font-family: Book Antiqua, serif;\"><span style=\"font-size: large;\"><b>akacje, mirty i oliwki; <\/b><\/span><\/span><\/span><\/p>\n<p align=\"justify\"><span style=\"color: #000000;\"><span style=\"font-family: Book Antiqua, serif;\"><span style=\"font-size: large;\"><b>rozkrzewi\u0119 na pustkowiu cyprysy, <\/b><\/span><\/span><\/span><\/p>\n<p align=\"justify\"><span style=\"color: #000000;\"><span style=\"font-family: Book Antiqua, serif;\"><span style=\"font-size: large;\"><b>wi\u0105zy i bukszpan obok siebie. <\/b><\/span><\/span><\/span><\/p>\n<p align=\"justify\"><span style=\"color: #000000;\"><span style=\"font-family: Book Antiqua, serif;\"><span style=\"font-size: large;\"><b>A\u017ceby widzieli i poznali, <\/b><\/span><\/span><\/span><\/p>\n<p align=\"justify\"><span style=\"color: #000000;\"><span style=\"font-family: Book Antiqua, serif;\"><span style=\"font-size: large;\"><b>rozwa\u017cyli i poj\u0119li wszyscy, <\/b><\/span><\/span><\/span><\/p>\n<p align=\"justify\"><span style=\"color: #000000;\"><span style=\"font-family: Book Antiqua, serif;\"><span style=\"font-size: large;\"><b>\u017ce r\u0119ka Pana to uczyni\u0142a, <\/b><\/span><\/span><\/span><\/p>\n<p align=\"justify\"><span style=\"color: #000000;\"><span style=\"font-family: Book Antiqua, serif;\"><span style=\"font-size: large;\"><b>\u017ce \u015awi\u0119ty Izraela tego dokona\u0142.<\/b><\/span><\/span><\/span><\/p>\n<p align=\"justify\">\n<p align=\"justify\">\n<p align=\"justify\">\n<p align=\"justify\">\n<p align=\"justify\">\n<p align=\"justify\"><span style=\"color: #000000;\"><span style=\"font-family: Book Antiqua, serif;\"><span style=\"font-size: large;\"><b>S\u0141OWA EWANGELII WED\u0141UG \u015aWI\u0118TEGO MATEUSZA: <\/b><\/span><\/span><\/span><\/p>\n<p align=\"justify\"><span style=\"color: #000000;\"><span style=\"font-family: Book Antiqua, serif;\"><span style=\"font-size: large;\"><b>Jezus powiedzia\u0142 do t\u0142um\u00f3w: \u201eZaprawd\u0119, powiadam wam: Mi\u0119dzy narodzonymi z niewiast nie powsta\u0142 wi\u0119kszy od Jana Chrzciciela. Lecz najmniejszy w kr\u00f3lestwie niebieskim wi\u0119kszy jest ni\u017c on. A od czasu Jana Chrzciciela a\u017c dot\u0105d Kr\u00f3lestwo niebieskie doznaje gwa\u0142tu i ludzie gwa\u0142towni zdobywaj\u0105 je. Wszyscy bowiem Prorocy i Prawo prorokowali a\u017c do Jana. A je\u015bli chcecie przyj\u0105\u0107, to on jest Eliaszem, kt\u00f3ry ma przyj\u015b\u0107. <\/b><\/span><\/span><\/span><\/p>\n<p align=\"justify\"><span style=\"color: #000000;\"><span style=\"font-family: Book Antiqua, serif;\"><span style=\"font-size: large;\"><b>Kto ma uszy, niechaj s\u0142ucha\u201d.<\/b><\/span><\/span><\/span><\/p>\n<p align=\"justify\">\n<p align=\"justify\">\n<p align=\"justify\">\n<p align=\"justify\">\n<p align=\"justify\">\n<p align=\"justify\"><span style=\"color: #000000;\"><span style=\"font-size: large;\"><span style=\"font-family: Book Antiqua, serif;\">P<\/span><span style=\"font-family: Book Antiqua, serif;\">rzekaz obu dzisiejszych czyta\u0144 zosta\u0142 zbudowany <\/span><span style=\"font-family: Book Antiqua, serif;\"><b>na zasadzie swoistego kontrastu,<\/b><\/span><span style=\"font-family: Book Antiqua, serif;\"> jaki zachodzi mi\u0119dzy tym, co ludzkie i s\u0142abe, a tym, co Boskie, a przez to \u2013 mocne i zwyci\u0119skie. A tak\u017ce to ludzkie, kiedy zostanie wsparte przez to, co Boskie, <\/span><span style=\"font-family: Book Antiqua, serif;\"><b>nabywa mocy i jest zwyci\u0119skie.<\/b><\/span> <\/span><\/span><\/p>\n<p align=\"justify\"><span style=\"color: #000000;\"><span style=\"font-size: large;\"><span style=\"font-family: Book Antiqua, serif;\">To takie mo\u017ce nieco zawi\u0142e rozwa\u017canie, ale <\/span><span style=\"font-family: Book Antiqua, serif;\">wyra\u017anie zobaczymy<\/span><span style=\"font-family: Book Antiqua, serif;\">, w czym rzecz, kiedy najpierw zwr\u00f3cimy uwag\u0119 na te oto s\u0142owa z Izajaszowego Proroctwa: <\/span><span style=\"font-family: Book Antiqua, serif;\"><i><b>Ja, tw\u00f3j B\u00f3g, <\/b><\/i><\/span><span style=\"font-family: Book Antiqua, serif;\"><i><b>uj\u0105\u0142em ci\u0119 za prawic\u0119, m\u00f3wi\u0105c ci: \u201eNie l\u0119kaj si\u0119, przychodz\u0119 ci z pomoc\u0105\u201d. Nie b\u00f3j si\u0119, robaczku Jakubie, <\/b><\/i><\/span><span style=\"font-family: Book Antiqua, serif;\"><i><b>nieboraku, <\/b><\/i><\/span><span style=\"font-family: Book Antiqua, serif;\"><i><b>o<\/b><\/i><\/span><span style=\"font-family: Book Antiqua, serif;\"><i><b> Izraelu!; <\/b><\/i><\/span><span style=\"font-family: Book Antiqua, serif;\">a zaraz potem: <\/span><span style=\"font-family: Book Antiqua, serif;\"><i><b>Ja ci\u0119 wspomagam, m\u00f3wi Pan, <\/b><\/i><\/span><span style=\"font-family: Book Antiqua, serif;\"><i><b>odkupiciel tw\u00f3j, \u015awi\u0119ty Izraela. Oto Ja przemieniam ci\u0119 w m\u0142ocarskie sanie, nowe, o podw\u00f3jnym rz\u0119dzie z\u0119b\u00f3w: Ty zm\u0142\u00f3cisz i wykruszysz g\u00f3ry, zmienisz pag\u00f3rki w drobn\u0105 sieczk\u0119. <\/b><\/i><\/span><span style=\"font-family: Book Antiqua, serif;\"><i><b>Ty je przewiejesz, a wicher je porwie <\/b><\/i><\/span><span style=\"font-family: Book Antiqua, serif;\"><i><b>i tr\u0105ba powietrzna rozmiecie.<\/b><\/i><\/span> <\/span><\/span><\/p>\n<p align=\"justify\"><span style=\"color: #000000;\"><span style=\"font-size: large;\"><span style=\"font-family: Book Antiqua, serif;\">Zatem, <\/span><span style=\"font-family: Book Antiqua, serif;\">\u00ab<\/span><span style=\"font-family: Book Antiqua, serif;\">robaczek<\/span><span style=\"font-family: Book Antiqua, serif;\">\u00bb<\/span><span style=\"font-family: Book Antiqua, serif;\"> i <\/span><span style=\"font-family: Book Antiqua, serif;\">\u00ab<\/span><span style=\"font-family: Book Antiqua, serif;\">nieborak<\/span><span style=\"font-family: Book Antiqua, serif;\">\u00bb<\/span><span style=\"font-family: Book Antiqua, serif;\"> \u2013 czyli kto\u015b, kto jest\u2026 <\/span><span style=\"font-family: Book Antiqua, serif;\">no, w\u0142a\u015bnie, <\/span><span style=\"font-family: Book Antiqua, serif;\">robaczkiem i nieborakiem, bo trudno to jeszcze jako\u015b ja\u015bniej i dok\u0142adniej t\u0142umaczy\u0107 \u2013 ma si\u0119 nagle sta\u0107 niemal\u017ce <\/span><span style=\"font-family: Book Antiqua, serif;\"><b>s\u0119dzi\u0105 \u015bwiata! <\/b><\/span><span style=\"font-family: Book Antiqua, serif;\">I wykonawc\u0105 Bo\u017cych wyrok\u00f3w nad \u015bwiatem! <\/span><\/span><\/span><\/p>\n<p align=\"justify\"><span style=\"color: #000000;\"><span style=\"font-size: large;\"><span style=\"font-family: Book Antiqua, serif;\">Zw\u0142aszcza, kiedy jeszcze we\u017amiemy pod uwag\u0119 te s\u0142owa: <\/span><span style=\"font-family: Book Antiqua, serif;\"><i><b>Ty natomiast rozradujesz si\u0119 w Panu, <\/b><\/i><\/span><span style=\"font-family: Book Antiqua, serif;\"><i><b>chlubi\u0107 si\u0119 b\u0119dziesz w \u015awi\u0119tym Izraela. N\u0119dzni i biedni szukaj\u0105 wody, i nie ma! Ich j\u0119zyk wysech\u0142 ju\u017c z pragnienia. Ja, Pan, wys\u0142ucham ich, nie opuszcz\u0119 ich Ja, B\u00f3g Izraela. Ka\u017c\u0119 wytrysn\u0105\u0107 strumieniom na nagich wzg\u00f3rzach i \u017ar\u00f3d\u0142om w\u00f3d po\u015brodku nizin.<\/b><\/i><\/span><b> <\/b><\/span><\/span><\/p>\n<p align=\"justify\"><span style=\"color: #000000;\"><span style=\"font-size: large;\"><span style=\"font-family: Book Antiqua, serif;\">I wreszcie s\u0142owa kluczowe, wyja\u015bniaj\u0105ce wszystko: <\/span><span style=\"font-family: Book Antiqua, serif;\"><i><b>A\u017ceby widzieli i poznali, <\/b><\/i><\/span><span style=\"font-family: Book Antiqua, serif;\"><i><b>rozwa\u017cyli i poj\u0119li wszyscy, \u017ce r\u0119ka Pana to uczyni\u0142a, <\/b><\/i><\/span><span style=\"font-family: Book Antiqua, serif;\"><i><b>\u017ce \u015awi\u0119ty Izraela tego dokona\u0142.<\/b><\/i><\/span><span style=\"font-family: Book Antiqua, serif;\"> Widzimy zatem, \u017ce ze zderzenia tego, co s\u0142abe i bezbronne, z tym, co wydaje si\u0119 wielkie i niezwyci\u0119\u017cone, to w\u0142a\u015bnie owo <\/span><span style=\"font-family: Book Antiqua, serif;\"><b>s\u0142abe wychodzi zwyci\u0119skie \u2013 dzi\u0119ki mocy Bo\u017cej!<\/b><\/span><\/span><\/span><\/p>\n<p align=\"justify\"><span style=\"color: #000000;\"><span style=\"font-size: large;\"><span style=\"font-family: Book Antiqua, serif;\">Potwierdzeniem tego s\u0105 s\u0142owa Jezusa z dzisiejszej Ewangelii. S\u0142yszymy w nich pochwa\u0142\u0119 postawy i pos\u0142ugi Jana Chrzciciela. Jezus m\u00f3wi: <\/span><span style=\"font-family: Book Antiqua, serif;\"><i><b>Mi\u0119dzy narodzonymi z niewiast nie powsta\u0142 wi\u0119kszy od Jana Chrzciciela. Lecz najmniejszy w kr\u00f3lestwie niebieskim wi\u0119kszy jest ni\u017c on.<\/b><\/i><\/span> <\/span><\/span><\/p>\n<p align=\"justify\"><span style=\"color: #000000;\"><span style=\"font-size: large;\"><span style=\"font-family: Book Antiqua, serif;\">Ale tu<\/span><span style=\"font-family: Book Antiqua, serif;\"> znowu mamy <\/span><span style=\"font-family: Book Antiqua, serif;\">kolejny <\/span><span style=\"font-family: Book Antiqua, serif;\"><b>kontrast.<\/b><\/span><span style=\"font-family: Book Antiqua, serif;\"> I to <\/span><span style=\"font-family: Book Antiqua, serif;\"><b>podw\u00f3jny,<\/b><\/span><span style=\"font-family: Book Antiqua, serif;\"> bo najpierw stwierdzenie, \u017ce na ziemi nie by\u0142o cz\u0142owieka wi\u0119kszego od Jana \u2013 kiedy my przecie\u017c <\/span><span style=\"font-family: Book Antiqua, serif;\"><b>wiemy z Ewangelii, jak \u017cy\u0142 Jan,<\/b><\/span><span style=\"font-family: Book Antiqua, serif;\"> jak na co dzie\u0144 funkcjonowa\u0142, jak si\u0119 od\u017cywia\u0142, jak si\u0119 ubiera\u0142, gdzie mieszka\u0142 i jak w og\u00f3le wygl\u0105da\u0142 \u2013 po czym z kolei nast\u0119pne stwierdzenie, \u017ce <\/span><span style=\"font-family: Book Antiqua, serif;\"><i><b>najmniejszy w kr\u00f3lestwie niebieskim wi\u0119kszy jest ni\u017c on.<\/b><\/i><\/span> <span style=\"font-family: Book Antiqua, serif;\">No to w ko\u0144cu jak: <\/span><span style=\"font-family: Book Antiqua, serif;\"><b>najmniejszy, czy najwi\u0119kszy?<\/b><\/span><span style=\"font-family: Book Antiqua, serif;\"> Bo mamy do czynienia z podw\u00f3jn\u0105 zmian\u0105 spojrzenia. <\/span><\/span><\/span><\/p>\n<p align=\"justify\"><span style=\"color: #000000;\"><span style=\"font-size: large;\"><span style=\"font-family: Book Antiqua, serif;\">A mo\u017ce jest to tylko pozorna zmiana, bo mo\u017ce jednak chodzi o bardzo jednolite spojrzenie, <\/span><span style=\"font-family: Book Antiqua, serif;\">wedle kt\u00f3rego <\/span><span style=\"font-family: Book Antiqua, serif;\"><b>Jan sta\u0142 si\u0119 narz\u0119dziem w r\u0119ku Boga<\/b><\/span><span style=\"font-family: Book Antiqua, serif;\"> dla zrealizowania Bo\u017cych plan\u00f3w, pozwoli\u0142 sob\u0105 dysponowa\u0107, przez co ten<\/span><span style=\"font-family: Book Antiqua, serif;\"><b> faktyczny <\/b><\/span><span style=\"font-family: Book Antiqua, serif;\"><b>\u00ab<\/b><\/span><span style=\"font-family: Book Antiqua, serif;\"><b>nieborak<\/b><\/span><span style=\"font-family: Book Antiqua, serif;\"><b>\u00bb<\/b><\/span><span style=\"font-family: Book Antiqua, serif;\"><b> i <\/b><\/span><span style=\"font-family: Book Antiqua, serif;\"><b>\u00ab<\/b><\/span><span style=\"font-family: Book Antiqua, serif;\"><b>robaczek<\/b><\/span><span style=\"font-family: Book Antiqua, serif;\"><b>\u00bb<\/b><\/span><span style=\"font-family: Book Antiqua, serif;\"> \u2013 \u017ceby u\u017cy\u0107 stwierdze\u0144 z Proroctwa Izajasza \u2013 sta\u0142 si\u0119 rzeczywi\u015bcie mocarzem, m\u0142ocarskimi saniami, kt\u00f3re wym\u0142\u00f3ci\u0142y \u015bwiat i przemieni\u0142y go na przyj\u015bcie Zbawiciela? <\/span><\/span><\/span><\/p>\n<p align=\"justify\"><span style=\"color: #000000;\"><span style=\"font-size: large;\"><span style=\"font-family: Book Antiqua, serif;\">A jednocze\u015bnie ten\u017ce wiel<\/span><span style=\"font-family: Book Antiqua, serif;\">k<\/span><span style=\"font-family: Book Antiqua, serif;\">i duchowy mocarz sta\u0142 si\u0119 <\/span><span style=\"font-family: Book Antiqua, serif;\"><b>znakiem odchodz\u0105cego Starego Testamentu, <\/b><\/span><span style=\"font-family: Book Antiqua, serif;\">kt\u00f3ry otwiera si\u0119 na Nowy Testament, dlatego Jezus m\u00f3wi, \u017ce nawet najmniejszy z Nowego Testamentu jest wi\u0119kszy, ni\u017c on. To nie oznacza tak naprawd\u0119 <\/span><span style=\"font-family: Book Antiqua, serif;\"><b>umniejszenia \u015bwi\u0119to\u015bci i wielko\u015bci Jana,<\/b><\/span><span style=\"font-family: Book Antiqua, serif;\"> tylko raz jeszcze podkre\u015bla jego totaln\u0105 dyspozycyjno\u015b\u0107 i oddanie <\/span><span style=\"font-family: Book Antiqua, serif;\">realizacji plan\u00f3w Bo\u017cych. On, s\u0142aby w oczach ludzkich, <\/span><span style=\"font-family: Book Antiqua, serif;\"><b>sta\u0142 si\u0119 wielkim dzi\u0119ki wsp\u00f3\u0142pracy z Bogiem,<\/b><\/span><span style=\"font-family: Book Antiqua, serif;\"> bo odda\u0142 si\u0119 ca\u0142kowicie do Bo\u017cej dyspozycji. I nawet t\u0105 swoj\u0105 postaw\u0105 \u2013 chocia\u017c mo\u017ce s\u0142owem o tym nie powiedzia\u0142 \u2013 <\/span><span style=\"font-family: Book Antiqua, serif;\"><b>sta\u0142 si\u0119 nauczycielem<\/b><\/span><span style=\"font-family: Book Antiqua, serif;\"> prawdy o wy\u017cszo\u015bci Nowego Testamentu nad Starym. <\/span><\/span><\/span><\/p>\n<p align=\"justify\"><span style=\"color: #000000;\"><span style=\"font-size: large;\"><span style=\"font-family: Book Antiqua, serif;\">Moi Drodzy, to wszystko, co tu sobie dzisiaj m\u00f3wimy, jasno pokazuje, <\/span><span style=\"font-family: Book Antiqua, serif;\"><b>jak wiele B\u00f3g mo\u017ce zdzia\u0142a\u0107 <\/b><\/span><span style=\"font-family: Book Antiqua, serif;\">w naszym \u017cyciu i jak nasza ludzka s\u0142abo\u015b\u0107 i nieporadno\u015b\u0107, o ile jest tylko <\/span><span style=\"font-family: Book Antiqua, serif;\"><b>oddana w r\u0119ce Bo\u017ce,<\/b><\/span><span style=\"font-family: Book Antiqua, serif;\"> mo\u017ce dokona\u0107 wielkich rzeczy! Dlatego nigdy <\/span><span style=\"font-family: Book Antiqua, serif;\"><b>nie wolno si\u0119 nam za\u0142amywa\u0107,<\/b><\/span><span style=\"font-family: Book Antiqua, serif;\"> poddawa\u0107, ani popada\u0107 w jakie\u015b duchowe odr\u0119twienie, marazm, czy smutek. <\/span><\/span><\/span><\/p>\n<p align=\"justify\"><span style=\"color: #000000;\"><span style=\"font-size: large;\"><span style=\"font-family: Book Antiqua, serif;\">Bo \u2013 jak wynika z dzisiejszego Bo\u017cego s\u0142owa \u2013 im bardziej jeste\u015bmy s\u0142abi, <\/span><span style=\"font-family: Book Antiqua, serif;\"><b>tym tak naprawd\u0119 jeste\u015bmy mocniejsi, <\/b><\/span><span style=\"font-family: Book Antiqua, serif;\">je\u017celi t\u0119 nasz\u0105 s\u0142abo\u015b\u0107 oddamy w Bo\u017ce r\u0119ce i pozwolimy Bogu dzia\u0142a\u0107 \u2013 <\/span><span style=\"font-family: Book Antiqua, serif;\"><b>nie przeszkadzaj\u0105c Mu<\/b><\/span><span style=\"font-family: Book Antiqua, serif;\"> nasz\u0105 ludzk\u0105 \u201ezaradno\u015bci\u0105\u201d i \u201ezapobiegliwo\u015bci\u0105\u201d. <\/span><\/span><\/span><\/p>\n<p align=\"justify\"><span style=\"color: #000000;\"><span style=\"font-size: large;\"><span style=\"font-family: Book Antiqua, serif;\">Moi Drodzy, im mniej kombinujemy po swojemu, <\/span><span style=\"font-family: Book Antiqua, serif;\"><b>tym wi\u0119cej B\u00f3g mo\u017ce dobrego uczyni\u0107<\/b><\/span><span style=\"font-family: Book Antiqua, serif;\"> w nas i przez nas. Gorzej, je\u017celi wydaje si\u0119 nam, i\u017c jeste\u015bmy samowystarczalni i sami sobie ze wszystkim poradzimy. Wtedy B\u00f3g ma napraw<\/span><span style=\"font-family: Book Antiqua, serif;\">d\u0119<\/span> <span style=\"font-family: Book Antiqua, serif;\"><b>ograniczone pole do dzia\u0142ania.<\/b><\/span> <\/span><\/span><\/p>\n<p align=\"justify\"><span style=\"color: #000000;\"><span style=\"font-size: large;\"><span style=\"font-family: Book Antiqua, serif;\">Mo\u017ce wi\u0119c <\/span><span style=\"font-family: Book Antiqua, serif;\"><b>warto doceni\u0107<\/b><\/span><span style=\"font-family: Book Antiqua, serif;\"> te wszystkie sytuacje i okoliczno\u015bci, w kt\u00f3rych okazuje si\u0119 ca\u0142a nasza ludzka nieporadno\u015b\u0107, s\u0142abo\u015b\u0107, mo\u017ce niekiedy zagubienie?\u2026 Mo\u017ce nie trzeba wtedy rozpacza\u0107, narzeka\u0107, czy przeklina\u0107, <\/span><span style=\"font-family: Book Antiqua, serif;\"><b>tylko ufnie zwr\u00f3ci\u0107 si\u0119 do Pana,<\/b><\/span><span style=\"font-family: Book Antiqua, serif;\"> aby to On zacz\u0105\u0142 dzia\u0142a\u0107? A wtedy przekonamy si\u0119, ile dobra dokona si\u0119 w naszym \u017cyciu \u2013 jak bardzo wiele b\u0119dzie m\u00f3g\u0142 B\u00f3g dokona\u0107. Bo <\/span><span style=\"font-family: Book Antiqua, serif;\"><b>wystarczy, \u017ce <\/b><\/span><span style=\"font-family: Book Antiqua, serif;\"><b>nie b\u0119dziemy Mu przeszkadza\u0107\u2026 <\/b><\/span><\/span><\/span><\/p>\n<p align=\"justify\"><span style=\"color: #000000;\"><span style=\"font-size: large;\"><span style=\"font-family: Book Antiqua, serif;\">T<\/span><span style=\"font-family: Book Antiqua, serif;\">ylko \u2013 czy mam odwag\u0119 tak zaufa\u0107?\u2026<\/span><\/span><\/span><\/p>\n<p align=\"justify\"><span style=\"color: #000000;\"><span style=\"font-size: large;\"><span style=\"font-family: Book Antiqua, serif;\">Z pewno\u015bci\u0105, prze\u017cywany przeze mnie Adwent jest dobr\u0105 okazj\u0105 do tego, \u017ceby chocia\u017c o tym spokojnie pomy\u015bl<\/span><span style=\"font-family: Book Antiqua, serif;\">e\u0107<\/span><span style=\"font-family: Book Antiqua, serif;\">\u2026 <\/span><span style=\"font-family: Book Antiqua, serif;\"><b>I mo\u017ce jednak co\u015b w tej kwestii postanowi<\/b><\/span><span style=\"font-family: Book Antiqua, serif;\"><b>\u0107<\/b><\/span><span style=\"font-family: Book Antiqua, serif;\"><b>?\u2026<\/b><\/span><\/span><\/span><\/p>\n","protected":false},"excerpt":{"rendered":"<p>Szcz\u0119\u015b\u0107 Bo\u017ce! Moi Drodzy, w dniu dzisiejszym urodziny prze\u017cywa Wojciech Wa\u0142achowski, za moich czas\u00f3w \u2013 Prezes S\u0142u\u017cby liturgicznej w \u017belechowie. Niech Mu Pan b\u0142ogos\u0142awi we wszystkim, co dobre i wa\u017cne w Jego \u017cyciu! Zapewniam o modlitwie! A Wam, moi Drodzy, \u017cycz\u0119 b\u0142ogos\u0142awionego dnia! Gaudium et spes! Ks. Jacek Czwartek 2 Tygodnia Adwentu, do czyta\u0144: Iz [&hellip;]<\/p>\n","protected":false},"author":1,"featured_media":0,"comment_status":"open","ping_status":"open","sticky":false,"template":"","format":"standard","meta":{"jetpack_post_was_ever_published":false,"_jetpack_newsletter_access":"","_jetpack_dont_email_post_to_subs":false,"_jetpack_newsletter_tier_id":0,"_jetpack_memberships_contains_paywalled_content":false,"_jetpack_memberships_contains_paid_content":false,"footnotes":""},"categories":[1],"tags":[],"class_list":["post-16304","post","type-post","status-publish","format-standard","hentry","category-bez-kategorii"],"yoast_head":"<!-- This site is optimized with the Yoast SEO plugin v25.1 - https:\/\/yoast.com\/wordpress\/plugins\/seo\/ -->\n<title>Nie przeszkadzajmy Bogu! - Gaudium Et Spes<\/title>\n<meta name=\"robots\" content=\"index, follow, max-snippet:-1, max-image-preview:large, max-video-preview:-1\" \/>\n<link rel=\"canonical\" href=\"https:\/\/gaudiumetspes-blog.pl\/index.php\/2019\/12\/12\/nie-przeszkadzajmy-bogu\/\" \/>\n<meta property=\"og:locale\" content=\"pl_PL\" \/>\n<meta property=\"og:type\" content=\"article\" \/>\n<meta property=\"og:title\" content=\"Nie przeszkadzajmy Bogu! - Gaudium Et Spes\" \/>\n<meta property=\"og:description\" content=\"Szcz\u0119\u015b\u0107 Bo\u017ce! Moi Drodzy, w dniu dzisiejszym urodziny prze\u017cywa Wojciech Wa\u0142achowski, za moich czas\u00f3w \u2013 Prezes S\u0142u\u017cby liturgicznej w \u017belechowie. Niech Mu Pan b\u0142ogos\u0142awi we wszystkim, co dobre i wa\u017cne w Jego \u017cyciu! Zapewniam o modlitwie! A Wam, moi Drodzy, \u017cycz\u0119 b\u0142ogos\u0142awionego dnia! Gaudium et spes! Ks. Jacek Czwartek 2 Tygodnia Adwentu, do czyta\u0144: Iz [&hellip;]\" \/>\n<meta property=\"og:url\" content=\"https:\/\/gaudiumetspes-blog.pl\/index.php\/2019\/12\/12\/nie-przeszkadzajmy-bogu\/\" \/>\n<meta property=\"og:site_name\" content=\"Gaudium Et Spes\" \/>\n<meta property=\"article:published_time\" content=\"2019-12-12T06:44:56+00:00\" \/>\n<meta name=\"author\" content=\"Ks. Jacek\" \/>\n<meta name=\"twitter:card\" content=\"summary_large_image\" \/>\n<meta name=\"twitter:label1\" content=\"Napisane przez\" \/>\n\t<meta name=\"twitter:data1\" content=\"Ks. Jacek\" \/>\n\t<meta name=\"twitter:label2\" content=\"Szacowany czas czytania\" \/>\n\t<meta name=\"twitter:data2\" content=\"7 minut\" \/>\n<script type=\"application\/ld+json\" class=\"yoast-schema-graph\">{\"@context\":\"https:\/\/schema.org\",\"@graph\":[{\"@type\":\"WebPage\",\"@id\":\"https:\/\/gaudiumetspes-blog.pl\/index.php\/2019\/12\/12\/nie-przeszkadzajmy-bogu\/\",\"url\":\"https:\/\/gaudiumetspes-blog.pl\/index.php\/2019\/12\/12\/nie-przeszkadzajmy-bogu\/\",\"name\":\"Nie przeszkadzajmy Bogu! - Gaudium Et Spes\",\"isPartOf\":{\"@id\":\"https:\/\/gaudiumetspes-blog.pl\/#website\"},\"datePublished\":\"2019-12-12T06:44:56+00:00\",\"author\":{\"@id\":\"https:\/\/gaudiumetspes-blog.pl\/#\/schema\/person\/1661982992b752dea8dff0d4ed845a65\"},\"breadcrumb\":{\"@id\":\"https:\/\/gaudiumetspes-blog.pl\/index.php\/2019\/12\/12\/nie-przeszkadzajmy-bogu\/#breadcrumb\"},\"inLanguage\":\"pl-PL\",\"potentialAction\":[{\"@type\":\"ReadAction\",\"target\":[\"https:\/\/gaudiumetspes-blog.pl\/index.php\/2019\/12\/12\/nie-przeszkadzajmy-bogu\/\"]}]},{\"@type\":\"BreadcrumbList\",\"@id\":\"https:\/\/gaudiumetspes-blog.pl\/index.php\/2019\/12\/12\/nie-przeszkadzajmy-bogu\/#breadcrumb\",\"itemListElement\":[{\"@type\":\"ListItem\",\"position\":1,\"name\":\"Strona g\u0142\u00f3wna\",\"item\":\"https:\/\/gaudiumetspes-blog.pl\/\"},{\"@type\":\"ListItem\",\"position\":2,\"name\":\"Nie&nbsp;przeszkadzajmy Bogu!\"}]},{\"@type\":\"WebSite\",\"@id\":\"https:\/\/gaudiumetspes-blog.pl\/#website\",\"url\":\"https:\/\/gaudiumetspes-blog.pl\/\",\"name\":\"Gaudium Et Spes\",\"description\":\"Blog Ks. Jacka Ja\u015bkowskiego\",\"potentialAction\":[{\"@type\":\"SearchAction\",\"target\":{\"@type\":\"EntryPoint\",\"urlTemplate\":\"https:\/\/gaudiumetspes-blog.pl\/?s={search_term_string}\"},\"query-input\":{\"@type\":\"PropertyValueSpecification\",\"valueRequired\":true,\"valueName\":\"search_term_string\"}}],\"inLanguage\":\"pl-PL\"},{\"@type\":\"Person\",\"@id\":\"https:\/\/gaudiumetspes-blog.pl\/#\/schema\/person\/1661982992b752dea8dff0d4ed845a65\",\"name\":\"Ks. Jacek\",\"image\":{\"@type\":\"ImageObject\",\"inLanguage\":\"pl-PL\",\"@id\":\"https:\/\/gaudiumetspes-blog.pl\/#\/schema\/person\/image\/\",\"url\":\"https:\/\/gaudiumetspes-blog.pl\/wp-content\/uploads\/2019\/07\/avatar-JJ-150x150.jpg\",\"contentUrl\":\"https:\/\/gaudiumetspes-blog.pl\/wp-content\/uploads\/2019\/07\/avatar-JJ-150x150.jpg\",\"caption\":\"Ks. Jacek\"},\"description\":\"Witam serdecznie! K\u0142ania si\u0119 Ks. Jacek Ja\u015bkowski. Nie jestem ani kim\u015b wa\u017cnym, ani kim\u015b znanym. Jestem ksi\u0119dzem, kt\u00f3ry po prostu chce rozmawia\u0107. Codzienna kap\u0142a\u0144ska pos\u0142uga pokazuje mi, \u017ce temat\u00f3w do rozm\u00f3w z ksi\u0119dzem jest coraz wi\u0119cej i dzisiaj \u017caden ksi\u0105dz nie mo\u017ce od nich ucieka\u0107, ale - wprost przeciwnie - podejmowa\u0107 nowe wyzwania. To przekonanie sk\u0142oni\u0142o mnie do pr\u00f3by otwarcia tego\u017c bloga, chocia\u017c okazji do rozm\u00f3w na co dzie\u0144 - w konfesjonale i poza nim - na szcz\u0119\u015bcie nie brakuje. My\u015bl\u0119 jednak, \u017ce ten blog b\u0119dzie jeszcze jednym sposobem i przestrzeni\u0105 nawi\u0105zania kontaktu z lud\u017ami dobrej woli, otwartymi na dialog.\",\"url\":\"https:\/\/gaudiumetspes-blog.pl\/index.php\/author\/ks-jacek\/\"}]}<\/script>\n<!-- \/ Yoast SEO plugin. -->","yoast_head_json":{"title":"Nie przeszkadzajmy Bogu! - Gaudium Et Spes","robots":{"index":"index","follow":"follow","max-snippet":"max-snippet:-1","max-image-preview":"max-image-preview:large","max-video-preview":"max-video-preview:-1"},"canonical":"https:\/\/gaudiumetspes-blog.pl\/index.php\/2019\/12\/12\/nie-przeszkadzajmy-bogu\/","og_locale":"pl_PL","og_type":"article","og_title":"Nie przeszkadzajmy Bogu! - Gaudium Et Spes","og_description":"Szcz\u0119\u015b\u0107 Bo\u017ce! Moi Drodzy, w dniu dzisiejszym urodziny prze\u017cywa Wojciech Wa\u0142achowski, za moich czas\u00f3w \u2013 Prezes S\u0142u\u017cby liturgicznej w \u017belechowie. Niech Mu Pan b\u0142ogos\u0142awi we wszystkim, co dobre i wa\u017cne w Jego \u017cyciu! Zapewniam o modlitwie! A Wam, moi Drodzy, \u017cycz\u0119 b\u0142ogos\u0142awionego dnia! Gaudium et spes! Ks. Jacek Czwartek 2 Tygodnia Adwentu, do czyta\u0144: Iz [&hellip;]","og_url":"https:\/\/gaudiumetspes-blog.pl\/index.php\/2019\/12\/12\/nie-przeszkadzajmy-bogu\/","og_site_name":"Gaudium Et Spes","article_published_time":"2019-12-12T06:44:56+00:00","author":"Ks. Jacek","twitter_card":"summary_large_image","twitter_misc":{"Napisane przez":"Ks. Jacek","Szacowany czas czytania":"7 minut"},"schema":{"@context":"https:\/\/schema.org","@graph":[{"@type":"WebPage","@id":"https:\/\/gaudiumetspes-blog.pl\/index.php\/2019\/12\/12\/nie-przeszkadzajmy-bogu\/","url":"https:\/\/gaudiumetspes-blog.pl\/index.php\/2019\/12\/12\/nie-przeszkadzajmy-bogu\/","name":"Nie przeszkadzajmy Bogu! - Gaudium Et Spes","isPartOf":{"@id":"https:\/\/gaudiumetspes-blog.pl\/#website"},"datePublished":"2019-12-12T06:44:56+00:00","author":{"@id":"https:\/\/gaudiumetspes-blog.pl\/#\/schema\/person\/1661982992b752dea8dff0d4ed845a65"},"breadcrumb":{"@id":"https:\/\/gaudiumetspes-blog.pl\/index.php\/2019\/12\/12\/nie-przeszkadzajmy-bogu\/#breadcrumb"},"inLanguage":"pl-PL","potentialAction":[{"@type":"ReadAction","target":["https:\/\/gaudiumetspes-blog.pl\/index.php\/2019\/12\/12\/nie-przeszkadzajmy-bogu\/"]}]},{"@type":"BreadcrumbList","@id":"https:\/\/gaudiumetspes-blog.pl\/index.php\/2019\/12\/12\/nie-przeszkadzajmy-bogu\/#breadcrumb","itemListElement":[{"@type":"ListItem","position":1,"name":"Strona g\u0142\u00f3wna","item":"https:\/\/gaudiumetspes-blog.pl\/"},{"@type":"ListItem","position":2,"name":"Nie&nbsp;przeszkadzajmy Bogu!"}]},{"@type":"WebSite","@id":"https:\/\/gaudiumetspes-blog.pl\/#website","url":"https:\/\/gaudiumetspes-blog.pl\/","name":"Gaudium Et Spes","description":"Blog Ks. Jacka Ja\u015bkowskiego","potentialAction":[{"@type":"SearchAction","target":{"@type":"EntryPoint","urlTemplate":"https:\/\/gaudiumetspes-blog.pl\/?s={search_term_string}"},"query-input":{"@type":"PropertyValueSpecification","valueRequired":true,"valueName":"search_term_string"}}],"inLanguage":"pl-PL"},{"@type":"Person","@id":"https:\/\/gaudiumetspes-blog.pl\/#\/schema\/person\/1661982992b752dea8dff0d4ed845a65","name":"Ks. Jacek","image":{"@type":"ImageObject","inLanguage":"pl-PL","@id":"https:\/\/gaudiumetspes-blog.pl\/#\/schema\/person\/image\/","url":"https:\/\/gaudiumetspes-blog.pl\/wp-content\/uploads\/2019\/07\/avatar-JJ-150x150.jpg","contentUrl":"https:\/\/gaudiumetspes-blog.pl\/wp-content\/uploads\/2019\/07\/avatar-JJ-150x150.jpg","caption":"Ks. Jacek"},"description":"Witam serdecznie! K\u0142ania si\u0119 Ks. Jacek Ja\u015bkowski. Nie jestem ani kim\u015b wa\u017cnym, ani kim\u015b znanym. Jestem ksi\u0119dzem, kt\u00f3ry po prostu chce rozmawia\u0107. Codzienna kap\u0142a\u0144ska pos\u0142uga pokazuje mi, \u017ce temat\u00f3w do rozm\u00f3w z ksi\u0119dzem jest coraz wi\u0119cej i dzisiaj \u017caden ksi\u0105dz nie mo\u017ce od nich ucieka\u0107, ale - wprost przeciwnie - podejmowa\u0107 nowe wyzwania. To przekonanie sk\u0142oni\u0142o mnie do pr\u00f3by otwarcia tego\u017c bloga, chocia\u017c okazji do rozm\u00f3w na co dzie\u0144 - w konfesjonale i poza nim - na szcz\u0119\u015bcie nie brakuje. My\u015bl\u0119 jednak, \u017ce ten blog b\u0119dzie jeszcze jednym sposobem i przestrzeni\u0105 nawi\u0105zania kontaktu z lud\u017ami dobrej woli, otwartymi na dialog.","url":"https:\/\/gaudiumetspes-blog.pl\/index.php\/author\/ks-jacek\/"}]}},"jetpack_featured_media_url":"","jetpack_sharing_enabled":true,"_links":{"self":[{"href":"https:\/\/gaudiumetspes-blog.pl\/index.php\/wp-json\/wp\/v2\/posts\/16304","targetHints":{"allow":["GET"]}}],"collection":[{"href":"https:\/\/gaudiumetspes-blog.pl\/index.php\/wp-json\/wp\/v2\/posts"}],"about":[{"href":"https:\/\/gaudiumetspes-blog.pl\/index.php\/wp-json\/wp\/v2\/types\/post"}],"author":[{"embeddable":true,"href":"https:\/\/gaudiumetspes-blog.pl\/index.php\/wp-json\/wp\/v2\/users\/1"}],"replies":[{"embeddable":true,"href":"https:\/\/gaudiumetspes-blog.pl\/index.php\/wp-json\/wp\/v2\/comments?post=16304"}],"version-history":[{"count":1,"href":"https:\/\/gaudiumetspes-blog.pl\/index.php\/wp-json\/wp\/v2\/posts\/16304\/revisions"}],"predecessor-version":[{"id":16305,"href":"https:\/\/gaudiumetspes-blog.pl\/index.php\/wp-json\/wp\/v2\/posts\/16304\/revisions\/16305"}],"wp:attachment":[{"href":"https:\/\/gaudiumetspes-blog.pl\/index.php\/wp-json\/wp\/v2\/media?parent=16304"}],"wp:term":[{"taxonomy":"category","embeddable":true,"href":"https:\/\/gaudiumetspes-blog.pl\/index.php\/wp-json\/wp\/v2\/categories?post=16304"},{"taxonomy":"post_tag","embeddable":true,"href":"https:\/\/gaudiumetspes-blog.pl\/index.php\/wp-json\/wp\/v2\/tags?post=16304"}],"curies":[{"name":"wp","href":"https:\/\/api.w.org\/{rel}","templated":true}]}}