{"id":16346,"date":"2019-12-15T05:33:45","date_gmt":"2019-12-15T04:33:45","guid":{"rendered":"https:\/\/gaudiumetspes-blog.pl\/?p=16346"},"modified":"2019-12-14T21:59:17","modified_gmt":"2019-12-14T20:59:17","slug":"cierpliwosc-2","status":"publish","type":"post","link":"https:\/\/gaudiumetspes-blog.pl\/index.php\/2019\/12\/15\/cierpliwosc-2\/","title":{"rendered":"Cierpliwo\u015b\u0107"},"content":{"rendered":"<p align=\"justify\"><span style=\"color: #000000;\"><span style=\"font-family: Book Antiqua, serif;\"><span style=\"font-size: large;\">Niech b\u0119dzie pochwalony Jezus Chrystus! Moi Drodzy, <b>w dniu wczorajszym urodziny prze\u017cywali:<\/b><\/span><\/span><\/span><\/p>\n<p align=\"justify\"><span style=\"color: #000000;\">\u25ba<span style=\"font-family: Book Antiqua, serif;\"><span style=\"font-size: large;\"><b>Ksi\u0105dz Andrzej Duklewski, przed laty \u2013 Proboszcz Parafii w Tomsku na Syberii i Proboszcz mojego Brata Marka, nast\u0119pnie: Wikariusz Generalny Diecezji nowosybirskiej, a obecnie \u2013 Proboszcz Parafii w Sz\u00f3stce, w Diecezji siedleckiej (o tych urodzinach wspomnia\u0142 wczoraj Ksi\u0105dz Marek);<\/b><\/span><\/span><\/span><\/p>\n<p align=\"justify\"><span style=\"color: #000000;\">\u25ba<span style=\"font-family: Book Antiqua, serif;\"><span style=\"font-size: large;\"><b>Mariusz K\u0142usek \u2013 przed laty: Prezes S\u0142u\u017cby liturgicznej w mojej pierwszej Parafii, a obecnie \u2013 uznany Prawnik, mieszkaj\u0105cy i pracuj\u0105cy w Warszawie.<\/b><\/span><\/span><\/span><\/p>\n<p align=\"justify\"><span style=\"color: #000000;\"><span style=\"font-family: Book Antiqua, serif;\"><span style=\"font-size: large;\"><b>Dzisiaj natomiast urodziny prze\u017cywa Tomasz Szel\u0105g, za moich czas\u00f3w \u2013 Lektor w Celestynowie.<\/b><\/span><\/span><\/span><\/p>\n<p align=\"justify\"><span style=\"color: #000000;\"><span style=\"font-family: Book Antiqua, serif;\"><span style=\"font-size: large;\"><b>Wszystkim \u015bwi\u0119tuj\u0105cym \u017cycz\u0119 Bo\u017cego b\u0142ogos\u0142awie\u0144stwa i wszelkich dobrych natchnie\u0144. Zapewniam o modlitwie.<\/b><\/span><\/span><\/span><\/p>\n<p align=\"justify\"><span style=\"color: #000000;\"><span style=\"font-family: Book Antiqua, serif;\"><span style=\"font-size: large;\">A oto dzisiaj prze\u017cywamy niedziel\u0119, kt\u00f3r\u0105 w liturgii nazywa si\u0119 Niedziel\u0105 Gaudete, od pierwszego s\u0142owa antyfony na wej\u015bcie we Mszy \u015awi\u0119tej, czyli: \u201eRadujcie si\u0119 w Panu\u201d. Jest to Niedziela rado\u015bci \u2013 oto Adwent si\u0119 dope\u0142nia i Pan jest blisko. Dlatego dzisiaj mo\u017cna sprawowa\u0107 Msze \u015awi\u0119te w kolorze r\u00f3\u017cowym \u2013 podobnie, jak w czwart\u0105 Niedziel\u0119 Wielkiego Postu, zwan\u0105 Niedziel\u0105 Laetare \u2013 o ile, oczywi\u015bcie, taki ornat jest w zasobach Parafii. Je\u017celi nie, to u\u017cywa si\u0119 koloru fioletowego. Kolor r\u00f3\u017cowy oznacza oznacza swoiste \u201ez\u0142agodzenie\u201d czasu przygotowania, zbli\u017canie si\u0119 do celu drogi\u2026 <\/span><\/span><\/span><\/p>\n<p align=\"justify\"><span style=\"color: #000000;\"><span style=\"font-family: Book Antiqua, serif;\"><span style=\"font-size: large;\">Moi Drodzy, bardzo serdecznie dzi\u0119kujemy Ksi\u0119dzu Markowi i Siostrze Teresie za wczorajsze s\u0142\u00f3wko z Syberii. Nie zapowiedzia\u0142em go wcze\u015bniej, bo do ostatniej chwili trwa\u0142y ustalenia, czy uda si\u0119 przygotowa\u0107, czy nie. Na szcz\u0119\u015bcie \u2013 uda\u0142o si\u0119!<\/span><\/span><\/span><\/p>\n<p align=\"justify\"><span style=\"color: #000000;\"><span style=\"font-family: Book Antiqua, serif;\"><span style=\"font-size: large;\">Dzi\u0119kuj\u0119 za tekst pisany, tekst wypowiedziany i pokazany na filmach \u2013 ogromne bogactwo! Tak du\u017co dane nam by\u0142o przeczyta\u0107 i zobaczy\u0107, tak wiele przemy\u015ble\u0107, zachwyci\u0107 si\u0119\u2026 Tak wiele dzieje si\u0119 na Syberii! Wspierajmy modlitw\u0105 Ksi\u0119dza Marka, Siostry (najlepsze \u017cyczenia Siostrze Teresie z okazji wtorkowych urodzin!) i ca\u0142\u0105 Parafi\u0119. Niech Pan b\u0119dzie uwielbiony w tym wielkim, misyjnym dziele!<\/span><\/span><\/span><\/p>\n<p align=\"justify\"><span style=\"color: #000000;\"><span style=\"font-family: Book Antiqua, serif;\"><span style=\"font-size: large;\">A oto dzisiaj, w Kaplicy naszego Duszpasterstwa Akademickiego w Siedlcach rozpoczn\u0105 si\u0119 Rekolekcje akademickie pod has\u0142em: Wznie\u015b serce! Tematem b\u0119dzie prze\u017cywanie pi\u0119knej mi\u0142o\u015bci. Ja tak\u017ce, podobnie jak Ksi\u0105dz Marek, prosz\u0119 Was o modlitewne wsparcie nie tylko Rekolekcji, ale i samego Duszpasterstwa. M\u00f3dlmy si\u0119 za M\u0142odzie\u017c akademick\u0105, aby swoj\u0105 \u017cyciow\u0105 przysz\u0142o\u015b\u0107 odwa\u017cy\u0142a si\u0119 powierzy\u0107 Jezusowi!<\/span><\/span><\/span><\/p>\n<p align=\"justify\"><span style=\"color: #000000;\"><span style=\"font-family: Book Antiqua, serif;\"><span style=\"font-size: large;\">Na radosne prze\u017cywanie tej radosnej niedzieli \u2013 <b>niech Was b\u0142ogos\u0142awi B\u00f3g Wszechmog\u0105cy: Ojciec + i Syn, i Duch \u015awi\u0119ty. Amen<\/b><\/span><\/span><\/span><\/p>\n<p align=\"center\"><span style=\"color: #000000;\"><span style=\"font-family: Book Antiqua, serif;\"><span style=\"font-size: large;\">Gaudium et spes! Ks. Jacek<\/span><\/span><\/span><\/p>\n<p align=\"center\">\n<p align=\"center\">\n<p align=\"center\">\n<p align=\"center\">\n<p align=\"center\">\n<p align=\"justify\"><span style=\"color: #000000;\"><span style=\"font-family: Book Antiqua, serif;\"><span style=\"font-size: large;\"><b>3 Niedziela Adwentu, A,<\/b><\/span><\/span><\/span><\/p>\n<p align=\"justify\"><span style=\"color: #000000;\"><span style=\"font-family: Book Antiqua, serif;\"><span style=\"font-size: large;\"><b>do czyta\u0144: Iz 35,1\u20136a.10; Jk 5,7\u201310; Mt 11,2\u201311<\/b><\/span><\/span><\/span><\/p>\n<p align=\"justify\">\n<p align=\"justify\">\n<p align=\"justify\">\n<p align=\"justify\">\n<p align=\"justify\">\n<p align=\"justify\"><span style=\"color: #000000;\"><span style=\"font-family: Book Antiqua, serif;\"><span style=\"font-size: large;\"><b>CZYTANIE Z KSI\u0118GI PROROKA IZAJASZA: <\/b><\/span><\/span><\/span><\/p>\n<p align=\"justify\"><span style=\"color: #000000;\"><span style=\"font-family: Book Antiqua, serif;\"><span style=\"font-size: large;\"><b>Niech si\u0119 rozweseli pustynia i spieczona ziemia, <\/b><\/span><\/span><\/span><\/p>\n<p align=\"justify\"><span style=\"color: #000000;\"><span style=\"font-family: Book Antiqua, serif;\"><span style=\"font-size: large;\"><b>niech si\u0119 raduje step i niech rozkwitnie! <\/b><\/span><\/span><\/span><\/p>\n<p align=\"justify\"><span style=\"color: #000000;\"><span style=\"font-family: Book Antiqua, serif;\"><span style=\"font-size: large;\"><b>Niech wyda kwiaty jak lilie polne, <\/b><\/span><\/span><\/span><\/p>\n<p align=\"justify\"><span style=\"color: #000000;\"><span style=\"font-family: Book Antiqua, serif;\"><span style=\"font-size: large;\"><b>niech si\u0119 rozraduje tak\u017ce skacz\u0105c <\/b><\/span><\/span><\/span><\/p>\n<p align=\"justify\"><span style=\"color: #000000;\"><span style=\"font-family: Book Antiqua, serif;\"><span style=\"font-size: large;\"><b>i wykrzykuj\u0105c z uciechy. <\/b><\/span><\/span><\/span><\/p>\n<p align=\"justify\"><span style=\"color: #000000;\"><span style=\"font-family: Book Antiqua, serif;\"><span style=\"font-size: large;\"><b>Chwa\u0142\u0105 Libanu j\u0105 obdarzono, <\/b><\/span><\/span><\/span><\/p>\n<p align=\"justify\"><span style=\"color: #000000;\"><span style=\"font-family: Book Antiqua, serif;\"><span style=\"font-size: large;\"><b>ozdob\u0105 Karmelu i Saronu. <\/b><\/span><\/span><\/span><\/p>\n<p align=\"justify\"><span style=\"color: #000000;\"><span style=\"font-family: Book Antiqua, serif;\"><span style=\"font-size: large;\"><b>Oni zobacz\u0105 chwa\u0142\u0119 Pana, <\/b><\/span><\/span><\/span><\/p>\n<p align=\"justify\"><span style=\"color: #000000;\"><span style=\"font-family: Book Antiqua, serif;\"><span style=\"font-size: large;\"><b>wspania\u0142o\u015b\u0107 naszego Boga. <\/b><\/span><\/span><\/span><\/p>\n<p align=\"justify\"><span style=\"color: #000000;\"><span style=\"font-family: Book Antiqua, serif;\"><span style=\"font-size: large;\"><b>Pokrzepcie r\u0119ce os\u0142ab\u0142e, <\/b><\/span><\/span><\/span><\/p>\n<p align=\"justify\"><span style=\"color: #000000;\"><span style=\"font-family: Book Antiqua, serif;\"><span style=\"font-size: large;\"><b>wzmocnijcie kolana omdla\u0142e! <\/b><\/span><\/span><\/span><\/p>\n<p align=\"justify\"><span style=\"color: #000000;\"><span style=\"font-family: Book Antiqua, serif;\"><span style=\"font-size: large;\"><b>Powiedzcie ma\u0142odusznym: <\/b><\/span><\/span><\/span><\/p>\n<p align=\"justify\"><span style=\"color: #000000;\">\u201e<span style=\"font-family: Book Antiqua, serif;\"><span style=\"font-size: large;\"><b>Odwagi! Nie b\u00f3jcie si\u0119! <\/b><\/span><\/span><\/span><\/p>\n<p align=\"justify\"><span style=\"color: #000000;\"><span style=\"font-family: Book Antiqua, serif;\"><span style=\"font-size: large;\"><b>Oto wasz B\u00f3g, oto pomsta; <\/b><\/span><\/span><\/span><\/p>\n<p align=\"justify\"><span style=\"color: #000000;\"><span style=\"font-family: Book Antiqua, serif;\"><span style=\"font-size: large;\"><b>przychodzi Bo\u017ca odp\u0142ata; <\/b><\/span><\/span><\/span><\/p>\n<p align=\"justify\"><span style=\"color: #000000;\"><span style=\"font-family: Book Antiqua, serif;\"><span style=\"font-size: large;\"><b>On sam przychodzi, aby was zbawi\u0107\u201d. <\/b><\/span><\/span><\/span><\/p>\n<p align=\"justify\"><span style=\"color: #000000;\"><span style=\"font-family: Book Antiqua, serif;\"><span style=\"font-size: large;\"><b>Wtedy przejrz\u0105 oczy niewidomych <\/b><\/span><\/span><\/span><\/p>\n<p align=\"justify\"><span style=\"color: #000000;\"><span style=\"font-family: Book Antiqua, serif;\"><span style=\"font-size: large;\"><b>i uszy g\u0142uchych si\u0119 otworz\u0105. <\/b><\/span><\/span><\/span><\/p>\n<p align=\"justify\"><span style=\"color: #000000;\"><span style=\"font-family: Book Antiqua, serif;\"><span style=\"font-size: large;\"><b>Wtedy chromy wyskoczy jak jele\u0144 <\/b><\/span><\/span><\/span><\/p>\n<p align=\"justify\"><span style=\"color: #000000;\"><span style=\"font-family: Book Antiqua, serif;\"><span style=\"font-size: large;\"><b>i j\u0119zyk niemych weso\u0142o krzyknie. <\/b><\/span><\/span><\/span><\/p>\n<p align=\"justify\"><span style=\"color: #000000;\"><span style=\"font-family: Book Antiqua, serif;\"><span style=\"font-size: large;\"><b>I odkupieni przez Pana powr\u00f3c\u0105. <\/b><\/span><\/span><\/span><\/p>\n<p align=\"justify\"><span style=\"color: #000000;\"><span style=\"font-family: Book Antiqua, serif;\"><span style=\"font-size: large;\"><b>Przyb\u0119d\u0105 na Syjon z radosnym \u015bpiewem, <\/b><\/span><\/span><\/span><\/p>\n<p align=\"justify\"><span style=\"color: #000000;\"><span style=\"font-family: Book Antiqua, serif;\"><span style=\"font-size: large;\"><b>ze szcz\u0119\u015bciem wiecznym na twarzach. <\/b><\/span><\/span><\/span><\/p>\n<p align=\"justify\"><span style=\"color: #000000;\"><span style=\"font-family: Book Antiqua, serif;\"><span style=\"font-size: large;\"><b>Osi\u0105gn\u0105 rado\u015b\u0107 i szcz\u0119\u015bcie, <\/b><\/span><\/span><\/span><\/p>\n<p align=\"justify\"><span style=\"color: #000000;\"><span style=\"font-family: Book Antiqua, serif;\"><span style=\"font-size: large;\"><b>ust\u0105pi smutek i wzdychanie.<\/b><\/span><\/span><\/span><\/p>\n<p align=\"justify\">\n<p align=\"justify\">\n<p align=\"justify\">\n<p align=\"justify\">\n<p align=\"justify\">\n<p align=\"justify\"><span style=\"color: #000000;\"><span style=\"font-family: Book Antiqua, serif;\"><span style=\"font-size: large;\"><b>CZYTANIE Z LISTU \u015aWI\u0118TEGO JAKUBA APOSTO\u0141A:<\/b><\/span><\/span><\/span><\/p>\n<p align=\"justify\"><span style=\"color: #000000;\"><span style=\"font-family: Book Antiqua, serif;\"><span style=\"font-size: large;\"><b>Trwajcie cierpliwie, bracia, a\u017c do przyj\u015bcia Pana. Oto rolnik czeka wytrwale na cenny plon ziemi, dop\u00f3ki nie spadnie deszcz wczesny i p\u00f3\u017any. Tak i wy b\u0105d\u017acie cierpliwi i umacniajcie serca wasze, bo przyj\u015bcie Pana jest ju\u017c bliskie. <\/b><\/span><\/span><\/span><\/p>\n<p align=\"justify\"><span style=\"color: #000000;\"><span style=\"font-family: Book Antiqua, serif;\"><span style=\"font-size: large;\"><b>Nie uskar\u017cajcie si\u0119, bracia, jeden na drugiego, by\u015bcie nie popadli pod s\u0105d. Oto s\u0119dzia stoi przed drzwiami. Za przyk\u0142ad wytrwa\u0142o\u015bci i cierpliwo\u015bci we\u017acie, bracia, prorok\u00f3w, kt\u00f3rzy przemawiali w imi\u0119 Pa\u0144skie.<\/b><\/span><\/span><\/span><\/p>\n<p align=\"justify\">\n<p align=\"justify\">\n<p align=\"justify\">\n<p align=\"justify\">\n<p align=\"justify\">\n<p align=\"justify\"><span style=\"color: #000000;\"><span style=\"font-family: Book Antiqua, serif;\"><span style=\"font-size: large;\"><b>S\u0141OWA EWANGELII WED\u0141UG \u015aWI\u0118TEGO MATEUSZA: <\/b><\/span><\/span><\/span><\/p>\n<p align=\"justify\"><span style=\"color: #000000;\"><span style=\"font-family: Book Antiqua, serif;\"><span style=\"font-size: large;\"><b>Gdy Jan us\u0142ysza\u0142 w wi\u0119zieniu o czynach Chrystusa, pos\u0142a\u0142 swoich uczni\u00f3w z zapytaniem: \u201eCzy Ty jeste\u015b Tym, kt\u00f3ry ma przyj\u015b\u0107, czy te\u017c innego mamy oczekiwa\u0107?\u201d Jezus im odpowiedzia\u0142: \u201eId\u017acie i oznajmijcie Janowi to, co s\u0142yszycie i na co patrzycie: niewidomi wzrok odzyskuj\u0105, chromi chodz\u0105, tr\u0119dowaci doznaj\u0105 oczyszczenia, g\u0142usi s\u0142ysz\u0105, umarli zmartwychwstaj\u0105, ubogim g\u0142osi si\u0119 Ewangeli\u0119. A b\u0142ogos\u0142awiony jest ten, kto we Mnie nie zw\u0105tpi\u201d. <\/b><\/span><\/span><\/span><\/p>\n<p align=\"justify\"><span style=\"color: #000000;\"><span style=\"font-family: Book Antiqua, serif;\"><span style=\"font-size: large;\"><b>Gdy oni odchodzili, Jezus zacz\u0105\u0142 m\u00f3wi\u0107 do t\u0142um\u00f3w o Janie: \u201eCo\u015bcie wyszli ogl\u0105da\u0107 na pustyni? Trzcin\u0119 ko\u0142ysz\u0105c\u0105 si\u0119 na wietrze? Ale co\u015bcie wyszli zobaczy\u0107? Cz\u0142owieka w mi\u0119kkie szaty ubranego? Oto w domach kr\u00f3lewskich s\u0105 ci, kt\u00f3rzy mi\u0119kkie szaty nosz\u0105. Po co\u015bcie wi\u0119c wyszli? Proroka zobaczy\u0107? Tak, powiadam wam, nawet wi\u0119cej ni\u017c proroka. On jest tym, o kt\u00f3rym napisano: \u00abOto Ja posy\u0142am mego wys\u0142a\u0144ca przed Tob\u0105, aby Ci przygotowa\u0142 drog\u0119\u00bb. Zaprawd\u0119 powiadam wam: Mi\u0119dzy narodzonymi z niewiast nie powsta\u0142 wi\u0119kszy od Jana Chrzciciela. Lecz najmniejszy w Kr\u00f3lestwie niebieskim wi\u0119kszy jest ni\u017c on\u201d.<\/b><\/span><\/span><\/span><\/p>\n<p align=\"justify\">\n<p align=\"justify\">\n<p align=\"justify\">\n<p align=\"justify\">\n<p align=\"justify\">\n<p align=\"justify\"><span style=\"color: #000000;\"><span style=\"font-family: Book Antiqua, serif;\"><span style=\"font-size: large;\">S\u0142owa, kt\u00f3rymi rozpoczyna si\u0119 dzisiejsze pierwsze czytanie, s\u0105 z pewno\u015bci\u0105 bardzo obrazowe i \u0142atwo wyobra\u017camy sobie to, co wyra\u017caj\u0105: <i><b>Niech si\u0119 rozweseli pustynia i spieczona ziemia, niech si\u0119 raduje step i niech rozkwitnie!<\/b><\/i><b> <\/b>Kto widzia\u0142 pustyni\u0119 z bliska \u2013 albo nawet na fotografiach czy na filmach \u2013 doskonale wie, o czym mowa\u2026 <\/span><\/span><\/span><\/p>\n<p align=\"justify\"><span style=\"color: #000000;\"><span style=\"font-family: Book Antiqua, serif;\"><span style=\"font-size: large;\">A jednocze\u015bnie \u2013 w\u0142a\u015bnie dlatego, \u017ce widzia\u0142 \u2013 mo\u017ce potraktowa\u0107 te s\u0142owa <b>w kategoriach ba\u015bniowych, nierealistycznych, <\/b>mo\u017ce troch\u0119 \u017cyczeniowych, bo niby z czego mia\u0142aby si\u0119 weseli\u0107 pustynia, na kt\u00f3rej tylko piasek i piasek?\u2026 I jeszcze \u017car, lej\u0105cy si\u0119 z nieba?\u2026 <b>Z czego ma si\u0119 radowa\u0107 pustynia, <\/b>z czego ma si\u0119 radowa\u0107 spieczona ziemia, a niby w jaki to spos\u00f3b ma zakwitn\u0105\u0107 step?\u2026 <\/span><\/span><\/span><\/p>\n<p align=\"justify\"><span style=\"color: #000000;\"><span style=\"font-family: Book Antiqua, serif;\"><span style=\"font-size: large;\">Mo\u017cna zapewne powiedzie\u0107, \u017ce te s\u0142owa brzmi\u0105 tak samo nierealistycznie, jak i dalsze z pierwszego czytania: <i><b>Wtedy przejrz\u0105 oczy niewidomych <\/b><\/i><i><b>i uszy g\u0142uchych si\u0119 otworz\u0105. Wtedy chromy wyskoczy jak jele\u0144 i j\u0119zyk niemych weso\u0142o krzyknie. I odkupieni przez Pana powr\u00f3c\u0105. Przyb\u0119d\u0105 na Syjon z radosnym \u015bpiewem, ze szcz\u0119\u015bciem wiecznym na twarzach. Osi\u0105gn\u0105 rado\u015b\u0107 i szcz\u0119\u015bcie, <\/b><\/i><i><b>ust\u0105pi smutek i wzdychanie.<\/b><\/i> Pozostaje tylko westchn\u0105\u0107: \u017ceby tak rzeczywi\u015bcie by\u0142o, \u017ceby si\u0119 tak uda\u0142o\u2026 Bo wydaje si\u0119 to zupe\u0142nie, ale to zupe\u0142nie niemo\u017cliwe\u2026 <\/span><\/span><\/span><\/p>\n<p align=\"justify\"><span style=\"color: #000000;\"><span style=\"font-family: Book Antiqua, serif;\"><span style=\"font-size: large;\">A jednak, B\u00f3g w\u0142a\u015bnie przekonuje nas, <b>\u017ce tak si\u0119 da i \u017ce tak b\u0119dzie!<\/b> Musimy w to tylko uwierzy\u0107! Tylko uwierzy\u0107\u2026 <b>Tylko \u2013 albo: a\u017c!<\/b> Bo mo\u017ce w\u0142a\u015bnie najtrudniej jest nam w to uwierzy\u0107 i mo\u017ce w\u0142a\u015bnie tutaj le\u017cy ca\u0142y problem, \u017ce to nie sam cud jest niemo\u017cliwy, ale <b>nasze uwierzenie w cud jest cz\u0119sto tak trudne, <\/b>\u017ce prawie niemo\u017cliwe. <\/span><\/span><\/span><\/p>\n<p align=\"justify\"><span style=\"color: #000000;\"><span style=\"font-family: Book Antiqua, serif;\"><span style=\"font-size: large;\">A tak si\u0119 dzieje zawsze, kiedy ow\u0105 pustyni\u0105 i spieczon\u0105 ziemi\u0105 <b>jest nasze serce!<\/b> I chyba naprawd\u0119 \u0142atwiej jest pustyni zakwitn\u0105\u0107, ni\u017c o\u017cywi\u0107 niejedno ludzkie zamkni\u0119te, zablokowane, ciasne serce\u2026 Dlatego B\u00f3g m\u00f3wi w pierwszym dzisiejszym czytaniu: <i><b>Powiedzcie ma\u0142odusznym: <\/b><\/i><i><b>\u201eOdwagi! Nie b\u00f3jcie si\u0119! Oto wasz B\u00f3g, oto pomsta; przychodzi Bo\u017ca odp\u0142ata; <\/b><\/i><i><b>On sam przychodzi, aby was<\/b><\/i><b> <\/b><i><b>zbawi\u0107\u201d.<\/b><\/i><b> <\/b>Ot\u00f3\u017c, w\u0142a\u015bnie! <i><b>Powiedzcie ma\u0142odusznym\u2026<\/b><\/i> Czyli \u2013 komu? <\/span><\/span><\/span><\/p>\n<p align=\"justify\"><span style=\"color: #000000;\"><span style=\"font-family: Book Antiqua, serif;\"><span style=\"font-size: large;\">A czy\u017c nie s\u0105 to ci w\u0142a\u015bnie, kt\u00f3rych serce przypomina ow\u0105 pustyni\u0119 i spieczon\u0105 ziemi\u0119? Albo suchy step, smagany wiatrem? Czy\u017c to nie s\u0105 ci, kt\u00f3rzy <b>nie s\u0105 w stanie uwierzy\u0107,<\/b> \u017ce w ich \u017cyciu co\u015b si\u0119 mo\u017ce zmieni\u0107? Albo mo\u017ce <b>nie maj\u0105 cierpliwo\u015bci<\/b> na to czeka\u0107, lub o to si\u0119 stara\u0107\u2026 <\/span><\/span><\/span><\/p>\n<p align=\"justify\"><span style=\"color: #000000;\"><span style=\"font-family: Book Antiqua, serif;\"><span style=\"font-size: large;\">Zapewne do takich w\u0142a\u015bnie \u2013 ale i do nas wszystkich, by\u015bmy si\u0119 przed takim zagro\u017ceniem ustrzegli \u2013 Jakub Aposto\u0142 m\u00f3wi w drugim czytaniu: <i><b>Trwajcie cierpliwie, bracia, a\u017c do przyj\u015bcia Pana. Oto rolnik czeka wytrwale na cenny plon ziemi, dop\u00f3ki nie spadnie deszcz wczesny i p\u00f3\u017any. Tak i wy b\u0105d\u017acie cierpliwi i umacniajcie serca wasze, bo przyj\u015bcie Pana jest ju\u017c bliskie. <\/b><\/i><\/span><\/span><\/span><\/p>\n<p align=\"justify\"><span style=\"color: #000000;\"><span style=\"font-family: Book Antiqua, serif;\"><span style=\"font-size: large;\">Po czym dodaje \u2013 ju\u017c tak bardzo praktycznie i z niew\u0105tpliwym znawstwem ludzkich postaw \u2013 wyra\u017an\u0105 przestrog\u0119: <i><b>Nie uskar\u017cajcie si\u0119, bracia, jeden na drugiego, by\u015bcie nie popadli pod s\u0105d. Oto s\u0119dzia stoi przed drzwiami. Za przyk\u0142ad wytrwa\u0142o\u015bci i cierpliwo\u015bci we\u017acie, bracia, prorok\u00f3w, kt\u00f3rzy przemawiali w imi\u0119 Pa\u0144skie.<\/b><\/i><b> <\/b>Dok\u0142adnie tak: <i><b>Nie uskar\u017cajcie si\u0119 jeden na drugiego!<\/b><\/i> Czyli \u2013 m\u00f3wi\u0105c po naszemu \u2013<b> nie plotkujcie<\/b> jeden o drugim, nie obmawiajcie si\u0119 za plecami. Jakby do nas dzisiaj pisa\u0142, co?\u2026 <\/span><\/span><\/span><\/p>\n<p align=\"justify\"><span style=\"color: #000000;\"><span style=\"font-family: Book Antiqua, serif;\"><span style=\"font-size: large;\">I tak samo do nas odnosi si\u0119 <b>zach\u0119ta do cierpliwo\u015bci<\/b> \u2013 do cierpliwej i wytrwa\u0142ej pracy nad sob\u0105. Za przyk\u0142ad cierpliwo\u015bci, po\u0142\u0105czonej z sumienn\u0105 prac\u0105, postawi\u0142 nam \u015awi\u0119ty Jakub <b>rolnika,<\/b> czekaj\u0105cego <i><b>wytrwale na cenny plon ziemi, dop\u00f3ki nie spadnie deszcz wczesny i p\u00f3\u017any.<\/b><\/i><i> <\/i>Takim przyk\u0142adem s\u0105 tak\u017ce Prorocy, <i><b>kt\u00f3rzy przemawiali w imi\u0119 Pa\u0144skie.<\/b><\/i><b> <\/b><\/span><\/span><\/span><\/p>\n<p align=\"justify\"><span style=\"color: #000000;\"><span style=\"font-family: Book Antiqua, serif;\"><span style=\"font-size: large;\">Czy jednak takim samym, wyra\u017anym i czytelnym przyk\u0142adem, by\u0142 Jan Chrzciciel, kt\u00f3ry dzisiaj postawi\u0142 Jezusowi \u2013 przez swoich wys\u0142annik\u00f3w \u2013 bardzo zaskakuj\u0105ce pytanie: <i><b>Czy Ty jeste\u015b Tym, kt\u00f3ry ma przyj\u015b\u0107, czy te\u017c innego mamy oczekiwa\u0107?<\/b><\/i> Jak je rozumie\u0107, szczeg\u00f3lnie je\u015bli przypomnimy sobie chrzest Jezusa w wodach Jordanu, kiedy to <b>Jan bezb\u0142\u0119dnie rozpozna\u0142<\/b> tego, kt\u00f3remu przygotowywa\u0142 drog\u0119 i w swoim nauczaniu precyzyjnie wypowiada\u0142 si\u0119, kim\u017ce b\u0119dzie \u00f3w Bo\u017cy Mesjasz i jak wielk\u0105 pozycj\u0119 b\u0119dzie mia\u0142, a tu nagle \u2013 ni z tego, ni z owego \u2013 <b>takie pytanie\u2026 <\/b><\/span><\/span><\/span><\/p>\n<p align=\"justify\"><span style=\"color: #000000;\"><span style=\"font-family: Book Antiqua, serif;\"><span style=\"font-size: large;\">Zastanawiaj\u0105 si\u0119 nad tym tak\u017ce komentatorzy Pisma \u015awi\u0119tego, ale mo\u017cna chyba przyj\u0105\u0107 takie wyja\u015bnienie, \u017ce <b>Jan tak\u017ce by\u0142<\/b> <b>cz\u0142owiekiem,<\/b> wi\u0119c my\u015bla\u0142 w du\u017cej mierzy po ludzku, a do tego by\u0142 <b>synem swego narodu,<\/b> a nar\u00f3d oczekiwa\u0142 Mesjasza Zwyci\u0119zcy, Mocarza militarnego, Przewodnika politycznego, Wyzwoliciela z niewoli rzymskiej. Dlatego zderzenie oczekiwa\u0144, jakie w ca\u0142ym narodzie wybranym by\u0142y co do Jezusa, z tym, co Jezus faktycznie czyni\u0142, by\u0142o dla wielu <b>drastyczne i rozczarowuj\u0105ce. <\/b><\/span><\/span><\/span><\/p>\n<p align=\"justify\"><span style=\"color: #000000;\"><span style=\"font-family: Book Antiqua, serif;\"><span style=\"font-size: large;\">Nie na takiego bowiem Mesjasza czekali! O co tu w og\u00f3le chodzi? Mia\u0142 wyzwoli\u0107 nar\u00f3d spod okupacji, a On co? <b>Naucza o mi\u0142o\u015bci \u2013 i to nawet nieprzyjaci\u00f3\u0142?<\/b> Ka\u017ce przebacza\u0107? Czyni\u0107 innym dobro? I sam czyni wszystkim dobro, zamiast wzi\u0105\u0107 si\u0119 ostro i uporz\u0105dkowa\u0107 to i owo\u2026 <\/span><\/span><\/span><\/p>\n<p align=\"justify\"><span style=\"color: #000000;\"><span style=\"font-family: Book Antiqua, serif;\"><span style=\"font-size: large;\">W\u0142a\u015bnie te wszystkie w\u0105tpliwo\u015bci i dylematy Jan zawar\u0142 w swoim pytaniu. Czy\u017cby zatem zabrak\u0142o mu cierpliwo\u015bci?\u2026 Czy\u017cby chcia\u0142 \u2013 jak i inni ludzie \u2013 <b>natychmiastow<\/b><b>ych skutk\u00f3w <\/b>dzia\u0142ania Jezusa? Ale \u2013 jakiego dzia\u0142ania?\u2026 <\/span><\/span><\/span><\/p>\n<p align=\"justify\"><span style=\"color: #000000;\"><span style=\"font-family: Book Antiqua, serif;\"><span style=\"font-size: large;\">Jezus przecie\u017c w\u0142a\u015bnie konkretnymi dzia\u0142aniami odpowiedzia\u0142 na w\u0105tpliwo\u015bci Jana. Zauwa\u017cmy, \u017ce nie obrazi\u0142 si\u0119 na niego, nie upomnia\u0142 za brak wiary czy wahanie, ale bardzo <b>spokojnie i rzeczowo<\/b> wskaza\u0142 na czyny, kt\u00f3re dawa\u0142y o nim najlepsze \u015bwiadectwo. M\u00f3wi\u0142: <i><b>Id\u017acie i oznajmijcie Janowi to, co s\u0142yszycie i na co patrzycie: niewidomi wzrok odzyskuj\u0105, chromi chodz\u0105, tr\u0119dowaci doznaj\u0105 oczyszczenia, g\u0142usi s\u0142ysz\u0105, umarli zmartwychwstaj\u0105, ubogim g\u0142osi si\u0119 Ewangeli\u0119. <\/b><\/i>A na ko\u0144cu doda\u0142: <i><b>A b\u0142ogos\u0142awiony jest ten, kto we Mnie nie zw\u0105tpi.<\/b><\/i><b> <\/b><\/span><\/span><\/span><\/p>\n<p align=\"justify\"><span style=\"color: #000000;\"><span style=\"font-family: Book Antiqua, serif;\"><span style=\"font-size: large;\">A wi\u0119c jednak \u2013 <b>cierpliwo\u015b\u0107. <\/b>Cierpliwo\u015b\u0107, by nie zw\u0105tpi\u0107, by wytrwa\u0107, by <b>poczeka\u0107 na skutki Bo\u017cego dzia\u0142ania,<\/b> by je dostrzec, by je chocia\u017c troch\u0119 zrozumie\u0107\u2026 By je doceni\u0107, by si\u0119 nimi szczerze ucieszy\u0107\u2026 <\/span><\/span><\/span><\/p>\n<p align=\"justify\"><span style=\"color: #000000;\"><span style=\"font-family: Book Antiqua, serif;\"><span style=\"font-size: large;\">Moi Drodzy, my naprawd\u0119 <b>bardzo du\u017co tracimy<\/b> naszym brakiem cierpliwo\u015bci. Oczywi\u015bcie, to jest sprawa nie\u0142atwa. A nawet \u2013 bardzo trudna. Bo chocia\u017c cz\u0119sto chcemy naprawd\u0119 dobra, to jednocze\u015bnie <b>chcemy go <\/b><b>szybko, natychmiast,<\/b> od r\u0119ki, w jednym momencie! Zobaczmy, ile\u017c to napi\u0119\u0107 powstaje nawet w naszych rodzinach na tym tle, \u017ce kiedy sobie nawzajem zwracamy uwag\u0119, albo o co\u015b prosimy, albo sobie co\u015b t\u0142umaczymy, staraj\u0105c si\u0119 sobie co\u015b wyperswadowa\u0107, to chcieliby\u015bmy <b>natychmiast, od razu <\/b><b>widzie\u0107 tego skutki<\/b><b>.<\/b> <\/span><\/span><\/span><\/p>\n<p align=\"justify\"><span style=\"color: #000000;\"><span style=\"font-family: Book Antiqua, serif;\"><span style=\"font-size: large;\">W niejednej dyskusji, kiedy przedstawiamy swoje rzeczywi\u015bcie s\u0142uszne argumenty \u2013 w tej czy innej kwestii \u2013 nieraz przegrywamy ca\u0142\u0105 spraw\u0119 <b>nie dlatego, \u017ce nie mamy racji,<\/b> ale \u017ce <b>chcemy<\/b> <b>za szybko <\/b>postawi\u0107 na swoim. Niejedna pro\u015bba o co\u015b pozosta\u0142a nieskuteczna dlatego, \u017ce o co\u015b prosimy i <b>chc<\/b><b>emy<\/b><b> ju\u017c teraz, natychmiast.<\/b> <\/span><\/span><\/span><\/p>\n<p align=\"justify\"><span style=\"color: #000000;\"><span style=\"font-family: Book Antiqua, serif;\"><span style=\"font-size: large;\">Niejedno dobre postanowienie \u2013 adwentowe, wielkopostne, rekolekcyjne, po Spowiedzi \u2013 leg\u0142o w gruzach w\u0142a\u015bnie dlatego, \u017ce chcieli\u015bmy natychmiast widzie\u0107 jego skutki. <b>A skoro nie widzi<\/b><b>eli\u015bmy<\/b><b> natychmiast<\/b> \u2013 to znaczy, \u017ce to wszystko w og\u00f3le nie ma sensu, nic z tego nie b\u0119dzie, nie ma po co si\u0119 w og\u00f3le stara\u0107\u2026 Niejedno dobre dzia\u0142anie, jaka\u015b ciekawa inicjatywa, nawet dobrze zaplanowana i ca\u0142kiem sensownie pomy\u015blana \u2013 ostatecznie utkn\u0119\u0142a gdzie\u015b w p\u00f3\u0142 drogi, <b>bo zabrak\u0142o cierpliwo\u015bci, wytrwa\u0142o\u015bci;<\/b> bo przysz\u0142o zniech\u0119cenie, a mo\u017ce wypalenie\u2026<\/span><\/span><\/span><\/p>\n<p align=\"justify\"><span style=\"color: #000000;\"><span style=\"font-family: Book Antiqua, serif;\"><span style=\"font-size: large;\">Dlatego to \u015awi\u0119ty Arnold Jansen mawia\u0142, \u017ce <b>\u201ec<\/b><b>ierpliwo\u015b\u0107 i pokora to dwa klucze do serca Boga i cz\u0142owieka\u201d.<\/b> A znowu stare polskie przys\u0142owie m\u00f3wi, \u017ce <b>\u201ec<\/b><b>zego nie otworzysz kluczem, otworzysz cierpliwo\u015bci\u0105\u201d.<\/b> Z kolei, \u015awi\u0119ty Papie\u017c Jan XXIII mawia\u0142, \u017ce \u201ecierpliwo\u015b\u0107 jest n\u0105jkonieczniejsz\u0105 zalet\u0105, aby dobrze \u017cy\u0107. Je\u017celi brakuje cierpliwo\u015bci, wchodz\u0105 gniew, zmieszanie, w\u015bciek\u0142o\u015b\u0107 i zgorzknienie.\u201d Natomiast \u015awi\u0119ty Ksi\u0105dz Jan Bosco uwa\u017ca\u0142, \u017ce <b>\u201ec<\/b><b>ierpliwo\u015b\u0107 jest absolutnie konieczna,<\/b> aby pokona\u0107 \u015bwiat, zapewni\u0107 sobie zwyci\u0119stwo i wej\u015b\u0107 do raju.\u201d A jeszcze kto\u015b inny podsumowa\u0142 to wszystko nast\u0119puj\u0105cym stwierdzeniem: \u201eRozum znosi nieszcz\u0119\u015bcia, odwaga z nimi walczy, <b>ale to <\/b><b>cierpliwo\u015b\u0107 je zwyci\u0119\u017ca!\u201d <\/b><\/span><\/span><\/span><\/p>\n<p align=\"justify\"><span style=\"color: #000000;\"><span style=\"font-family: Book Antiqua, serif;\"><span style=\"font-size: large;\">I my\u015bl\u0119, \u017ce mo\u017cna by tu d\u0142ugo jeszcze cytowa\u0107 m\u0105dre zdania na temat cierpliwo\u015bci \u2013 <b>a\u017c w ko\u0144cu straci\u0107 cierpliwo\u015b\u0107<\/b> do ich cytowania! Bo tu nie o wym\u0105drzanie si\u0119 na temat cierpliwo\u015bci chodzi, ale o to, by si\u0119 o ni\u0105 <b>naprawd\u0119 <\/b><b>stara\u0107,<\/b> by si\u0119 <b>o ni\u0105 modli\u0107,<\/b> by nad ni\u0105 pracowa\u0107, by j\u0105 w sobie konkretnie kszta\u0142towa\u0107\u2026 Bo chyba naprawd\u0119 troch\u0119 nam jej brakuje\u2026 A mo\u017ce nawet nie troch\u0119\u2026 <\/span><\/span><\/span><\/p>\n<p align=\"justify\"><span style=\"color: #000000;\"><span style=\"font-family: Book Antiqua, serif;\"><span style=\"font-size: large;\">Tymczasem, cierpliwo\u015b\u0107 jest <b>rzeczywi\u015bcie kluczem do serca Boga i do serca cz\u0142owieka.<\/b> Jest kluczem, kt\u00f3ry na ko\u0144cu otworzy ka\u017cde drzwi. Potrzeba zatem cierpliwo\u015bci w modlitwie, cierpliwo\u015bci w dzia\u0142aniu, cierpliwo\u015bci w realizacji dobrych postanowie\u0144, cierpliwo\u015bci w znoszeniu tego, co trudne\u2026 <\/span><\/span><\/span><\/p>\n<p align=\"justify\"><span style=\"color: #000000;\"><span style=\"font-family: Book Antiqua, serif;\"><span style=\"font-size: large;\">Przypomina mi si\u0119 w tym momencie porada, jakiej przed laty udzieli\u0142 mi pochodz\u0105cy z mojej rodzinnej Parafii Kapucyn, Misjonarz pos\u0142uguj\u0105cy od lat w Gwatemali, <b>Ojciec Stanis\u0142aw Miciuk.<\/b> By\u0142em wtedy jeszcze w Seminarium. W trakcie jednej z rozm\u00f3w z Ojcem Stanis\u0142awem, w czasie jego pobytu w Polsce, <b>skar\u017cy\u0142em si\u0119 na r\u00f3\u017cne trudno\u015bci,<\/b> na jakie napotykam na drodze realizacji swego powo\u0142ania, ale i na r\u00f3\u017cne inne trudno\u015bci, kt\u00f3re si\u0119 pi\u0119trz\u0105, a kt\u00f3re ja, oczywi\u015bcie, chcia\u0142bym jak najszybciej pokona\u0107, <b>od razu wszystko zmieni\u0107,<\/b> poprawi\u0107, usprawni\u0107, a tu mi i to nie wychodzi, i tamto, i jeszcze tamto\u2026 <\/span><\/span><\/span><\/p>\n<p align=\"justify\"><span style=\"color: #000000;\"><span style=\"font-family: Book Antiqua, serif;\"><span style=\"font-size: large;\">Ojciec Stanis\u0142aw, gdy tego wszystkiego bardzo cierpliwie wys\u0142ucha\u0142, spojrza\u0142 mi prosto w oczy i powiedzia\u0142 tylko jedno zdanie: <b>\u201eMiej cierpliwo\u015b\u0107 do samego siebie\u201d.<\/b> I nic wi\u0119cej. Jedno zdanie: <b>\u201eMiej cierpliwo\u015b\u0107 do samego siebie\u201d.<\/b> Proste zdanie \u2013 a dla mnie niemal\u017ce jak odkrycie Ameryki! Tyle dobrych porad s\u0142ysza\u0142em wcze\u015bniej i potem, przez ca\u0142e \u017cycie, na Spowiedzi i poza Spowiedzi\u0105, a ta jedna \u2013 kr\u00f3tka, ale dosadna \u2013 <b>pozosta\u0142a mi w sercu i w pami\u0119ci do dzi\u015b.<\/b> Nieraz za ni\u0105 dzi\u0119kowa\u0142em potem Ojcu Stanis\u0142awowi.<\/span><\/span><\/span><\/p>\n<p align=\"justify\"><span style=\"color: #000000;\"><span style=\"font-family: Book Antiqua, serif;\"><span style=\"font-size: large;\">I mo\u017ce, moi Drodzy, <b>o to w\u0142a\u015bnie chodzi <\/b>w naszej pracy nad sob\u0105, w naszym odniesieniu do Boga, do drugiego cz\u0142owieka i do samych siebie \u2013 mo\u017ce w\u0142a\u015bnie o to. <b>O co? O cierpliwo\u015b\u0107. <\/b><\/span><\/span><\/span><\/p>\n<p align=\"justify\"><span style=\"color: #000000;\"><span style=\"font-family: Book Antiqua, serif;\"><span style=\"font-size: large;\">M\u00f3dlmy si\u0119 o ni\u0105 i starajmy si\u0119 o ni\u0105: <b>o cierpliwo\u015b\u0107 do Boga,<\/b> kt\u00f3ry dzia\u0142a w naszym \u017cyciu tak, jak sam uwa\u017ca za najlepsze, a nie jak my uwa\u017camy, dlatego oczekuje od nas cierpliwo\u015bci i wytrwa\u0142o\u015bci; <b>o cierpliwo\u015b\u0107 do ludzi,<\/b> kt\u00f3rych nie zawsze rozumiemy i kt\u00f3rych mo\u017ce jednak za szybko przekre\u015blamy; a wreszcie \u2013 <b>o cierpliwo\u015b\u0107 do samych siebie.<\/b><\/span><\/span><\/span><\/p>\n","protected":false},"excerpt":{"rendered":"<p>Niech b\u0119dzie pochwalony Jezus Chrystus! Moi Drodzy, w dniu wczorajszym urodziny prze\u017cywali: \u25baKsi\u0105dz Andrzej Duklewski, przed laty \u2013 Proboszcz Parafii w Tomsku na Syberii i Proboszcz mojego Brata Marka, nast\u0119pnie: Wikariusz Generalny Diecezji nowosybirskiej, a obecnie \u2013 Proboszcz Parafii w Sz\u00f3stce, w Diecezji siedleckiej (o tych urodzinach wspomnia\u0142 wczoraj Ksi\u0105dz Marek); \u25baMariusz K\u0142usek \u2013 przed [&hellip;]<\/p>\n","protected":false},"author":1,"featured_media":0,"comment_status":"open","ping_status":"open","sticky":false,"template":"","format":"standard","meta":{"jetpack_post_was_ever_published":false,"_jetpack_newsletter_access":"","_jetpack_dont_email_post_to_subs":false,"_jetpack_newsletter_tier_id":0,"_jetpack_memberships_contains_paywalled_content":false,"_jetpack_memberships_contains_paid_content":false,"footnotes":""},"categories":[1],"tags":[],"class_list":["post-16346","post","type-post","status-publish","format-standard","hentry","category-bez-kategorii"],"yoast_head":"<!-- This site is optimized with the Yoast SEO plugin v25.1 - https:\/\/yoast.com\/wordpress\/plugins\/seo\/ -->\n<title>Cierpliwo\u015b\u0107 - Gaudium Et Spes<\/title>\n<meta name=\"robots\" content=\"index, follow, max-snippet:-1, max-image-preview:large, max-video-preview:-1\" \/>\n<link rel=\"canonical\" href=\"https:\/\/gaudiumetspes-blog.pl\/index.php\/2019\/12\/15\/cierpliwosc-2\/\" \/>\n<meta property=\"og:locale\" content=\"pl_PL\" \/>\n<meta property=\"og:type\" content=\"article\" \/>\n<meta property=\"og:title\" content=\"Cierpliwo\u015b\u0107 - Gaudium Et Spes\" \/>\n<meta property=\"og:description\" content=\"Niech b\u0119dzie pochwalony Jezus Chrystus! Moi Drodzy, w dniu wczorajszym urodziny prze\u017cywali: \u25baKsi\u0105dz Andrzej Duklewski, przed laty \u2013 Proboszcz Parafii w Tomsku na Syberii i Proboszcz mojego Brata Marka, nast\u0119pnie: Wikariusz Generalny Diecezji nowosybirskiej, a obecnie \u2013 Proboszcz Parafii w Sz\u00f3stce, w Diecezji siedleckiej (o tych urodzinach wspomnia\u0142 wczoraj Ksi\u0105dz Marek); \u25baMariusz K\u0142usek \u2013 przed [&hellip;]\" \/>\n<meta property=\"og:url\" content=\"https:\/\/gaudiumetspes-blog.pl\/index.php\/2019\/12\/15\/cierpliwosc-2\/\" \/>\n<meta property=\"og:site_name\" content=\"Gaudium Et Spes\" \/>\n<meta property=\"article:published_time\" content=\"2019-12-15T04:33:45+00:00\" \/>\n<meta name=\"author\" content=\"Ks. Jacek\" \/>\n<meta name=\"twitter:card\" content=\"summary_large_image\" \/>\n<meta name=\"twitter:label1\" content=\"Napisane przez\" \/>\n\t<meta name=\"twitter:data1\" content=\"Ks. Jacek\" \/>\n\t<meta name=\"twitter:label2\" content=\"Szacowany czas czytania\" \/>\n\t<meta name=\"twitter:data2\" content=\"14 minut\" \/>\n<script type=\"application\/ld+json\" class=\"yoast-schema-graph\">{\"@context\":\"https:\/\/schema.org\",\"@graph\":[{\"@type\":\"WebPage\",\"@id\":\"https:\/\/gaudiumetspes-blog.pl\/index.php\/2019\/12\/15\/cierpliwosc-2\/\",\"url\":\"https:\/\/gaudiumetspes-blog.pl\/index.php\/2019\/12\/15\/cierpliwosc-2\/\",\"name\":\"Cierpliwo\u015b\u0107 - Gaudium Et Spes\",\"isPartOf\":{\"@id\":\"https:\/\/gaudiumetspes-blog.pl\/#website\"},\"datePublished\":\"2019-12-15T04:33:45+00:00\",\"author\":{\"@id\":\"https:\/\/gaudiumetspes-blog.pl\/#\/schema\/person\/1661982992b752dea8dff0d4ed845a65\"},\"breadcrumb\":{\"@id\":\"https:\/\/gaudiumetspes-blog.pl\/index.php\/2019\/12\/15\/cierpliwosc-2\/#breadcrumb\"},\"inLanguage\":\"pl-PL\",\"potentialAction\":[{\"@type\":\"ReadAction\",\"target\":[\"https:\/\/gaudiumetspes-blog.pl\/index.php\/2019\/12\/15\/cierpliwosc-2\/\"]}]},{\"@type\":\"BreadcrumbList\",\"@id\":\"https:\/\/gaudiumetspes-blog.pl\/index.php\/2019\/12\/15\/cierpliwosc-2\/#breadcrumb\",\"itemListElement\":[{\"@type\":\"ListItem\",\"position\":1,\"name\":\"Strona g\u0142\u00f3wna\",\"item\":\"https:\/\/gaudiumetspes-blog.pl\/\"},{\"@type\":\"ListItem\",\"position\":2,\"name\":\"Cierpliwo\u015b\u0107\"}]},{\"@type\":\"WebSite\",\"@id\":\"https:\/\/gaudiumetspes-blog.pl\/#website\",\"url\":\"https:\/\/gaudiumetspes-blog.pl\/\",\"name\":\"Gaudium Et Spes\",\"description\":\"Blog Ks. Jacka Ja\u015bkowskiego\",\"potentialAction\":[{\"@type\":\"SearchAction\",\"target\":{\"@type\":\"EntryPoint\",\"urlTemplate\":\"https:\/\/gaudiumetspes-blog.pl\/?s={search_term_string}\"},\"query-input\":{\"@type\":\"PropertyValueSpecification\",\"valueRequired\":true,\"valueName\":\"search_term_string\"}}],\"inLanguage\":\"pl-PL\"},{\"@type\":\"Person\",\"@id\":\"https:\/\/gaudiumetspes-blog.pl\/#\/schema\/person\/1661982992b752dea8dff0d4ed845a65\",\"name\":\"Ks. Jacek\",\"image\":{\"@type\":\"ImageObject\",\"inLanguage\":\"pl-PL\",\"@id\":\"https:\/\/gaudiumetspes-blog.pl\/#\/schema\/person\/image\/\",\"url\":\"https:\/\/gaudiumetspes-blog.pl\/wp-content\/uploads\/2019\/07\/avatar-JJ-150x150.jpg\",\"contentUrl\":\"https:\/\/gaudiumetspes-blog.pl\/wp-content\/uploads\/2019\/07\/avatar-JJ-150x150.jpg\",\"caption\":\"Ks. Jacek\"},\"description\":\"Witam serdecznie! K\u0142ania si\u0119 Ks. Jacek Ja\u015bkowski. Nie jestem ani kim\u015b wa\u017cnym, ani kim\u015b znanym. Jestem ksi\u0119dzem, kt\u00f3ry po prostu chce rozmawia\u0107. Codzienna kap\u0142a\u0144ska pos\u0142uga pokazuje mi, \u017ce temat\u00f3w do rozm\u00f3w z ksi\u0119dzem jest coraz wi\u0119cej i dzisiaj \u017caden ksi\u0105dz nie mo\u017ce od nich ucieka\u0107, ale - wprost przeciwnie - podejmowa\u0107 nowe wyzwania. To przekonanie sk\u0142oni\u0142o mnie do pr\u00f3by otwarcia tego\u017c bloga, chocia\u017c okazji do rozm\u00f3w na co dzie\u0144 - w konfesjonale i poza nim - na szcz\u0119\u015bcie nie brakuje. My\u015bl\u0119 jednak, \u017ce ten blog b\u0119dzie jeszcze jednym sposobem i przestrzeni\u0105 nawi\u0105zania kontaktu z lud\u017ami dobrej woli, otwartymi na dialog.\",\"url\":\"https:\/\/gaudiumetspes-blog.pl\/index.php\/author\/ks-jacek\/\"}]}<\/script>\n<!-- \/ Yoast SEO plugin. -->","yoast_head_json":{"title":"Cierpliwo\u015b\u0107 - Gaudium Et Spes","robots":{"index":"index","follow":"follow","max-snippet":"max-snippet:-1","max-image-preview":"max-image-preview:large","max-video-preview":"max-video-preview:-1"},"canonical":"https:\/\/gaudiumetspes-blog.pl\/index.php\/2019\/12\/15\/cierpliwosc-2\/","og_locale":"pl_PL","og_type":"article","og_title":"Cierpliwo\u015b\u0107 - Gaudium Et Spes","og_description":"Niech b\u0119dzie pochwalony Jezus Chrystus! Moi Drodzy, w dniu wczorajszym urodziny prze\u017cywali: \u25baKsi\u0105dz Andrzej Duklewski, przed laty \u2013 Proboszcz Parafii w Tomsku na Syberii i Proboszcz mojego Brata Marka, nast\u0119pnie: Wikariusz Generalny Diecezji nowosybirskiej, a obecnie \u2013 Proboszcz Parafii w Sz\u00f3stce, w Diecezji siedleckiej (o tych urodzinach wspomnia\u0142 wczoraj Ksi\u0105dz Marek); \u25baMariusz K\u0142usek \u2013 przed [&hellip;]","og_url":"https:\/\/gaudiumetspes-blog.pl\/index.php\/2019\/12\/15\/cierpliwosc-2\/","og_site_name":"Gaudium Et Spes","article_published_time":"2019-12-15T04:33:45+00:00","author":"Ks. Jacek","twitter_card":"summary_large_image","twitter_misc":{"Napisane przez":"Ks. Jacek","Szacowany czas czytania":"14 minut"},"schema":{"@context":"https:\/\/schema.org","@graph":[{"@type":"WebPage","@id":"https:\/\/gaudiumetspes-blog.pl\/index.php\/2019\/12\/15\/cierpliwosc-2\/","url":"https:\/\/gaudiumetspes-blog.pl\/index.php\/2019\/12\/15\/cierpliwosc-2\/","name":"Cierpliwo\u015b\u0107 - Gaudium Et Spes","isPartOf":{"@id":"https:\/\/gaudiumetspes-blog.pl\/#website"},"datePublished":"2019-12-15T04:33:45+00:00","author":{"@id":"https:\/\/gaudiumetspes-blog.pl\/#\/schema\/person\/1661982992b752dea8dff0d4ed845a65"},"breadcrumb":{"@id":"https:\/\/gaudiumetspes-blog.pl\/index.php\/2019\/12\/15\/cierpliwosc-2\/#breadcrumb"},"inLanguage":"pl-PL","potentialAction":[{"@type":"ReadAction","target":["https:\/\/gaudiumetspes-blog.pl\/index.php\/2019\/12\/15\/cierpliwosc-2\/"]}]},{"@type":"BreadcrumbList","@id":"https:\/\/gaudiumetspes-blog.pl\/index.php\/2019\/12\/15\/cierpliwosc-2\/#breadcrumb","itemListElement":[{"@type":"ListItem","position":1,"name":"Strona g\u0142\u00f3wna","item":"https:\/\/gaudiumetspes-blog.pl\/"},{"@type":"ListItem","position":2,"name":"Cierpliwo\u015b\u0107"}]},{"@type":"WebSite","@id":"https:\/\/gaudiumetspes-blog.pl\/#website","url":"https:\/\/gaudiumetspes-blog.pl\/","name":"Gaudium Et Spes","description":"Blog Ks. Jacka Ja\u015bkowskiego","potentialAction":[{"@type":"SearchAction","target":{"@type":"EntryPoint","urlTemplate":"https:\/\/gaudiumetspes-blog.pl\/?s={search_term_string}"},"query-input":{"@type":"PropertyValueSpecification","valueRequired":true,"valueName":"search_term_string"}}],"inLanguage":"pl-PL"},{"@type":"Person","@id":"https:\/\/gaudiumetspes-blog.pl\/#\/schema\/person\/1661982992b752dea8dff0d4ed845a65","name":"Ks. Jacek","image":{"@type":"ImageObject","inLanguage":"pl-PL","@id":"https:\/\/gaudiumetspes-blog.pl\/#\/schema\/person\/image\/","url":"https:\/\/gaudiumetspes-blog.pl\/wp-content\/uploads\/2019\/07\/avatar-JJ-150x150.jpg","contentUrl":"https:\/\/gaudiumetspes-blog.pl\/wp-content\/uploads\/2019\/07\/avatar-JJ-150x150.jpg","caption":"Ks. Jacek"},"description":"Witam serdecznie! K\u0142ania si\u0119 Ks. Jacek Ja\u015bkowski. Nie jestem ani kim\u015b wa\u017cnym, ani kim\u015b znanym. Jestem ksi\u0119dzem, kt\u00f3ry po prostu chce rozmawia\u0107. Codzienna kap\u0142a\u0144ska pos\u0142uga pokazuje mi, \u017ce temat\u00f3w do rozm\u00f3w z ksi\u0119dzem jest coraz wi\u0119cej i dzisiaj \u017caden ksi\u0105dz nie mo\u017ce od nich ucieka\u0107, ale - wprost przeciwnie - podejmowa\u0107 nowe wyzwania. To przekonanie sk\u0142oni\u0142o mnie do pr\u00f3by otwarcia tego\u017c bloga, chocia\u017c okazji do rozm\u00f3w na co dzie\u0144 - w konfesjonale i poza nim - na szcz\u0119\u015bcie nie brakuje. My\u015bl\u0119 jednak, \u017ce ten blog b\u0119dzie jeszcze jednym sposobem i przestrzeni\u0105 nawi\u0105zania kontaktu z lud\u017ami dobrej woli, otwartymi na dialog.","url":"https:\/\/gaudiumetspes-blog.pl\/index.php\/author\/ks-jacek\/"}]}},"jetpack_featured_media_url":"","jetpack_sharing_enabled":true,"_links":{"self":[{"href":"https:\/\/gaudiumetspes-blog.pl\/index.php\/wp-json\/wp\/v2\/posts\/16346","targetHints":{"allow":["GET"]}}],"collection":[{"href":"https:\/\/gaudiumetspes-blog.pl\/index.php\/wp-json\/wp\/v2\/posts"}],"about":[{"href":"https:\/\/gaudiumetspes-blog.pl\/index.php\/wp-json\/wp\/v2\/types\/post"}],"author":[{"embeddable":true,"href":"https:\/\/gaudiumetspes-blog.pl\/index.php\/wp-json\/wp\/v2\/users\/1"}],"replies":[{"embeddable":true,"href":"https:\/\/gaudiumetspes-blog.pl\/index.php\/wp-json\/wp\/v2\/comments?post=16346"}],"version-history":[{"count":1,"href":"https:\/\/gaudiumetspes-blog.pl\/index.php\/wp-json\/wp\/v2\/posts\/16346\/revisions"}],"predecessor-version":[{"id":16347,"href":"https:\/\/gaudiumetspes-blog.pl\/index.php\/wp-json\/wp\/v2\/posts\/16346\/revisions\/16347"}],"wp:attachment":[{"href":"https:\/\/gaudiumetspes-blog.pl\/index.php\/wp-json\/wp\/v2\/media?parent=16346"}],"wp:term":[{"taxonomy":"category","embeddable":true,"href":"https:\/\/gaudiumetspes-blog.pl\/index.php\/wp-json\/wp\/v2\/categories?post=16346"},{"taxonomy":"post_tag","embeddable":true,"href":"https:\/\/gaudiumetspes-blog.pl\/index.php\/wp-json\/wp\/v2\/tags?post=16346"}],"curies":[{"name":"wp","href":"https:\/\/api.w.org\/{rel}","templated":true}]}}