{"id":16353,"date":"2019-12-18T09:49:21","date_gmt":"2019-12-18T08:49:21","guid":{"rendered":"https:\/\/gaudiumetspes-blog.pl\/?p=16353"},"modified":"2019-12-18T09:49:21","modified_gmt":"2019-12-18T08:49:21","slug":"nie-boj-sie-wziac-do-siebie-jezusa","status":"publish","type":"post","link":"https:\/\/gaudiumetspes-blog.pl\/index.php\/2019\/12\/18\/nie-boj-sie-wziac-do-siebie-jezusa\/","title":{"rendered":"Nie b\u00f3j si\u0119 wzi\u0105\u0107 do siebie Jezusa!"},"content":{"rendered":"<p><span style=\"color: #000000;\"><span style=\"font-family: Book Antiqua, serif;\"><span style=\"font-size: large;\">Szcz\u0119\u015b\u0107 Bo\u017ce! Moi Drodzy, w dniu dzisiejszym <b>imieniny obchodz\u0105:<\/b><\/span><\/span><\/span><\/p>\n<p align=\"justify\"><span style=\"color: #000000;\">\u2013 <span style=\"font-family: Book Antiqua, serif;\"><span style=\"font-size: large;\"><b>Ksi\u0105dz Bogus\u0142aw Filipiuk \u2013 m\u00f3j Kolega kursowy, Wicedziekan naszego Kursu i Proboszcz <\/b><b>Parafii Samogoszcz, <\/b><b>czyli w jakim\u015b sensie m\u00f3j Proboszcz, bo tam teraz pomagam; do tego, Ksi\u0105dz Bogus\u0142aw prze\u017cywa dzi\u015b urodziny;<\/b><\/span><\/span><\/span><\/p>\n<p align=\"justify\"><span style=\"color: #000000;\">\u2013 <span style=\"font-family: Book Antiqua, serif;\"><span style=\"font-size: large;\"><b>Ksi\u0105dz Bogus\u0142aw Sawaryn \u2013 Proboszcz Parafii \u015awi\u0119tego Maksymiliana w Szklarskiej Por\u0119bie, czyli \u201enaszej\u201d Parafii, do kt\u00f3rej zawsze je\u017adzimy;<\/b><\/span><\/span><\/span><\/p>\n<p align=\"justify\"><span style=\"color: #000000;\">\u2013 <span style=\"font-family: Book Antiqua, serif;\"><span style=\"font-size: large;\"><b>Ojciec Bogus\u0142aw N\u0119dza \u2013 Kapucyn, m\u00f3j Katecheta z liceum, obecnie pracuj\u0105cy za wschodni\u0105 granic\u0105;<\/b><\/span><\/span><\/span><\/p>\n<p align=\"justify\"><span style=\"color: #000000;\">\u2013 <span style=\"font-family: Book Antiqua, serif;\"><span style=\"font-size: large;\"><b>B<\/b><b>ogus\u0142aw<\/b><b> Kutnik \u2013 m\u00f3j Znajomy i Organista w Ko\u015bciele Ojc\u00f3w Kapucyn\u00f3w w Bia\u0142ej Podlaskiej.<\/b><\/span><\/span><\/span><\/p>\n<p align=\"justify\"><span style=\"color: #000000;\"><span style=\"font-family: Book Antiqua, serif;\"><span style=\"font-size: large;\"><b>\u017bycz\u0119 Czcigodnym Solenizantom i Jubilatowi, aby zawsze dostrzegali przychodz\u0105cego do Nich Jezusa \u2013 by Jego przyj\u015bcia nigdy nie przeoczyli w ferworze codziennych zaj\u0119\u0107, kt\u00f3rych Im nie brakuje. Zapewniam o modlitwie.<\/b><\/span><\/span><\/span><\/p>\n<p align=\"justify\"><span style=\"color: #000000;\"><span style=\"font-family: Book Antiqua, serif;\"><span style=\"font-size: large;\">Moi Drodzy, bardzo dzi\u0119kujemy Dobremu Bogu za zako\u0144czone wczoraj mocnym akcentem Rekolekcje akademickie w naszym O\u015brodku. A tym mocnym akcentem by\u0142a obecno\u015b\u0107 i pos\u0142uga Wsp\u00f3lnoty Guadalupe z Lublina. Dzisiaj natomiast odby\u0142y si\u0119 ostatnie u nas Roraty. Po po\u0142udniu za\u015b, w najnowszym campusie Uczelni siedleckiej, odb\u0119dzie si\u0119 Op\u0142atek spo\u0142eczno\u015bci akademickiej. Tak si\u0119 sk\u0142ada, \u017ce mam poprowadzi\u0107 t\u0119 uroczysto\u015b\u0107.<\/span><\/span><\/span><\/p>\n<p align=\"justify\"><span style=\"color: #000000;\"><span style=\"font-family: Book Antiqua, serif;\"><span style=\"font-size: large;\">Oby te wszystkie przygotowania otworzy\u0142y nasze serca na przyj\u015bcie Jezusa, a nie tylko na zewn\u0119trzne i sztampowe prze\u017cywanie \u015bwi\u0105t. Aby nie sta\u0142o si\u0119 w naszym \u017cyciu to, co cz\u0119sto dzisiaj widzimy, \u017ce ludzie m\u00f3wi\u0105 o \u015bwi\u0119tach i nawet si\u0119 bardzo zewn\u0119trznie do nich przygotowuj\u0105, tylko problem ca\u0142y polega na tym, \u017ce nie bardzo wiedz\u0105, co \u015bwi\u0119tuj\u0105\u2026 Oby tak nigdy nie sta\u0142o si\u0119 w naszym \u017cyciu i w naszej zabieganej codzienno\u015bci. Wi\u0119cej o tym \u2013 w rozwa\u017caniu.<\/span><\/span><\/span><\/p>\n<p align=\"justify\"><span style=\"color: #000000;\"><span style=\"font-family: Book Antiqua, serif;\"><span style=\"font-size: large;\">Przepraszam za op\u00f3\u017anienie w zamieszczeniu s\u0142\u00f3wka, ale wczoraj du\u017co dzia\u0142o si\u0119 do p\u00f3\u017anej nocy, a dzisiaj \u2013 od wczesnego rana.<\/span><\/span><\/span><\/p>\n<p align=\"justify\"><span style=\"color: #000000;\"><span style=\"font-family: Book Antiqua, serif;\"><span style=\"font-size: large;\">Wierz\u0119, \u017ce te wszystkie niedoci\u0105gni\u0119cia i op\u00f3\u017anienia zrekompensuje nam jutrzejsze s\u0142\u00f3wko z Syberii, kt\u00f3re z rado\u015bci\u0105 zapowiadam.<\/span><\/span><\/span><\/p>\n<p align=\"center\"><span style=\"color: #000000;\"><span style=\"font-family: Book Antiqua, serif;\"><span style=\"font-size: large;\">Gaudium et spes! Ks. Jacek<\/span><\/span><\/span><\/p>\n<p align=\"center\">\n<p align=\"center\">\n<p align=\"center\">\n<p align=\"center\">\n<p align=\"center\">\n<p><span style=\"color: #000000;\"><span style=\"font-family: Book Antiqua, serif;\"><span style=\"font-size: large;\"><b>18 grudnia 2019.,<\/b><\/span><\/span><\/span><\/p>\n<p><span style=\"color: #000000;\"><span style=\"font-family: Book Antiqua, serif;\"><span style=\"font-size: large;\"><b>do czyta\u0144: Jr 23,5\u20138; Mt 1,18\u201324<\/b><\/span><\/span><\/span><\/p>\n<p>&nbsp;<\/p>\n<p>&nbsp;<\/p>\n<p>&nbsp;<\/p>\n<p>&nbsp;<\/p>\n<p>&nbsp;<\/p>\n<p align=\"justify\"><span style=\"color: #000000;\"><span style=\"font-family: Book Antiqua, serif;\"><span style=\"font-size: large;\"><b>CZYTANIE Z KSI\u0118GI PROROKA JEREMIASZA:<\/b><\/span><\/span><\/span><\/p>\n<p align=\"justify\"><span style=\"color: #000000;\">\u201e<span style=\"font-family: Book Antiqua, serif;\"><span style=\"font-size: large;\"><b>Pan m\u00f3wi: Oto nadejd\u0105 dni, <\/b><\/span><\/span><\/span><\/p>\n<p align=\"justify\"><span style=\"color: #000000;\"><span style=\"font-family: Book Antiqua, serif;\"><span style=\"font-size: large;\"><b>kiedy wzbudz\u0119 Dawidowi Odro\u015bl sprawiedliw\u0105. <\/b><\/span><\/span><\/span><\/p>\n<p align=\"justify\"><span style=\"color: #000000;\"><span style=\"font-family: Book Antiqua, serif;\"><span style=\"font-size: large;\"><b>B\u0119dzie panowa\u0142 jako kr\u00f3l, post\u0119puj\u0105c roztropnie, <\/b><\/span><\/span><\/span><\/p>\n<p align=\"justify\"><span style=\"color: #000000;\"><span style=\"font-family: Book Antiqua, serif;\"><span style=\"font-size: large;\"><b>i b\u0119dzie wykonywa\u0142 prawo i sprawiedliwo\u015b\u0107 na ziemi. <\/b><\/span><\/span><\/span><\/p>\n<p align=\"justify\"><span style=\"color: #000000;\"><span style=\"font-family: Book Antiqua, serif;\"><span style=\"font-size: large;\"><b>W jego dniach Juda dost\u0105pi zbawienia, <\/b><\/span><\/span><\/span><\/p>\n<p align=\"justify\"><span style=\"color: #000000;\"><span style=\"font-family: Book Antiqua, serif;\"><span style=\"font-size: large;\"><b>a Izrael b\u0119dzie mieszka\u0142 bezpiecznie. <\/b><\/span><\/span><\/span><\/p>\n<p align=\"justify\"><span style=\"color: #000000;\"><span style=\"font-family: Book Antiqua, serif;\"><span style=\"font-size: large;\"><b>To za\u015b b\u0119dzie imi\u0119, kt\u00f3rym go b\u0119d\u0105 nazywa\u0107: <\/b><\/span><\/span><\/span><\/p>\n<p align=\"justify\"><span style=\"color: #000000;\"><span style=\"font-family: Book Antiqua, serif;\"><span style=\"font-size: large;\"><b>\u00abPan nasz\u0105 sprawiedliwo\u015bci\u0105\u00bb.<\/b><\/span><\/span><\/span><\/p>\n<p align=\"justify\"><span style=\"color: #000000;\"><span style=\"font-family: Book Antiqua, serif;\"><span style=\"font-size: large;\"><b>Dlatego oto nadejd\u0105 dni, m\u00f3wi Pan, <\/b><\/span><\/span><\/span><\/p>\n<p align=\"justify\"><span style=\"color: #000000;\"><span style=\"font-family: Book Antiqua, serif;\"><span style=\"font-size: large;\"><b>kiedy nie b\u0119d\u0105 ju\u017c m\u00f3wi\u0107: \u00abNa \u017cycie Pana, <\/b><\/span><\/span><\/span><\/p>\n<p align=\"justify\"><span style=\"color: #000000;\"><span style=\"font-family: Book Antiqua, serif;\"><span style=\"font-size: large;\"><b>kt\u00f3ry wyprowadzi\u0142 syn\u00f3w Izraela z ziemi egipskiej!\u00bb, <\/b><\/span><\/span><\/span><\/p>\n<p align=\"justify\"><span style=\"color: #000000;\"><span style=\"font-family: Book Antiqua, serif;\"><span style=\"font-size: large;\"><b>lecz raczej: \u00abNa \u017cycie Pana, kt\u00f3ry wyprowadzi\u0142 <\/b><\/span><\/span><\/span><\/p>\n<p align=\"justify\"><span style=\"color: #000000;\"><span style=\"font-family: Book Antiqua, serif;\"><span style=\"font-size: large;\"><b>i przywr\u00f3ci\u0142 pokolenie domu Izraela <\/b><\/span><\/span><\/span><\/p>\n<p align=\"justify\"><span style=\"color: #000000;\"><span style=\"font-family: Book Antiqua, serif;\"><span style=\"font-size: large;\"><b>z ziemi p\u00f3\u0142nocnej i ze wszystkich ziem, <\/b><\/span><\/span><\/span><\/p>\n<p align=\"justify\"><span style=\"color: #000000;\"><span style=\"font-family: Book Antiqua, serif;\"><span style=\"font-size: large;\"><b>po kt\u00f3rych ich rozproszy\u0142\u00bb, <\/b><\/span><\/span><\/span><\/p>\n<p align=\"justify\"><span style=\"color: #000000;\"><span style=\"font-family: Book Antiqua, serif;\"><span style=\"font-size: large;\"><b>tak \u017ce b\u0119d\u0105 mogli mieszka\u0107 w swej ziemi\u201d.<\/b><\/span><\/span><\/span><\/p>\n<p align=\"justify\">\n<p align=\"justify\">\n<p align=\"justify\">\n<p align=\"justify\">\n<p align=\"justify\">\n<p align=\"justify\"><span style=\"color: #000000;\"><span style=\"font-family: Book Antiqua, serif;\"><span style=\"font-size: large;\"><b>S\u0141OWA EWANGELII WED\u0141UG \u015aWI\u0118TEGO MATEUSZA:<\/b><\/span><\/span><\/span><\/p>\n<p align=\"justify\"><span style=\"color: #000000;\"><span style=\"font-family: Book Antiqua, serif;\"><span style=\"font-size: large;\"><b>Z narodzeniem Jezusa Chrystusa by\u0142o tak. <\/b><\/span><\/span><\/span><\/p>\n<p align=\"justify\"><span style=\"color: #000000;\"><span style=\"font-family: Book Antiqua, serif;\"><span style=\"font-size: large;\"><b>Po za\u015blubinach Matki Jego, Maryi, z J\u00f3zefem, wpierw nim zamieszkali razem, znalaz\u0142a si\u0119 brzemienn\u0105 za spraw\u0105 Ducha \u015awi\u0119tego. M\u0105\u017c Jej, J\u00f3zef, kt\u00f3ry by\u0142 cz\u0142owiekiem prawym i nie chcia\u0142 narazi\u0107 Jej na znies\u0142awienie, zamierza\u0142 oddali\u0107 J\u0105 potajemnie.<\/b><\/span><\/span><\/span><\/p>\n<p align=\"justify\"><span style=\"color: #000000;\"><span style=\"font-family: Book Antiqua, serif;\"><span style=\"font-size: large;\"><b>Gdy powzi\u0105\u0142 t\u0119 my\u015bl, oto anio\u0142 Pa\u0144ski ukaza\u0142 mu si\u0119 we \u015bnie i rzek\u0142: \u201eJ\u00f3zefie, synu Dawida, nie b\u00f3j si\u0119 wzi\u0105\u0107 do siebie Maryi, twej Ma\u0142\u017conki; albowiem z Ducha \u015awi\u0119tego jest to, co si\u0119 w Niej pocz\u0119\u0142o. Porodzi Syna, kt\u00f3remu nadasz imi\u0119 Jezus, On bowiem zbawi sw\u00f3j lud od jego grzech\u00f3w\u201d.<\/b><\/span><\/span><\/span><\/p>\n<p align=\"justify\"><span style=\"color: #000000;\"><span style=\"font-family: Book Antiqua, serif;\"><span style=\"font-size: large;\"><b>A sta\u0142o si\u0119 to wszystko, aby si\u0119 wype\u0142ni\u0142o s\u0142owo Pa\u0144skie powiedziane przez proroka: \u201eOto Dziewica pocznie i porodzi Syna, kt\u00f3remu nadadz\u0105 imi\u0119 Emmanuel, to znaczy \u00abB\u00f3g z nami\u00bb\u201d. <\/b><\/span><\/span><\/span><\/p>\n<p align=\"justify\"><span style=\"color: #000000;\"><span style=\"font-family: Book Antiqua, serif;\"><span style=\"font-size: large;\"><b>Zbudziwszy si\u0119 ze snu, J\u00f3zef uczyni\u0142 tak, jak mu poleci\u0142 anio\u0142 Pa\u0144ski: wzi\u0105\u0142 swoj\u0105 Ma\u0142\u017conk\u0119 do siebie.<\/b><\/span><\/span><\/span><\/p>\n<p align=\"justify\">\n<p align=\"justify\">\n<p align=\"justify\">\n<p align=\"justify\">\n<p align=\"justify\">\n<p align=\"justify\"><span style=\"color: #000000;\"><span style=\"font-family: Book Antiqua, serif;\"><span style=\"font-size: large;\">Po tym, jak wczoraj us\u0142yszeli\u015bmy w s\u0142owie Bo\u017cym, \u017ce to <b>w pokoleniu Judy<\/b> przyjdzie na \u015bwiat Bo\u017cy Mesjasz \u2013 wielki W\u0142adca, kt\u00f3rego panowanie b\u0119dzie wieczne, kt\u00f3remu \u00abber\u0142o nie zostanie odj\u0119te\u00bb, a w Ewangelii, przywo\u0142uj\u0105cej rodow\u00f3d Jezusa, pojawi\u0142 si\u0119 <b>Dawid<\/b> <b>jako ten, z kt\u00f3rego rodu <\/b>b\u0119dzie Bo\u017cy Syn na ziemi, tak dzisiaj znowu s\u0142yszymy o wielkim Potomku Dawida. <\/span><\/span><\/span><\/p>\n<p align=\"justify\"><span style=\"color: #000000;\"><span style=\"font-family: Book Antiqua, serif;\"><span style=\"font-size: large;\">Pan m\u00f3wi przez Proroka Jeremiasza: <i><b>Oto nadejd\u0105 dni, kiedy wzbudz\u0119 Dawidowi Odro\u015bl sprawiedliw\u0105. B\u0119dzie panowa\u0142 jako kr\u00f3l, post\u0119puj\u0105c roztropnie, i b\u0119dzie wykonywa\u0142 prawo i sprawiedliwo\u015b\u0107 na ziemi. W jego dniach Juda dost\u0105pi zbawienia, a Izrael b\u0119dzie mieszka\u0142 bezpiecznie. To za\u015b b\u0119dzie imi\u0119, kt\u00f3rym go b\u0119d\u0105 nazywa\u0107: \u00abPan nasz\u0105 sprawiedliwo\u015bci\u0105\u00bb.<\/b><\/i><b> <\/b><\/span><\/span><\/span><\/p>\n<p align=\"justify\"><span style=\"color: #000000;\"><span style=\"font-family: Book Antiqua, serif;\"><span style=\"font-size: large;\">Zatem, i Dawid, i Juda si\u0119 pojawiaj\u0105, a my po raz kolejny u\u015bwiadamiamy sobie, \u017ce Pan wybra\u0142<b> bardzo konkretny czas i bardzo konkretne okoliczno\u015bci, <\/b>w kt\u00f3rych zechcia\u0142 przyj\u015b\u0107 na \u015bwiat. Nie spad\u0142, jak przys\u0142owiowa gwiazdka z nieba, nie objawi\u0142 si\u0119 te\u017c w jakiej\u015b postaci pozaziemskiej, kt\u00f3ra <b>nagle zaskoczy\u0142aby wszystkich,<\/b> bo ka\u017cdy zastanawia\u0142by si\u0119, sk\u0105d nagle wzi\u0119\u0142a si\u0119 ta Posta\u0107 z za\u015bwiat\u00f3w? A mo\u017ce jest ona w og\u00f3le jaka\u015b nierealna? <\/span><\/span><\/span><\/p>\n<p align=\"justify\"><span style=\"color: #000000;\"><span style=\"font-family: Book Antiqua, serif;\"><span style=\"font-size: large;\">Tymczasem Jezus nie tak przyszed\u0142 na \u015bwiat. Wybra\u0142 sw\u00f3j czas i miejsce, wybra\u0142 nar\u00f3d, wybra\u0142 te\u017c ludzi, w\u015br\u00f3d kt\u00f3rych przyszed\u0142 na \u015bwiat. Co wi\u0119cej, chcia\u0142, aby <b>Niebo przygotowa\u0142o ludzi na Jego przyj\u015bcie.<\/b> Dlatego <b>Prorocy<\/b> tak wytrwale i cierpliwie Go zapowiadali, wyj\u0105tkow\u0105 rol\u0119 odegra\u0142 w tym dziele <b>Jan Chrzciciel, <\/b>a w Ewangelii dzisiejszej s\u0142yszymy, \u017ce kiedy J<b>\u00f3zef prze\u017cywa\u0142 bardzo powa\u017cne rozterki,<\/b> dotycz\u0105ce przyj\u0119cia lub nieprzyj\u0119cia Syna, o kt\u00f3rego pocz\u0119ciu tak naprawd\u0119 nic nie wiedzia\u0142, w\u00f3wczas <b>B\u00f3g sam zainterweniowa\u0142 przez sen! <\/b>Nawet do takiego sposobu uciek\u0142 si\u0119, aby ludzie \u2013 w tym momencie konkretnie J\u00f3zef \u2013 przyj\u0119li Jego Syna. <\/span><\/span><\/span><\/p>\n<p align=\"justify\"><span style=\"color: #000000;\"><span style=\"font-family: Book Antiqua, serif;\"><span style=\"font-size: large;\">Zatem, B\u00f3g \u2013 je\u015bli tak mo\u017cna powiedzie\u0107 \u2013 <b>uczyni\u0142 wszystko, co tylko m\u00f3g\u0142, <\/b>aby utorowa\u0107 swemu Synowi drog\u0119, a ludzi jak najlepiej usposobi\u0107 na Jego przyj\u0119cie. B\u00f3g zrobi\u0142 ze swojej strony chyba <b>wszystko, co by\u0142o konieczne.<\/b> <\/span><\/span><\/span><\/p>\n<p align=\"justify\"><span style=\"color: #000000;\"><span style=\"font-family: Book Antiqua, serif;\"><span style=\"font-size: large;\">Jednak druga cz\u0119\u015b\u0107 pracy jest po stronie cz\u0142owieka. Bo cz\u0142owiek musi <b>jako\u015b na t\u0119 Bo\u017c\u0105 inicjatyw\u0119 odpowiedzie\u0107. <\/b>Tak by\u0142o zawsze i tak jest dzisiaj, kiedy B\u00f3g m\u00f3wi <b>przez Ko\u015bci\u00f3\u0142 i w Ko\u015bciele<\/b> \u2013 i w\u0142a\u015bnie w ten spos\u00f3b przygotowuje nas na przyj\u015bcie Mesjasza. Mocno ten Bo\u017cy g\u0142os <b>rozlega si\u0119 teraz, w Adwencie: <\/b>w ka\u017cdej Mszy \u015awi\u0119tej, szczeg\u00f3lnie roratniej; w Bo\u017cym s\u0142owie, w rekolekcjach i Spowiedzi, a tak\u017ce <b>w osobistej refleksji, <\/b>kt\u00f3rej oby nigdy nie brak\u0142o, a tym bardziej teraz. <\/span><\/span><\/span><\/p>\n<p align=\"justify\"><span style=\"color: #000000;\"><span style=\"font-family: Book Antiqua, serif;\"><span style=\"font-size: large;\">B\u00f3g m\u00f3wi przez sw\u00f3j Ko\u015bci\u00f3\u0142, przygotowuje nas na przyj\u015bcie Zbawiciela, ci\u0105gle przypominaj\u0105c, \u017ce mamy si\u0119 <b>przygotowa\u0107 na Bo\u017ce Narodzenie, a nie tylko na \u015awi\u0119ta.<\/b> Czyli, \u017ce mamy sobie ci\u0105gle u\u015bwiadamia\u0107, kogo my zapraszamy, na kogo czekamy, na czyje przyj\u015bcie si\u0119 przygotowujemy. My to teoretycznie, moi Drodzy, dobrze wiemy. Ale czy naprawd\u0119 jest w nas ta wewn\u0119trzna \u015bwiadomo\u015b\u0107, \u017ce to <b>Jezus \u017cywy i prawdziwy wychodzi nam na spotkanie<\/b> i my chcemy si\u0119 z Nim tak naprawd\u0119, tak na sto procent spotka\u0107 i zjednoczy\u0107, zawrze\u0107 z Nim jak najmocniejsz\u0105 osobist\u0105 wi\u0119\u017a? <\/span><\/span><\/span><\/p>\n<p align=\"justify\"><span style=\"color: #000000;\"><span style=\"font-family: Book Antiqua, serif;\"><span style=\"font-size: large;\">Czy mo\u017ce w ferworze r\u00f3\u017cnych zewn\u0119trznych przygotowa\u0144 i przer\u00f3\u017cnych dzia\u0142a\u0144 \u2013 tak\u017ce tych duszpasterskich \u2013 <b>umyka nam to, co jest istot\u0105. <\/b>A istot\u0105 jest <b>spotkanie cz\u0142owieka z Cz\u0142owiekiem,<\/b> czyli ka\u017cdej i ka\u017cdego z nas \u2013 z Bogiem Cz\u0142owiekiem.<\/span><\/span><\/span><\/p>\n<p align=\"justify\"><span style=\"color: #000000;\"><span style=\"font-family: Book Antiqua, serif;\"><span style=\"font-size: large;\">Dlatego trzeba, aby\u015bmy <b>do siebie osobi\u015bcie<\/b> odnie\u015bli te s\u0142owa Bo\u017ce, kt\u00f3re J\u00f3zef us\u0142ysza\u0142 we \u015bnie, by nie ba\u0107 si\u0119 wzi\u0105\u0107 do siebie Jezusa i Jego Matki, nie ba\u0107 si\u0119 prze\u0142ama\u0107 schematy my\u015blenia, a mo\u017ce i obawy, a mo\u017ce i panuj\u0105c\u0105 mod\u0119 lub opini\u0119 \u2013 i tak si\u0119 przygotowa\u0107, by m\u00f3c <b>prze\u017cy\u0107\u2026 Bo\u017ce Narodzenie, a nie tylko \u015bwi\u0119ta\u2026<\/b> <\/span><\/span><\/span><\/p>\n<p align=\"justify\"><span style=\"color: #000000;\"><span style=\"font-family: Book Antiqua, serif;\"><span style=\"font-size: large;\">Czy zatem dobrze wykorzystuj\u0119 Adwent \u2013 by tak w\u0142a\u015bnie si\u0119 przygotowa\u0107? Czy <b>uwa\u017cnie s\u0142ucham<\/b> tego, co w tym \u015bwi\u0119tym czasie B\u00f3g m\u00f3wi do mnie <b>w Ko\u015bciele i przez Ko\u015bci\u00f3\u0142? <\/b>Czy staram si\u0119 my\u015ble\u0107 o tym, \u017ce spotkam si\u0119 z \u017cywym i prawdziwym Jezusem, a nie tylko dope\u0142ni\u0119 \u015bwi\u0105tecznych tradycji i spotka\u0144 przy stole? Jak \u2013 w kontek\u015bcie tego, co tu sobie m\u00f3wimy \u2013 wygl\u0105da <b>realizacja mojego adwentowego postanowienia?\u2026<\/b><\/span><\/span><\/span><\/p>\n","protected":false},"excerpt":{"rendered":"<p>Szcz\u0119\u015b\u0107 Bo\u017ce! Moi Drodzy, w dniu dzisiejszym imieniny obchodz\u0105: \u2013 Ksi\u0105dz Bogus\u0142aw Filipiuk \u2013 m\u00f3j Kolega kursowy, Wicedziekan naszego Kursu i Proboszcz Parafii Samogoszcz, czyli w jakim\u015b sensie m\u00f3j Proboszcz, bo tam teraz pomagam; do tego, Ksi\u0105dz Bogus\u0142aw prze\u017cywa dzi\u015b urodziny; \u2013 Ksi\u0105dz Bogus\u0142aw Sawaryn \u2013 Proboszcz Parafii \u015awi\u0119tego Maksymiliana w Szklarskiej Por\u0119bie, czyli \u201enaszej\u201d [&hellip;]<\/p>\n","protected":false},"author":1,"featured_media":0,"comment_status":"open","ping_status":"open","sticky":false,"template":"","format":"standard","meta":{"jetpack_post_was_ever_published":false,"_jetpack_newsletter_access":"","_jetpack_dont_email_post_to_subs":false,"_jetpack_newsletter_tier_id":0,"_jetpack_memberships_contains_paywalled_content":false,"_jetpack_memberships_contains_paid_content":false,"footnotes":""},"categories":[1],"tags":[],"class_list":["post-16353","post","type-post","status-publish","format-standard","hentry","category-bez-kategorii"],"yoast_head":"<!-- This site is optimized with the Yoast SEO plugin v25.1 - https:\/\/yoast.com\/wordpress\/plugins\/seo\/ -->\n<title>Nie b\u00f3j si\u0119 wzi\u0105\u0107 do siebie Jezusa! - Gaudium Et Spes<\/title>\n<meta name=\"robots\" content=\"index, follow, max-snippet:-1, max-image-preview:large, max-video-preview:-1\" \/>\n<link rel=\"canonical\" href=\"https:\/\/gaudiumetspes-blog.pl\/index.php\/2019\/12\/18\/nie-boj-sie-wziac-do-siebie-jezusa\/\" \/>\n<meta property=\"og:locale\" content=\"pl_PL\" \/>\n<meta property=\"og:type\" content=\"article\" \/>\n<meta property=\"og:title\" content=\"Nie b\u00f3j si\u0119 wzi\u0105\u0107 do siebie Jezusa! - Gaudium Et Spes\" \/>\n<meta property=\"og:description\" content=\"Szcz\u0119\u015b\u0107 Bo\u017ce! Moi Drodzy, w dniu dzisiejszym imieniny obchodz\u0105: \u2013 Ksi\u0105dz Bogus\u0142aw Filipiuk \u2013 m\u00f3j Kolega kursowy, Wicedziekan naszego Kursu i Proboszcz Parafii Samogoszcz, czyli w jakim\u015b sensie m\u00f3j Proboszcz, bo tam teraz pomagam; do tego, Ksi\u0105dz Bogus\u0142aw prze\u017cywa dzi\u015b urodziny; \u2013 Ksi\u0105dz Bogus\u0142aw Sawaryn \u2013 Proboszcz Parafii \u015awi\u0119tego Maksymiliana w Szklarskiej Por\u0119bie, czyli \u201enaszej\u201d [&hellip;]\" \/>\n<meta property=\"og:url\" content=\"https:\/\/gaudiumetspes-blog.pl\/index.php\/2019\/12\/18\/nie-boj-sie-wziac-do-siebie-jezusa\/\" \/>\n<meta property=\"og:site_name\" content=\"Gaudium Et Spes\" \/>\n<meta property=\"article:published_time\" content=\"2019-12-18T08:49:21+00:00\" \/>\n<meta name=\"author\" content=\"Ks. Jacek\" \/>\n<meta name=\"twitter:card\" content=\"summary_large_image\" \/>\n<meta name=\"twitter:label1\" content=\"Napisane przez\" \/>\n\t<meta name=\"twitter:data1\" content=\"Ks. Jacek\" \/>\n\t<meta name=\"twitter:label2\" content=\"Szacowany czas czytania\" \/>\n\t<meta name=\"twitter:data2\" content=\"7 minut\" \/>\n<script type=\"application\/ld+json\" class=\"yoast-schema-graph\">{\"@context\":\"https:\/\/schema.org\",\"@graph\":[{\"@type\":\"WebPage\",\"@id\":\"https:\/\/gaudiumetspes-blog.pl\/index.php\/2019\/12\/18\/nie-boj-sie-wziac-do-siebie-jezusa\/\",\"url\":\"https:\/\/gaudiumetspes-blog.pl\/index.php\/2019\/12\/18\/nie-boj-sie-wziac-do-siebie-jezusa\/\",\"name\":\"Nie b\u00f3j si\u0119 wzi\u0105\u0107 do siebie Jezusa! - Gaudium Et Spes\",\"isPartOf\":{\"@id\":\"https:\/\/gaudiumetspes-blog.pl\/#website\"},\"datePublished\":\"2019-12-18T08:49:21+00:00\",\"author\":{\"@id\":\"https:\/\/gaudiumetspes-blog.pl\/#\/schema\/person\/1661982992b752dea8dff0d4ed845a65\"},\"breadcrumb\":{\"@id\":\"https:\/\/gaudiumetspes-blog.pl\/index.php\/2019\/12\/18\/nie-boj-sie-wziac-do-siebie-jezusa\/#breadcrumb\"},\"inLanguage\":\"pl-PL\",\"potentialAction\":[{\"@type\":\"ReadAction\",\"target\":[\"https:\/\/gaudiumetspes-blog.pl\/index.php\/2019\/12\/18\/nie-boj-sie-wziac-do-siebie-jezusa\/\"]}]},{\"@type\":\"BreadcrumbList\",\"@id\":\"https:\/\/gaudiumetspes-blog.pl\/index.php\/2019\/12\/18\/nie-boj-sie-wziac-do-siebie-jezusa\/#breadcrumb\",\"itemListElement\":[{\"@type\":\"ListItem\",\"position\":1,\"name\":\"Strona g\u0142\u00f3wna\",\"item\":\"https:\/\/gaudiumetspes-blog.pl\/\"},{\"@type\":\"ListItem\",\"position\":2,\"name\":\"Nie&nbsp;b\u00f3j si\u0119 wzi\u0105\u0107 do&nbsp;siebie Jezusa!\"}]},{\"@type\":\"WebSite\",\"@id\":\"https:\/\/gaudiumetspes-blog.pl\/#website\",\"url\":\"https:\/\/gaudiumetspes-blog.pl\/\",\"name\":\"Gaudium Et Spes\",\"description\":\"Blog Ks. Jacka Ja\u015bkowskiego\",\"potentialAction\":[{\"@type\":\"SearchAction\",\"target\":{\"@type\":\"EntryPoint\",\"urlTemplate\":\"https:\/\/gaudiumetspes-blog.pl\/?s={search_term_string}\"},\"query-input\":{\"@type\":\"PropertyValueSpecification\",\"valueRequired\":true,\"valueName\":\"search_term_string\"}}],\"inLanguage\":\"pl-PL\"},{\"@type\":\"Person\",\"@id\":\"https:\/\/gaudiumetspes-blog.pl\/#\/schema\/person\/1661982992b752dea8dff0d4ed845a65\",\"name\":\"Ks. Jacek\",\"image\":{\"@type\":\"ImageObject\",\"inLanguage\":\"pl-PL\",\"@id\":\"https:\/\/gaudiumetspes-blog.pl\/#\/schema\/person\/image\/\",\"url\":\"https:\/\/gaudiumetspes-blog.pl\/wp-content\/uploads\/2019\/07\/avatar-JJ-150x150.jpg\",\"contentUrl\":\"https:\/\/gaudiumetspes-blog.pl\/wp-content\/uploads\/2019\/07\/avatar-JJ-150x150.jpg\",\"caption\":\"Ks. Jacek\"},\"description\":\"Witam serdecznie! K\u0142ania si\u0119 Ks. Jacek Ja\u015bkowski. Nie jestem ani kim\u015b wa\u017cnym, ani kim\u015b znanym. Jestem ksi\u0119dzem, kt\u00f3ry po prostu chce rozmawia\u0107. Codzienna kap\u0142a\u0144ska pos\u0142uga pokazuje mi, \u017ce temat\u00f3w do rozm\u00f3w z ksi\u0119dzem jest coraz wi\u0119cej i dzisiaj \u017caden ksi\u0105dz nie mo\u017ce od nich ucieka\u0107, ale - wprost przeciwnie - podejmowa\u0107 nowe wyzwania. To przekonanie sk\u0142oni\u0142o mnie do pr\u00f3by otwarcia tego\u017c bloga, chocia\u017c okazji do rozm\u00f3w na co dzie\u0144 - w konfesjonale i poza nim - na szcz\u0119\u015bcie nie brakuje. My\u015bl\u0119 jednak, \u017ce ten blog b\u0119dzie jeszcze jednym sposobem i przestrzeni\u0105 nawi\u0105zania kontaktu z lud\u017ami dobrej woli, otwartymi na dialog.\",\"url\":\"https:\/\/gaudiumetspes-blog.pl\/index.php\/author\/ks-jacek\/\"}]}<\/script>\n<!-- \/ Yoast SEO plugin. -->","yoast_head_json":{"title":"Nie b\u00f3j si\u0119 wzi\u0105\u0107 do siebie Jezusa! - Gaudium Et Spes","robots":{"index":"index","follow":"follow","max-snippet":"max-snippet:-1","max-image-preview":"max-image-preview:large","max-video-preview":"max-video-preview:-1"},"canonical":"https:\/\/gaudiumetspes-blog.pl\/index.php\/2019\/12\/18\/nie-boj-sie-wziac-do-siebie-jezusa\/","og_locale":"pl_PL","og_type":"article","og_title":"Nie b\u00f3j si\u0119 wzi\u0105\u0107 do siebie Jezusa! - Gaudium Et Spes","og_description":"Szcz\u0119\u015b\u0107 Bo\u017ce! Moi Drodzy, w dniu dzisiejszym imieniny obchodz\u0105: \u2013 Ksi\u0105dz Bogus\u0142aw Filipiuk \u2013 m\u00f3j Kolega kursowy, Wicedziekan naszego Kursu i Proboszcz Parafii Samogoszcz, czyli w jakim\u015b sensie m\u00f3j Proboszcz, bo tam teraz pomagam; do tego, Ksi\u0105dz Bogus\u0142aw prze\u017cywa dzi\u015b urodziny; \u2013 Ksi\u0105dz Bogus\u0142aw Sawaryn \u2013 Proboszcz Parafii \u015awi\u0119tego Maksymiliana w Szklarskiej Por\u0119bie, czyli \u201enaszej\u201d [&hellip;]","og_url":"https:\/\/gaudiumetspes-blog.pl\/index.php\/2019\/12\/18\/nie-boj-sie-wziac-do-siebie-jezusa\/","og_site_name":"Gaudium Et Spes","article_published_time":"2019-12-18T08:49:21+00:00","author":"Ks. Jacek","twitter_card":"summary_large_image","twitter_misc":{"Napisane przez":"Ks. Jacek","Szacowany czas czytania":"7 minut"},"schema":{"@context":"https:\/\/schema.org","@graph":[{"@type":"WebPage","@id":"https:\/\/gaudiumetspes-blog.pl\/index.php\/2019\/12\/18\/nie-boj-sie-wziac-do-siebie-jezusa\/","url":"https:\/\/gaudiumetspes-blog.pl\/index.php\/2019\/12\/18\/nie-boj-sie-wziac-do-siebie-jezusa\/","name":"Nie b\u00f3j si\u0119 wzi\u0105\u0107 do siebie Jezusa! - Gaudium Et Spes","isPartOf":{"@id":"https:\/\/gaudiumetspes-blog.pl\/#website"},"datePublished":"2019-12-18T08:49:21+00:00","author":{"@id":"https:\/\/gaudiumetspes-blog.pl\/#\/schema\/person\/1661982992b752dea8dff0d4ed845a65"},"breadcrumb":{"@id":"https:\/\/gaudiumetspes-blog.pl\/index.php\/2019\/12\/18\/nie-boj-sie-wziac-do-siebie-jezusa\/#breadcrumb"},"inLanguage":"pl-PL","potentialAction":[{"@type":"ReadAction","target":["https:\/\/gaudiumetspes-blog.pl\/index.php\/2019\/12\/18\/nie-boj-sie-wziac-do-siebie-jezusa\/"]}]},{"@type":"BreadcrumbList","@id":"https:\/\/gaudiumetspes-blog.pl\/index.php\/2019\/12\/18\/nie-boj-sie-wziac-do-siebie-jezusa\/#breadcrumb","itemListElement":[{"@type":"ListItem","position":1,"name":"Strona g\u0142\u00f3wna","item":"https:\/\/gaudiumetspes-blog.pl\/"},{"@type":"ListItem","position":2,"name":"Nie&nbsp;b\u00f3j si\u0119 wzi\u0105\u0107 do&nbsp;siebie Jezusa!"}]},{"@type":"WebSite","@id":"https:\/\/gaudiumetspes-blog.pl\/#website","url":"https:\/\/gaudiumetspes-blog.pl\/","name":"Gaudium Et Spes","description":"Blog Ks. Jacka Ja\u015bkowskiego","potentialAction":[{"@type":"SearchAction","target":{"@type":"EntryPoint","urlTemplate":"https:\/\/gaudiumetspes-blog.pl\/?s={search_term_string}"},"query-input":{"@type":"PropertyValueSpecification","valueRequired":true,"valueName":"search_term_string"}}],"inLanguage":"pl-PL"},{"@type":"Person","@id":"https:\/\/gaudiumetspes-blog.pl\/#\/schema\/person\/1661982992b752dea8dff0d4ed845a65","name":"Ks. Jacek","image":{"@type":"ImageObject","inLanguage":"pl-PL","@id":"https:\/\/gaudiumetspes-blog.pl\/#\/schema\/person\/image\/","url":"https:\/\/gaudiumetspes-blog.pl\/wp-content\/uploads\/2019\/07\/avatar-JJ-150x150.jpg","contentUrl":"https:\/\/gaudiumetspes-blog.pl\/wp-content\/uploads\/2019\/07\/avatar-JJ-150x150.jpg","caption":"Ks. Jacek"},"description":"Witam serdecznie! K\u0142ania si\u0119 Ks. Jacek Ja\u015bkowski. Nie jestem ani kim\u015b wa\u017cnym, ani kim\u015b znanym. Jestem ksi\u0119dzem, kt\u00f3ry po prostu chce rozmawia\u0107. Codzienna kap\u0142a\u0144ska pos\u0142uga pokazuje mi, \u017ce temat\u00f3w do rozm\u00f3w z ksi\u0119dzem jest coraz wi\u0119cej i dzisiaj \u017caden ksi\u0105dz nie mo\u017ce od nich ucieka\u0107, ale - wprost przeciwnie - podejmowa\u0107 nowe wyzwania. To przekonanie sk\u0142oni\u0142o mnie do pr\u00f3by otwarcia tego\u017c bloga, chocia\u017c okazji do rozm\u00f3w na co dzie\u0144 - w konfesjonale i poza nim - na szcz\u0119\u015bcie nie brakuje. My\u015bl\u0119 jednak, \u017ce ten blog b\u0119dzie jeszcze jednym sposobem i przestrzeni\u0105 nawi\u0105zania kontaktu z lud\u017ami dobrej woli, otwartymi na dialog.","url":"https:\/\/gaudiumetspes-blog.pl\/index.php\/author\/ks-jacek\/"}]}},"jetpack_featured_media_url":"","jetpack_sharing_enabled":true,"_links":{"self":[{"href":"https:\/\/gaudiumetspes-blog.pl\/index.php\/wp-json\/wp\/v2\/posts\/16353","targetHints":{"allow":["GET"]}}],"collection":[{"href":"https:\/\/gaudiumetspes-blog.pl\/index.php\/wp-json\/wp\/v2\/posts"}],"about":[{"href":"https:\/\/gaudiumetspes-blog.pl\/index.php\/wp-json\/wp\/v2\/types\/post"}],"author":[{"embeddable":true,"href":"https:\/\/gaudiumetspes-blog.pl\/index.php\/wp-json\/wp\/v2\/users\/1"}],"replies":[{"embeddable":true,"href":"https:\/\/gaudiumetspes-blog.pl\/index.php\/wp-json\/wp\/v2\/comments?post=16353"}],"version-history":[{"count":1,"href":"https:\/\/gaudiumetspes-blog.pl\/index.php\/wp-json\/wp\/v2\/posts\/16353\/revisions"}],"predecessor-version":[{"id":16354,"href":"https:\/\/gaudiumetspes-blog.pl\/index.php\/wp-json\/wp\/v2\/posts\/16353\/revisions\/16354"}],"wp:attachment":[{"href":"https:\/\/gaudiumetspes-blog.pl\/index.php\/wp-json\/wp\/v2\/media?parent=16353"}],"wp:term":[{"taxonomy":"category","embeddable":true,"href":"https:\/\/gaudiumetspes-blog.pl\/index.php\/wp-json\/wp\/v2\/categories?post=16353"},{"taxonomy":"post_tag","embeddable":true,"href":"https:\/\/gaudiumetspes-blog.pl\/index.php\/wp-json\/wp\/v2\/tags?post=16353"}],"curies":[{"name":"wp","href":"https:\/\/api.w.org\/{rel}","templated":true}]}}