{"id":16365,"date":"2019-12-22T10:26:41","date_gmt":"2019-12-22T09:26:41","guid":{"rendered":"https:\/\/gaudiumetspes-blog.pl\/?p=16365"},"modified":"2019-12-22T10:26:41","modified_gmt":"2019-12-22T09:26:41","slug":"przyjac-emmanuela","status":"publish","type":"post","link":"https:\/\/gaudiumetspes-blog.pl\/index.php\/2019\/12\/22\/przyjac-emmanuela\/","title":{"rendered":"Przyj\u0105\u0107 Emmanuela&#8230;"},"content":{"rendered":"<p align=\"justify\"><span style=\"color: #000000;\"><span style=\"font-family: Book Antiqua, serif;\"><span style=\"font-size: large;\">Niech b\u0119dzie pochwalony Jezus Chrystus! Moi Drodzy, pozdrawiam ze Szkocji, z Parafii \u015awi\u0119tego Patryka w Wishaw. Mia\u0142em nadziej\u0119, \u017ce dzisiaj uda si\u0119 zamie\u015bci\u0107 s\u0142\u00f3wko wcze\u015bniej, ale si\u0119 nie uda\u0142o. Za du\u017co si\u0119 dzieje! Wczoraj wieczorem przyby\u0142 do nas jeszcze jeden Ksi\u0105dz z Polski, pracuj\u0105cy tu od wielu lat, a do tego by\u0142 ponownie Ksi\u0105dz Andrzej, Chrystusowiec, kt\u00f3ry pomaga\u0142 nam przy Spowiedzi. Rozmawiali\u015bmy do p\u00f3\u017anej nocy. A ca\u0142y wczorajszy dzie\u0144 to Spowiedzi, adoracje, spotkania\u2026<\/span><\/span><\/span><\/p>\n<p align=\"justify\"><span style=\"color: #000000;\"><span style=\"font-family: Book Antiqua, serif;\"><span style=\"font-size: large;\">Dzisiaj Msza \u015awi\u0119ta ko\u0144cz\u0105ca rekolekcje dla Wsp\u00f3lnoty polskiej, a po niej \u2013 op\u0142atek. Ja zostaj\u0119 tu do jutrzejszego wieczora. Jutro, o 19:00 \u2013 je\u017celi B\u00f3g pozwoli \u2013 wylatuj\u0119 z Glasgow do Polski.<\/span><\/span><\/span><\/p>\n<p align=\"justify\"><span style=\"color: #000000;\"><span style=\"font-family: Book Antiqua, serif;\"><span style=\"font-size: large;\">Na radosne i g\u0142\u0119bokie prze\u017cywanie tej ostatniej niedzieli Adwentu \u2013 <b>niech Was b\u0142ogos\u0142awi B\u00f3g Wszechmog\u0105cy: Ojciec + i Syn, i Duch \u015awi\u0119ty. Amen<\/b><\/span><\/span><\/span><\/p>\n<p align=\"center\"><span style=\"color: #000000;\"><span style=\"font-family: Book Antiqua, serif;\"><span style=\"font-size: large;\">Gaudium et spes! Ks. Jacek<\/span><\/span><\/span><\/p>\n<p align=\"center\">\n<p align=\"center\">\n<p align=\"center\">\n<p align=\"center\">\n<p align=\"center\">\n<p align=\"justify\"><span style=\"color: #000000;\"><span style=\"font-family: Book Antiqua, serif;\"><span style=\"font-size: large;\"><b>REKOLEKCJE ADWENTOWE<\/b><\/span><\/span><\/span><\/p>\n<p align=\"justify\"><span style=\"color: #000000;\"><span style=\"font-family: Book Antiqua, serif;\"><span style=\"font-size: large;\"><b>4 Niedziela Adwentu, A,<\/b><\/span><\/span><\/span><\/p>\n<p align=\"justify\"><span style=\"color: #000000;\"><span style=\"font-family: Book Antiqua, serif;\"><span style=\"font-size: large;\"><b>do czyta\u0144: Iz 7,10\u201314; Rz 1,1\u20137; Mt 1,18\u201324<\/b><\/span><\/span><\/span><\/p>\n<p align=\"justify\">\n<p align=\"justify\">\n<p align=\"justify\">\n<p align=\"justify\">\n<p align=\"justify\">\n<p align=\"justify\"><span style=\"color: #000000;\"><span style=\"font-family: Book Antiqua, serif;\"><span style=\"font-size: large;\"><b>CZYTANIE Z KSI\u0118GI PROROKA IZAJASZA: <\/b><\/span><\/span><\/span><\/p>\n<p align=\"justify\"><span style=\"color: #000000;\"><span style=\"font-family: Book Antiqua, serif;\"><span style=\"font-size: large;\"><b>Pan przem\u00f3wi\u0142 do Achaza tymi s\u0142owami: \u201ePro\u015b dla siebie o znak od Pana, Boga twego, czy to g\u0142\u0119boko w Szeolu, czy to wysoko w g\u00f3rze\u201d. <\/b><\/span><\/span><\/span><\/p>\n<p align=\"justify\"><span style=\"color: #000000;\"><span style=\"font-family: Book Antiqua, serif;\"><span style=\"font-size: large;\"><b>Lecz Achaz odpowiedzia\u0142: \u201eNie b\u0119d\u0119 prosi\u0142 i nie b\u0119d\u0119 wystawia\u0142 Pana na pr\u00f3b\u0119\u201d. <\/b><\/span><\/span><\/span><\/p>\n<p align=\"justify\"><span style=\"color: #000000;\"><span style=\"font-family: Book Antiqua, serif;\"><span style=\"font-size: large;\"><b>Wtedy rzek\u0142 Izajasz: <\/b><\/span><\/span><\/span><\/p>\n<p align=\"justify\"><span style=\"color: #000000;\">\u201e<span style=\"font-family: Book Antiqua, serif;\"><span style=\"font-size: large;\"><b>S\u0142uchajcie wi\u0119c, domu Dawidowy: <\/b><\/span><\/span><\/span><\/p>\n<p align=\"justify\"><span style=\"color: #000000;\"><span style=\"font-family: Book Antiqua, serif;\"><span style=\"font-size: large;\"><b>Czy\u017c ma\u0142o wam <\/b><\/span><\/span><\/span><\/p>\n<p align=\"justify\"><span style=\"color: #000000;\"><span style=\"font-family: Book Antiqua, serif;\"><span style=\"font-size: large;\"><b>naprzykrza\u0107 si\u0119 ludziom, <\/b><\/span><\/span><\/span><\/p>\n<p align=\"justify\"><span style=\"color: #000000;\"><span style=\"font-family: Book Antiqua, serif;\"><span style=\"font-size: large;\"><b>i\u017c naprzykrzacie si\u0119 tak\u017ce mojemu Bogu? <\/b><\/span><\/span><\/span><\/p>\n<p align=\"justify\"><span style=\"color: #000000;\"><span style=\"font-family: Book Antiqua, serif;\"><span style=\"font-size: large;\"><b>Dlatego Pan sam da wam znak: <\/b><\/span><\/span><\/span><\/p>\n<p align=\"justify\"><span style=\"color: #000000;\"><span style=\"font-family: Book Antiqua, serif;\"><span style=\"font-size: large;\"><b>Oto Panna pocznie i porodzi Syna, <\/b><\/span><\/span><\/span><\/p>\n<p align=\"justify\"><span style=\"color: #000000;\"><span style=\"font-family: Book Antiqua, serif;\"><span style=\"font-size: large;\"><b>i nazwie Go imieniem Emmanuel\u201d.<\/b><\/span><\/span><\/span><\/p>\n<p align=\"justify\">\n<p align=\"justify\">\n<p align=\"justify\">\n<p align=\"justify\">\n<p align=\"justify\">\n<p align=\"justify\"><span style=\"color: #000000;\"><span style=\"font-family: Book Antiqua, serif;\"><span style=\"font-size: large;\"><b>CZYTANIE Z LISTU \u015aWI\u0118TEGO PAW\u0141A APOSTO\u0141A DO RZYMIAN:<\/b><\/span><\/span><\/span><\/p>\n<p align=\"justify\"><span style=\"color: #000000;\"><span style=\"font-family: Book Antiqua, serif;\"><span style=\"font-size: large;\"><b>Pawe\u0142, s\u0142uga Chrystusa Jezusa, z powo\u0142ania aposto\u0142, przeznaczony do g\u0142oszenia Ewangelii Bo\u017cej, kt\u00f3r\u0105 B\u00f3g przedtem zapowiedzia\u0142 przez swoich Prorok\u00f3w w Pismach \u015bwi\u0119tych. Jest to Ewangelia o Jego Synu, pochodz\u0105cym wed\u0142ug cia\u0142a z rodu Dawida, a ustanowionym wed\u0142ug Ducha \u015awi\u0119to\u015bci przez powstanie z martwych pe\u0142nym mocy Synem Bo\u017cym, o Jezusie Chrystusie, Panu naszym.<\/b><\/span><\/span><\/span><\/p>\n<p align=\"justify\"><span style=\"color: #000000;\"><span style=\"font-family: Book Antiqua, serif;\"><span style=\"font-size: large;\"><b>Przez Niego otrzymali\u015bmy \u0142ask\u0119 i urz\u0105d apostolski, aby ku chwale Jego imienia pozyskiwa\u0107 wszystkich pogan dla pos\u0142usze\u0144stwa wierze. W\u015br\u00f3d nich jeste\u015bcie i wy powo\u0142ani przez Jezusa Chrystusa. <\/b><\/span><\/span><\/span><\/p>\n<p align=\"justify\"><span style=\"color: #000000;\"><span style=\"font-family: Book Antiqua, serif;\"><span style=\"font-size: large;\"><b>Do wszystkich przez Boga umi\u0142owanych, powo\u0142anych \u015bwi\u0119tych, kt\u00f3rzy mieszkaj\u0105 w Rzymie: \u0142aska wam i pok\u00f3j od Boga, Ojca naszego, i Pana Jezusa Chrystusa.<\/b><\/span><\/span><\/span><\/p>\n<p align=\"justify\">\n<p align=\"justify\">\n<p align=\"justify\">\n<p align=\"justify\">\n<p align=\"justify\">\n<p align=\"justify\"><span style=\"color: #000000;\"><span style=\"font-family: Book Antiqua, serif;\"><span style=\"font-size: large;\"><b>S\u0141OWA EWANGELII WED\u0141UG \u015aWI\u0118TEGO MATEUSZA: <\/b><\/span><\/span><\/span><\/p>\n<p align=\"justify\"><span style=\"color: #000000;\"><span style=\"font-family: Book Antiqua, serif;\"><span style=\"font-size: large;\"><b>Z narodzeniem Jezusa Chrystusa by\u0142o tak. <\/b><\/span><\/span><\/span><\/p>\n<p align=\"justify\"><span style=\"color: #000000;\"><span style=\"font-family: Book Antiqua, serif;\"><span style=\"font-size: large;\"><b>Po za\u015blubinach Matki Jego, Maryi, z J\u00f3zefem, wpierw nim zamieszkali razem, znalaz\u0142a si\u0119 brzemienn\u0105 za spraw\u0105 Ducha \u015awi\u0119tego. M\u0105\u017c Jej, J\u00f3zef, kt\u00f3ry by\u0142 cz\u0142owiekiem prawym i nie chcia\u0142 narazi\u0107 Jej na znies\u0142awienie, zamierza\u0142 oddali\u0107 J\u0105 potajemnie. <\/b><\/span><\/span><\/span><\/p>\n<p align=\"justify\"><span style=\"color: #000000;\"><span style=\"font-family: Book Antiqua, serif;\"><span style=\"font-size: large;\"><b>Gdy powzi\u0105\u0142 t\u0119 my\u015bl, oto anio\u0142 Pa\u0144ski ukaza\u0142 mu si\u0119 we \u015bnie i rzek\u0142: \u201eJ\u00f3zefie, synu Dawida, nie b\u00f3j si\u0119 wzi\u0105\u0107 do siebie Maryi, twej Ma\u0142\u017conki; albowiem z Ducha \u015awi\u0119tego jest to, co si\u0119 w Niej pocz\u0119\u0142o. Porodzi Syna, kt\u00f3remu nadasz imi\u0119 Jezus, On bowiem zbawi sw\u00f3j lud od jego grzech\u00f3w\u201d. <\/b><\/span><\/span><\/span><\/p>\n<p align=\"justify\"><span style=\"color: #000000;\"><span style=\"font-family: Book Antiqua, serif;\"><span style=\"font-size: large;\"><b>A sta\u0142o si\u0119 to wszystko, aby si\u0119 wype\u0142ni\u0142o s\u0142owo Pa\u0144skie powiedziane przez proroka: \u201eOto Dziewica pocznie i porodzi Syna, kt\u00f3remu nadadz\u0105 imi\u0119 Emmanuel, to znaczy \u00abB\u00f3g z nami\u00bb\u201d. <\/b><\/span><\/span><\/span><\/p>\n<p align=\"justify\"><span style=\"color: #000000;\"><span style=\"font-family: Book Antiqua, serif;\"><span style=\"font-size: large;\"><b>Zbudziwszy si\u0119 ze snu, J\u00f3zef uczyni\u0142 tak, jak mu poleci\u0142 anio\u0142 Pa\u0144ski: wzi\u0105\u0142 swoj\u0105 Ma\u0142\u017conk\u0119 do siebie.<\/b><\/span><\/span><\/span><\/p>\n<p align=\"justify\">\n<p align=\"justify\">\n<p align=\"justify\">\n<p align=\"justify\">\n<p align=\"justify\">\n<p align=\"justify\"><span style=\"color: #000000;\"><span style=\"font-family: Book Antiqua, serif;\"><span style=\"font-size: large;\">Dzi\u0119ki \u0142askawo\u015bci Boga Najwy\u017cszego, dane nam jest dzisiaj dope\u0142ni\u0107 Rekolekcji adwentowych, kt\u00f3re prze\u017cywali\u015bmy od pi\u0105tku pod has\u0142em: <b>EMMANUEL.<\/b> Tak si\u0119 sk\u0142ada, \u017ce liturgia Ko\u015bcio\u0142a da\u0142a nam to samo pierwsze czytanie dzisiaj, kt\u00f3re by\u0142o w pi\u0105tek, a tam w\u0142a\u015bnie pojawi\u0142o si\u0119 to s\u0142owo. Ale dzisiaj dodatkowo s\u0142yszymy je \u2013 wraz z ca\u0142ym zdaniem, w kt\u00f3rym jest zawarte \u2013 <b>zacytowane w Ewangelii <\/b>przez \u015awi\u0119tego Mateusza. <\/span><\/span><\/span><\/p>\n<p align=\"justify\"><span style=\"color: #000000;\"><span style=\"font-family: Book Antiqua, serif;\"><span style=\"font-size: large;\">Widzimy zatem, \u017ce imi\u0119 to jako\u015b <b>przykuwa nasz\u0105 uwag\u0119,<\/b> zreszt\u0105 ca\u0142a tre\u015b\u0107 Bo\u017cego s\u0142owa tych dni sk\u0142ania nas do refleksji nad tajemnic\u0105 Boga, kt\u00f3ry <b>chcia\u0142 i ci\u0105gle chce by\u0107 z nami.<\/b> <\/span><\/span><\/span><\/p>\n<p align=\"justify\"><span style=\"color: #000000;\"><span style=\"font-family: Book Antiqua, serif;\"><span style=\"font-size: large;\">W zwi\u0105zku z tym, w pierwszym dniu zastanawiali\u015bmy si\u0119 nad tym, \u017ce \u2013 i jak \u2013 <b>nale\u017cy Jezusa do siebie zaprosi\u0107; <\/b>zwracaj\u0105c sobie przy tym uwag\u0119, \u017ce musi to by\u0107 nasza <b>wolna decyzja,<\/b> ale te\u017c decyzja <b>\u015bwiadoma i konsekwentna,<\/b> a zapraszaj\u0105c Jezusa, mamy przyj\u0105\u0107 Go <b>takim, jakim On jest<\/b> i ze wszystkim, co nam przynosi i czego nas naucza, a nie takim, jakiego sobie <b>na w\u0142asne \u017cyczenie wyobra\u017camy,<\/b> czy jakiego chcieliby\u015bmy Go widzie\u0107. Nie, Jezus jest tym, kim jest i naucza dok\u0142adnie tego, a nie czego\u015b innego, przeto nie mo\u017cna <b>pod Jego imieniem podpisa\u0107 wszystkiego.<\/b> <\/span><\/span><\/span><\/p>\n<p align=\"justify\"><span style=\"color: #000000;\"><span style=\"font-family: Book Antiqua, serif;\"><span style=\"font-size: large;\">I dlatego nie da si\u0119 zaprosi\u0107 do siebie kogo\u015b, kto jest tylko <b>jako\u015b mgli\u015bcie podobny<\/b> do Jezusa, ale tak naprawd\u0119 Nim nie jest. A taki w\u0142a\u015bnie obraz wielu ludzi \u2013 szczeg\u00f3lnie dzisiaj \u2013 nosi w swoim sercu. Trzeba nam zatem, moi Drodzy, ci\u0105gle <b>odkrywa\u0107 prawdziwe oblicze Jezusa, <\/b>a nie to, wytworzone przez nas samych, na w\u0142asne \u017cyczenie. <\/span><\/span><\/span><\/p>\n<p align=\"justify\"><span style=\"color: #000000;\"><span style=\"font-family: Book Antiqua, serif;\"><span style=\"font-size: large;\">Z kolei wczoraj zastanawiali\u015bmy si\u0119 nad tym, \u017ce \u2013 i jak \u2013 <b>nale\u017cy przychodz\u0105cego <\/b><b>Jezusa <\/b><b>rozpozna\u0107.<\/b> I wskazali\u015bmy tu sobie te najbardziej oczywiste i sta\u0142e przestrzenie spotkania, jak <b>Msza \u015awi\u0119ta, Komunia \u015awi\u0119ta, Bo\u017ce s\u0142owo, <\/b>m\u00f3wi\u0105c przy tym, \u017ce trzeba nam na nowo odkry\u0107 ich warto\u015b\u0107! A to oznacza, \u017ce nie b\u0119dziemy ich traktowali jako <b>sztywnych, schematycznych i formalnych<\/b> czynno\u015bci, ale jako okazj\u0119 do stworzenia jak najmocniejszej, serdecznej i przyjacielskiej <b>wi\u0119zi z \u017cywym i prawdziwym Jezusem, <\/b>z \u017cyw\u0105 i realn\u0105 Osob\u0105, a nie jakim\u015b odleg\u0142ym mitem. <\/span><\/span><\/span><\/p>\n<p align=\"justify\"><span style=\"color: #000000;\"><span style=\"font-family: Book Antiqua, serif;\"><span style=\"font-size: large;\">Ale tak\u017ce wskazali\u015bmy sobie <b>na inne sposoby<\/b> odkrywania obecno\u015bci Jezusa, m\u00f3wi\u0105c tu cho\u0107by o <b>spotkaniu z<\/b><b> drugim cz\u0142owiek<\/b><b>iem<\/b><b>,<\/b> czy o <b>splocie r\u00f3\u017cnych sytuacji, <\/b>jakie dziej\u0105 si\u0119 w naszym \u017cyciu, a kt\u00f3re my nieraz mo\u017ce traktujemy bardzo pobie\u017cnie, nie zauwa\u017caj\u0105c w nich dzia\u0142ania Jezusa. W\u015br\u00f3d tych sytuacji wskazali\u015bmy sobie tak\u017ce <b>sytuacje radosne, <\/b>kt\u00f3re tu sobie roboczo, ale chyba prawdziwie, okre\u015blili\u015bmy jako <b>\u201eu\u015bmiechy Pana Boga\u201d. <\/b><\/span><\/span><\/span><\/p>\n<p align=\"justify\"><span style=\"color: #000000;\"><span style=\"font-family: Book Antiqua, serif;\"><span style=\"font-size: large;\">Wiele takich sytuacji dzieje si\u0119 w naszym \u017cyciu \u2013 takich, przez kt\u00f3re B\u00f3g daje nam wyra\u017anie do zrozumienia, \u017ce <b>o nas nie zapomnia\u0142, \u017ce nas kocha,<\/b> \u017ce si\u0119 o nas naprawd\u0119 troszczy. M\u00f3wili\u015bmy o takich okoliczno\u015bciach, w kt\u00f3rych rozwi\u0105zuj\u0105 si\u0119 nabrzmia\u0142e problemy, albo te\u017c spotyka nas ze strony ludzi jaka\u015b <b>mi\u0142a niespodzianka.<\/b> <\/span><\/span><\/span><\/p>\n<p align=\"justify\"><span style=\"color: #000000;\"><span style=\"font-family: Book Antiqua, serif;\"><span style=\"font-size: large;\">I nawet jako prac\u0119 domow\u0105 wyznaczyli\u015bmy sobie wczoraj <b>sprawienie takiej niespodzianki komu\u015b bliskiemu,<\/b> dodaj\u0105c przy tym, \u017ce mo\u017ce to by\u0107 jaka\u015b niespodzianka radosna, a wi\u0119c <b>jaki\u015b \u017carcik,<\/b> uczyniony komu\u015b bliskiemu \u2013 nie taki jednak \u017carcik, kt\u00f3ry by spowodowa\u0142 czyj\u0105\u015b \u015bmierteln\u0105 obraz\u0119, czy kilka cichych dni w naszych wzajemnych relacjach. Wierz\u0119, \u017ce <b>wzywaj\u0105c pomocy Ducha \u015awi\u0119tego<\/b> i uruchamiaj\u0105c <b>wyobra\u017ani\u0119, <\/b>byli\u015bmy w stanie co\u015b ciekawego wymy\u015bli\u0107 i sprawi\u0107 innym niespodziank\u0119, staj\u0105c si\u0119 w ten spos\u00f3b narz\u0119dziem w r\u0119ku Boga, kt\u00f3ry przez ten nasz czyn <b>okaza\u0142 komu\u015b sw\u00f3j u\u015bmiech, <\/b>swoje wsparcie. <\/span><\/span><\/span><\/p>\n<p align=\"justify\"><span style=\"color: #000000;\"><span style=\"font-family: Book Antiqua, serif;\"><span style=\"font-size: large;\">Chcia\u0142bym zatem zapyta\u0107 teraz, <b>komu uda\u0142o si\u0119 wype\u0142ni\u0107<\/b> zadan\u0105 wczoraj prac\u0119 domow\u0105 i sprawi\u0107 niespodziank\u0119 innym?\u2026 <\/span><\/span><\/span><\/p>\n<p align=\"justify\"><span style=\"color: #000000;\"><span style=\"font-family: Book Antiqua, serif;\"><span style=\"font-size: large;\">Bardzo za to dzi\u0119kuj\u0119! Nie ukrywam, \u017ce ch\u0119tnie pos\u0142ucha\u0142bym, <b>jakie to by\u0142y niespodzianki,<\/b> ale to mo\u017ce przy rozmowach indywidualnych\u2026 <\/span><\/span><\/span><\/p>\n<p align=\"justify\"><span style=\"color: #000000;\"><span style=\"font-family: Book Antiqua, serif;\"><span style=\"font-size: large;\">I takie to by\u0142y nasze refleksje w ci\u0105gu ostatnich dni. Zanim przejdziemy do dzisiejszej refleksji, to przypomn\u0119, \u017ce ca\u0142\u0105 t\u0119 nasz\u0105 rekolekcyjn\u0105, duchow\u0105 prac\u0119, prowadzimy w atmosferze <b>serdecznej modlitwy wszystkich za wszystkich,<\/b> obejmuj\u0105c ni\u0105 cztery konkretne intencje.<\/span><\/span><\/span><\/p>\n<p align=\"justify\"><span style=\"color: #000000;\"><span style=\"font-family: Book Antiqua, serif;\"><span style=\"font-size: large;\">Po pierwsze, modlimy si\u0119 w\u0142a\u015bnie <b>za nas, za siebie nawzajem, <\/b>o b\u0142ogos\u0142awione i trwa\u0142e owoce tego czasu. \u017beby nam tylko nie zosta\u0142o wspomnienie, \u017ce by\u0142y Rekolekcje i \u017ce by\u0107 mo\u017ce by\u0142o fajnie \u2013 albo nie by\u0142o fajnie \u2013 ale nic wi\u0119cej nam z nich nie zosta\u0142o. Modlimy si\u0119 o tym, aby zosta\u0142o. I nie og\u00f3lne wra\u017cenia czy wspomnienia, ale <b>konkretne postanowienia, kt\u00f3re b\u0119dziemy realizowa\u0107.<\/b><\/span><\/span><\/span><\/p>\n<p align=\"justify\"><span style=\"color: #000000;\"><span style=\"font-family: Book Antiqua, serif;\"><span style=\"font-size: large;\">Druga intencja obejmuje <b>Ksi\u0119\u017cy Spowiednik\u00f3w i Rekolekcjonist\u0119. <\/b>M\u00f3dlmy si\u0119, moi Drodzy, za naszych Duszpasterzy, kt\u00f3rzy szczeg\u00f3lnie w Adwencie maj\u0105 sporo pracy. To jest <b>praca bardzo radosna,<\/b> bo cieszymy si\u0119, \u017ce mamy kogo spowiada\u0107 i do kogo m\u00f3wi\u0107 w trakcie Rekolekcji, ale jest to jednocze\u015bnie praca <b>bardzo odpowiedzialna i wyczerpuj\u0105ca.<\/b> Dlatego prosimy o modlitw\u0119 <b>o \u015bwiat\u0142o Ducha \u015awi\u0119tego <\/b>w tej pos\u0142udze, a jednocze\u015bnie \u2013 <b>o odwag\u0119,<\/b> aby\u015bmy bez wahania i bez rozmywania wskazywali Wam proste drogi do zbawienia. <\/span><\/span><\/span><\/p>\n<p align=\"justify\"><span style=\"color: #000000;\"><span style=\"font-family: Book Antiqua, serif;\"><span style=\"font-size: large;\">Ja ze swej strony <b>ju\u017c dzisiaj dzi\u0119kuj\u0119 Wam <\/b>za te modlitwy, a <b>Ksi\u0119dzu Andrzejowi<\/b> ze Zgromadzenia Towarzystwa Chrystusowego dla Polonii Zagranicznej, dzi\u0119kuj\u0119 za ogromn\u0105 pomoc w Spowiedzi wczoraj i przedwczoraj.<\/span><\/span><\/span><\/p>\n<p align=\"justify\"><span style=\"color: #000000;\"><span style=\"font-family: Book Antiqua, serif;\"><span style=\"font-size: large;\">Trzeci\u0105 intencj\u0105 naszej modlitwy ogarniamy tych wszystkich, kt\u00f3rzy <b>bardzo chcieli uczestniczy w naszych spotkaniach, ale nie mogli,<\/b> ze wzgl\u0119du na obiektywne i nieprzekraczalne przeszkody, jak choroba, czy os\u0142abienie, zwi\u0105zane z wiekiem; czy mo\u017ce konieczno\u015b\u0107 ca\u0142odniowej pracy. Modlimy si\u0119 dla tych Os\u00f3b, aby Pan udzieli\u0142 im <b>wszystkich rekolekcyjnych \u0142ask,<\/b> a ich samych prosimy, aby ci\u0105gle \u0142\u0105czyli si\u0119 z nami duchowo. Chorych za\u015b i cierpi\u0105cych prosimy, aby chocia\u017c <b>cz\u0105stk\u0119 swoich cierpie\u0144 ofiarowali <\/b>w intencji owoc\u00f3w tych Rekolekcji. <\/span><\/span><\/span><\/p>\n<p align=\"justify\"><span style=\"color: #000000;\"><span style=\"font-family: Book Antiqua, serif;\"><span style=\"font-size: large;\">Jednocze\u015bnie pozdrawiamy ich bardzo serdecznie i zapewniamy, \u017ce s\u0105 oni <b>pe\u0142noprawnymi uczestnikami tego czasu, <\/b>dzi\u0119kuj\u0105c jednocze\u015bnie ju\u017c teraz za duchow\u0105 \u0142\u0105czno\u015b\u0107 i ofiarowane cierpienia. To by\u0142a intencja trzecia.<\/span><\/span><\/span><\/p>\n<p align=\"justify\"><span style=\"color: #000000;\"><span style=\"font-family: Book Antiqua, serif;\"><span style=\"font-size: large;\">Czwart\u0105 za\u015b jest modlitwa za te osoby, kt\u00f3re chocia\u017c <b>mog\u0142y w naszych spotkaniach uczestniczy\u0107, to jednak nie chcia\u0142y;<\/b> ale te\u017c i za tych, kt\u00f3rzy mo\u017ce z nami byli, ale jeszcze <b>nie odkryli w sobie potrzeby <\/b>przyst\u0105pienia do Sakramentu Pokuty. Dla nich wszystkich modlimy si\u0119 o to, aby <b>skorzysta\u0142y z Bo\u017cych dar\u00f3w,<\/b> ale \u017ceby dokona\u0142o si\u0119 to <b>w pe\u0142nej wolno\u015bci i przekonaniu,<\/b> a nie dlatego, \u017ce kto\u015b nalega, czy wr\u0119cz zmusza. Nie! M\u00f3dlmy si\u0119 dla nich o odkrycie w sobie <b>pragnienia<\/b> takiego spotkania.<\/span><\/span><\/span><\/p>\n<p align=\"justify\"><span style=\"color: #000000;\"><span style=\"font-family: Book Antiqua, serif;\"><span style=\"font-size: large;\">Te cztery intencje powierzamy Bogu w tym czasie, zar\u00f3wno tu w ko\u015bciele, jak i w naszych domach, w kt\u00f3rych tak\u017ce staramy si\u0119 <b>zaprowadza\u0107 rekolekcyjn\u0105 atmosfer\u0119.<\/b> I to tam w\u0142a\u015bnie, w naszych domach, w\u015br\u00f3d wielu naszych osobistych modlitw, kt\u00f3re lubimy odmawia\u0107, albo do kt\u00f3rych ju\u017c jeste\u015bmy przyzwyczajeni, zanosimy <b>jedn\u0105, tak\u0105 sam\u0105 modlitw\u0119, kt\u00f3ra \u0142\u0105czy nas<\/b> jako Wsp\u00f3lnot\u0119 rekolekcyjn\u0105. Czyli, \u017ce w ci\u0105gu jednej doby, ze wszystkich naszych dom\u00f3w, <b>p\u0142ynie do Nieba jedna i taka sama modlitwa,<\/b> przez co B\u00f3g widzi nas w\u0142a\u015bnie jako Wsp\u00f3lnot\u0119, wo\u0142aj\u0105c\u0105 jednym g\u0142osem. <\/span><\/span><\/span><\/p>\n<p align=\"justify\"><span style=\"color: #000000;\"><span style=\"font-family: Book Antiqua, serif;\"><span style=\"font-size: large;\">Powiedzieli\u015bmy sobie, \u017ce t\u0105 jednocz\u0105c\u0105 nas modlitw\u0105 b\u0119dzie \u2013 od wczorajszego spotkania do dzisiejszego \u2013 <b>jeden dziesi\u0105tek R\u00f3\u017ca\u0144ca \u015awi\u0119tego,<\/b> tajemnica pierwsza radosna: Zwiastowanie Naj\u015bwi\u0119tszej Maryi Pannie, oraz <b>Litania Loreta\u0144ska<\/b> do Naj\u015bwi\u0119tszej Maryi Panny. Chcia\u0142bym zapyta\u0107, <b>komu uda\u0142o si\u0119 odm\u00f3wi\u0107<\/b> te modlitwy?\u2026 A komu uda\u0142o si\u0119 odm\u00f3wi\u0107 je <b>w jakiej\u015b wsp\u00f3lnocie: <\/b>rodzinnej, s\u0105siedzkiej lub przyjacielskiej \u2013 cho\u0107by z jeszcze jedn\u0105 osob\u0105?\u2026<\/span><\/span><\/span><\/p>\n<p align=\"justify\"><span style=\"color: #000000;\"><span style=\"font-family: Book Antiqua, serif;\"><span style=\"font-size: large;\">Bardzo za to dzi\u0119kuj\u0119! Dzisiaj za\u015b niech po\u0142\u0105czy nas wsp\u00f3lne odm\u00f3wienie <b>Litanii do Serca Pana Jezusa.<\/b> I \u2013 oczywi\u015bcie \u2013 zach\u0119cam tak\u017ce do modlitwy na wszelkie inne sposoby, kt\u00f3re s\u0105 nam bliskie.<\/span><\/span><\/span><\/p>\n<p align=\"justify\"><span style=\"color: #000000;\"><span style=\"font-family: Book Antiqua, serif;\"><span style=\"font-size: large;\">A oto dzisiaj, w duchu has\u0142a: <b>EMMANUEL,<\/b> czyli <b>B\u00f3g z nami,<\/b> pochylamy si\u0119 nad tematem przyj\u0119cia Boga. Powiemy sobie w kilku zdaniach, <b>\u017ce \u2013 i jak \u2013 nale\u017cy Boga przyj\u0105\u0107.<\/b> <\/span><\/span><\/span><\/p>\n<p align=\"justify\"><span style=\"color: #000000;\"><span style=\"font-family: Book Antiqua, serif;\"><span style=\"font-size: large;\">I jak w dniach poprzednich, tak i dzisiaj, szukamy dobrych natchnie\u0144 i my\u015bli w Bo\u017cym s\u0142owie, a tu \u2013 jak ju\u017c by\u0142o wspomniane \u2013 <b>ponownie s\u0142yszymy opowie\u015b\u0107 o kr\u00f3lu Achazie.<\/b> I tak, jak w pi\u0105tek m\u00f3wili\u015bmy sobie, \u017ce nie dlatego nie chcia\u0142 on znaku od Boga, \u017ce nie chcia\u0142 wystawia\u0107 Boga na pr\u00f3b\u0119, ale dlatego, \u017ce po prostu <b>nie chcia\u0142 \u017cadnej interwencji Boga<\/b> i sam sobie wszystko po swojemu ustawia\u0142, a jako przeciwie\u0144stwo jego postawy wskazali\u015bmy w\u00f3wczas <b>postaw\u0119 Maryi, <\/b>kt\u00f3ra w chwili Zwiastowania zaprosi\u0142a do siebie Boga, tak dzisiaj przeciwie\u0144stwem postawy Achaza jest <b>pos\u0142usze\u0144stwo J\u00f3zefa.<\/b> S\u0142yszymy o tym w Ewangelii. <\/span><\/span><\/span><\/p>\n<p align=\"justify\"><span style=\"color: #000000;\"><span style=\"font-family: Book Antiqua, serif;\"><span style=\"font-size: large;\">Spr\u00f3bujmy, moi Drodzy, zrozumie\u0107 sytuacj\u0119, w jakiej J\u00f3zef si\u0119 znalaz\u0142. Ewangelista oddaje j\u0105 w kilku lapidarnych zdaniach: <i><b>Po<\/b><\/i><b> <\/b><i><b>za\u015blubinach<\/b><\/i><b> <\/b><b>[\u2026] <\/b><i><b>Maryi, z J\u00f3zefem, wpierw nim zamieszkali razem,<\/b><\/i><b> <\/b><i><b>znalaz\u0142a si\u0119 brzemienn\u0105 za spraw\u0105 Ducha \u015awi\u0119tego. M\u0105\u017c Jej, J\u00f3zef, kt\u00f3ry by\u0142 cz\u0142owiekiem prawym i nie chcia\u0142 narazi\u0107 Jej na znies\u0142awienie, zamierza\u0142 oddali\u0107 J\u0105 potajemnie.<\/b><\/i><b> <\/b><\/span><\/span><\/span><\/p>\n<p align=\"justify\"><span style=\"color: #000000;\"><span style=\"font-family: Book Antiqua, serif;\"><span style=\"font-size: large;\">Tylko dwa zdania, a kryje si\u0119 za nimi <b>prawdziwy dramat<\/b> szlachetnego cz\u0142owieka, kt\u00f3ry po\u015blubi\u0142 \u017con\u0119 \u2013 te\u017c, jak mu si\u0119 wydawa\u0142o, szlachetn\u0105 \u2013 i nagle dowiaduje si\u0119, \u017ce Jego Ma\u0142\u017conka <b>jest w stanie b\u0142ogos\u0142awionym, a On nic o tym nie wie.<\/b> Z pewno\u015bci\u0105, prze\u017cy\u0142 ci\u0119\u017cki szok, spowodowany zar\u00f3wno faktem pocz\u0119cia, jak i <b>przewidywanymi konsekwencjami<\/b> tego, co si\u0119 sta\u0142o. Prawo \u017cydowskie by\u0142o w\u00f3wczas bardzo surowe w takich przypadkach \u2013 cudzo\u0142o\u017cn\u0105 \u017con\u0119 czeka\u0142o <b>ukamienowanie.<\/b> Co wi\u0119cej, to w\u0142a\u015bnie zdradzony ma\u0142\u017conek mia\u0142 <b>pierwszy rzuci\u0107 kamieniem. <\/b><\/span><\/span><\/span><\/p>\n<p align=\"justify\"><span style=\"color: #000000;\"><span style=\"font-family: Book Antiqua, serif;\"><span style=\"font-size: large;\">J\u00f3zef tego nie chcia\u0142, dlatego \u2013 jak si\u0119 domy\u015blamy \u2013 <b>niejedn\u0105 noc przem\u0119czy\u0142 bezsennie,<\/b> rozmy\u015blaj\u0105c, co by tu zrobi\u0107?\u2026 A jak w\u00f3wczas wygl\u0105da\u0142y Jego rozmowy z Maryj\u0105? Mo\u017cemy si\u0119 tylko domy\u015bla\u0107\u2026 Co prawda, Pismo \u015awi\u0119te nie przytacza <b>ani jednego s\u0142owa,<\/b> wypowiedzianego przez J\u00f3zefa, ale przecie\u017c wiemy, \u017ce musia\u0142 co\u015b m\u00f3wi\u0107, musieli ze sob\u0105 rozmawia\u0107. Czy wtedy <b>zapanowa\u0142y mi\u0119dzy nimi ciche dni?\u2026 <\/b><\/span><\/span><\/span><\/p>\n<p align=\"justify\"><span style=\"color: #000000;\"><span style=\"font-family: Book Antiqua, serif;\"><span style=\"font-size: large;\">Nie wiemy. Wiemy jednak, \u017ce J\u00f3zef chcia\u0142 jako\u015b wybrn\u0105\u0107 z tej sytuacji i nie skrzywdzi\u0107 swojej \u017bony, pomimo tego, co si\u0119 sta\u0142o\u2026 Wtedy jednak, w\u015br\u00f3d tych bezsennych nocy, jednej nocy uda\u0142o mu si\u0119 usn\u0105\u0107, a w trakcie tego\u017c snu <i><b>anio\u0142 Pa\u0144ski ukaza\u0142 mu si\u0119 <\/b><\/i><b>[\u2026]<\/b><b> <\/b><i><b>i rzek\u0142: \u201eJ\u00f3zefie, synu Dawida, nie b\u00f3j si\u0119 wzi\u0105\u0107 do siebie Maryi, twej Ma\u0142\u017conki; albowiem z Ducha \u015awi\u0119tego jest to, co si\u0119 w Niej pocz\u0119\u0142o. Porodzi Syna, kt\u00f3remu nadasz imi\u0119 Jezus, On bowiem zbawi sw\u00f3j lud od jego grzech\u00f3w\u201d.<\/b><\/i><b> <\/b><\/span><\/span><\/span><\/p>\n<p align=\"justify\"><span style=\"color: #000000;\"><span style=\"font-family: Book Antiqua, serif;\"><span style=\"font-size: large;\">Jak s\u0142yszymy w ostatnim zdaniu dzisiejszej Ewangelii, <i><b>zbudziwszy si\u0119 ze snu, J\u00f3zef uczyni\u0142 tak, jak mu poleci\u0142 anio\u0142 Pa\u0144ski: wzi\u0105\u0142 swoj\u0105 Ma\u0142\u017conk\u0119 do siebie. <\/b><\/i>Domy\u015blamy si\u0119, \u017ce nadal nic nie rozumia\u0142, ale teraz przynajmniej m\u00f3g\u0142 by\u0107 spokojniejszy, \u017ce to <b>nie by\u0142a zdrada, ale jakie\u015b tajemnicze Bo\u017ce plany.<\/b> A skoro by\u0142 On <i><b>cz\u0142owiekiem prawym,<\/b><\/i> zatem z pewno\u015bci\u0105 tak\u017ce ufa\u0142 Bogu i wiedzia\u0142, \u017ce B\u00f3g na pewno dobrze wszystkim pokieruje. <\/span><\/span><\/span><\/p>\n<p align=\"justify\"><span style=\"color: #000000;\"><span style=\"font-family: Book Antiqua, serif;\"><span style=\"font-size: large;\">Dlatego <b>przyj\u0105\u0142 do siebie Maryj\u0119<\/b> i jednocze\u015bnie <b>przyj\u0105\u0142 Jej Syna,<\/b> Bo\u017cego Syna, Boga Cz\u0142owieka. W przeciwie\u0144stwie do Achaza, kt\u00f3ry nie przyj\u0105\u0142, odrzuci\u0142 mo\u017cliwo\u015b\u0107 przyj\u0119cia znaku od Boga.<\/span><\/span><\/span><\/p>\n<p align=\"justify\"><span style=\"color: #000000;\"><span style=\"font-family: Book Antiqua, serif;\"><span style=\"font-size: large;\">Moi Drodzy, postawa J\u00f3zefa staje si\u0119 wspania\u0142ym przyk\u0142adem dla nas wszystkich, a s\u0142owa, skierowane do Niego przez Anio\u0142a: <i><b>N<\/b><\/i><i><b>ie b\u00f3j si\u0119 wzi\u0105\u0107 do siebie Maryi,<\/b><\/i><b> <\/b>skierowane s\u0105 <b>tak\u017ce do nas:<\/b> do ka\u017cdej i ka\u017cdego z nas indywidualnie. B\u00f3g dzisiaj zwraca si\u0119 do nas po imieniu i prosi: <b>Nie b\u00f3j si\u0119 wzi\u0105\u0107 do siebie Maryi i Jej Syna, Jezusa!<\/b> <\/span><\/span><\/span><\/p>\n<p align=\"justify\"><span style=\"color: #000000;\"><span style=\"font-family: Book Antiqua, serif;\"><span style=\"font-size: large;\">Ja te s\u0142owa odnosz\u0119 tak\u017ce do siebie, bardzo osobi\u015bcie, <b>jako kap\u0142an<\/b> \u2013 zw\u0142aszcza w dzisiejszych czasach, kiedy naszej pos\u0142udze towarzyszy tak nieprzychylne cz\u0119sto nastawienie i z\u0142o\u015bliwe komentarze, a niekiedy to wr\u0119cz <b>otwarta wrogo\u015b\u0107.<\/b> W\u0142a\u015bnie w tym kontek\u015bcie wezwanie do tego, by si\u0119 nie ba\u0107, ale <b>na nowo uwierzy\u0107 Jezusowi,<\/b> na nowo przyj\u0105\u0107 Go do siebie, musi wzi\u0105\u0107 sobie do serca ka\u017cdy kap\u0142an.<\/span><\/span><\/span><\/p>\n<p align=\"justify\"><span style=\"color: #000000;\"><span style=\"font-family: Book Antiqua, serif;\"><span style=\"font-size: large;\">A jako kap\u0142an i rekolekcjonista, ja z tym wezwaniem zwracam si\u0119 dzisiaj do Was, do ka\u017cdej i ka\u017cdego z Was, indywidualnie i po imieniu \u2013 tak, jak tu jeste\u015bcie: Droga Siostro, Drogi Bracie, <b>nie b\u00f3j si\u0119 wzi\u0105\u0107 do siebie Jezusa! Nie b\u00f3j si\u0119 przyj\u0105\u0107 Go do swego serca i do swego domu!<\/b> Nie b\u00f3j si\u0119 <b>uwierzy\u0107 w Niego na nowo! <\/b><\/span><\/span><\/span><\/p>\n<p align=\"justify\"><span style=\"color: #000000;\"><span style=\"font-family: Book Antiqua, serif;\"><span style=\"font-size: large;\">W\u0142a\u015bnie do Was zwracam si\u0119 z tym wezwaniem, moi Drodzy, kt\u00f3rzy \u017cyjecie i pracujecie na tej szkockiej ziemi, a przyjechali\u015bcie tu z Polski i przywie\u017ali\u015bcie ze sob\u0105 <b>wiar\u0119 Waszych Rodzic\u00f3w i Dziadk\u00f3w! <\/b>Zechciejcie t\u0119 wiar\u0119 <b>przechowa\u0107,<\/b> zechciejcie jej <b>strzec,<\/b> nie pozw\u00f3lcie jej straci\u0107! Wi\u0119cej \u2013 <b>rozwijajcie t\u0119 wiar\u0119!<\/b> <\/span><\/span><\/span><\/p>\n<p align=\"justify\"><span style=\"color: #000000;\"><span style=\"font-family: Book Antiqua, serif;\"><span style=\"font-size: large;\">Je\u017celi nawet kto\u015b z Was zach\u0142ysn\u0105\u0142 si\u0119 tym bogatym Zachodem, o kt\u00f3rym tyle ba\u015bniowych wr\u0119cz opowie\u015bci s\u0142ysza\u0142 \u2013 i mo\u017ce rzeczywi\u015bcie, zachwyci\u0142 Was ten bogaty \u015bwiat, to jednak wiem, \u017ce wielu, przyby\u0142ych tutaj, <b>ju\u017c dzisiaj widzi, \u017ce nic to wszystko nie znaczy,<\/b> <b>je\u017celi nie ma miejsca dla Boga.<\/b> Ca\u0142e to bogactwo i dostatek mog\u0105 okaza\u0107 si\u0119 tylko tanim \u015bwiecide\u0142kiem, je\u017celi zabraknie miejsca dla Boga. A wiem \u2013 i Wy to wiecie \u2013 \u017ce <b>w wielu sercach zabrak\u0142o.<\/b> <\/span><\/span><\/span><\/p>\n<p align=\"justify\"><span style=\"color: #000000;\"><span style=\"font-family: Book Antiqua, serif;\"><span style=\"font-size: large;\">Dlatego zwracam si\u0119 do Was \u2013 tak, w\u0142a\u015bnie do Was, kt\u00f3rzy tu jeste\u015bcie, kt\u00f3rzy <b>nie zapomnieli\u015bcie drogi do ko\u015bcio\u0142a,<\/b> na Msz\u0119 \u015awi\u0119t\u0105; kt\u00f3rzy prze\u017cywali\u015bcie razem ze mn\u0105 te Rekolekcje; kt\u00f3rzy staracie si\u0119 modli\u0107 i \u017cy\u0107 po chrze\u015bcija\u0144sku \u2013 zwracam si\u0119 do Was z pro\u015bb\u0105: <b>nie utra\u0107cie tego skarbu! Skarbu wiary!<\/b> Wr\u0119cz przeciwnie \u2013 <b>rozwijajcie go! <\/b><\/span><\/span><\/span><\/p>\n<p align=\"justify\"><span style=\"color: #000000;\"><span style=\"font-family: Book Antiqua, serif;\"><span style=\"font-size: large;\">Przypominajcie sobie ci\u0105gle to wszystko, co wynie\u015bli\u015bcie ze swego rodzinnego domu, z Polski, i zr\u00f3bcie wszystko, co w Waszej mocy \u2013 wspartej oczywi\u015bcie, \u0142ask\u0105 Bo\u017c\u0105 \u2013 by duszpasterstwo Waszych Ksi\u0119\u017cy nie by\u0142o tylko rozpaczliwym <b>\u201eadministrowaniem resztkami\u201d,<\/b> kt\u00f3re jeszcze zosta\u0142y, ale aby by\u0142o pos\u0142ugiwaniem <b>\u017cywemu i rozwijaj\u0105cego si\u0119 Ko\u015bcio\u0142owi.<\/b> Tak, \u017cywemu Ko\u015bcio\u0142owi, rozwijaj\u0105cemu si\u0119 <b>w Waszych sercach.<\/b> <\/span><\/span><\/span><\/p>\n<p align=\"justify\"><span style=\"color: #000000;\"><span style=\"font-family: Book Antiqua, serif;\"><span style=\"font-size: large;\">I niech to b\u0119dzie \u015bwiadectwo, jakie <b>sobie nawzajem b\u0119dziecie dawa\u0107, <\/b>aby si\u0119 w ten spos\u00f3b wspiera\u0107 i aby wlewa\u0107 nadziej\u0119 w serce Ksi\u0119dza Proboszcza, i\u017c ma dla kogo pos\u0142ugiwa\u0107 i ma do kogo wychodzi\u0107 ze s\u0142owem Dobrej Nowiny. Ale te\u017c trzeba, aby\u015bcie byli <b>\u015bwiadkami wobec tego totalnie pogubionego Zachodu,<\/b> kt\u00f3ry \u017cyje od dawna tak, <b>jakby Boga w og\u00f3le nie by\u0142o. <\/b><\/span><\/span><\/span><\/p>\n<p align=\"justify\"><span style=\"color: #000000;\"><span style=\"font-family: Book Antiqua, serif;\"><span style=\"font-size: large;\">Moi Drodzy, zaraz po przybyciu do Was podzieli\u0142em si\u0119 z Ksi\u0119dzem Krzysztofem tak\u0105 swoj\u0105 refleksj\u0105, \u017ce kiedy w pi\u0105tek rano samolot, kt\u00f3rym lecia\u0142em, podchodzi\u0142 ju\u017c do l\u0105dowania i naszym oczom <b>ukaza\u0142y si\u0119 zabudowania Glasgow,<\/b> popatrzy\u0142em na te poroz\u015bwietlane domy i na te sznury samochod\u00f3w, p\u0119dz\u0105cych gdzie\u015b przed siebie i pomy\u015bla\u0142em sobie, \u017ce oto widz\u0119 jak\u0105\u015b <b>cz\u0105stk\u0119 \u015bwiata, w kt\u00f3rej jeszcze nie by\u0142em,<\/b> \u017ce ci ludzie <b>jako\u015b si\u0119 tu urz\u0105dzili,<\/b> maj\u0105 swoje sprawy, pewnie teraz wybieraj\u0105 si\u0119 do pracy czy do szko\u0142y, a wi\u0119c pos\u0142uchali Boga, kt\u00f3ry kiedy\u015b, na pocz\u0105tku, <b>kaza\u0142 czyni\u0107 sobie ziemi\u0119 poddan\u0105.<\/b> <\/span><\/span><\/span><\/p>\n<p align=\"justify\"><span style=\"color: #000000;\"><span style=\"font-family: Book Antiqua, serif;\"><span style=\"font-size: large;\">I ci ludzie tak\u0105 j\u0105 sobie uczynili, ca\u0142kiem nie\u017ale si\u0119 tu urz\u0105dzili, tylko teraz \u2013 ile jest w tych domach i w sercach tych ludzi miejsca dla Boga? <b>Dlaczego Zach\u00f3d zapomnia\u0142 o Bogu?<\/b> Czemu si\u0119 z Nim w og\u00f3le nie liczy? <b>I do czego to doprowadzi?<\/b> Bo na pewno, gdzie\u015b i kiedy\u015b, musi to wszystko doj\u015b\u0107 <b>do jakiego\u015b punktu granicznego,<\/b> punktu zwrotnego, gdy\u017c zwyczajnie tak dalej \u017cy\u0107 si\u0119 nie da. Widzimy, \u017ce cywilizacja zachodnia, <b>po r\u00f3wni pochy\u0142ej, zmierza do upadku. <\/b>Kiedy on nast\u0105pi? I czy musi nast\u0105pi\u0107? Czy jest jeszcze <b>jaki\u015b ratunek? <\/b><\/span><\/span><\/span><\/p>\n<p align=\"justify\"><span style=\"color: #000000;\"><span style=\"font-family: Book Antiqua, serif;\"><span style=\"font-size: large;\">A mo\u017ce tym ratunkiem b\u0119dzie <b>Wasze \u015bwiadectwo,<\/b> moi Drodzy \u2013 <b>\u015bwiadectwo Waszej wiary? <\/b><\/span><\/span><\/span><\/p>\n<p align=\"justify\"><span style=\"color: #000000;\"><span style=\"font-family: Book Antiqua, serif;\"><span style=\"font-size: large;\">Dlatego we\u017acie sobie do serca s\u0142owa Aposto\u0142a Paw\u0142a z dzisiejszego drugiego czytania. Pawe\u0142 pisze tam <b>o powo\u0142aniu apostolskim<\/b> \u2013 swoim i swoich wsp\u00f3\u0142pracownik\u00f3w. I z tej pozycji zwraca si\u0119 do Rzymian ze s\u0142owami: <i><b>Przez Niego <\/b><\/i><b>[czyli przez Jezusa] <\/b><i><b>otrzymali\u015bmy<\/b><\/i><b> <\/b><i><b>\u0142ask\u0119 i urz\u0105d apostolski, aby ku chwale Jego imienia pozyskiwa\u0107 wszystkich pogan dla pos\u0142usze\u0144stwa wierze. <\/b><\/i><i><b>W\u015br\u00f3d nich jeste\u015bcie i wy powo\u0142ani przez Jezusa Chrystusa.<\/b><\/i><b> <\/b>Tak, moi Drodzy, to Wy jeste\u015bcie tymi powo\u0142anymi, aby <i><b>pozyskiwa\u0107 wszystkich pogan dla pos\u0142usze\u0144stwa wierze.<\/b><\/i><b> <\/b>Tylko je\u017celi Pawe\u0142 mia\u0142 na my\u015bli tych, kt\u00f3rzy poganami<b> byli jeszcze, <\/b>bo nikt im jeszcze nie og\u0142osi\u0142 Dobrej Nowiny, to Wy dzisiaj jeste\u015bcie wezwani do tych, kt\u00f3rzy poganami stali si\u0119 lub staj\u0105 <b>ju\u017c, ponownie; <\/b>kt\u00f3rym ju\u017c B\u00f3g <b>przesta\u0142 by\u0107 potrzebny.<\/b> <\/span><\/span><\/span><\/p>\n<p align=\"justify\"><span style=\"color: #000000;\"><span style=\"font-family: Book Antiqua, serif;\"><span style=\"font-size: large;\">I to Wasze \u015bwiadectwo ma im pokaza\u0107, \u017ce jest inaczej. A przynajmniej, wzbudzi\u0107 w ich sercach jaki\u015b <b>tw\u00f3rczy, <\/b><b>dobry, \u015bwi\u0119ty<\/b><b> niepok\u00f3j.<\/b> Albo te\u017c \u2013 szczeg\u00f3lnie w chwilach totalnego zagubienia, kiedy przekonaj\u0105 si\u0119, \u017ce dobrze urz\u0105dzone mieszanie i wysokie kwoty na koncie to naprawd\u0119 nie wszystko \u2013 aby <b>w Waszej postawie znale\u017ali mocny sygna\u0142 i \u015bwiat\u0142o,<\/b> gdzie i u kogo szuka\u0107 sensu swego \u017cycia. <\/span><\/span><\/span><\/p>\n<p align=\"justify\"><span style=\"color: #000000;\"><span style=\"font-family: Book Antiqua, serif;\"><span style=\"font-size: large;\">Dlatego prosz\u0119 Was, moi Drodzy, <b>b\u0105d\u017acie mocni w wierze!<\/b> M\u00f3dlcie si\u0119 <b>codziennie,<\/b> m\u00f3dlcie si\u0119 wsp\u00f3lnie w Waszych Rodzinach, ale te\u017c indywidualnie, w ciszy w\u0142asnego serca, tak\u017ce w drodze do pracy i z pracy. <b>Nie opuszczajcie Mszy \u015awi\u0119tej niedzielnej!<\/b> Przyst\u0119pujcie jak najcz\u0119\u015bciej <b>do Komunii \u015awi\u0119tej, <\/b>a to z kolei wymaga <b>systematycznej Spowiedzi,<\/b> dlatego przyst\u0119pujcie do tego Sakramentu Bo\u017cej mi\u0142o\u015bci najlepiej co miesi\u0105c, bo tyle mniej wi\u0119cej mo\u017cemy przyjmowa\u0107 Komuni\u0119 \u015awi\u0119t\u0105, je\u017celi oczywi\u015bcie po drodze nie by\u0142o grzechu ci\u0119\u017ckiego. Ponadto, <b>czytajcie Pismo \u015awi\u0119te<\/b> \u2013 r\u00f3wnie\u017c, najlepiej wsp\u00f3lnie, w Rodzinie. <\/span><\/span><\/span><\/p>\n<p align=\"justify\"><span style=\"color: #000000;\"><span style=\"font-family: Book Antiqua, serif;\"><span style=\"font-size: large;\">I starajcie si\u0119 <b>zawsze prze\u017cy\u0107 ca\u0142e Rekolekcje<\/b> \u2013 ca\u0142e, to znaczy przez trzy dni. Niech mecz nie b\u0119dzie wa\u017cniejszy od rekolekcyjnego spotkania, ani inne sprawy, kt\u00f3re naprawd\u0119 mo\u017cna prze\u0142o\u017cy\u0107. S\u0105 w ko\u0144cu w \u017cyciu <b>sprawy wa\u017cne i wa\u017cniejsze. I te najwa\u017cniejsze!<\/b> A ta, o kt\u00f3rej m\u00f3wimy, jest t\u0105 najwa\u017cniejsz\u0105! <\/span><\/span><\/span><\/p>\n<p align=\"justify\"><span style=\"color: #000000;\"><span style=\"font-family: Book Antiqua, serif;\"><span style=\"font-size: large;\">Moi Drodzy, we\u017acie sobie do serca s\u0142owa Anio\u0142a, skierowane do J\u00f3zefa, ale dzisiaj tak szczeg\u00f3lnie skierowane do nas \u2013 i <b>nie b\u00f3jcie si\u0119 wzi\u0105\u0107 do siebie Jezusa! Wzi\u0105\u0107 Go na nowo! <\/b>Zaprosi\u0107 do siebie, przyj\u0105\u0107 otwartym sercem! I zanie\u015b\u0107 go do ludzi \u2013 tak, do tych pogubionych ludzi, kt\u00f3rzy \u017cyj\u0105 tak, jakby Boga nie by\u0142o, kt\u00f3rzy ju\u017c o Nim zapomnieli, a kt\u00f3rzy <b>coraz bardziej odczuwaj\u0105 Jego g\u0142\u00f3d i<\/b> <b>pustk\u0119 po Nim. <\/b>Wy zanie\u015bcie im Boga! <\/span><\/span><\/span><\/p>\n<p align=\"justify\"><span style=\"color: #000000;\"><span style=\"font-family: Book Antiqua, serif;\"><span style=\"font-size: large;\">Nie jakim\u015b nachalnym narzucaniem si\u0119, czy pouczaniem, ale <b>radosnym \u015bwiadectwem, <\/b>przyk\u0142adem w\u0142asnego \u017cycia i osobistego przekonania, \u017ce wiara ma sens i \u017ce wiara nadaje sens \u017cyciu. Bo <b>\u017cycie bez wiary \u2013 jest \u017cyciem bez sensu i bez celu! <\/b>Pokazujcie to ludziom ze swego otoczenia, pokazujcie to z rado\u015bci\u0105, <b>bez \u017cadnych kompleks\u00f3w, bez tego mia\u017cd\u017c\u0105cego poczucia ni\u017cszo\u015bci,<\/b> bez strachu, ale odwa\u017cnie i z podniesionym czo\u0142em. Poka\u017ccie innym, jak wiara przemienia Wasze \u017cycie i<b> jaki sens mu nadaje! <\/b><\/span><\/span><\/span><\/p>\n<p align=\"justify\"><span style=\"color: #000000;\"><span style=\"font-family: Book Antiqua, serif;\"><span style=\"font-size: large;\">Droga Siostro, Drogi Bracie, <b>nie wstyd\u017a si\u0119 tego, \u017ce wierzysz w Boga!<\/b> Nie wstyd\u017a si\u0119 wiary, wyniesionej z rodzinnego domu, przywiezionej w sercu z rodzinnej Polski. <b>Nie wstyd\u017a si\u0119! <\/b>I niczego nie obawiaj \u2013 w niczym <b>nie jeste\u015b gorszy i gorsza od innych! <\/b>A na pewno \u2013 masz w swoim sercu wielkie bogactwo, kt\u00f3rego cz\u0119sto nie maj\u0105 ludzie z Twojego otoczenia: <b>bogactwo wiary! Wielki skarb!<\/b> <\/span><\/span><\/span><\/p>\n<p align=\"justify\"><span style=\"color: #000000;\"><span style=\"font-family: Book Antiqua, serif;\"><span style=\"font-size: large;\">Nie b\u00f3j si\u0119 do niego przyznawa\u0107 i dzieli\u0107 si\u0119 nim z innymi! Nie obawiaj si\u0119, \u017ce Tobie samemu zabraknie, bo to jest takie bogactwo i taki skarb, \u017ce <b>im bardziej si\u0119 go dzieli z innymi, tym wi\u0119cej ma si\u0119 go dla siebie.<\/b> Dlatego nie b\u00f3j si\u0119 wzi\u0105\u0107 do siebie Jezusa, codziennie Go zaprasza\u0107! Nie b\u00f3j si\u0119! Niech Jezus b\u0119dzie <b>Twoim Emmanuelem \u2013 Bogiem z Tob\u0105! <\/b>Obecnym w Twoim sercu, w Twoim domu, w miejscu Twojej pracy, w Twojej szkole! Niech Mu tam nigdy nie zabraknie miejsca! Niech b\u0119dzie tam zawsze obecny! To <b>jedyna recepta na szcz\u0119\u015bliwe i sensowne \u017cycie!<\/b><\/span><\/span><\/span><\/p>\n<p align=\"justify\"><span style=\"color: #000000;\"><span style=\"font-family: Book Antiqua, serif;\"><span style=\"font-size: large;\">A pomoc\u0105 w realizacji tej zach\u0119ty niech b\u0119dzie <b>postanowienie z tych Rekolekcji. <\/b>Moi Drodzy, wspomina\u0142em o nim codziennie, a teraz tak bardzo kr\u00f3tko podpowiem, jakie ono powinno by\u0107.<\/span><\/span><\/span><\/p>\n<p align=\"justify\"><span style=\"color: #000000;\"><span style=\"font-family: Book Antiqua, serif;\"><span style=\"font-size: large;\">Ot\u00f3\u017c, ma to by\u0107 postanowienie:<\/span><\/span><\/span><\/p>\n<p align=\"justify\"><span style=\"color: #000000;\">\u25ba<span style=\"font-family: Book Antiqua, serif;\"><span style=\"font-size: large;\"><b>jedno<\/b> \u2013 nie kilka, bo kilku nie da si\u0119 zrealizowa\u0107, a kiedy nast\u0105pi faktyczna przemiana w jednej sprawie, to zwykle wtedy nast\u0105pi tak\u017ce i w innych;<\/span><\/span><\/span><\/p>\n<p align=\"justify\"><span style=\"color: #000000;\">\u25ba<span style=\"font-family: Book Antiqua, serif;\"><span style=\"font-size: large;\"><b>konkretne<\/b> \u2013 nie og\u00f3lnikowe, czyli: co konkretnie b\u0119d\u0119 robi\u0142, albo czego nie b\u0119d\u0119 robi\u0142, a nie na zasadzie, \u017ce \u201eb\u0119d\u0119 lepszy\u201d, albo: \u201epoprawi\u0119 si\u0119\u201d;<\/span><\/span><\/span><\/p>\n<p align=\"justify\"><span style=\"color: #000000;\">\u25ba<span style=\"font-family: Book Antiqua, serif;\"><span style=\"font-size: large;\"><b>mo\u017cliwe do wykonania,<\/b> czyli nie postanawiamy niczego ponad si\u0142y, czego z pewno\u015bci\u0105 nie da si\u0119 wykona\u0107;<\/span><\/span><\/span><\/p>\n<p align=\"justify\"><span style=\"color: #000000;\">\u25ba<span style=\"font-family: Book Antiqua, serif;\"><span style=\"font-size: large;\"><b>wymagaj\u0105ce <\/b><b>jednak <\/b><b>troch\u0119 trudu,<\/b> czyli takie, kt\u00f3re co\u015b nas b\u0119dzie kosztowa\u0142o;<\/span><\/span><\/span><\/p>\n<p align=\"justify\"><span style=\"color: #000000;\">\u25ba<span style=\"font-family: Book Antiqua, serif;\"><span style=\"font-size: large;\"><b>potrzebne, <\/b><b>adekwatne do sytuacji,<\/b> czyli nie \u201ezamydlamy\u201d oczu Panu Bogu byle czym, tylko bierzemy si\u0119 za t\u0119 sfer\u0119 naszego \u017cycia, kt\u00f3ra najbardziej potrzebuje przemiany; dlatego je\u017celi kto\u015b powoduje na przyk\u0142ad awantury w domu i ci\u0105gle sk\u0142\u00f3ca ze sob\u0105 rodzin\u0119 i otoczenie, niech nie postanawia, \u017ce nie b\u0119dzie jad\u0142 s\u0142odyczy, bo to tak, jakby na pot\u0119\u017cne zatrucie \u017co\u0142\u0105dkowe bra\u0107 tabletk\u0119 od chrypki;<\/span><\/span><\/span><\/p>\n<p align=\"justify\"><span style=\"color: #000000;\">\u25ba<span style=\"font-family: Book Antiqua, serif;\"><span style=\"font-size: large;\">w realizacji kt\u00f3rego trzeba <b>liczy\u0107 si\u0119 z niepowodzeniami,<\/b> dlatego nale\u017cy zaczyna\u0107 ci\u0105gle od nowa, gdy\u017c jest to program pracy, a nie pewno\u015b\u0107, \u017ce si\u0119 ju\u017c uda co\u015b zrobi\u0107; konieczne s\u0105 przeto cierpliwo\u015b\u0107 i wytrwa\u0142o\u015b\u0107, bez nerw\u00f3w i miotania si\u0119;<\/span><\/span><\/span><\/p>\n<p align=\"justify\"><span style=\"color: #000000;\">\u25ba<span style=\"font-family: Book Antiqua, serif;\"><span style=\"font-size: large;\">kt\u00f3re nale\u017cy <b>codziennie <\/b><b>wspiera\u0107 modlitw\u0105;<\/b><\/span><\/span><\/span><\/p>\n<p align=\"justify\"><span style=\"color: #000000;\">\u25ba<span style=\"font-family: Book Antiqua, serif;\"><span style=\"font-size: large;\">kt\u00f3re nale\u017cy <b>rozlicza\u0107 na Spowiedzi<\/b> \u2013 co mi si\u0119 ju\u017c uda\u0142o, a co jeszcze nie uda\u0142o;<\/span><\/span><\/span><\/p>\n<p align=\"justify\"><span style=\"color: #000000;\">\u25ba<span style=\"font-family: Book Antiqua, serif;\"><span style=\"font-size: large;\">kt\u00f3rego przede wszystkim <b>nie <\/b><b>wolno <\/b><b>zapomnie\u0107.<\/b><\/span><\/span><\/span><\/p>\n<p align=\"justify\"><span style=\"color: #000000;\"><span style=\"font-family: Book Antiqua, serif;\"><span style=\"font-size: large;\">Zatem, dzisiaj b\u0119dzie tylko jedno pytanie na zako\u0144czenie rozwa\u017cania: <b>Jakie b\u0119dzie moje konkretne, jedno, zdecydowane i odwa\u017cne postanowienie z tych Rekolekcji?<\/b><\/span><\/span><\/span><\/p>\n<p align=\"justify\"><span style=\"color: #000000;\"><span style=\"font-family: Book Antiqua, serif;\"><span style=\"font-size: large;\"><i><b>Anio\u0142 Pa\u0144ski ukaza\u0142 mu si\u0119 we \u015bnie i rzek\u0142: \u201eJ\u00f3zefie, synu Dawida, nie b\u00f3j si\u0119 wzi\u0105\u0107 do siebie Maryi, twej Ma\u0142\u017conki; albowiem z Ducha \u015awi\u0119tego jest to, co si\u0119 w Niej pocz\u0119\u0142o. Porodzi Syna, kt\u00f3remu nadasz imi\u0119 Jezus, On bowiem zbawi sw\u00f3j lud od jego grzech\u00f3w\u201d. <\/b><\/i><\/span><\/span><\/span><\/p>\n<p align=\"justify\"><span style=\"color: #000000;\"><span style=\"font-family: Book Antiqua, serif;\"><span style=\"font-size: large;\"><i><b>A sta\u0142o si\u0119 to wszystko, aby si\u0119 wype\u0142ni\u0142o s\u0142owo Pa\u0144skie powiedziane przez proroka: \u201eOto Dziewica pocznie i porodzi Syna, kt\u00f3remu nadadz\u0105 imi\u0119 Emmanuel, to znaczy \u00abB\u00f3g z nami\u00bb\u201d. <\/b><\/i><\/span><\/span><\/span><\/p>\n<p align=\"justify\"><span style=\"color: #000000;\"><span style=\"font-family: Book Antiqua, serif;\"><span style=\"font-size: large;\"><i><b>Zbudziwszy si\u0119 ze snu, J\u00f3zef uczyni\u0142 tak, jak mu poleci\u0142 anio\u0142 Pa\u0144ski: wzi\u0105\u0142 swoj\u0105 Ma\u0142\u017conk\u0119 do siebie.<\/b><\/i><\/span><\/span><\/span><\/p>\n<p align=\"justify\"><span style=\"color: #000000;\"><span style=\"font-family: Book Antiqua, serif;\"><span style=\"font-size: large;\">We\u017amy i my \u2013 Jezusa do siebie! Niech b\u0119dzie <b>Emmanuelem \u2013 Bogiem z nami! <\/b><\/span><\/span><\/span><\/p>\n<p align=\"right\"><span style=\"color: #000000;\"><span style=\"font-family: Book Antiqua, serif;\"><span style=\"font-size: large;\">Amen<\/span><\/span><\/span><\/p>\n","protected":false},"excerpt":{"rendered":"<p>Niech b\u0119dzie pochwalony Jezus Chrystus! Moi Drodzy, pozdrawiam ze Szkocji, z Parafii \u015awi\u0119tego Patryka w Wishaw. Mia\u0142em nadziej\u0119, \u017ce dzisiaj uda si\u0119 zamie\u015bci\u0107 s\u0142\u00f3wko wcze\u015bniej, ale si\u0119 nie uda\u0142o. Za du\u017co si\u0119 dzieje! Wczoraj wieczorem przyby\u0142 do nas jeszcze jeden Ksi\u0105dz z Polski, pracuj\u0105cy tu od wielu lat, a do tego by\u0142 ponownie Ksi\u0105dz Andrzej, [&hellip;]<\/p>\n","protected":false},"author":1,"featured_media":0,"comment_status":"open","ping_status":"open","sticky":false,"template":"","format":"standard","meta":{"jetpack_post_was_ever_published":false,"_jetpack_newsletter_access":"","_jetpack_dont_email_post_to_subs":false,"_jetpack_newsletter_tier_id":0,"_jetpack_memberships_contains_paywalled_content":false,"_jetpack_memberships_contains_paid_content":false,"footnotes":""},"categories":[1],"tags":[],"class_list":["post-16365","post","type-post","status-publish","format-standard","hentry","category-bez-kategorii"],"yoast_head":"<!-- This site is optimized with the Yoast SEO plugin v25.1 - https:\/\/yoast.com\/wordpress\/plugins\/seo\/ -->\n<title>Przyj\u0105\u0107 Emmanuela... - Gaudium Et Spes<\/title>\n<meta name=\"robots\" content=\"index, follow, max-snippet:-1, max-image-preview:large, max-video-preview:-1\" \/>\n<link rel=\"canonical\" href=\"https:\/\/gaudiumetspes-blog.pl\/index.php\/2019\/12\/22\/przyjac-emmanuela\/\" \/>\n<meta property=\"og:locale\" content=\"pl_PL\" \/>\n<meta property=\"og:type\" content=\"article\" \/>\n<meta property=\"og:title\" content=\"Przyj\u0105\u0107 Emmanuela... - Gaudium Et Spes\" \/>\n<meta property=\"og:description\" content=\"Niech b\u0119dzie pochwalony Jezus Chrystus! Moi Drodzy, pozdrawiam ze Szkocji, z Parafii \u015awi\u0119tego Patryka w Wishaw. Mia\u0142em nadziej\u0119, \u017ce dzisiaj uda si\u0119 zamie\u015bci\u0107 s\u0142\u00f3wko wcze\u015bniej, ale si\u0119 nie uda\u0142o. Za du\u017co si\u0119 dzieje! Wczoraj wieczorem przyby\u0142 do nas jeszcze jeden Ksi\u0105dz z Polski, pracuj\u0105cy tu od wielu lat, a do tego by\u0142 ponownie Ksi\u0105dz Andrzej, [&hellip;]\" \/>\n<meta property=\"og:url\" content=\"https:\/\/gaudiumetspes-blog.pl\/index.php\/2019\/12\/22\/przyjac-emmanuela\/\" \/>\n<meta property=\"og:site_name\" content=\"Gaudium Et Spes\" \/>\n<meta property=\"article:published_time\" content=\"2019-12-22T09:26:41+00:00\" \/>\n<meta name=\"author\" content=\"Ks. Jacek\" \/>\n<meta name=\"twitter:card\" content=\"summary_large_image\" \/>\n<meta name=\"twitter:label1\" content=\"Napisane przez\" \/>\n\t<meta name=\"twitter:data1\" content=\"Ks. Jacek\" \/>\n\t<meta name=\"twitter:label2\" content=\"Szacowany czas czytania\" \/>\n\t<meta name=\"twitter:data2\" content=\"22 minuty\" \/>\n<script type=\"application\/ld+json\" class=\"yoast-schema-graph\">{\"@context\":\"https:\/\/schema.org\",\"@graph\":[{\"@type\":\"WebPage\",\"@id\":\"https:\/\/gaudiumetspes-blog.pl\/index.php\/2019\/12\/22\/przyjac-emmanuela\/\",\"url\":\"https:\/\/gaudiumetspes-blog.pl\/index.php\/2019\/12\/22\/przyjac-emmanuela\/\",\"name\":\"Przyj\u0105\u0107 Emmanuela... - Gaudium Et Spes\",\"isPartOf\":{\"@id\":\"https:\/\/gaudiumetspes-blog.pl\/#website\"},\"datePublished\":\"2019-12-22T09:26:41+00:00\",\"author\":{\"@id\":\"https:\/\/gaudiumetspes-blog.pl\/#\/schema\/person\/1661982992b752dea8dff0d4ed845a65\"},\"breadcrumb\":{\"@id\":\"https:\/\/gaudiumetspes-blog.pl\/index.php\/2019\/12\/22\/przyjac-emmanuela\/#breadcrumb\"},\"inLanguage\":\"pl-PL\",\"potentialAction\":[{\"@type\":\"ReadAction\",\"target\":[\"https:\/\/gaudiumetspes-blog.pl\/index.php\/2019\/12\/22\/przyjac-emmanuela\/\"]}]},{\"@type\":\"BreadcrumbList\",\"@id\":\"https:\/\/gaudiumetspes-blog.pl\/index.php\/2019\/12\/22\/przyjac-emmanuela\/#breadcrumb\",\"itemListElement\":[{\"@type\":\"ListItem\",\"position\":1,\"name\":\"Strona g\u0142\u00f3wna\",\"item\":\"https:\/\/gaudiumetspes-blog.pl\/\"},{\"@type\":\"ListItem\",\"position\":2,\"name\":\"Przyj\u0105\u0107 Emmanuela&#8230;\"}]},{\"@type\":\"WebSite\",\"@id\":\"https:\/\/gaudiumetspes-blog.pl\/#website\",\"url\":\"https:\/\/gaudiumetspes-blog.pl\/\",\"name\":\"Gaudium Et Spes\",\"description\":\"Blog Ks. Jacka Ja\u015bkowskiego\",\"potentialAction\":[{\"@type\":\"SearchAction\",\"target\":{\"@type\":\"EntryPoint\",\"urlTemplate\":\"https:\/\/gaudiumetspes-blog.pl\/?s={search_term_string}\"},\"query-input\":{\"@type\":\"PropertyValueSpecification\",\"valueRequired\":true,\"valueName\":\"search_term_string\"}}],\"inLanguage\":\"pl-PL\"},{\"@type\":\"Person\",\"@id\":\"https:\/\/gaudiumetspes-blog.pl\/#\/schema\/person\/1661982992b752dea8dff0d4ed845a65\",\"name\":\"Ks. Jacek\",\"image\":{\"@type\":\"ImageObject\",\"inLanguage\":\"pl-PL\",\"@id\":\"https:\/\/gaudiumetspes-blog.pl\/#\/schema\/person\/image\/\",\"url\":\"https:\/\/gaudiumetspes-blog.pl\/wp-content\/uploads\/2019\/07\/avatar-JJ-150x150.jpg\",\"contentUrl\":\"https:\/\/gaudiumetspes-blog.pl\/wp-content\/uploads\/2019\/07\/avatar-JJ-150x150.jpg\",\"caption\":\"Ks. Jacek\"},\"description\":\"Witam serdecznie! K\u0142ania si\u0119 Ks. Jacek Ja\u015bkowski. Nie jestem ani kim\u015b wa\u017cnym, ani kim\u015b znanym. Jestem ksi\u0119dzem, kt\u00f3ry po prostu chce rozmawia\u0107. Codzienna kap\u0142a\u0144ska pos\u0142uga pokazuje mi, \u017ce temat\u00f3w do rozm\u00f3w z ksi\u0119dzem jest coraz wi\u0119cej i dzisiaj \u017caden ksi\u0105dz nie mo\u017ce od nich ucieka\u0107, ale - wprost przeciwnie - podejmowa\u0107 nowe wyzwania. To przekonanie sk\u0142oni\u0142o mnie do pr\u00f3by otwarcia tego\u017c bloga, chocia\u017c okazji do rozm\u00f3w na co dzie\u0144 - w konfesjonale i poza nim - na szcz\u0119\u015bcie nie brakuje. My\u015bl\u0119 jednak, \u017ce ten blog b\u0119dzie jeszcze jednym sposobem i przestrzeni\u0105 nawi\u0105zania kontaktu z lud\u017ami dobrej woli, otwartymi na dialog.\",\"url\":\"https:\/\/gaudiumetspes-blog.pl\/index.php\/author\/ks-jacek\/\"}]}<\/script>\n<!-- \/ Yoast SEO plugin. -->","yoast_head_json":{"title":"Przyj\u0105\u0107 Emmanuela... - Gaudium Et Spes","robots":{"index":"index","follow":"follow","max-snippet":"max-snippet:-1","max-image-preview":"max-image-preview:large","max-video-preview":"max-video-preview:-1"},"canonical":"https:\/\/gaudiumetspes-blog.pl\/index.php\/2019\/12\/22\/przyjac-emmanuela\/","og_locale":"pl_PL","og_type":"article","og_title":"Przyj\u0105\u0107 Emmanuela... - Gaudium Et Spes","og_description":"Niech b\u0119dzie pochwalony Jezus Chrystus! Moi Drodzy, pozdrawiam ze Szkocji, z Parafii \u015awi\u0119tego Patryka w Wishaw. Mia\u0142em nadziej\u0119, \u017ce dzisiaj uda si\u0119 zamie\u015bci\u0107 s\u0142\u00f3wko wcze\u015bniej, ale si\u0119 nie uda\u0142o. Za du\u017co si\u0119 dzieje! Wczoraj wieczorem przyby\u0142 do nas jeszcze jeden Ksi\u0105dz z Polski, pracuj\u0105cy tu od wielu lat, a do tego by\u0142 ponownie Ksi\u0105dz Andrzej, [&hellip;]","og_url":"https:\/\/gaudiumetspes-blog.pl\/index.php\/2019\/12\/22\/przyjac-emmanuela\/","og_site_name":"Gaudium Et Spes","article_published_time":"2019-12-22T09:26:41+00:00","author":"Ks. Jacek","twitter_card":"summary_large_image","twitter_misc":{"Napisane przez":"Ks. Jacek","Szacowany czas czytania":"22 minuty"},"schema":{"@context":"https:\/\/schema.org","@graph":[{"@type":"WebPage","@id":"https:\/\/gaudiumetspes-blog.pl\/index.php\/2019\/12\/22\/przyjac-emmanuela\/","url":"https:\/\/gaudiumetspes-blog.pl\/index.php\/2019\/12\/22\/przyjac-emmanuela\/","name":"Przyj\u0105\u0107 Emmanuela... - Gaudium Et Spes","isPartOf":{"@id":"https:\/\/gaudiumetspes-blog.pl\/#website"},"datePublished":"2019-12-22T09:26:41+00:00","author":{"@id":"https:\/\/gaudiumetspes-blog.pl\/#\/schema\/person\/1661982992b752dea8dff0d4ed845a65"},"breadcrumb":{"@id":"https:\/\/gaudiumetspes-blog.pl\/index.php\/2019\/12\/22\/przyjac-emmanuela\/#breadcrumb"},"inLanguage":"pl-PL","potentialAction":[{"@type":"ReadAction","target":["https:\/\/gaudiumetspes-blog.pl\/index.php\/2019\/12\/22\/przyjac-emmanuela\/"]}]},{"@type":"BreadcrumbList","@id":"https:\/\/gaudiumetspes-blog.pl\/index.php\/2019\/12\/22\/przyjac-emmanuela\/#breadcrumb","itemListElement":[{"@type":"ListItem","position":1,"name":"Strona g\u0142\u00f3wna","item":"https:\/\/gaudiumetspes-blog.pl\/"},{"@type":"ListItem","position":2,"name":"Przyj\u0105\u0107 Emmanuela&#8230;"}]},{"@type":"WebSite","@id":"https:\/\/gaudiumetspes-blog.pl\/#website","url":"https:\/\/gaudiumetspes-blog.pl\/","name":"Gaudium Et Spes","description":"Blog Ks. Jacka Ja\u015bkowskiego","potentialAction":[{"@type":"SearchAction","target":{"@type":"EntryPoint","urlTemplate":"https:\/\/gaudiumetspes-blog.pl\/?s={search_term_string}"},"query-input":{"@type":"PropertyValueSpecification","valueRequired":true,"valueName":"search_term_string"}}],"inLanguage":"pl-PL"},{"@type":"Person","@id":"https:\/\/gaudiumetspes-blog.pl\/#\/schema\/person\/1661982992b752dea8dff0d4ed845a65","name":"Ks. Jacek","image":{"@type":"ImageObject","inLanguage":"pl-PL","@id":"https:\/\/gaudiumetspes-blog.pl\/#\/schema\/person\/image\/","url":"https:\/\/gaudiumetspes-blog.pl\/wp-content\/uploads\/2019\/07\/avatar-JJ-150x150.jpg","contentUrl":"https:\/\/gaudiumetspes-blog.pl\/wp-content\/uploads\/2019\/07\/avatar-JJ-150x150.jpg","caption":"Ks. Jacek"},"description":"Witam serdecznie! K\u0142ania si\u0119 Ks. Jacek Ja\u015bkowski. Nie jestem ani kim\u015b wa\u017cnym, ani kim\u015b znanym. Jestem ksi\u0119dzem, kt\u00f3ry po prostu chce rozmawia\u0107. Codzienna kap\u0142a\u0144ska pos\u0142uga pokazuje mi, \u017ce temat\u00f3w do rozm\u00f3w z ksi\u0119dzem jest coraz wi\u0119cej i dzisiaj \u017caden ksi\u0105dz nie mo\u017ce od nich ucieka\u0107, ale - wprost przeciwnie - podejmowa\u0107 nowe wyzwania. To przekonanie sk\u0142oni\u0142o mnie do pr\u00f3by otwarcia tego\u017c bloga, chocia\u017c okazji do rozm\u00f3w na co dzie\u0144 - w konfesjonale i poza nim - na szcz\u0119\u015bcie nie brakuje. My\u015bl\u0119 jednak, \u017ce ten blog b\u0119dzie jeszcze jednym sposobem i przestrzeni\u0105 nawi\u0105zania kontaktu z lud\u017ami dobrej woli, otwartymi na dialog.","url":"https:\/\/gaudiumetspes-blog.pl\/index.php\/author\/ks-jacek\/"}]}},"jetpack_featured_media_url":"","jetpack_sharing_enabled":true,"_links":{"self":[{"href":"https:\/\/gaudiumetspes-blog.pl\/index.php\/wp-json\/wp\/v2\/posts\/16365","targetHints":{"allow":["GET"]}}],"collection":[{"href":"https:\/\/gaudiumetspes-blog.pl\/index.php\/wp-json\/wp\/v2\/posts"}],"about":[{"href":"https:\/\/gaudiumetspes-blog.pl\/index.php\/wp-json\/wp\/v2\/types\/post"}],"author":[{"embeddable":true,"href":"https:\/\/gaudiumetspes-blog.pl\/index.php\/wp-json\/wp\/v2\/users\/1"}],"replies":[{"embeddable":true,"href":"https:\/\/gaudiumetspes-blog.pl\/index.php\/wp-json\/wp\/v2\/comments?post=16365"}],"version-history":[{"count":1,"href":"https:\/\/gaudiumetspes-blog.pl\/index.php\/wp-json\/wp\/v2\/posts\/16365\/revisions"}],"predecessor-version":[{"id":16366,"href":"https:\/\/gaudiumetspes-blog.pl\/index.php\/wp-json\/wp\/v2\/posts\/16365\/revisions\/16366"}],"wp:attachment":[{"href":"https:\/\/gaudiumetspes-blog.pl\/index.php\/wp-json\/wp\/v2\/media?parent=16365"}],"wp:term":[{"taxonomy":"category","embeddable":true,"href":"https:\/\/gaudiumetspes-blog.pl\/index.php\/wp-json\/wp\/v2\/categories?post=16365"},{"taxonomy":"post_tag","embeddable":true,"href":"https:\/\/gaudiumetspes-blog.pl\/index.php\/wp-json\/wp\/v2\/tags?post=16365"}],"curies":[{"name":"wp","href":"https:\/\/api.w.org\/{rel}","templated":true}]}}