{"id":16373,"date":"2019-12-25T00:01:17","date_gmt":"2019-12-24T23:01:17","guid":{"rendered":"https:\/\/gaudiumetspes-blog.pl\/?p=16373"},"modified":"2019-12-24T11:51:34","modified_gmt":"2019-12-24T10:51:34","slug":"gdzie-jest-jezus","status":"publish","type":"post","link":"https:\/\/gaudiumetspes-blog.pl\/index.php\/2019\/12\/25\/gdzie-jest-jezus\/","title":{"rendered":"Gdzie jest Jezus?&#8230;"},"content":{"rendered":"<p align=\"justify\"><span style=\"color: #000000;\"><span style=\"font-family: Book Antiqua, serif;\"><span style=\"font-size: large;\">Niech b\u0119dzie pochwalony Jezus Chrystus! Moi Drodzy, o godzinie, o kt\u00f3rej w naszych Parafiach rozpoczyna si\u0119 uroczysta Pasterka, zamieszczam s\u0142owo rozwa\u017cania, kt\u00f3re wyg\u0142osz\u0119 na Pasterce w Samogoszczy, gdzie pomagam duszpastersko w ka\u017cd\u0105 niedziel\u0119. A \u017cyczenia moje, do Was skierowane, s\u0105 bardzo proste: \u017cycz\u0119, \u017ceby\u015bcie po prze\u017cyciu tych \u015awi\u0105t odnale\u017ali jak najpe\u0142niejsz\u0105 odpowied\u017a na pytanie, postawione w tytule.<\/span><\/span><\/span><\/p>\n<p align=\"justify\"><span style=\"color: #000000;\"><span style=\"font-family: Book Antiqua, serif;\"><span style=\"font-size: large;\">A jutro \u2013 jak na to wskazuj\u0105 wszelkie znaki na niebie i na ziemi \u2013 s\u0142\u00f3wko z Syberii!<\/span><\/span><\/span><\/p>\n<p align=\"justify\"><span style=\"color: #000000;\"><span style=\"font-family: Book Antiqua, serif;\"><span style=\"font-size: large;\"><b>Niech Was b\u0142ogos\u0142awi B\u00f3g Wszechmog\u0105cy: Ojciec + i Syn, i Duch \u015awi\u0119ty. Amen<\/b><\/span><\/span><\/span><\/p>\n<p align=\"center\"><span style=\"color: #000000;\"><span style=\"font-family: Book Antiqua, serif;\"><span style=\"font-size: large;\">Gaudium et spes! Ks. Jacek<\/span><\/span><\/span><\/p>\n<p align=\"center\">\n<p align=\"center\">\n<p align=\"center\">\n<p align=\"center\">\n<p align=\"center\">\n<p align=\"justify\"><span style=\"color: #000000;\"><span style=\"font-family: Book Antiqua, serif;\"><span style=\"font-size: large;\"><b>Uroczysto\u015b\u0107 Narodzenia Pa\u0144skiego \u2013 Msza w nocy,<\/b><\/span><\/span><\/span><\/p>\n<p align=\"justify\"><span style=\"color: #000000;\"><span style=\"font-family: Book Antiqua, serif;\"><span style=\"font-size: large;\"><b>do czyta\u0144: Iz 9,1\u20133.5\u20136; Tt 2,11\u201314; \u0141k 2,1\u201314<\/b><\/span><\/span><\/span><\/p>\n<p align=\"justify\">\n<p align=\"justify\">\n<p align=\"justify\">\n<p align=\"justify\">\n<p align=\"justify\">\n<p align=\"justify\"><span style=\"color: #000000;\"><span style=\"font-family: Book Antiqua, serif;\"><span style=\"font-size: large;\"><b>CZYTANIE Z KSI\u0118GI PROROKA IZAJASZA:<\/b><\/span><\/span><\/span><\/p>\n<p align=\"justify\"><span style=\"color: #000000;\"><span style=\"font-family: Book Antiqua, serif;\"><span style=\"font-size: large;\"><b>Nar\u00f3d krocz\u0105cy w ciemno\u015bciach <\/b><\/span><\/span><\/span><\/p>\n<p align=\"justify\"><span style=\"color: #000000;\"><span style=\"font-family: Book Antiqua, serif;\"><span style=\"font-size: large;\"><b>ujrza\u0142 \u015bwiat\u0142o\u015b\u0107 wielk\u0105; <\/b><\/span><\/span><\/span><\/p>\n<p align=\"justify\"><span style=\"color: #000000;\"><span style=\"font-family: Book Antiqua, serif;\"><span style=\"font-size: large;\"><b>nad mieszka\u0144cami kraju mrok\u00f3w <\/b><\/span><\/span><\/span><\/p>\n<p align=\"justify\"><span style=\"color: #000000;\"><span style=\"font-family: Book Antiqua, serif;\"><span style=\"font-size: large;\"><b>zab\u0142ys\u0142o \u015bwiat\u0142o. <\/b><\/span><\/span><\/span><\/p>\n<p align=\"justify\"><span style=\"color: #000000;\"><span style=\"font-family: Book Antiqua, serif;\"><span style=\"font-size: large;\"><b>Pomno\u017cy\u0142e\u015b rado\u015b\u0107, <\/b><\/span><\/span><\/span><\/p>\n<p align=\"justify\"><span style=\"color: #000000;\"><span style=\"font-family: Book Antiqua, serif;\"><span style=\"font-size: large;\"><b>zwi\u0119kszy\u0142e\u015b wesele. <\/b><\/span><\/span><\/span><\/p>\n<p align=\"justify\"><span style=\"color: #000000;\"><span style=\"font-family: Book Antiqua, serif;\"><span style=\"font-size: large;\"><b>Rozradowali si\u0119 przed Tob\u0105, <\/b><\/span><\/span><\/span><\/p>\n<p align=\"justify\"><span style=\"color: #000000;\"><span style=\"font-family: Book Antiqua, serif;\"><span style=\"font-size: large;\"><b>jak si\u0119 raduj\u0105 we \u017cniwa, <\/b><\/span><\/span><\/span><\/p>\n<p align=\"justify\"><span style=\"color: #000000;\"><span style=\"font-family: Book Antiqua, serif;\"><span style=\"font-size: large;\"><b>jak si\u0119 wesel\u0105 <\/b><\/span><\/span><\/span><\/p>\n<p align=\"justify\"><span style=\"color: #000000;\"><span style=\"font-family: Book Antiqua, serif;\"><span style=\"font-size: large;\"><b>przy podziale \u0142upu. <\/b><\/span><\/span><\/span><\/p>\n<p align=\"justify\"><span style=\"color: #000000;\"><span style=\"font-family: Book Antiqua, serif;\"><span style=\"font-size: large;\"><b>Bo z\u0142ama\u0142e\u015b jego ci\u0119\u017ckie jarzmo <\/b><\/span><\/span><\/span><\/p>\n<p align=\"justify\"><span style=\"color: #000000;\"><span style=\"font-family: Book Antiqua, serif;\"><span style=\"font-size: large;\"><b>i dr\u0105\u017cek na jego ramieniu, <\/b><\/span><\/span><\/span><\/p>\n<p align=\"justify\"><span style=\"color: #000000;\"><span style=\"font-family: Book Antiqua, serif;\"><span style=\"font-size: large;\"><b>pr\u0119t jego ciemi\u0119zcy <\/b><\/span><\/span><\/span><\/p>\n<p align=\"justify\"><span style=\"color: #000000;\"><span style=\"font-family: Book Antiqua, serif;\"><span style=\"font-size: large;\"><b>jak w dniu pora\u017cki Madianit\u00f3w.<\/b><\/span><\/span><\/span><\/p>\n<p align=\"justify\"><span style=\"color: #000000;\"><span style=\"font-family: Book Antiqua, serif;\"><span style=\"font-size: large;\"><b>Albowiem Dzieci\u0119 nam si\u0119 narodzi\u0142o, <\/b><\/span><\/span><\/span><\/p>\n<p align=\"justify\"><span style=\"color: #000000;\"><span style=\"font-family: Book Antiqua, serif;\"><span style=\"font-size: large;\"><b>Syn zosta\u0142 nam dany, <\/b><\/span><\/span><\/span><\/p>\n<p align=\"justify\"><span style=\"color: #000000;\"><span style=\"font-family: Book Antiqua, serif;\"><span style=\"font-size: large;\"><b>na Jego barkach spocz\u0119\u0142a w\u0142adza. <\/b><\/span><\/span><\/span><\/p>\n<p align=\"justify\"><span style=\"color: #000000;\"><span style=\"font-family: Book Antiqua, serif;\"><span style=\"font-size: large;\"><b>Nazwano Go imieniem: <\/b><\/span><\/span><\/span><\/p>\n<p align=\"justify\"><span style=\"color: #000000;\"><span style=\"font-family: Book Antiqua, serif;\"><span style=\"font-size: large;\"><b>Przedziwny Doradca, B\u00f3g Mocny, <\/b><\/span><\/span><\/span><\/p>\n<p align=\"justify\"><span style=\"color: #000000;\"><span style=\"font-family: Book Antiqua, serif;\"><span style=\"font-size: large;\"><b>Odwieczny Ojciec, Ksi\u0105\u017c\u0119 Pokoju. <\/b><\/span><\/span><\/span><\/p>\n<p align=\"justify\"><span style=\"color: #000000;\"><span style=\"font-family: Book Antiqua, serif;\"><span style=\"font-size: large;\"><b>Wielkie b\u0119dzie Jego panowanie <\/b><\/span><\/span><\/span><\/p>\n<p align=\"justify\"><span style=\"color: #000000;\"><span style=\"font-family: Book Antiqua, serif;\"><span style=\"font-size: large;\"><b>w pokoju bez granic <\/b><\/span><\/span><\/span><\/p>\n<p align=\"justify\"><span style=\"color: #000000;\"><span style=\"font-family: Book Antiqua, serif;\"><span style=\"font-size: large;\"><b>na tronie Dawida <\/b><\/span><\/span><\/span><\/p>\n<p align=\"justify\"><span style=\"color: #000000;\"><span style=\"font-family: Book Antiqua, serif;\"><span style=\"font-size: large;\"><b>i nad Jego kr\u00f3lestwem, <\/b><\/span><\/span><\/span><\/p>\n<p align=\"justify\"><span style=\"color: #000000;\"><span style=\"font-family: Book Antiqua, serif;\"><span style=\"font-size: large;\"><b>kt\u00f3re On utwierdzi i umocni <\/b><\/span><\/span><\/span><\/p>\n<p align=\"justify\"><span style=\"color: #000000;\"><span style=\"font-family: Book Antiqua, serif;\"><span style=\"font-size: large;\"><b>prawem i sprawiedliwo\u015bci\u0105, <\/b><\/span><\/span><\/span><\/p>\n<p align=\"justify\"><span style=\"color: #000000;\"><span style=\"font-family: Book Antiqua, serif;\"><span style=\"font-size: large;\"><b>odt\u0105d i na wieki.<\/b><\/span><\/span><\/span><\/p>\n<p align=\"justify\"><span style=\"color: #000000;\"><span style=\"font-family: Book Antiqua, serif;\"><span style=\"font-size: large;\"><b>Zazdrosna mi\u0142o\u015b\u0107 Pana Zast\u0119p\u00f3w tego dokona.<\/b><\/span><\/span><\/span><\/p>\n<p align=\"justify\">\n<p align=\"justify\">\n<p align=\"justify\">\n<p align=\"justify\">\n<p align=\"justify\">\n<p align=\"justify\"><span style=\"color: #000000;\"><span style=\"font-family: Book Antiqua, serif;\"><span style=\"font-size: large;\"><b>CZYTANIE Z LISTU \u015aWI\u0118TEGO PAW\u0141A APOSTO\u0141A DO TYTUSA:<\/b><\/span><\/span><\/span><\/p>\n<p align=\"justify\"><span style=\"color: #000000;\"><span style=\"font-family: Book Antiqua, serif;\"><span style=\"font-size: large;\"><b>Ukaza\u0142a si\u0119 \u0142aska Boga, kt\u00f3ra niesie zbawienie wszystkim ludziom i poucza nas, aby\u015bmy wyrzek\u0142szy si\u0119 bezbo\u017cno\u015bci i \u017c\u0105dz \u015bwiatowych rozumnie i sprawiedliwie, i pobo\u017cnie \u017cyli na tym \u015bwiecie, oczekuj\u0105c b\u0142ogos\u0142awionej nadziei i objawienia si\u0119 chwa\u0142y wielkiego Boga i Zbawiciela naszego, Jezusa Chrystusa, kt\u00f3ry wyda\u0142 samego siebie za nas, aby odkupi\u0107 nas od wszelkiej nieprawo\u015bci i oczy\u015bci\u0107 sobie lud wybrany na w\u0142asno\u015b\u0107, gorliwy w spe\u0142nianiu dobrych uczynk\u00f3w.<\/b><\/span><\/span><\/span><\/p>\n<p align=\"justify\">\n<p align=\"justify\">\n<p align=\"justify\">\n<p align=\"justify\">\n<p align=\"justify\">\n<p align=\"justify\"><span style=\"color: #000000;\"><span style=\"font-family: Book Antiqua, serif;\"><span style=\"font-size: large;\"><b>S\u0141OWA EWANGELII WED\u0141UG \u015aWI\u0118TEGO \u0141UKASZA:<\/b><\/span><\/span><\/span><\/p>\n<p align=\"justify\"><span style=\"color: #000000;\"><span style=\"font-family: Book Antiqua, serif;\"><span style=\"font-size: large;\"><b>W owym czasie wysz\u0142o rozporz\u0105dzenie Cezara Augusta, \u017ceby przeprowadzi\u0107 spis ludno\u015bci w ca\u0142ym pa\u0144stwie. Pierwszy ten spis odby\u0142 si\u0119 w\u00f3wczas, gdy wielkorz\u0105dc\u0105 Syrii by\u0142 Kwiryniusz. Wybierali si\u0119 wi\u0119c wszyscy, aby si\u0119 da\u0107 zapisa\u0107, ka\u017cdy do swego miasta.<\/b><\/span><\/span><\/span><\/p>\n<p align=\"justify\"><span style=\"color: #000000;\"><span style=\"font-family: Book Antiqua, serif;\"><span style=\"font-size: large;\"><b>Uda\u0142 si\u0119 tak\u017ce J\u00f3zef z Galilei, z miasta Nazaret, do Judei, do miasta Dawidowego, zwanego Betlejem, poniewa\u017c pochodzi\u0142 z domu i rodu Dawida, \u017ceby si\u0119 da\u0107 zapisa\u0107 z po\u015blubion\u0105 sobie Maryj\u0105, kt\u00f3ra by\u0142a brzemienna.<\/b><\/span><\/span><\/span><\/p>\n<p align=\"justify\"><span style=\"color: #000000;\"><span style=\"font-family: Book Antiqua, serif;\"><span style=\"font-size: large;\"><b>Kiedy tam przebywali, nadszed\u0142 dla Maryi czas rozwi\u0105zania. Porodzi\u0142a swego pierworodnego Syna, owin\u0119\u0142a Go w pieluszki i po\u0142o\u017cy\u0142a w \u017c\u0142obie, gdy\u017c nie by\u0142o dla nich miejsca w gospodzie.<\/b><\/span><\/span><\/span><\/p>\n<p align=\"justify\"><span style=\"color: #000000;\"><span style=\"font-family: Book Antiqua, serif;\"><span style=\"font-size: large;\"><b>W tej samej okolicy przebywali w polu pasterze i trzymali stra\u017c nocn\u0105 nad swoim stadem. Naraz stan\u0105\u0142 przy nich anio\u0142 Pa\u0144ski i chwa\u0142a Pa\u0144ska zewsz\u0105d ich o\u015bwieci\u0142a, tak \u017ce bardzo si\u0119 przestraszyli. Lecz anio\u0142 rzek\u0142 do nich: \u201eNie b\u00f3jcie si\u0119! Oto zwiastuj\u0119 wam rado\u015b\u0107 wielk\u0105, kt\u00f3ra b\u0119dzie udzia\u0142em ca\u0142ego narodu: dzi\u015b w mie\u015bcie Dawida narodzi\u0142 si\u0119 wam Zbawiciel, kt\u00f3rym jest Mesjasz Pan. A to b\u0119dzie znakiem dla was: Znajdziecie Niemowl\u0119, owini\u0119te w pieluszki i le\u017c\u0105ce w \u017c\u0142obie\u201d.<\/b><\/span><\/span><\/span><\/p>\n<p align=\"justify\"><span style=\"color: #000000;\"><span style=\"font-family: Book Antiqua, serif;\"><span style=\"font-size: large;\"><b>I nagle przy\u0142\u0105czy\u0142o si\u0119 do anio\u0142a mn\u00f3stwo zast\u0119p\u00f3w niebieskich, kt\u00f3re wielbi\u0142y Boga s\u0142owami: <\/b><\/span><\/span><\/span><\/p>\n<p align=\"justify\"><span style=\"color: #000000;\">\u201e<span style=\"font-family: Book Antiqua, serif;\"><span style=\"font-size: large;\"><b>Chwa\u0142a Bogu na wysoko\u015bciach, <\/b><\/span><\/span><\/span><\/p>\n<p align=\"justify\"><span style=\"color: #000000;\"><span style=\"font-family: Book Antiqua, serif;\"><span style=\"font-size: large;\"><b>a na ziemi pok\u00f3j ludziom, <\/b><\/span><\/span><\/span><\/p>\n<p align=\"justify\"><span style=\"color: #000000;\"><span style=\"font-family: Book Antiqua, serif;\"><span style=\"font-size: large;\"><b>w kt\u00f3rych ma upodobanie\u201d.<\/b><\/span><\/span><\/span><\/p>\n<p align=\"justify\">\n<p align=\"justify\">\n<p align=\"justify\">\n<p align=\"justify\">\n<p align=\"justify\">\n<p align=\"justify\"><span style=\"color: #000000;\"><span style=\"font-family: Book Antiqua, serif;\"><span style=\"font-size: large;\"><b>DWUDZIESTEGO PI\u0104TEGO<\/b><b> GRUDNIA, W <\/b><b>DWUDZIESTYM DZIEWI\u0104TYM<\/b><b> DNIU KSI\u0118\u017bYCOWYM, GDY MIN\u0118\u0141O WIELE LAT OD STWORZENIA \u015aWIATA, GDY B\u00d3G STWORZY\u0141 NIEBO I ZIEMI\u0118, I UCZYNI\u0141 CZ\u0141OWIEKA NA SW\u00d3J OBRAZ, I WIELE WIEK\u00d3W OD CZASU, GDY PO POTOPIE NAJWY\u017bSZY POZWOLI\u0141 ZAB\u0141YSN\u0104\u0106 T\u0118CZY, B\u0118D\u0104CEJ ZNAKIEM PRZYMIERZA POKOJU; GDY UP\u0141YN\u0118\u0141Y WIEKI OD WYJ\u015aCIA NASZEGO OJCA W WIERZE, ABRAHAMA, Z UR CHALDEJSKIEGO, <\/b><b>TRZYNA\u015aCIE<\/b><b> WIEK\u00d3W OD WYJ\u015aCIA IZRAELIT\u00d3W Z EGIPTU POD PRZEWODEM MOJ\u017bESZA, OKO\u0141O <\/b><b>TYSI\u0104C<\/b><b> LAT OD NAMASZCZENIA DAWIDA NA KR\u00d3LA IZRAELA, W <\/b><b>SZE\u015a\u0106DZIESI\u0104TYM PI\u0104TYM<\/b><b> TYGODNIU W<\/b><b>ED\u0141U<\/b><b>G PROROCTWA DANIELA, W EPOCE <\/b><b>STO DZIEWI\u0118\u0106DZIESI\u0104TEJ CZWARTEJ<\/b><b> OLIMPIADY, W <\/b><b>SIEDEMSET PI\u0118\u0106DZIESI\u0104TYM DRUGIM<\/b><b> ROKU OD ZA\u0141O\u017bENIA RZYMU, W <\/b><b>CZTERDZIESTYM DRUGIM<\/b><b> ROKU RZ\u0104D\u00d3W CESARZA OKTAWIANA AUGUSTA, GDY W CA\u0141YM \u015aWIECIE KR\u00d3LOWA\u0141 POK\u00d3J \u2013 JEZUS CHRYSTUS, KR\u00d3L ODWIECZNY, SYN PRZEDWIECZNEGO OJCA, PRAGN\u0104C U\u015aWI\u0118CI\u0106 \u015aWIAT SWOIM PRZYJ\u015aCIEM, B\u0118D\u0104C POCZ\u0118TYM ZA SPRAW\u0104 DUCHA \u015aWI\u0118TEGO, <\/b><b>S<\/b><b>P\u0118DZIWSZY W \u0141ONIE MATKI <\/b><b>DZIEWI\u0118\u0106<\/b><b> MIESI\u0118CY, RODZI SI\u0118 W BETLEJEM JUD<\/b><b>ZKIM<\/b><b> Z MARYI DZIEWICY, STAJ\u0104C SI\u0118 CZ\u0141OWIEKIEM. TAKIE JEST NARODZENIE NASZEGO PANA JEZUSA CHRYSTUSA WED\u0141UG LUDZKIEJ NATURY.<\/b><\/span><\/span><\/span><\/p>\n<p align=\"justify\"><span style=\"color: #000000;\"><span style=\"font-family: Book Antiqua, serif;\"><span style=\"font-size: large;\">Tymi oto s\u0142owami wielkiej Kalendy o Narodzeniu Jezusa rozpoczyna si\u0119 zawsze Pasterk\u0119, sprawowan\u0105 przez Ojca \u015awi\u0119tego, na Watykanie. S\u0142owa tej niezwyk\u0142ej nowiny nape\u0142niaj\u0105 dzisiaj rado\u015bci\u0105 tak\u017ce nasze serca!<\/span><\/span><\/span><\/p>\n<p align=\"center\"><span style=\"color: #000000;\"><span style=\"font-family: Book Antiqua, serif;\"><span style=\"font-size: large;\"><b>Najczcigodniejszy Ksi\u0119\u017ce Proboszczu,<\/b><\/span><\/span><\/span><\/p>\n<p align=\"center\"><span style=\"color: #000000;\"><span style=\"font-family: Book Antiqua, serif;\"><span style=\"font-size: large;\"><b>Czcigodny Ksi\u0119\u017ce Kanoniku,<\/b><\/span><\/span><\/span><\/p>\n<p align=\"center\"><span style=\"color: #000000;\"><span style=\"font-family: Book Antiqua, serif;\"><span style=\"font-size: large;\"><b>Czcigodne Siostry! <\/b><\/span><\/span><\/span><\/p>\n<p align=\"center\"><span style=\"color: #000000;\"><span style=\"font-family: Book Antiqua, serif;\"><span style=\"font-size: large;\"><b>Drodzy Lektorzy i Ministranci, <\/b><\/span><\/span><\/span><\/p>\n<p align=\"center\"><span style=\"color: #000000;\"><span style=\"font-family: Book Antiqua, serif;\"><span style=\"font-size: large;\"><b>oraz Cz\u0142onkowie wszystkich Wsp\u00f3lnot Parafialnych!<\/b><\/span><\/span><\/span><\/p>\n<p align=\"center\"><span style=\"color: #000000;\"><span style=\"font-family: Book Antiqua, serif;\"><span style=\"font-size: large;\"><b>Drodzy Cz\u0142onkowie naszej Parafialnej Rodziny! <\/b><\/span><\/span><\/span><\/p>\n<p align=\"center\"><span style=\"color: #000000;\"><span style=\"font-family: Book Antiqua, serif;\"><span style=\"font-size: large;\"><b>Wielce Szanowni Go\u015bcie!<\/b><\/span><\/span><\/span><\/p>\n<p align=\"center\"><span style=\"color: #000000;\"><span style=\"font-family: Book Antiqua, serif;\"><span style=\"font-size: large;\"><b>Bracia i Siostry!<\/b><\/span><\/span><\/span><\/p>\n<p align=\"justify\"><span style=\"color: #000000;\"><span style=\"font-family: Book Antiqua, serif;\"><span style=\"font-size: large;\">Te wielkie s\u0142owa, kt\u00f3re Ko\u015bci\u00f3\u0142 wy\u015bpiewuje w spos\u00f3b niezwykle uroczysty, brzmi\u0105 tak samo podnio\u015ble, jak r\u00f3wnie wielkie s\u0142owa Izajaszowego Proroctwa, odczytane przed chwil\u0105: <i><b>Nar\u00f3d krocz\u0105cy w ciemno\u015bciach <\/b><\/i><i><b>ujrza\u0142 \u015bwiat\u0142o\u015b\u0107 wielk\u0105; nad mieszka\u0144cami kraju mrok\u00f3w zab\u0142ys\u0142o \u015bwiat\u0142o. Pomno\u017cy\u0142e\u015b rado\u015b\u0107, <\/b><\/i><i><b>zwi\u0119kszy\u0142e\u015b wesele<\/b><\/i><b>. [\u2026] <\/b><i><b>Albowiem Dzieci\u0119 nam si\u0119 narodzi\u0142o, <\/b><\/i><i><b>Syn zosta\u0142 nam dany, na Jego barkach spocz\u0119\u0142a w\u0142adza. Nazwano Go imieniem: Przedziwny Doradca, B\u00f3g Mocny, Odwieczny Ojciec, Ksi\u0105\u017c\u0119 Pokoju. Wielkie b\u0119dzie Jego panowanie w pokoju bez granic na tronie Dawida i nad Jego kr\u00f3lestwem, kt\u00f3re On utwierdzi i umocni prawem i sprawiedliwo\u015bci\u0105, odt\u0105d i na wieki.<\/b><\/i><b> <\/b><\/span><\/span><\/span><\/p>\n<p align=\"justify\"><span style=\"color: #000000;\"><span style=\"font-family: Book Antiqua, serif;\"><span style=\"font-size: large;\">Czytamy te s\u0142owa, s\u0142uchamy ich \u2013 i dreszcze przechodz\u0105 po ca\u0142ym ciele. Ju\u017c od czas\u00f3w swojej pos\u0142ugi lektorskiej, kiedy cz\u0119sto mia\u0142em mo\u017cliwo\u015b\u0107 odczytywania tej niezwyk\u0142ej nowiny w \u015bwi\u0119t\u0105 Noc Narodzenia Pa\u0144skiego, nosz\u0119 <b>w sercu owo niesamowite poruszenie,<\/b> jakie towarzyszy w\u0142a\u015bnie tym s\u0142owom \u2013 w\u0142a\u015bnie w t\u0119 noc. Przecie\u017c niekiedy jeszcze ten fragment Izajaszowego Proroctwa jest odczytywany w trakcie liturgii, ale <b>nigdy nie brzmi tak mocno<\/b> i tak bardzo nie porusza serca, jak w\u0142a\u015bnie na tej Mszy \u015awi\u0119tej.<\/span><\/span><\/span><\/p>\n<p align=\"justify\"><span style=\"color: #000000;\"><span style=\"font-family: Book Antiqua, serif;\"><span style=\"font-size: large;\">Bo oto wydarzy\u0142o si\u0119 co\u015b <b>ze wszech miar niezwyk\u0142ego,<\/b> co\u015b wyj\u0105tkowego i szczeg\u00f3lnego, co <b>nie mia\u0142o precedensu<\/b> nigdy wcze\u015bniej i co \u2013 w taki spos\u00f3b \u2013 nie wydarzy si\u0119 ju\u017c <b>nigdy w przysz\u0142o\u015bci.<\/b> Bo\u017cy Syn, w postaci cz\u0142owieka, przyszed\u0142 na \u015bwiat. A skoro tak, skoro m\u00f3wimy o tak wielkim i jedynym w swoim rodzaju wydarzeniu, to pewnie spodziewaliby\u015bmy si\u0119, \u017ce dokona si\u0119 ono <b>z wielkim hukiem i rozmachem,<\/b> w spos\u00f3b poruszaj\u0105cy posadami \u015bwiata. <\/span><\/span><\/span><\/p>\n<p align=\"justify\"><span style=\"color: #000000;\"><span style=\"font-family: Book Antiqua, serif;\"><span style=\"font-size: large;\">A tymczasem s\u0142yszymy w odczytanym przed chwil\u0105 fragmencie \u0141ukaszowej Ewangelii, \u017ce <i><b>uda\u0142 si\u0119 tak\u017ce J\u00f3zef z Galilei, z miasta Nazaret, do Judei, do miasta Dawidowego, zwanego Betlejem, poniewa\u017c pochodzi\u0142 z domu i rodu Dawida, \u017ceby si\u0119 da\u0107 zapisa\u0107 z po\u015blubion\u0105 sobie Maryj\u0105, kt\u00f3ra by\u0142a brzemienna.<\/b><\/i><b> <\/b><i><b>Kiedy tam przebywali, nadszed\u0142 dla Maryi czas rozwi\u0105zania. Porodzi\u0142a swego pierworodnego Syna, owin\u0119\u0142a Go w pieluszki i po\u0142o\u017cy\u0142a w \u017c\u0142obie, gdy\u017c nie by\u0142o dla nich miejsca w gospodzie.<\/b><\/i><i> <\/i><\/span><\/span><\/span><\/p>\n<p align=\"justify\"><span style=\"color: #000000;\"><span style=\"font-family: Book Antiqua, serif;\"><span style=\"font-size: large;\">Moi Drodzy, dobrze znamy te s\u0142owa, bo ju\u017c tyle razy je s\u0142yszeli\u015bmy i czytali\u015bmy, a wierz\u0119, \u017ce ostatni raz czytali\u015bmy je i s\u0142yszeli\u015bmy kilka godzin temu, <b>w czasie wigilijnej wieczerzy.<\/b> Wierz\u0119, \u017ce w \u017cadnym naszym domu \u2013 w t\u0119 noc, kiedy S\u0142owo sta\u0142o si\u0119 cia\u0142em \u2013 <b>nie zabrak\u0142o miejsca i czasu na Bo\u017ce s\u0142owo. <\/b>Ale trzeba te\u017c, moi Drodzy, aby dokona\u0142o si\u0119 co\u015b wi\u0119cej: aby\u015bmy <b>nie tylko te s\u0142owa odczytali, <\/b>nie tylko si\u0119 nimi wzruszyli, aby nie tylko poruszy\u0142o si\u0119 nasze serce na s\u0142owa Izajaszowego Proroctwa, ale \u017ceby\u015bmy chocia\u017c troch\u0119 starali si\u0119 <b>zg\u0142\u0119bi\u0107<\/b> \u2013 w jakim\u015b stopniu zrozumie\u0107 \u2013 <b>co si\u0119 tak naprawd\u0119 sta\u0142o.<\/b> <\/span><\/span><\/span><\/p>\n<p align=\"justify\"><span style=\"color: #000000;\"><span style=\"font-family: Book Antiqua, serif;\"><span style=\"font-size: large;\">Bo mo\u017ce si\u0119 okaza\u0107, \u017ce b\u0119dziemy te czy inne \u015bwi\u0119te i wielkie s\u0142owa s\u0142yszeli nawet po wielekro\u0107 w \u017cyciu, a nigdy si\u0119 nad nimi nawet nie zastanowimy,<b> nigdy nie zg\u0142\u0119bimy ich tre\u015bci!<\/b> Nigdy nie dotrze do nas, o czym one <b>tak naprawd\u0119 m\u00f3wi\u0105!<\/b> Pozostaniemy na p\u0142aszczy\u017anie p\u0142ycizny i bana\u0142u, tanich wzrusze\u0144 i tkliwych emocji. I <b>stracimy co\u015b niezwyk\u0142ego,<\/b> co\u015b g\u0142\u0119bokiego, co\u015b niesamowicie radosnego! <\/span><\/span><\/span><\/p>\n<p align=\"justify\"><span style=\"color: #000000;\"><span style=\"font-family: Book Antiqua, serif;\"><span style=\"font-size: large;\">A m\u00f3wi\u0119 to w\u0142a\u015bnie o nas, tu obecnych, dla kt\u00f3rych <b>wiara jest czym\u015b wa\u017cnym,<\/b> a Bo\u017ce Narodzenie to nie \u015bwiecide\u0142ka, b\u0142yszcz\u0105ce na sklepowych wystawach ju\u017c od Uroczysto\u015bci Wszystkich \u015awi\u0119tych. M\u00f3wi\u0119 to <b>do nas, tu i teraz obecnych<\/b> \u2013 tak\u017ce do siebie, jako kap\u0142ana \u2013 \u017ce my naprawd\u0119 musimy zg\u0142\u0119bia\u0107 i pog\u0142\u0119bia\u0107 swoj\u0105 wiar\u0119, odkrywaj\u0105c coraz bardziej <b>sens i znaczenie s\u0142\u00f3w,<\/b> kt\u00f3re odczytujemy na kartach Pisma \u015awi\u0119tego, a tym samym \u2013 <b>sens i znaczenie wydarze\u0144,<\/b> kt\u00f3re prze\u017cywamy. <\/span><\/span><\/span><\/p>\n<p align=\"justify\"><span style=\"color: #000000;\"><span style=\"font-family: Book Antiqua, serif;\"><span style=\"font-size: large;\">Chodzi tu o to, moi Drodzy, \u017ceby\u015bmy <b>nie tyle prze\u017cywali \u015awi\u0119ta, co Bo\u017ce Narodzenie. <\/b>Wiem, \u017ce niekt\u00f3rzy w tej chwili zdziwi\u0105 si\u0119 i zapytaj\u0105, o co chodzi? Jak to: nie tyle \u015awi\u0119ta, co Bo\u017ce Narodzenie? Czy to nie to samo?<\/span><\/span><\/span><\/p>\n<p align=\"justify\"><span style=\"color: #000000;\"><span style=\"font-family: Book Antiqua, serif;\"><span style=\"font-size: large;\">Na pewno \u2013 <b>to samo? Na pewno? <\/b>Moi Drodzy, tak si\u0119 sk\u0142ada, \u017ce akurat wracam niemal\u017ce prosto ze Szkocji. Prowadzi\u0142em tam <b>Rekolekcje adwentowe dla szkockiej Polonii, <\/b>w okolicach Glasgow. I w niedziel\u0119 wieczorem, wraz z naszym Koleg\u0105 kursowym, Ksi\u0119dzem Krzysztofem, kt\u00f3ry jest tam Proboszczem, je\u017adzili\u015bmy i chodzili\u015bmy po Glasgow, najwi\u0119kszym mie\u015bcie Szkocji, podziwiaj\u0105c <b>roz\u015bwietlone tysi\u0105cami b\u0142yskotliwych lampek ulice i wystawy,<\/b> wspania\u0142e i wymy\u015blne, bardzo bogate iluminacje \u015bwi\u0105teczne, czym naprawd\u0119 nie spos\u00f3b si\u0119 by\u0142o nie zachwyci\u0107. <\/span><\/span><\/span><\/p>\n<p align=\"justify\"><span style=\"color: #000000;\"><span style=\"font-family: Book Antiqua, serif;\"><span style=\"font-size: large;\">Zreszt\u0105, nie trzeba lecie\u0107 do Szkocji, wystarczy <b>uda\u0107 si\u0119 do Warszawy,<\/b> czy innego polskiego miasta, czy nawet mniejszych miejscowo\u015bci. I nie trzeba specjalnie szuka\u0107 po kana\u0142ach telewizyjnych czy stronach internetowych, bo <b>wystarczy w\u0142\u0105czy\u0107 cokolwiek,<\/b> a wyleje si\u0119 wr\u0119cz ca\u0142y ten harmider tysi\u0105ca <b>promocji<\/b> i kusz\u0105cych <b>propozycji<\/b> \u2013 ma si\u0119 rozumie\u0107: \u015bwi\u0105tecznych! \u2013 przekonuj\u0105cych, \u017ce recept\u0105 na fantastyczne \u015awi\u0119ta b\u0119dzie <b>korzystny zakup smartfona, <\/b>a najlepszej atmosfery przy \u015bwi\u0105tecznym stole nic tak nie zapewni, jak <b>\u015bwie\u017ca kark\u00f3wka<\/b> z tej koniecznie, a nie innej, sieci supermarket\u00f3w. <\/span><\/span><\/span><\/p>\n<p align=\"justify\"><span style=\"color: #000000;\"><span style=\"font-family: Book Antiqua, serif;\"><span style=\"font-size: large;\">Moi Drodzy, kiedy tak s\u0142ucham ca\u0142ego tego wszystkiego i kiedy patrz\u0119 na ten ca\u0142y zalew ulicznych iluminacji, to nieodparcie ci\u015bnie si\u0119 do g\u0142owy i do serca pytanie: <b>GDZIE W TYM WSZYSTKIM JEST JEZUS?<\/b> Czy\u017c to nie na pami\u0105tk\u0119 Jego Narodzenia to wszystko? To <b>gdzie On<\/b> w tym wszystkim jest? <b>Co \u015bwi\u0119tuj\u0105 ci ludzie, <\/b>kt\u00f3rzy biegaj\u0105 od sklepu do sklepu, wystaj\u0105 w d\u0142ugich kolejkach, fortuny wydaj\u0105 na zakupy i prezenty, stroj\u0105 choinki \u2013 i czego tam jeszcze nie robi\u0105, \u017ceby gorzej od innych nie wypa\u015b\u0107? <b>Co \u015bwi\u0119tuj\u0105?<\/b> Kto z nich <b>chocia\u017c pomy\u015bla\u0142 przez moment,<\/b> \u017ce to Bo\u017cy Syn, w ludzkiej postaci, przyszed\u0142 na \u015bwiat, aby dokona\u0107 zbawienia cz\u0142owieka?\u2026 <\/span><\/span><\/span><\/p>\n<p align=\"justify\"><span style=\"color: #000000;\"><span style=\"font-family: Book Antiqua, serif;\"><span style=\"font-size: large;\">Moi Drodzy, czy my\u015bli o tym <b>cywilizacja zachodnia,<\/b> syta i bogata, wr\u0119cz przesycona i przejedzona, a \u017cyj\u0105ca na co dzie\u0144 tak, <b>jakby Boga nie by\u0142o<\/b> i jakby B\u00f3g nie by\u0142 im w og\u00f3le <b>do czegokolwiek potrzebny<\/b> \u2013 czy my\u015bli o tym, \u017ce to wszystko w\u0142a\u015bnie ze wzgl\u0119du na Jezusa i dla Jezusa? A je\u017celi nie my\u015bli, to co \u015bwi\u0119tuje? <\/span><\/span><\/span><\/p>\n<p align=\"justify\"><span style=\"color: #000000;\"><span style=\"font-family: Book Antiqua, serif;\"><span style=\"font-size: large;\">A o czym <b>my, <\/b>moi Drodzy, <b>w tych dniach my\u015blimy? <\/b>O czym \u2013 a mo\u017ce: o kim? Ile razy, w tym przed\u015bwi\u0105tecznym ferworze, <b>pomy\u015bleli\u015bmy o Jezusie,<\/b> \u017ce to On si\u0119 narodzi\u0142, \u017ce zst\u0105pi\u0142 z Nieba, \u017ce przyszed\u0142 na \u015bwiat \u2013 <b>NAPRAWD\u0118!<\/b> I \u017ce to nie mit, nie pi\u0119kna historia z przesz\u0142o\u015bci, nie bajka dla grzecznych dzieci \u2013 ale to <b>niezaprzeczalny fakt, <\/b>kt\u00f3ry dwa tysi\u0105ce dziewi\u0119tna\u015bcie lat temu mia\u0142 miejsce, a kt\u00f3ry w spos\u00f3b mistyczny i duchowy <b>ci\u0105gle na nowo si\u0119 dokonuje! <\/b>Moi Drodzy, kto z nas, jak tu jeste\u015bmy, o tym w og\u00f3le pomy\u015bla\u0142? <\/span><\/span><\/span><\/p>\n<p align=\"justify\"><span style=\"color: #000000;\"><span style=\"font-family: Book Antiqua, serif;\"><span style=\"font-size: large;\">A je\u017celi nie pomy\u015bla\u0142, <b>to co my \u015bwi\u0119tujemy?<\/b> Czy nie jest przypadkiem tak, \u017ce wystroili\u015bmy nasze miasta, roz\u015bwietlili\u015bmy nasze ulice, wymo\u015bcili\u015bmy nasze domy, a dla Jezusa <b>nadal pozostaje jedynie \u017c\u0142\u00f3b w jakiej\u015b n\u0119dznej szopie,<\/b> gdzie\u015b daleko na uboczu naszego \u017cycia, gdzie\u015b na zupe\u0142nym marginesie naszych, rzekomo wa\u017cniejszych spraw? A je\u017celi tak, to <b>po co te wszystkie iluminacje,<\/b> po co te wszystkie dekoracje, po co ten ca\u0142y blichtr, <b>po co ta ca\u0142a maskarada?<\/b> Jak \u015bwi\u0119towa\u0107 <b>Bo\u017ce Narodzenie \u2013 bez Bo\u017cego Narodzenie?<\/b> Co w og\u00f3le \u015bwi\u0119towa\u0107, je\u017celi nie ma si\u0119 najmniejszej ochoty zaprosi\u0107 Jezusa do swego serca \u2013 pozwoli\u0107 si\u0119 Mu w tym sercu narodzi\u0107?\u2026<\/span><\/span><\/span><\/p>\n<p align=\"justify\"><span style=\"color: #000000;\"><span style=\"font-family: Book Antiqua, serif;\"><span style=\"font-size: large;\">\u015awi\u0119ty Pawe\u0142 Aposto\u0142 wybudza nas z tego swoistego letargu, z tego \u015bwi\u0119towania nie wiadomo czego \u2013 i m\u00f3wi do nas bardzo jasno i konkretnie, w drugim czytaniu: <i><b>Ukaza\u0142a si\u0119 \u0142aska Boga, kt\u00f3ra niesie zbawienie wszystkim ludziom i poucza nas, aby\u015bmy wyrzek\u0142szy si\u0119 bezbo\u017cno\u015bci i \u017c\u0105dz \u015bwiatowych rozumnie i sprawiedliwie, i pobo\u017cnie \u017cyli na tym \u015bwiecie, oczekuj\u0105c b\u0142ogos\u0142awionej nadziei i objawienia si\u0119 chwa\u0142y wielkiego Boga i Zbawiciela naszego, Jezusa Chrystusa, kt\u00f3ry wyda\u0142 samego siebie za nas, aby odkupi\u0107 nas od wszelkiej nieprawo\u015bci i oczy\u015bci\u0107 sobie lud wybrany na w\u0142asno\u015b\u0107, gorliwy w spe\u0142nianiu dobrych uczynk\u00f3w.<\/b><\/i> <\/span><\/span><\/span><\/p>\n<p align=\"justify\"><span style=\"color: #000000;\"><span style=\"font-family: Book Antiqua, serif;\"><span style=\"font-size: large;\">Pewnie powiemy \u2013 s\u0142uchaj\u0105c tych s\u0142\u00f3w \u2013 \u017ce to takie <b>ma\u0142o \u015bwi\u0105teczne\u2026<\/b> Nic tu nie ma z nastroju graj\u0105cej \u015bwi\u0105tecznej kartki, czy ze wzruszaj\u0105cego tonu pi\u0119knych kol\u0119d. To jaka\u015b <b>instrukcja dzia\u0142ania,<\/b> jaki\u015b plan pracy, a do tego jeszcze nic nie ma o tym, \u017ce si\u0119 s\u0142odka Dziecina narodzi\u0142a, tylko mowa o Chrystusie, <i><b>kt\u00f3ry wyda\u0142 samego siebie za nas, aby odkupi\u0107 nas od wszelkiej nieprawo\u015bci i oczy\u015bci\u0107 sobie lud wybrany na w\u0142asno\u015b\u0107, gorliwy w spe\u0142nianiu dobrych uczynk\u00f3w.<\/b><\/i> <\/span><\/span><\/span><\/p>\n<p align=\"justify\"><span style=\"color: #000000;\"><span style=\"font-family: Book Antiqua, serif;\"><span style=\"font-size: large;\">Naprawd\u0119, nie by\u0142o lepszej okazji do m\u00f3wienia o tym, \u017ce Jezus wyda\u0142 si\u0119 na \u015bmier\u0107 i \u017ce mamy spe\u0142nia\u0107 dobre uczynki? Czy my naprawd\u0119 nie mo\u017cemy sobie <b>beztrosko po\u015bwi\u0119towa\u0107,<\/b> tylko ci\u0105gle i ci\u0105gle s\u0142ucha\u0107 o tym samym? <\/span><\/span><\/span><\/p>\n<p align=\"justify\"><span style=\"color: #000000;\"><span style=\"font-family: Book Antiqua, serif;\"><span style=\"font-size: large;\">Tymczasem, moi Drodzy, to w\u0142a\u015bnie Pawe\u0142, w tym zacytowanym fragmencie Listu do swego ucznia Tytusa, daje nam <b>najpi\u0119kniejsz\u0105 i najm\u0105drzejsz\u0105 recept\u0119 <\/b>na w\u0142a\u015bciwe prze\u017cycie tajemnicy Bo\u017cego Narodzenia. Owszem, <b>nie tyle \u015awi\u0105t<\/b> Bo\u017cego Narodzenia, <b>co tajemnicy<\/b> Bo\u017cego Narodzenia \u2013 tajemnicy Bo\u017cego Narodzenia <b>w naszym \u017cyciu. <\/b>Je\u017celi bowiem uda si\u0119 nam prze\u017cy\u0107 tajemnic\u0119 Bo\u017cego Narodzenia, je\u017celi b\u0119dziemy si\u0119 starali \u017cy\u0107 t\u0105 tajemnic\u0105 na co dzie\u0144, to <b>b\u0119dzie mia\u0142o sens tak\u017ce nasze \u015bwi\u0119towanie.<\/b> J je\u017celi my \u015bwi\u0119tujemy, a Jezus nie tylko \u017ce si\u0119 <b>nie ma gdzie i kiedy narodzi\u0107<\/b> w naszym sercu, ale my nawet o Nim ani razu nie pomy\u015blimy \u2013 <b>to co my \u015bwi\u0119tujemy? <\/b>I w og\u00f3le \u2013 po co?\u2026<\/span><\/span><\/span><\/p>\n<p align=\"justify\"><span style=\"color: #000000;\"><span style=\"font-family: Book Antiqua, serif;\"><span style=\"font-size: large;\">Moi Drodzy, <b>o czym my\u015bleli\u015bmy,<\/b> kiedy podchodzili\u015bmy do siebie z op\u0142atkiem w czasie wigilijnej wieczerzy? Ile w naszych sercach, ale i w naszych my\u015blach, i w naszych rozmowach, by\u0142o miejsca dla Jezusa? Czy\u015bmy <b>o Nim chocia\u017c raz dzisiaj <\/b><b>wspomnieli<\/b><b>?<\/b> A o czym b\u0119dziemy rozmawiali przy \u015bwi\u0105tecznym stole jutro i pojutrze? I \u2013 najwa\u017cniejsze \u2013 <b>co zmieni si\u0119 w naszym \u017cyciu po tych \u015awi\u0119tach?<\/b> <\/span><\/span><\/span><\/p>\n<p align=\"justify\"><span style=\"color: #000000;\"><span style=\"font-family: Book Antiqua, serif;\"><span style=\"font-size: large;\">Czy wi\u0119cej b\u0119dzie \u2013 jak o tym pisa\u0142 \u015awi\u0119ty Pawe\u0142 \u2013 <b>dobrych uczynk\u00f3w?<\/b> Czy wi\u0119cej b\u0119dzie tego <b>pokoju, <\/b>kt\u00f3ry Bo\u017cy Syn, Ksi\u0105\u017c\u0119 Pokoju, przyni\u00f3s\u0142 na \u015bwiat? Czy zaczniemy <b>m\u00f3wi\u0107 do siebie ludzkich g\u0142osem?<\/b> Kiedy\u015b to si\u0119 m\u00f3wi\u0142o, \u017ce w wigilijn\u0105 noc zwierz\u0119ta m\u00f3wi\u0105 ludzkim g\u0142osem. I \u017ce to prawdziwy cud. Moi Drodzy, czy <b>nie wi\u0119kszym cudem, <\/b>w niekt\u00f3rych rodzinach, by\u0142oby to, gdyby <b>ludzie w t\u0119 noc przem\u00f3wili<\/b> do siebie ludzkim g\u0142osem, a przestali na siebie warcze\u0107, czy skaka\u0107 sobie do oczu? Czy to nie by\u0142by wi\u0119kszym cudem \u2013 i prawdziwym Bo\u017cym Narodzeniem w sercach tych ludzi, w ich domach i rodzinach? <\/span><\/span><\/span><\/p>\n<p align=\"justify\"><span style=\"color: #000000;\"><span style=\"font-family: Book Antiqua, serif;\"><span style=\"font-size: large;\">Moi Drodzy, <b>co zmieni si\u0119 w naszych domach<\/b> po tych \u015awi\u0119tach? Czy b\u0119dzie tak samo, jak by\u0142o dot\u0105d, czy jednak postaramy si\u0119 o to \u2013 i pomodlimy si\u0119 o to \u2013 by by\u0142o inaczej: lepiej, jako\u015b tak cieplej, jako\u015b tak ja\u015bniej? Czy\u017cby\u015bmy tak\u017ce mieli <b>\u017cy\u0107 tak, jakby Boga nie by\u0142o?<\/b> Czy\u017cby i nam Jezus nie by\u0142 potrzebny?<\/span><\/span><\/span><\/p>\n<p align=\"justify\"><span style=\"color: #000000;\"><span style=\"font-family: Book Antiqua, serif;\"><span style=\"font-size: large;\">Ja wiem, moi Drodzy, \u017ce to, co m\u00f3wi\u0119, jest takie ma\u0142o \u015bwi\u0105teczne\u2026 \u017badnych wielkich i wzruszaj\u0105cych s\u0142\u00f3w, tylko takie <b>czepianie si\u0119 o wszystko i pytania na inn\u0105 okazj\u0119. <\/b>Musimy jednak sobie postawi\u0107 pytanie, czy my si\u0119 chcemy tylko wczorajszego wieczoru i dzisiejszej nocy powzrusza\u0107, a jutro dobrze naje\u015b\u0107, spotka\u0107 si\u0119 z rodzin\u0105 i dwa dni pocieszy\u0107 si\u0119 prezentami, i tyle w tym temacie \u2013 czy jednak <b>chcemy czego\u015b wi\u0119cej?<\/b> Czy chcemy chwilowej, ulotnej namiastki, czy <b>prawdziwego i trwa\u0142ego szcz\u0119\u015bcia,<\/b> kt\u00f3re nie tylko przez te dwa dni, ale do ko\u0144ca \u017cycia b\u0119dzie przepe\u0142nia\u0142o nasze serca?<\/span><\/span><\/span><\/p>\n<p align=\"justify\"><span style=\"color: #000000;\"><span style=\"font-family: Book Antiqua, serif;\"><span style=\"font-size: large;\">Je\u017celi chcemy tego drugiego, to musimy pozwoli\u0107 Jezusowi <b>bardzo realnie narodzi\u0107 si\u0119<\/b> w naszych sercach. Czyli \u2013 m\u00f3wi\u0105c ju\u017c tak bardzo konkretnie \u2013 zacz\u0105\u0107 <b>na co dzie\u0144 \u017cy\u0107 wiar\u0105<\/b> na sto, a nawet dwie\u015bcie procent, <b>licz\u0105c si\u0119 z Jezusem<\/b> i Jego nauk\u0105 przy podejmowaniu wszystkich decyzji i dokonywaniu wszystkich \u017cyciowych wybor\u00f3w. <\/span><\/span><\/span><\/p>\n<p align=\"justify\"><span style=\"color: #000000;\"><span style=\"font-family: Book Antiqua, serif;\"><span style=\"font-size: large;\">A konkretnie b\u0119dzie to oznacza\u0142o, \u017ce od tych \u015awi\u0105t b\u0119dziemy si\u0119 ju\u017c <b>codziennie modli\u0107, tak\u017ce w ci\u0105gu dnia,<\/b> w drodze do pracy i z pracy \u2013 tak\u017ce swoimi s\u0142owami \u2013 a w Rodzinie postaramy si\u0119 o wsp\u00f3ln\u0105 modlitw\u0119. I \u017ce b\u0119dziemy w ka\u017cd\u0105 niedziel\u0119 <b>prze\u017cywa\u0107 Msz\u0119 \u015awi\u0119t\u0105, <\/b>a nie zalicza\u0107 j\u0105 w co kt\u00f3r\u0105\u015b. I \u017ce b\u0119dziemy stale przyjmowa\u0107 <b>Komuni\u0119 \u015awi\u0119t\u0105,<\/b> ale si\u0119 te\u017c nie rzadziej, jak co miesi\u0105c, <b>spowiada\u0107.<\/b> I \u017ce cz\u0119\u015bciej si\u0119gniemy po <b>Pismo \u015awi\u0119te.<\/b> I \u017ce b\u0119dziemy si\u0119 starali o swojej wierze <b>wi\u0119cej dowiedzie\u0107, <\/b>przeczyta\u0107, pos\u0142ucha\u0107, co\u015b obejrze\u0107. I \u017ce b\u0119dziemy o Jezusie i o Jego nauce <b>z innymi rozmawia\u0107.<\/b> <\/span><\/span><\/span><\/p>\n<p align=\"justify\"><span style=\"color: #000000;\"><span style=\"font-family: Book Antiqua, serif;\"><span style=\"font-size: large;\">A wreszcie \u2013 \u017ce <b>stylem swojego \u017cycia b\u0119dziemy \u015bwiadczy\u0107 o wierze<\/b> i swoj\u0105 postaw\u0105 przekonywa\u0107 innych, \u017ce Jezus naprawd\u0119 w naszych sercach i w naszych domach si\u0119 narodzi\u0142. <\/span><\/span><\/span><\/p>\n<p align=\"justify\"><span style=\"color: #000000;\"><span style=\"font-family: Book Antiqua, serif;\"><span style=\"font-size: large;\">I znowu, kto\u015b powie \u2013 przecie\u017c to s\u0105 <b>takie oczywiste sprawy:<\/b> \u017ce trzeba si\u0119 modli\u0107, na Msz\u0119 \u015awi\u0119t\u0105 przychodzi\u0107, spowiada\u0107 si\u0119\u2026 Pewnie, \u017ce oczywiste! Ale dlaczego, w takim razie, ci\u0105gle to jako\u015b tak s\u0142abo nam wychodzi?\u2026 <\/span><\/span><\/span><\/p>\n<p align=\"justify\"><span style=\"color: #000000;\"><span style=\"font-family: Book Antiqua, serif;\"><span style=\"font-size: large;\">Mo\u017ce wi\u0119c <b>po tych \u015awi\u0119tach b\u0119dzie inaczej?<\/b> Mo\u017ce te \u015awi\u0119ta prze\u017cyjemy ju\u017c naprawd\u0119 na spos\u00f3b \u015bwi\u0119ty? Mo\u017ce przy \u015bwi\u0105tecznym stole <b>porozmawiamy o sprawach najwa\u017cniejszych<\/b> \u2013 i wcale nie chodzi o prawienie sobie kaza\u0144, tylko o podzielenie si\u0119 cho\u0107by swoimi prze\u017cyciami, zwi\u0105zanymi z tajemnic\u0105 Bo\u017cego Narodzenia? Mo\u017ce zrodz\u0105 si\u0119 w naszych sercach jakie\u015b <b>dobre postanowienia na przysz\u0142o\u015b\u0107?\u2026<\/b><\/span><\/span><\/span><\/p>\n<p align=\"justify\"><span style=\"color: #000000;\"><span style=\"font-family: Book Antiqua, serif;\"><span style=\"font-size: large;\">Takiego \u015bwi\u0119towania Wam \u017cycz\u0119, moi Drodzy! \u015awi\u0119tego i radosnego! Aby\u015bmy po prze\u017cyciu tych \u015awi\u0105t nie mieli \u017cadnych w\u0105tpliwo\u015bci, <b>gdzie w tym wszystkim by\u0142 Jezus\u2026 <\/b><\/span><\/span><\/span><\/p>\n<p align=\"justify\"><span style=\"color: #000000;\"><span style=\"font-family: Book Antiqua, serif;\"><span style=\"font-size: large;\">Oby by\u0142! I pozosta\u0142 z Wami ju\u017c na sta\u0142e! <\/span><\/span><\/span><\/p>\n<p align=\"justify\"><span style=\"color: #000000;\"><span style=\"font-family: Book Antiqua, serif;\"><span style=\"font-size: large;\">On, <i><b>Przedziwny Doradca, B\u00f3g Mocny, <\/b><\/i><i><b>Odwieczny Ojciec, Ksi\u0105\u017c\u0119 Pokoju. <\/b><\/i>Niech <i><b>w<\/b><\/i><i><b>ielkie b\u0119dzie Jego panowanie <\/b><\/i><i><b>w pokoju bez granic!<\/b><\/i><\/span><\/span><\/span><\/p>\n","protected":false},"excerpt":{"rendered":"<p>Niech b\u0119dzie pochwalony Jezus Chrystus! Moi Drodzy, o godzinie, o kt\u00f3rej w naszych Parafiach rozpoczyna si\u0119 uroczysta Pasterka, zamieszczam s\u0142owo rozwa\u017cania, kt\u00f3re wyg\u0142osz\u0119 na Pasterce w Samogoszczy, gdzie pomagam duszpastersko w ka\u017cd\u0105 niedziel\u0119. A \u017cyczenia moje, do Was skierowane, s\u0105 bardzo proste: \u017cycz\u0119, \u017ceby\u015bcie po prze\u017cyciu tych \u015awi\u0105t odnale\u017ali jak najpe\u0142niejsz\u0105 odpowied\u017a na pytanie, postawione [&hellip;]<\/p>\n","protected":false},"author":1,"featured_media":0,"comment_status":"open","ping_status":"open","sticky":false,"template":"","format":"standard","meta":{"jetpack_post_was_ever_published":false,"_jetpack_newsletter_access":"","_jetpack_dont_email_post_to_subs":false,"_jetpack_newsletter_tier_id":0,"_jetpack_memberships_contains_paywalled_content":false,"_jetpack_memberships_contains_paid_content":false,"footnotes":""},"categories":[1],"tags":[],"class_list":["post-16373","post","type-post","status-publish","format-standard","hentry","category-bez-kategorii"],"yoast_head":"<!-- This site is optimized with the Yoast SEO plugin v25.1 - https:\/\/yoast.com\/wordpress\/plugins\/seo\/ -->\n<title>Gdzie jest Jezus?... - Gaudium Et Spes<\/title>\n<meta name=\"robots\" content=\"index, follow, max-snippet:-1, max-image-preview:large, max-video-preview:-1\" \/>\n<link rel=\"canonical\" href=\"https:\/\/gaudiumetspes-blog.pl\/index.php\/2019\/12\/25\/gdzie-jest-jezus\/\" \/>\n<meta property=\"og:locale\" content=\"pl_PL\" \/>\n<meta property=\"og:type\" content=\"article\" \/>\n<meta property=\"og:title\" content=\"Gdzie jest Jezus?... - Gaudium Et Spes\" \/>\n<meta property=\"og:description\" content=\"Niech b\u0119dzie pochwalony Jezus Chrystus! Moi Drodzy, o godzinie, o kt\u00f3rej w naszych Parafiach rozpoczyna si\u0119 uroczysta Pasterka, zamieszczam s\u0142owo rozwa\u017cania, kt\u00f3re wyg\u0142osz\u0119 na Pasterce w Samogoszczy, gdzie pomagam duszpastersko w ka\u017cd\u0105 niedziel\u0119. A \u017cyczenia moje, do Was skierowane, s\u0105 bardzo proste: \u017cycz\u0119, \u017ceby\u015bcie po prze\u017cyciu tych \u015awi\u0105t odnale\u017ali jak najpe\u0142niejsz\u0105 odpowied\u017a na pytanie, postawione [&hellip;]\" \/>\n<meta property=\"og:url\" content=\"https:\/\/gaudiumetspes-blog.pl\/index.php\/2019\/12\/25\/gdzie-jest-jezus\/\" \/>\n<meta property=\"og:site_name\" content=\"Gaudium Et Spes\" \/>\n<meta property=\"article:published_time\" content=\"2019-12-24T23:01:17+00:00\" \/>\n<meta name=\"author\" content=\"Ks. Jacek\" \/>\n<meta name=\"twitter:card\" content=\"summary_large_image\" \/>\n<meta name=\"twitter:label1\" content=\"Napisane przez\" \/>\n\t<meta name=\"twitter:data1\" content=\"Ks. Jacek\" \/>\n\t<meta name=\"twitter:label2\" content=\"Szacowany czas czytania\" \/>\n\t<meta name=\"twitter:data2\" content=\"17 minut\" \/>\n<script type=\"application\/ld+json\" class=\"yoast-schema-graph\">{\"@context\":\"https:\/\/schema.org\",\"@graph\":[{\"@type\":\"WebPage\",\"@id\":\"https:\/\/gaudiumetspes-blog.pl\/index.php\/2019\/12\/25\/gdzie-jest-jezus\/\",\"url\":\"https:\/\/gaudiumetspes-blog.pl\/index.php\/2019\/12\/25\/gdzie-jest-jezus\/\",\"name\":\"Gdzie jest Jezus?... - Gaudium Et Spes\",\"isPartOf\":{\"@id\":\"https:\/\/gaudiumetspes-blog.pl\/#website\"},\"datePublished\":\"2019-12-24T23:01:17+00:00\",\"author\":{\"@id\":\"https:\/\/gaudiumetspes-blog.pl\/#\/schema\/person\/1661982992b752dea8dff0d4ed845a65\"},\"breadcrumb\":{\"@id\":\"https:\/\/gaudiumetspes-blog.pl\/index.php\/2019\/12\/25\/gdzie-jest-jezus\/#breadcrumb\"},\"inLanguage\":\"pl-PL\",\"potentialAction\":[{\"@type\":\"ReadAction\",\"target\":[\"https:\/\/gaudiumetspes-blog.pl\/index.php\/2019\/12\/25\/gdzie-jest-jezus\/\"]}]},{\"@type\":\"BreadcrumbList\",\"@id\":\"https:\/\/gaudiumetspes-blog.pl\/index.php\/2019\/12\/25\/gdzie-jest-jezus\/#breadcrumb\",\"itemListElement\":[{\"@type\":\"ListItem\",\"position\":1,\"name\":\"Strona g\u0142\u00f3wna\",\"item\":\"https:\/\/gaudiumetspes-blog.pl\/\"},{\"@type\":\"ListItem\",\"position\":2,\"name\":\"Gdzie jest Jezus?&#8230;\"}]},{\"@type\":\"WebSite\",\"@id\":\"https:\/\/gaudiumetspes-blog.pl\/#website\",\"url\":\"https:\/\/gaudiumetspes-blog.pl\/\",\"name\":\"Gaudium Et Spes\",\"description\":\"Blog Ks. Jacka Ja\u015bkowskiego\",\"potentialAction\":[{\"@type\":\"SearchAction\",\"target\":{\"@type\":\"EntryPoint\",\"urlTemplate\":\"https:\/\/gaudiumetspes-blog.pl\/?s={search_term_string}\"},\"query-input\":{\"@type\":\"PropertyValueSpecification\",\"valueRequired\":true,\"valueName\":\"search_term_string\"}}],\"inLanguage\":\"pl-PL\"},{\"@type\":\"Person\",\"@id\":\"https:\/\/gaudiumetspes-blog.pl\/#\/schema\/person\/1661982992b752dea8dff0d4ed845a65\",\"name\":\"Ks. Jacek\",\"image\":{\"@type\":\"ImageObject\",\"inLanguage\":\"pl-PL\",\"@id\":\"https:\/\/gaudiumetspes-blog.pl\/#\/schema\/person\/image\/\",\"url\":\"https:\/\/gaudiumetspes-blog.pl\/wp-content\/uploads\/2019\/07\/avatar-JJ-150x150.jpg\",\"contentUrl\":\"https:\/\/gaudiumetspes-blog.pl\/wp-content\/uploads\/2019\/07\/avatar-JJ-150x150.jpg\",\"caption\":\"Ks. Jacek\"},\"description\":\"Witam serdecznie! K\u0142ania si\u0119 Ks. Jacek Ja\u015bkowski. Nie jestem ani kim\u015b wa\u017cnym, ani kim\u015b znanym. Jestem ksi\u0119dzem, kt\u00f3ry po prostu chce rozmawia\u0107. Codzienna kap\u0142a\u0144ska pos\u0142uga pokazuje mi, \u017ce temat\u00f3w do rozm\u00f3w z ksi\u0119dzem jest coraz wi\u0119cej i dzisiaj \u017caden ksi\u0105dz nie mo\u017ce od nich ucieka\u0107, ale - wprost przeciwnie - podejmowa\u0107 nowe wyzwania. To przekonanie sk\u0142oni\u0142o mnie do pr\u00f3by otwarcia tego\u017c bloga, chocia\u017c okazji do rozm\u00f3w na co dzie\u0144 - w konfesjonale i poza nim - na szcz\u0119\u015bcie nie brakuje. My\u015bl\u0119 jednak, \u017ce ten blog b\u0119dzie jeszcze jednym sposobem i przestrzeni\u0105 nawi\u0105zania kontaktu z lud\u017ami dobrej woli, otwartymi na dialog.\",\"url\":\"https:\/\/gaudiumetspes-blog.pl\/index.php\/author\/ks-jacek\/\"}]}<\/script>\n<!-- \/ Yoast SEO plugin. -->","yoast_head_json":{"title":"Gdzie jest Jezus?... - Gaudium Et Spes","robots":{"index":"index","follow":"follow","max-snippet":"max-snippet:-1","max-image-preview":"max-image-preview:large","max-video-preview":"max-video-preview:-1"},"canonical":"https:\/\/gaudiumetspes-blog.pl\/index.php\/2019\/12\/25\/gdzie-jest-jezus\/","og_locale":"pl_PL","og_type":"article","og_title":"Gdzie jest Jezus?... - Gaudium Et Spes","og_description":"Niech b\u0119dzie pochwalony Jezus Chrystus! Moi Drodzy, o godzinie, o kt\u00f3rej w naszych Parafiach rozpoczyna si\u0119 uroczysta Pasterka, zamieszczam s\u0142owo rozwa\u017cania, kt\u00f3re wyg\u0142osz\u0119 na Pasterce w Samogoszczy, gdzie pomagam duszpastersko w ka\u017cd\u0105 niedziel\u0119. A \u017cyczenia moje, do Was skierowane, s\u0105 bardzo proste: \u017cycz\u0119, \u017ceby\u015bcie po prze\u017cyciu tych \u015awi\u0105t odnale\u017ali jak najpe\u0142niejsz\u0105 odpowied\u017a na pytanie, postawione [&hellip;]","og_url":"https:\/\/gaudiumetspes-blog.pl\/index.php\/2019\/12\/25\/gdzie-jest-jezus\/","og_site_name":"Gaudium Et Spes","article_published_time":"2019-12-24T23:01:17+00:00","author":"Ks. Jacek","twitter_card":"summary_large_image","twitter_misc":{"Napisane przez":"Ks. Jacek","Szacowany czas czytania":"17 minut"},"schema":{"@context":"https:\/\/schema.org","@graph":[{"@type":"WebPage","@id":"https:\/\/gaudiumetspes-blog.pl\/index.php\/2019\/12\/25\/gdzie-jest-jezus\/","url":"https:\/\/gaudiumetspes-blog.pl\/index.php\/2019\/12\/25\/gdzie-jest-jezus\/","name":"Gdzie jest Jezus?... - Gaudium Et Spes","isPartOf":{"@id":"https:\/\/gaudiumetspes-blog.pl\/#website"},"datePublished":"2019-12-24T23:01:17+00:00","author":{"@id":"https:\/\/gaudiumetspes-blog.pl\/#\/schema\/person\/1661982992b752dea8dff0d4ed845a65"},"breadcrumb":{"@id":"https:\/\/gaudiumetspes-blog.pl\/index.php\/2019\/12\/25\/gdzie-jest-jezus\/#breadcrumb"},"inLanguage":"pl-PL","potentialAction":[{"@type":"ReadAction","target":["https:\/\/gaudiumetspes-blog.pl\/index.php\/2019\/12\/25\/gdzie-jest-jezus\/"]}]},{"@type":"BreadcrumbList","@id":"https:\/\/gaudiumetspes-blog.pl\/index.php\/2019\/12\/25\/gdzie-jest-jezus\/#breadcrumb","itemListElement":[{"@type":"ListItem","position":1,"name":"Strona g\u0142\u00f3wna","item":"https:\/\/gaudiumetspes-blog.pl\/"},{"@type":"ListItem","position":2,"name":"Gdzie jest Jezus?&#8230;"}]},{"@type":"WebSite","@id":"https:\/\/gaudiumetspes-blog.pl\/#website","url":"https:\/\/gaudiumetspes-blog.pl\/","name":"Gaudium Et Spes","description":"Blog Ks. Jacka Ja\u015bkowskiego","potentialAction":[{"@type":"SearchAction","target":{"@type":"EntryPoint","urlTemplate":"https:\/\/gaudiumetspes-blog.pl\/?s={search_term_string}"},"query-input":{"@type":"PropertyValueSpecification","valueRequired":true,"valueName":"search_term_string"}}],"inLanguage":"pl-PL"},{"@type":"Person","@id":"https:\/\/gaudiumetspes-blog.pl\/#\/schema\/person\/1661982992b752dea8dff0d4ed845a65","name":"Ks. Jacek","image":{"@type":"ImageObject","inLanguage":"pl-PL","@id":"https:\/\/gaudiumetspes-blog.pl\/#\/schema\/person\/image\/","url":"https:\/\/gaudiumetspes-blog.pl\/wp-content\/uploads\/2019\/07\/avatar-JJ-150x150.jpg","contentUrl":"https:\/\/gaudiumetspes-blog.pl\/wp-content\/uploads\/2019\/07\/avatar-JJ-150x150.jpg","caption":"Ks. Jacek"},"description":"Witam serdecznie! K\u0142ania si\u0119 Ks. Jacek Ja\u015bkowski. Nie jestem ani kim\u015b wa\u017cnym, ani kim\u015b znanym. Jestem ksi\u0119dzem, kt\u00f3ry po prostu chce rozmawia\u0107. Codzienna kap\u0142a\u0144ska pos\u0142uga pokazuje mi, \u017ce temat\u00f3w do rozm\u00f3w z ksi\u0119dzem jest coraz wi\u0119cej i dzisiaj \u017caden ksi\u0105dz nie mo\u017ce od nich ucieka\u0107, ale - wprost przeciwnie - podejmowa\u0107 nowe wyzwania. To przekonanie sk\u0142oni\u0142o mnie do pr\u00f3by otwarcia tego\u017c bloga, chocia\u017c okazji do rozm\u00f3w na co dzie\u0144 - w konfesjonale i poza nim - na szcz\u0119\u015bcie nie brakuje. My\u015bl\u0119 jednak, \u017ce ten blog b\u0119dzie jeszcze jednym sposobem i przestrzeni\u0105 nawi\u0105zania kontaktu z lud\u017ami dobrej woli, otwartymi na dialog.","url":"https:\/\/gaudiumetspes-blog.pl\/index.php\/author\/ks-jacek\/"}]}},"jetpack_featured_media_url":"","jetpack_sharing_enabled":true,"_links":{"self":[{"href":"https:\/\/gaudiumetspes-blog.pl\/index.php\/wp-json\/wp\/v2\/posts\/16373","targetHints":{"allow":["GET"]}}],"collection":[{"href":"https:\/\/gaudiumetspes-blog.pl\/index.php\/wp-json\/wp\/v2\/posts"}],"about":[{"href":"https:\/\/gaudiumetspes-blog.pl\/index.php\/wp-json\/wp\/v2\/types\/post"}],"author":[{"embeddable":true,"href":"https:\/\/gaudiumetspes-blog.pl\/index.php\/wp-json\/wp\/v2\/users\/1"}],"replies":[{"embeddable":true,"href":"https:\/\/gaudiumetspes-blog.pl\/index.php\/wp-json\/wp\/v2\/comments?post=16373"}],"version-history":[{"count":1,"href":"https:\/\/gaudiumetspes-blog.pl\/index.php\/wp-json\/wp\/v2\/posts\/16373\/revisions"}],"predecessor-version":[{"id":16374,"href":"https:\/\/gaudiumetspes-blog.pl\/index.php\/wp-json\/wp\/v2\/posts\/16373\/revisions\/16374"}],"wp:attachment":[{"href":"https:\/\/gaudiumetspes-blog.pl\/index.php\/wp-json\/wp\/v2\/media?parent=16373"}],"wp:term":[{"taxonomy":"category","embeddable":true,"href":"https:\/\/gaudiumetspes-blog.pl\/index.php\/wp-json\/wp\/v2\/categories?post=16373"},{"taxonomy":"post_tag","embeddable":true,"href":"https:\/\/gaudiumetspes-blog.pl\/index.php\/wp-json\/wp\/v2\/tags?post=16373"}],"curies":[{"name":"wp","href":"https:\/\/api.w.org\/{rel}","templated":true}]}}