{"id":16382,"date":"2019-12-27T08:27:26","date_gmt":"2019-12-27T07:27:26","guid":{"rendered":"https:\/\/gaudiumetspes-blog.pl\/?p=16382"},"modified":"2019-12-27T08:27:26","modified_gmt":"2019-12-27T07:27:26","slug":"to-wam-oznajmiamy","status":"publish","type":"post","link":"https:\/\/gaudiumetspes-blog.pl\/index.php\/2019\/12\/27\/to-wam-oznajmiamy\/","title":{"rendered":"To wam oznajmiamy&#8230;"},"content":{"rendered":"<p align=\"justify\"><span style=\"color: #000000;\"><span style=\"font-family: Book Antiqua, serif;\"><span style=\"font-size: large;\">Szcz\u0119\u015b\u0107 Bo\u017ce! Moi Drodzy, w dniu dzisiejszym <b>imieniny prze\u017cywa Ksi\u0105dz Kanonik Jan Grochowski, Proboszcz Parafii w Tr\u0105bkach, a tak w og\u00f3le \u2013 to m\u00f3j pierwszy Proboszcz. Dzi\u0119kuj\u0105c Ksi\u0119dzu Kanonikowi za bezmiar \u017cyczliwo\u015bci i pomocy, kt\u00f3re przez lata mi okazywa\u0142 i ci\u0105gle okazuje, \u017cycz\u0119 si\u0142y i mocy ducha do pokonywania codziennych trudno\u015bci i budowania kr\u00f3lestwa Bo\u017cego w sercach ludzi.<\/b><\/span><\/span><\/span><\/p>\n<p align=\"justify\"><span style=\"color: #000000;\"><span style=\"font-family: Book Antiqua, serif;\"><span style=\"font-size: large;\"><b>Z kolei, rocznic\u0119 zawarcia sakramentalnego Ma\u0142\u017ce\u0144stwa prze\u017cywaj\u0105 \u017banna i \u0141ukasz Sulowscy, moi Przyjaciele z Lublina. \u017bycz\u0119 ci\u0105g\u0142ego odkrywania pi\u0119kna i wielko\u015bci ma\u0142\u017ce\u0144skiego przymierza. \u017bycz\u0119 ci\u0105g\u0142ego do\u015bwiadczania Bo\u017cej mocy i odwa\u017cnego \u015bwiadczenia o niej. <\/b><\/span><\/span><\/span><\/p>\n<p align=\"justify\"><span style=\"color: #000000;\"><span style=\"font-family: Book Antiqua, serif;\"><span style=\"font-size: large;\"><b>A w Bo\u017ce Narodzenie urodziny prze\u017cywa\u0142 Micha\u0142 Szczypek, nale\u017c\u0105cy w swoim czasie do Wsp\u00f3lnoty m\u0142odzie\u017cowej w Tr\u0105bkach.<\/b><\/span><\/span><\/span><\/p>\n<p align=\"justify\"><span style=\"color: #000000;\"><span style=\"font-family: Book Antiqua, serif;\"><span style=\"font-size: large;\"><b>Wszystkich dzi\u015b \u015bwi\u0119tuj\u0105cych zapewniam o modlitwie!<\/b><\/span><\/span><\/span><\/p>\n<p align=\"justify\"><span style=\"color: #000000;\"><span style=\"font-family: Book Antiqua, serif;\"><span style=\"font-size: large;\">A Wszystkim, \u015bwi\u0119tuj\u0105cym dzi\u015b kolejny dzie\u0144 Oktawy Bo\u017cego Narodzenia \u017cycz\u0119 niegasn\u0105cej rado\u015bci z tego faktu! Jutro odnios\u0119 si\u0119 do \u017cycze\u0144, kt\u00f3re do mnie wci\u0105\u017c jeszcze docieraj\u0105, oraz do s\u0142\u00f3wka z Syberii.<\/span><\/span><\/span><\/p>\n<p align=\"center\"><span style=\"color: #000000;\"><span style=\"font-family: Book Antiqua, serif;\"><span style=\"font-size: large;\">Gaudium et spes! Ks. Jacek<\/span><\/span><\/span><\/p>\n<p align=\"center\">\n<p align=\"center\">\n<p align=\"center\">\n<p align=\"center\">\n<p align=\"center\">\n<p align=\"justify\"><span style=\"color: #000000;\"><span style=\"font-family: Book Antiqua, serif;\"><span style=\"font-size: large;\"><b>\u015aw. Jana, Aposto\u0142a i Ewangelisty,<\/b><\/span><\/span><\/span><\/p>\n<p align=\"justify\"><span style=\"color: #000000;\"><span style=\"font-family: Book Antiqua, serif;\"><span style=\"font-size: large;\"><b>do czyta\u0144 z t. VI Lekcjonarza: 1 J 1,1\u20134; J 20,2\u20138<\/b><\/span><\/span><\/span><\/p>\n<p align=\"justify\">\n<p align=\"justify\">\n<p align=\"justify\">\n<p align=\"justify\">\n<p align=\"justify\">\n<p align=\"justify\"><span style=\"color: #000000;\"><span style=\"font-family: Book Antiqua, serif;\"><span style=\"font-size: large;\"><b>POCZ\u0104TEK PIERWSZEGO LISTU \u015aWI\u0118TEGO JANA APOSTO\u0141A: <\/b><\/span><\/span><\/span><\/p>\n<p align=\"justify\"><span style=\"color: #000000;\"><span style=\"font-family: Book Antiqua, serif;\"><span style=\"font-size: large;\"><b>Umi\u0142owani: To wam oznajmiamy, co by\u0142o od pocz\u0105tku, co\u015bmy us\u0142yszeli o S\u0142owie \u017cycia, co ujrzeli\u015bmy w\u0142asnymi oczami, na co patrzyli\u015bmy i czego dotyka\u0142y nasze r\u0119ce, bo \u017cycie objawi\u0142o si\u0119. My\u015bmy je widzieli, o nim \u015bwiadczymy i g\u0142osimy wam \u017cycie wieczne, kt\u00f3re by\u0142o w Ojcu, a nam zosta\u0142o objawione, oznajmiamy wam, co\u015bmy ujrzeli i s\u0142yszeli, aby\u015bcie i wy mieli \u0142\u0105czno\u015b\u0107 z nami. A mie\u0107 z nami \u0142\u0105czno\u015b\u0107 znaczy: mie\u0107 j\u0105 z Ojcem i z Jego Synem Jezusem Chrystusem. Piszemy to w tym celu, aby nasza rado\u015b\u0107 by\u0142a pe\u0142na.<\/b><\/span><\/span><\/span><\/p>\n<p align=\"justify\">\n<p align=\"justify\">\n<p align=\"justify\">\n<p align=\"justify\">\n<p align=\"justify\">\n<p align=\"justify\"><span style=\"color: #000000;\"><span style=\"font-family: Book Antiqua, serif;\"><span style=\"font-size: large;\"><b>S\u0141OWA EWANGELII WED\u0141UG \u015aWI\u0118TEGO JANA:<\/b><\/span><\/span><\/span><\/p>\n<p align=\"justify\"><span style=\"color: #000000;\"><span style=\"font-family: Book Antiqua, serif;\"><span style=\"font-size: large;\"><b>Pierwszego dnia po szabacie Maria Magdalena pobieg\u0142a i przyby\u0142a do Szymona Piotra i do drugiego ucznia, kt\u00f3rego Jezus kocha\u0142, i rzek\u0142a do nich: \u201eZabrano Pana z grobu i nie wiemy, gdzie Go po\u0142o\u017cono\u201d. <\/b><\/span><\/span><\/span><\/p>\n<p align=\"justify\"><span style=\"color: #000000;\"><span style=\"font-family: Book Antiqua, serif;\"><span style=\"font-size: large;\"><b>Wyszed\u0142 wi\u0119c Piotr i \u00f3w drugi ucze\u0144 i szli do grobu. Biegli oni obydwaj razem, lecz \u00f3w drugi ucze\u0144 wyprzedzi\u0142 Piotra i przyby\u0142 pierwszy do grobu. A kiedy si\u0119 nachyli\u0142, zobaczy\u0142 le\u017c\u0105ce p\u0142\u00f3tna, jednak\u017ce nie wszed\u0142 do \u015brodka. Nadszed\u0142 potem tak\u017ce Szymon Piotr, id\u0105cy za nim. Wszed\u0142 on do wn\u0119trza grobu i ujrza\u0142 le\u017c\u0105ce p\u0142\u00f3tna oraz chust\u0119, kt\u00f3ra by\u0142a na Jego g\u0142owie, le\u017c\u0105c\u0105 nie razem z p\u0142\u00f3tnami, ale oddzielnie zwini\u0119t\u0105 na jednym miejscu. <\/b><\/span><\/span><\/span><\/p>\n<p align=\"justify\"><span style=\"color: #000000;\"><span style=\"font-family: Book Antiqua, serif;\"><span style=\"font-size: large;\"><b>Wtedy wszed\u0142 do wn\u0119trza tak\u017ce i \u00f3w drugi ucze\u0144, kt\u00f3ry przyby\u0142 pierwszy do grobu. Ujrza\u0142 i uwierzy\u0142.<\/b><\/span><\/span><\/span><\/p>\n<p align=\"justify\">\n<p align=\"justify\">\n<p align=\"justify\">\n<p align=\"justify\">\n<p align=\"justify\"><span style=\"color: #000000;\"><span style=\"font-family: Book Antiqua, serif;\"><span style=\"font-size: large;\">Nie ma chyba <b>bardziej przekonuj\u0105cego \u015bwiadectwa<\/b> od tego, gdy m\u00f3wi si\u0119 o tym, co si\u0119 <b>widzia\u0142o<\/b> w\u0142asnymi oczami, co si\u0119 samemu osobi\u015bcie <b>us\u0142ysza\u0142o<\/b> \u2013 najlepiej u samego \u017ar\u00f3d\u0142a \u2013 lub czego <b>dotyka\u0142o<\/b> <b>si\u0119<\/b> w\u0142asnymi r\u0119kami. To jest najbardziej przekonuj\u0105ce \u015bwiadectwo. <\/span><\/span><\/span><\/p>\n<p align=\"justify\"><span style=\"color: #000000;\"><span style=\"font-family: Book Antiqua, serif;\"><span style=\"font-size: large;\">I w\u0142a\u015bnie Jan Aposto\u0142, dzisiejszy Patron, a jednocze\u015bnie <b>Autor obu czyta\u0144<\/b> dzisiejszej liturgii S\u0142owa \u2013 doprawdy, tylko raz w roku, czyli dzisiaj, zdarza si\u0119 taka sytuacja \u2013 daje takie osobiste \u015bwiadectwo o tym, <i><b>\u017ce \u017cycie objawi\u0142o si\u0119.<\/b><\/i> I dodaje: <i><b>My\u015bmy je widzieli, o nim \u015bwiadczymy i g\u0142osimy wam \u017cycie wieczne, kt\u00f3re by\u0142o w Ojcu, a nam zosta\u0142o objawione, oznajmiamy wam, co\u015bmy ujrzeli i s\u0142yszeli, aby\u015bcie i wy mieli \u0142\u0105czno\u015b\u0107 z nami.<\/b><\/i><b> <\/b>A po co daje to \u015bwiadectwo? To jasne. Jak dalej stwierdza: <i><b>M<\/b><\/i><i><b>ie\u0107 z nami \u0142\u0105czno\u015b\u0107 znaczy: mie\u0107 j\u0105 z Ojcem i z Jego Synem Jezusem Chrystusem. Piszemy to w tym celu, aby nasza rado\u015b\u0107 by\u0142a pe\u0142na.<\/b><\/i><i> <\/i><\/span><\/span><\/span><\/p>\n<p align=\"justify\"><span style=\"color: #000000;\"><span style=\"font-family: Book Antiqua, serif;\"><span style=\"font-size: large;\">Jan rzeczywi\u015bcie widzia\u0142, s\u0142ysza\u0142, dotyka\u0142. Przez trzy lata publicznej dzia\u0142alno\u015bci Jezusa, <b>by\u0142 tu\u017c przy Nim, <\/b>uwa\u017cnie ws\u0142uchiwa\u0142 si\u0119 w Jego s\u0142owa, widzia\u0142 Jego czyny, tak\u017ce te najbardziej niezwyk\u0142e i spektakularne. A do tego tak\u017ce dotyka\u0142 swego Mistrza, bo \u2013 jak wiemy tak\u017ce z Ewangelii \u2013 cz\u0119sto <b>opiera\u0142 g\u0142ow\u0119 o <\/b><b>Jego <\/b><b>pier\u015b<\/b> i ws\u0142uchiwa\u0142 si\u0119 w rytm Jego serca. Oczywi\u015bcie, dzisiejszy durnowaty \u015bwiat nazwa\u0142by to <b>zboczeniem, aktem homoseksualizmu, <\/b>albo nawet <b>pedofilii, <\/b>wszak Jan by\u0142 najm\u0142odszym w Gronie apostolskim. <\/span><\/span><\/span><\/p>\n<p align=\"justify\"><span style=\"color: #000000;\"><span style=\"font-family: Book Antiqua, serif;\"><span style=\"font-size: large;\">Na szcz\u0119\u015bcie, wszyscy <b>normalni patrz\u0105 na to normalnie<\/b> i widz\u0105 w tym ge\u015bcie <b>bezgraniczn\u0105 mi\u0142o\u015b\u0107<\/b> Jezusa do swego Aposto\u0142a \u2013 i do wszystkich Aposto\u0142\u00f3w \u2013 <b>odwzajemnian\u0105<\/b> przez nich. Chocia\u017c odwzajemnian\u0105 <b>w ludzki spos\u00f3b,<\/b> cz\u0119sto nie wolny od waha\u0144 i s\u0142abo\u015bci\u2026 <\/span><\/span><\/span><\/p>\n<p align=\"justify\"><span style=\"color: #000000;\"><span style=\"font-family: Book Antiqua, serif;\"><span style=\"font-size: large;\">Sam Jan, dzisiaj w Ewangelii, pisze o sobie \u2013 chocia\u017c w trzeciej osobie, okre\u015blaj\u0105c siebie jako \u00abten ucze\u0144, kt\u00f3rego Jezus kocha\u0142\u00bb \u2013 \u017ce dopiero po doj\u015bciu do pustego Grobu, po wej\u015bciu do niego i zobaczeniu, \u017ce jest pusty,<i><b> ujrza\u0142 i uwierzy\u0142. <\/b><\/i>To co, <b>wcze\u015bniej nie wierzy\u0142? <\/b>A je\u017celi nie wierzy\u0142, to po co by\u0142o ca\u0142e to przyleganie do serca Jezusa, sk\u0105d te\u017c to przekonanie, \u017ce Jezus go kocha\u0142? <\/span><\/span><\/span><\/p>\n<p align=\"justify\"><span style=\"color: #000000;\"><span style=\"font-family: Book Antiqua, serif;\"><span style=\"font-size: large;\">Zapewne wtedy <b>tak\u017ce wierzy\u0142, <\/b>ale trzeba by\u0142o przej\u015b\u0107 przez do\u015bwiadczenie Kalwarii, a potem przez do\u015bwiadczenie niedzielnego Poranka, aby to wszystko, co si\u0119 prze\u017cy\u0142o wcze\u015bniej, niejako <b>przypiecz\u0119towa\u0107 i utrwali\u0107. <\/b><\/span><\/span><\/span><\/p>\n<p align=\"justify\"><span style=\"color: #000000;\"><span style=\"font-family: Book Antiqua, serif;\"><span style=\"font-size: large;\">Wiemy, \u017ce Jan \u2013 jako jedyny z Aposto\u0142\u00f3w \u2013 <b>wytrwa\u0142<\/b> pod krzy\u017cem swego Mistrza <b>do ko\u0144ca. <\/b>To jemu Jezus odda\u0142 swoj\u0105 Matk\u0119, oddaj\u0105c J\u0105 w ten spos\u00f3b <b>wszystkim ludziom, ca\u0142emu Ko\u015bcio\u0142owi.<\/b> Mo\u017cna nawet powiedzie\u0107, \u017ce Jan sta\u0142 si\u0119 w tym momencie przedstawicielem ca\u0142ego rodz\u0105cego si\u0119 Ko\u015bcio\u0142a, bo to on w\u0142a\u015bnie <b>wzi\u0105\u0142 Matk\u0119 Jezusa do siebie. <\/b>Zatem, w jaki\u015b spos\u00f3b odp\u0142aci\u0142 swemu Mistrzowi za t\u0119 szczeg\u00f3ln\u0105 mi\u0142o\u015b\u0107, jak\u0105 Ten go darzy\u0142. <b>Wytrwa\u0142 do ko\u0144ca!<\/b><\/span><\/span><\/span><\/p>\n<p align=\"justify\"><span style=\"color: #000000;\"><span style=\"font-family: Book Antiqua, serif;\"><span style=\"font-size: large;\">A swoj\u0105 drog\u0105, to te\u017c ciekawa sprawa, na kt\u00f3r\u0105 warto zwr\u00f3ci\u0107 uwag\u0119, \u017ce chocia\u017c Jezus <b>bezgranicznie ukocha\u0142 wszystkich ludzi<\/b> i za wszystkich odda\u0142 swoje \u017cycie, zatem <b>i swoich Aposto\u0142\u00f3w<\/b> darzy\u0142 tak\u0105 sam\u0105, ogromn\u0105 mi\u0142o\u015bci\u0105, ogarniaj\u0105c ni\u0105 nawet przysz\u0142ego zdrajc\u0119, to jednak wiemy, \u017ce spo\u015br\u00f3d tego Grona <b>trzej byli Mu jako\u015b najbli\u017csi:<\/b> Piotr, Jakub i w\u0142a\u015bnie dzisiejszy Patron, Jan. Dlaczego tak? Dlaczego Jezus <b>wyra\u017anie wyr\u00f3\u017cnia\u0142 tych trzech,<\/b> zabieraj\u0105c ich chocia\u017cby na G\u00f3r\u0119 Tabor, gdzie dokona\u0142o si\u0119 Przemienienie, czy jeszcze w kilku innych przypadkach?\u2026 To jakie\u015b szczeg\u00f3lne Bo\u017ce plany\u2026<\/span><\/span><\/span><\/p>\n<p align=\"justify\"><span style=\"color: #000000;\"><span style=\"font-family: Book Antiqua, serif;\"><span style=\"font-size: large;\">Po\u015br\u00f3d nich, bardzo <b>wyj\u0105tkowe miejsce<\/b> zajmowa\u0142 w\u0142a\u015bnie Jan. I to on dzisiaj zdaje si\u0119 nam m\u00f3wi\u0107, \u017ce cho\u0107 tej mi\u0142o\u015bci Jezusowej <b>do\u015bwiadcza\u0142 i j\u0105 odwzajemnia\u0142,<\/b> chocia\u017c pod krzy\u017cem wytrwa\u0142 do ko\u0144ca i przyj\u0105\u0142 do siebie Matk\u0119 Jezusa jako tak\u017ce swoj\u0105 Matk\u0119, chocia\u017c nigdy Jezusa si\u0119 nie wypar\u0142 i m\u00f3g\u0142 o sobie napisa\u0107, jako o uczniu, kt\u00f3rego Jezus kocha\u0142, to jednak dopiero w momencie, kiedy wszed\u0142 za Piotrem do pustego grobu, dopiero w\u00f3wczas <i><b>ujrza\u0142 i uwierzy\u0142.<\/b><\/i> <\/span><\/span><\/span><\/p>\n<p align=\"justify\"><span style=\"color: #000000;\"><span style=\"font-family: Book Antiqua, serif;\"><span style=\"font-size: large;\">Wierzy\u0142 na pewno i wcze\u015bniej, ale teraz ta wiara zosta\u0142a niejako <b>przypiecz\u0119towana, utrwalona, umocniona<\/b> \u2013 Jezus da\u0142 swojemu Ko\u015bcio\u0142owi ostateczny i niezaprzeczalny <b>argument<\/b> i piecz\u0119\u0107 wiarygodno\u015bci: swoje <b>Zmartwychwstanie.<\/b> Dzi\u0119ki temu, Jan jeszcze raz zobaczy\u0142, dotkn\u0105\u0142, przekona\u0142 si\u0119 \u2013 i dlatego jest dla nas <b>wiarygodnym \u015bwiadkiem.<\/b> I dlatego jego wielokrotne zach\u0119ty <b>do wzajemnej mi\u0142o\u015bci,<\/b> jakie odczytujemy w trzech jego Listach, znajduj\u0105cych si\u0119 w kanonie Nowego Testamentu, brzmi\u0105 tak bardzo zach\u0119caj\u0105co i przekonuj\u0105co, bo wzywa nas w nich <b>nie do jakiego\u015b przelotnego uczucia,<\/b> ale do takiej <b>osobistej i osobowej wi\u0119zi, <\/b>jakiej sam do\u015bwiadczy\u0142 w relacji z Jezusem, swoim Mistrzem. <\/span><\/span><\/span><\/p>\n<p align=\"justify\"><span style=\"color: #000000;\"><span style=\"font-family: Book Antiqua, serif;\"><span style=\"font-size: large;\">Zach\u0119ca nas dzisiaj do budowania takiej w\u0142a\u015bnie relacji \u2013 aby\u015bmy tak\u017ce <b>uwa\u017cnie patrzyli, <\/b>aby\u015bmy <b>dotkn\u0119li,<\/b> aby\u015bmy <b>us\u0142yszeli\u2026<\/b> <b>Ujrzeli i uwierzyli!<\/b> A to wszystko mo\u017ce si\u0119 dokona\u0107 w Ko\u015bciele, gdzie Jezusa mamy po prostu <b>na wyci\u0105gni\u0119cie r\u0119ki:<\/b> w Jego s\u0142owie i w Sakramentach.<\/span><\/span><\/span><\/p>\n<p align=\"justify\"><span style=\"color: #000000;\"><span style=\"font-family: Book Antiqua, serif;\"><span style=\"font-size: large;\">I ju\u017c tylko od nas samych zale\u017cy, czy b\u0119dziemy mogli za Aposto\u0142em powt\u00f3rzy\u0107 jego dzisiejsze s\u0142owa z pierwszego czytania: <i><b>To wam oznajmiamy, co by\u0142o od pocz\u0105tku, co\u015bmy us\u0142yszeli o S\u0142owie \u017cycia, co ujrzeli\u015bmy w\u0142asnymi oczami, na co patrzyli\u015bmy i czego dotyka\u0142y nasze r\u0119ce, bo \u017cycie objawi\u0142o si\u0119. My\u015bmy je widzieli, o nim \u015bwiadczymy i g\u0142osimy wam \u017cycie wieczne, kt\u00f3re by\u0142o w Ojcu, a nam zosta\u0142o objawione, oznajmiamy wam, co\u015bmy ujrzeli i s\u0142yszeli, aby\u015bcie i wy mieli \u0142\u0105czno\u015b\u0107 z nami.<\/b><\/i><b> <\/b><\/span><\/span><\/span><\/p>\n<p align=\"justify\"><span style=\"color: #000000;\"><span style=\"font-family: Book Antiqua, serif;\"><span style=\"font-size: large;\">Czy mo\u017cemy podpisa\u0107 si\u0119 pod tymi s\u0142owami? Moi Drodzy, szczeg\u00f3lnie dzisiaj jest to wa\u017cne, kiedy Ko\u015bci\u00f3\u0142 potrzebuje takiego <b>odwa\u017cnego i radosnego \u015bwiadectwa<\/b> swoich cz\u0142onk\u00f3w. Mo\u017ce nawet bardziej, ni\u017c kaza\u0144 z ambony \u2013 chocia\u017c jasnego i konkretnego nauczania te\u017c zabrakn\u0105\u0107 nie mo\u017ce \u2013 potrzeba <b>odwa\u017cnego i przekonuj\u0105cego \u015bwiadectwa nas wszystkich:<\/b> duchownych i \u015bwieckich. Trzeba, aby\u015bmy \u015bwiadczyli o tym, na co patrzyli\u015bmy, co us\u0142yszeli\u015bmy i czego dotyka\u0142y nasze r\u0119ce. <\/span><\/span><\/span><\/p>\n<p align=\"justify\"><span style=\"color: #000000;\"><span style=\"font-family: Book Antiqua, serif;\"><span style=\"font-size: large;\"><b>O ile \u2013 rzeczywi\u015bcie \u2013 patrzyli\u015bmy i ujrzeli\u015bmy,<\/b> o ile rzeczywi\u015bcie us\u0142yszeli\u015bmy, o ile rzeczywi\u015bcie nasze r\u0119ce dotkn\u0119\u0142y tej Rzeczywisto\u015bci. Bo mo\u017ce to wszystko dokonywa\u0107 si\u0119 <b>obok nas,<\/b> a my sami mo\u017cemy podchodzi\u0107 do tego na zasadzie formalnej, nakazowo \u2013 zakazowej, jakiej\u015b <b>suchej, zimnej i sztywnej\u2026<\/b> I nawet przez wiele lat mo\u017ce trwa\u0107 taki stan rzeczy. Nigdy nie jest jednak za p\u00f3\u017ano, \u017ceby <b>ujrze\u0107 i uwierzy\u0107! <\/b>I nawet maj\u0105c osiemdziesi\u0105tk\u0119 \u201ena karku\u201d, mo\u017cna zachwyci\u0107 si\u0119 tak, jak si\u0119 zachwyca dziecko! <\/span><\/span><\/span><\/p>\n<p align=\"justify\"><span style=\"color: #000000;\"><span style=\"font-family: Book Antiqua, serif;\"><span style=\"font-size: large;\">Niech nam \u015awi\u0119ty Jan, dzisiejszy Patron, wyprasza tak\u0105 w\u0142a\u015bnie<b> odwa\u017cn\u0105 postaw\u0119,<\/b> kt\u00f3ra nie boi si\u0119 ujrze\u0107 i uwierzy\u0107, dotkn\u0105\u0107, us\u0142ysze\u0107, zobaczy\u0107. I wobec ludzi za\u015bwiadczy\u0107. Z rado\u015bci\u0105 i bez kompleks\u00f3w! Bo dzisiaj takiego naszego \u015bwiadectwa bardzo, ale to bardzo potrzeba!<\/span><\/span><\/span><\/p>\n","protected":false},"excerpt":{"rendered":"<p>Szcz\u0119\u015b\u0107 Bo\u017ce! Moi Drodzy, w dniu dzisiejszym imieniny prze\u017cywa Ksi\u0105dz Kanonik Jan Grochowski, Proboszcz Parafii w Tr\u0105bkach, a tak w og\u00f3le \u2013 to m\u00f3j pierwszy Proboszcz. Dzi\u0119kuj\u0105c Ksi\u0119dzu Kanonikowi za bezmiar \u017cyczliwo\u015bci i pomocy, kt\u00f3re przez lata mi okazywa\u0142 i ci\u0105gle okazuje, \u017cycz\u0119 si\u0142y i mocy ducha do pokonywania codziennych trudno\u015bci i budowania kr\u00f3lestwa Bo\u017cego [&hellip;]<\/p>\n","protected":false},"author":1,"featured_media":0,"comment_status":"open","ping_status":"open","sticky":false,"template":"","format":"standard","meta":{"jetpack_post_was_ever_published":false,"_jetpack_newsletter_access":"","_jetpack_dont_email_post_to_subs":false,"_jetpack_newsletter_tier_id":0,"_jetpack_memberships_contains_paywalled_content":false,"_jetpack_memberships_contains_paid_content":false,"footnotes":""},"categories":[1],"tags":[],"class_list":["post-16382","post","type-post","status-publish","format-standard","hentry","category-bez-kategorii"],"yoast_head":"<!-- This site is optimized with the Yoast SEO plugin v25.1 - https:\/\/yoast.com\/wordpress\/plugins\/seo\/ -->\n<title>To wam oznajmiamy... - Gaudium Et Spes<\/title>\n<meta name=\"robots\" content=\"index, follow, max-snippet:-1, max-image-preview:large, max-video-preview:-1\" \/>\n<link rel=\"canonical\" href=\"https:\/\/gaudiumetspes-blog.pl\/index.php\/2019\/12\/27\/to-wam-oznajmiamy\/\" \/>\n<meta property=\"og:locale\" content=\"pl_PL\" \/>\n<meta property=\"og:type\" content=\"article\" \/>\n<meta property=\"og:title\" content=\"To wam oznajmiamy... - Gaudium Et Spes\" \/>\n<meta property=\"og:description\" content=\"Szcz\u0119\u015b\u0107 Bo\u017ce! Moi Drodzy, w dniu dzisiejszym imieniny prze\u017cywa Ksi\u0105dz Kanonik Jan Grochowski, Proboszcz Parafii w Tr\u0105bkach, a tak w og\u00f3le \u2013 to m\u00f3j pierwszy Proboszcz. Dzi\u0119kuj\u0105c Ksi\u0119dzu Kanonikowi za bezmiar \u017cyczliwo\u015bci i pomocy, kt\u00f3re przez lata mi okazywa\u0142 i ci\u0105gle okazuje, \u017cycz\u0119 si\u0142y i mocy ducha do pokonywania codziennych trudno\u015bci i budowania kr\u00f3lestwa Bo\u017cego [&hellip;]\" \/>\n<meta property=\"og:url\" content=\"https:\/\/gaudiumetspes-blog.pl\/index.php\/2019\/12\/27\/to-wam-oznajmiamy\/\" \/>\n<meta property=\"og:site_name\" content=\"Gaudium Et Spes\" \/>\n<meta property=\"article:published_time\" content=\"2019-12-27T07:27:26+00:00\" \/>\n<meta name=\"author\" content=\"Ks. Jacek\" \/>\n<meta name=\"twitter:card\" content=\"summary_large_image\" \/>\n<meta name=\"twitter:label1\" content=\"Napisane przez\" \/>\n\t<meta name=\"twitter:data1\" content=\"Ks. Jacek\" \/>\n\t<meta name=\"twitter:label2\" content=\"Szacowany czas czytania\" \/>\n\t<meta name=\"twitter:data2\" content=\"8 minut\" \/>\n<script type=\"application\/ld+json\" class=\"yoast-schema-graph\">{\"@context\":\"https:\/\/schema.org\",\"@graph\":[{\"@type\":\"WebPage\",\"@id\":\"https:\/\/gaudiumetspes-blog.pl\/index.php\/2019\/12\/27\/to-wam-oznajmiamy\/\",\"url\":\"https:\/\/gaudiumetspes-blog.pl\/index.php\/2019\/12\/27\/to-wam-oznajmiamy\/\",\"name\":\"To wam oznajmiamy... - Gaudium Et Spes\",\"isPartOf\":{\"@id\":\"https:\/\/gaudiumetspes-blog.pl\/#website\"},\"datePublished\":\"2019-12-27T07:27:26+00:00\",\"author\":{\"@id\":\"https:\/\/gaudiumetspes-blog.pl\/#\/schema\/person\/1661982992b752dea8dff0d4ed845a65\"},\"breadcrumb\":{\"@id\":\"https:\/\/gaudiumetspes-blog.pl\/index.php\/2019\/12\/27\/to-wam-oznajmiamy\/#breadcrumb\"},\"inLanguage\":\"pl-PL\",\"potentialAction\":[{\"@type\":\"ReadAction\",\"target\":[\"https:\/\/gaudiumetspes-blog.pl\/index.php\/2019\/12\/27\/to-wam-oznajmiamy\/\"]}]},{\"@type\":\"BreadcrumbList\",\"@id\":\"https:\/\/gaudiumetspes-blog.pl\/index.php\/2019\/12\/27\/to-wam-oznajmiamy\/#breadcrumb\",\"itemListElement\":[{\"@type\":\"ListItem\",\"position\":1,\"name\":\"Strona g\u0142\u00f3wna\",\"item\":\"https:\/\/gaudiumetspes-blog.pl\/\"},{\"@type\":\"ListItem\",\"position\":2,\"name\":\"To&nbsp;wam oznajmiamy&#8230;\"}]},{\"@type\":\"WebSite\",\"@id\":\"https:\/\/gaudiumetspes-blog.pl\/#website\",\"url\":\"https:\/\/gaudiumetspes-blog.pl\/\",\"name\":\"Gaudium Et Spes\",\"description\":\"Blog Ks. Jacka Ja\u015bkowskiego\",\"potentialAction\":[{\"@type\":\"SearchAction\",\"target\":{\"@type\":\"EntryPoint\",\"urlTemplate\":\"https:\/\/gaudiumetspes-blog.pl\/?s={search_term_string}\"},\"query-input\":{\"@type\":\"PropertyValueSpecification\",\"valueRequired\":true,\"valueName\":\"search_term_string\"}}],\"inLanguage\":\"pl-PL\"},{\"@type\":\"Person\",\"@id\":\"https:\/\/gaudiumetspes-blog.pl\/#\/schema\/person\/1661982992b752dea8dff0d4ed845a65\",\"name\":\"Ks. Jacek\",\"image\":{\"@type\":\"ImageObject\",\"inLanguage\":\"pl-PL\",\"@id\":\"https:\/\/gaudiumetspes-blog.pl\/#\/schema\/person\/image\/\",\"url\":\"https:\/\/gaudiumetspes-blog.pl\/wp-content\/uploads\/2019\/07\/avatar-JJ-150x150.jpg\",\"contentUrl\":\"https:\/\/gaudiumetspes-blog.pl\/wp-content\/uploads\/2019\/07\/avatar-JJ-150x150.jpg\",\"caption\":\"Ks. Jacek\"},\"description\":\"Witam serdecznie! K\u0142ania si\u0119 Ks. Jacek Ja\u015bkowski. Nie jestem ani kim\u015b wa\u017cnym, ani kim\u015b znanym. Jestem ksi\u0119dzem, kt\u00f3ry po prostu chce rozmawia\u0107. Codzienna kap\u0142a\u0144ska pos\u0142uga pokazuje mi, \u017ce temat\u00f3w do rozm\u00f3w z ksi\u0119dzem jest coraz wi\u0119cej i dzisiaj \u017caden ksi\u0105dz nie mo\u017ce od nich ucieka\u0107, ale - wprost przeciwnie - podejmowa\u0107 nowe wyzwania. To przekonanie sk\u0142oni\u0142o mnie do pr\u00f3by otwarcia tego\u017c bloga, chocia\u017c okazji do rozm\u00f3w na co dzie\u0144 - w konfesjonale i poza nim - na szcz\u0119\u015bcie nie brakuje. My\u015bl\u0119 jednak, \u017ce ten blog b\u0119dzie jeszcze jednym sposobem i przestrzeni\u0105 nawi\u0105zania kontaktu z lud\u017ami dobrej woli, otwartymi na dialog.\",\"url\":\"https:\/\/gaudiumetspes-blog.pl\/index.php\/author\/ks-jacek\/\"}]}<\/script>\n<!-- \/ Yoast SEO plugin. -->","yoast_head_json":{"title":"To wam oznajmiamy... - Gaudium Et Spes","robots":{"index":"index","follow":"follow","max-snippet":"max-snippet:-1","max-image-preview":"max-image-preview:large","max-video-preview":"max-video-preview:-1"},"canonical":"https:\/\/gaudiumetspes-blog.pl\/index.php\/2019\/12\/27\/to-wam-oznajmiamy\/","og_locale":"pl_PL","og_type":"article","og_title":"To wam oznajmiamy... - Gaudium Et Spes","og_description":"Szcz\u0119\u015b\u0107 Bo\u017ce! Moi Drodzy, w dniu dzisiejszym imieniny prze\u017cywa Ksi\u0105dz Kanonik Jan Grochowski, Proboszcz Parafii w Tr\u0105bkach, a tak w og\u00f3le \u2013 to m\u00f3j pierwszy Proboszcz. Dzi\u0119kuj\u0105c Ksi\u0119dzu Kanonikowi za bezmiar \u017cyczliwo\u015bci i pomocy, kt\u00f3re przez lata mi okazywa\u0142 i ci\u0105gle okazuje, \u017cycz\u0119 si\u0142y i mocy ducha do pokonywania codziennych trudno\u015bci i budowania kr\u00f3lestwa Bo\u017cego [&hellip;]","og_url":"https:\/\/gaudiumetspes-blog.pl\/index.php\/2019\/12\/27\/to-wam-oznajmiamy\/","og_site_name":"Gaudium Et Spes","article_published_time":"2019-12-27T07:27:26+00:00","author":"Ks. Jacek","twitter_card":"summary_large_image","twitter_misc":{"Napisane przez":"Ks. Jacek","Szacowany czas czytania":"8 minut"},"schema":{"@context":"https:\/\/schema.org","@graph":[{"@type":"WebPage","@id":"https:\/\/gaudiumetspes-blog.pl\/index.php\/2019\/12\/27\/to-wam-oznajmiamy\/","url":"https:\/\/gaudiumetspes-blog.pl\/index.php\/2019\/12\/27\/to-wam-oznajmiamy\/","name":"To wam oznajmiamy... - Gaudium Et Spes","isPartOf":{"@id":"https:\/\/gaudiumetspes-blog.pl\/#website"},"datePublished":"2019-12-27T07:27:26+00:00","author":{"@id":"https:\/\/gaudiumetspes-blog.pl\/#\/schema\/person\/1661982992b752dea8dff0d4ed845a65"},"breadcrumb":{"@id":"https:\/\/gaudiumetspes-blog.pl\/index.php\/2019\/12\/27\/to-wam-oznajmiamy\/#breadcrumb"},"inLanguage":"pl-PL","potentialAction":[{"@type":"ReadAction","target":["https:\/\/gaudiumetspes-blog.pl\/index.php\/2019\/12\/27\/to-wam-oznajmiamy\/"]}]},{"@type":"BreadcrumbList","@id":"https:\/\/gaudiumetspes-blog.pl\/index.php\/2019\/12\/27\/to-wam-oznajmiamy\/#breadcrumb","itemListElement":[{"@type":"ListItem","position":1,"name":"Strona g\u0142\u00f3wna","item":"https:\/\/gaudiumetspes-blog.pl\/"},{"@type":"ListItem","position":2,"name":"To&nbsp;wam oznajmiamy&#8230;"}]},{"@type":"WebSite","@id":"https:\/\/gaudiumetspes-blog.pl\/#website","url":"https:\/\/gaudiumetspes-blog.pl\/","name":"Gaudium Et Spes","description":"Blog Ks. Jacka Ja\u015bkowskiego","potentialAction":[{"@type":"SearchAction","target":{"@type":"EntryPoint","urlTemplate":"https:\/\/gaudiumetspes-blog.pl\/?s={search_term_string}"},"query-input":{"@type":"PropertyValueSpecification","valueRequired":true,"valueName":"search_term_string"}}],"inLanguage":"pl-PL"},{"@type":"Person","@id":"https:\/\/gaudiumetspes-blog.pl\/#\/schema\/person\/1661982992b752dea8dff0d4ed845a65","name":"Ks. Jacek","image":{"@type":"ImageObject","inLanguage":"pl-PL","@id":"https:\/\/gaudiumetspes-blog.pl\/#\/schema\/person\/image\/","url":"https:\/\/gaudiumetspes-blog.pl\/wp-content\/uploads\/2019\/07\/avatar-JJ-150x150.jpg","contentUrl":"https:\/\/gaudiumetspes-blog.pl\/wp-content\/uploads\/2019\/07\/avatar-JJ-150x150.jpg","caption":"Ks. Jacek"},"description":"Witam serdecznie! K\u0142ania si\u0119 Ks. Jacek Ja\u015bkowski. Nie jestem ani kim\u015b wa\u017cnym, ani kim\u015b znanym. Jestem ksi\u0119dzem, kt\u00f3ry po prostu chce rozmawia\u0107. Codzienna kap\u0142a\u0144ska pos\u0142uga pokazuje mi, \u017ce temat\u00f3w do rozm\u00f3w z ksi\u0119dzem jest coraz wi\u0119cej i dzisiaj \u017caden ksi\u0105dz nie mo\u017ce od nich ucieka\u0107, ale - wprost przeciwnie - podejmowa\u0107 nowe wyzwania. To przekonanie sk\u0142oni\u0142o mnie do pr\u00f3by otwarcia tego\u017c bloga, chocia\u017c okazji do rozm\u00f3w na co dzie\u0144 - w konfesjonale i poza nim - na szcz\u0119\u015bcie nie brakuje. My\u015bl\u0119 jednak, \u017ce ten blog b\u0119dzie jeszcze jednym sposobem i przestrzeni\u0105 nawi\u0105zania kontaktu z lud\u017ami dobrej woli, otwartymi na dialog.","url":"https:\/\/gaudiumetspes-blog.pl\/index.php\/author\/ks-jacek\/"}]}},"jetpack_featured_media_url":"","jetpack_sharing_enabled":true,"_links":{"self":[{"href":"https:\/\/gaudiumetspes-blog.pl\/index.php\/wp-json\/wp\/v2\/posts\/16382","targetHints":{"allow":["GET"]}}],"collection":[{"href":"https:\/\/gaudiumetspes-blog.pl\/index.php\/wp-json\/wp\/v2\/posts"}],"about":[{"href":"https:\/\/gaudiumetspes-blog.pl\/index.php\/wp-json\/wp\/v2\/types\/post"}],"author":[{"embeddable":true,"href":"https:\/\/gaudiumetspes-blog.pl\/index.php\/wp-json\/wp\/v2\/users\/1"}],"replies":[{"embeddable":true,"href":"https:\/\/gaudiumetspes-blog.pl\/index.php\/wp-json\/wp\/v2\/comments?post=16382"}],"version-history":[{"count":1,"href":"https:\/\/gaudiumetspes-blog.pl\/index.php\/wp-json\/wp\/v2\/posts\/16382\/revisions"}],"predecessor-version":[{"id":16383,"href":"https:\/\/gaudiumetspes-blog.pl\/index.php\/wp-json\/wp\/v2\/posts\/16382\/revisions\/16383"}],"wp:attachment":[{"href":"https:\/\/gaudiumetspes-blog.pl\/index.php\/wp-json\/wp\/v2\/media?parent=16382"}],"wp:term":[{"taxonomy":"category","embeddable":true,"href":"https:\/\/gaudiumetspes-blog.pl\/index.php\/wp-json\/wp\/v2\/categories?post=16382"},{"taxonomy":"post_tag","embeddable":true,"href":"https:\/\/gaudiumetspes-blog.pl\/index.php\/wp-json\/wp\/v2\/tags?post=16382"}],"curies":[{"name":"wp","href":"https:\/\/api.w.org\/{rel}","templated":true}]}}