{"id":16384,"date":"2019-12-28T07:37:28","date_gmt":"2019-12-28T06:37:28","guid":{"rendered":"https:\/\/gaudiumetspes-blog.pl\/?p=16384"},"modified":"2019-12-28T07:37:28","modified_gmt":"2019-12-28T06:37:28","slug":"droga-swiatlosci-czy-droga-heroda","status":"publish","type":"post","link":"https:\/\/gaudiumetspes-blog.pl\/index.php\/2019\/12\/28\/droga-swiatlosci-czy-droga-heroda\/","title":{"rendered":"Droga \u015bwiat\u0142o\u015bci &#8211; czy droga Heroda?&#8230;"},"content":{"rendered":"<p align=\"justify\"><span style=\"color: #000000;\"><span style=\"font-family: Book Antiqua, serif;\"><span style=\"font-size: large;\">Szcz\u0119\u015b\u0107 Bo\u017ce! Moi Drodzy, w dniu dzisiejszym <b>imieniny prze\u017cywa Ojciec Cezary Szcze\u015bniak, kapucyn, nale\u017c\u0105cy w swoim czasie do jednej z <\/b><b>moich <\/b><b>m\u0142odzie\u017cowych Wsp\u00f3lnot. \u017bycz\u0119 <\/b><b>Solenizantowi post\u0119powania przez ca\u0142e \u017cycie tylko drog\u0105 \u015bwiat\u0142o\u015bci. I zapewniam o modlitwie!<\/b><\/span><\/span><\/span><\/p>\n<p align=\"justify\"><span style=\"color: #000000;\"><span style=\"font-family: Book Antiqua, serif;\"><span style=\"font-size: large;\">Moi Drodzy, bardzo serdecznie dzi\u0119kuj\u0119 za wszystkie \u017cyczenia, jakie z okazji \u015awi\u0105t r\u00f3\u017cnymi drogami nap\u0142yn\u0119\u0142y do mnie. Jestem w trakcie odpisywania. Natomiast wczoraj, w Kodniu, przed obliczem Matki Bo\u017cej, sprawowa\u0142em Msz\u0119 \u015awi\u0119t\u0105 w intencji tych, kt\u00f3rzy mi tak dobrze \u017cycz\u0105.<\/span><\/span><\/span><\/p>\n<p align=\"justify\"><span style=\"color: #000000;\"><span style=\"font-family: Book Antiqua, serif;\"><span style=\"font-size: large;\">Jednym z tych, kt\u00f3rzy nam wszystkim dobrze \u017cycz\u0105, jest Ksi\u0105dz Marek. Dzi\u0119kujemy Jemu i Jego Ekipie za ostatnie s\u0142\u00f3wko \u2013 jak czytali\u015bmy, napisane w trakcie intensywnych zaj\u0119\u0107 duszpasterskich \u2013 ale te\u017c dzi\u0119kujemy za \u017cyczenia \u015bwi\u0105teczne, podarowane nam s\u0142owem i \u015bpiewem. Odwzajemniamy wszelk\u0105 \u017cyczliwo\u015b\u0107 i zapewniamy o modlitwie!<\/span><\/span><\/span><\/p>\n<p align=\"justify\"><span style=\"color: #000000;\"><span style=\"font-family: Book Antiqua, serif;\"><span style=\"font-size: large;\">Prosz\u0119 te\u017c, aby\u015bmy modlitw\u0105 wspierali dzie\u0142o wizyty duszpasterskiej, rozpoczynaj\u0105cej si\u0119 w tych dniach w naszych Parafiach.<\/span><\/span><\/span><\/p>\n<p align=\"center\"><span style=\"color: #000000;\"><span style=\"font-family: Book Antiqua, serif;\"><span style=\"font-size: large;\">Gaudium et spes! Ks. Jacek<\/span><\/span><\/span><\/p>\n<p align=\"center\">\n<p align=\"center\">\n<p align=\"center\">\n<p align=\"center\">\n<p align=\"center\">\n<p align=\"justify\"><span style=\"color: #000000;\"><span style=\"font-family: Book Antiqua, serif;\"><span style=\"font-size: large;\"><b>\u015awi\u0119to \u015awi\u0119tych M\u0142odziank\u00f3w, M\u0119czennik\u00f3w,<\/b><\/span><\/span><\/span><\/p>\n<p align=\"justify\"><span style=\"color: #000000;\"><span style=\"font-family: Book Antiqua, serif;\"><span style=\"font-size: large;\"><b>do czyta\u0144 z t. VI Lekcjonarza: 1 J 1,5\u20132,2; Mt 2,13\u201318<\/b><\/span><\/span><\/span><\/p>\n<p align=\"justify\">\n<p align=\"justify\">\n<p align=\"justify\">\n<p align=\"justify\">\n<p align=\"justify\">\n<p align=\"justify\"><span style=\"color: #000000;\"><span style=\"font-family: Book Antiqua, serif;\"><span style=\"font-size: large;\"><b>CZYTANIE Z PIERWSZEGO LISTU \u015aWI\u0118TEGO JANA APOSTO\u0141A: <\/b><\/span><\/span><\/span><\/p>\n<p align=\"justify\"><span style=\"color: #000000;\"><span style=\"font-family: Book Antiqua, serif;\"><span style=\"font-size: large;\"><b>Umi\u0142owani: Nowina, kt\u00f3r\u0105 us\u0142yszeli\u015bmy od Jezusa Chrystusa i kt\u00f3r\u0105 wam g\u0142osimy, jest taka: B\u00f3g jest \u015bwiat\u0142o\u015bci\u0105, a nie ma w Nim \u017cadnej ciemno\u015bci. Je\u017celi m\u00f3wimy, \u017ce mamy z Nim wsp\u00f3\u0142uczestnictwo, a chodzimy w ciemno\u015bci, k\u0142amiemy i nie post\u0119pujemy zgodnie z prawd\u0105. Je\u017celi za\u015b chodzimy w \u015bwiat\u0142o\u015bci, tak jak On sam trwa w \u015bwiat\u0142o\u015bci, wtedy mamy jedni z drugimi wsp\u00f3\u0142uczestnictwo, a krew Jezusa, Syna Jego, oczyszcza nas z wszelkiego grzechu. <\/b><\/span><\/span><\/span><\/p>\n<p align=\"justify\"><span style=\"color: #000000;\"><span style=\"font-family: Book Antiqua, serif;\"><span style=\"font-size: large;\"><b>Je\u015bli m\u00f3wimy, \u017ce nie mamy grzechu, to samych siebie oszukujemy i nie ma w nas prawdy. Je\u017celi wyznajemy nasze grzechy, B\u00f3g b\u0119d\u0105c wiernym i sprawiedliwym odpu\u015bci je nam i oczy\u015bci nas z wszelkiej nieprawo\u015bci. Je\u015bli powiemy, \u017ce nie zgrzeszyli\u015bmy, czynimy Go k\u0142amc\u0105 i nie ma w nas Jego nauki. <\/b><\/span><\/span><\/span><\/p>\n<p align=\"justify\"><span style=\"color: #000000;\"><span style=\"font-family: Book Antiqua, serif;\"><span style=\"font-size: large;\"><b>Dzieci moje, pisz\u0119 wam to dlatego, \u017ceby\u015bcie nie grzeszyli. Je\u015bliby nawet kto\u015b zgrzeszy\u0142, mamy Rzecznika wobec Ojca, Jezusa Chrystusa sprawiedliwego. On bowiem jest ofiar\u0105 przeb\u0142agaln\u0105 za nasze grzechy, i nie tylko za nasze, lecz r\u00f3wnie\u017c za grzechy ca\u0142ego \u015bwiata.<\/b><\/span><\/span><\/span><\/p>\n<p align=\"justify\">\n<p align=\"justify\">\n<p align=\"justify\">\n<p align=\"justify\">\n<p align=\"justify\">\n<p align=\"justify\"><span style=\"color: #000000;\"><span style=\"font-family: Book Antiqua, serif;\"><span style=\"font-size: large;\"><b>S\u0141OWA EWANGELII WED\u0141UG \u015aWI\u0118TEGO MATEUSZA: <\/b><\/span><\/span><\/span><\/p>\n<p align=\"justify\"><span style=\"color: #000000;\"><span style=\"font-family: Book Antiqua, serif;\"><span style=\"font-size: large;\"><b>Gdy M\u0119drcy odjechali, oto anio\u0142 Pa\u0144ski ukaza\u0142 si\u0119 J\u00f3zefowi we \u015bnie i rzek\u0142: \u201eWsta\u0144, we\u017a Dzieci\u0119 i Jego Matk\u0119 i uchod\u017a do Egiptu; pozosta\u0144 tam, a\u017c ci powiem; bo Herod b\u0119dzie szuka\u0142 Dzieci\u0119cia, aby Je zg\u0142adzi\u0107\u201d. <\/b><\/span><\/span><\/span><\/p>\n<p align=\"justify\"><span style=\"color: #000000;\"><span style=\"font-family: Book Antiqua, serif;\"><span style=\"font-size: large;\"><b>On wsta\u0142, wzi\u0105\u0142 w nocy Dzieci\u0119 i Jego Matk\u0119 i uda\u0142 si\u0119 do Egiptu; tam pozosta\u0142 a\u017c do \u015bmierci Heroda. Tak mia\u0142o si\u0119 spe\u0142ni\u0107 s\u0142owo, kt\u00f3re Pan powiedzia\u0142 przez Proroka: \u201eZ Egiptu wezwa\u0142em Syna mego\u201d. <\/b><\/span><\/span><\/span><\/p>\n<p align=\"justify\"><span style=\"color: #000000;\"><span style=\"font-family: Book Antiqua, serif;\"><span style=\"font-size: large;\"><b>Wtedy Herod widz\u0105c, \u017ce go M\u0119drcy zawiedli, wpad\u0142 w straszny gniew. Pos\u0142a\u0142 oprawc\u00f3w do Betlejem i ca\u0142ej okolicy i kaza\u0142 pozabija\u0107 wszystkich ch\u0142opc\u00f3w w wieku do dw\u00f3ch lat, stosownie do czasu, o kt\u00f3rym si\u0119 dowiedzia\u0142 od M\u0119drc\u00f3w. <\/b><\/span><\/span><\/span><\/p>\n<p align=\"justify\"><span style=\"color: #000000;\"><span style=\"font-family: Book Antiqua, serif;\"><span style=\"font-size: large;\"><b>Wtedy spe\u0142ni\u0142y si\u0119 s\u0142owa proroka Jeremiasza: \u201eKrzyk us\u0142yszano w Rama, p\u0142acz i j\u0119k wielki. Rachel op\u0142akuje swe dzieci i nie chce utuli\u0107 si\u0119 w \u017calu, bo ich ju\u017c nie ma\u201d.<\/b><\/span><\/span><\/span><\/p>\n<p align=\"justify\">\n<p align=\"justify\">\n<p align=\"justify\">\n<p align=\"justify\">\n<p align=\"justify\">\n<p align=\"justify\"><span style=\"color: #000000;\"><span style=\"font-family: Book Antiqua, serif;\"><span style=\"font-size: large;\">Zwr\u00f3\u0107my uwag\u0119 na dwa zdania z dzisiejszego pierwszego czytania. Najpierw: <i><b>B\u00f3g jest \u015bwiat\u0142o\u015bci\u0105, a nie ma w Nim \u017cadnej ciemno\u015bci.<\/b><\/i> I zaraz potem nast\u0119pne: <i><b>Je\u017celi m\u00f3wimy, \u017ce mamy z Nim wsp\u00f3\u0142uczestnictwo, a chodzimy w ciemno\u015bci, k\u0142amiemy i nie post\u0119pujemy zgodnie z prawd\u0105.<\/b><\/i><b> <\/b>Mo\u017cna jeszcze ewentualnie doda\u0107 trzecie: <i><b>Je\u017celi za\u015b chodzimy w \u015bwiat\u0142o\u015bci, tak jak On sam trwa w \u015bwiat\u0142o\u015bci, wtedy mamy jedni z drugimi wsp\u00f3\u0142uczestnictwo, a krew Jezusa, Syna Jego, oczyszcza nas z wszelkiego grzechu.<\/b><\/i> <\/span><\/span><\/span><\/p>\n<p align=\"justify\"><span style=\"color: #000000;\"><span style=\"font-family: Book Antiqua, serif;\"><span style=\"font-size: large;\">Dlaczego przywo\u0142ujemy i zestawiamy te zdania? Bo nios\u0105 one bardzo konkretne przes\u0142ania dla nas: je\u017celi B\u00f3g jest <b>absolutn\u0105 \u015bwiat\u0142o\u015bci\u0105 <\/b>i nie ma w Nim miejsca na <b>\u017cadn\u0105, cho\u0107by najmniejsz\u0105 ciemno\u015b\u0107,<\/b> to tak\u017ce ci, kt\u00f3rzy si\u0119 do Boga przyznaj\u0105, kt\u00f3rzy w Niego wierz\u0105, kt\u00f3rzy za Nim post\u0119puj\u0105, nie mog\u0105 si\u0119 zgodzi\u0107 na <b>cho\u0107by najmniejszy element ciemno\u015bci<\/b> w swoim \u017cyciu! Cho\u0107by najmniejszy! <\/span><\/span><\/span><\/p>\n<p align=\"justify\"><span style=\"color: #000000;\"><span style=\"font-family: Book Antiqua, serif;\"><span style=\"font-size: large;\">\u015awi\u0119ty Jan \u2013 chocia\u017c mo\u017cemy go okre\u015bli\u0107 mianem mistrza s\u0142owa \u0142agodnego i dobrotliwego \u2013 wypowiada si\u0119 <b>bardzo radykalnie i jednoznacznie,<\/b> \u017ce kto pr\u00f3buje godzi\u0107 \u015bwiat\u0142o z ciemno\u015bci\u0105 w swoim \u017cyciu, <b>ten po prostu k\u0142amie! <\/b>I koniec, \u017cadnej dyskusji. Po prostu, nie ma mowy o jakimkolwiek <b>kompromisie z szatanem.<\/b> Nie mo\u017cna zasadniczo trwa\u0107 w jasno\u015bci, ale przy okazji pozwala\u0107 sobie na taki, czy inny, \u201eskok w bok\u201d i akceptowa\u0107 z\u0142o. Nale\u017cy zawsze i konsekwentnie post\u0119powa\u0107 w \u015bwiat\u0142o\u015bci. <\/span><\/span><\/span><\/p>\n<p align=\"justify\"><span style=\"color: #000000;\"><span style=\"font-family: Book Antiqua, serif;\"><span style=\"font-size: large;\">Przy czym \u2013 na to te\u017c warto zwr\u00f3ci\u0107 uwag\u0119 \u2013 Jan nie zak\u0142ada, \u017ce w zwi\u0105zku z tym uczniowie Jezusa b\u0119d\u0105 wolni od grzechu. Raczej stwierdza: <i><b>Je\u015bli m\u00f3wimy, \u017ce nie mamy grzechu, to samych siebie oszukujemy i nie ma w nas prawdy.<\/b><\/i><b> <\/b>Natomiast dodaje: <i><b>Je\u017celi wyznajemy nasze grzechy, B\u00f3g b\u0119d\u0105c wiernym i sprawiedliwym odpu\u015bci je nam i oczy\u015bci nas z wszelkiej nieprawo\u015bci.<\/b><\/i><b> <\/b>Naturalnie takie dzia\u0142anie ma ostatecznie doprowadzi\u0107 do stanu, kt\u00f3ry Aposto\u0142 wyrazi\u0142 w s\u0142owach: <i><b>Dzieci moje, pisz\u0119 wam to dlatego, \u017ceby\u015bcie nie grzeszyli.<\/b><\/i> <\/span><\/span><\/span><\/p>\n<p align=\"justify\"><span style=\"color: #000000;\"><span style=\"font-family: Book Antiqua, serif;\"><span style=\"font-size: large;\">Mowa jest tu zatem \u2013 jak widzimy \u2013 o pewnej <b>dobrej dynamice,<\/b> polegaj\u0105cej na tym, \u017ce cz\u0142owiek <b>pracuje nad sob\u0105,<\/b> stara si\u0119 unika\u0107 grzechu, a trwa\u0107 w dobrem; stara si\u0119 unika\u0107 ciemno\u015bci, a <b>konsekwentnie trwa\u0107 w jasno\u015bci.<\/b> Niestety, pope\u0142nia grzechy, ale \u2013 i to jest w\u0142a\u015bnie istot\u0105 sprawy \u2013 <b>nie chce w nich trwa\u0107,<\/b> a wprost przeciwnie: bardzo zale\u017cy mu na tym, by ich unika\u0107, by je w sobie zwalcza\u0107. I taki stan okre\u015blamy jako <b>trwanie w \u015bwiat\u0142o\u015bci. <\/b>Jego przeciwie\u0144stwem jest<b> trwanie w ciemno\u015bci,<\/b> czyli \u015bwiadome i wolne (bo trudno tu u\u017cy\u0107 s\u0142owa: \u201edobrowolne\u201d) <b>trwanie w grzechu. <\/b><\/span><\/span><\/span><\/p>\n<p align=\"justify\"><span style=\"color: #000000;\"><span style=\"font-family: Book Antiqua, serif;\"><span style=\"font-size: large;\">Czyli postawa, jak\u0105 dzisiaj zaprezentowa\u0142 Herod. Ten moralny wrak, zapatrzony w wyimaginowany blask swego majestatu, poczu\u0142 si\u0119 <b>zagro\u017cony przez ma\u0142e Dzieci\u0105tko!<\/b> Oczywi\u015bcie, my dzisiaj wiemy, \u017ce to ma\u0142e Dzieci\u0105tko nie by\u0142o zwyk\u0142ym dzieci\u0105tkiem i tak naprawd\u0119 Herod mia\u0142 racj\u0119 przeczuwaj\u0105c, \u017ce jego w\u0142adza i pozycja nijak si\u0119 ma do wielko\u015bci tego\u017c tajemniczego Dziecka. Ale naprawd\u0119 <b>m\u00f3g\u0142 ca\u0142\u0105 spraw\u0119 rozegra\u0107 inaczej <\/b>\u2013 i jeszcze by na tym zyska\u0142. Gdyby bowiem zdecydowa\u0142 si\u0119 na zmian\u0119 stylu swego panowania, to jeszcze u ludzi zyska\u0142by szacunek. I zapewne w spokoju dope\u0142ni\u0142by lat swego zasiadania na tronie. <\/span><\/span><\/span><\/p>\n<p align=\"justify\"><span style=\"color: #000000;\"><span style=\"font-family: Book Antiqua, serif;\"><span style=\"font-size: large;\">Niestety, on wybra\u0142 inny, o wiele gorszy wariant: czuj\u0105c si\u0119 zagro\u017conym, <b>zacz\u0105\u0142 brn\u0105\u0107 coraz bardziej w grzech.<\/b> I w absurd, bo zabijanie ma\u0142ych dzieci, gdy\u017c to w\u015br\u00f3d nich mia\u0142oby by\u0107 dla niego zagro\u017cenie, to <b>najwi\u0119kszy z mo\u017cliwych absurd\u00f3w!<\/b> Niestety, tak\u017ce najbardziej dramatyczny i krwawy. <\/span><\/span><\/span><\/p>\n<p align=\"justify\"><span style=\"color: #000000;\"><span style=\"font-family: Book Antiqua, serif;\"><span style=\"font-size: large;\">Jak widzimy, dzisiejszy \u015bwiat r\u00f3wnie\u017c cz\u0119sto <b>wybiera drog\u0119 Heroda<\/b> i tak\u017ce popada <b>w totalny absurd,<\/b> widz\u0105c zagro\u017cenie dla swego dobrobytu, dla swojej w\u0142adzy i pozycji \u2013 i w sumie to nie wiadomo, jakie jeszcze inne zagro\u017cenie \u2013 w ma\u0142ym dzieci\u0105tku! Dlatego <b>zabija dzieci narodzone.<\/b> I tylko dla zaciemnienia brutalno\u015bci tej prawdy nazywa ca\u0142y ten proceder <b>aborcj\u0105<\/b> lub <b>przerwaniem ci\u0105\u017cy,<\/b> zamiast \u2013 zgodnie w\u0142a\u015bnie z brutaln\u0105 prawd\u0105 \u2013 nazwa\u0107 <b>bestialskim morderstwem bezbronnego <\/b><b>D<\/b><b>ziecka poprzez barbarzy\u0144skie porozrywanie go \u017cywcem w \u0142onie <\/b><b>m<\/b><b>atki.<\/b> Bo tym to w istocie jest!<\/span><\/span><\/span><\/p>\n<p align=\"justify\"><span style=\"color: #000000;\"><span style=\"font-family: Book Antiqua, serif;\"><span style=\"font-size: large;\">Niestety, \u015bwiat wybra\u0142 drog\u0119 Heroda \u2013 i brnie w absurd. Nie tylko w grzech mordowania dzieci, ale i w <b>mn\u00f3stwo innych grzech\u00f3w.<\/b> Kto i kiedy przerwie t\u0119 samo nakr\u0119caj\u0105c\u0105 si\u0119 spiral\u0119 z\u0142a?<\/span><\/span><\/span><\/p>\n<p align=\"justify\"><span style=\"color: #000000;\"><span style=\"font-family: Book Antiqua, serif;\"><span style=\"font-size: large;\">Z pewno\u015bci\u0105, pierwszym krokiem do ratowania \u015bwiata przed z\u0142em b\u0119dzie rozprawienie si\u0119 z nim <b>w swoim w\u0142asnym \u017cyciu i sumieniu.<\/b> Je\u017celi ja sam wejd\u0119 na drog\u0119 \u015bwiat\u0142o\u015bci i nie zgodz\u0119 si\u0119 na \u017cadne, cho\u0107by najmniejsze kompromisy ze z\u0142em, to ca\u0142y \u015bwiat na tym zyska. Je\u017celi b\u0119d\u0119 konsekwentnie ucina\u0142 ka\u017cd\u0105, cho\u0107by <b>najmniejsz\u0105 pokus\u0119<\/b> do grzechu i unika\u0142 z\u0142a, to b\u0119d\u0119 w ten spos\u00f3b \u015bwietlanym przyk\u0142adem dla innych. I \u015bwiat b\u0119dzie si\u0119 stawa\u0142 lepszy \u2013 du\u017co lepszy.<\/span><\/span><\/span><\/p>\n<p align=\"justify\"><span style=\"color: #000000;\"><span style=\"font-family: Book Antiqua, serif;\"><span style=\"font-size: large;\">Czy zatem <b>ju\u017c wybra\u0142em drog\u0119 \u015bwiat\u0142o\u015bci,<\/b> czy jeszcze gdzie\u015b tam, w g\u0142\u0119bi serca, w niekt\u00f3rych aspektach \u017cycia \u2013 ci\u0105gnie mnie na drog\u0119 Heroda?\u2026<\/span><\/span><\/span><\/p>\n","protected":false},"excerpt":{"rendered":"<p>Szcz\u0119\u015b\u0107 Bo\u017ce! Moi Drodzy, w dniu dzisiejszym imieniny prze\u017cywa Ojciec Cezary Szcze\u015bniak, kapucyn, nale\u017c\u0105cy w swoim czasie do jednej z moich m\u0142odzie\u017cowych Wsp\u00f3lnot. \u017bycz\u0119 Solenizantowi post\u0119powania przez ca\u0142e \u017cycie tylko drog\u0105 \u015bwiat\u0142o\u015bci. I zapewniam o modlitwie! Moi Drodzy, bardzo serdecznie dzi\u0119kuj\u0119 za wszystkie \u017cyczenia, jakie z okazji \u015awi\u0105t r\u00f3\u017cnymi drogami nap\u0142yn\u0119\u0142y do mnie. Jestem w [&hellip;]<\/p>\n","protected":false},"author":1,"featured_media":0,"comment_status":"open","ping_status":"open","sticky":false,"template":"","format":"standard","meta":{"jetpack_post_was_ever_published":false,"_jetpack_newsletter_access":"","_jetpack_dont_email_post_to_subs":false,"_jetpack_newsletter_tier_id":0,"_jetpack_memberships_contains_paywalled_content":false,"_jetpack_memberships_contains_paid_content":false,"footnotes":""},"categories":[1],"tags":[],"class_list":["post-16384","post","type-post","status-publish","format-standard","hentry","category-bez-kategorii"],"yoast_head":"<!-- This site is optimized with the Yoast SEO plugin v25.1 - https:\/\/yoast.com\/wordpress\/plugins\/seo\/ -->\n<title>Droga \u015bwiat\u0142o\u015bci - czy droga Heroda?... - Gaudium Et Spes<\/title>\n<meta name=\"robots\" content=\"index, follow, max-snippet:-1, max-image-preview:large, max-video-preview:-1\" \/>\n<link rel=\"canonical\" href=\"https:\/\/gaudiumetspes-blog.pl\/index.php\/2019\/12\/28\/droga-swiatlosci-czy-droga-heroda\/\" \/>\n<meta property=\"og:locale\" content=\"pl_PL\" \/>\n<meta property=\"og:type\" content=\"article\" \/>\n<meta property=\"og:title\" content=\"Droga \u015bwiat\u0142o\u015bci - czy droga Heroda?... - Gaudium Et Spes\" \/>\n<meta property=\"og:description\" content=\"Szcz\u0119\u015b\u0107 Bo\u017ce! Moi Drodzy, w dniu dzisiejszym imieniny prze\u017cywa Ojciec Cezary Szcze\u015bniak, kapucyn, nale\u017c\u0105cy w swoim czasie do jednej z moich m\u0142odzie\u017cowych Wsp\u00f3lnot. \u017bycz\u0119 Solenizantowi post\u0119powania przez ca\u0142e \u017cycie tylko drog\u0105 \u015bwiat\u0142o\u015bci. I zapewniam o modlitwie! Moi Drodzy, bardzo serdecznie dzi\u0119kuj\u0119 za wszystkie \u017cyczenia, jakie z okazji \u015awi\u0105t r\u00f3\u017cnymi drogami nap\u0142yn\u0119\u0142y do mnie. Jestem w [&hellip;]\" \/>\n<meta property=\"og:url\" content=\"https:\/\/gaudiumetspes-blog.pl\/index.php\/2019\/12\/28\/droga-swiatlosci-czy-droga-heroda\/\" \/>\n<meta property=\"og:site_name\" content=\"Gaudium Et Spes\" \/>\n<meta property=\"article:published_time\" content=\"2019-12-28T06:37:28+00:00\" \/>\n<meta name=\"author\" content=\"Ks. Jacek\" \/>\n<meta name=\"twitter:card\" content=\"summary_large_image\" \/>\n<meta name=\"twitter:label1\" content=\"Napisane przez\" \/>\n\t<meta name=\"twitter:data1\" content=\"Ks. Jacek\" \/>\n\t<meta name=\"twitter:label2\" content=\"Szacowany czas czytania\" \/>\n\t<meta name=\"twitter:data2\" content=\"7 minut\" \/>\n<script type=\"application\/ld+json\" class=\"yoast-schema-graph\">{\"@context\":\"https:\/\/schema.org\",\"@graph\":[{\"@type\":\"WebPage\",\"@id\":\"https:\/\/gaudiumetspes-blog.pl\/index.php\/2019\/12\/28\/droga-swiatlosci-czy-droga-heroda\/\",\"url\":\"https:\/\/gaudiumetspes-blog.pl\/index.php\/2019\/12\/28\/droga-swiatlosci-czy-droga-heroda\/\",\"name\":\"Droga \u015bwiat\u0142o\u015bci - czy droga Heroda?... - Gaudium Et Spes\",\"isPartOf\":{\"@id\":\"https:\/\/gaudiumetspes-blog.pl\/#website\"},\"datePublished\":\"2019-12-28T06:37:28+00:00\",\"author\":{\"@id\":\"https:\/\/gaudiumetspes-blog.pl\/#\/schema\/person\/1661982992b752dea8dff0d4ed845a65\"},\"breadcrumb\":{\"@id\":\"https:\/\/gaudiumetspes-blog.pl\/index.php\/2019\/12\/28\/droga-swiatlosci-czy-droga-heroda\/#breadcrumb\"},\"inLanguage\":\"pl-PL\",\"potentialAction\":[{\"@type\":\"ReadAction\",\"target\":[\"https:\/\/gaudiumetspes-blog.pl\/index.php\/2019\/12\/28\/droga-swiatlosci-czy-droga-heroda\/\"]}]},{\"@type\":\"BreadcrumbList\",\"@id\":\"https:\/\/gaudiumetspes-blog.pl\/index.php\/2019\/12\/28\/droga-swiatlosci-czy-droga-heroda\/#breadcrumb\",\"itemListElement\":[{\"@type\":\"ListItem\",\"position\":1,\"name\":\"Strona g\u0142\u00f3wna\",\"item\":\"https:\/\/gaudiumetspes-blog.pl\/\"},{\"@type\":\"ListItem\",\"position\":2,\"name\":\"Droga \u015bwiat\u0142o\u015bci &#8211; czy&nbsp;droga Heroda?&#8230;\"}]},{\"@type\":\"WebSite\",\"@id\":\"https:\/\/gaudiumetspes-blog.pl\/#website\",\"url\":\"https:\/\/gaudiumetspes-blog.pl\/\",\"name\":\"Gaudium Et Spes\",\"description\":\"Blog Ks. Jacka Ja\u015bkowskiego\",\"potentialAction\":[{\"@type\":\"SearchAction\",\"target\":{\"@type\":\"EntryPoint\",\"urlTemplate\":\"https:\/\/gaudiumetspes-blog.pl\/?s={search_term_string}\"},\"query-input\":{\"@type\":\"PropertyValueSpecification\",\"valueRequired\":true,\"valueName\":\"search_term_string\"}}],\"inLanguage\":\"pl-PL\"},{\"@type\":\"Person\",\"@id\":\"https:\/\/gaudiumetspes-blog.pl\/#\/schema\/person\/1661982992b752dea8dff0d4ed845a65\",\"name\":\"Ks. Jacek\",\"image\":{\"@type\":\"ImageObject\",\"inLanguage\":\"pl-PL\",\"@id\":\"https:\/\/gaudiumetspes-blog.pl\/#\/schema\/person\/image\/\",\"url\":\"https:\/\/gaudiumetspes-blog.pl\/wp-content\/uploads\/2019\/07\/avatar-JJ-150x150.jpg\",\"contentUrl\":\"https:\/\/gaudiumetspes-blog.pl\/wp-content\/uploads\/2019\/07\/avatar-JJ-150x150.jpg\",\"caption\":\"Ks. Jacek\"},\"description\":\"Witam serdecznie! K\u0142ania si\u0119 Ks. Jacek Ja\u015bkowski. Nie jestem ani kim\u015b wa\u017cnym, ani kim\u015b znanym. Jestem ksi\u0119dzem, kt\u00f3ry po prostu chce rozmawia\u0107. Codzienna kap\u0142a\u0144ska pos\u0142uga pokazuje mi, \u017ce temat\u00f3w do rozm\u00f3w z ksi\u0119dzem jest coraz wi\u0119cej i dzisiaj \u017caden ksi\u0105dz nie mo\u017ce od nich ucieka\u0107, ale - wprost przeciwnie - podejmowa\u0107 nowe wyzwania. To przekonanie sk\u0142oni\u0142o mnie do pr\u00f3by otwarcia tego\u017c bloga, chocia\u017c okazji do rozm\u00f3w na co dzie\u0144 - w konfesjonale i poza nim - na szcz\u0119\u015bcie nie brakuje. My\u015bl\u0119 jednak, \u017ce ten blog b\u0119dzie jeszcze jednym sposobem i przestrzeni\u0105 nawi\u0105zania kontaktu z lud\u017ami dobrej woli, otwartymi na dialog.\",\"url\":\"https:\/\/gaudiumetspes-blog.pl\/index.php\/author\/ks-jacek\/\"}]}<\/script>\n<!-- \/ Yoast SEO plugin. -->","yoast_head_json":{"title":"Droga \u015bwiat\u0142o\u015bci - czy droga Heroda?... - Gaudium Et Spes","robots":{"index":"index","follow":"follow","max-snippet":"max-snippet:-1","max-image-preview":"max-image-preview:large","max-video-preview":"max-video-preview:-1"},"canonical":"https:\/\/gaudiumetspes-blog.pl\/index.php\/2019\/12\/28\/droga-swiatlosci-czy-droga-heroda\/","og_locale":"pl_PL","og_type":"article","og_title":"Droga \u015bwiat\u0142o\u015bci - czy droga Heroda?... - Gaudium Et Spes","og_description":"Szcz\u0119\u015b\u0107 Bo\u017ce! Moi Drodzy, w dniu dzisiejszym imieniny prze\u017cywa Ojciec Cezary Szcze\u015bniak, kapucyn, nale\u017c\u0105cy w swoim czasie do jednej z moich m\u0142odzie\u017cowych Wsp\u00f3lnot. \u017bycz\u0119 Solenizantowi post\u0119powania przez ca\u0142e \u017cycie tylko drog\u0105 \u015bwiat\u0142o\u015bci. I zapewniam o modlitwie! Moi Drodzy, bardzo serdecznie dzi\u0119kuj\u0119 za wszystkie \u017cyczenia, jakie z okazji \u015awi\u0105t r\u00f3\u017cnymi drogami nap\u0142yn\u0119\u0142y do mnie. Jestem w [&hellip;]","og_url":"https:\/\/gaudiumetspes-blog.pl\/index.php\/2019\/12\/28\/droga-swiatlosci-czy-droga-heroda\/","og_site_name":"Gaudium Et Spes","article_published_time":"2019-12-28T06:37:28+00:00","author":"Ks. Jacek","twitter_card":"summary_large_image","twitter_misc":{"Napisane przez":"Ks. Jacek","Szacowany czas czytania":"7 minut"},"schema":{"@context":"https:\/\/schema.org","@graph":[{"@type":"WebPage","@id":"https:\/\/gaudiumetspes-blog.pl\/index.php\/2019\/12\/28\/droga-swiatlosci-czy-droga-heroda\/","url":"https:\/\/gaudiumetspes-blog.pl\/index.php\/2019\/12\/28\/droga-swiatlosci-czy-droga-heroda\/","name":"Droga \u015bwiat\u0142o\u015bci - czy droga Heroda?... - Gaudium Et Spes","isPartOf":{"@id":"https:\/\/gaudiumetspes-blog.pl\/#website"},"datePublished":"2019-12-28T06:37:28+00:00","author":{"@id":"https:\/\/gaudiumetspes-blog.pl\/#\/schema\/person\/1661982992b752dea8dff0d4ed845a65"},"breadcrumb":{"@id":"https:\/\/gaudiumetspes-blog.pl\/index.php\/2019\/12\/28\/droga-swiatlosci-czy-droga-heroda\/#breadcrumb"},"inLanguage":"pl-PL","potentialAction":[{"@type":"ReadAction","target":["https:\/\/gaudiumetspes-blog.pl\/index.php\/2019\/12\/28\/droga-swiatlosci-czy-droga-heroda\/"]}]},{"@type":"BreadcrumbList","@id":"https:\/\/gaudiumetspes-blog.pl\/index.php\/2019\/12\/28\/droga-swiatlosci-czy-droga-heroda\/#breadcrumb","itemListElement":[{"@type":"ListItem","position":1,"name":"Strona g\u0142\u00f3wna","item":"https:\/\/gaudiumetspes-blog.pl\/"},{"@type":"ListItem","position":2,"name":"Droga \u015bwiat\u0142o\u015bci &#8211; czy&nbsp;droga Heroda?&#8230;"}]},{"@type":"WebSite","@id":"https:\/\/gaudiumetspes-blog.pl\/#website","url":"https:\/\/gaudiumetspes-blog.pl\/","name":"Gaudium Et Spes","description":"Blog Ks. Jacka Ja\u015bkowskiego","potentialAction":[{"@type":"SearchAction","target":{"@type":"EntryPoint","urlTemplate":"https:\/\/gaudiumetspes-blog.pl\/?s={search_term_string}"},"query-input":{"@type":"PropertyValueSpecification","valueRequired":true,"valueName":"search_term_string"}}],"inLanguage":"pl-PL"},{"@type":"Person","@id":"https:\/\/gaudiumetspes-blog.pl\/#\/schema\/person\/1661982992b752dea8dff0d4ed845a65","name":"Ks. Jacek","image":{"@type":"ImageObject","inLanguage":"pl-PL","@id":"https:\/\/gaudiumetspes-blog.pl\/#\/schema\/person\/image\/","url":"https:\/\/gaudiumetspes-blog.pl\/wp-content\/uploads\/2019\/07\/avatar-JJ-150x150.jpg","contentUrl":"https:\/\/gaudiumetspes-blog.pl\/wp-content\/uploads\/2019\/07\/avatar-JJ-150x150.jpg","caption":"Ks. Jacek"},"description":"Witam serdecznie! K\u0142ania si\u0119 Ks. Jacek Ja\u015bkowski. Nie jestem ani kim\u015b wa\u017cnym, ani kim\u015b znanym. Jestem ksi\u0119dzem, kt\u00f3ry po prostu chce rozmawia\u0107. Codzienna kap\u0142a\u0144ska pos\u0142uga pokazuje mi, \u017ce temat\u00f3w do rozm\u00f3w z ksi\u0119dzem jest coraz wi\u0119cej i dzisiaj \u017caden ksi\u0105dz nie mo\u017ce od nich ucieka\u0107, ale - wprost przeciwnie - podejmowa\u0107 nowe wyzwania. To przekonanie sk\u0142oni\u0142o mnie do pr\u00f3by otwarcia tego\u017c bloga, chocia\u017c okazji do rozm\u00f3w na co dzie\u0144 - w konfesjonale i poza nim - na szcz\u0119\u015bcie nie brakuje. My\u015bl\u0119 jednak, \u017ce ten blog b\u0119dzie jeszcze jednym sposobem i przestrzeni\u0105 nawi\u0105zania kontaktu z lud\u017ami dobrej woli, otwartymi na dialog.","url":"https:\/\/gaudiumetspes-blog.pl\/index.php\/author\/ks-jacek\/"}]}},"jetpack_featured_media_url":"","jetpack_sharing_enabled":true,"_links":{"self":[{"href":"https:\/\/gaudiumetspes-blog.pl\/index.php\/wp-json\/wp\/v2\/posts\/16384","targetHints":{"allow":["GET"]}}],"collection":[{"href":"https:\/\/gaudiumetspes-blog.pl\/index.php\/wp-json\/wp\/v2\/posts"}],"about":[{"href":"https:\/\/gaudiumetspes-blog.pl\/index.php\/wp-json\/wp\/v2\/types\/post"}],"author":[{"embeddable":true,"href":"https:\/\/gaudiumetspes-blog.pl\/index.php\/wp-json\/wp\/v2\/users\/1"}],"replies":[{"embeddable":true,"href":"https:\/\/gaudiumetspes-blog.pl\/index.php\/wp-json\/wp\/v2\/comments?post=16384"}],"version-history":[{"count":1,"href":"https:\/\/gaudiumetspes-blog.pl\/index.php\/wp-json\/wp\/v2\/posts\/16384\/revisions"}],"predecessor-version":[{"id":16385,"href":"https:\/\/gaudiumetspes-blog.pl\/index.php\/wp-json\/wp\/v2\/posts\/16384\/revisions\/16385"}],"wp:attachment":[{"href":"https:\/\/gaudiumetspes-blog.pl\/index.php\/wp-json\/wp\/v2\/media?parent=16384"}],"wp:term":[{"taxonomy":"category","embeddable":true,"href":"https:\/\/gaudiumetspes-blog.pl\/index.php\/wp-json\/wp\/v2\/categories?post=16384"},{"taxonomy":"post_tag","embeddable":true,"href":"https:\/\/gaudiumetspes-blog.pl\/index.php\/wp-json\/wp\/v2\/tags?post=16384"}],"curies":[{"name":"wp","href":"https:\/\/api.w.org\/{rel}","templated":true}]}}