{"id":16391,"date":"2019-12-31T07:32:07","date_gmt":"2019-12-31T06:32:07","guid":{"rendered":"https:\/\/gaudiumetspes-blog.pl\/?p=16391"},"modified":"2019-12-31T07:32:07","modified_gmt":"2019-12-31T06:32:07","slug":"slowo-czy-antychryst","status":"publish","type":"post","link":"https:\/\/gaudiumetspes-blog.pl\/index.php\/2019\/12\/31\/slowo-czy-antychryst\/","title":{"rendered":"S\u0142owo &#8211; czy antychryst?&#8230;"},"content":{"rendered":"<p align=\"justify\"><span style=\"color: #000000;\"><span style=\"font-family: Book Antiqua, serif;\"><span style=\"font-size: large;\">Szcz\u0119\u015b\u0107 Bo\u017ce! Moi Drodzy, w dniu dzisiejszym<b> imieniny obchodz\u0105: <\/b><\/span><\/span><\/span><\/p>\n<p align=\"justify\"><span style=\"color: #000000;\">\u25ba<span style=\"font-family: Book Antiqua, serif;\"><span style=\"font-size: large;\"><b>Ksi\u0105dz Sylwester Fr\u0105c, Proboszcz Parafii w Wojcieszkowie, gdzie przez pewien czas, w <\/b><b>trakcie<\/b><b> studi\u00f3w, mieszka\u0142em i pomaga\u0142em duszpastersko; <\/b><\/span><\/span><\/span><\/p>\n<p align=\"justify\"><span style=\"color: #000000;\">\u25ba<span style=\"font-family: Book Antiqua, serif;\"><span style=\"font-size: large;\"><b>Ksi\u0105dz Sylwester Ga\u0142ach, w Parafii kt\u00f3rego prowadzi\u0142em kiedy\u015b Rekolekcje; <\/b><\/span><\/span><\/span><\/p>\n<p align=\"justify\"><span style=\"color: #000000;\">\u25ba<span style=\"font-family: Book Antiqua, serif;\"><span style=\"font-size: large;\"><b>Sylwester Biernacki z \u017belechowa, kt\u00f3ry wozi\u0142 nas swoim autokarem na wyjazdy do Szklarskiej Por\u0119by \u2013 i <\/b><b>w r\u00f3\u017cne inne miejsca<\/b><b>. <\/b><\/span><\/span><\/span><\/p>\n<p align=\"justify\"><span style=\"color: #000000;\"><span style=\"font-family: Book Antiqua, serif;\"><span style=\"font-size: large;\"><b>\u017bycz\u0119 Dostojnym Solenizantom wszelkich Bo\u017cych \u015bwiate\u0142 i pomocy w realizacji Jego woli w Ich \u017cyciu. <\/b><b>Zapewniam o modlitwie!<\/b><\/span><\/span><\/span><\/p>\n<p align=\"justify\"><span style=\"color: #000000;\"><span style=\"font-family: Book Antiqua, serif;\"><span style=\"font-size: large;\">Moi Drodzy, w dniu dzisiejszym, za wsp\u00f3lne od\u015bpiewanie w ko\u015bciele lub kaplicy hymnu \u201eCiebie Boga wys\u0142awiamy\u201d, mo\u017cna uzyska\u0107 odpust zupe\u0142ny. Zach\u0119cam do tego! By\u0107 mo\u017ce, b\u0119dzie to \u0142atwiej osi\u0105gn\u0105\u0107, je\u015bli si\u0119 we\u017amie udzia\u0142 we Mszy \u015awi\u0119tej ko\u0144cz\u0105cej rok, kt\u00f3ra na pewno w ka\u017cdej naszej Parafii b\u0119dzie dzi\u015b sprawowana. Naprawd\u0119 warto \u2013 tak ze wzgl\u0119du na odpust, jak i ze wzgl\u0119du na potrzeb\u0119 podzi\u0119kowania Bogu za ten czas, kt\u00f3ry nam podarowa\u0142.<\/span><\/span><\/span><\/p>\n<p align=\"justify\"><span style=\"color: #000000;\"><span style=\"font-family: Book Antiqua, serif;\"><span style=\"font-size: large;\">A jutro \u2013 jak nakazuje \u015bwi\u0119ta tradycja ojc\u00f3w, dziad\u00f3w, a nawet pradziad\u00f3w i prababek \u2013 w nowy rok wprowadzi nas\u2026 co? To przecie\u017c oczywiste \u2013 s\u0142\u00f3wko z Syberii!<\/span><\/span><\/span><\/p>\n<p align=\"justify\"><span style=\"color: #000000;\"><span style=\"font-family: Book Antiqua, serif;\"><span style=\"font-size: large;\">Na g\u0142\u0119bokie prze\u017cywanie tego dzisiejszego dnia i wielkiego dzi\u0119kczynienia Bogu \u2013 <b>niech Was b\u0142ogos\u0142awi B\u00f3g Wszechmog\u0105cy: Ojciec + i Syn, i Duch \u015awi\u0119ty. Amen<\/b><\/span><\/span><\/span><\/p>\n<p align=\"center\"><span style=\"color: #000000;\"><span style=\"font-family: Book Antiqua, serif;\"><span style=\"font-size: large;\">Gaudium et spes! Ks. Jacek<\/span><\/span><\/span><\/p>\n<p align=\"center\">\n<p align=\"center\">\n<p align=\"center\">\n<p align=\"center\">\n<p align=\"center\">\n<p align=\"justify\"><span style=\"color: #000000;\"><span style=\"font-family: Book Antiqua, serif;\"><span style=\"font-size: large;\"><b>7 dzie\u0144 w Oktawie Narodzenia Pa\u0144skiego,<\/b><\/span><\/span><\/span><\/p>\n<p align=\"justify\"><span style=\"color: #000000;\"><span style=\"font-family: Book Antiqua, serif;\"><span style=\"font-size: large;\"><b>do czyta\u0144: 1 J 2,18\u201321; J 1,1\u201318<\/b><\/span><\/span><\/span><\/p>\n<p align=\"justify\">\n<p align=\"justify\">\n<p align=\"justify\">\n<p align=\"justify\">\n<p align=\"justify\">\n<p align=\"justify\"><span style=\"color: #000000;\"><span style=\"font-family: Book Antiqua, serif;\"><span style=\"font-size: large;\"><b>CZYTANIE Z PIERWSZEGO LISTU \u015aWI\u0118TEGO JANA APOSTO\u0141A:<\/b><\/span><\/span><\/span><\/p>\n<p align=\"justify\"><span style=\"color: #000000;\"><span style=\"font-family: Book Antiqua, serif;\"><span style=\"font-size: large;\"><b>Dzieci, jest ju\u017c ostatnia godzina, <\/b><\/span><\/span><\/span><\/p>\n<p align=\"justify\"><span style=\"color: #000000;\"><span style=\"font-family: Book Antiqua, serif;\"><span style=\"font-size: large;\"><b>i tak, jak s\u0142yszeli\u015bcie, Antychryst nadchodzi, <\/b><\/span><\/span><\/span><\/p>\n<p align=\"justify\"><span style=\"color: #000000;\"><span style=\"font-family: Book Antiqua, serif;\"><span style=\"font-size: large;\"><b>bo oto teraz w\u0142a\u015bnie <\/b><\/span><\/span><\/span><\/p>\n<p align=\"justify\"><span style=\"color: #000000;\"><span style=\"font-family: Book Antiqua, serif;\"><span style=\"font-size: large;\"><b>pojawi\u0142o si\u0119 wielu antychryst\u00f3w; <\/b><\/span><\/span><\/span><\/p>\n<p align=\"justify\"><span style=\"color: #000000;\"><span style=\"font-family: Book Antiqua, serif;\"><span style=\"font-size: large;\"><b>st\u0105d poznajemy, \u017ce ju\u017c jest ostatnia godzina. <\/b><\/span><\/span><\/span><\/p>\n<p align=\"justify\"><span style=\"color: #000000;\"><span style=\"font-family: Book Antiqua, serif;\"><span style=\"font-size: large;\"><b>Wyszli oni z nas, lecz nie byli z nas; <\/b><\/span><\/span><\/span><\/p>\n<p align=\"justify\"><span style=\"color: #000000;\"><span style=\"font-family: Book Antiqua, serif;\"><span style=\"font-size: large;\"><b>bo gdyby byli naszego ducha, <\/b><\/span><\/span><\/span><\/p>\n<p align=\"justify\"><span style=\"color: #000000;\"><span style=\"font-family: Book Antiqua, serif;\"><span style=\"font-size: large;\"><b>pozostaliby z nami; <\/b><\/span><\/span><\/span><\/p>\n<p align=\"justify\"><span style=\"color: #000000;\"><span style=\"font-family: Book Antiqua, serif;\"><span style=\"font-size: large;\"><b>a to sta\u0142o si\u0119 po to, aby wysz\u0142o na jaw, <\/b><\/span><\/span><\/span><\/p>\n<p align=\"justify\"><span style=\"color: #000000;\"><span style=\"font-family: Book Antiqua, serif;\"><span style=\"font-size: large;\"><b>\u017ce nie wszyscy s\u0105 naszego ducha. <\/b><\/span><\/span><\/span><\/p>\n<p align=\"justify\"><span style=\"color: #000000;\"><span style=\"font-family: Book Antiqua, serif;\"><span style=\"font-size: large;\"><b>Wy natomiast macie namaszczenie od \u015awi\u0119tego <\/b><\/span><\/span><\/span><\/p>\n<p align=\"justify\"><span style=\"color: #000000;\"><span style=\"font-family: Book Antiqua, serif;\"><span style=\"font-size: large;\"><b>i wszyscy jeste\u015bcie nape\u0142nieni wiedz\u0105. <\/b><\/span><\/span><\/span><\/p>\n<p align=\"justify\"><span style=\"color: #000000;\"><span style=\"font-family: Book Antiqua, serif;\"><span style=\"font-size: large;\"><b>Ja wam nie pisa\u0142em, <\/b><\/span><\/span><\/span><\/p>\n<p align=\"justify\"><span style=\"color: #000000;\"><span style=\"font-family: Book Antiqua, serif;\"><span style=\"font-size: large;\"><b>jakoby\u015bcie nie znali prawdy, <\/b><\/span><\/span><\/span><\/p>\n<p align=\"justify\"><span style=\"color: #000000;\"><span style=\"font-family: Book Antiqua, serif;\"><span style=\"font-size: large;\"><b>lecz \u017ce j\u0105 znacie <\/b><\/span><\/span><\/span><\/p>\n<p align=\"justify\"><span style=\"color: #000000;\"><span style=\"font-family: Book Antiqua, serif;\"><span style=\"font-size: large;\"><b>i \u017ce \u017cadna fa\u0142szywa nauka z prawdy nie pochodzi.<\/b><\/span><\/span><\/span><\/p>\n<p align=\"justify\">\n<p align=\"justify\">\n<p align=\"justify\">\n<p align=\"justify\">\n<p align=\"justify\">\n<p align=\"justify\"><span style=\"color: #000000;\"><span style=\"font-family: Book Antiqua, serif;\"><span style=\"font-size: large;\"><b>S\u0141OWA EWANGELII WED\u0141UG \u015aWI\u0118TEGO JANA:<\/b><\/span><\/span><\/span><\/p>\n<p align=\"justify\"><span style=\"color: #000000;\"><span style=\"font-family: Book Antiqua, serif;\"><span style=\"font-size: large;\"><b>Na pocz\u0105tku by\u0142o S\u0142owo, <\/b><\/span><\/span><\/span><\/p>\n<p align=\"justify\"><span style=\"color: #000000;\"><span style=\"font-family: Book Antiqua, serif;\"><span style=\"font-size: large;\"><b>a S\u0142owo by\u0142o u Boga, <\/b><\/span><\/span><\/span><\/p>\n<p align=\"justify\"><span style=\"color: #000000;\"><span style=\"font-family: Book Antiqua, serif;\"><span style=\"font-size: large;\"><b>i Bogiem by\u0142o S\u0142owo. <\/b><\/span><\/span><\/span><\/p>\n<p align=\"justify\"><span style=\"color: #000000;\"><span style=\"font-family: Book Antiqua, serif;\"><span style=\"font-size: large;\"><b>Ono by\u0142o na pocz\u0105tku u Boga. <\/b><\/span><\/span><\/span><\/p>\n<p align=\"justify\"><span style=\"color: #000000;\"><span style=\"font-family: Book Antiqua, serif;\"><span style=\"font-size: large;\"><b>Wszystko przez Nie si\u0119 sta\u0142o, <\/b><\/span><\/span><\/span><\/p>\n<p align=\"justify\"><span style=\"color: #000000;\"><span style=\"font-family: Book Antiqua, serif;\"><span style=\"font-size: large;\"><b>a bez Niego nic si\u0119 nie sta\u0142o, <\/b><\/span><\/span><\/span><\/p>\n<p align=\"justify\"><span style=\"color: #000000;\"><span style=\"font-family: Book Antiqua, serif;\"><span style=\"font-size: large;\"><b>co si\u0119 sta\u0142o. <\/b><\/span><\/span><\/span><\/p>\n<p align=\"justify\"><span style=\"color: #000000;\"><span style=\"font-family: Book Antiqua, serif;\"><span style=\"font-size: large;\"><b>W Nim by\u0142o \u017cycie, <\/b><\/span><\/span><\/span><\/p>\n<p align=\"justify\"><span style=\"color: #000000;\"><span style=\"font-family: Book Antiqua, serif;\"><span style=\"font-size: large;\"><b>a \u017cycie by\u0142o \u015bwiat\u0142o\u015bci\u0105 ludzi, <\/b><\/span><\/span><\/span><\/p>\n<p align=\"justify\"><span style=\"color: #000000;\"><span style=\"font-family: Book Antiqua, serif;\"><span style=\"font-size: large;\"><b>a \u015bwiat\u0142o\u015b\u0107 w ciemno\u015bci \u015bwieci <\/b><\/span><\/span><\/span><\/p>\n<p align=\"justify\"><span style=\"color: #000000;\"><span style=\"font-family: Book Antiqua, serif;\"><span style=\"font-size: large;\"><b>i ciemno\u015b\u0107 jej nie ogarn\u0119\u0142a. <\/b><\/span><\/span><\/span><\/p>\n<p align=\"justify\"><span style=\"color: #000000;\"><span style=\"font-family: Book Antiqua, serif;\"><span style=\"font-size: large;\"><b>Pojawi\u0142 si\u0119 cz\u0142owiek pos\u0142any przez Boga, <\/b><\/span><\/span><\/span><\/p>\n<p align=\"justify\"><span style=\"color: #000000;\"><span style=\"font-family: Book Antiqua, serif;\"><span style=\"font-size: large;\"><b>Jan mu by\u0142o na imi\u0119. <\/b><\/span><\/span><\/span><\/p>\n<p align=\"justify\"><span style=\"color: #000000;\"><span style=\"font-family: Book Antiqua, serif;\"><span style=\"font-size: large;\"><b>Przyszed\u0142 on na \u015bwiadectwo, <\/b><\/span><\/span><\/span><\/p>\n<p align=\"justify\"><span style=\"color: #000000;\"><span style=\"font-family: Book Antiqua, serif;\"><span style=\"font-size: large;\"><b>aby za\u015bwiadczy\u0107 o \u015bwiat\u0142o\u015bci, <\/b><\/span><\/span><\/span><\/p>\n<p align=\"justify\"><span style=\"color: #000000;\"><span style=\"font-family: Book Antiqua, serif;\"><span style=\"font-size: large;\"><b>by wszyscy uwierzyli przez niego. <\/b><\/span><\/span><\/span><\/p>\n<p align=\"justify\"><span style=\"color: #000000;\"><span style=\"font-family: Book Antiqua, serif;\"><span style=\"font-size: large;\"><b>Nie by\u0142 on \u015bwiat\u0142o\u015bci\u0105, <\/b><\/span><\/span><\/span><\/p>\n<p align=\"justify\"><span style=\"color: #000000;\"><span style=\"font-family: Book Antiqua, serif;\"><span style=\"font-size: large;\"><b>lecz pos\u0142anym, aby za\u015bwiadczy\u0107 o \u015bwiat\u0142o\u015bci. <\/b><\/span><\/span><\/span><\/p>\n<p align=\"justify\"><span style=\"color: #000000;\"><span style=\"font-family: Book Antiqua, serif;\"><span style=\"font-size: large;\"><b>By\u0142a \u015awiat\u0142o\u015b\u0107 prawdziwa, <\/b><\/span><\/span><\/span><\/p>\n<p align=\"justify\"><span style=\"color: #000000;\"><span style=\"font-family: Book Antiqua, serif;\"><span style=\"font-size: large;\"><b>kt\u00f3ra o\u015bwieca ka\u017cdego cz\u0142owieka, <\/b><\/span><\/span><\/span><\/p>\n<p align=\"justify\"><span style=\"color: #000000;\"><span style=\"font-family: Book Antiqua, serif;\"><span style=\"font-size: large;\"><b>gdy na \u015bwiat przychodzi. <\/b><\/span><\/span><\/span><\/p>\n<p align=\"justify\"><span style=\"color: #000000;\"><span style=\"font-family: Book Antiqua, serif;\"><span style=\"font-size: large;\"><b>Na \u015bwiecie by\u0142o S\u0142owo, <\/b><\/span><\/span><\/span><\/p>\n<p align=\"justify\"><span style=\"color: #000000;\"><span style=\"font-family: Book Antiqua, serif;\"><span style=\"font-size: large;\"><b>a \u015bwiat sta\u0142 si\u0119 przez Nie, <\/b><\/span><\/span><\/span><\/p>\n<p align=\"justify\"><span style=\"color: #000000;\"><span style=\"font-family: Book Antiqua, serif;\"><span style=\"font-size: large;\"><b>lecz \u015bwiat Go nie pozna\u0142. <\/b><\/span><\/span><\/span><\/p>\n<p align=\"justify\"><span style=\"color: #000000;\"><span style=\"font-family: Book Antiqua, serif;\"><span style=\"font-size: large;\"><b>Przysz\u0142o do swojej w\u0142asno\u015bci, <\/b><\/span><\/span><\/span><\/p>\n<p align=\"justify\"><span style=\"color: #000000;\"><span style=\"font-family: Book Antiqua, serif;\"><span style=\"font-size: large;\"><b>a swoi Go nie przyj\u0119li. <\/b><\/span><\/span><\/span><\/p>\n<p align=\"justify\"><span style=\"color: #000000;\"><span style=\"font-family: Book Antiqua, serif;\"><span style=\"font-size: large;\"><b>Wszystkim tym jednak, kt\u00f3rzy Je przyj\u0119li, <\/b><\/span><\/span><\/span><\/p>\n<p align=\"justify\"><span style=\"color: #000000;\"><span style=\"font-family: Book Antiqua, serif;\"><span style=\"font-size: large;\"><b>da\u0142o moc, aby si\u0119 stali dzie\u0107mi Bo\u017cymi, <\/b><\/span><\/span><\/span><\/p>\n<p align=\"justify\"><span style=\"color: #000000;\"><span style=\"font-family: Book Antiqua, serif;\"><span style=\"font-size: large;\"><b>tym, kt\u00f3rzy wierz\u0105 w imi\u0119 Jego, <\/b><\/span><\/span><\/span><\/p>\n<p align=\"justify\"><span style=\"color: #000000;\"><span style=\"font-family: Book Antiqua, serif;\"><span style=\"font-size: large;\"><b>kt\u00f3rzy ani z krwi, <\/b><\/span><\/span><\/span><\/p>\n<p align=\"justify\"><span style=\"color: #000000;\"><span style=\"font-family: Book Antiqua, serif;\"><span style=\"font-size: large;\"><b>ani z \u017c\u0105dzy cia\u0142a, <\/b><\/span><\/span><\/span><\/p>\n<p align=\"justify\"><span style=\"color: #000000;\"><span style=\"font-family: Book Antiqua, serif;\"><span style=\"font-size: large;\"><b>ani z woli m\u0119\u017ca, <\/b><\/span><\/span><\/span><\/p>\n<p align=\"justify\"><span style=\"color: #000000;\"><span style=\"font-family: Book Antiqua, serif;\"><span style=\"font-size: large;\"><b>ale z Boga si\u0119 narodzili. <\/b><\/span><\/span><\/span><\/p>\n<p align=\"justify\"><span style=\"color: #000000;\"><span style=\"font-family: Book Antiqua, serif;\"><span style=\"font-size: large;\"><b>S\u0142owo sta\u0142o si\u0119 cia\u0142em <\/b><\/span><\/span><\/span><\/p>\n<p align=\"justify\"><span style=\"color: #000000;\"><span style=\"font-family: Book Antiqua, serif;\"><span style=\"font-size: large;\"><b>i zamieszka\u0142o w\u015br\u00f3d nas. <\/b><\/span><\/span><\/span><\/p>\n<p align=\"justify\"><span style=\"color: #000000;\"><span style=\"font-family: Book Antiqua, serif;\"><span style=\"font-size: large;\"><b>I ogl\u0105dali\u015bmy Jego chwa\u0142\u0119, <\/b><\/span><\/span><\/span><\/p>\n<p align=\"justify\"><span style=\"color: #000000;\"><span style=\"font-family: Book Antiqua, serif;\"><span style=\"font-size: large;\"><b>chwa\u0142\u0119, jak\u0105 Jednorodzony otrzymuje od Ojca, <\/b><\/span><\/span><\/span><\/p>\n<p align=\"justify\"><span style=\"color: #000000;\"><span style=\"font-family: Book Antiqua, serif;\"><span style=\"font-size: large;\"><b>pe\u0142en \u0142aski i prawdy. <\/b><\/span><\/span><\/span><\/p>\n<p align=\"justify\"><span style=\"color: #000000;\"><span style=\"font-family: Book Antiqua, serif;\"><span style=\"font-size: large;\"><b>Jan daje o Nim \u015bwiadectwo i g\u0142o\u015bno wo\u0142a w s\u0142owach: \u201eTen by\u0142, o kt\u00f3rym powiedzia\u0142em: Ten, kt\u00f3ry po mnie idzie, przewy\u017cszy\u0142 mnie godno\u015bci\u0105, gdy\u017c by\u0142 wcze\u015bniej ode mnie\u201d. Z Jego pe\u0142no\u015bci wszyscy\u015bmy otrzymali \u0142ask\u0119 po \u0142asce. Podczas gdy Prawo zosta\u0142o nadane przez Moj\u017cesza, \u0142aska i prawda przysz\u0142y przez Jezusa Chrystusa. Boga nikt nigdy nie widzia\u0142. Jednorodzony B\u00f3g, kt\u00f3ry jest w \u0142onie Ojca, o Nim pouczy\u0142.<\/b><\/span><\/span><\/span><\/p>\n<p align=\"justify\">\n<p align=\"justify\">\n<p align=\"justify\">\n<p align=\"justify\">\n<p align=\"justify\">\n<p align=\"justify\"><span style=\"color: #000000;\"><span style=\"font-family: Book Antiqua, serif;\"><span style=\"font-size: large;\">Wol\u0105 Ko\u015bcio\u0142a jest, aby w ostatnim dniu roku kalendarzowego, a wr\u0119cz w jego <b>ostatnich godzinach, <\/b>us\u0142ysze\u0107 w czytaniu, przeznaczonym na liturgi\u0119 Mszy \u015awi\u0119tej tego dnia, takie oto s\u0142owa: <i><b>Dzieci, jest ju\u017c ostatnia godzina\u2026<\/b><\/i><b> <\/b><\/span><\/span><\/span><\/p>\n<p align=\"justify\"><span style=\"color: #000000;\"><span style=\"font-family: Book Antiqua, serif;\"><span style=\"font-size: large;\">Oczywi\u015bcie, kiedy \u015awi\u0119ty Jan pisa\u0142 te s\u0142owa, to <b>prawdopodobnie nie mia\u0142 na my\u015bli<\/b> tego, \u017ce kiedy\u015b Ko\u015bci\u00f3\u0142 b\u0119dzie je odczytywa\u0142 w ostatnim dniu roku kalendarzowego, dlatego on akurat mia\u0142 na uwadze zupe\u0142nie inny kontekst \u2013 ten oto, \u017ce przyj\u015bcie Jezusa na \u015bwiat by\u0142o <b>wype\u0142nieniem si\u0119 Bo\u017cych obietnic,<\/b> st\u0105d te\u017c wszyscy \u017cyjemy obecnie <b>w czas<\/b><b>ie<\/b><b> ostateczny<\/b><b>m<\/b><b>. <\/b>A \u017ce ten czas trwa ju\u017c dwa tysi\u0105ce lat \u2013 to jest znakiem Boga i Jego woli. <\/span><\/span><\/span><\/p>\n<p align=\"justify\"><span style=\"color: #000000;\"><span style=\"font-family: Book Antiqua, serif;\"><span style=\"font-size: large;\">U Boga bowiem nie ma czasu \u2013 <b>czas jest u nas i jest dla nas.<\/b> Dlatego kiedy my dzisiaj s\u0142yszymy takie w\u0142a\u015bnie s\u0142owa \u2013 i to w ostatnim dniu roku kalendarzowego \u2013 to odnosimy je <b>bezpo\u015brednio<\/b> <b>do siebie<\/b> i na pewno nie jest \u017cadnym b\u0142\u0119dem z naszej strony, je\u017celi faktycznie spojrzymy na nie w kontek\u015bcie tego ko\u0144cz\u0105cego si\u0119 dla nas czasu. <\/span><\/span><\/span><\/p>\n<p align=\"justify\"><span style=\"color: #000000;\"><span style=\"font-family: Book Antiqua, serif;\"><span style=\"font-size: large;\">Zw\u0142aszcza, \u017ce i nast\u0119pne zdania, m\u00f3wi\u0105ce o pojawieniu si\u0119 Antychrysta, kt\u00f3re w oryginale oznacza\u0142y <b>g\u0142osicieli b\u0142\u0119dnych nauk,<\/b> przeciwnych nauce Chrystusa \u2013 tak\u017ce dzisiaj zyskuj\u0105 na aktualno\u015bci. Bo dzisiaj <b>takich antychryst\u00f3w jest bez liku!<\/b> Trudno ich wszystkich ogarn\u0105\u0107 wzrokiem i umys\u0142em! Mamy wra\u017cenie, \u017ce obecny czas znalaz\u0142 si\u0119 <b>pod wyj\u0105tkowym wp\u0142ywem<\/b> szeroko rozumianego antychrysta. <\/span><\/span><\/span><\/p>\n<p align=\"justify\"><span style=\"color: #000000;\"><span style=\"font-family: Book Antiqua, serif;\"><span style=\"font-size: large;\">Mo\u017ce to nawet prowadzi\u0107 do swoistego pesymizmu i postawienia pytania: <b>Co b\u0119dzie dalej?<\/b> Jaki b\u0119dzie ten nowy rok? Czy jeste\u015bmy naprawd\u0119 skazani na to, <b>by z\u0142o bezkarnie si\u0119 panoszy\u0142o,<\/b> a jego g\u0142osiciele coraz bezczelniej podnosili g\u0142owy i \u2013 rozpychaj\u0105c si\u0119 \u0142okciami \u2013 coraz nachalniej narzucali nam swoje ba\u0142amutne pogl\u0105dy? <\/span><\/span><\/span><\/p>\n<p align=\"justify\"><span style=\"color: #000000;\"><span style=\"font-family: Book Antiqua, serif;\"><span style=\"font-size: large;\">A mo\u017ce trzeba nam si\u0119, moi Drodzy, przyzna\u0107 do tego, \u017ce i my sami niekiedy w\u0142\u0105czamy si\u0119 <b>w g\u0142oszenie lub propagowanie jakich\u015b dziwnych pogl\u0105d\u00f3w,<\/b> albo dawanie nie zawsze dobrego przyk\u0142adu swoj\u0105 postaw\u0105? Gdzie w tym wszystkim szuka\u0107 pomocy i ratunku? Gdzie szuka\u0107 \u015bwiat\u0142a \u2013 i wyj\u015bcia z impasu?<\/span><\/span><\/span><\/p>\n<p align=\"justify\"><span style=\"color: #000000;\"><span style=\"font-family: Book Antiqua, serif;\"><span style=\"font-size: large;\">My\u015bl\u0119, \u017ce odpowied\u017a daje nam dzisiejsze s\u0142owo Bo\u017ce. Ju\u017c w pierwszym czytaniu, zaraz po tym, jak ostrzeg\u0142 przed Antychrystem, \u015awi\u0119ty Jan m\u00f3wi do chrze\u015bcijan wszystkich czas\u00f3w: <i><b>Wy natomiast macie namaszczenie od \u015awi\u0119tego <\/b><\/i><i><b>i wszyscy jeste\u015bcie nape\u0142nieni wiedz\u0105. Ja wam nie pisa\u0142em, jakoby\u015bcie nie znali prawdy, lecz \u017ce j\u0105 znacie <\/b><\/i><i><b>i \u017ce \u017cadna fa\u0142szywa nauka z prawdy nie pochodzi. <\/b><\/i><\/span><\/span><\/span><\/p>\n<p align=\"justify\"><span style=\"color: #000000;\"><span style=\"font-family: Book Antiqua, serif;\"><span style=\"font-size: large;\">A w Ewangelii daje on nam przepi\u0119kne przes\u0142anie o tym, \u017ce <i><b>S\u0142owo sta\u0142o si\u0119 cia\u0142em <\/b><\/i><i><b>i zamieszka\u0142o w\u015br\u00f3d nas. I ogl\u0105dali\u015bmy Jego chwa\u0142\u0119, chwa\u0142\u0119, jak\u0105 Jednorodzony otrzymuje od Ojca, <\/b><\/i><i><b>pe\u0142en \u0142aski i prawdy. <\/b><\/i>Niestety, jest smutn\u0105 prawd\u0105, \u017ce <i><b>na \u015bwiecie by\u0142o S\u0142owo, <\/b><\/i><i><b>a \u015bwiat sta\u0142 si\u0119 przez Nie, lecz \u015bwiat Go nie pozna\u0142. Przysz\u0142o do swojej w\u0142asno\u015bci, <\/b><\/i><i><b>a swoi Go nie przyj\u0119li.<\/b><\/i> Z drugiej jednak strony, <i><b>wszystkim tym<\/b><\/i><b> [\u2026], <\/b><i><b>kt\u00f3rzy Je przyj\u0119li, <\/b><\/i><i><b>da\u0142o moc, aby si\u0119 stali dzie\u0107mi Bo\u017cymi, tym, kt\u00f3rzy wierz\u0105 w imi\u0119 Jego, kt\u00f3rzy ani z krwi, ani z \u017c\u0105dzy cia\u0142a, ani z woli m\u0119\u017ca, <\/b><\/i><i><b>ale z Boga si\u0119 narodzili. <\/b><\/i><\/span><\/span><\/span><\/p>\n<p align=\"justify\"><span style=\"color: #000000;\"><span style=\"font-family: Book Antiqua, serif;\"><span style=\"font-size: large;\">Zatem, moi Drodzy, \u017cyjemy w czasach niesamowitego panoszenia si\u0119 ca\u0142ej masy <b>przer\u00f3\u017cnych antychryst\u00f3w.<\/b> Ale te\u017c \u017cyjemy w czasie wype\u0142niania si\u0119 Bo\u017cych obietnic i <b>panowania wcielonego S\u0142owa Bo\u017cego \u2013 Jezusa Chrystusa.<\/b> Od nas zale\u017cy \u2013 od naszej wiary, od naszej wolno\u015bci i odpowiedzialno\u015bci \u2013 <b>po kt\u00f3rej stronie si\u0119 opowiemy<\/b> i na czyje panowanie zgodzimy si\u0119 w swoim \u017cyciu i w swoim sercu.<\/span><\/span><\/span><\/p>\n<p align=\"justify\"><span style=\"color: #000000;\"><span style=\"font-family: Book Antiqua, serif;\"><span style=\"font-size: large;\">Jak to wygl\u0105da\u0142o <b>w ko\u0144cz\u0105cym si\u0119 roku 2019?\u2026<\/b> A jak b\u0119dzie to wygl\u0105da\u0142o<b> w nowym roku <\/b><b>2020,<\/b> w kt\u00f3ry \u2013 dzi\u0119ki Bo\u017cej \u0142askawo\u015bci \u2013 dane nam b\u0119dzie wej\u015b\u0107 ju\u017c jutro? Czyjego panowania b\u0119dzie to czas w moim \u017cyciu: <b>S\u0142owa \u2013 czy antychrysta?\u2026<\/b><\/span><\/span><\/span><\/p>\n","protected":false},"excerpt":{"rendered":"<p>Szcz\u0119\u015b\u0107 Bo\u017ce! Moi Drodzy, w dniu dzisiejszym imieniny obchodz\u0105: \u25baKsi\u0105dz Sylwester Fr\u0105c, Proboszcz Parafii w Wojcieszkowie, gdzie przez pewien czas, w trakcie studi\u00f3w, mieszka\u0142em i pomaga\u0142em duszpastersko; \u25baKsi\u0105dz Sylwester Ga\u0142ach, w Parafii kt\u00f3rego prowadzi\u0142em kiedy\u015b Rekolekcje; \u25baSylwester Biernacki z \u017belechowa, kt\u00f3ry wozi\u0142 nas swoim autokarem na wyjazdy do Szklarskiej Por\u0119by \u2013 i w r\u00f3\u017cne inne [&hellip;]<\/p>\n","protected":false},"author":1,"featured_media":0,"comment_status":"open","ping_status":"open","sticky":false,"template":"","format":"standard","meta":{"jetpack_post_was_ever_published":false,"_jetpack_newsletter_access":"","_jetpack_dont_email_post_to_subs":false,"_jetpack_newsletter_tier_id":0,"_jetpack_memberships_contains_paywalled_content":false,"_jetpack_memberships_contains_paid_content":false,"footnotes":""},"categories":[1],"tags":[],"class_list":["post-16391","post","type-post","status-publish","format-standard","hentry","category-bez-kategorii"],"yoast_head":"<!-- This site is optimized with the Yoast SEO plugin v25.1 - https:\/\/yoast.com\/wordpress\/plugins\/seo\/ -->\n<title>S\u0142owo - czy antychryst?... - Gaudium Et Spes<\/title>\n<meta name=\"robots\" content=\"index, follow, max-snippet:-1, max-image-preview:large, max-video-preview:-1\" \/>\n<link rel=\"canonical\" href=\"https:\/\/gaudiumetspes-blog.pl\/index.php\/2019\/12\/31\/slowo-czy-antychryst\/\" \/>\n<meta property=\"og:locale\" content=\"pl_PL\" \/>\n<meta property=\"og:type\" content=\"article\" \/>\n<meta property=\"og:title\" content=\"S\u0142owo - czy antychryst?... - Gaudium Et Spes\" \/>\n<meta property=\"og:description\" content=\"Szcz\u0119\u015b\u0107 Bo\u017ce! Moi Drodzy, w dniu dzisiejszym imieniny obchodz\u0105: \u25baKsi\u0105dz Sylwester Fr\u0105c, Proboszcz Parafii w Wojcieszkowie, gdzie przez pewien czas, w trakcie studi\u00f3w, mieszka\u0142em i pomaga\u0142em duszpastersko; \u25baKsi\u0105dz Sylwester Ga\u0142ach, w Parafii kt\u00f3rego prowadzi\u0142em kiedy\u015b Rekolekcje; \u25baSylwester Biernacki z \u017belechowa, kt\u00f3ry wozi\u0142 nas swoim autokarem na wyjazdy do Szklarskiej Por\u0119by \u2013 i w r\u00f3\u017cne inne [&hellip;]\" \/>\n<meta property=\"og:url\" content=\"https:\/\/gaudiumetspes-blog.pl\/index.php\/2019\/12\/31\/slowo-czy-antychryst\/\" \/>\n<meta property=\"og:site_name\" content=\"Gaudium Et Spes\" \/>\n<meta property=\"article:published_time\" content=\"2019-12-31T06:32:07+00:00\" \/>\n<meta name=\"author\" content=\"Ks. Jacek\" \/>\n<meta name=\"twitter:card\" content=\"summary_large_image\" \/>\n<meta name=\"twitter:label1\" content=\"Napisane przez\" \/>\n\t<meta name=\"twitter:data1\" content=\"Ks. Jacek\" \/>\n\t<meta name=\"twitter:label2\" content=\"Szacowany czas czytania\" \/>\n\t<meta name=\"twitter:data2\" content=\"7 minut\" \/>\n<script type=\"application\/ld+json\" class=\"yoast-schema-graph\">{\"@context\":\"https:\/\/schema.org\",\"@graph\":[{\"@type\":\"WebPage\",\"@id\":\"https:\/\/gaudiumetspes-blog.pl\/index.php\/2019\/12\/31\/slowo-czy-antychryst\/\",\"url\":\"https:\/\/gaudiumetspes-blog.pl\/index.php\/2019\/12\/31\/slowo-czy-antychryst\/\",\"name\":\"S\u0142owo - czy antychryst?... - Gaudium Et Spes\",\"isPartOf\":{\"@id\":\"https:\/\/gaudiumetspes-blog.pl\/#website\"},\"datePublished\":\"2019-12-31T06:32:07+00:00\",\"author\":{\"@id\":\"https:\/\/gaudiumetspes-blog.pl\/#\/schema\/person\/1661982992b752dea8dff0d4ed845a65\"},\"breadcrumb\":{\"@id\":\"https:\/\/gaudiumetspes-blog.pl\/index.php\/2019\/12\/31\/slowo-czy-antychryst\/#breadcrumb\"},\"inLanguage\":\"pl-PL\",\"potentialAction\":[{\"@type\":\"ReadAction\",\"target\":[\"https:\/\/gaudiumetspes-blog.pl\/index.php\/2019\/12\/31\/slowo-czy-antychryst\/\"]}]},{\"@type\":\"BreadcrumbList\",\"@id\":\"https:\/\/gaudiumetspes-blog.pl\/index.php\/2019\/12\/31\/slowo-czy-antychryst\/#breadcrumb\",\"itemListElement\":[{\"@type\":\"ListItem\",\"position\":1,\"name\":\"Strona g\u0142\u00f3wna\",\"item\":\"https:\/\/gaudiumetspes-blog.pl\/\"},{\"@type\":\"ListItem\",\"position\":2,\"name\":\"S\u0142owo &#8211; czy&nbsp;antychryst?&#8230;\"}]},{\"@type\":\"WebSite\",\"@id\":\"https:\/\/gaudiumetspes-blog.pl\/#website\",\"url\":\"https:\/\/gaudiumetspes-blog.pl\/\",\"name\":\"Gaudium Et Spes\",\"description\":\"Blog Ks. Jacka Ja\u015bkowskiego\",\"potentialAction\":[{\"@type\":\"SearchAction\",\"target\":{\"@type\":\"EntryPoint\",\"urlTemplate\":\"https:\/\/gaudiumetspes-blog.pl\/?s={search_term_string}\"},\"query-input\":{\"@type\":\"PropertyValueSpecification\",\"valueRequired\":true,\"valueName\":\"search_term_string\"}}],\"inLanguage\":\"pl-PL\"},{\"@type\":\"Person\",\"@id\":\"https:\/\/gaudiumetspes-blog.pl\/#\/schema\/person\/1661982992b752dea8dff0d4ed845a65\",\"name\":\"Ks. Jacek\",\"image\":{\"@type\":\"ImageObject\",\"inLanguage\":\"pl-PL\",\"@id\":\"https:\/\/gaudiumetspes-blog.pl\/#\/schema\/person\/image\/\",\"url\":\"https:\/\/gaudiumetspes-blog.pl\/wp-content\/uploads\/2019\/07\/avatar-JJ-150x150.jpg\",\"contentUrl\":\"https:\/\/gaudiumetspes-blog.pl\/wp-content\/uploads\/2019\/07\/avatar-JJ-150x150.jpg\",\"caption\":\"Ks. Jacek\"},\"description\":\"Witam serdecznie! K\u0142ania si\u0119 Ks. Jacek Ja\u015bkowski. Nie jestem ani kim\u015b wa\u017cnym, ani kim\u015b znanym. Jestem ksi\u0119dzem, kt\u00f3ry po prostu chce rozmawia\u0107. Codzienna kap\u0142a\u0144ska pos\u0142uga pokazuje mi, \u017ce temat\u00f3w do rozm\u00f3w z ksi\u0119dzem jest coraz wi\u0119cej i dzisiaj \u017caden ksi\u0105dz nie mo\u017ce od nich ucieka\u0107, ale - wprost przeciwnie - podejmowa\u0107 nowe wyzwania. To przekonanie sk\u0142oni\u0142o mnie do pr\u00f3by otwarcia tego\u017c bloga, chocia\u017c okazji do rozm\u00f3w na co dzie\u0144 - w konfesjonale i poza nim - na szcz\u0119\u015bcie nie brakuje. My\u015bl\u0119 jednak, \u017ce ten blog b\u0119dzie jeszcze jednym sposobem i przestrzeni\u0105 nawi\u0105zania kontaktu z lud\u017ami dobrej woli, otwartymi na dialog.\",\"url\":\"https:\/\/gaudiumetspes-blog.pl\/index.php\/author\/ks-jacek\/\"}]}<\/script>\n<!-- \/ Yoast SEO plugin. -->","yoast_head_json":{"title":"S\u0142owo - czy antychryst?... - Gaudium Et Spes","robots":{"index":"index","follow":"follow","max-snippet":"max-snippet:-1","max-image-preview":"max-image-preview:large","max-video-preview":"max-video-preview:-1"},"canonical":"https:\/\/gaudiumetspes-blog.pl\/index.php\/2019\/12\/31\/slowo-czy-antychryst\/","og_locale":"pl_PL","og_type":"article","og_title":"S\u0142owo - czy antychryst?... - Gaudium Et Spes","og_description":"Szcz\u0119\u015b\u0107 Bo\u017ce! Moi Drodzy, w dniu dzisiejszym imieniny obchodz\u0105: \u25baKsi\u0105dz Sylwester Fr\u0105c, Proboszcz Parafii w Wojcieszkowie, gdzie przez pewien czas, w trakcie studi\u00f3w, mieszka\u0142em i pomaga\u0142em duszpastersko; \u25baKsi\u0105dz Sylwester Ga\u0142ach, w Parafii kt\u00f3rego prowadzi\u0142em kiedy\u015b Rekolekcje; \u25baSylwester Biernacki z \u017belechowa, kt\u00f3ry wozi\u0142 nas swoim autokarem na wyjazdy do Szklarskiej Por\u0119by \u2013 i w r\u00f3\u017cne inne [&hellip;]","og_url":"https:\/\/gaudiumetspes-blog.pl\/index.php\/2019\/12\/31\/slowo-czy-antychryst\/","og_site_name":"Gaudium Et Spes","article_published_time":"2019-12-31T06:32:07+00:00","author":"Ks. Jacek","twitter_card":"summary_large_image","twitter_misc":{"Napisane przez":"Ks. Jacek","Szacowany czas czytania":"7 minut"},"schema":{"@context":"https:\/\/schema.org","@graph":[{"@type":"WebPage","@id":"https:\/\/gaudiumetspes-blog.pl\/index.php\/2019\/12\/31\/slowo-czy-antychryst\/","url":"https:\/\/gaudiumetspes-blog.pl\/index.php\/2019\/12\/31\/slowo-czy-antychryst\/","name":"S\u0142owo - czy antychryst?... - Gaudium Et Spes","isPartOf":{"@id":"https:\/\/gaudiumetspes-blog.pl\/#website"},"datePublished":"2019-12-31T06:32:07+00:00","author":{"@id":"https:\/\/gaudiumetspes-blog.pl\/#\/schema\/person\/1661982992b752dea8dff0d4ed845a65"},"breadcrumb":{"@id":"https:\/\/gaudiumetspes-blog.pl\/index.php\/2019\/12\/31\/slowo-czy-antychryst\/#breadcrumb"},"inLanguage":"pl-PL","potentialAction":[{"@type":"ReadAction","target":["https:\/\/gaudiumetspes-blog.pl\/index.php\/2019\/12\/31\/slowo-czy-antychryst\/"]}]},{"@type":"BreadcrumbList","@id":"https:\/\/gaudiumetspes-blog.pl\/index.php\/2019\/12\/31\/slowo-czy-antychryst\/#breadcrumb","itemListElement":[{"@type":"ListItem","position":1,"name":"Strona g\u0142\u00f3wna","item":"https:\/\/gaudiumetspes-blog.pl\/"},{"@type":"ListItem","position":2,"name":"S\u0142owo &#8211; czy&nbsp;antychryst?&#8230;"}]},{"@type":"WebSite","@id":"https:\/\/gaudiumetspes-blog.pl\/#website","url":"https:\/\/gaudiumetspes-blog.pl\/","name":"Gaudium Et Spes","description":"Blog Ks. Jacka Ja\u015bkowskiego","potentialAction":[{"@type":"SearchAction","target":{"@type":"EntryPoint","urlTemplate":"https:\/\/gaudiumetspes-blog.pl\/?s={search_term_string}"},"query-input":{"@type":"PropertyValueSpecification","valueRequired":true,"valueName":"search_term_string"}}],"inLanguage":"pl-PL"},{"@type":"Person","@id":"https:\/\/gaudiumetspes-blog.pl\/#\/schema\/person\/1661982992b752dea8dff0d4ed845a65","name":"Ks. Jacek","image":{"@type":"ImageObject","inLanguage":"pl-PL","@id":"https:\/\/gaudiumetspes-blog.pl\/#\/schema\/person\/image\/","url":"https:\/\/gaudiumetspes-blog.pl\/wp-content\/uploads\/2019\/07\/avatar-JJ-150x150.jpg","contentUrl":"https:\/\/gaudiumetspes-blog.pl\/wp-content\/uploads\/2019\/07\/avatar-JJ-150x150.jpg","caption":"Ks. Jacek"},"description":"Witam serdecznie! K\u0142ania si\u0119 Ks. Jacek Ja\u015bkowski. Nie jestem ani kim\u015b wa\u017cnym, ani kim\u015b znanym. Jestem ksi\u0119dzem, kt\u00f3ry po prostu chce rozmawia\u0107. Codzienna kap\u0142a\u0144ska pos\u0142uga pokazuje mi, \u017ce temat\u00f3w do rozm\u00f3w z ksi\u0119dzem jest coraz wi\u0119cej i dzisiaj \u017caden ksi\u0105dz nie mo\u017ce od nich ucieka\u0107, ale - wprost przeciwnie - podejmowa\u0107 nowe wyzwania. To przekonanie sk\u0142oni\u0142o mnie do pr\u00f3by otwarcia tego\u017c bloga, chocia\u017c okazji do rozm\u00f3w na co dzie\u0144 - w konfesjonale i poza nim - na szcz\u0119\u015bcie nie brakuje. My\u015bl\u0119 jednak, \u017ce ten blog b\u0119dzie jeszcze jednym sposobem i przestrzeni\u0105 nawi\u0105zania kontaktu z lud\u017ami dobrej woli, otwartymi na dialog.","url":"https:\/\/gaudiumetspes-blog.pl\/index.php\/author\/ks-jacek\/"}]}},"jetpack_featured_media_url":"","jetpack_sharing_enabled":true,"_links":{"self":[{"href":"https:\/\/gaudiumetspes-blog.pl\/index.php\/wp-json\/wp\/v2\/posts\/16391","targetHints":{"allow":["GET"]}}],"collection":[{"href":"https:\/\/gaudiumetspes-blog.pl\/index.php\/wp-json\/wp\/v2\/posts"}],"about":[{"href":"https:\/\/gaudiumetspes-blog.pl\/index.php\/wp-json\/wp\/v2\/types\/post"}],"author":[{"embeddable":true,"href":"https:\/\/gaudiumetspes-blog.pl\/index.php\/wp-json\/wp\/v2\/users\/1"}],"replies":[{"embeddable":true,"href":"https:\/\/gaudiumetspes-blog.pl\/index.php\/wp-json\/wp\/v2\/comments?post=16391"}],"version-history":[{"count":1,"href":"https:\/\/gaudiumetspes-blog.pl\/index.php\/wp-json\/wp\/v2\/posts\/16391\/revisions"}],"predecessor-version":[{"id":16392,"href":"https:\/\/gaudiumetspes-blog.pl\/index.php\/wp-json\/wp\/v2\/posts\/16391\/revisions\/16392"}],"wp:attachment":[{"href":"https:\/\/gaudiumetspes-blog.pl\/index.php\/wp-json\/wp\/v2\/media?parent=16391"}],"wp:term":[{"taxonomy":"category","embeddable":true,"href":"https:\/\/gaudiumetspes-blog.pl\/index.php\/wp-json\/wp\/v2\/categories?post=16391"},{"taxonomy":"post_tag","embeddable":true,"href":"https:\/\/gaudiumetspes-blog.pl\/index.php\/wp-json\/wp\/v2\/tags?post=16391"}],"curies":[{"name":"wp","href":"https:\/\/api.w.org\/{rel}","templated":true}]}}