{"id":16414,"date":"2020-01-08T07:57:16","date_gmt":"2020-01-08T06:57:16","guid":{"rendered":"https:\/\/gaudiumetspes-blog.pl\/?p=16414"},"modified":"2020-01-08T07:57:16","modified_gmt":"2020-01-08T06:57:16","slug":"wymiana-konkretow-w-milosci","status":"publish","type":"post","link":"https:\/\/gaudiumetspes-blog.pl\/index.php\/2020\/01\/08\/wymiana-konkretow-w-milosci\/","title":{"rendered":"Wymiana \u00abkonkret\u00f3w w mi\u0142o\u015bci\u00bb"},"content":{"rendered":"<p align=\"justify\"><span style=\"color: #000000;\"><span style=\"font-family: Book Antiqua, serif;\"><span style=\"font-size: large;\">Szcz\u0119\u015b\u0107 Bo\u017ce! Moi Drodzy, w dniu dzisiejszym <b>urodziny prze\u017cywa Andrzej Ostapiuk, nale\u017c\u0105cy w swoim czasie do Wsp\u00f3lnoty m\u0142odzie\u017cowej w Bia\u0142ej Podlaskiej. \u017bycz\u0119 Jubilatowi, aby u\u0142o\u017cy\u0142 swoje \u017cycie po my\u015bli Bo\u017cej. I <\/b><b>tylko Bo\u017c\u0105 wol\u0119 w swoim \u017cyciu wype\u0142nia\u0142. <\/b><b>Zapewniam o modlitwie!<\/b><\/span><\/span><\/span><\/p>\n<p align=\"justify\"><span style=\"color: #000000;\"><span style=\"font-family: Book Antiqua, serif;\"><span style=\"font-size: large;\">Moi Drodzy, wspierajmy modlitw\u0105 dzia\u0142ania Duszpasterzy, kt\u00f3rzy codzienne obowi\u0105zki w swoich Parafiach i w Szko\u0142ach, \u0142\u0105cz\u0105 w tych dniach z wizyt\u0105 duszpastersk\u0105. Niech nie zabraknie im si\u0142 i natchnie\u0144 do niesienia ludziom Boga! Niech to b\u0119dzie z Ich strony takim konkretem w mi\u0142o\u015bci, o kt\u00f3rym wi\u0119cej w dzisiejszym rozwa\u017caniu.<\/span><\/span><\/span><\/p>\n<p align=\"center\"><span style=\"color: #000000;\"><span style=\"font-family: Book Antiqua, serif;\"><span style=\"font-size: large;\">Gaudium et spes! Ks. Jacek<\/span><\/span><\/span><\/p>\n<p align=\"center\">\n<p align=\"center\">\n<p align=\"center\">\n<p align=\"center\">\n<p align=\"center\">\n<p><span style=\"color: #000000;\"><span style=\"font-family: Book Antiqua, serif;\"><span style=\"font-size: large;\"><b>8 stycznia 2020.,<\/b><\/span><\/span><\/span><\/p>\n<p><span style=\"color: #000000;\"><span style=\"font-family: Book Antiqua, serif;\"><span style=\"font-size: large;\"><b>do czyta\u0144: 1 J 4,7\u201310; Mk 6,34\u201344<\/b><\/span><\/span><\/span><\/p>\n<p>&nbsp;<\/p>\n<p>&nbsp;<\/p>\n<p>&nbsp;<\/p>\n<p>&nbsp;<\/p>\n<p>&nbsp;<\/p>\n<p align=\"justify\"><span style=\"color: #000000;\"><span style=\"font-family: Book Antiqua, serif;\"><span style=\"font-size: large;\"><b>CZYTANIE Z PIERWSZEGO LISTU \u015aWI\u0118TEGO JANA APOSTO\u0141A:<\/b><\/span><\/span><\/span><\/p>\n<p align=\"justify\"><span style=\"color: #000000;\"><span style=\"font-family: Book Antiqua, serif;\"><span style=\"font-size: large;\"><b>Umi\u0142owani, mi\u0142ujmy si\u0119 wzajemnie, <\/b><\/span><\/span><\/span><\/p>\n<p align=\"justify\"><span style=\"color: #000000;\"><span style=\"font-family: Book Antiqua, serif;\"><span style=\"font-size: large;\"><b>poniewa\u017c mi\u0142o\u015b\u0107 jest z Boga, <\/b><\/span><\/span><\/span><\/p>\n<p align=\"justify\"><span style=\"color: #000000;\"><span style=\"font-family: Book Antiqua, serif;\"><span style=\"font-size: large;\"><b>a ka\u017cdy, kto mi\u0142uje, <\/b><\/span><\/span><\/span><\/p>\n<p align=\"justify\"><span style=\"color: #000000;\"><span style=\"font-family: Book Antiqua, serif;\"><span style=\"font-size: large;\"><b>narodzi\u0142 si\u0119 z Boga i zna Boga. <\/b><\/span><\/span><\/span><\/p>\n<p align=\"justify\"><span style=\"color: #000000;\"><span style=\"font-family: Book Antiqua, serif;\"><span style=\"font-size: large;\"><b>Kto nie mi\u0142uje, nie zna Boga, <\/b><\/span><\/span><\/span><\/p>\n<p align=\"justify\"><span style=\"color: #000000;\"><span style=\"font-family: Book Antiqua, serif;\"><span style=\"font-size: large;\"><b>bo B\u00f3g jest mi\u0142o\u015bci\u0105.<\/b><\/span><\/span><\/span><\/p>\n<p align=\"justify\"><span style=\"color: #000000;\"><span style=\"font-family: Book Antiqua, serif;\"><span style=\"font-size: large;\"><b>W tym objawi\u0142a si\u0119 mi\u0142o\u015b\u0107 Boga ku nam, <\/b><\/span><\/span><\/span><\/p>\n<p align=\"justify\"><span style=\"color: #000000;\"><span style=\"font-family: Book Antiqua, serif;\"><span style=\"font-size: large;\"><b>\u017ce zes\u0142a\u0142 Syna swego Jednorodzonego na \u015bwiat, <\/b><\/span><\/span><\/span><\/p>\n<p align=\"justify\"><span style=\"color: #000000;\"><span style=\"font-family: Book Antiqua, serif;\"><span style=\"font-size: large;\"><b>aby\u015bmy \u017cycie mieli dzi\u0119ki Niemu. <\/b><\/span><\/span><\/span><\/p>\n<p align=\"justify\"><span style=\"color: #000000;\"><span style=\"font-family: Book Antiqua, serif;\"><span style=\"font-size: large;\"><b>W tym przejawia si\u0119 mi\u0142o\u015b\u0107, <\/b><\/span><\/span><\/span><\/p>\n<p align=\"justify\"><span style=\"color: #000000;\"><span style=\"font-family: Book Antiqua, serif;\"><span style=\"font-size: large;\"><b>\u017ce nie my umi\u0142owali\u015bmy Boga, <\/b><\/span><\/span><\/span><\/p>\n<p align=\"justify\"><span style=\"color: #000000;\"><span style=\"font-family: Book Antiqua, serif;\"><span style=\"font-size: large;\"><b>ale \u017ce On sam nas umi\u0142owa\u0142 <\/b><\/span><\/span><\/span><\/p>\n<p align=\"justify\"><span style=\"color: #000000;\"><span style=\"font-family: Book Antiqua, serif;\"><span style=\"font-size: large;\"><b>i pos\u0142a\u0142 Syna swojego <\/b><\/span><\/span><\/span><\/p>\n<p align=\"justify\"><span style=\"color: #000000;\"><span style=\"font-family: Book Antiqua, serif;\"><span style=\"font-size: large;\"><b>jako ofiar\u0119 przeb\u0142agaln\u0105 za nasze grzechy.<\/b><\/span><\/span><\/span><\/p>\n<p align=\"justify\">\n<p align=\"justify\">\n<p align=\"justify\">\n<p align=\"justify\">\n<p align=\"justify\">\n<p align=\"justify\"><span style=\"color: #000000;\"><span style=\"font-family: Book Antiqua, serif;\"><span style=\"font-size: large;\"><b>S\u0141OWA EWANGELII WED\u0141UG \u015aWI\u0118TEGO MARKA:<\/b><\/span><\/span><\/span><\/p>\n<p align=\"justify\"><span style=\"color: #000000;\"><span style=\"font-family: Book Antiqua, serif;\"><span style=\"font-size: large;\"><b>Gdy Jezus ujrza\u0142 wielki t\u0142um, ogarn\u0119\u0142a Go lito\u015b\u0107 nad nimi; byli bowiem jak owce nie maj\u0105ce pasterza. I zacz\u0105\u0142 ich naucza\u0107.<\/b><\/span><\/span><\/span><\/p>\n<p align=\"justify\"><span style=\"color: #000000;\"><span style=\"font-family: Book Antiqua, serif;\"><span style=\"font-size: large;\"><b>A gdy pora by\u0142a ju\u017c p\u00f3\u017ana, przyst\u0105pili do Niego uczniowie i rzekli: \u201eMiejsce jest puste, a pora ju\u017c p\u00f3\u017ana. Odpraw ich. Niech id\u0105 do okolicznych osiedli i wsi, a kupi\u0105 sobie co\u015b do jedzenia\u201d. <\/b><\/span><\/span><\/span><\/p>\n<p align=\"justify\"><span style=\"color: #000000;\"><span style=\"font-family: Book Antiqua, serif;\"><span style=\"font-size: large;\"><b>Lecz On im odpowiedzia\u0142: \u201eWy dajcie im je\u015b\u0107\u201d. <\/b><\/span><\/span><\/span><\/p>\n<p align=\"justify\"><span style=\"color: #000000;\"><span style=\"font-family: Book Antiqua, serif;\"><span style=\"font-size: large;\"><b>Rzekli Mu: \u201eMamy p\u00f3j\u015b\u0107 i za dwie\u015bcie denar\u00f3w kupi\u0107 chleba, \u017ceby im da\u0107 je\u015b\u0107?\u201d <\/b><\/span><\/span><\/span><\/p>\n<p align=\"justify\"><span style=\"color: #000000;\"><span style=\"font-family: Book Antiqua, serif;\"><span style=\"font-size: large;\"><b>On ich spyta\u0142: \u201eIle macie chleb\u00f3w? Id\u017acie, zobaczcie!\u201d<\/b><\/span><\/span><\/span><\/p>\n<p align=\"justify\"><span style=\"color: #000000;\"><span style=\"font-family: Book Antiqua, serif;\"><span style=\"font-size: large;\"><b>Gdy si\u0119 upewnili, rzekli: \u201ePi\u0119\u0107 i dwie ryby\u201d. <\/b><\/span><\/span><\/span><\/p>\n<p align=\"justify\"><span style=\"color: #000000;\"><span style=\"font-family: Book Antiqua, serif;\"><span style=\"font-size: large;\"><b>Wtedy poleci\u0142 im wszystkim usi\u0105\u015b\u0107 gromadami na zielonej trawie. I roz\u0142o\u017cyli si\u0119 gromada przy gromadzie, po stu i po pi\u0119\u0107dziesi\u0119ciu.<\/b><\/span><\/span><\/span><\/p>\n<p align=\"justify\"><span style=\"color: #000000;\"><span style=\"font-family: Book Antiqua, serif;\"><span style=\"font-size: large;\"><b>A wzi\u0105wszy pi\u0119\u0107 chleb\u00f3w i dwie ryby, spojrza\u0142 w niebo, odm\u00f3wi\u0142 b\u0142ogos\u0142awie\u0144stwo, po\u0142ama\u0142 chleby i dawa\u0142 uczniom, by k\u0142adli przed nimi. Tak\u017ce dwie ryby rozdzieli\u0142 mi\u0119dzy wszystkich. Jedli wszyscy do syto\u015bci i zebrali jeszcze dwana\u015bcie pe\u0142nych kosz\u00f3w u\u0142omk\u00f3w i ostatki z ryb. A tych, kt\u00f3rzy jedli chleby, by\u0142o pi\u0119\u0107 tysi\u0119cy m\u0119\u017cczyzn.<\/b><\/span><\/span><\/span><\/p>\n<p align=\"justify\">\n<p align=\"justify\">\n<p align=\"justify\">\n<p align=\"justify\">\n<p align=\"justify\">\n<p align=\"justify\"><span style=\"color: #000000;\"><span style=\"font-family: Book Antiqua, serif;\"><span style=\"font-size: large;\">\u015awi\u0119ty Jan Aposto\u0142 \u2013 ten Piewca mi\u0142o\u015bci Bo\u017cej i wzajemnej mi\u0142o\u015bci ludzkiej \u2013 po raz kolejny dzisiaj m\u00f3wi nam <b>w\u0142a\u015bnie o mi\u0142o\u015bci. <\/b>I po raz kolejny m\u00f3wi <b>bardzo konkretnie.<\/b> Zapewne ju\u017c zd\u0105\u017cyli\u015bmy si\u0119 przyzwyczai\u0107 przez kolejne dni \u2013 kiedy to w liturgii Mszy \u015awi\u0119tej s\u0142uchamy w\u0142a\u015bnie refleksji \u015awi\u0119tego Jana \u2013 \u017ce o mi\u0142o\u015bci nie wypowiada si\u0119 on <b>w jaki\u015b mglisty i tkliwy spos\u00f3b,<\/b> tak \u017ce mo\u017ce nawet wzruszyliby\u015bmy si\u0119, s\u0142uchaj\u0105c o niej, ale po us\u0142yszeniu nie wiedzieliby\u015bmy, <b>na czym tak konkretnie ta mi\u0142o\u015b\u0107 mia\u0142aby polega\u0107.<\/b> Nie tak jest u Jana!<\/span><\/span><\/span><\/p>\n<p align=\"justify\"><span style=\"color: #000000;\"><span style=\"font-family: Book Antiqua, serif;\"><span style=\"font-size: large;\">On bardzo jasno i \u2013 jak niekiedy m\u00f3wimy \u2013 \u201edo b\u00f3lu\u201d konkretnie zach\u0119ca nas: <i><b>M<\/b><\/i><i><b>i\u0142ujmy si\u0119 wzajemnie!, <\/b><\/i>po czym od razu wyja\u015bnia, dlaczego mamy to robi\u0107: <i><b>poniewa\u017c mi\u0142o\u015b\u0107 jest z Boga, a ka\u017cdy, kto mi\u0142uje, narodzi\u0142 si\u0119 z Boga i zna Boga. Kto nie mi\u0142uje, nie zna Boga, bo B\u00f3g jest mi\u0142o\u015bci\u0105.<\/b><\/i> <\/span><\/span><\/span><\/p>\n<p align=\"justify\"><span style=\"color: #000000;\"><span style=\"font-family: Book Antiqua, serif;\"><span style=\"font-size: large;\">Stawia zatem Jan <b>znak r\u00f3wno\u015bci<\/b> mi\u0119dzy mi\u0142o\u015bci\u0105, a poznaniem Boga i narodzeniem si\u0119 z Boga, czyli mocn\u0105, osobow\u0105 wi\u0119zi\u0105 z Bogiem. Wiemy, \u017ce w j\u0119zyku biblijnym okre\u015blenie: <b>\u00ab<\/b><b>pozna\u0107 Boga<\/b><b>\u00bb<\/b> oznacza nie tyle wiedz\u0119, kto to jest B\u00f3g i jak ewentualnie ma na imi\u0119, ile <b>pe\u0142n\u0105 jedno\u015b\u0107 z Nim.<\/b> I w\u0142a\u015bnie mi\u0142o\u015b\u0107 \u2013 wzajemna mi\u0142o\u015b\u0107 mi\u0119dzy lud\u017ami \u2013 jest tego konkretnym wyrazem. <\/span><\/span><\/span><\/p>\n<p align=\"justify\"><span style=\"color: #000000;\"><span style=\"font-family: Book Antiqua, serif;\"><span style=\"font-size: large;\">A je\u015bli chcieliby\u015bmy pyta\u0107 o ten konkret ze strony Boga, to \u2013 jak to wyja\u015bnia Jan w dalszej cz\u0119\u015bci dzisiejszego swego s\u0142owa \u2013 <i><b>w tym objawi\u0142a si\u0119 mi\u0142o\u015b\u0107 Boga ku nam, <\/b><\/i><i><b>\u017ce zes\u0142a\u0142 Syna swego Jednorodzonego na \u015bwiat, aby\u015bmy \u017cycie mieli dzi\u0119ki Niemu. W tym przejawia si\u0119 mi\u0142o\u015b\u0107, \u017ce nie my umi\u0142owali\u015bmy Boga, ale \u017ce On sam nas umi\u0142owa\u0142 i pos\u0142a\u0142 Syna swojego <\/b><\/i><i><b>jako ofiar\u0119 przeb\u0142agaln\u0105 za nasze grzechy.<\/b><\/i><\/span><\/span><\/span><\/p>\n<p align=\"justify\"><span style=\"color: #000000;\"><span style=\"font-family: Book Antiqua, serif;\"><span style=\"font-size: large;\">Zatem, pos\u0142anie na \u015bwiat swojego jedynego Syna, aby Ten dokona\u0142 zbawienia ludzi od ich grzech\u00f3w \u2013 to jest w\u0142a\u015bnie <b>\u00ab<\/b><b>konkret w mi\u0142o\u015bci<\/b><b>\u00bb<\/b> ze strony Boga. Taki \u2013 powiedzieliby\u015bmy \u2013 <b>wielki konkret.<\/b> <\/span><\/span><\/span><\/p>\n<p align=\"justify\"><span style=\"color: #000000;\"><span style=\"font-family: Book Antiqua, serif;\"><span style=\"font-size: large;\">A takim <b>\u201emniejszym konkretem\u201d <\/b>z pewno\u015bci\u0105 by\u0142 \u00f3w pi\u0119kny gest, jaki Jezus uczyni\u0142 dzisiaj wobec ludzi, kt\u00f3rzy tyle czasu trwali przy Nim, s\u0142uchaj\u0105c Jego nauki. Opis tego wydarzenia us\u0142yszeli\u015bmy w us\u0142yszanym przed chwil\u0105 fragmencie Ewangelii.<\/span><\/span><\/span><\/p>\n<p align=\"justify\"><span style=\"color: #000000;\"><span style=\"font-family: Book Antiqua, serif;\"><span style=\"font-size: large;\">Zobaczmy, \u017ce mamy tu do czynienia ze swoist\u0105 <b>wymian\u0105 <\/b><b>\u00ab<\/b><b>konkret\u00f3w <\/b><b>w mi\u0142o\u015bci<\/b><b>\u00bb<\/b><b>.<\/b> Najpierw Jezus wyszed\u0142 z inicjatyw\u0105 i to On by\u0142 pierwszy w mi\u0142o\u015bci \u2013 jak to zwykle B\u00f3g \u2013 bo <i><b>g<\/b><\/i><i><b>dy<\/b><\/i><b> <\/b><b>[\u2026]<\/b><b> <\/b><i><b>ujrza\u0142 wielki t\u0142um, ogarn\u0119\u0142a Go lito\u015b\u0107 nad nimi; byli bowiem jak owce nie maj\u0105ce pasterza. I zacz\u0105\u0142 ich naucza\u0107.<\/b><\/i><b> <\/b><\/span><\/span><\/span><\/p>\n<p align=\"justify\"><span style=\"color: #000000;\"><span style=\"font-family: Book Antiqua, serif;\"><span style=\"font-size: large;\">Na to \u00f3w <i><b>wielki t\u0142um<\/b><\/i> bardzo konkretnie odpowiedzia\u0142 swoj\u0105 mi\u0142o\u015bci\u0105, bo oto okaza\u0142o si\u0119, \u017ce <b>wszyscy trwali przy Nauczycielu,<\/b> nie chcieli odchodzi\u0107 i nawet na g\u0142\u00f3d fizyczny si\u0119 narazili, oby tylko zaspokoi\u0107 g\u0142\u00f3d s\u0142owa Bo\u017cego. To by\u0142 bardzo mocny <b>\u00ab<\/b><b>konkret w mi\u0142o\u015bci<\/b><b>\u00bb<\/b><b> \u2013 ze strony ludzi. <\/b><\/span><\/span><\/span><\/p>\n<p align=\"justify\"><span style=\"color: #000000;\"><span style=\"font-family: Book Antiqua, serif;\"><span style=\"font-size: large;\">Na co z kolei Jezus odpowiedzia\u0142 kolejnym \u00abkonkretem w mi\u0142o\u015bci\u00bb, daj\u0105c im tak\u017ce ten chleb materialny, chleb doczesny\u2026 I to daj\u0105c go w wielkiej obfito\u015bci, bo \u2013 jak s\u0142yszeli\u015bmy \u2013 <i><b>jedli wszyscy do syto\u015bci i zebrali jeszcze dwana\u015bcie pe\u0142nych kosz\u00f3w u\u0142omk\u00f3w i ostatki z ryb. A tych, kt\u00f3rzy jedli chleby, by\u0142o pi\u0119\u0107 tysi\u0119cy m\u0119\u017cczyzn.<\/b><\/i><\/span><\/span><\/span><\/p>\n<p align=\"justify\"><span style=\"color: #000000;\"><span style=\"font-family: Book Antiqua, serif;\"><span style=\"font-size: large;\">My\u015bl\u0119, moi Drodzy, \u017ce gdyby\u015bmy si\u0119 tak na spokojnie zastanowili, to pewnie byliby\u015bmy w stanie przywo\u0142a\u0107 <b>wiele takich sytuacji<\/b> \u2013 niekiedy nazywamy je sobie <b>\u201eu\u015bmiechami Pana Boga\u201d <\/b>\u2013 kiedy to do\u015bwiadczamy <b>ze strony Nieba wyra\u017anych znak\u00f3w<\/b> opieki nad nami i pomocy nam udzielanej. Oczywi\u015bcie,<b> najwi\u0119kszym i najwa\u017cniejszym <\/b>takim znakiem jest dar zbawienia, udzielony nam wszystkim, oraz to wszystko, co prowadzi do jego osi\u0105gni\u0119cia. To jest najwi\u0119kszy i najbardziej konkretny znak Bo\u017cej mi\u0142o\u015bci do nas \u2013 <b>najwi\u0119kszy <\/b><b>\u00ab<\/b><b>konkret w mi\u0142o\u015bci<\/b><b>\u00bb<\/b><b>. <\/b><\/span><\/span><\/span><\/p>\n<p align=\"justify\"><span style=\"color: #000000;\"><span style=\"font-family: Book Antiqua, serif;\"><span style=\"font-size: large;\">Ale Pan nie szcz\u0119dzi nam r\u00f3wnie\u017c takich mniejszych, <b>codziennych <\/b><b>\u00ab<\/b><b>konkret\u00f3w w mi\u0142o\u015bci<\/b><b>\u00bb<\/b><b>,<\/b> kt\u00f3rych do\u015bwiadczamy naprawd\u0119 wiele, chocia\u017c mo\u017ce nawet ich nieraz nie zauwa\u017camy \u2013 i ma\u0142o kiedy za nie dzi\u0119kujemy.<\/span><\/span><\/span><\/p>\n<p align=\"justify\"><span style=\"color: #000000;\"><span style=\"font-family: Book Antiqua, serif;\"><span style=\"font-size: large;\">Warto wi\u0119c wyt\u0119\u017cy\u0107 wzrok i s\u0142uch, warto wyczuli\u0107 serce, aby <b>te znaki dostrzega\u0107.<\/b> Koniecznie te\u017c trzeba za nie <b>dzi\u0119kowa\u0107.<\/b> I \u2013 co chyba najwa\u017cniejsze \u2013 <b>odpowiada\u0107<\/b> Bogu naszymi codziennymi, cho\u0107by ma\u0142ymi, ale wyra\u017anymi: <b>\u00ab<\/b><b>konkretami w mi\u0142o\u015bci<\/b><b>\u00bb<\/b><b>.<\/b><\/span><\/span><\/span><\/p>\n<p align=\"justify\"><span style=\"color: #000000;\"><span style=\"font-family: Book Antiqua, serif;\"><span style=\"font-size: large;\">Co dzisiaj b\u0119dzie takim znakiem z mojej strony?\u2026<\/span><\/span><\/span><\/p>\n","protected":false},"excerpt":{"rendered":"<p>Szcz\u0119\u015b\u0107 Bo\u017ce! Moi Drodzy, w dniu dzisiejszym urodziny prze\u017cywa Andrzej Ostapiuk, nale\u017c\u0105cy w swoim czasie do Wsp\u00f3lnoty m\u0142odzie\u017cowej w Bia\u0142ej Podlaskiej. \u017bycz\u0119 Jubilatowi, aby u\u0142o\u017cy\u0142 swoje \u017cycie po my\u015bli Bo\u017cej. I tylko Bo\u017c\u0105 wol\u0119 w swoim \u017cyciu wype\u0142nia\u0142. Zapewniam o modlitwie! Moi Drodzy, wspierajmy modlitw\u0105 dzia\u0142ania Duszpasterzy, kt\u00f3rzy codzienne obowi\u0105zki w swoich Parafiach i w [&hellip;]<\/p>\n","protected":false},"author":1,"featured_media":0,"comment_status":"open","ping_status":"open","sticky":false,"template":"","format":"standard","meta":{"jetpack_post_was_ever_published":false,"_jetpack_newsletter_access":"","_jetpack_dont_email_post_to_subs":false,"_jetpack_newsletter_tier_id":0,"_jetpack_memberships_contains_paywalled_content":false,"_jetpack_memberships_contains_paid_content":false,"footnotes":""},"categories":[1],"tags":[],"class_list":["post-16414","post","type-post","status-publish","format-standard","hentry","category-bez-kategorii"],"yoast_head":"<!-- This site is optimized with the Yoast SEO plugin v25.1 - https:\/\/yoast.com\/wordpress\/plugins\/seo\/ -->\n<title>Wymiana \u00abkonkret\u00f3w w mi\u0142o\u015bci\u00bb - Gaudium Et Spes<\/title>\n<meta name=\"robots\" content=\"index, follow, max-snippet:-1, max-image-preview:large, max-video-preview:-1\" \/>\n<link rel=\"canonical\" href=\"https:\/\/gaudiumetspes-blog.pl\/index.php\/2020\/01\/08\/wymiana-konkretow-w-milosci\/\" \/>\n<meta property=\"og:locale\" content=\"pl_PL\" \/>\n<meta property=\"og:type\" content=\"article\" \/>\n<meta property=\"og:title\" content=\"Wymiana \u00abkonkret\u00f3w w mi\u0142o\u015bci\u00bb - Gaudium Et Spes\" \/>\n<meta property=\"og:description\" content=\"Szcz\u0119\u015b\u0107 Bo\u017ce! Moi Drodzy, w dniu dzisiejszym urodziny prze\u017cywa Andrzej Ostapiuk, nale\u017c\u0105cy w swoim czasie do Wsp\u00f3lnoty m\u0142odzie\u017cowej w Bia\u0142ej Podlaskiej. \u017bycz\u0119 Jubilatowi, aby u\u0142o\u017cy\u0142 swoje \u017cycie po my\u015bli Bo\u017cej. I tylko Bo\u017c\u0105 wol\u0119 w swoim \u017cyciu wype\u0142nia\u0142. Zapewniam o modlitwie! Moi Drodzy, wspierajmy modlitw\u0105 dzia\u0142ania Duszpasterzy, kt\u00f3rzy codzienne obowi\u0105zki w swoich Parafiach i w [&hellip;]\" \/>\n<meta property=\"og:url\" content=\"https:\/\/gaudiumetspes-blog.pl\/index.php\/2020\/01\/08\/wymiana-konkretow-w-milosci\/\" \/>\n<meta property=\"og:site_name\" content=\"Gaudium Et Spes\" \/>\n<meta property=\"article:published_time\" content=\"2020-01-08T06:57:16+00:00\" \/>\n<meta name=\"author\" content=\"Ks. Jacek\" \/>\n<meta name=\"twitter:card\" content=\"summary_large_image\" \/>\n<meta name=\"twitter:label1\" content=\"Napisane przez\" \/>\n\t<meta name=\"twitter:data1\" content=\"Ks. Jacek\" \/>\n\t<meta name=\"twitter:label2\" content=\"Szacowany czas czytania\" \/>\n\t<meta name=\"twitter:data2\" content=\"6 minut\" \/>\n<script type=\"application\/ld+json\" class=\"yoast-schema-graph\">{\"@context\":\"https:\/\/schema.org\",\"@graph\":[{\"@type\":\"WebPage\",\"@id\":\"https:\/\/gaudiumetspes-blog.pl\/index.php\/2020\/01\/08\/wymiana-konkretow-w-milosci\/\",\"url\":\"https:\/\/gaudiumetspes-blog.pl\/index.php\/2020\/01\/08\/wymiana-konkretow-w-milosci\/\",\"name\":\"Wymiana \u00abkonkret\u00f3w w mi\u0142o\u015bci\u00bb - Gaudium Et Spes\",\"isPartOf\":{\"@id\":\"https:\/\/gaudiumetspes-blog.pl\/#website\"},\"datePublished\":\"2020-01-08T06:57:16+00:00\",\"author\":{\"@id\":\"https:\/\/gaudiumetspes-blog.pl\/#\/schema\/person\/1661982992b752dea8dff0d4ed845a65\"},\"breadcrumb\":{\"@id\":\"https:\/\/gaudiumetspes-blog.pl\/index.php\/2020\/01\/08\/wymiana-konkretow-w-milosci\/#breadcrumb\"},\"inLanguage\":\"pl-PL\",\"potentialAction\":[{\"@type\":\"ReadAction\",\"target\":[\"https:\/\/gaudiumetspes-blog.pl\/index.php\/2020\/01\/08\/wymiana-konkretow-w-milosci\/\"]}]},{\"@type\":\"BreadcrumbList\",\"@id\":\"https:\/\/gaudiumetspes-blog.pl\/index.php\/2020\/01\/08\/wymiana-konkretow-w-milosci\/#breadcrumb\",\"itemListElement\":[{\"@type\":\"ListItem\",\"position\":1,\"name\":\"Strona g\u0142\u00f3wna\",\"item\":\"https:\/\/gaudiumetspes-blog.pl\/\"},{\"@type\":\"ListItem\",\"position\":2,\"name\":\"Wymiana \u00abkonkret\u00f3w w&nbsp;mi\u0142o\u015bci\u00bb\"}]},{\"@type\":\"WebSite\",\"@id\":\"https:\/\/gaudiumetspes-blog.pl\/#website\",\"url\":\"https:\/\/gaudiumetspes-blog.pl\/\",\"name\":\"Gaudium Et Spes\",\"description\":\"Blog Ks. Jacka Ja\u015bkowskiego\",\"potentialAction\":[{\"@type\":\"SearchAction\",\"target\":{\"@type\":\"EntryPoint\",\"urlTemplate\":\"https:\/\/gaudiumetspes-blog.pl\/?s={search_term_string}\"},\"query-input\":{\"@type\":\"PropertyValueSpecification\",\"valueRequired\":true,\"valueName\":\"search_term_string\"}}],\"inLanguage\":\"pl-PL\"},{\"@type\":\"Person\",\"@id\":\"https:\/\/gaudiumetspes-blog.pl\/#\/schema\/person\/1661982992b752dea8dff0d4ed845a65\",\"name\":\"Ks. Jacek\",\"image\":{\"@type\":\"ImageObject\",\"inLanguage\":\"pl-PL\",\"@id\":\"https:\/\/gaudiumetspes-blog.pl\/#\/schema\/person\/image\/\",\"url\":\"https:\/\/gaudiumetspes-blog.pl\/wp-content\/uploads\/2019\/07\/avatar-JJ-150x150.jpg\",\"contentUrl\":\"https:\/\/gaudiumetspes-blog.pl\/wp-content\/uploads\/2019\/07\/avatar-JJ-150x150.jpg\",\"caption\":\"Ks. Jacek\"},\"description\":\"Witam serdecznie! K\u0142ania si\u0119 Ks. Jacek Ja\u015bkowski. Nie jestem ani kim\u015b wa\u017cnym, ani kim\u015b znanym. Jestem ksi\u0119dzem, kt\u00f3ry po prostu chce rozmawia\u0107. Codzienna kap\u0142a\u0144ska pos\u0142uga pokazuje mi, \u017ce temat\u00f3w do rozm\u00f3w z ksi\u0119dzem jest coraz wi\u0119cej i dzisiaj \u017caden ksi\u0105dz nie mo\u017ce od nich ucieka\u0107, ale - wprost przeciwnie - podejmowa\u0107 nowe wyzwania. To przekonanie sk\u0142oni\u0142o mnie do pr\u00f3by otwarcia tego\u017c bloga, chocia\u017c okazji do rozm\u00f3w na co dzie\u0144 - w konfesjonale i poza nim - na szcz\u0119\u015bcie nie brakuje. My\u015bl\u0119 jednak, \u017ce ten blog b\u0119dzie jeszcze jednym sposobem i przestrzeni\u0105 nawi\u0105zania kontaktu z lud\u017ami dobrej woli, otwartymi na dialog.\",\"url\":\"https:\/\/gaudiumetspes-blog.pl\/index.php\/author\/ks-jacek\/\"}]}<\/script>\n<!-- \/ Yoast SEO plugin. -->","yoast_head_json":{"title":"Wymiana \u00abkonkret\u00f3w w mi\u0142o\u015bci\u00bb - Gaudium Et Spes","robots":{"index":"index","follow":"follow","max-snippet":"max-snippet:-1","max-image-preview":"max-image-preview:large","max-video-preview":"max-video-preview:-1"},"canonical":"https:\/\/gaudiumetspes-blog.pl\/index.php\/2020\/01\/08\/wymiana-konkretow-w-milosci\/","og_locale":"pl_PL","og_type":"article","og_title":"Wymiana \u00abkonkret\u00f3w w mi\u0142o\u015bci\u00bb - Gaudium Et Spes","og_description":"Szcz\u0119\u015b\u0107 Bo\u017ce! Moi Drodzy, w dniu dzisiejszym urodziny prze\u017cywa Andrzej Ostapiuk, nale\u017c\u0105cy w swoim czasie do Wsp\u00f3lnoty m\u0142odzie\u017cowej w Bia\u0142ej Podlaskiej. \u017bycz\u0119 Jubilatowi, aby u\u0142o\u017cy\u0142 swoje \u017cycie po my\u015bli Bo\u017cej. I tylko Bo\u017c\u0105 wol\u0119 w swoim \u017cyciu wype\u0142nia\u0142. Zapewniam o modlitwie! Moi Drodzy, wspierajmy modlitw\u0105 dzia\u0142ania Duszpasterzy, kt\u00f3rzy codzienne obowi\u0105zki w swoich Parafiach i w [&hellip;]","og_url":"https:\/\/gaudiumetspes-blog.pl\/index.php\/2020\/01\/08\/wymiana-konkretow-w-milosci\/","og_site_name":"Gaudium Et Spes","article_published_time":"2020-01-08T06:57:16+00:00","author":"Ks. Jacek","twitter_card":"summary_large_image","twitter_misc":{"Napisane przez":"Ks. Jacek","Szacowany czas czytania":"6 minut"},"schema":{"@context":"https:\/\/schema.org","@graph":[{"@type":"WebPage","@id":"https:\/\/gaudiumetspes-blog.pl\/index.php\/2020\/01\/08\/wymiana-konkretow-w-milosci\/","url":"https:\/\/gaudiumetspes-blog.pl\/index.php\/2020\/01\/08\/wymiana-konkretow-w-milosci\/","name":"Wymiana \u00abkonkret\u00f3w w mi\u0142o\u015bci\u00bb - Gaudium Et Spes","isPartOf":{"@id":"https:\/\/gaudiumetspes-blog.pl\/#website"},"datePublished":"2020-01-08T06:57:16+00:00","author":{"@id":"https:\/\/gaudiumetspes-blog.pl\/#\/schema\/person\/1661982992b752dea8dff0d4ed845a65"},"breadcrumb":{"@id":"https:\/\/gaudiumetspes-blog.pl\/index.php\/2020\/01\/08\/wymiana-konkretow-w-milosci\/#breadcrumb"},"inLanguage":"pl-PL","potentialAction":[{"@type":"ReadAction","target":["https:\/\/gaudiumetspes-blog.pl\/index.php\/2020\/01\/08\/wymiana-konkretow-w-milosci\/"]}]},{"@type":"BreadcrumbList","@id":"https:\/\/gaudiumetspes-blog.pl\/index.php\/2020\/01\/08\/wymiana-konkretow-w-milosci\/#breadcrumb","itemListElement":[{"@type":"ListItem","position":1,"name":"Strona g\u0142\u00f3wna","item":"https:\/\/gaudiumetspes-blog.pl\/"},{"@type":"ListItem","position":2,"name":"Wymiana \u00abkonkret\u00f3w w&nbsp;mi\u0142o\u015bci\u00bb"}]},{"@type":"WebSite","@id":"https:\/\/gaudiumetspes-blog.pl\/#website","url":"https:\/\/gaudiumetspes-blog.pl\/","name":"Gaudium Et Spes","description":"Blog Ks. Jacka Ja\u015bkowskiego","potentialAction":[{"@type":"SearchAction","target":{"@type":"EntryPoint","urlTemplate":"https:\/\/gaudiumetspes-blog.pl\/?s={search_term_string}"},"query-input":{"@type":"PropertyValueSpecification","valueRequired":true,"valueName":"search_term_string"}}],"inLanguage":"pl-PL"},{"@type":"Person","@id":"https:\/\/gaudiumetspes-blog.pl\/#\/schema\/person\/1661982992b752dea8dff0d4ed845a65","name":"Ks. Jacek","image":{"@type":"ImageObject","inLanguage":"pl-PL","@id":"https:\/\/gaudiumetspes-blog.pl\/#\/schema\/person\/image\/","url":"https:\/\/gaudiumetspes-blog.pl\/wp-content\/uploads\/2019\/07\/avatar-JJ-150x150.jpg","contentUrl":"https:\/\/gaudiumetspes-blog.pl\/wp-content\/uploads\/2019\/07\/avatar-JJ-150x150.jpg","caption":"Ks. Jacek"},"description":"Witam serdecznie! K\u0142ania si\u0119 Ks. Jacek Ja\u015bkowski. Nie jestem ani kim\u015b wa\u017cnym, ani kim\u015b znanym. Jestem ksi\u0119dzem, kt\u00f3ry po prostu chce rozmawia\u0107. Codzienna kap\u0142a\u0144ska pos\u0142uga pokazuje mi, \u017ce temat\u00f3w do rozm\u00f3w z ksi\u0119dzem jest coraz wi\u0119cej i dzisiaj \u017caden ksi\u0105dz nie mo\u017ce od nich ucieka\u0107, ale - wprost przeciwnie - podejmowa\u0107 nowe wyzwania. To przekonanie sk\u0142oni\u0142o mnie do pr\u00f3by otwarcia tego\u017c bloga, chocia\u017c okazji do rozm\u00f3w na co dzie\u0144 - w konfesjonale i poza nim - na szcz\u0119\u015bcie nie brakuje. My\u015bl\u0119 jednak, \u017ce ten blog b\u0119dzie jeszcze jednym sposobem i przestrzeni\u0105 nawi\u0105zania kontaktu z lud\u017ami dobrej woli, otwartymi na dialog.","url":"https:\/\/gaudiumetspes-blog.pl\/index.php\/author\/ks-jacek\/"}]}},"jetpack_featured_media_url":"","jetpack_sharing_enabled":true,"_links":{"self":[{"href":"https:\/\/gaudiumetspes-blog.pl\/index.php\/wp-json\/wp\/v2\/posts\/16414","targetHints":{"allow":["GET"]}}],"collection":[{"href":"https:\/\/gaudiumetspes-blog.pl\/index.php\/wp-json\/wp\/v2\/posts"}],"about":[{"href":"https:\/\/gaudiumetspes-blog.pl\/index.php\/wp-json\/wp\/v2\/types\/post"}],"author":[{"embeddable":true,"href":"https:\/\/gaudiumetspes-blog.pl\/index.php\/wp-json\/wp\/v2\/users\/1"}],"replies":[{"embeddable":true,"href":"https:\/\/gaudiumetspes-blog.pl\/index.php\/wp-json\/wp\/v2\/comments?post=16414"}],"version-history":[{"count":1,"href":"https:\/\/gaudiumetspes-blog.pl\/index.php\/wp-json\/wp\/v2\/posts\/16414\/revisions"}],"predecessor-version":[{"id":16415,"href":"https:\/\/gaudiumetspes-blog.pl\/index.php\/wp-json\/wp\/v2\/posts\/16414\/revisions\/16415"}],"wp:attachment":[{"href":"https:\/\/gaudiumetspes-blog.pl\/index.php\/wp-json\/wp\/v2\/media?parent=16414"}],"wp:term":[{"taxonomy":"category","embeddable":true,"href":"https:\/\/gaudiumetspes-blog.pl\/index.php\/wp-json\/wp\/v2\/categories?post=16414"},{"taxonomy":"post_tag","embeddable":true,"href":"https:\/\/gaudiumetspes-blog.pl\/index.php\/wp-json\/wp\/v2\/tags?post=16414"}],"curies":[{"name":"wp","href":"https:\/\/api.w.org\/{rel}","templated":true}]}}