{"id":16416,"date":"2020-01-09T07:12:05","date_gmt":"2020-01-09T06:12:05","guid":{"rendered":"https:\/\/gaudiumetspes-blog.pl\/?p=16416"},"modified":"2020-01-09T07:12:05","modified_gmt":"2020-01-09T06:12:05","slug":"odwagi-ja-naprawde-jestem","status":"publish","type":"post","link":"https:\/\/gaudiumetspes-blog.pl\/index.php\/2020\/01\/09\/odwagi-ja-naprawde-jestem\/","title":{"rendered":"Odwagi, Ja naprawd\u0119 jestem!"},"content":{"rendered":"<p align=\"justify\"><span style=\"color: #000000;\"><span style=\"font-family: Book Antiqua, serif;\"><span style=\"font-size: large;\">Szcz\u0119\u015b\u0107 Bo\u017ce! Moi Drodzy, w dniu dzisiejszym przyjdzie mi uczestniczy\u0107 w smutnej, po ludzku uroczysto\u015bci. Oto w Uroczysto\u015b\u0107 Objawienia Pa\u0144skiego, po d\u0142ugiej i naprawd\u0119 bardzo ci\u0119\u017ckiej chorobie nowotworowej, naznaczonej wieloma operacjami, w tym tak\u017ce usuni\u0119ciem j\u0119zyka, \u017cuchwy i podniebienia, odesz\u0142a do Pana Siostra Noela (Agnieszka) Zaniewicz, ze Zgromadzenia Si\u00f3str Opatrzno\u015bci Bo\u017cej, rodzona Siostra Ksi\u0119dza Mariusza Zaniewicza, o rok m\u0142odszego ode mnie \u015bwi\u0119ceniami Kap\u0142ana naszej Diecezji, a tak prywatnie \u2013 bardzo mi \u017cyczliwego Cz\u0142owieka. <\/span><\/span><\/span><\/p>\n<p align=\"justify\"><span style=\"color: #000000;\"><span style=\"font-family: Book Antiqua, serif;\"><span style=\"font-size: large;\">Zw\u0142aszcza teraz, kiedy pracuj\u0119 w Siedlcach, nasze kontakty sta\u0142y si\u0119 cz\u0119stsze i formy wsp\u00f3\u0142pracy bardziej r\u00f3\u017cnorodne. Jako Wicedyrektor Wydzia\u0142u Duszpasterskiego Kurii siedleckiej, Ksi\u0105dz Mariusz wspiera nasze dzia\u0142ania w Duszpasterstwie akademickim. <\/span><\/span><\/span><\/p>\n<p align=\"justify\"><span style=\"color: #000000;\"><span style=\"font-family: Book Antiqua, serif;\"><span style=\"font-size: large;\">Wszyscy wiedzieli\u015bmy o chorobie Jego Siostry. I wiedzieli\u015bmy, \u017ce stan jest bardzo ci\u0119\u017cki, po ludzku beznadziejny. Ale polecali\u015bmy J\u0105 Bogu, tak samo jak i Ksi\u0119dza Mariusza, i Ich Rodzic\u00f3w, i ca\u0142\u0105 Rodzin\u0119. Dzisiaj tym bardziej \u0142\u0105czymy si\u0119 w tej modlitwie i dedykujemy Im s\u0142owa Jezusa z dzisiejszej Ewangelii: <i><b>Odwagi, Ja jestem, nie b\u00f3jcie si\u0119!<\/b><\/i><b> <\/b>Pomimo wszystko \u2013 nie tra\u0107cie wiary! <\/span><\/span><\/span><\/p>\n<p align=\"justify\"><span style=\"color: #000000;\"><span style=\"font-family: Book Antiqua, serif;\"><span style=\"font-size: large;\">Zw\u0142aszcza, \u017ce \u2013 jak si\u0119 wydaje \u2013 pi\u0119kne \u017cycie Siostry Noeli, a na ostatnim etapie ten krzy\u017c, jaki dane Jej by\u0142o ponie\u015b\u0107, sprawi\u0142y, \u017ce mamy ju\u017c \u015awi\u0119t\u0105 w Niebie. Jako ludzie, mamy prawo w to wierzy\u0107. I w tym w\u0142a\u015bnie duchu b\u0119dziemy uczestniczy\u0107 w pogrzebie Siostry Noeli (Agnieszki) Zaniewicz dzisiaj, w Mi\u0119dzyrzecu Podlaskim, w Parafii \u015awi\u0119tego Miko\u0142aja, o godzinie 12:00. <\/span><\/span><\/span><\/p>\n<p align=\"justify\"><span style=\"color: #000000;\"><span style=\"font-family: Book Antiqua, serif;\"><span style=\"font-size: large;\">Niech Pan da Zmar\u0142ej szcz\u0119\u015bcie wieczne! Wierzymy, \u017ce ju\u017c to si\u0119 sta\u0142o!<\/span><\/span><\/span><\/p>\n<p align=\"center\"><span style=\"color: #000000;\"><span style=\"font-family: Book Antiqua, serif;\"><span style=\"font-size: large;\">Gaudium et spes! Ks. Jacek<\/span><\/span><\/span><\/p>\n<p align=\"center\">\n<p align=\"center\">\n<p align=\"center\">\n<p align=\"center\">\n<p align=\"center\">\n<p><span style=\"color: #000000;\"><span style=\"font-family: Book Antiqua, serif;\"><span style=\"font-size: large;\"><b>9 stycznia 2020.,<\/b><\/span><\/span><\/span><\/p>\n<p><span style=\"color: #000000;\"><span style=\"font-family: Book Antiqua, serif;\"><span style=\"font-size: large;\"><b>do czyta\u0144: 1 J 4,11\u201318; Mk 6,45\u201352<\/b><\/span><\/span><\/span><\/p>\n<p>&nbsp;<\/p>\n<p>&nbsp;<\/p>\n<p>&nbsp;<\/p>\n<p>&nbsp;<\/p>\n<p>&nbsp;<\/p>\n<p align=\"justify\"><span style=\"color: #000000;\"><span style=\"font-family: Book Antiqua, serif;\"><span style=\"font-size: large;\"><b>CZYTANIE Z PIERWSZEGO LISTU \u015aWI\u0118TEGO JANA APOSTO\u0141A:<\/b><\/span><\/span><\/span><\/p>\n<p align=\"justify\"><span style=\"color: #000000;\"><span style=\"font-family: Book Antiqua, serif;\"><span style=\"font-size: large;\"><b>Umi\u0142owani, je\u015bli B\u00f3g tak nas umi\u0142owa\u0142, <\/b><\/span><\/span><\/span><\/p>\n<p align=\"justify\"><span style=\"color: #000000;\"><span style=\"font-family: Book Antiqua, serif;\"><span style=\"font-size: large;\"><b>to i my winni\u015bmy si\u0119 wzajemnie mi\u0142owa\u0107. <\/b><\/span><\/span><\/span><\/p>\n<p align=\"justify\"><span style=\"color: #000000;\"><span style=\"font-family: Book Antiqua, serif;\"><span style=\"font-size: large;\"><b>Nikt nigdy Boga nie ogl\u0105da\u0142. <\/b><\/span><\/span><\/span><\/p>\n<p align=\"justify\"><span style=\"color: #000000;\"><span style=\"font-family: Book Antiqua, serif;\"><span style=\"font-size: large;\"><b>Je\u017celi mi\u0142ujemy si\u0119 wzajemnie, <\/b><\/span><\/span><\/span><\/p>\n<p align=\"justify\"><span style=\"color: #000000;\"><span style=\"font-family: Book Antiqua, serif;\"><span style=\"font-size: large;\"><b>B\u00f3g trwa w nas <\/b><\/span><\/span><\/span><\/p>\n<p align=\"justify\"><span style=\"color: #000000;\"><span style=\"font-family: Book Antiqua, serif;\"><span style=\"font-size: large;\"><b>i mi\u0142o\u015b\u0107 ku Niemu jest w nas doskona\u0142a. <\/b><\/span><\/span><\/span><\/p>\n<p align=\"justify\"><span style=\"color: #000000;\"><span style=\"font-family: Book Antiqua, serif;\"><span style=\"font-size: large;\"><b>Poznajemy, \u017ce my trwamy w Nim, <\/b><\/span><\/span><\/span><\/p>\n<p align=\"justify\"><span style=\"color: #000000;\"><span style=\"font-family: Book Antiqua, serif;\"><span style=\"font-size: large;\"><b>a On w nas, <\/b><\/span><\/span><\/span><\/p>\n<p align=\"justify\"><span style=\"color: #000000;\"><span style=\"font-family: Book Antiqua, serif;\"><span style=\"font-size: large;\"><b>bo udzieli\u0142 nam ze swego Ducha. <\/b><\/span><\/span><\/span><\/p>\n<p align=\"justify\"><span style=\"color: #000000;\"><span style=\"font-family: Book Antiqua, serif;\"><span style=\"font-size: large;\"><b>My tak\u017ce widzieli\u015bmy i \u015bwiadczymy, <\/b><\/span><\/span><\/span><\/p>\n<p align=\"justify\"><span style=\"color: #000000;\"><span style=\"font-family: Book Antiqua, serif;\"><span style=\"font-size: large;\"><b>\u017ce Ojciec zes\u0142a\u0142 Syna jako Zbawiciela \u015bwiata.<\/b><\/span><\/span><\/span><\/p>\n<p align=\"justify\"><span style=\"color: #000000;\"><span style=\"font-family: Book Antiqua, serif;\"><span style=\"font-size: large;\"><b>Je\u015bli kto wyznaje, <\/b><\/span><\/span><\/span><\/p>\n<p align=\"justify\"><span style=\"color: #000000;\"><span style=\"font-family: Book Antiqua, serif;\"><span style=\"font-size: large;\"><b>\u017ce Jezus jest Synem Bo\u017cym, <\/b><\/span><\/span><\/span><\/p>\n<p align=\"justify\"><span style=\"color: #000000;\"><span style=\"font-family: Book Antiqua, serif;\"><span style=\"font-size: large;\"><b>to B\u00f3g trwa w nim, a on w Bogu. <\/b><\/span><\/span><\/span><\/p>\n<p align=\"justify\"><span style=\"color: #000000;\"><span style=\"font-family: Book Antiqua, serif;\"><span style=\"font-size: large;\"><b>My\u015bmy poznali i uwierzyli mi\u0142o\u015bci, <\/b><\/span><\/span><\/span><\/p>\n<p align=\"justify\"><span style=\"color: #000000;\"><span style=\"font-family: Book Antiqua, serif;\"><span style=\"font-size: large;\"><b>jak\u0105 B\u00f3g ma ku nam. <\/b><\/span><\/span><\/span><\/p>\n<p align=\"justify\"><span style=\"color: #000000;\"><span style=\"font-family: Book Antiqua, serif;\"><span style=\"font-size: large;\"><b>B\u00f3g jest mi\u0142o\u015bci\u0105: <\/b><\/span><\/span><\/span><\/p>\n<p align=\"justify\"><span style=\"color: #000000;\"><span style=\"font-family: Book Antiqua, serif;\"><span style=\"font-size: large;\"><b>kto trwa w mi\u0142o\u015bci, trwa w Bogu, <\/b><\/span><\/span><\/span><\/p>\n<p align=\"justify\"><span style=\"color: #000000;\"><span style=\"font-family: Book Antiqua, serif;\"><span style=\"font-size: large;\"><b>a B\u00f3g trwa w nim. <\/b><\/span><\/span><\/span><\/p>\n<p align=\"justify\"><span style=\"color: #000000;\"><span style=\"font-family: Book Antiqua, serif;\"><span style=\"font-size: large;\"><b>Przez to mi\u0142o\u015b\u0107 osi\u0105ga w nas kres doskona\u0142o\u015bci, <\/b><\/span><\/span><\/span><\/p>\n<p align=\"justify\"><span style=\"color: #000000;\"><span style=\"font-family: Book Antiqua, serif;\"><span style=\"font-size: large;\"><b>poniewa\u017c tak, jak On jest w niebie, <\/b><\/span><\/span><\/span><\/p>\n<p align=\"justify\"><span style=\"color: #000000;\"><span style=\"font-family: Book Antiqua, serif;\"><span style=\"font-size: large;\"><b>i my jeste\u015bmy na tym \u015bwiecie. <\/b><\/span><\/span><\/span><\/p>\n<p align=\"justify\"><span style=\"color: #000000;\"><span style=\"font-family: Book Antiqua, serif;\"><span style=\"font-size: large;\"><b>W mi\u0142o\u015bci nie ma l\u0119ku, <\/b><\/span><\/span><\/span><\/p>\n<p align=\"justify\"><span style=\"color: #000000;\"><span style=\"font-family: Book Antiqua, serif;\"><span style=\"font-size: large;\"><b>lecz doskona\u0142a mi\u0142o\u015b\u0107 usuwa l\u0119k, <\/b><\/span><\/span><\/span><\/p>\n<p align=\"justify\"><span style=\"color: #000000;\"><span style=\"font-family: Book Antiqua, serif;\"><span style=\"font-size: large;\"><b>poniewa\u017c l\u0119k kojarzy si\u0119 z kar\u0105. <\/b><\/span><\/span><\/span><\/p>\n<p align=\"justify\"><span style=\"color: #000000;\"><span style=\"font-family: Book Antiqua, serif;\"><span style=\"font-size: large;\"><b>Ten za\u015b, kto si\u0119 l\u0119ka, <\/b><\/span><\/span><\/span><\/p>\n<p align=\"justify\"><span style=\"color: #000000;\"><span style=\"font-family: Book Antiqua, serif;\"><span style=\"font-size: large;\"><b>nie wydoskonali\u0142 si\u0119 w mi\u0142o\u015bci.<\/b><\/span><\/span><\/span><\/p>\n<p align=\"justify\">\n<p align=\"justify\">\n<p align=\"justify\">\n<p align=\"justify\">\n<p align=\"justify\">\n<p align=\"justify\"><span style=\"color: #000000;\"><span style=\"font-family: Book Antiqua, serif;\"><span style=\"font-size: large;\"><b>S\u0141OWA EWANGELII WED\u0141UG \u015aWI\u0118TEGO MARKA:<\/b><\/span><\/span><\/span><\/p>\n<p align=\"justify\"><span style=\"color: #000000;\"><span style=\"font-family: Book Antiqua, serif;\"><span style=\"font-size: large;\"><b>Kiedy Jezus nasyci\u0142 pi\u0119\u0107 tysi\u0119cy m\u0119\u017cczyzn, zaraz przynagli\u0142 swych uczni\u00f3w, \u017ceby wsiedli do \u0142odzi i wyprzedzili Go na drugi brzeg, do Betsaidy, zanim odprawi t\u0142um. Gdy rozsta\u0142 si\u0119 z nimi, odszed\u0142 na g\u00f3r\u0119, aby si\u0119 modli\u0107.<\/b><\/span><\/span><\/span><\/p>\n<p align=\"justify\"><span style=\"color: #000000;\"><span style=\"font-family: Book Antiqua, serif;\"><span style=\"font-size: large;\"><b>Wiecz\u00f3r zapad\u0142, \u0142\u00f3d\u017a by\u0142a na \u015brodku jeziora, a On sam jeden na l\u0105dzie. Widz\u0105c, jak si\u0119 trudzili przy wios\u0142owaniu, bo wiatr by\u0142 im przeciwny, oko\u0142o czwartej stra\u017cy nocnej przyszed\u0142 do nich, krocz\u0105c po jeziorze, i chcia\u0142 ich min\u0105\u0107.<\/b><\/span><\/span><\/span><\/p>\n<p align=\"justify\"><span style=\"color: #000000;\"><span style=\"font-family: Book Antiqua, serif;\"><span style=\"font-size: large;\"><b>Oni za\u015b, gdy Go ujrzeli krocz\u0105cego po jeziorze, my\u015bleli, \u017ce to zjawa, i zacz\u0119li krzycze\u0107. Widzieli Go bowiem wszyscy i zatrwo\u017cyli si\u0119. Lecz On zaraz przem\u00f3wi\u0142 do nich: \u201eOdwagi, Ja jestem, nie b\u00f3jcie si\u0119\u201d. I wszed\u0142 do nich do \u0142odzi, a wiatr si\u0119 uciszy\u0142. <\/b><\/span><\/span><\/span><\/p>\n<p align=\"justify\"><span style=\"color: #000000;\"><span style=\"font-family: Book Antiqua, serif;\"><span style=\"font-size: large;\"><b>Oni tym bardziej byli zdumieni w duszy, \u017ce nie zrozumieli sprawy z chlebami, gdy\u017c umys\u0142 ich by\u0142 ot\u0119pia\u0142y.<\/b><\/span><\/span><\/span><\/p>\n<p align=\"justify\">\n<p align=\"justify\">\n<p align=\"justify\">\n<p align=\"justify\">\n<p align=\"justify\">\n<p align=\"justify\"><span style=\"color: #000000;\"><span style=\"font-family: Book Antiqua, serif;\"><span style=\"font-size: large;\">Pe\u0142ne tre\u015bci s\u0105 oba dzisiejsze czytania. W\u0142a\u015bciwie, to <b>o ka\u017cdym zdaniu<\/b> z pierwszego czytania nale\u017ca\u0142oby wyg\u0142osi\u0107 do\u015b\u0107 d\u0142ugie rozwa\u017canie. Tak\u017ce Ewangelia dzisiejsza przynosi obraz o tyle symboliczny, co bardzo <b>g\u0142\u0119boki<\/b> i nios\u0105cy <b>konkretne przes\u0142anie.<\/b> <\/span><\/span><\/span><\/p>\n<p align=\"justify\"><span style=\"color: #000000;\"><span style=\"font-family: Book Antiqua, serif;\"><span style=\"font-size: large;\">Gdyby jednak chcie\u0107 \u2013 dla potrzeb tej naszej kr\u00f3tkiej refleksji \u2013 wybra\u0107 takie <b>zdania kluczowe,<\/b> kt\u00f3re jako\u015b ogniskowa\u0142yby w sobie wszystkie tre\u015bci, w obu tekstach zawarte, to zapewne w pierwszym czytaniu wskazaliby\u015bmy na to zdanie: <i><b>B\u00f3g jest mi\u0142o\u015bci\u0105: <\/b><\/i><i><b>kto trwa w mi\u0142o\u015bci, trwa w Bogu, <\/b><\/i><i><b>a B\u00f3g trwa w nim,<\/b><\/i><b> <\/b>natomiast w Ewangelii by\u0142yby to s\u0142owa Jezusa, skierowane do uczni\u00f3w, kiedy zobaczyli Go, jak kroczy po jeziorze: Odwagi, Ja jestem, nie b\u00f3jcie si\u0119! <\/span><\/span><\/span><\/p>\n<p align=\"justify\"><span style=\"color: #000000;\"><span style=\"font-family: Book Antiqua, serif;\"><span style=\"font-size: large;\">Ot\u00f3\u017c, w\u0142a\u015bnie! Trwanie w mi\u0142o\u015bci, \u017cycie mi\u0142o\u015bci\u0105, okazywanie jej ludziom \u2013 to praktyczny i konkretny znak trwania cz\u0142owieka w Bogu. \u015awi\u0119ty Jan wyja\u015bnia: <i><b>Umi\u0142owani, je\u015bli B\u00f3g tak nas umi\u0142owa\u0142, to i my winni\u015bmy si\u0119 wzajemnie mi\u0142owa\u0107. Nikt nigdy Boga nie ogl\u0105da\u0142. Je\u017celi mi\u0142ujemy si\u0119 wzajemnie, B\u00f3g trwa w nas <\/b><\/i><i><b>i mi\u0142o\u015b\u0107 ku Niemu jest w nas doskona\u0142a.<\/b><\/i><b> <\/b><\/span><\/span><\/span><\/p>\n<p align=\"justify\"><span style=\"color: #000000;\"><span style=\"font-family: Book Antiqua, serif;\"><span style=\"font-size: large;\">Rzeczywi\u015bcie, <i><b>Boga nikt nigdy nie ogl\u0105da\u0142.<\/b><\/i> Objawi\u0142 si\u0119 On nam w swoim Synu, ale bezpo\u015brednie widzenie Boga b\u0119dzie nam dane dopiero <b>w \u017cyciu przysz\u0142ym.<\/b> Tu na ziemi natomiast znakiem obecno\u015bci i dzia\u0142ania Boga jest z ca\u0142\u0105 pewno\u015bci\u0105 <b>pe\u0142na mi\u0142o\u015bci postawa Jego uczni\u00f3w.<\/b> Na wzburzonych falach naszego \u017cycia trzeba nam ci\u0105gle s\u0142ysze\u0107: <i><b>Odwagi, Ja jestem, nie b\u00f3jcie si\u0119!<\/b><\/i><b> <\/b><\/span><\/span><\/span><\/p>\n<p align=\"justify\"><span style=\"color: #000000;\"><span style=\"font-family: Book Antiqua, serif;\"><span style=\"font-size: large;\">Zauwa\u017cmy przy tym, \u017ce stwierdzenie <i><b>Ja jestem<\/b><\/i> oznacza tu nie tylko informacj\u0119, \u017ce to Jezus, a nie kto inny, przyszed\u0142 do Aposto\u0142\u00f3w po wodzie, ale tak\u017ce \u2013 a mo\u017ce: przede wszystkim \u2013 jest to<b> imi\u0119 Boga!<\/b> <b>Jestem, kt\u00f3ry jestem! <\/b><i><b>Ja jestem!<\/b><\/i><i> <\/i><\/span><\/span><\/span><\/p>\n<p align=\"justify\"><span style=\"color: #000000;\"><span style=\"font-family: Book Antiqua, serif;\"><span style=\"font-size: large;\">I to winno by\u0107 \u017ar\u00f3d\u0142em odwagi dla Aposto\u0142\u00f3w, to r\u00f3wnie\u017c ma by\u0107 <b>\u017ar\u00f3d\u0142em odwagi dla nas:<\/b> na wzburzonych falach naszego \u017cycia nie jeste\u015bmy sami! I mo\u017ce nieraz, kiedy ju\u017c wydaje si\u0119 nam, \u017ce te fale nas wprost zalewaj\u0105, chcemy zakrzykn\u0105\u0107: <b>Panie, ja tu jestem! Ton\u0119! Czy mnie widzisz? Pom\u00f3\u017c, poratuj, podaj r\u0119k\u0119! <\/b><\/span><\/span><\/span><\/p>\n<p align=\"justify\"><span style=\"color: #000000;\"><span style=\"font-family: Book Antiqua, serif;\"><span style=\"font-size: large;\">A Jezus wtedy odpowiada: <i><b>Odwagi, Ja jestem, nie<\/b><\/i><b> <\/b><b>[<\/b><b>b\u00f3j<\/b><b>]<\/b><b> <\/b><i><b>si\u0119!<\/b><\/i><b> <\/b>Przy czym tutaj \u2013 tak samo, jak w wydarzeniu ewangelicznym \u2013 s\u0142owa te s\u0105 stwierdzeniem <b>faktu, \u017ce to Jezus,<\/b> a nie kto inny, przychodzi z pomoc\u0105, ale tak\u017ce oznaczaj\u0105 <b>imi\u0119 Boga!<\/b> To B\u00f3g sam ratuje cz\u0142owieka. To On sam wychodzi nam na spotkanie! To On sam wyci\u0105ga do nas pomocn\u0105 d\u0142o\u0144!<\/span><\/span><\/span><\/p>\n<p align=\"justify\"><span style=\"color: #000000;\"><span style=\"font-family: Book Antiqua, serif;\"><span style=\"font-size: large;\">A znakiem najpe\u0142niejszym tej obecno\u015bci i pomocy, jaka spotyka nas ze strony Boga, jest <b>mi\u0142o\u015b\u0107, jakiej z Jego strony <\/b><b>ci\u0105gle d<\/b><b>oznajemy,<\/b> czego z kolei konkretnym wyrazem jest <b>mi\u0142o\u015b\u0107, jak\u0105 okazuj\u0105 nam ludzie.<\/b> Ale tak\u017ce \u2013 jak\u0105 my im okazujemy. Czyli \u2013 mi\u0142o\u015b\u0107 wzajemna. Bo to w\u0142a\u015bnie ta wzajemna mi\u0142o\u015b\u0107 jest najpe\u0142niejszym i najbardziej wyrazistym znakiem <b>naszego trwania w Bogu i trwania Boga <\/b><b>w nas i przy n<\/b><b>as.<\/b> <\/span><\/span><\/span><\/p>\n<p align=\"justify\"><span style=\"color: #000000;\"><span style=\"font-family: Book Antiqua, serif;\"><span style=\"font-size: large;\">Je\u017celi Boga nie widzimy w takiej postaci, w jakiej zobaczymy Go dopiero w przysz\u0142ym \u017cyciu \u2013 to niech znakiem tego, \u017ce <b>my w Niego naprawd\u0119 wierzymy i widzimy Go<\/b> naszym sercem, do\u015bwiadczamy Jego obecno\u015bci w naszym \u017cyciu, b\u0119dzie w\u0142a\u015bnie nasza wzajemna mi\u0142o\u015b\u0107. A w\u00f3wczas \u017cadne \u017cyciowe fale, cho\u0107by najwi\u0119ksze i najbardziej wzburzone, nie b\u0119d\u0105 nam w stanie <b>niczego z\u0142ego uczyni\u0107. <\/b><\/span><\/span><\/span><\/p>\n<p align=\"justify\"><span style=\"color: #000000;\"><span style=\"font-family: Book Antiqua, serif;\"><span style=\"font-size: large;\">Czy mog\u0119 zatem z ca\u0142ym przekonaniem stwierdzi\u0107, \u017ce widz\u0105c moje \u017cycie i post\u0119powanie, wszyscy wok\u00f3\u0142 b\u0119d\u0105 mogli przekona\u0107 si\u0119 o prawdziwo\u015bci tych w\u0142a\u015bnie s\u0142\u00f3w Jezusa: <i><b>Odwagi, Ja jestem, nie b\u00f3jcie si\u0119?<\/b><\/i><b> <\/b>S\u0142owem, czy pe\u0142na mi\u0142o\u015bci obecno\u015b\u0107 Jezusa jest widoczna <b>w moim odnoszeniu si\u0119<\/b> do drugiego cz\u0142owieka? Czy po spotkaniu ze mn\u0105 \u2013 ci, z kt\u00f3rymi si\u0119 spotykam, odchodz\u0105 lepsi, pocieszeni, podniesieni na duchu?\u2026 <\/span><\/span><\/span><\/p>\n","protected":false},"excerpt":{"rendered":"<p>Szcz\u0119\u015b\u0107 Bo\u017ce! Moi Drodzy, w dniu dzisiejszym przyjdzie mi uczestniczy\u0107 w smutnej, po ludzku uroczysto\u015bci. Oto w Uroczysto\u015b\u0107 Objawienia Pa\u0144skiego, po d\u0142ugiej i naprawd\u0119 bardzo ci\u0119\u017ckiej chorobie nowotworowej, naznaczonej wieloma operacjami, w tym tak\u017ce usuni\u0119ciem j\u0119zyka, \u017cuchwy i podniebienia, odesz\u0142a do Pana Siostra Noela (Agnieszka) Zaniewicz, ze Zgromadzenia Si\u00f3str Opatrzno\u015bci Bo\u017cej, rodzona Siostra Ksi\u0119dza Mariusza [&hellip;]<\/p>\n","protected":false},"author":1,"featured_media":0,"comment_status":"open","ping_status":"open","sticky":false,"template":"","format":"standard","meta":{"jetpack_post_was_ever_published":false,"_jetpack_newsletter_access":"","_jetpack_dont_email_post_to_subs":false,"_jetpack_newsletter_tier_id":0,"_jetpack_memberships_contains_paywalled_content":false,"_jetpack_memberships_contains_paid_content":false,"footnotes":""},"categories":[1],"tags":[],"class_list":["post-16416","post","type-post","status-publish","format-standard","hentry","category-bez-kategorii"],"yoast_head":"<!-- This site is optimized with the Yoast SEO plugin v25.1 - https:\/\/yoast.com\/wordpress\/plugins\/seo\/ -->\n<title>Odwagi, Ja naprawd\u0119 jestem! - Gaudium Et Spes<\/title>\n<meta name=\"robots\" content=\"index, follow, max-snippet:-1, max-image-preview:large, max-video-preview:-1\" \/>\n<link rel=\"canonical\" href=\"https:\/\/gaudiumetspes-blog.pl\/index.php\/2020\/01\/09\/odwagi-ja-naprawde-jestem\/\" \/>\n<meta property=\"og:locale\" content=\"pl_PL\" \/>\n<meta property=\"og:type\" content=\"article\" \/>\n<meta property=\"og:title\" content=\"Odwagi, Ja naprawd\u0119 jestem! - Gaudium Et Spes\" \/>\n<meta property=\"og:description\" content=\"Szcz\u0119\u015b\u0107 Bo\u017ce! Moi Drodzy, w dniu dzisiejszym przyjdzie mi uczestniczy\u0107 w smutnej, po ludzku uroczysto\u015bci. Oto w Uroczysto\u015b\u0107 Objawienia Pa\u0144skiego, po d\u0142ugiej i naprawd\u0119 bardzo ci\u0119\u017ckiej chorobie nowotworowej, naznaczonej wieloma operacjami, w tym tak\u017ce usuni\u0119ciem j\u0119zyka, \u017cuchwy i podniebienia, odesz\u0142a do Pana Siostra Noela (Agnieszka) Zaniewicz, ze Zgromadzenia Si\u00f3str Opatrzno\u015bci Bo\u017cej, rodzona Siostra Ksi\u0119dza Mariusza [&hellip;]\" \/>\n<meta property=\"og:url\" content=\"https:\/\/gaudiumetspes-blog.pl\/index.php\/2020\/01\/09\/odwagi-ja-naprawde-jestem\/\" \/>\n<meta property=\"og:site_name\" content=\"Gaudium Et Spes\" \/>\n<meta property=\"article:published_time\" content=\"2020-01-09T06:12:05+00:00\" \/>\n<meta name=\"author\" content=\"Ks. Jacek\" \/>\n<meta name=\"twitter:card\" content=\"summary_large_image\" \/>\n<meta name=\"twitter:label1\" content=\"Napisane przez\" \/>\n\t<meta name=\"twitter:data1\" content=\"Ks. Jacek\" \/>\n\t<meta name=\"twitter:label2\" content=\"Szacowany czas czytania\" \/>\n\t<meta name=\"twitter:data2\" content=\"7 minut\" \/>\n<script type=\"application\/ld+json\" class=\"yoast-schema-graph\">{\"@context\":\"https:\/\/schema.org\",\"@graph\":[{\"@type\":\"WebPage\",\"@id\":\"https:\/\/gaudiumetspes-blog.pl\/index.php\/2020\/01\/09\/odwagi-ja-naprawde-jestem\/\",\"url\":\"https:\/\/gaudiumetspes-blog.pl\/index.php\/2020\/01\/09\/odwagi-ja-naprawde-jestem\/\",\"name\":\"Odwagi, Ja naprawd\u0119 jestem! - Gaudium Et Spes\",\"isPartOf\":{\"@id\":\"https:\/\/gaudiumetspes-blog.pl\/#website\"},\"datePublished\":\"2020-01-09T06:12:05+00:00\",\"author\":{\"@id\":\"https:\/\/gaudiumetspes-blog.pl\/#\/schema\/person\/1661982992b752dea8dff0d4ed845a65\"},\"breadcrumb\":{\"@id\":\"https:\/\/gaudiumetspes-blog.pl\/index.php\/2020\/01\/09\/odwagi-ja-naprawde-jestem\/#breadcrumb\"},\"inLanguage\":\"pl-PL\",\"potentialAction\":[{\"@type\":\"ReadAction\",\"target\":[\"https:\/\/gaudiumetspes-blog.pl\/index.php\/2020\/01\/09\/odwagi-ja-naprawde-jestem\/\"]}]},{\"@type\":\"BreadcrumbList\",\"@id\":\"https:\/\/gaudiumetspes-blog.pl\/index.php\/2020\/01\/09\/odwagi-ja-naprawde-jestem\/#breadcrumb\",\"itemListElement\":[{\"@type\":\"ListItem\",\"position\":1,\"name\":\"Strona g\u0142\u00f3wna\",\"item\":\"https:\/\/gaudiumetspes-blog.pl\/\"},{\"@type\":\"ListItem\",\"position\":2,\"name\":\"Odwagi, Ja naprawd\u0119 jestem!\"}]},{\"@type\":\"WebSite\",\"@id\":\"https:\/\/gaudiumetspes-blog.pl\/#website\",\"url\":\"https:\/\/gaudiumetspes-blog.pl\/\",\"name\":\"Gaudium Et Spes\",\"description\":\"Blog Ks. Jacka Ja\u015bkowskiego\",\"potentialAction\":[{\"@type\":\"SearchAction\",\"target\":{\"@type\":\"EntryPoint\",\"urlTemplate\":\"https:\/\/gaudiumetspes-blog.pl\/?s={search_term_string}\"},\"query-input\":{\"@type\":\"PropertyValueSpecification\",\"valueRequired\":true,\"valueName\":\"search_term_string\"}}],\"inLanguage\":\"pl-PL\"},{\"@type\":\"Person\",\"@id\":\"https:\/\/gaudiumetspes-blog.pl\/#\/schema\/person\/1661982992b752dea8dff0d4ed845a65\",\"name\":\"Ks. Jacek\",\"image\":{\"@type\":\"ImageObject\",\"inLanguage\":\"pl-PL\",\"@id\":\"https:\/\/gaudiumetspes-blog.pl\/#\/schema\/person\/image\/\",\"url\":\"https:\/\/gaudiumetspes-blog.pl\/wp-content\/uploads\/2019\/07\/avatar-JJ-150x150.jpg\",\"contentUrl\":\"https:\/\/gaudiumetspes-blog.pl\/wp-content\/uploads\/2019\/07\/avatar-JJ-150x150.jpg\",\"caption\":\"Ks. Jacek\"},\"description\":\"Witam serdecznie! K\u0142ania si\u0119 Ks. Jacek Ja\u015bkowski. Nie jestem ani kim\u015b wa\u017cnym, ani kim\u015b znanym. Jestem ksi\u0119dzem, kt\u00f3ry po prostu chce rozmawia\u0107. Codzienna kap\u0142a\u0144ska pos\u0142uga pokazuje mi, \u017ce temat\u00f3w do rozm\u00f3w z ksi\u0119dzem jest coraz wi\u0119cej i dzisiaj \u017caden ksi\u0105dz nie mo\u017ce od nich ucieka\u0107, ale - wprost przeciwnie - podejmowa\u0107 nowe wyzwania. To przekonanie sk\u0142oni\u0142o mnie do pr\u00f3by otwarcia tego\u017c bloga, chocia\u017c okazji do rozm\u00f3w na co dzie\u0144 - w konfesjonale i poza nim - na szcz\u0119\u015bcie nie brakuje. My\u015bl\u0119 jednak, \u017ce ten blog b\u0119dzie jeszcze jednym sposobem i przestrzeni\u0105 nawi\u0105zania kontaktu z lud\u017ami dobrej woli, otwartymi na dialog.\",\"url\":\"https:\/\/gaudiumetspes-blog.pl\/index.php\/author\/ks-jacek\/\"}]}<\/script>\n<!-- \/ Yoast SEO plugin. -->","yoast_head_json":{"title":"Odwagi, Ja naprawd\u0119 jestem! - Gaudium Et Spes","robots":{"index":"index","follow":"follow","max-snippet":"max-snippet:-1","max-image-preview":"max-image-preview:large","max-video-preview":"max-video-preview:-1"},"canonical":"https:\/\/gaudiumetspes-blog.pl\/index.php\/2020\/01\/09\/odwagi-ja-naprawde-jestem\/","og_locale":"pl_PL","og_type":"article","og_title":"Odwagi, Ja naprawd\u0119 jestem! - Gaudium Et Spes","og_description":"Szcz\u0119\u015b\u0107 Bo\u017ce! Moi Drodzy, w dniu dzisiejszym przyjdzie mi uczestniczy\u0107 w smutnej, po ludzku uroczysto\u015bci. Oto w Uroczysto\u015b\u0107 Objawienia Pa\u0144skiego, po d\u0142ugiej i naprawd\u0119 bardzo ci\u0119\u017ckiej chorobie nowotworowej, naznaczonej wieloma operacjami, w tym tak\u017ce usuni\u0119ciem j\u0119zyka, \u017cuchwy i podniebienia, odesz\u0142a do Pana Siostra Noela (Agnieszka) Zaniewicz, ze Zgromadzenia Si\u00f3str Opatrzno\u015bci Bo\u017cej, rodzona Siostra Ksi\u0119dza Mariusza [&hellip;]","og_url":"https:\/\/gaudiumetspes-blog.pl\/index.php\/2020\/01\/09\/odwagi-ja-naprawde-jestem\/","og_site_name":"Gaudium Et Spes","article_published_time":"2020-01-09T06:12:05+00:00","author":"Ks. Jacek","twitter_card":"summary_large_image","twitter_misc":{"Napisane przez":"Ks. Jacek","Szacowany czas czytania":"7 minut"},"schema":{"@context":"https:\/\/schema.org","@graph":[{"@type":"WebPage","@id":"https:\/\/gaudiumetspes-blog.pl\/index.php\/2020\/01\/09\/odwagi-ja-naprawde-jestem\/","url":"https:\/\/gaudiumetspes-blog.pl\/index.php\/2020\/01\/09\/odwagi-ja-naprawde-jestem\/","name":"Odwagi, Ja naprawd\u0119 jestem! - Gaudium Et Spes","isPartOf":{"@id":"https:\/\/gaudiumetspes-blog.pl\/#website"},"datePublished":"2020-01-09T06:12:05+00:00","author":{"@id":"https:\/\/gaudiumetspes-blog.pl\/#\/schema\/person\/1661982992b752dea8dff0d4ed845a65"},"breadcrumb":{"@id":"https:\/\/gaudiumetspes-blog.pl\/index.php\/2020\/01\/09\/odwagi-ja-naprawde-jestem\/#breadcrumb"},"inLanguage":"pl-PL","potentialAction":[{"@type":"ReadAction","target":["https:\/\/gaudiumetspes-blog.pl\/index.php\/2020\/01\/09\/odwagi-ja-naprawde-jestem\/"]}]},{"@type":"BreadcrumbList","@id":"https:\/\/gaudiumetspes-blog.pl\/index.php\/2020\/01\/09\/odwagi-ja-naprawde-jestem\/#breadcrumb","itemListElement":[{"@type":"ListItem","position":1,"name":"Strona g\u0142\u00f3wna","item":"https:\/\/gaudiumetspes-blog.pl\/"},{"@type":"ListItem","position":2,"name":"Odwagi, Ja naprawd\u0119 jestem!"}]},{"@type":"WebSite","@id":"https:\/\/gaudiumetspes-blog.pl\/#website","url":"https:\/\/gaudiumetspes-blog.pl\/","name":"Gaudium Et Spes","description":"Blog Ks. Jacka Ja\u015bkowskiego","potentialAction":[{"@type":"SearchAction","target":{"@type":"EntryPoint","urlTemplate":"https:\/\/gaudiumetspes-blog.pl\/?s={search_term_string}"},"query-input":{"@type":"PropertyValueSpecification","valueRequired":true,"valueName":"search_term_string"}}],"inLanguage":"pl-PL"},{"@type":"Person","@id":"https:\/\/gaudiumetspes-blog.pl\/#\/schema\/person\/1661982992b752dea8dff0d4ed845a65","name":"Ks. Jacek","image":{"@type":"ImageObject","inLanguage":"pl-PL","@id":"https:\/\/gaudiumetspes-blog.pl\/#\/schema\/person\/image\/","url":"https:\/\/gaudiumetspes-blog.pl\/wp-content\/uploads\/2019\/07\/avatar-JJ-150x150.jpg","contentUrl":"https:\/\/gaudiumetspes-blog.pl\/wp-content\/uploads\/2019\/07\/avatar-JJ-150x150.jpg","caption":"Ks. Jacek"},"description":"Witam serdecznie! K\u0142ania si\u0119 Ks. Jacek Ja\u015bkowski. Nie jestem ani kim\u015b wa\u017cnym, ani kim\u015b znanym. Jestem ksi\u0119dzem, kt\u00f3ry po prostu chce rozmawia\u0107. Codzienna kap\u0142a\u0144ska pos\u0142uga pokazuje mi, \u017ce temat\u00f3w do rozm\u00f3w z ksi\u0119dzem jest coraz wi\u0119cej i dzisiaj \u017caden ksi\u0105dz nie mo\u017ce od nich ucieka\u0107, ale - wprost przeciwnie - podejmowa\u0107 nowe wyzwania. To przekonanie sk\u0142oni\u0142o mnie do pr\u00f3by otwarcia tego\u017c bloga, chocia\u017c okazji do rozm\u00f3w na co dzie\u0144 - w konfesjonale i poza nim - na szcz\u0119\u015bcie nie brakuje. My\u015bl\u0119 jednak, \u017ce ten blog b\u0119dzie jeszcze jednym sposobem i przestrzeni\u0105 nawi\u0105zania kontaktu z lud\u017ami dobrej woli, otwartymi na dialog.","url":"https:\/\/gaudiumetspes-blog.pl\/index.php\/author\/ks-jacek\/"}]}},"jetpack_featured_media_url":"","jetpack_sharing_enabled":true,"_links":{"self":[{"href":"https:\/\/gaudiumetspes-blog.pl\/index.php\/wp-json\/wp\/v2\/posts\/16416","targetHints":{"allow":["GET"]}}],"collection":[{"href":"https:\/\/gaudiumetspes-blog.pl\/index.php\/wp-json\/wp\/v2\/posts"}],"about":[{"href":"https:\/\/gaudiumetspes-blog.pl\/index.php\/wp-json\/wp\/v2\/types\/post"}],"author":[{"embeddable":true,"href":"https:\/\/gaudiumetspes-blog.pl\/index.php\/wp-json\/wp\/v2\/users\/1"}],"replies":[{"embeddable":true,"href":"https:\/\/gaudiumetspes-blog.pl\/index.php\/wp-json\/wp\/v2\/comments?post=16416"}],"version-history":[{"count":1,"href":"https:\/\/gaudiumetspes-blog.pl\/index.php\/wp-json\/wp\/v2\/posts\/16416\/revisions"}],"predecessor-version":[{"id":16417,"href":"https:\/\/gaudiumetspes-blog.pl\/index.php\/wp-json\/wp\/v2\/posts\/16416\/revisions\/16417"}],"wp:attachment":[{"href":"https:\/\/gaudiumetspes-blog.pl\/index.php\/wp-json\/wp\/v2\/media?parent=16416"}],"wp:term":[{"taxonomy":"category","embeddable":true,"href":"https:\/\/gaudiumetspes-blog.pl\/index.php\/wp-json\/wp\/v2\/categories?post=16416"},{"taxonomy":"post_tag","embeddable":true,"href":"https:\/\/gaudiumetspes-blog.pl\/index.php\/wp-json\/wp\/v2\/tags?post=16416"}],"curies":[{"name":"wp","href":"https:\/\/api.w.org\/{rel}","templated":true}]}}