{"id":16436,"date":"2020-01-18T07:37:51","date_gmt":"2020-01-18T06:37:51","guid":{"rendered":"https:\/\/gaudiumetspes-blog.pl\/?p=16436"},"modified":"2020-01-18T07:37:51","modified_gmt":"2020-01-18T06:37:51","slug":"szukac-czy-nie-szukac-oslic","status":"publish","type":"post","link":"https:\/\/gaudiumetspes-blog.pl\/index.php\/2020\/01\/18\/szukac-czy-nie-szukac-oslic\/","title":{"rendered":"Szuka\u0107, czy nie szuka\u0107 o\u015blic?&#8230;"},"content":{"rendered":"<p align=\"justify\"><span style=\"color: #000000;\"><span style=\"font-family: Book Antiqua, serif;\"><span style=\"font-size: large;\">Szcz\u0119\u015b\u0107 Bo\u017ce! Moi Drodzy, w dniu dzisiejszym <b>urodziny i imieniny prze\u017cywa Ma\u0142gorzata Grzechnik, nale\u017c\u0105ca w swoim czasie do jednej z m\u0142odzie\u017cowych Wsp\u00f3lnot. Niech Jej Pan b\u0142ogos\u0142awi i swoimi drogami prowadzi! Zapewniam o modlitwie.<\/b><\/span><\/span><\/span><\/p>\n<p align=\"justify\"><span style=\"color: #000000;\"><span style=\"font-family: Book Antiqua, serif;\"><span style=\"font-size: large;\">Dzisiaj tak\u017ce rozpoczynamy w Ko\u015bciele, pod has\u0142em: \u201e\u017byczliwymi b\u0105d\u017amy\u201d, Tydzie\u0144 Modlitw o Jedno\u015b\u0107 Chrze\u015bcijan. Moi Drodzy, niech ta sprawa i ta intencja rzeczywi\u015bcie w tych dniach przy\u015bwieca naszym modlitwom!<\/span><\/span><\/span><\/p>\n<p align=\"justify\"><span style=\"color: #000000;\"><span style=\"font-family: Book Antiqua, serif;\"><span style=\"font-size: large;\">A ja wczoraj, w swoim mieszkaniu w Lublinie, przyjmowa\u0142em Kap\u0142ana, przybywaj\u0105cego w wizyt\u0105 duszpastersk\u0105. Wielka moj\u0105 rado\u015bci\u0105 by\u0142o to, i\u017c tym Kap\u0142anem okaza\u0142 si\u0119 Ojciec Azariasz Jacek Hess, kt\u00f3ry jeszcze niedawno by\u0142 Kustoszem Sanktuarium w Kalwarii Zebrzydowskiej, a w og\u00f3le znany jest z pi\u0119knie wykonywanych pie\u015bni o tematyce religijnej, w tym tak\u017ce pasyjnej. Niejednokrotnie mieli\u015bmy mo\u017cliwo\u015b\u0107 s\u0142uchania tych\u017ce pie\u015bni w Telewizji TRWAM, nagrane s\u0105 te\u017c p\u0142yty. Zreszt\u0105, wystarczy wpisa\u0107 to imi\u0119 i nazwisko w wyszukiwarce internetowej, \u017ceby przekona\u0107 si\u0119, jak znana jest to Posta\u0107.<\/span><\/span><\/span><\/p>\n<p align=\"justify\"><span style=\"color: #000000;\"><span style=\"font-family: Book Antiqua, serif;\"><span style=\"font-size: large;\">Ojciec Azariasz w tej chwili pos\u0142uguje w Lublinie, w Parafii \u015awi\u0119tego Brata Alberta, st\u0105d wczoraj m\u00f3g\u0142 przyby\u0107 do mieszka\u0144c\u00f3w mojego bloku \u2013 i do mnie.<\/span><\/span><\/span><\/p>\n<p align=\"justify\"><span style=\"color: #000000;\"><span style=\"font-family: Book Antiqua, serif;\"><span style=\"font-size: large;\">Bogu dzi\u0119kuj\u0119 za to spotkanie, za modlitw\u0119 i b\u0142ogos\u0142awie\u0144stwo, oraz za \u015bwietn\u0105 rozmow\u0119 przy kawie o wielu, naprawd\u0119 wa\u017cnych sprawach. Niech Dobry B\u00f3g b\u0142ogos\u0142awi Ojcu Azariaszowi w Jego pos\u0142udze! I niech pozwoli Mu w ca\u0142ej pe\u0142ni wykorzysta\u0107 \u2013 dla dobra Ko\u015bcio\u0142a \u2013 ca\u0142y ten potencja\u0142 i te talenty, jakie w Nim z\u0142o\u017cy\u0142.<\/span><\/span><\/span><\/p>\n<p align=\"center\"><span style=\"color: #000000;\"><span style=\"font-family: Book Antiqua, serif;\"><span style=\"font-size: large;\">Gaudium et spes! Ks. Jacek<\/span><\/span><\/span><\/p>\n<p align=\"center\">\n<p align=\"center\">\n<p align=\"center\">\n<p align=\"center\">\n<p align=\"center\">\n<p align=\"justify\"><span style=\"color: #000000;\"><span style=\"font-family: Book Antiqua, serif;\"><span style=\"font-size: large;\"><b>Sobota 1 Tygodnia zwyk\u0142ego, rok II,<\/b><\/span><\/span><\/span><\/p>\n<p align=\"justify\"><span style=\"color: #000000;\"><span style=\"font-family: Book Antiqua, serif;\"><span style=\"font-size: large;\"><b>do czyta\u0144: 1 Sm 9,1\u20134.17\u201319;10,1a; Mk 2,13\u201317<\/b><\/span><\/span><\/span><\/p>\n<p align=\"justify\">\n<p align=\"justify\">\n<p align=\"justify\">\n<p align=\"justify\">\n<p align=\"justify\">\n<p align=\"justify\"><span style=\"color: #000000;\"><span style=\"font-family: Book Antiqua, serif;\"><span style=\"font-size: large;\"><b>CZYTANIE Z PIERWSZEJ KSI\u0118GI SAMUELA: <\/b><\/span><\/span><\/span><\/p>\n<p align=\"justify\"><span style=\"color: #000000;\"><span style=\"font-family: Book Antiqua, serif;\"><span style=\"font-size: large;\"><b>By\u0142 pewien dzielny wojownik z rodu Beniamina, a na imi\u0119 mu by\u0142o Kisz, syn Abiela, syna Serora, syna Bekorata, syna Afijacha, syna Beniamina. Mia\u0142 on syna imieniem Saul, wysokiego i dorodnego, a nie by\u0142o od niego pi\u0119kniejszego cz\u0142owieka w\u015br\u00f3d syn\u00f3w izraelskich. Wzrostem o g\u0142ow\u0119 przewy\u017csza\u0142 ca\u0142y lud. <\/b><\/span><\/span><\/span><\/p>\n<p align=\"justify\"><span style=\"color: #000000;\"><span style=\"font-family: Book Antiqua, serif;\"><span style=\"font-size: large;\"><b>Gdy zagin\u0119\u0142y o\u015blice Kisza, ojca Saula, rzek\u0142 Kisz do swego syna, Saula: \u201eWe\u017a z sob\u0105 jednego z ch\u0142opc\u00f3w i udaj si\u0119 na poszukiwanie o\u015blic\u201d. Przeszli wi\u0119c przez g\u00f3r\u0119 Efraima, przeszli przez ziemi\u0119 Szalisza, lecz ich nie znale\u017ali. Pow\u0119drowali przez krain\u0119 Szaalim, te\u017c ich nie by\u0142o. Poszli do ziemi Jemini i r\u00f3wnie\u017c nie znale\u017ali. <\/b><\/span><\/span><\/span><\/p>\n<p align=\"justify\"><span style=\"color: #000000;\"><span style=\"font-family: Book Antiqua, serif;\"><span style=\"font-size: large;\"><b>Kiedy Samuel spostrzeg\u0142 Saula, odezwa\u0142 si\u0119 do niego Pan: \u201eOto ten cz\u0142owiek, o kt\u00f3rym ci m\u00f3wi\u0142em, ten, kt\u00f3ry ma rz\u0105dzi\u0107 moim ludem\u201d. <\/b><\/span><\/span><\/span><\/p>\n<p align=\"justify\"><span style=\"color: #000000;\"><span style=\"font-family: Book Antiqua, serif;\"><span style=\"font-size: large;\"><b>Saul zbli\u017cy\u0142 si\u0119 tymczasem do Samuela w bramie i rzek\u0142: \u201eWska\u017c mi, prosz\u0119 ci\u0119, gdzie jest dom Widz\u0105cego\u201d. Samuel odpar\u0142 Saulowi: \u201eTo ja jestem Widz\u0105cy. Chod\u017a ze mn\u0105 na wy\u017cyn\u0119! Dzi\u015b je\u015b\u0107 b\u0119dziecie ze mn\u0105, a jutro pozwol\u0119 ci odej\u015b\u0107, powiem ci te\u017c wszystko, co jest w twym sercu\u201d. <\/b><\/span><\/span><\/span><\/p>\n<p align=\"justify\"><span style=\"color: #000000;\"><span style=\"font-family: Book Antiqua, serif;\"><span style=\"font-size: large;\"><b>Samuel wzi\u0105\u0142 wtedy naczy\u0144ko z olejem i wyla\u0142 go na jego g\u0142ow\u0119, uca\u0142owa\u0142 i rzek\u0142: \u201eZaprawd\u0119 Pan nama\u015bci\u0142 ci\u0119 na wodza swego ludu, Izraela\u201d.<\/b><\/span><\/span><\/span><\/p>\n<p align=\"justify\">\n<p align=\"justify\">\n<p align=\"justify\">\n<p align=\"justify\">\n<p align=\"justify\">\n<p align=\"justify\"><span style=\"color: #000000;\"><span style=\"font-family: Book Antiqua, serif;\"><span style=\"font-size: large;\"><b>S\u0141OWA EWANGELII WED\u0141UG \u015aWI\u0118TEGO MARKA: <\/b><\/span><\/span><\/span><\/p>\n<p align=\"justify\"><span style=\"color: #000000;\"><span style=\"font-family: Book Antiqua, serif;\"><span style=\"font-size: large;\"><b>Jezus wyszed\u0142 znowu nad jezioro. Ca\u0142y lud przychodzi\u0142 do Niego, a On go naucza\u0142. A przechodz\u0105c ujrza\u0142 Lewiego, syna Alfeusza, siedz\u0105cego w komorze celnej, i rzek\u0142 do niego: \u201eP\u00f3jd\u017a za Mn\u0105\u201d. On wsta\u0142 i poszed\u0142 za Nim. <\/b><\/span><\/span><\/span><\/p>\n<p align=\"justify\"><span style=\"color: #000000;\"><span style=\"font-family: Book Antiqua, serif;\"><span style=\"font-size: large;\"><b>Gdy Jezus siedzia\u0142 w jego domu przy stole, wielu celnik\u00f3w i grzesznik\u00f3w siedzia\u0142o razem z Jezusem i Jego uczniami. By\u0142o bowiem wielu, kt\u00f3rzy szli za Nim. Niekt\u00f3rzy uczeni w Pi\u015bmie spo\u015br\u00f3d faryzeusz\u00f3w widz\u0105c, \u017ce je z grzesznikami i celnikami, m\u00f3wili do Jego uczni\u00f3w: \u201eCzemu On je i pije z celnikami i grzesznikami?\u201d<\/b><\/span><\/span><\/span><\/p>\n<p align=\"justify\"><span style=\"color: #000000;\"><span style=\"font-family: Book Antiqua, serif;\"><span style=\"font-size: large;\"><b>Jezus us\u0142ysza\u0142 to i rzek\u0142 do nich: \u201eNie potrzebuj\u0105 lekarza zdrowi, lecz ci, kt\u00f3rzy si\u0119 \u017ale maj\u0105. Nie przyszed\u0142em powo\u0142a\u0107 sprawiedliwych, ale grzesznik\u00f3w\u201d.<\/b><\/span><\/span><\/span><\/p>\n<p align=\"justify\">\n<p align=\"justify\">\n<p align=\"justify\">\n<p align=\"justify\">\n<p align=\"justify\">\n<p align=\"justify\"><span style=\"color: #000000;\"><span style=\"font-family: Book Antiqua, serif;\"><span style=\"font-size: large;\">M\u0142ody Saul mocno przej\u0119ty by\u0142 spraw\u0105 zagubionych o\u015blic. To dla niego w tym momencie by\u0142o wa\u017cne. W sumie \u2013 trudno si\u0119 dziwi\u0107! W ko\u0144cu, to dobytek jego ojca, a <b>w przysz\u0142o\u015bci jego dobytek,<\/b> dlatego by\u0142o si\u0119 o co martwi\u0107. Zaaferowany ca\u0142\u0105 spraw\u0105, zgodnie z poleceniem ojca, <b>poszukiwa\u0142 wytrwale <\/b>niesfornych zwierz\u0105t, kt\u00f3re gdzie\u015b sobie pow\u0119drowa\u0142y. Pyta\u0142 tu i tam, ale bez skutku. W ko\u0144cu, postanowi\u0142 <b>poradzi\u0107 si\u0119 Widz\u0105cego, czyli Proroka, <\/b>kt\u00f3rym \u2013 w tym przypadku \u2013 okaza\u0142 si\u0119 by\u0107 <b>Samuel.<\/b> I kt\u00f3ry rzeczywi\u015bcie mia\u0142 co\u015b m\u0142odemu Saulowi do przekazania, ale \u2013 bynajmniej \u2013 nie w sprawie o\u015blic. <\/span><\/span><\/span><\/p>\n<p align=\"justify\"><span style=\"color: #000000;\"><span style=\"font-family: Book Antiqua, serif;\"><span style=\"font-size: large;\">Jak dowiadujemy si\u0119 z lektury ca\u0142ej Pierwszej Ksi\u0119gi Samuela \u2013 chocia\u017c dzisiaj o tym nie s\u0142yszymy \u2013 Prorok jednym kr\u00f3tkim zdaniem <b>poinformowa\u0142 Saula, \u017ce <\/b><b>o\u015blice si\u0119 znalaz\u0142y<\/b> i nie trzeba si\u0119 o nie martwi\u0107, natomiast mia\u0142 mu do przekazania inn\u0105, du\u017co wa\u017cniejsz\u0105 wiadomo\u015b\u0107. Poinformowa\u0142 go bowiem o tym, \u017ce <b>B\u00f3g wybra\u0142 go na kr\u00f3la Izraela.<\/b> Po czym, od razu nama\u015bci\u0142 go \u2013 w imieniu Boga \u2013 na ten urz\u0105d. <\/span><\/span><\/span><\/p>\n<p align=\"justify\"><span style=\"color: #000000;\"><span style=\"font-family: Book Antiqua, serif;\"><span style=\"font-size: large;\">Z pewno\u015bci\u0105, zaskoczy\u0142o to wszystko m\u0142odego Saula. I to, \u017ce w og\u00f3le takie zadanie zosta\u0142o mu powierzone, ale te\u017c to, \u017ce w kr\u00f3tkim czasie musia\u0142 dokona\u0107 <b>radykalnej zmiany w swoim my\u015bleniu:<\/b> musia\u0142 przej\u015b\u0107 od spraw tak bardzo przyziemnych i codziennych, jak poszukiwanie stada o\u015blic, do kwestii tak ogromnie wa\u017cnych, jak kr\u00f3lowanie nad swoim ludem. <\/span><\/span><\/span><\/p>\n<p align=\"justify\"><span style=\"color: #000000;\"><span style=\"font-family: Book Antiqua, serif;\"><span style=\"font-size: large;\">A c\u00f3\u017c powiedzie\u0107 o Lewim, kt\u00f3ry zaaferowany swoimi zaj\u0119ciami w komorze celnej, w jednej chwili tak\u017ce musia\u0142 <b>rozszerzy\u0107 zasi\u0119g swego spojrzenia <\/b>na sprawy o wiele szersze i wi\u0119ksze? Czy by\u0142 tym zaskoczony? Z ca\u0142\u0105 pewno\u015bci\u0105. Bo mo\u017cemy si\u0119 domy\u015bla\u0107, \u017ce ju\u017c niejednokrotnie my\u015bla\u0142 sobie, i\u017c <b>do ko\u0144ca \u017cycia nic innego nie b\u0119dzie robi\u0142,<\/b> jak tylko \u015bci\u0105ga\u0142 z ludzi te parszywe podatki. Okaza\u0142o si\u0119, \u017ce jednak tak nie musi by\u0107 \u2013 i tak nie b\u0119dzie. <\/span><\/span><\/span><\/p>\n<p align=\"justify\"><span style=\"color: #000000;\"><span style=\"font-family: Book Antiqua, serif;\"><span style=\"font-size: large;\">Jezus pom\u00f3g\u0142 mu <b>oderwa\u0107 si\u0119 od tych spraw,<\/b> kt\u00f3rymi by\u0142 tak bardzo zaaferowany i kt\u00f3re \u2013 przynajmniej w tamtym momencie \u2013 uwa\u017ca\u0142 za najwa\u017cniejsze na \u015bwiecie, a pokaza\u0142 mu, \u017ce teraz dopiero zajmie si\u0119 takimi, kt\u00f3re <b>rzeczywi\u015bcie s\u0105 najwa\u017cniejsze i najwi\u0119ksze!<\/b> I Lewi da\u0142 si\u0119 Jezusowi poprowadzi\u0107, uwierzy\u0142 Mu. Da\u0142 si\u0119 wci\u0105gn\u0105\u0107 w te nowe zadania, w t\u0119 now\u0105 misj\u0119.<\/span><\/span><\/span><\/p>\n<p align=\"justify\"><span style=\"color: #000000;\"><span style=\"font-family: Book Antiqua, serif;\"><span style=\"font-size: large;\">Moi Drodzy, w jednym i w drugim przypadku, bohaterowie dzisiejszych czyta\u0144 musieli <b>od nowa <\/b>\u2013 w swoich umys\u0142ach i sercach \u2013 <b>ustawi\u0107 hierarchi\u0119 warto\u015bci i wa\u017cno\u015bci spraw:<\/b> odej\u015b\u0107 od tych, kt\u00f3re uwa\u017cali do tej pory za najwa\u017cniejsze, a wej\u015b\u0107 w zupe\u0142nie nowe. Te nowe \u2013 w jednym i w drugim przypadku \u2013 <b>wskaza\u0142 B\u00f3g<\/b>. <\/span><\/span><\/span><\/p>\n<p align=\"justify\"><span style=\"color: #000000;\"><span style=\"font-family: Book Antiqua, serif;\"><span style=\"font-size: large;\">Co nie zmienia faktu, \u017ce w jednym i w drugim przypadku <b>potrzeba by\u0142o wolnej decyzji cz\u0142owieka,<\/b> wyra\u017conej nie tylko tym pojedynczym wyborem, czyli zgod\u0105 na przyj\u0119cie Bo\u017cej woli, ale tak\u017ce <b>p\u00f3\u017aniejsz\u0105 realizacj\u0105 Bo\u017cych plan\u00f3w. <\/b><\/span><\/span><\/span><\/p>\n<p align=\"justify\"><span style=\"color: #000000;\"><span style=\"font-family: Book Antiqua, serif;\"><span style=\"font-size: large;\">I tutaj mamy do czynienia z ciekaw\u0105 sytuacj\u0105, a mianowicie \u2013 <b>z odwrotno\u015bci\u0105 zdarze\u0144.<\/b> O co chodzi? A o to, \u017ce Saul, kt\u00f3ry pocz\u0105tkowo czyni\u0142 dobre i po\u017cyteczne rzeczy, zosta\u0142 od nich oderwany przez Boga, aby czyni\u0107 jeszcze lepsze, jednak z czasem o<b>dszed\u0142 od Boga, zawi\u00f3d\u0142 na ca\u0142ej linii<\/b> po\u0142o\u017cone w nim zaufanie, okaza\u0142 si\u0119 z\u0142ym kr\u00f3lem, co zreszt\u0105 ostatecznie spowodowa\u0142o odwo\u0142anie go przez Boga z tej funkcji,<\/span><\/span><\/span><\/p>\n<p align=\"justify\"><span style=\"color: #000000;\"><span style=\"font-family: Book Antiqua, serif;\"><span style=\"font-size: large;\">Z kolei Lewi czyni\u0142 pocz\u0105tkowo z\u0142e rzeczy i to od nich zosta\u0142 oderwany przez Boga, ale kiedy to si\u0119 sta\u0142o, to ju\u017c <b>nigdy do nich nie wr\u00f3ci\u0142<\/b> i Boga swoim post\u0119powaniem <b>nigdy nie zawi\u00f3d\u0142.<\/b><\/span><\/span><\/span><\/p>\n<p align=\"justify\"><span style=\"color: #000000;\"><span style=\"font-family: Book Antiqua, serif;\"><span style=\"font-size: large;\">Widzimy zatem, moi Drodzy, jaka wielkie znaczenie ma zawsze \u2013 i to od pocz\u0105tku do ko\u0144ca \u2013 <b>nasza wolna wola i nasza osobista decyzja.<\/b> Najpierw w tym, \u017ceby <b>da\u0107 si\u0119 Bogu oderwa\u0107 <\/b>od swojego dotychczasowego my\u015blenia i spojrzenia na \u017cycie, od swoich codziennych ma\u0142ych sprawek \u2013 ku tym wielkim; ale nast\u0119pnie w tym, \u017ceby <b>t\u0105 drog\u0105 konsekwentnie p\u00f3j\u015b\u0107<\/b> i na niej <b>do ko\u0144ca wytrwa\u0107.<\/b> Bo przypadek Saula pokazuje, \u017ce to wcale nie jest takie oczywiste. Za ka\u017cdym razem \u2013 <b>zale\u017cy to od samego cz\u0142owieka!<\/b><\/span><\/span><\/span><\/p>\n<p align=\"justify\"><span style=\"color: #000000;\"><span style=\"font-family: Book Antiqua, serif;\"><span style=\"font-size: large;\">Jakie sprawy tak najbardziej absorbuj\u0105 mnie, w mojej codzienno\u015bci? I czy <b>daj\u0119 si\u0119 Bogu od nich odrywa\u0107,<\/b> by pomy\u015ble\u0107 o tym, co najwa\u017cniejsze, czyli o zbawieniu, kt\u00f3re przecie\u017c jest ostatecznym, najwa\u017cniejszym i tak naprawd\u0119 <b>jedynym celem w moim \u017cyciu? <\/b>Ale te\u017c \u2013 czy zgadzam si\u0119 na podj\u0119cie tych zada\u0144 i wyzwa\u0144, kt\u00f3re B\u00f3g na mojej drodze postawi, a kt\u00f3re <b>maj\u0105 pom\u00f3c w osi\u0105gni\u0119ciu zbawienia<\/b> przeze mnie i przez moich bliskich?\u2026 Czy kiedy powiem Bogu \u201etak\u201d \u2013 to jestem w tym <b>wytrwa\u0142y i konsekwentny?\u2026<\/b><\/span><\/span><\/span><\/p>\n","protected":false},"excerpt":{"rendered":"<p>Szcz\u0119\u015b\u0107 Bo\u017ce! Moi Drodzy, w dniu dzisiejszym urodziny i imieniny prze\u017cywa Ma\u0142gorzata Grzechnik, nale\u017c\u0105ca w swoim czasie do jednej z m\u0142odzie\u017cowych Wsp\u00f3lnot. Niech Jej Pan b\u0142ogos\u0142awi i swoimi drogami prowadzi! Zapewniam o modlitwie. Dzisiaj tak\u017ce rozpoczynamy w Ko\u015bciele, pod has\u0142em: \u201e\u017byczliwymi b\u0105d\u017amy\u201d, Tydzie\u0144 Modlitw o Jedno\u015b\u0107 Chrze\u015bcijan. Moi Drodzy, niech ta sprawa i ta intencja [&hellip;]<\/p>\n","protected":false},"author":1,"featured_media":0,"comment_status":"open","ping_status":"open","sticky":false,"template":"","format":"standard","meta":{"jetpack_post_was_ever_published":false,"_jetpack_newsletter_access":"","_jetpack_dont_email_post_to_subs":false,"_jetpack_newsletter_tier_id":0,"_jetpack_memberships_contains_paywalled_content":false,"_jetpack_memberships_contains_paid_content":false,"footnotes":""},"categories":[1],"tags":[],"class_list":["post-16436","post","type-post","status-publish","format-standard","hentry","category-bez-kategorii"],"yoast_head":"<!-- This site is optimized with the Yoast SEO plugin v25.1 - https:\/\/yoast.com\/wordpress\/plugins\/seo\/ -->\n<title>Szuka\u0107, czy nie szuka\u0107 o\u015blic?... - Gaudium Et Spes<\/title>\n<meta name=\"robots\" content=\"index, follow, max-snippet:-1, max-image-preview:large, max-video-preview:-1\" \/>\n<link rel=\"canonical\" href=\"https:\/\/gaudiumetspes-blog.pl\/index.php\/2020\/01\/18\/szukac-czy-nie-szukac-oslic\/\" \/>\n<meta property=\"og:locale\" content=\"pl_PL\" \/>\n<meta property=\"og:type\" content=\"article\" \/>\n<meta property=\"og:title\" content=\"Szuka\u0107, czy nie szuka\u0107 o\u015blic?... - Gaudium Et Spes\" \/>\n<meta property=\"og:description\" content=\"Szcz\u0119\u015b\u0107 Bo\u017ce! Moi Drodzy, w dniu dzisiejszym urodziny i imieniny prze\u017cywa Ma\u0142gorzata Grzechnik, nale\u017c\u0105ca w swoim czasie do jednej z m\u0142odzie\u017cowych Wsp\u00f3lnot. Niech Jej Pan b\u0142ogos\u0142awi i swoimi drogami prowadzi! Zapewniam o modlitwie. Dzisiaj tak\u017ce rozpoczynamy w Ko\u015bciele, pod has\u0142em: \u201e\u017byczliwymi b\u0105d\u017amy\u201d, Tydzie\u0144 Modlitw o Jedno\u015b\u0107 Chrze\u015bcijan. Moi Drodzy, niech ta sprawa i ta intencja [&hellip;]\" \/>\n<meta property=\"og:url\" content=\"https:\/\/gaudiumetspes-blog.pl\/index.php\/2020\/01\/18\/szukac-czy-nie-szukac-oslic\/\" \/>\n<meta property=\"og:site_name\" content=\"Gaudium Et Spes\" \/>\n<meta property=\"article:published_time\" content=\"2020-01-18T06:37:51+00:00\" \/>\n<meta name=\"author\" content=\"Ks. Jacek\" \/>\n<meta name=\"twitter:card\" content=\"summary_large_image\" \/>\n<meta name=\"twitter:label1\" content=\"Napisane przez\" \/>\n\t<meta name=\"twitter:data1\" content=\"Ks. Jacek\" \/>\n\t<meta name=\"twitter:label2\" content=\"Szacowany czas czytania\" \/>\n\t<meta name=\"twitter:data2\" content=\"7 minut\" \/>\n<script type=\"application\/ld+json\" class=\"yoast-schema-graph\">{\"@context\":\"https:\/\/schema.org\",\"@graph\":[{\"@type\":\"WebPage\",\"@id\":\"https:\/\/gaudiumetspes-blog.pl\/index.php\/2020\/01\/18\/szukac-czy-nie-szukac-oslic\/\",\"url\":\"https:\/\/gaudiumetspes-blog.pl\/index.php\/2020\/01\/18\/szukac-czy-nie-szukac-oslic\/\",\"name\":\"Szuka\u0107, czy nie szuka\u0107 o\u015blic?... - Gaudium Et Spes\",\"isPartOf\":{\"@id\":\"https:\/\/gaudiumetspes-blog.pl\/#website\"},\"datePublished\":\"2020-01-18T06:37:51+00:00\",\"author\":{\"@id\":\"https:\/\/gaudiumetspes-blog.pl\/#\/schema\/person\/1661982992b752dea8dff0d4ed845a65\"},\"breadcrumb\":{\"@id\":\"https:\/\/gaudiumetspes-blog.pl\/index.php\/2020\/01\/18\/szukac-czy-nie-szukac-oslic\/#breadcrumb\"},\"inLanguage\":\"pl-PL\",\"potentialAction\":[{\"@type\":\"ReadAction\",\"target\":[\"https:\/\/gaudiumetspes-blog.pl\/index.php\/2020\/01\/18\/szukac-czy-nie-szukac-oslic\/\"]}]},{\"@type\":\"BreadcrumbList\",\"@id\":\"https:\/\/gaudiumetspes-blog.pl\/index.php\/2020\/01\/18\/szukac-czy-nie-szukac-oslic\/#breadcrumb\",\"itemListElement\":[{\"@type\":\"ListItem\",\"position\":1,\"name\":\"Strona g\u0142\u00f3wna\",\"item\":\"https:\/\/gaudiumetspes-blog.pl\/\"},{\"@type\":\"ListItem\",\"position\":2,\"name\":\"Szuka\u0107, czy&nbsp;nie&nbsp;szuka\u0107 o\u015blic?&#8230;\"}]},{\"@type\":\"WebSite\",\"@id\":\"https:\/\/gaudiumetspes-blog.pl\/#website\",\"url\":\"https:\/\/gaudiumetspes-blog.pl\/\",\"name\":\"Gaudium Et Spes\",\"description\":\"Blog Ks. Jacka Ja\u015bkowskiego\",\"potentialAction\":[{\"@type\":\"SearchAction\",\"target\":{\"@type\":\"EntryPoint\",\"urlTemplate\":\"https:\/\/gaudiumetspes-blog.pl\/?s={search_term_string}\"},\"query-input\":{\"@type\":\"PropertyValueSpecification\",\"valueRequired\":true,\"valueName\":\"search_term_string\"}}],\"inLanguage\":\"pl-PL\"},{\"@type\":\"Person\",\"@id\":\"https:\/\/gaudiumetspes-blog.pl\/#\/schema\/person\/1661982992b752dea8dff0d4ed845a65\",\"name\":\"Ks. Jacek\",\"image\":{\"@type\":\"ImageObject\",\"inLanguage\":\"pl-PL\",\"@id\":\"https:\/\/gaudiumetspes-blog.pl\/#\/schema\/person\/image\/\",\"url\":\"https:\/\/gaudiumetspes-blog.pl\/wp-content\/uploads\/2019\/07\/avatar-JJ-150x150.jpg\",\"contentUrl\":\"https:\/\/gaudiumetspes-blog.pl\/wp-content\/uploads\/2019\/07\/avatar-JJ-150x150.jpg\",\"caption\":\"Ks. Jacek\"},\"description\":\"Witam serdecznie! K\u0142ania si\u0119 Ks. Jacek Ja\u015bkowski. Nie jestem ani kim\u015b wa\u017cnym, ani kim\u015b znanym. Jestem ksi\u0119dzem, kt\u00f3ry po prostu chce rozmawia\u0107. Codzienna kap\u0142a\u0144ska pos\u0142uga pokazuje mi, \u017ce temat\u00f3w do rozm\u00f3w z ksi\u0119dzem jest coraz wi\u0119cej i dzisiaj \u017caden ksi\u0105dz nie mo\u017ce od nich ucieka\u0107, ale - wprost przeciwnie - podejmowa\u0107 nowe wyzwania. To przekonanie sk\u0142oni\u0142o mnie do pr\u00f3by otwarcia tego\u017c bloga, chocia\u017c okazji do rozm\u00f3w na co dzie\u0144 - w konfesjonale i poza nim - na szcz\u0119\u015bcie nie brakuje. My\u015bl\u0119 jednak, \u017ce ten blog b\u0119dzie jeszcze jednym sposobem i przestrzeni\u0105 nawi\u0105zania kontaktu z lud\u017ami dobrej woli, otwartymi na dialog.\",\"url\":\"https:\/\/gaudiumetspes-blog.pl\/index.php\/author\/ks-jacek\/\"}]}<\/script>\n<!-- \/ Yoast SEO plugin. -->","yoast_head_json":{"title":"Szuka\u0107, czy nie szuka\u0107 o\u015blic?... - Gaudium Et Spes","robots":{"index":"index","follow":"follow","max-snippet":"max-snippet:-1","max-image-preview":"max-image-preview:large","max-video-preview":"max-video-preview:-1"},"canonical":"https:\/\/gaudiumetspes-blog.pl\/index.php\/2020\/01\/18\/szukac-czy-nie-szukac-oslic\/","og_locale":"pl_PL","og_type":"article","og_title":"Szuka\u0107, czy nie szuka\u0107 o\u015blic?... - Gaudium Et Spes","og_description":"Szcz\u0119\u015b\u0107 Bo\u017ce! Moi Drodzy, w dniu dzisiejszym urodziny i imieniny prze\u017cywa Ma\u0142gorzata Grzechnik, nale\u017c\u0105ca w swoim czasie do jednej z m\u0142odzie\u017cowych Wsp\u00f3lnot. Niech Jej Pan b\u0142ogos\u0142awi i swoimi drogami prowadzi! Zapewniam o modlitwie. Dzisiaj tak\u017ce rozpoczynamy w Ko\u015bciele, pod has\u0142em: \u201e\u017byczliwymi b\u0105d\u017amy\u201d, Tydzie\u0144 Modlitw o Jedno\u015b\u0107 Chrze\u015bcijan. Moi Drodzy, niech ta sprawa i ta intencja [&hellip;]","og_url":"https:\/\/gaudiumetspes-blog.pl\/index.php\/2020\/01\/18\/szukac-czy-nie-szukac-oslic\/","og_site_name":"Gaudium Et Spes","article_published_time":"2020-01-18T06:37:51+00:00","author":"Ks. Jacek","twitter_card":"summary_large_image","twitter_misc":{"Napisane przez":"Ks. Jacek","Szacowany czas czytania":"7 minut"},"schema":{"@context":"https:\/\/schema.org","@graph":[{"@type":"WebPage","@id":"https:\/\/gaudiumetspes-blog.pl\/index.php\/2020\/01\/18\/szukac-czy-nie-szukac-oslic\/","url":"https:\/\/gaudiumetspes-blog.pl\/index.php\/2020\/01\/18\/szukac-czy-nie-szukac-oslic\/","name":"Szuka\u0107, czy nie szuka\u0107 o\u015blic?... - Gaudium Et Spes","isPartOf":{"@id":"https:\/\/gaudiumetspes-blog.pl\/#website"},"datePublished":"2020-01-18T06:37:51+00:00","author":{"@id":"https:\/\/gaudiumetspes-blog.pl\/#\/schema\/person\/1661982992b752dea8dff0d4ed845a65"},"breadcrumb":{"@id":"https:\/\/gaudiumetspes-blog.pl\/index.php\/2020\/01\/18\/szukac-czy-nie-szukac-oslic\/#breadcrumb"},"inLanguage":"pl-PL","potentialAction":[{"@type":"ReadAction","target":["https:\/\/gaudiumetspes-blog.pl\/index.php\/2020\/01\/18\/szukac-czy-nie-szukac-oslic\/"]}]},{"@type":"BreadcrumbList","@id":"https:\/\/gaudiumetspes-blog.pl\/index.php\/2020\/01\/18\/szukac-czy-nie-szukac-oslic\/#breadcrumb","itemListElement":[{"@type":"ListItem","position":1,"name":"Strona g\u0142\u00f3wna","item":"https:\/\/gaudiumetspes-blog.pl\/"},{"@type":"ListItem","position":2,"name":"Szuka\u0107, czy&nbsp;nie&nbsp;szuka\u0107 o\u015blic?&#8230;"}]},{"@type":"WebSite","@id":"https:\/\/gaudiumetspes-blog.pl\/#website","url":"https:\/\/gaudiumetspes-blog.pl\/","name":"Gaudium Et Spes","description":"Blog Ks. Jacka Ja\u015bkowskiego","potentialAction":[{"@type":"SearchAction","target":{"@type":"EntryPoint","urlTemplate":"https:\/\/gaudiumetspes-blog.pl\/?s={search_term_string}"},"query-input":{"@type":"PropertyValueSpecification","valueRequired":true,"valueName":"search_term_string"}}],"inLanguage":"pl-PL"},{"@type":"Person","@id":"https:\/\/gaudiumetspes-blog.pl\/#\/schema\/person\/1661982992b752dea8dff0d4ed845a65","name":"Ks. Jacek","image":{"@type":"ImageObject","inLanguage":"pl-PL","@id":"https:\/\/gaudiumetspes-blog.pl\/#\/schema\/person\/image\/","url":"https:\/\/gaudiumetspes-blog.pl\/wp-content\/uploads\/2019\/07\/avatar-JJ-150x150.jpg","contentUrl":"https:\/\/gaudiumetspes-blog.pl\/wp-content\/uploads\/2019\/07\/avatar-JJ-150x150.jpg","caption":"Ks. Jacek"},"description":"Witam serdecznie! K\u0142ania si\u0119 Ks. Jacek Ja\u015bkowski. Nie jestem ani kim\u015b wa\u017cnym, ani kim\u015b znanym. Jestem ksi\u0119dzem, kt\u00f3ry po prostu chce rozmawia\u0107. Codzienna kap\u0142a\u0144ska pos\u0142uga pokazuje mi, \u017ce temat\u00f3w do rozm\u00f3w z ksi\u0119dzem jest coraz wi\u0119cej i dzisiaj \u017caden ksi\u0105dz nie mo\u017ce od nich ucieka\u0107, ale - wprost przeciwnie - podejmowa\u0107 nowe wyzwania. To przekonanie sk\u0142oni\u0142o mnie do pr\u00f3by otwarcia tego\u017c bloga, chocia\u017c okazji do rozm\u00f3w na co dzie\u0144 - w konfesjonale i poza nim - na szcz\u0119\u015bcie nie brakuje. My\u015bl\u0119 jednak, \u017ce ten blog b\u0119dzie jeszcze jednym sposobem i przestrzeni\u0105 nawi\u0105zania kontaktu z lud\u017ami dobrej woli, otwartymi na dialog.","url":"https:\/\/gaudiumetspes-blog.pl\/index.php\/author\/ks-jacek\/"}]}},"jetpack_featured_media_url":"","jetpack_sharing_enabled":true,"_links":{"self":[{"href":"https:\/\/gaudiumetspes-blog.pl\/index.php\/wp-json\/wp\/v2\/posts\/16436","targetHints":{"allow":["GET"]}}],"collection":[{"href":"https:\/\/gaudiumetspes-blog.pl\/index.php\/wp-json\/wp\/v2\/posts"}],"about":[{"href":"https:\/\/gaudiumetspes-blog.pl\/index.php\/wp-json\/wp\/v2\/types\/post"}],"author":[{"embeddable":true,"href":"https:\/\/gaudiumetspes-blog.pl\/index.php\/wp-json\/wp\/v2\/users\/1"}],"replies":[{"embeddable":true,"href":"https:\/\/gaudiumetspes-blog.pl\/index.php\/wp-json\/wp\/v2\/comments?post=16436"}],"version-history":[{"count":1,"href":"https:\/\/gaudiumetspes-blog.pl\/index.php\/wp-json\/wp\/v2\/posts\/16436\/revisions"}],"predecessor-version":[{"id":16437,"href":"https:\/\/gaudiumetspes-blog.pl\/index.php\/wp-json\/wp\/v2\/posts\/16436\/revisions\/16437"}],"wp:attachment":[{"href":"https:\/\/gaudiumetspes-blog.pl\/index.php\/wp-json\/wp\/v2\/media?parent=16436"}],"wp:term":[{"taxonomy":"category","embeddable":true,"href":"https:\/\/gaudiumetspes-blog.pl\/index.php\/wp-json\/wp\/v2\/categories?post=16436"},{"taxonomy":"post_tag","embeddable":true,"href":"https:\/\/gaudiumetspes-blog.pl\/index.php\/wp-json\/wp\/v2\/tags?post=16436"}],"curies":[{"name":"wp","href":"https:\/\/api.w.org\/{rel}","templated":true}]}}