{"id":16441,"date":"2020-01-20T07:28:26","date_gmt":"2020-01-20T06:28:26","guid":{"rendered":"https:\/\/gaudiumetspes-blog.pl\/?p=16441"},"modified":"2020-01-20T07:28:26","modified_gmt":"2020-01-20T06:28:26","slug":"szczere-posluszenstwo-bogu","status":"publish","type":"post","link":"https:\/\/gaudiumetspes-blog.pl\/index.php\/2020\/01\/20\/szczere-posluszenstwo-bogu\/","title":{"rendered":"Szczere pos\u0142usze\u0144stwo Bogu&#8230;"},"content":{"rendered":"<p align=\"justify\"><span style=\"color: #000000;\"><span style=\"font-family: Book Antiqua, serif;\"><span style=\"font-size: large;\">Szcz\u0119\u015b\u0107 Bo\u017ce! Moi Drodzy, w dniu dzisiejszym <b>imieniny prze\u017cywaj\u0105:<\/b><\/span><\/span><\/span><\/p>\n<p align=\"justify\"><span style=\"color: #000000;\">\u25ba<span style=\"font-family: Book Antiqua, serif;\"><span style=\"font-size: large;\"><b>Ojciec Doktor Sebastian Wi\u015bniewski, oblat, Prze\u0142o\u017cony Wsp\u00f3lnoty zakonnej w Kodniu; Cz\u0142owiek wielkiej \u017cyczliwo\u015bci, zawsze ch\u0119tny pom\u00f3c, otwarty i kontaktowy;<\/b><\/span><\/span><\/span><\/p>\n<p align=\"justify\"><span style=\"color: #000000;\">\u25ba<span style=\"font-family: Book Antiqua, serif;\"><span style=\"font-size: large;\"><b>Sebastian Karczewski, m\u00f3j znajomy Redaktor \u201eNaszego Dziennika\u201d, Organizator akcji zawiezienia wiernej kopii Figury Matki Bo\u017cej Fatimskiej do Parafii w Surgucie;<\/b><\/span><\/span><\/span><\/p>\n<p align=\"justify\"><span style=\"color: #000000;\">\u25ba<span style=\"font-family: Book Antiqua, serif;\"><span style=\"font-size: large;\"><b>Sebastian Kucharski, za moich czas\u00f3w \u2013 Lektor w Celestynowie;<\/b><\/span><\/span><\/span><\/p>\n<p align=\"justify\"><span style=\"color: #000000;\">\u25ba<span style=\"font-family: Book Antiqua, serif;\"><span style=\"font-size: large;\"><b>Sebastian Gruszczy\u0144ski, za moich czas\u00f3w \u2013 Lektor w Miastkowie Ko\u015bcielnym;<\/b><\/span><\/span><\/span><\/p>\n<p align=\"justify\"><span style=\"color: #000000;\">\u25ba<span style=\"font-family: Book Antiqua, serif;\"><span style=\"font-size: large;\"><b>Sebastian Rymuza \u2013 Student bardzo czynnie zaanga\u017cowany w Duszpasterstwo akademickie w Siedlcach.<\/b><\/span><\/span><\/span><\/p>\n<p align=\"justify\"><span style=\"color: #000000;\"><span style=\"font-family: Book Antiqua, serif;\"><span style=\"font-size: large;\"><b>\u017bycz\u0119 Solenizantom nieustannej odwagi w codziennym oddawaniu si\u0119 \u2013 bez \u017cadnych zastrze\u017ce\u0144 \u2013 do dyspozycji Boga! Zapewniam o modlitwie.<\/b><\/span><\/span><\/span><\/p>\n<p align=\"justify\"><span style=\"color: #000000;\"><span style=\"font-family: Book Antiqua, serif;\"><span style=\"font-size: large;\">A my wszyscy wspierajmy modlitw\u0105 Ksi\u0119dza Tomka Ma\u0142ki\u0144skiego, mojego Konfratra w Duszpasterstwie akademickim, oraz grup\u0119 czterdziestu Kap\u0142an\u00f3w, prze\u017cywaj\u0105cych od wczorajszego wieczora \u2013 do \u015brody \u2013 rekolekcje kap\u0142a\u0144skie w Domu rekolekcyjnym naszej Diecezji. W tych dniach zatem sam b\u0119d\u0119 czuwa\u0142 nad naszym O\u015brodkiem i naszym Duszpasterstwem. Na szcz\u0119\u015bcie \u2013 nie b\u0119dzie to d\u0142ugo. Mo\u017ce jako\u015b ogarn\u0119 ca\u0142o\u015b\u0107\u2026 <\/span><\/span><\/span><\/p>\n<p align=\"justify\"><span style=\"color: #000000;\"><span style=\"font-family: Book Antiqua, serif;\"><span style=\"font-size: large;\">Dobrego dnia!<\/span><\/span><\/span><\/p>\n<p align=\"center\"><span style=\"color: #000000;\"><span style=\"font-family: Book Antiqua, serif;\"><span style=\"font-size: large;\">Gaudium et spes! Ks. Jacek<\/span><\/span><\/span><\/p>\n<p align=\"center\">\n<p align=\"center\">\n<p align=\"center\">\n<p align=\"center\">\n<p align=\"center\">\n<p align=\"justify\"><span style=\"color: #000000;\"><span style=\"font-family: Book Antiqua, serif;\"><span style=\"font-size: large;\"><b>Poniedzia\u0142ek 1 Tygodnia zwyk\u0142ego, rok II,<\/b><\/span><\/span><\/span><\/p>\n<p align=\"justify\"><span style=\"color: #000000;\"><span style=\"font-family: Book Antiqua, serif;\"><span style=\"font-size: large;\"><b>do czyta\u0144: 1 Sm 15,16\u201323; Mk 2,18\u201322<\/b><\/span><\/span><\/span><\/p>\n<p align=\"justify\">\n<p align=\"justify\">\n<p align=\"justify\">\n<p align=\"justify\">\n<p align=\"justify\">\n<p align=\"justify\"><span style=\"color: #000000;\"><span style=\"font-family: Book Antiqua, serif;\"><span style=\"font-size: large;\"><b>CZYTANIE Z PIERWSZEJ KSI\u0118GI SAMUELA: <\/b><\/span><\/span><\/span><\/p>\n<p align=\"justify\"><span style=\"color: #000000;\"><span style=\"font-family: Book Antiqua, serif;\"><span style=\"font-size: large;\"><b>Po zwyci\u0119stwie Saula nad Amalekitami Samuel powiedzia\u0142 Saulowi: \u201eDosy\u0107! Powiem ci, co rzek\u0142 do mnie Pan tej nocy\u201d. Odrzek\u0142: \u201eM\u00f3w\u201d. I m\u00f3wi\u0142 Samuel: \u201eCzy to nie prawda, \u017ce cho\u0107 by\u0142e\u015b ma\u0142y we w\u0142asnych oczach, to jednak ty w\u0142a\u015bnie sta\u0142e\u015b si\u0119 g\u0142ow\u0105 pokole\u0144 izraelskich? Pan bowiem nama\u015bci\u0142 ci\u0119 na kr\u00f3la izraelskiego. Pan wys\u0142a\u0142 ci\u0119 w drog\u0119 i nakaza\u0142: \u00abOb\u0142o\u017cysz kl\u0105tw\u0105 tych grzesznych Amalekit\u00f3w, b\u0119dziesz z nimi walczy\u0142, a\u017c ich zniszczysz\u00bb. Czemu wi\u0119c nie pos\u0142ucha\u0142e\u015b rozkazu Pana? Z chciwo\u015bci zabra\u0142e\u015b \u0142up, pope\u0142ni\u0142e\u015b wi\u0119c z\u0142o przed Panem\u201d. <\/b><\/span><\/span><\/span><\/p>\n<p align=\"justify\"><span style=\"color: #000000;\"><span style=\"font-family: Book Antiqua, serif;\"><span style=\"font-size: large;\"><b>Saul odpowiedzia\u0142 Samuelowi: \u201ePos\u0142ucha\u0142em g\u0142osu Pana: szed\u0142em drog\u0105, kt\u00f3r\u0105 mnie pos\u0142a\u0142 Pan. Przyprowadzi\u0142em Agaga, kr\u00f3la Amalekit\u00f3w, Amalekit\u00f3w za\u015b ob\u0142o\u017cy\u0142em kl\u0105tw\u0105. Lud zabra\u0142 najlepsze owce i byd\u0142o z ob\u0142o\u017conej kl\u0105tw\u0105 zdobyczy, aby je ofiarowa\u0107 Panu, Bogu twemu, w Gilgal\u201d. <\/b><\/span><\/span><\/span><\/p>\n<p align=\"justify\"><span style=\"color: #000000;\"><span style=\"font-family: Book Antiqua, serif;\"><span style=\"font-size: large;\"><b>Samuel odrzek\u0142: \u201eCzy\u017c milsze s\u0105 Panu ca\u0142opalenia i ofiary krwawe od pos\u0142usze\u0144stwa rozkazom Pana? Ot\u00f3\u017c lepsze jest pos\u0142usze\u0144stwo od ofiary, uleg\u0142o\u015b\u0107 od t\u0142uszczu baran\u00f3w. Op\u00f3r bowiem jest jak grzech wr\u00f3\u017cbiarstwa, a krn\u0105brno\u015b\u0107 jak z\u0142o\u015b\u0107 ba\u0142wochwalstwa. Poniewa\u017c wzgardzi\u0142e\u015b nakazem Pana, odrzuci\u0142 ci\u0119 On jako kr\u00f3la\u201d.<\/b><\/span><\/span><\/span><\/p>\n<p align=\"justify\">\n<p align=\"justify\">\n<p align=\"justify\">\n<p align=\"justify\">\n<p align=\"justify\">\n<p align=\"justify\"><span style=\"color: #000000;\"><span style=\"font-family: Book Antiqua, serif;\"><span style=\"font-size: large;\"><b>S\u0141OWA EWANGELII WED\u0141UG \u015aWI\u0118TEGO MARKA:<\/b><\/span><\/span><\/span><\/p>\n<p align=\"justify\"><span style=\"color: #000000;\"><span style=\"font-family: Book Antiqua, serif;\"><span style=\"font-size: large;\"><b>Uczniowie Jana i faryzeusze mieli w\u0142a\u015bnie post. Przyszli wi\u0119c do Jezusa i pytali: \u201eDlaczego uczniowie Jana i uczniowie faryzeusz\u00f3w poszcz\u0105, a Twoi uczniowie nie poszcz\u0105?\u201d <\/b><\/span><\/span><\/span><\/p>\n<p align=\"justify\"><span style=\"color: #000000;\"><span style=\"font-family: Book Antiqua, serif;\"><span style=\"font-size: large;\"><b>Jezus im odpowiedzia\u0142: \u201eCzy go\u015bcie weselni mog\u0105 po\u015bci\u0107, dop\u00f3ki pan m\u0142ody jest z nimi? Nie mog\u0105 po\u015bci\u0107, jak d\u0142ugo pana m\u0142odego maj\u0105 u siebie. Lecz przyjdzie czas, kiedy zabior\u0105 im pana m\u0142odego, a wtedy, w \u00f3w dzie\u0144, b\u0119d\u0105 po\u015bci\u0107. <\/b><\/span><\/span><\/span><\/p>\n<p align=\"justify\"><span style=\"color: #000000;\"><span style=\"font-family: Book Antiqua, serif;\"><span style=\"font-size: large;\"><b>Nikt nie przyszywa \u0142aty z surowego sukna do starego ubrania. W przeciwnym razie nowa \u0142ata obrywa jeszcze cz\u0119\u015b\u0107 ze starego ubrania i robi si\u0119 gorsze przedarcie. Nikt te\u017c m\u0142odego wina nie wlewa do starych buk\u0142ak\u00f3w. W przeciwnym razie wino rozerwie buk\u0142aki; i wino przepadnie, i buk\u0142aki. Lecz m\u0142ode wino nale\u017cy la\u0107 do nowych buk\u0142ak\u00f3w\u201d.<\/b><\/span><\/span><\/span><\/p>\n<p align=\"justify\">\n<p align=\"justify\">\n<p align=\"justify\">\n<p align=\"justify\">\n<p align=\"justify\">\n<p align=\"justify\"><span style=\"color: #000000;\"><span style=\"font-family: Book Antiqua, serif;\"><span style=\"font-size: large;\">Chocia\u017c starotestamentalne przepisy, dotycz\u0105ce ofiar, sk\u0142adanych przez cz\u0142owieka Bogu, by\u0142y <b>bardzo precyzyjne<\/b> \u2013 \u017ceby nie powiedzie\u0107: drobiazgowe \u2013 i ze szczeg\u00f3\u0142ami okre\u015bla\u0142y, co i jak nale\u017cy po kolei czyni\u0107, to jednak nie mo\u017cna zapomnie\u0107, \u017ce wykonywanie tych czynno\u015bci mia\u0142o nade wszystko <b>przyczyni\u0107 si\u0119 do wi\u0119kszej chwa\u0142y Bo\u017cej! <\/b>Czyli \u2013 nie mog\u0142o by\u0107 tylko wykonywaniem samych czynno\u015bci dla czynno\u015bci, czy te\u017c \u2013 tym bardziej \u2013 nie mog\u0142o stanowi\u0107 <b>kamufla\u017cu dla jakich\u015b w\u0142asnych gierek<\/b> i tworzenia pozor\u00f3w. <\/span><\/span><\/span><\/p>\n<p align=\"justify\"><span style=\"color: #000000;\"><span style=\"font-family: Book Antiqua, serif;\"><span style=\"font-size: large;\">A z tym ostatnim w\u0142a\u015bnie mamy do czynienia w wydarzeniu, opisanym w dzisiejszym pierwszym czytaniu. Saul <b>nie wype\u0142ni\u0142 polecenia Boga<\/b> \u2013 wyra\u017anego polecenia, nakazuj\u0105cego mu radykalne potraktowanie wrogiego plemienia Amalekit\u00f3w. I tutaj ju\u017c nawet nie wchodzimy w szczeg\u00f3\u0142owe rozwa\u017cania, dotycz\u0105ce samego meritum, czyli poszukiwania odpowiedzi na pytanie, <b>dlaczego B\u00f3g za\u017c\u0105da\u0142<\/b> takiego w\u0142a\u015bnie surowego potraktowania tych ludzi? <\/span><\/span><\/span><\/p>\n<p align=\"justify\"><span style=\"color: #000000;\"><span style=\"font-family: Book Antiqua, serif;\"><span style=\"font-size: large;\">Nie mie\u015bci si\u0119 nam to w g\u0142owie, gdy\u017c nie zgadza si\u0119 ze znanym nam dzisiaj <b>przes\u0142aniem ewangelicznym o mi\u0142o\u015bci Boga i bli\u017aniego,<\/b> a nawet mi\u0142o\u015bci nieprzyjaci\u00f3\u0142! Oto tutaj B\u00f3g nakazuje ob\u0142o\u017cenie wszystkiego kl\u0105tw\u0105 i doszcz\u0119tne zniszczenie. My dzisiaj ju\u017c wiemy, \u017ce przekazu starotestamentalnego \u2013 i w og\u00f3le biblijnego \u2013 <b>nie przyjmujemy dos\u0142ownie,<\/b> zawsze nale\u017cy widzie\u0107 szerszy kontekst i stara\u0107 si\u0119 dotrze\u0107 do g\u0142\u0119bi przes\u0142ania, a nie poprzestawa\u0107 jedynie na tym, co zewn\u0119trzne, czy co najbardziej rzuca si\u0119 w oczy. Dlatego w tym Bo\u017cym poleceniu widzimy d\u0105\u017cenie do <b>radykalnego zerwania ze z\u0142em,<\/b> jakiego symbolem s\u0105 Amalekici. I co si\u0119 okaza\u0142o? <\/span><\/span><\/span><\/p>\n<p align=\"justify\"><span style=\"color: #000000;\"><span style=\"font-family: Book Antiqua, serif;\"><span style=\"font-size: large;\">Wyra\u017anie m\u00f3wi to do Saula Prorok Samuel: <i><b>Pan wys\u0142a\u0142 ci\u0119 w drog\u0119 i nakaza\u0142: \u00abOb\u0142o\u017cysz kl\u0105tw\u0105 tych grzesznych Amalekit\u00f3w, b\u0119dziesz z nimi walczy\u0142, a\u017c ich zniszczysz\u00bb. Czemu wi\u0119c nie pos\u0142ucha\u0142e\u015b rozkazu Pana? Z chciwo\u015bci zabra\u0142e\u015b \u0142up, pope\u0142ni\u0142e\u015b wi\u0119c z\u0142o przed Panem\u201d.<\/b><\/i><b> <\/b><\/span><\/span><\/span><\/p>\n<p align=\"justify\"><span style=\"color: #000000;\"><span style=\"font-family: Book Antiqua, serif;\"><span style=\"font-size: large;\">Jak na to odpowiedzia\u0142 Saul? Jak si\u0119 t\u0142umaczy\u0142? S\u0142yszeli\u015bmy: <i><b>Pos\u0142ucha\u0142em g\u0142osu Pana: szed\u0142em drog\u0105, kt\u00f3r\u0105 mnie pos\u0142a\u0142 Pan. Przyprowadzi\u0142em Agaga, kr\u00f3la Amalekit\u00f3w, Amalekit\u00f3w za\u015b ob\u0142o\u017cy\u0142em<\/b><\/i><b> <\/b><i><b>kl\u0105tw\u0105. Lud zabra\u0142 najlepsze owce i byd\u0142o z ob\u0142o\u017conej kl\u0105tw\u0105 zdobyczy, aby je ofiarowa\u0107 Panu, Bogu twemu, w Gilgal. <\/b><\/i><\/span><\/span><\/span><\/p>\n<p align=\"justify\"><span style=\"color: #000000;\"><span style=\"font-family: Book Antiqua, serif;\"><span style=\"font-size: large;\">Nad\u0105\u017camy za jego my\u015bleniem? On <b>zlekcewa\u017cy\u0142 polecenie Boga, <\/b>aby w ten spos\u00f3b\u2026 <b>odda\u0107 cze\u015b\u0107 Bogu!<\/b> Zachowa\u0142 sobie rzeczy ob\u0142o\u017cone kl\u0105tw\u0105, czyli odrzucone przez Boga, aby z nich z\u0142o\u017cy\u0107 ofiar\u0119 Bogu! Przecie\u017c to jawna kpina! <\/span><\/span><\/span><\/p>\n<p align=\"justify\"><span style=\"color: #000000;\"><span style=\"font-family: Book Antiqua, serif;\"><span style=\"font-size: large;\">Dlatego Prorok ocenia t\u0119 sytuacj\u0119 bardzo jednoznacznie: <i><b>Czy\u017c milsze s\u0105 Panu ca\u0142opalenia i ofiary krwawe od pos\u0142usze\u0144stwa rozkazom Pana? Ot\u00f3\u017c lepsze jest pos\u0142usze\u0144stwo od ofiary, uleg\u0142o\u015b\u0107 od t\u0142uszczu baran\u00f3w. Op\u00f3r bowiem jest jak grzech wr\u00f3\u017cbiarstwa, a krn\u0105brno\u015b\u0107 jak z\u0142o\u015b\u0107 ba\u0142wochwalstwa. Poniewa\u017c wzgardzi\u0142e\u015b nakazem Pana, odrzuci\u0142 ci\u0119 On jako kr\u00f3la.<\/b><\/i> Tak, B\u00f3g nie chcia\u0142 w tym momencie ofiary z byd\u0142a i owiec \u2013 <b>On chcia\u0142 pos\u0142usze\u0144stwa<\/b> poleceniu, kt\u00f3re wyda\u0142. Dlatego, ofiara z\u0142o\u017cona w ten spos\u00f3b by\u0142a tak naprawd\u0119 <b>obelg\u0105, rzucon\u0105 Bogu w twarz!<\/b> By\u0142a totalnym zlekcewa\u017ceniem Boga, a nie oddaniem Mu czci! <\/span><\/span><\/span><\/p>\n<p align=\"justify\"><span style=\"color: #000000;\"><span style=\"font-family: Book Antiqua, serif;\"><span style=\"font-size: large;\">I podobnie: czy Aposto\u0142owie mogli po\u015bci\u0107, dop\u00f3ki Jezus by\u0142 z nimi? I czy mogli zachowywa\u0107 <b>w spos\u00f3b schematyczny i bezduszny<\/b> kostyczne przepisy Starego Prawa w obecno\u015bci Jezusa, kt\u00f3ry przez ca\u0142y czas swojej publicznej dzia\u0142alno\u015bci o niczym innym nie m\u00f3wi\u0142, jak w\u0142a\u015bnie o <b>nowo\u015bci swego przes\u0142ania?\u2026<\/b> Faryzeusze tego w\u0142a\u015bnie od nich oczekiwali. <\/span><\/span><\/span><\/p>\n<p align=\"justify\"><span style=\"color: #000000;\"><span style=\"font-family: Book Antiqua, serif;\"><span style=\"font-size: large;\">Jezus jednak postawi\u0142 spraw\u0119 jasno: <i><b>Nikt nie przyszywa \u0142aty z surowego sukna do starego ubrania. W przeciwnym razie nowa \u0142ata obrywa jeszcze cz\u0119\u015b\u0107 ze starego ubrania i robi si\u0119 gorsze przedarcie. Nikt te\u017c m\u0142odego wina nie wlewa do starych buk\u0142ak\u00f3w. W przeciwnym razie wino rozerwie buk\u0142aki; i wino przepadnie, i buk\u0142aki. Lecz m\u0142ode wino nale\u017cy la\u0107 do nowych buk\u0142ak\u00f3w.<\/b><\/i><\/span><\/span><\/span><\/p>\n<p align=\"justify\"><span style=\"color: #000000;\"><span style=\"font-family: Book Antiqua, serif;\"><span style=\"font-size: large;\">M\u00f3wi\u0105c zatem jasno i wprost: wszelkie przepisy Prawa Bo\u017cego i prawa ko\u015bcielnego zawsze nale\u017cy zachowywa\u0107, ale \u2013 by tak rzec \u2013 <b>z najszczersz\u0105 i najszczytniejsz\u0105 intencj\u0105,<\/b> to znaczy: z my\u015bl\u0105 o Bogu, ze wzgl\u0119du na Boga! Zawsze wtedy trzeba <b>my\u015ble\u0107 o Bogu<\/b> i mie\u0107 \u015bwiadomo\u015b\u0107, \u017ce w ten spos\u00f3b <b>przysparza Mu si\u0119 chwa\u0142y. <\/b>Dlatego zawsze nale\u017cy szuka\u0107 \u2013 w konkretnej sytuacji \u2013 odpowiedzi na pytanie, <b>czego w tym momencie chce ode mnie B\u00f3g?<\/b> Czego oczekuje? <b>Jaka jest Jego wola?<\/b><\/span><\/span><\/span><\/p>\n<p align=\"justify\"><span style=\"color: #000000;\"><span style=\"font-family: Book Antiqua, serif;\"><span style=\"font-size: large;\">On t\u0119 swoj\u0105 wol\u0119 objawia na r\u00f3\u017cne sposoby: przez nauczanie Pisma \u015awi\u0119tego, przez <b>jednolite nauczanie<\/b> Pasterzy Ko\u015bcio\u0142a, ale tak\u017ce przez <b>przepisy prawa ko\u015bcielnego i prawa liturgicznego, <\/b>dlatego warto o tym pami\u0119ta\u0107, kiedy promuje si\u0119 jakie\u015b formy pobo\u017cno\u015bci osobistej, kt\u00f3re <b>nie do ko\u0144ca wsp\u00f3\u0142graj\u0105 z przepisami Ko\u015bcio\u0142a,<\/b> dotycz\u0105cymi liturgii, lub s\u0105 z nimi <b>wprost niezgodne! <\/b>Warto o tym pami\u0119ta\u0107, kiedy si\u0119 na si\u0142\u0119 promuje i powiela r\u00f3\u017cne <b>prywatne wizje i objawienia<\/b> o niepewnym pochodzeniu, nie maj\u0105ce wyra\u017anej akceptacji Ko\u015bcio\u0142a. <\/span><\/span><\/span><\/p>\n<p align=\"justify\"><span style=\"color: #000000;\"><span style=\"font-family: Book Antiqua, serif;\"><span style=\"font-size: large;\">I wreszcie \u2013 warto odwa\u017cy\u0107 si\u0119 i dostrzega\u0107 znaki Bo\u017cej woli <b>w konkretnych sytuacjach,<\/b> danych nam przez Pana w naszej codzienno\u015bci. Chodzi o te wszystkiej sytuacje, w kt\u00f3rych krzy\u017cuj\u0105 si\u0119 nasze plany, albo <b>sploty niekt\u00f3rych wydarze\u0144 zaskakuj\u0105 nas<\/b> i prowadz\u0105 w zupe\u0142nie niespodziewanym kierunku. Czy\u017c nie jest to <b>wyra\u017ane dzia\u0142ania Boga<\/b> \u2013 zw\u0142aszcza, je\u017celi \u015bwiadomie dajemy Mu \u201ezielone \u015bwiat\u0142o\u201d i zgadzamy si\u0119 na Jego wol\u0119 w naszym \u017cyciu?\u2026 <\/span><\/span><\/span><\/p>\n<p align=\"justify\"><span style=\"color: #000000;\"><span style=\"font-family: Book Antiqua, serif;\"><span style=\"font-size: large;\">I czy wtedy \u2013 zamiast si\u0119 buntowa\u0107, narzeka\u0107 na z\u0142y los, stara\u0107 si\u0119 na si\u0142\u0119 i za wszelk\u0105 cen\u0119 wszystko ustawia\u0107 po swojemu \u2013 nie lepiej <b>po prostu da\u0107 si\u0119 poprowadzi\u0107 Panu?\u2026<\/b> Nawet, je\u017celi b\u0119dzie si\u0119 nam wydawa\u0142o, \u017ce nasze dzia\u0142anie by\u0142oby naprawd\u0119 pobo\u017cne i powinno si\u0119 przecie\u017c Bogu spodoba\u0107?<\/span><\/span><\/span><\/p>\n<p align=\"justify\"><span style=\"color: #000000;\"><span style=\"font-family: Book Antiqua, serif;\"><span style=\"font-size: large;\">Jemu zawsze najbardziej podoba si\u0119 nasze <b>szczere pos\u0142usze\u0144stwo Jego woli!<\/b><\/span><\/span><\/span><\/p>\n","protected":false},"excerpt":{"rendered":"<p>Szcz\u0119\u015b\u0107 Bo\u017ce! Moi Drodzy, w dniu dzisiejszym imieniny prze\u017cywaj\u0105: \u25baOjciec Doktor Sebastian Wi\u015bniewski, oblat, Prze\u0142o\u017cony Wsp\u00f3lnoty zakonnej w Kodniu; Cz\u0142owiek wielkiej \u017cyczliwo\u015bci, zawsze ch\u0119tny pom\u00f3c, otwarty i kontaktowy; \u25baSebastian Karczewski, m\u00f3j znajomy Redaktor \u201eNaszego Dziennika\u201d, Organizator akcji zawiezienia wiernej kopii Figury Matki Bo\u017cej Fatimskiej do Parafii w Surgucie; \u25baSebastian Kucharski, za moich czas\u00f3w \u2013 Lektor [&hellip;]<\/p>\n","protected":false},"author":1,"featured_media":0,"comment_status":"open","ping_status":"open","sticky":false,"template":"","format":"standard","meta":{"jetpack_post_was_ever_published":false,"_jetpack_newsletter_access":"","_jetpack_dont_email_post_to_subs":false,"_jetpack_newsletter_tier_id":0,"_jetpack_memberships_contains_paywalled_content":false,"_jetpack_memberships_contains_paid_content":false,"footnotes":""},"categories":[1],"tags":[],"class_list":["post-16441","post","type-post","status-publish","format-standard","hentry","category-bez-kategorii"],"yoast_head":"<!-- This site is optimized with the Yoast SEO plugin v25.1 - https:\/\/yoast.com\/wordpress\/plugins\/seo\/ -->\n<title>Szczere pos\u0142usze\u0144stwo Bogu... - Gaudium Et Spes<\/title>\n<meta name=\"robots\" content=\"index, follow, max-snippet:-1, max-image-preview:large, max-video-preview:-1\" \/>\n<link rel=\"canonical\" href=\"https:\/\/gaudiumetspes-blog.pl\/index.php\/2020\/01\/20\/szczere-posluszenstwo-bogu\/\" \/>\n<meta property=\"og:locale\" content=\"pl_PL\" \/>\n<meta property=\"og:type\" content=\"article\" \/>\n<meta property=\"og:title\" content=\"Szczere pos\u0142usze\u0144stwo Bogu... - Gaudium Et Spes\" \/>\n<meta property=\"og:description\" content=\"Szcz\u0119\u015b\u0107 Bo\u017ce! Moi Drodzy, w dniu dzisiejszym imieniny prze\u017cywaj\u0105: \u25baOjciec Doktor Sebastian Wi\u015bniewski, oblat, Prze\u0142o\u017cony Wsp\u00f3lnoty zakonnej w Kodniu; Cz\u0142owiek wielkiej \u017cyczliwo\u015bci, zawsze ch\u0119tny pom\u00f3c, otwarty i kontaktowy; \u25baSebastian Karczewski, m\u00f3j znajomy Redaktor \u201eNaszego Dziennika\u201d, Organizator akcji zawiezienia wiernej kopii Figury Matki Bo\u017cej Fatimskiej do Parafii w Surgucie; \u25baSebastian Kucharski, za moich czas\u00f3w \u2013 Lektor [&hellip;]\" \/>\n<meta property=\"og:url\" content=\"https:\/\/gaudiumetspes-blog.pl\/index.php\/2020\/01\/20\/szczere-posluszenstwo-bogu\/\" \/>\n<meta property=\"og:site_name\" content=\"Gaudium Et Spes\" \/>\n<meta property=\"article:published_time\" content=\"2020-01-20T06:28:26+00:00\" \/>\n<meta name=\"author\" content=\"Ks. Jacek\" \/>\n<meta name=\"twitter:card\" content=\"summary_large_image\" \/>\n<meta name=\"twitter:label1\" content=\"Napisane przez\" \/>\n\t<meta name=\"twitter:data1\" content=\"Ks. Jacek\" \/>\n\t<meta name=\"twitter:label2\" content=\"Szacowany czas czytania\" \/>\n\t<meta name=\"twitter:data2\" content=\"8 minut\" \/>\n<script type=\"application\/ld+json\" class=\"yoast-schema-graph\">{\"@context\":\"https:\/\/schema.org\",\"@graph\":[{\"@type\":\"WebPage\",\"@id\":\"https:\/\/gaudiumetspes-blog.pl\/index.php\/2020\/01\/20\/szczere-posluszenstwo-bogu\/\",\"url\":\"https:\/\/gaudiumetspes-blog.pl\/index.php\/2020\/01\/20\/szczere-posluszenstwo-bogu\/\",\"name\":\"Szczere pos\u0142usze\u0144stwo Bogu... - Gaudium Et Spes\",\"isPartOf\":{\"@id\":\"https:\/\/gaudiumetspes-blog.pl\/#website\"},\"datePublished\":\"2020-01-20T06:28:26+00:00\",\"author\":{\"@id\":\"https:\/\/gaudiumetspes-blog.pl\/#\/schema\/person\/1661982992b752dea8dff0d4ed845a65\"},\"breadcrumb\":{\"@id\":\"https:\/\/gaudiumetspes-blog.pl\/index.php\/2020\/01\/20\/szczere-posluszenstwo-bogu\/#breadcrumb\"},\"inLanguage\":\"pl-PL\",\"potentialAction\":[{\"@type\":\"ReadAction\",\"target\":[\"https:\/\/gaudiumetspes-blog.pl\/index.php\/2020\/01\/20\/szczere-posluszenstwo-bogu\/\"]}]},{\"@type\":\"BreadcrumbList\",\"@id\":\"https:\/\/gaudiumetspes-blog.pl\/index.php\/2020\/01\/20\/szczere-posluszenstwo-bogu\/#breadcrumb\",\"itemListElement\":[{\"@type\":\"ListItem\",\"position\":1,\"name\":\"Strona g\u0142\u00f3wna\",\"item\":\"https:\/\/gaudiumetspes-blog.pl\/\"},{\"@type\":\"ListItem\",\"position\":2,\"name\":\"Szczere pos\u0142usze\u0144stwo Bogu&#8230;\"}]},{\"@type\":\"WebSite\",\"@id\":\"https:\/\/gaudiumetspes-blog.pl\/#website\",\"url\":\"https:\/\/gaudiumetspes-blog.pl\/\",\"name\":\"Gaudium Et Spes\",\"description\":\"Blog Ks. Jacka Ja\u015bkowskiego\",\"potentialAction\":[{\"@type\":\"SearchAction\",\"target\":{\"@type\":\"EntryPoint\",\"urlTemplate\":\"https:\/\/gaudiumetspes-blog.pl\/?s={search_term_string}\"},\"query-input\":{\"@type\":\"PropertyValueSpecification\",\"valueRequired\":true,\"valueName\":\"search_term_string\"}}],\"inLanguage\":\"pl-PL\"},{\"@type\":\"Person\",\"@id\":\"https:\/\/gaudiumetspes-blog.pl\/#\/schema\/person\/1661982992b752dea8dff0d4ed845a65\",\"name\":\"Ks. Jacek\",\"image\":{\"@type\":\"ImageObject\",\"inLanguage\":\"pl-PL\",\"@id\":\"https:\/\/gaudiumetspes-blog.pl\/#\/schema\/person\/image\/\",\"url\":\"https:\/\/gaudiumetspes-blog.pl\/wp-content\/uploads\/2019\/07\/avatar-JJ-150x150.jpg\",\"contentUrl\":\"https:\/\/gaudiumetspes-blog.pl\/wp-content\/uploads\/2019\/07\/avatar-JJ-150x150.jpg\",\"caption\":\"Ks. Jacek\"},\"description\":\"Witam serdecznie! K\u0142ania si\u0119 Ks. Jacek Ja\u015bkowski. Nie jestem ani kim\u015b wa\u017cnym, ani kim\u015b znanym. Jestem ksi\u0119dzem, kt\u00f3ry po prostu chce rozmawia\u0107. Codzienna kap\u0142a\u0144ska pos\u0142uga pokazuje mi, \u017ce temat\u00f3w do rozm\u00f3w z ksi\u0119dzem jest coraz wi\u0119cej i dzisiaj \u017caden ksi\u0105dz nie mo\u017ce od nich ucieka\u0107, ale - wprost przeciwnie - podejmowa\u0107 nowe wyzwania. To przekonanie sk\u0142oni\u0142o mnie do pr\u00f3by otwarcia tego\u017c bloga, chocia\u017c okazji do rozm\u00f3w na co dzie\u0144 - w konfesjonale i poza nim - na szcz\u0119\u015bcie nie brakuje. My\u015bl\u0119 jednak, \u017ce ten blog b\u0119dzie jeszcze jednym sposobem i przestrzeni\u0105 nawi\u0105zania kontaktu z lud\u017ami dobrej woli, otwartymi na dialog.\",\"url\":\"https:\/\/gaudiumetspes-blog.pl\/index.php\/author\/ks-jacek\/\"}]}<\/script>\n<!-- \/ Yoast SEO plugin. -->","yoast_head_json":{"title":"Szczere pos\u0142usze\u0144stwo Bogu... - Gaudium Et Spes","robots":{"index":"index","follow":"follow","max-snippet":"max-snippet:-1","max-image-preview":"max-image-preview:large","max-video-preview":"max-video-preview:-1"},"canonical":"https:\/\/gaudiumetspes-blog.pl\/index.php\/2020\/01\/20\/szczere-posluszenstwo-bogu\/","og_locale":"pl_PL","og_type":"article","og_title":"Szczere pos\u0142usze\u0144stwo Bogu... - Gaudium Et Spes","og_description":"Szcz\u0119\u015b\u0107 Bo\u017ce! Moi Drodzy, w dniu dzisiejszym imieniny prze\u017cywaj\u0105: \u25baOjciec Doktor Sebastian Wi\u015bniewski, oblat, Prze\u0142o\u017cony Wsp\u00f3lnoty zakonnej w Kodniu; Cz\u0142owiek wielkiej \u017cyczliwo\u015bci, zawsze ch\u0119tny pom\u00f3c, otwarty i kontaktowy; \u25baSebastian Karczewski, m\u00f3j znajomy Redaktor \u201eNaszego Dziennika\u201d, Organizator akcji zawiezienia wiernej kopii Figury Matki Bo\u017cej Fatimskiej do Parafii w Surgucie; \u25baSebastian Kucharski, za moich czas\u00f3w \u2013 Lektor [&hellip;]","og_url":"https:\/\/gaudiumetspes-blog.pl\/index.php\/2020\/01\/20\/szczere-posluszenstwo-bogu\/","og_site_name":"Gaudium Et Spes","article_published_time":"2020-01-20T06:28:26+00:00","author":"Ks. Jacek","twitter_card":"summary_large_image","twitter_misc":{"Napisane przez":"Ks. Jacek","Szacowany czas czytania":"8 minut"},"schema":{"@context":"https:\/\/schema.org","@graph":[{"@type":"WebPage","@id":"https:\/\/gaudiumetspes-blog.pl\/index.php\/2020\/01\/20\/szczere-posluszenstwo-bogu\/","url":"https:\/\/gaudiumetspes-blog.pl\/index.php\/2020\/01\/20\/szczere-posluszenstwo-bogu\/","name":"Szczere pos\u0142usze\u0144stwo Bogu... - Gaudium Et Spes","isPartOf":{"@id":"https:\/\/gaudiumetspes-blog.pl\/#website"},"datePublished":"2020-01-20T06:28:26+00:00","author":{"@id":"https:\/\/gaudiumetspes-blog.pl\/#\/schema\/person\/1661982992b752dea8dff0d4ed845a65"},"breadcrumb":{"@id":"https:\/\/gaudiumetspes-blog.pl\/index.php\/2020\/01\/20\/szczere-posluszenstwo-bogu\/#breadcrumb"},"inLanguage":"pl-PL","potentialAction":[{"@type":"ReadAction","target":["https:\/\/gaudiumetspes-blog.pl\/index.php\/2020\/01\/20\/szczere-posluszenstwo-bogu\/"]}]},{"@type":"BreadcrumbList","@id":"https:\/\/gaudiumetspes-blog.pl\/index.php\/2020\/01\/20\/szczere-posluszenstwo-bogu\/#breadcrumb","itemListElement":[{"@type":"ListItem","position":1,"name":"Strona g\u0142\u00f3wna","item":"https:\/\/gaudiumetspes-blog.pl\/"},{"@type":"ListItem","position":2,"name":"Szczere pos\u0142usze\u0144stwo Bogu&#8230;"}]},{"@type":"WebSite","@id":"https:\/\/gaudiumetspes-blog.pl\/#website","url":"https:\/\/gaudiumetspes-blog.pl\/","name":"Gaudium Et Spes","description":"Blog Ks. Jacka Ja\u015bkowskiego","potentialAction":[{"@type":"SearchAction","target":{"@type":"EntryPoint","urlTemplate":"https:\/\/gaudiumetspes-blog.pl\/?s={search_term_string}"},"query-input":{"@type":"PropertyValueSpecification","valueRequired":true,"valueName":"search_term_string"}}],"inLanguage":"pl-PL"},{"@type":"Person","@id":"https:\/\/gaudiumetspes-blog.pl\/#\/schema\/person\/1661982992b752dea8dff0d4ed845a65","name":"Ks. Jacek","image":{"@type":"ImageObject","inLanguage":"pl-PL","@id":"https:\/\/gaudiumetspes-blog.pl\/#\/schema\/person\/image\/","url":"https:\/\/gaudiumetspes-blog.pl\/wp-content\/uploads\/2019\/07\/avatar-JJ-150x150.jpg","contentUrl":"https:\/\/gaudiumetspes-blog.pl\/wp-content\/uploads\/2019\/07\/avatar-JJ-150x150.jpg","caption":"Ks. Jacek"},"description":"Witam serdecznie! K\u0142ania si\u0119 Ks. Jacek Ja\u015bkowski. Nie jestem ani kim\u015b wa\u017cnym, ani kim\u015b znanym. Jestem ksi\u0119dzem, kt\u00f3ry po prostu chce rozmawia\u0107. Codzienna kap\u0142a\u0144ska pos\u0142uga pokazuje mi, \u017ce temat\u00f3w do rozm\u00f3w z ksi\u0119dzem jest coraz wi\u0119cej i dzisiaj \u017caden ksi\u0105dz nie mo\u017ce od nich ucieka\u0107, ale - wprost przeciwnie - podejmowa\u0107 nowe wyzwania. To przekonanie sk\u0142oni\u0142o mnie do pr\u00f3by otwarcia tego\u017c bloga, chocia\u017c okazji do rozm\u00f3w na co dzie\u0144 - w konfesjonale i poza nim - na szcz\u0119\u015bcie nie brakuje. My\u015bl\u0119 jednak, \u017ce ten blog b\u0119dzie jeszcze jednym sposobem i przestrzeni\u0105 nawi\u0105zania kontaktu z lud\u017ami dobrej woli, otwartymi na dialog.","url":"https:\/\/gaudiumetspes-blog.pl\/index.php\/author\/ks-jacek\/"}]}},"jetpack_featured_media_url":"","jetpack_sharing_enabled":true,"_links":{"self":[{"href":"https:\/\/gaudiumetspes-blog.pl\/index.php\/wp-json\/wp\/v2\/posts\/16441","targetHints":{"allow":["GET"]}}],"collection":[{"href":"https:\/\/gaudiumetspes-blog.pl\/index.php\/wp-json\/wp\/v2\/posts"}],"about":[{"href":"https:\/\/gaudiumetspes-blog.pl\/index.php\/wp-json\/wp\/v2\/types\/post"}],"author":[{"embeddable":true,"href":"https:\/\/gaudiumetspes-blog.pl\/index.php\/wp-json\/wp\/v2\/users\/1"}],"replies":[{"embeddable":true,"href":"https:\/\/gaudiumetspes-blog.pl\/index.php\/wp-json\/wp\/v2\/comments?post=16441"}],"version-history":[{"count":1,"href":"https:\/\/gaudiumetspes-blog.pl\/index.php\/wp-json\/wp\/v2\/posts\/16441\/revisions"}],"predecessor-version":[{"id":16442,"href":"https:\/\/gaudiumetspes-blog.pl\/index.php\/wp-json\/wp\/v2\/posts\/16441\/revisions\/16442"}],"wp:attachment":[{"href":"https:\/\/gaudiumetspes-blog.pl\/index.php\/wp-json\/wp\/v2\/media?parent=16441"}],"wp:term":[{"taxonomy":"category","embeddable":true,"href":"https:\/\/gaudiumetspes-blog.pl\/index.php\/wp-json\/wp\/v2\/categories?post=16441"},{"taxonomy":"post_tag","embeddable":true,"href":"https:\/\/gaudiumetspes-blog.pl\/index.php\/wp-json\/wp\/v2\/tags?post=16441"}],"curies":[{"name":"wp","href":"https:\/\/api.w.org\/{rel}","templated":true}]}}