{"id":16462,"date":"2020-01-27T05:34:06","date_gmt":"2020-01-27T04:34:06","guid":{"rendered":"https:\/\/gaudiumetspes-blog.pl\/?p=16462"},"modified":"2020-01-26T22:04:58","modified_gmt":"2020-01-26T21:04:58","slug":"krolestwo-mocne-i-skonsolidowane","status":"publish","type":"post","link":"https:\/\/gaudiumetspes-blog.pl\/index.php\/2020\/01\/27\/krolestwo-mocne-i-skonsolidowane\/","title":{"rendered":"Kr\u00f3lestwo mocne i skonsolidowane!"},"content":{"rendered":"<p align=\"justify\"><span style=\"color: #000000;\"><span style=\"font-family: Book Antiqua, serif;\"><span style=\"font-size: large;\">Szcz\u0119\u015b\u0107 Bo\u017ce! Moi Drodzy, chcia\u0142bym dzisiaj prosi\u0107 Was o \u0142\u0105czno\u015b\u0107 ze mn\u0105 w modlitwie w intencji dw\u00f3ch Mam: mojej Mamy, kt\u00f3ra dzisiaj b\u0119dzie mia\u0142a zabieg pod narkoz\u0105 (w sumie nie jaki\u015b gro\u017any i skomplikowany, bo czyszczenie nie goj\u0105cej si\u0119 rany na nodze, ale jednak\u2026), a tak\u017ce Mamy mojego Przyjaciela, Ksi\u0119dza Leszka \u2013 Pani Teresy, na kt\u00f3r\u0105 w ostatnim czasie wszystkie mo\u017cliwe dolegliwo\u015bci spadaj\u0105. Ja w intencji obu Mam odprawi\u0119 dzi\u015b Msz\u0119 \u015awi\u0119t\u0105, ale i Was prosz\u0119 o modlitewne wspomnienie.<\/span><\/span><\/span><\/p>\n<p align=\"justify\"><span style=\"color: #000000;\"><span style=\"font-family: Book Antiqua, serif;\"><span style=\"font-size: large;\">\u017bycz\u0119 Wszystkim b\u0142ogos\u0142awionego dnia!<\/span><\/span><\/span><\/p>\n<p align=\"center\"><span style=\"color: #000000;\"><span style=\"font-family: Book Antiqua, serif;\"><span style=\"font-size: large;\">Gaudium et spes! Ks. Jacek<\/span><\/span><\/span><\/p>\n<p align=\"center\">\n<p align=\"center\">\n<p align=\"center\">\n<p align=\"center\">\n<p align=\"center\">\n<p align=\"justify\"><span style=\"color: #000000;\"><span style=\"font-family: Book Antiqua, serif;\"><span style=\"font-size: large;\"><b>Poniedzia\u0142ek 3 Tygodnia zwyk\u0142ego, rok II,<\/b><\/span><\/span><\/span><\/p>\n<p align=\"justify\"><span style=\"color: #000000;\"><span style=\"font-family: Book Antiqua, serif;\"><span style=\"font-size: large;\"><b>do czyta\u0144:<\/b> <b>2 Sm 5,1\u20137.10; Mk 3,22\u201330<\/b><\/span><\/span><\/span><\/p>\n<p align=\"justify\">\n<p align=\"justify\">\n<p align=\"justify\">\n<p align=\"justify\">\n<p align=\"justify\">\n<p align=\"justify\"><span style=\"color: #000000;\"><span style=\"font-family: Book Antiqua, serif;\"><span style=\"font-size: large;\"><b>CZYTANIE Z DRUGIEJ KSI\u0118GI SAMUELA: <\/b><\/span><\/span><\/span><\/p>\n<p align=\"justify\"><span style=\"color: #000000;\"><span style=\"font-family: Book Antiqua, serif;\"><span style=\"font-size: large;\"><b>Wszystkie pokolenia izraelskie zesz\u0142y si\u0119 u Dawida w Hebronie i o\u015bwiadczy\u0142y mu: \u201eOto my\u015bmy ko\u015bci twoje i cia\u0142o. Ju\u017c dawno, gdy Saul by\u0142 kr\u00f3lem nad nami, ty\u015b wyprawia\u0142 si\u0119 i powraca\u0142 na czele Izraela. I Pan rzek\u0142 do ciebie: \u00abTy b\u0119dziesz pas\u0142 m\u00f3j lud, Izraela, i ty b\u0119dziesz wodzem dla Izraela\u00bb\u201d. <\/b><\/span><\/span><\/span><\/p>\n<p align=\"justify\"><span style=\"color: #000000;\"><span style=\"font-family: Book Antiqua, serif;\"><span style=\"font-size: large;\"><b>Ca\u0142a starszyzna Izraela przyby\u0142a do kr\u00f3la do Hebronu. I zawar\u0142 kr\u00f3l Dawid przymierze z nimi wobec Pana w Hebronie. Nama\u015bcili wi\u0119c Dawida na kr\u00f3la nad Izraelem. <\/b><\/span><\/span><\/span><\/p>\n<p align=\"justify\"><span style=\"color: #000000;\"><span style=\"font-family: Book Antiqua, serif;\"><span style=\"font-size: large;\"><b>Dawid mia\u0142 lat trzydzie\u015bci, gdy rozpocz\u0105\u0142 rz\u0105dy, a panowa\u0142 lat czterdzie\u015bci. Jud\u0105 rz\u0105dzi\u0142 w Hebronie lat siedem i sze\u015b\u0107 miesi\u0119cy, w Jerozolimie za\u015b nad ca\u0142ym Izraelem i Jud\u0105 panowa\u0142 lat trzydzie\u015bci trzy. <\/b><\/span><\/span><\/span><\/p>\n<p align=\"justify\"><span style=\"color: #000000;\"><span style=\"font-family: Book Antiqua, serif;\"><span style=\"font-size: large;\"><b>Razem ze swoimi lud\u017ami kr\u00f3l wyruszy\u0142 do Jerozolimy przeciw Jebuzytom, zamieszkuj\u0105cym t\u0119 krain\u0119. Rzekli oni do Dawida: \u201eNie wejdziesz tutaj, lecz odepchn\u0105 ci\u0119 \u015blepi i kulawi\u201d. Oznacza\u0142o to: \u201eDawid tu nie wejdzie\u201d. Dawid jednak zdoby\u0142 twierdz\u0119 Syjon, to jest Miasto Dawidowe. <\/b><\/span><\/span><\/span><\/p>\n<p align=\"justify\"><span style=\"color: #000000;\"><span style=\"font-family: Book Antiqua, serif;\"><span style=\"font-size: large;\"><b>Dawid stawa\u0142 si\u0119 coraz pot\u0119\u017cniejszy, bo Pan B\u00f3g Zast\u0119p\u00f3w by\u0142 z nim.<\/b><\/span><\/span><\/span><\/p>\n<p align=\"justify\">\n<p align=\"justify\">\n<p align=\"justify\">\n<p align=\"justify\">\n<p align=\"justify\">\n<p align=\"justify\"><span style=\"color: #000000;\"><span style=\"font-family: Book Antiqua, serif;\"><span style=\"font-size: large;\"><b>S\u0141OWA EWANGELII WED\u0141UG \u015aWI\u0118TEGO MARKA: <\/b><\/span><\/span><\/span><\/p>\n<p align=\"justify\"><span style=\"color: #000000;\"><span style=\"font-family: Book Antiqua, serif;\"><span style=\"font-size: large;\"><b>Uczeni w Pi\u015bmie, kt\u00f3rzy przyszli z Jerozolimy, m\u00f3wili o Jezusie: \u201eMa Belzebuba i przez w\u0142adc\u0119 z\u0142ych duch\u00f3w wyrzuca z\u0142e duchy\u201d. <\/b><\/span><\/span><\/span><\/p>\n<p align=\"justify\"><span style=\"color: #000000;\"><span style=\"font-family: Book Antiqua, serif;\"><span style=\"font-size: large;\"><b>Wtedy Jezus przywo\u0142a\u0142 ich do siebie i m\u00f3wi\u0142 im w przypowie\u015bciach: \u201eJak mo\u017ce szatan wyrzuca\u0107 szatana? Je\u015bli jakie\u015b kr\u00f3lestwo wewn\u0119trznie jest sk\u0142\u00f3cone, takie kr\u00f3lestwo nie mo\u017ce si\u0119 osta\u0107. I je\u015bli dom wewn\u0119trznie jest sk\u0142\u00f3cony, to taki dom nie b\u0119dzie m\u00f3g\u0142 si\u0119 osta\u0107. Je\u015bli wi\u0119c szatan powsta\u0142 przeciw sobie i wewn\u0119trznie jest sk\u0142\u00f3cony, to nie mo\u017ce si\u0119 osta\u0107, lecz koniec z nim. Nie, nikt nie mo\u017ce wej\u015b\u0107 do domu mocarza i sprz\u0119t mu zagrabi\u0107, je\u015bli mocarza wpierw nie zwi\u0105\u017ce, i wtedy dom jego ograbi. <\/b><\/span><\/span><\/span><\/p>\n<p align=\"justify\"><span style=\"color: #000000;\"><span style=\"font-family: Book Antiqua, serif;\"><span style=\"font-size: large;\"><b>Zaprawd\u0119 powiadam wam: wszystkie grzechy i blu\u017anierstwa, kt\u00f3rych by si\u0119 ludzie dopu\u015bcili, b\u0119d\u0105 im odpuszczone. Kto by jednak zblu\u017ani\u0142 przeciw Duchowi \u015awi\u0119temu, nigdy nie otrzyma odpuszczenia, lecz winien jest grzechu wiecznego\u201d. M\u00f3wili bowiem: \u201eMa ducha nieczystego\u201d.<\/b><\/span><\/span><\/span><\/p>\n<p align=\"justify\">\n<p align=\"justify\">\n<p align=\"justify\">\n<p align=\"justify\">\n<p align=\"justify\">\n<p align=\"justify\"><span style=\"color: #000000;\"><span style=\"font-family: Book Antiqua, serif;\"><span style=\"font-size: large;\">I tak oto jeste\u015bmy \u015bwiadkami <b>trzeciego ju\u017c namaszczenia<\/b> Dawida na kr\u00f3la. Pierwsze mia\u0142o miejsce, kiedy by\u0142 jeszcze bardzo m\u0142odym cz\u0142owiekiem i <b>pas\u0142 owce swego ojca. <\/b>Pami\u0119tamy zapewne to wzruszaj\u0105ce wydarzenie, jak ojciec przedstawi\u0142 Prorokowi Samuelowi swoich dorodnych syn\u00f3w, a najm\u0142odszego nawet nie zawo\u0142a\u0142 na spotkanie, gdy tymczasem okaza\u0142o si\u0119, \u017ce to w\u0142a\u015bnie ten <b>najm\u0142odszy znalaz\u0142 upodobanie w oczach Pana. <\/b>Potwierdzeniem tego by\u0142o pierwsze namaszczenie Dawida na przysz\u0142ego kr\u00f3la. <\/span><\/span><\/span><\/p>\n<p align=\"justify\"><span style=\"color: #000000;\"><span style=\"font-family: Book Antiqua, serif;\"><span style=\"font-size: large;\">Drugiego dokonali <b>w Hebronie przedstawiciele plemion po\u0142udniowych,<\/b> czyli judzkich, a dzisiaj \u2013 w tym\u017ce samym Hebronie \u2013 uczynili to po raz trzeci p<b>rzedstawiciele plemion p\u00f3\u0142nocnych,<\/b> czyli izraelskich. W ten spos\u00f3b Dawid zjednoczy\u0142 pod swoim panowaniem wszystkie plemiona ludu wybranego i <b>to zjednoczenie przetrwa\u0142o<\/b> przez czas jego panowania i panowania jego syna, Salomona. Potem nast\u0105pi\u0142 podzia\u0142 na dwa odr\u0119bne pa\u0144stwa: <b>p\u00f3\u0142noce i po\u0142udniowe. <\/b><\/span><\/span><\/span><\/p>\n<p align=\"justify\"><span style=\"color: #000000;\"><span style=\"font-family: Book Antiqua, serif;\"><span style=\"font-size: large;\">Jako motywy dzisiejszej decyzji o namaszczeniu Dawida, starsi plemion p\u00f3\u0142nocnych podali trzy okoliczno\u015bci. Jakie? Pos\u0142uchajmy: <i><b>Oto my\u015bmy ko\u015bci twoje i cia\u0142o. Ju\u017c dawno, gdy Saul by\u0142 kr\u00f3lem nad nami, ty\u015b wyprawia\u0142 si\u0119 i powraca\u0142 na czele Izraela. I Pan rzek\u0142 do ciebie: \u00abTy b\u0119dziesz pas\u0142 m\u00f3j lud, Izraela, i ty b\u0119dziesz wodzem dla Izraela\u00bb.<\/b><\/i> <\/span><\/span><\/span><\/p>\n<p align=\"justify\"><span style=\"color: #000000;\"><span style=\"font-family: Book Antiqua, serif;\"><span style=\"font-size: large;\">A zatem, Dawid <b>jest ich bratem,<\/b> jest jednym z nich, a nie cudzoziemcem, ponadto: <b>walczy\u0142 <\/b><b>z<\/b><b> wrogami Izraela, <\/b>a wreszcie: to <b>sam B\u00f3g obieca\u0142 mu kr\u00f3lowanie. <\/b>Te trzy okoliczno\u015bci sk\u0142oni\u0142y starszyzn\u0119 izraelsk\u0105, aby dokona\u0107 tego znamiennego gestu. Jednak nie tylko to by\u0142o znakiem jednocz\u0105cym wszystkie pokolenia. <\/span><\/span><\/span><\/p>\n<p align=\"justify\"><span style=\"color: #000000;\"><span style=\"font-family: Book Antiqua, serif;\"><span style=\"font-size: large;\">By\u0142o nim tak\u017ce przej\u0119cie <b>Jerozolimy jako nowej siedziby kr\u00f3lewskiej. <\/b>Po\u0142o\u017cona bardziej centralnie, lepiej si\u0119 do tego nadawa\u0142a, ni\u017c le\u017c\u0105cy na terenie Judy, czyli <b>nieco na uboczu, Hebron.<\/b> A tam w\u0142a\u015bnie rezydowa\u0142 Dawid i stamt\u0105d przeni\u00f3s\u0142 si\u0119 do Jerozolimy. W ten spos\u00f3b Dawid <b>zjednoczy\u0142 kr\u00f3lestwo Izraela. <\/b><\/span><\/span><\/span><\/p>\n<p align=\"justify\"><span style=\"color: #000000;\"><span style=\"font-family: Book Antiqua, serif;\"><span style=\"font-size: large;\">A oto w Ewangelii dzisiejszej s\u0142yszymy <b>o kr\u00f3lestwie podzielonym.<\/b> Co prawda, pojawia si\u0119 ono w wypowiedzi Jezusa, opisuj\u0105cej pewien stan hipotetyczny, ale chyba dobrze obraz ten ilustruje <b>stan ducha <\/b>przeciwnik\u00f3w Jezusa. Chodzi o te stwierdzenia: <i><b>Je\u015bli jakie\u015b kr\u00f3lestwo wewn\u0119trznie jest sk\u0142\u00f3cone, takie kr\u00f3lestwo nie mo\u017ce si\u0119 osta\u0107. I je\u015bli dom wewn\u0119trznie jest sk\u0142\u00f3cony, to taki dom nie b\u0119dzie m\u00f3g\u0142 si\u0119 osta\u0107.<\/b><\/i><b> <\/b><\/span><\/span><\/span><\/p>\n<p align=\"justify\"><span style=\"color: #000000;\"><span style=\"font-family: Book Antiqua, serif;\"><span style=\"font-size: large;\">Jak s\u0142yszeli\u015bmy, by\u0142o to wypowiedziane w kontek\u015bcie oskar\u017ce\u0144 ze strony faryzeuszy, i\u017c Jezus <i><b>m<\/b><\/i><i><b>a Belzebuba i przez w\u0142adc\u0119 z\u0142ych duch\u00f3w wyrzuca z\u0142e duchy.<\/b><\/i><b> <\/b>Jezus jasno wykazuje nielogiczno\u015b\u0107 takiego rozumowania. M\u00f3wi: <i><b>Je\u015bli wi\u0119c szatan powsta\u0142 przeciw sobie i wewn\u0119trznie jest sk\u0142\u00f3cony, to nie mo\u017ce si\u0119 osta\u0107, lecz koniec z nim. <\/b><\/i><\/span><\/span><\/span><\/p>\n<p align=\"justify\"><span style=\"color: #000000;\"><span style=\"font-family: Book Antiqua, serif;\"><span style=\"font-size: large;\">Wskazuje te\u017c jednak na <b>totaln\u0105 z\u0142o\u015bliwo\u015b\u0107<\/b> w nastawieniu uczonych w Pi\u015bmie, kt\u00f3rzy ewidentne dzia\u0142anie Ducha \u015awi\u0119tego, w mocy kt\u00f3rego Jezus dokonywa\u0142 wszystkich swoich znak\u00f3w, o\u015bmielili si\u0119 przypisa\u0107 mocy z\u0142ego ducha. Jak bardzo surowo zapowiada i ostrzega Jezus, <i><b>wszystkie grzechy i blu\u017anierstwa, kt\u00f3rych by si\u0119 ludzie dopu\u015bcili, b\u0119d\u0105 im odpuszczone. Kto by jednak zblu\u017ani\u0142 przeciw Duchowi \u015awi\u0119temu, nigdy nie otrzyma odpuszczenia, lecz winien jest grzechu wiecznego.<\/b><\/i><b> <\/b>Dlaczego? Czy\u017cby to by\u0142 a\u017c tak straszny grzech, \u017ce B\u00f3g nie da rady go odpu\u015bci\u0107? <\/span><\/span><\/span><\/p>\n<p align=\"justify\"><span style=\"color: #000000;\"><span style=\"font-family: Book Antiqua, serif;\"><span style=\"font-size: large;\">Jest on rzeczywi\u015bcie straszny, ale nie dlatego, \u017ce B\u00f3g nie da rady go odpu\u015bci\u0107, ale dlatego, \u017ce <b>cz\u0142owiek z\u0142o\u015bliwie odrzuca Boga,<\/b> \u015bwiadomie zamyka si\u0119 na Niego. \u017beby otrzyma\u0107 odpuszczenie, musi<b> zmieni\u0107 swoje nastawienie, <\/b>zacz\u0105\u0107 \u017ca\u0142owa\u0107 za swoje grzechy. Je\u017celi jednak kto\u015b tak \u015bwiadomie, otwarcie i w spos\u00f3b zamierzony \u2013 a do tego z\u0142o\u015bliwy \u2013 sprzeciwia si\u0119 Bogu, to znaczy, \u017ce <b>po prostu owego przebaczenia nie chce,<\/b> nie liczy si\u0119 w og\u00f3le z Bogiem, jest na Niego totalnie zamkni\u0119ty. A w jego sercu <b>nie Bo\u017ce, ale w\u0142a\u015bnie diabelskie kr\u00f3lestwo<\/b> znalaz\u0142o dogodn\u0105 przestrze\u0144.<\/span><\/span><\/span><\/p>\n<p align=\"justify\"><span style=\"color: #000000;\"><span style=\"font-family: Book Antiqua, serif;\"><span style=\"font-size: large;\">Jak\u017ce to zatem wa\u017cne, moi Drodzy, aby\u015bmy byli <b>wewn\u0119trznie skonsolidowani, pozbierani i zjednoczeni:<\/b> przede wszystkim z Bogiem, ale tak\u017ce w jaki\u015b spos\u00f3b <b>z samymi sob\u0105,<\/b> a to prze\u0142o\u017cy si\u0119 z kolei na <b>nasz\u0105 jedno\u015b\u0107 z lud\u017ami.<\/b> Nie mo\u017ce bowiem tworzy\u0107 \u017cadnej jedno\u015bci z lud\u017ami i w\u015br\u00f3d ludzi kto\u015b, <b>kto ma w sercu ba\u0142agan.<\/b> <\/span><\/span><\/span><\/p>\n<p align=\"justify\"><span style=\"color: #000000;\"><span style=\"font-family: Book Antiqua, serif;\"><span style=\"font-size: large;\">Jak si\u0119 zatem przedstawia teraz sytuacja w moim sercu? Ile jest tam kr\u00f3lestw? Czy jest to <b>jedno, <\/b><b>Bo\u017ce<\/b><b> kr\u00f3lestwo,<\/b> czy te\u017c otwieram furtki dla innych kr\u00f3lestw i innych pan\u00f3w, poza Bogiem?\u2026 Czy mam takie poczucie, \u017ce jestem <b>wewn\u0119trznie stabilny, pozbierany, duchowo skonsolidowany?\u2026 <\/b><\/span><\/span><\/span><\/p>\n","protected":false},"excerpt":{"rendered":"<p>Szcz\u0119\u015b\u0107 Bo\u017ce! Moi Drodzy, chcia\u0142bym dzisiaj prosi\u0107 Was o \u0142\u0105czno\u015b\u0107 ze mn\u0105 w modlitwie w intencji dw\u00f3ch Mam: mojej Mamy, kt\u00f3ra dzisiaj b\u0119dzie mia\u0142a zabieg pod narkoz\u0105 (w sumie nie jaki\u015b gro\u017any i skomplikowany, bo czyszczenie nie goj\u0105cej si\u0119 rany na nodze, ale jednak\u2026), a tak\u017ce Mamy mojego Przyjaciela, Ksi\u0119dza Leszka \u2013 Pani Teresy, na [&hellip;]<\/p>\n","protected":false},"author":1,"featured_media":0,"comment_status":"open","ping_status":"open","sticky":false,"template":"","format":"standard","meta":{"jetpack_post_was_ever_published":false,"_jetpack_newsletter_access":"","_jetpack_dont_email_post_to_subs":false,"_jetpack_newsletter_tier_id":0,"_jetpack_memberships_contains_paywalled_content":false,"_jetpack_memberships_contains_paid_content":false,"footnotes":""},"categories":[1],"tags":[],"class_list":["post-16462","post","type-post","status-publish","format-standard","hentry","category-bez-kategorii"],"yoast_head":"<!-- This site is optimized with the Yoast SEO plugin v25.1 - https:\/\/yoast.com\/wordpress\/plugins\/seo\/ -->\n<title>Kr\u00f3lestwo mocne i skonsolidowane! - Gaudium Et Spes<\/title>\n<meta name=\"robots\" content=\"index, follow, max-snippet:-1, max-image-preview:large, max-video-preview:-1\" \/>\n<link rel=\"canonical\" href=\"https:\/\/gaudiumetspes-blog.pl\/index.php\/2020\/01\/27\/krolestwo-mocne-i-skonsolidowane\/\" \/>\n<meta property=\"og:locale\" content=\"pl_PL\" \/>\n<meta property=\"og:type\" content=\"article\" \/>\n<meta property=\"og:title\" content=\"Kr\u00f3lestwo mocne i skonsolidowane! - Gaudium Et Spes\" \/>\n<meta property=\"og:description\" content=\"Szcz\u0119\u015b\u0107 Bo\u017ce! Moi Drodzy, chcia\u0142bym dzisiaj prosi\u0107 Was o \u0142\u0105czno\u015b\u0107 ze mn\u0105 w modlitwie w intencji dw\u00f3ch Mam: mojej Mamy, kt\u00f3ra dzisiaj b\u0119dzie mia\u0142a zabieg pod narkoz\u0105 (w sumie nie jaki\u015b gro\u017any i skomplikowany, bo czyszczenie nie goj\u0105cej si\u0119 rany na nodze, ale jednak\u2026), a tak\u017ce Mamy mojego Przyjaciela, Ksi\u0119dza Leszka \u2013 Pani Teresy, na [&hellip;]\" \/>\n<meta property=\"og:url\" content=\"https:\/\/gaudiumetspes-blog.pl\/index.php\/2020\/01\/27\/krolestwo-mocne-i-skonsolidowane\/\" \/>\n<meta property=\"og:site_name\" content=\"Gaudium Et Spes\" \/>\n<meta property=\"article:published_time\" content=\"2020-01-27T04:34:06+00:00\" \/>\n<meta name=\"author\" content=\"Ks. Jacek\" \/>\n<meta name=\"twitter:card\" content=\"summary_large_image\" \/>\n<meta name=\"twitter:label1\" content=\"Napisane przez\" \/>\n\t<meta name=\"twitter:data1\" content=\"Ks. Jacek\" \/>\n\t<meta name=\"twitter:label2\" content=\"Szacowany czas czytania\" \/>\n\t<meta name=\"twitter:data2\" content=\"6 minut\" \/>\n<script type=\"application\/ld+json\" class=\"yoast-schema-graph\">{\"@context\":\"https:\/\/schema.org\",\"@graph\":[{\"@type\":\"WebPage\",\"@id\":\"https:\/\/gaudiumetspes-blog.pl\/index.php\/2020\/01\/27\/krolestwo-mocne-i-skonsolidowane\/\",\"url\":\"https:\/\/gaudiumetspes-blog.pl\/index.php\/2020\/01\/27\/krolestwo-mocne-i-skonsolidowane\/\",\"name\":\"Kr\u00f3lestwo mocne i skonsolidowane! - Gaudium Et Spes\",\"isPartOf\":{\"@id\":\"https:\/\/gaudiumetspes-blog.pl\/#website\"},\"datePublished\":\"2020-01-27T04:34:06+00:00\",\"author\":{\"@id\":\"https:\/\/gaudiumetspes-blog.pl\/#\/schema\/person\/1661982992b752dea8dff0d4ed845a65\"},\"breadcrumb\":{\"@id\":\"https:\/\/gaudiumetspes-blog.pl\/index.php\/2020\/01\/27\/krolestwo-mocne-i-skonsolidowane\/#breadcrumb\"},\"inLanguage\":\"pl-PL\",\"potentialAction\":[{\"@type\":\"ReadAction\",\"target\":[\"https:\/\/gaudiumetspes-blog.pl\/index.php\/2020\/01\/27\/krolestwo-mocne-i-skonsolidowane\/\"]}]},{\"@type\":\"BreadcrumbList\",\"@id\":\"https:\/\/gaudiumetspes-blog.pl\/index.php\/2020\/01\/27\/krolestwo-mocne-i-skonsolidowane\/#breadcrumb\",\"itemListElement\":[{\"@type\":\"ListItem\",\"position\":1,\"name\":\"Strona g\u0142\u00f3wna\",\"item\":\"https:\/\/gaudiumetspes-blog.pl\/\"},{\"@type\":\"ListItem\",\"position\":2,\"name\":\"Kr\u00f3lestwo mocne i&nbsp;skonsolidowane!\"}]},{\"@type\":\"WebSite\",\"@id\":\"https:\/\/gaudiumetspes-blog.pl\/#website\",\"url\":\"https:\/\/gaudiumetspes-blog.pl\/\",\"name\":\"Gaudium Et Spes\",\"description\":\"Blog Ks. Jacka Ja\u015bkowskiego\",\"potentialAction\":[{\"@type\":\"SearchAction\",\"target\":{\"@type\":\"EntryPoint\",\"urlTemplate\":\"https:\/\/gaudiumetspes-blog.pl\/?s={search_term_string}\"},\"query-input\":{\"@type\":\"PropertyValueSpecification\",\"valueRequired\":true,\"valueName\":\"search_term_string\"}}],\"inLanguage\":\"pl-PL\"},{\"@type\":\"Person\",\"@id\":\"https:\/\/gaudiumetspes-blog.pl\/#\/schema\/person\/1661982992b752dea8dff0d4ed845a65\",\"name\":\"Ks. Jacek\",\"image\":{\"@type\":\"ImageObject\",\"inLanguage\":\"pl-PL\",\"@id\":\"https:\/\/gaudiumetspes-blog.pl\/#\/schema\/person\/image\/\",\"url\":\"https:\/\/gaudiumetspes-blog.pl\/wp-content\/uploads\/2019\/07\/avatar-JJ-150x150.jpg\",\"contentUrl\":\"https:\/\/gaudiumetspes-blog.pl\/wp-content\/uploads\/2019\/07\/avatar-JJ-150x150.jpg\",\"caption\":\"Ks. Jacek\"},\"description\":\"Witam serdecznie! K\u0142ania si\u0119 Ks. Jacek Ja\u015bkowski. Nie jestem ani kim\u015b wa\u017cnym, ani kim\u015b znanym. Jestem ksi\u0119dzem, kt\u00f3ry po prostu chce rozmawia\u0107. Codzienna kap\u0142a\u0144ska pos\u0142uga pokazuje mi, \u017ce temat\u00f3w do rozm\u00f3w z ksi\u0119dzem jest coraz wi\u0119cej i dzisiaj \u017caden ksi\u0105dz nie mo\u017ce od nich ucieka\u0107, ale - wprost przeciwnie - podejmowa\u0107 nowe wyzwania. To przekonanie sk\u0142oni\u0142o mnie do pr\u00f3by otwarcia tego\u017c bloga, chocia\u017c okazji do rozm\u00f3w na co dzie\u0144 - w konfesjonale i poza nim - na szcz\u0119\u015bcie nie brakuje. My\u015bl\u0119 jednak, \u017ce ten blog b\u0119dzie jeszcze jednym sposobem i przestrzeni\u0105 nawi\u0105zania kontaktu z lud\u017ami dobrej woli, otwartymi na dialog.\",\"url\":\"https:\/\/gaudiumetspes-blog.pl\/index.php\/author\/ks-jacek\/\"}]}<\/script>\n<!-- \/ Yoast SEO plugin. -->","yoast_head_json":{"title":"Kr\u00f3lestwo mocne i skonsolidowane! - Gaudium Et Spes","robots":{"index":"index","follow":"follow","max-snippet":"max-snippet:-1","max-image-preview":"max-image-preview:large","max-video-preview":"max-video-preview:-1"},"canonical":"https:\/\/gaudiumetspes-blog.pl\/index.php\/2020\/01\/27\/krolestwo-mocne-i-skonsolidowane\/","og_locale":"pl_PL","og_type":"article","og_title":"Kr\u00f3lestwo mocne i skonsolidowane! - Gaudium Et Spes","og_description":"Szcz\u0119\u015b\u0107 Bo\u017ce! Moi Drodzy, chcia\u0142bym dzisiaj prosi\u0107 Was o \u0142\u0105czno\u015b\u0107 ze mn\u0105 w modlitwie w intencji dw\u00f3ch Mam: mojej Mamy, kt\u00f3ra dzisiaj b\u0119dzie mia\u0142a zabieg pod narkoz\u0105 (w sumie nie jaki\u015b gro\u017any i skomplikowany, bo czyszczenie nie goj\u0105cej si\u0119 rany na nodze, ale jednak\u2026), a tak\u017ce Mamy mojego Przyjaciela, Ksi\u0119dza Leszka \u2013 Pani Teresy, na [&hellip;]","og_url":"https:\/\/gaudiumetspes-blog.pl\/index.php\/2020\/01\/27\/krolestwo-mocne-i-skonsolidowane\/","og_site_name":"Gaudium Et Spes","article_published_time":"2020-01-27T04:34:06+00:00","author":"Ks. Jacek","twitter_card":"summary_large_image","twitter_misc":{"Napisane przez":"Ks. Jacek","Szacowany czas czytania":"6 minut"},"schema":{"@context":"https:\/\/schema.org","@graph":[{"@type":"WebPage","@id":"https:\/\/gaudiumetspes-blog.pl\/index.php\/2020\/01\/27\/krolestwo-mocne-i-skonsolidowane\/","url":"https:\/\/gaudiumetspes-blog.pl\/index.php\/2020\/01\/27\/krolestwo-mocne-i-skonsolidowane\/","name":"Kr\u00f3lestwo mocne i skonsolidowane! - Gaudium Et Spes","isPartOf":{"@id":"https:\/\/gaudiumetspes-blog.pl\/#website"},"datePublished":"2020-01-27T04:34:06+00:00","author":{"@id":"https:\/\/gaudiumetspes-blog.pl\/#\/schema\/person\/1661982992b752dea8dff0d4ed845a65"},"breadcrumb":{"@id":"https:\/\/gaudiumetspes-blog.pl\/index.php\/2020\/01\/27\/krolestwo-mocne-i-skonsolidowane\/#breadcrumb"},"inLanguage":"pl-PL","potentialAction":[{"@type":"ReadAction","target":["https:\/\/gaudiumetspes-blog.pl\/index.php\/2020\/01\/27\/krolestwo-mocne-i-skonsolidowane\/"]}]},{"@type":"BreadcrumbList","@id":"https:\/\/gaudiumetspes-blog.pl\/index.php\/2020\/01\/27\/krolestwo-mocne-i-skonsolidowane\/#breadcrumb","itemListElement":[{"@type":"ListItem","position":1,"name":"Strona g\u0142\u00f3wna","item":"https:\/\/gaudiumetspes-blog.pl\/"},{"@type":"ListItem","position":2,"name":"Kr\u00f3lestwo mocne i&nbsp;skonsolidowane!"}]},{"@type":"WebSite","@id":"https:\/\/gaudiumetspes-blog.pl\/#website","url":"https:\/\/gaudiumetspes-blog.pl\/","name":"Gaudium Et Spes","description":"Blog Ks. Jacka Ja\u015bkowskiego","potentialAction":[{"@type":"SearchAction","target":{"@type":"EntryPoint","urlTemplate":"https:\/\/gaudiumetspes-blog.pl\/?s={search_term_string}"},"query-input":{"@type":"PropertyValueSpecification","valueRequired":true,"valueName":"search_term_string"}}],"inLanguage":"pl-PL"},{"@type":"Person","@id":"https:\/\/gaudiumetspes-blog.pl\/#\/schema\/person\/1661982992b752dea8dff0d4ed845a65","name":"Ks. Jacek","image":{"@type":"ImageObject","inLanguage":"pl-PL","@id":"https:\/\/gaudiumetspes-blog.pl\/#\/schema\/person\/image\/","url":"https:\/\/gaudiumetspes-blog.pl\/wp-content\/uploads\/2019\/07\/avatar-JJ-150x150.jpg","contentUrl":"https:\/\/gaudiumetspes-blog.pl\/wp-content\/uploads\/2019\/07\/avatar-JJ-150x150.jpg","caption":"Ks. Jacek"},"description":"Witam serdecznie! K\u0142ania si\u0119 Ks. Jacek Ja\u015bkowski. Nie jestem ani kim\u015b wa\u017cnym, ani kim\u015b znanym. Jestem ksi\u0119dzem, kt\u00f3ry po prostu chce rozmawia\u0107. Codzienna kap\u0142a\u0144ska pos\u0142uga pokazuje mi, \u017ce temat\u00f3w do rozm\u00f3w z ksi\u0119dzem jest coraz wi\u0119cej i dzisiaj \u017caden ksi\u0105dz nie mo\u017ce od nich ucieka\u0107, ale - wprost przeciwnie - podejmowa\u0107 nowe wyzwania. To przekonanie sk\u0142oni\u0142o mnie do pr\u00f3by otwarcia tego\u017c bloga, chocia\u017c okazji do rozm\u00f3w na co dzie\u0144 - w konfesjonale i poza nim - na szcz\u0119\u015bcie nie brakuje. My\u015bl\u0119 jednak, \u017ce ten blog b\u0119dzie jeszcze jednym sposobem i przestrzeni\u0105 nawi\u0105zania kontaktu z lud\u017ami dobrej woli, otwartymi na dialog.","url":"https:\/\/gaudiumetspes-blog.pl\/index.php\/author\/ks-jacek\/"}]}},"jetpack_featured_media_url":"","jetpack_sharing_enabled":true,"_links":{"self":[{"href":"https:\/\/gaudiumetspes-blog.pl\/index.php\/wp-json\/wp\/v2\/posts\/16462","targetHints":{"allow":["GET"]}}],"collection":[{"href":"https:\/\/gaudiumetspes-blog.pl\/index.php\/wp-json\/wp\/v2\/posts"}],"about":[{"href":"https:\/\/gaudiumetspes-blog.pl\/index.php\/wp-json\/wp\/v2\/types\/post"}],"author":[{"embeddable":true,"href":"https:\/\/gaudiumetspes-blog.pl\/index.php\/wp-json\/wp\/v2\/users\/1"}],"replies":[{"embeddable":true,"href":"https:\/\/gaudiumetspes-blog.pl\/index.php\/wp-json\/wp\/v2\/comments?post=16462"}],"version-history":[{"count":3,"href":"https:\/\/gaudiumetspes-blog.pl\/index.php\/wp-json\/wp\/v2\/posts\/16462\/revisions"}],"predecessor-version":[{"id":16465,"href":"https:\/\/gaudiumetspes-blog.pl\/index.php\/wp-json\/wp\/v2\/posts\/16462\/revisions\/16465"}],"wp:attachment":[{"href":"https:\/\/gaudiumetspes-blog.pl\/index.php\/wp-json\/wp\/v2\/media?parent=16462"}],"wp:term":[{"taxonomy":"category","embeddable":true,"href":"https:\/\/gaudiumetspes-blog.pl\/index.php\/wp-json\/wp\/v2\/categories?post=16462"},{"taxonomy":"post_tag","embeddable":true,"href":"https:\/\/gaudiumetspes-blog.pl\/index.php\/wp-json\/wp\/v2\/tags?post=16462"}],"curies":[{"name":"wp","href":"https:\/\/api.w.org\/{rel}","templated":true}]}}