{"id":16470,"date":"2020-01-29T08:04:59","date_gmt":"2020-01-29T07:04:59","guid":{"rendered":"https:\/\/gaudiumetspes-blog.pl\/?p=16470"},"modified":"2020-01-29T08:04:59","modified_gmt":"2020-01-29T07:04:59","slug":"kto-komu-zbuduje-dom","status":"publish","type":"post","link":"https:\/\/gaudiumetspes-blog.pl\/index.php\/2020\/01\/29\/kto-komu-zbuduje-dom\/","title":{"rendered":"Kto komu zbuduje dom?&#8230;"},"content":{"rendered":"<p align=\"justify\"><span style=\"color: #000000;\"><span style=\"font-family: Book Antiqua, serif;\"><span style=\"font-size: large;\">Szcz\u0119\u015b\u0107 Bo\u017ce! Moi Drodzy, w dniu dzisiejszym <b>urodziny prze\u017cywa \u0141ukasz Osypiuk, nale\u017c\u0105cy w swoim czasie do jednej z m\u0142odzie\u017cowych Wsp\u00f3lnot. \u017bycz\u0119 Jubilatowi, aby zawsze pod\u0105\u017ca\u0142 drog\u0105 Bo\u017c\u0105 i nie obawia\u0142 si\u0119 nigdy ca\u0142ego swego \u017cycia \u2013 ca\u0142ego swego serca \u2013 Bogu ofiarowa\u0107. O to b\u0119d\u0119 si\u0119 dla Niego modli\u0142!<\/b><\/span><\/span><\/span><\/p>\n<p align=\"justify\"><span style=\"color: #000000;\"><span style=\"font-family: Book Antiqua, serif;\"><span style=\"font-size: large;\">Moi Drodzy, nie wspomnia\u0142em wczoraj, bo nieco spieszy\u0142em si\u0119 z zamieszczeniem s\u0142\u00f3wka, \u017ce przedwczoraj bliscy mi Ludzie z Lublina, \u017banna i \u0141ukasz Sulowscy, powitali na \u015bwiecie drugiego swojego Syna, Ignacego. Bogu niech b\u0119d\u0105 dzi\u0119ki za ten dar! Zaledwie, trzy dni wcze\u015bniej byli jeszcze u mnie i m\u00f3wili\u015bmy sobie, \u017ce prze\u017cywaj\u0105 kolejny adwent \u2013 chocia\u017c ten liturgiczny dopiero co min\u0105\u0142. I oto ich rodziny adwent si\u0119 dope\u0142ni\u0142. Gratulujemy \u2013 i bardzo si\u0119 cieszymy! Niech B\u00f3g b\u0142ogos\u0142awi Male\u0144stwu i ca\u0142ej Rodzinie!<\/span><\/span><\/span><\/p>\n<p align=\"justify\"><span style=\"color: #000000;\"><span style=\"font-family: Book Antiqua, serif;\"><span style=\"font-size: large;\">Zabieg naszej Mamy odby\u0142 si\u0119 wczoraj po po\u0142udniu i przebieg\u0142 pomy\u015blnie. Bogu niech b\u0119d\u0105 dzi\u0119ki! I Wam dzi\u0119kuj\u0119 za modlitewne wsparcie, o kt\u00f3rym mnie zapewniali\u015bcie. Wielkie dzi\u0119ki! Modlitw\u0105 b\u0119dziemy wspiera\u0107 proces powrotu do zdrowia, polecaj\u0105c tak\u017ce Pani\u0105 Teres\u0119 i wszystkich Chorych i Cierpi\u0105cych w naszych Rodzinach i w naszym otoczeniu!<\/span><\/span><\/span><\/p>\n<p align=\"justify\"><span style=\"color: #000000;\"><span style=\"font-family: Book Antiqua, serif;\"><span style=\"font-size: large;\">Moi Drodzy, a ja dzisiaj, o godzinie 20:00, rozpoczn\u0119 uczestnictwo w rekolekcjach kap\u0142a\u0144skich, w domu rekolekcyjnym, przy naszym diecezjalnym Seminarium. Jest to taka dla mnie specyficzna sytuacja, bo osobi\u015bcie tego nie planowa\u0142em, jednak decyzj\u0105 naszego Ksi\u0119dza Biskupa ka\u017cdy Ksi\u0105dz w Diecezji siedleckiej powinien co dwa lata prze\u017cywa\u0107 rekolekcje w tym\u017ce domu, pod kierunkiem diecezjalnego Centrum Formacji Kap\u0142a\u0144skiej, a co dwa lata mo\u017ce je sobie organizowa\u0107 sam. <\/span><\/span><\/span><\/p>\n<p align=\"justify\"><span style=\"color: #000000;\"><span style=\"font-family: Book Antiqua, serif;\"><span style=\"font-size: large;\">Poniewa\u017c ja \u2013 jak wiecie \u2013 prze\u017cywam ju\u017c od dobrych kilku lat swoje rekolekcje kap\u0142a\u0144skie w Kodniu, przeto i w tym roku tak\u017ce planuj\u0119 je tam, we wrze\u015bniu. I wtedy jest to dla mnie czas bardzo intensywny, w kt\u00f3rym staram si\u0119 wy\u0142\u0105czy\u0107 z jakiejkolwiek innej aktywno\u015bci. Natomiast te rekolekcje potraktuj\u0119 tak troch\u0119 \u201edrugoplanowo\u201d, co oznacza, \u017ce b\u0119d\u0119 uczestniczy\u0142 w wyznaczonych spotkaniach, ale te\u017c b\u0119d\u0119 obecny na blogu, udam si\u0119 tak\u017ce na sw\u00f3j dy\u017cur spowiedniczy w Katedrze, kt\u00f3ry wypada w 30 dnia ka\u017cdego miesi\u0105ca. <\/span><\/span><\/span><\/p>\n<p align=\"justify\"><span style=\"color: #000000;\"><span style=\"font-family: Book Antiqua, serif;\"><span style=\"font-size: large;\">Na pewno jednak, znajd\u0119 czas na osobist\u0105 modlitw\u0119 w Kaplicy, a w\u00f3wczas obiecuj\u0119 pami\u0119ta\u0107 tak\u017ce o Was!<\/span><\/span><\/span><\/p>\n<p align=\"center\"><span style=\"color: #000000;\"><span style=\"font-family: Book Antiqua, serif;\"><span style=\"font-size: large;\">Gaudium et spes! Ks. Jacek<\/span><\/span><\/span><\/p>\n<p align=\"center\">\n<p align=\"center\">\n<p align=\"center\">\n<p align=\"center\">\n<p align=\"center\">\n<p align=\"justify\"><span style=\"color: #000000;\"><span style=\"font-family: Book Antiqua, serif;\"><span style=\"font-size: large;\"><b>\u015aroda 3 Tygodnia zwyk\u0142ego, rok II,<\/b><\/span><\/span><\/span><\/p>\n<p align=\"justify\"><span style=\"color: #000000;\"><span style=\"font-family: Book Antiqua, serif;\"><span style=\"font-size: large;\"><b>do czyta\u0144: 2 Sm 7,4\u201317; Mk 4,1\u201320<\/b><\/span><\/span><\/span><\/p>\n<p align=\"justify\">\n<p align=\"justify\">\n<p align=\"justify\">\n<p align=\"justify\">\n<p align=\"justify\">\n<p align=\"justify\"><span style=\"color: #000000;\"><span style=\"font-family: Book Antiqua, serif;\"><span style=\"font-size: large;\"><b>CZYTANIE Z DRUGIEJ KSI\u0118GI SAMUELA: <\/b><\/span><\/span><\/span><\/p>\n<p align=\"justify\"><span style=\"color: #000000;\"><span style=\"font-family: Book Antiqua, serif;\"><span style=\"font-size: large;\"><b>Pan skierowa\u0142 do Natana nast\u0119puj\u0105ce s\u0142owa: \u201eId\u017a i powiedz mojemu s\u0142udze, Dawidowi: To m\u00f3wi Pan: \u00abCzy ty zbudujesz Mi dom na mieszkanie? Nie mieszka\u0142em bowiem w domu od dnia, w kt\u00f3rym wywiod\u0142em z Egiptu syn\u00f3w Izraela, a\u017c do dzisiaj. Przebywa\u0142em w namiocie albo przybytku. Czy w czasie w\u0119dr\u00f3wki z ca\u0142ym Izraelem powiedzia\u0142em cho\u0107 jedno s\u0142owo do kogo\u015b z przyw\u00f3dc\u00f3w izraelskich pokole\u0144, kt\u00f3rym przekaza\u0142em rz\u0105dy nad ludem moim izraelskim: Dlaczego nie budujecie Mi domu cedrowego?\u00bb <\/b><\/span><\/span><\/span><\/p>\n<p align=\"justify\"><span style=\"color: #000000;\"><span style=\"font-family: Book Antiqua, serif;\"><span style=\"font-size: large;\"><b>A teraz przem\u00f3wisz do s\u0142ugi mojego, Dawida: \u00abTo m\u00f3wi Pan Zast\u0119p\u00f3w: Zabra\u0142em ci\u0119 z pastwiska spo\u015br\u00f3d owiec, aby\u015b by\u0142 w\u0142adc\u0105 nad ludem moim, nad Izraelem. I by\u0142em z tob\u0105 wsz\u0119dzie, dok\u0105d si\u0119 uda\u0142e\u015b, wytraci\u0142em przed tob\u0105 wszystkich twoich nieprzyjaci\u00f3\u0142. Dam ci s\u0142aw\u0119 najwi\u0119kszych ludzi na ziemi. Wyznacz\u0119 miejsce mojemu ludowi, Izraelowi, i osadz\u0119 go tam, i b\u0119dzie mieszka\u0142 na swoim miejscu, a nie poruszy si\u0119 wi\u0119cej, a ludzie nikczemni nie b\u0119d\u0105 go ju\u017c uciska\u0107 jak dawniej. <\/b><\/span><\/span><\/span><\/p>\n<p align=\"justify\"><span style=\"color: #000000;\"><span style=\"font-family: Book Antiqua, serif;\"><span style=\"font-size: large;\"><b>Od czasu, kiedy ustanowi\u0142em s\u0119dzi\u00f3w nad ludem moim izraelskim, obdarzy\u0142em ci\u0119 pokojem ze wszystkimi wrogami. Tobie te\u017c Pan zapowiedzia\u0142, \u017ce ci zbuduje dom. Kiedy wype\u0142ni\u0105 si\u0119 dni twoje i spoczniesz obok swych przodk\u00f3w, wtedy wzbudz\u0119 tobie potomka twojego, kt\u00f3ry wyjdzie z twoich wn\u0119trzno\u015bci, i utwierdz\u0119 jego kr\u00f3lestwo. <\/b><\/span><\/span><\/span><\/p>\n<p align=\"justify\"><span style=\"color: #000000;\"><span style=\"font-family: Book Antiqua, serif;\"><span style=\"font-size: large;\"><b>On zbuduje dom imieniu memu, Ja za\u015b utwierdz\u0119 tron jego kr\u00f3lestwa na wieki. Ja b\u0119d\u0119 mu ojcem, a on b\u0119dzie Mi synem, a je\u017celi zawini, b\u0119d\u0119 go karci\u0142 r\u00f3zg\u0105 ludzi i ciosami syn\u00f3w ludzkich. Lecz nie cofn\u0119 od niego mojej \u017cyczliwo\u015bci, jak j\u0105 cofn\u0105\u0142em od Saula, twego poprzednika, kt\u00f3rego opu\u015bci\u0142em. Przede Mn\u0105 dom tw\u00f3j i twoje kr\u00f3lestwo b\u0119d\u0105 trwa\u0107 na wieki. Tw\u00f3j tron b\u0119dzie utwierdzony na wieki\u00bb\u201d. <\/b><\/span><\/span><\/span><\/p>\n<p align=\"justify\"><span style=\"color: #000000;\"><span style=\"font-family: Book Antiqua, serif;\"><span style=\"font-size: large;\"><b>Zgodnie z tymi wszystkimi s\u0142owami i zgodnie z tym ca\u0142ym widzeniem przem\u00f3wi\u0142 Natan do Dawida.<\/b><\/span><\/span><\/span><\/p>\n<p align=\"justify\">\n<p align=\"justify\">\n<p align=\"justify\">\n<p align=\"justify\">\n<p align=\"justify\">\n<p align=\"justify\"><span style=\"color: #000000;\"><span style=\"font-family: Book Antiqua, serif;\"><span style=\"font-size: large;\"><b>S\u0141OWA EWANGELII WED\u0141UG \u015aWI\u0118TEGO MARKA: <\/b><\/span><\/span><\/span><\/p>\n<p align=\"justify\"><span style=\"color: #000000;\"><span style=\"font-family: Book Antiqua, serif;\"><span style=\"font-size: large;\"><b>Jezus znowu zacz\u0105\u0142 naucza\u0107 nad jeziorem i bardzo wielki t\u0142um ludzi zebra\u0142 si\u0119 przy Nim. Dlatego wszed\u0142 do \u0142odzi i usiad\u0142 w niej na jeziorze, a ca\u0142y lud sta\u0142 na brzegu jeziora. Uczy\u0142 ich wiele w przypowie\u015bciach i m\u00f3wi\u0142 im w swojej nauce: <\/b><\/span><\/span><\/span><\/p>\n<p align=\"justify\"><span style=\"color: #000000;\">\u201e<span style=\"font-family: Book Antiqua, serif;\"><span style=\"font-size: large;\"><b>S\u0142uchajcie: Oto siewca wyszed\u0142 sia\u0107. A gdy sia\u0142, jedno ziarno pad\u0142o na drog\u0119; i przylecia\u0142y ptaki, i wydzioba\u0142y je. Inne pad\u0142o na miejsce skaliste, gdzie nie mia\u0142o wiele ziemi, i wnet wzesz\u0142o, bo gleba nie by\u0142a g\u0142\u0119boka. Lecz po wschodzie s\u0142o\u0144ca przypali\u0142o si\u0119 i nie maj\u0105c korzenia, usch\u0142o. Inne zn\u00f3w pad\u0142o mi\u0119dzy ciernie, a ciernie wybuja\u0142y i zag\u0142uszy\u0142y je, tak \u017ce nie wyda\u0142o owocu. Inne w ko\u0144cu pad\u0142y na ziemi\u0119 \u017cyzn\u0105, wzesz\u0142y, wyros\u0142y i wyda\u0142y plon: trzydziestokrotny, sze\u015b\u0107dziesi\u0119ciokrotny i stokrotny\u201d. I doda\u0142: \u201eKto ma uszy do s\u0142uchania, niechaj s\u0142ucha\u201d. <\/b><\/span><\/span><\/span><\/p>\n<p align=\"justify\"><span style=\"color: #000000;\"><span style=\"font-family: Book Antiqua, serif;\"><span style=\"font-size: large;\"><b>A gdy by\u0142 sam, pytali Go ci, kt\u00f3rzy przy Nim byli razem z Dwunastoma, o przypowie\u015bci. On im odrzek\u0142: \u201eWam dana jest tajemnica kr\u00f3lestwa Bo\u017cego, dla tych za\u015b, kt\u00f3rzy s\u0105 poza wami, wszystko dzieje si\u0119 w przypowie\u015bciach, aby patrzyli oczami, a nie widzieli, s\u0142uchali uszami, a nie rozumieli, \u017ceby si\u0119 nie nawr\u00f3cili i nie by\u0142a im wydana tajemnica\u201d. <\/b><\/span><\/span><\/span><\/p>\n<p align=\"justify\"><span style=\"color: #000000;\"><span style=\"font-family: Book Antiqua, serif;\"><span style=\"font-size: large;\"><b>I m\u00f3wi\u0142 im: \u201eNie rozumiecie tej przypowie\u015bci? Jak\u017ce zrozumiecie inne przypowie\u015bci? <\/b><\/span><\/span><\/span><\/p>\n<p align=\"justify\"><span style=\"color: #000000;\"><span style=\"font-family: Book Antiqua, serif;\"><span style=\"font-size: large;\"><b>Siewca sieje s\u0142owo. A oto s\u0105 ci posiani na drodze: u nich sieje si\u0119 s\u0142owo, a skoro je us\u0142ysz\u0105, zaraz przychodzi szatan i porywa s\u0142owo zasiane w nich. Podobnie na miejscach skalistych posiani s\u0105 ci, kt\u00f3rzy gdy us\u0142ysz\u0105 s\u0142owo, natychmiast przyjmuj\u0105 je z rado\u015bci\u0105; lecz nie maj\u0105 w sobie korzenia i s\u0105 niestali. Gdy potem przyjdzie ucisk lub prze\u015bladowanie z powodu s\u0142owa, zaraz si\u0119 za\u0142amuj\u0105. S\u0105 inni, kt\u00f3rzy s\u0105 zasiani mi\u0119dzy ciernie: to s\u0105 ci, kt\u00f3rzy s\u0142uchaj\u0105 wprawdzie s\u0142owa, lecz troski tego \u015bwiata, u\u0142uda bogactwa i inne \u017c\u0105dze wciskaj\u0105 si\u0119 i zag\u0142uszaj\u0105 s\u0142owo, tak \u017ce zostaje bezowocne. W ko\u0144cu na ziemi\u0119 \u017cyzn\u0105 zostali posiani ci, kt\u00f3rzy s\u0142uchaj\u0105 s\u0142owa, przyjmuj\u0105 je i wydaj\u0105 owoc: trzydziestokrotny, sze\u015b\u0107dziesi\u0119ciokrotny i stokrotny\u201d.<\/b><\/span><\/span><\/span><\/p>\n<p align=\"justify\">\n<p align=\"justify\">\n<p align=\"justify\">\n<p align=\"justify\">\n<p align=\"justify\">\n<p align=\"justify\"><span style=\"color: #000000;\"><span style=\"font-family: Book Antiqua, serif;\"><span style=\"font-size: large;\">Czy to Dawid zbuduje dom Bogu? Sam B\u00f3g zdaje si\u0119 o to pyta\u0107, a wr\u0119cz tego si\u0119 domaga\u0107. Zreszt\u0105, w kt\u00f3rym\u015b momencie Dawid rzeczywi\u015bcie <b>zapragn\u0105\u0142 wybudowa\u0107 \u015bwi\u0105tyni\u0119,<\/b> jako trwa\u0142e i stabilne miejsce przebywania Arki Pana \u2013 by nie by\u0142 to ju\u017c namiot, w kt\u00f3rym przebywa\u0142a w czasie w\u0119dr\u00f3wki ludu Izraela. Ale oto okaza\u0142o si\u0119, \u017ce to <b>nie Dawid, a jego syn wybuduje <\/b>\u00f3w dom, co zreszt\u0105 p\u00f3\u017aniej rzeczywi\u015bcie si\u0119 sta\u0142o. <\/span><\/span><\/span><\/p>\n<p align=\"justify\"><span style=\"color: #000000;\"><span style=\"font-family: Book Antiqua, serif;\"><span style=\"font-size: large;\">Natomiast B\u00f3g przekierowuje my\u015blenie i spojrzenie Dawida na zupe\u0142nie inne tory, m\u00f3wi\u0105c, i\u017c <b>to <\/b><b>w\u0142a\u015bnie <\/b><b>On, B\u00f3g, zbuduje Dawidowi dom.<\/b> I cho\u0107 rzecz wydaje si\u0119 dotyczy\u0107 utrwalenia miejsca Boga w\u015br\u00f3d ludzi \u2013 by nie by\u0142 to, jak wspomnieli\u015bmy, jedynie przeno\u015bny namiot \u2013 to jednak B\u00f3g m\u00f3wi do Dawida: <i><b>Zabra\u0142em ci\u0119 z pastwiska spo\u015br\u00f3d owiec, aby\u015b by\u0142 w\u0142adc\u0105 nad ludem moim, nad Izraelem. I by\u0142em z tob\u0105 wsz\u0119dzie, dok\u0105d si\u0119 uda\u0142e\u015b, wytraci\u0142em przed tob\u0105 wszystkich twoich nieprzyjaci\u00f3\u0142. Dam ci s\u0142aw\u0119 najwi\u0119kszych ludzi na ziemi. Wyznacz\u0119 miejsce mojemu ludowi, Izraelowi, i osadz\u0119 go tam, i b\u0119dzie mieszka\u0142 na swoim miejscu, a nie poruszy si\u0119 wi\u0119cej, a ludzie nikczemni nie b\u0119d\u0105 go ju\u017c uciska\u0107 jak dawniej.<\/b><\/i><b> <\/b><\/span><\/span><\/span><\/p>\n<p align=\"justify\"><span style=\"color: #000000;\"><span style=\"font-family: Book Antiqua, serif;\"><span style=\"font-size: large;\">Warto zwr\u00f3ci\u0107 uwag\u0119, \u017ce okre\u015blenie: <i><b>Dam ci s\u0142aw\u0119 najwi\u0119kszych ludzi na ziemi<\/b><\/i><b> \u2013 <\/b>w dos\u0142ownym t\u0142umaczeniu brzmi: <i><b>Uczyni\u0119 wielkim twoje imi\u0119.<\/b><\/i> Przyjmuje si\u0119, \u017ce ten, kt\u00f3ry nadaje imi\u0119, ma w\u0142adz\u0119 nad tym, kt\u00f3remu je nadaje. Skoro zatem tym, <b>kt\u00f3ry to imi\u0119 nadaje, jest B\u00f3g,<\/b> a do tego wyra\u017anie pada obietnica, i\u017ce to imi\u0119 b\u0119dzie wielkim, to znak, \u017ce przed tym obdarowanym rzeczywi\u015bcie rysuje si\u0119 <b>\u015bwietlana przysz\u0142o\u015b\u0107.<\/b> <\/span><\/span><\/span><\/p>\n<p align=\"justify\"><span style=\"color: #000000;\"><span style=\"font-family: Book Antiqua, serif;\"><span style=\"font-size: large;\">Podobnie stwierdzenie: <i><b>Wyznacz\u0119 miejsce mojemu ludowi, Izraelowi, i osadz\u0119 go tam<\/b><\/i><b> \u2013 <\/b>w innym t\u0142umaczeniu brzmi: <i><b>A mojemu ludowi, Izraelowi, przydziel\u0119 miejsce, gdzie si\u0119 osiedli. Tam go zasadz\u0119\u2026<\/b><\/i> Ot\u00f3\u017c, obraz drzewa, zasadzonego nad wod\u0105, albo na \u015bwi\u0119tym dziedzi\u0144cu, cz\u0119sto by\u0142 stosowany przez Autor\u00f3w biblijnych dla wyra\u017cenia <b>trwa\u0142ego szcz\u0119\u015bcia cz\u0142owieka. <\/b>Dawc\u0105 i Gwarantem tego szcz\u0119\u015bcia<b> jest B\u00f3g. <\/b><\/span><\/span><\/span><\/p>\n<p align=\"justify\"><span style=\"color: #000000;\"><span style=\"font-family: Book Antiqua, serif;\"><span style=\"font-size: large;\">Zobaczmy zatem, moi Drodzy, \u017ce w ca\u0142ej tej sprawie budowy domu Bo\u017cego \u2013 to <b>sam B\u00f3g przejmuje inicjatyw\u0119<\/b> i wyra\u017anie przekierowuje my\u015blenie cz\u0142owieka z tego wymiaru czysto materialnego i doczesnego <b>na wymiar duchowy i wieczny.<\/b> Z jednej strony, to B\u00f3g dopomina si\u0119 niejako o dom dla siebie, ale jednocze\u015bnie obiecuje, \u017ce <b>sam zbuduje dom,<\/b> co nale\u017cy rozumie\u0107 w ten spos\u00f3b, \u017ce <b>zapewni Dawidowi potomstwo.<\/b> P\u00f3\u017aniejsi Prorocy tak to zrozumieli i my dzisiaj rozumiemy, \u017ce chodzi <b>o potomstwo pisane ma\u0142\u0105, ale i<\/b> <b>wielk\u0105 liter\u0105. <\/b><\/span><\/span><\/span><\/p>\n<p align=\"justify\"><span style=\"color: #000000;\"><span style=\"font-family: Book Antiqua, serif;\"><span style=\"font-size: large;\">W pierwszym rz\u0119dzie, na pewno chodzi\u0142o o <b>m\u0105drego syna Dawida, czyli Salomona.<\/b> Wiemy jednak, \u017ce ten potomek nie pozosta\u0142 do ko\u0144ca wierny Bogu\u2026 Dlatego B\u00f3g zapowiada <b>innego Potomka, czyli Mesjasza<\/b> \u2013 i tak t\u0119 zapowied\u017a zrozumieli Prorocy, ta za\u015b wypowied\u017a Boga uwa\u017cana jest za <b>jeden z najwa\u017cniejszych tekst\u00f3w Starego Testamentu,<\/b> stanowi\u0105c baz\u0119 przysz\u0142ego przepowiadania Prorok\u00f3w. <\/span><\/span><\/span><\/p>\n<p align=\"justify\"><span style=\"color: #000000;\"><span style=\"font-family: Book Antiqua, serif;\"><span style=\"font-size: large;\">Sta\u0142o si\u0119 tak jednak dlatego, \u017ce <b>B\u00f3g rzeczywi\u015bcie przej\u0105\u0142 inicjatyw\u0119<\/b> i przyjmuj\u0105c dom, kt\u00f3ry w przysz\u0142o\u015bci mieli zbudowa\u0107 ludzie, jednocze\u015bnie sam niejako <b>\u201eodwdzi\u0119czy\u0142 si\u0119\u201d budowl\u0105 znacznie mocniejsz\u0105,<\/b> bo maj\u0105c\u0105 trwa\u0107 ju\u017c na wieki \u2013 wielkim Potomstwem, danym Dawidowi.<\/span><\/span><\/span><\/p>\n<p align=\"justify\"><span style=\"color: #000000;\"><span style=\"font-family: Book Antiqua, serif;\"><span style=\"font-size: large;\">Moi Drodzy, t\u0119 trudn\u0105 wr\u0119cz do opisania i zrozumienia <b>hojno\u015b\u0107 Boga<\/b> szczeg\u00f3lnie wyra\u017anie wida\u0107 w przypowie\u015bci, opowiedzianej dzi\u015b \u2013 i jednocze\u015bnie wyt\u0142umaczonej \u2013 przez Jezusa w Ewangelii. <b>B\u00f3g jest hojnym Siewc\u0105 s\u0142owa.<\/b> Tak hojnym, \u017ce godzi si\u0119 na to, aby cz\u0119\u015b\u0107 tego Jego daru \u2013 b\u0105d\u017a, co b\u0105d\u017a, przecie\u017c Boskiego daru \u2013 <b>uleg\u0142a zmarnowaniu! <\/b>On, wielki i niezmierzony Pan i W\u0142adca \u015bwiata i wszech\u015bwiata, godzi si\u0119 na to, aby <b>stworzeni przez Niego ludzie zmarnowali dar,<\/b> kt\u00f3ry z Jego r\u0119ki za darmo otrzymuj\u0105, bo wystarczy Mu, je\u015bli <b>chocia\u017c cz\u0119\u015b\u0107 tego daru <\/b>przyniesie plon. Nawet tylko trzydziestokrotny\u2026 <\/span><\/span><\/span><\/p>\n<p align=\"justify\"><span style=\"color: #000000;\"><span style=\"font-family: Book Antiqua, serif;\"><span style=\"font-size: large;\">Rodzi si\u0119 w tym kontek\u015bcie pytanie: <b>Czym\u017ce s\u0105 nasze dary \u2013 wobec Bo\u017cych dar\u00f3w?<\/b> I co my, <b>tak naprawd\u0119,<\/b> mo\u017cemy naszemu Bogu da\u0107?\u2026 Co mo\u017cemy Mu ofiarowa\u0107, czego On by nie mia\u0142? Z\u0142oto?\u2026 Wielkie budowle?\u2026 Kosztowno\u015bci?\u2026 A w tym kontek\u015bcie, warto i to pytanie postawi\u0107: <b>ile B\u00f3g zyskuje na tym, <\/b>\u017ce my przyjdziemy na Msz\u0119 \u015awi\u0119t\u0105, \u017ce si\u0119 wyspowiadamy, \u017ce przyst\u0105pimy do Komunii \u015awi\u0119tej? Ile daj\u0105 Mu nasze modlitwy? Czy to <b>B\u00f3g na tym cokolwiek zyskuje, czy my zyskujemy?<\/b> Czy to Bogu jest to wszystko potrzebne, czy mo\u017ce jednak nam? <\/span><\/span><\/span><\/p>\n<p align=\"justify\"><span style=\"color: #000000;\"><span style=\"font-family: Book Antiqua, serif;\"><span style=\"font-size: large;\">I czy to Bogu s\u0105 <b>tak naprawd\u0119 potrzebne \u015bwi\u0105tynie,<\/b> kt\u00f3re z takim po\u015bwi\u0119ceniem budujemy, ozdabiamy, remontujemy, odnawiamy \u2013 <b>czy nam, <\/b>by\u015bmy mieli \u015bwi\u0119te miejsca, kt\u00f3re b\u0119d\u0105 nam przypomina\u0142y o celu naszej ziemskiej w\u0119dr\u00f3wki?\u2026 Czy to wszystko jest <b>tak naprawd\u0119 potrzebne Bogu, czy jednak nam?\u2026 <\/b><\/span><\/span><\/span><\/p>\n<p align=\"justify\"><span style=\"color: #000000;\"><span style=\"font-family: Book Antiqua, serif;\"><span style=\"font-size: large;\">A skoro tak \u2013 to czy my naprawd\u0119 <b>nic nie mo\u017cemy naszemu Bogu ofiarowa\u0107?<\/b> Ewangelia dzisiejsza przekonuje nas, \u017ce jednak mo\u017cemy \u2013 i to co\u015b, <b>na czym Bogu naprawd\u0119 zale\u017cy.<\/b> I co <b>tylko my<\/b> mo\u017cemy Mu ofiarowa\u0107, bo je\u015bli tego nie ofiarujemy, to B\u00f3g nie b\u0119dzie tego mia\u0142, gdy\u017c tylko w naszej mocy jest to w\u0142a\u015bnie ofiarowa\u0107. Co?<\/span><\/span><\/span><\/p>\n<p align=\"justify\"><span style=\"color: #000000;\"><span style=\"font-family: Book Antiqua, serif;\"><span style=\"font-size: large;\">To oczywiste \u2013 <b>nasze serca! <\/b>Nasze gor\u0105ce serca, kt\u00f3re stan\u0105 si\u0119 <b>\u017cyzn\u0105 gleb\u0105 dla s\u0142owa Bo\u017cego,<\/b> by mog\u0142o wydawa\u0107 plon stokrotny! A nawet \u2013 cho\u0107by i trzydziestokrotny\u2026 To mo\u017cemy Bogu da\u0107 \u2013 i to jest dok\u0142adnie w naszej mocy. <\/span><\/span><\/span><\/p>\n<p align=\"justify\"><span style=\"color: #000000;\"><span style=\"font-family: Book Antiqua, serif;\"><span style=\"font-size: large;\"><b>Czy dajemy?\u2026<\/b> I czy jeste\u015bmy hojni w tym \u201eobdarowywaniu Boga \u2013 tak, jak On jest hojny w obdarowywaniu nas \u2013 czy mo\u017ce <b>wyliczamy \u201epo dekagramie\u201d<\/b> nasze \u201emodlitewki\u201d i religijne praktyki, czyni\u0105c niemal\u017ce Bogu \u0142ask\u0119, \u017ce je spe\u0142niamy? <b>Ile jeste\u015bmy w stanie da\u0107 siebie \u2013 i z siebie \u2013 naszemu Bogu?\u2026<\/b><\/span><\/span><\/span><\/p>\n","protected":false},"excerpt":{"rendered":"<p>Szcz\u0119\u015b\u0107 Bo\u017ce! Moi Drodzy, w dniu dzisiejszym urodziny prze\u017cywa \u0141ukasz Osypiuk, nale\u017c\u0105cy w swoim czasie do jednej z m\u0142odzie\u017cowych Wsp\u00f3lnot. \u017bycz\u0119 Jubilatowi, aby zawsze pod\u0105\u017ca\u0142 drog\u0105 Bo\u017c\u0105 i nie obawia\u0142 si\u0119 nigdy ca\u0142ego swego \u017cycia \u2013 ca\u0142ego swego serca \u2013 Bogu ofiarowa\u0107. O to b\u0119d\u0119 si\u0119 dla Niego modli\u0142! Moi Drodzy, nie wspomnia\u0142em wczoraj, bo [&hellip;]<\/p>\n","protected":false},"author":1,"featured_media":0,"comment_status":"open","ping_status":"open","sticky":false,"template":"","format":"standard","meta":{"jetpack_post_was_ever_published":false,"_jetpack_newsletter_access":"","_jetpack_dont_email_post_to_subs":false,"_jetpack_newsletter_tier_id":0,"_jetpack_memberships_contains_paywalled_content":false,"_jetpack_memberships_contains_paid_content":false,"footnotes":""},"categories":[1],"tags":[],"class_list":["post-16470","post","type-post","status-publish","format-standard","hentry","category-bez-kategorii"],"yoast_head":"<!-- This site is optimized with the Yoast SEO plugin v25.1 - https:\/\/yoast.com\/wordpress\/plugins\/seo\/ -->\n<title>Kto komu zbuduje dom?... - Gaudium Et Spes<\/title>\n<meta name=\"robots\" content=\"index, follow, max-snippet:-1, max-image-preview:large, max-video-preview:-1\" \/>\n<link rel=\"canonical\" href=\"https:\/\/gaudiumetspes-blog.pl\/index.php\/2020\/01\/29\/kto-komu-zbuduje-dom\/\" \/>\n<meta property=\"og:locale\" content=\"pl_PL\" \/>\n<meta property=\"og:type\" content=\"article\" \/>\n<meta property=\"og:title\" content=\"Kto komu zbuduje dom?... - Gaudium Et Spes\" \/>\n<meta property=\"og:description\" content=\"Szcz\u0119\u015b\u0107 Bo\u017ce! Moi Drodzy, w dniu dzisiejszym urodziny prze\u017cywa \u0141ukasz Osypiuk, nale\u017c\u0105cy w swoim czasie do jednej z m\u0142odzie\u017cowych Wsp\u00f3lnot. \u017bycz\u0119 Jubilatowi, aby zawsze pod\u0105\u017ca\u0142 drog\u0105 Bo\u017c\u0105 i nie obawia\u0142 si\u0119 nigdy ca\u0142ego swego \u017cycia \u2013 ca\u0142ego swego serca \u2013 Bogu ofiarowa\u0107. O to b\u0119d\u0119 si\u0119 dla Niego modli\u0142! Moi Drodzy, nie wspomnia\u0142em wczoraj, bo [&hellip;]\" \/>\n<meta property=\"og:url\" content=\"https:\/\/gaudiumetspes-blog.pl\/index.php\/2020\/01\/29\/kto-komu-zbuduje-dom\/\" \/>\n<meta property=\"og:site_name\" content=\"Gaudium Et Spes\" \/>\n<meta property=\"article:published_time\" content=\"2020-01-29T07:04:59+00:00\" \/>\n<meta name=\"author\" content=\"Ks. Jacek\" \/>\n<meta name=\"twitter:card\" content=\"summary_large_image\" \/>\n<meta name=\"twitter:label1\" content=\"Napisane przez\" \/>\n\t<meta name=\"twitter:data1\" content=\"Ks. Jacek\" \/>\n\t<meta name=\"twitter:label2\" content=\"Szacowany czas czytania\" \/>\n\t<meta name=\"twitter:data2\" content=\"11 minut\" \/>\n<script type=\"application\/ld+json\" class=\"yoast-schema-graph\">{\"@context\":\"https:\/\/schema.org\",\"@graph\":[{\"@type\":\"WebPage\",\"@id\":\"https:\/\/gaudiumetspes-blog.pl\/index.php\/2020\/01\/29\/kto-komu-zbuduje-dom\/\",\"url\":\"https:\/\/gaudiumetspes-blog.pl\/index.php\/2020\/01\/29\/kto-komu-zbuduje-dom\/\",\"name\":\"Kto komu zbuduje dom?... - Gaudium Et Spes\",\"isPartOf\":{\"@id\":\"https:\/\/gaudiumetspes-blog.pl\/#website\"},\"datePublished\":\"2020-01-29T07:04:59+00:00\",\"author\":{\"@id\":\"https:\/\/gaudiumetspes-blog.pl\/#\/schema\/person\/1661982992b752dea8dff0d4ed845a65\"},\"breadcrumb\":{\"@id\":\"https:\/\/gaudiumetspes-blog.pl\/index.php\/2020\/01\/29\/kto-komu-zbuduje-dom\/#breadcrumb\"},\"inLanguage\":\"pl-PL\",\"potentialAction\":[{\"@type\":\"ReadAction\",\"target\":[\"https:\/\/gaudiumetspes-blog.pl\/index.php\/2020\/01\/29\/kto-komu-zbuduje-dom\/\"]}]},{\"@type\":\"BreadcrumbList\",\"@id\":\"https:\/\/gaudiumetspes-blog.pl\/index.php\/2020\/01\/29\/kto-komu-zbuduje-dom\/#breadcrumb\",\"itemListElement\":[{\"@type\":\"ListItem\",\"position\":1,\"name\":\"Strona g\u0142\u00f3wna\",\"item\":\"https:\/\/gaudiumetspes-blog.pl\/\"},{\"@type\":\"ListItem\",\"position\":2,\"name\":\"Kto komu&nbsp;zbuduje dom?&#8230;\"}]},{\"@type\":\"WebSite\",\"@id\":\"https:\/\/gaudiumetspes-blog.pl\/#website\",\"url\":\"https:\/\/gaudiumetspes-blog.pl\/\",\"name\":\"Gaudium Et Spes\",\"description\":\"Blog Ks. Jacka Ja\u015bkowskiego\",\"potentialAction\":[{\"@type\":\"SearchAction\",\"target\":{\"@type\":\"EntryPoint\",\"urlTemplate\":\"https:\/\/gaudiumetspes-blog.pl\/?s={search_term_string}\"},\"query-input\":{\"@type\":\"PropertyValueSpecification\",\"valueRequired\":true,\"valueName\":\"search_term_string\"}}],\"inLanguage\":\"pl-PL\"},{\"@type\":\"Person\",\"@id\":\"https:\/\/gaudiumetspes-blog.pl\/#\/schema\/person\/1661982992b752dea8dff0d4ed845a65\",\"name\":\"Ks. Jacek\",\"image\":{\"@type\":\"ImageObject\",\"inLanguage\":\"pl-PL\",\"@id\":\"https:\/\/gaudiumetspes-blog.pl\/#\/schema\/person\/image\/\",\"url\":\"https:\/\/gaudiumetspes-blog.pl\/wp-content\/uploads\/2019\/07\/avatar-JJ-150x150.jpg\",\"contentUrl\":\"https:\/\/gaudiumetspes-blog.pl\/wp-content\/uploads\/2019\/07\/avatar-JJ-150x150.jpg\",\"caption\":\"Ks. Jacek\"},\"description\":\"Witam serdecznie! K\u0142ania si\u0119 Ks. Jacek Ja\u015bkowski. Nie jestem ani kim\u015b wa\u017cnym, ani kim\u015b znanym. Jestem ksi\u0119dzem, kt\u00f3ry po prostu chce rozmawia\u0107. Codzienna kap\u0142a\u0144ska pos\u0142uga pokazuje mi, \u017ce temat\u00f3w do rozm\u00f3w z ksi\u0119dzem jest coraz wi\u0119cej i dzisiaj \u017caden ksi\u0105dz nie mo\u017ce od nich ucieka\u0107, ale - wprost przeciwnie - podejmowa\u0107 nowe wyzwania. To przekonanie sk\u0142oni\u0142o mnie do pr\u00f3by otwarcia tego\u017c bloga, chocia\u017c okazji do rozm\u00f3w na co dzie\u0144 - w konfesjonale i poza nim - na szcz\u0119\u015bcie nie brakuje. My\u015bl\u0119 jednak, \u017ce ten blog b\u0119dzie jeszcze jednym sposobem i przestrzeni\u0105 nawi\u0105zania kontaktu z lud\u017ami dobrej woli, otwartymi na dialog.\",\"url\":\"https:\/\/gaudiumetspes-blog.pl\/index.php\/author\/ks-jacek\/\"}]}<\/script>\n<!-- \/ Yoast SEO plugin. -->","yoast_head_json":{"title":"Kto komu zbuduje dom?... - Gaudium Et Spes","robots":{"index":"index","follow":"follow","max-snippet":"max-snippet:-1","max-image-preview":"max-image-preview:large","max-video-preview":"max-video-preview:-1"},"canonical":"https:\/\/gaudiumetspes-blog.pl\/index.php\/2020\/01\/29\/kto-komu-zbuduje-dom\/","og_locale":"pl_PL","og_type":"article","og_title":"Kto komu zbuduje dom?... - Gaudium Et Spes","og_description":"Szcz\u0119\u015b\u0107 Bo\u017ce! Moi Drodzy, w dniu dzisiejszym urodziny prze\u017cywa \u0141ukasz Osypiuk, nale\u017c\u0105cy w swoim czasie do jednej z m\u0142odzie\u017cowych Wsp\u00f3lnot. \u017bycz\u0119 Jubilatowi, aby zawsze pod\u0105\u017ca\u0142 drog\u0105 Bo\u017c\u0105 i nie obawia\u0142 si\u0119 nigdy ca\u0142ego swego \u017cycia \u2013 ca\u0142ego swego serca \u2013 Bogu ofiarowa\u0107. O to b\u0119d\u0119 si\u0119 dla Niego modli\u0142! Moi Drodzy, nie wspomnia\u0142em wczoraj, bo [&hellip;]","og_url":"https:\/\/gaudiumetspes-blog.pl\/index.php\/2020\/01\/29\/kto-komu-zbuduje-dom\/","og_site_name":"Gaudium Et Spes","article_published_time":"2020-01-29T07:04:59+00:00","author":"Ks. Jacek","twitter_card":"summary_large_image","twitter_misc":{"Napisane przez":"Ks. Jacek","Szacowany czas czytania":"11 minut"},"schema":{"@context":"https:\/\/schema.org","@graph":[{"@type":"WebPage","@id":"https:\/\/gaudiumetspes-blog.pl\/index.php\/2020\/01\/29\/kto-komu-zbuduje-dom\/","url":"https:\/\/gaudiumetspes-blog.pl\/index.php\/2020\/01\/29\/kto-komu-zbuduje-dom\/","name":"Kto komu zbuduje dom?... - Gaudium Et Spes","isPartOf":{"@id":"https:\/\/gaudiumetspes-blog.pl\/#website"},"datePublished":"2020-01-29T07:04:59+00:00","author":{"@id":"https:\/\/gaudiumetspes-blog.pl\/#\/schema\/person\/1661982992b752dea8dff0d4ed845a65"},"breadcrumb":{"@id":"https:\/\/gaudiumetspes-blog.pl\/index.php\/2020\/01\/29\/kto-komu-zbuduje-dom\/#breadcrumb"},"inLanguage":"pl-PL","potentialAction":[{"@type":"ReadAction","target":["https:\/\/gaudiumetspes-blog.pl\/index.php\/2020\/01\/29\/kto-komu-zbuduje-dom\/"]}]},{"@type":"BreadcrumbList","@id":"https:\/\/gaudiumetspes-blog.pl\/index.php\/2020\/01\/29\/kto-komu-zbuduje-dom\/#breadcrumb","itemListElement":[{"@type":"ListItem","position":1,"name":"Strona g\u0142\u00f3wna","item":"https:\/\/gaudiumetspes-blog.pl\/"},{"@type":"ListItem","position":2,"name":"Kto komu&nbsp;zbuduje dom?&#8230;"}]},{"@type":"WebSite","@id":"https:\/\/gaudiumetspes-blog.pl\/#website","url":"https:\/\/gaudiumetspes-blog.pl\/","name":"Gaudium Et Spes","description":"Blog Ks. Jacka Ja\u015bkowskiego","potentialAction":[{"@type":"SearchAction","target":{"@type":"EntryPoint","urlTemplate":"https:\/\/gaudiumetspes-blog.pl\/?s={search_term_string}"},"query-input":{"@type":"PropertyValueSpecification","valueRequired":true,"valueName":"search_term_string"}}],"inLanguage":"pl-PL"},{"@type":"Person","@id":"https:\/\/gaudiumetspes-blog.pl\/#\/schema\/person\/1661982992b752dea8dff0d4ed845a65","name":"Ks. Jacek","image":{"@type":"ImageObject","inLanguage":"pl-PL","@id":"https:\/\/gaudiumetspes-blog.pl\/#\/schema\/person\/image\/","url":"https:\/\/gaudiumetspes-blog.pl\/wp-content\/uploads\/2019\/07\/avatar-JJ-150x150.jpg","contentUrl":"https:\/\/gaudiumetspes-blog.pl\/wp-content\/uploads\/2019\/07\/avatar-JJ-150x150.jpg","caption":"Ks. Jacek"},"description":"Witam serdecznie! K\u0142ania si\u0119 Ks. Jacek Ja\u015bkowski. Nie jestem ani kim\u015b wa\u017cnym, ani kim\u015b znanym. Jestem ksi\u0119dzem, kt\u00f3ry po prostu chce rozmawia\u0107. Codzienna kap\u0142a\u0144ska pos\u0142uga pokazuje mi, \u017ce temat\u00f3w do rozm\u00f3w z ksi\u0119dzem jest coraz wi\u0119cej i dzisiaj \u017caden ksi\u0105dz nie mo\u017ce od nich ucieka\u0107, ale - wprost przeciwnie - podejmowa\u0107 nowe wyzwania. To przekonanie sk\u0142oni\u0142o mnie do pr\u00f3by otwarcia tego\u017c bloga, chocia\u017c okazji do rozm\u00f3w na co dzie\u0144 - w konfesjonale i poza nim - na szcz\u0119\u015bcie nie brakuje. My\u015bl\u0119 jednak, \u017ce ten blog b\u0119dzie jeszcze jednym sposobem i przestrzeni\u0105 nawi\u0105zania kontaktu z lud\u017ami dobrej woli, otwartymi na dialog.","url":"https:\/\/gaudiumetspes-blog.pl\/index.php\/author\/ks-jacek\/"}]}},"jetpack_featured_media_url":"","jetpack_sharing_enabled":true,"_links":{"self":[{"href":"https:\/\/gaudiumetspes-blog.pl\/index.php\/wp-json\/wp\/v2\/posts\/16470","targetHints":{"allow":["GET"]}}],"collection":[{"href":"https:\/\/gaudiumetspes-blog.pl\/index.php\/wp-json\/wp\/v2\/posts"}],"about":[{"href":"https:\/\/gaudiumetspes-blog.pl\/index.php\/wp-json\/wp\/v2\/types\/post"}],"author":[{"embeddable":true,"href":"https:\/\/gaudiumetspes-blog.pl\/index.php\/wp-json\/wp\/v2\/users\/1"}],"replies":[{"embeddable":true,"href":"https:\/\/gaudiumetspes-blog.pl\/index.php\/wp-json\/wp\/v2\/comments?post=16470"}],"version-history":[{"count":1,"href":"https:\/\/gaudiumetspes-blog.pl\/index.php\/wp-json\/wp\/v2\/posts\/16470\/revisions"}],"predecessor-version":[{"id":16471,"href":"https:\/\/gaudiumetspes-blog.pl\/index.php\/wp-json\/wp\/v2\/posts\/16470\/revisions\/16471"}],"wp:attachment":[{"href":"https:\/\/gaudiumetspes-blog.pl\/index.php\/wp-json\/wp\/v2\/media?parent=16470"}],"wp:term":[{"taxonomy":"category","embeddable":true,"href":"https:\/\/gaudiumetspes-blog.pl\/index.php\/wp-json\/wp\/v2\/categories?post=16470"},{"taxonomy":"post_tag","embeddable":true,"href":"https:\/\/gaudiumetspes-blog.pl\/index.php\/wp-json\/wp\/v2\/tags?post=16470"}],"curies":[{"name":"wp","href":"https:\/\/api.w.org\/{rel}","templated":true}]}}