{"id":16479,"date":"2020-02-02T07:10:43","date_gmt":"2020-02-02T06:10:43","guid":{"rendered":"https:\/\/gaudiumetspes-blog.pl\/?p=16479"},"modified":"2020-02-02T07:10:43","modified_gmt":"2020-02-02T06:10:43","slug":"calego-siebie-dac","status":"publish","type":"post","link":"https:\/\/gaudiumetspes-blog.pl\/index.php\/2020\/02\/02\/calego-siebie-dac\/","title":{"rendered":"Ca\u0142ego siebie da\u0107&#8230;"},"content":{"rendered":"<p align=\"justify\"><span style=\"color: #000000;\"><span style=\"font-family: Book Antiqua, serif;\"><span style=\"font-size: large;\">Niech b\u0119dzie pochwalony Jezus Chrystus! Moi Drodzy, w dniu dzisiejszym prze\u017cywamy \u015awi\u0119to Ofiarowania Pa\u0144skiego, zwane w tradycji tak\u017ce \u015awi\u0119tem Matki Bo\u017cej Gromnicznej. A od 1997 roku jest to r\u00f3wnie\u017c <b>Dzie\u0144 \u017bycia Konsekrowanego.<\/b><\/span><\/span><\/span><\/p>\n<p align=\"justify\"><span style=\"color: #000000;\"><span style=\"font-family: Book Antiqua, serif;\"><span style=\"font-size: large;\">Pozw\u00f3lcie, \u017ce z tej okazji prze\u015bl\u0119 zapewnienia o modlitewnej \u0142\u0105czno\u015bci \u2013 wraz z wyrazami wdzi\u0119czno\u015bci za wszelkie dobro \u2013 <b>wielu<\/b><b> znany<\/b><b>m<\/b><b> mi Os<\/b><b>o<\/b><b>b<\/b><b>om<\/b><b> <\/b><b>z<\/b><b>akonny<\/b><b>m<\/b><b>, a wi\u0119c kilkudziesi\u0119ciu Ojcom i Braciom z r\u00f3\u017cnych zgromadze\u0144, spo\u015br\u00f3d kt\u00f3rych chcia\u0142bym wymieni\u0107:<\/b><\/span><\/span><\/span><\/p>\n<p align=\"justify\"><span style=\"color: #000000;\">\u25ba<span style=\"font-family: Book Antiqua, serif;\"><span style=\"font-size: large;\"><b>Ojca Mariusza Rudzkiego, Salezjanina pochodz\u0105cego z mojej rodzinnej Parafii;<\/b><\/span><\/span><\/span><\/p>\n<p align=\"justify\"><span style=\"color: #000000;\">\u25ba<span style=\"font-family: Book Antiqua, serif;\"><span style=\"font-size: large;\"><b>Ojc\u00f3w Oblat\u00f3w, <\/b><b>szczeg\u00f3lnie tych<\/b><b> z Kodnia, <\/b><b>na czele z Superiorem, Ojcem Sebastianem Wi\u015bniewskim <\/b><b>oraz Ojcem Janem Klubkiem;<\/b><\/span><\/span><\/span><\/p>\n<p align=\"justify\"><span style=\"color: #000000;\">\u25ba<span style=\"font-family: Book Antiqua, serif;\"><span style=\"font-size: large;\"><b>Ojca Mateusza Fleiszerowicza, <\/b><b>F<\/b><b>ranciszkanina, z kt\u00f3rym razem studiowa\u0142em prawo kanoniczne na KUL, obecnie: Proboszcza Parafii w Nysie;<\/b><\/span><\/span><\/span><\/p>\n<p align=\"justify\"><span style=\"color: #000000;\"><span style=\"font-family: Book Antiqua, serif;\"><span style=\"font-size: large;\"><b>a tak\u017ce tylu\u017c Siostrom, spo\u015br\u00f3d kt\u00f3rych chcia\u0142bym wymieni\u0107:<\/b><\/span><\/span><\/span><\/p>\n<p align=\"justify\"><span style=\"color: #000000;\">\u25ba<span style=\"font-family: Book Antiqua, serif;\"><span style=\"font-size: large;\"><b>Siostr\u0119 Laur\u0119 Wysock\u0105, Benedyktynk\u0119 Misjonark\u0119, za moich czas\u00f3w: Prze\u0142o\u017con\u0105 domu w Tr\u0105bkach;<\/b><\/span><\/span><\/span><\/p>\n<p align=\"justify\"><span style=\"color: #000000;\">\u25ba<span style=\"font-family: Book Antiqua, serif;\"><span style=\"font-size: large;\"><b>Siostr\u0119 Paul\u0119 Bronisz, Franciszkank\u0119 Rycerstwa Niepokalanej, pochodz\u0105c\u0105 z Parafii Radory\u017c Ko\u015bcielny, gdzie by\u0142 m\u00f3j pierwszy wikariat, za czas\u00f3w kt\u00f3rego \u2013 jako Agnieszka \u2013 w\u0142\u0105cza\u0142a si\u0119 aktywnie w dzia\u0142alno\u015b\u0107 m\u0142odzie\u017cow\u0105;<\/b><\/span><\/span><\/span><\/p>\n<p align=\"justify\"><span style=\"color: #000000;\">\u25ba<span style=\"font-family: Book Antiqua, serif;\"><span style=\"font-size: large;\"><b>Siostr\u0119 Aldon\u0119 Deczewsk\u0105, Franciszkank\u0119 Misjonark\u0119 Maryi, moj\u0105 Znajom\u0105 od wielu lat;<\/b><\/span><\/span><\/span><\/p>\n<p align=\"justify\"><span style=\"color: #000000;\">\u25ba<span style=\"font-family: Book Antiqua, serif;\"><span style=\"font-size: large;\"><b>Siostr\u0119 Angelik\u0119 Babkiewicz, Loretank\u0119 z Warszawy, z kt\u00f3r\u0105 mia\u0142em przyjemno\u015b\u0107 spotyka\u0107 si\u0119 w tamtejszym sklepie diecezjalnym;<\/b><\/span><\/span><\/span><\/p>\n<p align=\"justify\"><span style=\"color: #000000;\">\u25ba<span style=\"font-family: Book Antiqua, serif;\"><span style=\"font-size: large;\"><b>Siostr\u0119 Zbigniew\u0119 Witkowsk\u0105, Loretank\u0119, za moich seminaryjnych czas\u00f3w: Prze\u0142o\u017con\u0105 Si\u00f3str pos\u0142uguj\u0105cych w Seminarium;<\/b><\/span><\/span><\/span><\/p>\n<p align=\"justify\"><span style=\"color: #000000;\">\u25ba<span style=\"font-family: Book Antiqua, serif;\"><span style=\"font-size: large;\"><b>Siostry od Anio\u0142\u00f3w, z kt\u00f3rymi mia\u0142em niebywa\u0142\u0105 przyjemno\u015b\u0107 wsp\u00f3\u0142pracowa\u0107 w T\u0142uszczu, a wi\u0119c: Siostr\u0119 Anet\u0119 Srok\u0119, Siostr\u0119 Ann\u0119 Marat, Siostr\u0119 Ann\u0119 Nowakowsk\u0105 i Siostr\u0119 Martyn\u0119 Ku\u0142ak;<\/b><\/span><\/span><\/span><\/p>\n<p align=\"justify\"><span style=\"color: #000000;\">\u25ba<span style=\"font-family: Book Antiqua, serif;\"><span style=\"font-size: large;\"><b>Siostry od Anio\u0142\u00f3w, wsp\u00f3\u0142pracuj\u0105ce na Syberii z Ksi\u0119dzem Markiem;<\/b><\/span><\/span><\/span><\/p>\n<p align=\"justify\"><span style=\"color: #000000;\">\u25ba<span style=\"font-family: Book Antiqua, serif;\"><span style=\"font-size: large;\"><b>Si<\/b><b>o<\/b><b>str<\/b><b>y<\/b><b> S\u0142u\u017ck<\/b><b>i, pos\u0142uguj\u0105ce <\/b><b> w Miastkowie, <\/b><b>na czele z Prze\u0142o\u017con\u0105, Siostr\u0105 Janin\u0105 Serowik i Siostr\u0105 Hann\u0105 Ropiak, kt\u00f3r\u0105 \u2013 za Panem Jezusem \u2013 mo\u017cna nazwa\u0107 \u201eboanerges\u201d, czyli C\u00f3rk\u0105 gromu!;<\/b><\/span><\/span><\/span><\/p>\n<p align=\"justify\"><span style=\"color: #000000;\">\u25ba<span style=\"font-family: Book Antiqua, serif;\"><span style=\"font-size: large;\"><b>Siostry S\u0142u\u017cki, pos\u0142uguj\u0105ce wsz\u0119dzie indziej, a wi\u0119c w Samogoszczy, czy \u2013 jak Siostra El\u017cbieta Wardak \u2013 w sklepie z dewocjonaliami w Garwolinie; czy te\u017c w Siedlcach, w domu prowincjalnym, jak Siostra Bogumi\u0142a Koniecko;<\/b><\/span><\/span><\/span><\/p>\n<p align=\"justify\"><span style=\"color: #000000;\">\u25ba<span style=\"font-family: Book Antiqua, serif;\"><span style=\"font-size: large;\"><b>Siostr\u0119 Stell\u0119 \u2013 pisz\u0105c\u0105 <\/b><b>niegdy\u015b<\/b><b> na naszym blogu;<\/b><\/span><\/span><\/span><\/p>\n<p align=\"justify\"><span style=\"color: #000000;\">\u25ba<span style=\"font-family: Book Antiqua, serif;\"><span style=\"font-size: large;\"><b>Siostry pos\u0142uguj\u0105ce w P\u0142ocku, gdzie prowadzi\u0142em ostatnio rekolekcje dla Biznesmen\u00f3w.<\/b><\/span><\/span><\/span><\/p>\n<p align=\"justify\"><span style=\"color: #000000;\"><span style=\"font-family: Book Antiqua, serif;\"><span style=\"font-size: large;\"><b>Wszystkim tym Osobom Bogu po\u015bwi\u0119conym \u017cycz\u0119 nieustaj\u0105cej gorliwo\u015bci i ci\u0105gle wzrastaj\u0105cego <\/b><b>entuzjazmu<\/b><b> do pe\u0142nienia swej misji, oraz jak najwi\u0119kszej wierno\u015bci charyzmatom swoich Zgromadze\u0144! <\/b><b>Dzisiaj o godzinie 20:00, w O\u015brodku Duszpasterstwa akademickiego w Siedlcach, odprawi\u0119 Msz\u0119 \u015awi\u0119t\u0105 w intencji Ich wszystkich!<\/b><\/span><\/span><\/span><\/p>\n<p align=\"justify\"><span style=\"color: #000000;\"><span style=\"font-family: Book Antiqua, serif;\"><span style=\"font-size: large;\"><b>W dniu dzisiejszym \u015bwi\u0119tuje tak\u017ce \u2013 obchodz\u0105c imieniny \u2013 Pani Maria Suska, moja dobra Znajoma z K\u0142oczewa. Dzi\u0119kuj\u0105c za wszelk\u0105 \u017cyczliwo\u015b\u0107, w tym tak\u017ce za wsp\u00f3lne wyjazdy, \u017cycz\u0119 rado\u015bci i nadziei w budowaniu <\/b><b>Bo\u017cej <\/b><b>atmosfery w swojej Rodzinie i w miejscu pracy. Oraz wszelkiego Bo\u017cego b\u0142ogos\u0142awie\u0144stwa!<\/b><\/span><\/span><\/span><\/p>\n<p align=\"justify\"><span style=\"color: #000000;\"><span style=\"font-family: Book Antiqua, serif;\"><span style=\"font-size: large;\"><b>Z okazji urodzin, przesy\u0142am najserdeczniejsze \u017cyczenia Ksi\u0119dzu Rafa\u0142owi Kornilakowi oraz Monice Konarzewskiej, nale\u017c\u0105cej w swoim czasie do jednej z<\/b><b>e<\/b><b> Wsp\u00f3lnot <\/b><b>m\u0142odzie\u017cowych<\/b><b>! Niech fakt urodzenia w Dniu Ofiarowania Pa\u0144skiego b\u0119dzie dla Nich <\/b><b>impulsem<\/b><b> do sta\u0142ego ofiarowania swego \u017cycia Bogu!<\/b><\/span><\/span><\/span><\/p>\n<p align=\"justify\"><span style=\"color: #000000;\"><span style=\"font-family: Book Antiqua, serif;\"><span style=\"font-size: large;\"><b>Natomiast wczoraj urodziny prze\u017cywa\u0142a Pani Teresa Mu\u0107ka, Mama Ksi\u0119dza Leszka, mojego Przyjaciela. Pani Teresa od kilku miesi\u0119cy zmaga si\u0119 z ci\u0119\u017ck\u0105 chorob\u0105, przybieraj\u0105c\u0105 r\u00f3\u017cne objawy i rozmiary. \u017bycz\u0119 Jej jak najszybszego powrotu do zdrowia i modl\u0119 si\u0119 o moc i si\u0142\u0119 do sprostania temu wyj\u0105tkowemu zadaniu, kt\u00f3re Pan \u2013 z sobie tylko wiadomych powod\u00f3w \u2013 zechcia\u0142 przed Ni\u0105 postawi\u0107.<\/b><\/span><\/span><\/span><\/p>\n<p align=\"justify\"><span style=\"color: #000000;\"><span style=\"font-family: Book Antiqua, serif;\"><span style=\"font-size: large;\"><b>Urodziny prze\u017cywa\u0142a wczoraj tak\u017ce Ewa Rudnik, nale\u017c\u0105ca w swoim czasie do jednej z m\u0142odzie\u017cowych Wsp\u00f3lnot.<\/b><\/span><\/span><\/span><\/p>\n<p align=\"justify\"><span style=\"color: #000000;\"><span style=\"font-family: Book Antiqua, serif;\"><span style=\"font-size: large;\"><b>Wszystkich \u015bwi\u0119tuj\u0105cych wczoraj i dzisiaj powierzam Bogu \u2013 przez wstawiennictwo Matki Bo\u017cej Gromnicznej \u2013 w serdecznej modlitwie!<\/b><\/span><\/span><\/span><\/p>\n<p align=\"justify\"><span style=\"color: #000000;\"><span style=\"font-family: Book Antiqua, serif;\"><span style=\"font-size: large;\">Moi Drodzy, wczoraj zako\u0144czy\u0142y si\u0119 rekolekcje w Centrum Formacji Kap\u0142a\u0144skiej, istniej\u0105cym przy naszym diecezjalnym Seminarium. Bogu dzi\u0119kuj\u0119 za ten czas, za \u015bwietny, mocny i jasny przekaz Ksi\u0119dza Biskupa Piotra Turzy\u0144skiego \u2013 Biskupa Pomocniczego z Radomia; za fantastyczn\u0105 atmosfer\u0119 w naszym, kap\u0142a\u0144skim i rekolekcyjnym gronie, a tak\u017ce za kilka dobrych, szczerych i mocnych rozm\u00f3w w mniejszym gronie \u2013 z udzia\u0142em Biskupa Piotra, a w pi\u0105tek tak\u017ce z udzia\u0142em Biskupa Kazimierza, Pasterza naszej Diecezji. <\/span><\/span><\/span><\/p>\n<p align=\"justify\"><span style=\"color: #000000;\"><span style=\"font-family: Book Antiqua, serif;\"><span style=\"font-size: large;\">Chc\u0119 bardzo podkre\u015bli\u0107 wielk\u0105 szczero\u015b\u0107 i otwarto\u015b\u0107 na wzajemne argumenty wszystkich Uczestnik\u00f3w tych rozm\u00f3w. Na koniec za\u017cartowali\u015bmy sobie, \u017ce znowu troch\u0119 zreformowali\u015bmy Ko\u015bci\u00f3\u0142, ale o sprawach wa\u017cnych dla duszpasterstwa trzeba rozmawia\u0107! Bardzo tu jestem wdzi\u0119czny Biskupowi Piotrowi za otwarto\u015b\u0107 i spos\u00f3b, w jaki animowa\u0142 wszystkie rozmowy.<\/span><\/span><\/span><\/p>\n<p align=\"justify\"><span style=\"color: #000000;\"><span style=\"font-family: Book Antiqua, serif;\"><span style=\"font-size: large;\">Raz jeszcze dzi\u0119kuj\u0119 tak\u017ce Ksi\u0119dzu Krzysztofowi Skwierczy\u0144skiemu za czuwanie nad ca\u0142o\u015bci\u0105 i za ca\u0142\u0105 Jego pos\u0142ug\u0119 w Diecezji \u2013 pos\u0142ug\u0119 na rzecz formowania Kap\u0142an\u00f3w i Alumn\u00f3w. <\/span><\/span><\/span><\/p>\n<p align=\"justify\"><span style=\"color: #000000;\"><span style=\"font-family: Book Antiqua, serif;\"><span style=\"font-size: large;\">Moi Drodzy, dzisiaj niedziela i jednocze\u015bnie \u015awi\u0119to Ofiarowania Pa\u0144skiego. Liturgia dopuszcza \u015bpiew kol\u0119d. Zapewne dlatego w wielu naszych ko\u015bcio\u0142ach by\u0142y one \u015bpiewane przez wszystkie te dni, do dzisiaj. Zasadniczo jednak \u2013 je\u015bli si\u0119 trzyma\u0107 przepis\u00f3w liturgicznych \u2013 to mo\u017cna to czyni\u0107 dzisiaj, ale nie powinno si\u0119 by\u0142o czyni\u0107 do dzisiaj, bo zako\u0144czy\u0142y si\u0119 one w Niedziel\u0119 Chrztu Pa\u0144skiego. Ale, c\u00f3\u017c\u2026 <\/span><\/span><\/span><\/p>\n<p align=\"justify\"><span style=\"color: #000000;\"><span style=\"font-family: Book Antiqua, serif;\"><span style=\"font-size: large;\">Zach\u0119cam te\u017c do zabrania ze sob\u0105 \u015bwiecy do ko\u015bcio\u0142a. B\u0119dzie ona pob\u0142ogos\u0142awiona. Dzisiaj te\u017c mamy pierwsz\u0105 niedziel\u0119 miesi\u0105ca.<\/span><\/span><\/span><\/p>\n<p align=\"justify\"><span style=\"color: #000000;\"><span style=\"font-family: Book Antiqua, serif;\"><span style=\"font-size: large;\">Na g\u0142\u0119bokie prze\u017cywanie tego pi\u0119knego dnia- we wszystkich jego wymiarach \u2013 <b>niech Was b\u0142ogos\u0142awi B\u00f3g Wszechmog\u0105cy: Ojciec + i Syn, i Duch \u015awi\u0119ty! Amen<\/b><\/span><\/span><\/span><\/p>\n<p align=\"center\"><span style=\"color: #000000;\"><span style=\"font-family: Book Antiqua, serif;\"><span style=\"font-size: large;\">Gaudium et spes! Ks. Jacek<\/span><\/span><\/span><\/p>\n<p align=\"center\">\n<p align=\"center\">\n<p align=\"center\">\n<p align=\"center\">\n<p align=\"center\">\n<p align=\"justify\"><span style=\"color: #000000;\"><span style=\"font-family: Book Antiqua, serif;\"><span style=\"font-size: large;\"><b>\u015awi\u0119to Ofiarowania Pa\u0144skiego,<\/b><\/span><\/span><\/span><\/p>\n<p align=\"justify\"><span style=\"color: #000000;\"><span style=\"font-family: Book Antiqua, serif;\"><span style=\"font-size: large;\"><b>do czyta\u0144 z t. VI Lekcjonarza: Ml 3,1\u20134; Hbr 2,14\u201318; \u0141k 2,22\u201340<\/b><\/span><\/span><\/span><\/p>\n<p align=\"justify\">\n<p align=\"justify\">\n<p align=\"justify\">\n<p align=\"justify\">\n<p align=\"justify\">\n<p align=\"justify\"><span style=\"color: #000000;\"><span style=\"font-family: Book Antiqua, serif;\"><span style=\"font-size: large;\"><b>CZYTANIE Z KSI\u0118GI PROROKA MALACHIASZA:<\/b><\/span><\/span><\/span><\/p>\n<p align=\"justify\"><span style=\"color: #000000;\"><span style=\"font-family: Book Antiqua, serif;\"><span style=\"font-size: large;\"><b>To m\u00f3wi Pan B\u00f3g: \u201eOto Ja wy\u015bl\u0119 anio\u0142a mego, aby przygotowa\u0142 drog\u0119 przede Mn\u0105, a potem nagle przyb\u0119dzie do swej \u015bwi\u0105tyni Pan, kt\u00f3rego wy oczekujecie, i Anio\u0142 Przymierza, kt\u00f3rego pragniecie. <\/b><\/span><\/span><\/span><\/p>\n<p align=\"justify\"><span style=\"color: #000000;\"><span style=\"font-family: Book Antiqua, serif;\"><span style=\"font-size: large;\"><b>Oto nadejdzie, m\u00f3wi Pan Zast\u0119p\u00f3w. Ale kto przetrwa dzie\u0144 Jego nadej\u015bcia i kto si\u0119 ostoi, gdy si\u0119 uka\u017ce? Albowiem On jest jak ogie\u0144 z\u0142otnika i jak \u0142ug farbiarzy. Usi\u0105dzie wi\u0119c, jakby mia\u0142 przetapia\u0107 i oczyszcza\u0107 srebro, i oczy\u015bci syn\u00f3w Lewiego, i przecedzi ich jak z\u0142oto i srebro, a wtedy b\u0119d\u0105 sk\u0142ada\u0107 Panu ofiary sprawiedliwe. Wtedy b\u0119dzie mi\u0142a Panu ofiara Judy i Jeruzalem, jak za dawnych dni i lat staro\u017cytnych\u201d.<\/b><\/span><\/span><\/span><\/p>\n<p align=\"justify\">\n<p align=\"justify\">\n<p align=\"justify\">\n<p align=\"justify\">\n<p align=\"justify\">\n<p align=\"justify\"><span style=\"color: #000000;\"><span style=\"font-family: Book Antiqua, serif;\"><span style=\"font-size: large;\"><b>CZYTANIE Z LISTU DO HEBRAJCZYK\u00d3W: <\/b><\/span><\/span><\/span><\/p>\n<p align=\"justify\"><span style=\"color: #000000;\"><span style=\"font-family: Book Antiqua, serif;\"><span style=\"font-size: large;\"><b>Poniewa\u017c dzieci uczestnicz\u0105 we krwi i ciele, dlatego i Jezus tak\u017ce bez \u017cadnej r\u00f3\u017cnicy sta\u0142 si\u0119 ich uczestnikiem, aby przez \u015bmier\u0107 pokona\u0107 tego, kt\u00f3ry dzier\u017cy\u0142 w\u0142adz\u0119 nad \u015bmierci\u0105, to jest diab\u0142a, i aby uwolni\u0107 tych wszystkich, kt\u00f3rzy przez ca\u0142e \u017cycie przez boja\u017a\u0144 \u015bmierci podlegli byli niewoli. Zaiste bowiem nie anio\u0142\u00f3w przygarnia, ale przygarnia potomstwo Abrahamowe.<\/b><\/span><\/span><\/span><\/p>\n<p align=\"justify\"><span style=\"color: #000000;\"><span style=\"font-family: Book Antiqua, serif;\"><span style=\"font-size: large;\"><b>Dlatego musia\u0142 si\u0119 upodobni\u0107 pod ka\u017cdym wzgl\u0119dem do braci, aby sta\u0142 si\u0119 mi\u0142osiernym i wiernym arcykap\u0142anem wobec Boga dla przeb\u0142agania za grzechy ludu. W czym bowiem sam cierpia\u0142 b\u0119d\u0105c do\u015bwiadczany, w tym mo\u017ce przyj\u015b\u0107 z pomoc\u0105 tym, kt\u00f3rzy s\u0105 poddani pr\u00f3bom.<\/b><\/span><\/span><\/span><\/p>\n<p align=\"justify\">\n<p align=\"justify\">\n<p align=\"justify\">\n<p align=\"justify\">\n<p align=\"justify\">\n<p align=\"justify\"><span style=\"color: #000000;\"><span style=\"font-family: Book Antiqua, serif;\"><span style=\"font-size: large;\"><b>S\u0141OWA EWANGELII WED\u0141UG \u015aWI\u0118TEGO \u0141UKASZA:<\/b><\/span><\/span><\/span><\/p>\n<p align=\"justify\"><span style=\"color: #000000;\"><span style=\"font-family: Book Antiqua, serif;\"><span style=\"font-size: large;\"><b>Gdy up\u0142yn\u0119\u0142y dni oczyszczenia Maryi wed\u0142ug Prawa Moj\u017ceszowego, Rodzice przynie\u015bli Jezusa do Jerozolimy, aby Go przedstawi\u0107 Panu. Tak bowiem jest napisane w Prawie Pa\u0144skim: \u201eKa\u017cde pierworodne dziecko p\u0142ci m\u0119skiej b\u0119dzie po\u015bwi\u0119cone Panu\u201d. Mieli r\u00f3wnie\u017c z\u0142o\u017cy\u0107 w ofierze par\u0119 synogarlic albo dwa m\u0142ode go\u0142\u0119bie, zgodnie z przepisem Prawa Pa\u0144skiego.<\/b><\/span><\/span><\/span><\/p>\n<p align=\"justify\"><span style=\"color: #000000;\"><span style=\"font-family: Book Antiqua, serif;\"><span style=\"font-size: large;\"><b>A \u017cy\u0142 w Jerozolimie cz\u0142owiek, imieniem Symeon. By\u0142 to cz\u0142owiek prawy i pobo\u017cny, wyczekiwa\u0142 pociechy Izraela, a Duch \u015awi\u0119ty spoczywa\u0142 na nim. Jemu Duch \u015awi\u0119ty objawi\u0142, \u017ce nie ujrzy \u015bmierci, a\u017c nie zobaczy Mesjasza Pa\u0144skiego. <\/b><\/span><\/span><\/span><\/p>\n<p align=\"justify\"><span style=\"color: #000000;\"><span style=\"font-family: Book Antiqua, serif;\"><span style=\"font-size: large;\"><b>Za natchnieniem wi\u0119c Ducha przyszed\u0142 do \u015bwi\u0105tyni. A gdy rodzice wnosili Dzieci\u0105tko Jezus, aby post\u0105pi\u0107 z Nim wed\u0142ug zwyczaju Prawa, on wzi\u0105\u0142 Je w obj\u0119cia, b\u0142ogos\u0142awi\u0142 Boga i m\u00f3wi\u0142:<\/b><\/span><\/span><\/span><\/p>\n<p align=\"justify\"><span style=\"color: #000000;\">\u201e<span style=\"font-family: Book Antiqua, serif;\"><span style=\"font-size: large;\"><b>Teraz, o W\u0142adco, pozw\u00f3l odej\u015b\u0107 s\u0142udze Twemu <\/b><\/span><\/span><\/span><\/p>\n<p align=\"justify\"><span style=\"color: #000000;\"><span style=\"font-family: Book Antiqua, serif;\"><span style=\"font-size: large;\"><b>w pokoju, wed\u0142ug Twojego s\u0142owa.<\/b><\/span><\/span><\/span><\/p>\n<p align=\"justify\"><span style=\"color: #000000;\"><span style=\"font-family: Book Antiqua, serif;\"><span style=\"font-size: large;\"><b>Bo moje oczy ujrza\u0142y Twoje zbawienie,<\/b><\/span><\/span><\/span><\/p>\n<p align=\"justify\"><span style=\"color: #000000;\"><span style=\"font-family: Book Antiqua, serif;\"><span style=\"font-size: large;\"><b>kt\u00f3re\u015b przygotowa\u0142 wobec wszystkich narod\u00f3w:<\/b><\/span><\/span><\/span><\/p>\n<p align=\"justify\"><span style=\"color: #000000;\"><span style=\"font-family: Book Antiqua, serif;\"><span style=\"font-size: large;\"><b>\u015bwiat\u0142o na o\u015bwiecenie pogan<\/b><\/span><\/span><\/span><\/p>\n<p align=\"justify\"><span style=\"color: #000000;\"><span style=\"font-family: Book Antiqua, serif;\"><span style=\"font-size: large;\"><b>i chwa\u0142\u0119 ludu Twego, Izraela\u201d.<\/b><\/span><\/span><\/span><\/p>\n<p align=\"justify\"><span style=\"color: #000000;\"><span style=\"font-family: Book Antiqua, serif;\"><span style=\"font-size: large;\"><b>A Jego ojciec i Matka dziwili si\u0119 temu, co o Nim m\u00f3wiono. Symeon za\u015b b\u0142ogos\u0142awi\u0142 ich i rzek\u0142 do Maryi, Matki Jego: \u201eOto Ten przeznaczony jest na upadek i na powstanie wielu w Izraelu i na znak, kt\u00f3remu sprzeciwia\u0107 si\u0119 b\u0119d\u0105. A Twoj\u0105 dusz\u0119 miecz przeniknie, aby na jaw wysz\u0142y zamys\u0142y serc wielu\u201d.<\/b><\/span><\/span><\/span><\/p>\n<p align=\"justify\"><span style=\"color: #000000;\"><span style=\"font-family: Book Antiqua, serif;\"><span style=\"font-size: large;\"><b>By\u0142a tam r\u00f3wnie\u017c prorokini Anna, c\u00f3rka Fanuela z pokolenia Asera, bardzo podesz\u0142a w latach. Od swego panie\u0144stwa siedem lat \u017cy\u0142a z m\u0119\u017cem i pozosta\u0142a wdow\u0105. Liczy\u0142a ju\u017c osiemdziesi\u0105ty czwarty rok \u017cycia. Nie rozstawa\u0142a si\u0119 ze \u015bwi\u0105tyni\u0105, s\u0142u\u017c\u0105c Bogu w postach i modlitwach dniem i noc\u0105. Przyszed\u0142szy w tej w\u0142a\u015bnie chwili, s\u0142awi\u0142a Boga i m\u00f3wi\u0142a o Nim wszystkim, kt\u00f3rzy oczekiwali wyzwolenia Jerozolimy.<\/b><\/span><\/span><\/span><\/p>\n<p align=\"justify\"><span style=\"color: #000000;\"><span style=\"font-family: Book Antiqua, serif;\"><span style=\"font-size: large;\"><b>A gdy wype\u0142nili wszystko wed\u0142ug Prawa Pa\u0144skiego, wr\u00f3cili do Galilei, do swego miasta Nazaret. <\/b><\/span><\/span><\/span><\/p>\n<p align=\"justify\"><span style=\"color: #000000;\"><span style=\"font-family: Book Antiqua, serif;\"><span style=\"font-size: large;\"><b>Dzieci\u0119 za\u015b ros\u0142o i nabiera\u0142o mocy, nape\u0142niaj\u0105c si\u0119 m\u0105dro\u015bci\u0105, a \u0142aska Bo\u017ca spoczywa\u0142a na Nim.<\/b><\/span><\/span><\/span><\/p>\n<p align=\"justify\">\n<p align=\"justify\">\n<p align=\"justify\">\n<p align=\"justify\">\n<p align=\"justify\">\n<p align=\"justify\"><span style=\"color: #000000;\"><span style=\"font-family: Book Antiqua, serif;\"><span style=\"font-size: large;\">Wiele symboliki i wa\u017cnych przes\u0142a\u0144 zawiera w sobie dzisiejsza Ewangelia. Ju\u017c pierwszym jej zdaniu s\u0142yszymy: <i><b>Gdy up\u0142yn\u0119\u0142y dni oczyszczenia Maryi wed\u0142ug Prawa Moj\u017ceszowego\u2026 <\/b><\/i>W niekt\u00f3rych t\u0142umaczeniach zdanie to brzmi: <i><b>Gdy up\u0142yn\u0119\u0142y dni ich oczyszczenia\u2026<\/b><\/i> W rzeczywisto\u015bci, chodzi tu o Maryj\u0119, poniewa\u017c \u2013 wed\u0142ug Prawa Moj\u017ceszowego \u2013 kobieta, kt\u00f3ra <b>urodzi\u0142a dziecko,<\/b> stawa\u0142a si\u0119 <b>rytualnie nieczysta.<\/b> Dlatego Maryja mia\u0142a z\u0142o\u017cy\u0107 ofiar\u0119 ze swe oczyszczenie. <\/span><\/span><\/span><\/p>\n<p align=\"justify\"><span style=\"color: #000000;\"><span style=\"font-family: Book Antiqua, serif;\"><span style=\"font-size: large;\">I tutaj znowu, Prawo regulowa\u0142o, i\u017c nale\u017ca\u0142o ofiarowa\u0107 baranka i go\u0142\u0119bia, albo baranka i synogarlic\u0119. <b>Ludzi<\/b><b>e<\/b><b> ubodzy <\/b><b>mogli z\u0142o\u017cy\u0107<\/b> jedynie dwa go\u0142\u0119bie, lub dwie synogarlice. Fakt, \u017ce Maryja i J\u00f3zef z\u0142o\u017cyli tak\u0105 w\u0142a\u015bnie ofiar\u0119, potwierdza, \u017ce byli <b>naprawd\u0119 <\/b><b>lud\u017ami <\/b><b>bardzo, bardzo ubo<\/b><b>gimi.<\/b> <\/span><\/span><\/span><\/p>\n<p align=\"justify\"><span style=\"color: #000000;\"><span style=\"font-family: Book Antiqua, serif;\"><span style=\"font-size: large;\">Ponadto, Ksi\u0119ga Wyj\u015bcia m\u00f3wi o obowi\u0105zku<b> wykupienia pierworodnego syna,<\/b> bowiem nale\u017ca\u0142 on do Boga z tej racji, \u017ce w czasie wyj\u015bcia z ziemi egipskiej <b>pierworodni synowie w narodzie wybranym<\/b> zostali przez Boga ocaleni. Tymczasem, dzisiaj nic nie s\u0142yszymy o \u017cadnym wykupieniu pierworodnego Syna Maryi. Oznacza to, \u017ce <b>nale\u017cy <\/b><b>On <\/b><b>ca\u0142kowicie do Boga, <\/b>oraz \u017ce czeka Go taki los, jaki czeka\u0142 zwierz\u0119ta, kt\u00f3re nie zosta\u0142y wykupione, czyli <b>\u017ce <\/b><b>zostanie zabity. <\/b><\/span><\/span><\/span><\/p>\n<p align=\"justify\"><span style=\"color: #000000;\"><span style=\"font-family: Book Antiqua, serif;\"><span style=\"font-size: large;\">Wymienione dzisiaj czynno\u015bci rytualne, wykonane skrupulatnie przez Maryj\u0119 i J\u00f3zefa, dobitnie \u015bwiadcz\u0105 o tym, \u017ce byli Oni <b>w pe\u0142ni pos\u0142uszni Prawu Bo\u017cemu.<\/b> Wa\u017cne znaczenie ma te\u017c fakt, \u017ce wszystko to, o czym dzi\u015b mowa, <b>dokonuje si\u0119 w Jerozolimie,<\/b> gdzie Jezus <b>dokona w przysz\u0142o\u015bci<\/b> swojej zbawczej Ofiary i sk\u0105d <b>rozpocznie si\u0119 g\u0142oszenie<\/b> Ewangelii po ca\u0142ym \u015bwiecie. <\/span><\/span><\/span><\/p>\n<p align=\"justify\"><span style=\"color: #000000;\"><span style=\"font-family: Book Antiqua, serif;\"><span style=\"font-size: large;\">Na spotkanie przychodz\u0105cej dzi\u015b do \u015bwi\u0105tyni \u015awi\u0119tej Rodziny wychodzi <b>czcigodny starzec Symeon.<\/b> Uosabia\u0142 on ca\u0142y nar\u00f3d wybrany, oczekuj\u0105cy przez wieki przyj\u015bcia <b>zapowiadanego wielokrotnie<\/b><b> Mesjasza.<\/b> Zreszt\u0105, jedn\u0105 z takich zapowiedzi \u2013 mo\u017cna powiedzie\u0107, \u017ce konkretnej zapowiedzi tego, co dzisiaj si\u0119 dokona\u0142o \u2013 s\u0142yszymy w pierwszym czytaniu, z Proroctwa Malachiasza, w s\u0142owach: <i><b>To m\u00f3wi Pan B\u00f3g: \u201eOto Ja wy\u015bl\u0119 anio\u0142a mego, aby przygotowa\u0142 drog\u0119 przede Mn\u0105, a potem nagle przyb\u0119dzie do swej \u015bwi\u0105tyni Pan, kt\u00f3rego wy oczekujecie, i Anio\u0142 Przymierza, kt\u00f3rego pragniecie.<\/b><\/i><b> <\/b>Czy to si\u0119 sta\u0142o nagle, czy nie, to trudno orzec, w ka\u017cdym razie na pewno by\u0142o to wydarzenie poruszaj\u0105ce ludzkie serca!<\/span><\/span><\/span><\/p>\n<p align=\"justify\"><span style=\"color: #000000;\"><span style=\"font-family: Book Antiqua, serif;\"><span style=\"font-size: large;\">Wiedziony duchem prorockim, starzec Symeon <b>bezb\u0142\u0119dnie rozpozna\u0142 <\/b>w ma\u0142ym Jezusie Zbawiciela. Jednak ten prorocki duch kaza\u0142 mu te\u017c przepowiedzie\u0107 <b>przysz\u0142e cierpienia Tego, <\/b>kt\u00f3rego rozpozna\u0142 jako Zbawiciela \u015bwiata, oraz <b>odrzucenie przez ludzi, <\/b>a tak\u017ce \u2013 <b>cierpienia Maryi,<\/b> Jego Matki, z tego powodu. Widzimy zatem, \u017ce Symeon by\u0142 kim\u015b naprawd\u0119 wa\u017cnym w Bo\u017cym planach. Jak sam powiedzia\u0142, chyba <b>po to w\u0142a\u015bnie tak d\u0142ugo \u017cy\u0142<\/b> i s\u0142u\u017cy\u0142 Bogu, aby dope\u0142ni\u0107 to swoje \u017cycie tak pi\u0119knym spotkaniem!<\/span><\/span><\/span><\/p>\n<p align=\"justify\"><span style=\"color: #000000;\"><span style=\"font-family: Book Antiqua, serif;\"><span style=\"font-size: large;\">Istotne znaczenie ma te\u017c dzi\u015b <b>pojawienie si\u0119 Prorokini Anny.<\/b> Fakt, \u017ce pochodzi\u0142a z pokolenia Asera, o kt\u00f3rym to pokoleniu generalnie ma\u0142o m\u00f3wi si\u0119 w Pi\u015bmie \u015awi\u0119tym, oznacza, \u017ce Jezus przyszed\u0142 <b>naprawd\u0119 do wszystkich <\/b>\u2013 tak\u017ce tych, po ludzku, ma\u0142o znacz\u0105cych. <\/span><\/span><\/span><\/p>\n<p align=\"justify\"><span style=\"color: #000000;\"><span style=\"font-family: Book Antiqua, serif;\"><span style=\"font-size: large;\">A fakt, i\u017c obok czcigodnego Symeona pojawi\u0142a si\u0119 kobieta, to tak\u017ce czytelne wskazanie, i\u017c <b>kobiety na r\u00f3wni z m\u0119\u017cczyznami <\/b>maj\u0105 udzia\u0142 w tych samych \u0142askach, udzielanych przez Boga, ale te\u017c s\u0105 jednakowo zobowi\u0105zane do \u015bwiadczenia o Jezusie.<\/span><\/span><\/span><\/p>\n<p align=\"justify\"><span style=\"color: #000000;\"><span style=\"font-family: Book Antiqua, serif;\"><span style=\"font-size: large;\">To wszystko natomiast, co tu sobie tak skrupulatnie wyliczamy, jasno pokazuje, \u017ce Bo\u017cy Syn <b>naprawd\u0119 sta\u0142 si\u0119 jednym z ludzi,<\/b> wszed\u0142 bardzo dok\u0142adnie we wszystkie <b>realia \u017cycia<\/b> konkretnego narodu w konkretnym <b>czasie<\/b> i konkretnym <b>miejscu,<\/b> staj\u0105c si\u0119 \u2013 i tu jest sedno ca\u0142ej sprawy \u2013 <b>darem dla cz\u0142owieka.<\/b><\/span><\/span><\/span><\/p>\n<p align=\"justify\"><span style=\"color: #000000;\"><span style=\"font-family: Book Antiqua, serif;\"><span style=\"font-size: large;\">Tak, B\u00f3g sta\u0142 si\u0119 <b>ca\u0142y darem<\/b> dla cz\u0142owieka. To dzisiejsze przedstawienie Panu, ofiarowanie Syna Maryi i J\u00f3zefa Bogu, w rzeczywisto\u015bci by\u0142o tak\u017ce <b>ofiarowaniem Go cz\u0142owiekowi.<\/b> On si\u0119 odda\u0142 do dyspozycji ludziom, On odda\u0142 si\u0119 im na s\u0142u\u017cb\u0119! Po co? <\/span><\/span><\/span><\/p>\n<p align=\"justify\"><span style=\"color: #000000;\"><span style=\"font-family: Book Antiqua, serif;\"><span style=\"font-size: large;\">A to ju\u017c wyja\u015bnia Autor Listu do Hebrajczyk\u00f3w, gdy pisze: <i><b>Poniewa\u017c dzieci uczestnicz\u0105 we krwi i ciele, dlatego i Jezus tak\u017ce bez \u017cadnej r\u00f3\u017cnicy sta\u0142 si\u0119 ich uczestnikiem, aby przez \u015bmier\u0107 pokona\u0107 tego, kt\u00f3ry dzier\u017cy\u0142 w\u0142adz\u0119 nad \u015bmierci\u0105, to jest diab\u0142a, i aby uwolni\u0107 tych wszystkich, kt\u00f3rzy przez ca\u0142e \u017cycie przez boja\u017a\u0144 \u015bmierci podlegli byli niewoli.<\/b><\/i><b> <\/b>O czym mowa? <\/span><\/span><\/span><\/p>\n<p align=\"justify\"><span style=\"color: #000000;\"><span style=\"font-family: Book Antiqua, serif;\"><span style=\"font-size: large;\">Uczestnictwo <b>\u00ab<\/b><b>we krwi i ciele<\/b><b>\u00bb<\/b><b> <\/b>oznacza po prostu bycie cz\u0142owiekiem. I oto Jezus sta\u0142 si\u0119 nim \u2013 przyj\u0105\u0142 cia\u0142o i krew \u2013 aby <b>w tym ciele dokona\u0107 zbawienia cz\u0142owieka. <\/b>M\u00f3wi\u0105c ju\u017c najpro\u015bciej: aby m\u00f3c dozna\u0107 cierpienia i tym cierpieniem odpokutowa\u0107 za grzechy ludzi.<\/span><\/span><\/span><\/p>\n<p align=\"justify\"><span style=\"color: #000000;\"><span style=\"font-family: Book Antiqua, serif;\"><span style=\"font-size: large;\">Gdyby bowiem pozostawa\u0142 ca\u0142y czas w sferze niebieskiej, razem ze swym Ojcem, w\u00f3wczas nie m\u00f3g\u0142by tego uczyni\u0107, bo <b>\u017cadne cierpienie nie mog\u0142oby Go dosi\u0119gn\u0105\u0107.<\/b> Dobrowolnie wi\u0119c <b>sta\u0142 si\u0119 osi\u0105galny<\/b> dla tych, kt\u00f3rzy Mu to cierpienie zadali, aby w ten spos\u00f3b odkupi\u0107 ka\u017cd\u0105 i ka\u017cdego z nas. <\/span><\/span><\/span><\/p>\n<p align=\"justify\"><span style=\"color: #000000;\"><span style=\"font-family: Book Antiqua, serif;\"><span style=\"font-size: large;\">Tak o tym dalej pisze Autor biblijny w drugim czytaniu: <i><b>Dlatego musia\u0142 si\u0119 upodobni\u0107 pod ka\u017cdym wzgl\u0119dem do braci, aby sta\u0142 si\u0119 mi\u0142osiernym i wiernym arcykap\u0142anem wobec Boga dla przeb\u0142agania za grzechy ludu. W czym bowiem sam cierpia\u0142 b\u0119d\u0105c do\u015bwiadczany, w tym mo\u017ce przyj\u015b\u0107 z pomoc\u0105 tym, kt\u00f3rzy s\u0105 poddani pr\u00f3bom. <\/b><\/i><\/span><\/span><\/span><\/p>\n<p align=\"justify\"><span style=\"color: #000000;\"><span style=\"font-family: Book Antiqua, serif;\"><span style=\"font-size: large;\">W ostatnim zdaniu mamy wskazany jeszcze jeden aspekt ofiarowania si\u0119 Jezusa ludziom: nie tylko chcia\u0142 podj\u0105\u0107 za nich cierpienie zbawcze i odda\u0107 \u017cycie jako odpokutowanie za grzechy ludzi, ale <b>chcia\u0142 te\u017c wsp\u00f3\u0142odczuwa\u0107 z lud\u017ami<\/b> ich biedy i cierpienia, chcia\u0142 si\u0119 z lud\u017ami we wszystkim, w pe\u0142ni <b>zidentyfikowa\u0107.<\/b> Chcia\u0142 pokaza\u0107, \u017ce <b>naprawd\u0119 rozumie cz\u0142owieka<\/b> w jego cierpieniu, bo sam je przeszed\u0142. To jest, moi Drodzy, niesamowite ofiarowanie si\u0119 Jezusa ludziom \u2013<b> by\u0142 dla nich w stu procentach, ca\u0142y!<\/b> W ka\u017cdym wymiarze! <\/span><\/span><\/span><\/p>\n<p align=\"justify\"><span style=\"color: #000000;\"><span style=\"font-family: Book Antiqua, serif;\"><span style=\"font-size: large;\">A przecie\u017c tak naprawd\u0119 <b>nie musia\u0142 tego robi\u0107. <\/b>M\u00f3g\u0142 dokona\u0107 zbawienia cz\u0142owieka, nie ruszaj\u0105c si\u0119 z Nieba i nie przychodz\u0105c na ziemi\u0119. On jednak chcia\u0142 pokaza\u0107, \u017ce nie z wysoko\u015bci niebieskiego majestatu, ale <b>ze \u015brodka ludzkiej n\u0119dzy <\/b>dokonuje dzie\u0142a zbawienia. On po to przyszed\u0142, aby temu zadaniu si\u0119 po\u015bwi\u0119ci\u0107. Sens Jego bycia na ziemi stanowi\u0142o<b> bycie \u201edla\u201d\u2026 <\/b><\/span><\/span><\/span><\/p>\n<p align=\"justify\"><span style=\"color: #000000;\"><span style=\"font-family: Book Antiqua, serif;\"><span style=\"font-size: large;\">Tymczasem my tak zazdro\u015bnie <b>strze\u017cemy tego swojego \u201eja\u201d<\/b> i je\u017celi chcemy by\u0107 \u201edla\u201d i chcemy czego\u015b dobrego \u201edla\u201d, to jednak g\u0142\u00f3wnie <b>dla\u2026 <\/b><b>samych <\/b><b>siebie.<\/b> Przyznajmy szczerze, czy \u0142atwo nam by\u0107 darem dla innych? Owszem, o tym si\u0119 \u0142atwo m\u00f3wi i \u0142atwo si\u0119 to obiecuje, ale <b>codzienno\u015b\u0107 bezlito\u015bnie weryfikuje <\/b>nasze postawy. Ile\u017c to jest zabiegania i troski o w\u0142asne dobro, o sw\u00f3j w\u0142asny dostatek i wygod\u0119 \u017cycia. I <b>nie ma w tym nic z\u0142ego<\/b> \u2013 o ile nie staje si\u0119 celem samym w sobie i nie uderza w dobro drugiego cz\u0142owieka. <\/span><\/span><\/span><\/p>\n<p align=\"justify\"><span style=\"color: #000000;\"><span style=\"font-family: Book Antiqua, serif;\"><span style=\"font-size: large;\"><b>Miar\u0105 wielko\u015bci i szlachetno\u015bci <\/b><b>cz\u0142owieka<\/b> jest to w\u0142a\u015bnie, \u017ce potrafi si\u0119 innym ofiarowa\u0107, potrafi si\u0119 \u2013 jakby to mocno nie brzmia\u0142o \u2013 <b>innym da\u0107.<\/b> Czy przypadkiem nie jest te\u017c w\u00f3wczas tak, \u017ce <b>bardzo du\u017co si\u0119 w ten spos\u00f3b zyskuje <\/b>\u2013 \u017ce im wi\u0119cej i bardziej cz\u0142owiek daje z siebie innym, tym jest <b>duchowo bogatszy,<\/b> bo zyskuje \u201epunkty\u201d w oczach Bo\u017cych i to <b>B\u00f3g sam wynagradza<\/b> takiemu cz\u0142owiekowi jego ofiarowanie siebie? <\/span><\/span><\/span><\/p>\n<p align=\"justify\"><span style=\"color: #000000;\"><span style=\"font-family: Book Antiqua, serif;\"><span style=\"font-size: large;\">A dokonuje si\u0119 to tak\u017ce w taki zwyk\u0142y, ludzki spos\u00f3b, poprzez chocia\u017cby <b>czyst\u0105, ludzk\u0105 satysfakcj\u0119,<\/b> jak\u0105 daje fakt, \u017ce komu\u015b si\u0119 ofiarowa\u0142o sw\u00f3j czas, swoje talenty, swoje serce \u2013 i teraz wida\u0107, jak ten cz\u0142owiek <b>potrafi\u0142 to wykorzysta\u0107, <\/b>sta\u0142 si\u0119 dzi\u0119ki temu lepszym cz\u0142owiekiem\u2026 <\/span><\/span><\/span><\/p>\n<p align=\"justify\"><span style=\"color: #000000;\"><span style=\"font-family: Book Antiqua, serif;\"><span style=\"font-size: large;\">Z pewno\u015bci\u0105, o wiele gorzej jest w\u00f3wczas, kiedy <b>nie widzimy owoc\u00f3w<\/b> naszego ofiarowania, albo wprost spotykamy si\u0119 ze strony ludzi \u2013 zamiast wdzi\u0119czno\u015bci \u2013 <b>z niech\u0119ci\u0105 lub wrogo\u015bci\u0105. <\/b>My si\u0119 tu staramy, dajemy z siebie wi\u0119cej i wi\u0119cej, mamy nawet wra\u017cenie, \u017ce ju\u017c <b>wi\u0119cej nie jeste\u015bmy w stanie z siebie da\u0107,<\/b> a tu tymczasem, ze strony ludzi, taki afront\u2026 <\/span><\/span><\/span><\/p>\n<p align=\"justify\"><span style=\"color: #000000;\"><span style=\"font-family: Book Antiqua, serif;\"><span style=\"font-size: large;\">Moi Drodzy, powiedzmy sobie szczerze, \u017ce dok\u0142adnie tego <b>do\u015bwiadczy\u0142 i stale do\u015bwiadcza Jezus. <\/b>Ale On nie patrzy\u0142 nigdy na to, jak \u2013 i czy w og\u00f3le \u2013 otrzyma dowody wdzi\u0119czno\u015bci za swoje ofiarowanie. On si\u0119 nam <b>odda\u0142 bezwarunkowo,<\/b> bez \u017cadnych zastrze\u017ce\u0144 czy ogranicze\u0144. I my te\u017c musimy si\u0119 odwa\u017cy\u0107 przyj\u0105\u0107 tak\u0105 postaw\u0119.<\/span><\/span><\/span><\/p>\n<p align=\"justify\"><span style=\"color: #000000;\"> <span style=\"font-family: Book Antiqua, serif;\"><span style=\"font-size: large;\">Owszem, <\/span><\/span><span style=\"font-family: Book Antiqua, serif;\"><span style=\"font-size: large;\"><b>mamy prawo oczekiwa\u0107<\/b> od ludzi wdzi\u0119czno\u015bci za okazane im serce, a m\u0142odszych od siebie \u2013 szczeg\u00f3lnie tych, za wychowanie kt\u00f3rych jeste\u015bmy odpowiedzialni \u2013 <b>mamy obowi\u0105zek tego uczy\u0107!<\/b> Ale od tego, czy nam podzi\u0119kuj\u0105, czy nie, <b>nie mo\u017cemy uzale\u017cnia\u0107<\/b> naszej dobroci i naszego ofiarowania. To musi wyp\u0142ywa\u0107 wprost z naszego serca \u2013 jako <b>dar, darmo dany<\/b> drugiemu cz\u0142owiekowi. Dar z samego siebie. <\/span><\/span><\/span><\/p>\n<p align=\"justify\"><span style=\"color: #000000;\"><span style=\"font-family: Book Antiqua, serif;\"><span style=\"font-size: large;\">Jakie to trudne \u2013 szczeg\u00f3lnie w naszych czasach, naznaczonych tak\u0105 <b>pretensjonalno\u015bci\u0105 i roszczeniowo\u015bci\u0105 <\/b>ze strony ludzi. Bo o jakim ofiarowaniu innym tu mowa? <b>To mi si\u0119 wszystko nale\u017cy!<\/b> Wszystko \u2013 i to natychmiast! <\/span><\/span><\/span><\/p>\n<p align=\"justify\"><span style=\"color: #000000;\"><span style=\"font-family: Book Antiqua, serif;\"><span style=\"font-size: large;\">Moi Drodzy, naszym zadaniem jest pokaza\u0107, \u017ce <b>nie godzimy si\u0119 na tak\u0105 wariack\u0105 \u201emoralno\u015b\u0107\u201d<\/b> i \u017ce nie chcemy my\u015ble\u0107 tylko o sobie, a chcemy co\u015b z siebie innym da\u0107. Bo inaczej ten dzisiejszy \u015bwiat <b>naprawd\u0119 stanie si\u0119 piek\u0142em!<\/b> <\/span><\/span><\/span><\/p>\n<p align=\"justify\"><span style=\"color: #000000;\"><span style=\"font-family: Book Antiqua, serif;\"><span style=\"font-size: large;\">Dlatego przychodz\u0105c dzi\u015b do ko\u015bcio\u0142a ze \u015bwiec\u0105 i przyjmuj\u0105c dar b\u0142ogos\u0142awie\u0144stwa tego\u017c \u015bwiat\u0142a, raz jeszcze ws\u0142uchujemy si\u0119 w s\u0142owa starca Symeona z dzisiejszej Ewangelii: <i><b>Moje oczy ujrza\u0142y Twoje zbawienie, <\/b><\/i><i><b>kt\u00f3re\u015b przygotowa\u0142 wobec wszystkich narod\u00f3w: \u015bwiat\u0142o na o\u015bwiecenie pogan <\/b><\/i><i><b>i chwa\u0142\u0119 ludu<\/b><\/i><b> <\/b><i><b>Twego.<\/b><\/i><b> <\/b>S\u0142uchamy tych s\u0142\u00f3w i prosimy Boga, aby <b>nas samych uczyni\u0142 takim w\u0142a\u015bnie Bo\u017cym \u015bwiat\u0142em \u2013<\/b> dla siebie nawzajem. A im wi\u0119cej b\u0119dzie takiego ofiarowania siebie, tym wi\u0119cej b\u0119dzie tego \u015bwiat\u0142a! <\/span><\/span><\/span><\/p>\n<p align=\"justify\"><span style=\"color: #000000;\"><span style=\"font-family: Book Antiqua, serif;\"><span style=\"font-size: large;\">Oby nam nigdy do tego <b>nie zabrak\u0142o odwagi! <\/b>Oby nam nigdy nie zabra\u0142o \u2013 by tak rzec \u2013 <b>szerokiego gest<\/b><b>u: <\/b>gestu hojnego i z klas\u0105! By\u015bmy nie wyliczali innym z siebie, sk\u0105po i ze sknerstwem, \u201epo dekagramie\u201d i z \u017calem, \u017ce musimy co\u015b z siebie da\u0107 \u2013 ale by\u015bmy <b>ca\u0142ych siebie Bogu i innym dali!<\/b> <\/span><\/span><\/span><\/p>\n<p align=\"justify\"><span style=\"color: #000000;\"><span style=\"font-family: Book Antiqua, serif;\"><span style=\"font-size: large;\">O ile ja\u015bniejszy b\u0119dzie w\u00f3wczas \u015bwiat!<\/span><\/span><\/span><\/p>\n","protected":false},"excerpt":{"rendered":"<p>Niech b\u0119dzie pochwalony Jezus Chrystus! Moi Drodzy, w dniu dzisiejszym prze\u017cywamy \u015awi\u0119to Ofiarowania Pa\u0144skiego, zwane w tradycji tak\u017ce \u015awi\u0119tem Matki Bo\u017cej Gromnicznej. A od 1997 roku jest to r\u00f3wnie\u017c Dzie\u0144 \u017bycia Konsekrowanego. Pozw\u00f3lcie, \u017ce z tej okazji prze\u015bl\u0119 zapewnienia o modlitewnej \u0142\u0105czno\u015bci \u2013 wraz z wyrazami wdzi\u0119czno\u015bci za wszelkie dobro \u2013 wielu znanym mi Osobom [&hellip;]<\/p>\n","protected":false},"author":1,"featured_media":0,"comment_status":"open","ping_status":"open","sticky":false,"template":"","format":"standard","meta":{"jetpack_post_was_ever_published":false,"_jetpack_newsletter_access":"","_jetpack_dont_email_post_to_subs":false,"_jetpack_newsletter_tier_id":0,"_jetpack_memberships_contains_paywalled_content":false,"_jetpack_memberships_contains_paid_content":false,"footnotes":""},"categories":[1],"tags":[],"class_list":["post-16479","post","type-post","status-publish","format-standard","hentry","category-bez-kategorii"],"yoast_head":"<!-- This site is optimized with the Yoast SEO plugin v25.1 - https:\/\/yoast.com\/wordpress\/plugins\/seo\/ -->\n<title>Ca\u0142ego siebie da\u0107... - Gaudium Et Spes<\/title>\n<meta name=\"robots\" content=\"index, follow, max-snippet:-1, max-image-preview:large, max-video-preview:-1\" \/>\n<link rel=\"canonical\" href=\"https:\/\/gaudiumetspes-blog.pl\/index.php\/2020\/02\/02\/calego-siebie-dac\/\" \/>\n<meta property=\"og:locale\" content=\"pl_PL\" \/>\n<meta property=\"og:type\" content=\"article\" \/>\n<meta property=\"og:title\" content=\"Ca\u0142ego siebie da\u0107... - Gaudium Et Spes\" \/>\n<meta property=\"og:description\" content=\"Niech b\u0119dzie pochwalony Jezus Chrystus! Moi Drodzy, w dniu dzisiejszym prze\u017cywamy \u015awi\u0119to Ofiarowania Pa\u0144skiego, zwane w tradycji tak\u017ce \u015awi\u0119tem Matki Bo\u017cej Gromnicznej. A od 1997 roku jest to r\u00f3wnie\u017c Dzie\u0144 \u017bycia Konsekrowanego. Pozw\u00f3lcie, \u017ce z tej okazji prze\u015bl\u0119 zapewnienia o modlitewnej \u0142\u0105czno\u015bci \u2013 wraz z wyrazami wdzi\u0119czno\u015bci za wszelkie dobro \u2013 wielu znanym mi Osobom [&hellip;]\" \/>\n<meta property=\"og:url\" content=\"https:\/\/gaudiumetspes-blog.pl\/index.php\/2020\/02\/02\/calego-siebie-dac\/\" \/>\n<meta property=\"og:site_name\" content=\"Gaudium Et Spes\" \/>\n<meta property=\"article:published_time\" content=\"2020-02-02T06:10:43+00:00\" \/>\n<meta name=\"author\" content=\"Ks. Jacek\" \/>\n<meta name=\"twitter:card\" content=\"summary_large_image\" \/>\n<meta name=\"twitter:label1\" content=\"Napisane przez\" \/>\n\t<meta name=\"twitter:data1\" content=\"Ks. Jacek\" \/>\n\t<meta name=\"twitter:label2\" content=\"Szacowany czas czytania\" \/>\n\t<meta name=\"twitter:data2\" content=\"17 minut\" \/>\n<script type=\"application\/ld+json\" class=\"yoast-schema-graph\">{\"@context\":\"https:\/\/schema.org\",\"@graph\":[{\"@type\":\"WebPage\",\"@id\":\"https:\/\/gaudiumetspes-blog.pl\/index.php\/2020\/02\/02\/calego-siebie-dac\/\",\"url\":\"https:\/\/gaudiumetspes-blog.pl\/index.php\/2020\/02\/02\/calego-siebie-dac\/\",\"name\":\"Ca\u0142ego siebie da\u0107... - Gaudium Et Spes\",\"isPartOf\":{\"@id\":\"https:\/\/gaudiumetspes-blog.pl\/#website\"},\"datePublished\":\"2020-02-02T06:10:43+00:00\",\"author\":{\"@id\":\"https:\/\/gaudiumetspes-blog.pl\/#\/schema\/person\/1661982992b752dea8dff0d4ed845a65\"},\"breadcrumb\":{\"@id\":\"https:\/\/gaudiumetspes-blog.pl\/index.php\/2020\/02\/02\/calego-siebie-dac\/#breadcrumb\"},\"inLanguage\":\"pl-PL\",\"potentialAction\":[{\"@type\":\"ReadAction\",\"target\":[\"https:\/\/gaudiumetspes-blog.pl\/index.php\/2020\/02\/02\/calego-siebie-dac\/\"]}]},{\"@type\":\"BreadcrumbList\",\"@id\":\"https:\/\/gaudiumetspes-blog.pl\/index.php\/2020\/02\/02\/calego-siebie-dac\/#breadcrumb\",\"itemListElement\":[{\"@type\":\"ListItem\",\"position\":1,\"name\":\"Strona g\u0142\u00f3wna\",\"item\":\"https:\/\/gaudiumetspes-blog.pl\/\"},{\"@type\":\"ListItem\",\"position\":2,\"name\":\"Ca\u0142ego siebie da\u0107&#8230;\"}]},{\"@type\":\"WebSite\",\"@id\":\"https:\/\/gaudiumetspes-blog.pl\/#website\",\"url\":\"https:\/\/gaudiumetspes-blog.pl\/\",\"name\":\"Gaudium Et Spes\",\"description\":\"Blog Ks. Jacka Ja\u015bkowskiego\",\"potentialAction\":[{\"@type\":\"SearchAction\",\"target\":{\"@type\":\"EntryPoint\",\"urlTemplate\":\"https:\/\/gaudiumetspes-blog.pl\/?s={search_term_string}\"},\"query-input\":{\"@type\":\"PropertyValueSpecification\",\"valueRequired\":true,\"valueName\":\"search_term_string\"}}],\"inLanguage\":\"pl-PL\"},{\"@type\":\"Person\",\"@id\":\"https:\/\/gaudiumetspes-blog.pl\/#\/schema\/person\/1661982992b752dea8dff0d4ed845a65\",\"name\":\"Ks. Jacek\",\"image\":{\"@type\":\"ImageObject\",\"inLanguage\":\"pl-PL\",\"@id\":\"https:\/\/gaudiumetspes-blog.pl\/#\/schema\/person\/image\/\",\"url\":\"https:\/\/gaudiumetspes-blog.pl\/wp-content\/uploads\/2019\/07\/avatar-JJ-150x150.jpg\",\"contentUrl\":\"https:\/\/gaudiumetspes-blog.pl\/wp-content\/uploads\/2019\/07\/avatar-JJ-150x150.jpg\",\"caption\":\"Ks. Jacek\"},\"description\":\"Witam serdecznie! K\u0142ania si\u0119 Ks. Jacek Ja\u015bkowski. Nie jestem ani kim\u015b wa\u017cnym, ani kim\u015b znanym. Jestem ksi\u0119dzem, kt\u00f3ry po prostu chce rozmawia\u0107. Codzienna kap\u0142a\u0144ska pos\u0142uga pokazuje mi, \u017ce temat\u00f3w do rozm\u00f3w z ksi\u0119dzem jest coraz wi\u0119cej i dzisiaj \u017caden ksi\u0105dz nie mo\u017ce od nich ucieka\u0107, ale - wprost przeciwnie - podejmowa\u0107 nowe wyzwania. To przekonanie sk\u0142oni\u0142o mnie do pr\u00f3by otwarcia tego\u017c bloga, chocia\u017c okazji do rozm\u00f3w na co dzie\u0144 - w konfesjonale i poza nim - na szcz\u0119\u015bcie nie brakuje. My\u015bl\u0119 jednak, \u017ce ten blog b\u0119dzie jeszcze jednym sposobem i przestrzeni\u0105 nawi\u0105zania kontaktu z lud\u017ami dobrej woli, otwartymi na dialog.\",\"url\":\"https:\/\/gaudiumetspes-blog.pl\/index.php\/author\/ks-jacek\/\"}]}<\/script>\n<!-- \/ Yoast SEO plugin. -->","yoast_head_json":{"title":"Ca\u0142ego siebie da\u0107... - Gaudium Et Spes","robots":{"index":"index","follow":"follow","max-snippet":"max-snippet:-1","max-image-preview":"max-image-preview:large","max-video-preview":"max-video-preview:-1"},"canonical":"https:\/\/gaudiumetspes-blog.pl\/index.php\/2020\/02\/02\/calego-siebie-dac\/","og_locale":"pl_PL","og_type":"article","og_title":"Ca\u0142ego siebie da\u0107... - Gaudium Et Spes","og_description":"Niech b\u0119dzie pochwalony Jezus Chrystus! Moi Drodzy, w dniu dzisiejszym prze\u017cywamy \u015awi\u0119to Ofiarowania Pa\u0144skiego, zwane w tradycji tak\u017ce \u015awi\u0119tem Matki Bo\u017cej Gromnicznej. A od 1997 roku jest to r\u00f3wnie\u017c Dzie\u0144 \u017bycia Konsekrowanego. Pozw\u00f3lcie, \u017ce z tej okazji prze\u015bl\u0119 zapewnienia o modlitewnej \u0142\u0105czno\u015bci \u2013 wraz z wyrazami wdzi\u0119czno\u015bci za wszelkie dobro \u2013 wielu znanym mi Osobom [&hellip;]","og_url":"https:\/\/gaudiumetspes-blog.pl\/index.php\/2020\/02\/02\/calego-siebie-dac\/","og_site_name":"Gaudium Et Spes","article_published_time":"2020-02-02T06:10:43+00:00","author":"Ks. Jacek","twitter_card":"summary_large_image","twitter_misc":{"Napisane przez":"Ks. Jacek","Szacowany czas czytania":"17 minut"},"schema":{"@context":"https:\/\/schema.org","@graph":[{"@type":"WebPage","@id":"https:\/\/gaudiumetspes-blog.pl\/index.php\/2020\/02\/02\/calego-siebie-dac\/","url":"https:\/\/gaudiumetspes-blog.pl\/index.php\/2020\/02\/02\/calego-siebie-dac\/","name":"Ca\u0142ego siebie da\u0107... - Gaudium Et Spes","isPartOf":{"@id":"https:\/\/gaudiumetspes-blog.pl\/#website"},"datePublished":"2020-02-02T06:10:43+00:00","author":{"@id":"https:\/\/gaudiumetspes-blog.pl\/#\/schema\/person\/1661982992b752dea8dff0d4ed845a65"},"breadcrumb":{"@id":"https:\/\/gaudiumetspes-blog.pl\/index.php\/2020\/02\/02\/calego-siebie-dac\/#breadcrumb"},"inLanguage":"pl-PL","potentialAction":[{"@type":"ReadAction","target":["https:\/\/gaudiumetspes-blog.pl\/index.php\/2020\/02\/02\/calego-siebie-dac\/"]}]},{"@type":"BreadcrumbList","@id":"https:\/\/gaudiumetspes-blog.pl\/index.php\/2020\/02\/02\/calego-siebie-dac\/#breadcrumb","itemListElement":[{"@type":"ListItem","position":1,"name":"Strona g\u0142\u00f3wna","item":"https:\/\/gaudiumetspes-blog.pl\/"},{"@type":"ListItem","position":2,"name":"Ca\u0142ego siebie da\u0107&#8230;"}]},{"@type":"WebSite","@id":"https:\/\/gaudiumetspes-blog.pl\/#website","url":"https:\/\/gaudiumetspes-blog.pl\/","name":"Gaudium Et Spes","description":"Blog Ks. Jacka Ja\u015bkowskiego","potentialAction":[{"@type":"SearchAction","target":{"@type":"EntryPoint","urlTemplate":"https:\/\/gaudiumetspes-blog.pl\/?s={search_term_string}"},"query-input":{"@type":"PropertyValueSpecification","valueRequired":true,"valueName":"search_term_string"}}],"inLanguage":"pl-PL"},{"@type":"Person","@id":"https:\/\/gaudiumetspes-blog.pl\/#\/schema\/person\/1661982992b752dea8dff0d4ed845a65","name":"Ks. Jacek","image":{"@type":"ImageObject","inLanguage":"pl-PL","@id":"https:\/\/gaudiumetspes-blog.pl\/#\/schema\/person\/image\/","url":"https:\/\/gaudiumetspes-blog.pl\/wp-content\/uploads\/2019\/07\/avatar-JJ-150x150.jpg","contentUrl":"https:\/\/gaudiumetspes-blog.pl\/wp-content\/uploads\/2019\/07\/avatar-JJ-150x150.jpg","caption":"Ks. Jacek"},"description":"Witam serdecznie! K\u0142ania si\u0119 Ks. Jacek Ja\u015bkowski. Nie jestem ani kim\u015b wa\u017cnym, ani kim\u015b znanym. Jestem ksi\u0119dzem, kt\u00f3ry po prostu chce rozmawia\u0107. Codzienna kap\u0142a\u0144ska pos\u0142uga pokazuje mi, \u017ce temat\u00f3w do rozm\u00f3w z ksi\u0119dzem jest coraz wi\u0119cej i dzisiaj \u017caden ksi\u0105dz nie mo\u017ce od nich ucieka\u0107, ale - wprost przeciwnie - podejmowa\u0107 nowe wyzwania. To przekonanie sk\u0142oni\u0142o mnie do pr\u00f3by otwarcia tego\u017c bloga, chocia\u017c okazji do rozm\u00f3w na co dzie\u0144 - w konfesjonale i poza nim - na szcz\u0119\u015bcie nie brakuje. My\u015bl\u0119 jednak, \u017ce ten blog b\u0119dzie jeszcze jednym sposobem i przestrzeni\u0105 nawi\u0105zania kontaktu z lud\u017ami dobrej woli, otwartymi na dialog.","url":"https:\/\/gaudiumetspes-blog.pl\/index.php\/author\/ks-jacek\/"}]}},"jetpack_featured_media_url":"","jetpack_sharing_enabled":true,"_links":{"self":[{"href":"https:\/\/gaudiumetspes-blog.pl\/index.php\/wp-json\/wp\/v2\/posts\/16479","targetHints":{"allow":["GET"]}}],"collection":[{"href":"https:\/\/gaudiumetspes-blog.pl\/index.php\/wp-json\/wp\/v2\/posts"}],"about":[{"href":"https:\/\/gaudiumetspes-blog.pl\/index.php\/wp-json\/wp\/v2\/types\/post"}],"author":[{"embeddable":true,"href":"https:\/\/gaudiumetspes-blog.pl\/index.php\/wp-json\/wp\/v2\/users\/1"}],"replies":[{"embeddable":true,"href":"https:\/\/gaudiumetspes-blog.pl\/index.php\/wp-json\/wp\/v2\/comments?post=16479"}],"version-history":[{"count":1,"href":"https:\/\/gaudiumetspes-blog.pl\/index.php\/wp-json\/wp\/v2\/posts\/16479\/revisions"}],"predecessor-version":[{"id":16480,"href":"https:\/\/gaudiumetspes-blog.pl\/index.php\/wp-json\/wp\/v2\/posts\/16479\/revisions\/16480"}],"wp:attachment":[{"href":"https:\/\/gaudiumetspes-blog.pl\/index.php\/wp-json\/wp\/v2\/media?parent=16479"}],"wp:term":[{"taxonomy":"category","embeddable":true,"href":"https:\/\/gaudiumetspes-blog.pl\/index.php\/wp-json\/wp\/v2\/categories?post=16479"},{"taxonomy":"post_tag","embeddable":true,"href":"https:\/\/gaudiumetspes-blog.pl\/index.php\/wp-json\/wp\/v2\/tags?post=16479"}],"curies":[{"name":"wp","href":"https:\/\/api.w.org\/{rel}","templated":true}]}}