{"id":16497,"date":"2020-02-07T08:19:05","date_gmt":"2020-02-07T07:19:05","guid":{"rendered":"https:\/\/gaudiumetspes-blog.pl\/?p=16497"},"modified":"2020-02-07T08:19:05","modified_gmt":"2020-02-07T07:19:05","slug":"z-perspektywy-czasu","status":"publish","type":"post","link":"https:\/\/gaudiumetspes-blog.pl\/index.php\/2020\/02\/07\/z-perspektywy-czasu\/","title":{"rendered":"Z perspektywy czasu&#8230;"},"content":{"rendered":"<p align=\"justify\"><span style=\"color: #000000;\"><span style=\"font-family: Book Antiqua, serif;\"><span style=\"font-size: large;\">Szcz\u0119\u015b\u0107 Bo\u017ce! Moi Drodzy, <b>w dniu wczorajszym imieniny prze\u017cywa\u0142a Dorota Rogulska, kt\u00f3ra jako Dorota Szarek nale\u017ca\u0142a w swoim czasie do jednej z m\u0142odzie\u017cowych Wsp\u00f3lnot. Niech Jej Pan b\u0142ogos\u0142awi i udziela wszelkich swoich natchnie\u0144 i dar\u00f3w! Zapewniam o modlitwie.<\/b><\/span><\/span><\/span><\/p>\n<p align=\"justify\"><span style=\"color: #000000;\"><span style=\"font-family: Book Antiqua, serif;\"><span style=\"font-size: large;\">Moi Drodzy, przedwczoraj dotar\u0142a do mnie wiadomo\u015b\u0107 o \u015bmierci Pana Kazimierza Garbacika, pe\u0142ni\u0105cego oko\u0142o dwudziestu siedmiu lat pos\u0142ug\u0119 Ko\u015bcielnego w Parafii Radory\u017c Ko\u015bcielny, czyli w mojej pierwszej Parafii. Trzy tygodnie temu uleg\u0142 wypadkowi na drodze i nie odzyska\u0142 ju\u017c do ko\u0144ca przytomno\u015bci. Niech Pan wynagrodzi Mu pos\u0142ug\u0119, jak\u0105 pe\u0142ni\u0142 ju\u017c za moich czas\u00f3w \u2013 i niech przyjmie Go do siebie.<\/span><\/span><\/span><\/p>\n<p align=\"justify\"><span style=\"color: #000000;\"><span style=\"font-family: Book Antiqua, serif;\"><span style=\"font-size: large;\">Moi Drodzy, wczoraj wreszcie mieli\u015bmy s\u0142\u00f3wko z Syberii. D\u0142u\u017csza przerwa by\u0142a, ale Ksi\u0105dz Marek jasno wyt\u0142umaczy\u0142 nam, dlaczego tak si\u0119 dzia\u0142o. Mo\u017cna powiedzie\u0107, \u017ce wyt\u0142umaczy\u0142 to nie tylko werbalnie, ale i wizualnie, czyli za pomoc\u0105 filmiku, pokazuj\u0105cego drog\u0119 do (z) ko\u015bcio\u0142a. Nie wiem, jak Wy, ale ja szczerze u\u015bmia\u0142em si\u0119, ogl\u0105daj\u0105c te manewry\u2026 Zreszt\u0105, na \u015bwietnym podk\u0142adzie muzycznym! Nie zapominajmy o modlitwie w intencji Ksi\u0119dza Marka, Ksi\u0119dza Paw\u0142a, Si\u00f3str i ca\u0142ej Parafii w Surgucie!<\/span><\/span><\/span><\/p>\n<p align=\"justify\"><span style=\"color: #000000;\"><span style=\"font-family: Book Antiqua, serif;\"><span style=\"font-size: large;\">Przypominam, \u017ce dzisiaj jest pierwszy pi\u0105tek miesi\u0105ca.<\/span><\/span><\/span><\/p>\n<p align=\"center\"><span style=\"color: #000000;\"><span style=\"font-family: Book Antiqua, serif;\"><span style=\"font-size: large;\">Gaudium et spes! Ks. Jacek<\/span><\/span><\/span><\/p>\n<p align=\"center\">\n<p align=\"center\">\n<p align=\"center\">\n<p align=\"center\">\n<p align=\"center\">\n<p align=\"justify\"><span style=\"color: #000000;\"><span style=\"font-family: Book Antiqua, serif;\"><span style=\"font-size: large;\"><b>Pi\u0105tek 4 Tygodnia zwyk\u0142ego, rok II,<\/b><\/span><\/span><\/span><\/p>\n<p align=\"justify\"><span style=\"color: #000000;\"><span style=\"font-family: Book Antiqua, serif;\"><span style=\"font-size: large;\"><b>do czyta\u0144: Syr 47,2\u201311; Mk 6,14\u201329<\/b><\/span><\/span><\/span><\/p>\n<p align=\"justify\">\n<p align=\"justify\">\n<p align=\"justify\">\n<p align=\"justify\">\n<p align=\"justify\">\n<p align=\"justify\"><span style=\"color: #000000;\"><span style=\"font-family: Book Antiqua, serif;\"><span style=\"font-size: large;\"><b>CZYTANIE Z KSI\u0118GI SYRACYDESA: <\/b><\/span><\/span><\/span><\/p>\n<p align=\"justify\"><span style=\"color: #000000;\"><span style=\"font-family: Book Antiqua, serif;\"><span style=\"font-size: large;\"><b>Jak t\u0142uszcz si\u0119 oddziela od ofiar dzi\u0119kczynnych, tak Dawid od syn\u00f3w Izraela. <\/b><\/span><\/span><\/span><\/p>\n<p align=\"justify\"><span style=\"color: #000000;\"><span style=\"font-family: Book Antiqua, serif;\"><span style=\"font-size: large;\"><b>Ze lwami igra\u0142 jakby z ko\u017al\u0119tami i z nied\u017awiedziami jak z jagni\u0119tami owiec. Czy\u017c w m\u0142odo\u015bci swej nie zabi\u0142 olbrzyma i nie usun\u0105\u0142 ha\u0144by ludu, gdy podni\u00f3s\u0142 r\u0119k\u0119 i kamieniem z procy obali\u0142 pych\u0119 Goliata? Wezwa\u0142 bowiem Pana Najwy\u017cszego, kt\u00f3ry da\u0142 prawicy jego tak\u0105 si\u0142\u0119, \u017ce zg\u0142adzi\u0142 cz\u0142owieka, pot\u0119\u017cnego w walce, i wywy\u017cszy\u0142 moc swego ludu. Tak wys\u0142awiano go po dziesi\u0119\u0107 tysi\u0119cy razy i wychwalano z powodu b\u0142ogos\u0142awie\u0144stw Pana, przynosz\u0105c mu koron\u0119 chwa\u0142y. <\/b><\/span><\/span><\/span><\/p>\n<p align=\"justify\"><span style=\"color: #000000;\"><span style=\"font-family: Book Antiqua, serif;\"><span style=\"font-size: large;\"><b>Albowiem star\u0142 nieprzyjaci\u00f3\u0142 znajduj\u0105cych si\u0119 wok\u00f3\u0142, zniszczy\u0142 wrogich Filistyn\u00f3w i z\u0142ama\u0142 ich moc a\u017c do dnia dzisiejszego. <\/b><\/span><\/span><\/span><\/p>\n<p align=\"justify\"><span style=\"color: #000000;\"><span style=\"font-family: Book Antiqua, serif;\"><span style=\"font-size: large;\"><b>W ka\u017cdym swym czynie odda\u0142 chwa\u0142\u0119 \u015awi\u0119temu i Najwy\u017cszemu s\u0142owami uwielbienia, z ca\u0142ego serca swego \u015bpiewa\u0142 hymny i umi\u0142owa\u0142 Tego, kt\u00f3ry go stworzy\u0142. <\/b><\/span><\/span><\/span><\/p>\n<p align=\"justify\"><span style=\"color: #000000;\"><span style=\"font-family: Book Antiqua, serif;\"><span style=\"font-size: large;\"><b>Postawi\u0142 przed o\u0142tarzem \u015bpiewaj\u0105cych psalmy i mile p\u0142yn\u0105\u0142 d\u017awi\u0119k ich g\u0142os\u00f3w; \u015bwi\u0119tom nada\u0142 przepych i upi\u0119kszy\u0142 doskona\u0142e uroczysto\u015bci, aby wychwalano \u015bwi\u0119te imi\u0119 Pana i by przybytek ju\u017c od rana rozbrzmiewa\u0142 echem. <\/b><\/span><\/span><\/span><\/p>\n<p align=\"justify\"><span style=\"color: #000000;\"><span style=\"font-family: Book Antiqua, serif;\"><span style=\"font-size: large;\"><b>Pan darowa\u0142 mu grzechy, moc jego podni\u00f3s\u0142 na wieki, da\u0142 mu przymierze kr\u00f3lowania i tron chwa\u0142y w Izraelu.<\/b><\/span><\/span><\/span><\/p>\n<p align=\"justify\">\n<p align=\"justify\">\n<p align=\"justify\">\n<p align=\"justify\">\n<p align=\"justify\">\n<p align=\"justify\"><span style=\"color: #000000;\"><span style=\"font-family: Book Antiqua, serif;\"><span style=\"font-size: large;\"><b>S\u0141OWA EWANGELII WED\u0141UG \u015aWI\u0118TEGO MARKA: <\/b><\/span><\/span><\/span><\/p>\n<p align=\"justify\"><span style=\"color: #000000;\"><span style=\"font-family: Book Antiqua, serif;\"><span style=\"font-size: large;\"><b>Kr\u00f3l Herod pos\u0142ysza\u0142 o Jezusie, gdy\u017c Jego imi\u0119 nabra\u0142o rozg\u0142osu, i m\u00f3wi\u0142: \u201eJan Chrzciciel powsta\u0142 z martwych i dlatego moce cudotw\u00f3rcze dzia\u0142aj\u0105 w nim\u201d. Inni za\u015b m\u00f3wili: \u201eTo jest Eliasz\u201d; jeszcze inni utrzymywali, \u017ce to prorok, jak jeden z dawnych prorok\u00f3w. Herod, s\u0142ysz\u0105c to, twierdzi\u0142: \u201eTo Jan, kt\u00f3rego kaza\u0142em \u015bci\u0105\u0107, zmartwychwsta\u0142\u201d. <\/b><\/span><\/span><\/span><\/p>\n<p align=\"justify\"><span style=\"color: #000000;\"><span style=\"font-family: Book Antiqua, serif;\"><span style=\"font-size: large;\"><b>Ten bowiem Herod kaza\u0142 pochwyci\u0107 Jana i zwi\u0105zanego trzyma\u0142 w wi\u0119zieniu z powodu Herodiady, \u017cony brata swego Filipa, kt\u00f3r\u0105 wzi\u0105\u0142 za \u017con\u0119. Jan bowiem wypomina\u0142 Herodowi: \u201eNie wolno ci mie\u0107 \u017cony twego brata\u201d. A Herodiada zawzi\u0119\u0142a si\u0119 na niego i rada by\u0142aby go zg\u0142adzi\u0107, lecz nie mog\u0142a. Herod bowiem czu\u0142 l\u0119k przed Janem, znaj\u0105c go jako m\u0119\u017ca prawego i \u015bwi\u0119tego, i bra\u0142 go w obron\u0119. Ilekro\u0107 go pos\u0142ysza\u0142, odczuwa\u0142 du\u017cy niepok\u00f3j, a przecie\u017c ch\u0119tnie go s\u0142ucha\u0142. <\/b><\/span><\/span><\/span><\/p>\n<p align=\"justify\"><span style=\"color: #000000;\"><span style=\"font-family: Book Antiqua, serif;\"><span style=\"font-size: large;\"><b>Ot\u00f3\u017c chwila sposobna nadesz\u0142a, kiedy Herod w dzie\u0144 swoich urodzin wyprawi\u0142 uczt\u0119 swym dostojnikom, dow\u00f3dcom wojskowym i osobom znakomitym w Galilei. Gdy c\u00f3rka tej Herodiady wesz\u0142a i ta\u0144czy\u0142a, spodoba\u0142a si\u0119 Herodowi i wsp\u00f3\u0142biesiadnikom. Kr\u00f3l rzek\u0142 do dziewcz\u0119cia: \u201ePro\u015b mnie, o co chcesz, a dam ci\u201d. Nawet jej przysi\u0105g\u0142: \u201eDam ci, o co tylko poprosisz, nawet po\u0142ow\u0119 mojego kr\u00f3lestwa\u201d. Ona wysz\u0142a i zapyta\u0142a sw\u0105 matk\u0119: \u201eO co mam prosi\u0107?\u201d Ta odpowiedzia\u0142a: \u201eO g\u0142ow\u0119 Jana Chrzciciela\u201d. <\/b><\/span><\/span><\/span><\/p>\n<p align=\"justify\"><span style=\"color: #000000;\"><span style=\"font-family: Book Antiqua, serif;\"><span style=\"font-size: large;\"><b>Natychmiast wesz\u0142a z po\u015bpiechem do kr\u00f3la i prosi\u0142a: \u201eChc\u0119, \u017ceby\u015b mi zaraz da\u0142 na misie g\u0142ow\u0119 Jana Chrzciciela\u201d. A kr\u00f3l bardzo si\u0119 zasmuci\u0142, ale przez wzgl\u0105d na przysi\u0119g\u0119 i na biesiadnik\u00f3w nie chcia\u0142 jej odm\u00f3wi\u0107. Zaraz te\u017c kr\u00f3l pos\u0142a\u0142 kata i poleci\u0142 przynie\u015b\u0107 g\u0142ow\u0119 jego. Ten poszed\u0142, \u015bci\u0105\u0142 go w wi\u0119zieniu i przyni\u00f3s\u0142 g\u0142ow\u0119 jego na misie; da\u0142 j\u0105 dziewcz\u0119ciu, a dziewcz\u0119 da\u0142o swojej matce. <\/b><\/span><\/span><\/span><\/p>\n<p align=\"justify\"><span style=\"color: #000000;\"><span style=\"font-family: Book Antiqua, serif;\"><span style=\"font-size: large;\"><b>Uczniowie Jana, dowiedziawszy si\u0119 o tym, przyszli, zabrali jego cia\u0142o i z\u0142o\u017cyli je w grobie.<\/b><\/span><\/span><\/span><\/p>\n<p align=\"justify\">\n<p align=\"justify\">\n<p align=\"justify\">\n<p align=\"justify\">\n<p align=\"justify\">\n<p align=\"justify\"><span style=\"color: #000000;\"><span style=\"font-family: Book Antiqua, serif;\"><span style=\"font-size: large;\">Ciekawe <b>podsumowanie dzia\u0142alno\u015bci<\/b> <b>Dawida<\/b> znajdujemy w dzisiejszym pierwszym czytaniu. Po tym, jak przez ostatnie dni s\u0142uchali\u015bmy r\u00f3\u017cnych historii z jego \u017cycia, zapisanych w Ksi\u0119dze Samuela, dzisiaj M\u0119drzec Syracydes w swojej Ksi\u0119dze dokonuje <b>ca\u0142o\u015bciowej oceny <\/b>jego panowania. I z pewno\u015bci\u0105, nie umyka naszej uwadze spostrze\u017cenie, \u017ce jest to <b>ocena bardzo pozytywna! <\/b><\/span><\/span><\/span><\/p>\n<p align=\"justify\"><span style=\"color: #000000;\"><span style=\"font-family: Book Antiqua, serif;\"><span style=\"font-size: large;\">W obrazie Dawida, ukazanym nam przez Syracydesa, widzimy cz\u0142owieka pos\u0142usznego Bogu i wype\u0142niaj\u0105cego Jego wol\u0119. Tak go charakteryzuje starotestamentalny M\u0119drzec: <i><b>W ka\u017cdym swym czynie odda\u0142 chwa\u0142\u0119 \u015awi\u0119temu i Najwy\u017cszemu s\u0142owami uwielbienia, z ca\u0142ego serca swego \u015bpiewa\u0142 hymny i umi\u0142owa\u0142 Tego, kt\u00f3ry go stworzy\u0142.<\/b><\/i><b> <\/b>Czy rzeczywi\u015bcie \u2013 <b>w ka\u017cdym czynie<\/b> oddawa\u0142 chwa\u0142\u0119 Bogu? My dobrze wiemy, \u017ce zdarza\u0142y si\u0119 i inne czyny\u2026 Syracydes do\u015b\u0107 ogl\u0119dnie o tym wspomina, bardziej akcentuj\u0105c <b>Bo\u017ce przebaczenie.<\/b> <\/span><\/span><\/span><\/p>\n<p align=\"justify\"><span style=\"color: #000000;\"><span style=\"font-family: Book Antiqua, serif;\"><span style=\"font-size: large;\">Na pewno jednak, ca\u0142o\u015bciowy obraz panowania Dawida jest tu prawdziwy i ma s\u0142u\u017cy\u0107 czytelnikowi jako <b>wz\u00f3r budowania w\u0142asnej relacji z Bogiem<\/b> \u2013 tak, jak czyni\u0142 to kr\u00f3l Dawid. Zreszt\u0105, kiedy dokonuje si\u0119 pewnego ca\u0142o\u015bciowego spojrzenia na czyje\u015b \u017cycie, zwykle wtedy <b>pomija si\u0119 jakie\u015b niekorzystne sprawy, <\/b>aby ukaza\u0107 w\u0142a\u015bnie ten og\u00f3lny, pozytywny bilans. Chyba, \u017ce autorowi opisu bardzo zale\u017cy na tym, aby opisywanego cz\u0142owieka <b>umniejszy\u0107 w oczach czytelnik\u00f3w\u2026 <\/b><\/span><\/span><\/span><\/p>\n<p align=\"justify\"><span style=\"color: #000000;\"><span style=\"font-family: Book Antiqua, serif;\"><span style=\"font-size: large;\">Z podobnym ca\u0142o\u015bciowym spojrzeniem, uczynionym z pewnej perspektywy czasowej, mamy do czynienia w Ewangelii. Tutaj sprawa dotyczy Jana Chrzciciela. S\u0142yszymy opowie\u015b\u0107 <b>o jego bohaterstwie<\/b> i o okoliczno\u015bciach, w jakich dosz\u0142o <b>do jego m\u0119cze\u0144skiej \u015bmierci, <\/b>czyli rzecz dotyczy ostatniego etapu jego \u017cycia. Wiemy jednak, \u017ce przy tej okazji nie spos\u00f3b by\u0142o <b>nie wspomnie\u0107 o <\/b><b>ca\u0142ej jego \u017cyciowej drodze<\/b><b>,<\/b> bo m\u0119cze\u0144ska \u015bmier\u0107 nie by\u0142a dzie\u0142em przypadku, ale by\u0142a odpowiedzi\u0105 w\u0142adcy na s\u0142owa prawdy, kt\u00f3re Jan g\u0142osi\u0142 i \u015bwiadectwo wierno\u015bci Bogu. <\/span><\/span><\/span><\/p>\n<p align=\"justify\"><span style=\"color: #000000;\"><span style=\"font-family: Book Antiqua, serif;\"><span style=\"font-size: large;\">Na tym tle jawi si\u0119 on nam jako <b>prawdziwy Bo\u017cy herold, bohater i m\u0119czennik.<\/b> Opis jego postawy jest w stu procentach pozytywny, bez wzgl\u0119du na to, z jakiej perspektywy czasowej nie by\u0142by pisany. Jego postawa \u2013 by tak rzec \u2013 <b>broni si\u0119 sama<\/b> i up\u0142yw czasu w niczym nie zmienia jak najbardziej pozytywnej opinii o nim. <\/span><\/span><\/span><\/p>\n<p align=\"justify\"><span style=\"color: #000000;\"><span style=\"font-family: Book Antiqua, serif;\"><span style=\"font-size: large;\">My te\u017c, moi Drodzy, cz\u0119sto wypowiadamy <b>r\u00f3\u017cne opinie o innych,<\/b> niekiedy ca\u0142o\u015bciowo charakteryzujemy czyje\u015b postawy, m\u00f3wi\u0105c: \u201eTo dobry cz\u0142owiek\u201d, \u201eTo \u017cyczliwy cz\u0142owiek\u201d\u2026 I nawet <b>nie przeszkadzaj\u0105 nam drobne potkni\u0119cia,<\/b> czy jakie\u015b skazy na jego charakterze. Innym znowu razem mamy mniej korzystn\u0105 opini\u0119\u2026 Z pewno\u015bci\u0105, najbardziej <b>korzystn\u0105 opini\u0119 mamy o sobie samych, <\/b>bo nawet je\u017celi widzimy jakiej\u015b niedoci\u0105gni\u0119cia w swoim post\u0119powaniu, to zwykle mamy te\u017c tysi\u0105c argument\u00f3w na ich usprawiedliwienie. <\/span><\/span><\/span><\/p>\n<p align=\"justify\"><span style=\"color: #000000;\"><span style=\"font-family: Book Antiqua, serif;\"><span style=\"font-size: large;\">A mo\u017ce jednak by\u0142oby dobrze co jaki\u015b czas <b>dokonywa\u0107 takiej <\/b><b>rzetelnej i uczciwej <\/b><b>retrospektywy<\/b> swojego w\u0142asnego \u017cycia, staraj\u0105c si\u0119 spojrze\u0107 na swoje post\u0119powanie <b>niejako z boku,<\/b> oczami innych: jak mog\u0105 widzie\u0107 mnie inni, jak wypadam w ich oczach?<b> <\/b><b>Jak ja oceni\u0142bym kogo\u015b,<\/b> kto post\u0119powa\u0142by tak, jak ja post\u0119puj\u0119, gdybym go z boku ocenia\u0142?\u2026 Zreszt\u0105, mo\u017cna zreszt\u0105 kogo\u015b zaufanego o to zapyta\u0107. Musi to by\u0107 jednak <b>kto\u015b na tyle odwa\u017cny, <\/b>\u017ce zechce wskaza\u0107 nam nasze niedoci\u0105gni\u0119cia\u2026 <\/span><\/span><\/span><\/p>\n<p align=\"justify\"><span style=\"color: #000000;\"><span style=\"font-family: Book Antiqua, serif;\"><span style=\"font-size: large;\">Z ca\u0142\u0105 pewno\u015bci\u0105, dobrze przys\u0142u\u017cy si\u0119 temu codzienny, kr\u00f3tki cho\u0107by <b>rachunek sumienia, <\/b>czyniony <b>na koniec dnia,<\/b> i nieco d\u0142u\u017cszy, solidny rachunek sumienia, czyniony <b>przed ka\u017cd\u0105 Spowiedzi\u0105 \u015awi\u0119t\u0105.<\/b> Wtedy bowiem to sam B\u00f3g, g\u0142osem sumienia, wska\u017ce nam prawd\u0119 o nas. <\/span><\/span><\/span><\/p>\n<p align=\"justify\"><span style=\"color: #000000;\"><span style=\"font-family: Book Antiqua, serif;\"><span style=\"font-size: large;\">Czy mam jednak odwag\u0119 <b>z t\u0105 prawd\u0105 si\u0119 zmierzy\u0107,<\/b> nie uciekaj\u0105c od niej?\u2026 <\/span><\/span><\/span><\/p>\n","protected":false},"excerpt":{"rendered":"<p>Szcz\u0119\u015b\u0107 Bo\u017ce! Moi Drodzy, w dniu wczorajszym imieniny prze\u017cywa\u0142a Dorota Rogulska, kt\u00f3ra jako Dorota Szarek nale\u017ca\u0142a w swoim czasie do jednej z m\u0142odzie\u017cowych Wsp\u00f3lnot. Niech Jej Pan b\u0142ogos\u0142awi i udziela wszelkich swoich natchnie\u0144 i dar\u00f3w! Zapewniam o modlitwie. Moi Drodzy, przedwczoraj dotar\u0142a do mnie wiadomo\u015b\u0107 o \u015bmierci Pana Kazimierza Garbacika, pe\u0142ni\u0105cego oko\u0142o dwudziestu siedmiu lat [&hellip;]<\/p>\n","protected":false},"author":1,"featured_media":0,"comment_status":"open","ping_status":"open","sticky":false,"template":"","format":"standard","meta":{"jetpack_post_was_ever_published":false,"_jetpack_newsletter_access":"","_jetpack_dont_email_post_to_subs":false,"_jetpack_newsletter_tier_id":0,"_jetpack_memberships_contains_paywalled_content":false,"_jetpack_memberships_contains_paid_content":false,"footnotes":""},"categories":[1],"tags":[],"class_list":["post-16497","post","type-post","status-publish","format-standard","hentry","category-bez-kategorii"],"yoast_head":"<!-- This site is optimized with the Yoast SEO plugin v25.1 - https:\/\/yoast.com\/wordpress\/plugins\/seo\/ -->\n<title>Z perspektywy czasu... - Gaudium Et Spes<\/title>\n<meta name=\"robots\" content=\"index, follow, max-snippet:-1, max-image-preview:large, max-video-preview:-1\" \/>\n<link rel=\"canonical\" href=\"https:\/\/gaudiumetspes-blog.pl\/index.php\/2020\/02\/07\/z-perspektywy-czasu\/\" \/>\n<meta property=\"og:locale\" content=\"pl_PL\" \/>\n<meta property=\"og:type\" content=\"article\" \/>\n<meta property=\"og:title\" content=\"Z perspektywy czasu... - Gaudium Et Spes\" \/>\n<meta property=\"og:description\" content=\"Szcz\u0119\u015b\u0107 Bo\u017ce! Moi Drodzy, w dniu wczorajszym imieniny prze\u017cywa\u0142a Dorota Rogulska, kt\u00f3ra jako Dorota Szarek nale\u017ca\u0142a w swoim czasie do jednej z m\u0142odzie\u017cowych Wsp\u00f3lnot. Niech Jej Pan b\u0142ogos\u0142awi i udziela wszelkich swoich natchnie\u0144 i dar\u00f3w! Zapewniam o modlitwie. Moi Drodzy, przedwczoraj dotar\u0142a do mnie wiadomo\u015b\u0107 o \u015bmierci Pana Kazimierza Garbacika, pe\u0142ni\u0105cego oko\u0142o dwudziestu siedmiu lat [&hellip;]\" \/>\n<meta property=\"og:url\" content=\"https:\/\/gaudiumetspes-blog.pl\/index.php\/2020\/02\/07\/z-perspektywy-czasu\/\" \/>\n<meta property=\"og:site_name\" content=\"Gaudium Et Spes\" \/>\n<meta property=\"article:published_time\" content=\"2020-02-07T07:19:05+00:00\" \/>\n<meta name=\"author\" content=\"Ks. Jacek\" \/>\n<meta name=\"twitter:card\" content=\"summary_large_image\" \/>\n<meta name=\"twitter:label1\" content=\"Napisane przez\" \/>\n\t<meta name=\"twitter:data1\" content=\"Ks. Jacek\" \/>\n\t<meta name=\"twitter:label2\" content=\"Szacowany czas czytania\" \/>\n\t<meta name=\"twitter:data2\" content=\"7 minut\" \/>\n<script type=\"application\/ld+json\" class=\"yoast-schema-graph\">{\"@context\":\"https:\/\/schema.org\",\"@graph\":[{\"@type\":\"WebPage\",\"@id\":\"https:\/\/gaudiumetspes-blog.pl\/index.php\/2020\/02\/07\/z-perspektywy-czasu\/\",\"url\":\"https:\/\/gaudiumetspes-blog.pl\/index.php\/2020\/02\/07\/z-perspektywy-czasu\/\",\"name\":\"Z perspektywy czasu... - Gaudium Et Spes\",\"isPartOf\":{\"@id\":\"https:\/\/gaudiumetspes-blog.pl\/#website\"},\"datePublished\":\"2020-02-07T07:19:05+00:00\",\"author\":{\"@id\":\"https:\/\/gaudiumetspes-blog.pl\/#\/schema\/person\/1661982992b752dea8dff0d4ed845a65\"},\"breadcrumb\":{\"@id\":\"https:\/\/gaudiumetspes-blog.pl\/index.php\/2020\/02\/07\/z-perspektywy-czasu\/#breadcrumb\"},\"inLanguage\":\"pl-PL\",\"potentialAction\":[{\"@type\":\"ReadAction\",\"target\":[\"https:\/\/gaudiumetspes-blog.pl\/index.php\/2020\/02\/07\/z-perspektywy-czasu\/\"]}]},{\"@type\":\"BreadcrumbList\",\"@id\":\"https:\/\/gaudiumetspes-blog.pl\/index.php\/2020\/02\/07\/z-perspektywy-czasu\/#breadcrumb\",\"itemListElement\":[{\"@type\":\"ListItem\",\"position\":1,\"name\":\"Strona g\u0142\u00f3wna\",\"item\":\"https:\/\/gaudiumetspes-blog.pl\/\"},{\"@type\":\"ListItem\",\"position\":2,\"name\":\"Z&nbsp;perspektywy czasu&#8230;\"}]},{\"@type\":\"WebSite\",\"@id\":\"https:\/\/gaudiumetspes-blog.pl\/#website\",\"url\":\"https:\/\/gaudiumetspes-blog.pl\/\",\"name\":\"Gaudium Et Spes\",\"description\":\"Blog Ks. Jacka Ja\u015bkowskiego\",\"potentialAction\":[{\"@type\":\"SearchAction\",\"target\":{\"@type\":\"EntryPoint\",\"urlTemplate\":\"https:\/\/gaudiumetspes-blog.pl\/?s={search_term_string}\"},\"query-input\":{\"@type\":\"PropertyValueSpecification\",\"valueRequired\":true,\"valueName\":\"search_term_string\"}}],\"inLanguage\":\"pl-PL\"},{\"@type\":\"Person\",\"@id\":\"https:\/\/gaudiumetspes-blog.pl\/#\/schema\/person\/1661982992b752dea8dff0d4ed845a65\",\"name\":\"Ks. Jacek\",\"image\":{\"@type\":\"ImageObject\",\"inLanguage\":\"pl-PL\",\"@id\":\"https:\/\/gaudiumetspes-blog.pl\/#\/schema\/person\/image\/\",\"url\":\"https:\/\/gaudiumetspes-blog.pl\/wp-content\/uploads\/2019\/07\/avatar-JJ-150x150.jpg\",\"contentUrl\":\"https:\/\/gaudiumetspes-blog.pl\/wp-content\/uploads\/2019\/07\/avatar-JJ-150x150.jpg\",\"caption\":\"Ks. Jacek\"},\"description\":\"Witam serdecznie! K\u0142ania si\u0119 Ks. Jacek Ja\u015bkowski. Nie jestem ani kim\u015b wa\u017cnym, ani kim\u015b znanym. Jestem ksi\u0119dzem, kt\u00f3ry po prostu chce rozmawia\u0107. Codzienna kap\u0142a\u0144ska pos\u0142uga pokazuje mi, \u017ce temat\u00f3w do rozm\u00f3w z ksi\u0119dzem jest coraz wi\u0119cej i dzisiaj \u017caden ksi\u0105dz nie mo\u017ce od nich ucieka\u0107, ale - wprost przeciwnie - podejmowa\u0107 nowe wyzwania. To przekonanie sk\u0142oni\u0142o mnie do pr\u00f3by otwarcia tego\u017c bloga, chocia\u017c okazji do rozm\u00f3w na co dzie\u0144 - w konfesjonale i poza nim - na szcz\u0119\u015bcie nie brakuje. My\u015bl\u0119 jednak, \u017ce ten blog b\u0119dzie jeszcze jednym sposobem i przestrzeni\u0105 nawi\u0105zania kontaktu z lud\u017ami dobrej woli, otwartymi na dialog.\",\"url\":\"https:\/\/gaudiumetspes-blog.pl\/index.php\/author\/ks-jacek\/\"}]}<\/script>\n<!-- \/ Yoast SEO plugin. -->","yoast_head_json":{"title":"Z perspektywy czasu... - Gaudium Et Spes","robots":{"index":"index","follow":"follow","max-snippet":"max-snippet:-1","max-image-preview":"max-image-preview:large","max-video-preview":"max-video-preview:-1"},"canonical":"https:\/\/gaudiumetspes-blog.pl\/index.php\/2020\/02\/07\/z-perspektywy-czasu\/","og_locale":"pl_PL","og_type":"article","og_title":"Z perspektywy czasu... - Gaudium Et Spes","og_description":"Szcz\u0119\u015b\u0107 Bo\u017ce! Moi Drodzy, w dniu wczorajszym imieniny prze\u017cywa\u0142a Dorota Rogulska, kt\u00f3ra jako Dorota Szarek nale\u017ca\u0142a w swoim czasie do jednej z m\u0142odzie\u017cowych Wsp\u00f3lnot. Niech Jej Pan b\u0142ogos\u0142awi i udziela wszelkich swoich natchnie\u0144 i dar\u00f3w! Zapewniam o modlitwie. Moi Drodzy, przedwczoraj dotar\u0142a do mnie wiadomo\u015b\u0107 o \u015bmierci Pana Kazimierza Garbacika, pe\u0142ni\u0105cego oko\u0142o dwudziestu siedmiu lat [&hellip;]","og_url":"https:\/\/gaudiumetspes-blog.pl\/index.php\/2020\/02\/07\/z-perspektywy-czasu\/","og_site_name":"Gaudium Et Spes","article_published_time":"2020-02-07T07:19:05+00:00","author":"Ks. Jacek","twitter_card":"summary_large_image","twitter_misc":{"Napisane przez":"Ks. Jacek","Szacowany czas czytania":"7 minut"},"schema":{"@context":"https:\/\/schema.org","@graph":[{"@type":"WebPage","@id":"https:\/\/gaudiumetspes-blog.pl\/index.php\/2020\/02\/07\/z-perspektywy-czasu\/","url":"https:\/\/gaudiumetspes-blog.pl\/index.php\/2020\/02\/07\/z-perspektywy-czasu\/","name":"Z perspektywy czasu... - Gaudium Et Spes","isPartOf":{"@id":"https:\/\/gaudiumetspes-blog.pl\/#website"},"datePublished":"2020-02-07T07:19:05+00:00","author":{"@id":"https:\/\/gaudiumetspes-blog.pl\/#\/schema\/person\/1661982992b752dea8dff0d4ed845a65"},"breadcrumb":{"@id":"https:\/\/gaudiumetspes-blog.pl\/index.php\/2020\/02\/07\/z-perspektywy-czasu\/#breadcrumb"},"inLanguage":"pl-PL","potentialAction":[{"@type":"ReadAction","target":["https:\/\/gaudiumetspes-blog.pl\/index.php\/2020\/02\/07\/z-perspektywy-czasu\/"]}]},{"@type":"BreadcrumbList","@id":"https:\/\/gaudiumetspes-blog.pl\/index.php\/2020\/02\/07\/z-perspektywy-czasu\/#breadcrumb","itemListElement":[{"@type":"ListItem","position":1,"name":"Strona g\u0142\u00f3wna","item":"https:\/\/gaudiumetspes-blog.pl\/"},{"@type":"ListItem","position":2,"name":"Z&nbsp;perspektywy czasu&#8230;"}]},{"@type":"WebSite","@id":"https:\/\/gaudiumetspes-blog.pl\/#website","url":"https:\/\/gaudiumetspes-blog.pl\/","name":"Gaudium Et Spes","description":"Blog Ks. Jacka Ja\u015bkowskiego","potentialAction":[{"@type":"SearchAction","target":{"@type":"EntryPoint","urlTemplate":"https:\/\/gaudiumetspes-blog.pl\/?s={search_term_string}"},"query-input":{"@type":"PropertyValueSpecification","valueRequired":true,"valueName":"search_term_string"}}],"inLanguage":"pl-PL"},{"@type":"Person","@id":"https:\/\/gaudiumetspes-blog.pl\/#\/schema\/person\/1661982992b752dea8dff0d4ed845a65","name":"Ks. Jacek","image":{"@type":"ImageObject","inLanguage":"pl-PL","@id":"https:\/\/gaudiumetspes-blog.pl\/#\/schema\/person\/image\/","url":"https:\/\/gaudiumetspes-blog.pl\/wp-content\/uploads\/2019\/07\/avatar-JJ-150x150.jpg","contentUrl":"https:\/\/gaudiumetspes-blog.pl\/wp-content\/uploads\/2019\/07\/avatar-JJ-150x150.jpg","caption":"Ks. Jacek"},"description":"Witam serdecznie! K\u0142ania si\u0119 Ks. Jacek Ja\u015bkowski. Nie jestem ani kim\u015b wa\u017cnym, ani kim\u015b znanym. Jestem ksi\u0119dzem, kt\u00f3ry po prostu chce rozmawia\u0107. Codzienna kap\u0142a\u0144ska pos\u0142uga pokazuje mi, \u017ce temat\u00f3w do rozm\u00f3w z ksi\u0119dzem jest coraz wi\u0119cej i dzisiaj \u017caden ksi\u0105dz nie mo\u017ce od nich ucieka\u0107, ale - wprost przeciwnie - podejmowa\u0107 nowe wyzwania. To przekonanie sk\u0142oni\u0142o mnie do pr\u00f3by otwarcia tego\u017c bloga, chocia\u017c okazji do rozm\u00f3w na co dzie\u0144 - w konfesjonale i poza nim - na szcz\u0119\u015bcie nie brakuje. My\u015bl\u0119 jednak, \u017ce ten blog b\u0119dzie jeszcze jednym sposobem i przestrzeni\u0105 nawi\u0105zania kontaktu z lud\u017ami dobrej woli, otwartymi na dialog.","url":"https:\/\/gaudiumetspes-blog.pl\/index.php\/author\/ks-jacek\/"}]}},"jetpack_featured_media_url":"","jetpack_sharing_enabled":true,"_links":{"self":[{"href":"https:\/\/gaudiumetspes-blog.pl\/index.php\/wp-json\/wp\/v2\/posts\/16497","targetHints":{"allow":["GET"]}}],"collection":[{"href":"https:\/\/gaudiumetspes-blog.pl\/index.php\/wp-json\/wp\/v2\/posts"}],"about":[{"href":"https:\/\/gaudiumetspes-blog.pl\/index.php\/wp-json\/wp\/v2\/types\/post"}],"author":[{"embeddable":true,"href":"https:\/\/gaudiumetspes-blog.pl\/index.php\/wp-json\/wp\/v2\/users\/1"}],"replies":[{"embeddable":true,"href":"https:\/\/gaudiumetspes-blog.pl\/index.php\/wp-json\/wp\/v2\/comments?post=16497"}],"version-history":[{"count":1,"href":"https:\/\/gaudiumetspes-blog.pl\/index.php\/wp-json\/wp\/v2\/posts\/16497\/revisions"}],"predecessor-version":[{"id":16498,"href":"https:\/\/gaudiumetspes-blog.pl\/index.php\/wp-json\/wp\/v2\/posts\/16497\/revisions\/16498"}],"wp:attachment":[{"href":"https:\/\/gaudiumetspes-blog.pl\/index.php\/wp-json\/wp\/v2\/media?parent=16497"}],"wp:term":[{"taxonomy":"category","embeddable":true,"href":"https:\/\/gaudiumetspes-blog.pl\/index.php\/wp-json\/wp\/v2\/categories?post=16497"},{"taxonomy":"post_tag","embeddable":true,"href":"https:\/\/gaudiumetspes-blog.pl\/index.php\/wp-json\/wp\/v2\/tags?post=16497"}],"curies":[{"name":"wp","href":"https:\/\/api.w.org\/{rel}","templated":true}]}}