{"id":16616,"date":"2020-02-29T07:34:50","date_gmt":"2020-02-29T06:34:50","guid":{"rendered":"https:\/\/gaudiumetspes-blog.pl\/?p=16616"},"modified":"2020-02-29T07:34:50","modified_gmt":"2020-02-29T06:34:50","slug":"czas-odbudowy","status":"publish","type":"post","link":"https:\/\/gaudiumetspes-blog.pl\/index.php\/2020\/02\/29\/czas-odbudowy\/","title":{"rendered":"Czas odbudowy!"},"content":{"rendered":"<p align=\"justify\"><span style=\"color: #000000;\"><span style=\"font-family: Book Antiqua, serif;\"><span style=\"font-size: large;\">Szcz\u0119\u015b\u0107 Bo\u017ce! Moi Drodzy, w dniu wczorajszym wypad\u0142a <b>si\u00f3dma rocznica zako\u0144czenia wielkiego i \u015bwiat\u0142ego Pontyfikatu Benedykta XVI. Nie wiem, jak Wy, ale ja ci\u0105gle mam w pami\u0119ci tamten dzie\u0144 i to wszystko, co wtedy prze\u017cywa\u0142em. Z perspektywy czasu jeszcze <\/b><b>wyra\u017aniej<\/b><b> wida\u0107, jak wielkim dobrem dla Ko\u015bcio\u0142a by\u0142 ten Pontyfikat. Niech Pan b\u0142ogos\u0142awi Ojcu \u015awi\u0119temu Seniorowi Benedyktowi XVI i da Mu to, czego teraz najbardziej potrzebuje. A pos\u0142uga i nauczanie Benedykta XVI, a wcze\u015bniej Josepha Ratzingera, <\/b><b>oby <\/b><b>dobrze s\u0142u\u017c<\/b><b>y\u0142y<\/b><b> Ko\u015bcio\u0142owi. Pom\u00f3dlmy si\u0119 dzi\u015b \u2013 i nie tylko dzi\u015b \u2013 za Papie\u017ca Seniora!<\/b><\/span><\/span><\/span><\/p>\n<p align=\"justify\"><span style=\"color: #000000;\"><span style=\"font-family: Book Antiqua, serif;\"><span style=\"font-size: large;\">Moi Drodzy, bardzo serdecznie dzi\u0119kujemy Ksi\u0119dzu Markowi, Ksi\u0119dzu Paw\u0142owi i Siostrze Teresie za wczorajsze s\u0142\u00f3wko z Syberii! Dzi\u0119ki za rozwa\u017canie Bo\u017cego s\u0142owa i za relacj\u0119 z duszpasterskich dzia\u0142a\u0144 nie tylko w Surgucie, ale i na skal\u0119 ca\u0142ej Diecezji. Rzeczywi\u015bcie, jest za co i o co si\u0119 modli\u0107! Moi Drodzy, zapami\u0119tajmy t\u0119 list\u0119 wa\u017cnych spraw, kt\u00f3re Ksi\u0105dz Marek wyliczy\u0142 \u2013 i wszystkie je powierzajmy Bogu w serdecznej modlitwie!<\/span><\/span><\/span><\/p>\n<p align=\"justify\"><span style=\"color: #000000;\"><span style=\"font-family: Book Antiqua, serif;\"><span style=\"font-size: large;\">A przy okazji \u2013 przypominam o naszej Wielkiej Ksi\u0119dze Intencji. Zach\u0119cam te\u017c do duchowej \u0142\u0105czno\u015bci ze mn\u0105, przez odm\u00f3wienie \u201eOjcze nasz\u201d o godzinie 20:00. Pami\u0119tajmy o Chorych, w tym tak\u017ce o naszej drogiej Annie, kt\u00f3ra przechodzi rekonwalescencj\u0119 po zabiegu.<\/span><\/span><\/span><\/p>\n<p align=\"justify\"><span style=\"color: #000000;\"><span style=\"font-family: Book Antiqua, serif;\"><span style=\"font-size: large;\">Niech Pan nam wszystkim b\u0142ogos\u0142awi w tym \u015bwi\u0119tym czasie \u2013 czasie odbudowy ducha!<\/span><\/span><\/span><\/p>\n<p align=\"center\"><span style=\"color: #000000;\"><span style=\"font-family: Book Antiqua, serif;\"><span style=\"font-size: large;\">Gaudium et spes! Ks. Jacek<\/span><\/span><\/span><\/p>\n<p align=\"center\">\n<p align=\"center\">\n<p align=\"center\">\n<p align=\"center\">\n<p align=\"center\">\n<p><span style=\"color: #000000;\"><span style=\"font-family: Book Antiqua, serif;\"><span style=\"font-size: large;\"><b>Sobota po Popielcu,<\/b><\/span><\/span><\/span><\/p>\n<p><span style=\"color: #000000;\"><span style=\"font-family: Book Antiqua, serif;\"><span style=\"font-size: large;\"><b>do czyta\u0144: Iz 58,9b\u201314; \u0141k 5,27\u201332<\/b><\/span><\/span><\/span><\/p>\n<p>&nbsp;<\/p>\n<p>&nbsp;<\/p>\n<p>&nbsp;<\/p>\n<p>&nbsp;<\/p>\n<p>&nbsp;<\/p>\n<p align=\"justify\"><span style=\"color: #000000;\"><span style=\"font-family: Book Antiqua, serif;\"><span style=\"font-size: large;\"><b>CZYTANIE Z KSI\u0118GI PROROKA IZAJASZA: <\/b><\/span><\/span><\/span><\/p>\n<p align=\"justify\"><span style=\"color: #000000;\"><span style=\"font-family: Book Antiqua, serif;\"><span style=\"font-size: large;\"><b>To m\u00f3wi Pan B\u00f3g: \u201eJe\u015bli u siebie usuniesz jarzmo, przestaniesz grozi\u0107 palcem i m\u00f3wi\u0107 przewrotnie, je\u015bli podasz tw\u00f3j chleb zg\u0142odnia\u0142emu i nakarmisz dusz\u0119 przygn\u0119bion\u0105, w\u00f3wczas twe \u015bwiat\u0142o zab\u0142y\u015bnie w ciemno\u015bciach, a twoja ciemno\u015b\u0107 stanie si\u0119 po\u0142udniem. Pan ci\u0119 zawsze prowadzi\u0107 b\u0119dzie, nasyci dusz\u0119 twoj\u0105 na pustkowiach. Odm\u0142odzi twoje ko\u015bci tak, \u017ce b\u0119dziesz jak zroszony ogr\u00f3d i jak \u017ar\u00f3d\u0142o wody, co si\u0119 nie wyczerpie. <\/b><\/span><\/span><\/span><\/p>\n<p align=\"justify\"><span style=\"color: #000000;\"><span style=\"font-family: Book Antiqua, serif;\"><span style=\"font-size: large;\"><b>Twoi ludzie zabuduj\u0105 prastare zwaliska, wzniesiesz budowle z odwiecznych fundament\u00f3w. I b\u0119d\u0105 ci\u0119 nazywa\u0107 Naprawc\u0105 wy\u0142om\u00f3w, Odnowicielem rumowisk na zamieszkanie. <\/b><\/span><\/span><\/span><\/p>\n<p align=\"justify\"><span style=\"color: #000000;\"><span style=\"font-family: Book Antiqua, serif;\"><span style=\"font-size: large;\"><b>Je\u015bli pow\u015bci\u0105gniesz twe nogi od przekraczania szabatu, \u017ceby w dzie\u0144 m\u00f3j \u015bwi\u0119ty spraw swych nie za\u0142atwia\u0107, je\u015bli nazwiesz szabat rozkosz\u0105, a dzie\u0144 \u015bwi\u0119ty Pana czcigodnym, je\u015bli go uszanujesz przez unikanie podr\u00f3\u017cy, tak by nie przeprowadza\u0107 swej woli ani nie omawia\u0107 spraw swoich, wtedy znajdziesz tw\u0105 rozkosz w Panu. Ja ci\u0119 powiod\u0119 w triumfie przez wy\u017cyny kraju, karmi\u0107 ci\u0119 b\u0119d\u0119 dziedzictwem Jakuba, twojego ojca. <\/b><\/span><\/span><\/span><\/p>\n<p align=\"justify\"><span style=\"color: #000000;\"><span style=\"font-family: Book Antiqua, serif;\"><span style=\"font-size: large;\"><b>Albowiem usta Pana to wyrzek\u0142y\u201d.<\/b><\/span><\/span><\/span><\/p>\n<p align=\"justify\">\n<p align=\"justify\">\n<p align=\"justify\">\n<p align=\"justify\">\n<p align=\"justify\">\n<p align=\"justify\"><span style=\"color: #000000;\"><span style=\"font-family: Book Antiqua, serif;\"><span style=\"font-size: large;\"><b>S\u0141OWA EWANGELII WED\u0141UG \u015aWI\u0118TEGO \u0141UKASZA: <\/b><\/span><\/span><\/span><\/p>\n<p align=\"justify\"><span style=\"color: #000000;\"><span style=\"font-family: Book Antiqua, serif;\"><span style=\"font-size: large;\"><b>Jezus zobaczy\u0142 celnika, imieniem Lewi, siedz\u0105cego w komorze celnej. Rzek\u0142 do niego: \u201eP\u00f3jd\u017a za Mn\u0105\u201d. On zostawi\u0142 wszystko, wsta\u0142 i poszed\u0142 za Nim. <\/b><\/span><\/span><\/span><\/p>\n<p align=\"justify\"><span style=\"color: #000000;\"><span style=\"font-family: Book Antiqua, serif;\"><span style=\"font-size: large;\"><b>Potem Lewi sprawi\u0142 dla Niego wielkie przyj\u0119cie u siebie w domu; a by\u0142a spora liczba celnik\u00f3w oraz innych, kt\u00f3rzy zasiadali z nimi do sto\u0142u. Na to szemrali faryzeusze i uczeni ich w Pi\u015bmie i m\u00f3wili do Jego uczni\u00f3w: \u201eDlaczego jecie i pijecie z celnikami i grzesznikami?\u201d <\/b><\/span><\/span><\/span><\/p>\n<p align=\"justify\"><span style=\"color: #000000;\"><span style=\"font-family: Book Antiqua, serif;\"><span style=\"font-size: large;\"><b>Lecz Jezus im odpowiedzia\u0142: \u201eNie potrzebuj\u0105 lekarza zdrowi, ale ci, kt\u00f3rzy si\u0119 \u017ale maj\u0105. Nie przyszed\u0142em wezwa\u0107 do nawr\u00f3cenia sprawiedliwych, lecz grzesznik\u00f3w\u201d.<\/b><\/span><\/span><\/span><\/p>\n<p align=\"justify\">\n<p align=\"justify\">\n<p align=\"justify\">\n<p align=\"justify\">\n<p align=\"justify\">\n<p align=\"justify\"><span style=\"color: #000000;\"><span style=\"font-family: Book Antiqua, serif;\"><span style=\"font-size: large;\">Jak du\u017co <b>zale\u017cy od postawy cz\u0142owieka, <\/b>gdy idzie o bieg spraw na \u015bwiecie. Mo\u017cna powiedzie\u0107, \u017ce im bardziej cz\u0142owiek w swoim \u017cyciu b\u0119dzie <b>pe\u0142ni\u0142 wol\u0119 Bo\u017c\u0105<\/b> i post\u0119powa\u0142 zgodnie z Bo\u017cymi oczekiwaniami, tym bardziej <b>B\u00f3g b\u0119dzie mu b\u0142ogos\u0142awi\u0142<\/b> i nawet t\u0119 rzeczywisto\u015b\u0107 doczesn\u0105 b\u0119dzie czyni\u0142 pi\u0119kniejsz\u0105. <\/span><\/span><\/span><\/p>\n<p align=\"justify\"><span style=\"color: #000000;\"><span style=\"font-family: Book Antiqua, serif;\"><span style=\"font-size: large;\">Naturalnie, ca\u0142y czas mamy na uwadze, \u017ce nie doczesna, a <b>wieczna rzeczywisto\u015b\u0107 jest celem<\/b> naszych d\u0105\u017ce\u0144 i pragnie\u0144, ale i ta doczesna nie jest bez znaczenia. W ko\u0144cu, to ona decyduje o tej wiecznej, jest nam dana przez Boga jako czas, kt\u00f3ry mamy <b>prze\u017cy\u0107 m\u0105drze i sensownie,<\/b> dlatego nie mo\u017cna \u2013 ot, tak \u2013 powiedzie\u0107, \u017ce nie ma znaczenia i si\u0119 nie liczy. Liczy si\u0119, bardzo si\u0119 liczy! <\/span><\/span><\/span><\/p>\n<p align=\"justify\"><span style=\"color: #000000;\"><span style=\"font-family: Book Antiqua, serif;\"><span style=\"font-size: large;\">W ko\u0144cu, jest to <b>ile\u015b lat <\/b>\u2013 wi\u0119cej, lub mniej \u2013 kt\u00f3re trzeba prze\u017cy\u0107 na \u015bwiecie i dobrze by\u0142oby, aby w tym czasie dokona\u0107 jak najwi\u0119cej dobra i prze\u017cy\u0107 jak najwi\u0119cej dobra. Dlatego <b>trzeba i warto si\u0119 stara\u0107,<\/b> aby ow\u0105 doczesn\u0105 rzeczywisto\u015b\u0107 czyni\u0107 pi\u0119kn\u0105. <\/span><\/span><\/span><\/p>\n<p align=\"justify\"><span style=\"color: #000000;\"><span style=\"font-family: Book Antiqua, serif;\"><span style=\"font-size: large;\">I o tym w\u0142a\u015bnie m\u00f3wi B\u00f3g przez Proroka Izajasza \u2013 w dzisiejszym pierwszym czytaniu: <i><b>Je\u015bli u siebie usuniesz jarzmo, przestaniesz grozi\u0107 palcem i m\u00f3wi\u0107 przewrotnie, je\u015bli podasz tw\u00f3j chleb zg\u0142odnia\u0142emu i nakarmisz dusz\u0119 przygn\u0119bion\u0105, w\u00f3wczas twe \u015bwiat\u0142o zab\u0142y\u015bnie w ciemno\u015bciach, a twoja ciemno\u015b\u0107 stanie si\u0119 po\u0142udniem. Pan ci\u0119 zawsze prowadzi\u0107 b\u0119dzie, nasyci dusz\u0119 twoj\u0105 na pustkowiach. Odm\u0142odzi twoje ko\u015bci tak, \u017ce b\u0119dziesz jak zroszony ogr\u00f3d i jak \u017ar\u00f3d\u0142o wody, co si\u0119 nie wyczerpie. <\/b><\/i><\/span><\/span><\/span><\/p>\n<p align=\"justify\"><span style=\"color: #000000;\"><span style=\"font-family: Book Antiqua, serif;\"><span style=\"font-size: large;\">A w nast\u0119pnych zdaniach mamy jasno powiedziane, i\u017c taka postawa nie tylko tworzy dobro, <b>nie tylko buduje<\/b> to, co warto\u015bciowe i dobre, ale te\u017c <b>odbudowuje<\/b> to, co zosta\u0142o zniszczone: <i><b>Twoi ludzie zabuduj\u0105 prastare zwaliska, wzniesiesz budowle z odwiecznych fundament\u00f3w. I b\u0119d\u0105 ci\u0119 nazywa\u0107 Naprawc\u0105 wy\u0142om\u00f3w, Odnowicielem rumowisk na zamieszkanie.<\/b><\/i><b> <\/b>Kolejne zdania przynosz\u0105 ju\u017c konkretne wskazania, jak t\u0119 postaw\u0119 realizowa\u0107, a w\u015br\u00f3d owych wskaza\u0144 mocno podkre\u015blone zosta\u0142o <b>nale\u017cyte prze\u017cywanie szabatu.<\/b> <\/span><\/span><\/span><\/p>\n<p align=\"justify\"><span style=\"color: #000000;\"><span style=\"font-family: Book Antiqua, serif;\"><span style=\"font-size: large;\">I w\u0142a\u015bnie owo pragnienie odbudowywania szczeg\u00f3lnie przy\u015bwieca\u0142o Jezusowi, kiedy <b>wyci\u0105gn\u0105\u0142 Lewiego z jego komory celnej,<\/b> a potem z niema\u0142ym towarzystwem z jego szemranego p\u00f3\u0142\u015bwiatka <b>zasiad\u0142 do sto\u0142u. <\/b>Oczywi\u015bcie, wywo\u0142a\u0142 tym niema\u0142e zgorszenie tych, kt\u00f3rzy tak \u0142atwo gorszyli si\u0119 wszystkim przy ka\u017cdej okazji, a wi\u0119c faryzeusz\u00f3w i uczonych w Pi\u015bmie. Pytali oni Jezusa i Jego uczni\u00f3w: <i><b>Dlaczego jecie i pijecie z celnikami i grzesznikami?<\/b><\/i><b> <\/b><\/span><\/span><\/span><\/p>\n<p align=\"justify\"><span style=\"color: #000000;\"><span style=\"font-family: Book Antiqua, serif;\"><span style=\"font-size: large;\">Odpowied\u017a by\u0142a prosta i poniek\u0105d oczywista: <i><b>Nie potrzebuj\u0105 lekarza zdrowi, ale ci, kt\u00f3rzy si\u0119 \u017ale maj\u0105. Nie przyszed\u0142em wezwa\u0107 do nawr\u00f3cenia sprawiedliwych, lecz grzesznik\u00f3w.<\/b><\/i><b> <\/b>Inaczej mo\u017cna by powiedzie\u0107, \u017ce Jezus <b>przyszed\u0142, aby odbudowywa\u0107.<\/b> Aby odbudowywa\u0107 sfer\u0119 wewn\u0119trzn\u0105 w ludziach, <b>odbudowywa\u0107 ducha, <\/b>odbudowywa\u0107 serca, podnosi\u0107 ich z duchowej ruiny, z duchowych <b>rumowisk<\/b> \u2013 \u017ceby u\u017cy\u0107 okre\u015ble\u0144 z pierwszego czytania. <\/span><\/span><\/span><\/p>\n<p align=\"justify\"><span style=\"color: #000000;\"><span style=\"font-family: Book Antiqua, serif;\"><span style=\"font-size: large;\">I ci, kt\u00f3rzy zechcieli podda\u0107 si\u0119 tej odbudowuj\u0105cej mocy Jezusa, doznali <b>cudu odnowy: <\/b>ich \u017cycie nabra\u0142o nowego, pi\u0119knego kszta\u0142tu. \u017beby to si\u0119 jednak mog\u0142o dokona\u0107 \u2013 i \u017ceby si\u0119 to dzisiaj mog\u0142o dokonywa\u0107 \u2013 potrzeba, aby cz\u0142owiek <b>przede wszystkim dostrzeg\u0142 w sobie<\/b> te sfery, kt\u00f3re odbudowy potrzebuj\u0105; te sfery, w kt\u00f3rych mo\u017ce ju\u017c od dawna panuje ruina, ale<b> on oszukuje si\u0119<\/b> i m\u00f3wi, \u017ce to taki \u201enowoczesny uk\u0142ad architektoniczny\u201d. <\/span><\/span><\/span><\/p>\n<p align=\"justify\"><span style=\"color: #000000;\"><span style=\"font-family: Book Antiqua, serif;\"><span style=\"font-size: large;\">Wydaje si\u0119, \u017ce tak\u0105 w\u0142a\u015bnie strategi\u0119 przyj\u0119li wspomniani przed chwil\u0105 uczeni w Pi\u015bmie i faryzeusze. Mo\u017ce w\u0142a\u015bnie dlatego tak <b>\u201ena pokaz\u201d gorszyli si\u0119<\/b> wszystkim, co czyni\u0142 Jezus, bo <b>chcieli<\/b><b> odwr\u00f3ci\u0107 uwag\u0119<\/b> ca\u0142ego \u015bwiata \u2013 a przede wszystkim: swoj\u0105 \u2013 od tego ba\u0142aganu, od tej ruiny duchowej, od tego rumowiska, kt\u00f3re zalega\u0142o w ich duszach i sercach. Niestety, przy takiej postawie <b>nie da si\u0119 nic odbudowa\u0107<\/b> i cz\u0142owiek sam skazuje si\u0119 na marn\u0105 doczesno\u015b\u0107, a jeszcze marniejsz\u0105 wieczno\u015b\u0107. <\/span><\/span><\/span><\/p>\n<p align=\"justify\"><span style=\"color: #000000;\"><span style=\"font-family: Book Antiqua, serif;\"><span style=\"font-size: large;\">Moi Drodzy, Wielki Post to w\u0142a\u015bnie <b>czas odbudowywania.<\/b> \u017beby si\u0119 jednak za nie zabra\u0107, trzeba najpierw dostrzec, <b>co w moim sercu wymaga odbudowy.<\/b> Dlatego potrzebna jest ocena stanu faktycznego \u2013 porz\u0105dny <b>rachunek sumienia<\/b> i podj\u0119cie <b>konkretnego, <\/b><b>dobre<\/b><b>go<\/b><b> postanowieni<\/b><b>a<\/b><b>. <\/b>Nast\u0119pnie trzeba zgromadzi\u0107 materia\u0142y budowlane i zmobilizowa\u0107 si\u0142y do pracy, a tu nieodzowna b\u0119dzie Spowied\u017a \u015awi\u0119ta, Komunia \u015awi\u0119ta, modlitwa, lektura Pisma \u015awi\u0119tego. <\/span><\/span><\/span><\/p>\n<p align=\"justify\"><span style=\"color: #000000;\"><span style=\"font-family: Book Antiqua, serif;\"><span style=\"font-size: large;\">I kiedy si\u0119 ju\u017c tak rozejrz\u0119 w sytuacji i zaczn\u0119 gromadzi\u0107 si\u0142y i materia\u0142y \u2013 gromadz\u0105c je ca\u0142y czas, bo <b>to jest sta\u0142y proces,<\/b> a nie jednostkowe dzia\u0142anie \u2013 to ju\u017c nie pozostaje nic innego, jak tylko <b>budowa\u0107 i odbudowywa\u0107. <\/b>G\u0142\u00f3wny Budowniczy \u2013 <b>Jezus<\/b> \u2013 wszystkim pokieruje. Wystarczy si\u0119 tylko podda\u0107 Jego kierownictwu. <\/span><\/span><\/span><\/p>\n<p align=\"justify\"><span style=\"color: #000000;\"><span style=\"font-family: Book Antiqua, serif;\"><span style=\"font-size: large;\">Zatem, <b>do pracy! <\/b>To jest najlepszy czas na to!<\/span><\/span><\/span><\/p>\n","protected":false},"excerpt":{"rendered":"<p>Szcz\u0119\u015b\u0107 Bo\u017ce! Moi Drodzy, w dniu wczorajszym wypad\u0142a si\u00f3dma rocznica zako\u0144czenia wielkiego i \u015bwiat\u0142ego Pontyfikatu Benedykta XVI. Nie wiem, jak Wy, ale ja ci\u0105gle mam w pami\u0119ci tamten dzie\u0144 i to wszystko, co wtedy prze\u017cywa\u0142em. Z perspektywy czasu jeszcze wyra\u017aniej wida\u0107, jak wielkim dobrem dla Ko\u015bcio\u0142a by\u0142 ten Pontyfikat. Niech Pan b\u0142ogos\u0142awi Ojcu \u015awi\u0119temu Seniorowi [&hellip;]<\/p>\n","protected":false},"author":1,"featured_media":0,"comment_status":"open","ping_status":"open","sticky":false,"template":"","format":"standard","meta":{"jetpack_post_was_ever_published":false,"_jetpack_newsletter_access":"","_jetpack_dont_email_post_to_subs":false,"_jetpack_newsletter_tier_id":0,"_jetpack_memberships_contains_paywalled_content":false,"_jetpack_memberships_contains_paid_content":false,"footnotes":""},"categories":[1],"tags":[],"class_list":["post-16616","post","type-post","status-publish","format-standard","hentry","category-bez-kategorii"],"yoast_head":"<!-- This site is optimized with the Yoast SEO plugin v25.1 - https:\/\/yoast.com\/wordpress\/plugins\/seo\/ -->\n<title>Czas odbudowy! - Gaudium Et Spes<\/title>\n<meta name=\"robots\" content=\"index, follow, max-snippet:-1, max-image-preview:large, max-video-preview:-1\" \/>\n<link rel=\"canonical\" href=\"https:\/\/gaudiumetspes-blog.pl\/index.php\/2020\/02\/29\/czas-odbudowy\/\" \/>\n<meta property=\"og:locale\" content=\"pl_PL\" \/>\n<meta property=\"og:type\" content=\"article\" \/>\n<meta property=\"og:title\" content=\"Czas odbudowy! - Gaudium Et Spes\" \/>\n<meta property=\"og:description\" content=\"Szcz\u0119\u015b\u0107 Bo\u017ce! Moi Drodzy, w dniu wczorajszym wypad\u0142a si\u00f3dma rocznica zako\u0144czenia wielkiego i \u015bwiat\u0142ego Pontyfikatu Benedykta XVI. Nie wiem, jak Wy, ale ja ci\u0105gle mam w pami\u0119ci tamten dzie\u0144 i to wszystko, co wtedy prze\u017cywa\u0142em. Z perspektywy czasu jeszcze wyra\u017aniej wida\u0107, jak wielkim dobrem dla Ko\u015bcio\u0142a by\u0142 ten Pontyfikat. Niech Pan b\u0142ogos\u0142awi Ojcu \u015awi\u0119temu Seniorowi [&hellip;]\" \/>\n<meta property=\"og:url\" content=\"https:\/\/gaudiumetspes-blog.pl\/index.php\/2020\/02\/29\/czas-odbudowy\/\" \/>\n<meta property=\"og:site_name\" content=\"Gaudium Et Spes\" \/>\n<meta property=\"article:published_time\" content=\"2020-02-29T06:34:50+00:00\" \/>\n<meta name=\"author\" content=\"Ks. Jacek\" \/>\n<meta name=\"twitter:card\" content=\"summary_large_image\" \/>\n<meta name=\"twitter:label1\" content=\"Napisane przez\" \/>\n\t<meta name=\"twitter:data1\" content=\"Ks. Jacek\" \/>\n\t<meta name=\"twitter:label2\" content=\"Szacowany czas czytania\" \/>\n\t<meta name=\"twitter:data2\" content=\"7 minut\" \/>\n<script type=\"application\/ld+json\" class=\"yoast-schema-graph\">{\"@context\":\"https:\/\/schema.org\",\"@graph\":[{\"@type\":\"WebPage\",\"@id\":\"https:\/\/gaudiumetspes-blog.pl\/index.php\/2020\/02\/29\/czas-odbudowy\/\",\"url\":\"https:\/\/gaudiumetspes-blog.pl\/index.php\/2020\/02\/29\/czas-odbudowy\/\",\"name\":\"Czas odbudowy! - Gaudium Et Spes\",\"isPartOf\":{\"@id\":\"https:\/\/gaudiumetspes-blog.pl\/#website\"},\"datePublished\":\"2020-02-29T06:34:50+00:00\",\"author\":{\"@id\":\"https:\/\/gaudiumetspes-blog.pl\/#\/schema\/person\/1661982992b752dea8dff0d4ed845a65\"},\"breadcrumb\":{\"@id\":\"https:\/\/gaudiumetspes-blog.pl\/index.php\/2020\/02\/29\/czas-odbudowy\/#breadcrumb\"},\"inLanguage\":\"pl-PL\",\"potentialAction\":[{\"@type\":\"ReadAction\",\"target\":[\"https:\/\/gaudiumetspes-blog.pl\/index.php\/2020\/02\/29\/czas-odbudowy\/\"]}]},{\"@type\":\"BreadcrumbList\",\"@id\":\"https:\/\/gaudiumetspes-blog.pl\/index.php\/2020\/02\/29\/czas-odbudowy\/#breadcrumb\",\"itemListElement\":[{\"@type\":\"ListItem\",\"position\":1,\"name\":\"Strona g\u0142\u00f3wna\",\"item\":\"https:\/\/gaudiumetspes-blog.pl\/\"},{\"@type\":\"ListItem\",\"position\":2,\"name\":\"Czas odbudowy!\"}]},{\"@type\":\"WebSite\",\"@id\":\"https:\/\/gaudiumetspes-blog.pl\/#website\",\"url\":\"https:\/\/gaudiumetspes-blog.pl\/\",\"name\":\"Gaudium Et Spes\",\"description\":\"Blog Ks. Jacka Ja\u015bkowskiego\",\"potentialAction\":[{\"@type\":\"SearchAction\",\"target\":{\"@type\":\"EntryPoint\",\"urlTemplate\":\"https:\/\/gaudiumetspes-blog.pl\/?s={search_term_string}\"},\"query-input\":{\"@type\":\"PropertyValueSpecification\",\"valueRequired\":true,\"valueName\":\"search_term_string\"}}],\"inLanguage\":\"pl-PL\"},{\"@type\":\"Person\",\"@id\":\"https:\/\/gaudiumetspes-blog.pl\/#\/schema\/person\/1661982992b752dea8dff0d4ed845a65\",\"name\":\"Ks. Jacek\",\"image\":{\"@type\":\"ImageObject\",\"inLanguage\":\"pl-PL\",\"@id\":\"https:\/\/gaudiumetspes-blog.pl\/#\/schema\/person\/image\/\",\"url\":\"https:\/\/gaudiumetspes-blog.pl\/wp-content\/uploads\/2019\/07\/avatar-JJ-150x150.jpg\",\"contentUrl\":\"https:\/\/gaudiumetspes-blog.pl\/wp-content\/uploads\/2019\/07\/avatar-JJ-150x150.jpg\",\"caption\":\"Ks. Jacek\"},\"description\":\"Witam serdecznie! K\u0142ania si\u0119 Ks. Jacek Ja\u015bkowski. Nie jestem ani kim\u015b wa\u017cnym, ani kim\u015b znanym. Jestem ksi\u0119dzem, kt\u00f3ry po prostu chce rozmawia\u0107. Codzienna kap\u0142a\u0144ska pos\u0142uga pokazuje mi, \u017ce temat\u00f3w do rozm\u00f3w z ksi\u0119dzem jest coraz wi\u0119cej i dzisiaj \u017caden ksi\u0105dz nie mo\u017ce od nich ucieka\u0107, ale - wprost przeciwnie - podejmowa\u0107 nowe wyzwania. To przekonanie sk\u0142oni\u0142o mnie do pr\u00f3by otwarcia tego\u017c bloga, chocia\u017c okazji do rozm\u00f3w na co dzie\u0144 - w konfesjonale i poza nim - na szcz\u0119\u015bcie nie brakuje. My\u015bl\u0119 jednak, \u017ce ten blog b\u0119dzie jeszcze jednym sposobem i przestrzeni\u0105 nawi\u0105zania kontaktu z lud\u017ami dobrej woli, otwartymi na dialog.\",\"url\":\"https:\/\/gaudiumetspes-blog.pl\/index.php\/author\/ks-jacek\/\"}]}<\/script>\n<!-- \/ Yoast SEO plugin. -->","yoast_head_json":{"title":"Czas odbudowy! - Gaudium Et Spes","robots":{"index":"index","follow":"follow","max-snippet":"max-snippet:-1","max-image-preview":"max-image-preview:large","max-video-preview":"max-video-preview:-1"},"canonical":"https:\/\/gaudiumetspes-blog.pl\/index.php\/2020\/02\/29\/czas-odbudowy\/","og_locale":"pl_PL","og_type":"article","og_title":"Czas odbudowy! - Gaudium Et Spes","og_description":"Szcz\u0119\u015b\u0107 Bo\u017ce! Moi Drodzy, w dniu wczorajszym wypad\u0142a si\u00f3dma rocznica zako\u0144czenia wielkiego i \u015bwiat\u0142ego Pontyfikatu Benedykta XVI. Nie wiem, jak Wy, ale ja ci\u0105gle mam w pami\u0119ci tamten dzie\u0144 i to wszystko, co wtedy prze\u017cywa\u0142em. Z perspektywy czasu jeszcze wyra\u017aniej wida\u0107, jak wielkim dobrem dla Ko\u015bcio\u0142a by\u0142 ten Pontyfikat. Niech Pan b\u0142ogos\u0142awi Ojcu \u015awi\u0119temu Seniorowi [&hellip;]","og_url":"https:\/\/gaudiumetspes-blog.pl\/index.php\/2020\/02\/29\/czas-odbudowy\/","og_site_name":"Gaudium Et Spes","article_published_time":"2020-02-29T06:34:50+00:00","author":"Ks. Jacek","twitter_card":"summary_large_image","twitter_misc":{"Napisane przez":"Ks. Jacek","Szacowany czas czytania":"7 minut"},"schema":{"@context":"https:\/\/schema.org","@graph":[{"@type":"WebPage","@id":"https:\/\/gaudiumetspes-blog.pl\/index.php\/2020\/02\/29\/czas-odbudowy\/","url":"https:\/\/gaudiumetspes-blog.pl\/index.php\/2020\/02\/29\/czas-odbudowy\/","name":"Czas odbudowy! - Gaudium Et Spes","isPartOf":{"@id":"https:\/\/gaudiumetspes-blog.pl\/#website"},"datePublished":"2020-02-29T06:34:50+00:00","author":{"@id":"https:\/\/gaudiumetspes-blog.pl\/#\/schema\/person\/1661982992b752dea8dff0d4ed845a65"},"breadcrumb":{"@id":"https:\/\/gaudiumetspes-blog.pl\/index.php\/2020\/02\/29\/czas-odbudowy\/#breadcrumb"},"inLanguage":"pl-PL","potentialAction":[{"@type":"ReadAction","target":["https:\/\/gaudiumetspes-blog.pl\/index.php\/2020\/02\/29\/czas-odbudowy\/"]}]},{"@type":"BreadcrumbList","@id":"https:\/\/gaudiumetspes-blog.pl\/index.php\/2020\/02\/29\/czas-odbudowy\/#breadcrumb","itemListElement":[{"@type":"ListItem","position":1,"name":"Strona g\u0142\u00f3wna","item":"https:\/\/gaudiumetspes-blog.pl\/"},{"@type":"ListItem","position":2,"name":"Czas odbudowy!"}]},{"@type":"WebSite","@id":"https:\/\/gaudiumetspes-blog.pl\/#website","url":"https:\/\/gaudiumetspes-blog.pl\/","name":"Gaudium Et Spes","description":"Blog Ks. Jacka Ja\u015bkowskiego","potentialAction":[{"@type":"SearchAction","target":{"@type":"EntryPoint","urlTemplate":"https:\/\/gaudiumetspes-blog.pl\/?s={search_term_string}"},"query-input":{"@type":"PropertyValueSpecification","valueRequired":true,"valueName":"search_term_string"}}],"inLanguage":"pl-PL"},{"@type":"Person","@id":"https:\/\/gaudiumetspes-blog.pl\/#\/schema\/person\/1661982992b752dea8dff0d4ed845a65","name":"Ks. Jacek","image":{"@type":"ImageObject","inLanguage":"pl-PL","@id":"https:\/\/gaudiumetspes-blog.pl\/#\/schema\/person\/image\/","url":"https:\/\/gaudiumetspes-blog.pl\/wp-content\/uploads\/2019\/07\/avatar-JJ-150x150.jpg","contentUrl":"https:\/\/gaudiumetspes-blog.pl\/wp-content\/uploads\/2019\/07\/avatar-JJ-150x150.jpg","caption":"Ks. Jacek"},"description":"Witam serdecznie! K\u0142ania si\u0119 Ks. Jacek Ja\u015bkowski. Nie jestem ani kim\u015b wa\u017cnym, ani kim\u015b znanym. Jestem ksi\u0119dzem, kt\u00f3ry po prostu chce rozmawia\u0107. Codzienna kap\u0142a\u0144ska pos\u0142uga pokazuje mi, \u017ce temat\u00f3w do rozm\u00f3w z ksi\u0119dzem jest coraz wi\u0119cej i dzisiaj \u017caden ksi\u0105dz nie mo\u017ce od nich ucieka\u0107, ale - wprost przeciwnie - podejmowa\u0107 nowe wyzwania. To przekonanie sk\u0142oni\u0142o mnie do pr\u00f3by otwarcia tego\u017c bloga, chocia\u017c okazji do rozm\u00f3w na co dzie\u0144 - w konfesjonale i poza nim - na szcz\u0119\u015bcie nie brakuje. My\u015bl\u0119 jednak, \u017ce ten blog b\u0119dzie jeszcze jednym sposobem i przestrzeni\u0105 nawi\u0105zania kontaktu z lud\u017ami dobrej woli, otwartymi na dialog.","url":"https:\/\/gaudiumetspes-blog.pl\/index.php\/author\/ks-jacek\/"}]}},"jetpack_featured_media_url":"","jetpack_sharing_enabled":true,"_links":{"self":[{"href":"https:\/\/gaudiumetspes-blog.pl\/index.php\/wp-json\/wp\/v2\/posts\/16616","targetHints":{"allow":["GET"]}}],"collection":[{"href":"https:\/\/gaudiumetspes-blog.pl\/index.php\/wp-json\/wp\/v2\/posts"}],"about":[{"href":"https:\/\/gaudiumetspes-blog.pl\/index.php\/wp-json\/wp\/v2\/types\/post"}],"author":[{"embeddable":true,"href":"https:\/\/gaudiumetspes-blog.pl\/index.php\/wp-json\/wp\/v2\/users\/1"}],"replies":[{"embeddable":true,"href":"https:\/\/gaudiumetspes-blog.pl\/index.php\/wp-json\/wp\/v2\/comments?post=16616"}],"version-history":[{"count":1,"href":"https:\/\/gaudiumetspes-blog.pl\/index.php\/wp-json\/wp\/v2\/posts\/16616\/revisions"}],"predecessor-version":[{"id":16617,"href":"https:\/\/gaudiumetspes-blog.pl\/index.php\/wp-json\/wp\/v2\/posts\/16616\/revisions\/16617"}],"wp:attachment":[{"href":"https:\/\/gaudiumetspes-blog.pl\/index.php\/wp-json\/wp\/v2\/media?parent=16616"}],"wp:term":[{"taxonomy":"category","embeddable":true,"href":"https:\/\/gaudiumetspes-blog.pl\/index.php\/wp-json\/wp\/v2\/categories?post=16616"},{"taxonomy":"post_tag","embeddable":true,"href":"https:\/\/gaudiumetspes-blog.pl\/index.php\/wp-json\/wp\/v2\/tags?post=16616"}],"curies":[{"name":"wp","href":"https:\/\/api.w.org\/{rel}","templated":true}]}}