{"id":16623,"date":"2020-03-02T07:58:55","date_gmt":"2020-03-02T06:58:55","guid":{"rendered":"https:\/\/gaudiumetspes-blog.pl\/?p=16623"},"modified":"2020-03-02T07:58:55","modified_gmt":"2020-03-02T06:58:55","slug":"bedziemy-sadzeni-z-konkretu","status":"publish","type":"post","link":"https:\/\/gaudiumetspes-blog.pl\/index.php\/2020\/03\/02\/bedziemy-sadzeni-z-konkretu\/","title":{"rendered":"B\u0119dziemy s\u0105dzeni&#8230; z konkretu!"},"content":{"rendered":"<p align=\"justify\"><span style=\"color: #000000;\"><span style=\"font-family: Book Antiqua, serif;\"><span style=\"font-size: large;\">Szcz\u0119\u015b\u0107 Bo\u017ce! Moi Drodzy, serdecznie pozdrawiam i \u017cycz\u0119 b\u0142ogos\u0142awionego dnia i tygodnia!<\/span><\/span><\/span><\/p>\n<p align=\"center\"><span style=\"color: #000000;\"><span style=\"font-family: Book Antiqua, serif;\"><span style=\"font-size: large;\">Gaudium et spes! Ks. Jacek<\/span><\/span><\/span><\/p>\n<p align=\"center\">\n<p align=\"center\">\n<p align=\"center\">\n<p align=\"center\">\n<p align=\"center\">\n<p align=\"justify\"><span style=\"color: #000000;\"><span style=\"font-family: Book Antiqua, serif;\"><span style=\"font-size: large;\"><b>Poniedzia\u0142ek 1 Tygodnia Wielkiego Postu,<\/b><\/span><\/span><\/span><\/p>\n<p align=\"justify\"><span style=\"color: #000000;\"><span style=\"font-family: Book Antiqua, serif;\"><span style=\"font-size: large;\"><b>do czyta\u0144: Kp\u0142 19,1\u20132.11\u201318; Mt 25,31\u201346<\/b><\/span><\/span><\/span><\/p>\n<p align=\"justify\">\n<p align=\"justify\">\n<p align=\"justify\">\n<p align=\"justify\">\n<p align=\"justify\">\n<p align=\"justify\"><span style=\"color: #000000;\"><span style=\"font-family: Book Antiqua, serif;\"><span style=\"font-size: large;\"><b>CZYTANIE Z KSI\u0118GI KAP\u0141A\u0143SKIEJ: <\/b><\/span><\/span><\/span><\/p>\n<p align=\"justify\"><span style=\"color: #000000;\"><span style=\"font-family: Book Antiqua, serif;\"><span style=\"font-size: large;\"><b>Pan powiedzia\u0142 do Moj\u017cesza: \u201eM\u00f3w do ca\u0142ej spo\u0142eczno\u015bci syn\u00f3w Izraela i powiedz im: <\/b><\/span><\/span><\/span><\/p>\n<p align=\"justify\"><span style=\"color: #000000;\"><span style=\"font-family: Book Antiqua, serif;\"><span style=\"font-size: large;\"><b>\u00abB\u0105d\u017acie \u015bwi\u0119tymi, bo Ja jestem \u015bwi\u0119ty, Pan, B\u00f3g wasz. <\/b><\/span><\/span><\/span><\/p>\n<p align=\"justify\"><span style=\"color: #000000;\"><span style=\"font-family: Book Antiqua, serif;\"><span style=\"font-size: large;\"><b>Nie b\u0119dziecie kra\u015b\u0107, nie b\u0119dziecie k\u0142ama\u0107, nie b\u0119dziecie oszukiwa\u0107 jeden drugiego. Nie b\u0119dziecie przysi\u0119ga\u0107 fa\u0142szywie na moje imi\u0119. By\u0142oby to zbezczeszczeniem imienia Boga twego. Ja jestem Pan. <\/b><\/span><\/span><\/span><\/p>\n<p align=\"justify\"><span style=\"color: #000000;\"><span style=\"font-family: Book Antiqua, serif;\"><span style=\"font-size: large;\"><b>Nie b\u0119dziesz uciska\u0142 bli\u017aniego, nie b\u0119dziesz go wyzyskiwa\u0142. Zap\u0142ata najemnika nie b\u0119dzie pozostawa\u0107 w twoim domu przez noc a\u017c do poranka. Nie b\u0119dziesz z\u0142orzeczy\u0142 g\u0142uchemu. Nie b\u0119dziesz k\u0142ad\u0142 przeszkody przed niewidomym, ale b\u0119dziesz si\u0119 ba\u0142 Boga twego. Ja jestem Pan. <\/b><\/span><\/span><\/span><\/p>\n<p align=\"justify\"><span style=\"color: #000000;\"><span style=\"font-family: Book Antiqua, serif;\"><span style=\"font-size: large;\"><b>Nie b\u0119dziesz wydawa\u0107 niesprawiedliwych wyrok\u00f3w. Nie b\u0119dziesz stronniczym na korzy\u015b\u0107 ubogiego ani nie b\u0119dziesz mia\u0142 wzgl\u0119d\u00f3w dla bogatego, sprawiedliwie b\u0119dziesz s\u0105dzi\u0142 bli\u017aniego. Nie b\u0119dziesz szerzy\u0142 oszczerstw mi\u0119dzy krewnymi, nie b\u0119dziesz czyha\u0142 na \u017cycie bli\u017aniego. Ja jestem Pan. <\/b><\/span><\/span><\/span><\/p>\n<p align=\"justify\"><span style=\"color: #000000;\"><span style=\"font-family: Book Antiqua, serif;\"><span style=\"font-size: large;\"><b>Nie b\u0119dziesz \u017cywi\u0142 w sercu nienawi\u015bci do brata. B\u0119dziesz upomina\u0142 bli\u017aniego, aby nie zaci\u0105gn\u0105\u0107 winy z jego powodu. Nie b\u0119dziesz m\u015bciwy, nie b\u0119dziesz \u017cywi\u0142 urazy do syn\u00f3w twego ludu, ale b\u0119dziesz kocha\u0142 bli\u017aniego jak siebie samego. Ja jestem Pan\u00bb\u201d.<\/b><\/span><\/span><\/span><\/p>\n<p align=\"justify\">\n<p align=\"justify\">\n<p align=\"justify\">\n<p align=\"justify\">\n<p align=\"justify\">\n<p align=\"justify\"><span style=\"color: #000000;\"><span style=\"font-family: Book Antiqua, serif;\"><span style=\"font-size: large;\"><b>S\u0141OWA EWANGELII WED\u0141UG \u015aWI\u0118TEGO MATEUSZA: <\/b><\/span><\/span><\/span><\/p>\n<p align=\"justify\"><span style=\"color: #000000;\"><span style=\"font-family: Book Antiqua, serif;\"><span style=\"font-size: large;\"><b>Jezus powiedzia\u0142 do swoich uczni\u00f3w: \u201eGdy Syn Cz\u0142owieczy przyjdzie w swej chwale i wszyscy anio\u0142owie z Nim, wtedy zasi\u0105dzie na swoim tronie, pe\u0142nym chwa\u0142y. I zgromadz\u0105 si\u0119 przed Nim wszystkie narody, a On oddzieli jedne od drugich, jak pasterz oddziela owce od koz\u0142\u00f3w. Owce postawi po prawej, a koz\u0142y po swojej lewej stronie. <\/b><\/span><\/span><\/span><\/p>\n<p align=\"justify\"><span style=\"color: #000000;\"><span style=\"font-family: Book Antiqua, serif;\"><span style=\"font-size: large;\"><b>Wtedy odezwie si\u0119 Kr\u00f3l do tych po prawej stronie: \u00abP\u00f3jd\u017acie, b\u0142ogos\u0142awieni Ojca mojego, we\u017acie w posiadanie kr\u00f3lestwo, przygotowane wam od za\u0142o\u017cenia \u015bwiata. Bo by\u0142em g\u0142odny, a dali\u015bcie Mi je\u015b\u0107; by\u0142em spragniony, a dali\u015bcie Mi pi\u0107; by\u0142em przybyszem, a przyj\u0119li\u015bcie Mnie; by\u0142em nagi, a przyodziali\u015bcie Mnie; by\u0142em chory, a odwiedzili\u015bcie Mnie; by\u0142em w wi\u0119zieniu, a przyszli\u015bcie do Mnie\u00bb. <\/b><\/span><\/span><\/span><\/p>\n<p align=\"justify\"><span style=\"color: #000000;\"><span style=\"font-family: Book Antiqua, serif;\"><span style=\"font-size: large;\"><b>W\u00f3wczas zapytaj\u0105 sprawiedliwi: \u00abPanie, kiedy widzieli\u015bmy Ci\u0119 g\u0142odnym i nakarmili\u015bmy Ciebie? spragnionym i dali\u015bmy Ci pi\u0107? Kiedy widzieli\u015bmy Ci\u0119 przybyszem i przyj\u0119li\u015bmy Ci\u0119? lub nagim i przyodziali\u015bmy Ci\u0119? Kiedy widzieli\u015bmy Ci\u0119 chorym lub w wi\u0119zieniu i przyszli\u015bmy do Ciebie?\u00bb <\/b><\/span><\/span><\/span><\/p>\n<p align=\"justify\"><span style=\"color: #000000;\"><span style=\"font-family: Book Antiqua, serif;\"><span style=\"font-size: large;\"><b>A Kr\u00f3l im odpowie: \u00abZaprawd\u0119, powiadam wam: Wszystko, co uczynili\u015bcie jednemu z tych braci moich najmniejszych, Mnie\u015bcie uczynili\u00bb. <\/b><\/span><\/span><\/span><\/p>\n<p align=\"justify\"><span style=\"color: #000000;\"><span style=\"font-family: Book Antiqua, serif;\"><span style=\"font-size: large;\"><b>Wtedy odezwie si\u0119 do tych po lewej stronie: \u00abId\u017acie precz ode Mnie, przekl\u0119ci, w ogie\u0144 wieczny, przygotowany diab\u0142u i jego anio\u0142om. Bo by\u0142em g\u0142odny, a nie dali\u015bcie Mi je\u015b\u0107; by\u0142em spragniony, a nie dali\u015bcie Mi pi\u0107; by\u0142em przybyszem, a nie przyj\u0119li\u015bcie Mnie; by\u0142em chory i w wi\u0119zieniu, a nie odwiedzili\u015bcie Mnie\u00bb. <\/b><\/span><\/span><\/span><\/p>\n<p align=\"justify\"><span style=\"color: #000000;\"><span style=\"font-family: Book Antiqua, serif;\"><span style=\"font-size: large;\"><b>W\u00f3wczas zapytaj\u0105 i ci: \u00abPanie, kiedy widzieli\u015bmy Ci\u0119 g\u0142odnym albo spragnionym, albo przybyszem, albo nagim, kiedy chorym albo w wi\u0119zieniu, a nie us\u0142u\u017cyli\u015bmy Tobie?\u00bb <\/b><\/span><\/span><\/span><\/p>\n<p align=\"justify\"><span style=\"color: #000000;\"><span style=\"font-family: Book Antiqua, serif;\"><span style=\"font-size: large;\"><b>Wtedy im odpowie: \u00abZaprawd\u0119 powiadam wam: Wszystko, czego nie uczynili\u015bcie jednemu z tych najmniejszych, tego\u015bcie i Mnie nie uczynili\u00bb. <\/b><\/span><\/span><\/span><\/p>\n<p align=\"justify\"><span style=\"color: #000000;\"><span style=\"font-family: Book Antiqua, serif;\"><span style=\"font-size: large;\"><b>I p\u00f3jd\u0105 ci na m\u0119k\u0119 wieczn\u0105, sprawiedliwi za\u015b do \u017cycia wiecznego\u201d.<\/b><\/span><\/span><\/span><\/p>\n<p align=\"justify\">\n<p align=\"justify\">\n<p align=\"justify\">\n<p align=\"justify\">\n<p align=\"justify\">\n<p align=\"justify\"><span style=\"color: #000000;\"><span style=\"font-family: Book Antiqua, serif;\"><span style=\"font-size: large;\">Kiedy tak uwa\u017cnie s\u0142uchamy obu dzisiejszych czyta\u0144 mszalnych, to z pewno\u015bci\u0105 zauwa\u017cymy, \u017ce ich <b>s\u0142owem \u2013 kluczem,<\/b> a jednocze\u015bnie s\u0142owem, kt\u00f3rym mo\u017cna by oba czytania najkr\u00f3cej, a jednocze\u015bnie najlepiej stre\u015bci\u0107, jest s\u0142owo: <b>konkret. <\/b>Wyra\u017anie rzuca si\u0119 to w oczy nawet niezbyt uwa\u017cnemu czytelnikowi. <\/span><\/span><\/span><\/p>\n<p align=\"justify\"><span style=\"color: #000000;\"><span style=\"font-family: Book Antiqua, serif;\"><span style=\"font-size: large;\">Oto bowiem, w pierwszym czytaniu, zaraz na pocz\u0105tku, s\u0142yszymy zdanie: <i><b>B\u0105d\u017acie \u015bwi\u0119tymi, bo Ja jestem \u015bwi\u0119ty, Pan, B\u00f3g wasz,<\/b><\/i><b> <\/b>po czym nast\u0119puje d\u0142uga lista bardzo szczeg\u00f3\u0142owych nakaz\u00f3w i zakaz\u00f3w, kt\u00f3rych realizacja ma w\u0142a\u015bnie prowadzi\u0107 do wype\u0142nienia si\u0119 owego: <i><b>B\u0105d\u017acie \u015bwi\u0119tymi.<\/b><\/i><b> <\/b>Widzimy, \u017ce s\u0105 to sprawy w jaki\u015b spos\u00f3b adekwatne do okoliczno\u015bci tamtego czasu, kiedy by\u0142y pisane, ale jednocze\u015bnie mo\u017cna je odnie\u015b\u0107 do ka\u017cdego innego czasu, <b>tak\u017ce do naszego.<\/b> Bo te wezwania, tak naprawd\u0119, s\u0105 ponadczasowe. <\/span><\/span><\/span><\/p>\n<p align=\"justify\"><span style=\"color: #000000;\"><span style=\"font-family: Book Antiqua, serif;\"><span style=\"font-size: large;\">I nawet, je\u015bli s\u0142yszymy, \u017ce <i><b>zap\u0142ata najemnika nie b\u0119dzie pozostawa\u0107 w twoim domu przez noc a\u017c do poranka; <\/b><\/i><i><b>n<\/b><\/i><i><b>ie b\u0119dziesz z\u0142orzeczy\u0142 g\u0142uchemu; <\/b><\/i><i><b>n<\/b><\/i><i><b>ie b\u0119dziesz k\u0142ad\u0142 przeszkody przed niewidomym,<\/b><\/i><b> <\/b>co mo\u017ce nam si\u0119 wydawa\u0107 nieco archaicznym, lub nawet banalnym pouczeniem, to przy odrobinie dobrej woli i ch\u0119ci nale\u017cytego zrozumienia ca\u0142ej sprawy, na pewno znajdziemy wiele <b>odniesie\u0144 do naszej aktualnej rzeczywisto\u015bci. <\/b><\/span><\/span><\/span><\/p>\n<p align=\"justify\"><span style=\"color: #000000;\"><span style=\"font-family: Book Antiqua, serif;\"><span style=\"font-size: large;\">Podobnie rzecz si\u0119 ma, gdy idzie o s\u0142owa Jezusa z dzisiejszej Ewangelii. S\u0142yszymy dobrze nam sk\u0105din\u0105d znan\u0105 scen\u0119, obrazuj\u0105c\u0105 <b>S\u0105d Ostateczny.<\/b> Dobrze pami\u0119tamy \u2013 bo wiele razy s\u0142yszeli\u015bmy i jako\u015b tak mocno zapadaj\u0105 do umys\u0142\u00f3w i serc \u2013 te s\u0142owa: <i><b>By\u0142em g\u0142odny, a dali\u015bcie Mi je\u015b\u0107; by\u0142em spragniony, a dali\u015bcie Mi pi\u0107; by\u0142em przybyszem, a przyj\u0119li\u015bcie Mnie; by\u0142em nagi, a przyodziali\u015bcie Mnie; by\u0142em chory, a odwiedzili\u015bcie Mnie; by\u0142em w wi\u0119zieniu, a przyszli\u015bcie do Mnie. <\/b><\/i><\/span><\/span><\/span><\/p>\n<p align=\"justify\"><span style=\"color: #000000;\"><span style=\"font-family: Book Antiqua, serif;\"><span style=\"font-size: large;\">I znowu, mo\u017ce uwa\u017camy, \u017ce s\u0105 to wskazania nie zawsze w pe\u0142ni adekwatne do naszej rzeczywisto\u015bci, ale przy ich <b>nieco szerszym rozumieniu<\/b> i spojrzeniu na nie <b>z perspektywy ponadczasowej, <\/b>przekonamy si\u0119, \u017ce wszystkie one \u2013 w spos\u00f3b bardzo konkretny \u2013 obrazuj\u0105 tak\u017ce nasze \u017cycie, tak\u017ce rzeczywisto\u015b\u0107 nam wsp\u00f3\u0142czesn\u0105. A to oznacza, \u017ce na ko\u0144cu czas\u00f3w \u2013 jak cz\u0119sto mawiamy \u2013 <b>b\u0119dziemy s\u0105dzeni z mi\u0142o\u015bci. <\/b>Z mi\u0142o\u015bci \u2013 lub jej braku. A my dzisiaj dodajmy: <b>b\u0119dziemy s\u0105dzeni\u2026 z konkretu!<\/b> <\/span><\/span><\/span><\/p>\n<p align=\"justify\"><span style=\"color: #000000;\"><span style=\"font-family: Book Antiqua, serif;\"><span style=\"font-size: large;\">Zar\u00f3wno pierwsze czytanie, jak i Ewangelia, bardzo jasno i wyra\u017anie m\u00f3wi\u0105 nam, \u017ce B\u00f3g nie chce z nami <b>rozmawia\u0107 o jakich\u015b abstrakcjach<\/b> \u2013 i nie abstrakcji od nas oczekuje. Bo nasze \u017cycie \u2013 to przecie\u017c konkret, to <b>rzeczywisto\u015b\u0107, rozgrywaj\u0105ca si\u0119 <\/b><b>\u00ab<\/b><b>tu i teraz<\/b><b>\u00bb<\/b><b>,<\/b> ono nie jest jak\u0105\u015b naukow\u0105 czy socjologiczn\u0105 teori\u0105. Nawet teologiczn\u0105 teori\u0105 nie jest! <\/span><\/span><\/span><\/p>\n<p align=\"justify\"><span style=\"color: #000000;\"><span style=\"font-family: Book Antiqua, serif;\"><span style=\"font-size: large;\">Owszem, dobrze mie\u0107 jakie\u015b <b>przemy\u015blane i g\u0142\u0119boko przeanalizowane teorie na \u017cycie,<\/b> dobrze mie\u0107 jakie\u015b przemy\u015blenia i punkty odniesienia \u2013 to jest nawet konieczne. Taka podbudowa teoretyczna, w postaci pewnej wiedzy o Bogu, o \u015bwiecie, o ludziach, o samym sobie \u2013 jest na pewno potrzebna. Ale \u017cycie \u2013 to co\u015b wi\u0119cej. <b>\u017bycie \u2013 to konkret, <\/b>to postawa, to codzienno\u015b\u0107, jak j\u0105 zwykli\u015bmy nieraz nazywa\u0107: szara\u2026 A niekiedy bardzo radosna. Niekiedy tak <b>pi\u0119kna i uwznio\u015blaj\u0105ca, <\/b>\u017ce wr\u0119cz wznosz\u0105ca cz\u0142owieka ku g\u00f3rze, niczym na skrzyd\u0142ach! Innym znowu razem \u2013 <b>ci\u0119\u017cka, <\/b>jak worek kamieni. <\/span><\/span><\/span><\/p>\n<p align=\"justify\"><span style=\"color: #000000;\"><span style=\"font-family: Book Antiqua, serif;\"><span style=\"font-size: large;\">Dzisiaj Pan m\u00f3wi nam, co zrobi\u0107, aby zawsze by\u0142a ona pi\u0119kna, sensowna i m\u0105drze ukierunkowana. Aby\u015bmy wszyscy \u2013 gdy przyjdzie ten dzie\u0144 \u2013 mogli us\u0142ysze\u0107: <i><b>P\u00f3jd\u017acie, b\u0142ogos\u0142awieni Ojca mojego, we\u017acie w posiadanie kr\u00f3lestwo, przygotowane wam od za\u0142o\u017cenia \u015bwiata.<\/b><\/i><\/span><\/span><\/span><\/p>\n<p align=\"justify\"><span style=\"color: #000000;\"><span style=\"font-family: Book Antiqua, serif;\"><span style=\"font-size: large;\">Czy mog\u0119 ju\u017c dzi\u015b powiedzie\u0107, \u017ce <b>wiara jest dla mnie konkretem<\/b> i sposobem uk\u0142adania relacji z Bogiem i lud\u017ami, czy ci\u0105gle jeszcze <b>naukow\u0105 teori\u0105,<\/b> mo\u017ce coraz bardziej <b>odleg\u0142\u0105,<\/b> mo\u017ce ju\u017c tylko <b>historyczn\u0105,<\/b> a mo\u017ce w og\u00f3le <b>ba\u015bniow\u0105?\u2026<\/b> <\/span><\/span><\/span><\/p>\n<p align=\"justify\"><span style=\"color: #000000;\"><span style=\"font-family: Book Antiqua, serif;\"><span style=\"font-size: large;\">Co zrobi\u0119 w tym Wielkim Po\u015bcie, aby <b>przenie\u015b\u0107 teori\u0119 z kart ksi\u0105g<\/b> \u2013 tak\u017ce z kart Ksi\u0119gi Pisma \u015awi\u0119tego \u2013 w twarde realia mojej codzienno\u015bci?\u2026<\/span><\/span><\/span><\/p>\n","protected":false},"excerpt":{"rendered":"<p>Szcz\u0119\u015b\u0107 Bo\u017ce! Moi Drodzy, serdecznie pozdrawiam i \u017cycz\u0119 b\u0142ogos\u0142awionego dnia i tygodnia! Gaudium et spes! Ks. Jacek Poniedzia\u0142ek 1 Tygodnia Wielkiego Postu, do czyta\u0144: Kp\u0142 19,1\u20132.11\u201318; Mt 25,31\u201346 CZYTANIE Z KSI\u0118GI KAP\u0141A\u0143SKIEJ: Pan powiedzia\u0142 do Moj\u017cesza: \u201eM\u00f3w do ca\u0142ej spo\u0142eczno\u015bci syn\u00f3w Izraela i powiedz im: \u00abB\u0105d\u017acie \u015bwi\u0119tymi, bo Ja jestem \u015bwi\u0119ty, Pan, B\u00f3g wasz. Nie [&hellip;]<\/p>\n","protected":false},"author":1,"featured_media":0,"comment_status":"open","ping_status":"open","sticky":false,"template":"","format":"standard","meta":{"jetpack_post_was_ever_published":false,"_jetpack_newsletter_access":"","_jetpack_dont_email_post_to_subs":false,"_jetpack_newsletter_tier_id":0,"_jetpack_memberships_contains_paywalled_content":false,"_jetpack_memberships_contains_paid_content":false,"footnotes":""},"categories":[1],"tags":[],"class_list":["post-16623","post","type-post","status-publish","format-standard","hentry","category-bez-kategorii"],"yoast_head":"<!-- This site is optimized with the Yoast SEO plugin v25.1 - https:\/\/yoast.com\/wordpress\/plugins\/seo\/ -->\n<title>B\u0119dziemy s\u0105dzeni... z konkretu! - Gaudium Et Spes<\/title>\n<meta name=\"robots\" content=\"index, follow, max-snippet:-1, max-image-preview:large, max-video-preview:-1\" \/>\n<link rel=\"canonical\" href=\"https:\/\/gaudiumetspes-blog.pl\/index.php\/2020\/03\/02\/bedziemy-sadzeni-z-konkretu\/\" \/>\n<meta property=\"og:locale\" content=\"pl_PL\" \/>\n<meta property=\"og:type\" content=\"article\" \/>\n<meta property=\"og:title\" content=\"B\u0119dziemy s\u0105dzeni... z konkretu! - Gaudium Et Spes\" \/>\n<meta property=\"og:description\" content=\"Szcz\u0119\u015b\u0107 Bo\u017ce! Moi Drodzy, serdecznie pozdrawiam i \u017cycz\u0119 b\u0142ogos\u0142awionego dnia i tygodnia! Gaudium et spes! Ks. Jacek Poniedzia\u0142ek 1 Tygodnia Wielkiego Postu, do czyta\u0144: Kp\u0142 19,1\u20132.11\u201318; Mt 25,31\u201346 CZYTANIE Z KSI\u0118GI KAP\u0141A\u0143SKIEJ: Pan powiedzia\u0142 do Moj\u017cesza: \u201eM\u00f3w do ca\u0142ej spo\u0142eczno\u015bci syn\u00f3w Izraela i powiedz im: \u00abB\u0105d\u017acie \u015bwi\u0119tymi, bo Ja jestem \u015bwi\u0119ty, Pan, B\u00f3g wasz. Nie [&hellip;]\" \/>\n<meta property=\"og:url\" content=\"https:\/\/gaudiumetspes-blog.pl\/index.php\/2020\/03\/02\/bedziemy-sadzeni-z-konkretu\/\" \/>\n<meta property=\"og:site_name\" content=\"Gaudium Et Spes\" \/>\n<meta property=\"article:published_time\" content=\"2020-03-02T06:58:55+00:00\" \/>\n<meta name=\"author\" content=\"Ks. Jacek\" \/>\n<meta name=\"twitter:card\" content=\"summary_large_image\" \/>\n<meta name=\"twitter:label1\" content=\"Napisane przez\" \/>\n\t<meta name=\"twitter:data1\" content=\"Ks. Jacek\" \/>\n\t<meta name=\"twitter:label2\" content=\"Szacowany czas czytania\" \/>\n\t<meta name=\"twitter:data2\" content=\"7 minut\" \/>\n<script type=\"application\/ld+json\" class=\"yoast-schema-graph\">{\"@context\":\"https:\/\/schema.org\",\"@graph\":[{\"@type\":\"WebPage\",\"@id\":\"https:\/\/gaudiumetspes-blog.pl\/index.php\/2020\/03\/02\/bedziemy-sadzeni-z-konkretu\/\",\"url\":\"https:\/\/gaudiumetspes-blog.pl\/index.php\/2020\/03\/02\/bedziemy-sadzeni-z-konkretu\/\",\"name\":\"B\u0119dziemy s\u0105dzeni... z konkretu! - Gaudium Et Spes\",\"isPartOf\":{\"@id\":\"https:\/\/gaudiumetspes-blog.pl\/#website\"},\"datePublished\":\"2020-03-02T06:58:55+00:00\",\"author\":{\"@id\":\"https:\/\/gaudiumetspes-blog.pl\/#\/schema\/person\/1661982992b752dea8dff0d4ed845a65\"},\"breadcrumb\":{\"@id\":\"https:\/\/gaudiumetspes-blog.pl\/index.php\/2020\/03\/02\/bedziemy-sadzeni-z-konkretu\/#breadcrumb\"},\"inLanguage\":\"pl-PL\",\"potentialAction\":[{\"@type\":\"ReadAction\",\"target\":[\"https:\/\/gaudiumetspes-blog.pl\/index.php\/2020\/03\/02\/bedziemy-sadzeni-z-konkretu\/\"]}]},{\"@type\":\"BreadcrumbList\",\"@id\":\"https:\/\/gaudiumetspes-blog.pl\/index.php\/2020\/03\/02\/bedziemy-sadzeni-z-konkretu\/#breadcrumb\",\"itemListElement\":[{\"@type\":\"ListItem\",\"position\":1,\"name\":\"Strona g\u0142\u00f3wna\",\"item\":\"https:\/\/gaudiumetspes-blog.pl\/\"},{\"@type\":\"ListItem\",\"position\":2,\"name\":\"B\u0119dziemy s\u0105dzeni&#8230; z&nbsp;konkretu!\"}]},{\"@type\":\"WebSite\",\"@id\":\"https:\/\/gaudiumetspes-blog.pl\/#website\",\"url\":\"https:\/\/gaudiumetspes-blog.pl\/\",\"name\":\"Gaudium Et Spes\",\"description\":\"Blog Ks. Jacka Ja\u015bkowskiego\",\"potentialAction\":[{\"@type\":\"SearchAction\",\"target\":{\"@type\":\"EntryPoint\",\"urlTemplate\":\"https:\/\/gaudiumetspes-blog.pl\/?s={search_term_string}\"},\"query-input\":{\"@type\":\"PropertyValueSpecification\",\"valueRequired\":true,\"valueName\":\"search_term_string\"}}],\"inLanguage\":\"pl-PL\"},{\"@type\":\"Person\",\"@id\":\"https:\/\/gaudiumetspes-blog.pl\/#\/schema\/person\/1661982992b752dea8dff0d4ed845a65\",\"name\":\"Ks. Jacek\",\"image\":{\"@type\":\"ImageObject\",\"inLanguage\":\"pl-PL\",\"@id\":\"https:\/\/gaudiumetspes-blog.pl\/#\/schema\/person\/image\/\",\"url\":\"https:\/\/gaudiumetspes-blog.pl\/wp-content\/uploads\/2019\/07\/avatar-JJ-150x150.jpg\",\"contentUrl\":\"https:\/\/gaudiumetspes-blog.pl\/wp-content\/uploads\/2019\/07\/avatar-JJ-150x150.jpg\",\"caption\":\"Ks. Jacek\"},\"description\":\"Witam serdecznie! K\u0142ania si\u0119 Ks. Jacek Ja\u015bkowski. Nie jestem ani kim\u015b wa\u017cnym, ani kim\u015b znanym. Jestem ksi\u0119dzem, kt\u00f3ry po prostu chce rozmawia\u0107. Codzienna kap\u0142a\u0144ska pos\u0142uga pokazuje mi, \u017ce temat\u00f3w do rozm\u00f3w z ksi\u0119dzem jest coraz wi\u0119cej i dzisiaj \u017caden ksi\u0105dz nie mo\u017ce od nich ucieka\u0107, ale - wprost przeciwnie - podejmowa\u0107 nowe wyzwania. To przekonanie sk\u0142oni\u0142o mnie do pr\u00f3by otwarcia tego\u017c bloga, chocia\u017c okazji do rozm\u00f3w na co dzie\u0144 - w konfesjonale i poza nim - na szcz\u0119\u015bcie nie brakuje. My\u015bl\u0119 jednak, \u017ce ten blog b\u0119dzie jeszcze jednym sposobem i przestrzeni\u0105 nawi\u0105zania kontaktu z lud\u017ami dobrej woli, otwartymi na dialog.\",\"url\":\"https:\/\/gaudiumetspes-blog.pl\/index.php\/author\/ks-jacek\/\"}]}<\/script>\n<!-- \/ Yoast SEO plugin. -->","yoast_head_json":{"title":"B\u0119dziemy s\u0105dzeni... z konkretu! - Gaudium Et Spes","robots":{"index":"index","follow":"follow","max-snippet":"max-snippet:-1","max-image-preview":"max-image-preview:large","max-video-preview":"max-video-preview:-1"},"canonical":"https:\/\/gaudiumetspes-blog.pl\/index.php\/2020\/03\/02\/bedziemy-sadzeni-z-konkretu\/","og_locale":"pl_PL","og_type":"article","og_title":"B\u0119dziemy s\u0105dzeni... z konkretu! - Gaudium Et Spes","og_description":"Szcz\u0119\u015b\u0107 Bo\u017ce! Moi Drodzy, serdecznie pozdrawiam i \u017cycz\u0119 b\u0142ogos\u0142awionego dnia i tygodnia! Gaudium et spes! Ks. Jacek Poniedzia\u0142ek 1 Tygodnia Wielkiego Postu, do czyta\u0144: Kp\u0142 19,1\u20132.11\u201318; Mt 25,31\u201346 CZYTANIE Z KSI\u0118GI KAP\u0141A\u0143SKIEJ: Pan powiedzia\u0142 do Moj\u017cesza: \u201eM\u00f3w do ca\u0142ej spo\u0142eczno\u015bci syn\u00f3w Izraela i powiedz im: \u00abB\u0105d\u017acie \u015bwi\u0119tymi, bo Ja jestem \u015bwi\u0119ty, Pan, B\u00f3g wasz. Nie [&hellip;]","og_url":"https:\/\/gaudiumetspes-blog.pl\/index.php\/2020\/03\/02\/bedziemy-sadzeni-z-konkretu\/","og_site_name":"Gaudium Et Spes","article_published_time":"2020-03-02T06:58:55+00:00","author":"Ks. Jacek","twitter_card":"summary_large_image","twitter_misc":{"Napisane przez":"Ks. Jacek","Szacowany czas czytania":"7 minut"},"schema":{"@context":"https:\/\/schema.org","@graph":[{"@type":"WebPage","@id":"https:\/\/gaudiumetspes-blog.pl\/index.php\/2020\/03\/02\/bedziemy-sadzeni-z-konkretu\/","url":"https:\/\/gaudiumetspes-blog.pl\/index.php\/2020\/03\/02\/bedziemy-sadzeni-z-konkretu\/","name":"B\u0119dziemy s\u0105dzeni... z konkretu! - Gaudium Et Spes","isPartOf":{"@id":"https:\/\/gaudiumetspes-blog.pl\/#website"},"datePublished":"2020-03-02T06:58:55+00:00","author":{"@id":"https:\/\/gaudiumetspes-blog.pl\/#\/schema\/person\/1661982992b752dea8dff0d4ed845a65"},"breadcrumb":{"@id":"https:\/\/gaudiumetspes-blog.pl\/index.php\/2020\/03\/02\/bedziemy-sadzeni-z-konkretu\/#breadcrumb"},"inLanguage":"pl-PL","potentialAction":[{"@type":"ReadAction","target":["https:\/\/gaudiumetspes-blog.pl\/index.php\/2020\/03\/02\/bedziemy-sadzeni-z-konkretu\/"]}]},{"@type":"BreadcrumbList","@id":"https:\/\/gaudiumetspes-blog.pl\/index.php\/2020\/03\/02\/bedziemy-sadzeni-z-konkretu\/#breadcrumb","itemListElement":[{"@type":"ListItem","position":1,"name":"Strona g\u0142\u00f3wna","item":"https:\/\/gaudiumetspes-blog.pl\/"},{"@type":"ListItem","position":2,"name":"B\u0119dziemy s\u0105dzeni&#8230; z&nbsp;konkretu!"}]},{"@type":"WebSite","@id":"https:\/\/gaudiumetspes-blog.pl\/#website","url":"https:\/\/gaudiumetspes-blog.pl\/","name":"Gaudium Et Spes","description":"Blog Ks. Jacka Ja\u015bkowskiego","potentialAction":[{"@type":"SearchAction","target":{"@type":"EntryPoint","urlTemplate":"https:\/\/gaudiumetspes-blog.pl\/?s={search_term_string}"},"query-input":{"@type":"PropertyValueSpecification","valueRequired":true,"valueName":"search_term_string"}}],"inLanguage":"pl-PL"},{"@type":"Person","@id":"https:\/\/gaudiumetspes-blog.pl\/#\/schema\/person\/1661982992b752dea8dff0d4ed845a65","name":"Ks. Jacek","image":{"@type":"ImageObject","inLanguage":"pl-PL","@id":"https:\/\/gaudiumetspes-blog.pl\/#\/schema\/person\/image\/","url":"https:\/\/gaudiumetspes-blog.pl\/wp-content\/uploads\/2019\/07\/avatar-JJ-150x150.jpg","contentUrl":"https:\/\/gaudiumetspes-blog.pl\/wp-content\/uploads\/2019\/07\/avatar-JJ-150x150.jpg","caption":"Ks. Jacek"},"description":"Witam serdecznie! K\u0142ania si\u0119 Ks. Jacek Ja\u015bkowski. Nie jestem ani kim\u015b wa\u017cnym, ani kim\u015b znanym. Jestem ksi\u0119dzem, kt\u00f3ry po prostu chce rozmawia\u0107. Codzienna kap\u0142a\u0144ska pos\u0142uga pokazuje mi, \u017ce temat\u00f3w do rozm\u00f3w z ksi\u0119dzem jest coraz wi\u0119cej i dzisiaj \u017caden ksi\u0105dz nie mo\u017ce od nich ucieka\u0107, ale - wprost przeciwnie - podejmowa\u0107 nowe wyzwania. To przekonanie sk\u0142oni\u0142o mnie do pr\u00f3by otwarcia tego\u017c bloga, chocia\u017c okazji do rozm\u00f3w na co dzie\u0144 - w konfesjonale i poza nim - na szcz\u0119\u015bcie nie brakuje. My\u015bl\u0119 jednak, \u017ce ten blog b\u0119dzie jeszcze jednym sposobem i przestrzeni\u0105 nawi\u0105zania kontaktu z lud\u017ami dobrej woli, otwartymi na dialog.","url":"https:\/\/gaudiumetspes-blog.pl\/index.php\/author\/ks-jacek\/"}]}},"jetpack_featured_media_url":"","jetpack_sharing_enabled":true,"_links":{"self":[{"href":"https:\/\/gaudiumetspes-blog.pl\/index.php\/wp-json\/wp\/v2\/posts\/16623","targetHints":{"allow":["GET"]}}],"collection":[{"href":"https:\/\/gaudiumetspes-blog.pl\/index.php\/wp-json\/wp\/v2\/posts"}],"about":[{"href":"https:\/\/gaudiumetspes-blog.pl\/index.php\/wp-json\/wp\/v2\/types\/post"}],"author":[{"embeddable":true,"href":"https:\/\/gaudiumetspes-blog.pl\/index.php\/wp-json\/wp\/v2\/users\/1"}],"replies":[{"embeddable":true,"href":"https:\/\/gaudiumetspes-blog.pl\/index.php\/wp-json\/wp\/v2\/comments?post=16623"}],"version-history":[{"count":1,"href":"https:\/\/gaudiumetspes-blog.pl\/index.php\/wp-json\/wp\/v2\/posts\/16623\/revisions"}],"predecessor-version":[{"id":16624,"href":"https:\/\/gaudiumetspes-blog.pl\/index.php\/wp-json\/wp\/v2\/posts\/16623\/revisions\/16624"}],"wp:attachment":[{"href":"https:\/\/gaudiumetspes-blog.pl\/index.php\/wp-json\/wp\/v2\/media?parent=16623"}],"wp:term":[{"taxonomy":"category","embeddable":true,"href":"https:\/\/gaudiumetspes-blog.pl\/index.php\/wp-json\/wp\/v2\/categories?post=16623"},{"taxonomy":"post_tag","embeddable":true,"href":"https:\/\/gaudiumetspes-blog.pl\/index.php\/wp-json\/wp\/v2\/tags?post=16623"}],"curies":[{"name":"wp","href":"https:\/\/api.w.org\/{rel}","templated":true}]}}