{"id":16652,"date":"2020-03-07T07:05:54","date_gmt":"2020-03-07T06:05:54","guid":{"rendered":"https:\/\/gaudiumetspes-blog.pl\/?p=16652"},"modified":"2020-03-07T07:05:54","modified_gmt":"2020-03-07T06:05:54","slug":"a-co-ja-z-tego-bede-mial","status":"publish","type":"post","link":"https:\/\/gaudiumetspes-blog.pl\/index.php\/2020\/03\/07\/a-co-ja-z-tego-bede-mial\/","title":{"rendered":"A co ja z tego b\u0119d\u0119 mia\u0142?&#8230;"},"content":{"rendered":"<p align=\"justify\"><span style=\"color: #000000;\"><span style=\"font-family: Book Antiqua, serif;\"><span style=\"font-size: large;\">Szcz\u0119\u015b\u0107 Bo\u017ce! Moi Drodzy, w dniu dzisiejszym<b> imieniny prze\u017cywa Ksi\u0105dz Tomasz Radczuk, m\u00f3j Kolega kursowy, kt\u00f3remu \u017cycz\u0119 niespo\u017cytej energii w pos\u0142udze duszpasterskiej, wszelkich mocy i natchnie\u0144 Bo\u017cych do jednoznacznego \u015bwiadczenia o prawdzie Ewangelii. Zapewniam o modlitwie!<\/b><\/span><\/span><\/span><\/p>\n<p align=\"justify\"><span style=\"color: #000000;\"><span style=\"font-family: Book Antiqua, serif;\"><span style=\"font-size: large;\">A Ksi\u0119dzu Markowi bardzo serdecznie dzi\u0119kujemy za wczorajsze s\u0142\u00f3wko z Syberii! Mocne, bardzo mocne. I konkretne. A do tego \u2013 spora garstka ciekawostek z Parafii. Moi Drodzy, zakasajmy r\u0119kawy i we\u017amy si\u0119 za wsp\u00f3lne \u2013 z Ksi\u0119dzem Markiem \u2013 budowanie domu parafialnego. Niech Pan tak\u017ce przy naszej modlitewnej pomocy ten dom buduje. Prosz\u0119, nie omi\u0144my \u017cadnej okazji, by wesprze\u0107 Ksi\u0119dza Marka i Jego Parafi\u0119 \u2013 i Jego budowanie \u2013 swoj\u0105 modlitw\u0105. A mo\u017ce i materialnym wsparciem?\u2026 Mo\u017ce to b\u0119dzie taka nasza wielkopostna ja\u0142mu\u017cna?\u2026 <\/span><\/span><\/span><\/p>\n<p align=\"justify\"><span style=\"color: #000000;\"><span style=\"font-family: Book Antiqua, serif;\"><span style=\"font-size: large;\">Przypominam, \u017ce dzi\u015b pierwsza sobota miesi\u0105ca.<\/span><\/span><\/span><\/p>\n<p align=\"center\"><span style=\"color: #000000;\"><span style=\"font-family: Book Antiqua, serif;\"><span style=\"font-size: large;\">Gaudium et spes! Ks. Jacek<\/span><\/span><\/span><\/p>\n<p align=\"center\">\n<p align=\"center\">\n<p align=\"center\">\n<p align=\"center\">\n<p align=\"center\">\n<p align=\"justify\"><span style=\"color: #000000;\"><span style=\"font-family: Book Antiqua, serif;\"><span style=\"font-size: large;\"><b>Sobota 1 Tygodnia Wielkiego Postu,<\/b><\/span><\/span><\/span><\/p>\n<p align=\"justify\"><span style=\"color: #000000;\"><span style=\"font-family: Book Antiqua, serif;\"><span style=\"font-size: large;\"><b>7 marca 2020.,<\/b><\/span><\/span><\/span><\/p>\n<p align=\"justify\"><span style=\"color: #000000;\"><span style=\"font-family: Book Antiqua, serif;\"><span style=\"font-size: large;\"><b>do czyta\u0144: Pwt 26,16\u201319; Mt 5,43\u201348<\/b><\/span><\/span><\/span><\/p>\n<p align=\"justify\">\n<p align=\"justify\">\n<p align=\"justify\">\n<p align=\"justify\">\n<p align=\"justify\">\n<p align=\"justify\"><span style=\"color: #000000;\"><span style=\"font-family: Book Antiqua, serif;\"><span style=\"font-size: large;\"><b>CZYTANIE Z KSI\u0118GI POWT\u00d3RZONEGO PRAWA: <\/b><\/span><\/span><\/span><\/p>\n<p align=\"justify\"><span style=\"color: #000000;\"><span style=\"font-family: Book Antiqua, serif;\"><span style=\"font-size: large;\"><b>Moj\u017cesz powiedzia\u0142 do ludu: \u201eDzi\u015b tw\u00f3j Pan B\u00f3g rozkazuje ci wykona\u0107 te prawa i nakazy. Strze\u017c ich, pe\u0142nij z ca\u0142ego swego serca i z ca\u0142ej duszy. <\/b><\/span><\/span><\/span><\/p>\n<p align=\"justify\"><span style=\"color: #000000;\"><span style=\"font-family: Book Antiqua, serif;\"><span style=\"font-size: large;\"><b>Dzi\u015b uzyska\u0142e\u015b to, \u017ce Pan ci rzek\u0142, i\u017c b\u0119dzie dla ciebie Bogiem, o ile ty b\u0119dziesz chodzi\u0142 Jego drogami, strzeg\u0142 Jego nakaz\u00f3w, praw i rozporz\u0105dze\u0144 i s\u0142ucha\u0142 Jego g\u0142osu. <\/b><\/span><\/span><\/span><\/p>\n<p align=\"justify\"><span style=\"color: #000000;\"><span style=\"font-family: Book Antiqua, serif;\"><span style=\"font-size: large;\"><b>A Pan uzyska\u0142 to, \u017ce\u015b ty dzi\u015b obieca\u0142 by\u0107 dla Niego ludem wybranym, jak ci powiedzia\u0142, je\u015bli zachowasz Jego przykazania. On ci\u0119 wtedy wywy\u017cszy we czci, s\u0142awie i wspania\u0142o\u015bci ponad wszystkie narody, kt\u00f3re uczyni\u0142, jak sam powiedzia\u0142\u201d.<\/b><\/span><\/span><\/span><\/p>\n<p align=\"justify\">\n<p align=\"justify\">\n<p align=\"justify\">\n<p align=\"justify\">\n<p align=\"justify\">\n<p align=\"justify\"><span style=\"color: #000000;\"><span style=\"font-family: Book Antiqua, serif;\"><span style=\"font-size: large;\"><b>S\u0141OWA EWANGELII WED\u0141UG \u015aWI\u0118TEGO MATEUSZA: <\/b><\/span><\/span><\/span><\/p>\n<p align=\"justify\"><span style=\"color: #000000;\"><span style=\"font-family: Book Antiqua, serif;\"><span style=\"font-size: large;\"><b>Jezus powiedzia\u0142 do swoich uczni\u00f3w: \u201eS\u0142yszeli\u015bcie, \u017ce powiedziano: \u00abB\u0119dziesz mi\u0142owa\u0142 swego bli\u017aniego, a nieprzyjaciela swego b\u0119dziesz nienawidzi\u0142\u00bb. <\/b><\/span><\/span><\/span><\/p>\n<p align=\"justify\"><span style=\"color: #000000;\"><span style=\"font-family: Book Antiqua, serif;\"><span style=\"font-size: large;\"><b>A Ja wam powiadam: Mi\u0142ujcie waszych nieprzyjaci\u00f3\u0142 i m\u00f3dlcie si\u0119 za tych, kt\u00f3rzy was prze\u015bladuj\u0105; tak b\u0119dziecie synami Ojca waszego, kt\u00f3ry jest w niebie; poniewa\u017c On sprawia, \u017ce s\u0142o\u0144ce Jego wschodzi nad z\u0142ymi i nad dobrymi, i On zsy\u0142a deszcz na sprawiedliwych i niesprawiedliwych. <\/b><\/span><\/span><\/span><\/p>\n<p align=\"justify\"><span style=\"color: #000000;\"><span style=\"font-family: Book Antiqua, serif;\"><span style=\"font-size: large;\"><b>Je\u015bli bowiem mi\u0142ujecie tych, kt\u00f3rzy was mi\u0142uj\u0105, c\u00f3\u017c za nagrod\u0119 mie\u0107 b\u0119dziecie? Czy\u017c i celnicy tego nie czyni\u0105? I je\u015bli pozdrawiacie tylko swych braci, c\u00f3\u017c szczeg\u00f3lnego czynicie? Czy\u017c i poganie tego nie czyni\u0105? <\/b><\/span><\/span><\/span><\/p>\n<p align=\"justify\"><span style=\"color: #000000;\"><span style=\"font-family: Book Antiqua, serif;\"><span style=\"font-size: large;\"><b>B\u0105d\u017acie wi\u0119c wy doskonali, jak doskona\u0142y jest wasz Ojciec niebieski\u201d.<\/b><\/span><\/span><\/span><\/p>\n<p align=\"justify\">\n<p align=\"justify\">\n<p align=\"justify\">\n<p align=\"justify\">\n<p align=\"justify\">\n<p align=\"justify\"><span style=\"color: #000000;\"><span style=\"font-family: Book Antiqua, serif;\"><span style=\"font-size: large;\">Ci\u0105gle gdzie\u015b tam, w g\u0142\u0119bi serca cz\u0142owieka, pobrzmiewa \u2013 w kontek\u015bcie ofiarowania swego \u017cycia Bogu \u2013 pytanie: <b>A co ja z tego<\/b> <b>b\u0119d\u0119 mia\u0142?\u2026<\/b> Niby m\u00f3wi si\u0119 o bezinteresowno\u015bci i o ofiarowaniu swego \u017cycia \u2013 w tym konkretnie: swego czasu, swoich si\u0142 i talent\u00f3w \u2013 Bogu i drugiemu cz\u0142owiekowi z potrzeby serca, ale gdzie\u015b tak <b>w g\u0142\u0119bi serca cz\u0142owieka<\/b> jednak pojawia si\u0119 dylemat: To jak to \u2013 ja mam odda\u0107 wszystko, <b>a nie zyska\u0107 nic? <\/b><\/span><\/span><\/span><\/p>\n<p align=\"justify\"><span style=\"color: #000000;\"><span style=\"font-family: Book Antiqua, serif;\"><span style=\"font-size: large;\">Wydaje si\u0119, \u017ce na tego typu w\u0105tpliwo\u015bci B\u00f3g sam dzisiaj odpowiada w liturgii S\u0142owa. Odpowiada <b>s\u0142owami przymierza,<\/b> kt\u00f3re zawiera z lud\u017ami. A przymierze \u2013 umowa, uk\u0142ad \u2013 samo w sobie zawiera takie w\u0142a\u015bnie ustawienie sprawy: <b>ja ci daj\u0119 to, ale Ty mi dajesz tamto. <\/b>Ja rezygnuj\u0119 z tego, ale zyskuj\u0119 co\u015b innego. Czyli \u2013 bilans wzajemnego oddawania czego\u015b i zyskiwania czego\u015b w zamian. <\/span><\/span><\/span><\/p>\n<p align=\"justify\"><span style=\"color: #000000;\"><span style=\"font-family: Book Antiqua, serif;\"><span style=\"font-size: large;\">A skoro tak, to mamy sytuacj\u0119 jasn\u0105: B\u00f3g godzi si\u0119 na taki stan rzeczy. I za nasze ofiarowanie Mu swego \u017cycia \u2013 <b>co\u015b jednak oferuje.<\/b> Co? <\/span><\/span><\/span><\/p>\n<p align=\"justify\"><span style=\"color: #000000;\"><span style=\"font-family: Book Antiqua, serif;\"><span style=\"font-size: large;\">Wyra\u017anie s\u0142yszymy w pierwszym czytaniu: <i><b>Dzi\u015b uzyska\u0142e\u015b to, \u017ce Pan ci rzek\u0142, i\u017c b\u0119dzie dla ciebie Bogiem, o ile ty b\u0119dziesz chodzi\u0142 Jego drogami, strzeg\u0142 Jego nakaz\u00f3w, praw i rozporz\u0105dze\u0144 i s\u0142ucha\u0142 Jego g\u0142osu. <\/b><\/i>Bardziej konkretnie wybrzmia\u0142o, co ma robi\u0107 cz\u0142owiek, ani\u017celi to, do czego zobowi\u0105za\u0142 si\u0119 B\u00f3g, czy\u017c nie? Cz\u0142owiek ma chodzi\u0107 Bo\u017cymi drogami, co konkretnie oznacza przestrzeganie Bo\u017cych nakaz\u00f3w, praw i rozporz\u0105dze\u0144 oraz s\u0142uchanie Bo\u017cego g\u0142osu, a zatem \u2013 <b>przyj\u0119cie bardzo konkretnej postawy w \u017cyciu. <\/b>A B\u00f3g co za to oferuje? <\/span><\/span><\/span><\/p>\n<p align=\"justify\"><span style=\"color: #000000;\"><span style=\"font-family: Book Antiqua, serif;\"><span style=\"font-size: large;\">Us\u0142yszmy jeszcze raz: <b>Dzi\u015b uzyska\u0142e\u015b to, \u017ce Pan ci rzek\u0142, i\u017c b\u0119dzie dla ciebie Bogiem. <\/b>Co to oznacza? Je\u017celi tylko dobrze zastanowimy si\u0119, to sobie u\u015bwiadomimy, jak bardzo, ale to <b>bardzo wiele to oznacza. <\/b>Bo to oznacza ca\u0142\u0105 <b>bezgraniczn\u0105 moc i przeogromn\u0105 pot\u0119g\u0119 Boga,<\/b> jaka stanie za nami i b\u0119dzie nam wsparciem! To du\u017co, czy ma\u0142o? Cz\u0142owiek zyskuje co\u015b \u2013 czy mo\u017ce jednak nie zyskuje zbyt wiele? Bo to przecie\u017c takie <b>ma\u0142o konkretne, ma\u0142o wyraziste\u2026<\/b> I trudne do przeliczenia na pieni\u0105dze, czy inne warto\u015bci materialne\u2026 <\/span><\/span><\/span><\/p>\n<p align=\"justify\"><span style=\"color: #000000;\"><span style=\"font-family: Book Antiqua, serif;\"><span style=\"font-size: large;\">Chocia\u017c w rzeczywisto\u015bci \u2013 je\u015bli si\u0119 tak na spokojnie zastanowi\u0107 \u2013 to te\u017c nie jest prawd\u0105, bo je\u017celi B\u00f3g udziela swego obfitego b\u0142ogos\u0142awie\u0144stwa, to cz\u0142owiekowi r\u00f3wnie\u017c <b>w tej sferze doczesnej i materialnej dobrze si\u0119 wiedzie.<\/b> Zatem, zyskuje cz\u0142owiek co\u015b, czy nie zyskuje?\u2026 <\/span><\/span><\/span><\/p>\n<p align=\"justify\"><span style=\"color: #000000;\"><span style=\"font-family: Book Antiqua, serif;\"><span style=\"font-size: large;\">A co zyskuje Pan B\u00f3g? Us\u0142yszmy jeszcze raz: <i><b>A Pan uzyska\u0142<\/b><\/i><b> <\/b><i><b>to, \u017ce\u015b ty dzi\u015b obieca\u0142 by\u0107 dla Niego ludem wybranym, jak ci powiedzia\u0142, je\u015bli zachowasz Jego przykazania. On ci\u0119 wtedy wywy\u017cszy we czci, s\u0142awie i wspania\u0142o\u015bci ponad wszystkie narody, kt\u00f3re uczyni\u0142, jak sam powiedzia\u0142. <\/b><\/i>Czyli \u2013 <b>co konkretnie B\u00f3g zyska\u0142?\u2026<\/b> Cokolwiek w og\u00f3le zyska\u0142 \u2013 w tym ludzkim wymiarze?\u2026 Bo je\u015bli si\u0119 uwa\u017cnie wczyta\u0107, to wygl\u0105da na to, \u017ce <b>to cz\u0142owiek znowu zyska\u0142, <\/b>a B\u00f3g tak naprawd\u0119 znowu co\u015b ofiarowa\u0142.<\/span><\/span><\/span><\/p>\n<p align=\"justify\"><span style=\"color: #000000;\"><span style=\"font-family: Book Antiqua, serif;\"><span style=\"font-size: large;\">W Ewangelii dzisiejszej Jezus umieszcza poprzeczk\u0119 bardzo wysoko, stawiaj\u0105c cz\u0142owiekowi chyba najtrudniejsze ze wszystkich swoich wymaga\u0144: <i><b>Mi\u0142ujcie waszych nieprzyjaci\u00f3\u0142 i m\u00f3dlcie si\u0119 za tych, kt\u00f3rzy was prze\u015bladuj\u0105.<\/b><\/i><b> <\/b>I tu znowu pytanie: <b>Co w zamian?<\/b> <\/span><\/span><\/span><\/p>\n<p align=\"justify\"><span style=\"color: #000000;\"><span style=\"font-family: Book Antiqua, serif;\"><span style=\"font-size: large;\">Jezus jeszcze w tym samym zdaniu na nie odpowiada: <i><b>Tak b\u0119dziecie synami Ojca waszego, kt\u00f3ry jest w niebie. <\/b><\/i>Ale i w dalszej cz\u0119\u015bci swej wypowiedzi stwierdza: <i><b>Je\u015bli bowiem mi\u0142ujecie tych, kt\u00f3rzy was mi\u0142uj\u0105, c\u00f3\u017c za nagrod\u0119 mie\u0107 b\u0119dziecie? Czy\u017c i celnicy tego nie czyni\u0105? <\/b><\/i>Czyli jednak <b>jaka\u015b nagroda<\/b> jest przewidziana!\u2026 Czyli jednak cz\u0142owiek co\u015b na tym swoim ofiarowaniu zyskuje! C\u00f3\u017c takiego? <\/span><\/span><\/span><\/p>\n<p align=\"justify\"><span style=\"color: #000000;\"><span style=\"font-family: Book Antiqua, serif;\"><span style=\"font-size: large;\">A to w\u0142a\u015bnie: <i><b>Tak b\u0119dziecie synami Ojca waszego, kt\u00f3ry jest w niebie. <\/b><\/i>Czyli to samo, co w pierwszym czytaniu wyra\u017cone zosta\u0142o w s\u0142owach: <i><b>Dzi\u015b uzyska\u0142e\u015b to, \u017ce Pan ci rzek\u0142, i\u017c b\u0119dzie dla ciebie Bogiem.<\/b><\/i> B\u00f3g ze swoj\u0105 pot\u0119g\u0105 opowiada si\u0119 po stronie cz\u0142owieka! I ca\u0142\u0105 swoj\u0105 moc i wielko\u015b\u0107 anga\u017cuje dla jego dobra. <b>To du\u017co \u2013 czy ma\u0142o?\u2026<\/b> Cz\u0142owiek co\u015b zyskuje \u2013 czy tylko i wy\u0142\u0105cznie daje, ofiaruje, ale nie zyskuje tak naprawd\u0119 nic?\u2026<\/span><\/span><\/span><\/p>\n<p align=\"justify\"><span style=\"color: #000000;\"><span style=\"font-family: Book Antiqua, serif;\"><span style=\"font-size: large;\">Moi Drodzy, zapewne w tej chwili kto\u015b by mi powiedzia\u0142, \u017ce to wszystko pi\u0119knie wygl\u0105da w teorii, ale w rzeczywisto\u015bci \u2013 w tej naszej nie\u0142atwej codzienno\u015bci \u2013 <b>to nie jest takie proste.<\/b> Bo zar\u00f3wno ofiarowanie swego \u017cycia Bogu, jak i ofiarowanie go drugiemu cz\u0142owiekowi, <b>wi\u0105\u017ce si\u0119 <\/b><b>jednak <\/b><b>z niema\u0142ym po\u015bwi\u0119ceniem.<\/b> <\/span><\/span><\/span><\/p>\n<p align=\"justify\"><span style=\"color: #000000;\"><span style=\"font-family: Book Antiqua, serif;\"><span style=\"font-size: large;\">I nieraz naprawd\u0119 wydaje si\u0119 \u2013 a nawet takie zarzuty mo\u017cna us\u0142ysze\u0107 \u2013 \u017ce w ten spos\u00f3b <b>pokazuje<\/b><b> si\u0119 tylko swoj\u0105 naiwno\u015b\u0107 i \u0142atwowierno\u015b\u0107,<\/b> bo inni wykorzystuj\u0105 t\u0119 dobro\u0107\u2026 A i Niebo milczy, nie spiesz\u0105c si\u0119 \u2013 by tak rzec \u2013 <b>z odp\u0142aceniem cz\u0142owiekowi<\/b> za jego dobro\u0107. Czy jednak tak jest w istocie? <\/span><\/span><\/span><\/p>\n<p align=\"justify\"><span style=\"color: #000000;\"><span style=\"font-family: Book Antiqua, serif;\"><span style=\"font-size: large;\">A mo\u017ce jednak <b>warto trwa\u0107 przy Bogu,<\/b> trwa\u0107 w przymierzu z Nim, by On m\u00f3g\u0142 \u2013 w spos\u00f3b i w czasie, kt\u00f3re sam wybierze \u2013 <b>odp<\/b><b>\u0142aci\u0107<\/b> <b>cz\u0142owiekowi<\/b> swoj\u0105 pomoc\u0105 i wsparciem?\u2026 <\/span><\/span><\/span><\/p>\n<p align=\"justify\"><span style=\"color: #000000;\"><span style=\"font-family: Book Antiqua, serif;\"><span style=\"font-size: large;\">Mo\u017ce ten Wielki Post b\u0119dzie dobr\u0105 okazj\u0105 to tego, aby <b>w skupieniu i na modlitwie przemy\u015ble\u0107, <\/b>co ja zyskuj\u0119 na tym, \u017ce trwam przy Bogu?\u2026 Co mi daje wiara?\u2026 Ale te\u017c \u2013 ile ja z siebie daj\u0119 Bogu i drugiemu cz\u0142owiekowi?\u2026 <b>Mo\u017ce powinienem wi\u0119cej?\u2026<\/b> I mo\u017ce powinienem bardziej dostrzega\u0107 to, co zyskuj\u0119 \u2013 i wi\u0119cej za to dzi\u0119kowa\u0107?\u2026<\/span><\/span><\/span><\/p>\n","protected":false},"excerpt":{"rendered":"<p>Szcz\u0119\u015b\u0107 Bo\u017ce! Moi Drodzy, w dniu dzisiejszym imieniny prze\u017cywa Ksi\u0105dz Tomasz Radczuk, m\u00f3j Kolega kursowy, kt\u00f3remu \u017cycz\u0119 niespo\u017cytej energii w pos\u0142udze duszpasterskiej, wszelkich mocy i natchnie\u0144 Bo\u017cych do jednoznacznego \u015bwiadczenia o prawdzie Ewangelii. Zapewniam o modlitwie! A Ksi\u0119dzu Markowi bardzo serdecznie dzi\u0119kujemy za wczorajsze s\u0142\u00f3wko z Syberii! Mocne, bardzo mocne. I konkretne. A do tego [&hellip;]<\/p>\n","protected":false},"author":1,"featured_media":0,"comment_status":"open","ping_status":"open","sticky":false,"template":"","format":"standard","meta":{"jetpack_post_was_ever_published":false,"_jetpack_newsletter_access":"","_jetpack_dont_email_post_to_subs":false,"_jetpack_newsletter_tier_id":0,"_jetpack_memberships_contains_paywalled_content":false,"_jetpack_memberships_contains_paid_content":false,"footnotes":""},"categories":[1],"tags":[],"class_list":["post-16652","post","type-post","status-publish","format-standard","hentry","category-bez-kategorii"],"yoast_head":"<!-- This site is optimized with the Yoast SEO plugin v25.1 - https:\/\/yoast.com\/wordpress\/plugins\/seo\/ -->\n<title>A co ja z tego b\u0119d\u0119 mia\u0142?... - Gaudium Et Spes<\/title>\n<meta name=\"robots\" content=\"index, follow, max-snippet:-1, max-image-preview:large, max-video-preview:-1\" \/>\n<link rel=\"canonical\" href=\"https:\/\/gaudiumetspes-blog.pl\/index.php\/2020\/03\/07\/a-co-ja-z-tego-bede-mial\/\" \/>\n<meta property=\"og:locale\" content=\"pl_PL\" \/>\n<meta property=\"og:type\" content=\"article\" \/>\n<meta property=\"og:title\" content=\"A co ja z tego b\u0119d\u0119 mia\u0142?... - Gaudium Et Spes\" \/>\n<meta property=\"og:description\" content=\"Szcz\u0119\u015b\u0107 Bo\u017ce! Moi Drodzy, w dniu dzisiejszym imieniny prze\u017cywa Ksi\u0105dz Tomasz Radczuk, m\u00f3j Kolega kursowy, kt\u00f3remu \u017cycz\u0119 niespo\u017cytej energii w pos\u0142udze duszpasterskiej, wszelkich mocy i natchnie\u0144 Bo\u017cych do jednoznacznego \u015bwiadczenia o prawdzie Ewangelii. Zapewniam o modlitwie! A Ksi\u0119dzu Markowi bardzo serdecznie dzi\u0119kujemy za wczorajsze s\u0142\u00f3wko z Syberii! Mocne, bardzo mocne. I konkretne. A do tego [&hellip;]\" \/>\n<meta property=\"og:url\" content=\"https:\/\/gaudiumetspes-blog.pl\/index.php\/2020\/03\/07\/a-co-ja-z-tego-bede-mial\/\" \/>\n<meta property=\"og:site_name\" content=\"Gaudium Et Spes\" \/>\n<meta property=\"article:published_time\" content=\"2020-03-07T06:05:54+00:00\" \/>\n<meta name=\"author\" content=\"Ks. Jacek\" \/>\n<meta name=\"twitter:card\" content=\"summary_large_image\" \/>\n<meta name=\"twitter:label1\" content=\"Napisane przez\" \/>\n\t<meta name=\"twitter:data1\" content=\"Ks. Jacek\" \/>\n\t<meta name=\"twitter:label2\" content=\"Szacowany czas czytania\" \/>\n\t<meta name=\"twitter:data2\" content=\"7 minut\" \/>\n<script type=\"application\/ld+json\" class=\"yoast-schema-graph\">{\"@context\":\"https:\/\/schema.org\",\"@graph\":[{\"@type\":\"WebPage\",\"@id\":\"https:\/\/gaudiumetspes-blog.pl\/index.php\/2020\/03\/07\/a-co-ja-z-tego-bede-mial\/\",\"url\":\"https:\/\/gaudiumetspes-blog.pl\/index.php\/2020\/03\/07\/a-co-ja-z-tego-bede-mial\/\",\"name\":\"A co ja z tego b\u0119d\u0119 mia\u0142?... - Gaudium Et Spes\",\"isPartOf\":{\"@id\":\"https:\/\/gaudiumetspes-blog.pl\/#website\"},\"datePublished\":\"2020-03-07T06:05:54+00:00\",\"author\":{\"@id\":\"https:\/\/gaudiumetspes-blog.pl\/#\/schema\/person\/1661982992b752dea8dff0d4ed845a65\"},\"breadcrumb\":{\"@id\":\"https:\/\/gaudiumetspes-blog.pl\/index.php\/2020\/03\/07\/a-co-ja-z-tego-bede-mial\/#breadcrumb\"},\"inLanguage\":\"pl-PL\",\"potentialAction\":[{\"@type\":\"ReadAction\",\"target\":[\"https:\/\/gaudiumetspes-blog.pl\/index.php\/2020\/03\/07\/a-co-ja-z-tego-bede-mial\/\"]}]},{\"@type\":\"BreadcrumbList\",\"@id\":\"https:\/\/gaudiumetspes-blog.pl\/index.php\/2020\/03\/07\/a-co-ja-z-tego-bede-mial\/#breadcrumb\",\"itemListElement\":[{\"@type\":\"ListItem\",\"position\":1,\"name\":\"Strona g\u0142\u00f3wna\",\"item\":\"https:\/\/gaudiumetspes-blog.pl\/\"},{\"@type\":\"ListItem\",\"position\":2,\"name\":\"A&nbsp;co ja z&nbsp;tego b\u0119d\u0119 mia\u0142?&#8230;\"}]},{\"@type\":\"WebSite\",\"@id\":\"https:\/\/gaudiumetspes-blog.pl\/#website\",\"url\":\"https:\/\/gaudiumetspes-blog.pl\/\",\"name\":\"Gaudium Et Spes\",\"description\":\"Blog Ks. Jacka Ja\u015bkowskiego\",\"potentialAction\":[{\"@type\":\"SearchAction\",\"target\":{\"@type\":\"EntryPoint\",\"urlTemplate\":\"https:\/\/gaudiumetspes-blog.pl\/?s={search_term_string}\"},\"query-input\":{\"@type\":\"PropertyValueSpecification\",\"valueRequired\":true,\"valueName\":\"search_term_string\"}}],\"inLanguage\":\"pl-PL\"},{\"@type\":\"Person\",\"@id\":\"https:\/\/gaudiumetspes-blog.pl\/#\/schema\/person\/1661982992b752dea8dff0d4ed845a65\",\"name\":\"Ks. Jacek\",\"image\":{\"@type\":\"ImageObject\",\"inLanguage\":\"pl-PL\",\"@id\":\"https:\/\/gaudiumetspes-blog.pl\/#\/schema\/person\/image\/\",\"url\":\"https:\/\/gaudiumetspes-blog.pl\/wp-content\/uploads\/2019\/07\/avatar-JJ-150x150.jpg\",\"contentUrl\":\"https:\/\/gaudiumetspes-blog.pl\/wp-content\/uploads\/2019\/07\/avatar-JJ-150x150.jpg\",\"caption\":\"Ks. Jacek\"},\"description\":\"Witam serdecznie! K\u0142ania si\u0119 Ks. Jacek Ja\u015bkowski. Nie jestem ani kim\u015b wa\u017cnym, ani kim\u015b znanym. Jestem ksi\u0119dzem, kt\u00f3ry po prostu chce rozmawia\u0107. Codzienna kap\u0142a\u0144ska pos\u0142uga pokazuje mi, \u017ce temat\u00f3w do rozm\u00f3w z ksi\u0119dzem jest coraz wi\u0119cej i dzisiaj \u017caden ksi\u0105dz nie mo\u017ce od nich ucieka\u0107, ale - wprost przeciwnie - podejmowa\u0107 nowe wyzwania. To przekonanie sk\u0142oni\u0142o mnie do pr\u00f3by otwarcia tego\u017c bloga, chocia\u017c okazji do rozm\u00f3w na co dzie\u0144 - w konfesjonale i poza nim - na szcz\u0119\u015bcie nie brakuje. My\u015bl\u0119 jednak, \u017ce ten blog b\u0119dzie jeszcze jednym sposobem i przestrzeni\u0105 nawi\u0105zania kontaktu z lud\u017ami dobrej woli, otwartymi na dialog.\",\"url\":\"https:\/\/gaudiumetspes-blog.pl\/index.php\/author\/ks-jacek\/\"}]}<\/script>\n<!-- \/ Yoast SEO plugin. -->","yoast_head_json":{"title":"A co ja z tego b\u0119d\u0119 mia\u0142?... - Gaudium Et Spes","robots":{"index":"index","follow":"follow","max-snippet":"max-snippet:-1","max-image-preview":"max-image-preview:large","max-video-preview":"max-video-preview:-1"},"canonical":"https:\/\/gaudiumetspes-blog.pl\/index.php\/2020\/03\/07\/a-co-ja-z-tego-bede-mial\/","og_locale":"pl_PL","og_type":"article","og_title":"A co ja z tego b\u0119d\u0119 mia\u0142?... - Gaudium Et Spes","og_description":"Szcz\u0119\u015b\u0107 Bo\u017ce! Moi Drodzy, w dniu dzisiejszym imieniny prze\u017cywa Ksi\u0105dz Tomasz Radczuk, m\u00f3j Kolega kursowy, kt\u00f3remu \u017cycz\u0119 niespo\u017cytej energii w pos\u0142udze duszpasterskiej, wszelkich mocy i natchnie\u0144 Bo\u017cych do jednoznacznego \u015bwiadczenia o prawdzie Ewangelii. Zapewniam o modlitwie! A Ksi\u0119dzu Markowi bardzo serdecznie dzi\u0119kujemy za wczorajsze s\u0142\u00f3wko z Syberii! Mocne, bardzo mocne. I konkretne. A do tego [&hellip;]","og_url":"https:\/\/gaudiumetspes-blog.pl\/index.php\/2020\/03\/07\/a-co-ja-z-tego-bede-mial\/","og_site_name":"Gaudium Et Spes","article_published_time":"2020-03-07T06:05:54+00:00","author":"Ks. Jacek","twitter_card":"summary_large_image","twitter_misc":{"Napisane przez":"Ks. Jacek","Szacowany czas czytania":"7 minut"},"schema":{"@context":"https:\/\/schema.org","@graph":[{"@type":"WebPage","@id":"https:\/\/gaudiumetspes-blog.pl\/index.php\/2020\/03\/07\/a-co-ja-z-tego-bede-mial\/","url":"https:\/\/gaudiumetspes-blog.pl\/index.php\/2020\/03\/07\/a-co-ja-z-tego-bede-mial\/","name":"A co ja z tego b\u0119d\u0119 mia\u0142?... - Gaudium Et Spes","isPartOf":{"@id":"https:\/\/gaudiumetspes-blog.pl\/#website"},"datePublished":"2020-03-07T06:05:54+00:00","author":{"@id":"https:\/\/gaudiumetspes-blog.pl\/#\/schema\/person\/1661982992b752dea8dff0d4ed845a65"},"breadcrumb":{"@id":"https:\/\/gaudiumetspes-blog.pl\/index.php\/2020\/03\/07\/a-co-ja-z-tego-bede-mial\/#breadcrumb"},"inLanguage":"pl-PL","potentialAction":[{"@type":"ReadAction","target":["https:\/\/gaudiumetspes-blog.pl\/index.php\/2020\/03\/07\/a-co-ja-z-tego-bede-mial\/"]}]},{"@type":"BreadcrumbList","@id":"https:\/\/gaudiumetspes-blog.pl\/index.php\/2020\/03\/07\/a-co-ja-z-tego-bede-mial\/#breadcrumb","itemListElement":[{"@type":"ListItem","position":1,"name":"Strona g\u0142\u00f3wna","item":"https:\/\/gaudiumetspes-blog.pl\/"},{"@type":"ListItem","position":2,"name":"A&nbsp;co ja z&nbsp;tego b\u0119d\u0119 mia\u0142?&#8230;"}]},{"@type":"WebSite","@id":"https:\/\/gaudiumetspes-blog.pl\/#website","url":"https:\/\/gaudiumetspes-blog.pl\/","name":"Gaudium Et Spes","description":"Blog Ks. Jacka Ja\u015bkowskiego","potentialAction":[{"@type":"SearchAction","target":{"@type":"EntryPoint","urlTemplate":"https:\/\/gaudiumetspes-blog.pl\/?s={search_term_string}"},"query-input":{"@type":"PropertyValueSpecification","valueRequired":true,"valueName":"search_term_string"}}],"inLanguage":"pl-PL"},{"@type":"Person","@id":"https:\/\/gaudiumetspes-blog.pl\/#\/schema\/person\/1661982992b752dea8dff0d4ed845a65","name":"Ks. Jacek","image":{"@type":"ImageObject","inLanguage":"pl-PL","@id":"https:\/\/gaudiumetspes-blog.pl\/#\/schema\/person\/image\/","url":"https:\/\/gaudiumetspes-blog.pl\/wp-content\/uploads\/2019\/07\/avatar-JJ-150x150.jpg","contentUrl":"https:\/\/gaudiumetspes-blog.pl\/wp-content\/uploads\/2019\/07\/avatar-JJ-150x150.jpg","caption":"Ks. Jacek"},"description":"Witam serdecznie! K\u0142ania si\u0119 Ks. Jacek Ja\u015bkowski. Nie jestem ani kim\u015b wa\u017cnym, ani kim\u015b znanym. Jestem ksi\u0119dzem, kt\u00f3ry po prostu chce rozmawia\u0107. Codzienna kap\u0142a\u0144ska pos\u0142uga pokazuje mi, \u017ce temat\u00f3w do rozm\u00f3w z ksi\u0119dzem jest coraz wi\u0119cej i dzisiaj \u017caden ksi\u0105dz nie mo\u017ce od nich ucieka\u0107, ale - wprost przeciwnie - podejmowa\u0107 nowe wyzwania. To przekonanie sk\u0142oni\u0142o mnie do pr\u00f3by otwarcia tego\u017c bloga, chocia\u017c okazji do rozm\u00f3w na co dzie\u0144 - w konfesjonale i poza nim - na szcz\u0119\u015bcie nie brakuje. My\u015bl\u0119 jednak, \u017ce ten blog b\u0119dzie jeszcze jednym sposobem i przestrzeni\u0105 nawi\u0105zania kontaktu z lud\u017ami dobrej woli, otwartymi na dialog.","url":"https:\/\/gaudiumetspes-blog.pl\/index.php\/author\/ks-jacek\/"}]}},"jetpack_featured_media_url":"","jetpack_sharing_enabled":true,"_links":{"self":[{"href":"https:\/\/gaudiumetspes-blog.pl\/index.php\/wp-json\/wp\/v2\/posts\/16652","targetHints":{"allow":["GET"]}}],"collection":[{"href":"https:\/\/gaudiumetspes-blog.pl\/index.php\/wp-json\/wp\/v2\/posts"}],"about":[{"href":"https:\/\/gaudiumetspes-blog.pl\/index.php\/wp-json\/wp\/v2\/types\/post"}],"author":[{"embeddable":true,"href":"https:\/\/gaudiumetspes-blog.pl\/index.php\/wp-json\/wp\/v2\/users\/1"}],"replies":[{"embeddable":true,"href":"https:\/\/gaudiumetspes-blog.pl\/index.php\/wp-json\/wp\/v2\/comments?post=16652"}],"version-history":[{"count":1,"href":"https:\/\/gaudiumetspes-blog.pl\/index.php\/wp-json\/wp\/v2\/posts\/16652\/revisions"}],"predecessor-version":[{"id":16653,"href":"https:\/\/gaudiumetspes-blog.pl\/index.php\/wp-json\/wp\/v2\/posts\/16652\/revisions\/16653"}],"wp:attachment":[{"href":"https:\/\/gaudiumetspes-blog.pl\/index.php\/wp-json\/wp\/v2\/media?parent=16652"}],"wp:term":[{"taxonomy":"category","embeddable":true,"href":"https:\/\/gaudiumetspes-blog.pl\/index.php\/wp-json\/wp\/v2\/categories?post=16652"},{"taxonomy":"post_tag","embeddable":true,"href":"https:\/\/gaudiumetspes-blog.pl\/index.php\/wp-json\/wp\/v2\/tags?post=16652"}],"curies":[{"name":"wp","href":"https:\/\/api.w.org\/{rel}","templated":true}]}}