{"id":16656,"date":"2020-03-09T07:41:58","date_gmt":"2020-03-09T06:41:58","guid":{"rendered":"https:\/\/gaudiumetspes-blog.pl\/?p=16656"},"modified":"2020-03-09T07:41:58","modified_gmt":"2020-03-09T06:41:58","slug":"odmierza-wam-bowiem-taka-miara","status":"publish","type":"post","link":"https:\/\/gaudiumetspes-blog.pl\/index.php\/2020\/03\/09\/odmierza-wam-bowiem-taka-miara\/","title":{"rendered":"Odmierz\u0105 wam bowiem tak\u0105 miar\u0105&#8230;"},"content":{"rendered":"<p align=\"justify\"><span style=\"color: #000000;\"><span style=\"font-family: Book Antiqua, serif;\"><span style=\"font-size: large;\">Szcz\u0119\u015b\u0107 Bo\u017ce! Moi Drodzy, <\/span><\/span><\/span><span style=\"color: #000000;\"><span style=\"font-family: Book Antiqua, serif;\"><span style=\"font-size: large;\">dok\u0142adnie tydzie\u0144 temu, w swoim komentarzu, Dasiek zamie\u015bci\u0142 link do bardzo ciekawej wypowiedzi Pana Stanis\u0142awa Krajskiego: <\/span><\/span><\/span><span style=\"color: #000000;\"><span style=\"font-family: Book Antiqua, serif;\"><span style=\"font-size: large;\"><b>https:\/\/youtu.be\/WBW4tYHMzcU<\/b><\/span><\/span><\/span><\/p>\n<p align=\"justify\"><span style=\"color: #000000;\"><span style=\"font-family: Book Antiqua, serif;\"><span style=\"font-size: large;\">Jest to wypowied\u017a na temat koronawirusa i ca\u0142ej histerii, z nim zwi\u0105zanej. Chc\u0119 z ca\u0142\u0105 odpowiedzialno\u015bci\u0105 stwierdzi\u0107, i\u017c co do jednego s\u0142owa, a nawet przecinka, zgadzam si\u0119 z t\u0105 opini\u0105! Dzi\u0119kuj\u0119 Panu Krajskiemu za tak jasne na\u015bwietlenie ca\u0142ej sprawy, a Da\u015bkowi bardzo dzi\u0119kuj\u0119 za zamieszczenie linku. <\/span><\/span><\/span><\/p>\n<p align=\"justify\"><span style=\"color: #000000;\"><span style=\"font-family: Book Antiqua, serif;\"><span style=\"font-size: large;\">Was za\u015b, moi Drodzy, zach\u0119cam do spokojnego i g\u0142\u0119bokiego przemy\u015blenia ca\u0142ej sprawy \u2013 w kontek\u015bcie argument\u00f3w, kt\u00f3re tam us\u0142yszymy.<\/span><\/span><\/span><\/p>\n<p align=\"justify\"><span style=\"color: #000000;\"><span style=\"font-family: Book Antiqua, serif;\"><span style=\"font-size: large;\">A mo\u017ce to czas najwy\u017cszy, \u017ceby \u015bwiat zgi\u0105\u0142 kolana i hardy kark przed majestatem Boga?\u2026<\/span><\/span><\/span><\/p>\n<p align=\"center\"><span style=\"color: #000000;\"><span style=\"font-family: Book Antiqua, serif;\"><span style=\"font-size: large;\">Gaudium et spes! Ks. Jacek<\/span><\/span><\/span><\/p>\n<p align=\"center\">\n<p align=\"center\">\n<p align=\"center\">\n<p align=\"center\">\n<p align=\"center\">\n<p align=\"justify\"><span style=\"color: #000000;\"><span style=\"font-family: Book Antiqua, serif;\"><span style=\"font-size: large;\"><b>Poniedzia\u0142ek 2 Tygodnia Wielkiego Postu,<\/b><\/span><\/span><\/span><\/p>\n<p align=\"justify\"><span style=\"color: #000000;\"><span style=\"font-family: Book Antiqua, serif;\"><span style=\"font-size: large;\"><b>9 marca 2020.,<\/b><\/span><\/span><\/span><\/p>\n<p align=\"justify\"><span style=\"color: #000000;\"><span style=\"font-family: Book Antiqua, serif;\"><span style=\"font-size: large;\"><b>do czyta\u0144: Dn 9,4b\u201310; \u0141k 6,36\u201338<\/b><\/span><\/span><\/span><\/p>\n<p align=\"justify\">\n<p align=\"justify\">\n<p align=\"justify\">\n<p align=\"justify\">\n<p align=\"justify\">\n<p align=\"justify\"><span style=\"color: #000000;\"><span style=\"font-family: Book Antiqua, serif;\"><span style=\"font-size: large;\"><b>CZYTANIE Z KSI\u0118GI PROROKA DANIELA: <\/b><\/span><\/span><\/span><\/p>\n<p align=\"justify\"><span style=\"color: #000000;\"><span style=\"font-family: Book Antiqua, serif;\"><span style=\"font-size: large;\"><b>O Panie m\u00f3j, Bo\u017ce wielki i straszliwy, kt\u00f3ry dochowujesz wiernie przymierza tym, co Ciebie kochaj\u0105 i przestrzegaj\u0105 Twoich przykaza\u0144! <\/b><\/span><\/span><\/span><\/p>\n<p align=\"justify\"><span style=\"color: #000000;\"><span style=\"font-family: Book Antiqua, serif;\"><span style=\"font-size: large;\"><b>Zgrzeszyli\u015bmy, zb\u0142\u0105dzili\u015bmy, pope\u0142nili\u015bmy nieprawo\u015b\u0107 i zbuntowali\u015bmy si\u0119, odst\u0105pili\u015bmy od Twoich przykaza\u0144. Nie byli\u015bmy pos\u0142uszni Twoim s\u0142ugom, prorokom, kt\u00f3rzy przemawiali w Twoim imieniu do naszych kr\u00f3l\u00f3w, do naszych przyw\u00f3dc\u00f3w, do naszych przodk\u00f3w i do ca\u0142ego narodu kraju. <\/b><\/span><\/span><\/span><\/p>\n<p align=\"justify\"><span style=\"color: #000000;\"><span style=\"font-family: Book Antiqua, serif;\"><span style=\"font-size: large;\"><b>Tobie, Panie, nale\u017cy si\u0119 sprawiedliwo\u015b\u0107, nam za\u015b wstyd na twarzach, jak to jest dzi\u015b: mieszka\u0144com Judy i Jerozolimy oraz ca\u0142emu Izraelowi, bliskim i dalekim we wszystkich krajach, do kt\u00f3rych ich wyp\u0119dzi\u0142e\u015b z powodu niewierno\u015bci, jak\u0105 Ci okazali. <\/b><\/span><\/span><\/span><\/p>\n<p align=\"justify\"><span style=\"color: #000000;\"><span style=\"font-family: Book Antiqua, serif;\"><span style=\"font-size: large;\"><b>Panie! Wstyd na twarzach niech okrywa nas, naszych kr\u00f3l\u00f3w, naszych przyw\u00f3dc\u00f3w i naszych przodk\u00f3w, bo zgrzeszyli\u015bmy przeciw Tobie. Pan za\u015b, nasz B\u00f3g, jest mi\u0142osierny i okazuje \u0142askawo\u015b\u0107, mimo \u017ce zbuntowali\u015bmy si\u0119 przeciw Niemu i nie s\u0142uchali\u015bmy g\u0142osu Pana, naszego Boga, by post\u0119powa\u0107 wed\u0142ug Jego wskaza\u0144, kt\u00f3re nam da\u0142 przez swoje s\u0142ugi, prorok\u00f3w.<\/b><\/span><\/span><\/span><\/p>\n<p align=\"justify\">\n<p align=\"justify\">\n<p align=\"justify\">\n<p align=\"justify\">\n<p align=\"justify\">\n<p align=\"justify\"><span style=\"color: #000000;\"><span style=\"font-family: Book Antiqua, serif;\"><span style=\"font-size: large;\"><b>S\u0141OWA EWANGELII WED\u0141UG \u015aWI\u0118TEGO \u0141UKASZA: <\/b><\/span><\/span><\/span><\/p>\n<p align=\"justify\"><span style=\"color: #000000;\"><span style=\"font-family: Book Antiqua, serif;\"><span style=\"font-size: large;\"><b>Jezus powiedzia\u0142 do swoich uczni\u00f3w: \u201eB\u0105d\u017acie mi\u0142osierni, jak Ojciec wasz jest mi\u0142osierny. Nie s\u0105d\u017acie, a nie b\u0119dziecie s\u0105dzeni; nie pot\u0119piajcie, a nie b\u0119dziecie pot\u0119pieni; odpuszczajcie, a b\u0119dzie wam odpuszczone. <\/b><\/span><\/span><\/span><\/p>\n<p align=\"justify\"><span style=\"color: #000000;\"><span style=\"font-family: Book Antiqua, serif;\"><span style=\"font-size: large;\"><b>Dawajcie, a b\u0119dzie wam dane: miar\u0105 dobr\u0105, nat\u0142oczon\u0105, utrz\u0119sion\u0105 i op\u0142ywaj\u0105c\u0105 wsypi\u0105 w zanadrze wasze. Odmierz\u0105 wam bowiem tak\u0105 miar\u0105, jak\u0105 wy mierzycie\u201d.<\/b><\/span><\/span><\/span><\/p>\n<p align=\"justify\">\n<p align=\"justify\">\n<p align=\"justify\">\n<p align=\"justify\">\n<p align=\"justify\">\n<p align=\"justify\"><span style=\"color: #000000;\"><span style=\"font-family: Book Antiqua, serif;\"><span style=\"font-size: large;\">Czy jest w nas <b>\u015bwiadomo\u015b\u0107 grzechu?<\/b> Czy mamy \u015bwiadomo\u015b\u0107 swojej w\u0142asnej s\u0142abo\u015bci i tego, \u017ce naprawd\u0119 upadamy, naprawd\u0119 ci\u0105gle potykamy si\u0119 na naszej drodze do zbawienia? I nie chodzi tu o <b>sztuczne, teatralne i na pokaz obnoszenie si\u0119<\/b> ze swoim pozorowanym \u017calem, aby zyska\u0107 uznanie w oczach ludzi. Tu chodzi o prawd\u0119 \u2013 <b>pe\u0142n\u0105 prawd\u0119 o sobie.<\/b> Zw\u0142aszcza, \u017ce \u2013 jak uczyli Papie\u017ce ostatnich dziesi\u0119cioleci \u2013 najwi\u0119kszym grzechem naszych czas\u00f3w jest w\u0142a\u015bnie\u2026 <b>brak \u015bwiadomo\u015bci grzechu! <\/b><\/span><\/span><\/span><\/p>\n<p align=\"justify\"><span style=\"color: #000000;\"><span style=\"font-family: Book Antiqua, serif;\"><span style=\"font-size: large;\">Dzisiaj grzech nazywa si\u0119 zupe\u0142nie inaczej \u2013 a to <b>jedynie ludzk\u0105 s\u0142abo\u015bci\u0105,<\/b> a to jakimi\u015b b\u0142\u0119dem, kt\u00f3ry w ko\u0144cu ka\u017cdemu mo\u017ce si\u0119 zdarzy\u0107; a to wynikiem trudnych okoliczno\u015bci\u2026 I tymi\u017c okoliczno\u015bciami si\u0119 go t\u0142umaczy, <b>pr\u00f3buj\u0105c zag\u0142uszy\u0107 sumienie<\/b> i wm\u00f3wi\u0107 sobie, \u017ce tak naprawd\u0119 to nic si\u0119 z\u0142ego zrobi\u0107 nie chcia\u0142o, a \u017ce tak \u201eniefortunnie\u201d wysz\u0142o, to c\u00f3\u017c\u2026 Jak ognia, unika si\u0119 jasnego stwierdzenia: <b>\u201eMoja wina, moja wina, moja bardzo wielka wina!\u201d<\/b> <\/span><\/span><\/span><\/p>\n<p align=\"justify\"><span style=\"color: #000000;\"><span style=\"font-family: Book Antiqua, serif;\"><span style=\"font-size: large;\">To wszyscy wok\u00f3\u0142 s\u0105 winni i wszystko wok\u00f3\u0142 jest winne, tylko nie ja: nie moja wolna wola i moja osobista decyzja. Je\u017celi za\u015b m\u00f3wi si\u0119 o grzechu, spowodowanym przez konkretnego cz\u0142owieka, to \u2013 owszem \u2013 <b>przez<\/b><b> tego drugiego, ale nie <\/b><b>przeze<\/b><b> <\/b><b>mnie<\/b><b>! <\/b>Ja naprawd\u0119 nie jestem winny, ja naprawd\u0119 nie chcia\u0142em zrobi\u0107 niczego z\u0142ego, ja musia\u0142em tak post\u0105pi\u0107. Inni te\u017c by tak post\u0105pili! <\/span><\/span><\/span><\/p>\n<p align=\"justify\"><span style=\"color: #000000;\"><span style=\"font-family: Book Antiqua, serif;\"><span style=\"font-size: large;\">A zreszt\u0105, je\u015bli nawet zdarzaj\u0105 mi si\u0119 jakie\u015b grzecy \u2013 oczywi\u015bcie, niewielkie i zupe\u0142nie nieistotne, takie male\u0144kie \u201egrzeszki\u201d \u2013 to <b>\u017ceby wszyscy tylko takie mieli,<\/b> jak ja mam, to w og\u00f3le na \u015bwiecie by\u0142oby ca\u0142kiem fajnie!<\/span><\/span><\/span><\/p>\n<p align=\"justify\"><span style=\"color: #000000;\"><span style=\"font-family: Book Antiqua, serif;\"><span style=\"font-size: large;\">I tak wmawiamy sobie tego typu g\u0142upoty, oszukujemy samych siebie, na si\u0142\u0119 zag\u0142uszamy sumienie \u2013 wbrew niemu samemu, bo <b>ono nie da<\/b><b>je<\/b><b> si\u0119 tak \u0142atwo zag\u0142uszy\u0107<\/b> \u2013 zamiast uderzy\u0107 si\u0119 w pier\u015b i powt\u00f3rzy\u0107 z Prorokiem Danielem: <i><b>Zgrzeszyli\u015bmy, zb\u0142\u0105dzili\u015bmy, pope\u0142nili\u015bmy nieprawo\u015b\u0107 i zbuntowali\u015bmy si\u0119, odst\u0105pili\u015bmy od Twoich przykaza\u0144.<\/b><\/i><b> <\/b><b>[\u2026] <\/b><i><b>Tobie, Panie, nale\u017cy si\u0119 sprawiedliwo\u015b\u0107, nam za\u015b wstyd na twarzach,<\/b><\/i><b> <\/b><b>[\u2026]<\/b><b>. <\/b><i><b>Panie! Wstyd na twarzach niech okrywa nas,<\/b><\/i><b> [\u2026] <\/b><i><b>bo zgrzeszyli\u015bmy przeciw Tobie. Pan za\u015b, nasz B\u00f3g, jest mi\u0142osierny i okazuje \u0142askawo\u015b\u0107, mimo \u017ce zbuntowali\u015bmy si\u0119 przeciw Niemu i nie s\u0142uchali\u015bmy g\u0142osu Pana, naszego Boga, by post\u0119powa\u0107 wed\u0142ug Jego wskaza\u0144, kt\u00f3re nam da\u0142\u2026<\/b><\/i><b> <\/b><\/span><\/span><\/span><\/p>\n<p align=\"justify\"><span style=\"color: #000000;\"><span style=\"font-family: Book Antiqua, serif;\"><span style=\"font-size: large;\">Czy\u017c takie postawienie sprawy <b>nie jest tak naprawd\u0119 wyzwalaj\u0105ce?<\/b> Czy\u017c to nie jest zrzuceniem z siebie jakiego\u015b strasznego i przyt\u0142aczaj\u0105cego ci\u0119\u017caru, kt\u00f3ry mo\u017ce ju\u017c od wielu lat na barkach d\u017awigamy? Czy\u017c nie nale\u017ca\u0142oby wreszcie zrobi\u0107 porz\u0105dny \u2013 ale naprawd\u0119 <b>porz\u0105dny, solidny,<\/b> wsparty odpowiednimi pytaniami \u2013 r<b>achunek sumienia<\/b> i tak szczerze, bardzo szczerze, si\u0119 wyspowiada\u0107? Mo\u017ce ju\u017c czas najwy\u017cszy, aby <b>przesta\u0107 wmawia\u0107 sobie<\/b> jedno, kiedy sumienie na ka\u017cdym kroku m\u00f3wi co\u015b innego! <\/span><\/span><\/span><\/p>\n<p align=\"justify\"><span style=\"color: #000000;\"><span style=\"font-family: Book Antiqua, serif;\"><span style=\"font-size: large;\">A w\u00f3wczas \u2013 kiedy si\u0119 to ju\u017c dokona i kiedy uwolnimy si\u0119 z tego ci\u0119\u017caru, kt\u00f3ry mo\u017ce od lat nas przygniata \u2013 \u0142atwiej b\u0119dzie zrealizowa\u0107 wezwania Jezusa z dzisiejszej Ewangelii: <i><b>B\u0105d\u017acie mi\u0142osierni, jak Ojciec wasz jest mi\u0142osierny. Nie s\u0105d\u017acie, a nie b\u0119dziecie s\u0105dzeni; nie pot\u0119piajcie, a nie b\u0119dziecie pot\u0119pieni; odpuszczajcie, a b\u0119dzie wam odpuszczone.<\/b><\/i><b> <\/b><\/span><\/span><\/span><\/p>\n<p align=\"justify\"><span style=\"color: #000000;\"><span style=\"font-family: Book Antiqua, serif;\"><span style=\"font-size: large;\">Czy\u017c bowiem ten, kt\u00f3ry uzna\u0142 sw\u00f3j w\u0142asny grzech i ma \u015bwiadomo\u015b\u0107, jak wiele mu B\u00f3g wybaczy\u0142 \u2013 b\u0119dzie mia\u0142 jakie\u015b <b>opory przed wybaczeniem <\/b><b>drugiemu<\/b><b>?<\/b> I czy b\u0119dzie os\u0105dza\u0142 drugiego ten, kto sam \u2013 miast s\u0105du \u2013 do\u015bwiadczy\u0142 mi\u0142osierdzia? <\/span><\/span><\/span><\/p>\n<p align=\"justify\"><span style=\"color: #000000;\"><span style=\"font-family: Book Antiqua, serif;\"><span style=\"font-size: large;\">Tylko czy nie ma w nas przekonania, \u017ce to nie jest tak naprawd\u0119 nasz problem, bo my przecie\u017c \u017cadnych ci\u0119\u017ckich grzech\u00f3w nie mamy? Raz jeszcze zapytajmy samych siebie: <b>czy my siebie samych przypadkiem nie oszukujemy?<\/b> Tak\u017ce mo\u017ce dlatego, \u017ce chodzimy systematycznie do ko\u015bcio\u0142a i codziennie praktykujemy wiar\u0119, wi\u0119c nawet pod\u015bwiadomie uwa\u017camy, \u017ce <b>ten problem nas w og\u00f3le nie dotyczy?\u2026 <\/b><\/span><\/span><\/span><\/p>\n<p align=\"justify\"><span style=\"color: #000000;\"><span style=\"font-family: Book Antiqua, serif;\"><span style=\"font-size: large;\">Czy \u2013 tak\u017ce w zwi\u0105zku z tym \u2013<b> <\/b><b>innych nie os\u0105dzamy surowo,<\/b> a siebie samych wyj\u0105tkowo \u0142agodnie?\u2026 Czy innej miary nie stosujemy do oceny ludzi, ani\u017celi do oceny samych siebie? Czy miara, jak\u0105 stosujemy do siebie, nie jest <b>nadzwyczaj szeroka i \u0142agodna,<\/b> podczas, gdy ta dla drugich \u2013 <b>wyj\u0105tkowo w\u0105ska, sk\u0105pa i surowa?<\/b><\/span><\/span><\/span><\/p>\n<p align=\"justify\"><span style=\"color: #000000;\"><span style=\"font-family: Book Antiqua, serif;\"><span style=\"font-size: large;\">Warto to dzi\u015b przemy\u015ble\u0107. I warto to przemy\u015ble\u0107 przy najbli\u017cszym, solidnym \u2013 oby! \u2013 i wnikliwym rachunku sumienia przed Spowiedzi\u0105. Warto to przemy\u015ble\u0107 \u2013 tak\u017ce dlatego, \u017ce Jezus dzisiaj w Ewangelii m\u00f3wi jednoznacznie: <i><b>Odmierz\u0105 wam bowiem tak\u0105 miar\u0105, jak\u0105 wy mierzycie\u2026<\/b><\/i><\/span><\/span><\/span><\/p>\n","protected":false},"excerpt":{"rendered":"<p>Szcz\u0119\u015b\u0107 Bo\u017ce! Moi Drodzy, dok\u0142adnie tydzie\u0144 temu, w swoim komentarzu, Dasiek zamie\u015bci\u0142 link do bardzo ciekawej wypowiedzi Pana Stanis\u0142awa Krajskiego: https:\/\/youtu.be\/WBW4tYHMzcU Jest to wypowied\u017a na temat koronawirusa i ca\u0142ej histerii, z nim zwi\u0105zanej. Chc\u0119 z ca\u0142\u0105 odpowiedzialno\u015bci\u0105 stwierdzi\u0107, i\u017c co do jednego s\u0142owa, a nawet przecinka, zgadzam si\u0119 z t\u0105 opini\u0105! Dzi\u0119kuj\u0119 Panu Krajskiemu za [&hellip;]<\/p>\n","protected":false},"author":1,"featured_media":0,"comment_status":"open","ping_status":"open","sticky":false,"template":"","format":"standard","meta":{"jetpack_post_was_ever_published":false,"_jetpack_newsletter_access":"","_jetpack_dont_email_post_to_subs":false,"_jetpack_newsletter_tier_id":0,"_jetpack_memberships_contains_paywalled_content":false,"_jetpack_memberships_contains_paid_content":false,"footnotes":""},"categories":[1],"tags":[],"class_list":["post-16656","post","type-post","status-publish","format-standard","hentry","category-bez-kategorii"],"yoast_head":"<!-- This site is optimized with the Yoast SEO plugin v25.1 - https:\/\/yoast.com\/wordpress\/plugins\/seo\/ -->\n<title>Odmierz\u0105 wam bowiem tak\u0105 miar\u0105... - Gaudium Et Spes<\/title>\n<meta name=\"robots\" content=\"index, follow, max-snippet:-1, max-image-preview:large, max-video-preview:-1\" \/>\n<link rel=\"canonical\" href=\"https:\/\/gaudiumetspes-blog.pl\/index.php\/2020\/03\/09\/odmierza-wam-bowiem-taka-miara\/\" \/>\n<meta property=\"og:locale\" content=\"pl_PL\" \/>\n<meta property=\"og:type\" content=\"article\" \/>\n<meta property=\"og:title\" content=\"Odmierz\u0105 wam bowiem tak\u0105 miar\u0105... - Gaudium Et Spes\" \/>\n<meta property=\"og:description\" content=\"Szcz\u0119\u015b\u0107 Bo\u017ce! Moi Drodzy, dok\u0142adnie tydzie\u0144 temu, w swoim komentarzu, Dasiek zamie\u015bci\u0142 link do bardzo ciekawej wypowiedzi Pana Stanis\u0142awa Krajskiego: https:\/\/youtu.be\/WBW4tYHMzcU Jest to wypowied\u017a na temat koronawirusa i ca\u0142ej histerii, z nim zwi\u0105zanej. Chc\u0119 z ca\u0142\u0105 odpowiedzialno\u015bci\u0105 stwierdzi\u0107, i\u017c co do jednego s\u0142owa, a nawet przecinka, zgadzam si\u0119 z t\u0105 opini\u0105! Dzi\u0119kuj\u0119 Panu Krajskiemu za [&hellip;]\" \/>\n<meta property=\"og:url\" content=\"https:\/\/gaudiumetspes-blog.pl\/index.php\/2020\/03\/09\/odmierza-wam-bowiem-taka-miara\/\" \/>\n<meta property=\"og:site_name\" content=\"Gaudium Et Spes\" \/>\n<meta property=\"article:published_time\" content=\"2020-03-09T06:41:58+00:00\" \/>\n<meta name=\"author\" content=\"Ks. Jacek\" \/>\n<meta name=\"twitter:card\" content=\"summary_large_image\" \/>\n<meta name=\"twitter:label1\" content=\"Napisane przez\" \/>\n\t<meta name=\"twitter:data1\" content=\"Ks. Jacek\" \/>\n\t<meta name=\"twitter:label2\" content=\"Szacowany czas czytania\" \/>\n\t<meta name=\"twitter:data2\" content=\"6 minut\" \/>\n<script type=\"application\/ld+json\" class=\"yoast-schema-graph\">{\"@context\":\"https:\/\/schema.org\",\"@graph\":[{\"@type\":\"WebPage\",\"@id\":\"https:\/\/gaudiumetspes-blog.pl\/index.php\/2020\/03\/09\/odmierza-wam-bowiem-taka-miara\/\",\"url\":\"https:\/\/gaudiumetspes-blog.pl\/index.php\/2020\/03\/09\/odmierza-wam-bowiem-taka-miara\/\",\"name\":\"Odmierz\u0105 wam bowiem tak\u0105 miar\u0105... - Gaudium Et Spes\",\"isPartOf\":{\"@id\":\"https:\/\/gaudiumetspes-blog.pl\/#website\"},\"datePublished\":\"2020-03-09T06:41:58+00:00\",\"author\":{\"@id\":\"https:\/\/gaudiumetspes-blog.pl\/#\/schema\/person\/1661982992b752dea8dff0d4ed845a65\"},\"breadcrumb\":{\"@id\":\"https:\/\/gaudiumetspes-blog.pl\/index.php\/2020\/03\/09\/odmierza-wam-bowiem-taka-miara\/#breadcrumb\"},\"inLanguage\":\"pl-PL\",\"potentialAction\":[{\"@type\":\"ReadAction\",\"target\":[\"https:\/\/gaudiumetspes-blog.pl\/index.php\/2020\/03\/09\/odmierza-wam-bowiem-taka-miara\/\"]}]},{\"@type\":\"BreadcrumbList\",\"@id\":\"https:\/\/gaudiumetspes-blog.pl\/index.php\/2020\/03\/09\/odmierza-wam-bowiem-taka-miara\/#breadcrumb\",\"itemListElement\":[{\"@type\":\"ListItem\",\"position\":1,\"name\":\"Strona g\u0142\u00f3wna\",\"item\":\"https:\/\/gaudiumetspes-blog.pl\/\"},{\"@type\":\"ListItem\",\"position\":2,\"name\":\"Odmierz\u0105 wam bowiem tak\u0105 miar\u0105&#8230;\"}]},{\"@type\":\"WebSite\",\"@id\":\"https:\/\/gaudiumetspes-blog.pl\/#website\",\"url\":\"https:\/\/gaudiumetspes-blog.pl\/\",\"name\":\"Gaudium Et Spes\",\"description\":\"Blog Ks. Jacka Ja\u015bkowskiego\",\"potentialAction\":[{\"@type\":\"SearchAction\",\"target\":{\"@type\":\"EntryPoint\",\"urlTemplate\":\"https:\/\/gaudiumetspes-blog.pl\/?s={search_term_string}\"},\"query-input\":{\"@type\":\"PropertyValueSpecification\",\"valueRequired\":true,\"valueName\":\"search_term_string\"}}],\"inLanguage\":\"pl-PL\"},{\"@type\":\"Person\",\"@id\":\"https:\/\/gaudiumetspes-blog.pl\/#\/schema\/person\/1661982992b752dea8dff0d4ed845a65\",\"name\":\"Ks. Jacek\",\"image\":{\"@type\":\"ImageObject\",\"inLanguage\":\"pl-PL\",\"@id\":\"https:\/\/gaudiumetspes-blog.pl\/#\/schema\/person\/image\/\",\"url\":\"https:\/\/gaudiumetspes-blog.pl\/wp-content\/uploads\/2019\/07\/avatar-JJ-150x150.jpg\",\"contentUrl\":\"https:\/\/gaudiumetspes-blog.pl\/wp-content\/uploads\/2019\/07\/avatar-JJ-150x150.jpg\",\"caption\":\"Ks. Jacek\"},\"description\":\"Witam serdecznie! K\u0142ania si\u0119 Ks. Jacek Ja\u015bkowski. Nie jestem ani kim\u015b wa\u017cnym, ani kim\u015b znanym. Jestem ksi\u0119dzem, kt\u00f3ry po prostu chce rozmawia\u0107. Codzienna kap\u0142a\u0144ska pos\u0142uga pokazuje mi, \u017ce temat\u00f3w do rozm\u00f3w z ksi\u0119dzem jest coraz wi\u0119cej i dzisiaj \u017caden ksi\u0105dz nie mo\u017ce od nich ucieka\u0107, ale - wprost przeciwnie - podejmowa\u0107 nowe wyzwania. To przekonanie sk\u0142oni\u0142o mnie do pr\u00f3by otwarcia tego\u017c bloga, chocia\u017c okazji do rozm\u00f3w na co dzie\u0144 - w konfesjonale i poza nim - na szcz\u0119\u015bcie nie brakuje. My\u015bl\u0119 jednak, \u017ce ten blog b\u0119dzie jeszcze jednym sposobem i przestrzeni\u0105 nawi\u0105zania kontaktu z lud\u017ami dobrej woli, otwartymi na dialog.\",\"url\":\"https:\/\/gaudiumetspes-blog.pl\/index.php\/author\/ks-jacek\/\"}]}<\/script>\n<!-- \/ Yoast SEO plugin. -->","yoast_head_json":{"title":"Odmierz\u0105 wam bowiem tak\u0105 miar\u0105... - Gaudium Et Spes","robots":{"index":"index","follow":"follow","max-snippet":"max-snippet:-1","max-image-preview":"max-image-preview:large","max-video-preview":"max-video-preview:-1"},"canonical":"https:\/\/gaudiumetspes-blog.pl\/index.php\/2020\/03\/09\/odmierza-wam-bowiem-taka-miara\/","og_locale":"pl_PL","og_type":"article","og_title":"Odmierz\u0105 wam bowiem tak\u0105 miar\u0105... - Gaudium Et Spes","og_description":"Szcz\u0119\u015b\u0107 Bo\u017ce! Moi Drodzy, dok\u0142adnie tydzie\u0144 temu, w swoim komentarzu, Dasiek zamie\u015bci\u0142 link do bardzo ciekawej wypowiedzi Pana Stanis\u0142awa Krajskiego: https:\/\/youtu.be\/WBW4tYHMzcU Jest to wypowied\u017a na temat koronawirusa i ca\u0142ej histerii, z nim zwi\u0105zanej. Chc\u0119 z ca\u0142\u0105 odpowiedzialno\u015bci\u0105 stwierdzi\u0107, i\u017c co do jednego s\u0142owa, a nawet przecinka, zgadzam si\u0119 z t\u0105 opini\u0105! Dzi\u0119kuj\u0119 Panu Krajskiemu za [&hellip;]","og_url":"https:\/\/gaudiumetspes-blog.pl\/index.php\/2020\/03\/09\/odmierza-wam-bowiem-taka-miara\/","og_site_name":"Gaudium Et Spes","article_published_time":"2020-03-09T06:41:58+00:00","author":"Ks. Jacek","twitter_card":"summary_large_image","twitter_misc":{"Napisane przez":"Ks. Jacek","Szacowany czas czytania":"6 minut"},"schema":{"@context":"https:\/\/schema.org","@graph":[{"@type":"WebPage","@id":"https:\/\/gaudiumetspes-blog.pl\/index.php\/2020\/03\/09\/odmierza-wam-bowiem-taka-miara\/","url":"https:\/\/gaudiumetspes-blog.pl\/index.php\/2020\/03\/09\/odmierza-wam-bowiem-taka-miara\/","name":"Odmierz\u0105 wam bowiem tak\u0105 miar\u0105... - Gaudium Et Spes","isPartOf":{"@id":"https:\/\/gaudiumetspes-blog.pl\/#website"},"datePublished":"2020-03-09T06:41:58+00:00","author":{"@id":"https:\/\/gaudiumetspes-blog.pl\/#\/schema\/person\/1661982992b752dea8dff0d4ed845a65"},"breadcrumb":{"@id":"https:\/\/gaudiumetspes-blog.pl\/index.php\/2020\/03\/09\/odmierza-wam-bowiem-taka-miara\/#breadcrumb"},"inLanguage":"pl-PL","potentialAction":[{"@type":"ReadAction","target":["https:\/\/gaudiumetspes-blog.pl\/index.php\/2020\/03\/09\/odmierza-wam-bowiem-taka-miara\/"]}]},{"@type":"BreadcrumbList","@id":"https:\/\/gaudiumetspes-blog.pl\/index.php\/2020\/03\/09\/odmierza-wam-bowiem-taka-miara\/#breadcrumb","itemListElement":[{"@type":"ListItem","position":1,"name":"Strona g\u0142\u00f3wna","item":"https:\/\/gaudiumetspes-blog.pl\/"},{"@type":"ListItem","position":2,"name":"Odmierz\u0105 wam bowiem tak\u0105 miar\u0105&#8230;"}]},{"@type":"WebSite","@id":"https:\/\/gaudiumetspes-blog.pl\/#website","url":"https:\/\/gaudiumetspes-blog.pl\/","name":"Gaudium Et Spes","description":"Blog Ks. Jacka Ja\u015bkowskiego","potentialAction":[{"@type":"SearchAction","target":{"@type":"EntryPoint","urlTemplate":"https:\/\/gaudiumetspes-blog.pl\/?s={search_term_string}"},"query-input":{"@type":"PropertyValueSpecification","valueRequired":true,"valueName":"search_term_string"}}],"inLanguage":"pl-PL"},{"@type":"Person","@id":"https:\/\/gaudiumetspes-blog.pl\/#\/schema\/person\/1661982992b752dea8dff0d4ed845a65","name":"Ks. Jacek","image":{"@type":"ImageObject","inLanguage":"pl-PL","@id":"https:\/\/gaudiumetspes-blog.pl\/#\/schema\/person\/image\/","url":"https:\/\/gaudiumetspes-blog.pl\/wp-content\/uploads\/2019\/07\/avatar-JJ-150x150.jpg","contentUrl":"https:\/\/gaudiumetspes-blog.pl\/wp-content\/uploads\/2019\/07\/avatar-JJ-150x150.jpg","caption":"Ks. Jacek"},"description":"Witam serdecznie! K\u0142ania si\u0119 Ks. Jacek Ja\u015bkowski. Nie jestem ani kim\u015b wa\u017cnym, ani kim\u015b znanym. Jestem ksi\u0119dzem, kt\u00f3ry po prostu chce rozmawia\u0107. Codzienna kap\u0142a\u0144ska pos\u0142uga pokazuje mi, \u017ce temat\u00f3w do rozm\u00f3w z ksi\u0119dzem jest coraz wi\u0119cej i dzisiaj \u017caden ksi\u0105dz nie mo\u017ce od nich ucieka\u0107, ale - wprost przeciwnie - podejmowa\u0107 nowe wyzwania. To przekonanie sk\u0142oni\u0142o mnie do pr\u00f3by otwarcia tego\u017c bloga, chocia\u017c okazji do rozm\u00f3w na co dzie\u0144 - w konfesjonale i poza nim - na szcz\u0119\u015bcie nie brakuje. My\u015bl\u0119 jednak, \u017ce ten blog b\u0119dzie jeszcze jednym sposobem i przestrzeni\u0105 nawi\u0105zania kontaktu z lud\u017ami dobrej woli, otwartymi na dialog.","url":"https:\/\/gaudiumetspes-blog.pl\/index.php\/author\/ks-jacek\/"}]}},"jetpack_featured_media_url":"","jetpack_sharing_enabled":true,"_links":{"self":[{"href":"https:\/\/gaudiumetspes-blog.pl\/index.php\/wp-json\/wp\/v2\/posts\/16656","targetHints":{"allow":["GET"]}}],"collection":[{"href":"https:\/\/gaudiumetspes-blog.pl\/index.php\/wp-json\/wp\/v2\/posts"}],"about":[{"href":"https:\/\/gaudiumetspes-blog.pl\/index.php\/wp-json\/wp\/v2\/types\/post"}],"author":[{"embeddable":true,"href":"https:\/\/gaudiumetspes-blog.pl\/index.php\/wp-json\/wp\/v2\/users\/1"}],"replies":[{"embeddable":true,"href":"https:\/\/gaudiumetspes-blog.pl\/index.php\/wp-json\/wp\/v2\/comments?post=16656"}],"version-history":[{"count":1,"href":"https:\/\/gaudiumetspes-blog.pl\/index.php\/wp-json\/wp\/v2\/posts\/16656\/revisions"}],"predecessor-version":[{"id":16657,"href":"https:\/\/gaudiumetspes-blog.pl\/index.php\/wp-json\/wp\/v2\/posts\/16656\/revisions\/16657"}],"wp:attachment":[{"href":"https:\/\/gaudiumetspes-blog.pl\/index.php\/wp-json\/wp\/v2\/media?parent=16656"}],"wp:term":[{"taxonomy":"category","embeddable":true,"href":"https:\/\/gaudiumetspes-blog.pl\/index.php\/wp-json\/wp\/v2\/categories?post=16656"},{"taxonomy":"post_tag","embeddable":true,"href":"https:\/\/gaudiumetspes-blog.pl\/index.php\/wp-json\/wp\/v2\/tags?post=16656"}],"curies":[{"name":"wp","href":"https:\/\/api.w.org\/{rel}","templated":true}]}}