{"id":16683,"date":"2020-03-16T07:41:33","date_gmt":"2020-03-16T06:41:33","guid":{"rendered":"https:\/\/gaudiumetspes-blog.pl\/?p=16683"},"modified":"2020-03-16T07:41:33","modified_gmt":"2020-03-16T06:41:33","slug":"abys-go-uwolnil-od-tradu","status":"publish","type":"post","link":"https:\/\/gaudiumetspes-blog.pl\/index.php\/2020\/03\/16\/abys-go-uwolnil-od-tradu\/","title":{"rendered":"Aby\u015b go uwolni\u0142 od tr\u0105du&#8230;"},"content":{"rendered":"<p align=\"justify\"><span style=\"color: #000000;\"><span style=\"font-family: Book Antiqua, serif;\"><span style=\"font-size: large;\">Szcz\u0119\u015b\u0107 Bo\u017ce! Moi Drodzy, w dniu dzisiejszym <b>urodziny prze\u017cywa Grzegorz Sosnowski, a imieniny prze\u017cywa Iza Izdebska \u2013 Oboje nale\u017c\u0105cy w swoim czasie do prowadzonych przeze mnie Wsp\u00f3lnot m\u0142odzie\u017cowych. Modl\u0119 si\u0119 dla <\/b><b>Nich<\/b><b> o wielk\u0105 wiar\u0119 w moc Bo\u017c\u0105 na ka\u017cdy dzie\u0144 Ich \u017cycia. I wspieram modlitw\u0105.<\/b><\/span><\/span><\/span><\/p>\n<p align=\"justify\"><span style=\"color: #000000;\"><span style=\"font-family: Book Antiqua, serif;\"><span style=\"font-size: large;\">Moi Drodzy, w odniesieniu do mojego s\u0142owa wprowadzaj\u0105cego z wczoraj \u2013 i tak\u017ce wczorajszego rozwa\u017cania Bo\u017cego s\u0142owa \u2013 chcia\u0142bym zach\u0119ci\u0107 Was do przeczytania <b>Listu pasterskiego Ksi\u0119dza Arcybiskupa Andrzeja Dzi\u0119gi, Metropolity Szczeci\u0144sko \u2013 Kamie\u0144skiego,<\/b> a niegdy\u015b: mojego Dziekana na Wydziale Prawa na KUL, tak\u017ce: mojego Rodaka z Diecezji i Poprzednika (oczywi\u015bcie, nie bezpo\u015bredniego) na wikariacie w Radory\u017cu Ko\u015bcielnym. Jestem dumny i zaszczycony znajomo\u015bci\u0105 z Ksi\u0119dzem Arcybiskupem, a dzisiaj \u2013 niezmiernie wdzi\u0119czny za Jego s\u0142owa, do kt\u00f3rych \u2013 dzi\u0119ki naszej drogiej Annie \u2013 Was odsy\u0142am: <\/span><\/span><\/span><\/p>\n<p align=\"justify\"><span style=\"color: #000000;\"><span style=\"font-family: Book Antiqua, serif;\"><span style=\"font-size: large;\"><b>https:\/\/kuria.pl\/aktualnosci\/Slowo-pasterskie-Ksiedza-Arcybiskupa-Metropolity-na-III-Niedziele-Wielkiego-Postu-15-marca-2020-r_4008 <\/b><\/span><\/span><\/span><\/p>\n<p align=\"justify\"><span style=\"color: #000000;\"><span style=\"font-family: Book Antiqua, serif;\"><span style=\"font-size: large;\">Dzi\u0119kuj\u0119 Annie za nakierowanie nas wczoraj na to s\u0142owo. A Ksi\u0119dzu Arcybiskupowi dzi\u0119kuj\u0119 za to krzepi\u0105ce, m\u0105dre i Bo\u017ce s\u0142owo! Takiego s\u0142owa bardzo mi osobi\u015bcie by\u0142o potrzeba w tych dniach \u2013 <b>pe\u0142nego wiary i odwagi s\u0142owa Pasterza,<\/b> a nie kolejnego komunikatu sanitarno \u2013 epidemiologicznego z ambony. Owszem, te komunikaty s\u0105 bardzo wa\u017cne i potrzebne, ale <b>od Pasterzy oczekuj\u0119 i bardzo potrzebuj\u0119 s\u0142owa nadziei i <\/b><b>wsparcia<\/b><b>! I \u015bwiadectwa wielkiej wiary! <\/b><b>I umocnienia w tej wierze<\/b><b>!<\/b> Tak, ja, ksi\u0105dz, te\u017c go potrzebuj\u0119! <\/span><\/span><\/span><\/p>\n<p align=\"justify\"><span style=\"color: #000000;\"><span style=\"font-family: Book Antiqua, serif;\"><span style=\"font-size: large;\">Dlatego bardzo dzi\u0119kuj\u0119 Ksi\u0119dzu Arcybiskupowi za to, \u017ce w\u0142a\u015bnie w Jego s\u0142owie to znalaz\u0142em. Przeczytajcie je koniecznie, moi Drodzy! Bardzo zach\u0119cam! I przemy\u015blcie g\u0142\u0119boko w sercu. Skoro mamy takie wyj\u0105tkowe rekolekcje wielkopostne, to powinni\u015bmy si\u0119ga\u0107 po g\u0142\u0119bokie i buduj\u0105ce tre\u015bci.<\/span><\/span><\/span><\/p>\n<p align=\"justify\"><span style=\"color: #000000;\"><span style=\"font-family: Book Antiqua, serif;\"><span style=\"font-size: large;\">A tak swoj\u0105 drog\u0105 \u2013 otrzyma\u0142em wczoraj kilka sygna\u0142\u00f3w od Os\u00f3b, g\u0142\u0119boko dotkni\u0119tych wczorajszymi restrykcjami w ko\u015bcio\u0142ach. Burz\u0105 one ten sielankowy obraz, lansowany w mediach pa\u0144stwowych, ukazuj\u0105cy szcz\u0119\u015bliwych ludzi przed telewizorami\u2026 Modl\u0119 si\u0119 o to, aby ta ca\u0142a sytuacja nie spowodowa\u0142a \u2013 na dalsz\u0105 met\u0119 \u2013 powa\u017cnych szk\u00f3d duchowych. Jest to z pewno\u015bci\u0105 <b>wielkim<\/b> <b>sprawdzianem<\/b> <b>naszej wiary!<\/b><\/span><\/span><\/span><\/p>\n<p align=\"justify\"><span style=\"color: #000000;\"><span style=\"font-family: Book Antiqua, serif;\"><span style=\"font-size: large;\">Dlatego, moi Drodzy, prosz\u0119 Was<b> o bardzo intensywn\u0105 modlitw\u0119, adoracj\u0119 Naj\u015bwi\u0119tszego Sakramentu, lektur\u0119 Pisma \u015awi\u0119tego, post<\/b> (tak\u017ce o chlebie i wodzie, o ile zdrowie pozwala), <b>R\u00f3\u017caniec \u015awi\u0119ty<\/b> (szczeg\u00f3lnie o 20:30), <b>a w miar\u0119 mo\u017cliwo\u015bci \u2013 udzia\u0142 we Mszy \u015awi\u0119tej i przyj\u0119cie Komunii \u015awi\u0119tej. <\/b>A je\u015bli trzeba, to i <b>o <\/b><b>Spowied\u017a <\/b><b>\u015awi\u0119t\u0105 <\/b>\u2013 mo\u017ce nawet generaln\u0105, z jakiego\u015b d\u0142u\u017cszego czasu. Na tej ofensywie duchowej si\u0119 skoncentrujmy \u2013 zaufajmy bezgranicznie Panu! Bo tylko On mo\u017ce nas uzdrowi\u0107 i uratowa\u0107!<\/span><\/span><\/span><\/p>\n<p align=\"justify\"><span style=\"color: #000000;\"><span style=\"font-family: Book Antiqua, serif;\"><span style=\"font-size: large;\">I wspierajmy si\u0119 tak\u017ce nawzajem! \u0141\u0105czmy si\u0119 ze sob\u0105 o godzinie 20:00 poprzez nasze wsp\u00f3lne \u201eOjcze nasz\u201d. Rozmawiajmy o tych wa\u017cnych sprawach, <b>nie\u015bmy sobie nawzajem nadziej\u0119 <\/b>\u2013 ale nie jak\u0105\u015b p\u0142onn\u0105 i p\u0142ytk\u0105, na zasadzie: \u201ewszystko b\u0119dzie dobrze\u2026\u201d, tylko prawdziw\u0105 i mocn\u0105 nadziej\u0119, p\u0142yn\u0105c\u0105 z wiary w nieograniczon\u0105 moc Jezusa Chrystusa!<\/span><\/span><\/span><\/p>\n<p align=\"justify\"><span style=\"color: #000000;\"><span style=\"font-family: Book Antiqua, serif;\"><span style=\"font-size: large;\">Niech na prze\u017cywanie tego czasu wyj\u0105tkowych rekolekcji <b>b\u0142ogos\u0142awi Was B\u00f3g Wszechmog\u0105cy: Ojciec + i Syn, i Duch \u015awi\u0119ty. Amen<\/b><\/span><\/span><\/span><\/p>\n<p align=\"center\"><span style=\"color: #000000;\"><span style=\"font-family: Book Antiqua, serif;\"><span style=\"font-size: large;\">Gaudium et spes! Ks. Jacek<\/span><\/span><\/span><\/p>\n<p align=\"center\">\n<p align=\"center\">\n<p align=\"center\">\n<p align=\"center\">\n<p align=\"center\">\n<p align=\"justify\"><span style=\"color: #000000;\"><span style=\"font-family: Book Antiqua, serif;\"><span style=\"font-size: large;\"><b>Poniedzia\u0142ek 3 Tygodnia Wielkiego Postu,<\/b><\/span><\/span><\/span><\/p>\n<p align=\"justify\"><span style=\"color: #000000;\"><span style=\"font-family: Book Antiqua, serif;\"><span style=\"font-size: large;\"><b>16 marca 2020.,<\/b><\/span><\/span><\/span><\/p>\n<p align=\"justify\"><span style=\"color: #000000;\"><span style=\"font-family: Book Antiqua, serif;\"><span style=\"font-size: large;\"><b>do czyta\u0144: 2 Krl 5,1\u201315a; \u0141k 4,24\u201330<\/b><\/span><\/span><\/span><\/p>\n<p align=\"justify\">\n<p align=\"justify\">\n<p align=\"justify\">\n<p align=\"justify\">\n<p align=\"justify\">\n<p align=\"justify\"><span style=\"color: #000000;\"><span style=\"font-family: Book Antiqua, serif;\"><span style=\"font-size: large;\"><b>CZYTANIE Z DRUGIEJ KSI\u0118GI KR\u00d3LEWSKIEJ: <\/b><\/span><\/span><\/span><\/p>\n<p align=\"justify\"><span style=\"color: #000000;\"><span style=\"font-family: Book Antiqua, serif;\"><span style=\"font-size: large;\"><b>Naaman, w\u00f3dz wojska kr\u00f3la syryjskiego, mia\u0142 wielkie znaczenie u swego pana i doznawa\u0142 wzgl\u0119d\u00f3w, poniewa\u017c przez niego Pan spowodowa\u0142 ocalenie Syryjczyk\u00f3w. Lecz ten cz\u0142owiek, dzielny wojownik, by\u0142 tr\u0119dowaty. <\/b><\/span><\/span><\/span><\/p>\n<p align=\"justify\"><span style=\"color: #000000;\"><span style=\"font-family: Book Antiqua, serif;\"><span style=\"font-size: large;\"><b>Kiedy\u015b podczas napadu gromady Syryjczyk\u00f3w zabra\u0142y z ziemi Izraela m\u0142od\u0105 dziewczyn\u0119, kt\u00f3r\u0105 przeznaczono do us\u0142ug \u017conie Naamana. Ona rzek\u0142a do swojej pani: \u201eO, gdyby pan m\u00f3j uda\u0142 si\u0119 do proroka, kt\u00f3ry jest w Samarii! Ten by go wtedy uwolni\u0142 od tr\u0105du\u201d. <\/b><\/span><\/span><\/span><\/p>\n<p align=\"justify\"><span style=\"color: #000000;\"><span style=\"font-family: Book Antiqua, serif;\"><span style=\"font-size: large;\"><b>Naaman wi\u0119c poszed\u0142 oznajmi\u0107 to swojemu panu, powtarzaj\u0105c s\u0142owa dziewczyny, kt\u00f3ra pochodzi\u0142a z kraju Izraela. <\/b><\/span><\/span><\/span><\/p>\n<p align=\"justify\"><span style=\"color: #000000;\"><span style=\"font-family: Book Antiqua, serif;\"><span style=\"font-size: large;\"><b>A kr\u00f3l syryjski odpowiedzia\u0142: \u201eWyruszaj! A ja po\u015bl\u0119 list do kr\u00f3la izraelskiego\u201d. <\/b><\/span><\/span><\/span><\/p>\n<p align=\"justify\"><span style=\"color: #000000;\"><span style=\"font-family: Book Antiqua, serif;\"><span style=\"font-size: large;\"><b>Wyruszy\u0142 wi\u0119c, zabieraj\u0105c ze sob\u0105 dziesi\u0119\u0107 tysi\u0119cy talent\u00f3w srebra, sze\u015b\u0107 tysi\u0119cy sykl\u00f3w z\u0142ota i dziesi\u0119\u0107 ubra\u0144 zamiennych. I przed\u0142o\u017cy\u0142 kr\u00f3lowi izraelskiemu list o tre\u015bci nast\u0119puj\u0105cej: \u201eZ chwil\u0105, gdy dojdzie do ciebie ten list, wiedz, i\u017c posy\u0142am do ciebie Naamana, s\u0142ug\u0119 mego, aby\u015b go uwolni\u0142 od tr\u0105du\u201d. <\/b><\/span><\/span><\/span><\/p>\n<p align=\"justify\"><span style=\"color: #000000;\"><span style=\"font-family: Book Antiqua, serif;\"><span style=\"font-size: large;\"><b>Kiedy przeczytano list kr\u00f3lowi izraelskiemu, rozdar\u0142 swoje szaty i powiedzia\u0142: \u201eCzy ja jestem Bogiem, \u017cebym m\u00f3g\u0142 u\u015bmierca\u0107 i o\u017cywia\u0107? Bo ten poleca mi uwolni\u0107 cz\u0142owieka od tr\u0105du! Tylko dobrze zastan\u00f3wcie si\u0119 i rozwa\u017ccie, czy on nie szuka zaczepki ze mn\u0105!\u201d <\/b><\/span><\/span><\/span><\/p>\n<p align=\"justify\"><span style=\"color: #000000;\"><span style=\"font-family: Book Antiqua, serif;\"><span style=\"font-size: large;\"><b>Lecz kiedy Elizeusz, m\u0105\u017c Bo\u017cy, dowiedzia\u0142 si\u0119, i\u017c kr\u00f3l izraelski rozdar\u0142 swoje szaty, poleci\u0142 powiedzie\u0107 kr\u00f3lowi: \u201eCzemu rozdar\u0142e\u015b szaty? Niech\u017ce on przyjdzie do mnie, a dowie si\u0119, \u017ce jest prorok w Izraelu\u201d. <\/b><\/span><\/span><\/span><\/p>\n<p align=\"justify\"><span style=\"color: #000000;\"><span style=\"font-family: Book Antiqua, serif;\"><span style=\"font-size: large;\"><b>Przyjecha\u0142 wi\u0119c Naaman swymi ko\u0144mi, powozem, i stan\u0105\u0142 przed drzwiami domu Elizeusza. Elizeusz za\u015b kaza\u0142 mu przez pos\u0142a\u0144ca powiedzie\u0107: \u201eId\u017a, obmyj si\u0119 siedem razy w Jordanie, a cia\u0142o twoje b\u0119dzie takie jak poprzednio i staniesz si\u0119 czysty!\u201d <\/b><\/span><\/span><\/span><\/p>\n<p align=\"justify\"><span style=\"color: #000000;\"><span style=\"font-family: Book Antiqua, serif;\"><span style=\"font-size: large;\"><b>Rozgniewany Naaman odszed\u0142, m\u00f3wi\u0105c: \u201ePrzecie\u017c my\u015bla\u0142em sobie: Na pewno wyjdzie, stanie, nast\u0119pnie wezwie imienia Boga swego, Pana, poruszy r\u0119k\u0105 nad miejscem chorym i odejmie tr\u0105d. Czy\u017c Abana i Parpar, rzeki Damaszku, nie s\u0105 lepsze od wszystkich w\u00f3d Izraela? Czy\u017c nie mog\u0142em si\u0119 w nich wyk\u0105pa\u0107 i by\u0107 oczyszczony?\u201d <\/b><\/span><\/span><\/span><\/p>\n<p align=\"justify\"><span style=\"color: #000000;\"><span style=\"font-family: Book Antiqua, serif;\"><span style=\"font-size: large;\"><b>Pe\u0142en gniewu zawr\u00f3ci\u0142, by odej\u015b\u0107. Lecz s\u0142udzy jego przybli\u017cyli si\u0119 i przem\u00f3wili do niego tymi s\u0142owami: \u201eM\u00f3j ojcze, gdyby prorok kaza\u0142 ci spe\u0142ni\u0107 co\u015b trudnego, czy by\u015b nie wykona\u0142? O ile\u017c wi\u0119c bardziej, je\u015bli ci powiedzia\u0142: \u00abObmyj si\u0119, a b\u0119dziesz czysty\u00bb\u201d. <\/b><\/span><\/span><\/span><\/p>\n<p align=\"justify\"><span style=\"color: #000000;\"><span style=\"font-family: Book Antiqua, serif;\"><span style=\"font-size: large;\"><b>Odszed\u0142 wi\u0119c Naaman i zanurzy\u0142 si\u0119 siedem razy w Jordanie wed\u0142ug s\u0142owa m\u0119\u017ca Bo\u017cego, a cia\u0142o jego na powr\u00f3t sta\u0142o si\u0119 jak cia\u0142o ma\u0142ego dziecka i zosta\u0142 oczyszczony. <\/b><\/span><\/span><\/span><\/p>\n<p align=\"justify\"><span style=\"color: #000000;\"><span style=\"font-family: Book Antiqua, serif;\"><span style=\"font-size: large;\"><b>Wtedy wr\u00f3ci\u0142 do m\u0119\u017ca Bo\u017cego z ca\u0142ym orszakiem, wszed\u0142 i stan\u0105\u0142 przed nim, m\u00f3wi\u0105c: \u201eOto przekona\u0142em si\u0119, \u017ce na ca\u0142ej ziemi nie ma Boga poza Izraelem\u201d.<\/b><\/span><\/span><\/span><\/p>\n<p align=\"justify\">\n<p align=\"justify\">\n<p align=\"justify\">\n<p align=\"justify\">\n<p align=\"justify\">\n<p align=\"justify\"><span style=\"color: #000000;\"><span style=\"font-family: Book Antiqua, serif;\"><span style=\"font-size: large;\"><b>S\u0141OWA EWANGELII WED\u0141UG \u015aWI\u0118TEGO \u0141UKASZA:<\/b><\/span><\/span><\/span><\/p>\n<p align=\"justify\"><span style=\"color: #000000;\"><span style=\"font-family: Book Antiqua, serif;\"><span style=\"font-size: large;\"><b>Kiedy Jezus przyszed\u0142 do Nazaretu, przem\u00f3wi\u0142 do ludu w synagodze: \u201eZaprawd\u0119 powiadam wam: \u017baden prorok nie jest mile widziany w swojej ojczy\u017anie. <\/b><\/span><\/span><\/span><\/p>\n<p align=\"justify\"><span style=\"color: #000000;\"><span style=\"font-family: Book Antiqua, serif;\"><span style=\"font-size: large;\"><b>Naprawd\u0119 m\u00f3wi\u0119 wam: Wiele wd\u00f3w by\u0142o w Izraelu za czas\u00f3w Eliasza, kiedy niebo pozostawa\u0142o zamkni\u0119te przez trzy lata i sze\u015b\u0107 miesi\u0119cy, tak \u017ce wielki g\u0142\u00f3d panowa\u0142 w ca\u0142ym kraju; a Eliasz do \u017cadnej z nich nie zosta\u0142 pos\u0142any, tylko do owej wdowy w Sarepcie Sydo\u0144skiej. <\/b><\/span><\/span><\/span><\/p>\n<p align=\"justify\"><span style=\"color: #000000;\"><span style=\"font-family: Book Antiqua, serif;\"><span style=\"font-size: large;\"><b>I wielu tr\u0119dowatych by\u0142o w Izraelu za proroka Elizeusza, a \u017caden z nich nie zosta\u0142 oczyszczony, tylko Syryjczyk Naaman\u201d. <\/b><\/span><\/span><\/span><\/p>\n<p align=\"justify\"><span style=\"color: #000000;\"><span style=\"font-family: Book Antiqua, serif;\"><span style=\"font-size: large;\"><b>Na te s\u0142owa wszyscy w synagodze unie\u015bli si\u0119 gniewem. Porwali Go z miejsca, wyrzucili Go z miasta i wyprowadzili a\u017c na stok g\u00f3ry, na kt\u00f3rej ich miasto by\u0142o zbudowane, aby Go str\u0105ci\u0107. On jednak przeszed\u0142szy po\u015br\u00f3d nich oddali\u0142 si\u0119.<\/b><\/span><\/span><\/span><\/p>\n<p align=\"justify\">\n<p align=\"justify\">\n<p align=\"justify\">\n<p align=\"justify\">\n<p align=\"justify\">\n<p align=\"justify\"><span style=\"color: #000000;\"><span style=\"font-family: Book Antiqua, serif;\"><span style=\"font-size: large;\">Zobaczmy, <b>jakie \u015brodki przedsi\u0119wzi\u0119\u0142o<\/b> ca\u0142e otoczenie Naamana, wodza wojska kr\u00f3la syryjskiego, aby pom\u00f3c mu uwolni\u0107 si\u0119 z tr\u0105du. I to ju\u017c po tym, kiedy okaza\u0142o si\u0119, \u017ce <b>jedynym ratunkiem<\/b> b\u0119dzie dla niego spotkanie z Prorokiem Boga Jahwe. Bo w swoim kraju i w swoim otoczeniu nie m\u00f3g\u0142 liczy\u0107 na \u017cadn\u0105 skuteczn\u0105 terapi\u0119. <\/span><\/span><\/span><\/p>\n<p align=\"justify\"><span style=\"color: #000000;\"><span style=\"font-family: Book Antiqua, serif;\"><span style=\"font-size: large;\">Jednak nawet wtedy, kiedy ju\u017c zapad\u0142o postanowienie, \u017ce uda si\u0119 do Proroka, to zabra\u0142 ze sob\u0105 w drog\u0119 <i><b>dziesi\u0119\u0107 tysi\u0119cy talent\u00f3w srebra, sze\u015b\u0107 tysi\u0119cy sykl\u00f3w z\u0142ota i dziesi\u0119\u0107 ubra\u0144 zamiennych.<\/b><\/i><b> <\/b>Ponadto, zabra\u0142 te\u017c ze sob\u0105 <b>list polecaj\u0105cy<\/b> od swego kr\u00f3la, kt\u00f3rym to listem zupe\u0142nie <b>nie osi\u0105gn\u0105\u0142 zamierzonego celu,<\/b> bo nie do\u015b\u0107, \u017ce nie usposobi\u0142 do niego pozytywnie kr\u00f3la izraelskiego, to jeszcze go rozjuszy\u0142. Ten bowiem potraktowa\u0142 go <b>jako kpin\u0119 z siebie,<\/b> albo szukanie zaczepki. <\/span><\/span><\/span><\/p>\n<p align=\"justify\"><span style=\"color: #000000;\"><span style=\"font-family: Book Antiqua, serif;\"><span style=\"font-size: large;\">I kiedy wreszcie Naaman \u2013 po wielu perturbacjach \u2013 stan\u0105\u0142 przed domem Proroka, w\u00f3wczas okaza\u0142o si\u0119, \u017ce Elizeusz nawet do niego sam nie wyszed\u0142, tylko <i><b>kaza\u0142 mu przez pos\u0142a\u0144ca powiedzie\u0107: \u201eId\u017a, obmyj si\u0119 siedem razy w Jordanie, a cia\u0142o twoje b\u0119dzie takie jak poprzednio i staniesz si\u0119 czysty!\u201d<\/b><\/i><b> <\/b>No, tego to ju\u017c by\u0142o za wiele! <\/span><\/span><\/span><\/p>\n<p align=\"justify\"><span style=\"color: #000000;\"><span style=\"font-family: Book Antiqua, serif;\"><span style=\"font-size: large;\">Nic wi\u0119c dziwnego, \u017ce \u2013 jak s\u0142yszeli\u015bmy \u2013 <i><b>rozgniewany Naaman odszed\u0142, m\u00f3wi\u0105c: \u201ePrzecie\u017c my\u015bla\u0142em sobie: Na pewno wyjdzie, stanie, nast\u0119pnie wezwie imienia Boga swego, Pana, poruszy r\u0119k\u0105 nad miejscem chorym i odejmie tr\u0105d. Czy\u017c Abana i Parpar, rzeki Damaszku, nie s\u0105 lepsze od wszystkich w\u00f3d Izraela? Czy\u017c nie mog\u0142em si\u0119 w nich wyk\u0105pa\u0107 i by\u0107 oczyszczony?\u201d Pe\u0142en gniewu zawr\u00f3ci\u0142, by odej\u015b\u0107.<\/b><\/i><b> <\/b><\/span><\/span><\/span><\/p>\n<p align=\"justify\"><span style=\"color: #000000;\"><span style=\"font-family: Book Antiqua, serif;\"><span style=\"font-size: large;\">I tylko dzi\u0119ki przytomnej reakcji swoich s\u0142ug wr\u00f3ci\u0142 po rozum do g\u0142owy. I wype\u0142ni\u0142 polecenie Proroka.<b> I wyzdrowia\u0142. <\/b>Ot, tak, po prostu. Ani wielkie bogactwo dar\u00f3w, ani protekcja swojego kr\u00f3la, ani w\u0142asna wysoka pozycja, nakazuj\u0105ca wr\u0119cz uroczyste przyj\u0119cie go przez Proroka \u2013 nic z tego nie zadzia\u0142a\u0142o. T<b>ylko prosta czynno\u015b\u0107 \u2013 k\u0105piel w rzece, <\/b>w zwyk\u0142ej rzece, niczym nie r\u00f3\u017cni\u0105cej si\u0119 od tych, p\u0142yn\u0105cych na terytorium jego kraju\u2026 Okaza\u0142o si\u0119 \u2013 po raz kolejny \u2013 \u017ce <b>\u017cadne z ludzkich zabezpiecze\u0144 nic nie da\u0142o<\/b> i w og\u00f3le nie by\u0142o potrzebne, a wystarczy\u0142a tylko odrobina zaufania do Boga\u2026 <\/span><\/span><\/span><\/p>\n<p align=\"justify\"><span style=\"color: #000000;\"><span style=\"font-family: Book Antiqua, serif;\"><span style=\"font-size: large;\">Komentuj\u0105c t\u0119 histori\u0119 \u2013 i jeszcze inn\u0105, podobn\u0105 do tej \u2013 Jezus m\u00f3wi dzi\u015b w Ewangelii: <i><b>Zaprawd\u0119 powiadam wam: \u017baden prorok nie jest mile widziany w swojej ojczy\u017anie. <\/b><\/i><i><b>Naprawd\u0119 m\u00f3wi\u0119 wam: Wiele wd\u00f3w by\u0142o w Izraelu za czas\u00f3w Eliasza, kiedy niebo pozostawa\u0142o zamkni\u0119te przez trzy lata i sze\u015b\u0107 miesi\u0119cy, tak \u017ce wielki g\u0142\u00f3d panowa\u0142 w ca\u0142ym kraju; a Eliasz do \u017cadnej z nich nie zosta\u0142 pos\u0142any, tylko do owej wdowy w Sarepcie Sydo\u0144skiej. <\/b><\/i><i><b>I wielu<\/b><\/i><b> <\/b><i><b>tr\u0119dowatych<\/b><\/i><b> <\/b><i><b>by\u0142o w Izraelu za proroka Elizeusza, a \u017caden z nich nie zosta\u0142 oczyszczony, tylko Syryjczyk Naaman.<\/b><\/i><b> <\/b><\/span><\/span><\/span><\/p>\n<p align=\"justify\"><span style=\"color: #000000;\"><span style=\"font-family: Book Antiqua, serif;\"><span style=\"font-size: large;\">Wiemy, jaka by\u0142a reakcja ze strony rodak\u00f3w Jezusa, mieszka\u0144c\u00f3w Nazaretu. Jak s\u0142yszeli\u015bmy, <i><b>na te s\u0142owa wszyscy w synagodze unie\u015bli si\u0119 gniewem. Porwali Go z miejsca, wyrzucili Go z miasta i wyprowadzili a\u017c na stok g\u00f3ry, na kt\u00f3rej ich miasto by\u0142o zbudowane, aby Go str\u0105ci\u0107. On jednak przeszed\u0142szy po\u015br\u00f3d nich oddali\u0142 si\u0119.<\/b><\/i><b> <\/b><\/span><\/span><\/span><\/p>\n<p align=\"justify\"><span style=\"color: #000000;\"><span style=\"font-family: Book Antiqua, serif;\"><span style=\"font-size: large;\">W\u0142a\u015bnie, co im tu b\u0119dzie m\u00f3wi\u0142 takie rzeczy \u2013 On, kt\u00f3rego przecie\u017c <b>od dziecka znaj\u0105! <\/b>Jak trudno im by\u0142o przebi\u0107 si\u0119 przez t\u0119 <b>niewidzialn\u0105 barier\u0119<\/b> ludzkich s\u0105d\u00f3w i przekona\u0144, przez ten <b>kordon w\u0142asnych recept<\/b> na swoje wszelkie choroby i swoich w\u0142asnych sposob\u00f3w na rozwi\u0105zanie \u017cyciowych problem\u00f3w \u2013 i dostrzec w swoim Rodaku kogo\u015b, kto <b>moc\u0105 Bo\u017c\u0105 jest w stanie im pom\u00f3c, a Bo\u017c\u0105 m\u0105dro\u015bci\u0105 mo\u017ce ich wiele nauczy\u0107.<\/b> Nie, oni widzieli w Nim jedynie mieszka\u0144ca Nazaretu, <b>statystycznego obywatela<\/b> swojego kraju\u2026 <\/span><\/span><\/span><\/p>\n<p align=\"justify\"><span style=\"color: #000000;\"><span style=\"font-family: Book Antiqua, serif;\"><span style=\"font-size: large;\">Chcia\u0142oby si\u0119 powiedzie\u0107: <b>och, to nasze ludzkie my\u015blenie\u2026<\/b> to nasze tylko ludzkie patrzenie na wszystko\u2026 A gdzie wiara w moc Boga, kt\u00f3ry <b>nie <\/b><b>potrzebuje<\/b> \u017cadnych ludzkich \u015brodk\u00f3w i p\u00f3\u0142\u015brodk\u00f3w, \u017ceby okaza\u0107 swoj\u0105 pomoc?\u2026 Gdzie wiara w Boga \u2013 taka <b>prosta, zwyczajna, szczera, dzieci\u0119ca?\u2026 <\/b><\/span><\/span><\/span><\/p>\n<p align=\"justify\"><span style=\"color: #000000;\"><span style=\"font-family: Book Antiqua, serif;\"><span style=\"font-size: large;\">Na kt\u00f3rym miejscu \u2013 na li\u015bcie wszystkich spos\u00f3b, jakimi i my pr\u00f3bujemy rozwi\u0105zywa\u0107 nasze obecne i inne problemy, jest wiara i wynikaj\u0105ca z niej <b>modlitwa <\/b><b>oraz<\/b><b> ufne oddanie si\u0119 w moc Jezusa Chrystusa,<\/b> w kt\u00f3rego przecie\u017c wszyscy wierzymy? Przynajmniej tak m\u00f3wimy. Na kt\u00f3rym miejscu? Czy aby <b>nie gdzie\u015b pod koniec?\u2026<\/b> <\/span><\/span><\/span><\/p>\n<p align=\"justify\"><span style=\"color: #000000;\"><span style=\"font-family: Book Antiqua, serif;\"><span style=\"font-size: large;\">Moi Drodzy, my to wszystko przecie\u017c dobrze wiemy. A jednak ci\u0105gle musimy zdawa\u0107 egzamin z naszej wiary, z naszego zaufania do Boga\u2026 <b>Czy ju\u017c tym razem zdamy go pozytywnie?\u2026<\/b><\/span><\/span><\/span><\/p>\n","protected":false},"excerpt":{"rendered":"<p>Szcz\u0119\u015b\u0107 Bo\u017ce! Moi Drodzy, w dniu dzisiejszym urodziny prze\u017cywa Grzegorz Sosnowski, a imieniny prze\u017cywa Iza Izdebska \u2013 Oboje nale\u017c\u0105cy w swoim czasie do prowadzonych przeze mnie Wsp\u00f3lnot m\u0142odzie\u017cowych. Modl\u0119 si\u0119 dla Nich o wielk\u0105 wiar\u0119 w moc Bo\u017c\u0105 na ka\u017cdy dzie\u0144 Ich \u017cycia. I wspieram modlitw\u0105. Moi Drodzy, w odniesieniu do mojego s\u0142owa wprowadzaj\u0105cego z [&hellip;]<\/p>\n","protected":false},"author":1,"featured_media":0,"comment_status":"open","ping_status":"open","sticky":false,"template":"","format":"standard","meta":{"jetpack_post_was_ever_published":false,"_jetpack_newsletter_access":"","_jetpack_dont_email_post_to_subs":false,"_jetpack_newsletter_tier_id":0,"_jetpack_memberships_contains_paywalled_content":false,"_jetpack_memberships_contains_paid_content":false,"footnotes":""},"categories":[1],"tags":[],"class_list":["post-16683","post","type-post","status-publish","format-standard","hentry","category-bez-kategorii"],"yoast_head":"<!-- This site is optimized with the Yoast SEO plugin v25.1 - https:\/\/yoast.com\/wordpress\/plugins\/seo\/ -->\n<title>Aby\u015b go uwolni\u0142 od tr\u0105du... - Gaudium Et Spes<\/title>\n<meta name=\"robots\" content=\"index, follow, max-snippet:-1, max-image-preview:large, max-video-preview:-1\" \/>\n<link rel=\"canonical\" href=\"https:\/\/gaudiumetspes-blog.pl\/index.php\/2020\/03\/16\/abys-go-uwolnil-od-tradu\/\" \/>\n<meta property=\"og:locale\" content=\"pl_PL\" \/>\n<meta property=\"og:type\" content=\"article\" \/>\n<meta property=\"og:title\" content=\"Aby\u015b go uwolni\u0142 od tr\u0105du... - Gaudium Et Spes\" \/>\n<meta property=\"og:description\" content=\"Szcz\u0119\u015b\u0107 Bo\u017ce! Moi Drodzy, w dniu dzisiejszym urodziny prze\u017cywa Grzegorz Sosnowski, a imieniny prze\u017cywa Iza Izdebska \u2013 Oboje nale\u017c\u0105cy w swoim czasie do prowadzonych przeze mnie Wsp\u00f3lnot m\u0142odzie\u017cowych. Modl\u0119 si\u0119 dla Nich o wielk\u0105 wiar\u0119 w moc Bo\u017c\u0105 na ka\u017cdy dzie\u0144 Ich \u017cycia. I wspieram modlitw\u0105. Moi Drodzy, w odniesieniu do mojego s\u0142owa wprowadzaj\u0105cego z [&hellip;]\" \/>\n<meta property=\"og:url\" content=\"https:\/\/gaudiumetspes-blog.pl\/index.php\/2020\/03\/16\/abys-go-uwolnil-od-tradu\/\" \/>\n<meta property=\"og:site_name\" content=\"Gaudium Et Spes\" \/>\n<meta property=\"article:published_time\" content=\"2020-03-16T06:41:33+00:00\" \/>\n<meta name=\"author\" content=\"Ks. Jacek\" \/>\n<meta name=\"twitter:card\" content=\"summary_large_image\" \/>\n<meta name=\"twitter:label1\" content=\"Napisane przez\" \/>\n\t<meta name=\"twitter:data1\" content=\"Ks. Jacek\" \/>\n\t<meta name=\"twitter:label2\" content=\"Szacowany czas czytania\" \/>\n\t<meta name=\"twitter:data2\" content=\"10 minut\" \/>\n<script type=\"application\/ld+json\" class=\"yoast-schema-graph\">{\"@context\":\"https:\/\/schema.org\",\"@graph\":[{\"@type\":\"WebPage\",\"@id\":\"https:\/\/gaudiumetspes-blog.pl\/index.php\/2020\/03\/16\/abys-go-uwolnil-od-tradu\/\",\"url\":\"https:\/\/gaudiumetspes-blog.pl\/index.php\/2020\/03\/16\/abys-go-uwolnil-od-tradu\/\",\"name\":\"Aby\u015b go uwolni\u0142 od tr\u0105du... - Gaudium Et Spes\",\"isPartOf\":{\"@id\":\"https:\/\/gaudiumetspes-blog.pl\/#website\"},\"datePublished\":\"2020-03-16T06:41:33+00:00\",\"author\":{\"@id\":\"https:\/\/gaudiumetspes-blog.pl\/#\/schema\/person\/1661982992b752dea8dff0d4ed845a65\"},\"breadcrumb\":{\"@id\":\"https:\/\/gaudiumetspes-blog.pl\/index.php\/2020\/03\/16\/abys-go-uwolnil-od-tradu\/#breadcrumb\"},\"inLanguage\":\"pl-PL\",\"potentialAction\":[{\"@type\":\"ReadAction\",\"target\":[\"https:\/\/gaudiumetspes-blog.pl\/index.php\/2020\/03\/16\/abys-go-uwolnil-od-tradu\/\"]}]},{\"@type\":\"BreadcrumbList\",\"@id\":\"https:\/\/gaudiumetspes-blog.pl\/index.php\/2020\/03\/16\/abys-go-uwolnil-od-tradu\/#breadcrumb\",\"itemListElement\":[{\"@type\":\"ListItem\",\"position\":1,\"name\":\"Strona g\u0142\u00f3wna\",\"item\":\"https:\/\/gaudiumetspes-blog.pl\/\"},{\"@type\":\"ListItem\",\"position\":2,\"name\":\"Aby\u015b go uwolni\u0142 od&nbsp;tr\u0105du&#8230;\"}]},{\"@type\":\"WebSite\",\"@id\":\"https:\/\/gaudiumetspes-blog.pl\/#website\",\"url\":\"https:\/\/gaudiumetspes-blog.pl\/\",\"name\":\"Gaudium Et Spes\",\"description\":\"Blog Ks. Jacka Ja\u015bkowskiego\",\"potentialAction\":[{\"@type\":\"SearchAction\",\"target\":{\"@type\":\"EntryPoint\",\"urlTemplate\":\"https:\/\/gaudiumetspes-blog.pl\/?s={search_term_string}\"},\"query-input\":{\"@type\":\"PropertyValueSpecification\",\"valueRequired\":true,\"valueName\":\"search_term_string\"}}],\"inLanguage\":\"pl-PL\"},{\"@type\":\"Person\",\"@id\":\"https:\/\/gaudiumetspes-blog.pl\/#\/schema\/person\/1661982992b752dea8dff0d4ed845a65\",\"name\":\"Ks. Jacek\",\"image\":{\"@type\":\"ImageObject\",\"inLanguage\":\"pl-PL\",\"@id\":\"https:\/\/gaudiumetspes-blog.pl\/#\/schema\/person\/image\/\",\"url\":\"https:\/\/gaudiumetspes-blog.pl\/wp-content\/uploads\/2019\/07\/avatar-JJ-150x150.jpg\",\"contentUrl\":\"https:\/\/gaudiumetspes-blog.pl\/wp-content\/uploads\/2019\/07\/avatar-JJ-150x150.jpg\",\"caption\":\"Ks. Jacek\"},\"description\":\"Witam serdecznie! K\u0142ania si\u0119 Ks. Jacek Ja\u015bkowski. Nie jestem ani kim\u015b wa\u017cnym, ani kim\u015b znanym. Jestem ksi\u0119dzem, kt\u00f3ry po prostu chce rozmawia\u0107. Codzienna kap\u0142a\u0144ska pos\u0142uga pokazuje mi, \u017ce temat\u00f3w do rozm\u00f3w z ksi\u0119dzem jest coraz wi\u0119cej i dzisiaj \u017caden ksi\u0105dz nie mo\u017ce od nich ucieka\u0107, ale - wprost przeciwnie - podejmowa\u0107 nowe wyzwania. To przekonanie sk\u0142oni\u0142o mnie do pr\u00f3by otwarcia tego\u017c bloga, chocia\u017c okazji do rozm\u00f3w na co dzie\u0144 - w konfesjonale i poza nim - na szcz\u0119\u015bcie nie brakuje. My\u015bl\u0119 jednak, \u017ce ten blog b\u0119dzie jeszcze jednym sposobem i przestrzeni\u0105 nawi\u0105zania kontaktu z lud\u017ami dobrej woli, otwartymi na dialog.\",\"url\":\"https:\/\/gaudiumetspes-blog.pl\/index.php\/author\/ks-jacek\/\"}]}<\/script>\n<!-- \/ Yoast SEO plugin. -->","yoast_head_json":{"title":"Aby\u015b go uwolni\u0142 od tr\u0105du... - Gaudium Et Spes","robots":{"index":"index","follow":"follow","max-snippet":"max-snippet:-1","max-image-preview":"max-image-preview:large","max-video-preview":"max-video-preview:-1"},"canonical":"https:\/\/gaudiumetspes-blog.pl\/index.php\/2020\/03\/16\/abys-go-uwolnil-od-tradu\/","og_locale":"pl_PL","og_type":"article","og_title":"Aby\u015b go uwolni\u0142 od tr\u0105du... - Gaudium Et Spes","og_description":"Szcz\u0119\u015b\u0107 Bo\u017ce! Moi Drodzy, w dniu dzisiejszym urodziny prze\u017cywa Grzegorz Sosnowski, a imieniny prze\u017cywa Iza Izdebska \u2013 Oboje nale\u017c\u0105cy w swoim czasie do prowadzonych przeze mnie Wsp\u00f3lnot m\u0142odzie\u017cowych. Modl\u0119 si\u0119 dla Nich o wielk\u0105 wiar\u0119 w moc Bo\u017c\u0105 na ka\u017cdy dzie\u0144 Ich \u017cycia. I wspieram modlitw\u0105. Moi Drodzy, w odniesieniu do mojego s\u0142owa wprowadzaj\u0105cego z [&hellip;]","og_url":"https:\/\/gaudiumetspes-blog.pl\/index.php\/2020\/03\/16\/abys-go-uwolnil-od-tradu\/","og_site_name":"Gaudium Et Spes","article_published_time":"2020-03-16T06:41:33+00:00","author":"Ks. Jacek","twitter_card":"summary_large_image","twitter_misc":{"Napisane przez":"Ks. Jacek","Szacowany czas czytania":"10 minut"},"schema":{"@context":"https:\/\/schema.org","@graph":[{"@type":"WebPage","@id":"https:\/\/gaudiumetspes-blog.pl\/index.php\/2020\/03\/16\/abys-go-uwolnil-od-tradu\/","url":"https:\/\/gaudiumetspes-blog.pl\/index.php\/2020\/03\/16\/abys-go-uwolnil-od-tradu\/","name":"Aby\u015b go uwolni\u0142 od tr\u0105du... - Gaudium Et Spes","isPartOf":{"@id":"https:\/\/gaudiumetspes-blog.pl\/#website"},"datePublished":"2020-03-16T06:41:33+00:00","author":{"@id":"https:\/\/gaudiumetspes-blog.pl\/#\/schema\/person\/1661982992b752dea8dff0d4ed845a65"},"breadcrumb":{"@id":"https:\/\/gaudiumetspes-blog.pl\/index.php\/2020\/03\/16\/abys-go-uwolnil-od-tradu\/#breadcrumb"},"inLanguage":"pl-PL","potentialAction":[{"@type":"ReadAction","target":["https:\/\/gaudiumetspes-blog.pl\/index.php\/2020\/03\/16\/abys-go-uwolnil-od-tradu\/"]}]},{"@type":"BreadcrumbList","@id":"https:\/\/gaudiumetspes-blog.pl\/index.php\/2020\/03\/16\/abys-go-uwolnil-od-tradu\/#breadcrumb","itemListElement":[{"@type":"ListItem","position":1,"name":"Strona g\u0142\u00f3wna","item":"https:\/\/gaudiumetspes-blog.pl\/"},{"@type":"ListItem","position":2,"name":"Aby\u015b go uwolni\u0142 od&nbsp;tr\u0105du&#8230;"}]},{"@type":"WebSite","@id":"https:\/\/gaudiumetspes-blog.pl\/#website","url":"https:\/\/gaudiumetspes-blog.pl\/","name":"Gaudium Et Spes","description":"Blog Ks. Jacka Ja\u015bkowskiego","potentialAction":[{"@type":"SearchAction","target":{"@type":"EntryPoint","urlTemplate":"https:\/\/gaudiumetspes-blog.pl\/?s={search_term_string}"},"query-input":{"@type":"PropertyValueSpecification","valueRequired":true,"valueName":"search_term_string"}}],"inLanguage":"pl-PL"},{"@type":"Person","@id":"https:\/\/gaudiumetspes-blog.pl\/#\/schema\/person\/1661982992b752dea8dff0d4ed845a65","name":"Ks. Jacek","image":{"@type":"ImageObject","inLanguage":"pl-PL","@id":"https:\/\/gaudiumetspes-blog.pl\/#\/schema\/person\/image\/","url":"https:\/\/gaudiumetspes-blog.pl\/wp-content\/uploads\/2019\/07\/avatar-JJ-150x150.jpg","contentUrl":"https:\/\/gaudiumetspes-blog.pl\/wp-content\/uploads\/2019\/07\/avatar-JJ-150x150.jpg","caption":"Ks. Jacek"},"description":"Witam serdecznie! K\u0142ania si\u0119 Ks. Jacek Ja\u015bkowski. Nie jestem ani kim\u015b wa\u017cnym, ani kim\u015b znanym. Jestem ksi\u0119dzem, kt\u00f3ry po prostu chce rozmawia\u0107. Codzienna kap\u0142a\u0144ska pos\u0142uga pokazuje mi, \u017ce temat\u00f3w do rozm\u00f3w z ksi\u0119dzem jest coraz wi\u0119cej i dzisiaj \u017caden ksi\u0105dz nie mo\u017ce od nich ucieka\u0107, ale - wprost przeciwnie - podejmowa\u0107 nowe wyzwania. To przekonanie sk\u0142oni\u0142o mnie do pr\u00f3by otwarcia tego\u017c bloga, chocia\u017c okazji do rozm\u00f3w na co dzie\u0144 - w konfesjonale i poza nim - na szcz\u0119\u015bcie nie brakuje. My\u015bl\u0119 jednak, \u017ce ten blog b\u0119dzie jeszcze jednym sposobem i przestrzeni\u0105 nawi\u0105zania kontaktu z lud\u017ami dobrej woli, otwartymi na dialog.","url":"https:\/\/gaudiumetspes-blog.pl\/index.php\/author\/ks-jacek\/"}]}},"jetpack_featured_media_url":"","jetpack_sharing_enabled":true,"_links":{"self":[{"href":"https:\/\/gaudiumetspes-blog.pl\/index.php\/wp-json\/wp\/v2\/posts\/16683","targetHints":{"allow":["GET"]}}],"collection":[{"href":"https:\/\/gaudiumetspes-blog.pl\/index.php\/wp-json\/wp\/v2\/posts"}],"about":[{"href":"https:\/\/gaudiumetspes-blog.pl\/index.php\/wp-json\/wp\/v2\/types\/post"}],"author":[{"embeddable":true,"href":"https:\/\/gaudiumetspes-blog.pl\/index.php\/wp-json\/wp\/v2\/users\/1"}],"replies":[{"embeddable":true,"href":"https:\/\/gaudiumetspes-blog.pl\/index.php\/wp-json\/wp\/v2\/comments?post=16683"}],"version-history":[{"count":1,"href":"https:\/\/gaudiumetspes-blog.pl\/index.php\/wp-json\/wp\/v2\/posts\/16683\/revisions"}],"predecessor-version":[{"id":16684,"href":"https:\/\/gaudiumetspes-blog.pl\/index.php\/wp-json\/wp\/v2\/posts\/16683\/revisions\/16684"}],"wp:attachment":[{"href":"https:\/\/gaudiumetspes-blog.pl\/index.php\/wp-json\/wp\/v2\/media?parent=16683"}],"wp:term":[{"taxonomy":"category","embeddable":true,"href":"https:\/\/gaudiumetspes-blog.pl\/index.php\/wp-json\/wp\/v2\/categories?post=16683"},{"taxonomy":"post_tag","embeddable":true,"href":"https:\/\/gaudiumetspes-blog.pl\/index.php\/wp-json\/wp\/v2\/tags?post=16683"}],"curies":[{"name":"wp","href":"https:\/\/api.w.org\/{rel}","templated":true}]}}