{"id":16685,"date":"2020-03-17T06:38:30","date_gmt":"2020-03-17T05:38:30","guid":{"rendered":"https:\/\/gaudiumetspes-blog.pl\/?p=16685"},"modified":"2020-03-17T06:38:30","modified_gmt":"2020-03-17T05:38:30","slug":"jezus-mowi-sprawdzam","status":"publish","type":"post","link":"https:\/\/gaudiumetspes-blog.pl\/index.php\/2020\/03\/17\/jezus-mowi-sprawdzam\/","title":{"rendered":"Jezus m\u00f3wi: SPRAWDZAM!"},"content":{"rendered":"<p align=\"justify\"><span style=\"color: #000000;\"><span style=\"font-family: Book Antiqua, serif;\"><span style=\"font-size: large;\">Niech b\u0119dzie pochwalony Jezus Chrystus! Moi Drodzy, w dniu dzisiejszym<b> imieniny prze\u017cywaj\u0105: <\/b><\/span><\/span><\/span><\/p>\n<p align=\"justify\"><span style=\"color: #000000;\">\u25ba<span style=\"font-family: Book Antiqua, serif;\"><span style=\"font-size: large;\"><b>Ksi\u0105dz Zbigniew Tonkiel, m\u00f3j Profesor w Seminarium; <\/b><\/span><\/span><\/span><\/p>\n<p align=\"justify\"><span style=\"color: #000000;\"><span style=\"font-family: Book Antiqua, serif;\"><span style=\"font-size: large;\"><b>\u25baKsi\u0105dz Zbigniew Sobolewski, w swoim czasie \u2013 Dyrektor Katolickiego Liceum, dzia\u0142aj\u0105cego przy mojej rodzinnej Parafii; <\/b><\/span><\/span><\/span><\/p>\n<p align=\"justify\"><span style=\"color: #000000;\">\u25ba<span style=\"font-family: Book Antiqua, serif;\"><span style=\"font-size: large;\"><b>Ksi\u0105dz Profesor Zbigniew Janczewski, Recenzent mojego doktoratu;<\/b><\/span><\/span><\/span><\/p>\n<p align=\"justify\"><span style=\"color: #000000;\">\u25ba<span style=\"font-family: Book Antiqua, serif;\"><span style=\"font-size: large;\"><b>Ksi\u0105dz Zbigniew Nikoniuk, wieloletni Proboszcz Neounickiej Parafii w Kostom\u0142otach; <\/b><\/span><\/span><\/span><\/p>\n<p align=\"justify\"><span style=\"color: #000000;\">\u25ba<span style=\"font-family: Book Antiqua, serif;\"><span style=\"font-size: large;\"><b>Zbigniew Chmiel, za moich czas\u00f3w \u2013 Lektor w Parafii Radory\u017c Ko\u015bcielny;<\/b><\/span><\/span><\/span><\/p>\n<p align=\"justify\"><span style=\"color: #000000;\">\u25ba<span style=\"font-family: Book Antiqua, serif;\"><span style=\"font-size: large;\"><b>Patryk \u015aliwa, nale\u017c\u0105cy w swoim czasie do jednej z m\u0142odzie\u017cowych Wsp\u00f3lnot.<\/b><\/span><\/span><\/span><\/p>\n<p align=\"justify\"><span style=\"color: #000000;\"><span style=\"font-family: Book Antiqua, serif;\"><span style=\"font-size: large;\"><b>Urodziny natomiast Agata Witek \u2013 tak\u017ce nale\u017c\u0105ca w swoim czasie nale\u017celi do jednej ze Wsp\u00f3lnot.<\/b><\/span><\/span><\/span><\/p>\n<p align=\"justify\"><span style=\"color: #000000;\"><span style=\"font-family: Book Antiqua, serif;\"><span style=\"font-size: large;\"><b>Wszystkim \u015awi\u0119tuj\u0105cym \u017cycz\u0119, aby nigdy nie bali si\u0119 bezgranicznie ufa\u0107 Bogu! We wszystkich okoliczno\u015bciach \u017cycia. Zapewniam o modlitwie!<\/b><\/span><\/span><\/span><\/p>\n<p align=\"justify\"><span style=\"color: #000000;\"><span style=\"font-family: Book Antiqua, serif;\"><span style=\"font-size: large;\">Moi Drodzy, zapewniam o niej tak\u017ce Was wszystkich, szczeg\u00f3lnie, kiedy wczoraj by\u0142em w Kodniu, przed Obliczem Matki Bo\u017cej i b\u0119d\u0119 tam jeszcze dzisiaj. Zanosz\u0119 tam w sercu i w modlitwie l\u0119ki, pytania i obawy nas wszystkich a tak\u017ce pro\u015bb\u0119, aby\u015bmy zdali egzamin w wiary! Niech Pan nas obdarzy duchem m\u0119stwa, a Matka Bo\u017ca Kode\u0144ska os\u0142oni nas p\u0142aszczem swej opieki!<\/span><\/span><\/span><\/p>\n<p align=\"justify\"><span style=\"color: #000000;\"><span style=\"font-family: Book Antiqua, serif;\"><span style=\"font-size: large;\">Gaudium et spes! Ks. Jacek<\/span><\/span><\/span><\/p>\n<p align=\"justify\">\n<p align=\"justify\">\n<p align=\"justify\">\n<p align=\"justify\">\n<p align=\"justify\">\n<p align=\"justify\"><span style=\"color: #000000;\"><span style=\"font-family: Book Antiqua, serif;\"><span style=\"font-size: large;\"><b>Wtorek 3 Tygodnia Wielkiego Postu,<\/b><\/span><\/span><\/span><\/p>\n<p align=\"justify\"><span style=\"color: #000000;\"><span style=\"font-family: Book Antiqua, serif;\"><span style=\"font-size: large;\"><b>17 marca 2020.,<\/b><\/span><\/span><\/span><\/p>\n<p align=\"justify\"><span style=\"color: #000000;\"><span style=\"font-family: Book Antiqua, serif;\"><span style=\"font-size: large;\"><b>do czyta\u0144: Dn 3,25.34\u201343; Mt 18,21\u201335<\/b><\/span><\/span><\/span><\/p>\n<p align=\"justify\">\n<p align=\"justify\">\n<p align=\"justify\">\n<p align=\"justify\">\n<p align=\"justify\">\n<p align=\"justify\"><span style=\"color: #000000;\"><span style=\"font-family: Book Antiqua, serif;\"><span style=\"font-size: large;\"><b>CZYTANIE Z KSI\u0118GI PROROKA DANIELA:<\/b><\/span><\/span><\/span><\/p>\n<p align=\"justify\"><span style=\"color: #000000;\"><span style=\"font-family: Book Antiqua, serif;\"><span style=\"font-size: large;\"><b>Powstawszy Azariasz tak si\u0119 modli\u0142, a otwar\u0142szy swe usta, m\u00f3wi\u0142 w \u015brodku ognia: <\/b><\/span><\/span><\/span><\/p>\n<p align=\"justify\"><span style=\"color: #000000;\">\u201e<span style=\"font-family: Book Antiqua, serif;\"><span style=\"font-size: large;\"><b>Nie opuszczaj nas na zawsze, przez wzgl\u0105d na \u015bwi\u0119te Twe imi\u0119 nie zrywaj Twego przymierza. Nie odwracaj od nas swego mi\u0142osierdzia, przez wzgl\u0105d na Twego przyjaciela, Abrahama, s\u0142ug\u0119 Twojego, Izaaka i Twego \u015bwi\u0119tego Izraela. Im to przyrzek\u0142e\u015b rozmno\u017cy\u0107 potomstwo jak gwiazdy na niebie i jak piasek nad brzegiem morza.<\/b><\/span><\/span><\/span><\/p>\n<p align=\"justify\"><span style=\"color: #000000;\"><span style=\"font-family: Book Antiqua, serif;\"><span style=\"font-size: large;\"><b>Panie, oto jeste\u015bmy najmniejsi spo\u015br\u00f3d wszystkich narod\u00f3w. Oto jeste\u015bmy dzi\u015b poni\u017ceni na ca\u0142ej ziemi z powodu naszych grzech\u00f3w. Nie ma obecnie w\u0142adcy, proroka ani wodza, ani ca\u0142opalenia, ani ofiar, ani dar\u00f3w pokarmowych, ani kadzielnych. Nie ma gdzie ofiarowa\u0107 Tobie pierwocin i dozna\u0107 Twego mi\u0142osierdzia.<\/b><\/span><\/span><\/span><\/p>\n<p align=\"justify\"><span style=\"color: #000000;\"><span style=\"font-family: Book Antiqua, serif;\"><span style=\"font-size: large;\"><b>Niech jednak dusza strapiona i duch uni\u017cony znajd\u0105 u Ciebie upodobanie. Tak jak ca\u0142opalenia z baran\u00f3w i cielc\u00f3w i jak z tysi\u0119cy t\u0142ustych owiec, niech si\u0119 stanie dzi\u015b nasza ofiara wobec Ciebie i podoba si\u0119 Tobie. Bo ci, co pok\u0142adaj\u0105 ufno\u015b\u0107 w Tobie, nie zaznaj\u0105 wstydu. Teraz za\u015b post\u0119pujemy za Tob\u0105 z ca\u0142ego serca, odczuwamy l\u0119k przed Tob\u0105 i szukamy Twego oblicza. Nie zawstydzaj nas, lecz post\u0119puj z nami wed\u0142ug swej \u0142agodno\u015bci i wed\u0142ug wielkiego swego mi\u0142osierdzia. Wybaw nas przez swe cuda i uczy\u0144 swe imi\u0119 s\u0142awne, Panie\u201d.<\/b><\/span><\/span><\/span><\/p>\n<p align=\"justify\">\n<p align=\"justify\">\n<p align=\"justify\">\n<p align=\"justify\">\n<p align=\"justify\">\n<p align=\"justify\"><span style=\"color: #000000;\"><span style=\"font-family: Book Antiqua, serif;\"><span style=\"font-size: large;\"><b>S\u0141OWA EWANGELII WED\u0141UG \u015aWI\u0118TEGO MATEUSZA: <\/b><\/span><\/span><\/span><\/p>\n<p align=\"justify\"><span style=\"color: #000000;\"><span style=\"font-family: Book Antiqua, serif;\"><span style=\"font-size: large;\"><b>Piotr zbli\u017cy\u0142 si\u0119 do Jezusa i zapyta\u0142: \u201ePanie, ile razy mam przebaczy\u0107, je\u015bli m\u00f3j brat wykroczy przeciwko mnie? Czy a\u017c siedem razy?\u201d<\/b><\/span><\/span><\/span><\/p>\n<p align=\"justify\"><span style=\"color: #000000;\"><span style=\"font-family: Book Antiqua, serif;\"><span style=\"font-size: large;\"><b>Jezus mu odrzek\u0142: \u201eNie m\u00f3wi\u0119 ci, \u017ce a\u017c siedem razy, lecz a\u017c siedemdziesi\u0105t siedem razy.<\/b><\/span><\/span><\/span><\/p>\n<p align=\"justify\"><span style=\"color: #000000;\"><span style=\"font-family: Book Antiqua, serif;\"><span style=\"font-size: large;\"><b>Dlatego podobne jest Kr\u00f3lestwo niebieskie do kr\u00f3la, kt\u00f3ry chcia\u0142 si\u0119 rozliczy\u0107 ze swymi s\u0142ugami. Gdy zacz\u0105\u0142 si\u0119 rozlicza\u0107, przyprowadzono mu jednego, kt\u00f3ry mu by\u0142 winien dziesi\u0119\u0107 tysi\u0119cy talent\u00f3w. Poniewa\u017c nie mia\u0142 z czego ich odda\u0107, pan kaza\u0142 sprzeda\u0107 go razem z \u017con\u0105, dzie\u0107mi i ca\u0142ym jego mieniem, i tak d\u0142ug odda\u0107.<\/b><\/span><\/span><\/span><\/p>\n<p align=\"justify\"><span style=\"color: #000000;\"><span style=\"font-family: Book Antiqua, serif;\"><span style=\"font-size: large;\"><b>Wtedy s\u0142uga upad\u0142 przed nim i prosi\u0142 go: \u00abPanie, miej cierpliwo\u015b\u0107 nade mn\u0105, a wszystko ci oddam\u00bb. Pan ulitowa\u0142 si\u0119 nad tym s\u0142ug\u0105, uwolni\u0142 go i d\u0142ug mu darowa\u0142.<\/b><\/span><\/span><\/span><\/p>\n<p align=\"justify\"><span style=\"color: #000000;\"><span style=\"font-family: Book Antiqua, serif;\"><span style=\"font-size: large;\"><b>Lecz gdy s\u0142uga \u00f3w wyszed\u0142, spotka\u0142 jednego ze wsp\u00f3\u0142s\u0142ug, kt\u00f3ry mu by\u0142 winien sto denar\u00f3w. Chwyci\u0142 go i zacz\u0105\u0142 dusi\u0107, m\u00f3wi\u0105c: \u00abOddaj, co\u015b winien!\u00bb Jego wsp\u00f3\u0142s\u0142uga upad\u0142 przed nim i prosi\u0142 go: \u00abMiej cierpliwo\u015b\u0107 nade mn\u0105, a oddam tobie\u00bb. On jednak nie chcia\u0142, lecz odszed\u0142 i wtr\u0105ci\u0142 go do wi\u0119zienia, dop\u00f3ki nie odda d\u0142ugu.<\/b><\/span><\/span><\/span><\/p>\n<p align=\"justify\"><span style=\"color: #000000;\"><span style=\"font-family: Book Antiqua, serif;\"><span style=\"font-size: large;\"><b>Wsp\u00f3\u0142s\u0142udzy jego widz\u0105c, co si\u0119 dzia\u0142o, bardzo si\u0119 zasmucili. Poszli i opowiedzieli swemu panu wszystko, co zasz\u0142o. <\/b><\/span><\/span><\/span><\/p>\n<p align=\"justify\"><span style=\"color: #000000;\"><span style=\"font-family: Book Antiqua, serif;\"><span style=\"font-size: large;\"><b>Wtedy pan jego wezwa\u0142 go przed siebie i rzek\u0142 mu: \u00abS\u0142ugo niegodziwy, darowa\u0142em ci ca\u0142y ten d\u0142ug, poniewa\u017c mnie prosi\u0142e\u015b. Czy\u017c wi\u0119c i ty nie powiniene\u015b by\u0142 ulitowa\u0107 si\u0119 nad swym wsp\u00f3\u0142s\u0142ug\u0105, jak ja ulitowa\u0142em si\u0119 nad tob\u0105?\u00bb I uniesiony gniewem pan jego kaza\u0142 wyda\u0107 go katom, dop\u00f3ki mu ca\u0142ego d\u0142ugu nie odda.<\/b><\/span><\/span><\/span><\/p>\n<p align=\"justify\"><span style=\"color: #000000;\"><span style=\"font-family: Book Antiqua, serif;\"><span style=\"font-size: large;\"><b>Podobnie uczyni wam Ojciec m\u00f3j niebieski, je\u017celi ka\u017cdy z was nie przebaczy z serca swemu bratu\u201d.<\/b><\/span><\/span><\/span><\/p>\n<p align=\"justify\">\n<p align=\"justify\">\n<p align=\"justify\">\n<p align=\"justify\">\n<p align=\"justify\">\n<p align=\"justify\"><span style=\"color: #000000;\"><span style=\"font-family: Book Antiqua, serif;\"><span style=\"font-size: large;\">Jak bardzo aktualnie brzmi\u0105 s\u0142owa modlitwy, kierowane przez m\u0142odego Azariasza <i><b>w \u015brodku ognia,<\/b><\/i><b> <\/b>czyli pieca, do kt\u00f3rego zosta\u0142 wrzucony za \u0142amanie nakazu kr\u00f3lewskiego. Jak dobrze wiemy, nawet nadmiernie rozpalony ogie\u0144 <b>nie uczyni\u0142 \u017cadnej szkody<\/b> ani jemu, ani jego przyjacio\u0142om, on za\u015b \u2013 spo\u015br\u00f3d tego\u017c ognia \u2013 wo\u0142a\u0142 do Boga: <i><b>Nie opuszczaj nas na zawsze, przez wzgl\u0105d na \u015bwi\u0119te Twe imi\u0119 nie zrywaj Twego przymierza. Nie odwracaj od nas swego mi\u0142osierdzia.<\/b><\/i><b> <\/b><b>[\u2026] <\/b><i><b>Panie, oto jeste\u015bmy najmniejsi spo\u015br\u00f3d wszystkich narod\u00f3w. Oto jeste\u015bmy dzi\u015b poni\u017ceni na ca\u0142ej ziemi z powodu naszych grzech\u00f3w. Nie ma obecnie w\u0142adcy, proroka ani wodza, ani ca\u0142opalenia, ani ofiar, ani dar\u00f3w pokarmowych, ani kadzielnych. Nie ma gdzie ofiarowa\u0107 Tobie pierwocin i dozna\u0107 Twego mi\u0142osierdzia. <\/b><\/i><i><b>Niech jednak dusza strapiona i duch uni\u017cony znajd\u0105 u Ciebie upodobanie. <\/b><\/i><\/span><\/span><\/span><\/p>\n<p align=\"justify\"><span style=\"color: #000000;\"><span style=\"font-family: Book Antiqua, serif;\"><span style=\"font-size: large;\">Co\u015b nam to przypomina? To przecie\u017c nasza obecna sytuacja! My, wielcy i m\u0105drzy \u2013 w swoim mniemaniu \u2013 ludzie, zdobywcy \u015bwiata i wszech\u015bwiata, jeste\u015bmy faktycznie <i><b>poni\u017ceni na ca\u0142ej ziemi. <\/b><\/i>Z ca\u0142\u0105 pewno\u015bci\u0105 \u2013 tak\u017ce \u2013 <i><b>z<\/b><\/i><b> <\/b><i><b>powodu naszych grzech\u00f3w.<\/b><\/i><b> <\/b>I tak, jak w\u00f3wczas, tak i dzisiaj \u2013 <i><b>nie<\/b><\/i><b> <\/b><i><b>ma obecnie w\u0142adcy, proroka ani wodza,<\/b><\/i><b> <\/b>kt\u00f3ry by m\u00f3g\u0142 zaradzi\u0107 nieszcz\u0119\u015bciu i powiedzie\u0107, co robi\u0107. <\/span><\/span><\/span><\/p>\n<p align=\"justify\"><span style=\"color: #000000;\"><span style=\"font-family: Book Antiqua, serif;\"><span style=\"font-size: large;\">Co wi\u0119cej, <i><b>nie ma gdzie ofiarowa\u0107 Tobie pierwocin i dozna\u0107 Twego mi\u0142osierdzia, <\/b><\/i>bo przyj\u015bcie na Msz\u0119 \u015awi\u0119t\u0105 niedzieln\u0105 jest co najmniej nie wskazane\u2026 O ile \u2013 jak to by\u0142o w wielu miejscach ostatniej niedzieli \u2013 nie uznane <b>za akt niepos\u0142usze\u0144stwa! <\/b>Chocia\u017c Episkopat wyda\u0142 tylko zalecenia, a nie zakaz\u2026<\/span><\/span><\/span><\/p>\n<p align=\"justify\"><span style=\"color: #000000;\"><span style=\"font-family: Book Antiqua, serif;\"><span style=\"font-size: large;\">Dlatego b\u0142agamy: <i><b>Niech jednak dusza strapiona i duch uni\u017cony znajd\u0105 u Ciebie upodobanie! <\/b><\/i>Prosimy o to, bo przecie\u017c wiemy, \u017ce <i><b>ci, co pok\u0142adaj\u0105 ufno\u015b\u0107 w Tobie, nie zaznaj\u0105 wstydu. Teraz za\u015b post\u0119pujemy za Tob\u0105 z ca\u0142ego serca, odczuwamy l\u0119k przed Tob\u0105 i szukamy Twego oblicza. Nie zawstydzaj nas, lecz post\u0119puj z nami wed\u0142ug swej \u0142agodno\u015bci i wed\u0142ug wielkiego swego mi\u0142osierdzia. Wybaw nas przez swe cuda i uczy\u0144 swe imi\u0119 s\u0142awne, Panie.<\/b><\/i><\/span><\/span><\/span><\/p>\n<p align=\"justify\"><span style=\"color: #000000;\"><span style=\"font-family: Book Antiqua, serif;\"><span style=\"font-size: large;\">Tak, Panie, <i><b>uczy\u0144 swe imi\u0119 s\u0142awne! Wybaw nas przez swoje cuda! <\/b><\/i>Tylko jako\u015b nas przekonaj, \u017ce <b>jeste\u015b w stanie je uczyni\u0107,<\/b> je\u017celi my ukorzymy si\u0119 przed Tob\u0105 tak, jak dzi\u015b Azariasz. Bo \u2013 p\u00f3ki co \u2013 <b>za wszelk\u0105 cen\u0119 radzimy sobie sami.<\/b> A m\u00f3wi\u0105c precyzyjnie \u2013 <b>nie radzimy<\/b> <b>sobie.<\/b> Wprowadzili\u015bmy wszystkie mo\u017cliwe \u015brodki zaradcze, jakie nam rozum podpowiedzia\u0142, a problem narasta. I coraz bardziej jeste\u015bmy <i><b>w \u015brodku ognia.<\/b><\/i><\/span><\/span><\/span><\/p>\n<p align=\"justify\"><span style=\"color: #000000;\"><span style=\"font-family: Book Antiqua, serif;\"><span style=\"font-size: large;\">Piotr dzisiaj zapyta\u0142 \u2013 w szczero\u015bci i prostolinijno\u015bci swego serca \u2013 <b>ile razy ma przebaczy\u0107.<\/b> Bo w granicach jego ludzkiej logiki nie mie\u015bci\u0142o si\u0119, \u017ce <i><b>a\u017c siedem razy.<\/b><\/i> A tu nagle Jezus m\u00f3wi mu, \u017ce <i><b>a\u017c siedemdziesi\u0105t siedem,<\/b><\/i> a nie tylko siedem! Kaza\u0142 mu w ten spos\u00f3b zupe\u0142nie przekroczy\u0107 ograniczenia czysto ludzkiej logiki. I potem jeszcze <b>wielokrotnie to nakazywa\u0142. <\/b>I jemu, i pozosta\u0142ym Aposto\u0142om, i wszystkim swoim uczniom, i nam tak\u017ce. <\/span><\/span><\/span><\/p>\n<p align=\"justify\"><span style=\"color: #000000;\"><span style=\"font-family: Book Antiqua, serif;\"><span style=\"font-size: large;\">A dzieje Ko\u015bcio\u0142a pokazuj\u0105, \u017ce najwi\u0119kszymi \u015bwi\u0119tymi i najbardziej czytelnymi \u015bwiadkami byli \u2013 i s\u0105 dla nas dzisiaj \u2013 ci wszyscy, kt\u00f3rzy <b>wbrew ludzkiej logice bezgranicznie zaufali Bogu.<\/b><\/span><\/span><\/span><\/p>\n<p align=\"justify\"><span style=\"color: #000000;\"><span style=\"font-family: Book Antiqua, serif;\"><span style=\"font-size: large;\">My o tym dobrze wiemy. Szczeg\u00f3lnie my, ksi\u0119\u017ca, kt\u00f3rzy w pi\u0119knych i mocnych kazaniach i konferencjach nauczamy <b>o wielkiej mocy Jezusa w Eucharystii<\/b> i o Jego zbawczym, nieograniczonym dzia\u0142aniu w czasie Mszy \u015awi\u0119tej! Jakich pi\u0119knych i rozbudowanych fraz w\u00f3wczas u\u017cywamy, <b>jakie odwa\u017cne pytania stawiamy wiernym! <\/b><\/span><\/span><\/span><\/p>\n<p align=\"justify\"><span style=\"color: #000000;\"><span style=\"font-family: Book Antiqua, serif;\"><span style=\"font-size: large;\">Profesorowie teologii \u2013 duchowni i \u015bwieccy \u2013 pisz\u0105 <b>\u015bwietne teksty o zbawiaj\u0105cej mocy Boga,<\/b> dzia\u0142aj\u0105cej we wsp\u00f3\u0142czesnym \u015bwiecie. <\/span><\/span><\/span><\/p>\n<p align=\"justify\"><span style=\"color: #000000;\"><span style=\"font-family: Book Antiqua, serif;\"><span style=\"font-size: large;\">A wierni \u015bwieccy, ubogaceni tym nauczaniem, m\u00f3wi\u0105 w ka\u017cd\u0105 niedziel\u0119, na ka\u017cdej Mszy \u015awi\u0119tej, \u017ce <b>wierz\u0105 w Boga Ojca Wszechmog\u0105cego,<\/b> i w Jezusa Chrystusa, Syna Jego jedynego\u2026 A w trakcie pi\u0119knych i wielkich procesji eucharystycznych do \u0142ez si\u0119 wzruszaj\u0105, \u015bpiewaj\u0105c: <b>\u201eWiar\u0105 ukorzy\u0107 trzeba zmys\u0142y i rozum sw\u00f3j, bo tu ju\u017c nie ma chleba, to B\u00f3g, to Jezus m\u00f3j\u201d.<\/b> To wszystko jest takie pi\u0119kne, wr\u0119cz imponuj\u0105ce! Tak \u0142atwo nam wszystkim te i podobne s\u0142owa wypowiada\u0107 i wy\u015bpiewywa\u0107. <b>Dop\u00f3ki to nic nie kosztuje.<\/b><\/span><\/span><\/span><\/p>\n<p align=\"justify\"><span style=\"color: #000000;\"><span style=\"font-family: Book Antiqua, serif;\"><span style=\"font-size: large;\">A oto Jezus powiedzia\u0142 nam w tych dniach: <b>SPRAWDZAM!<\/b><\/span><\/span><\/span><\/p>\n<p align=\"justify\"><span style=\"color: #000000;\"><span style=\"font-family: Book Antiqua, serif;\"><span style=\"font-size: large;\">I co? I okaza\u0142o si\u0119, \u017ce my, duszpasterze, kt\u00f3rzy godzinami rozprawiali\u015bmy o cudownej mocy Eucharystii, zapraszaj\u0105c do udzia\u0142u w niej, wr\u0119cz nalegaj\u0105c na wiernych, w tym momencie, z tym samym zapa\u0142em, m\u00f3wimy: <b>\u201eNie przychod\u017acie!\u201d \u201eDobrze, \u017ce jest was tak ma\u0142o!\u201d<\/b> <\/span><\/span><\/span><\/p>\n<p align=\"justify\"><span style=\"color: #000000;\"><span style=\"font-family: Book Antiqua, serif;\"><span style=\"font-size: large;\">Profesorowie teologii w swojej logicznej argumentacji udowadniaj\u0105, jaki to <b>po\u017cytek wyniknie dla wszystkich z ogl\u0105dania transmisji <\/b><b>Mszy \u015awi\u0119tej<\/b><b>.<\/b> <\/span><\/span><\/span><\/p>\n<p align=\"justify\"><span style=\"color: #000000;\"><span style=\"font-family: Book Antiqua, serif;\"><span style=\"font-size: large;\">I tylko ci, kt\u00f3rzy okazali si\u0119 w ostatni\u0105 niedziel\u0119 tymi <b>\u201epi\u0119\u0107dziesi\u0105tymi pierwszymi\u201d<\/b> i odeszli \u201ez kwitkiem\u201d sprzed drzwi ko\u015bcio\u0142a, m\u00f3wi\u0105, \u017ce nie przypominaj\u0105 sobie, by w czasie wojny, czy w czasie komuny, to si\u0119 im zdarzy\u0142o. Chocia\u017c wtedy <b>zagro\u017cenie by\u0142o realne i natychmiastowe,<\/b> mo\u017cna by\u0142o rzeczywi\u015bcie w tym momencie przyp\u0142aci\u0107 \u017cyciem obecno\u015b\u0107 na Mszy \u015awi\u0119tej, a teraz zagro\u017cenie <b>te\u017c jest realne, ale bardziej hipotetyczne. <\/b><\/span><\/span><\/span><\/p>\n<p align=\"justify\"><span style=\"color: #000000;\"><span style=\"font-family: Book Antiqua, serif;\"><span style=\"font-size: large;\">Wtedy, i dzi\u015b, w \u015bwi\u0105tyni czeka\u0142 i czeka ten sam Jezus, kt\u00f3ry <b>tyle razy w historii udowodni\u0142<\/b> swoj\u0105 moc. O ile tylko ludzie Jemu zaufali.<\/span><\/span><\/span><\/p>\n<p align=\"justify\"><span style=\"color: #000000;\"><span style=\"font-family: Book Antiqua, serif;\"><span style=\"font-size: large;\">Azariasz zaufa\u0142 i dlatego spo\u015br\u00f3d ognia \u2013 <b>wbrew ludzkiej logice \u2013 modli\u0142 si\u0119 do Pana.<\/b> Piotr te\u017c powoli, ale jednak uczy\u0142 si\u0119 <b>przekraczania<\/b> <b>ludzkiej logiki<\/b> na rzecz tej, kt\u00f3r\u0105 pokazywa\u0142 mu Jezus.<\/span><\/span><\/span><\/p>\n<p align=\"justify\"><span style=\"color: #000000;\"><span style=\"font-family: Book Antiqua, serif;\"><span style=\"font-size: large;\">My tkwimy po uszy w tej ludzkiej. Tak normalnie to \u2013 owszem \u2013 wierzymy, \u017ce Jezus jest obecny, \u017ce ma racj\u0119 i nawet jest w stanie czyni\u0107 cuda. Ale teraz to jednak mo\u017cna si\u0119 na Mszy \u015awi\u0119tej zarazi\u0107, wi\u0119c lepiej obejrze\u0107 w telewizji. <b>Bo to jednak nic nie wiadomo\u2026<\/b> A jak si\u0119 ludzie pozara\u017caj\u0105?\u2026 A jak si\u0119 ksi\u0105dz zarazi?\u2026 <\/span><\/span><\/span><\/p>\n<p align=\"justify\"><span style=\"color: #000000;\"><span style=\"font-family: Book Antiqua, serif;\"><span style=\"font-size: large;\">Ludzka logika. P\u00f3ki co, przestrzegamy jej bardzo sumiennie. I p\u00f3ki co \u2013 jak widzimy, zw\u0142aszcza w krajach Europy Zachodniej \u2013 <b>jest coraz gorzej.<\/b> I tak b\u0119dzie. <\/span><\/span><\/span><\/p>\n<p align=\"justify\"><span style=\"color: #000000;\"><span style=\"font-family: Book Antiqua, serif;\"><span style=\"font-size: large;\">Chyba, \u017ce wzniesiemy r\u0119ce do Pana we wsp\u00f3lnym wo\u0142aniu! I damy odwa\u017cne \u015bwiadectwo <b>wiary w zwyci\u0119sk\u0105 moc Boga \u2013 wobec ca\u0142ego \u015bwiata! <\/b><\/span><\/span><\/span><\/p>\n<p align=\"justify\"><span style=\"color: #000000;\"><span style=\"font-family: Book Antiqua, serif;\"><span style=\"font-size: large;\">Jezus w tych dniach m\u00f3wi do nas: <b>SPRAWDZAM!<\/b><\/span><\/span><\/span><\/p>\n","protected":false},"excerpt":{"rendered":"<p>Niech b\u0119dzie pochwalony Jezus Chrystus! Moi Drodzy, w dniu dzisiejszym imieniny prze\u017cywaj\u0105: \u25baKsi\u0105dz Zbigniew Tonkiel, m\u00f3j Profesor w Seminarium; \u25baKsi\u0105dz Zbigniew Sobolewski, w swoim czasie \u2013 Dyrektor Katolickiego Liceum, dzia\u0142aj\u0105cego przy mojej rodzinnej Parafii; \u25baKsi\u0105dz Profesor Zbigniew Janczewski, Recenzent mojego doktoratu; \u25baKsi\u0105dz Zbigniew Nikoniuk, wieloletni Proboszcz Neounickiej Parafii w Kostom\u0142otach; \u25baZbigniew Chmiel, za moich czas\u00f3w [&hellip;]<\/p>\n","protected":false},"author":1,"featured_media":0,"comment_status":"open","ping_status":"open","sticky":false,"template":"","format":"standard","meta":{"jetpack_post_was_ever_published":false,"_jetpack_newsletter_access":"","_jetpack_dont_email_post_to_subs":false,"_jetpack_newsletter_tier_id":0,"_jetpack_memberships_contains_paywalled_content":false,"_jetpack_memberships_contains_paid_content":false,"footnotes":""},"categories":[1],"tags":[],"class_list":["post-16685","post","type-post","status-publish","format-standard","hentry","category-bez-kategorii"],"yoast_head":"<!-- This site is optimized with the Yoast SEO plugin v25.1 - https:\/\/yoast.com\/wordpress\/plugins\/seo\/ -->\n<title>Jezus m\u00f3wi: SPRAWDZAM! - Gaudium Et Spes<\/title>\n<meta name=\"robots\" content=\"index, follow, max-snippet:-1, max-image-preview:large, max-video-preview:-1\" \/>\n<link rel=\"canonical\" href=\"https:\/\/gaudiumetspes-blog.pl\/index.php\/2020\/03\/17\/jezus-mowi-sprawdzam\/\" \/>\n<meta property=\"og:locale\" content=\"pl_PL\" \/>\n<meta property=\"og:type\" content=\"article\" \/>\n<meta property=\"og:title\" content=\"Jezus m\u00f3wi: SPRAWDZAM! - Gaudium Et Spes\" \/>\n<meta property=\"og:description\" content=\"Niech b\u0119dzie pochwalony Jezus Chrystus! Moi Drodzy, w dniu dzisiejszym imieniny prze\u017cywaj\u0105: \u25baKsi\u0105dz Zbigniew Tonkiel, m\u00f3j Profesor w Seminarium; \u25baKsi\u0105dz Zbigniew Sobolewski, w swoim czasie \u2013 Dyrektor Katolickiego Liceum, dzia\u0142aj\u0105cego przy mojej rodzinnej Parafii; \u25baKsi\u0105dz Profesor Zbigniew Janczewski, Recenzent mojego doktoratu; \u25baKsi\u0105dz Zbigniew Nikoniuk, wieloletni Proboszcz Neounickiej Parafii w Kostom\u0142otach; \u25baZbigniew Chmiel, za moich czas\u00f3w [&hellip;]\" \/>\n<meta property=\"og:url\" content=\"https:\/\/gaudiumetspes-blog.pl\/index.php\/2020\/03\/17\/jezus-mowi-sprawdzam\/\" \/>\n<meta property=\"og:site_name\" content=\"Gaudium Et Spes\" \/>\n<meta property=\"article:published_time\" content=\"2020-03-17T05:38:30+00:00\" \/>\n<meta name=\"author\" content=\"Ks. Jacek\" \/>\n<meta name=\"twitter:card\" content=\"summary_large_image\" \/>\n<meta name=\"twitter:label1\" content=\"Napisane przez\" \/>\n\t<meta name=\"twitter:data1\" content=\"Ks. Jacek\" \/>\n\t<meta name=\"twitter:label2\" content=\"Szacowany czas czytania\" \/>\n\t<meta name=\"twitter:data2\" content=\"9 minut\" \/>\n<script type=\"application\/ld+json\" class=\"yoast-schema-graph\">{\"@context\":\"https:\/\/schema.org\",\"@graph\":[{\"@type\":\"WebPage\",\"@id\":\"https:\/\/gaudiumetspes-blog.pl\/index.php\/2020\/03\/17\/jezus-mowi-sprawdzam\/\",\"url\":\"https:\/\/gaudiumetspes-blog.pl\/index.php\/2020\/03\/17\/jezus-mowi-sprawdzam\/\",\"name\":\"Jezus m\u00f3wi: SPRAWDZAM! - Gaudium Et Spes\",\"isPartOf\":{\"@id\":\"https:\/\/gaudiumetspes-blog.pl\/#website\"},\"datePublished\":\"2020-03-17T05:38:30+00:00\",\"author\":{\"@id\":\"https:\/\/gaudiumetspes-blog.pl\/#\/schema\/person\/1661982992b752dea8dff0d4ed845a65\"},\"breadcrumb\":{\"@id\":\"https:\/\/gaudiumetspes-blog.pl\/index.php\/2020\/03\/17\/jezus-mowi-sprawdzam\/#breadcrumb\"},\"inLanguage\":\"pl-PL\",\"potentialAction\":[{\"@type\":\"ReadAction\",\"target\":[\"https:\/\/gaudiumetspes-blog.pl\/index.php\/2020\/03\/17\/jezus-mowi-sprawdzam\/\"]}]},{\"@type\":\"BreadcrumbList\",\"@id\":\"https:\/\/gaudiumetspes-blog.pl\/index.php\/2020\/03\/17\/jezus-mowi-sprawdzam\/#breadcrumb\",\"itemListElement\":[{\"@type\":\"ListItem\",\"position\":1,\"name\":\"Strona g\u0142\u00f3wna\",\"item\":\"https:\/\/gaudiumetspes-blog.pl\/\"},{\"@type\":\"ListItem\",\"position\":2,\"name\":\"Jezus m\u00f3wi: SPRAWDZAM!\"}]},{\"@type\":\"WebSite\",\"@id\":\"https:\/\/gaudiumetspes-blog.pl\/#website\",\"url\":\"https:\/\/gaudiumetspes-blog.pl\/\",\"name\":\"Gaudium Et Spes\",\"description\":\"Blog Ks. Jacka Ja\u015bkowskiego\",\"potentialAction\":[{\"@type\":\"SearchAction\",\"target\":{\"@type\":\"EntryPoint\",\"urlTemplate\":\"https:\/\/gaudiumetspes-blog.pl\/?s={search_term_string}\"},\"query-input\":{\"@type\":\"PropertyValueSpecification\",\"valueRequired\":true,\"valueName\":\"search_term_string\"}}],\"inLanguage\":\"pl-PL\"},{\"@type\":\"Person\",\"@id\":\"https:\/\/gaudiumetspes-blog.pl\/#\/schema\/person\/1661982992b752dea8dff0d4ed845a65\",\"name\":\"Ks. Jacek\",\"image\":{\"@type\":\"ImageObject\",\"inLanguage\":\"pl-PL\",\"@id\":\"https:\/\/gaudiumetspes-blog.pl\/#\/schema\/person\/image\/\",\"url\":\"https:\/\/gaudiumetspes-blog.pl\/wp-content\/uploads\/2019\/07\/avatar-JJ-150x150.jpg\",\"contentUrl\":\"https:\/\/gaudiumetspes-blog.pl\/wp-content\/uploads\/2019\/07\/avatar-JJ-150x150.jpg\",\"caption\":\"Ks. Jacek\"},\"description\":\"Witam serdecznie! K\u0142ania si\u0119 Ks. Jacek Ja\u015bkowski. Nie jestem ani kim\u015b wa\u017cnym, ani kim\u015b znanym. Jestem ksi\u0119dzem, kt\u00f3ry po prostu chce rozmawia\u0107. Codzienna kap\u0142a\u0144ska pos\u0142uga pokazuje mi, \u017ce temat\u00f3w do rozm\u00f3w z ksi\u0119dzem jest coraz wi\u0119cej i dzisiaj \u017caden ksi\u0105dz nie mo\u017ce od nich ucieka\u0107, ale - wprost przeciwnie - podejmowa\u0107 nowe wyzwania. To przekonanie sk\u0142oni\u0142o mnie do pr\u00f3by otwarcia tego\u017c bloga, chocia\u017c okazji do rozm\u00f3w na co dzie\u0144 - w konfesjonale i poza nim - na szcz\u0119\u015bcie nie brakuje. My\u015bl\u0119 jednak, \u017ce ten blog b\u0119dzie jeszcze jednym sposobem i przestrzeni\u0105 nawi\u0105zania kontaktu z lud\u017ami dobrej woli, otwartymi na dialog.\",\"url\":\"https:\/\/gaudiumetspes-blog.pl\/index.php\/author\/ks-jacek\/\"}]}<\/script>\n<!-- \/ Yoast SEO plugin. -->","yoast_head_json":{"title":"Jezus m\u00f3wi: SPRAWDZAM! - Gaudium Et Spes","robots":{"index":"index","follow":"follow","max-snippet":"max-snippet:-1","max-image-preview":"max-image-preview:large","max-video-preview":"max-video-preview:-1"},"canonical":"https:\/\/gaudiumetspes-blog.pl\/index.php\/2020\/03\/17\/jezus-mowi-sprawdzam\/","og_locale":"pl_PL","og_type":"article","og_title":"Jezus m\u00f3wi: SPRAWDZAM! - Gaudium Et Spes","og_description":"Niech b\u0119dzie pochwalony Jezus Chrystus! Moi Drodzy, w dniu dzisiejszym imieniny prze\u017cywaj\u0105: \u25baKsi\u0105dz Zbigniew Tonkiel, m\u00f3j Profesor w Seminarium; \u25baKsi\u0105dz Zbigniew Sobolewski, w swoim czasie \u2013 Dyrektor Katolickiego Liceum, dzia\u0142aj\u0105cego przy mojej rodzinnej Parafii; \u25baKsi\u0105dz Profesor Zbigniew Janczewski, Recenzent mojego doktoratu; \u25baKsi\u0105dz Zbigniew Nikoniuk, wieloletni Proboszcz Neounickiej Parafii w Kostom\u0142otach; \u25baZbigniew Chmiel, za moich czas\u00f3w [&hellip;]","og_url":"https:\/\/gaudiumetspes-blog.pl\/index.php\/2020\/03\/17\/jezus-mowi-sprawdzam\/","og_site_name":"Gaudium Et Spes","article_published_time":"2020-03-17T05:38:30+00:00","author":"Ks. Jacek","twitter_card":"summary_large_image","twitter_misc":{"Napisane przez":"Ks. Jacek","Szacowany czas czytania":"9 minut"},"schema":{"@context":"https:\/\/schema.org","@graph":[{"@type":"WebPage","@id":"https:\/\/gaudiumetspes-blog.pl\/index.php\/2020\/03\/17\/jezus-mowi-sprawdzam\/","url":"https:\/\/gaudiumetspes-blog.pl\/index.php\/2020\/03\/17\/jezus-mowi-sprawdzam\/","name":"Jezus m\u00f3wi: SPRAWDZAM! - Gaudium Et Spes","isPartOf":{"@id":"https:\/\/gaudiumetspes-blog.pl\/#website"},"datePublished":"2020-03-17T05:38:30+00:00","author":{"@id":"https:\/\/gaudiumetspes-blog.pl\/#\/schema\/person\/1661982992b752dea8dff0d4ed845a65"},"breadcrumb":{"@id":"https:\/\/gaudiumetspes-blog.pl\/index.php\/2020\/03\/17\/jezus-mowi-sprawdzam\/#breadcrumb"},"inLanguage":"pl-PL","potentialAction":[{"@type":"ReadAction","target":["https:\/\/gaudiumetspes-blog.pl\/index.php\/2020\/03\/17\/jezus-mowi-sprawdzam\/"]}]},{"@type":"BreadcrumbList","@id":"https:\/\/gaudiumetspes-blog.pl\/index.php\/2020\/03\/17\/jezus-mowi-sprawdzam\/#breadcrumb","itemListElement":[{"@type":"ListItem","position":1,"name":"Strona g\u0142\u00f3wna","item":"https:\/\/gaudiumetspes-blog.pl\/"},{"@type":"ListItem","position":2,"name":"Jezus m\u00f3wi: SPRAWDZAM!"}]},{"@type":"WebSite","@id":"https:\/\/gaudiumetspes-blog.pl\/#website","url":"https:\/\/gaudiumetspes-blog.pl\/","name":"Gaudium Et Spes","description":"Blog Ks. Jacka Ja\u015bkowskiego","potentialAction":[{"@type":"SearchAction","target":{"@type":"EntryPoint","urlTemplate":"https:\/\/gaudiumetspes-blog.pl\/?s={search_term_string}"},"query-input":{"@type":"PropertyValueSpecification","valueRequired":true,"valueName":"search_term_string"}}],"inLanguage":"pl-PL"},{"@type":"Person","@id":"https:\/\/gaudiumetspes-blog.pl\/#\/schema\/person\/1661982992b752dea8dff0d4ed845a65","name":"Ks. Jacek","image":{"@type":"ImageObject","inLanguage":"pl-PL","@id":"https:\/\/gaudiumetspes-blog.pl\/#\/schema\/person\/image\/","url":"https:\/\/gaudiumetspes-blog.pl\/wp-content\/uploads\/2019\/07\/avatar-JJ-150x150.jpg","contentUrl":"https:\/\/gaudiumetspes-blog.pl\/wp-content\/uploads\/2019\/07\/avatar-JJ-150x150.jpg","caption":"Ks. Jacek"},"description":"Witam serdecznie! K\u0142ania si\u0119 Ks. Jacek Ja\u015bkowski. Nie jestem ani kim\u015b wa\u017cnym, ani kim\u015b znanym. Jestem ksi\u0119dzem, kt\u00f3ry po prostu chce rozmawia\u0107. Codzienna kap\u0142a\u0144ska pos\u0142uga pokazuje mi, \u017ce temat\u00f3w do rozm\u00f3w z ksi\u0119dzem jest coraz wi\u0119cej i dzisiaj \u017caden ksi\u0105dz nie mo\u017ce od nich ucieka\u0107, ale - wprost przeciwnie - podejmowa\u0107 nowe wyzwania. To przekonanie sk\u0142oni\u0142o mnie do pr\u00f3by otwarcia tego\u017c bloga, chocia\u017c okazji do rozm\u00f3w na co dzie\u0144 - w konfesjonale i poza nim - na szcz\u0119\u015bcie nie brakuje. My\u015bl\u0119 jednak, \u017ce ten blog b\u0119dzie jeszcze jednym sposobem i przestrzeni\u0105 nawi\u0105zania kontaktu z lud\u017ami dobrej woli, otwartymi na dialog.","url":"https:\/\/gaudiumetspes-blog.pl\/index.php\/author\/ks-jacek\/"}]}},"jetpack_featured_media_url":"","jetpack_sharing_enabled":true,"_links":{"self":[{"href":"https:\/\/gaudiumetspes-blog.pl\/index.php\/wp-json\/wp\/v2\/posts\/16685","targetHints":{"allow":["GET"]}}],"collection":[{"href":"https:\/\/gaudiumetspes-blog.pl\/index.php\/wp-json\/wp\/v2\/posts"}],"about":[{"href":"https:\/\/gaudiumetspes-blog.pl\/index.php\/wp-json\/wp\/v2\/types\/post"}],"author":[{"embeddable":true,"href":"https:\/\/gaudiumetspes-blog.pl\/index.php\/wp-json\/wp\/v2\/users\/1"}],"replies":[{"embeddable":true,"href":"https:\/\/gaudiumetspes-blog.pl\/index.php\/wp-json\/wp\/v2\/comments?post=16685"}],"version-history":[{"count":1,"href":"https:\/\/gaudiumetspes-blog.pl\/index.php\/wp-json\/wp\/v2\/posts\/16685\/revisions"}],"predecessor-version":[{"id":16686,"href":"https:\/\/gaudiumetspes-blog.pl\/index.php\/wp-json\/wp\/v2\/posts\/16685\/revisions\/16686"}],"wp:attachment":[{"href":"https:\/\/gaudiumetspes-blog.pl\/index.php\/wp-json\/wp\/v2\/media?parent=16685"}],"wp:term":[{"taxonomy":"category","embeddable":true,"href":"https:\/\/gaudiumetspes-blog.pl\/index.php\/wp-json\/wp\/v2\/categories?post=16685"},{"taxonomy":"post_tag","embeddable":true,"href":"https:\/\/gaudiumetspes-blog.pl\/index.php\/wp-json\/wp\/v2\/tags?post=16685"}],"curies":[{"name":"wp","href":"https:\/\/api.w.org\/{rel}","templated":true}]}}