{"id":16704,"date":"2020-03-23T05:37:17","date_gmt":"2020-03-23T04:37:17","guid":{"rendered":"https:\/\/gaudiumetspes-blog.pl\/?p=16704"},"modified":"2020-03-23T09:20:46","modified_gmt":"2020-03-23T08:20:46","slug":"uwierzyl-czlowiek-slowu","status":"publish","type":"post","link":"https:\/\/gaudiumetspes-blog.pl\/index.php\/2020\/03\/23\/uwierzyl-czlowiek-slowu\/","title":{"rendered":"Uwierzy\u0142 cz\u0142owiek S\u0142owu&#8230;"},"content":{"rendered":"<p align=\"justify\"><span style=\"color: #000000;\"><span style=\"font-family: Book Antiqua, serif;\"><span style=\"font-size: large;\">Szcz\u0119\u015b\u0107 Bo\u017ce! Moi Drodzy, zwracam si\u0119 do Was z bardzo wyj\u0105tkow\u0105 pro\u015bb\u0105. Wyrazi\u0142em j\u0105 ju\u017c w odpowiedzi na komentarz Wiesi pod sobotnim moim rozwa\u017caniem. Bo w\u0142a\u015bnie o to sobotnie rozwa\u017canie chodzi. I \u2013 jednocze\u015bnie \u2013 o pi\u0105tkowe s\u0142\u00f3wko Ksi\u0119dza Marka. <\/span><\/span><\/span><\/p>\n<p align=\"justify\"><span style=\"color: #000000;\"><span style=\"font-family: Book Antiqua, serif;\"><span style=\"font-size: large;\">Ot\u00f3\u017c, je\u017celi zgadzacie si\u0119 z nami \u2013 albo z jednym z nas \u2013 w ocenie ca\u0142ej sytuacji i w proponowanych sposobach wyj\u015bcia z niej, i je\u017celi uwa\u017cacie, \u017ce to nasze pisanie mog\u0142oby komu\u015b wla\u0107 w serce troch\u0119 nadziei, to zechciejcie oba te teksty wskazywa\u0107 do przeczytania i przemy\u015blenia. Oczywi\u015bcie tak\u017ce \u2013 do skomentowania. <\/span><\/span><\/span><\/p>\n<p align=\"justify\"><span style=\"color: #000000;\"><span style=\"font-family: Book Antiqua, serif;\"><span style=\"font-size: large;\">Zwykle nie namawiam nikogo do czytania swojego bloga \u2013 chocia\u017c wspominam, \u017ce istnieje \u2013 poniewa\u017c jestem przekonany, \u017ce czytanie go nie jest do zbawienia koniecznie potrzebne. Natomiast tym razem chodzi mi o dotarcie z przes\u0142aniem nadziei do jak najwi\u0119kszej liczby Os\u00f3b. Widz\u0119 bowiem, jak tej nadziei obecnie wszystkim nam potrzeba. <\/span><\/span><\/span><\/p>\n<p align=\"justify\"><span style=\"color: #000000;\"><span style=\"font-family: Book Antiqua, serif;\"><span style=\"font-size: large;\">St\u0105d te\u017c, je\u017celi uwa\u017cacie, \u017ce te nasze oba teksty \u2013 albo i inne, z ostatnich dni, bo sprawa ca\u0142y czas \u017cyje na blogu \u2013 mog\u0142yby si\u0119 do czego\u015b przyda\u0107, to skorzystajcie z nich. Naprawd\u0119, nie chodzi nam o \u201epodkr\u0119canie\u201d taniej popularno\u015bci, ale o wspieranie si\u0119 i budowanie nadziei. <\/span><\/span><\/span><\/p>\n<p align=\"justify\"><span style=\"color: #000000;\"><span style=\"font-family: Book Antiqua, serif;\"><span style=\"font-size: large;\">A ja o wszystkich, kt\u00f3rzy b\u0119d\u0105 to czytali, obiecuj\u0119 pami\u0119ta\u0107 w modlitwie \u2013 tak\u017ce w czasie adoracji Naj\u015bwi\u0119tszego Sakramentu, w O\u015brodku Duszpasterstwa Akademickiego w Siedlcach: w \u015brod\u0119, po Mszy \u015awi\u0119tej o godzinie 19:00 \u2013 do godziny 21:00; oraz w czwartek, przez ca\u0142y dzie\u0144, od 9:00 do 19:00. B\u0119d\u0119 wtedy modli\u0142 si\u0119 za Wszystkich, kt\u00f3rzy zechc\u0105 nawi\u0105za\u0107 ze mn\u0105 duchowy \u201etelemost\u201d. <\/span><\/span><\/span><\/p>\n<p align=\"justify\"><span style=\"color: #000000;\"><span style=\"font-family: Book Antiqua, serif;\"><span style=\"font-size: large;\">Oczywi\u015bcie, godzina 20:00 to tak\u017ce czas naszej \u0142\u0105czno\u015bci poprzez \u201eOjcze nasz\u201d. B\u0105d\u017amy razem! Trwajmy mocni w wierze! <\/span><\/span><\/span><\/p>\n<p align=\"justify\"><span style=\"color: #000000;\"><span style=\"font-family: Book Antiqua, serif;\"><span style=\"font-size: large;\"><strong>Niech Was b\u0142ogos\u0142awi B\u00f3g Wszechmog\u0105cy: Ojciec + i Syn, i Duch \u015awi\u0119ty. Amen.<\/strong><\/span><\/span><\/span><\/p>\n<p align=\"center\"><span style=\"color: #000000;\"><span style=\"font-family: Book Antiqua, serif;\"><span style=\"font-size: large;\">Gaudium et spes! Ks. Jacek<\/span><\/span><\/span><\/p>\n<p align=\"center\">\n<p align=\"center\">\n<p align=\"center\">\n<p align=\"center\">\n<p align=\"center\">\n<p align=\"justify\"><span style=\"color: #000000;\"><span style=\"font-family: Book Antiqua, serif;\"><span style=\"font-size: large;\"><b>Poniedzia\u0142ek 4 Tygodnia Wielkiego Postu,<\/b><\/span><\/span><\/span><\/p>\n<p align=\"justify\"><span style=\"color: #000000;\"><span style=\"font-family: Book Antiqua, serif;\"><span style=\"font-size: large;\"><b>23 marca 2020.,<\/b><\/span><\/span><\/span><\/p>\n<p align=\"justify\"><span style=\"color: #000000;\"><span style=\"font-family: Book Antiqua, serif;\"><span style=\"font-size: large;\"><b>do czyta\u0144: Iz 65,17\u201321; J 4,43\u201354<\/b><\/span><\/span><\/span><\/p>\n<p align=\"justify\">\n<p align=\"justify\">\n<p align=\"justify\">\n<p align=\"justify\">\n<p align=\"justify\">\n<p align=\"justify\"><span style=\"color: #000000;\"><span style=\"font-family: Book Antiqua, serif;\"><span style=\"font-size: large;\"><b>CZYTANIE Z KSI\u0118GI PROROKA IZAJASZA: <\/b><\/span><\/span><\/span><\/p>\n<p align=\"justify\"><span style=\"color: #000000;\"><span style=\"font-family: Book Antiqua, serif;\"><span style=\"font-size: large;\"><b>To m\u00f3wi Pan: \u201eOto Ja stwarzam nowe niebiosa i now\u0105 ziemi\u0119; nie b\u0119dzie si\u0119 wspomina\u0107 dawniejszych dziej\u00f3w ani na my\u015bl one nie przyjd\u0105. <\/b><\/span><\/span><\/span><\/p>\n<p align=\"justify\"><span style=\"color: #000000;\"><span style=\"font-family: Book Antiqua, serif;\"><span style=\"font-size: large;\"><b>Przeciwnie, b\u0119dzie rado\u015b\u0107 i wesele na zawsze z tego, co Ja stworz\u0119; bo oto Ja uczyni\u0119 z Jerozolimy \u00abWesele\u00bb i z jej ludu \u00abRado\u015b\u0107\u00bb. Rozwesel\u0119 si\u0119 z Jerozolimy i rozraduj\u0119 si\u0119 z jej ludu. Ju\u017c si\u0119 nie us\u0142yszy w niej odg\u0142os\u00f3w p\u0142aczu ni krzyku narzekania. <\/b><\/span><\/span><\/span><\/p>\n<p align=\"justify\"><span style=\"color: #000000;\"><span style=\"font-family: Book Antiqua, serif;\"><span style=\"font-size: large;\"><b>Nie b\u0119dzie ju\u017c w niej niemowl\u0119cia, maj\u0105cego \u017cy\u0107 tylko kilka dni, ani starca, kt\u00f3ry by nie dope\u0142ni\u0142 swych lat; bo najm\u0142odszy umrze jako stuletni, a nie osi\u0105gn\u0105\u0107 stu lat b\u0119dzie znakiem kl\u0105twy. Zbuduj\u0105 domy i mieszka\u0107 w nim b\u0119d\u0105, zasadz\u0105 winnice i b\u0119d\u0105 jedli z nich owoce\u201d.<\/b><\/span><\/span><\/span><\/p>\n<p align=\"justify\">\n<p align=\"justify\">\n<p align=\"justify\">\n<p align=\"justify\">\n<p align=\"justify\">\n<p align=\"justify\"><span style=\"color: #000000;\"><span style=\"font-family: Book Antiqua, serif;\"><span style=\"font-size: large;\"><b>S\u0141OWA EWANGELII WED\u0141UG \u015aWI\u0118TEGO JANA: <\/b><\/span><\/span><\/span><\/p>\n<p align=\"justify\"><span style=\"color: #000000;\"><span style=\"font-family: Book Antiqua, serif;\"><span style=\"font-size: large;\"><b>Jezus wyszed\u0142 z Samarii i uda\u0142 si\u0119 do Galilei. Jezus wprawdzie sam stwierdzi\u0142, \u017ce prorok nie doznaje czci we w\u0142asnej ojczy\u017anie. Kiedy jednak przyby\u0142 do Galilei, Galilejczycy przyj\u0119li Go, poniewa\u017c widzieli wszystko, co uczyni\u0142 w Jerozolimie w czasie \u015bwi\u0105t. I oni bowiem przybyli na \u015bwi\u0119to. <\/b><\/span><\/span><\/span><\/p>\n<p align=\"justify\"><span style=\"color: #000000;\"><span style=\"font-family: Book Antiqua, serif;\"><span style=\"font-size: large;\"><b>Nast\u0119pnie przyby\u0142 powt\u00f3rnie do Kany Galilejskiej, gdzie przedtem przemieni\u0142 wod\u0119 w wino. A w Kafarnaum mieszka\u0142 pewien urz\u0119dnik kr\u00f3lewski, kt\u00f3rego syn chorowa\u0142. Us\u0142yszawszy, \u017ce Jezus przyby\u0142 z Judei do Galilei, uda\u0142 si\u0119 do Niego z pro\u015bb\u0105, aby przyszed\u0142 i uzdrowi\u0142 jego syna: by\u0142 on bowiem ju\u017c umieraj\u0105cy. <\/b><\/span><\/span><\/span><\/p>\n<p align=\"justify\"><span style=\"color: #000000;\"><span style=\"font-family: Book Antiqua, serif;\"><span style=\"font-size: large;\"><b>Jezus rzek\u0142 do niego: \u201eJe\u017celi znak\u00f3w i cud\u00f3w nie zobaczycie, nie uwierzycie\u201d. <\/b><\/span><\/span><\/span><\/p>\n<p align=\"justify\"><span style=\"color: #000000;\"><span style=\"font-family: Book Antiqua, serif;\"><span style=\"font-size: large;\"><b>Powiedzia\u0142 do Niego urz\u0119dnik kr\u00f3lewski: \u201ePanie, przyjd\u017a, zanim umrze moje dziecko\u201d. <\/b><\/span><\/span><\/span><\/p>\n<p align=\"justify\"><span style=\"color: #000000;\"><span style=\"font-family: Book Antiqua, serif;\"><span style=\"font-size: large;\"><b>Rzek\u0142 do niego Jezus: \u201eId\u017a, syn tw\u00f3j \u017cyje\u201d. Uwierzy\u0142 cz\u0142owiek s\u0142owu, kt\u00f3re Jezus powiedzia\u0142 do niego, i szed\u0142 z powrotem. <\/b><\/span><\/span><\/span><\/p>\n<p align=\"justify\"><span style=\"color: #000000;\"><span style=\"font-family: Book Antiqua, serif;\"><span style=\"font-size: large;\"><b>A kiedy by\u0142 jeszcze w drodze, s\u0142udzy wyszli mu naprzeciw, m\u00f3wi\u0105c, \u017ce syn jego \u017cyje. Zapyta\u0142 ich o godzin\u0119, o kt\u00f3rej mu si\u0119 polepszy\u0142o. Rzekli mu: \u201eWczoraj oko\u0142o godziny si\u00f3dmej opu\u015bci\u0142a go gor\u0105czka\u201d. Pozna\u0142 wi\u0119c ojciec, \u017ce by\u0142o to o tej godzinie, o kt\u00f3rej Jezus rzek\u0142 do niego: \u201eSyn tw\u00f3j \u017cyje\u201d. I uwierzy\u0142 on sam i ca\u0142a jego rodzina. <\/b><\/span><\/span><\/span><\/p>\n<p align=\"justify\"><span style=\"color: #000000;\"><span style=\"font-family: Book Antiqua, serif;\"><span style=\"font-size: large;\"><b>Ten ju\u017c drugi znak uczyni\u0142 Jezus od chwili przybycia z Judei do Galilei.<\/b><\/span><\/span><\/span><\/p>\n<p align=\"justify\">\n<p align=\"justify\">\n<p align=\"justify\">\n<p align=\"justify\">\n<p align=\"justify\">\n<p align=\"justify\"><span style=\"color: #000000;\"><span style=\"font-family: Book Antiqua, serif;\"><span style=\"font-size: large;\">Pierwsze czytanie, z Proroctwa Izajasza, rysuje przed naszymi oczyma bardzo radosn\u0105 i optymistyczn\u0105 wizj\u0119, przedstawiaj\u0105c\u0105 <b><i>nowe niebiosa i now\u0105 ziemi\u0119.<\/i> <\/b>To B\u00f3g sam je stworzy. W ten spos\u00f3b przysz\u0142e zbawienie wieczne ukazane zosta\u0142o jako <b>nowy akt stw\u00f3rczy,<\/b> a harmonia i szcz\u0119\u015bcie, jakie b\u0119d\u0105 panowa\u0142y w tym nowym \u015bwiecie, jako \u017cywo przypominaj\u0105 <b>te, z pocz\u0105tk\u00f3w dziej\u00f3w \u015bwiata,<\/b> kiedy zosta\u0142 on dopiero stworzony, a nie skazi\u0142 go jeszcze grzech pierwszych rodzic\u00f3w. Zbawienie ma \u2013 wed\u0142ug Proroctwa Izajasza \u2013 polega\u0107 na <b>powrocie do tamtej, pierwotnej harmonii<\/b> i totalnego szcz\u0119\u015bcia. <\/span><\/span><\/span><\/p>\n<p align=\"justify\"><span style=\"color: #000000;\"><span style=\"font-family: Book Antiqua, serif;\"><span style=\"font-size: large;\">A b\u0119dzie to <b>tak radykalna przemiana<\/b> obecnego \u015bwiata, dotkni\u0119tego w\u0142a\u015bnie z\u0142em i nieszcz\u0119\u015bciem, i\u017c \u2013 jak s\u0142yszymy \u2013 <b><i>nie b\u0119dzie si\u0119 wspomina\u0107 dawniejszych dziej\u00f3w ani na my\u015bl one nie przyjd\u0105.<\/i> <\/b>I chocia\u017c mo\u017ce wydaje si\u0119 nam, \u017ce jest to perspektywa bardzo, ale to bardzo odleg\u0142a \u2013 mo\u017ce i prawdziwa, skoro B\u00f3g tak m\u00f3wi w swoim S\u0142owie, ale raczej obliczona na <b>bli\u017cej nie okre\u015blone \u201ekiedy\u015b tam\u201d<\/b> \u2013 to jednak warto u\u015bwiadomi\u0107 sobie, \u017ce skoro w\u0142a\u015bnie Ko\u015bci\u00f3\u0142 daje nam te s\u0142owa do rozwa\u017cenia w kolejnym dniu Wielkiego Postu, to mo\u017ce to jednak ta perspektywa <b>nie jest a\u017c tak odleg\u0142a?\u2026<\/b> <\/span><\/span><\/span><\/p>\n<p align=\"justify\"><span style=\"color: #000000;\"><span style=\"font-family: Book Antiqua, serif;\"><span style=\"font-size: large;\">To znaczy, wieczne zbawienie stanie si\u0119 \u2013 co daj Bo\u017ce! \u2013 naszym udzia\u0142em w\u00f3wczas, kiedy <b>ju\u017c przekroczymy pr\u00f3g \u017cycia,<\/b> a nie wiemy, kiedy to b\u0119dzie. Ale odnawianie tego \u015bwiata przez Boga dokonuje si\u0119 <b>ju\u017c teraz. <\/b>Bo przecie\u017c Wielki Post, kt\u00f3ry prze\u017cywamy, jest w\u0142a\u015bnie takim <b>czasem odnawiania \u015bwiata i stwarzania go na nowo.<\/b> Szczeg\u00f3lnie tegoroczny Wielki Post\u2026 <\/span><\/span><\/span><\/p>\n<p align=\"justify\"><span style=\"color: #000000;\"><span style=\"font-family: Book Antiqua, serif;\"><span style=\"font-size: large;\">W wielu refleksjach i przewidywaniach, kt\u00f3re dzi\u015b podejmuje si\u0119 w poszukiwaniu odpowiedzi na pytanie, <b>co b\u0119dzie po ustaniu pandemii<\/b> \u2013 a takie odwa\u017cne pytania ju\u017c s\u0105 stawiane \u2013 dominuje przekonanie, \u017ce b\u0119dziemy ju\u017c <b>innym \u015bwiatem, innym Ko\u015bcio\u0142em, innym narodem\u2026<\/b> \u017be sytuacja nasza b\u0119dzie zupe\u0142nie inna, ni\u017c przed pandemi\u0105 \u2013 czyli zaledwie przed dwoma, trzema tygodniami\u2026 \u017be nasze <b>wzajemne relacje te\u017c ju\u017c b\u0119d\u0105 inne<\/b> \u2013 kiedy wr\u00f3cimy do ich tworzenia, bo ju\u017c nie b\u0119dziemy si\u0119 bali przebywa\u0107 z drugim cz\u0142owiekiem i ju\u017c<b> \u201eb\u0119dzie mo\u017cna\u201d poda\u0107 drugiemu r\u0119k\u0119\u2026<\/b> <\/span><\/span><\/span><\/p>\n<p align=\"justify\"><span style=\"color: #000000;\"><span style=\"font-family: Book Antiqua, serif;\"><span style=\"font-size: large;\">Ale i z Bogiem te relacje b\u0119d\u0105 jakie\u015b inne \u2013 <b>oby wzmocnione!<\/b> I z Ko\u015bcio\u0142em \u2013 kiedy ju\u017c \u201eb\u0119dzie mo\u017cna\u201d przychodzi\u0107 na Msz\u0119 \u015awi\u0119t\u0105. Doprawdy, coraz bardziej powszechne przekonanie panuje, \u017ce obecna sytuacja tak radykalnie zmieni wszystko, i\u017c \u2013 jak s\u0142yszymy dzi\u015b w pierwszym czytaniu \u2013 <b><i>nie b\u0119dzie si\u0119 wspomina\u0107 dawniejszych dziej\u00f3w ani na my\u015bl one nie przyjd\u0105. <\/i><\/b>B\u0119dzie to tak radykalna zmiana. <\/span><\/span><\/span><\/p>\n<p align=\"justify\"><span style=\"color: #000000;\"><span style=\"font-family: Book Antiqua, serif;\"><span style=\"font-size: large;\">Oczywi\u015bcie, my <b>nie wiemy tak naprawd\u0119, jak b\u0119dzie.<\/b> Mo\u017cemy przewidywa\u0107 z du\u017c\u0105 doz\u0105 prawdopodobie\u0144stwa, \u017ce ekonomicznie b\u0119dzie ci\u0119\u017cko\u2026 A tak <b>po ludzku \u2013 jak to b\u0119dzie?\u2026<\/b> Jak teraz b\u0119d\u0105 si\u0119 uk\u0142ada\u0142y nasze relacje z Bogiem, z Ko\u015bcio\u0142em, z innymi lud\u017ami?\u2026 <\/span><\/span><\/span><\/p>\n<p align=\"justify\"><span style=\"color: #000000;\"><span style=\"font-family: Book Antiqua, serif;\"><span style=\"font-size: large;\">To zale\u017cy od nas! Czy b\u0119dziemy mieli odwag\u0119 tak uwierzy\u0107 Jezusowi, jak uwierzy\u0142 <b><i>pewien urz\u0119dnik kr\u00f3lewski<\/i><\/b> \u2013 jak go okre\u015bla w dzisiejszej Ewangelii \u015awi\u0119ty Jan. Czyli, czy \u2013 po pierwsze \u2013 zwr\u00f3cimy si\u0119 <b>przede wszystkim i z ogromn\u0105 ufno\u015bci\u0105<\/b> po pomoc do Jezusa, a nie tylko do ludzkich czynnik\u00f3w; a po drugie: czy <b>uwierzymy Mu dos\u0142ownie \u201ew ciemno\u201d,<\/b> czyli bez wahania przyjmiemy ka\u017cde rozwi\u0105zanie, jakie On sam zaproponuje. Czyli zgodzimy si\u0119 na to, \u017ce mo\u017ce On rozwi\u0105za\u0107 problem <b>tak, jak sam chce,<\/b> a nie jak nam si\u0119 wydaje, \u017ce powinien. <\/span><\/span><\/span><\/p>\n<p align=\"justify\"><span style=\"color: #000000;\"><span style=\"font-family: Book Antiqua, serif;\"><span style=\"font-size: large;\">Zobaczmy, urz\u0119dnik kr\u00f3lewski <b><i>us\u0142yszawszy, \u017ce Jezus przyby\u0142 z Judei do Galilei, uda\u0142 si\u0119 do Niego z pro\u015bb\u0105, aby przyszed\u0142 i uzdrowi\u0142 jego syna: by\u0142 on bowiem ju\u017c umieraj\u0105cy.<\/i> <\/b>Pewnie pr\u00f3bowa\u0142 r\u00f3\u017cnych sposob\u00f3w i prosi\u0142 o pomoc r\u00f3\u017cnych lekarzy, kt\u00f3rzy \u2013 jak to jasno wynika z ca\u0142ej historii \u2013 nic nie pomogli. Kiedy zatem us\u0142ysza\u0142, \u017ce Jezus jest w pobli\u017cu, ani chwili si\u0119 nie zastanawia\u0142, tylko <b>b\u0142yskawicznie znalaz\u0142 si\u0119 przed Nim ze swoj\u0105 pro\u015bb\u0105.<\/b> To jest pierwszym elementem w jego postawie, w kt\u00f3rym winni\u015bmy go na\u015bladowa\u0107: <b>od razu do Jezusa! Od razu!<\/b> I tylko do Niego! <\/span><\/span><\/span><\/p>\n<p align=\"justify\"><span style=\"color: #000000;\"><span style=\"font-family: Book Antiqua, serif;\"><span style=\"font-size: large;\">Potem wszystko dokona\u0142o si\u0119 w\u0142a\u015bciwie w jednej chwili. Powiedzieliby\u015bmy \u2013 jednym zdaniem. Jezus po prostu stwierdzi\u0142: <b><i>Id\u017a, syn tw\u00f3j \u017cyje.<\/i> <\/b>Ot, tak, po prostu\u2026 Bez zb\u0119dnych ceregieli. \u017badnych te\u017c d\u0142ugich wywod\u00f3w, \u017cadnych gest\u00f3w czy znak\u00f3w, kt\u00f3re znamy z opis\u00f3w innych uzdrowie\u0144 \u2013 <b>nic z tych rzeczy!<\/b> Nawet samego chorego nie mia\u0142 przed sob\u0105. Mo\u017cemy powiedzie\u0107, \u017ce swoj\u0105 uzdrawiaj\u0105c\u0105 pos\u0142ug\u0119 wype\u0142ni\u0142 <b>w spos\u00f3b \u201ezdalny\u201d\u2026<\/b> Co\u015b nam to przypomina w obecnym czasie, prawda?\u2026 <\/span><\/span><\/span><\/p>\n<p align=\"justify\"><span style=\"color: #000000;\"><span style=\"font-family: Book Antiqua, serif;\"><span style=\"font-size: large;\">A m\u0105dro\u015b\u0107 ojca polega\u0142a na tym, \u017ce \u2013 jak s\u0142yszeli\u015bmy \u2013 <b><i>uwierzy\u0142<\/i> [\u2026] s<i>\u0142owu, kt\u00f3re Jezus powiedzia\u0142 do niego, i szed\u0142 z powrotem.<\/i> <\/b>Czyli, nie zada\u0142 ca\u0142ej masy zb\u0119dnych pyta\u0144, ani te\u017c nie wykaza\u0142 <b>\u017cadnego wahania.<\/b> Nie dopytywa\u0142 Go, na przyk\u0142ad, w stylu: \u201eTo ju\u017c? Tak szybko? Jednym zdaniem?\u2026 A mo\u017ce by\u015b tak poszed\u0142 ze mn\u0105 i zobaczy\u0142 chorego?\u201d\u2026 Nie, urz\u0119dnik uzna\u0142, \u017ce skoro Jezus tak zasadniczo i kr\u00f3tko odpowiedzia\u0142, to znaczy, \u017ce <b>wie, co robi \u2013 i \u017ce tak ma si\u0119 wszystko dokona\u0107.<\/b><\/span><\/span><\/span><\/p>\n<p align=\"justify\"><span style=\"color: #000000;\"><span style=\"font-family: Book Antiqua, serif;\"><span style=\"font-size: large;\">Dlatego i my wierzymy, \u017ce skoro obecn\u0105 sytuacj\u0119 <b>powierzamy Jezusowi w szczerej modlitwie,<\/b> to jest to jedyne s\u0142uszne i skuteczne dzia\u0142anie, jakie mo\u017cemy podj\u0105\u0107 \u2013 poza, oczywi\u015bcie, tymi ludzkimi \u015brodkami ostro\u017cno\u015bci, kt\u00f3re s\u0105 <b>w spos\u00f3b rozumny <\/b>konieczne. Jednak<b> modlitwa \u2013 na pierwszym miejscu.<\/b> I nawr\u00f3cenie. I wielkie zaufanie do Boga, \u017ce On naprawd\u0119 wie, co robi. I \u017ce w ten spos\u00f3b nie niszczy tego naszego \u015bwiata, <b>ale go odnawia. <\/b>A my, je\u017celi prze\u017cyjemy to wszystko w m\u0105dry spos\u00f3b, w \u0142\u0105czno\u015bci z Nim \u2013 tylko na tym skorzystamy.<\/span><\/span><\/span><\/p>\n<p align=\"justify\"><span style=\"color: #000000;\"><span style=\"font-family: Book Antiqua, serif;\"><span style=\"font-size: large;\"><b>Wierzysz w to?\u2026<\/b><\/span><\/span><\/span><\/p>\n","protected":false},"excerpt":{"rendered":"<p>Szcz\u0119\u015b\u0107 Bo\u017ce! Moi Drodzy, zwracam si\u0119 do Was z bardzo wyj\u0105tkow\u0105 pro\u015bb\u0105. Wyrazi\u0142em j\u0105 ju\u017c w odpowiedzi na komentarz Wiesi pod sobotnim moim rozwa\u017caniem. Bo w\u0142a\u015bnie o to sobotnie rozwa\u017canie chodzi. I \u2013 jednocze\u015bnie \u2013 o pi\u0105tkowe s\u0142\u00f3wko Ksi\u0119dza Marka. Ot\u00f3\u017c, je\u017celi zgadzacie si\u0119 z nami \u2013 albo z jednym z nas \u2013 w ocenie [&hellip;]<\/p>\n","protected":false},"author":1,"featured_media":0,"comment_status":"open","ping_status":"open","sticky":false,"template":"","format":"standard","meta":{"jetpack_post_was_ever_published":false,"_jetpack_newsletter_access":"","_jetpack_dont_email_post_to_subs":false,"_jetpack_newsletter_tier_id":0,"_jetpack_memberships_contains_paywalled_content":false,"_jetpack_memberships_contains_paid_content":false,"footnotes":""},"categories":[1],"tags":[],"class_list":["post-16704","post","type-post","status-publish","format-standard","hentry","category-bez-kategorii"],"yoast_head":"<!-- This site is optimized with the Yoast SEO plugin v25.1 - https:\/\/yoast.com\/wordpress\/plugins\/seo\/ -->\n<title>Uwierzy\u0142 cz\u0142owiek S\u0142owu... - Gaudium Et Spes<\/title>\n<meta name=\"robots\" content=\"index, follow, max-snippet:-1, max-image-preview:large, max-video-preview:-1\" \/>\n<link rel=\"canonical\" href=\"https:\/\/gaudiumetspes-blog.pl\/index.php\/2020\/03\/23\/uwierzyl-czlowiek-slowu\/\" \/>\n<meta property=\"og:locale\" content=\"pl_PL\" \/>\n<meta property=\"og:type\" content=\"article\" \/>\n<meta property=\"og:title\" content=\"Uwierzy\u0142 cz\u0142owiek S\u0142owu... - Gaudium Et Spes\" \/>\n<meta property=\"og:description\" content=\"Szcz\u0119\u015b\u0107 Bo\u017ce! Moi Drodzy, zwracam si\u0119 do Was z bardzo wyj\u0105tkow\u0105 pro\u015bb\u0105. Wyrazi\u0142em j\u0105 ju\u017c w odpowiedzi na komentarz Wiesi pod sobotnim moim rozwa\u017caniem. Bo w\u0142a\u015bnie o to sobotnie rozwa\u017canie chodzi. I \u2013 jednocze\u015bnie \u2013 o pi\u0105tkowe s\u0142\u00f3wko Ksi\u0119dza Marka. Ot\u00f3\u017c, je\u017celi zgadzacie si\u0119 z nami \u2013 albo z jednym z nas \u2013 w ocenie [&hellip;]\" \/>\n<meta property=\"og:url\" content=\"https:\/\/gaudiumetspes-blog.pl\/index.php\/2020\/03\/23\/uwierzyl-czlowiek-slowu\/\" \/>\n<meta property=\"og:site_name\" content=\"Gaudium Et Spes\" \/>\n<meta property=\"article:published_time\" content=\"2020-03-23T04:37:17+00:00\" \/>\n<meta property=\"article:modified_time\" content=\"2020-03-23T08:20:46+00:00\" \/>\n<meta name=\"author\" content=\"Ks. Jacek\" \/>\n<meta name=\"twitter:card\" content=\"summary_large_image\" \/>\n<meta name=\"twitter:label1\" content=\"Napisane przez\" \/>\n\t<meta name=\"twitter:data1\" content=\"Ks. Jacek\" \/>\n\t<meta name=\"twitter:label2\" content=\"Szacowany czas czytania\" \/>\n\t<meta name=\"twitter:data2\" content=\"9 minut\" \/>\n<script type=\"application\/ld+json\" class=\"yoast-schema-graph\">{\"@context\":\"https:\/\/schema.org\",\"@graph\":[{\"@type\":\"WebPage\",\"@id\":\"https:\/\/gaudiumetspes-blog.pl\/index.php\/2020\/03\/23\/uwierzyl-czlowiek-slowu\/\",\"url\":\"https:\/\/gaudiumetspes-blog.pl\/index.php\/2020\/03\/23\/uwierzyl-czlowiek-slowu\/\",\"name\":\"Uwierzy\u0142 cz\u0142owiek S\u0142owu... - Gaudium Et Spes\",\"isPartOf\":{\"@id\":\"https:\/\/gaudiumetspes-blog.pl\/#website\"},\"datePublished\":\"2020-03-23T04:37:17+00:00\",\"dateModified\":\"2020-03-23T08:20:46+00:00\",\"author\":{\"@id\":\"https:\/\/gaudiumetspes-blog.pl\/#\/schema\/person\/1661982992b752dea8dff0d4ed845a65\"},\"breadcrumb\":{\"@id\":\"https:\/\/gaudiumetspes-blog.pl\/index.php\/2020\/03\/23\/uwierzyl-czlowiek-slowu\/#breadcrumb\"},\"inLanguage\":\"pl-PL\",\"potentialAction\":[{\"@type\":\"ReadAction\",\"target\":[\"https:\/\/gaudiumetspes-blog.pl\/index.php\/2020\/03\/23\/uwierzyl-czlowiek-slowu\/\"]}]},{\"@type\":\"BreadcrumbList\",\"@id\":\"https:\/\/gaudiumetspes-blog.pl\/index.php\/2020\/03\/23\/uwierzyl-czlowiek-slowu\/#breadcrumb\",\"itemListElement\":[{\"@type\":\"ListItem\",\"position\":1,\"name\":\"Strona g\u0142\u00f3wna\",\"item\":\"https:\/\/gaudiumetspes-blog.pl\/\"},{\"@type\":\"ListItem\",\"position\":2,\"name\":\"Uwierzy\u0142 cz\u0142owiek S\u0142owu&#8230;\"}]},{\"@type\":\"WebSite\",\"@id\":\"https:\/\/gaudiumetspes-blog.pl\/#website\",\"url\":\"https:\/\/gaudiumetspes-blog.pl\/\",\"name\":\"Gaudium Et Spes\",\"description\":\"Blog Ks. Jacka Ja\u015bkowskiego\",\"potentialAction\":[{\"@type\":\"SearchAction\",\"target\":{\"@type\":\"EntryPoint\",\"urlTemplate\":\"https:\/\/gaudiumetspes-blog.pl\/?s={search_term_string}\"},\"query-input\":{\"@type\":\"PropertyValueSpecification\",\"valueRequired\":true,\"valueName\":\"search_term_string\"}}],\"inLanguage\":\"pl-PL\"},{\"@type\":\"Person\",\"@id\":\"https:\/\/gaudiumetspes-blog.pl\/#\/schema\/person\/1661982992b752dea8dff0d4ed845a65\",\"name\":\"Ks. Jacek\",\"image\":{\"@type\":\"ImageObject\",\"inLanguage\":\"pl-PL\",\"@id\":\"https:\/\/gaudiumetspes-blog.pl\/#\/schema\/person\/image\/\",\"url\":\"https:\/\/gaudiumetspes-blog.pl\/wp-content\/uploads\/2019\/07\/avatar-JJ-150x150.jpg\",\"contentUrl\":\"https:\/\/gaudiumetspes-blog.pl\/wp-content\/uploads\/2019\/07\/avatar-JJ-150x150.jpg\",\"caption\":\"Ks. Jacek\"},\"description\":\"Witam serdecznie! K\u0142ania si\u0119 Ks. Jacek Ja\u015bkowski. Nie jestem ani kim\u015b wa\u017cnym, ani kim\u015b znanym. Jestem ksi\u0119dzem, kt\u00f3ry po prostu chce rozmawia\u0107. Codzienna kap\u0142a\u0144ska pos\u0142uga pokazuje mi, \u017ce temat\u00f3w do rozm\u00f3w z ksi\u0119dzem jest coraz wi\u0119cej i dzisiaj \u017caden ksi\u0105dz nie mo\u017ce od nich ucieka\u0107, ale - wprost przeciwnie - podejmowa\u0107 nowe wyzwania. To przekonanie sk\u0142oni\u0142o mnie do pr\u00f3by otwarcia tego\u017c bloga, chocia\u017c okazji do rozm\u00f3w na co dzie\u0144 - w konfesjonale i poza nim - na szcz\u0119\u015bcie nie brakuje. My\u015bl\u0119 jednak, \u017ce ten blog b\u0119dzie jeszcze jednym sposobem i przestrzeni\u0105 nawi\u0105zania kontaktu z lud\u017ami dobrej woli, otwartymi na dialog.\",\"url\":\"https:\/\/gaudiumetspes-blog.pl\/index.php\/author\/ks-jacek\/\"}]}<\/script>\n<!-- \/ Yoast SEO plugin. -->","yoast_head_json":{"title":"Uwierzy\u0142 cz\u0142owiek S\u0142owu... - Gaudium Et Spes","robots":{"index":"index","follow":"follow","max-snippet":"max-snippet:-1","max-image-preview":"max-image-preview:large","max-video-preview":"max-video-preview:-1"},"canonical":"https:\/\/gaudiumetspes-blog.pl\/index.php\/2020\/03\/23\/uwierzyl-czlowiek-slowu\/","og_locale":"pl_PL","og_type":"article","og_title":"Uwierzy\u0142 cz\u0142owiek S\u0142owu... - Gaudium Et Spes","og_description":"Szcz\u0119\u015b\u0107 Bo\u017ce! Moi Drodzy, zwracam si\u0119 do Was z bardzo wyj\u0105tkow\u0105 pro\u015bb\u0105. Wyrazi\u0142em j\u0105 ju\u017c w odpowiedzi na komentarz Wiesi pod sobotnim moim rozwa\u017caniem. Bo w\u0142a\u015bnie o to sobotnie rozwa\u017canie chodzi. I \u2013 jednocze\u015bnie \u2013 o pi\u0105tkowe s\u0142\u00f3wko Ksi\u0119dza Marka. Ot\u00f3\u017c, je\u017celi zgadzacie si\u0119 z nami \u2013 albo z jednym z nas \u2013 w ocenie [&hellip;]","og_url":"https:\/\/gaudiumetspes-blog.pl\/index.php\/2020\/03\/23\/uwierzyl-czlowiek-slowu\/","og_site_name":"Gaudium Et Spes","article_published_time":"2020-03-23T04:37:17+00:00","article_modified_time":"2020-03-23T08:20:46+00:00","author":"Ks. Jacek","twitter_card":"summary_large_image","twitter_misc":{"Napisane przez":"Ks. Jacek","Szacowany czas czytania":"9 minut"},"schema":{"@context":"https:\/\/schema.org","@graph":[{"@type":"WebPage","@id":"https:\/\/gaudiumetspes-blog.pl\/index.php\/2020\/03\/23\/uwierzyl-czlowiek-slowu\/","url":"https:\/\/gaudiumetspes-blog.pl\/index.php\/2020\/03\/23\/uwierzyl-czlowiek-slowu\/","name":"Uwierzy\u0142 cz\u0142owiek S\u0142owu... - Gaudium Et Spes","isPartOf":{"@id":"https:\/\/gaudiumetspes-blog.pl\/#website"},"datePublished":"2020-03-23T04:37:17+00:00","dateModified":"2020-03-23T08:20:46+00:00","author":{"@id":"https:\/\/gaudiumetspes-blog.pl\/#\/schema\/person\/1661982992b752dea8dff0d4ed845a65"},"breadcrumb":{"@id":"https:\/\/gaudiumetspes-blog.pl\/index.php\/2020\/03\/23\/uwierzyl-czlowiek-slowu\/#breadcrumb"},"inLanguage":"pl-PL","potentialAction":[{"@type":"ReadAction","target":["https:\/\/gaudiumetspes-blog.pl\/index.php\/2020\/03\/23\/uwierzyl-czlowiek-slowu\/"]}]},{"@type":"BreadcrumbList","@id":"https:\/\/gaudiumetspes-blog.pl\/index.php\/2020\/03\/23\/uwierzyl-czlowiek-slowu\/#breadcrumb","itemListElement":[{"@type":"ListItem","position":1,"name":"Strona g\u0142\u00f3wna","item":"https:\/\/gaudiumetspes-blog.pl\/"},{"@type":"ListItem","position":2,"name":"Uwierzy\u0142 cz\u0142owiek S\u0142owu&#8230;"}]},{"@type":"WebSite","@id":"https:\/\/gaudiumetspes-blog.pl\/#website","url":"https:\/\/gaudiumetspes-blog.pl\/","name":"Gaudium Et Spes","description":"Blog Ks. Jacka Ja\u015bkowskiego","potentialAction":[{"@type":"SearchAction","target":{"@type":"EntryPoint","urlTemplate":"https:\/\/gaudiumetspes-blog.pl\/?s={search_term_string}"},"query-input":{"@type":"PropertyValueSpecification","valueRequired":true,"valueName":"search_term_string"}}],"inLanguage":"pl-PL"},{"@type":"Person","@id":"https:\/\/gaudiumetspes-blog.pl\/#\/schema\/person\/1661982992b752dea8dff0d4ed845a65","name":"Ks. Jacek","image":{"@type":"ImageObject","inLanguage":"pl-PL","@id":"https:\/\/gaudiumetspes-blog.pl\/#\/schema\/person\/image\/","url":"https:\/\/gaudiumetspes-blog.pl\/wp-content\/uploads\/2019\/07\/avatar-JJ-150x150.jpg","contentUrl":"https:\/\/gaudiumetspes-blog.pl\/wp-content\/uploads\/2019\/07\/avatar-JJ-150x150.jpg","caption":"Ks. Jacek"},"description":"Witam serdecznie! K\u0142ania si\u0119 Ks. Jacek Ja\u015bkowski. Nie jestem ani kim\u015b wa\u017cnym, ani kim\u015b znanym. Jestem ksi\u0119dzem, kt\u00f3ry po prostu chce rozmawia\u0107. Codzienna kap\u0142a\u0144ska pos\u0142uga pokazuje mi, \u017ce temat\u00f3w do rozm\u00f3w z ksi\u0119dzem jest coraz wi\u0119cej i dzisiaj \u017caden ksi\u0105dz nie mo\u017ce od nich ucieka\u0107, ale - wprost przeciwnie - podejmowa\u0107 nowe wyzwania. To przekonanie sk\u0142oni\u0142o mnie do pr\u00f3by otwarcia tego\u017c bloga, chocia\u017c okazji do rozm\u00f3w na co dzie\u0144 - w konfesjonale i poza nim - na szcz\u0119\u015bcie nie brakuje. My\u015bl\u0119 jednak, \u017ce ten blog b\u0119dzie jeszcze jednym sposobem i przestrzeni\u0105 nawi\u0105zania kontaktu z lud\u017ami dobrej woli, otwartymi na dialog.","url":"https:\/\/gaudiumetspes-blog.pl\/index.php\/author\/ks-jacek\/"}]}},"jetpack_featured_media_url":"","jetpack_sharing_enabled":true,"_links":{"self":[{"href":"https:\/\/gaudiumetspes-blog.pl\/index.php\/wp-json\/wp\/v2\/posts\/16704","targetHints":{"allow":["GET"]}}],"collection":[{"href":"https:\/\/gaudiumetspes-blog.pl\/index.php\/wp-json\/wp\/v2\/posts"}],"about":[{"href":"https:\/\/gaudiumetspes-blog.pl\/index.php\/wp-json\/wp\/v2\/types\/post"}],"author":[{"embeddable":true,"href":"https:\/\/gaudiumetspes-blog.pl\/index.php\/wp-json\/wp\/v2\/users\/1"}],"replies":[{"embeddable":true,"href":"https:\/\/gaudiumetspes-blog.pl\/index.php\/wp-json\/wp\/v2\/comments?post=16704"}],"version-history":[{"count":3,"href":"https:\/\/gaudiumetspes-blog.pl\/index.php\/wp-json\/wp\/v2\/posts\/16704\/revisions"}],"predecessor-version":[{"id":16709,"href":"https:\/\/gaudiumetspes-blog.pl\/index.php\/wp-json\/wp\/v2\/posts\/16704\/revisions\/16709"}],"wp:attachment":[{"href":"https:\/\/gaudiumetspes-blog.pl\/index.php\/wp-json\/wp\/v2\/media?parent=16704"}],"wp:term":[{"taxonomy":"category","embeddable":true,"href":"https:\/\/gaudiumetspes-blog.pl\/index.php\/wp-json\/wp\/v2\/categories?post=16704"},{"taxonomy":"post_tag","embeddable":true,"href":"https:\/\/gaudiumetspes-blog.pl\/index.php\/wp-json\/wp\/v2\/tags?post=16704"}],"curies":[{"name":"wp","href":"https:\/\/api.w.org\/{rel}","templated":true}]}}