{"id":16742,"date":"2020-03-28T07:16:07","date_gmt":"2020-03-28T06:16:07","guid":{"rendered":"https:\/\/gaudiumetspes-blog.pl\/?p=16742"},"modified":"2020-03-28T07:17:57","modified_gmt":"2020-03-28T06:17:57","slug":"albowiem-tobie-powierzam-moja-sprawe","status":"publish","type":"post","link":"https:\/\/gaudiumetspes-blog.pl\/index.php\/2020\/03\/28\/albowiem-tobie-powierzam-moja-sprawe\/","title":{"rendered":"Albowiem Tobie powierzam moj\u0105 spraw\u0119&#8230;"},"content":{"rendered":"<p align=\"justify\"><span style=\"color: #000000;\"><span style=\"font-family: Book Antiqua, serif;\"><span style=\"font-size: large;\">Szcz\u0119\u015b\u0107 Bo\u017ce! Moi Drodzy, <b>w dniu wczorajszym urodziny prze\u017cywa\u0142a Aleksandra Szel\u0105g, nale\u017c\u0105ca w swoim czasie do Wsp\u00f3lnoty m\u0142odzie\u017cowej w Celestynowie. Niech Jej Pan b\u0142ogos\u0142awi i prowadzi przez \u017cycie! Zapewniam o modlitwie!<\/b><\/span><\/span><\/span><\/p>\n<p align=\"justify\"><span style=\"color: #000000;\"><span style=\"font-family: Book Antiqua, serif;\"><span style=\"font-size: large;\">A Ksi\u0119dzu Markowi wielkie dzi\u0119ki za wczorajsze s\u0142\u00f3wko z Syberii i kolejn\u0105, pot\u0119\u017cn\u0105 dawk\u0119 nadziei! Wielkie dzi\u0119ki za kolejne pokierowanie naszego spojrzenia i my\u015blenia na w\u0142a\u015bciwe tory. Czyli na t\u0119 drog\u0119, po kt\u00f3rej \u2013 w obliczu zaistnia\u0142ej sytuacji \u2013 powinien i\u015b\u0107 cz\u0142owiek wierz\u0105cy, przyjaciel Jezusa! Nawet, je\u017celi prze\u017cywa ludzkie obawy\u2026 <\/span><\/span><\/span><\/p>\n<p align=\"justify\"><span style=\"color: #000000;\"><span style=\"font-family: Book Antiqua, serif;\"><span style=\"font-size: large;\">My\u015bl\u0119, \u017ce wszyscy razem dzi\u0119kujemy \u2013 za mocn\u0105 dawk\u0119 nadziei i wiary \u2013 tak\u017ce Ojcu \u015awi\u0119temu, kt\u00f3ry wczoraj zjednoczy\u0142 nas we wsp\u00f3lnej modlitwie i mocno podtrzyma\u0142 na duchu: zar\u00f3wno s\u0142owem Bo\u017cym, jak i b\u0142ogos\u0142awie\u0144stwem Urbi et Orbi. Niech Pan wys\u0142ucha naszych modlitw <b>i da nam prze\u017cy\u0107 \u015awi\u0119ta Paschalne w rado\u015bci! <\/b>Niech pot\u0119\u017cnie zatriumfuje, aby ju\u017c nikt nie mia\u0142 \u017cadnych w\u0105tpliwo\u015bci, \u017ce <b>tylko On jest Panem czasu i historii!<\/b><\/span><\/span><\/span><\/p>\n<p align=\"justify\"><span style=\"color: #000000;\"><span style=\"font-family: Book Antiqua, serif;\"><span style=\"font-size: large;\">Zapraszam Wszystkich \u2013 w rozwa\u017caniu \u2013 do przebycia raz jeszcze tej drogi modlitwy i refleksji, kt\u00f3r\u0105 wczoraj poprowadzi\u0142 nas Ojciec \u015awi\u0119ty Franciszek.<\/span><\/span><\/span><\/p>\n<p align=\"center\"><span style=\"color: #000000;\"><span style=\"font-family: Book Antiqua, serif;\"><span style=\"font-size: large;\">Gaudium et spes! Ks. Jacek<\/span><\/span><\/span><\/p>\n<p align=\"center\">\n<p align=\"center\">\n<p align=\"center\">\n<p align=\"center\">\n<p align=\"center\">\n<p align=\"justify\"><span style=\"color: #000000;\"><span style=\"font-family: Book Antiqua, serif;\"><span style=\"font-size: large;\"><b>Sobota 4 Tygodnia Wielkiego Postu,<\/b><\/span><\/span><\/span><\/p>\n<p align=\"justify\"><span style=\"color: #000000;\"><span style=\"font-family: Book Antiqua, serif;\"><span style=\"font-size: large;\"><b>28 marca 2020.,<\/b><\/span><\/span><\/span><\/p>\n<p align=\"justify\"><span style=\"color: #000000;\"><span style=\"font-family: Book Antiqua, serif;\"><span style=\"font-size: large;\"><b>do czyta\u0144: Jr 11,18\u201320; J 7,40\u201353<\/b><\/span><\/span><\/span><\/p>\n<p align=\"justify\">\n<p align=\"justify\">\n<p align=\"justify\">\n<p align=\"justify\">\n<p align=\"justify\">\n<p align=\"justify\"><span style=\"color: #000000;\"><span style=\"font-family: Book Antiqua, serif;\"><span style=\"font-size: large;\"><b>CZYTANIE Z KSI\u0118GI PROROKA JEREMIASZA: <\/b><\/span><\/span><\/span><\/p>\n<p align=\"justify\"><span style=\"color: #000000;\"><span style=\"font-family: Book Antiqua, serif;\"><span style=\"font-size: large;\"><b>Pan mnie pouczy\u0142 i dowiedzia\u0142em si\u0119; wtedy przejrza\u0142em ich post\u0119pki. <\/b><\/span><\/span><\/span><\/p>\n<p align=\"justify\"><span style=\"color: #000000;\"><span style=\"font-family: Book Antiqua, serif;\"><span style=\"font-size: large;\"><b>Ja za\u015b jak baranek oswojony, kt\u00f3rego prowadz\u0105 na rze\u017a, nie wiedzia\u0142em, \u017ce powzi\u0119li przeciw mnie zgubne plany: \u201eZniszczmy drzewo wraz z jego moc\u0105, zg\u0142ad\u017amy go z ziemi \u017cyj\u0105cych, a jego imienia niech ju\u017c nikt nie wspomina!\u201d <\/b><\/span><\/span><\/span><\/p>\n<p align=\"justify\"><span style=\"color: #000000;\"><span style=\"font-family: Book Antiqua, serif;\"><span style=\"font-size: large;\"><b>Lecz Pan Zast\u0119p\u00f3w jest sprawiedliwym s\u0119dzi\u0105, bada sumienie i serce. Chcia\u0142bym zobaczy\u0107 Twoj\u0105 zemst\u0119 nad nimi, albowiem Tobie powierzam swoj\u0105 spraw\u0119.<\/b><\/span><\/span><\/span><\/p>\n<p align=\"justify\">\n<p align=\"justify\">\n<p align=\"justify\">\n<p align=\"justify\">\n<p align=\"justify\">\n<p align=\"justify\"><span style=\"color: #000000;\"><span style=\"font-family: Book Antiqua, serif;\"><span style=\"font-size: large;\"><b>S\u0141OWA EWANGELII WED\u0141UG \u015aWI\u0118TEGO JANA: <\/b><\/span><\/span><\/span><\/p>\n<p align=\"justify\"><span style=\"color: #000000;\"><span style=\"font-family: Book Antiqua, serif;\"><span style=\"font-size: large;\"><b>W\u015br\u00f3d t\u0142um\u00f3w s\u0142uchaj\u0105cych Jezusa odezwa\u0142y si\u0119 g\u0142osy: \u201eTen prawdziwie jest prorokiem\u201d. Inni m\u00f3wili: \u201eTo jest Mesjasz\u201d. Jeszcze inni m\u00f3wili: \u201eCzy\u017c Mesjasz przyjdzie z Galilei? Czy\u017c Pismo nie m\u00f3wi, \u017ce Mesjasz b\u0119dzie pochodzi\u0142 z potomstwa Dawidowego i z miasteczka Betlejem?\u201d I powsta\u0142o w t\u0142umie rozdwojenie z Jego powodu. Niekt\u00f3rzy chcieli Go nawet pojma\u0107, lecz nikt nie odwa\u017cy\u0142 si\u0119 podnie\u015b\u0107 na Niego r\u0119ki. <\/b><\/span><\/span><\/span><\/p>\n<p align=\"justify\"><span style=\"color: #000000;\"><span style=\"font-family: Book Antiqua, serif;\"><span style=\"font-size: large;\"><b>Wr\u00f3cili wi\u0119c stra\u017cnicy do kap\u0142an\u00f3w i faryzeusz\u00f3w, a ci rzekli do nich: \u201eCzemu\u015bcie Go nie pojmali?\u201d <\/b><\/span><\/span><\/span><\/p>\n<p align=\"justify\"><span style=\"color: #000000;\"><span style=\"font-family: Book Antiqua, serif;\"><span style=\"font-size: large;\"><b>Stra\u017cnicy odpowiedzieli: \u201eNigdy jeszcze nikt nie przemawia\u0142 tak, jak Ten cz\u0142owiek przemawia\u201d. <\/b><\/span><\/span><\/span><\/p>\n<p align=\"justify\"><span style=\"color: #000000;\"><span style=\"font-family: Book Antiqua, serif;\"><span style=\"font-size: large;\"><b>Odpowiedzieli im faryzeusze: \u201eCzy\u017c i wy dali\u015bcie si\u0119 zwie\u015b\u0107? Czy kto\u015b ze zwierzchnik\u00f3w lub faryzeusz\u00f3w uwierzy\u0142 w Niego? A ten t\u0142um, kt\u00f3ry nie zna Prawa, jest przekl\u0119ty\u201d. <\/b><\/span><\/span><\/span><\/p>\n<p align=\"justify\"><span style=\"color: #000000;\"><span style=\"font-family: Book Antiqua, serif;\"><span style=\"font-size: large;\"><b>Odezwa\u0142 si\u0119 do nich jeden spo\u015br\u00f3d nich, Nikodem, ten, kt\u00f3ry przedtem przyszed\u0142 do Niego: \u201eCzy Prawo nasze pot\u0119pia cz\u0142owieka, zanim go wpierw przes\u0142ucha i zbada, co czyni?\u201d <\/b><\/span><\/span><\/span><\/p>\n<p align=\"justify\"><span style=\"color: #000000;\"><span style=\"font-family: Book Antiqua, serif;\"><span style=\"font-size: large;\"><b>Odpowiedzieli mu: \u201eCzy i ty jeste\u015b z Galilei? Zbadaj, zobacz, \u017ce \u017caden prorok nie powstaje z Galilei\u201d. <\/b><\/span><\/span><\/span><\/p>\n<p align=\"justify\"><span style=\"color: #000000;\"><span style=\"font-family: Book Antiqua, serif;\"><span style=\"font-size: large;\"><b>I rozeszli si\u0119 ka\u017cdy do swego domu.<\/b><\/span><\/span><\/span><\/p>\n<p align=\"justify\">\n<p align=\"justify\">\n<p align=\"justify\">\n<p align=\"justify\">\n<p align=\"justify\">\n<p align=\"justify\"><span style=\"color: #000000;\"><span style=\"font-family: Book Antiqua, serif;\"><span style=\"font-size: large;\">Jak wielkie kontrowersje wywo\u0142ywa\u0142a osoba Jezusa w\u015br\u00f3d ludzi Jemu wsp\u00f3\u0142czesnych! Fragment Ewangelii Janowej, kt\u00f3rego wys\u0142uchali\u015bmy, dobrze to oddaje. <i><b>W\u015br\u00f3d t\u0142um\u00f3w s\u0142uchaj\u0105cych Jezusa odezwa\u0142y si\u0119 g\u0142osy: \u201eTen prawdziwie jest prorokiem\u201d. Inni m\u00f3wili: \u201eTo jest Mesjasz\u201d. Jeszcze inni m\u00f3wili: \u201eCzy\u017c Mesjasz przyjdzie z Galilei? Czy\u017c Pismo nie m\u00f3wi, \u017ce Mesjasz b\u0119dzie pochodzi\u0142 z potomstwa Dawidowego i z miasteczka Betlejem?\u201d I powsta\u0142o w t\u0142umie rozdwojenie z Jego powodu. <\/b><\/i><\/span><\/span><\/span><\/p>\n<p align=\"justify\"><span style=\"color: #000000;\"><span style=\"font-family: Book Antiqua, serif;\"><span style=\"font-size: large;\">To rozdwojenie \u2013 a mo\u017ce nie tylko rozdwojenie \u2013 ma miejsce <b>tak\u017ce dzi\u015b, <\/b>bo wobec Jezusa ludzie wszystkich czas\u00f3w musieli i tak\u017ce dzisiaj musz\u0105 si\u0119 okre\u015bli\u0107: <b>za \u2013 lub przeciw. <\/b>Niestety, przez dwa tysi\u0105ce lat ta odpowied\u017a \u015bwiata by\u0142a bardzo cz\u0119sto \u2013 a dzisiaj jeszcze cz\u0119\u015bciej jest \u2013 <b>odpowiedzi\u0105 na \u201enie\u201d,<\/b> bo chrze\u015bcija\u0144stwo <b>by\u0142o i jest prze\u015bladowane.<\/b> Wielu wierz\u0105cych w Chrystusa mo\u017ce powt\u00f3rzy\u0107 s\u0142owa Proroka Jeremiasza z dzisiejszego czytania \u2013 b\u0119d\u0105ce tak\u017ce, w jakim\u015b sensie, s\u0142owami Jezusa: <i><b>Ja za\u015b jak baranek oswojony, kt\u00f3rego prowadz\u0105 na rze\u017a, nie wiedzia\u0142em, \u017ce powzi\u0119li przeciw mnie zgubne plany: \u201eZniszczmy drzewo wraz z jego moc\u0105, zg\u0142ad\u017amy go z ziemi \u017cyj\u0105cych, a jego imienia niech ju\u017c nikt nie wspomina!\u201d<\/b><\/i><b> <\/b><\/span><\/span><\/span><\/p>\n<p align=\"justify\"><span style=\"color: #000000;\"><span style=\"font-family: Book Antiqua, serif;\"><span style=\"font-size: large;\">A przecie\u017c, ten fakt <b>nie spowodowa\u0142 rozpadu Ko\u015bcio\u0142a,<\/b> ani jego zniszczenia \u2013 wprost przeciwnie, cierpienia i prze\u015bladowania <b>zawsze go wzmacnia\u0142y. <\/b>W obliczu trudno\u015bci bowiem i przeciwno\u015bci, uczniowie Pana tym bardziej <b>zwracali si\u0119 ku swemu Mistrzowi, <\/b>z Nim si\u0119 jednoczyli, u Niego szukali pomocy. A On okazywa\u0142 \u2013 i wci\u0105\u017c okazuje \u2013 <b>swoj\u0105 zwyci\u0119sk\u0105 moc.<\/b> Tak\u017ce w dzisiejszej Ewangelii, naszej uwadze nie mo\u017ce uj\u015b\u0107 zdanie: <i><b>Niekt\u00f3rzy chcieli Go nawet pojma\u0107, lecz nikt nie odwa\u017cy\u0142 si\u0119 podnie\u015b\u0107 na Niego r\u0119ki.<\/b><\/i><b> <\/b><\/span><\/span><\/span><\/p>\n<p align=\"justify\"><span style=\"color: #000000;\"><span style=\"font-family: Book Antiqua, serif;\"><span style=\"font-size: large;\">Jak wspomnia\u0142 wczoraj Ksi\u0105dz Marek, Jezus ca\u0142y czas by\u0142 Panem sytuacji, <b>przeciwnicy nic Mu nie mogli zrobi\u0107<\/b> i dzisiaj nie mog\u0105. I tak\u017ce ten przeciwnik ludzko\u015bci \u2013 mikroskopijnych rozmiar\u00f3w, a przecie\u017c tak bardzo niszcz\u0105cy \u2013 czyli <b>wirus, nie pozostaje poza moc\u0105 Jezusa.<\/b> Bo Jezus nigdy swoich uczni\u00f3w i przyjaci\u00f3\u0142 nie pozostawia samymi! Nigdy! Chocia\u017c mo\u017ce si\u0119 wydawa\u0107, \u017ce jest inaczej. Kto ufa Panu, kto si\u0119 Go trzyma ca\u0142ym sercem \u2013 <b>nigdy nie zostanie pokonany, nigdy te\u017c si\u0119 nie zawiedzie!<\/b><\/span><\/span><\/span><\/p>\n<p align=\"justify\"><span style=\"color: #000000;\"><span style=\"font-family: Book Antiqua, serif;\"><span style=\"font-size: large;\">Wczoraj, na pustym Placu \u015awi\u0119tego Piotra, na kt\u00f3rym jednak \u2013 chyba nie tylko dzi\u0119ki transmisjom telewizyjnym \u2013 by\u0142 tak naprawd\u0119 ca\u0142y \u015bwiat, Ojciec \u015awi\u0119ty Franciszek <b>oddawa\u0142 nas wszystkich Jezusowi<\/b> i wzywa\u0142 nad nami Jego b\u0142ogos\u0142awie\u0144stwa. I przekonywa\u0142, by\u015bmy <b>naprawd\u0119 uwierzyli<\/b> w Jego moc. Zapewne, wielu z nas tak\u017ce tam sercem wczoraj by\u0142o. Ja by\u0142em. <\/span><\/span><\/span><\/p>\n<p align=\"justify\"><span style=\"color: #000000;\"><span style=\"font-family: Book Antiqua, serif;\"><span style=\"font-size: large;\">I dlatego chcia\u0142bym bardzo, aby\u015bmy raz jeszcze \u2013 wraz z Ojcem \u015awi\u0119tym \u2013 przemedytowali t\u0119 jak\u017ce wa\u017cn\u0105 <b>spraw\u0119 nadziei, <\/b>kt\u00f3ra p\u0142ynie do nas z faktu <b>obecno\u015bci w naszym \u017cyciu Jezusa.<\/b> Przejd\u017amy raz jeszcze \u2013 wraz z Ojcem \u015awi\u0119tym \u2013 t\u0119 drog\u0119 refleksji i modlitwy. Nawet, je\u017celi oka\u017cemy si\u0119 <b>tylko cz\u0105stk\u0105 ludzko\u015bci,<\/b> dotkni\u0119tej tym nieszcz\u0119\u015bciem \u2013 bo wiemy, \u017ce wielu ludzi jeszcze nie odnosi tego, co si\u0119 dzieje, do Boga <b>i nie zgina przed Nim kolan, <\/b>pr\u00f3buj\u0105c sobie radzi\u0107 po swojemu \u2013 to jednak prosimy, aby <b>wejrza\u0142 On na b\u0142aganie tej cz\u0105stki,<\/b> tych biblijnych <b>\u00ab<\/b><b>dziesi\u0119ciu sprawiedliwych<\/b><b>\u00bb<\/b><b>,<\/b> o kt\u00f3rych Abraham kiedy\u015b si\u0119 z Nim targowa\u0142\u2026 Wierzymy, \u017ce nas jest wi\u0119cej \u2013 nawet, je\u017celi do naszych ko\u015bcio\u0142\u00f3w nie mo\u017ce wej\u015b\u0107 wi\u0119cej, jak pi\u0119cioro\u2026 <\/span><\/span><\/span><\/p>\n<p align=\"justify\"><span style=\"color: #000000;\"><span style=\"font-family: Book Antiqua, serif;\"><span style=\"font-size: large;\">Zatem, jako ci, kt\u00f3rzy g\u0142\u0119boko ufaj\u0105, \u017ce w r\u0119ku Pana jest ca\u0142a moc i pot\u0119ga, i to <b>On \u2013 i tylko On \u2013 zadecyduje, kiedy mo\u017ce to nieszcz\u0119\u015bcie usta\u0107<\/b> i jak b\u0119dziemy prze\u017cywa\u0107 \u015awi\u0119ta Paschalne, raz jeszcze przejd\u017amy drog\u0119 refleksji i modlitwy, kt\u00f3r\u0105 poprowadzi\u0142 nas wczoraj Ojciec \u015awi\u0119ty Franciszek.<\/span><\/span><\/span><\/p>\n<p align=\"justify\">\n<p align=\"justify\">\n<p align=\"justify\">\n<p align=\"justify\">\n<p align=\"justify\">\n<p align=\"justify\"><span style=\"color: #000000;\"><span style=\"font-family: Book Antiqua, serif;\"><span style=\"font-size: large;\">Oto s\u0142owa Jego wczorajszej medytacji:<\/span><\/span><\/span><\/p>\n<p align=\"justify\">\n<p align=\"justify\">\n<p align=\"justify\">\n<p align=\"justify\">\n<p align=\"justify\">\n<p align=\"justify\"><span style=\"color: #000000;\"><span style=\"font-family: Book Antiqua, serif;\"><span style=\"font-size: large;\"><i><b>G<\/b><\/i><i><b>dy zapad\u0142 wiecz\u00f3r.<\/b><\/i> Tak zaczyna si\u0119 us\u0142yszana przez nas Ewangelia. Od tygodni wydaje si\u0119, i\u017c zapad\u0142 wiecz\u00f3r. Na naszych placach, ulicach i miastach <b>zebra\u0142y si\u0119 g\u0119ste ciemno\u015bci; <\/b>ogarn\u0119\u0142y nasze \u017cycie, wype\u0142niaj\u0105c wszystko og\u0142uszaj\u0105c\u0105 cisz\u0105 i pos\u0119pn\u0105 pustk\u0105, kt\u00f3ra parali\u017cuje wszystko na swej drodze. Czuje si\u0119 je w powietrzu, dostrzega w gestach, m\u00f3wi\u0105 o tym spojrzenia. <b>Przestraszyli\u015bmy si\u0119 i zagubili\u015bmy.<\/b> Podobnie jak uczni\u00f3w z Ewangelii ogarn\u0119\u0142a nas niespodziewana i gwa\u0142towna burza. <\/span><\/span><\/span><\/p>\n<p align=\"justify\"><span style=\"color: #000000;\"><span style=\"font-family: Book Antiqua, serif;\"><span style=\"font-size: large;\">U\u015bwiadomili\u015bmy sobie, \u017ce jeste\u015bmy w tej samej \u0142odzi, wszyscy<b> s\u0142abi i zdezorientowani, ale jednocze\u015bnie wa\u017cni,<\/b> wszyscy wezwani do wios\u0142owania razem, wszyscy potrzebuj\u0105cy, by <b>pociesza\u0107 si\u0119 nawzajem. <\/b>Na tej \u0142odzi\u2026 jeste\u015bmy wszyscy. Tak jak ci uczniowie, kt\u00f3rzy m\u00f3wi\u0105 jednym g\u0142osem i wo\u0142aj\u0105 w udr\u0119ce: <i><b>G<\/b><\/i><i><b>iniemy!,<\/b><\/i> tak i my zdali\u015bmy sobie spraw\u0119, \u017ce nie mo\u017cemy i\u015b\u0107 naprz\u00f3d ka\u017cdy na w\u0142asn\u0105 r\u0119k\u0119, ale jedynie razem.<\/span><\/span><\/span><\/p>\n<p align=\"justify\"><span style=\"color: #000000;\"><span style=\"font-family: Book Antiqua, serif;\"><span style=\"font-size: large;\">\u0141atwo odnale\u017a\u0107 si\u0119 w tym opisie. Trudno zrozumie\u0107 postaw\u0119 Jezusa. Podczas, gdy uczniowie s\u0105 <b>naturalnie zaniepokojeni i zrozpaczeni, <\/b>On przebywa na rufie, w tej cz\u0119\u015bci \u0142odzi, kt\u00f3ra idzie na dno jako pierwsza. I co czyni? <b>Mimo rozgardiaszu, \u015bpi spokojnie, ufaj\u0105c Ojcu<\/b> \u2013 tylko w\u00f3wczas widzimy w Ewangelii Jezusa \u015bpi\u0105cego. Kiedy nast\u0119pnie zosta\u0142 zbudzony, uciszywszy wiatr i wody, zwr\u00f3ci\u0142 si\u0119 do uczni\u00f3w z odcieniem wyrzutu: <i><b>Czemu tak boja\u017aliwi jeste\u015bcie? Jak\u017ce wam brak wiary?<\/b><\/i><\/span><\/span><\/span><\/p>\n<p align=\"justify\"><span style=\"color: #000000;\"><span style=\"font-family: Book Antiqua, serif;\"><span style=\"font-size: large;\">Postarajmy si\u0119 to zrozumie\u0107. Na czym polega brak wiary uczni\u00f3w, w odr\u00f3\u017cnieniu od ufno\u015bci Jezusa? <b>Oni nie przestali w Niego wierzy\u0107,<\/b> istotnie, wzywaj\u0105 Go. Ale zobaczmy, jak Go wzywaj\u0105: <i><b>Nauczycielu, nic Ci\u0119 to nie obchodzi, \u017ce giniemy?<\/b><\/i> Nie obchodzi Ci\u0119 to: my\u015bl\u0105, \u017ce Jezus si\u0119 nimi nie interesuje, \u017ce si\u0119 o nich nie troszczy. W\u015br\u00f3d nas, w naszych rodzinach, jedn\u0105 z rzeczy, kt\u00f3ra boli najbardziej jest to, kiedy s\u0142yszymy: <b>Czy tobie na mnie nie zale\u017cy?<\/b> To zdanie boli i rozp\u0119tuje burze w sercach. Musia\u0142o te\u017c wstrz\u0105sn\u0105\u0107 Jezusem. Bo <b>nikomu nie zale\u017cy na nas bardziej, ni\u017c Jemu. <\/b>Istotnie, kiedy zosta\u0142 wezwany, natychmiast ocali\u0142 swoich za\u0142amanych uczni\u00f3w.<\/span><\/span><\/span><\/p>\n<p align=\"justify\"><span style=\"color: #000000;\"><span style=\"font-family: Book Antiqua, serif;\"><span style=\"font-size: large;\"><b>Burza ods\u0142ania nasz\u0105 bezradno\u015b\u0107<\/b> i odkrywa te <b>fa\u0142szywe i niepotrzebne pewniki,<\/b> z jakimi zbudowali\u015bmy nasze programy dzia\u0142ania, nasze plany, nasze nawyki i priorytety. Pokazuje nam, <b>jak u\u015bpili\u015bmy i porzucili\u015bmy<\/b> to, co karmi, podtrzymuje i daje si\u0142\u0119 naszemu \u017cyciu i naszej wsp\u00f3lnocie. Burza ods\u0142ania wszystkie plany <b>\u201ezapakowania\u201d i zapominania<\/b> o tym, co karmi\u0142o dusze naszych narod\u00f3w; wszystkie te pr\u00f3by znieczulenia <b>pozornie \u201ezbawczymi\u201d nawykami,<\/b> niezdolnymi do odwo\u0142ywania si\u0119 do naszych korzeni i przywo\u0142ywania pami\u0119ci naszych starszych, <b>pozbawiaj\u0105c nas tym samym odporno\u015bci, <\/b>niezb\u0119dnej do stawienia czo\u0142a przeciwno\u015bciom losu.<\/span><\/span><\/span><\/p>\n<p align=\"justify\"><span style=\"color: #000000;\"><span style=\"font-family: Book Antiqua, serif;\"><span style=\"font-size: large;\">Wraz z burz\u0105 <b>opad\u0142a maska tych stereotyp\u00f3w,<\/b> za pomoc\u0105 kt\u00f3rych ukrywali\u015bmy nasze \u201eego\u201d, stale si\u0119 martwi\u0105c o w\u0142asny obraz. Po raz kolejny odkryto t\u0119 b\u0142ogos\u0142awion\u0105 wsp\u00f3ln\u0105 przynale\u017cno\u015b\u0107, od kt\u00f3rej nie mo\u017cemy uciec: <b>przynale\u017cno\u015b\u0107 jako braci.<\/b><\/span><\/span><\/span><\/p>\n<p align=\"justify\"><span style=\"color: #000000;\"><span style=\"font-family: Book Antiqua, serif;\"><span style=\"font-size: large;\"><i><b>Czemu tak boja\u017aliwi jeste\u015bcie? Jak\u017ce wam brak wiary? <\/b><\/i>Panie, dzi\u015b wieczorem Twoje s\u0142owo uderza i dotyka nas wszystkich. W tym <b>naszym \u015bwiecie, kt\u00f3ry kochasz bardziej, ni\u017c my,<\/b> ruszyli\u015bmy naprz\u00f3d na pe\u0142nych obrotach, czuj\u0105c si\u0119 <b>silnymi i zdolnymi w ka\u017cdej dziedzinie. <\/b>Chciwi zysku, dali\u015bmy si\u0119 poch\u0142on\u0105\u0107 rzeczom i oszo\u0142omi\u0107 po\u015bpiechem. <b>Nie zatrzymali\u015bmy si\u0119 wobec Twoich wezwa\u0144, <\/b>nie obudzili\u015bmy si\u0119 w obliczu wojen i planetarnych niesprawiedliwo\u015bci, nie s\u0142uchali\u015bmy wo\u0142ania ubogich i naszej powa\u017cnie chorej planety. <b>Nadal byli\u015bmy niewzruszeni, <\/b>my\u015bl\u0105c, \u017ce zawsze b\u0119dziemy zdrowi w chorym \u015bwiecie. Teraz, gdy jeste\u015bmy na wzburzonym morzu, b\u0142agamy ci\u0119: <i><b>Zbud\u017a si\u0119 Panie!<\/b><\/i><\/span><\/span><\/span><\/p>\n<p align=\"justify\"><span style=\"color: #000000;\"><span style=\"font-family: Book Antiqua, serif;\"><span style=\"font-size: large;\"><i><b>Czemu tak boja\u017aliwi jeste\u015bcie? Jak\u017ce wam brak wiary?<\/b><\/i> Panie, kierujesz do nas apel, apel o wiar\u0119. Jest ona nie tyle przekonaniem, \u017ce istniejesz, ile <b>przyj\u015bciem do Ciebie i zaufaniem Tobie. <\/b>W tym Wielkim Po\u015bcie rozbrzmiewa Tw\u00f3j nagl\u0105cy apel: <i><b>Nawr\u00f3\u0107cie si\u0119 do Mnie ca\u0142ym swym sercem.<\/b><\/i> Wzywasz nas, by\u015bmy wykorzystali ten czas pr\u00f3by <b>jako czas wyboru.<\/b> <\/span><\/span><\/span><\/p>\n<p align=\"justify\"><span style=\"color: #000000;\"><span style=\"font-family: Book Antiqua, serif;\"><span style=\"font-size: large;\">Nie jest to czas Twojego s\u0105du, ale <b>naszego os\u0105dzenia:<\/b> czas wyboru tego, co si\u0119 liczy, a co przemija; oddzielenia <b>tego, co konieczne od tego, co nim nie jest.<\/b> Jest to czas przestawienia kursu \u017cycia ku Tobie, Panie, i wobec innych. <\/span><\/span><\/span><\/p>\n<p align=\"justify\"><span style=\"color: #000000;\"><span style=\"font-family: Book Antiqua, serif;\"><span style=\"font-size: large;\">I mo\u017cemy spojrze\u0107 na wielu przyk\u0142adnych towarzyszy drogi, kt\u00f3rzy w obliczu strachu zareagowali \u2013 <b>oddaj\u0105c swoje \u017cycie.<\/b> To sprawcza moc Ducha, zst\u0119puj\u0105ca i ukszta\u0142towana w odwa\u017cnych i wielkodusznych aktach po\u015bwi\u0119cenia si\u0119.<\/span><\/span><\/span><\/p>\n<p align=\"justify\"><span style=\"color: #000000;\"><span style=\"font-family: Book Antiqua, serif;\"><span style=\"font-size: large;\">Jest to \u017cycie Ducha, zdolne do wyzwolenia, docenienia i ukazania, \u017ce <b>nasze \u017cycie jest utkane i podtrzymywane przez zwyk\u0142ych ludzi<\/b> \u2013 zwykle zapomnianych \u2013 kt\u00f3rzy nie pojawiaj\u0105 si\u0119 w nag\u0142\u00f3wkach gazet i magazyn\u00f3w, ani na wielkich wybiegach ostatniego spektaklu, ale bez w\u0105tpienia <b>zapisuj\u0105cych dzi\u015b decyduj\u0105ce wydarzenia naszej historii:<\/b> lekarzy, piel\u0119gniarzy i piel\u0119gniarki, pracownik\u00f3w supermarket\u00f3w, sprz\u0105taczki, opiekunki, przewo\u017anik\u00f3w, str\u00f3\u017c\u00f3w porz\u0105dku, ksi\u0119\u017cy, zakonnice i bardzo wielu innych, kt\u00f3rzy <b>zrozumieli, \u017ce nikt nie zbawia si\u0119 sam.<\/b> <\/span><\/span><\/span><\/p>\n<p align=\"justify\"><span style=\"color: #000000;\"><span style=\"font-family: Book Antiqua, serif;\"><span style=\"font-size: large;\">W obliczu cierpienia, gdzie miar\u0105 jest prawdziwy rozw\u00f3j naszych narod\u00f3w, odkrywamy i do\u015bwiadczamy modlitwy arcykap\u0142a\u0144skiej Jezusa: <i><b>aby wszyscy stanowili jedno.<\/b><\/i> Ile\u017c os\u00f3b codziennie wykazuje si\u0119 cierpliwo\u015bci\u0105 i nadziej\u0105, staraj\u0105c si\u0119 <b>nie sia\u0107 paniki, lecz wsp\u00f3\u0142odpowiedzialno\u015b\u0107.<\/b> Ilu\u017c ojc\u00f3w, matek, dziadk\u00f3w i bab\u0107, nauczycieli \u2013 ukazuje naszym dzieciom, za pomoc\u0105 ma\u0142ych, codziennych gest\u00f3w, <b>jak stawi\u0107 czo\u0142a kryzysowi i przej\u015b\u0107 przez niego,<\/b> dostosowuj\u0105c nawyki, wznosz\u0105c oczy i rozbudzaj\u0105c modlitw\u0119. <b>Ile\u017c os\u00f3b si\u0119 modli,<\/b> ofiarowuje i wstawia si\u0119 dla dobra wszystkich. <b>Modlitwa jest cich\u0105 pos\u0142ug\u0105: <\/b>to nasza zwyci\u0119ska bro\u0144.<\/span><\/span><\/span><\/p>\n<p align=\"justify\"><span style=\"color: #000000;\"><span style=\"font-family: Book Antiqua, serif;\"><span style=\"font-size: large;\"><i><b>Czemu tak boja\u017aliwi jeste\u015bcie? Jak\u017ce wam brak wiary?<\/b><\/i> Pocz\u0105tkiem wiary jest \u015bwiadomo\u015b\u0107, \u017ce potrzebujemy zbawienia.<b> Nie jeste\u015bmy samowystarczalni, sami toniemy! <\/b>Potrzebujemy Pana, jak staro\u017cytni \u017ceglarze gwiazd. Zapro\u015bmy Jezusa do \u0142odzi naszego \u017cycia. <b>Przeka\u017cmy Mu nasze l\u0119ki,<\/b> aby On je pokona\u0142. Podobnie jak uczniowie do\u015bwiadczymy, \u017ce <b>z Nim na pok\u0142adzie nie dojdzie do katastrofy.<\/b> Bo Bo\u017ca moc polega na skierowaniu ku dobru wszystkiego, co si\u0119 nam przytrafia, tak\u017ce rzeczy z\u0142ych. Wnosi On w nasze burze pok\u00f3j ducha, bo z Bogiem \u017cycie nigdy nie umiera.<\/span><\/span><\/span><\/p>\n<p align=\"justify\"><span style=\"color: #000000;\"><span style=\"font-family: Book Antiqua, serif;\"><span style=\"font-size: large;\">Pan rzuca nam wyzwanie i <b>w czasie burzy zaprasza nas <\/b>do rozbudzenia i uaktywnienia solidarno\u015bci i nadziei, zdolnych nada\u0107 trwa\u0142o\u015b\u0107, wsparcie i znaczenie tym godzinom, w kt\u00f3rych wszystko wydaje si\u0119 roztrzaskiwa\u0107. <b>Pan si\u0119 budzi,<\/b> aby rozbudzi\u0107 i o\u017cywi\u0107 nasz\u0105 wiar\u0119 paschaln\u0105. <b>Mamy kotwic\u0119: <\/b>w Jego Krzy\u017cu zostali\u015bmy zbawieni. <b>Mamy ster:<\/b> w Jego Krzy\u017cu zostali\u015bmy odkupieni. <b>Mamy nadziej\u0119: <\/b>w Jego Krzy\u017cu zostali\u015bmy uzdrowieni i ogarni\u0119ci, aby nic i nikt nas nie oddzieli\u0142 od Jego odkupie\u0144czej mi\u0142o\u015bci. <\/span><\/span><\/span><\/p>\n<p align=\"justify\"><span style=\"color: #000000;\"><span style=\"font-family: Book Antiqua, serif;\"><span style=\"font-size: large;\">Po\u015br\u00f3d izolacji, w kt\u00f3rej cierpimy z powodu braku uczu\u0107 i spotka\u0144, do\u015bwiadczaj\u0105c braku wielu rzeczy, po raz kolejny pos\u0142uchajmy wie\u015bci, kt\u00f3ra nas zbawia: <b>On zmartwychwsta\u0142 i \u017cyje obok nas! <\/b>Pan nas wzywa ze swego Krzy\u017ca do odkrycia na nowo \u017cycia, kt\u00f3re nas oczekuje, do spojrzenia na tych, kt\u00f3rzy nas potrzebuj\u0105, aby <b>umocni\u0107, rozpozna\u0107 i pobudzi\u0107 \u0142ask\u0119, kt\u00f3ra jest w nas.<\/b> Nie ga\u015bmy knotka o nik\u0142ym p\u0142omieniu, kt\u00f3ry nigdy si\u0119 nie niszczy, i <b>pozw\u00f3lmy, aby rozpali\u0142 nadziej\u0119.<\/b><\/span><\/span><\/span><\/p>\n<p align=\"justify\"><span style=\"color: #000000;\"><span style=\"font-family: Book Antiqua, serif;\"><span style=\"font-size: large;\">Przyj\u0119cie Jego Krzy\u017ca oznacza odnalezienie odwagi, by wzi\u0105\u0107 w ramiona wszystkie przeciwno\u015bci obecnego czasu, <b>porzucaj\u0105c na chwil\u0119 nasz\u0105 t\u0119sknot\u0119 za wszechmoc\u0105 i posiadaniem,<\/b> by uczyni\u0107 miejsce dla tw\u00f3rczo\u015bci, kt\u00f3r\u0105 mo\u017ce wzbudzi\u0107 jedynie Duch. Oznacza odnalezienie odwagi do otwarcia przestrzeni, gdzie wszyscy mog\u0105 si\u0119 poczu\u0107 powo\u0142anymi i zezwoli\u0107 na nowe formy go\u015bcinno\u015bci, braterstwa i solidarno\u015bci. W Jego Krzy\u017cu zostali\u015bmy zbawieni, <b>aby przyj\u0105\u0107 nadziej\u0119<\/b> i pozwoli\u0107, aby to ona umocni\u0142a i wspiera\u0142a wszystkie \u015brodki i mo\u017cliwe drogi, kt\u00f3re mog\u0142y by nam pom\u00f3c strzec siebie oraz strzec innych. <b>Przyj\u0105\u0107 Pana, aby przyj\u0105\u0107 nadziej\u0119.<\/b> Oto moc wiary, kt\u00f3ra wyzwala ze strachu i daje nadziej\u0119.<\/span><\/span><\/span><\/p>\n<p align=\"justify\"><span style=\"color: #000000;\"><span style=\"font-family: Book Antiqua, serif;\"><span style=\"font-size: large;\"><i><b>Czemu tak boja\u017aliwi jeste\u015bcie? Jak\u017ce wam brak wiary?<\/b><\/i> Drodzy Bracia i Siostry, z tego miejsca, kt\u00f3re opowiada o skalistej wierze Piotra chcia\u0142bym dzi\u015b wieczorem <b>powierzy\u0107 <\/b><b>W<\/b><b>as wszystkich Panu, za wstawiennictwem Matki Bo\u017cej, <\/b>Uzdrowienia Jego ludu, Gwiazdy wzburzonego morza. Z tej kolumnady, kt\u00f3ra obejmuje Rzym i \u015bwiat, <b>niech zst\u0105pi na <\/b><b>W<\/b><b>as, jak pocieszaj\u0105cy u\u015bcisk, b\u0142ogos\u0142awie\u0144stwo Bo\u017ce! <\/b>Panie, pob\u0142ogos\u0142aw \u015bwiat, daj zdrowie cia\u0142om i pocieszenie sercom. <\/span><\/span><\/span><\/p>\n<p align=\"justify\"><span style=\"color: #000000;\"><span style=\"font-family: Book Antiqua, serif;\"><span style=\"font-size: large;\">Chcesz, by\u015bmy si\u0119 nie l\u0119kali. <b>Ale nasza wiara jest s\u0142aba i boimy si\u0119.<\/b> Ale Ty, Panie, nie zostawiaj nas na \u0142asce burzy! Powt\u00f3rz raz jeszcze: <i><b>Wy si\u0119 nie b\u00f3jcie!<\/b><\/i> <\/span><\/span><\/span><\/p>\n<p align=\"justify\"><span style=\"color: #000000;\"><span style=\"font-family: Book Antiqua, serif;\"><span style=\"font-size: large;\">A my, razem z Piotrem, <b>wszystkie troski przerzucamy na Ciebie, gdy\u017c Tobie zale\u017cy na nas\u2026<\/b><\/span><\/span><\/span><\/p>\n","protected":false},"excerpt":{"rendered":"<p>Szcz\u0119\u015b\u0107 Bo\u017ce! Moi Drodzy, w dniu wczorajszym urodziny prze\u017cywa\u0142a Aleksandra Szel\u0105g, nale\u017c\u0105ca w swoim czasie do Wsp\u00f3lnoty m\u0142odzie\u017cowej w Celestynowie. Niech Jej Pan b\u0142ogos\u0142awi i prowadzi przez \u017cycie! Zapewniam o modlitwie! A Ksi\u0119dzu Markowi wielkie dzi\u0119ki za wczorajsze s\u0142\u00f3wko z Syberii i kolejn\u0105, pot\u0119\u017cn\u0105 dawk\u0119 nadziei! Wielkie dzi\u0119ki za kolejne pokierowanie naszego spojrzenia i my\u015blenia [&hellip;]<\/p>\n","protected":false},"author":1,"featured_media":0,"comment_status":"open","ping_status":"open","sticky":false,"template":"","format":"standard","meta":{"jetpack_post_was_ever_published":false,"_jetpack_newsletter_access":"","_jetpack_dont_email_post_to_subs":false,"_jetpack_newsletter_tier_id":0,"_jetpack_memberships_contains_paywalled_content":false,"_jetpack_memberships_contains_paid_content":false,"footnotes":""},"categories":[1],"tags":[],"class_list":["post-16742","post","type-post","status-publish","format-standard","hentry","category-bez-kategorii"],"yoast_head":"<!-- This site is optimized with the Yoast SEO plugin v25.1 - https:\/\/yoast.com\/wordpress\/plugins\/seo\/ -->\n<title>Albowiem Tobie powierzam moj\u0105 spraw\u0119... - Gaudium Et Spes<\/title>\n<meta name=\"robots\" content=\"index, follow, max-snippet:-1, max-image-preview:large, max-video-preview:-1\" \/>\n<link rel=\"canonical\" href=\"https:\/\/gaudiumetspes-blog.pl\/index.php\/2020\/03\/28\/albowiem-tobie-powierzam-moja-sprawe\/\" \/>\n<meta property=\"og:locale\" content=\"pl_PL\" \/>\n<meta property=\"og:type\" content=\"article\" \/>\n<meta property=\"og:title\" content=\"Albowiem Tobie powierzam moj\u0105 spraw\u0119... - Gaudium Et Spes\" \/>\n<meta property=\"og:description\" content=\"Szcz\u0119\u015b\u0107 Bo\u017ce! Moi Drodzy, w dniu wczorajszym urodziny prze\u017cywa\u0142a Aleksandra Szel\u0105g, nale\u017c\u0105ca w swoim czasie do Wsp\u00f3lnoty m\u0142odzie\u017cowej w Celestynowie. Niech Jej Pan b\u0142ogos\u0142awi i prowadzi przez \u017cycie! Zapewniam o modlitwie! A Ksi\u0119dzu Markowi wielkie dzi\u0119ki za wczorajsze s\u0142\u00f3wko z Syberii i kolejn\u0105, pot\u0119\u017cn\u0105 dawk\u0119 nadziei! Wielkie dzi\u0119ki za kolejne pokierowanie naszego spojrzenia i my\u015blenia [&hellip;]\" \/>\n<meta property=\"og:url\" content=\"https:\/\/gaudiumetspes-blog.pl\/index.php\/2020\/03\/28\/albowiem-tobie-powierzam-moja-sprawe\/\" \/>\n<meta property=\"og:site_name\" content=\"Gaudium Et Spes\" \/>\n<meta property=\"article:published_time\" content=\"2020-03-28T06:16:07+00:00\" \/>\n<meta property=\"article:modified_time\" content=\"2020-03-28T06:17:57+00:00\" \/>\n<meta name=\"author\" content=\"Ks. Jacek\" \/>\n<meta name=\"twitter:card\" content=\"summary_large_image\" \/>\n<meta name=\"twitter:label1\" content=\"Napisane przez\" \/>\n\t<meta name=\"twitter:data1\" content=\"Ks. Jacek\" \/>\n\t<meta name=\"twitter:label2\" content=\"Szacowany czas czytania\" \/>\n\t<meta name=\"twitter:data2\" content=\"14 minut\" \/>\n<script type=\"application\/ld+json\" class=\"yoast-schema-graph\">{\"@context\":\"https:\/\/schema.org\",\"@graph\":[{\"@type\":\"WebPage\",\"@id\":\"https:\/\/gaudiumetspes-blog.pl\/index.php\/2020\/03\/28\/albowiem-tobie-powierzam-moja-sprawe\/\",\"url\":\"https:\/\/gaudiumetspes-blog.pl\/index.php\/2020\/03\/28\/albowiem-tobie-powierzam-moja-sprawe\/\",\"name\":\"Albowiem Tobie powierzam moj\u0105 spraw\u0119... - Gaudium Et Spes\",\"isPartOf\":{\"@id\":\"https:\/\/gaudiumetspes-blog.pl\/#website\"},\"datePublished\":\"2020-03-28T06:16:07+00:00\",\"dateModified\":\"2020-03-28T06:17:57+00:00\",\"author\":{\"@id\":\"https:\/\/gaudiumetspes-blog.pl\/#\/schema\/person\/1661982992b752dea8dff0d4ed845a65\"},\"breadcrumb\":{\"@id\":\"https:\/\/gaudiumetspes-blog.pl\/index.php\/2020\/03\/28\/albowiem-tobie-powierzam-moja-sprawe\/#breadcrumb\"},\"inLanguage\":\"pl-PL\",\"potentialAction\":[{\"@type\":\"ReadAction\",\"target\":[\"https:\/\/gaudiumetspes-blog.pl\/index.php\/2020\/03\/28\/albowiem-tobie-powierzam-moja-sprawe\/\"]}]},{\"@type\":\"BreadcrumbList\",\"@id\":\"https:\/\/gaudiumetspes-blog.pl\/index.php\/2020\/03\/28\/albowiem-tobie-powierzam-moja-sprawe\/#breadcrumb\",\"itemListElement\":[{\"@type\":\"ListItem\",\"position\":1,\"name\":\"Strona g\u0142\u00f3wna\",\"item\":\"https:\/\/gaudiumetspes-blog.pl\/\"},{\"@type\":\"ListItem\",\"position\":2,\"name\":\"Albowiem Tobie powierzam moj\u0105 spraw\u0119&#8230;\"}]},{\"@type\":\"WebSite\",\"@id\":\"https:\/\/gaudiumetspes-blog.pl\/#website\",\"url\":\"https:\/\/gaudiumetspes-blog.pl\/\",\"name\":\"Gaudium Et Spes\",\"description\":\"Blog Ks. Jacka Ja\u015bkowskiego\",\"potentialAction\":[{\"@type\":\"SearchAction\",\"target\":{\"@type\":\"EntryPoint\",\"urlTemplate\":\"https:\/\/gaudiumetspes-blog.pl\/?s={search_term_string}\"},\"query-input\":{\"@type\":\"PropertyValueSpecification\",\"valueRequired\":true,\"valueName\":\"search_term_string\"}}],\"inLanguage\":\"pl-PL\"},{\"@type\":\"Person\",\"@id\":\"https:\/\/gaudiumetspes-blog.pl\/#\/schema\/person\/1661982992b752dea8dff0d4ed845a65\",\"name\":\"Ks. Jacek\",\"image\":{\"@type\":\"ImageObject\",\"inLanguage\":\"pl-PL\",\"@id\":\"https:\/\/gaudiumetspes-blog.pl\/#\/schema\/person\/image\/\",\"url\":\"https:\/\/gaudiumetspes-blog.pl\/wp-content\/uploads\/2019\/07\/avatar-JJ-150x150.jpg\",\"contentUrl\":\"https:\/\/gaudiumetspes-blog.pl\/wp-content\/uploads\/2019\/07\/avatar-JJ-150x150.jpg\",\"caption\":\"Ks. Jacek\"},\"description\":\"Witam serdecznie! K\u0142ania si\u0119 Ks. Jacek Ja\u015bkowski. Nie jestem ani kim\u015b wa\u017cnym, ani kim\u015b znanym. Jestem ksi\u0119dzem, kt\u00f3ry po prostu chce rozmawia\u0107. Codzienna kap\u0142a\u0144ska pos\u0142uga pokazuje mi, \u017ce temat\u00f3w do rozm\u00f3w z ksi\u0119dzem jest coraz wi\u0119cej i dzisiaj \u017caden ksi\u0105dz nie mo\u017ce od nich ucieka\u0107, ale - wprost przeciwnie - podejmowa\u0107 nowe wyzwania. To przekonanie sk\u0142oni\u0142o mnie do pr\u00f3by otwarcia tego\u017c bloga, chocia\u017c okazji do rozm\u00f3w na co dzie\u0144 - w konfesjonale i poza nim - na szcz\u0119\u015bcie nie brakuje. My\u015bl\u0119 jednak, \u017ce ten blog b\u0119dzie jeszcze jednym sposobem i przestrzeni\u0105 nawi\u0105zania kontaktu z lud\u017ami dobrej woli, otwartymi na dialog.\",\"url\":\"https:\/\/gaudiumetspes-blog.pl\/index.php\/author\/ks-jacek\/\"}]}<\/script>\n<!-- \/ Yoast SEO plugin. -->","yoast_head_json":{"title":"Albowiem Tobie powierzam moj\u0105 spraw\u0119... - Gaudium Et Spes","robots":{"index":"index","follow":"follow","max-snippet":"max-snippet:-1","max-image-preview":"max-image-preview:large","max-video-preview":"max-video-preview:-1"},"canonical":"https:\/\/gaudiumetspes-blog.pl\/index.php\/2020\/03\/28\/albowiem-tobie-powierzam-moja-sprawe\/","og_locale":"pl_PL","og_type":"article","og_title":"Albowiem Tobie powierzam moj\u0105 spraw\u0119... - Gaudium Et Spes","og_description":"Szcz\u0119\u015b\u0107 Bo\u017ce! Moi Drodzy, w dniu wczorajszym urodziny prze\u017cywa\u0142a Aleksandra Szel\u0105g, nale\u017c\u0105ca w swoim czasie do Wsp\u00f3lnoty m\u0142odzie\u017cowej w Celestynowie. Niech Jej Pan b\u0142ogos\u0142awi i prowadzi przez \u017cycie! Zapewniam o modlitwie! A Ksi\u0119dzu Markowi wielkie dzi\u0119ki za wczorajsze s\u0142\u00f3wko z Syberii i kolejn\u0105, pot\u0119\u017cn\u0105 dawk\u0119 nadziei! Wielkie dzi\u0119ki za kolejne pokierowanie naszego spojrzenia i my\u015blenia [&hellip;]","og_url":"https:\/\/gaudiumetspes-blog.pl\/index.php\/2020\/03\/28\/albowiem-tobie-powierzam-moja-sprawe\/","og_site_name":"Gaudium Et Spes","article_published_time":"2020-03-28T06:16:07+00:00","article_modified_time":"2020-03-28T06:17:57+00:00","author":"Ks. Jacek","twitter_card":"summary_large_image","twitter_misc":{"Napisane przez":"Ks. Jacek","Szacowany czas czytania":"14 minut"},"schema":{"@context":"https:\/\/schema.org","@graph":[{"@type":"WebPage","@id":"https:\/\/gaudiumetspes-blog.pl\/index.php\/2020\/03\/28\/albowiem-tobie-powierzam-moja-sprawe\/","url":"https:\/\/gaudiumetspes-blog.pl\/index.php\/2020\/03\/28\/albowiem-tobie-powierzam-moja-sprawe\/","name":"Albowiem Tobie powierzam moj\u0105 spraw\u0119... - Gaudium Et Spes","isPartOf":{"@id":"https:\/\/gaudiumetspes-blog.pl\/#website"},"datePublished":"2020-03-28T06:16:07+00:00","dateModified":"2020-03-28T06:17:57+00:00","author":{"@id":"https:\/\/gaudiumetspes-blog.pl\/#\/schema\/person\/1661982992b752dea8dff0d4ed845a65"},"breadcrumb":{"@id":"https:\/\/gaudiumetspes-blog.pl\/index.php\/2020\/03\/28\/albowiem-tobie-powierzam-moja-sprawe\/#breadcrumb"},"inLanguage":"pl-PL","potentialAction":[{"@type":"ReadAction","target":["https:\/\/gaudiumetspes-blog.pl\/index.php\/2020\/03\/28\/albowiem-tobie-powierzam-moja-sprawe\/"]}]},{"@type":"BreadcrumbList","@id":"https:\/\/gaudiumetspes-blog.pl\/index.php\/2020\/03\/28\/albowiem-tobie-powierzam-moja-sprawe\/#breadcrumb","itemListElement":[{"@type":"ListItem","position":1,"name":"Strona g\u0142\u00f3wna","item":"https:\/\/gaudiumetspes-blog.pl\/"},{"@type":"ListItem","position":2,"name":"Albowiem Tobie powierzam moj\u0105 spraw\u0119&#8230;"}]},{"@type":"WebSite","@id":"https:\/\/gaudiumetspes-blog.pl\/#website","url":"https:\/\/gaudiumetspes-blog.pl\/","name":"Gaudium Et Spes","description":"Blog Ks. Jacka Ja\u015bkowskiego","potentialAction":[{"@type":"SearchAction","target":{"@type":"EntryPoint","urlTemplate":"https:\/\/gaudiumetspes-blog.pl\/?s={search_term_string}"},"query-input":{"@type":"PropertyValueSpecification","valueRequired":true,"valueName":"search_term_string"}}],"inLanguage":"pl-PL"},{"@type":"Person","@id":"https:\/\/gaudiumetspes-blog.pl\/#\/schema\/person\/1661982992b752dea8dff0d4ed845a65","name":"Ks. Jacek","image":{"@type":"ImageObject","inLanguage":"pl-PL","@id":"https:\/\/gaudiumetspes-blog.pl\/#\/schema\/person\/image\/","url":"https:\/\/gaudiumetspes-blog.pl\/wp-content\/uploads\/2019\/07\/avatar-JJ-150x150.jpg","contentUrl":"https:\/\/gaudiumetspes-blog.pl\/wp-content\/uploads\/2019\/07\/avatar-JJ-150x150.jpg","caption":"Ks. Jacek"},"description":"Witam serdecznie! K\u0142ania si\u0119 Ks. Jacek Ja\u015bkowski. Nie jestem ani kim\u015b wa\u017cnym, ani kim\u015b znanym. Jestem ksi\u0119dzem, kt\u00f3ry po prostu chce rozmawia\u0107. Codzienna kap\u0142a\u0144ska pos\u0142uga pokazuje mi, \u017ce temat\u00f3w do rozm\u00f3w z ksi\u0119dzem jest coraz wi\u0119cej i dzisiaj \u017caden ksi\u0105dz nie mo\u017ce od nich ucieka\u0107, ale - wprost przeciwnie - podejmowa\u0107 nowe wyzwania. To przekonanie sk\u0142oni\u0142o mnie do pr\u00f3by otwarcia tego\u017c bloga, chocia\u017c okazji do rozm\u00f3w na co dzie\u0144 - w konfesjonale i poza nim - na szcz\u0119\u015bcie nie brakuje. My\u015bl\u0119 jednak, \u017ce ten blog b\u0119dzie jeszcze jednym sposobem i przestrzeni\u0105 nawi\u0105zania kontaktu z lud\u017ami dobrej woli, otwartymi na dialog.","url":"https:\/\/gaudiumetspes-blog.pl\/index.php\/author\/ks-jacek\/"}]}},"jetpack_featured_media_url":"","jetpack_sharing_enabled":true,"_links":{"self":[{"href":"https:\/\/gaudiumetspes-blog.pl\/index.php\/wp-json\/wp\/v2\/posts\/16742","targetHints":{"allow":["GET"]}}],"collection":[{"href":"https:\/\/gaudiumetspes-blog.pl\/index.php\/wp-json\/wp\/v2\/posts"}],"about":[{"href":"https:\/\/gaudiumetspes-blog.pl\/index.php\/wp-json\/wp\/v2\/types\/post"}],"author":[{"embeddable":true,"href":"https:\/\/gaudiumetspes-blog.pl\/index.php\/wp-json\/wp\/v2\/users\/1"}],"replies":[{"embeddable":true,"href":"https:\/\/gaudiumetspes-blog.pl\/index.php\/wp-json\/wp\/v2\/comments?post=16742"}],"version-history":[{"count":2,"href":"https:\/\/gaudiumetspes-blog.pl\/index.php\/wp-json\/wp\/v2\/posts\/16742\/revisions"}],"predecessor-version":[{"id":16744,"href":"https:\/\/gaudiumetspes-blog.pl\/index.php\/wp-json\/wp\/v2\/posts\/16742\/revisions\/16744"}],"wp:attachment":[{"href":"https:\/\/gaudiumetspes-blog.pl\/index.php\/wp-json\/wp\/v2\/media?parent=16742"}],"wp:term":[{"taxonomy":"category","embeddable":true,"href":"https:\/\/gaudiumetspes-blog.pl\/index.php\/wp-json\/wp\/v2\/categories?post=16742"},{"taxonomy":"post_tag","embeddable":true,"href":"https:\/\/gaudiumetspes-blog.pl\/index.php\/wp-json\/wp\/v2\/tags?post=16742"}],"curies":[{"name":"wp","href":"https:\/\/api.w.org\/{rel}","templated":true}]}}