{"id":16747,"date":"2020-03-30T08:31:33","date_gmt":"2020-03-30T06:31:33","guid":{"rendered":"https:\/\/gaudiumetspes-blog.pl\/?p=16747"},"modified":"2020-03-30T08:31:33","modified_gmt":"2020-03-30T06:31:33","slug":"od-tej-chwili-juz-nie-grzesz","status":"publish","type":"post","link":"https:\/\/gaudiumetspes-blog.pl\/index.php\/2020\/03\/30\/od-tej-chwili-juz-nie-grzesz\/","title":{"rendered":"Od tej chwili ju\u017c nie grzesz!"},"content":{"rendered":"<p align=\"justify\"><span style=\"color: #000000;\"><span style=\"font-family: Book Antiqua, serif;\"><span style=\"font-size: large;\">Szcz\u0119\u015b\u0107 Bo\u017ce! Moi Drodzy, wszystko, co chc\u0119 dzisiaj powiedzie\u0107, zawar\u0142em w rozwa\u017caniu.<\/span><\/span><\/span><\/p>\n<p align=\"justify\"><span style=\"color: #000000;\"><span style=\"font-family: Book Antiqua, serif;\"><span style=\"font-size: large;\"><b>Niech Was b\u0142ogos\u0142awi B\u00f3g Wszechmog\u0105cy: Ojciec + i Syn, i Duch \u015awi\u0119ty. Amen<\/b><\/span><\/span><\/span><\/p>\n<p align=\"center\"><span style=\"color: #000000;\"><span style=\"font-family: Book Antiqua, serif;\"><span style=\"font-size: large;\">Gaudium et spes! Ks. Jacek<\/span><\/span><\/span><\/p>\n<p align=\"center\">\n<p align=\"center\">\n<p align=\"center\">\n<p align=\"center\">\n<p align=\"center\">\n<p align=\"justify\"><span style=\"color: #000000;\"><span style=\"font-family: Book Antiqua, serif;\"><span style=\"font-size: large;\"><b>Poniedzia\u0142ek 5 Tygodnia Wielkiego Postu,<\/b><\/span><\/span><\/span><\/p>\n<p align=\"justify\"><span style=\"color: #000000;\"><span style=\"font-family: Book Antiqua, serif;\"><span style=\"font-size: large;\"><b>30 marca 2020.,<\/b><\/span><\/span><\/span><\/p>\n<p align=\"justify\"><span style=\"color: #000000;\"><span style=\"font-family: Book Antiqua, serif;\"><span style=\"font-size: large;\"><b>do czyta\u0144: Dn 13,41\u201362; J 8,1\u201311 [w roku A]<\/b><\/span><\/span><\/span><\/p>\n<p align=\"justify\">\n<p align=\"justify\">\n<p align=\"justify\">\n<p align=\"justify\">\n<p align=\"justify\">\n<p align=\"justify\"><span style=\"color: #000000;\"><span style=\"font-family: Book Antiqua, serif;\"><span style=\"font-size: large;\"><b>CZYTANIE Z KSI\u0118GI PROROKA DANIELA: <\/b><\/span><\/span><\/span><\/p>\n<p align=\"justify\"><span style=\"color: #000000;\"><span style=\"font-family: Book Antiqua, serif;\"><span style=\"font-size: large;\"><b>Na wygnaniu w Babilonie zgromadzenie Izraela skaza\u0142o na \u015bmier\u0107 Zuzann\u0119, fa\u0142szywie oskar\u017con\u0105 przez dw\u00f3ch starc\u00f3w. <\/b><\/span><\/span><\/span><\/p>\n<p align=\"justify\"><span style=\"color: #000000;\"><span style=\"font-family: Book Antiqua, serif;\"><span style=\"font-size: large;\"><b>Wtedy Zuzanna zawo\u0142a\u0142a dono\u015bnym g\u0142osem: \u201eWiekuisty Bo\u017ce, kt\u00f3ry poznajesz to, co jest ukryte, i wiesz wszystko, zanim si\u0119 stanie. Ty wiesz, \u017ce z\u0142o\u017cyli fa\u0142szywe oskar\u017cenie przeciw mnie. Oto umieram, chocia\u017c nie uczyni\u0142am nic z tego, o co mnie ci z\u0142o\u015bliwie obwiniaj\u0105\u201d. <\/b><\/span><\/span><\/span><\/p>\n<p align=\"justify\"><span style=\"color: #000000;\"><span style=\"font-family: Book Antiqua, serif;\"><span style=\"font-size: large;\"><b>A Pan wys\u0142ucha\u0142 jej g\u0142osu. Gdy j\u0105 prowadzono na stracenie, wzbudzi\u0142 B\u00f3g \u015bwi\u0119tego ducha w m\u0142odzie\u0144cu imieniem Daniel. Zawo\u0142a\u0142 on dono\u015bnym g\u0142osem: \u201eJestem czysty od jej krwi!\u201d Ca\u0142y za\u015b lud zwr\u00f3ci\u0142 si\u0119 do niego, m\u00f3wi\u0105c: \u201eCo oznacza to s\u0142owo, kt\u00f3re wypowiedzia\u0142e\u015b?\u201d On za\u015b powstawszy w\u015br\u00f3d nich, powiedzia\u0142: \u201eCzy tak bardzo jeste\u015bcie nierozumni, synowie Izraela, \u017ce skazujecie c\u00f3rk\u0119 izraelsk\u0105 bez dochodzenia i pewno\u015bci? Wr\u00f3\u0107cie do s\u0105du, bo ci j\u0105 fa\u0142szywie obwinili\u201d. <\/b><\/span><\/span><\/span><\/p>\n<p align=\"justify\"><span style=\"color: #000000;\"><span style=\"font-family: Book Antiqua, serif;\"><span style=\"font-size: large;\"><b>Ca\u0142y lud powr\u00f3ci\u0142 spiesznie. Starcy za\u015b powiedzieli: \u201eUsi\u0105d\u017a tu w\u015br\u00f3d nas i wyja\u015bnij nam, bo tobie da\u0142 B\u00f3g przywilej starsze\u0144stwa!\u201d Daniel powiedzia\u0142 do nich: \u201eOddzielcie ich, jednego daleko od drugiego, a os\u0105dz\u0119 ich\u201d. <\/b><\/span><\/span><\/span><\/p>\n<p align=\"justify\"><span style=\"color: #000000;\"><span style=\"font-family: Book Antiqua, serif;\"><span style=\"font-size: large;\"><b>Gdy za\u015b zostali oddzieleni od siebie, zawo\u0142a\u0142 jednego z nich i powiedzia\u0142 do niego: \u201eZestarza\u0142e\u015b si\u0119 w przewrotno\u015bci, a teraz wychodz\u0105 na jaw twe grzechy, jakie poprzednio pope\u0142ni\u0142e\u015b, wydaj\u0105c niesprawiedliwe wyroki. Pot\u0119pia\u0142e\u015b niewinnych i uwalnia\u0142e\u015b winnych, chocia\u017c Pan powiedzia\u0142: \u00abNie przyczynisz si\u0119 do \u015bmierci niewinnego i sprawiedliwego\u00bb. Teraz wi\u0119c, je\u015bli j\u0105 rzeczywi\u015bcie widzia\u0142e\u015b, powiedz, pod jakim drzewem widzia\u0142e\u015b ich obcuj\u0105cych ze sob\u0105?\u201d On za\u015b powiedzia\u0142: \u201ePod lentyszkiem\u201d. Daniel odrzek\u0142: \u201eDobrze! Sk\u0142ama\u0142e\u015b na sw\u0105 w\u0142asn\u0105 zgub\u0119. Ju\u017c bowiem anio\u0142 Bo\u017cy otrzyma\u0142 od Boga wyrok na ciebie, by ci\u0119 rozedrze\u0107 na dwoje!\u201d <\/b><\/span><\/span><\/span><\/p>\n<p align=\"justify\"><span style=\"color: #000000;\"><span style=\"font-family: Book Antiqua, serif;\"><span style=\"font-size: large;\"><b>Odes\u0142awszy go rozkaza\u0142 przyprowadzi\u0107 drugiego i powiedzia\u0142 do niego: \u201ePotomku kananejski, a nie judzki, pi\u0119kno\u015b\u0107 sprowadzi\u0142a ci\u0119 na bezdro\u017ca, a \u017c\u0105dza uczyni\u0142a twe serce przewrotnym. Tak post\u0119powali\u015bcie z c\u00f3rkami izraelskimi, one za\u015b boj\u0105c si\u0119 obcowa\u0142y z wami. C\u00f3rka judzka jednak nie zgodzi\u0142a si\u0119 na wasz\u0105 nieprawo\u015b\u0107. Powiedz mi wi\u0119c teraz, pod jakim drzewem spotka\u0142e\u015b ich obcuj\u0105cych ze sob\u0105?\u201d On za\u015b powiedzia\u0142: \u201ePod d\u0119bem\u201d. Wtedy Daniel powiedzia\u0142 do niego: \u201eDobrze! Sk\u0142ama\u0142e\u015b i ty na swoj\u0105 w\u0142asn\u0105 zgub\u0119. Czeka bowiem anio\u0142 Bo\u017cy z mieczem w r\u0119ku, by rozci\u0105\u0107 ci\u0119 na dwoje, by was wyt\u0119pi\u0107!\u201d<\/b><\/span><\/span><\/span><\/p>\n<p align=\"justify\"><span style=\"color: #000000;\"><span style=\"font-family: Book Antiqua, serif;\"><span style=\"font-size: large;\"><b>Ca\u0142e zgromadzenie zawo\u0142a\u0142o g\u0142o\u015bno i wychwala\u0142o Boga, \u017ce ocala tych, co pok\u0142adaj\u0105 w Nim nadziej\u0119. Zwr\u00f3cili si\u0119 nast\u0119pnie przeciw obu starcom, poniewa\u017c Daniel wykaza\u0142 na podstawie ich w\u0142asnych s\u0142\u00f3w nieprawdziwo\u015b\u0107 oskar\u017cenia. Post\u0105piono z nimi wed\u0142ug miary z\u0142a, wyrz\u0105dzonego przez nich bli\u017anim, zabijaj\u0105c ich wed\u0142ug prawa Moj\u017ceszowego. W dniu tym ocalono krew niewinn\u0105.<\/b><\/span><\/span><\/span><\/p>\n<p align=\"justify\">\n<p align=\"justify\">\n<p align=\"justify\">\n<p align=\"justify\">\n<p align=\"justify\">\n<p align=\"justify\"><span style=\"color: #000000;\"><span style=\"font-family: Book Antiqua, serif;\"><span style=\"font-size: large;\"><b>S\u0141OWA EWANGELII WED\u0141UG \u015aWI\u0118TEGO JANA: <\/b><\/span><\/span><\/span><\/p>\n<p align=\"justify\"><span style=\"color: #000000;\"><span style=\"font-family: Book Antiqua, serif;\"><span style=\"font-size: large;\"><b>Jezus uda\u0142 si\u0119 na G\u00f3r\u0119 Oliwn\u0105, ale o brzasku zjawi\u0142 si\u0119 zn\u00f3w w \u015bwi\u0105tyni. Wszystek lud schodzi\u0142 si\u0119 do Niego, a On usiad\u0142szy naucza\u0142. <\/b><\/span><\/span><\/span><\/p>\n<p align=\"justify\"><span style=\"color: #000000;\"><span style=\"font-family: Book Antiqua, serif;\"><span style=\"font-size: large;\"><b>W\u00f3wczas uczeni w Pi\u015bmie i faryzeusze przyprowadzili do Niego kobiet\u0119, kt\u00f3r\u0105 pochwycono na cudzo\u0142\u00f3stwie, a postawiwszy j\u0105 na \u015brodku, powiedzieli do Niego: \u201eNauczycielu, kobiet\u0119 t\u0119 dopiero pochwycono na cudzo\u0142\u00f3stwie. W Prawie Moj\u017cesz nakaza\u0142 nam takie kamienowa\u0107. A Ty co m\u00f3wisz?\u201d M\u00f3wili to wystawiaj\u0105c Go na pr\u00f3b\u0119, aby mieli o co Go oskar\u017cy\u0107. <\/b><\/span><\/span><\/span><\/p>\n<p align=\"justify\"><span style=\"color: #000000;\"><span style=\"font-family: Book Antiqua, serif;\"><span style=\"font-size: large;\"><b>Lecz Jezus nachyliwszy si\u0119 pisa\u0142 palcem po ziemi. A kiedy w dalszym ci\u0105gu Go pytali, podni\u00f3s\u0142 si\u0119 i rzek\u0142 do nich: \u201eKto z was jest bez grzechu, niech pierwszy rzuci na ni\u0105 kamie\u0144\u201d. I powt\u00f3rnie nachyliwszy si\u0119, pisa\u0142 na ziemi. <\/b><\/span><\/span><\/span><\/p>\n<p align=\"justify\"><span style=\"color: #000000;\"><span style=\"font-family: Book Antiqua, serif;\"><span style=\"font-size: large;\"><b>Kiedy to us\u0142yszeli, wszyscy jeden po drugim zacz\u0119li odchodzi\u0107, poczynaj\u0105c od starszych. Pozosta\u0142 tylko Jezus i kobieta, stoj\u0105ca na \u015brodku. <\/b><\/span><\/span><\/span><\/p>\n<p align=\"justify\"><span style=\"color: #000000;\"><span style=\"font-family: Book Antiqua, serif;\"><span style=\"font-size: large;\"><b>W\u00f3wczas Jezus podni\u00f3s\u0142szy si\u0119 rzek\u0142 do niej: \u201eNiewiasto, gdzie\u017c oni s\u0105? Nikt ci\u0119 nie pot\u0119pi\u0142?\u201d A ona odrzek\u0142a: \u201eNikt, Panie!\u201d Rzek\u0142 do niej Jezus: \u201eI Ja ciebie nie pot\u0119piam. Id\u017a, a od tej chwili ju\u017c nie grzesz\u201d.<\/b><\/span><\/span><\/span><\/p>\n<p align=\"justify\">\n<p align=\"justify\">\n<p align=\"justify\">\n<p align=\"justify\">\n<p align=\"justify\">\n<p align=\"justify\"><span style=\"color: #000000;\"><span style=\"font-family: Book Antiqua, serif;\"><span style=\"font-size: large;\">I znowu Pan przychodzi do nas z wieloma <b>cennymi wskazaniami i pouczeniami, <\/b>kt\u00f3re \u2013 szczeg\u00f3lnie w tym czasie \u2013 winny nam da\u0107 do my\u015blenia i pom\u00f3c w wyci\u0105gni\u0119ciu konkretnych wniosk\u00f3w, odno\u015bnie do naszej osobistej postawy. <\/span><\/span><\/span><\/p>\n<p align=\"justify\"><span style=\"color: #000000;\"><span style=\"font-family: Book Antiqua, serif;\"><span style=\"font-size: large;\">Pierwsza my\u015bl, jaka wy\u0142ania si\u0119 z fragmentu Ksi\u0119gi Proroka Daniela, us\u0142yszanego przez nas w pierwszym czytaniu, to ta, \u017ce wiele nieszcz\u0119\u015b\u0107, jakie w \u017cyciu cz\u0142owieka si\u0119 dzieje, spowodowanych jest <b>nie tyle przez uwarunkowania w przyrodzie,<\/b> czy \u2013 jak mogliby\u015bmy je okre\u015bli\u0107 \u2013 czynniki naturalne, ile przez <b>z\u0142e nastawienie drugiego cz\u0142owieka.<\/b> A niekiedy i te czynniki przyrodnicze wywo\u0142ane s\u0105 \u2013 je\u015bli spojrze\u0107 na nie d\u0142ugofalowo \u2013 post\u0119powaniem cz\u0142owieka. <\/span><\/span><\/span><\/p>\n<p align=\"justify\"><span style=\"color: #000000;\"><span style=\"font-family: Book Antiqua, serif;\"><span style=\"font-size: large;\">Ale najcz\u0119\u015bciej jest to dzia\u0142anie wprost: dzia\u0142anie wynikaj\u0105ce <b>z nienawi\u015bci, zazdro\u015bci, z\u0142o\u015bliwo\u015bci, <\/b>czy jak chocia\u017cby w dzisiejszej historii \u2013 <b>z \u017c\u0105dzy. <\/b>Cz\u0142owiek cz\u0142owiekowi uprzykrza \u017cycie najbardziej. Przeto m\u00f3wi si\u0119, \u017ce B\u00f3g <b>nie musi specjalnie kara\u0107 cz\u0142owieka<\/b> \u017cadnymi swoimi nadzwyczajnymi dzia\u0142aniami \u2013 wystarczy, \u017ce d<b>opu\u015bci na\u0144 skutki jego w\u0142asnej g\u0142upoty,<\/b> albo z\u0142o\u015bliwo\u015bci! I to nawet w niewielkim stopniu. <\/span><\/span><\/span><\/p>\n<p align=\"justify\"><span style=\"color: #000000;\"><span style=\"font-family: Book Antiqua, serif;\"><span style=\"font-size: large;\">Bo to, \u017ce\u015bmy si\u0119 jeszcze wszyscy nie pozabijali, jest chyba tak\u017ce spowodowane tym, \u017ce B\u00f3g nas wr\u0119cz os\u0142ania przed owymi skutkami naszego w\u0142asnego dzia\u0142ania. <b>Os\u0142ania nas przed nami samymi!<\/b> Tak si\u0119 sta\u0142o r\u00f3wnie\u017c w dzisiejszej historii. Nie do\u015b\u0107, \u017ce nar\u00f3d wybrany przebywa\u0142 na wygnaniu \u2013 co ju\u017c samo w sobie by\u0142o nieszcz\u0119\u015bciem \u2013 to jeszcze <b>sobie nawzajem <\/b><b>ludzie <\/b><b>uprzykrza<\/b><b>li<\/b><b> \u017cycie\u2026<\/b><\/span><\/span><\/span><\/p>\n<p align=\"justify\"><span style=\"color: #000000;\"><span style=\"font-family: Book Antiqua, serif;\"><span style=\"font-size: large;\">A czy dzisiaj nie dzieje si\u0119 to samo? Czy pomimo \u015bmierci tylu os\u00f3b z powodu wirusa \u2013 <b>kliniki aborcyjne w wielu krajach nie dzia\u0142aj\u0105 pe\u0142n\u0105 par\u0105,<\/b> otrzymuj\u0105c nawet ze strony rz\u0105d\u00f3w specjalne u\u0142atwienia w dzia\u0142alno\u015bci? A czy\u017c nie docieraj\u0105 do nas wiadomo\u015bci ze \u015bwiata o tym, \u017ce wraz z rozszerzaniem si\u0119 dramatu epidemii, <b>wzrasta tak\u017ce przest\u0119pczo\u015b\u0107?\u2026<\/b> To jedna my\u015bl z dzisiejszych czyta\u0144.<\/span><\/span><\/span><\/p>\n<p align=\"justify\"><span style=\"color: #000000;\"><span style=\"font-family: Book Antiqua, serif;\"><span style=\"font-size: large;\">Druga to ta, o kt\u00f3rej m\u00f3wimy sobie codziennie, ale codziennie musimy j\u0105 sobie coraz mocniej akcentowa\u0107, a wynika ona z modlitwy, jak\u0105 w chwili tak bardzo dla siebie dramatycznej wznios\u0142a do Boga fa\u0142szywie oskar\u017cona Zuzanna: <i><b>Wiekuisty Bo\u017ce, kt\u00f3ry poznajesz to, co jest ukryte, i wiesz wszystko, zanim si\u0119 stanie. Ty wiesz, \u017ce z\u0142o\u017cyli fa\u0142szywe oskar\u017cenie przeciw mnie. Oto umieram, chocia\u017c nie uczyni\u0142am nic z tego, o co mnie ci z\u0142o\u015bliwie obwiniaj\u0105.<\/b><\/i><b> <\/b><\/span><\/span><\/span><\/p>\n<p align=\"justify\"><span style=\"color: #000000;\"><span style=\"font-family: Book Antiqua, serif;\"><span style=\"font-size: large;\">Widzimy zatem, \u017ce nawet w tak trudnej sytuacji, w jakiej si\u0119 znalaz\u0142a, Zuzanna <b>nie przesta\u0142a ufa\u0107 Bogu, a tym bardziej zwr\u00f3ci\u0142a si\u0119 do Niego ca\u0142ym swoim sercem.<\/b> I chyba ta sytuacja nie wymaga wi\u0119kszego komentarza: wiara, wielka wiara \u2013<b> tym wi\u0119ksza, <\/b>im bardziej widzimy, \u017ce \u015bwiat sobie nie radzi z nieszcz\u0119\u015bciem. <b>Nasze losy s\u0105 w r\u0119ku Boga<\/b> i On wie o wszystkim, co prze\u017cywamy, ale oczekuje naszej \u017carliwej modlitwy. Czy mamy wra\u017cenie, \u017ce <b>\u015bwiat tak reaguje na Bo\u017ce znaki?<\/b> <\/span><\/span><\/span><\/p>\n<p align=\"justify\"><span style=\"color: #000000;\"><span style=\"font-family: Book Antiqua, serif;\"><span style=\"font-size: large;\">Jednak nie musimy czeka\u0107, \u017ceby ca\u0142y \u015bwiat si\u0119 opami\u0119ta\u0142, bo mo\u017cemy si\u0119 nie doczeka\u0107. <b>To my sami musimy zadba\u0107<\/b> o to, by ci\u0105gle, coraz bardziej i bardziej, ufa\u0107 Bogu, i jeszcze wi\u0119cej si\u0119 modli\u0107! <\/span><\/span><\/span><\/p>\n<p align=\"justify\"><span style=\"color: #000000;\"><span style=\"font-family: Book Antiqua, serif;\"><span style=\"font-size: large;\">Kolejna my\u015bl, to taka, \u017ce Pan dzia\u0142a przez ludzi. Wszak s\u0142yszeli\u015bmy dzisiaj, \u017ce <i><b>Pan wys\u0142ucha\u0142 jej<\/b><\/i><b> <\/b><b>[czyli Zuzanny] <\/b><i><b>g\u0142osu. Gdy j\u0105 prowadzono na stracenie, wzbudzi\u0142 B\u00f3g \u015bwi\u0119tego ducha w m\u0142odzie\u0144cu imieniem Daniel. Zawo\u0142a\u0142 on dono\u015bnym g\u0142osem: \u201eJestem czysty od jej krwi!\u201d<\/b><\/i><i> <\/i>M\u00f3dlmy si\u0119 o to, aby Pan \u2013 na ten trudny czas \u2013 <b>dawa\u0142 nam prawdziwych Prorok\u00f3w i Pasterzy,<\/b> kt\u00f3rzy wyja\u015bni\u0105 nam Jego wol\u0119 i poka\u017c\u0105 drog\u0119, kt\u00f3r\u0105 mamy p\u00f3j\u015b\u0107. Kt\u00f3rzy nas zjednocz\u0105 w modlitwie i podtrzymaj\u0105 na duchu, <b>umacniaj\u0105c w nas wiar\u0119! <\/b><\/span><\/span><\/span><\/p>\n<p align=\"justify\"><span style=\"color: #000000;\"><span style=\"font-family: Book Antiqua, serif;\"><span style=\"font-size: large;\">Pan zwykle daje \u2013 w ka\u017cdej epoce \u2013 takich m\u0119\u017c\u00f3w opatrzno\u015bciowych. Oby\u015bmy i<b> dzisiaj ich mieli \u2013 i oby nikt si\u0119 pod nich nie podszywa\u0142,<\/b> wykorzystuj\u0105c zaistnia\u0142\u0105 sytuacj\u0119 do lansowania siebie i wt\u0142aczania ludziom teorii, kt\u00f3re nie s\u0105 Bo\u017cym g\u0142osem w tej sprawie\u2026 <\/span><\/span><\/span><\/p>\n<p align=\"justify\"><span style=\"color: #000000;\"><span style=\"font-family: Book Antiqua, serif;\"><span style=\"font-size: large;\">I jeszcze jedna my\u015bl, jaka wyp\u0142ywa z dzisiejszej Ewangelii, a mianowicie \u2013 <b>wiara w zwyci\u0119skie dzia\u0142anie Jezusa,<\/b> pomimo naszej grzeszno\u015bci i niegodno\u015bci. Jezus te\u017c \u2013 jak Daniel \u2013 uratowa\u0142 zagro\u017con\u0105 niewiast\u0119, z t\u0105 jednak r\u00f3\u017cnic\u0105, \u017ce <b>ta naprawd\u0119 grzeszy\u0142a<\/b> i w \u015bwietle zasad Prawa Starego Testamentu nale\u017ca\u0142o j\u0105 ukara\u0107. <b>Jezus jednak da\u0142 jej szans\u0119, <\/b>demaskuj\u0105c przy okazji grzechy oskar\u017cycieli \u2013 to akurat upatrujemy w Jego pisaniu palcem po ziemi. I w tym mamy te\u017c podobie\u0144stwo do pierwszego czytania \u2013 tam te\u017c grzechy oskar\u017cycieli zosta\u0142y zdemaskowane, i to nawet publicznie. <\/span><\/span><\/span><\/p>\n<p align=\"justify\"><span style=\"color: #000000;\"><span style=\"font-family: Book Antiqua, serif;\"><span style=\"font-size: large;\">Natomiast o ile w pierwszym czytaniu zosta\u0142a <b>potwierdzona niewinno\u015b\u0107 Zuzanny,<\/b> o tyle w Ewangelii czysto\u015b\u0107 serca zosta\u0142a oskar\u017conej kobiecie <b>niejako przywr\u00f3cona. <\/b>Jezus przebaczy\u0142 jej grzechy i da\u0142 jej szans\u0119, m\u00f3wi\u0105c bardzo zdecydowanie: <i><b>I Ja ciebie nie pot\u0119piam. Id\u017a, a od tej chwili ju\u017c nie grzesz.<\/b><\/i><b> <\/b>G\u0142\u0119boko wierzymy, \u017ce nie zmarnowa\u0142a ona tej szansy. Od tej chwili sta\u0142a si\u0119 zupe\u0142nie nowym cz\u0142owiekiem \u2013 by tak rzec: <b>odnowionym!<\/b><\/span><\/span><\/span><\/p>\n<p align=\"justify\"><span style=\"color: #000000;\"><span style=\"font-family: Book Antiqua, serif;\"><span style=\"font-size: large;\">I od nas tak\u017ce Pan tego oczekuje: <b>zerwania z grzechem, ze swoj\u0105 wad\u0105 g\u0142\u00f3wn\u0105<\/b> \u2013 m\u00f3wi\u0105c kr\u00f3tko: oczekuje <b>nawr\u00f3cenia! <\/b>Od ka\u017cdej i ka\u017cdego z nas \u2013 <b>bez wyj\u0105tku.<\/b> <\/span><\/span><\/span><\/p>\n<p align=\"justify\"><span style=\"color: #000000;\"><span style=\"font-family: Book Antiqua, serif;\"><span style=\"font-size: large;\">Moi Drodzy, bardzo wa\u017cn\u0105 spraw\u0105 by\u0142o <b>zawierzenie naszego kraju i innych kraj\u00f3w Matce Bo\u017cej Fatimskiej.<\/b> Bardzo wa\u017cn\u0105, wr\u0119cz epokow\u0105 spraw\u0105 by\u0142a <b>modlitwa Papie\u017ca Franciszka i b\u0142ogos\u0142awie\u0144stwo Urbi et orbi.<\/b> Ale za tym musi p\u00f3j\u015b\u0107 jeszcze nasza odpowied\u017a \u2013 <b>nasza modlitwa i nasza pokuta,<\/b> prowadz\u0105ca do szczerego nawr\u00f3cenia! Nie mo\u017ce by\u0107 tak, \u017ce Papie\u017c czy inni Pasterze Ko\u015bcio\u0142a b\u0119d\u0105 czyni\u0107 wielkie akty zawierzenia \u015bwiata Bogu, a <b>\u015bwiat b\u0119dzie si\u0119 temu przygl\u0105da\u0142 z boku,<\/b> traktuj\u0105c to jako wydarzenia medialne! Ludzie musz\u0105 si\u0119 wreszcie zwr\u00f3ci\u0107 ku Bogu \u2013 <b>NAWR\u00d3CI\u0106 SI\u0118!<\/b> A wtedy pandemia ustanie bardzo szybko.<\/span><\/span><\/span><\/p>\n<p align=\"justify\"><span style=\"color: #000000;\"><span style=\"font-family: Book Antiqua, serif;\"><span style=\"font-size: large;\">Moi Drodzy, <b>niech ten proces zacznie si\u0119 od nas<\/b> \u2013 o ile si\u0119 jeszcze nie zacz\u0105\u0142. I tutaj wracamy do naszych rozwa\u017ca\u0144 z pocz\u0105tku Wielkiego Postu, zanim jeszcze si\u0119 zacz\u0119\u0142o wszystko to, co teraz prze\u017cywamy \u2013 i pytamy <b>o nasze wielkopostne postanowienie.<\/b> Czyli o co\u015b, o co pytamy ka\u017cdego roku. Nic nowego. Tylko teraz nabiera to jeszcze wi\u0119kszego znaczenia. <\/span><\/span><\/span><\/p>\n<p align=\"justify\"><span style=\"color: #000000;\"><span style=\"font-family: Book Antiqua, serif;\"><span style=\"font-size: large;\">Zatem, niech nasz\u0105 odpowiedzi\u0105, dan\u0105 Bogu ze szczerego serca, na to wszystko, co On do nas m\u00f3wi przez obecn\u0105 sytuacj\u0119, b\u0119dzie nasza <b>osobista \u2013 <\/b><b>i wsp\u00f3lna, rodzinna \u2013 <\/b><b>jeszcze bardziej intensywna modlitwa<\/b> <b>i nasze osobiste nawr\u00f3cenie, <\/b>czyli dok\u0142adna realizacja wielkopostnego postanowienia, prowadz\u0105ca do <b>konkretnej i wyra\u017anej przemiany<\/b> jakiego\u015b aspektu naszego \u017cycia, naszego post\u0119powania. <\/span><\/span><\/span><\/p>\n<p align=\"justify\"><span style=\"color: #000000;\"><span style=\"font-family: Book Antiqua, serif;\"><span style=\"font-size: large;\">Co postanowi\u0142em \u2013 albo dzisiaj postanowi\u0119 \u2013 <b>zmieni\u0107 w swoim \u017cyciu na lepsze?<\/b> Z jak\u0105 moj\u0105 s\u0142abo\u015bci\u0105, z jakim grzechem, b\u0119d\u0119 <b>zdecydowanie walczy\u0142, bez \u017cadnych kompromis\u00f3w?<\/b> Jakie konkretne <b>dobro<\/b> zacz\u0105\u0142em \u2013 lub dzisiaj, koniecznie ju\u017c dzisiaj! \u2013 zaczn\u0119 realizowa\u0107? <\/span><\/span><\/span><\/p>\n<p align=\"justify\"><span style=\"color: #000000;\"><span style=\"font-family: Book Antiqua, serif;\"><span style=\"font-size: large;\">Moi Drodzy, to b\u0119dzie <b>nasz osobisty wk\u0142ad w ratowanie \u015bwiata.<\/b> Od nas naprawd\u0119 teraz bardzo wiele zale\u017cy! Nie czekajmy na ca\u0142y \u015bwiat \u2013 zacznijmy dzie\u0142o nawr\u00f3cenia <b>od siebie! <\/b>To b\u0119dzie konkret. I wyra\u017any krok do uratowania \u015bwiata\u2026<\/span><\/span><\/span><\/p>\n","protected":false},"excerpt":{"rendered":"<p>Szcz\u0119\u015b\u0107 Bo\u017ce! Moi Drodzy, wszystko, co chc\u0119 dzisiaj powiedzie\u0107, zawar\u0142em w rozwa\u017caniu. Niech Was b\u0142ogos\u0142awi B\u00f3g Wszechmog\u0105cy: Ojciec + i Syn, i Duch \u015awi\u0119ty. Amen Gaudium et spes! Ks. Jacek Poniedzia\u0142ek 5 Tygodnia Wielkiego Postu, 30 marca 2020., do czyta\u0144: Dn 13,41\u201362; J 8,1\u201311 [w roku A] CZYTANIE Z KSI\u0118GI PROROKA DANIELA: Na wygnaniu w [&hellip;]<\/p>\n","protected":false},"author":1,"featured_media":0,"comment_status":"open","ping_status":"open","sticky":false,"template":"","format":"standard","meta":{"jetpack_post_was_ever_published":false,"_jetpack_newsletter_access":"","_jetpack_dont_email_post_to_subs":false,"_jetpack_newsletter_tier_id":0,"_jetpack_memberships_contains_paywalled_content":false,"_jetpack_memberships_contains_paid_content":false,"footnotes":""},"categories":[1],"tags":[],"class_list":["post-16747","post","type-post","status-publish","format-standard","hentry","category-bez-kategorii"],"yoast_head":"<!-- This site is optimized with the Yoast SEO plugin v25.1 - https:\/\/yoast.com\/wordpress\/plugins\/seo\/ -->\n<title>Od tej chwili ju\u017c nie grzesz! - Gaudium Et Spes<\/title>\n<meta name=\"robots\" content=\"index, follow, max-snippet:-1, max-image-preview:large, max-video-preview:-1\" \/>\n<link rel=\"canonical\" href=\"https:\/\/gaudiumetspes-blog.pl\/index.php\/2020\/03\/30\/od-tej-chwili-juz-nie-grzesz\/\" \/>\n<meta property=\"og:locale\" content=\"pl_PL\" \/>\n<meta property=\"og:type\" content=\"article\" \/>\n<meta property=\"og:title\" content=\"Od tej chwili ju\u017c nie grzesz! - Gaudium Et Spes\" \/>\n<meta property=\"og:description\" content=\"Szcz\u0119\u015b\u0107 Bo\u017ce! Moi Drodzy, wszystko, co chc\u0119 dzisiaj powiedzie\u0107, zawar\u0142em w rozwa\u017caniu. Niech Was b\u0142ogos\u0142awi B\u00f3g Wszechmog\u0105cy: Ojciec + i Syn, i Duch \u015awi\u0119ty. Amen Gaudium et spes! Ks. Jacek Poniedzia\u0142ek 5 Tygodnia Wielkiego Postu, 30 marca 2020., do czyta\u0144: Dn 13,41\u201362; J 8,1\u201311 [w roku A] CZYTANIE Z KSI\u0118GI PROROKA DANIELA: Na wygnaniu w [&hellip;]\" \/>\n<meta property=\"og:url\" content=\"https:\/\/gaudiumetspes-blog.pl\/index.php\/2020\/03\/30\/od-tej-chwili-juz-nie-grzesz\/\" \/>\n<meta property=\"og:site_name\" content=\"Gaudium Et Spes\" \/>\n<meta property=\"article:published_time\" content=\"2020-03-30T06:31:33+00:00\" \/>\n<meta name=\"author\" content=\"Ks. Jacek\" \/>\n<meta name=\"twitter:card\" content=\"summary_large_image\" \/>\n<meta name=\"twitter:label1\" content=\"Napisane przez\" \/>\n\t<meta name=\"twitter:data1\" content=\"Ks. Jacek\" \/>\n\t<meta name=\"twitter:label2\" content=\"Szacowany czas czytania\" \/>\n\t<meta name=\"twitter:data2\" content=\"10 minut\" \/>\n<script type=\"application\/ld+json\" class=\"yoast-schema-graph\">{\"@context\":\"https:\/\/schema.org\",\"@graph\":[{\"@type\":\"WebPage\",\"@id\":\"https:\/\/gaudiumetspes-blog.pl\/index.php\/2020\/03\/30\/od-tej-chwili-juz-nie-grzesz\/\",\"url\":\"https:\/\/gaudiumetspes-blog.pl\/index.php\/2020\/03\/30\/od-tej-chwili-juz-nie-grzesz\/\",\"name\":\"Od tej chwili ju\u017c nie grzesz! - Gaudium Et Spes\",\"isPartOf\":{\"@id\":\"https:\/\/gaudiumetspes-blog.pl\/#website\"},\"datePublished\":\"2020-03-30T06:31:33+00:00\",\"author\":{\"@id\":\"https:\/\/gaudiumetspes-blog.pl\/#\/schema\/person\/1661982992b752dea8dff0d4ed845a65\"},\"breadcrumb\":{\"@id\":\"https:\/\/gaudiumetspes-blog.pl\/index.php\/2020\/03\/30\/od-tej-chwili-juz-nie-grzesz\/#breadcrumb\"},\"inLanguage\":\"pl-PL\",\"potentialAction\":[{\"@type\":\"ReadAction\",\"target\":[\"https:\/\/gaudiumetspes-blog.pl\/index.php\/2020\/03\/30\/od-tej-chwili-juz-nie-grzesz\/\"]}]},{\"@type\":\"BreadcrumbList\",\"@id\":\"https:\/\/gaudiumetspes-blog.pl\/index.php\/2020\/03\/30\/od-tej-chwili-juz-nie-grzesz\/#breadcrumb\",\"itemListElement\":[{\"@type\":\"ListItem\",\"position\":1,\"name\":\"Strona g\u0142\u00f3wna\",\"item\":\"https:\/\/gaudiumetspes-blog.pl\/\"},{\"@type\":\"ListItem\",\"position\":2,\"name\":\"Od&nbsp;tej&nbsp;chwili ju\u017c nie&nbsp;grzesz!\"}]},{\"@type\":\"WebSite\",\"@id\":\"https:\/\/gaudiumetspes-blog.pl\/#website\",\"url\":\"https:\/\/gaudiumetspes-blog.pl\/\",\"name\":\"Gaudium Et Spes\",\"description\":\"Blog Ks. Jacka Ja\u015bkowskiego\",\"potentialAction\":[{\"@type\":\"SearchAction\",\"target\":{\"@type\":\"EntryPoint\",\"urlTemplate\":\"https:\/\/gaudiumetspes-blog.pl\/?s={search_term_string}\"},\"query-input\":{\"@type\":\"PropertyValueSpecification\",\"valueRequired\":true,\"valueName\":\"search_term_string\"}}],\"inLanguage\":\"pl-PL\"},{\"@type\":\"Person\",\"@id\":\"https:\/\/gaudiumetspes-blog.pl\/#\/schema\/person\/1661982992b752dea8dff0d4ed845a65\",\"name\":\"Ks. Jacek\",\"image\":{\"@type\":\"ImageObject\",\"inLanguage\":\"pl-PL\",\"@id\":\"https:\/\/gaudiumetspes-blog.pl\/#\/schema\/person\/image\/\",\"url\":\"https:\/\/gaudiumetspes-blog.pl\/wp-content\/uploads\/2019\/07\/avatar-JJ-150x150.jpg\",\"contentUrl\":\"https:\/\/gaudiumetspes-blog.pl\/wp-content\/uploads\/2019\/07\/avatar-JJ-150x150.jpg\",\"caption\":\"Ks. Jacek\"},\"description\":\"Witam serdecznie! K\u0142ania si\u0119 Ks. Jacek Ja\u015bkowski. Nie jestem ani kim\u015b wa\u017cnym, ani kim\u015b znanym. Jestem ksi\u0119dzem, kt\u00f3ry po prostu chce rozmawia\u0107. Codzienna kap\u0142a\u0144ska pos\u0142uga pokazuje mi, \u017ce temat\u00f3w do rozm\u00f3w z ksi\u0119dzem jest coraz wi\u0119cej i dzisiaj \u017caden ksi\u0105dz nie mo\u017ce od nich ucieka\u0107, ale - wprost przeciwnie - podejmowa\u0107 nowe wyzwania. To przekonanie sk\u0142oni\u0142o mnie do pr\u00f3by otwarcia tego\u017c bloga, chocia\u017c okazji do rozm\u00f3w na co dzie\u0144 - w konfesjonale i poza nim - na szcz\u0119\u015bcie nie brakuje. My\u015bl\u0119 jednak, \u017ce ten blog b\u0119dzie jeszcze jednym sposobem i przestrzeni\u0105 nawi\u0105zania kontaktu z lud\u017ami dobrej woli, otwartymi na dialog.\",\"url\":\"https:\/\/gaudiumetspes-blog.pl\/index.php\/author\/ks-jacek\/\"}]}<\/script>\n<!-- \/ Yoast SEO plugin. -->","yoast_head_json":{"title":"Od tej chwili ju\u017c nie grzesz! - Gaudium Et Spes","robots":{"index":"index","follow":"follow","max-snippet":"max-snippet:-1","max-image-preview":"max-image-preview:large","max-video-preview":"max-video-preview:-1"},"canonical":"https:\/\/gaudiumetspes-blog.pl\/index.php\/2020\/03\/30\/od-tej-chwili-juz-nie-grzesz\/","og_locale":"pl_PL","og_type":"article","og_title":"Od tej chwili ju\u017c nie grzesz! - Gaudium Et Spes","og_description":"Szcz\u0119\u015b\u0107 Bo\u017ce! Moi Drodzy, wszystko, co chc\u0119 dzisiaj powiedzie\u0107, zawar\u0142em w rozwa\u017caniu. Niech Was b\u0142ogos\u0142awi B\u00f3g Wszechmog\u0105cy: Ojciec + i Syn, i Duch \u015awi\u0119ty. Amen Gaudium et spes! Ks. Jacek Poniedzia\u0142ek 5 Tygodnia Wielkiego Postu, 30 marca 2020., do czyta\u0144: Dn 13,41\u201362; J 8,1\u201311 [w roku A] CZYTANIE Z KSI\u0118GI PROROKA DANIELA: Na wygnaniu w [&hellip;]","og_url":"https:\/\/gaudiumetspes-blog.pl\/index.php\/2020\/03\/30\/od-tej-chwili-juz-nie-grzesz\/","og_site_name":"Gaudium Et Spes","article_published_time":"2020-03-30T06:31:33+00:00","author":"Ks. Jacek","twitter_card":"summary_large_image","twitter_misc":{"Napisane przez":"Ks. Jacek","Szacowany czas czytania":"10 minut"},"schema":{"@context":"https:\/\/schema.org","@graph":[{"@type":"WebPage","@id":"https:\/\/gaudiumetspes-blog.pl\/index.php\/2020\/03\/30\/od-tej-chwili-juz-nie-grzesz\/","url":"https:\/\/gaudiumetspes-blog.pl\/index.php\/2020\/03\/30\/od-tej-chwili-juz-nie-grzesz\/","name":"Od tej chwili ju\u017c nie grzesz! - Gaudium Et Spes","isPartOf":{"@id":"https:\/\/gaudiumetspes-blog.pl\/#website"},"datePublished":"2020-03-30T06:31:33+00:00","author":{"@id":"https:\/\/gaudiumetspes-blog.pl\/#\/schema\/person\/1661982992b752dea8dff0d4ed845a65"},"breadcrumb":{"@id":"https:\/\/gaudiumetspes-blog.pl\/index.php\/2020\/03\/30\/od-tej-chwili-juz-nie-grzesz\/#breadcrumb"},"inLanguage":"pl-PL","potentialAction":[{"@type":"ReadAction","target":["https:\/\/gaudiumetspes-blog.pl\/index.php\/2020\/03\/30\/od-tej-chwili-juz-nie-grzesz\/"]}]},{"@type":"BreadcrumbList","@id":"https:\/\/gaudiumetspes-blog.pl\/index.php\/2020\/03\/30\/od-tej-chwili-juz-nie-grzesz\/#breadcrumb","itemListElement":[{"@type":"ListItem","position":1,"name":"Strona g\u0142\u00f3wna","item":"https:\/\/gaudiumetspes-blog.pl\/"},{"@type":"ListItem","position":2,"name":"Od&nbsp;tej&nbsp;chwili ju\u017c nie&nbsp;grzesz!"}]},{"@type":"WebSite","@id":"https:\/\/gaudiumetspes-blog.pl\/#website","url":"https:\/\/gaudiumetspes-blog.pl\/","name":"Gaudium Et Spes","description":"Blog Ks. Jacka Ja\u015bkowskiego","potentialAction":[{"@type":"SearchAction","target":{"@type":"EntryPoint","urlTemplate":"https:\/\/gaudiumetspes-blog.pl\/?s={search_term_string}"},"query-input":{"@type":"PropertyValueSpecification","valueRequired":true,"valueName":"search_term_string"}}],"inLanguage":"pl-PL"},{"@type":"Person","@id":"https:\/\/gaudiumetspes-blog.pl\/#\/schema\/person\/1661982992b752dea8dff0d4ed845a65","name":"Ks. Jacek","image":{"@type":"ImageObject","inLanguage":"pl-PL","@id":"https:\/\/gaudiumetspes-blog.pl\/#\/schema\/person\/image\/","url":"https:\/\/gaudiumetspes-blog.pl\/wp-content\/uploads\/2019\/07\/avatar-JJ-150x150.jpg","contentUrl":"https:\/\/gaudiumetspes-blog.pl\/wp-content\/uploads\/2019\/07\/avatar-JJ-150x150.jpg","caption":"Ks. Jacek"},"description":"Witam serdecznie! K\u0142ania si\u0119 Ks. Jacek Ja\u015bkowski. Nie jestem ani kim\u015b wa\u017cnym, ani kim\u015b znanym. Jestem ksi\u0119dzem, kt\u00f3ry po prostu chce rozmawia\u0107. Codzienna kap\u0142a\u0144ska pos\u0142uga pokazuje mi, \u017ce temat\u00f3w do rozm\u00f3w z ksi\u0119dzem jest coraz wi\u0119cej i dzisiaj \u017caden ksi\u0105dz nie mo\u017ce od nich ucieka\u0107, ale - wprost przeciwnie - podejmowa\u0107 nowe wyzwania. To przekonanie sk\u0142oni\u0142o mnie do pr\u00f3by otwarcia tego\u017c bloga, chocia\u017c okazji do rozm\u00f3w na co dzie\u0144 - w konfesjonale i poza nim - na szcz\u0119\u015bcie nie brakuje. My\u015bl\u0119 jednak, \u017ce ten blog b\u0119dzie jeszcze jednym sposobem i przestrzeni\u0105 nawi\u0105zania kontaktu z lud\u017ami dobrej woli, otwartymi na dialog.","url":"https:\/\/gaudiumetspes-blog.pl\/index.php\/author\/ks-jacek\/"}]}},"jetpack_featured_media_url":"","jetpack_sharing_enabled":true,"_links":{"self":[{"href":"https:\/\/gaudiumetspes-blog.pl\/index.php\/wp-json\/wp\/v2\/posts\/16747","targetHints":{"allow":["GET"]}}],"collection":[{"href":"https:\/\/gaudiumetspes-blog.pl\/index.php\/wp-json\/wp\/v2\/posts"}],"about":[{"href":"https:\/\/gaudiumetspes-blog.pl\/index.php\/wp-json\/wp\/v2\/types\/post"}],"author":[{"embeddable":true,"href":"https:\/\/gaudiumetspes-blog.pl\/index.php\/wp-json\/wp\/v2\/users\/1"}],"replies":[{"embeddable":true,"href":"https:\/\/gaudiumetspes-blog.pl\/index.php\/wp-json\/wp\/v2\/comments?post=16747"}],"version-history":[{"count":1,"href":"https:\/\/gaudiumetspes-blog.pl\/index.php\/wp-json\/wp\/v2\/posts\/16747\/revisions"}],"predecessor-version":[{"id":16748,"href":"https:\/\/gaudiumetspes-blog.pl\/index.php\/wp-json\/wp\/v2\/posts\/16747\/revisions\/16748"}],"wp:attachment":[{"href":"https:\/\/gaudiumetspes-blog.pl\/index.php\/wp-json\/wp\/v2\/media?parent=16747"}],"wp:term":[{"taxonomy":"category","embeddable":true,"href":"https:\/\/gaudiumetspes-blog.pl\/index.php\/wp-json\/wp\/v2\/categories?post=16747"},{"taxonomy":"post_tag","embeddable":true,"href":"https:\/\/gaudiumetspes-blog.pl\/index.php\/wp-json\/wp\/v2\/tags?post=16747"}],"curies":[{"name":"wp","href":"https:\/\/api.w.org\/{rel}","templated":true}]}}