{"id":16749,"date":"2020-03-31T05:37:57","date_gmt":"2020-03-31T03:37:57","guid":{"rendered":"https:\/\/gaudiumetspes-blog.pl\/?p=16749"},"modified":"2020-03-30T22:12:41","modified_gmt":"2020-03-30T20:12:41","slug":"gdy-wywyzszycie-syna-czlowieczego","status":"publish","type":"post","link":"https:\/\/gaudiumetspes-blog.pl\/index.php\/2020\/03\/31\/gdy-wywyzszycie-syna-czlowieczego\/","title":{"rendered":"Gdy wywy\u017cszycie Syna Cz\u0142owieczego&#8230;"},"content":{"rendered":"<p align=\"justify\"><span style=\"color: #000000;\"><span style=\"font-family: Book Antiqua, serif;\"><span style=\"font-size: large;\">Szcz\u0119\u015b\u0107 Bo\u017ce! Moi Drodzy, w dniu dzisiejszym <b>urodziny prze\u017cywa Kamila Malinowska, nale\u017c\u0105ca w swoim czasie do Wsp\u00f3lnoty m\u0142odzie\u017cowej w Bia\u0142ej Podlaskiej. \u017bycz\u0119 Jubilatce wszelkiego dobra i modl\u0119 si\u0119 <\/b><b>dla Niej <\/b><b>o Bo\u017ce b\u0142ogos\u0142awie\u0144stwo.<\/b><\/span><\/span><\/span><\/p>\n<p align=\"justify\"><span style=\"color: #000000;\"><span style=\"font-family: Book Antiqua, serif;\"><span style=\"font-size: large;\">Moi Drodzy, w kontek\u015bcie naszych refleksji, w ramach tegorocznych wielkopostnych rekolekcji, polecam Waszej uwadze niezwykle mocny artyku\u0142:<\/span><\/span><\/span><\/p>\n<p align=\"justify\"><span style=\"color: #000000;\"><span style=\"font-family: Book Antiqua, serif;\"><span style=\"font-size: medium;\"><span style=\"font-size: large;\"><a href=\"https:\/\/www.pch24.pl\/grzegorz-kucharczyk--podporzadkowanie,74979,i.html\">https:\/\/www.pch24.pl\/grzegorz-kucharczyk&#8211;podporzadkowanie,74979,i.html<\/a> <\/span><\/span><\/span><\/span><\/p>\n<p align=\"justify\"><span style=\"color: #000000;\"><span style=\"font-family: Book Antiqua, serif;\"><span style=\"font-size: large;\">Z b\u00f3lem musz\u0119 stwierdzi\u0107, \u017ce w ca\u0142o\u015bci zgadzam si\u0119 z t\u0105 opini\u0105 i podpisuj\u0119 si\u0119 pod ni\u0105. Wyra\u017ca ona \u2013 co wyra\u017anie wida\u0107 po moich wypowiedziach przez ca\u0142y czas trwania tych wyj\u0105tkowych rekolekcji \u2013 moje stanowisko w tym temacie. <\/span><\/span><\/span><\/p>\n<p align=\"justify\"><span style=\"color: #000000;\"><span style=\"font-family: Book Antiqua, serif;\"><span style=\"font-size: large;\">A tutaj ca\u0142y zestaw r\u00f3\u017cnych ciekawych wypowiedzi, kt\u00f3re tak\u017ce polecam Waszej uwadze. Mo\u017ce co\u015b z tego wybierzecie do poczytania i przemy\u015blenia:<\/span><\/span><\/span><\/p>\n<p align=\"justify\"><span style=\"color: #000000;\"><span style=\"font-family: Book Antiqua, serif;\"><span style=\"font-size: medium;\"><span style=\"font-size: large;\"><a href=\"https:\/\/www.pch24.pl\/wiara-w-dobie-koronawirusa--zobacz-raport-specjalny-pch24-pl,74544,i.html\">https:\/\/www.pch24.pl\/wiara-w-dobie-koronawirusa&#8211;zobacz-raport-specjalny-pch24-pl,74544,i.html<\/a> <\/span><\/span><\/span><\/span><\/p>\n<p align=\"justify\"><span style=\"color: #000000;\"><span style=\"font-family: Book Antiqua, serif;\"><span style=\"font-size: large;\">Z kolei, w tym artykule, znajdziecie potwierdzenie tego, co wczoraj napisa\u0142em o wzrastaj\u0105cej ilo\u015bci przest\u0119pstw, tak\u017ce teraz, kiedy \u015bwiat zmaga si\u0119 z pandemi\u0105:<\/span><\/span><\/span><\/p>\n<p align=\"justify\"><span style=\"color: #000000;\"><span style=\"font-family: Book Antiqua, serif;\"><span style=\"font-size: medium;\"><span style=\"font-size: large;\"><a href=\"https:\/\/www.pch24.pl\/dramat-w-poludniowych-wloszech--plaga-napasci-i-kradziezy--policja-ochrania-sklepy-i-apteki,74968,i.html\">https:\/\/www.pch24.pl\/dramat-w-poludniowych-wloszech&#8211;plaga-napasci-i-kradziezy&#8211;policja-ochrania-sklepy-i-apteki,74968,i.html<\/a> <\/span><\/span><\/span><\/span><\/p>\n<p align=\"justify\"><span style=\"color: #000000;\"><span style=\"font-family: Book Antiqua, serif;\"><span style=\"font-size: large;\">Moi Drodzy, we wczorajszej rozmowie telefonicznej, Karolina Kaliszuk, Studentka zaanga\u017cowana w nasze Duszpasterstwo Akademickie, zaproponowa\u0142a, aby ten czas przebywania w domach lepiej wykorzysta\u0107 dla przygotowania inscenizacji, jak\u0105 zacz\u0119li\u015bmy wst\u0119pnie organizowa\u0107, w zwi\u0105zku z Beatyfikacj\u0105 Prymasa Tysi\u0105clecia. <\/span><\/span><\/span><\/p>\n<p align=\"justify\"><span style=\"color: #000000;\"><span style=\"font-family: Book Antiqua, serif;\"><span style=\"font-size: large;\">Ten g\u0142os, za kt\u00f3ry zreszt\u0105 Karolinie bardzo dzi\u0119kuj\u0119, u\u015bwiadomi\u0142 mi \u2013 podobnie, jak artyku\u0142 Profesora Kucharczyka \u2013 \u017ce my chyba za ma\u0142o \u201em\u0119czymy\u201d Prymasa Wyszy\u0144skiego naszymi modlitwami, za ma\u0142o wzywamy Jego wstawiennictwa, chocia\u017cby prosz\u0105c o to, aby wyprosi\u0142 mo\u017cliwo\u015b\u0107 przeprowadzenia bez przeszk\u00f3d Jego w\u0142asnej Beatyfikacji! A jednocze\u015bnie \u2013 aby wspiera\u0142 nas przed Tronem Bo\u017cym w modlitwie o odmian\u0119 sytuacji.<\/span><\/span><\/span><\/p>\n<p align=\"justify\"><span style=\"color: #000000;\"><span style=\"font-family: Book Antiqua, serif;\"><span style=\"font-size: large;\">Dlatego zach\u0119cam, aby\u015bmy wzywali wstawiennictwa wielkiego Prymasa. A z Jego nauczania i postawy czerpali natchnienie i wz\u00f3r do odwa\u017cnego \u015bwiadczenia o swojej wierze!<\/span><\/span><\/span><\/p>\n<p align=\"justify\"><span style=\"color: #000000;\"><span style=\"font-family: Book Antiqua, serif;\"><span style=\"font-size: large;\">Moi Drodzy, raz jeszcze zach\u0119cam do naszej \u0142\u0105czno\u015bci na tym blogu \u2013 zechciejcie czyta\u0107, rozwa\u017ca\u0107, wypowiada\u0107 si\u0119\u2026 Zach\u0119cajcie innych, aby w\u0142\u0105czali si\u0119 do tej naszej blogowej i rekolekcyjnej wsp\u00f3lnoty! Raz jeszcze o\u015bmielam si\u0119 poleci\u0107 \u201erecept\u0119 na koronawirusa\u201d z poprzedniej soboty, oraz dwa pi\u0105tkowe s\u0142\u00f3wka Ksi\u0119dza Marka!<\/span><\/span><\/span><\/p>\n<p align=\"justify\"><span style=\"color: #000000;\"><span style=\"font-family: Book Antiqua, serif;\"><span style=\"font-size: large;\">Zach\u0119cam do coraz bardziej intensywnej modlitwy i do podejmowania dzie\u0142 pokutnych, w tym szczeg\u00f3lnie \u2013 do realizacji konkretnego, wielkopostnego postanowienia!<\/span><\/span><\/span><\/p>\n<p align=\"justify\"><span style=\"color: #000000;\"><span style=\"font-family: Book Antiqua, serif;\"><span style=\"font-size: large;\">Zapraszam te\u017c \u2013 po raz kolejny \u2013 do wsp\u00f3lnej ze mn\u0105 modlitwy o to, <b>by\u015bmy \u015awi\u0119ta Paschalne mogli prze\u017cywa\u0107 w rado\u015bci! <\/b>To jest mo\u017cliwe \u2013 je\u017celi tylko Pan b\u0119dzie tego chcia\u0142. Przekonujmy Go wi\u0119c wsp\u00f3lnie, \u017ceby zechcia\u0142\u2026 <\/span><\/span><\/span><\/p>\n<p align=\"justify\"><span style=\"color: #000000;\"><span style=\"font-family: Book Antiqua, serif;\"><span style=\"font-size: large;\"><b>Niech Was b\u0142ogos\u0142awi B\u00f3g Wszechmog\u0105cy: Ojciec + i Syn, i Duch \u015awi\u0119ty. Amen<\/b><\/span><\/span><\/span><\/p>\n<p align=\"center\"><span style=\"color: #000000;\"><span style=\"font-family: Book Antiqua, serif;\"><span style=\"font-size: large;\">Gaudium et spes! Ks. Jacek<\/span><\/span><\/span><\/p>\n<p align=\"center\">\n<p align=\"center\">\n<p align=\"center\">\n<p align=\"center\">\n<p align=\"center\">\n<p align=\"justify\"><span style=\"color: #000000;\"><span style=\"font-family: Book Antiqua, serif;\"><span style=\"font-size: large;\"><b>Wtorek 5 Tygodnia Wielkiego Postu,<\/b><\/span><\/span><\/span><\/p>\n<p align=\"justify\"><span style=\"color: #000000;\"><span style=\"font-family: Book Antiqua, serif;\"><span style=\"font-size: large;\"><b>31 marca 2020.,<\/b><\/span><\/span><\/span><\/p>\n<p align=\"justify\"><span style=\"color: #000000;\"><span style=\"font-family: Book Antiqua, serif;\"><span style=\"font-size: large;\"><b>do czyta\u0144: Lb 21,4\u20139; J 8,21\u201330<\/b><\/span><\/span><\/span><\/p>\n<p align=\"justify\">\n<p align=\"justify\">\n<p align=\"justify\">\n<p align=\"justify\">\n<p align=\"justify\">\n<p align=\"justify\"><span style=\"color: #000000;\"><span style=\"font-family: Book Antiqua, serif;\"><span style=\"font-size: large;\"><b>CZYTANIE Z KSI\u0118GI LICZB: <\/b><\/span><\/span><\/span><\/p>\n<p align=\"justify\"><span style=\"color: #000000;\"><span style=\"font-family: Book Antiqua, serif;\"><span style=\"font-size: large;\"><b>Od g\u00f3ry Hor szli Izraelici w kierunku Morza Czerwonego, aby obej\u015b\u0107 ziemi\u0119 Edom; podczas drogi jednak lud straci\u0142 cierpliwo\u015b\u0107. I zacz\u0119li m\u00f3wi\u0107 przeciw Bogu i Moj\u017ceszowi: \u201eCzemu wyprowadzili\u015bcie nas z Egiptu, by\u015bmy tu na pustyni pomarli? Nie ma chleba ani wody, a uprzykrzy\u0142 si\u0119 nam ju\u017c ten pokarm mizerny\u201d. <\/b><\/span><\/span><\/span><\/p>\n<p align=\"justify\"><span style=\"color: #000000;\"><span style=\"font-family: Book Antiqua, serif;\"><span style=\"font-size: large;\"><b>Zes\u0142a\u0142 przeto Pan na lud w\u0119\u017ce o jadzie pal\u0105cym, kt\u00f3re k\u0105sa\u0142y ludzi tak, \u017ce wielka liczba Izraelit\u00f3w zmar\u0142a. Przybyli wi\u0119c ludzie do Moj\u017cesza, m\u00f3wi\u0105c: \u201eZgrzeszyli\u015bmy szemrz\u0105c przeciw Panu i przeciwko tobie. Wstaw si\u0119 za nami do Pana, aby oddali\u0142 od nas w\u0119\u017ce\u201d. I wstawi\u0142 si\u0119 Moj\u017cesz za ludem. <\/b><\/span><\/span><\/span><\/p>\n<p align=\"justify\"><span style=\"color: #000000;\"><span style=\"font-family: Book Antiqua, serif;\"><span style=\"font-size: large;\"><b>Wtedy rzek\u0142 Pan do Moj\u017cesza: \u201eSporz\u0105d\u017a w\u0119\u017ca i umie\u015b\u0107 go na wysokim palu; wtedy ka\u017cdy uk\u0105szony, je\u015bli tylko spojrzy na niego, zostanie przy \u017cyciu\u201d. Sporz\u0105dzi\u0142 wi\u0119c Moj\u017cesz w\u0119\u017ca miedzianego i umie\u015bci\u0142 go na wysokim palu. I rzeczywi\u015bcie, je\u015bli kogo w\u0105\u017c uk\u0105si\u0142, a uk\u0105szony spojrza\u0142 na w\u0119\u017ca miedzianego, zostawa\u0142 przy \u017cyciu.<\/b><\/span><\/span><\/span><\/p>\n<p align=\"justify\">\n<p align=\"justify\">\n<p align=\"justify\">\n<p align=\"justify\">\n<p align=\"justify\">\n<p align=\"justify\"><span style=\"color: #000000;\"><span style=\"font-family: Book Antiqua, serif;\"><span style=\"font-size: large;\"><b>S\u0141OWA EWANGELII WED\u0141UG \u015aWI\u0118TEGO JANA: <\/b><\/span><\/span><\/span><\/p>\n<p align=\"justify\"><span style=\"color: #000000;\"><span style=\"font-family: Book Antiqua, serif;\"><span style=\"font-size: large;\"><b>Jezus powiedzia\u0142 do faryzeusz\u00f3w: \u201eJa odchodz\u0119, a wy b\u0119dziecie Mnie szuka\u0107 i w grzechu swoim pomrzecie. Tam, gdzie Ja id\u0119, wy p\u00f3j\u015b\u0107 nie mo\u017cecie\u201d. <\/b><\/span><\/span><\/span><\/p>\n<p align=\"justify\"><span style=\"color: #000000;\"><span style=\"font-family: Book Antiqua, serif;\"><span style=\"font-size: large;\"><b>Rzekli wi\u0119c do Niego \u017bydzi: \u201eCzy\u017cby mia\u0142 sam siebie zabi\u0107, skoro powiada: Tam, gdzie Ja id\u0119, wy p\u00f3j\u015b\u0107 nie mo\u017cecie?\u201d <\/b><\/span><\/span><\/span><\/p>\n<p align=\"justify\"><span style=\"color: #000000;\"><span style=\"font-family: Book Antiqua, serif;\"><span style=\"font-size: large;\"><b>A On rzek\u0142 do nich: \u201eWy jeste\u015bcie z nisko\u015bci, a Ja jestem z wysoka. Wy jeste\u015bcie z tego \u015bwiata, Ja nie jestem z tego \u015bwiata. Powiedzia\u0142em wam, \u017ce pomrzecie w grzechach swoich. Tak, je\u017celi nie uwierzycie, \u017ce Ja jestem, pomrzecie w grzechach swoich\u201d. <\/b><\/span><\/span><\/span><\/p>\n<p align=\"justify\"><span style=\"color: #000000;\"><span style=\"font-family: Book Antiqua, serif;\"><span style=\"font-size: large;\"><b>Powiedzieli do Niego: \u201eKim\u017ce Ty jeste\u015b?\u201d <\/b><\/span><\/span><\/span><\/p>\n<p align=\"justify\"><span style=\"color: #000000;\"><span style=\"font-family: Book Antiqua, serif;\"><span style=\"font-size: large;\"><b>Odpowiedzia\u0142 im Jezus: \u201ePrzede wszystkim po c\u00f3\u017c jeszcze do was m\u00f3wi\u0119? Wiele mam o was do powiedzenia i do s\u0105dzenia. Ale Ten, kt\u00f3ry Mnie pos\u0142a\u0142, jest prawdziwy, a Ja m\u00f3wi\u0119 wobec \u015bwiata to, co us\u0142ysza\u0142em od Niego\u201d. A oni nie poj\u0119li, \u017ce im m\u00f3wi\u0142 o Ojcu. <\/b><\/span><\/span><\/span><\/p>\n<p align=\"justify\"><span style=\"color: #000000;\"><span style=\"font-family: Book Antiqua, serif;\"><span style=\"font-size: large;\"><b>Rzek\u0142 wi\u0119c do nich Jezus: \u201eGdy wywy\u017cszycie Syna Cz\u0142owieczego, wtedy poznacie, \u017ce Ja jestem i \u017ce Ja nic od siebie nie czyni\u0119, ale \u017ce to m\u00f3wi\u0119, czego Mnie Ojciec nauczy\u0142. A Ten, kt\u00f3ry Mnie pos\u0142a\u0142, jest ze Mn\u0105: nie pozostawi\u0142 Mnie samego, bo Ja zawsze czyni\u0119 to, co si\u0119 Jemu podoba\u201d. <\/b><\/span><\/span><\/span><\/p>\n<p align=\"justify\"><span style=\"color: #000000;\"><span style=\"font-family: Book Antiqua, serif;\"><span style=\"font-size: large;\"><b>Kiedy to m\u00f3wi\u0142, wielu uwierzy\u0142o w Niego.<\/b><\/span><\/span><\/span><\/p>\n<p align=\"justify\">\n<p align=\"justify\">\n<p align=\"justify\">\n<p align=\"justify\">\n<p align=\"justify\">\n<p align=\"justify\"><span style=\"color: #000000;\"><span style=\"font-family: Book Antiqua, serif;\"><span style=\"font-size: large;\">I oto <i><b>lud straci\u0142 cierpliwo\u015b\u0107!<\/b><\/i> Co\u015b niepoj\u0119tego! <i><b>Lud straci\u0142 cierpliwo\u015b\u0107\u2026<\/b><\/i> do swego Boga! Wyrazi\u0142 to w brutalnych s\u0142owach, skierowanych do Moj\u017cesza: <i><b>Czemu wyprowadzili\u015bcie nas z Egiptu, by\u015bmy tu na pustyni pomarli? Nie ma chleba ani wody, a uprzykrzy\u0142 si\u0119 nam ju\u017c ten pokarm mizerny.<\/b><\/i><b> <\/b><\/span><\/span><\/span><\/p>\n<p align=\"justify\"><span style=\"color: #000000;\"><span style=\"font-family: Book Antiqua, serif;\"><span style=\"font-size: large;\">Nie zapominajmy, \u017ce tym \u00abpokarmem mizernym\u00bb by\u0142a manna i przepi\u00f3rki, a wi\u0119c pokarm, kt\u00f3ry <b>B\u00f3g da\u0142 swojemu ludowi prosto z nieba!<\/b> I dlatego B\u00f3g musia\u0142 zareagowa\u0107, aby sw\u00f3j lud otrze\u017awi\u0107 i przywr\u00f3ci\u0107 my\u015blenie na w\u0142a\u015bciwe tory: zastosowa\u0142 terapi\u0119 szokow\u0105 \u2013 <i><b>w\u0119\u017ce o jadzie pal\u0105cym, kt\u00f3re k\u0105sa\u0142y ludzi tak, \u017ce wielka liczba Izraelit\u00f3w zmar\u0142a.<\/b><\/i><b> <\/b><\/span><\/span><\/span><\/p>\n<p align=\"justify\"><span style=\"color: #000000;\"><span style=\"font-family: Book Antiqua, serif;\"><span style=\"font-size: large;\">Okaza\u0142o si\u0119 to skuteczne, bo ju\u017c w nast\u0119pnym zdaniu Autor biblijny informuje nas, \u017ce <i><b>przybyli<\/b><\/i><b> [\u2026] <\/b><i><b>ludzie do Moj\u017cesza, m\u00f3wi\u0105c: \u201eZgrzeszyli\u015bmy szemrz\u0105c przeciw Panu i przeciwko tobie. Wstaw si\u0119 za nami do Pana, aby oddali\u0142 od nas w\u0119\u017ce\u201d.<\/b><\/i><b> <\/b>I \u2013 rzeczywi\u015bcie, jak s\u0142yszymy \u2013 <i><b>wstawi\u0142 si\u0119 Moj\u017cesz za ludem. <\/b><\/i>A B\u00f3g wskaza\u0142 spos\u00f3b uratowania si\u0119 od tej \u201epandemii w\u0119\u017cy\u201d, kt\u00f3r\u0105 zes\u0142a\u0142: <b>znak w\u0119\u017ca miedzianego,<\/b> na kt\u00f3ry uk\u0105szeni mieli jedynie spojrze\u0107, a unikali \u015bmierci. Zanim jednak ci unikn\u0119li \u015bmierci, wielu j\u0105 ponios\u0142o, ale by\u0142o to spowodowane \u2013 podkre\u015blmy to mocno \u2013 grzechem ludzi, <b>ich buntem przeciwko Bogu! <\/b><\/span><\/span><\/span><\/p>\n<p align=\"justify\"><span style=\"color: #000000;\"><span style=\"font-family: Book Antiqua, serif;\"><span style=\"font-size: large;\">Patrzymy na ca\u0142e to wydarzenie, w tym szczeg\u00f3lnie: na postaw\u0119 ludu Izraela \u2013 w kontek\u015bcie s\u0142\u00f3w Jezusa z dzisiejszej Ewangelii: <i><b>Wy jeste\u015bcie z nisko\u015bci, a Ja jestem z wysoka. Wy jeste\u015bcie z tego \u015bwiata, Ja nie jestem z tego \u015bwiata. Powiedzia\u0142em wam, \u017ce pomrzecie w grzechach swoich. Tak, je\u017celi nie uwierzycie, \u017ce Ja jestem, pomrzecie w grzechach swoich.<\/b><\/i><b> <\/b><\/span><\/span><\/span><\/p>\n<p align=\"justify\"><span style=\"color: #000000;\"><span style=\"font-family: Book Antiqua, serif;\"><span style=\"font-size: large;\">Warto tu zaznaczy\u0107, i\u017c w stwierdzeniu Jezusa: <i><b>je\u017celi nie uwierzycie, \u017ce Ja jestem,<\/b><\/i><b> <\/b>trzeba nam dostrzec nie tyle fakt, \u017ce Jezus po prostu \u00abjest\u00bb ze swoim ludem, ile <b>imi\u0119 Boga \u2013 J<\/b><b>AHWE<\/b><b> \u2013 <\/b><i><b>Jestem, kt\u00f3ry jestem.<\/b><\/i> <\/span><\/span><\/span><\/p>\n<p align=\"justify\"><span style=\"color: #000000;\"><span style=\"font-family: Book Antiqua, serif;\"><span style=\"font-size: large;\">Jezus wyra\u017anie wskazuje <b>na siebie jako na Boga, Bo\u017cego Syna.<\/b> Przyszed\u0142 jednak na ten \u015bwiat, aby <b>zmniejszy\u0107 odleg\u0142o\u015b\u0107<\/b> pomi\u0119dzy Niebem, a ziemi\u0105, aby <b>skr\u00f3ci\u0107 ten niewyobra\u017calny dystans,<\/b> jaki zachodzi pomi\u0119dzy tym, co Boskie, a tym, co ludzkie. Dlatego te\u017c m\u00f3wi: <i><b>Gdy wywy\u017cszycie Syna Cz\u0142owieczego, wtedy poznacie, \u017ce Ja jestem i \u017ce Ja nic od siebie nie czyni\u0119, ale \u017ce to m\u00f3wi\u0119, czego Mnie Ojciec nauczy\u0142. A Ten, kt\u00f3ry Mnie pos\u0142a\u0142, jest ze Mn\u0105: nie pozostawi\u0142 Mnie samego, bo Ja zawsze czyni\u0119 to, co si\u0119 Jemu podoba.<\/b><\/i><b> <\/b><\/span><\/span><\/span><\/p>\n<p align=\"justify\"><span style=\"color: #000000;\"><span style=\"font-family: Book Antiqua, serif;\"><span style=\"font-size: large;\">Niczym znak miedzianego w\u0119\u017ca, ratuj\u0105cy ludzi przed \u015bmierci\u0105 doczesn\u0105, <b>znak Syna Bo\u017cego, wywy\u017cszonego na krzy\u017cu,<\/b> b\u0119dzie ratowa\u0142 ludzi przed \u015bmierci\u0105 wieczn\u0105. Wystarczy spojrze\u0107 na\u0144 \u2013 ale <b>nie wzrokiem gapia,<\/b> przygl\u0105daj\u0105cego si\u0119 jakiemu\u015b dziwnemu zjawisku, albo te\u017c <b>wzrokiem poszukiwacza sensacji,<\/b> kt\u00f3ry wy\u0142apuje, gdzie i co si\u0119 ciekawego dzieje, \u017ceby zaspokoi\u0107 swoj\u0105 ciekawo\u015b\u0107 i mie\u0107 co opowiada\u0107 innym. Nie! To ma by\u0107 <b>spojrzenie z mi\u0142o\u015bci\u0105,<\/b> to ma by\u0107 <b>wpatrywanie si\u0119 sercem!<\/b> <\/span><\/span><\/span><\/p>\n<p align=\"justify\"><span style=\"color: #000000;\"><span style=\"font-family: Book Antiqua, serif;\"><span style=\"font-size: large;\">Tak samo zreszt\u0105, jak wtedy na pustyni: to <b>nie spojrzenie \u2013 samo w sobie<\/b> \u2013 powodowa\u0142o wyzdrowienie. Ani miedziany w\u0105\u017c <b>nie mia\u0142 w sobie \u017cadnej mocy.<\/b> W ten spos\u00f3b natomiast dokonywa\u0142o si\u0119 <b>skierowanie serca<\/b> cz\u0142owieka ku Bogu! Izraelici, kt\u00f3rzy przyszli do Moj\u017cesza z b\u0142aganiem o ratunek, dobrze wiedzieli, przeciwko komu zawinili! Dlatego te\u017c nie mieli \u017cadnych w\u0105tpliwo\u015bci, <b>czyja moc stoi<\/b> za tym zwyczajnym i prostym znakiem miedzianym.<\/span><\/span><\/span><\/p>\n<p align=\"justify\"><span style=\"color: #000000;\"><span style=\"font-family: Book Antiqua, serif;\"><span style=\"font-size: large;\">Podobnie i my, patrz\u0105c na Krzy\u017c, zwracamy si\u0119 ku <b>\u00ab<\/b><b>Temu, kt\u00f3ry jest<\/b><b>\u00bb<\/b><b>,<\/b> u Niego szukaj\u0105c ratunku. Jak\u017ce to wa\u017cne, aby\u015bmy szczeg\u00f3lnie dzisiaj z jak najwi\u0119ksz\u0105 wiar\u0105, z jak najwi\u0119ksz\u0105 pokor\u0105 serca, <b>spojrzeli na Krzy\u017c!<\/b> Tak, w\u0142a\u015bnie teraz, kiedy \u2013 wedle liturgicznej tradycji \u2013 <b>jest on zas\u0142oni\u0119ty,<\/b> aby m\u00f3g\u0142 by\u0107 uroczy\u015bcie ods\u0142oni\u0119ty w Wielki Pi\u0105tek: w\u0142a\u015bnie teraz, <b>przenosz\u0105c jego obraz do swoich serc,<\/b> rozwa\u017cajmy jeszcze bardziej tajemnic\u0119 Krzy\u017ca. <\/span><\/span><\/span><\/p>\n<p align=\"justify\"><span style=\"color: #000000;\"><span style=\"font-family: Book Antiqua, serif;\"><span style=\"font-size: large;\">Znaku, kt\u00f3ry \u0142\u0105czy swoj\u0105 belk\u0105 pionow\u0105 <b>tych <\/b><b>\u00ab<\/b><b>z nisko\u015bci<\/b><b>\u00bb<\/b><b> \u2013 z Tym <\/b><b>\u00ab<\/b><b>z wysoka<\/b><b>\u00bb<\/b><b>. <\/b>A swoj\u0105 belk\u0105 poziom\u0105 \u0142\u0105czy niejako <b>ludzi pomi\u0119dzy sob\u0105<\/b> \u2013 jak otwarte ramiona cz\u0142owieka s\u0105 zaproszeniem do tego, by podej\u015b\u0107 do niego bez obaw. Kiedy dzisiaj czujemy si\u0119 jak ci przera\u017ceni w\u0119drowcy na pustyni, k\u0105sani przez w\u0119\u017ce \u2013 <b>przylgnijmy <\/b><b>ca\u0142ym <\/b><b>sercem do Krzy\u017ca!<\/b> Przesta\u0144my si\u0119 oszukiwa\u0107, nie dajmy si\u0119 te\u017c oszukiwa\u0107 medialnym przekazom, \u017ce to, co si\u0119 dzieje na \u015bwiecie, to <b>jaki\u015b dziwny przypadek,<\/b> skutek proces\u00f3w, zachodz\u0105cych w przyrodzie, kt\u00f3re jako\u015b niewyt\u0142umaczalnie wymkn\u0119\u0142y si\u0119 cz\u0142owiekowi spod kontroli\u2026<\/span><\/span><\/span><\/p>\n<p align=\"justify\"><span style=\"color: #000000;\"><span style=\"font-family: Book Antiqua, serif;\"><span style=\"font-size: large;\">O wiele wcze\u015bniej <b>\u017cycie si\u0119 ludziom wymkn\u0119\u0142o \u2013 spod kontroli sumienia \u2013 <\/b>dlatego \u017cyli jak w jakim\u015b b\u0142\u0119dnym ko\u0142owrotku. I dlatego B\u00f3g da\u0142 okazj\u0119 do opami\u0119tania. Nie spowodowa\u0142 pandemii, nie chcia\u0142 z\u0142a, ale dopu\u015bci\u0142 te swoiste <i><b>w\u0119\u017ce o jadzie pal\u0105cym,<\/b><\/i> \u017ceby ludzie wreszcie oderwali wzrok od swoich \u00abnisko\u015bci\u00bb, a skierowali go ku g\u00f3rze. I z wielk\u0105 wiar\u0105, z bardzo mocn\u0105 nadziej\u0105 i serdeczn\u0105 mi\u0142o\u015bci\u0105 \u2013 <b>spojrzeli na Krzy\u017c\u2026<\/b><\/span><\/span><\/span><\/p>\n","protected":false},"excerpt":{"rendered":"<p>Szcz\u0119\u015b\u0107 Bo\u017ce! Moi Drodzy, w dniu dzisiejszym urodziny prze\u017cywa Kamila Malinowska, nale\u017c\u0105ca w swoim czasie do Wsp\u00f3lnoty m\u0142odzie\u017cowej w Bia\u0142ej Podlaskiej. \u017bycz\u0119 Jubilatce wszelkiego dobra i modl\u0119 si\u0119 dla Niej o Bo\u017ce b\u0142ogos\u0142awie\u0144stwo. Moi Drodzy, w kontek\u015bcie naszych refleksji, w ramach tegorocznych wielkopostnych rekolekcji, polecam Waszej uwadze niezwykle mocny artyku\u0142: https:\/\/www.pch24.pl\/grzegorz-kucharczyk&#8211;podporzadkowanie,74979,i.html Z b\u00f3lem musz\u0119 stwierdzi\u0107, [&hellip;]<\/p>\n","protected":false},"author":1,"featured_media":0,"comment_status":"open","ping_status":"open","sticky":false,"template":"","format":"standard","meta":{"jetpack_post_was_ever_published":false,"_jetpack_newsletter_access":"","_jetpack_dont_email_post_to_subs":false,"_jetpack_newsletter_tier_id":0,"_jetpack_memberships_contains_paywalled_content":false,"_jetpack_memberships_contains_paid_content":false,"footnotes":""},"categories":[1],"tags":[],"class_list":["post-16749","post","type-post","status-publish","format-standard","hentry","category-bez-kategorii"],"yoast_head":"<!-- This site is optimized with the Yoast SEO plugin v25.1 - https:\/\/yoast.com\/wordpress\/plugins\/seo\/ -->\n<title>Gdy wywy\u017cszycie Syna Cz\u0142owieczego... - Gaudium Et Spes<\/title>\n<meta name=\"robots\" content=\"index, follow, max-snippet:-1, max-image-preview:large, max-video-preview:-1\" \/>\n<link rel=\"canonical\" href=\"https:\/\/gaudiumetspes-blog.pl\/index.php\/2020\/03\/31\/gdy-wywyzszycie-syna-czlowieczego\/\" \/>\n<meta property=\"og:locale\" content=\"pl_PL\" \/>\n<meta property=\"og:type\" content=\"article\" \/>\n<meta property=\"og:title\" content=\"Gdy wywy\u017cszycie Syna Cz\u0142owieczego... - Gaudium Et Spes\" \/>\n<meta property=\"og:description\" content=\"Szcz\u0119\u015b\u0107 Bo\u017ce! Moi Drodzy, w dniu dzisiejszym urodziny prze\u017cywa Kamila Malinowska, nale\u017c\u0105ca w swoim czasie do Wsp\u00f3lnoty m\u0142odzie\u017cowej w Bia\u0142ej Podlaskiej. \u017bycz\u0119 Jubilatce wszelkiego dobra i modl\u0119 si\u0119 dla Niej o Bo\u017ce b\u0142ogos\u0142awie\u0144stwo. Moi Drodzy, w kontek\u015bcie naszych refleksji, w ramach tegorocznych wielkopostnych rekolekcji, polecam Waszej uwadze niezwykle mocny artyku\u0142: https:\/\/www.pch24.pl\/grzegorz-kucharczyk&#8211;podporzadkowanie,74979,i.html Z b\u00f3lem musz\u0119 stwierdzi\u0107, [&hellip;]\" \/>\n<meta property=\"og:url\" content=\"https:\/\/gaudiumetspes-blog.pl\/index.php\/2020\/03\/31\/gdy-wywyzszycie-syna-czlowieczego\/\" \/>\n<meta property=\"og:site_name\" content=\"Gaudium Et Spes\" \/>\n<meta property=\"article:published_time\" content=\"2020-03-31T03:37:57+00:00\" \/>\n<meta name=\"author\" content=\"Ks. Jacek\" \/>\n<meta name=\"twitter:card\" content=\"summary_large_image\" \/>\n<meta name=\"twitter:label1\" content=\"Napisane przez\" \/>\n\t<meta name=\"twitter:data1\" content=\"Ks. Jacek\" \/>\n\t<meta name=\"twitter:label2\" content=\"Szacowany czas czytania\" \/>\n\t<meta name=\"twitter:data2\" content=\"9 minut\" \/>\n<script type=\"application\/ld+json\" class=\"yoast-schema-graph\">{\"@context\":\"https:\/\/schema.org\",\"@graph\":[{\"@type\":\"WebPage\",\"@id\":\"https:\/\/gaudiumetspes-blog.pl\/index.php\/2020\/03\/31\/gdy-wywyzszycie-syna-czlowieczego\/\",\"url\":\"https:\/\/gaudiumetspes-blog.pl\/index.php\/2020\/03\/31\/gdy-wywyzszycie-syna-czlowieczego\/\",\"name\":\"Gdy wywy\u017cszycie Syna Cz\u0142owieczego... - Gaudium Et Spes\",\"isPartOf\":{\"@id\":\"https:\/\/gaudiumetspes-blog.pl\/#website\"},\"datePublished\":\"2020-03-31T03:37:57+00:00\",\"author\":{\"@id\":\"https:\/\/gaudiumetspes-blog.pl\/#\/schema\/person\/1661982992b752dea8dff0d4ed845a65\"},\"breadcrumb\":{\"@id\":\"https:\/\/gaudiumetspes-blog.pl\/index.php\/2020\/03\/31\/gdy-wywyzszycie-syna-czlowieczego\/#breadcrumb\"},\"inLanguage\":\"pl-PL\",\"potentialAction\":[{\"@type\":\"ReadAction\",\"target\":[\"https:\/\/gaudiumetspes-blog.pl\/index.php\/2020\/03\/31\/gdy-wywyzszycie-syna-czlowieczego\/\"]}]},{\"@type\":\"BreadcrumbList\",\"@id\":\"https:\/\/gaudiumetspes-blog.pl\/index.php\/2020\/03\/31\/gdy-wywyzszycie-syna-czlowieczego\/#breadcrumb\",\"itemListElement\":[{\"@type\":\"ListItem\",\"position\":1,\"name\":\"Strona g\u0142\u00f3wna\",\"item\":\"https:\/\/gaudiumetspes-blog.pl\/\"},{\"@type\":\"ListItem\",\"position\":2,\"name\":\"Gdy&nbsp;wywy\u017cszycie Syna Cz\u0142owieczego&#8230;\"}]},{\"@type\":\"WebSite\",\"@id\":\"https:\/\/gaudiumetspes-blog.pl\/#website\",\"url\":\"https:\/\/gaudiumetspes-blog.pl\/\",\"name\":\"Gaudium Et Spes\",\"description\":\"Blog Ks. Jacka Ja\u015bkowskiego\",\"potentialAction\":[{\"@type\":\"SearchAction\",\"target\":{\"@type\":\"EntryPoint\",\"urlTemplate\":\"https:\/\/gaudiumetspes-blog.pl\/?s={search_term_string}\"},\"query-input\":{\"@type\":\"PropertyValueSpecification\",\"valueRequired\":true,\"valueName\":\"search_term_string\"}}],\"inLanguage\":\"pl-PL\"},{\"@type\":\"Person\",\"@id\":\"https:\/\/gaudiumetspes-blog.pl\/#\/schema\/person\/1661982992b752dea8dff0d4ed845a65\",\"name\":\"Ks. Jacek\",\"image\":{\"@type\":\"ImageObject\",\"inLanguage\":\"pl-PL\",\"@id\":\"https:\/\/gaudiumetspes-blog.pl\/#\/schema\/person\/image\/\",\"url\":\"https:\/\/gaudiumetspes-blog.pl\/wp-content\/uploads\/2019\/07\/avatar-JJ-150x150.jpg\",\"contentUrl\":\"https:\/\/gaudiumetspes-blog.pl\/wp-content\/uploads\/2019\/07\/avatar-JJ-150x150.jpg\",\"caption\":\"Ks. Jacek\"},\"description\":\"Witam serdecznie! K\u0142ania si\u0119 Ks. Jacek Ja\u015bkowski. Nie jestem ani kim\u015b wa\u017cnym, ani kim\u015b znanym. Jestem ksi\u0119dzem, kt\u00f3ry po prostu chce rozmawia\u0107. Codzienna kap\u0142a\u0144ska pos\u0142uga pokazuje mi, \u017ce temat\u00f3w do rozm\u00f3w z ksi\u0119dzem jest coraz wi\u0119cej i dzisiaj \u017caden ksi\u0105dz nie mo\u017ce od nich ucieka\u0107, ale - wprost przeciwnie - podejmowa\u0107 nowe wyzwania. To przekonanie sk\u0142oni\u0142o mnie do pr\u00f3by otwarcia tego\u017c bloga, chocia\u017c okazji do rozm\u00f3w na co dzie\u0144 - w konfesjonale i poza nim - na szcz\u0119\u015bcie nie brakuje. My\u015bl\u0119 jednak, \u017ce ten blog b\u0119dzie jeszcze jednym sposobem i przestrzeni\u0105 nawi\u0105zania kontaktu z lud\u017ami dobrej woli, otwartymi na dialog.\",\"url\":\"https:\/\/gaudiumetspes-blog.pl\/index.php\/author\/ks-jacek\/\"}]}<\/script>\n<!-- \/ Yoast SEO plugin. -->","yoast_head_json":{"title":"Gdy wywy\u017cszycie Syna Cz\u0142owieczego... - Gaudium Et Spes","robots":{"index":"index","follow":"follow","max-snippet":"max-snippet:-1","max-image-preview":"max-image-preview:large","max-video-preview":"max-video-preview:-1"},"canonical":"https:\/\/gaudiumetspes-blog.pl\/index.php\/2020\/03\/31\/gdy-wywyzszycie-syna-czlowieczego\/","og_locale":"pl_PL","og_type":"article","og_title":"Gdy wywy\u017cszycie Syna Cz\u0142owieczego... - Gaudium Et Spes","og_description":"Szcz\u0119\u015b\u0107 Bo\u017ce! Moi Drodzy, w dniu dzisiejszym urodziny prze\u017cywa Kamila Malinowska, nale\u017c\u0105ca w swoim czasie do Wsp\u00f3lnoty m\u0142odzie\u017cowej w Bia\u0142ej Podlaskiej. \u017bycz\u0119 Jubilatce wszelkiego dobra i modl\u0119 si\u0119 dla Niej o Bo\u017ce b\u0142ogos\u0142awie\u0144stwo. Moi Drodzy, w kontek\u015bcie naszych refleksji, w ramach tegorocznych wielkopostnych rekolekcji, polecam Waszej uwadze niezwykle mocny artyku\u0142: https:\/\/www.pch24.pl\/grzegorz-kucharczyk&#8211;podporzadkowanie,74979,i.html Z b\u00f3lem musz\u0119 stwierdzi\u0107, [&hellip;]","og_url":"https:\/\/gaudiumetspes-blog.pl\/index.php\/2020\/03\/31\/gdy-wywyzszycie-syna-czlowieczego\/","og_site_name":"Gaudium Et Spes","article_published_time":"2020-03-31T03:37:57+00:00","author":"Ks. Jacek","twitter_card":"summary_large_image","twitter_misc":{"Napisane przez":"Ks. Jacek","Szacowany czas czytania":"9 minut"},"schema":{"@context":"https:\/\/schema.org","@graph":[{"@type":"WebPage","@id":"https:\/\/gaudiumetspes-blog.pl\/index.php\/2020\/03\/31\/gdy-wywyzszycie-syna-czlowieczego\/","url":"https:\/\/gaudiumetspes-blog.pl\/index.php\/2020\/03\/31\/gdy-wywyzszycie-syna-czlowieczego\/","name":"Gdy wywy\u017cszycie Syna Cz\u0142owieczego... - Gaudium Et Spes","isPartOf":{"@id":"https:\/\/gaudiumetspes-blog.pl\/#website"},"datePublished":"2020-03-31T03:37:57+00:00","author":{"@id":"https:\/\/gaudiumetspes-blog.pl\/#\/schema\/person\/1661982992b752dea8dff0d4ed845a65"},"breadcrumb":{"@id":"https:\/\/gaudiumetspes-blog.pl\/index.php\/2020\/03\/31\/gdy-wywyzszycie-syna-czlowieczego\/#breadcrumb"},"inLanguage":"pl-PL","potentialAction":[{"@type":"ReadAction","target":["https:\/\/gaudiumetspes-blog.pl\/index.php\/2020\/03\/31\/gdy-wywyzszycie-syna-czlowieczego\/"]}]},{"@type":"BreadcrumbList","@id":"https:\/\/gaudiumetspes-blog.pl\/index.php\/2020\/03\/31\/gdy-wywyzszycie-syna-czlowieczego\/#breadcrumb","itemListElement":[{"@type":"ListItem","position":1,"name":"Strona g\u0142\u00f3wna","item":"https:\/\/gaudiumetspes-blog.pl\/"},{"@type":"ListItem","position":2,"name":"Gdy&nbsp;wywy\u017cszycie Syna Cz\u0142owieczego&#8230;"}]},{"@type":"WebSite","@id":"https:\/\/gaudiumetspes-blog.pl\/#website","url":"https:\/\/gaudiumetspes-blog.pl\/","name":"Gaudium Et Spes","description":"Blog Ks. Jacka Ja\u015bkowskiego","potentialAction":[{"@type":"SearchAction","target":{"@type":"EntryPoint","urlTemplate":"https:\/\/gaudiumetspes-blog.pl\/?s={search_term_string}"},"query-input":{"@type":"PropertyValueSpecification","valueRequired":true,"valueName":"search_term_string"}}],"inLanguage":"pl-PL"},{"@type":"Person","@id":"https:\/\/gaudiumetspes-blog.pl\/#\/schema\/person\/1661982992b752dea8dff0d4ed845a65","name":"Ks. Jacek","image":{"@type":"ImageObject","inLanguage":"pl-PL","@id":"https:\/\/gaudiumetspes-blog.pl\/#\/schema\/person\/image\/","url":"https:\/\/gaudiumetspes-blog.pl\/wp-content\/uploads\/2019\/07\/avatar-JJ-150x150.jpg","contentUrl":"https:\/\/gaudiumetspes-blog.pl\/wp-content\/uploads\/2019\/07\/avatar-JJ-150x150.jpg","caption":"Ks. Jacek"},"description":"Witam serdecznie! K\u0142ania si\u0119 Ks. Jacek Ja\u015bkowski. Nie jestem ani kim\u015b wa\u017cnym, ani kim\u015b znanym. Jestem ksi\u0119dzem, kt\u00f3ry po prostu chce rozmawia\u0107. Codzienna kap\u0142a\u0144ska pos\u0142uga pokazuje mi, \u017ce temat\u00f3w do rozm\u00f3w z ksi\u0119dzem jest coraz wi\u0119cej i dzisiaj \u017caden ksi\u0105dz nie mo\u017ce od nich ucieka\u0107, ale - wprost przeciwnie - podejmowa\u0107 nowe wyzwania. To przekonanie sk\u0142oni\u0142o mnie do pr\u00f3by otwarcia tego\u017c bloga, chocia\u017c okazji do rozm\u00f3w na co dzie\u0144 - w konfesjonale i poza nim - na szcz\u0119\u015bcie nie brakuje. My\u015bl\u0119 jednak, \u017ce ten blog b\u0119dzie jeszcze jednym sposobem i przestrzeni\u0105 nawi\u0105zania kontaktu z lud\u017ami dobrej woli, otwartymi na dialog.","url":"https:\/\/gaudiumetspes-blog.pl\/index.php\/author\/ks-jacek\/"}]}},"jetpack_featured_media_url":"","jetpack_sharing_enabled":true,"_links":{"self":[{"href":"https:\/\/gaudiumetspes-blog.pl\/index.php\/wp-json\/wp\/v2\/posts\/16749","targetHints":{"allow":["GET"]}}],"collection":[{"href":"https:\/\/gaudiumetspes-blog.pl\/index.php\/wp-json\/wp\/v2\/posts"}],"about":[{"href":"https:\/\/gaudiumetspes-blog.pl\/index.php\/wp-json\/wp\/v2\/types\/post"}],"author":[{"embeddable":true,"href":"https:\/\/gaudiumetspes-blog.pl\/index.php\/wp-json\/wp\/v2\/users\/1"}],"replies":[{"embeddable":true,"href":"https:\/\/gaudiumetspes-blog.pl\/index.php\/wp-json\/wp\/v2\/comments?post=16749"}],"version-history":[{"count":1,"href":"https:\/\/gaudiumetspes-blog.pl\/index.php\/wp-json\/wp\/v2\/posts\/16749\/revisions"}],"predecessor-version":[{"id":16750,"href":"https:\/\/gaudiumetspes-blog.pl\/index.php\/wp-json\/wp\/v2\/posts\/16749\/revisions\/16750"}],"wp:attachment":[{"href":"https:\/\/gaudiumetspes-blog.pl\/index.php\/wp-json\/wp\/v2\/media?parent=16749"}],"wp:term":[{"taxonomy":"category","embeddable":true,"href":"https:\/\/gaudiumetspes-blog.pl\/index.php\/wp-json\/wp\/v2\/categories?post=16749"},{"taxonomy":"post_tag","embeddable":true,"href":"https:\/\/gaudiumetspes-blog.pl\/index.php\/wp-json\/wp\/v2\/tags?post=16749"}],"curies":[{"name":"wp","href":"https:\/\/api.w.org\/{rel}","templated":true}]}}