{"id":16771,"date":"2020-04-05T06:27:33","date_gmt":"2020-04-05T04:27:33","guid":{"rendered":"https:\/\/gaudiumetspes-blog.pl\/?p=16771"},"modified":"2020-04-05T06:27:33","modified_gmt":"2020-04-05T04:27:33","slug":"jednak-hosanna","status":"publish","type":"post","link":"https:\/\/gaudiumetspes-blog.pl\/index.php\/2020\/04\/05\/jednak-hosanna\/","title":{"rendered":"Jednak &#8211; Hosanna!"},"content":{"rendered":"<p align=\"justify\"><span style=\"color: #000000;\"><span style=\"font-family: Book Antiqua, serif;\"><span style=\"font-size: large;\">Niech b\u0119dzie pochwalony Jezus Chrystus! Moi Drodzy, w dniu dzisiejszym <b>urodziny prze\u017cywa \u017banna Sulowska, \u017bona \u0141ukasza, a Mama Cypriana i Ignacego; bardzo \u017cyczliwa mi Osoba, mieszkaj\u0105ca w Lublinie. Dzi\u0119kuj\u0105c za \u017cyczliwo\u015b\u0107 i dobry kontakt, \u017cycz\u0119 Bo\u017cego b\u0142ogos\u0142awie\u0144stwa, mocy, m\u0105dro\u015bci i mi\u0142o\u015bci Bo\u017cej! Zapewniam o modlitwie!<\/b><\/span><\/span><\/span><\/p>\n<p align=\"justify\"><span style=\"color: #000000;\"><span style=\"font-family: Book Antiqua, serif;\"><span style=\"font-size: large;\">Moi Drodzy, trwajmy w modlitwie! Wzmacniajmy modlitw\u0119! Im bardziej epidemia si\u0119 sro\u017cy, tym wi\u0119cej modlitwy! To B\u00f3g zadecyduje, kiedy \u2013 i w jaki spos\u00f3b \u2013 problem si\u0119 rozwi\u0105\u017ce. Dlatego coraz bardziej i bardziej ufajmy Bogu!<\/span><\/span><\/span><\/p>\n<p align=\"justify\"><span style=\"color: #000000;\"><span style=\"font-family: Book Antiqua, serif;\"><span style=\"font-size: large;\">Nie jest to bynajmniej jak\u0105\u015b naiwno\u015bci\u0105. Trzeba zachowa\u0107 konieczne \u015brodki bezpiecze\u0144stwa, ostro\u017cno\u015bci i zdrowego rozs\u0105dku, ale nie mo\u017cemy w tym wszystkim zapomina\u0107 o Bogu! W\u0142a\u015bnie takie poleganie na ludzkich jedynie sposobach jest skrajn\u0105 naiwno\u015bci\u0105. Bo Panu Bogu ju\u017c nieraz uda\u0142o si\u0119 zaskoczy\u0107 nawet najbardziej kompetentne prognozy najbardziej kompetentnych ekspert\u00f3w!<\/span><\/span><\/span><\/p>\n<p align=\"justify\"><span style=\"color: #000000;\"><span style=\"font-family: Book Antiqua, serif;\"><span style=\"font-size: large;\">Dlatego m\u00f3dlmy si\u0119, podejmujmy konkretne postanowienia poprawy i dzie\u0142a pokutne. I tutaj jedna, bardzo wa\u017cna pro\u015bba, ju\u017c kierowana zreszt\u0105 przeze mnie \u2013 i przez Ksi\u0119dza Marka \u2013 w ostatnich dniach: <b>skorzystajmy z mo\u017cliwo\u015bci, jakie jednak w obecnej sytuacji s\u0105, by przyst\u0105pi\u0107 do Spowiedzi \u015awi\u0119tej.<\/b> <\/span><\/span><\/span><\/p>\n<p align=\"justify\"><span style=\"color: #000000;\"><span style=\"font-family: Book Antiqua, serif;\"><span style=\"font-size: large;\">To prawda, \u017ce s\u0105 pewne utrudnienia w tym wzgl\u0119dzie i nie mamy tego, jak dot\u0105d \u2013 by tak rzec \u2013 podanego na tacy. Trzeba dowiedzie\u0107 si\u0119, kiedy w naszym ko\u015bciele jest adoracja Naj\u015bwi\u0119tszego Sakramentu, kiedy nasi Duszpasterze czuwaj\u0105 w konfesjona\u0142ach, ewentualnie mo\u017cna uda\u0107 si\u0119 do s\u0105siedniej Parafii, albo zadzwoni\u0107 do swoich Ksi\u0119\u017cy i um\u00f3wi\u0107 si\u0119 na Spowied\u017a. Z tego, co wiem, wi\u0119kszo\u015b\u0107 Parafii takie mo\u017cliwo\u015bci stwarza. Zatem, je\u017celi kto\u015b naprawd\u0119 chce si\u0119 wyspowiada\u0107, to tak\u0105 mo\u017cliwo\u015b\u0107 ma. <\/span><\/span><\/span><\/p>\n<p align=\"justify\"><span style=\"color: #000000;\"><span style=\"font-family: Book Antiqua, serif;\"><span style=\"font-size: large;\">Dlatego nie mo\u017cna tylko narzeka\u0107 na takie, lub inne, zarz\u0105dzenia w\u0142adz, ograniczaj\u0105ce nam mo\u017cliwo\u015b\u0107 osobistego uczestniczenia we Mszy \u015awi\u0119tej i korzystania z Sakrament\u00f3w. Rzeczywi\u015bcie, powtarzamy to ci\u0105gle w naszych dyskusjach, \u017ce mo\u017cna to by\u0142o wszystko rozegra\u0107 inaczej i da\u0107 wiernym wi\u0119ksze mo\u017cliwo\u015bci. <\/span><\/span><\/span><\/p>\n<p align=\"justify\"><span style=\"color: #000000;\"><span style=\"font-family: Book Antiqua, serif;\"><span style=\"font-size: large;\">Skoro jednak jest, jak jest, to <b>zamiast biadoli\u0107 i narzeka\u0107, trzeba uruchomi\u0107 nasz\u0105 wrodzon\u0105, polsk\u0105 zaradno\u015b\u0107 i dotrze\u0107 do Spowiedzi. <\/b>A je\u017celi jest w ci\u0105gu dnia wystawienie Naj\u015bwi\u0119tszego Sakramentu, albo chocia\u017cby ko\u015bci\u00f3\u0142 jest otwarty, to jest to doskona\u0142a okazja do osobistego spotkania z Panem i powierzenia Mu wszystkich naszych pyta\u0144, w\u0105tpliwo\u015bci, naszej bezradno\u015bci i bezsilno\u015bci, a mo\u017ce te\u017c obaw i l\u0119k\u00f3w\u2026 <\/span><\/span><\/span><\/p>\n<p align=\"justify\"><span style=\"color: #000000;\"><span style=\"font-family: Book Antiqua, serif;\"><span style=\"font-size: large;\">Moi Drodzy, wyka\u017cmy si\u0119 zaradno\u015bci\u0105! Bo w naszych kap\u0142a\u0144skich rozmowach nieraz pojawia si\u0119 takie spostrze\u017cenie, \u017ce nawet w tych utrudnionych warunkach <b>wi\u0119cej Os\u00f3b mog\u0142oby skorzysta\u0107 z mo\u017cliwo\u015bci, jakie s\u0105, ani\u017celi rzeczywi\u015bcie korzysta. <\/b><\/span><\/span><\/span><\/p>\n<p align=\"justify\"><span style=\"color: #000000;\"><span style=\"font-family: Book Antiqua, serif;\"><span style=\"font-size: large;\">Dlatego te\u017c, moi Drodzy, jak najmocniej i jak najserdeczniej zwracajmy si\u0119 ku Panu! Powierzajmy Mu siebie i nasze \u017cycie! Bezgranicznie ufajmy Mu i zdajmy si\u0119 na Jego wol\u0119! On ma dla nas na pewno najlepszy plan! Przyjmijmy ka\u017cde rozwi\u0105zanie, jakie On sam dla nas przewidzia\u0142 \u2013 z pewno\u015bci\u0105, b\u0119dzie to rozwi\u0105zanie najlepsze. <\/span><\/span><\/span><\/p>\n<p align=\"justify\"><span style=\"color: #000000;\"><span style=\"font-family: Book Antiqua, serif;\"><span style=\"font-size: large;\">Co nie przeszkadza nam <b>modli\u0107 si\u0119 z <\/b><b>ogromn\u0105<\/b><b> wiar\u0105 i nadziej\u0105 o prze\u017cycie tych \u015awi\u0105t Paschalnych w wielkiej rado\u015bci! Niech b\u0119d\u0105 one czasem wielkiego triumfu Chrystusa Zmartwychwsta\u0142ego!<\/b><\/span><\/span><\/span><\/p>\n<p align=\"justify\"><span style=\"color: #000000;\"><span style=\"font-family: Book Antiqua, serif;\"><span style=\"font-size: large;\">I na takie w\u0142a\u015bnie prze\u017cycie dzisiejszej Niedzieli Palmowej i ca\u0142ego Wielkiego Tygodnia \u2013 <b>niech Was b\u0142ogos\u0142awi B\u00f3g Wszechmog\u0105cy: Ojciec + i Syn, i Duch \u015awi\u0119ty. Amen<\/b><\/span><\/span><\/span><\/p>\n<p align=\"center\"><span style=\"color: #000000;\"><span style=\"font-family: Book Antiqua, serif;\"><span style=\"font-size: large;\">Gaudium et spes! Ks. Jacek<\/span><\/span><\/span><\/p>\n<p align=\"center\">\n<p align=\"center\">\n<p align=\"center\">\n<p align=\"center\">\n<p align=\"center\">\n<p align=\"justify\"><span style=\"color: #000000;\"><span style=\"font-family: Book Antiqua, serif;\"><span style=\"font-size: large;\"><b>Niedziela Palmowa, czyli M\u0119ki Pa\u0144skiej, A,<\/b><\/span><\/span><\/span><\/p>\n<p align=\"justify\"><span style=\"color: #000000;\"><span style=\"font-family: Book Antiqua, serif;\"><span style=\"font-size: large;\"><b>5 kwietnia 2020.,<\/b><\/span><\/span><\/span><\/p>\n<p align=\"justify\"><span style=\"color: #000000;\"><span style=\"font-family: Book Antiqua, serif;\"><span style=\"font-size: large;\"><b>Do czyta\u0144: Mt 21,1\u201311; Iz 50,4\u20137; Flp 2,6\u201311; Mt 26,14\u201327,66<\/b><\/span><\/span><\/span><\/p>\n<p align=\"justify\">\n<p align=\"justify\">\n<p align=\"justify\">\n<p align=\"justify\">\n<p align=\"justify\">\n<p align=\"justify\"><span style=\"color: #000000;\"><span style=\"font-family: Book Antiqua, serif;\"><span style=\"font-size: large;\"><b>PROCESJA Z PALMAMI:<\/b><\/span><\/span><\/span><\/p>\n<p align=\"justify\">\n<p align=\"justify\">\n<p align=\"justify\">\n<p align=\"justify\">\n<p align=\"justify\">\n<p align=\"justify\"><span style=\"color: #000000;\"><span style=\"font-family: Book Antiqua, serif;\"><span style=\"font-size: large;\"><b>S\u0141OWA EWANGELII WED\u0141UG \u015aWI\u0118TEGO MATEUSZA: <\/b><\/span><\/span><\/span><\/p>\n<p align=\"justify\"><span style=\"color: #000000;\"><span style=\"font-family: Book Antiqua, serif;\"><span style=\"font-size: large;\"><b>Gdy si\u0119 przybli\u017cyli do Jerozolimy i przyszli do Betfage na G\u00f3rze Oliwnej, wtedy Jezus pos\u0142a\u0142 swoich uczni\u00f3w i rzek\u0142 im: \u201eId\u017acie do wsi, kt\u00f3ra jest przed wami, a zaraz znajdziecie o\u015blic\u0119 uwi\u0105zan\u0105 i \u017arebi\u0119 z ni\u0105. Odwi\u0105\u017ccie je i przyprowad\u017acie do Mnie. A gdyby wam kto co m\u00f3wi\u0142, powiecie: \u00abPan ich potrzebuje, a zaraz je pu\u015bci\u00bb\u201d. <\/b><\/span><\/span><\/span><\/p>\n<p align=\"justify\"><span style=\"color: #000000;\"><span style=\"font-family: Book Antiqua, serif;\"><span style=\"font-size: large;\"><b>Sta\u0142o si\u0119 to, \u017ceby si\u0119 spe\u0142ni\u0142o s\u0142owo proroka: \u201ePowiedzcie C\u00f3rze Syjo\u0144skiej: Oto Kr\u00f3l tw\u00f3j przychodzi do ciebie \u0142agodny, siedz\u0105cy na osio\u0142ku, \u017arebi\u0119ciu o\u015blicy\u201d. <\/b><\/span><\/span><\/span><\/p>\n<p align=\"justify\"><span style=\"color: #000000;\"><span style=\"font-family: Book Antiqua, serif;\"><span style=\"font-size: large;\"><b>Uczniowie poszli i uczynili, jak im Jezus poleci\u0142. Przyprowadzili o\u015blic\u0119 i \u017arebi\u0119 i po\u0142o\u017cyli na nie swe p\u0142aszcze, a On usiad\u0142 na nich. A ogromny t\u0142um s\u0142a\u0142 swe p\u0142aszcze na drodze, inni obcinali ga\u0142\u0105zki z drzew i \u015bcielili na drodze. A t\u0142umy, kt\u00f3re Go poprzedza\u0142y i kt\u00f3re sz\u0142y za Nim, wo\u0142a\u0142y g\u0142o\u015bno: <\/b><\/span><\/span><\/span><\/p>\n<p align=\"justify\"><span style=\"color: #000000;\">\u201e<span style=\"font-family: Book Antiqua, serif;\"><span style=\"font-size: large;\"><b>Hosanna Synowi Dawida. <\/b><\/span><\/span><\/span><\/p>\n<p align=\"justify\"><span style=\"color: #000000;\"><span style=\"font-family: Book Antiqua, serif;\"><span style=\"font-size: large;\"><b>B\u0142ogos\u0142awiony, kt\u00f3ry przychodzi w imi\u0119 Pa\u0144skie. <\/b><\/span><\/span><\/span><\/p>\n<p align=\"justify\"><span style=\"color: #000000;\"><span style=\"font-family: Book Antiqua, serif;\"><span style=\"font-size: large;\"><b>Hosanna na wysoko\u015bciach\u201d. <\/b><\/span><\/span><\/span><\/p>\n<p align=\"justify\"><span style=\"color: #000000;\"><span style=\"font-family: Book Antiqua, serif;\"><span style=\"font-size: large;\"><b>Gdy wjecha\u0142 do Jerozolimy, poruszy\u0142o si\u0119 ca\u0142e miasto, i pytano: \u201eKto to jest?\u201d A t\u0142umy odpowiada\u0142y: \u201eTo jest prorok Jezus z Nazaretu w Galilei\u201d.<\/b><\/span><\/span><\/span><\/p>\n<p align=\"justify\">\n<p align=\"justify\">\n<p align=\"justify\">\n<p align=\"justify\">\n<p align=\"justify\">\n<p align=\"justify\"><span style=\"color: #000000;\"><span style=\"font-family: Book Antiqua, serif;\"><span style=\"font-size: large;\"><b>MSZA \u015aWI\u0118TA:<\/b><\/span><\/span><\/span><\/p>\n<p align=\"justify\">\n<p align=\"justify\">\n<p align=\"justify\">\n<p align=\"justify\">\n<p align=\"justify\">\n<p align=\"justify\"><span style=\"color: #000000;\"><span style=\"font-family: Book Antiqua, serif;\"><span style=\"font-size: large;\"><b>CZYTANIE Z KSI\u0118GI PROROKA IZAJASZA: <\/b><\/span><\/span><\/span><\/p>\n<p align=\"justify\"><span style=\"color: #000000;\"><span style=\"font-family: Book Antiqua, serif;\"><span style=\"font-size: large;\"><b>Pan B\u00f3g mnie obdarzy\u0142 j\u0119zykiem wymownym, bym umia\u0142 przyj\u015b\u0107 z pomoc\u0105 strudzonemu przez s\u0142owo krzepi\u0105ce. Ka\u017cdego rana pobudza me ucho, bym s\u0142ucha\u0142 jak uczniowie. Pan B\u00f3g otworzy\u0142 mi ucho, a ja si\u0119 nie opar\u0142em ani si\u0119 nie cofn\u0105\u0142em.<\/b><\/span><\/span><\/span><\/p>\n<p align=\"justify\"><span style=\"color: #000000;\"><span style=\"font-family: Book Antiqua, serif;\"><span style=\"font-size: large;\"><b>Poda\u0142em grzbiet m\u00f3j bij\u0105cym i policzki moje rw\u0105cym mi brod\u0119. Nie zas\u0142oni\u0142em mej twarzy przed zniewagami i opluciem. <\/b><\/span><\/span><\/span><\/p>\n<p align=\"justify\"><span style=\"color: #000000;\"><span style=\"font-family: Book Antiqua, serif;\"><span style=\"font-size: large;\"><b>Pan B\u00f3g mnie wspomaga, dlatego jestem nieczu\u0142y na obelgi, dlatego uczyni\u0142em twarz moj\u0105 jak g\u0142az i wiem, \u017ce wstydu nie doznam.<\/b><\/span><\/span><\/span><\/p>\n<p align=\"justify\">\n<p align=\"justify\">\n<p align=\"justify\">\n<p align=\"justify\">\n<p align=\"justify\">\n<p align=\"justify\"><span style=\"color: #000000;\"><span style=\"font-family: Book Antiqua, serif;\"><span style=\"font-size: large;\"><b>CZYTANIE Z LISTU \u015aWI\u0118TEGO PAW\u0141A APOSTO\u0141A DO FILIPIAN: <\/b><\/span><\/span><\/span><\/p>\n<p align=\"justify\"><span style=\"color: #000000;\"><span style=\"font-family: Book Antiqua, serif;\"><span style=\"font-size: large;\"><b>Chrystus Jezus istniej\u0105c w postaci Bo\u017cej, nie skorzysta\u0142 ze sposobno\u015bci, aby na r\u00f3wni by\u0107 z Bogiem, lecz ogo\u0142oci\u0142 samego siebie, przyj\u0105wszy posta\u0107 s\u0142ugi, stawszy si\u0119 podobnym do ludzi. A w tym, co zewn\u0119trzne, uznany za cz\u0142owieka, uni\u017cy\u0142 samego siebie, stawszy si\u0119 pos\u0142usznym a\u017c do \u015bmierci, i to \u015bmierci krzy\u017cowej. <\/b><\/span><\/span><\/span><\/p>\n<p align=\"justify\"><span style=\"color: #000000;\"><span style=\"font-family: Book Antiqua, serif;\"><span style=\"font-size: large;\"><b>Dlatego te\u017c B\u00f3g wywy\u017cszy\u0142 Go nad wszystko i darowa\u0142 Mu imi\u0119 ponad wszelkie imi\u0119, aby na imi\u0119 Jezusa zgi\u0119\u0142o si\u0119 ka\u017cde kolano istot niebieskich i ziemskich, i podziemnych, i aby wszelki j\u0119zyk wyzna\u0142, \u017ce Jezus Chrystus jest Panem ku chwale Boga Ojca.<\/b><\/span><\/span><\/span><\/p>\n<p align=\"justify\">\n<p align=\"justify\">\n<p align=\"justify\">\n<p align=\"justify\">\n<p align=\"justify\">\n<p align=\"justify\"><span style=\"font-family: Book Antiqua, serif;\"><b><strong><span style=\"color: #000000;\"><span style=\"font-size: large;\">M\u0118KA NASZEGO PANA JEZUSA CHRYSTUSA WED\u0141UG \u015aWI\u0118TEGO MATEUSZA:<\/span><\/span><\/strong><\/b><\/span><\/p>\n<p align=\"justify\"><span style=\"color: #000000;\"><span style=\"font-family: Book Antiqua, serif;\"><span style=\"font-size: large;\"><b>Jeden z Dwunastu, imieniem Judasz Iskariota, uda\u0142 si\u0119 do arcykap\u0142an\u00f3w i powiedzia\u0142: \u201eCo chcecie mi da\u0107, a ja wam Go wydam.\u201d A oni wyznaczyli mu trzydzie\u015bci srebrnik\u00f3w. Odt\u0105d szuka\u0142 sposobno\u015bci, \u017ceby Go wyda\u0107.<\/b><\/span><\/span><\/span><\/p>\n<p align=\"justify\"><span style=\"color: #000000;\"><span style=\"font-family: Book Antiqua, serif;\"><span style=\"font-size: large;\"><b>W pierwszy dzie\u0144 Prza\u015bnik\u00f3w przyst\u0105pili do Jezusa uczniowie i zapytali Go: \u201eGdzie chcesz, \u017ceby\u015bmy Ci przygotowali Pasch\u0119 do spo\u017cycia?\u201d On odrzek\u0142: \u201eId\u017acie do miasta, do znanego nam cz\u0142owieka i powiedzcie mu: Nauczyciel m\u00f3wi: Czas m\u00f3j jest bliski; u ciebie chc\u0119 urz\u0105dzi\u0107 Pasch\u0119 z moimi uczniami.\u201d Uczniowie uczynili tak, jak im poleci\u0142 Jezus, i przygotowali Pasch\u0119. <\/b><\/span><\/span><\/span><\/p>\n<p align=\"justify\"><span style=\"color: #000000;\"><span style=\"font-family: Book Antiqua, serif;\"><span style=\"font-size: large;\"><b>Z nastaniem wieczoru zaj\u0105\u0142 miejsce u sto\u0142u razem z dwunastu uczniami. A gdy jedli, rzek\u0142: \u201eZaprawd\u0119 powiadam wam: jeden z was Mnie zdradzi.\u201d Zasmuceni tym bardzo, zacz\u0119li pyta\u0107 jeden przez drugiego: \u201eChyba nie ja, Panie?\u201d On za\u015b odpowiedzia\u0142:<\/b><\/span><\/span><\/span><em><span style=\"color: #000000;\"><span style=\"font-family: Book Antiqua, serif;\"><span style=\"font-size: large;\"><b> \u201e<\/b><\/span><\/span><\/span><\/em><span style=\"color: #000000;\"><span style=\"font-family: Book Antiqua, serif;\"><span style=\"font-size: large;\"><b>Ten, kt\u00f3ry ze Mn\u0105 r\u0119k\u0119 zanurza w misie, on Mnie zdradzi. Wprawdzie Syn Cz\u0142owieczy odchodzi, jak o Nim jest napisane; lecz biada temu cz\u0142owiekowi, przez kt\u00f3rego Syn Cz\u0142owieczy b\u0119dzie wydany. By\u0142oby lepiej dla tego cz\u0142owieka, gdyby si\u0119 nie narodzi\u0142.\u201d Wtedy Judasz, kt\u00f3ry Go mia\u0142 zdradzi\u0107, powiedzia\u0142: \u201eCzy nie ja, Rabbi?\u201d Odpowiedzia\u0142 mu: \u201eTak, to ty jeste\u015b.\u201d<\/b><\/span><\/span><\/span><\/p>\n<p align=\"justify\"><span style=\"color: #000000;\"><span style=\"font-family: Book Antiqua, serif;\"><span style=\"font-size: large;\"><b>A gdy oni jedli, Jezus wzi\u0105\u0142 chleb i odm\u00f3wiwszy b\u0142ogos\u0142awie\u0144stwo, po\u0142ama\u0142 go i da\u0142 uczniom, m\u00f3wi\u0105c: \u201eBierzcie i jedzcie, to jest Cia\u0142o moje.\u201d Nast\u0119pnie wzi\u0105\u0142 kielich i odm\u00f3wiwszy dzi\u0119kczynienie da\u0142 im, m\u00f3wi\u0105c: \u201ePijcie z niego wszyscy; bo to jest moja Krew Przymierza, kt\u00f3ra za wielu b\u0119dzie wylana na odpuszczenie grzech\u00f3w. Lecz powiadam wam: Odt\u0105d nie b\u0119d\u0119 ju\u017c pi\u0142 z tego owocu winnego krzewu a\u017c do owego dnia, kiedy pi\u0107 go b\u0119d\u0119 z wami nowy, w kr\u00f3lestwie Ojca mojego.\u201d Po od\u015bpiewaniu hymnu wyszli na G\u00f3r\u0119 Oliwn\u0105. <\/b><\/span><\/span><\/span><\/p>\n<p align=\"justify\"><span style=\"color: #000000;\"><span style=\"font-family: Book Antiqua, serif;\"><span style=\"font-size: large;\"><b>W\u00f3wczas Jezus rzek\u0142 do nich: \u201eWy wszyscy zw\u0105tpicie we Mnie tej nocy. Bo jest napisane: Uderz\u0119 pasterza, a rozprosz\u0105 si\u0119 owce stada. Lecz gdy powstan\u0119, uprzedz\u0119 was do Galilei.\u201d Piotr Mu odpowiedzia\u0142: \u201eCho\u0107by wszyscy zw\u0105tpili w Ciebie, ja nigdy nie zw\u0105tpi\u0119.\u201d Jezus mu rzek\u0142: \u201eZaprawd\u0119 powiadam ci: Jeszcze tej nocy, zanim kogut zapieje, trzy razy si\u0119 Mnie wyprzesz.\u201d Na to Piotr: \u201eCho\u0107by mi przysz\u0142o umrze\u0107 z Tob\u0105, nie zapr\u0119 si\u0119 Ciebie.\u201d Podobnie zapewniali wszyscy uczniowie. <\/b><\/span><\/span><\/span><\/p>\n<p align=\"justify\"><span style=\"color: #000000;\"><span style=\"font-family: Book Antiqua, serif;\"><span style=\"font-size: large;\"><b>Wtedy przyszed\u0142 Jezus z nimi do ogrodu, zwanego Getsemani, i rzek\u0142 do uczni\u00f3w: \u201eUsi\u0105d\u017acie tu, Ja tymczasem odejd\u0119 tam i b\u0119d\u0119 si\u0119 modli\u0142.\u201d Wzi\u0105wszy z sob\u0105 Piotra i dw\u00f3ch syn\u00f3w Zebedeusza, pocz\u0105\u0142 si\u0119 smuci\u0107 i odczuwa\u0107 trwog\u0119. Wtedy rzek\u0142 do nich: \u201eSmutna jest moja dusza a\u017c do \u015bmierci; zosta\u0144cie tu i czuwajcie ze Mn\u0105.\u201d I odszed\u0142szy nieco dalej, upad\u0142 na twarz i modli\u0142 si\u0119 tymi s\u0142owami: \u201eOjcze m\u00f3j, je\u015bli to mo\u017cliwe, niech Mnie ominie ten kielich. Wszak\u017ce nie jak Ja chc\u0119, ale jak Ty.\u201d <\/b><\/span><\/span><\/span><\/p>\n<p align=\"justify\"><span style=\"color: #000000;\"><span style=\"font-family: Book Antiqua, serif;\"><span style=\"font-size: large;\"><b>Potem przyszed\u0142 do uczni\u00f3w i zasta\u0142 ich \u015bpi\u0105cych. Rzek\u0142 wi\u0119c do Piotra:<\/b><\/span><\/span><\/span><em><span style=\"color: #000000;\"><span style=\"font-family: Book Antiqua, serif;\"><span style=\"font-size: large;\"><b> \u201e<\/b><\/span><\/span><\/span><\/em><span style=\"color: #000000;\"><span style=\"font-family: Book Antiqua, serif;\"><span style=\"font-size: large;\"><b>Tak, jednej godziny nie mogli\u015bcie czuwa\u0107 ze Mn\u0105? Czuwajcie i m\u00f3dlcie si\u0119, aby\u015bcie nie ulegli pokusie; duch wprawdzie ochoczy, ale cia\u0142o s\u0142abe.\u201d Powt\u00f3rnie odszed\u0142 i tak si\u0119 modli\u0142: \u201eOjcze m\u00f3j, je\u015bli nie mo\u017ce omin\u0105\u0107 Mnie ten kielich i musz\u0119 go wypi\u0107, niech si\u0119 stanie wola Twoja.\u201d <\/b><\/span><\/span><\/span><\/p>\n<p align=\"justify\"><span style=\"color: #000000;\"><span style=\"font-size: large;\"><span style=\"font-family: Book Antiqua, serif;\"><b>Potem przyszed\u0142 i zn\u00f3w zasta\u0142 ich \u015bpi\u0105cych, bo oczy ich by\u0142y senne. Zostawiwszy ich, odszed\u0142 znowu i modli\u0142 si\u0119 po raz trzeci, powtarzaj\u0105c te same s\u0142owa. Potem wr\u00f3ci\u0142 do uczni\u00f3w i rzek\u0142 do nich: \u201e\u015apicie jeszcze i odpoczywacie? A oto nadesz\u0142a godzina i Syn Cz\u0142owieczy b\u0119dzie wydany w r\u0119ce grzesznik\u00f3w. Wsta\u0144cie, chod\u017amy; oto si\u0119 zbli\u017ca m\u00f3j zdrajca.\u201d <\/b><\/span><\/span><\/span><\/p>\n<p align=\"justify\"><span style=\"color: #000000;\"><span style=\"font-size: large;\"><span style=\"font-family: Book Antiqua, serif;\"><b>Gdy On jeszcze m\u00f3wi\u0142, oto przyszed\u0142 Judasz, jeden z Dwunastu, a z nim wielka zgraja z mieczami i kijami od arcykap\u0142an\u00f3w i starszych ludu. Zdrajca za\u015b da\u0142 im taki znak: \u201e<\/b><\/span><span style=\"font-family: Book Antiqua, serif;\"><b>Ten, kt\u00f3rego poca\u0142uj\u0119, to On; Jego pochwy\u0107cie.\u201d Zaraz te\u017c przyst\u0105pi\u0142 do Jezusa, m\u00f3wi\u0105c: \u201eWitaj, Rabbi.\u201d I poca\u0142owa\u0142 Go. A Jezus rzek\u0142 do niego: \u201ePrzyjacielu, po co\u015b przyszed\u0142?\u201d Wtedy rzucili si\u0119 na Jezusa i pochwycili Go.<\/b><\/span><\/span><\/span><\/p>\n<p align=\"justify\"><span style=\"color: #000000;\"><span style=\"font-family: Book Antiqua, serif;\"><span style=\"font-size: large;\"><b>A oto jeden z tych, kt\u00f3rzy byli z Jezusem, wyci\u0105gn\u0105\u0142 r\u0119k\u0119, doby\u0142 miecza i ugodziwszy s\u0142ug\u0119 najwy\u017cszego kap\u0142ana, odci\u0105\u0142 mu ucho. Wtedy Jezus rzek\u0142 do niego: \u201eSchowaj miecz sw\u00f3j do pochwy, bo wszyscy, kt\u00f3rzy za miecz chwytaj\u0105, od miecza gin\u0105. Czy my\u015blisz, \u017ce nie m\u00f3g\u0142bym prosi\u0107 Ojca mojego, a zaraz wystawi\u0142by Mi wi\u0119cej ni\u017c dwana\u015bcie zast\u0119p\u00f3w anio\u0142\u00f3w? Jak\u017ce wi\u0119c spe\u0142ni\u0105 si\u0119 Pisma, \u017ce tak si\u0119 sta\u0107 musi?\u201d<\/b><\/span><\/span><\/span><\/p>\n<p align=\"justify\"><span style=\"color: #000000;\"><span style=\"font-family: Book Antiqua, serif;\"><span style=\"font-size: large;\"><b>W owej chwili Jezus rzek\u0142 do t\u0142um\u00f3w:<\/b><\/span><\/span><\/span><em><span style=\"color: #000000;\"><span style=\"font-family: Book Antiqua, serif;\"><span style=\"font-size: large;\"><b> \u201e<\/b><\/span><\/span><\/span><\/em><span style=\"color: #000000;\"><span style=\"font-family: Book Antiqua, serif;\"><span style=\"font-size: large;\"><b>Wyszli\u015bcie z mieczami i kijami jak na zb\u00f3jc\u0119, \u017ceby Mnie pochwyci\u0107. Codziennie zasiada\u0142em w \u015bwi\u0105tyni i naucza\u0142em, a nie pojmali\u015bcie Mnie. Lecz sta\u0142o si\u0119 to wszystko, \u017ceby si\u0119 wype\u0142ni\u0142y Pisma prorok\u00f3w.\u201d Wtedy wszyscy uczniowie opu\u015bcili Go i uciekli. <\/b><\/span><\/span><\/span><\/p>\n<p align=\"justify\"><span style=\"color: #000000;\"><span style=\"font-family: Book Antiqua, serif;\"><span style=\"font-size: large;\"><b>Ci za\u015b, kt\u00f3rzy pochwycili Jezusa, zaprowadzili Go do najwy\u017cszego kap\u0142ana, Kajfasza, gdzie zebrali si\u0119 uczeni w Pi\u015bmie i starsi. A Piotr szed\u0142 za Nim z daleka, a\u017c do pa\u0142acu najwy\u017cszego kap\u0142ana. Wszed\u0142 tam na dziedziniec i usiad\u0142 mi\u0119dzy s\u0142u\u017cb\u0105, aby widzie\u0107, jaki b\u0119dzie wynik. <\/b><\/span><\/span><\/span><\/p>\n<p align=\"justify\"><span style=\"color: #000000;\"><span style=\"font-size: large;\"><span style=\"font-family: Book Antiqua, serif;\"><b>Tymczasem arcykap\u0142ani i ca\u0142a Wysoka Rada szukali fa\u0142szywego \u015bwiadectwa przeciw Jezusowi, aby Go zg\u0142adzi\u0107. Lecz nie znale\u017ali, jakkolwiek wyst\u0119powa\u0142o wielu fa\u0142szywych \u015bwiadk\u00f3w. W ko\u0144cu stan\u0119li dwaj i zeznali: \u201eOn powiedzia\u0142: Mog\u0119 zburzy\u0107 przybytek Bo\u017cy i w ci\u0105gu trzech dni go odbudowa\u0107.\u201d Wtedy powsta\u0142 najwy\u017cszy kap\u0142an i rzek\u0142 do Niego: \u201eNic nie odpowiadasz na to, co oni zeznaj\u0105 przeciwko Tobie?\u201d Lecz Jezus milcza\u0142. A najwy\u017cszy kap\u0142an rzek\u0142 do Niego: \u201ePoprzysi\u0119gam Ci\u0119 na Boga \u017cywego, powiedz nam: Czy Ty jeste\u015b Mesjaszem, Synem Bo\u017cym?\u201d Jezus mu odpowiedzia\u0142: \u201eTak, Ja Nim jestem. Ale powiadam wam: Odt\u0105d ujrzycie Syna Cz\u0142owieczego, siedz\u0105cego po prawicy Wszechmocnego i nadchodz\u0105cego na ob\u0142okach niebieskich.\u201d Wtedy najwy\u017cszy kap\u0142an rozdar\u0142 swoje szaty i rzek\u0142: \u201eZblu\u017ani\u0142. Na c\u00f3\u017c nam jeszcze potrzeba \u015bwiadk\u00f3w? Oto teraz s\u0142yszeli\u015bcie blu\u017anierstwo. Co wam si\u0119 zdaje?\u201d Oni odpowiedzieli: \u201eWinien jest \u015bmierci.\u201d W\u00f3wczas zacz\u0119li plu\u0107 Mu w twarz i bi\u0107 Go pi\u0119\u015bciami, a inni policzkowali Go i szydzili: \u201eProrok\u00f3j nam Mesjaszu, kto Ci\u0119 uderzy\u0142?\u201d<\/b><\/span><\/span><\/span><\/p>\n<p align=\"justify\"><span style=\"color: #000000;\"><span style=\"font-size: large;\"><span style=\"font-family: Book Antiqua, serif;\"><b>Piotr za\u015b siedzia\u0142 zewn\u0105trz na dziedzi\u0144cu. Podesz\u0142a do niego jedna s\u0142u\u017c\u0105ca i rzek\u0142a: \u201e<\/b><\/span><span style=\"font-family: Book Antiqua, serif;\"><b>I ty by\u0142e\u015b z Galilejczykiem Jezusem.\u201d Lecz on zaprzeczy\u0142 temu wobec wszystkich i rzek\u0142: \u201eNie wiem, co m\u00f3wisz.\u201d A gdy wyszed\u0142 ku bramie, zauwa\u017cy\u0142a go inna i rzek\u0142a do tych, co tam byli: \u201eTen by\u0142 z Jezusem Nazarejczykiem.\u201d I znowu zaprzeczy\u0142 pod przysi\u0119g\u0105: \u201eNie znam tego Cz\u0142owieka.\u201d Po chwili ci, kt\u00f3rzy tam stali, zbli\u017cyli si\u0119 i rzekli do Piotra: \u201eNa pewno i ty jeste\u015b jednym z nich, bo i twoja mowa ci\u0119 zdradza.\u201d Wtedy pocz\u0105\u0142 si\u0119 zaklina\u0107 i przysi\u0119ga\u0107: \u201eNie znam tego Cz\u0142owieka.\u201d I w tej chwili kogut zapia\u0142. Wspomnia\u0142 Piotr na s\u0142owo Jezusa, kt\u00f3ry mu powiedzia\u0142: Zanim kogut zapieje, trzy razy si\u0119 Mnie wyprzesz. Wyszed\u0142 na zewn\u0105trz i gorzko zap\u0142aka\u0142. <\/b><\/span><\/span><\/span><\/p>\n<p align=\"justify\"><span style=\"color: #000000;\"><span style=\"font-family: Book Antiqua, serif;\"><span style=\"font-size: large;\"><b>A gdy nasta\u0142 ranek, wszyscy arcykap\u0142ani i starsi ludu powzi\u0119li uchwa\u0142\u0119 przeciw Jezusowi, \u017ceby Go zg\u0142adzi\u0107. Zwi\u0105zawszy Go zaprowadzili i wydali w r\u0119ce namiestnika Poncjusza Pi\u0142ata. <\/b><\/span><\/span><\/span><\/p>\n<p align=\"justify\"><span style=\"color: #000000;\"><span style=\"font-family: Book Antiqua, serif;\"><span style=\"font-size: large;\"><b>Wtedy Judasz, kt\u00f3ry Go wyda\u0142, widz\u0105c, \u017ce Go skazano, opami\u0119ta\u0142 si\u0119, zwr\u00f3ci\u0142 trzydzie\u015bci srebrnik\u00f3w arcykap\u0142anom i starszym i rzek\u0142: \u201eZgrzeszy\u0142em, wydawszy krew niewinn\u0105.\u201d Lecz oni odparli: \u201eCo nas to obchodzi? To twoja sprawa.\u201d Rzuciwszy srebrniki do przybytku, oddali\u0142 si\u0119, potem poszed\u0142 i powiesi\u0142 si\u0119. Arcykap\u0142ani za\u015b wzi\u0119li srebrniki i orzekli: \u201eNie wolno k\u0142a\u015b\u0107 ich do skarbca \u015bwi\u0105tyni, bo s\u0105 zap\u0142at\u0105 za krew.\u201d Po odbyciu narady kupili za nie pole garncarza na grzebanie cudzoziemc\u00f3w. <\/b><\/span><\/span><\/span><\/p>\n<p align=\"justify\"><span style=\"color: #000000;\"><span style=\"font-family: Book Antiqua, serif;\"><span style=\"font-size: large;\"><b>Dlatego pole to a\u017c po dzi\u015b dzie\u0144 nosi nazw\u0119 Pole Krwi. Wtedy spe\u0142ni\u0142o si\u0119 to, co powiedzia\u0142 prorok Jeremiasz: Wzi\u0119li trzydzie\u015bci srebrnik\u00f3w, zap\u0142at\u0119 za Tego, kt\u00f3rego oszacowali synowie Izraela. I dali je za pole garncarza, jak mi Pan rozkaza\u0142. <\/b><\/span><\/span><\/span><\/p>\n<p align=\"justify\"><span style=\"color: #000000;\"><span style=\"font-size: large;\"><span style=\"font-family: Book Antiqua, serif;\"><b>Jezusa za\u015b stawiono przed namiestnikiem. Namiestnik zada\u0142 Mu pytanie: \u201eCzy Ty jeste\u015b kr\u00f3lem \u017cydowskim?\u201d Jezus odpowiedzia\u0142: \u201eTak, Ja nim jestem.\u201d A gdy Go oskar\u017cali arcykap\u0142ani i starsi, nic nie odpowiada\u0142. Wtedy zapyta\u0142 Go Pi\u0142at: \u201eNie s\u0142yszysz, jak wiele zeznaj\u0105 przeciw Tobie?\u201d On jednak nie odpowiada\u0142 mu na \u017cadne pytanie, tak \u017ce namiestnik bardzo si\u0119 dziwi\u0142. <\/b><\/span><\/span><\/span><\/p>\n<p align=\"justify\"><span style=\"color: #000000;\"><span style=\"font-family: Book Antiqua, serif;\"><span style=\"font-size: large;\"><b>A by\u0142 zwyczaj, \u017ce na ka\u017cde \u015bwi\u0119to namiestnik uwalnia\u0142 jednego wi\u0119\u017ania, kt\u00f3rego chcieli. Trzymano za\u015b wtedy znacznego wi\u0119\u017ania, imieniem Barabasz. Gdy si\u0119 wi\u0119c zebrali, spyta\u0142 ich Pi\u0142at: \u201eKt\u00f3rego chcecie, \u017cebym wam uwolni\u0142, Barabasza czy Jezusa, zwanego Mesjaszem?\u201d Wiedzia\u0142 bowiem, \u017ce przez zawi\u015b\u0107 Go wydali. A gdy on odbywa\u0142 przew\u00f3d s\u0105dowy, \u017cona jego przys\u0142a\u0142a mu ostrze\u017cenie: \u201eNie miej nic do czynienia z tym Sprawiedliwym, bo dzisiaj we \u015bnie wiele nacierpia\u0142am si\u0119 z Jego powodu.\u201d <\/b><\/span><\/span><\/span><\/p>\n<p align=\"justify\"><span style=\"color: #000000;\"><span style=\"font-family: Book Antiqua, serif;\"><span style=\"font-size: large;\"><b>Tymczasem arcykap\u0142ani i starsi nam\u00f3wili t\u0142umy, \u017ceby prosi\u0142y o Barabasza, a domaga\u0142y si\u0119 \u015bmierci Jezusa. Pyta\u0142 ich namiestnik: \u201eKt\u00f3rego z tych dw\u00f3ch chcecie, \u017cebym wam uwolni\u0142?\u201d Odpowiedzieli: \u201eBarabasza.\u201d Rzek\u0142 do nich Pi\u0142at: \u201eC\u00f3\u017c wi\u0119c mam uczyni\u0107 z Jezusem, kt\u00f3rego nazywaj\u0105 Mesjaszem?\u201d Zawo\u0142ali wszyscy: \u201eNa krzy\u017c z Nim!\u201d <\/b><\/span><\/span><\/span><\/p>\n<p align=\"justify\"><span style=\"color: #000000;\"><span style=\"font-family: Book Antiqua, serif;\"><span style=\"font-size: large;\"><b>Namiestnik odpowiedzia\u0142: \u201eC\u00f3\u017c w\u0142a\u015bciwie z\u0142ego uczyni\u0142?\u201d Lecz oni jeszcze g\u0142o\u015bniej krzyczeli: \u201eNa krzy\u017c z Nim!\u201d Pi\u0142at widz\u0105c, \u017ce nic nie osi\u0105ga, a wzburzenie raczej wzrasta, wzi\u0105\u0142 wod\u0119 i umy\u0142 r\u0119ce wobec t\u0142umu, m\u00f3wi\u0105c: \u201eNie jestem winny krwi tego Sprawiedliwego. To wasza rzecz.\u201d A ca\u0142y lud zawo\u0142a\u0142: \u201eKrew Jego na nas i na dzieci nasze. W\u00f3wczas uwolni\u0142 im Barabasza, a Jezusa kaza\u0142 ubiczowa\u0107 i wyda\u0142 na ukrzy\u017cowanie. <\/b><\/span><\/span><\/span><\/p>\n<p align=\"justify\"><span style=\"color: #000000;\"><span style=\"font-family: Book Antiqua, serif;\"><span style=\"font-size: large;\"><b>Wtedy \u017co\u0142nierze namiestnika zabrali Jezusa z sob\u0105 do pretorium i zgromadzili ko\u0142o Niego ca\u0142\u0105 kohort\u0119. Rozebrali Go z Jego szat i narzucili na Niego p\u0142aszcz szkar\u0142atny. Upl\u00f3t\u0142szy wieniec z ciernia w\u0142o\u017cyli Mu na g\u0142ow\u0119, a do prawej r\u0119ki dali Mu trzcin\u0119. Potem przykl\u0119kali przed Nim i szydzili z Niego, m\u00f3wi\u0105c: \u201eWitaj, kr\u00f3lu \u017cydowski!\u201d Przy tym pluli na Niego, brali trzcin\u0119 i bili Go po g\u0142owie. A gdy Go wyszydzili, zdj\u0119li z Niego p\u0142aszcz, w\u0142o\u017cyli na Niego w\u0142asne Jego szaty i odprowadzili Go na ukrzy\u017cowanie. <\/b><\/span><\/span><\/span><\/p>\n<p align=\"justify\"><span style=\"color: #000000;\"><span style=\"font-size: large;\"><span style=\"font-family: Book Antiqua, serif;\"><b>Wychodz\u0105c spotkali pewnego cz\u0142owieka z Cyreny, imieniem Szymon. Tego przymusili, \u017ceby ni\u00f3s\u0142 krzy\u017c Jezusa. Gdy przyszli na miejsce zwane Golgot\u0105, to znaczy Miejsce Czaszki, dali Mu pi\u0107 wino zaprawione gorycz\u0105. Skosztowa\u0142, ale nie chcia\u0142 pi\u0107. <\/b><\/span><\/span><\/span><\/p>\n<p align=\"justify\"><span style=\"color: #000000;\"><span style=\"font-family: Book Antiqua, serif;\"><span style=\"font-size: large;\"><b>Gdy Go ukrzy\u017cowali, rozdzielili mi\u0119dzy siebie Jego szaty, rzucaj\u0105c o nie losy. I siedz\u0105c, tam Go pilnowali. A nad g\u0142ow\u0105 Jego umie\u015bcili napis z podaniem Jego winy: To jest Jezus, kr\u00f3l \u017cydowski. Wtedy te\u017c ukrzy\u017cowano z Nim dw\u00f3ch z\u0142oczy\u0144c\u00f3w, jednego po prawej, drugiego po lewej stronie. <\/b><\/span><\/span><\/span><\/p>\n<p align=\"justify\"><span style=\"color: #000000;\"><span style=\"font-family: Book Antiqua, serif;\"><span style=\"font-size: large;\"><b>Ci za\u015b, kt\u00f3rzy przechodzili obok, przeklinali Go i potrz\u0105sali g\u0142owami, m\u00f3wi\u0105c: \u201eTy, kt\u00f3ry burzysz przybytek i w trzech dniach go odbudowujesz, ocal sam siebie; je\u015bli jeste\u015b Synem Bo\u017cym, zejd\u017a z krzy\u017ca.\u201d Podobnie arcykap\u0142ani z uczonymi w Pi\u015bmie i starszymi, szydz\u0105c, powtarzali: \u201eInnych wybawia\u0142, siebie nie mo\u017ce wybawi\u0107. Jest kr\u00f3lem Izraela: niech\u017ce teraz zejdzie z krzy\u017ca, a uwierzymy w Niego. Zaufa\u0142 Bogu: niech\u017ce Go teraz wybawi, je\u015bli Go mi\u0142uje. Przecie\u017c powiedzia\u0142: Jestem Synem Bo\u017cym.\u201d Tak samo l\u017cyli Go i z\u0142oczy\u0144cy, kt\u00f3rzy byli z Nim ukrzy\u017cowani. <\/b><\/span><\/span><\/span><\/p>\n<p align=\"justify\"><span style=\"color: #000000;\"><span style=\"font-family: Book Antiqua, serif;\"><span style=\"font-size: large;\"><b>Od godziny sz\u00f3stej mrok ogarn\u0105\u0142 ca\u0142\u0105 ziemi\u0119 a\u017c do godziny dziewi\u0105tej. Oko\u0142o godziny dziewi\u0105tej Jezus zawo\u0142a\u0142 dono\u015bnym g\u0142osem: \u201eEl\u00ed, El\u00ed, lem\u00e1 sabachth\u00e1ni?\u201d<\/b><\/span><\/span><\/span><b> <\/b><span style=\"color: #000000;\"><span style=\"font-family: Book Antiqua, serif;\"><span style=\"font-size: large;\"><b>To znaczy: \u201eBo\u017ce m\u00f3j, Bo\u017ce m\u00f3j, czemu\u015b Mnie opu\u015bci\u0142?\u201d S\u0142ysz\u0105c to, niekt\u00f3rzy ze stoj\u0105cych tam m\u00f3wili: \u201eOn Eliasza wo\u0142a.\u201d Zaraz te\u017c jeden z nich pobieg\u0142 i wzi\u0105wszy g\u0105bk\u0119, nape\u0142ni\u0142 j\u0105 octem, w\u0142o\u017cy\u0142 na trzcin\u0119 i dawa\u0142 Mu pi\u0107. Lecz inni m\u00f3wili: \u201ePoczekaj! Zobaczymy, czy przyjdzie Eliasz, aby Go wybawi\u0107.\u201d A Jezus raz jeszcze zawo\u0142a\u0142 dono\u015bnym g\u0142osem i wyzion\u0105\u0142 ducha. <\/b><\/span><\/span><\/span><\/p>\n<p align=\"justify\"><span style=\"color: #000000;\"><span style=\"font-family: Book Antiqua, serif;\"><span style=\"font-size: large;\"><b>A oto zas\u0142ona przybytku rozdar\u0142a si\u0119 na dwoje z g\u00f3ry na d\u00f3\u0142; ziemia zadr\u017ca\u0142a i ska\u0142y zacz\u0119\u0142y p\u0119ka\u0107. Groby si\u0119 otworzy\u0142y i wiele cia\u0142 \u015bwi\u0119tych, kt\u00f3rzy umarli, powsta\u0142o. I wyszed\u0142szy z grob\u00f3w po Jego zmartwychwstaniu, weszli do Miasta \u015awi\u0119tego i ukazali si\u0119 wielu. <\/b><\/span><\/span><\/span><\/p>\n<p align=\"justify\"><span style=\"color: #000000;\"><span style=\"font-family: Book Antiqua, serif;\"><span style=\"font-size: large;\"><b>Setnik za\u015b i jego ludzie, kt\u00f3rzy odbywali stra\u017c przy Jezusie, widz\u0105c trz\u0119sienie ziemi i to, co si\u0119 dzia\u0142o, zl\u0119kli si\u0119 bardzo i m\u00f3wili: \u201ePrawdziwie, ten by\u0142 Synem Bo\u017cym.\u201d <\/b><\/span><\/span><\/span><\/p>\n<p align=\"justify\"><span style=\"color: #000000;\"><span style=\"font-size: large;\"><span style=\"font-family: Book Antiqua, serif;\"><b>By\u0142o tam r\u00f3wnie\u017c wiele niewiast, kt\u00f3re przypatrywa\u0142y si\u0119 z daleka. Sz\u0142y one za Jezusem z Galilei i us\u0142ugiwa\u0142y Mu. Mi\u0119dzy nimi by\u0142y: Maria Magdalena, Maria, matka Jakuba i J\u00f3zefa, oraz matka syn\u00f3w Zebedeusza. <\/b><\/span><\/span><\/span><\/p>\n<p align=\"justify\"><span style=\"color: #000000;\"><span style=\"font-family: Book Antiqua, serif;\"><span style=\"font-size: large;\"><b>Pod wiecz\u00f3r przyszed\u0142 zamo\u017cny cz\u0142owiek z Arymatei, imieniem J\u00f3zef, kt\u00f3ry te\u017c by\u0142 uczniem Jezusa. On uda\u0142 si\u0119 do Pi\u0142ata i poprosi\u0142 o cia\u0142o Jezusa. W\u00f3wczas Pi\u0142at kaza\u0142 je wyda\u0107. J\u00f3zef zabra\u0142 cia\u0142o, owin\u0105\u0142 je w czyste p\u0142\u00f3tno i z\u0142o\u017cy\u0142 w swoim nowym grobie, kt\u00f3ry kaza\u0142 wyku\u0107 w skale. Przed wej\u015bcie do grobu zatoczy\u0142 du\u017cy kamie\u0144 i odszed\u0142. Lecz Maria Magdalena i druga Maria pozosta\u0142y tam, siedz\u0105c naprzeciw grobu. <\/b><\/span><\/span><\/span><\/p>\n<p align=\"justify\"><span style=\"color: #000000;\"><span style=\"font-family: Book Antiqua, serif;\"><span style=\"font-size: large;\"><b>Nazajutrz, to znaczy po dniu Przygotowania, zebrali si\u0119 arcykap\u0142ani i faryzeusze u Pi\u0142ata i oznajmili: \u201ePanie, przypomnieli\u015bmy sobie, \u017ce \u00f3w oszust powiedzia\u0142 jeszcze za \u017cycia: Po trzech dniach powstan\u0119. Ka\u017c wi\u0119c zabezpieczy\u0107 gr\u00f3b a\u017c do trzeciego dnia, \u017ceby przypadkiem nie przyszli Jego uczniowie, nie wykradli Go i nie powiedzieli ludowi: Powsta\u0142 z martwych. I b\u0119dzie ostatnie oszustwo gorsze ni\u017c pierwsze.\u201d Rzek\u0142 im Pi\u0142at: \u201eMacie stra\u017c: id\u017acie, zabezpieczcie gr\u00f3b, jak umiecie.\u201d<\/b><\/span><\/span><\/span><b> <\/b><span style=\"color: #000000;\"><span style=\"font-family: Book Antiqua, serif;\"><span style=\"font-size: large;\"><b>Oni poszli i zabezpieczyli gr\u00f3b opiecz\u0119towuj\u0105c kamie\u0144 i stawiaj\u0105c stra\u017c.<\/b><\/span><\/span><\/span><\/p>\n<p align=\"justify\">\n<p align=\"justify\">\n<p align=\"justify\">\n<p align=\"justify\">\n<p align=\"justify\">\n<p align=\"justify\"><span style=\"color: #000000;\"><span style=\"font-family: Book Antiqua, serif;\"><span style=\"font-size: large;\">Bardzo mocne jest to zderzenie s\u0142\u00f3w: <i><b>Hosanna Synowi Dawida. <\/b><\/i><i><b>B\u0142ogos\u0142awiony, kt\u00f3ry przychodzi w imi\u0119 Pa\u0144skie. <\/b><\/i><i><b>Hosanna na wysoko\u015bciach; <\/b><\/i>kt\u00f3re to s\u0142owa us\u0142yszeli\u015bmy w Ewangelii, poprzedzaj\u0105cej liturgi\u0119, a tymi, kt\u00f3re us\u0142yszeli\u015bmy w Ewangelii opisuj\u0105cej M\u0119k\u0119 Pa\u0144sk\u0105: <i><b>Na krzy\u017c z Nim!<\/b><\/i> Bardzo mocne zderzenie. <\/span><\/span><\/span><\/p>\n<p align=\"justify\"><span style=\"color: #000000;\"><span style=\"font-family: Book Antiqua, serif;\"><span style=\"font-size: large;\">I nawet, je\u017celi jest tak, jak udowadnia w swej fenomenalnej ksi\u0105\u017cce \u201eJezus z Nazaretu\u201d, Ojciec \u015awi\u0119ty Benedykt XVI, i\u017c to <b>nie ci sami ludzie<\/b> krzyczeli jedno i drugie, to jednak by\u0142o to wo\u0142anie z tej samej Ziemi, wo\u0142anie rodzaju ludzkiego, kt\u00f3ry <b>raz swego Boga pod niebiosa wychwala, a innym razem \u2013 totalnie odrzuca.<\/b> <\/span><\/span><\/span><\/p>\n<p align=\"justify\"><span style=\"color: #000000;\"><span style=\"font-family: Book Antiqua, serif;\"><span style=\"font-size: large;\">W kt\u00f3rej grupie ludzi znalaz\u0142 si\u0119 dzisiejszy \u015bwiat: w tej od <i><b>Hosanna,<\/b><\/i> czy tej, wrzeszcz\u0105cej z nienawi\u015bci\u0105: <i><b>Na krzy\u017c z Nim?\u2026 <\/b><\/i>A w kt\u00f3rej grupie widz\u0119 samego siebie?\u2026 Albo mo\u017ce inaczej: czy w moim \u017cyciu wi\u0119cej jest <i><b>Hosanna,<\/b><\/i> czy jednak: <i><b>Na krzy\u017c z Nim?<\/b><\/i> O czym bardziej \u015bwiadczy moja postawa?\u2026 <\/span><\/span><\/span><\/p>\n<p align=\"justify\"><span style=\"color: #000000;\"><span style=\"font-family: Book Antiqua, serif;\"><span style=\"font-size: large;\">Pom\u00f3\u017c mi, Panie, tak t\u0119 moj\u0105 postaw\u0119 kszta\u0142towa\u0107, aby ca\u0142e moje \u017cycie by\u0142o jednym wielkim <i><b>Hosanna<\/b><\/i> \u2013 Twoj\u0105 cze\u015b\u0107! Jednak \u2013 <i><b>Hosanna! <\/b><\/i><\/span><\/span><\/span><\/p>\n","protected":false},"excerpt":{"rendered":"<p>Niech b\u0119dzie pochwalony Jezus Chrystus! Moi Drodzy, w dniu dzisiejszym urodziny prze\u017cywa \u017banna Sulowska, \u017bona \u0141ukasza, a Mama Cypriana i Ignacego; bardzo \u017cyczliwa mi Osoba, mieszkaj\u0105ca w Lublinie. Dzi\u0119kuj\u0105c za \u017cyczliwo\u015b\u0107 i dobry kontakt, \u017cycz\u0119 Bo\u017cego b\u0142ogos\u0142awie\u0144stwa, mocy, m\u0105dro\u015bci i mi\u0142o\u015bci Bo\u017cej! Zapewniam o modlitwie! Moi Drodzy, trwajmy w modlitwie! Wzmacniajmy modlitw\u0119! Im bardziej epidemia [&hellip;]<\/p>\n","protected":false},"author":1,"featured_media":0,"comment_status":"open","ping_status":"open","sticky":false,"template":"","format":"standard","meta":{"jetpack_post_was_ever_published":false,"_jetpack_newsletter_access":"","_jetpack_dont_email_post_to_subs":false,"_jetpack_newsletter_tier_id":0,"_jetpack_memberships_contains_paywalled_content":false,"_jetpack_memberships_contains_paid_content":false,"footnotes":""},"categories":[1],"tags":[],"class_list":["post-16771","post","type-post","status-publish","format-standard","hentry","category-bez-kategorii"],"yoast_head":"<!-- This site is optimized with the Yoast SEO plugin v25.1 - https:\/\/yoast.com\/wordpress\/plugins\/seo\/ -->\n<title>Jednak - Hosanna! - Gaudium Et Spes<\/title>\n<meta name=\"robots\" content=\"index, follow, max-snippet:-1, max-image-preview:large, max-video-preview:-1\" \/>\n<link rel=\"canonical\" href=\"https:\/\/gaudiumetspes-blog.pl\/index.php\/2020\/04\/05\/jednak-hosanna\/\" \/>\n<meta property=\"og:locale\" content=\"pl_PL\" \/>\n<meta property=\"og:type\" content=\"article\" \/>\n<meta property=\"og:title\" content=\"Jednak - Hosanna! - Gaudium Et Spes\" \/>\n<meta property=\"og:description\" content=\"Niech b\u0119dzie pochwalony Jezus Chrystus! Moi Drodzy, w dniu dzisiejszym urodziny prze\u017cywa \u017banna Sulowska, \u017bona \u0141ukasza, a Mama Cypriana i Ignacego; bardzo \u017cyczliwa mi Osoba, mieszkaj\u0105ca w Lublinie. Dzi\u0119kuj\u0105c za \u017cyczliwo\u015b\u0107 i dobry kontakt, \u017cycz\u0119 Bo\u017cego b\u0142ogos\u0142awie\u0144stwa, mocy, m\u0105dro\u015bci i mi\u0142o\u015bci Bo\u017cej! Zapewniam o modlitwie! Moi Drodzy, trwajmy w modlitwie! Wzmacniajmy modlitw\u0119! Im bardziej epidemia [&hellip;]\" \/>\n<meta property=\"og:url\" content=\"https:\/\/gaudiumetspes-blog.pl\/index.php\/2020\/04\/05\/jednak-hosanna\/\" \/>\n<meta property=\"og:site_name\" content=\"Gaudium Et Spes\" \/>\n<meta property=\"article:published_time\" content=\"2020-04-05T04:27:33+00:00\" \/>\n<meta name=\"author\" content=\"Ks. Jacek\" \/>\n<meta name=\"twitter:card\" content=\"summary_large_image\" \/>\n<meta name=\"twitter:label1\" content=\"Napisane przez\" \/>\n\t<meta name=\"twitter:data1\" content=\"Ks. Jacek\" \/>\n\t<meta name=\"twitter:label2\" content=\"Szacowany czas czytania\" \/>\n\t<meta name=\"twitter:data2\" content=\"19 minut\" \/>\n<script type=\"application\/ld+json\" class=\"yoast-schema-graph\">{\"@context\":\"https:\/\/schema.org\",\"@graph\":[{\"@type\":\"WebPage\",\"@id\":\"https:\/\/gaudiumetspes-blog.pl\/index.php\/2020\/04\/05\/jednak-hosanna\/\",\"url\":\"https:\/\/gaudiumetspes-blog.pl\/index.php\/2020\/04\/05\/jednak-hosanna\/\",\"name\":\"Jednak - Hosanna! - Gaudium Et Spes\",\"isPartOf\":{\"@id\":\"https:\/\/gaudiumetspes-blog.pl\/#website\"},\"datePublished\":\"2020-04-05T04:27:33+00:00\",\"author\":{\"@id\":\"https:\/\/gaudiumetspes-blog.pl\/#\/schema\/person\/1661982992b752dea8dff0d4ed845a65\"},\"breadcrumb\":{\"@id\":\"https:\/\/gaudiumetspes-blog.pl\/index.php\/2020\/04\/05\/jednak-hosanna\/#breadcrumb\"},\"inLanguage\":\"pl-PL\",\"potentialAction\":[{\"@type\":\"ReadAction\",\"target\":[\"https:\/\/gaudiumetspes-blog.pl\/index.php\/2020\/04\/05\/jednak-hosanna\/\"]}]},{\"@type\":\"BreadcrumbList\",\"@id\":\"https:\/\/gaudiumetspes-blog.pl\/index.php\/2020\/04\/05\/jednak-hosanna\/#breadcrumb\",\"itemListElement\":[{\"@type\":\"ListItem\",\"position\":1,\"name\":\"Strona g\u0142\u00f3wna\",\"item\":\"https:\/\/gaudiumetspes-blog.pl\/\"},{\"@type\":\"ListItem\",\"position\":2,\"name\":\"Jednak &#8211; Hosanna!\"}]},{\"@type\":\"WebSite\",\"@id\":\"https:\/\/gaudiumetspes-blog.pl\/#website\",\"url\":\"https:\/\/gaudiumetspes-blog.pl\/\",\"name\":\"Gaudium Et Spes\",\"description\":\"Blog Ks. Jacka Ja\u015bkowskiego\",\"potentialAction\":[{\"@type\":\"SearchAction\",\"target\":{\"@type\":\"EntryPoint\",\"urlTemplate\":\"https:\/\/gaudiumetspes-blog.pl\/?s={search_term_string}\"},\"query-input\":{\"@type\":\"PropertyValueSpecification\",\"valueRequired\":true,\"valueName\":\"search_term_string\"}}],\"inLanguage\":\"pl-PL\"},{\"@type\":\"Person\",\"@id\":\"https:\/\/gaudiumetspes-blog.pl\/#\/schema\/person\/1661982992b752dea8dff0d4ed845a65\",\"name\":\"Ks. Jacek\",\"image\":{\"@type\":\"ImageObject\",\"inLanguage\":\"pl-PL\",\"@id\":\"https:\/\/gaudiumetspes-blog.pl\/#\/schema\/person\/image\/\",\"url\":\"https:\/\/gaudiumetspes-blog.pl\/wp-content\/uploads\/2019\/07\/avatar-JJ-150x150.jpg\",\"contentUrl\":\"https:\/\/gaudiumetspes-blog.pl\/wp-content\/uploads\/2019\/07\/avatar-JJ-150x150.jpg\",\"caption\":\"Ks. Jacek\"},\"description\":\"Witam serdecznie! K\u0142ania si\u0119 Ks. Jacek Ja\u015bkowski. Nie jestem ani kim\u015b wa\u017cnym, ani kim\u015b znanym. Jestem ksi\u0119dzem, kt\u00f3ry po prostu chce rozmawia\u0107. Codzienna kap\u0142a\u0144ska pos\u0142uga pokazuje mi, \u017ce temat\u00f3w do rozm\u00f3w z ksi\u0119dzem jest coraz wi\u0119cej i dzisiaj \u017caden ksi\u0105dz nie mo\u017ce od nich ucieka\u0107, ale - wprost przeciwnie - podejmowa\u0107 nowe wyzwania. To przekonanie sk\u0142oni\u0142o mnie do pr\u00f3by otwarcia tego\u017c bloga, chocia\u017c okazji do rozm\u00f3w na co dzie\u0144 - w konfesjonale i poza nim - na szcz\u0119\u015bcie nie brakuje. My\u015bl\u0119 jednak, \u017ce ten blog b\u0119dzie jeszcze jednym sposobem i przestrzeni\u0105 nawi\u0105zania kontaktu z lud\u017ami dobrej woli, otwartymi na dialog.\",\"url\":\"https:\/\/gaudiumetspes-blog.pl\/index.php\/author\/ks-jacek\/\"}]}<\/script>\n<!-- \/ Yoast SEO plugin. -->","yoast_head_json":{"title":"Jednak - Hosanna! - Gaudium Et Spes","robots":{"index":"index","follow":"follow","max-snippet":"max-snippet:-1","max-image-preview":"max-image-preview:large","max-video-preview":"max-video-preview:-1"},"canonical":"https:\/\/gaudiumetspes-blog.pl\/index.php\/2020\/04\/05\/jednak-hosanna\/","og_locale":"pl_PL","og_type":"article","og_title":"Jednak - Hosanna! - Gaudium Et Spes","og_description":"Niech b\u0119dzie pochwalony Jezus Chrystus! Moi Drodzy, w dniu dzisiejszym urodziny prze\u017cywa \u017banna Sulowska, \u017bona \u0141ukasza, a Mama Cypriana i Ignacego; bardzo \u017cyczliwa mi Osoba, mieszkaj\u0105ca w Lublinie. Dzi\u0119kuj\u0105c za \u017cyczliwo\u015b\u0107 i dobry kontakt, \u017cycz\u0119 Bo\u017cego b\u0142ogos\u0142awie\u0144stwa, mocy, m\u0105dro\u015bci i mi\u0142o\u015bci Bo\u017cej! Zapewniam o modlitwie! Moi Drodzy, trwajmy w modlitwie! Wzmacniajmy modlitw\u0119! Im bardziej epidemia [&hellip;]","og_url":"https:\/\/gaudiumetspes-blog.pl\/index.php\/2020\/04\/05\/jednak-hosanna\/","og_site_name":"Gaudium Et Spes","article_published_time":"2020-04-05T04:27:33+00:00","author":"Ks. Jacek","twitter_card":"summary_large_image","twitter_misc":{"Napisane przez":"Ks. Jacek","Szacowany czas czytania":"19 minut"},"schema":{"@context":"https:\/\/schema.org","@graph":[{"@type":"WebPage","@id":"https:\/\/gaudiumetspes-blog.pl\/index.php\/2020\/04\/05\/jednak-hosanna\/","url":"https:\/\/gaudiumetspes-blog.pl\/index.php\/2020\/04\/05\/jednak-hosanna\/","name":"Jednak - Hosanna! - Gaudium Et Spes","isPartOf":{"@id":"https:\/\/gaudiumetspes-blog.pl\/#website"},"datePublished":"2020-04-05T04:27:33+00:00","author":{"@id":"https:\/\/gaudiumetspes-blog.pl\/#\/schema\/person\/1661982992b752dea8dff0d4ed845a65"},"breadcrumb":{"@id":"https:\/\/gaudiumetspes-blog.pl\/index.php\/2020\/04\/05\/jednak-hosanna\/#breadcrumb"},"inLanguage":"pl-PL","potentialAction":[{"@type":"ReadAction","target":["https:\/\/gaudiumetspes-blog.pl\/index.php\/2020\/04\/05\/jednak-hosanna\/"]}]},{"@type":"BreadcrumbList","@id":"https:\/\/gaudiumetspes-blog.pl\/index.php\/2020\/04\/05\/jednak-hosanna\/#breadcrumb","itemListElement":[{"@type":"ListItem","position":1,"name":"Strona g\u0142\u00f3wna","item":"https:\/\/gaudiumetspes-blog.pl\/"},{"@type":"ListItem","position":2,"name":"Jednak &#8211; Hosanna!"}]},{"@type":"WebSite","@id":"https:\/\/gaudiumetspes-blog.pl\/#website","url":"https:\/\/gaudiumetspes-blog.pl\/","name":"Gaudium Et Spes","description":"Blog Ks. Jacka Ja\u015bkowskiego","potentialAction":[{"@type":"SearchAction","target":{"@type":"EntryPoint","urlTemplate":"https:\/\/gaudiumetspes-blog.pl\/?s={search_term_string}"},"query-input":{"@type":"PropertyValueSpecification","valueRequired":true,"valueName":"search_term_string"}}],"inLanguage":"pl-PL"},{"@type":"Person","@id":"https:\/\/gaudiumetspes-blog.pl\/#\/schema\/person\/1661982992b752dea8dff0d4ed845a65","name":"Ks. Jacek","image":{"@type":"ImageObject","inLanguage":"pl-PL","@id":"https:\/\/gaudiumetspes-blog.pl\/#\/schema\/person\/image\/","url":"https:\/\/gaudiumetspes-blog.pl\/wp-content\/uploads\/2019\/07\/avatar-JJ-150x150.jpg","contentUrl":"https:\/\/gaudiumetspes-blog.pl\/wp-content\/uploads\/2019\/07\/avatar-JJ-150x150.jpg","caption":"Ks. Jacek"},"description":"Witam serdecznie! K\u0142ania si\u0119 Ks. Jacek Ja\u015bkowski. Nie jestem ani kim\u015b wa\u017cnym, ani kim\u015b znanym. Jestem ksi\u0119dzem, kt\u00f3ry po prostu chce rozmawia\u0107. Codzienna kap\u0142a\u0144ska pos\u0142uga pokazuje mi, \u017ce temat\u00f3w do rozm\u00f3w z ksi\u0119dzem jest coraz wi\u0119cej i dzisiaj \u017caden ksi\u0105dz nie mo\u017ce od nich ucieka\u0107, ale - wprost przeciwnie - podejmowa\u0107 nowe wyzwania. To przekonanie sk\u0142oni\u0142o mnie do pr\u00f3by otwarcia tego\u017c bloga, chocia\u017c okazji do rozm\u00f3w na co dzie\u0144 - w konfesjonale i poza nim - na szcz\u0119\u015bcie nie brakuje. My\u015bl\u0119 jednak, \u017ce ten blog b\u0119dzie jeszcze jednym sposobem i przestrzeni\u0105 nawi\u0105zania kontaktu z lud\u017ami dobrej woli, otwartymi na dialog.","url":"https:\/\/gaudiumetspes-blog.pl\/index.php\/author\/ks-jacek\/"}]}},"jetpack_featured_media_url":"","jetpack_sharing_enabled":true,"_links":{"self":[{"href":"https:\/\/gaudiumetspes-blog.pl\/index.php\/wp-json\/wp\/v2\/posts\/16771","targetHints":{"allow":["GET"]}}],"collection":[{"href":"https:\/\/gaudiumetspes-blog.pl\/index.php\/wp-json\/wp\/v2\/posts"}],"about":[{"href":"https:\/\/gaudiumetspes-blog.pl\/index.php\/wp-json\/wp\/v2\/types\/post"}],"author":[{"embeddable":true,"href":"https:\/\/gaudiumetspes-blog.pl\/index.php\/wp-json\/wp\/v2\/users\/1"}],"replies":[{"embeddable":true,"href":"https:\/\/gaudiumetspes-blog.pl\/index.php\/wp-json\/wp\/v2\/comments?post=16771"}],"version-history":[{"count":1,"href":"https:\/\/gaudiumetspes-blog.pl\/index.php\/wp-json\/wp\/v2\/posts\/16771\/revisions"}],"predecessor-version":[{"id":16772,"href":"https:\/\/gaudiumetspes-blog.pl\/index.php\/wp-json\/wp\/v2\/posts\/16771\/revisions\/16772"}],"wp:attachment":[{"href":"https:\/\/gaudiumetspes-blog.pl\/index.php\/wp-json\/wp\/v2\/media?parent=16771"}],"wp:term":[{"taxonomy":"category","embeddable":true,"href":"https:\/\/gaudiumetspes-blog.pl\/index.php\/wp-json\/wp\/v2\/categories?post=16771"},{"taxonomy":"post_tag","embeddable":true,"href":"https:\/\/gaudiumetspes-blog.pl\/index.php\/wp-json\/wp\/v2\/tags?post=16771"}],"curies":[{"name":"wp","href":"https:\/\/api.w.org\/{rel}","templated":true}]}}