{"id":16773,"date":"2020-04-06T06:38:57","date_gmt":"2020-04-06T04:38:57","guid":{"rendered":"https:\/\/gaudiumetspes-blog.pl\/?p=16773"},"modified":"2020-04-06T06:38:57","modified_gmt":"2020-04-06T04:38:57","slug":"wielu-uwierzylo-w-jezusa","status":"publish","type":"post","link":"https:\/\/gaudiumetspes-blog.pl\/index.php\/2020\/04\/06\/wielu-uwierzylo-w-jezusa\/","title":{"rendered":"Wielu uwierzy\u0142o w Jezusa&#8230;"},"content":{"rendered":"<p align=\"justify\"><span style=\"color: #000000;\"><span style=\"font-family: Book Antiqua, serif;\"><span style=\"font-size: large;\">Szcz\u0119\u015b\u0107 Bo\u017ce! Moi Drodzy, w dniu dzisiejszym <b>urodziny prze\u017cywa Kamil Lewczuk, nale\u017c\u0105cy w swoim czasie do jednej z m\u0142odzie\u017cowych Wsp\u00f3lnot. Niech Pan dam Mu zawsze do\u015bwiadcza\u0107 swojej blisko\u015bci! Zapewniam o modlitwie!<\/b><\/span><\/span><\/span><\/p>\n<p align=\"justify\"><span style=\"color: #000000;\"><span style=\"font-family: Book Antiqua, serif;\"><span style=\"font-size: large;\">I Was wszystkich, moi Drodzy, prosz\u0119 o modlitw\u0119 oraz dzie\u0142a pokutne, podejmowane w mo\u017cliwym dla siebie zakresie. Raz jeszcze zach\u0119cam \u2013 z zachowaniem koniecznych \u015brodk\u00f3w ostro\u017cno\u015bci \u2013 do odbycia Spowiedzi \u015awi\u0119tej i przyj\u0119cia Komunii \u015awi\u0119tej. Zach\u0119cajmy si\u0119 nawzajem do tej intensywnej modlitwy! Szczeg\u00f3lnie zach\u0119cajmy tych, kt\u00f3rzy jeszcze nie odczytuj\u0105 w tym, co si\u0119 dzieje, Bo\u017cego wo\u0142ania o nawr\u00f3cenie.<\/span><\/span><\/span><\/p>\n<p align=\"justify\"><span style=\"color: #000000;\"><span style=\"font-family: Book Antiqua, serif;\"><span style=\"font-size: large;\">Przyzywajmy wstawiennictwa Naj\u015bwi\u0119tszej Maryi Panny, naszych \u015awi\u0119tych i B\u0142ogos\u0142awionych, ale te\u017c naszych Zmar\u0142ych, dla kt\u00f3rych m\u00f3dlmy si\u0119 o wieczne zbawienie. Przyzywajmy szczeg\u00f3lnego wstawiennictwa \u015awi\u0119tego Jana Paw\u0142a II (kiedy zbli\u017ca si\u0119 setna rocznica Jego urodzin) i Prymasa Tysi\u0105clecia, Kardyna\u0142a Stefana Wyszy\u0144skiego (tak\u017ce w obliczu zbli\u017caj\u0105cej si\u0119 Beatyfikacji, kt\u00f3ra oby mog\u0142a odby\u0107 si\u0119 bez przeszk\u00f3d).<\/span><\/span><\/span><\/p>\n<p align=\"justify\"><span style=\"color: #000000;\"><span style=\"font-family: Book Antiqua, serif;\"><span style=\"font-size: large;\"><b>M\u00f3dlmy si\u0119 o prze\u017cycie \u015awi\u0105t Paschalnych w rado\u015bci \u2013 niech b\u0119d\u0105 one wielkim triumfem Jezusa Chrystusa zmartwychwsta\u0142ego!<\/b><\/span><\/span><\/span><\/p>\n<p align=\"justify\"><span style=\"color: #000000;\"><span style=\"font-family: Book Antiqua, serif;\"><span style=\"font-size: large;\"><b>Niech Was b\u0142ogos\u0142awi B\u00f3g Wszechmog\u0105cy: Ojciec + i Syn, i Duch \u015awi\u0119ty. Amen<\/b><\/span><\/span><\/span><\/p>\n<p align=\"center\"><span style=\"color: #000000;\"><span style=\"font-family: Book Antiqua, serif;\"><span style=\"font-size: large;\">Gaudium et spes! Ks. Jacek<\/span><\/span><\/span><\/p>\n<p align=\"center\">\n<p align=\"center\">\n<p align=\"center\">\n<p align=\"center\">\n<p align=\"center\">\n<p align=\"justify\"><span style=\"color: #000000;\"><span style=\"font-family: Book Antiqua, serif;\"><span style=\"font-size: large;\"><b>Wielki Poniedzia\u0142ek,<\/b><\/span><\/span><\/span><\/p>\n<p align=\"justify\"><span style=\"color: #000000;\"><span style=\"font-family: Book Antiqua, serif;\"><span style=\"font-size: large;\"><b>6 kwietnia 2020.,<\/b><\/span><\/span><\/span><\/p>\n<p align=\"justify\"><span style=\"color: #000000;\"><span style=\"font-family: Book Antiqua, serif;\"><span style=\"font-size: large;\"><b>do czyta\u0144: Iz 42,1\u20137; J 12,1\u201311<\/b><\/span><\/span><\/span><\/p>\n<p align=\"justify\">\n<p align=\"justify\">\n<p align=\"justify\">\n<p align=\"justify\">\n<p align=\"justify\">\n<p align=\"justify\"><span style=\"color: #000000;\"><span style=\"font-family: Book Antiqua, serif;\"><span style=\"font-size: large;\"><b>CZYTANIE Z KSI\u0118GI PROROKA IZAJASZA: <\/b><\/span><\/span><\/span><\/p>\n<p align=\"justify\"><span style=\"color: #000000;\"><span style=\"font-family: Book Antiqua, serif;\"><span style=\"font-size: large;\"><b>To m\u00f3wi Pan: \u201eOto m\u00f3j s\u0142uga, kt\u00f3rego podtrzymuj\u0119, wybrany m\u00f3j, w kt\u00f3rym mam upodobanie. Sprawi\u0142em, \u017ce Duch m\u00f3j na nim spocz\u0105\u0142; on przyniesie narodom Prawo. Nie b\u0119dzie wo\u0142a\u0142 ni podnosi\u0142 g\u0142osu, nie da s\u0142ysze\u0107 krzyku swego na dworze. Nie z\u0142amie trzciny nad\u0142amanej, nie zagasi knotka o nik\u0142ym p\u0142omyku. On z moc\u0105 og\u0142osi Prawo, nie zniech\u0119ci si\u0119 ani nie za\u0142amie, a\u017c utrwali Prawo na ziemi, a Jego pouczenia wyczekuj\u0105 wyspy\u201d. <\/b><\/span><\/span><\/span><\/p>\n<p align=\"justify\"><span style=\"color: #000000;\"><span style=\"font-family: Book Antiqua, serif;\"><span style=\"font-size: large;\"><b>Tak m\u00f3wi Pan B\u00f3g, kt\u00f3ry stworzy\u0142 i rozpi\u0105\u0142 niebo, rozpostar\u0142 ziemi\u0119 wraz z jej plonami, da\u0142 ludziom na niej dech o\u017cywczy i tchnienie tym, co po niej chodz\u0105: <\/b><\/span><\/span><\/span><\/p>\n<p align=\"justify\"><span style=\"color: #000000;\">\u201e<span style=\"font-family: Book Antiqua, serif;\"><span style=\"font-size: large;\"><b>Ja, Pan, powo\u0142a\u0142em ci\u0119 s\u0142usznie, uj\u0105\u0142em ci\u0119 za r\u0119k\u0119 i ukszta\u0142towa\u0142em, ustanowi\u0142em ci\u0119 przymierzem dla ludzi, \u015bwiat\u0142o\u015bci\u0105 dla narod\u00f3w, aby\u015b otworzy\u0142 oczy niewidomym, a\u017ceby\u015b z zamkni\u0119cia wypu\u015bci\u0142 je\u0144c\u00f3w, z wi\u0119zienia tych, co mieszkaj\u0105 w ciemno\u015bci\u201d.<\/b><\/span><\/span><\/span><\/p>\n<p align=\"justify\">\n<p align=\"justify\">\n<p align=\"justify\">\n<p align=\"justify\">\n<p align=\"justify\">\n<p align=\"justify\"><span style=\"color: #000000;\"><span style=\"font-family: Book Antiqua, serif;\"><span style=\"font-size: large;\"><b>S\u0141OWA EWANGELII WED\u0141UG \u015aWI\u0118TEGO JANA: <\/b><\/span><\/span><\/span><\/p>\n<p align=\"justify\"><span style=\"color: #000000;\"><span style=\"font-family: Book Antiqua, serif;\"><span style=\"font-size: large;\"><b>Na sze\u015b\u0107 dni przed Pasch\u0105 Jezus przyby\u0142 do Betanii, gdzie mieszka\u0142 \u0141azarz, kt\u00f3rego Jezus wskrzesi\u0142 z martwych. Urz\u0105dzono tam dla Niego uczt\u0119. Marta pos\u0142ugiwa\u0142a, a \u0141azarz by\u0142 jednym z zasiadaj\u0105cych z Nim przy stole. Maria za\u015b wzi\u0119\u0142a funt szlachetnego i drogocennego olejku nardowego i nama\u015bci\u0142a Jezusowi nogi, a w\u0142osami je otar\u0142a. A dom nape\u0142ni\u0142 si\u0119 woni\u0105 olejku. <\/b><\/span><\/span><\/span><\/p>\n<p align=\"justify\"><span style=\"color: #000000;\"><span style=\"font-family: Book Antiqua, serif;\"><span style=\"font-size: large;\"><b>Na to rzek\u0142 Judasz Iskariota, jeden z uczni\u00f3w Jego, ten, kt\u00f3ry Go mia\u0142 wyda\u0107: \u201eCzemu to nie sprzedano tego olejku za trzysta denar\u00f3w i nie rozdano ich ubogim?\u201d Powiedzia\u0142 za\u015b to nie dlatego, jakoby dba\u0142 o biednych, ale poniewa\u017c by\u0142 z\u0142odziejem, i maj\u0105c trzos wykrada\u0142 to, co sk\u0142adano. <\/b><\/span><\/span><\/span><\/p>\n<p align=\"justify\"><span style=\"color: #000000;\"><span style=\"font-family: Book Antiqua, serif;\"><span style=\"font-size: large;\"><b>Na to Jezus powiedzia\u0142: \u201eZostaw j\u0105! Przechowa\u0142a to, aby Mnie nama\u015bci\u0107 na dzie\u0144 mojego pogrzebu. Bo ubogich zawsze macie u siebie, ale Mnie nie zawsze macie\u201d. <\/b><\/span><\/span><\/span><\/p>\n<p align=\"justify\"><span style=\"color: #000000;\"><span style=\"font-family: Book Antiqua, serif;\"><span style=\"font-size: large;\"><b>Wielki t\u0142um \u017byd\u00f3w dowiedzia\u0142 si\u0119, \u017ce tam jest; a przybyli nie tylko ze wzgl\u0119du na Jezusa, ale tak\u017ce by ujrze\u0107 \u0141azarza, kt\u00f3rego wskrzesi\u0142 z martwych. Arcykap\u0142ani zatem postanowili straci\u0107 r\u00f3wnie\u017c \u0141azarza, gdy\u017c wielu z jego powodu od\u0142\u0105czy\u0142o si\u0119 od \u017byd\u00f3w i uwierzy\u0142o w Jezusa.<\/b><\/span><\/span><\/span><\/p>\n<p align=\"justify\">\n<p align=\"justify\">\n<p align=\"justify\">\n<p align=\"justify\">\n<p align=\"justify\">\n<p align=\"justify\"><span style=\"color: #000000;\"><span style=\"font-family: Book Antiqua, serif;\"><span style=\"font-size: large;\">Zabieraj\u0105c si\u0119 do przygotowania dzisiejszego rozwa\u017cania, zacz\u0105\u0142em sobie czyta\u0107 rozwa\u017canie z Wielkiego Poniedzia\u0142ku sprzed roku. A by\u0142o to <b>15 kwietnia 2019 roku.<\/b> Tamto rozwa\u017canie zacz\u0119\u0142o si\u0119 od takich s\u0142\u00f3w:<\/span><\/span><\/span><\/p>\n<p align=\"justify\"><span style=\"color: #000000;\">\u201e<span style=\"font-family: Book Antiqua, serif;\"><span style=\"font-size: large;\">Sytuacja coraz bardziej staje si\u0119 napi\u0119ta\u2026 A mo\u017ce lepiej powiedzie\u0107: <b>szczeg\u00f3lna, w jaki\u015b spos\u00f3b uroczysta\u2026<\/b> Do takiego przekonania mo\u017cemy doj\u015b\u0107, s\u0142uchaj\u0105c dzisiejszych czyta\u0144 mszalnych, ale te\u017c w og\u00f3le \u2013 czyta\u0144 z tych dni. <\/span><\/span><\/span><\/p>\n<p align=\"justify\"><span style=\"color: #000000;\"><span style=\"font-family: Book Antiqua, serif;\"><span style=\"font-size: large;\">Atmosfera \u2013 tak po ludzku s\u0105dz\u0105c \u2013 staje si\u0119 napi\u0119ta, bo wok\u00f3\u0142 Jezusa coraz bardziej <b>zacie\u015bnia si\u0119 kr\u0105g nienawi\u015bci, <\/b>wrogo\u015bci i zdrady, zapadaj\u0105 ju\u017c pierwsze postanowienia o Jego straceniu \u2013 takie dora\u017ane wyroki, wydawane przez starszyzn\u0119 \u017cydowsk\u0105, w czasie kolejnych ich rozm\u00f3w na Jego temat \u2013 a i Jezus sam<b> coraz bardziej zdaje sobie spraw\u0119<\/b> z tego, co si\u0119 dzieje. <\/span><\/span><\/span><\/p>\n<p align=\"justify\"><span style=\"color: #000000;\"><span style=\"font-family: Book Antiqua, serif;\"><span style=\"font-size: large;\">W tym sensie mo\u017cna m\u00f3wi\u0107 o napi\u0119ciu, my by\u015bmy jeszcze powiedzieli <b>o obawie, a wr\u0119cz o strachu,<\/b> bo kiedy cz\u0142owiek widzi, \u017ce otoczenie tak w\u0142a\u015bnie reaguje, kiedy na przyk\u0142ad zaczyna odbiera\u0107 \u2013 w dzisiejszych naszych realiach \u2013 g\u0142uche lub anonimowe telefony z pogr\u00f3\u017ckami, albo w inny spos\u00f3b jest zastraszany, w\u00f3wczas <b>zwyczajnie zaczyna <\/b><b>si\u0119 <\/b><b>ba\u0107<\/b> o swoje \u017cycie. Bo kt\u00f3\u017c by si\u0119 nie ba\u0142?\u2026<\/span><\/span><\/span><\/p>\n<p align=\"justify\"><span style=\"color: #000000;\"><span style=\"font-family: Book Antiqua, serif;\"><span style=\"font-size: large;\">Cz\u0142owiek wychodzi z domu i nie wie, czy do niego wr\u00f3ci, bo <b>nagle kto\u015b napadnie go<\/b> i ugodzi no\u017cem, albo te\u017c oka\u017ce si\u0119, \u017ce padnie ofiar\u0105 <b>\u201ezbiorowego samob\u00f3jcy\u201d, <\/b>kt\u00f3ry w swoim czasie grasowa\u0142 tak\u017ce w naszym kraju\u2026 Cz\u0142owiek zwyczajnie obawia si\u0119 o swoje \u017cycie, chocia\u017c tak naprawd\u0119 nie wie, co go czeka \u2013 <b>czy w og\u00f3le co\u015b z\u0142ego go czeka.<\/b> Bo r\u00f3wnie dobrze mo\u017ce si\u0119 okaza\u0107, \u017ce nic z\u0142ego go nie spotka, gdy\u017c sytuacja jako\u015b si\u0119 wyciszy i wyprostuje, a on sam odzyska spok\u00f3j.\u201d<\/span><\/span><\/span><\/p>\n<p align=\"justify\"><span style=\"color: #000000;\"><span style=\"font-family: Book Antiqua, serif;\"><span style=\"font-size: large;\">Tak pisa\u0142em przed rokiem, w odniesieniu do Bo\u017cego s\u0142owa. Kt\u00f3\u017c wtedy m\u00f3g\u0142 przypuszcza\u0107, \u017ce za rok, w Wielki Poniedzia\u0142ek, s\u0142owa tego rozwa\u017cania <b>b\u0119d\u0105 tak bardzo aktualne,<\/b> chocia\u017c w inny spos\u00f3b, ni\u017c w\u00f3wczas. Dzisiaj bowiem odnosimy wra\u017cenie, \u017ce <b>sytuacja<\/b> <b>jako\u015b wymyka si\u0119 nam z r\u0105k<\/b> \u2013 w\u0142a\u015bciwie, to ju\u017c od samego pocz\u0105tku si\u0119 wymkn\u0119\u0142a \u2013 bo nie wiemy, <b>w kt\u00f3r\u0105 stron\u0119 i w jakim tempie wszystko p\u00f3jdzie.<\/b> <\/span><\/span><\/span><\/p>\n<p align=\"justify\"><span style=\"color: #000000;\"><span style=\"font-family: Book Antiqua, serif;\"><span style=\"font-size: large;\">Co gorsze, obok wzrastaj\u0105cej liczby zaka\u017conych i zmar\u0142ych, wzrasta te\u017c panika, w jaki\u015b spos\u00f3b podsycana przez media, informacjami utrzymywanymi nierzadko w tonie sensacji. <b>Sporadycznie natomiast s\u0142yszymy g\u0142osy nadziei,<\/b> wynikaj\u0105cej przede wszystkim z wiary w moc Bo\u017c\u0105, kt\u00f3ra jest przecie\u017c nieograniczona! Przecie\u017c je\u017celi Bogu spodoba si\u0119, to mo\u017ce <b>rozwi\u0105za\u0107 problem z dnia na dzie\u0144. <\/b>Je\u017celi jednak uzna, \u017ce wi\u0119kszy po\u017cytek duchowy b\u0119dzie dla nas z tego, aby nas jeszcze potrzyma\u0107 w tym stanie oczyszczenia, to mo\u017ce to uczyni\u0107 \u2013 <b>to Jego moc i Jego w\u0142adza! <\/b><\/span><\/span><\/span><\/p>\n<p align=\"justify\"><span style=\"color: #000000;\"><span style=\"font-family: Book Antiqua, serif;\"><span style=\"font-size: large;\">A mo\u017ce w\u0142a\u015bnie wol\u0105 Pana jest, aby\u015bmy ten Wielki Tydzie\u0144 prze\u017cyli nie tylko na spos\u00f3b liturgiczny, czyli <b>prze\u017cywaj\u0105c<\/b> <b>w spos\u00f3b duchowy<\/b> cierpienia Jezusa, ale aby one sta\u0142y si\u0119 tak\u017ce <b>naszymi osobistymi prze\u017cyciami<\/b><b>:<\/b> poprzez do\u015bwiadczenie tego, czego Jezus w\u00f3wczas do\u015bwiadczy\u0142, czyli samotno\u015bci, l\u0119ku, <b>zagro\u017cenia ze strony wroga<\/b> (w naszym przypadku &#8211; niewidzialnego), coraz bardziej napinaj\u0105cej si\u0119 sytuacji i tego pytania, kt\u00f3re nam towarzyszy od pocz\u0105tku:<b> jak d\u0142ugo jeszcze?\u2026<\/b> <\/span><\/span><\/span><\/p>\n<p align=\"justify\"><span style=\"color: #000000;\"><span style=\"font-family: Book Antiqua, serif;\"><span style=\"font-size: large;\">Bo pytamy samych siebie: Czy \u2013 wychodz\u0105c z domu \u2013 wr\u00f3c\u0119 bezpiecznie, czy z\u0142api\u0119 zaka\u017cenie? A mo\u017ce <b>tak naprawd\u0119 w moim otoczeniu nic mi nie grozi?<\/b> Tylko sk\u0105d to wiedzie\u0107?\u2026 Zw\u0142aszcza \u2013 \u017ceby to jeszcze raz podkre\u015bli\u0107 \u2013 gdy ci\u0105gle \u201ewa\u0142kowane\u201d informacje i komentarze, przewidywania i ekspertyzy, <b>jedynie odbieraj\u0105 nadziej\u0119\u2026 <\/b><\/span><\/span><\/span><\/p>\n<p align=\"justify\"><span style=\"color: #000000;\"><span style=\"font-family: Book Antiqua, serif;\"><span style=\"font-size: large;\">A Jezus \u2013 jak s\u0142yszymy w dzisiejszej Ewangelii \u2013 pomimo tej napinaj\u0105cej si\u0119 wok\u00f3\u0142 Niego atmosfery i pomimo tego, \u017ce doskonale wiedzia\u0142, co Go czeka, <b>zachowuje ca\u0142kowity spok\u00f3j! <\/b>Totalny pok\u00f3j serca! On wie, \u017ce jest w r\u0119kach swego Ojca i Jego wol\u0119 wype\u0142nia. Dlatego ufa Mu bezgranicznie \u2013 i dlatego <b>realizuje, krok po kroku, kolejne dzia\u0142ania zbawcze,<\/b> wypowiada te\u017c kolejne s\u0142owa pouczenia.<\/span><\/span><\/span><\/p>\n<p align=\"justify\"><span style=\"color: #000000;\"><span style=\"font-family: Book Antiqua, serif;\"><span style=\"font-size: large;\">Pro\u015bmy Go dzisiaj, aby wys\u0142ucha\u0142 naszych modlitw, kt\u00f3re tak intensywnie w tych dniach zanosimy <b>i przyni\u00f3s\u0142 pok\u00f3j naszym sercom.<\/b> Niech w tym Wielkim Tygodniu, kiedy to coraz bardziej bra\u0142 na siebie cierpienie za zbawienie \u015bwiata \u2013 a\u017c do jego kulminacyjnego punktu, na Kalwarii \u2013 zechce raz jeszcze <b>wzi\u0105\u0107 na swe barki nasze cierpienia,<\/b> a nam przywr\u00f3ci\u0107 pok\u00f3j i spok\u00f3j, rado\u015b\u0107 i nadziej\u0119.<\/span><\/span><\/span><\/p>\n<p align=\"justify\"><span style=\"color: #000000;\"><span style=\"font-family: Book Antiqua, serif;\"><span style=\"font-size: large;\">Niech spe\u0142ni\u0105 si\u0119 s\u0142owa Proroka, wypowiedziane w pierwszym czytaniu o S\u0142udze Jahwe: <i><b>Nie b\u0119dzie wo\u0142a\u0142 ni podnosi\u0142 g\u0142osu, nie da s\u0142ysze\u0107 krzyku swego na dworze. Nie z\u0142amie trzciny nad\u0142amanej, nie zagasi knotka o nik\u0142ym p\u0142omyku.<\/b><\/i><\/span><\/span><\/span><\/p>\n<p align=\"justify\"><span style=\"color: #000000;\"><span style=\"font-family: Book Antiqua, serif;\"><span style=\"font-size: large;\">Pe\u0142ni wielkiej ufno\u015bci w moc Bo\u017c\u0105, raz jeszcze wo\u0142amy: <b>Dla bolesnej M\u0119ki Twego Syna \u2013 Ojcze Przedwieczny \u2013 miej mi\u0142osierdzie dla nas i ca\u0142ego \u015bwiata\u2026 <\/b><\/span><\/span><\/span><\/p>\n","protected":false},"excerpt":{"rendered":"<p>Szcz\u0119\u015b\u0107 Bo\u017ce! Moi Drodzy, w dniu dzisiejszym urodziny prze\u017cywa Kamil Lewczuk, nale\u017c\u0105cy w swoim czasie do jednej z m\u0142odzie\u017cowych Wsp\u00f3lnot. Niech Pan dam Mu zawsze do\u015bwiadcza\u0107 swojej blisko\u015bci! Zapewniam o modlitwie! I Was wszystkich, moi Drodzy, prosz\u0119 o modlitw\u0119 oraz dzie\u0142a pokutne, podejmowane w mo\u017cliwym dla siebie zakresie. Raz jeszcze zach\u0119cam \u2013 z zachowaniem koniecznych [&hellip;]<\/p>\n","protected":false},"author":1,"featured_media":0,"comment_status":"open","ping_status":"open","sticky":false,"template":"","format":"standard","meta":{"jetpack_post_was_ever_published":false,"_jetpack_newsletter_access":"","_jetpack_dont_email_post_to_subs":false,"_jetpack_newsletter_tier_id":0,"_jetpack_memberships_contains_paywalled_content":false,"_jetpack_memberships_contains_paid_content":false,"footnotes":""},"categories":[1],"tags":[],"class_list":["post-16773","post","type-post","status-publish","format-standard","hentry","category-bez-kategorii"],"yoast_head":"<!-- This site is optimized with the Yoast SEO plugin v25.1 - https:\/\/yoast.com\/wordpress\/plugins\/seo\/ -->\n<title>Wielu uwierzy\u0142o w Jezusa... - Gaudium Et Spes<\/title>\n<meta name=\"robots\" content=\"index, follow, max-snippet:-1, max-image-preview:large, max-video-preview:-1\" \/>\n<link rel=\"canonical\" href=\"https:\/\/gaudiumetspes-blog.pl\/index.php\/2020\/04\/06\/wielu-uwierzylo-w-jezusa\/\" \/>\n<meta property=\"og:locale\" content=\"pl_PL\" \/>\n<meta property=\"og:type\" content=\"article\" \/>\n<meta property=\"og:title\" content=\"Wielu uwierzy\u0142o w Jezusa... - Gaudium Et Spes\" \/>\n<meta property=\"og:description\" content=\"Szcz\u0119\u015b\u0107 Bo\u017ce! Moi Drodzy, w dniu dzisiejszym urodziny prze\u017cywa Kamil Lewczuk, nale\u017c\u0105cy w swoim czasie do jednej z m\u0142odzie\u017cowych Wsp\u00f3lnot. Niech Pan dam Mu zawsze do\u015bwiadcza\u0107 swojej blisko\u015bci! Zapewniam o modlitwie! I Was wszystkich, moi Drodzy, prosz\u0119 o modlitw\u0119 oraz dzie\u0142a pokutne, podejmowane w mo\u017cliwym dla siebie zakresie. Raz jeszcze zach\u0119cam \u2013 z zachowaniem koniecznych [&hellip;]\" \/>\n<meta property=\"og:url\" content=\"https:\/\/gaudiumetspes-blog.pl\/index.php\/2020\/04\/06\/wielu-uwierzylo-w-jezusa\/\" \/>\n<meta property=\"og:site_name\" content=\"Gaudium Et Spes\" \/>\n<meta property=\"article:published_time\" content=\"2020-04-06T04:38:57+00:00\" \/>\n<meta name=\"author\" content=\"Ks. Jacek\" \/>\n<meta name=\"twitter:card\" content=\"summary_large_image\" \/>\n<meta name=\"twitter:label1\" content=\"Napisane przez\" \/>\n\t<meta name=\"twitter:data1\" content=\"Ks. Jacek\" \/>\n\t<meta name=\"twitter:label2\" content=\"Szacowany czas czytania\" \/>\n\t<meta name=\"twitter:data2\" content=\"7 minut\" \/>\n<script type=\"application\/ld+json\" class=\"yoast-schema-graph\">{\"@context\":\"https:\/\/schema.org\",\"@graph\":[{\"@type\":\"WebPage\",\"@id\":\"https:\/\/gaudiumetspes-blog.pl\/index.php\/2020\/04\/06\/wielu-uwierzylo-w-jezusa\/\",\"url\":\"https:\/\/gaudiumetspes-blog.pl\/index.php\/2020\/04\/06\/wielu-uwierzylo-w-jezusa\/\",\"name\":\"Wielu uwierzy\u0142o w Jezusa... - Gaudium Et Spes\",\"isPartOf\":{\"@id\":\"https:\/\/gaudiumetspes-blog.pl\/#website\"},\"datePublished\":\"2020-04-06T04:38:57+00:00\",\"author\":{\"@id\":\"https:\/\/gaudiumetspes-blog.pl\/#\/schema\/person\/1661982992b752dea8dff0d4ed845a65\"},\"breadcrumb\":{\"@id\":\"https:\/\/gaudiumetspes-blog.pl\/index.php\/2020\/04\/06\/wielu-uwierzylo-w-jezusa\/#breadcrumb\"},\"inLanguage\":\"pl-PL\",\"potentialAction\":[{\"@type\":\"ReadAction\",\"target\":[\"https:\/\/gaudiumetspes-blog.pl\/index.php\/2020\/04\/06\/wielu-uwierzylo-w-jezusa\/\"]}]},{\"@type\":\"BreadcrumbList\",\"@id\":\"https:\/\/gaudiumetspes-blog.pl\/index.php\/2020\/04\/06\/wielu-uwierzylo-w-jezusa\/#breadcrumb\",\"itemListElement\":[{\"@type\":\"ListItem\",\"position\":1,\"name\":\"Strona g\u0142\u00f3wna\",\"item\":\"https:\/\/gaudiumetspes-blog.pl\/\"},{\"@type\":\"ListItem\",\"position\":2,\"name\":\"Wielu uwierzy\u0142o w&nbsp;Jezusa&#8230;\"}]},{\"@type\":\"WebSite\",\"@id\":\"https:\/\/gaudiumetspes-blog.pl\/#website\",\"url\":\"https:\/\/gaudiumetspes-blog.pl\/\",\"name\":\"Gaudium Et Spes\",\"description\":\"Blog Ks. Jacka Ja\u015bkowskiego\",\"potentialAction\":[{\"@type\":\"SearchAction\",\"target\":{\"@type\":\"EntryPoint\",\"urlTemplate\":\"https:\/\/gaudiumetspes-blog.pl\/?s={search_term_string}\"},\"query-input\":{\"@type\":\"PropertyValueSpecification\",\"valueRequired\":true,\"valueName\":\"search_term_string\"}}],\"inLanguage\":\"pl-PL\"},{\"@type\":\"Person\",\"@id\":\"https:\/\/gaudiumetspes-blog.pl\/#\/schema\/person\/1661982992b752dea8dff0d4ed845a65\",\"name\":\"Ks. Jacek\",\"image\":{\"@type\":\"ImageObject\",\"inLanguage\":\"pl-PL\",\"@id\":\"https:\/\/gaudiumetspes-blog.pl\/#\/schema\/person\/image\/\",\"url\":\"https:\/\/gaudiumetspes-blog.pl\/wp-content\/uploads\/2019\/07\/avatar-JJ-150x150.jpg\",\"contentUrl\":\"https:\/\/gaudiumetspes-blog.pl\/wp-content\/uploads\/2019\/07\/avatar-JJ-150x150.jpg\",\"caption\":\"Ks. Jacek\"},\"description\":\"Witam serdecznie! K\u0142ania si\u0119 Ks. Jacek Ja\u015bkowski. Nie jestem ani kim\u015b wa\u017cnym, ani kim\u015b znanym. Jestem ksi\u0119dzem, kt\u00f3ry po prostu chce rozmawia\u0107. Codzienna kap\u0142a\u0144ska pos\u0142uga pokazuje mi, \u017ce temat\u00f3w do rozm\u00f3w z ksi\u0119dzem jest coraz wi\u0119cej i dzisiaj \u017caden ksi\u0105dz nie mo\u017ce od nich ucieka\u0107, ale - wprost przeciwnie - podejmowa\u0107 nowe wyzwania. To przekonanie sk\u0142oni\u0142o mnie do pr\u00f3by otwarcia tego\u017c bloga, chocia\u017c okazji do rozm\u00f3w na co dzie\u0144 - w konfesjonale i poza nim - na szcz\u0119\u015bcie nie brakuje. My\u015bl\u0119 jednak, \u017ce ten blog b\u0119dzie jeszcze jednym sposobem i przestrzeni\u0105 nawi\u0105zania kontaktu z lud\u017ami dobrej woli, otwartymi na dialog.\",\"url\":\"https:\/\/gaudiumetspes-blog.pl\/index.php\/author\/ks-jacek\/\"}]}<\/script>\n<!-- \/ Yoast SEO plugin. -->","yoast_head_json":{"title":"Wielu uwierzy\u0142o w Jezusa... - Gaudium Et Spes","robots":{"index":"index","follow":"follow","max-snippet":"max-snippet:-1","max-image-preview":"max-image-preview:large","max-video-preview":"max-video-preview:-1"},"canonical":"https:\/\/gaudiumetspes-blog.pl\/index.php\/2020\/04\/06\/wielu-uwierzylo-w-jezusa\/","og_locale":"pl_PL","og_type":"article","og_title":"Wielu uwierzy\u0142o w Jezusa... - Gaudium Et Spes","og_description":"Szcz\u0119\u015b\u0107 Bo\u017ce! Moi Drodzy, w dniu dzisiejszym urodziny prze\u017cywa Kamil Lewczuk, nale\u017c\u0105cy w swoim czasie do jednej z m\u0142odzie\u017cowych Wsp\u00f3lnot. Niech Pan dam Mu zawsze do\u015bwiadcza\u0107 swojej blisko\u015bci! Zapewniam o modlitwie! I Was wszystkich, moi Drodzy, prosz\u0119 o modlitw\u0119 oraz dzie\u0142a pokutne, podejmowane w mo\u017cliwym dla siebie zakresie. Raz jeszcze zach\u0119cam \u2013 z zachowaniem koniecznych [&hellip;]","og_url":"https:\/\/gaudiumetspes-blog.pl\/index.php\/2020\/04\/06\/wielu-uwierzylo-w-jezusa\/","og_site_name":"Gaudium Et Spes","article_published_time":"2020-04-06T04:38:57+00:00","author":"Ks. Jacek","twitter_card":"summary_large_image","twitter_misc":{"Napisane przez":"Ks. Jacek","Szacowany czas czytania":"7 minut"},"schema":{"@context":"https:\/\/schema.org","@graph":[{"@type":"WebPage","@id":"https:\/\/gaudiumetspes-blog.pl\/index.php\/2020\/04\/06\/wielu-uwierzylo-w-jezusa\/","url":"https:\/\/gaudiumetspes-blog.pl\/index.php\/2020\/04\/06\/wielu-uwierzylo-w-jezusa\/","name":"Wielu uwierzy\u0142o w Jezusa... - Gaudium Et Spes","isPartOf":{"@id":"https:\/\/gaudiumetspes-blog.pl\/#website"},"datePublished":"2020-04-06T04:38:57+00:00","author":{"@id":"https:\/\/gaudiumetspes-blog.pl\/#\/schema\/person\/1661982992b752dea8dff0d4ed845a65"},"breadcrumb":{"@id":"https:\/\/gaudiumetspes-blog.pl\/index.php\/2020\/04\/06\/wielu-uwierzylo-w-jezusa\/#breadcrumb"},"inLanguage":"pl-PL","potentialAction":[{"@type":"ReadAction","target":["https:\/\/gaudiumetspes-blog.pl\/index.php\/2020\/04\/06\/wielu-uwierzylo-w-jezusa\/"]}]},{"@type":"BreadcrumbList","@id":"https:\/\/gaudiumetspes-blog.pl\/index.php\/2020\/04\/06\/wielu-uwierzylo-w-jezusa\/#breadcrumb","itemListElement":[{"@type":"ListItem","position":1,"name":"Strona g\u0142\u00f3wna","item":"https:\/\/gaudiumetspes-blog.pl\/"},{"@type":"ListItem","position":2,"name":"Wielu uwierzy\u0142o w&nbsp;Jezusa&#8230;"}]},{"@type":"WebSite","@id":"https:\/\/gaudiumetspes-blog.pl\/#website","url":"https:\/\/gaudiumetspes-blog.pl\/","name":"Gaudium Et Spes","description":"Blog Ks. Jacka Ja\u015bkowskiego","potentialAction":[{"@type":"SearchAction","target":{"@type":"EntryPoint","urlTemplate":"https:\/\/gaudiumetspes-blog.pl\/?s={search_term_string}"},"query-input":{"@type":"PropertyValueSpecification","valueRequired":true,"valueName":"search_term_string"}}],"inLanguage":"pl-PL"},{"@type":"Person","@id":"https:\/\/gaudiumetspes-blog.pl\/#\/schema\/person\/1661982992b752dea8dff0d4ed845a65","name":"Ks. Jacek","image":{"@type":"ImageObject","inLanguage":"pl-PL","@id":"https:\/\/gaudiumetspes-blog.pl\/#\/schema\/person\/image\/","url":"https:\/\/gaudiumetspes-blog.pl\/wp-content\/uploads\/2019\/07\/avatar-JJ-150x150.jpg","contentUrl":"https:\/\/gaudiumetspes-blog.pl\/wp-content\/uploads\/2019\/07\/avatar-JJ-150x150.jpg","caption":"Ks. Jacek"},"description":"Witam serdecznie! K\u0142ania si\u0119 Ks. Jacek Ja\u015bkowski. Nie jestem ani kim\u015b wa\u017cnym, ani kim\u015b znanym. Jestem ksi\u0119dzem, kt\u00f3ry po prostu chce rozmawia\u0107. Codzienna kap\u0142a\u0144ska pos\u0142uga pokazuje mi, \u017ce temat\u00f3w do rozm\u00f3w z ksi\u0119dzem jest coraz wi\u0119cej i dzisiaj \u017caden ksi\u0105dz nie mo\u017ce od nich ucieka\u0107, ale - wprost przeciwnie - podejmowa\u0107 nowe wyzwania. To przekonanie sk\u0142oni\u0142o mnie do pr\u00f3by otwarcia tego\u017c bloga, chocia\u017c okazji do rozm\u00f3w na co dzie\u0144 - w konfesjonale i poza nim - na szcz\u0119\u015bcie nie brakuje. My\u015bl\u0119 jednak, \u017ce ten blog b\u0119dzie jeszcze jednym sposobem i przestrzeni\u0105 nawi\u0105zania kontaktu z lud\u017ami dobrej woli, otwartymi na dialog.","url":"https:\/\/gaudiumetspes-blog.pl\/index.php\/author\/ks-jacek\/"}]}},"jetpack_featured_media_url":"","jetpack_sharing_enabled":true,"_links":{"self":[{"href":"https:\/\/gaudiumetspes-blog.pl\/index.php\/wp-json\/wp\/v2\/posts\/16773","targetHints":{"allow":["GET"]}}],"collection":[{"href":"https:\/\/gaudiumetspes-blog.pl\/index.php\/wp-json\/wp\/v2\/posts"}],"about":[{"href":"https:\/\/gaudiumetspes-blog.pl\/index.php\/wp-json\/wp\/v2\/types\/post"}],"author":[{"embeddable":true,"href":"https:\/\/gaudiumetspes-blog.pl\/index.php\/wp-json\/wp\/v2\/users\/1"}],"replies":[{"embeddable":true,"href":"https:\/\/gaudiumetspes-blog.pl\/index.php\/wp-json\/wp\/v2\/comments?post=16773"}],"version-history":[{"count":1,"href":"https:\/\/gaudiumetspes-blog.pl\/index.php\/wp-json\/wp\/v2\/posts\/16773\/revisions"}],"predecessor-version":[{"id":16774,"href":"https:\/\/gaudiumetspes-blog.pl\/index.php\/wp-json\/wp\/v2\/posts\/16773\/revisions\/16774"}],"wp:attachment":[{"href":"https:\/\/gaudiumetspes-blog.pl\/index.php\/wp-json\/wp\/v2\/media?parent=16773"}],"wp:term":[{"taxonomy":"category","embeddable":true,"href":"https:\/\/gaudiumetspes-blog.pl\/index.php\/wp-json\/wp\/v2\/categories?post=16773"},{"taxonomy":"post_tag","embeddable":true,"href":"https:\/\/gaudiumetspes-blog.pl\/index.php\/wp-json\/wp\/v2\/tags?post=16773"}],"curies":[{"name":"wp","href":"https:\/\/api.w.org\/{rel}","templated":true}]}}