{"id":16775,"date":"2020-04-07T08:34:12","date_gmt":"2020-04-07T06:34:12","guid":{"rendered":"https:\/\/gaudiumetspes-blog.pl\/?p=16775"},"modified":"2020-04-07T08:34:12","modified_gmt":"2020-04-07T06:34:12","slug":"pomimo-slabej-wiary-naszej","status":"publish","type":"post","link":"https:\/\/gaudiumetspes-blog.pl\/index.php\/2020\/04\/07\/pomimo-slabej-wiary-naszej\/","title":{"rendered":"Pomimo s\u0142abej wiary naszej&#8230;"},"content":{"rendered":"<p align=\"justify\"><span style=\"color: #000000;\"><span style=\"font-family: Book Antiqua, serif;\"><span style=\"font-size: large;\">Szcz\u0119\u015b\u0107 Bo\u017ce! Moi Drodzy, w dniu dzisiejszym <b>urodziny prze\u017cywa Siostra Aldona Deczewska, Franciszkanka Misjonarka Maryi, z kt\u00f3r\u0105 mia\u0142em przyjemno\u015b\u0107 cz\u0119sto spotyka\u0107 si\u0119, kiedy pos\u0142ugiwa\u0142a w Lublinie. Dzi\u0119ki \u017cyczliwo\u015bci Siostry Aldony, mog\u0142em przyje\u017cd\u017ca\u0107 z M\u0142odzie\u017c\u0105 na rekolekcje do lubelskiego domu Si\u00f3str. \u017bycz\u0119 nieustannego zapa\u0142u apostolskiego, z kt\u00f3rego Droga Jubilatka ju\u017c jest znana, a tak\u017ce Bo\u017cego b\u0142ogos\u0142awie\u0144stwa w codziennej pos\u0142udze. Zapewniam o modlitwie!<\/b><\/span><\/span><\/span><\/p>\n<p align=\"justify\"><span style=\"color: #000000;\"><span style=\"font-family: Book Antiqua, serif;\"><span style=\"font-size: large;\">Moi Drodzy, pozw\u00f3lcie mi na tak\u0105 ma\u0142\u0105 refleksj\u0119, kt\u00f3ra wczoraj zrodzi\u0142a mi si\u0119 w trakcie modlitwy i nawet utrudni\u0142a mi modlitw\u0119, bo si\u0119 zwyczajnie nie mog\u0142em skupi\u0107. Ale pojawi\u0142y si\u0119 we mnie pewne pytania i w\u0105tpliwo\u015bci, kt\u00f3rymi chc\u0119 si\u0119 z Wami podzieli\u0107. Skoro zewsz\u0105d s\u0142yszymy \u2013 tak\u017ce od Pasterzy Ko\u015bcio\u0142a \u2013 \u017ce wiar\u0119 trzeba \u0142\u0105czy\u0107 z rozumem, co jest prawd\u0105, przeto ja stawiam pewne pytania w ramach prostej i logicznej refleksji rozumu.<\/span><\/span><\/span><\/p>\n<p align=\"justify\"><span style=\"color: #000000;\"><span style=\"font-family: Book Antiqua, serif;\"><span style=\"font-size: large;\">Ot\u00f3\u017c, wczoraj, w wyst\u0105pieniu sejmowym Premiera, pad\u0142o stwierdzenie, \u017ce ten stan epidemii mo\u017ce potrwa\u0107 nawet dwa lata, wi\u0119c trzeba <b>\u201eprzemodelowa\u0107 nasze \u017cycie gospodarcze i spo\u0142eczne\u201d,<\/b> bo trzeba jako\u015b \u017cy\u0107 i funkcjonowa\u0107. Taki postulat s\u0142ysza\u0142em ju\u017c jaki\u015b czas temu \u2013 tak\u017ce ze strony kogo\u015b z Rz\u0105du \u2013 \u017ce po \u015awi\u0119tach, je\u015bli sytuacja si\u0119 nie zmieni, trzeba b\u0119dzie pomy\u015ble\u0107 o odizolowaniu Os\u00f3b najbardziej zagro\u017conych, natomiast kolejne sfery gospodarki trzeba b\u0119dzie \u201eodmra\u017ca\u0107\u201d, bo Pa\u0144stwo tak d\u0142u\u017cej nie poci\u0105gnie. Trudno si\u0119 z tym nie zgodzi\u0107. Czyli co? <b>Wtedy si\u0119 oka\u017ce, \u017ce jednak mo\u017cemy wyj\u015b\u0107 z domu i p\u00f3j\u015b\u0107 do pracy?<\/b> A mo\u017ce nawet na uczelnie i do szk\u00f3\u0142? Jak to b\u0119dzie?<\/span><\/span><\/span><\/p>\n<p align=\"justify\"><span style=\"color: #000000;\"><span style=\"font-family: Book Antiqua, serif;\"><span style=\"font-size: large;\"><b>A mo\u017ce tak w\u0142a\u015bnie trzeba by\u0142o zrobi\u0107 od pocz\u0105tku, <\/b>poczynaj\u0105c od ko\u015bcio\u0142\u00f3w: zachowa\u0107 te pierwsze dyspensy, jakie by\u0142y udzielane w pierwsz\u0105 niedziel\u0119 czasu zagro\u017cenia, obejmuj\u0105ce osoby starsze, chore i te, kt\u00f3re odczuwaj\u0105 du\u017cy l\u0119k przed zara\u017ceniem, a pozosta\u0142ym pozwoli\u0107 prze\u017cywa\u0107 Msz\u0119 \u015awi\u0119t\u0105, przy zachowaniu odleg\u0142o\u015bci i zwyk\u0142ych \u015brodk\u00f3w ostro\u017cno\u015bci. To i tak zmniejszy\u0142oby liczb\u0119 uczestnik\u00f3w.<\/span><\/span><\/span><\/p>\n<p align=\"justify\"><span style=\"color: #000000;\"><span style=\"font-family: Book Antiqua, serif;\"><span style=\"font-size: large;\">Moje obserwacje bowiem z ostatnich niedziel przekonuj\u0105 mnie, \u017ce ludzie, kt\u00f3rym bardzo zale\u017cy na Mszy \u015awi\u0119tej, s\u0105 w stanie wszystkie rygory zachowa\u0107 i wszystkie zalecenia spe\u0142ni\u0107, oby tylko w niej uczestniczy\u0107. Dlatego je\u017celi nie \u201ezmie\u015bcili si\u0119\u201d w ko\u015bciele, bo by\u0142o ju\u017c pi\u0119\u0107 Os\u00f3b, to stali na dworze, pomimo do\u015b\u0107 ch\u0142odnego wiatru, aby tylko prze\u017cy\u0107 Msz\u0119 \u015awi\u0119t\u0105 i przyj\u0105\u0107 Komuni\u0119 \u015awi\u0119t\u0105. <\/span><\/span><\/span><\/p>\n<p align=\"justify\"><span style=\"color: #000000;\"><span style=\"font-family: Book Antiqua, serif;\"><span style=\"font-size: large;\">A czy nie mo\u017cna by\u0142o zaufa\u0107 bardziej do\u015bwiadczeniu Ksi\u0119\u017cy Proboszcz\u00f3w, kt\u00f3rzy znaj\u0105 styl bycia i pewne przyzwyczajenia swoich Parafian, znaj\u0105 te\u017c mo\u017cliwo\u015bci swoich ko\u015bcio\u0142\u00f3w (w tym tak\u017ce, ich rozmiary) i tak wszystko mogliby zorganizowa\u0107, \u017ceby ludzie bezpiecznie jednak prze\u017cywali Msze \u015awi\u0119te? Nawet, je\u017celi cz\u0119\u015b\u0107 z nich pozosta\u0142aby na zewn\u0105trz, co i tak si\u0119 nieraz zdarza, przy wi\u0119kszej ilo\u015bci wiernych. <\/span><\/span><\/span><\/p>\n<p align=\"justify\"><span style=\"color: #000000;\"><span style=\"font-family: Book Antiqua, serif;\"><span style=\"font-size: large;\">Na pewno, ludzie wykazaliby si\u0119 dojrza\u0142o\u015bci\u0105 i zachowaliby konieczne odleg\u0142o\u015bci i inne \u015brodki ostro\u017cno\u015bci. Ca\u0142y czas bowiem powraca pytanie o por\u00f3wnanie pi\u0119ciu os\u00f3b w wielkiej \u015bwi\u0105tyni do dwudziestu pi\u0119ciu w ma\u0142ym stosunkowo autobusie\u2026 A tej <b>sfery ducha naprawd\u0119 nie mo\u017cna pozostawi\u0107 na p\u00f3\u017aniej<\/b> \u2013 wszak ju\u017c teraz coraz wi\u0119cej g\u0142os\u00f3w ostrzega przed fal\u0105 depresji (niekt\u00f3rzy m\u00f3wi\u0105 nawet o fali samob\u00f3jstw), kiedy Pan pozwoli nam si\u0119 wyleczy\u0107 z wirusa i trzeba b\u0119dzie si\u0119 zmierzy\u0107 z rzeczywisto\u015bci\u0105 po nim. <b>Mo\u017ce wi\u0119c warto wi\u0119cej uwagi i troski po\u015bwi\u0119ci\u0107 ju\u017c teraz \u2013 przy ratowaniu zdrowia i \u017cycia \u2013 ratowaniu ducha i psychiki ludzi?\u2026<\/b> Czy psychologowie i psychiatrzy b\u0119d\u0105 w stanie pom\u00f3c wszystkim potrzebuj\u0105cym?\u2026<\/span><\/span><\/span><\/p>\n<p align=\"justify\"><span style=\"color: #000000;\"><span style=\"font-family: Book Antiqua, serif;\"><span style=\"font-size: large;\">A przy tej okazji, czy naprawd\u0119 nie mo\u017cna dojrza\u0142ym ludziom pozwoli\u0107 na spacer na \u015bwie\u017cym powietrzu, je\u017celi zachowaj\u0105 wszelkie \u015brodki ostro\u017cno\u015bci? Czy wyj\u015bcie do lasu lub na ryby, to naprawd\u0119 taki problem? Przypominam, \u017ce ca\u0142y czas mam na my\u015bli sytuacj\u0119, w kt\u00f3rej nied\u0142ugo mieliby\u015bmy jednak \u2013 jak to si\u0119 okre\u015bla \u2013 \u201enauczy\u0107 si\u0119 \u017cy\u0107\u201d z wirusem i w miar\u0119 normalnie funkcjonowa\u0107. Jak to ma wi\u0119c w praktyce wygl\u0105da\u0107? I od kiedy?<\/span><\/span><\/span><\/p>\n<p align=\"justify\"><span style=\"color: #000000;\"><span style=\"font-family: Book Antiqua, serif;\"><span style=\"font-size: large;\">A przy okazji, jak d\u0142ugo mo\u017ce trwa\u0107 stan nadzwyczajny \u2013 oczywi\u015bcie, nie og\u0142oszony formalnie, ale faktycznie takim on jest\u2026 Czy chocia\u017cby do\u015bwiadczenie Francji sprzed kilku miesi\u0119cy nie pokazuje, \u017ce trwaj\u0105cy zbyt d\u0142ugo stan nadzwyczajny \u2013 przestaje by\u0107 nadzwyczajny i ludzie w spos\u00f3b naturalny zaczynaj\u0105 go obchodzi\u0107?\u2026 Zw\u0142aszcza my, Polacy, z naszym temperamentem i \u201ezaradno\u015bci\u0105\u201d, tak do tego nie podejdziemy?\u2026<\/span><\/span><\/span><\/p>\n<p align=\"justify\"><span style=\"color: #000000;\"><span style=\"font-family: Book Antiqua, serif;\"><span style=\"font-size: large;\">Mo\u017ce wi\u0119c ju\u017c teraz warto przyjrze\u0107 si\u0119, gdzie skala zachorowa\u0107 jest najwi\u0119ksza, a gdzie jest w miar\u0119 bezpiecznie i pozwoli\u0107 ludziom na troch\u0119 wi\u0119cej dojrza\u0142o\u015bci?\u2026 Czy bowiem rygorystyczne zamkni\u0119cie trzydziestu o\u015bmiu milion\u00f3w ludzi w mieszkaniach \u2013 to jest to najlepsze rozwi\u0105zanie?<\/span><\/span><\/span><\/p>\n<p align=\"justify\"><span style=\"color: #000000;\"><span style=\"font-family: Book Antiqua, serif;\"><span style=\"font-size: large;\">W dodatku, media nakr\u0119caj\u0105 atmosfer\u0119 strachu, odmieniaj\u0105c przez wszystkie przypadki s\u0142owa: \u201epandemia\u201d, \u201ekoronawirus\u201d, a <b>jakby z trudno\u015bci\u0105 przebijaj\u0105 si\u0119 informacje pozytywne i nios\u0105ce nadziej\u0119,<\/b> \u017ce spada liczba zgon\u00f3w i liczba hospitalizacji we W\u0142oszech i w Hiszpanii, a i u nas, ostatniej doby, mniej by\u0142o zaka\u017ce\u0144, ni\u017c w Niedziel\u0119 Palmow\u0105. Naturalnie, to wszystko mo\u017ce tylko chwilowe, <b>a mo\u017ce jednak?\u2026<\/b> S\u0142oneczna pogoda te\u017c niesie nadziej\u0119. <\/span><\/span><\/span><\/p>\n<p align=\"justify\"><span style=\"color: #000000;\"><span style=\"font-family: Book Antiqua, serif;\"><span style=\"font-size: large;\">Czemu o tym tak ma\u0142o mowy w mediach? Bo nast\u0105pi rozpr\u0119\u017cenie dyscypliny spo\u0142ecznej? I spo\u0142ecze\u0144stwo oka\u017ce si\u0119 niedojrza\u0142e, skoro teraz chwalone jest jako w\u0142a\u015bnie dojrza\u0142e i odpowiedzialne?<\/span><\/span><\/span><\/p>\n<p align=\"justify\"><span style=\"color: #000000;\"><span style=\"font-family: Book Antiqua, serif;\"><span style=\"font-size: large;\">Powiedzmy sobie jasno, \u017ce dojrza\u0142e i odpowiedzialne to nie takie spo\u0142ecze\u0144stwo, kt\u00f3re rygorystycznie i bezdyskusyjnie wykonuje polecenia w\u0142adzy i siedzi w domach, ale takie, <b>kt\u00f3re dojrzale my\u015bli i post\u0119puje roztropnie, pomne oczywi\u015bcie na m\u0105dre wskazania w\u0142adz.<\/b> Czy my takim spo\u0142ecze\u0144stwem jeszcze nie jeste\u015bmy?\u2026 To jak mamy \u201eodmra\u017ca\u0107\u201d to nasze \u017cycie gospodarcze i spo\u0142eczne po \u015awi\u0119tach?\u2026 <\/span><\/span><\/span><\/p>\n<p align=\"justify\"><span style=\"color: #000000;\"><span style=\"font-family: Book Antiqua, serif;\"><span style=\"font-size: large;\">Tak, swoj\u0105 drog\u0105, to jestem przekonany, \u017ce ca\u0142e to zagro\u017cenie nie b\u0119dzie trwa\u0142o dwa lata, mo\u017ce nawet szybko si\u0119 zako\u0144czy. Dobry B\u00f3g bowiem, kt\u00f3ry nas bardzo kocha, <b>nie ma chyba innego wyj\u015bcia, jak tylko zmi\u0142owa\u0107 si\u0119 nad nami,<\/b> bo dobrze widzi, \u017ce jak to wszystko za d\u0142ugo potrwa, to my sobie w ko\u0144cu oczy powydrapujemy! A On na pewno nie tego chce, tylko tego, \u017ceby\u015bmy si\u0119 nawr\u00f3cili do Niego i bardziej Mu zaufali.<\/span><\/span><\/span><\/p>\n<p align=\"justify\"><span style=\"color: #000000;\"><span style=\"font-family: Book Antiqua, serif;\"><span style=\"font-size: large;\">Moi Drodzy, prosz\u0119, aby\u015bcie przeczytawszy te moje refleksje, nie pot\u0119piali ich od razu w tak zwany \u201eczambu\u0142\u201d, tylko doprecyzowali s\u0142absze punkty, jakie dostrze\u017cecie, proponuj\u0105c w\u0142asne przemy\u015blenia. <b>Po prostu, rozmawiajmy o tym, pomagajmy sobie nawzajem w odnalezieniu si\u0119 w tej sytuacji, kt\u00f3ra dla nas wszystkich jest wyzwaniem.<\/b> Nawet, je\u017celi si\u0119 ze sob\u0105 nie zgodzimy, to zachowajmy wzajemny szacunek!<\/span><\/span><\/span><\/p>\n<p align=\"justify\"><span style=\"color: #000000;\"><span style=\"font-family: Book Antiqua, serif;\"><span style=\"font-size: large;\">Nade wszystko jednak \u2013 <b>totalnie ufajmy Bogu! <\/b>M\u00f3dlmy si\u0119 jeszcze wi\u0119cej, jeszcze gorliwiej! Jak najwi\u0119cej m\u00f3dlmy si\u0119 wsp\u00f3lnie! Niech nasze bycie razem w domach b\u0119dzie tworzeniem <b>mocnej i<\/b> <b>trwa\u0142ej wsp\u00f3lnoty<\/b> \u2013 pomi\u0119dzy sob\u0105 i z naszym Panem Jezusem Chrystusem, oraz z Jego Matk\u0105!<\/span><\/span><\/span><\/p>\n<p align=\"justify\"><span style=\"color: #000000;\"><span style=\"font-family: Book Antiqua, serif;\"><span style=\"font-size: large;\">Nieustaj\u0105co<b> m\u00f3dlmy si\u0119 o prze\u017cycie \u015awi\u0105t Paschalnych w rado\u015bci \u2013 niech b\u0119d\u0105 one wielkim triumfem Jezusa Chrystusa zmartwychwsta\u0142ego!<\/b><\/span><\/span><\/span><\/p>\n<p align=\"justify\"><span style=\"color: #000000;\"><span style=\"font-family: Book Antiqua, serif;\"><span style=\"font-size: large;\">A wierz\u0119, \u017ce wielkim duchowym wsparciem i mocnym promykiem nadziei b\u0119dzie dla nas jutrzejsze s\u0142\u00f3wko z Syberii!<\/span><\/span><\/span><\/p>\n<p align=\"justify\"><span style=\"color: #000000;\"><span style=\"font-family: Book Antiqua, serif;\"><span style=\"font-size: large;\"><b>Niech Was b\u0142ogos\u0142awi B\u00f3g Wszechmog\u0105cy: Ojciec + i Syn, i Duch \u015awi\u0119ty. Amen<\/b><\/span><\/span><\/span><\/p>\n<p align=\"center\"><span style=\"color: #000000;\"><span style=\"font-family: Book Antiqua, serif;\"><span style=\"font-size: large;\">Gaudium et spes! Ks. Jacek<\/span><\/span><\/span><\/p>\n<p align=\"center\">\n<p align=\"center\">\n<p align=\"center\">\n<p align=\"center\">\n<p align=\"center\">\n<p align=\"justify\"><span style=\"color: #000000;\"><span style=\"font-family: Book Antiqua, serif;\"><span style=\"font-size: large;\"><b>Wielki Wtorek,<\/b><\/span><\/span><\/span><\/p>\n<p align=\"justify\"><span style=\"color: #000000;\"><span style=\"font-family: Book Antiqua, serif;\"><span style=\"font-size: large;\"><b>7 kwietnia 2020.,<\/b><\/span><\/span><\/span><\/p>\n<p align=\"justify\"><span style=\"color: #000000;\"><span style=\"font-family: Book Antiqua, serif;\"><span style=\"font-size: large;\"><b>do czyta\u0144: Iz 49,1\u20136; J 13,21\u201333.36\u201338<\/b><\/span><\/span><\/span><\/p>\n<p align=\"justify\">\n<p align=\"justify\">\n<p align=\"justify\">\n<p align=\"justify\">\n<p align=\"justify\">\n<p align=\"justify\"><span style=\"color: #000000;\"><span style=\"font-family: Book Antiqua, serif;\"><span style=\"font-size: large;\"><b>CZYTANIE Z KSI\u0118GI PROROKA IZAJASZA: <\/b><\/span><\/span><\/span><\/p>\n<p align=\"justify\"><span style=\"color: #000000;\"><span style=\"font-family: Book Antiqua, serif;\"><span style=\"font-size: large;\"><b>Pos\u0142uchajcie mnie, wyspy; ludy najdalsze, uwa\u017cajcie: Pan mnie powo\u0142a\u0142 ju\u017c z \u0142ona mej matki, od jej wn\u0119trzno\u015bci wspomnia\u0142 moje imi\u0119. Ostrym mieczem uczyni\u0142 me usta, w cieniu swej r\u0119ki mnie ukry\u0142. Uczyni\u0142 ze mnie strza\u0142\u0119 zaostrzon\u0105, utai\u0142 mnie w swoim ko\u0142czanie. <\/b><\/span><\/span><\/span><\/p>\n<p align=\"justify\"><span style=\"color: #000000;\"><span style=\"font-family: Book Antiqua, serif;\"><span style=\"font-size: large;\"><b>I rzek\u0142 mi: \u201eTy\u015b s\u0142ug\u0105 moim, Izraelu, w tobie si\u0119 rozs\u0142awi\u0119\u201d. Ja za\u015b m\u00f3wi\u0142em: \u201ePr\u00f3\u017cno si\u0119 trudzi\u0142em, na darmo i na nic zu\u017cy\u0142em me si\u0142y. Lecz moje prawo jest u Pana i moja nagroda u Boga mego\u201d. Ws\u0142awi\u0142em si\u0119 w oczach Pana, B\u00f3g m\u00f3j sta\u0142 si\u0119 moj\u0105 si\u0142\u0105. <\/b><\/span><\/span><\/span><\/p>\n<p align=\"justify\"><span style=\"color: #000000;\"><span style=\"font-family: Book Antiqua, serif;\"><span style=\"font-size: large;\"><b>A teraz przem\u00f3wi\u0142 Pan, kt\u00f3ry mnie ukszta\u0142towa\u0142 od urodzenia na swego s\u0142ug\u0119, bym nawr\u00f3ci\u0142 do Niego Jakuba i zgromadzi\u0142 Mu Izraela. A m\u00f3wi\u0142: \u201eTo zbyt ma\u0142o, i\u017c jeste\u015b mi s\u0142ug\u0105 dla pod\u017awigni\u0119cia pokole\u0144 Jakuba i sprowadzenia ocala\u0142ych z Izraela! Ustanowi\u0119 ci\u0119 \u015bwiat\u0142o\u015bci\u0105 dla pogan, aby moje zbawienie dotar\u0142o a\u017c do kra\u0144c\u00f3w ziemi\u201d.<\/b><\/span><\/span><\/span><\/p>\n<p align=\"justify\">\n<p align=\"justify\">\n<p align=\"justify\">\n<p align=\"justify\">\n<p align=\"justify\">\n<p align=\"justify\"><span style=\"color: #000000;\"><span style=\"font-family: Book Antiqua, serif;\"><span style=\"font-size: large;\"><b>S\u0141OWA EWANGELII WED\u0141UG \u015aWI\u0118TEGO JANA: <\/b><\/span><\/span><\/span><\/p>\n<p align=\"justify\"><span style=\"color: #000000;\"><span style=\"font-family: Book Antiqua, serif;\"><span style=\"font-size: large;\"><b>Jezus w czasie wieczerzy z uczniami swoimi dozna\u0142 g\u0142\u0119bokiego wzruszenia i tak o\u015bwiadczy\u0142: \u201eZaprawd\u0119, zaprawd\u0119 powiadam wam: Jeden z was Mnie zdradzi\u201d. Spogl\u0105dali uczniowie jeden na drugiego niepewni, o kim m\u00f3wi. <\/b><\/span><\/span><\/span><\/p>\n<p align=\"justify\"><span style=\"color: #000000;\"><span style=\"font-family: Book Antiqua, serif;\"><span style=\"font-size: large;\"><b>Jeden z uczni\u00f3w Jego, ten, kt\u00f3rego Jezus mi\u0142owa\u0142, spoczywa\u0142 na Jego piersi. Jemu to da\u0142 znak Szymon Piotr i rzek\u0142 do niego: \u201eKto to jest? O kim m\u00f3wi?\u201d Ten opar\u0142 si\u0119 zaraz na piersi Jezusa i rzek\u0142 do Niego: \u201ePanie, kto to jest?\u201d <\/b><\/span><\/span><\/span><\/p>\n<p align=\"justify\"><span style=\"color: #000000;\"><span style=\"font-family: Book Antiqua, serif;\"><span style=\"font-size: large;\"><b>Jezus odpowiedzia\u0142: \u201eTo ten, dla kt\u00f3rego umaczam kawa\u0142ek chleba i podam mu\u201d. Umoczywszy wi\u0119c kawa\u0142ek chleba, wzi\u0105\u0142 i poda\u0142 Judaszowi, synowi Szymona Iskarioty. A po spo\u017cyciu kawa\u0142ka chleba wszed\u0142 w niego szatan. <\/b><\/span><\/span><\/span><\/p>\n<p align=\"justify\"><span style=\"color: #000000;\"><span style=\"font-family: Book Antiqua, serif;\"><span style=\"font-size: large;\"><b>Jezus za\u015b rzek\u0142 do niego: \u201eCo chcesz czyni\u0107, czy\u0144 pr\u0119dzej\u201d. Nikt jednak z biesiadnik\u00f3w nie rozumia\u0142, dlaczego mu to powiedzia\u0142. Poniewa\u017c Judasz mia\u0142 piecz\u0119 nad trzosem, niekt\u00f3rzy s\u0105dzili, \u017ce Jezus powiedzia\u0142 do niego: \u201eZakup, czego nam potrzeba na \u015bwi\u0119ta\u201d, albo \u017ceby da\u0142 co\u015b ubogim. On za\u015b po spo\u017cyciu kawa\u0142ka chleba zaraz wyszed\u0142. A by\u0142a noc. <\/b><\/span><\/span><\/span><\/p>\n<p align=\"justify\"><span style=\"color: #000000;\"><span style=\"font-family: Book Antiqua, serif;\"><span style=\"font-size: large;\"><b>Po jego wyj\u015bciu rzek\u0142 Jezus: \u201eSyn Cz\u0142owieczy zosta\u0142 teraz otoczony chwa\u0142\u0105, a w Nim B\u00f3g zosta\u0142 chwa\u0142\u0105 otoczony. Je\u017celi B\u00f3g zosta\u0142 w Nim chwa\u0142\u0105 otoczony, to i B\u00f3g Go otoczy chwa\u0142\u0105 w sobie samym, i to zaraz Go chwa\u0142\u0105 otoczy. <\/b><\/span><\/span><\/span><\/p>\n<p align=\"justify\"><span style=\"color: #000000;\"><span style=\"font-family: Book Antiqua, serif;\"><span style=\"font-size: large;\"><b>Dzieci, jeszcze kr\u00f3tko jestem z wami. B\u0119dziecie Mnie szuka\u0107, ale jak to \u017bydom powiedzia\u0142em, tak i wam teraz m\u00f3wi\u0119, dok\u0105d Ja id\u0119, wy p\u00f3j\u015b\u0107 nie mo\u017cecie\u201d. <\/b><\/span><\/span><\/span><\/p>\n<p align=\"justify\"><span style=\"color: #000000;\"><span style=\"font-family: Book Antiqua, serif;\"><span style=\"font-size: large;\"><b>Rzek\u0142 do Niego Szymon Piotr: \u201ePanie, dok\u0105d idziesz?\u201d <\/b><\/span><\/span><\/span><\/p>\n<p align=\"justify\"><span style=\"color: #000000;\"><span style=\"font-family: Book Antiqua, serif;\"><span style=\"font-size: large;\"><b>Odpowiedzia\u0142 mu Jezus: \u201eDok\u0105d Ja id\u0119, ty teraz za Mn\u0105 p\u00f3j\u015b\u0107 nie mo\u017cesz, ale p\u00f3\u017aniej p\u00f3jdziesz\u201d. <\/b><\/span><\/span><\/span><\/p>\n<p align=\"justify\"><span style=\"color: #000000;\"><span style=\"font-family: Book Antiqua, serif;\"><span style=\"font-size: large;\"><b>Powiedzia\u0142 Mu Piotr: \u201ePanie, dlaczego teraz nie mog\u0119 p\u00f3j\u015b\u0107 za Tob\u0105? \u017bycie moje oddam za Ciebie\u201d. <\/b><\/span><\/span><\/span><\/p>\n<p align=\"justify\"><span style=\"color: #000000;\"><span style=\"font-family: Book Antiqua, serif;\"><span style=\"font-size: large;\"><b>Odpowiedzia\u0142 Jezus: \u201e\u017bycie swoje oddasz za Mnie? Zaprawd\u0119, zaprawd\u0119 powiadam ci: Kogut nie zapieje, a\u017c ty trzy razy si\u0119 Mnie wyprzesz\u201d.<\/b><\/span><\/span><\/span><\/p>\n<p align=\"justify\">\n<p align=\"justify\">\n<p align=\"justify\">\n<p align=\"justify\">\n<p align=\"justify\">\n<p align=\"justify\"><span style=\"color: #000000;\"><span style=\"font-family: Book Antiqua, serif;\"><span style=\"font-size: large;\">Tak z czysto ludzkiej perspektywy patrz\u0105c \u2013 jaki to musia\u0142 by\u0107 <b>trudny moment dla Jezusa: <\/b>zapowied\u017a zdrady ze strony najbli\u017cszych\u2026 I to <b>podw\u00f3jnej<\/b> zdrady \u2013 tej, kt\u00f3r\u0105 ju\u017c zaplanowa\u0142 Judasz, ale i tej, kt\u00f3rej Piotr co prawda nie zaplanowa\u0142 i otwarcie si\u0119 zarzeka\u0142, \u017ce do niej nie dopu\u015bci, jednak Jezus dobrze wiedzia\u0142, jak b\u0119dzie\u2026 <\/span><\/span><\/span><\/p>\n<p align=\"justify\"><span style=\"color: #000000;\"><span style=\"font-family: Book Antiqua, serif;\"><span style=\"font-size: large;\">To prawda, \u017ce <b>nie mo\u017cna por\u00f3wnywa\u0107 czynu Judasza do czynu Piotra,<\/b> bo ten pierwszy z wyrachowaniem i premedytacj\u0105 wszystko zaplanowa\u0142, bior\u0105c nawet pieni\u0105dze za swoj\u0105 niegodziw\u0105 decyzj\u0119, Piotr natomiast tak po ludzku si\u0119 przestraszy\u0142, ale <b>czy to czyni ca\u0142\u0105 spraw\u0119 \u0142atwiejsz\u0105,<\/b> prostsz\u0105, mniej bolesn\u0105?\u2026 <\/span><\/span><\/span><\/p>\n<p align=\"justify\"><span style=\"color: #000000;\"><span style=\"font-family: Book Antiqua, serif;\"><span style=\"font-size: large;\">Oto Jezus, wiedz\u0105c, co ma na Niego przyj\u015b\u0107, wie tak\u017ce, <b>jak zachowaj\u0105 si\u0119 Jego najbli\u017csi: <\/b>jeden Go zdradzi, drugi si\u0119 Go zaprze, a reszta ucieknie\u2026 Tylko najm\u0142odszy, Jan, b\u0119dzie przy Nim do ko\u0144ca\u2026 Jak to musia\u0142o wtedy bole\u0107\u2026<\/span><\/span><\/span><\/p>\n<p align=\"justify\"><span style=\"color: #000000;\"><span style=\"font-family: Book Antiqua, serif;\"><span style=\"font-size: large;\">A jednak,<b> Jezus nie zrezygnowa\u0142<\/b> z dzie\u0142a odkupienia, nie obrazi\u0142 si\u0119 na swoich Aposto\u0142\u00f3w, nie robi\u0142 im wym\u00f3wek, \u017ce oto tyle ich naucza\u0142, trzy lata ich prowadzi\u0142 i kszta\u0142towa\u0142, a teraz \u2013 nie b\u0119dzie m\u00f3g\u0142 na nich liczy\u0107, bo <b>w najbardziej decyduj\u0105cym momencie zostanie sam\u2026<\/b> Nie m\u00f3wi\u0142 tego, nie czyni\u0142 im \u017cadnych wyrzut\u00f3w. <\/span><\/span><\/span><\/p>\n<p align=\"justify\"><span style=\"color: #000000;\"><span style=\"font-family: Book Antiqua, serif;\"><span style=\"font-size: large;\">A przecie\u017c pierwszy akt tego dramatu mia\u0142 si\u0119 dokona\u0107 ju\u017c wkr\u00f3tce, bo w czasie Jego <b>samotnej modlitwy w Getsemani:<\/b> uczniowie, wyra\u017anie i wprost poproszeni o to, by czuwali \u2013 wszyscy posn\u0119li\u2026 To by\u0142 pierwszy znak, <b>jak bardzo s\u0105 s\u0142abi,<\/b> jak s\u0142abe s\u0105 cia\u0142a, chocia\u017c duch mo\u017ce faktycznie \u00abochoczy\u00bb \u2013 jak to stwierdzi\u0142 w kt\u00f3rym\u015b momencie Jezus. Cia\u0142a okaza\u0142y si\u0119 s\u0142abe, a nied\u0142ugo mia\u0142o si\u0119 okaza\u0107, <b>\u017ce i ducha zabrak\u0142o, <\/b>skoro zabra\u0142o odwagi, by przy swoim Mistrzu zosta\u0107 \u2013 w tym <b>najbardziej decyduj\u0105cym momencie<\/b><b>\u2026 <\/b><\/span><\/span><\/span><\/p>\n<p align=\"justify\"><span style=\"color: #000000;\"><span style=\"font-family: Book Antiqua, serif;\"><span style=\"font-size: large;\">Pomimo tego jednak \u2013 i to nas bardzo pociesza, moi Drodzy \u2013 Jezus niczego nie zmieni\u0142 w swoich planach. <b>Nie przesta\u0142 swoich uczni\u00f3w kocha\u0107,<\/b> nie przesta\u0142 te\u017c kocha\u0107 tych, kt\u00f3rzy mieli ju\u017c nied\u0142ugo wrzeszcze\u0107: <i><b>N<\/b><\/i><i><b>a krzy\u017c z Nim! <\/b><\/i>Dokona\u0142 dzie\u0142a zbawienia, <b>pomimo zdrady i odrzucenia<\/b> ze strony ludzi. To nas bardzo, ale to <b>bardzo pociesza,<\/b> moi Drodzy! <\/span><\/span><\/span><\/p>\n<p align=\"justify\"><span style=\"color: #000000;\"><span style=\"font-family: Book Antiqua, serif;\"><span style=\"font-size: large;\">Bo ufamy g\u0142\u0119boko \u2013 i o to si\u0119 bardzo \u017carliwie modlimy \u2013 \u017ce i dzisiaj zmi\u0142uje si\u0119 nad nami, chocia\u017c pr\u00f3\u017cno z naszej strony mo\u017ce oczekiwa\u0107 <b>zbyt wielkiego \u015bwiadectwa wiary! <\/b>Nasza wiara jest <b>bardzo s\u0142aba, jeste\u015bmy zal\u0119knieni<\/b>, nie potrafimy zaufa\u0107 Panu w ca\u0142ej pe\u0142ni. A nawet \u2013 w jakim\u015b stopniu. Obawiamy si\u0119 o nasze \u017cycie i zdrowie. <\/span><\/span><\/span><\/p>\n<p align=\"justify\"><span style=\"color: #000000;\"><span style=\"font-family: Book Antiqua, serif;\"><span style=\"font-size: large;\">Z jednej strony \u2013 to dobrze, bo to jest konkretny wymiar realizacji <b>przykazania mi\u0142o\u015bci bli\u017aniego i pi\u0105tego Przykazania Dekalogu.<\/b> Czy jednak nasze zaufanie do Jezusa <b>nie powinno by\u0107 wi\u0119ksze?<\/b> Czy nie powinni\u015bmy \u2013 przy zachowaniu zwyk\u0142ych ludzkich \u015brodk\u00f3w ostro\u017cno\u015bci \u2013 jeszcze bardziej uwierzy\u0107 w moc Bo\u017c\u0105?\u2026 <\/span><\/span><\/span><\/p>\n<p align=\"justify\"><span style=\"color: #000000;\"><span style=\"font-family: Book Antiqua, serif;\"><span style=\"font-size: large;\">Tymczasem my jeste\u015bmy tacy zal\u0119knieni\u2026 Na ka\u017cdym kroku obawiamy si\u0119 niewidzialnego wroga\u2026 I ju\u017c nie tylko nie podajemy sobie r\u0119ki na powitanie \u2013 nawet w gronie najbli\u017cszych \u2013 ale mo\u017cna odnie\u015b\u0107 wra\u017cenie, \u017ce niekt\u00f3rzy <b>boj\u0105 si\u0119 na drugich spojrze\u0107!<\/b> Oczywi\u015bcie, to pewne przerysowanie, ale nie da si\u0119 nie zauwa\u017cy\u0107 <b>paniki i przera\u017cenia, w jakiej \u017cyje cz\u0119\u015b\u0107 z nas.<\/b><\/span><\/span><\/span><\/p>\n<p align=\"justify\"><span style=\"color: #000000;\"><span style=\"font-family: Book Antiqua, serif;\"><span style=\"font-size: large;\">I w\u0142a\u015bnie w takich okoliczno\u015bciach pociesza nas to, \u017ce Jezus wtedy, w Wieczerniku, \u015bwiadom zachowania swoich najbli\u017cszych, jednak <i><b>umi\u0142owa\u0142 ich do ko\u0144ca. <\/b><\/i>Wierzymy, \u017ce i nad nami \u2013 pomimo naszej s\u0142abej wiary \u2013 oka\u017ce swoje zmi\u0142owanie. O to si\u0119 modlimy tak \u017carliwie, jak tylko potrafimy, jak pozwala nam nasza s\u0142aba wiara \u2013 i <b>nasza wola, na szcz\u0119\u015bcie dobra.<\/b> <\/span><\/span><\/span><\/p>\n<p align=\"justify\"><span style=\"color: #000000;\"><span style=\"font-family: Book Antiqua, serif;\"><span style=\"font-size: large;\">Modlimy si\u0119 o to \u2013 i w tej intencji podejmujemy dzie\u0142a pokutne \u2013 by mi\u0142osierdzie Bo\u017ce okaza\u0142o si\u0119 po raz kolejny <b>wi\u0119ksze od naszej s\u0142abo\u015bci i naszych l\u0119k\u00f3w!<\/b><\/span><\/span><\/span><\/p>\n<p align=\"justify\"><span style=\"color: #000000;\"><span style=\"font-family: Book Antiqua, serif;\"><span style=\"font-size: large;\">A sami, do serc swoich, bierzemy pouczenie z pierwszego czytania, z Proroctwa Izajasza \u2013 s\u0142owa, skierowane do S\u0142ugi Jahwe: <i><b>To zbyt ma\u0142o, i\u017c jeste\u015b mi s\u0142ug\u0105 dla pod\u017awigni\u0119cia pokole\u0144 Jakuba i sprowadzenia ocala\u0142ych z Izraela! Ustanowi\u0119 ci\u0119 \u015bwiat\u0142o\u015bci\u0105 dla pogan, aby moje zbawienie dotar\u0142o a\u017c do kra\u0144c\u00f3w ziemi!<\/b><\/i><\/span><\/span><\/span><\/p>\n<p align=\"justify\"><span style=\"color: #000000;\"><span style=\"font-family: Book Antiqua, serif;\"><span style=\"font-size: large;\">Moi Drodzy, to zbyt ma\u0142o, gdyby\u015bmy mieli modli\u0107 si\u0119 w ciszy swojej \u00abizdebki\u00bb o pod\u017awigni\u0119cie \u015bwiata z obecnego nieszcz\u0119\u015bcia. Potrzeba, by\u015bmy byli <b>\u015bwiat\u0142o\u015bci\u0105 dla ludzi <\/b>\u2013 by\u015bmy odwa\u017cnie \u015bwiadczyli o swojej wierze w Bo\u017c\u0105 moc! A w ten spos\u00f3b \u2013 by\u015bmy wspierali na duchu tych, kt\u00f3rzy s\u0105 <b>mo\u017ce jeszcze s\u0142absi od nas i jeszcze ci\u0119\u017cej prze\u017cywaj\u0105 sw\u00f3j l\u0119k\u2026<\/b> <\/span><\/span><\/span><\/p>\n<p align=\"justify\"><span style=\"color: #000000;\"><span style=\"font-family: Book Antiqua, serif;\"><span style=\"font-size: large;\">To zbyt ma\u0142o zatem, je\u017celi zamkniemy si\u0119 w sobie i tylko o siebie b\u0119dziemy si\u0119 troszczy\u0107 przed obliczem Pana! <b>Pami\u0119tajmy o innych \u2013 pami\u0119tajmy o sobie nawzajem!<\/b><\/span><\/span><\/span><\/p>\n","protected":false},"excerpt":{"rendered":"<p>Szcz\u0119\u015b\u0107 Bo\u017ce! Moi Drodzy, w dniu dzisiejszym urodziny prze\u017cywa Siostra Aldona Deczewska, Franciszkanka Misjonarka Maryi, z kt\u00f3r\u0105 mia\u0142em przyjemno\u015b\u0107 cz\u0119sto spotyka\u0107 si\u0119, kiedy pos\u0142ugiwa\u0142a w Lublinie. Dzi\u0119ki \u017cyczliwo\u015bci Siostry Aldony, mog\u0142em przyje\u017cd\u017ca\u0107 z M\u0142odzie\u017c\u0105 na rekolekcje do lubelskiego domu Si\u00f3str. \u017bycz\u0119 nieustannego zapa\u0142u apostolskiego, z kt\u00f3rego Droga Jubilatka ju\u017c jest znana, a tak\u017ce Bo\u017cego b\u0142ogos\u0142awie\u0144stwa [&hellip;]<\/p>\n","protected":false},"author":1,"featured_media":0,"comment_status":"open","ping_status":"open","sticky":false,"template":"","format":"standard","meta":{"jetpack_post_was_ever_published":false,"_jetpack_newsletter_access":"","_jetpack_dont_email_post_to_subs":false,"_jetpack_newsletter_tier_id":0,"_jetpack_memberships_contains_paywalled_content":false,"_jetpack_memberships_contains_paid_content":false,"footnotes":""},"categories":[1],"tags":[],"class_list":["post-16775","post","type-post","status-publish","format-standard","hentry","category-bez-kategorii"],"yoast_head":"<!-- This site is optimized with the Yoast SEO plugin v25.1 - https:\/\/yoast.com\/wordpress\/plugins\/seo\/ -->\n<title>Pomimo s\u0142abej wiary naszej... - Gaudium Et Spes<\/title>\n<meta name=\"robots\" content=\"index, follow, max-snippet:-1, max-image-preview:large, max-video-preview:-1\" \/>\n<link rel=\"canonical\" href=\"https:\/\/gaudiumetspes-blog.pl\/index.php\/2020\/04\/07\/pomimo-slabej-wiary-naszej\/\" \/>\n<meta property=\"og:locale\" content=\"pl_PL\" \/>\n<meta property=\"og:type\" content=\"article\" \/>\n<meta property=\"og:title\" content=\"Pomimo s\u0142abej wiary naszej... - Gaudium Et Spes\" \/>\n<meta property=\"og:description\" content=\"Szcz\u0119\u015b\u0107 Bo\u017ce! Moi Drodzy, w dniu dzisiejszym urodziny prze\u017cywa Siostra Aldona Deczewska, Franciszkanka Misjonarka Maryi, z kt\u00f3r\u0105 mia\u0142em przyjemno\u015b\u0107 cz\u0119sto spotyka\u0107 si\u0119, kiedy pos\u0142ugiwa\u0142a w Lublinie. Dzi\u0119ki \u017cyczliwo\u015bci Siostry Aldony, mog\u0142em przyje\u017cd\u017ca\u0107 z M\u0142odzie\u017c\u0105 na rekolekcje do lubelskiego domu Si\u00f3str. \u017bycz\u0119 nieustannego zapa\u0142u apostolskiego, z kt\u00f3rego Droga Jubilatka ju\u017c jest znana, a tak\u017ce Bo\u017cego b\u0142ogos\u0142awie\u0144stwa [&hellip;]\" \/>\n<meta property=\"og:url\" content=\"https:\/\/gaudiumetspes-blog.pl\/index.php\/2020\/04\/07\/pomimo-slabej-wiary-naszej\/\" \/>\n<meta property=\"og:site_name\" content=\"Gaudium Et Spes\" \/>\n<meta property=\"article:published_time\" content=\"2020-04-07T06:34:12+00:00\" \/>\n<meta name=\"author\" content=\"Ks. Jacek\" \/>\n<meta name=\"twitter:card\" content=\"summary_large_image\" \/>\n<meta name=\"twitter:label1\" content=\"Napisane przez\" \/>\n\t<meta name=\"twitter:data1\" content=\"Ks. Jacek\" \/>\n\t<meta name=\"twitter:label2\" content=\"Szacowany czas czytania\" \/>\n\t<meta name=\"twitter:data2\" content=\"13 minut\" \/>\n<script type=\"application\/ld+json\" class=\"yoast-schema-graph\">{\"@context\":\"https:\/\/schema.org\",\"@graph\":[{\"@type\":\"WebPage\",\"@id\":\"https:\/\/gaudiumetspes-blog.pl\/index.php\/2020\/04\/07\/pomimo-slabej-wiary-naszej\/\",\"url\":\"https:\/\/gaudiumetspes-blog.pl\/index.php\/2020\/04\/07\/pomimo-slabej-wiary-naszej\/\",\"name\":\"Pomimo s\u0142abej wiary naszej... - Gaudium Et Spes\",\"isPartOf\":{\"@id\":\"https:\/\/gaudiumetspes-blog.pl\/#website\"},\"datePublished\":\"2020-04-07T06:34:12+00:00\",\"author\":{\"@id\":\"https:\/\/gaudiumetspes-blog.pl\/#\/schema\/person\/1661982992b752dea8dff0d4ed845a65\"},\"breadcrumb\":{\"@id\":\"https:\/\/gaudiumetspes-blog.pl\/index.php\/2020\/04\/07\/pomimo-slabej-wiary-naszej\/#breadcrumb\"},\"inLanguage\":\"pl-PL\",\"potentialAction\":[{\"@type\":\"ReadAction\",\"target\":[\"https:\/\/gaudiumetspes-blog.pl\/index.php\/2020\/04\/07\/pomimo-slabej-wiary-naszej\/\"]}]},{\"@type\":\"BreadcrumbList\",\"@id\":\"https:\/\/gaudiumetspes-blog.pl\/index.php\/2020\/04\/07\/pomimo-slabej-wiary-naszej\/#breadcrumb\",\"itemListElement\":[{\"@type\":\"ListItem\",\"position\":1,\"name\":\"Strona g\u0142\u00f3wna\",\"item\":\"https:\/\/gaudiumetspes-blog.pl\/\"},{\"@type\":\"ListItem\",\"position\":2,\"name\":\"Pomimo s\u0142abej wiary naszej&#8230;\"}]},{\"@type\":\"WebSite\",\"@id\":\"https:\/\/gaudiumetspes-blog.pl\/#website\",\"url\":\"https:\/\/gaudiumetspes-blog.pl\/\",\"name\":\"Gaudium Et Spes\",\"description\":\"Blog Ks. Jacka Ja\u015bkowskiego\",\"potentialAction\":[{\"@type\":\"SearchAction\",\"target\":{\"@type\":\"EntryPoint\",\"urlTemplate\":\"https:\/\/gaudiumetspes-blog.pl\/?s={search_term_string}\"},\"query-input\":{\"@type\":\"PropertyValueSpecification\",\"valueRequired\":true,\"valueName\":\"search_term_string\"}}],\"inLanguage\":\"pl-PL\"},{\"@type\":\"Person\",\"@id\":\"https:\/\/gaudiumetspes-blog.pl\/#\/schema\/person\/1661982992b752dea8dff0d4ed845a65\",\"name\":\"Ks. Jacek\",\"image\":{\"@type\":\"ImageObject\",\"inLanguage\":\"pl-PL\",\"@id\":\"https:\/\/gaudiumetspes-blog.pl\/#\/schema\/person\/image\/\",\"url\":\"https:\/\/gaudiumetspes-blog.pl\/wp-content\/uploads\/2019\/07\/avatar-JJ-150x150.jpg\",\"contentUrl\":\"https:\/\/gaudiumetspes-blog.pl\/wp-content\/uploads\/2019\/07\/avatar-JJ-150x150.jpg\",\"caption\":\"Ks. Jacek\"},\"description\":\"Witam serdecznie! K\u0142ania si\u0119 Ks. Jacek Ja\u015bkowski. Nie jestem ani kim\u015b wa\u017cnym, ani kim\u015b znanym. Jestem ksi\u0119dzem, kt\u00f3ry po prostu chce rozmawia\u0107. Codzienna kap\u0142a\u0144ska pos\u0142uga pokazuje mi, \u017ce temat\u00f3w do rozm\u00f3w z ksi\u0119dzem jest coraz wi\u0119cej i dzisiaj \u017caden ksi\u0105dz nie mo\u017ce od nich ucieka\u0107, ale - wprost przeciwnie - podejmowa\u0107 nowe wyzwania. To przekonanie sk\u0142oni\u0142o mnie do pr\u00f3by otwarcia tego\u017c bloga, chocia\u017c okazji do rozm\u00f3w na co dzie\u0144 - w konfesjonale i poza nim - na szcz\u0119\u015bcie nie brakuje. My\u015bl\u0119 jednak, \u017ce ten blog b\u0119dzie jeszcze jednym sposobem i przestrzeni\u0105 nawi\u0105zania kontaktu z lud\u017ami dobrej woli, otwartymi na dialog.\",\"url\":\"https:\/\/gaudiumetspes-blog.pl\/index.php\/author\/ks-jacek\/\"}]}<\/script>\n<!-- \/ Yoast SEO plugin. -->","yoast_head_json":{"title":"Pomimo s\u0142abej wiary naszej... - Gaudium Et Spes","robots":{"index":"index","follow":"follow","max-snippet":"max-snippet:-1","max-image-preview":"max-image-preview:large","max-video-preview":"max-video-preview:-1"},"canonical":"https:\/\/gaudiumetspes-blog.pl\/index.php\/2020\/04\/07\/pomimo-slabej-wiary-naszej\/","og_locale":"pl_PL","og_type":"article","og_title":"Pomimo s\u0142abej wiary naszej... - Gaudium Et Spes","og_description":"Szcz\u0119\u015b\u0107 Bo\u017ce! Moi Drodzy, w dniu dzisiejszym urodziny prze\u017cywa Siostra Aldona Deczewska, Franciszkanka Misjonarka Maryi, z kt\u00f3r\u0105 mia\u0142em przyjemno\u015b\u0107 cz\u0119sto spotyka\u0107 si\u0119, kiedy pos\u0142ugiwa\u0142a w Lublinie. Dzi\u0119ki \u017cyczliwo\u015bci Siostry Aldony, mog\u0142em przyje\u017cd\u017ca\u0107 z M\u0142odzie\u017c\u0105 na rekolekcje do lubelskiego domu Si\u00f3str. \u017bycz\u0119 nieustannego zapa\u0142u apostolskiego, z kt\u00f3rego Droga Jubilatka ju\u017c jest znana, a tak\u017ce Bo\u017cego b\u0142ogos\u0142awie\u0144stwa [&hellip;]","og_url":"https:\/\/gaudiumetspes-blog.pl\/index.php\/2020\/04\/07\/pomimo-slabej-wiary-naszej\/","og_site_name":"Gaudium Et Spes","article_published_time":"2020-04-07T06:34:12+00:00","author":"Ks. Jacek","twitter_card":"summary_large_image","twitter_misc":{"Napisane przez":"Ks. Jacek","Szacowany czas czytania":"13 minut"},"schema":{"@context":"https:\/\/schema.org","@graph":[{"@type":"WebPage","@id":"https:\/\/gaudiumetspes-blog.pl\/index.php\/2020\/04\/07\/pomimo-slabej-wiary-naszej\/","url":"https:\/\/gaudiumetspes-blog.pl\/index.php\/2020\/04\/07\/pomimo-slabej-wiary-naszej\/","name":"Pomimo s\u0142abej wiary naszej... - Gaudium Et Spes","isPartOf":{"@id":"https:\/\/gaudiumetspes-blog.pl\/#website"},"datePublished":"2020-04-07T06:34:12+00:00","author":{"@id":"https:\/\/gaudiumetspes-blog.pl\/#\/schema\/person\/1661982992b752dea8dff0d4ed845a65"},"breadcrumb":{"@id":"https:\/\/gaudiumetspes-blog.pl\/index.php\/2020\/04\/07\/pomimo-slabej-wiary-naszej\/#breadcrumb"},"inLanguage":"pl-PL","potentialAction":[{"@type":"ReadAction","target":["https:\/\/gaudiumetspes-blog.pl\/index.php\/2020\/04\/07\/pomimo-slabej-wiary-naszej\/"]}]},{"@type":"BreadcrumbList","@id":"https:\/\/gaudiumetspes-blog.pl\/index.php\/2020\/04\/07\/pomimo-slabej-wiary-naszej\/#breadcrumb","itemListElement":[{"@type":"ListItem","position":1,"name":"Strona g\u0142\u00f3wna","item":"https:\/\/gaudiumetspes-blog.pl\/"},{"@type":"ListItem","position":2,"name":"Pomimo s\u0142abej wiary naszej&#8230;"}]},{"@type":"WebSite","@id":"https:\/\/gaudiumetspes-blog.pl\/#website","url":"https:\/\/gaudiumetspes-blog.pl\/","name":"Gaudium Et Spes","description":"Blog Ks. Jacka Ja\u015bkowskiego","potentialAction":[{"@type":"SearchAction","target":{"@type":"EntryPoint","urlTemplate":"https:\/\/gaudiumetspes-blog.pl\/?s={search_term_string}"},"query-input":{"@type":"PropertyValueSpecification","valueRequired":true,"valueName":"search_term_string"}}],"inLanguage":"pl-PL"},{"@type":"Person","@id":"https:\/\/gaudiumetspes-blog.pl\/#\/schema\/person\/1661982992b752dea8dff0d4ed845a65","name":"Ks. Jacek","image":{"@type":"ImageObject","inLanguage":"pl-PL","@id":"https:\/\/gaudiumetspes-blog.pl\/#\/schema\/person\/image\/","url":"https:\/\/gaudiumetspes-blog.pl\/wp-content\/uploads\/2019\/07\/avatar-JJ-150x150.jpg","contentUrl":"https:\/\/gaudiumetspes-blog.pl\/wp-content\/uploads\/2019\/07\/avatar-JJ-150x150.jpg","caption":"Ks. Jacek"},"description":"Witam serdecznie! K\u0142ania si\u0119 Ks. Jacek Ja\u015bkowski. Nie jestem ani kim\u015b wa\u017cnym, ani kim\u015b znanym. Jestem ksi\u0119dzem, kt\u00f3ry po prostu chce rozmawia\u0107. Codzienna kap\u0142a\u0144ska pos\u0142uga pokazuje mi, \u017ce temat\u00f3w do rozm\u00f3w z ksi\u0119dzem jest coraz wi\u0119cej i dzisiaj \u017caden ksi\u0105dz nie mo\u017ce od nich ucieka\u0107, ale - wprost przeciwnie - podejmowa\u0107 nowe wyzwania. To przekonanie sk\u0142oni\u0142o mnie do pr\u00f3by otwarcia tego\u017c bloga, chocia\u017c okazji do rozm\u00f3w na co dzie\u0144 - w konfesjonale i poza nim - na szcz\u0119\u015bcie nie brakuje. My\u015bl\u0119 jednak, \u017ce ten blog b\u0119dzie jeszcze jednym sposobem i przestrzeni\u0105 nawi\u0105zania kontaktu z lud\u017ami dobrej woli, otwartymi na dialog.","url":"https:\/\/gaudiumetspes-blog.pl\/index.php\/author\/ks-jacek\/"}]}},"jetpack_featured_media_url":"","jetpack_sharing_enabled":true,"_links":{"self":[{"href":"https:\/\/gaudiumetspes-blog.pl\/index.php\/wp-json\/wp\/v2\/posts\/16775","targetHints":{"allow":["GET"]}}],"collection":[{"href":"https:\/\/gaudiumetspes-blog.pl\/index.php\/wp-json\/wp\/v2\/posts"}],"about":[{"href":"https:\/\/gaudiumetspes-blog.pl\/index.php\/wp-json\/wp\/v2\/types\/post"}],"author":[{"embeddable":true,"href":"https:\/\/gaudiumetspes-blog.pl\/index.php\/wp-json\/wp\/v2\/users\/1"}],"replies":[{"embeddable":true,"href":"https:\/\/gaudiumetspes-blog.pl\/index.php\/wp-json\/wp\/v2\/comments?post=16775"}],"version-history":[{"count":1,"href":"https:\/\/gaudiumetspes-blog.pl\/index.php\/wp-json\/wp\/v2\/posts\/16775\/revisions"}],"predecessor-version":[{"id":16776,"href":"https:\/\/gaudiumetspes-blog.pl\/index.php\/wp-json\/wp\/v2\/posts\/16775\/revisions\/16776"}],"wp:attachment":[{"href":"https:\/\/gaudiumetspes-blog.pl\/index.php\/wp-json\/wp\/v2\/media?parent=16775"}],"wp:term":[{"taxonomy":"category","embeddable":true,"href":"https:\/\/gaudiumetspes-blog.pl\/index.php\/wp-json\/wp\/v2\/categories?post=16775"},{"taxonomy":"post_tag","embeddable":true,"href":"https:\/\/gaudiumetspes-blog.pl\/index.php\/wp-json\/wp\/v2\/tags?post=16775"}],"curies":[{"name":"wp","href":"https:\/\/api.w.org\/{rel}","templated":true}]}}