{"id":16782,"date":"2020-04-09T07:48:21","date_gmt":"2020-04-09T05:48:21","guid":{"rendered":"https:\/\/gaudiumetspes-blog.pl\/?p=16782"},"modified":"2020-04-09T07:48:21","modified_gmt":"2020-04-09T05:48:21","slug":"obecny-w-eucharystii-i-w-swoich-kaplanach","status":"publish","type":"post","link":"https:\/\/gaudiumetspes-blog.pl\/index.php\/2020\/04\/09\/obecny-w-eucharystii-i-w-swoich-kaplanach\/","title":{"rendered":"Obecny w Eucharystii &#8211; i w swoich kap\u0142anach&#8230;"},"content":{"rendered":"<p align=\"justify\"><span style=\"color: #000000;\"><span style=\"font-family: Book Antiqua, serif;\"><span style=\"font-size: large;\">Niech b\u0119dzie pochwalony Jezus Chrystus! Moi Drodzy, w dniu dzisiejszym <b>imieniny prze\u017cywa Maja Zagubie\u0144, zaanga\u017cowana w swoim czasie w dzia\u0142alno\u015b\u0107 m\u0142odzie\u017cow\u0105 w Parafii w Celestynowie. \u017bycz\u0119 Jej nieustannej blisko\u015bci Jezusa \u2013 i o to b\u0119d\u0119 si\u0119 dla Niej modli\u0142.<\/b><\/span><\/span><\/span><\/p>\n<p align=\"justify\"><span style=\"color: #000000;\"><span style=\"font-family: Book Antiqua, serif;\"><span style=\"font-size: large;\">Moi Drodzy, tej wielkiej i jak najg\u0142\u0119bszej blisko\u015bci Jezusa Chrystusa i jak najmocniejszego zjednoczenia si\u0119 z Nim, do\u015bwiadczenia ca\u0142ym sercem Jego obecno\u015bci \u017cycz\u0119 Wam wszystkim na dzisiejszy dzie\u0144 i na ca\u0142e \u015awi\u0119te Triduum Paschalne, kt\u00f3re Ko\u015bci\u00f3\u0142 rozpoczyna Msz\u0105 \u015awi\u0119t\u0105 Wieczerzy Pa\u0144skiej. To najwa\u017cniejszy czas w ci\u0105gu ca\u0142ego roku: Ko\u015bci\u00f3\u0142 naucza, \u017ce czym niedziela w tygodniu, tym \u015awi\u0119te Triduum jest w ci\u0105gu ca\u0142ego roku. <\/span><\/span><\/span><\/p>\n<p align=\"justify\"><span style=\"color: #000000;\"><span style=\"font-family: Book Antiqua, serif;\"><span style=\"font-size: large;\">Zatem, \u015awi\u0119ta Wielkanocne to tak naprawd\u0119 nie tylko Niedziela Wielkanocna i \u2013 jak niekt\u00f3rzy nazywaj\u0105 i traktuj\u0105 \u2013 lany Poniedzia\u0142ek, ale dni od dzisiejszego czwartku wieczorem, do Niedzieli wieczorem: <b>t<\/b><b>rzy dni, trzy doby, stanowi\u0105ce jedno, nierozerwalne \u015awi\u0119to.<\/b> Dzisiaj je rozpoczynamy. <\/span><\/span><\/span><\/p>\n<p align=\"justify\"><span style=\"color: #000000;\"><span style=\"font-family: Book Antiqua, serif;\"><span style=\"font-size: large;\">Modl\u0119 si\u0119 z ca\u0142ego serca, aby\u015bmy <b>wszyscy naprawd\u0119 do\u015bwiadczyli w spos\u00f3b wr\u0119cz namacaln<\/b><b>y<\/b><b> i odczuwalny realnej obecno\u015bci Jezusa w\u015br\u00f3d nas!<\/b><\/span><\/span><\/span><\/p>\n<p align=\"justify\"><span style=\"color: #000000;\"><span style=\"font-family: Book Antiqua, serif;\"><span style=\"font-size: large;\">A Ksi\u0119dzu Markowi dzi\u0119kuj\u0119 za wczorajszej s\u0142\u00f3wko z Syberii \u2013 tak bardzo daj\u0105ce do my\u015blenia\u2026<\/span><\/span><\/span><\/p>\n<p align=\"justify\"><span style=\"color: #000000;\"><span style=\"font-family: Book Antiqua, serif;\"><span style=\"font-size: large;\">I na takie w\u0142a\u015bnie, bardzo g\u0142\u0119bokie i podnios\u0142e prze\u017cywanie dzisiejszego dnia \u2013 i ca\u0142ego \u015awi\u0119tego Triduum Paschalnego \u2013<b> niech Was b\u0142ogos\u0142awi B\u00f3g Wszechmog\u0105cy: Ojciec + i Syn, i Duch \u015awi\u0119ty. Amen<\/b><\/span><\/span><\/span><\/p>\n<p align=\"center\"><span style=\"color: #000000;\"><span style=\"font-family: Book Antiqua, serif;\"><span style=\"font-size: large;\">Gaudium et spes! Ks. Jacek<\/span><\/span><\/span><\/p>\n<p align=\"center\">\n<p align=\"center\">\n<p align=\"center\">\n<p align=\"center\">\n<p align=\"center\">\n<p align=\"justify\"><span style=\"color: #000000;\"><span style=\"font-family: Book Antiqua, serif;\"><span style=\"font-size: large;\"><b>\u015aWI\u0118TE TRIDUUM PASCHALNE<\/b><\/span><\/span><\/span><\/p>\n<p align=\"justify\"><span style=\"color: #000000;\"><span style=\"font-family: Book Antiqua, serif;\"><span style=\"font-size: large;\"><b>Wielki Czwartek \u2013 Msza Wieczerzy Pa\u0144skiej,<\/b><\/span><\/span><\/span><\/p>\n<p align=\"justify\"><span style=\"color: #000000;\"><span style=\"font-family: Book Antiqua, serif;\"><span style=\"font-size: large;\"><b>9 kwietnia 2020.,<\/b><\/span><\/span><\/span><\/p>\n<p align=\"justify\"><span style=\"color: #000000;\"><span style=\"font-family: Book Antiqua, serif;\"><span style=\"font-size: large;\"><b>do czyta\u0144: Wj 12,1\u20138.11\u201314; 1 Kor 11,23\u201326; J 13,1\u201315<\/b><\/span><\/span><\/span><\/p>\n<p align=\"justify\">\n<p align=\"justify\">\n<p align=\"justify\">\n<p align=\"justify\">\n<p align=\"justify\">\n<p align=\"justify\"><span style=\"color: #000000;\"><span style=\"font-family: Book Antiqua, serif;\"><span style=\"font-size: large;\"><b>CZYTANIE Z KSI\u0118GI WYJ\u015aCIA:<\/b><\/span><\/span><\/span><\/p>\n<p align=\"justify\"><span style=\"color: #000000;\"><span style=\"font-family: Book Antiqua, serif;\"><span style=\"font-size: large;\"><b>B\u00f3g powiedzia\u0142 do Moj\u017cesza i Aarona w ziemi egipskiej: \u201eMiesi\u0105c ten b\u0119dzie dla was pocz\u0105tkiem miesi\u0119cy, b\u0119dzie pierwszym miesi\u0105cem roku. Powiedzcie ca\u0142emu zgromadzeniu Izraela tak:<\/b><\/span><\/span><\/span><\/p>\n<p align=\"justify\"><span style=\"color: #000000;\"><span style=\"font-family: Book Antiqua, serif;\"><span style=\"font-size: large;\"><b>\u00abDziesi\u0105tego dnia tego miesi\u0105ca niech si\u0119 ka\u017cdy postara o baranka dla rodziny, o baranka dla domu. Je\u015bliby za\u015b rodzina by\u0142a za ma\u0142a do spo\u017cycia baranka, to niech si\u0119 postara o niego razem ze swym s\u0105siadem, kt\u00f3ry mieszka najbli\u017cej jego domu, aby by\u0142a odpowiednia liczba os\u00f3b. Liczy\u0107 je za\u015b b\u0119dziecie dla spo\u017cycia baranka wed\u0142ug tego, co ka\u017cdy mo\u017ce spo\u017cy\u0107. Baranek b\u0119dzie bez skazy, samiec, jednoroczny; wzi\u0105\u0107 mo\u017cecie jagni\u0119 albo ko\u017al\u0119. B\u0119dziecie go strzec a\u017c do czternastego dnia tego miesi\u0105ca, a wtedy zabije go ca\u0142e zgromadzenie Izraela o zmierzchu. I wezm\u0105 krew baranka, i pokropi\u0105 ni\u0105 odrzwia i progi domu, w kt\u00f3rym b\u0119d\u0105 go spo\u017cywa\u0107. I tej samej nocy spo\u017cyj\u0105 mi\u0119so pieczone w ogniu, spo\u017cyj\u0105 je z chlebem niekwaszonym i gorzkimi zio\u0142ami.<\/b><\/span><\/span><\/span><\/p>\n<p align=\"justify\"><span style=\"color: #000000;\"><span style=\"font-family: Book Antiqua, serif;\"><span style=\"font-size: large;\"><b>Tak za\u015b spo\u017cywa\u0107 go b\u0119dziecie: Biodra wasze b\u0119d\u0105 przepasane, sanda\u0142y na waszych nogach i laska w waszym r\u0119ku. Spo\u017cywa\u0107 b\u0119dziecie pospiesznie, gdy\u017c jest to Pascha na cze\u015b\u0107 Pana.<\/b><\/span><\/span><\/span><\/p>\n<p align=\"justify\"><span style=\"color: #000000;\"><span style=\"font-family: Book Antiqua, serif;\"><span style=\"font-size: large;\"><b>Tej nocy Ja przejd\u0119 przez Egipt, zabij\u0119 wszystko pierworodne w ziemi egipskiej od cz\u0142owieka a\u017c do byd\u0142a i odb\u0119d\u0119 s\u0105d nad wszystkimi bogami Egiptu. Ja Pan. Krew b\u0119dzie wam s\u0142u\u017cy\u0142a do oznaczenia dom\u00f3w, w kt\u00f3rych b\u0119dziecie przebywa\u0107. Gdy ujrz\u0119 krew, przejd\u0119 obok i nie b\u0119dzie po\u015br\u00f3d was plagi niszczycielskiej, gdy b\u0119d\u0119 kara\u0142 ziemi\u0119 egipsk\u0105.<\/b><\/span><\/span><\/span><\/p>\n<p align=\"justify\"><span style=\"color: #000000;\"><span style=\"font-family: Book Antiqua, serif;\"><span style=\"font-size: large;\"><b>Dzie\u0144 ten b\u0119dzie dla was dniem pami\u0119tnym i obchodzi\u0107 go b\u0119dziecie jako \u015bwi\u0119to dla uczczenia Pana. Po wszystkie pokolenia w tym dniu \u015bwi\u0119towa\u0107 b\u0119dziecie na zawsze\u00bb\u201d. <\/b><\/span><\/span><\/span><\/p>\n<p align=\"justify\">\n<p align=\"justify\">\n<p align=\"justify\">\n<p align=\"justify\">\n<p align=\"justify\">\n<p align=\"justify\"><span style=\"color: #000000;\"><span style=\"font-family: Book Antiqua, serif;\"><span style=\"font-size: large;\"><b>CZYTANIE Z PIERWSZEGO LISTU \u015aWI\u0118TEGO PAW\u0141A APOSTO\u0141A DO KORYNTIAN:<\/b><\/span><\/span><\/span><\/p>\n<p align=\"justify\"><span style=\"color: #000000;\"><span style=\"font-family: Book Antiqua, serif;\"><span style=\"font-size: large;\"><b>Bracia: Ja otrzyma\u0142em od Pana to, co wam przekazuj\u0119, \u017ce Pan Jezus tej nocy, kiedy zosta\u0142 wydany, wzi\u0105\u0142 chleb i dzi\u0119ki uczyniwszy po\u0142ama\u0142 i rzek\u0142: \u201eTo jest Cia\u0142o moje za was wydane. Czy\u0144cie to na moj\u0105 pami\u0105tk\u0119\u201d. Podobnie sko\u0144czywszy wieczerz\u0119, wzi\u0105\u0142 kielich, m\u00f3wi\u0105c: \u201eKielich ten jest Nowym Przymierzem we Krwi mojej. Czy\u0144cie to, ile razy pi\u0107 b\u0119dziecie, na moj\u0105 pami\u0105tk\u0119\u201d.<\/b><\/span><\/span><\/span><\/p>\n<p align=\"justify\"><span style=\"color: #000000;\"><span style=\"font-family: Book Antiqua, serif;\"><span style=\"font-size: large;\"><b>Ilekro\u0107 bowiem spo\u017cywacie ten chleb albo pijecie kielich, \u015bmier\u0107 Pa\u0144sk\u0105 g\u0142osicie, a\u017c przyjdzie.<\/b><\/span><\/span><\/span><\/p>\n<p align=\"justify\">\n<p align=\"justify\">\n<p align=\"justify\">\n<p align=\"justify\">\n<p align=\"justify\">\n<p align=\"justify\"><span style=\"color: #000000;\"><span style=\"font-family: Book Antiqua, serif;\"><span style=\"font-size: large;\"><b>S\u0141OWA EWANGELII WED\u0141UG \u015aWI\u0118TEGO JANA:<\/b><\/span><\/span><\/span><\/p>\n<p align=\"justify\"><span style=\"color: #000000;\"><span style=\"font-family: Book Antiqua, serif;\"><span style=\"font-size: large;\"><b>By\u0142o to przed \u015awi\u0119tem Paschy. Jezus widz\u0105c, \u017ce nadesz\u0142a Jego godzina przej\u015bcia z tego \u015bwiata do Ojca, umi\u0142owawszy swoich na \u015bwiecie, do ko\u0144ca ich umi\u0142owa\u0142.<\/b><\/span><\/span><\/span><\/p>\n<p align=\"justify\"><span style=\"color: #000000;\"><span style=\"font-family: Book Antiqua, serif;\"><span style=\"font-size: large;\"><b>W czasie wieczerzy, gdy diabe\u0142 ju\u017c nak\u0142oni\u0142 serce Judasza Iskarioty, syna Szymona, aby Go wyda\u0107, widz\u0105c, \u017ce Ojciec da\u0142 Mu wszystko w r\u0119ce oraz \u017ce od Boga wyszed\u0142 i do Boga idzie, wsta\u0142 od wieczerzy i z\u0142o\u017cy\u0142 szaty. A wzi\u0105wszy prze\u015bcierad\u0142o, nim si\u0119 przepasa\u0142. Potem nala\u0142 wody do miednicy. I zacz\u0105\u0142 umywa\u0107 uczniom nogi i ociera\u0107 prze\u015bcierad\u0142em, kt\u00f3rym by\u0142 przepasany.<\/b><\/span><\/span><\/span><\/p>\n<p align=\"justify\"><span style=\"color: #000000;\"><span style=\"font-family: Book Antiqua, serif;\"><span style=\"font-size: large;\"><b>Podszed\u0142 wi\u0119c do Szymona Piotra, a on rzek\u0142 do Niego: \u201ePanie, Ty chcesz mi umy\u0107 nogi?\u201d Jezus mu odpowiedzia\u0142: \u201eTego, co Ja czyni\u0119, ty teraz nie rozumiesz, ale p\u00f3\u017aniej to b\u0119dziesz wiedzia\u0142\u201d. Rzek\u0142 do Niego Piotr: \u201eNie, nigdy mi nie b\u0119dziesz n\u00f3g umywa\u0142\u201d.<\/b><\/span><\/span><\/span><\/p>\n<p align=\"justify\"><span style=\"color: #000000;\"><span style=\"font-family: Book Antiqua, serif;\"><span style=\"font-size: large;\"><b>Odpowiedzia\u0142 mu Jezus: \u201eJe\u015bli ci\u0119 nie umyj\u0119, nie b\u0119dziesz mia\u0142 udzia\u0142u ze Mn\u0105\u00bb. Rzek\u0142 do Niego Szymon Piotr: \u00abPanie, nie tylko nogi moje, ale i r\u0119ce, i g\u0142ow\u0119\u201d.<\/b><\/span><\/span><\/span><\/p>\n<p align=\"justify\"><span style=\"color: #000000;\"><span style=\"font-family: Book Antiqua, serif;\"><span style=\"font-size: large;\"><b>Powiedzia\u0142 do niego Jezus: \u201eWyk\u0105pany potrzebuje tylko nogi sobie umy\u0107, bo ca\u0142y jest czysty. I wy jeste\u015bcie czy\u015bci, ale nie wszyscy\u201d. Wiedzia\u0142 bowiem, kto Go wyda, dlatego powiedzia\u0142: \u201eNie wszyscy jeste\u015bcie czy\u015bci\u201d.<\/b><\/span><\/span><\/span><\/p>\n<p align=\"justify\"><span style=\"color: #000000;\"><span style=\"font-family: Book Antiqua, serif;\"><span style=\"font-size: large;\"><b>A kiedy im umy\u0142 nogi, przywdzia\u0142 szaty, i gdy zn\u00f3w zaj\u0105\u0142 miejsce przy stole, rzek\u0142 do nich: \u201eCzy rozumiecie, co wam uczyni\u0142em? Wy Mnie nazywacie \u00abNauczycielem\u00bb i \u00abPanem\u00bb i dobrze m\u00f3wicie, bo nim jestem. Je\u017celi wi\u0119c Ja, Pan i Nauczyciel, umy\u0142em wam nogi, to i wy\u015bcie powinni sobie nawzajem umywa\u0107 nogi. Da\u0142em wam bowiem przyk\u0142ad, aby\u015bcie i wy tak czynili, jak Ja wam uczyni\u0142em\u201d.<\/b><b> <\/b><\/span><\/span><\/span><\/p>\n<p align=\"justify\">\n<p align=\"justify\">\n<p align=\"justify\">\n<p align=\"justify\">\n<p align=\"justify\">\n<p align=\"justify\"><span style=\"color: #000000;\"><span style=\"font-family: Book Antiqua, serif;\"><span style=\"font-size: large;\">Tej nocy w Egipcie mia\u0142y si\u0119 dokona\u0107 rzeczy <b>wielkie \u2013 i straszne zarazem.<\/b> Historia narodu wybranego i historia zbawienia mia\u0142a osi\u0105gn\u0105\u0107 jeden ze swoich <b>kulminacyjnych punkt\u00f3w \u2013 punkt zwrotny. <\/b>Nar\u00f3d Izraela, po czterystu trzydziestu latach niewoli, mia\u0142 <b>ostatecznie opu\u015bci\u0107 <\/b>miejsce uciemi\u0119\u017cenia i podj\u0105\u0107 trudne zmaganie z wolno\u015bci\u0105. Do tej pory zmagali si\u0119 <b>o wolno\u015b\u0107, <\/b>od tego dnia mieli zacz\u0105\u0107 zmaganie <b>z wolno\u015bci\u0105 <\/b>\u2013 t\u0105 trudn\u0105 sztuk\u0105, darem dla ludzi dojrza\u0142ych\u2026 <\/span><\/span><\/span><\/p>\n<p align=\"justify\"><span style=\"color: #000000;\"><span style=\"font-family: Book Antiqua, serif;\"><span style=\"font-size: large;\">Zanim jednak mieli wyruszy\u0107 w drog\u0119, tej nocy mieli zasi\u0105\u015b\u0107 do sto\u0142\u00f3w i spo\u017cy\u0107 baranka, <b>a jego krwi\u0105 naznaczy\u0107 swoje drzwi,<\/b> aby anio\u0142, wys\u0142any przez Boga dla dokonania dziesi\u0105tej, decyduj\u0105cej plagi w Egipcie, omin\u0105\u0142 tych, kt\u00f3rzy drzwi swoich dom\u00f3w krwi\u0105 baranka oznaczyli. To by\u0142 znak dla anio\u0142a \u2013 a tak naprawd\u0119 <b>znak dla narodu,<\/b> \u017ce B\u00f3g dokonuje ostatecznego rozstrzygni\u0119cia i naprawd\u0119 bierze sw\u00f3j lud w obron\u0119. <\/span><\/span><\/span><\/p>\n<p align=\"justify\"><span style=\"color: #000000;\"><span style=\"font-family: Book Antiqua, serif;\"><span style=\"font-size: large;\">Sam B\u00f3g tak o tym dzisiaj m\u00f3wi do Moj\u017cesza: <i><b>Tej nocy Ja przejd\u0119 przez Egipt, zabij\u0119 wszystko pierworodne w ziemi egipskiej od cz\u0142owieka a\u017c do byd\u0142a i odb\u0119d\u0119 s\u0105d nad wszystkimi bogami Egiptu. Ja Pan. Krew b\u0119dzie wam s\u0142u\u017cy\u0142a do oznaczenia dom\u00f3w, w kt\u00f3rych b\u0119dziecie przebywa\u0107. Gdy ujrz\u0119 krew, przejd\u0119 obok i nie b\u0119dzie po\u015br\u00f3d was plagi niszczycielskiej, gdy b\u0119d\u0119 kara\u0142 ziemi\u0119 egipsk\u0105.<\/b><\/i><b> <\/b><\/span><\/span><\/span><\/p>\n<p align=\"justify\"><span style=\"color: #000000;\"><span style=\"font-family: Book Antiqua, serif;\"><span style=\"font-size: large;\">Po czym dodaje s\u0142owa niezwykle wa\u017cne: <i><b>Dzie\u0144 ten b\u0119dzie dla was dniem pami\u0119tnym i obchodzi\u0107 go b\u0119dziecie jako \u015bwi\u0119to dla uczczenia Pana. Po wszystkie pokolenia w tym dniu \u015bwi\u0119towa\u0107 b\u0119dziecie na zawsze. <\/b><\/i><\/span><\/span><\/span><\/p>\n<p align=\"justify\"><span style=\"color: #000000;\"><span style=\"font-family: Book Antiqua, serif;\"><span style=\"font-size: large;\">Tak, bo B\u00f3g wyra\u017anie pokaza\u0142, \u017ce <b>jest ze swoim ludem i \u017ce sam bierze go w obron\u0119.<\/b> Poprzez znak baranka i znak krwi \u2013 ocala tych, co w Nim pok\u0142adaj\u0105 nadziej\u0119. <\/span><\/span><\/span><\/p>\n<p align=\"justify\"><span style=\"color: #000000;\"><span style=\"font-family: Book Antiqua, serif;\"><span style=\"font-size: large;\">Jeszcze wyra\u017aniej dane nam jest tego do\u015bwiadczy\u0107 w wydarzeniu, opisanym przez Aposto\u0142a Paw\u0142a w drugim czytaniu. Chocia\u017c jego samego nie by\u0142o wtedy w Wieczerniku, to jednak stwierdza: <i><b>Ja otrzyma\u0142em od Pana to, co wam przekazuj\u0119, \u017ce Pan Jezus tej nocy, kiedy zosta\u0142 wydany, wzi\u0105\u0142 chleb i dzi\u0119ki uczyniwszy po\u0142ama\u0142 i rzek\u0142: \u201eTo jest Cia\u0142o moje za was wydane. Czy\u0144cie to na moj\u0105 pami\u0105tk\u0119\u201d. Podobnie sko\u0144czywszy wieczerz\u0119, wzi\u0105\u0142 kielich, m\u00f3wi\u0105c: \u201eKielich ten jest Nowym Przymierzem we Krwi mojej. Czy\u0144cie to, ile razy pi\u0107 b\u0119dziecie, na moj\u0105 pami\u0105tk\u0119\u201d. Ilekro\u0107 bowiem spo\u017cywacie ten chleb albo pijecie kielich, \u015bmier\u0107 Pa\u0144sk\u0105 g\u0142osicie, a\u017c przyjdzie. <\/b><\/i><\/span><\/span><\/span><\/p>\n<p align=\"justify\"><span style=\"color: #000000;\"><span style=\"font-family: Book Antiqua, serif;\"><span style=\"font-size: large;\">To te\u017c znak Bo\u017cej opieki nad ludem \u2013 tym razem, ju\u017c nie tylko nad ludem Izraela, ale nad <b>wszystkimi lud\u017ami,<\/b> kt\u00f3rzy s\u0105 zaproszeni do tej Wsp\u00f3lnoty: <b>wsp\u00f3lnoty Ko\u015bcio\u0142a, wsp\u00f3lnoty Wieczernika. <\/b>Bo tam Jezus Chrystus, Najwy\u017cszy Kap\u0142an i jednocze\u015bnie Baranek ofiarny, daje ludziom <b>swoje Cia\u0142o i Krew <\/b>\u2013 ju\u017c nie jako symbol, ale jako <b>znak swojej realnej obecno\u015bci<\/b> pomi\u0119dzy nimi! Jego Krew ma chroni\u0107 przed wieczn\u0105 \u015bmierci\u0105 tych wszystkich, kt\u00f3rzy b\u0119d\u0105 j\u0105 spo\u017cywali. <\/span><\/span><\/span><\/p>\n<p align=\"justify\"><span style=\"color: #000000;\"><span style=\"font-family: Book Antiqua, serif;\"><span style=\"font-size: large;\">Historia wi\u0119c \u2013 mo\u017cna powiedzie\u0107 \u2013 zatoczy\u0142a ko\u0142o, bo oto jest <b>nowa Uczta Paschalna, nowy Baranek<\/b> i tak\u017ce wyj\u015bcie z niewoli, tylko tym razem:<b> z niewoli grzechu do stanu wolno\u015bci dzieci Bo\u017cych.<\/b> Jezus uczyni\u0142 to w\u0142a\u015bnie <i><b>tej nocy<\/b><\/i> \u2013 jak zaznacza Aposto\u0142. To si\u0119 dokona\u0142o dzisiaj\u2026 Oczywi\u015bcie, \u00abdzisiaj\u00bb rozumianym <b>w sensie liturgicznym, zbawczym, <\/b>kiedy to bariery czasu s\u0105 zawieszone, a Jezus dokonuje \u2013 w\u0142a\u015bnie w liturgii Ko\u015bcio\u0142a \u2013 swoich wielkich zbawczych dzie\u0142. <\/span><\/span><\/span><\/p>\n<p align=\"justify\"><span style=\"color: #000000;\"><span style=\"font-family: Book Antiqua, serif;\"><span style=\"font-size: large;\">To w\u0142a\u015bnie <b>\u00ab<\/b><b>dzisiaj<\/b><b>\u00bb<\/b><b> <\/b>Jezus daje nam swoje Cia\u0142o i Krew, a tak\u017ce powo\u0142uje tych, kt\u00f3rzy w Jego imieniu, to Jego Cia\u0142o i t\u0119 Jego Krew, b\u0119d\u0105 podawali ludziom \u2013 na ca\u0142ym \u015bwiecie i po wszystkie czasy. Powo\u0142uje <b>kap\u0142an\u00f3w Nowego Testamentu,<\/b> aby w Jego Osobie \u2013 jako <b>alter Christus <\/b>(drugi Chrystus) \u2013 sk\u0142adali ofiar\u0119 chleba i wina, a podawali ludowi Cia\u0142o i Krew, Pokarm na drodze do zbawienia. Aby wypowiadaj\u0105c s\u0142owa: <i><b>To jest cia\u0142o moje<\/b><\/i> \u2013 tak\u017ce <b>swoje cia\u0142o i siebie samych sk\u0142adali w ofierze.<\/b> <\/span><\/span><\/span><\/p>\n<p align=\"justify\"><span style=\"color: #000000;\"><span style=\"font-family: Book Antiqua, serif;\"><span style=\"font-size: large;\">Aby sami sobie nawzajem \u2013 i tym, do kt\u00f3rych b\u0119d\u0105 pos\u0142ani \u2013 <b>umywali nogi,<\/b> czyli s\u0142u\u017cyli im z pokor\u0105 i mi\u0142o\u015bci\u0105. I takiej postawy \u2013 przede wszystkim w\u0142asnym przyk\u0142adem \u2013 <b>uczyli innych.<\/b> Trudna by\u0142a ta lekcja mi\u0142o\u015bci, jakiej dzisiaj Jezus udzieli\u0142 swoim uczniom, ale nie mo\u017ce uj\u015b\u0107 naszej uwadze \u2013 tak, jak na pewno nie usz\u0142o ich uwadze \u2013 \u017ce sta\u0142o si\u0119 to <b>w bezpo\u015bredniej blisko\u015bci owej Uczty Paschalnej,<\/b> Ostatniej Wieczerzy, pierwszej Mszy \u015awi\u0119tej, kiedy Jezus poda\u0142 im chleb i wino jako swoje Cia\u0142o i Krew. <b>Jezus oba te wydarzenia zwi\u0105za\u0142 ze sob\u0105. <\/b><\/span><\/span><\/span><\/p>\n<p align=\"justify\"><span style=\"color: #000000;\"><span style=\"font-family: Book Antiqua, serif;\"><span style=\"font-size: large;\">To bardzo wyra\u017any znak, \u017ce sprawowanie Naj\u015bwi\u0119tszej Ofiary i jej prze\u017cywanie musi si\u0119 <b>\u0142\u0105czy\u0107 z postaw\u0105 czynnej mi\u0142o\u015bci bli\u017aniego,<\/b> wyra\u017caj\u0105cej si\u0119 w pokornej s\u0142u\u017cbie sobie nawzajem. To brzmi troch\u0119 jak slogan, bo to s\u0105 takie oczywiste rzeczy, od zawsze nam dobrze znane \u2013 os\u0142uchali\u015bmy si\u0119 z nimi. Ale mo\u017ce w\u0142a\u015bnie dzisiaj, w ten dzie\u0144 szczeg\u00f3lny, trzeba nam sobie t\u0119 prawd\u0119 <b>mocno wzi\u0105\u0107 do serca,<\/b> aby tam jeszcze bardziej wybrzmia\u0142a <b>i prze\u0142o\u017cy\u0142a si\u0119 na nasze odniesienie<\/b> do siebie nawzajem. W\u0142a\u015bnie w Wielki Czwartek, w dniu ustanowienia <b>Eucharystii i Kap\u0142a\u0144stwa <\/b>\u2013 dw\u00f3ch nierozerwalnie ze sob\u0105 zwi\u0105zanych Sakrament\u00f3w. <\/span><\/span><\/span><\/p>\n<p align=\"justify\"><span style=\"color: #000000;\"><span style=\"font-family: Book Antiqua, serif;\"><span style=\"font-size: large;\">Trzeba, aby t\u0119 prawd\u0119 u\u015bwiadomili sobie <b>sami kap\u0142ani, <\/b>ale te\u017c <b>wszyscy wierni,<\/b> kt\u00f3rzy z ich r\u0105k przyjmuj\u0105 Cia\u0142o i Krew Pa\u0144sk\u0105 do swego serca \u2013 wszyscy musimy <b>\u017cyciem za\u015bwiadczy\u0107,<\/b> \u017ce Ofiara Chrystusa nie jest dla nas daremna, \u017ce staramy si\u0119 wype\u0142nia\u0107 Jego pragnienie, wyra\u017cone w s\u0142owach: <i><b>Wy Mnie nazywacie \u00abNauczycielem\u00bb i \u00abPanem\u00bb i dobrze m\u00f3wicie, bo nim jestem. Je\u017celi wi\u0119c Ja, Pan i Nauczyciel, umy\u0142em wam nogi, to i wy\u015bcie powinni sobie nawzajem umywa\u0107 nogi. Da\u0142em wam bowiem przyk\u0142ad, aby\u015bcie i wy tak czynili, jak Ja wam uczyni\u0142em.<\/b><\/i><\/span><\/span><\/span><\/p>\n<p align=\"justify\"><span style=\"color: #000000;\"><span style=\"font-family: Book Antiqua, serif;\"><span style=\"font-size: large;\">Jezus sam da\u0142 nam przyk\u0142ad bezgranicznej mi\u0142o\u015bci. I to nie tylko tym gestem, bo sam gest, <b>gdyby nie by\u0142 potwierdzony<\/b> wszystkim, co Jezus do tej pory uczyni\u0142, a zw\u0142aszcza tym, co mia\u0142 uczyni\u0107 ju\u017c wkr\u00f3tce, <b>nic by nie znaczy\u0142.<\/b> Ale w przypadku Jezusa znaczy\u0142 bardzo wiele, bo Jezus w\u0142a\u015bnie tak\u0105 postaw\u0119 wobec nas przyj\u0105\u0142: <b>postaw\u0119 S\u0142ugi\u2026<\/b> On po prostu chcia\u0142 z nami zosta\u0107 \u2013 nawet pomimo tego, \u017ce w widzialnej, ludzkiej postaci w kt\u00f3rym\u015b momencie mia\u0142 opu\u015bci\u0107 ten \u015bwiat, to <b>jednak chcia\u0142 z nami pozosta\u0107.<\/b> <\/span><\/span><\/span><\/p>\n<p align=\"justify\"><span style=\"color: #000000;\"><span style=\"font-family: Book Antiqua, serif;\"><span style=\"font-size: large;\">I pozosta\u0142 \u2013 <b>w Eucharystii i w swoich kap\u0142anach. <\/b>Oto znak wielkiej troski i mi\u0142o\u015bci Jezusa! Jak bardzo Mu na nas zale\u017cy! Czy jednak <b>nam zale\u017cy na Nim \u2013 na blisko\u015bci z Nim?<\/b> Czy doceniamy t\u0119 Jego trosk\u0119 i mi\u0142o\u015b\u0107, wyra\u017con\u0105 w sta\u0142ej obecno\u015bci w\u015br\u00f3d nas? Dzisiejszy dzie\u0144 daje nam mo\u017cliwo\u015b\u0107, aby to sobie jeszcze bardziej u\u015bwiadomi\u0107, <b>jeszcze g\u0142\u0119biej to wewn\u0119trznie prze\u017cy\u0107,<\/b> jeszcze bardziej si\u0119 tym ucieszy\u0107 \u2013 tym, \u017ce bez wzgl\u0119du na to, <b>co by si\u0119 nie dzia\u0142o, Jezus jest z nami! <\/b><\/span><\/span><\/span><\/p>\n<p align=\"justify\"><span style=\"color: #000000;\"><span style=\"font-family: Book Antiqua, serif;\"><span style=\"font-size: large;\">Owszem, to si\u0119 wydaje tak\u0105 <b>tani\u0105 gadanin\u0105,<\/b> zw\u0142aszcza w\u00f3wczas, kiedy do\u015bwiadczamy jakich\u015b trudno\u015bci osobistych czy spo\u0142ecznych i nie doznajemy natychmiastowej pomocy, nasze problemy natychmiast si\u0119 nie rozwi\u0105zuj\u0105 \u2013 nawet <b>pomimo tego, \u017ce si\u0119 gorliwie o to modlimy.<\/b> Pytamy wtedy: <b>gdzie jest Jezus? <\/b>I dlaczego pozwala nam prze\u017cywa\u0107 takie lub inne trudno\u015bci?\u2026 <\/span><\/span><\/span><\/p>\n<p align=\"justify\"><span style=\"color: #000000;\"><span style=\"font-family: Book Antiqua, serif;\"><span style=\"font-size: large;\">Jezus jednak <b>sam przeszed\u0142 drog\u0105 trudu, po\u015bwi\u0119cenia, ofiary\u2026<\/b> Jest wi\u0119c jaki\u015b sens w prze\u017cywaniu tak\u017ce tych okoliczno\u015bci \u2013 <b>wraz z Nim.<\/b> A On na pewno \u2013 je\u015bli Mu bezgranicznie zaufamy \u2013 doprowadzi nas do szcz\u0119\u015bcia wiecznego, bo nie mo\u017cemy zapomina\u0107, \u017ce to <b>o \u017cycie wieczne przede wszystkim<\/b> toczy si\u0119 ca\u0142a nasza doczesna rozgrywka. <\/span><\/span><\/span><\/p>\n<p align=\"justify\"><span style=\"color: #000000;\"><span style=\"font-family: Book Antiqua, serif;\"><span style=\"font-size: large;\">Jednak ju\u017c i tu, na \u015bwiecie, <b>doznajemy wielorakiej pomocy,<\/b> nawet w najwi\u0119kszych trudno\u015bciach. A ile\u017c to razy te trudno\u015bci ust\u0119puj\u0105 i <b>nabrzmia\u0142e problemy si\u0119 rozwi\u0105zuj\u0105<\/b> \u2013 chocia\u017c mo\u017ce nie od razu i nie tak, jak my by\u015bmy to sobie zaplanowali, ale jednak\u2026 Czy wtedy <b>pami\u0119tamy o tym, aby podzi\u0119kowa\u0107, <\/b>aby dostrzec dzia\u0142anie Jezusa, czy mo\u017ce uznajemy, \u017ce tak po prostu powinno by\u0107?\u2026 <\/span><\/span><\/span><\/p>\n<p align=\"justify\"><span style=\"color: #000000;\"><span style=\"font-family: Book Antiqua, serif;\"><span style=\"font-size: large;\">Moi Drodzy, <b>Jezus jest z nami!<\/b> Naprawd\u0119 jest z nami! Nie zostawi\u0142 nas ani na chwil\u0119, ani na moment o nas nie zapomnia\u0142, \u017cadnego z naszych problem\u00f3w i zmartwie\u0144 <b>nie przeoczy\u0142 i nie zlekcewa\u017cy\u0142.<\/b> On wie o wszystkich naszych obawach i l\u0119kach, ale tak\u017ce o naszych nadziejach i pragnieniach. <b>Swoim Cia\u0142em i Krwi\u0105<\/b> ochrania nas przed z\u0142em, a przez <b>pos\u0142ug\u0119 sakramentaln\u0105 swoich kap\u0142an\u00f3w<\/b> wzmacnia nasze duchowe i fizyczne si\u0142y, za\u015b przez <b>ich pos\u0142ug\u0119 Bo\u017cego s\u0142owa<\/b> \u2013 prowadzi nas bezpiecznie do zbawienia. <\/span><\/span><\/span><\/p>\n<p align=\"justify\"><span style=\"color: #000000;\"><span style=\"font-family: Book Antiqua, serif;\"><span style=\"font-size: large;\">On naprawd\u0119 jest z nami! <b>Obecny w swoim Ciele i w swojej Krwi, obecny w swoich kap\u0142anach.<\/b> Podzi\u0119kujmy Mu dzi\u015b za to ca\u0142ym sercem!<\/span><\/span><\/span><\/p>\n","protected":false},"excerpt":{"rendered":"<p>Niech b\u0119dzie pochwalony Jezus Chrystus! Moi Drodzy, w dniu dzisiejszym imieniny prze\u017cywa Maja Zagubie\u0144, zaanga\u017cowana w swoim czasie w dzia\u0142alno\u015b\u0107 m\u0142odzie\u017cow\u0105 w Parafii w Celestynowie. \u017bycz\u0119 Jej nieustannej blisko\u015bci Jezusa \u2013 i o to b\u0119d\u0119 si\u0119 dla Niej modli\u0142. Moi Drodzy, tej wielkiej i jak najg\u0142\u0119bszej blisko\u015bci Jezusa Chrystusa i jak najmocniejszego zjednoczenia si\u0119 z [&hellip;]<\/p>\n","protected":false},"author":1,"featured_media":0,"comment_status":"open","ping_status":"open","sticky":false,"template":"","format":"standard","meta":{"jetpack_post_was_ever_published":false,"_jetpack_newsletter_access":"","_jetpack_dont_email_post_to_subs":false,"_jetpack_newsletter_tier_id":0,"_jetpack_memberships_contains_paywalled_content":false,"_jetpack_memberships_contains_paid_content":false,"footnotes":""},"categories":[1],"tags":[],"class_list":["post-16782","post","type-post","status-publish","format-standard","hentry","category-bez-kategorii"],"yoast_head":"<!-- This site is optimized with the Yoast SEO plugin v25.1 - https:\/\/yoast.com\/wordpress\/plugins\/seo\/ -->\n<title>Obecny w Eucharystii - i w swoich kap\u0142anach... - Gaudium Et Spes<\/title>\n<meta name=\"robots\" content=\"index, follow, max-snippet:-1, max-image-preview:large, max-video-preview:-1\" \/>\n<link rel=\"canonical\" href=\"https:\/\/gaudiumetspes-blog.pl\/index.php\/2020\/04\/09\/obecny-w-eucharystii-i-w-swoich-kaplanach\/\" \/>\n<meta property=\"og:locale\" content=\"pl_PL\" \/>\n<meta property=\"og:type\" content=\"article\" \/>\n<meta property=\"og:title\" content=\"Obecny w Eucharystii - i w swoich kap\u0142anach... - Gaudium Et Spes\" \/>\n<meta property=\"og:description\" content=\"Niech b\u0119dzie pochwalony Jezus Chrystus! Moi Drodzy, w dniu dzisiejszym imieniny prze\u017cywa Maja Zagubie\u0144, zaanga\u017cowana w swoim czasie w dzia\u0142alno\u015b\u0107 m\u0142odzie\u017cow\u0105 w Parafii w Celestynowie. \u017bycz\u0119 Jej nieustannej blisko\u015bci Jezusa \u2013 i o to b\u0119d\u0119 si\u0119 dla Niej modli\u0142. Moi Drodzy, tej wielkiej i jak najg\u0142\u0119bszej blisko\u015bci Jezusa Chrystusa i jak najmocniejszego zjednoczenia si\u0119 z [&hellip;]\" \/>\n<meta property=\"og:url\" content=\"https:\/\/gaudiumetspes-blog.pl\/index.php\/2020\/04\/09\/obecny-w-eucharystii-i-w-swoich-kaplanach\/\" \/>\n<meta property=\"og:site_name\" content=\"Gaudium Et Spes\" \/>\n<meta property=\"article:published_time\" content=\"2020-04-09T05:48:21+00:00\" \/>\n<meta name=\"author\" content=\"Ks. Jacek\" \/>\n<meta name=\"twitter:card\" content=\"summary_large_image\" \/>\n<meta name=\"twitter:label1\" content=\"Napisane przez\" \/>\n\t<meta name=\"twitter:data1\" content=\"Ks. Jacek\" \/>\n\t<meta name=\"twitter:label2\" content=\"Szacowany czas czytania\" \/>\n\t<meta name=\"twitter:data2\" content=\"13 minut\" \/>\n<script type=\"application\/ld+json\" class=\"yoast-schema-graph\">{\"@context\":\"https:\/\/schema.org\",\"@graph\":[{\"@type\":\"WebPage\",\"@id\":\"https:\/\/gaudiumetspes-blog.pl\/index.php\/2020\/04\/09\/obecny-w-eucharystii-i-w-swoich-kaplanach\/\",\"url\":\"https:\/\/gaudiumetspes-blog.pl\/index.php\/2020\/04\/09\/obecny-w-eucharystii-i-w-swoich-kaplanach\/\",\"name\":\"Obecny w Eucharystii - i w swoich kap\u0142anach... - Gaudium Et Spes\",\"isPartOf\":{\"@id\":\"https:\/\/gaudiumetspes-blog.pl\/#website\"},\"datePublished\":\"2020-04-09T05:48:21+00:00\",\"author\":{\"@id\":\"https:\/\/gaudiumetspes-blog.pl\/#\/schema\/person\/1661982992b752dea8dff0d4ed845a65\"},\"breadcrumb\":{\"@id\":\"https:\/\/gaudiumetspes-blog.pl\/index.php\/2020\/04\/09\/obecny-w-eucharystii-i-w-swoich-kaplanach\/#breadcrumb\"},\"inLanguage\":\"pl-PL\",\"potentialAction\":[{\"@type\":\"ReadAction\",\"target\":[\"https:\/\/gaudiumetspes-blog.pl\/index.php\/2020\/04\/09\/obecny-w-eucharystii-i-w-swoich-kaplanach\/\"]}]},{\"@type\":\"BreadcrumbList\",\"@id\":\"https:\/\/gaudiumetspes-blog.pl\/index.php\/2020\/04\/09\/obecny-w-eucharystii-i-w-swoich-kaplanach\/#breadcrumb\",\"itemListElement\":[{\"@type\":\"ListItem\",\"position\":1,\"name\":\"Strona g\u0142\u00f3wna\",\"item\":\"https:\/\/gaudiumetspes-blog.pl\/\"},{\"@type\":\"ListItem\",\"position\":2,\"name\":\"Obecny w&nbsp;Eucharystii &#8211; i&nbsp;w&nbsp;swoich kap\u0142anach&#8230;\"}]},{\"@type\":\"WebSite\",\"@id\":\"https:\/\/gaudiumetspes-blog.pl\/#website\",\"url\":\"https:\/\/gaudiumetspes-blog.pl\/\",\"name\":\"Gaudium Et Spes\",\"description\":\"Blog Ks. Jacka Ja\u015bkowskiego\",\"potentialAction\":[{\"@type\":\"SearchAction\",\"target\":{\"@type\":\"EntryPoint\",\"urlTemplate\":\"https:\/\/gaudiumetspes-blog.pl\/?s={search_term_string}\"},\"query-input\":{\"@type\":\"PropertyValueSpecification\",\"valueRequired\":true,\"valueName\":\"search_term_string\"}}],\"inLanguage\":\"pl-PL\"},{\"@type\":\"Person\",\"@id\":\"https:\/\/gaudiumetspes-blog.pl\/#\/schema\/person\/1661982992b752dea8dff0d4ed845a65\",\"name\":\"Ks. Jacek\",\"image\":{\"@type\":\"ImageObject\",\"inLanguage\":\"pl-PL\",\"@id\":\"https:\/\/gaudiumetspes-blog.pl\/#\/schema\/person\/image\/\",\"url\":\"https:\/\/gaudiumetspes-blog.pl\/wp-content\/uploads\/2019\/07\/avatar-JJ-150x150.jpg\",\"contentUrl\":\"https:\/\/gaudiumetspes-blog.pl\/wp-content\/uploads\/2019\/07\/avatar-JJ-150x150.jpg\",\"caption\":\"Ks. Jacek\"},\"description\":\"Witam serdecznie! K\u0142ania si\u0119 Ks. Jacek Ja\u015bkowski. Nie jestem ani kim\u015b wa\u017cnym, ani kim\u015b znanym. Jestem ksi\u0119dzem, kt\u00f3ry po prostu chce rozmawia\u0107. Codzienna kap\u0142a\u0144ska pos\u0142uga pokazuje mi, \u017ce temat\u00f3w do rozm\u00f3w z ksi\u0119dzem jest coraz wi\u0119cej i dzisiaj \u017caden ksi\u0105dz nie mo\u017ce od nich ucieka\u0107, ale - wprost przeciwnie - podejmowa\u0107 nowe wyzwania. To przekonanie sk\u0142oni\u0142o mnie do pr\u00f3by otwarcia tego\u017c bloga, chocia\u017c okazji do rozm\u00f3w na co dzie\u0144 - w konfesjonale i poza nim - na szcz\u0119\u015bcie nie brakuje. My\u015bl\u0119 jednak, \u017ce ten blog b\u0119dzie jeszcze jednym sposobem i przestrzeni\u0105 nawi\u0105zania kontaktu z lud\u017ami dobrej woli, otwartymi na dialog.\",\"url\":\"https:\/\/gaudiumetspes-blog.pl\/index.php\/author\/ks-jacek\/\"}]}<\/script>\n<!-- \/ Yoast SEO plugin. -->","yoast_head_json":{"title":"Obecny w Eucharystii - i w swoich kap\u0142anach... - Gaudium Et Spes","robots":{"index":"index","follow":"follow","max-snippet":"max-snippet:-1","max-image-preview":"max-image-preview:large","max-video-preview":"max-video-preview:-1"},"canonical":"https:\/\/gaudiumetspes-blog.pl\/index.php\/2020\/04\/09\/obecny-w-eucharystii-i-w-swoich-kaplanach\/","og_locale":"pl_PL","og_type":"article","og_title":"Obecny w Eucharystii - i w swoich kap\u0142anach... - Gaudium Et Spes","og_description":"Niech b\u0119dzie pochwalony Jezus Chrystus! Moi Drodzy, w dniu dzisiejszym imieniny prze\u017cywa Maja Zagubie\u0144, zaanga\u017cowana w swoim czasie w dzia\u0142alno\u015b\u0107 m\u0142odzie\u017cow\u0105 w Parafii w Celestynowie. \u017bycz\u0119 Jej nieustannej blisko\u015bci Jezusa \u2013 i o to b\u0119d\u0119 si\u0119 dla Niej modli\u0142. Moi Drodzy, tej wielkiej i jak najg\u0142\u0119bszej blisko\u015bci Jezusa Chrystusa i jak najmocniejszego zjednoczenia si\u0119 z [&hellip;]","og_url":"https:\/\/gaudiumetspes-blog.pl\/index.php\/2020\/04\/09\/obecny-w-eucharystii-i-w-swoich-kaplanach\/","og_site_name":"Gaudium Et Spes","article_published_time":"2020-04-09T05:48:21+00:00","author":"Ks. Jacek","twitter_card":"summary_large_image","twitter_misc":{"Napisane przez":"Ks. Jacek","Szacowany czas czytania":"13 minut"},"schema":{"@context":"https:\/\/schema.org","@graph":[{"@type":"WebPage","@id":"https:\/\/gaudiumetspes-blog.pl\/index.php\/2020\/04\/09\/obecny-w-eucharystii-i-w-swoich-kaplanach\/","url":"https:\/\/gaudiumetspes-blog.pl\/index.php\/2020\/04\/09\/obecny-w-eucharystii-i-w-swoich-kaplanach\/","name":"Obecny w Eucharystii - i w swoich kap\u0142anach... - Gaudium Et Spes","isPartOf":{"@id":"https:\/\/gaudiumetspes-blog.pl\/#website"},"datePublished":"2020-04-09T05:48:21+00:00","author":{"@id":"https:\/\/gaudiumetspes-blog.pl\/#\/schema\/person\/1661982992b752dea8dff0d4ed845a65"},"breadcrumb":{"@id":"https:\/\/gaudiumetspes-blog.pl\/index.php\/2020\/04\/09\/obecny-w-eucharystii-i-w-swoich-kaplanach\/#breadcrumb"},"inLanguage":"pl-PL","potentialAction":[{"@type":"ReadAction","target":["https:\/\/gaudiumetspes-blog.pl\/index.php\/2020\/04\/09\/obecny-w-eucharystii-i-w-swoich-kaplanach\/"]}]},{"@type":"BreadcrumbList","@id":"https:\/\/gaudiumetspes-blog.pl\/index.php\/2020\/04\/09\/obecny-w-eucharystii-i-w-swoich-kaplanach\/#breadcrumb","itemListElement":[{"@type":"ListItem","position":1,"name":"Strona g\u0142\u00f3wna","item":"https:\/\/gaudiumetspes-blog.pl\/"},{"@type":"ListItem","position":2,"name":"Obecny w&nbsp;Eucharystii &#8211; i&nbsp;w&nbsp;swoich kap\u0142anach&#8230;"}]},{"@type":"WebSite","@id":"https:\/\/gaudiumetspes-blog.pl\/#website","url":"https:\/\/gaudiumetspes-blog.pl\/","name":"Gaudium Et Spes","description":"Blog Ks. Jacka Ja\u015bkowskiego","potentialAction":[{"@type":"SearchAction","target":{"@type":"EntryPoint","urlTemplate":"https:\/\/gaudiumetspes-blog.pl\/?s={search_term_string}"},"query-input":{"@type":"PropertyValueSpecification","valueRequired":true,"valueName":"search_term_string"}}],"inLanguage":"pl-PL"},{"@type":"Person","@id":"https:\/\/gaudiumetspes-blog.pl\/#\/schema\/person\/1661982992b752dea8dff0d4ed845a65","name":"Ks. Jacek","image":{"@type":"ImageObject","inLanguage":"pl-PL","@id":"https:\/\/gaudiumetspes-blog.pl\/#\/schema\/person\/image\/","url":"https:\/\/gaudiumetspes-blog.pl\/wp-content\/uploads\/2019\/07\/avatar-JJ-150x150.jpg","contentUrl":"https:\/\/gaudiumetspes-blog.pl\/wp-content\/uploads\/2019\/07\/avatar-JJ-150x150.jpg","caption":"Ks. Jacek"},"description":"Witam serdecznie! K\u0142ania si\u0119 Ks. Jacek Ja\u015bkowski. Nie jestem ani kim\u015b wa\u017cnym, ani kim\u015b znanym. Jestem ksi\u0119dzem, kt\u00f3ry po prostu chce rozmawia\u0107. Codzienna kap\u0142a\u0144ska pos\u0142uga pokazuje mi, \u017ce temat\u00f3w do rozm\u00f3w z ksi\u0119dzem jest coraz wi\u0119cej i dzisiaj \u017caden ksi\u0105dz nie mo\u017ce od nich ucieka\u0107, ale - wprost przeciwnie - podejmowa\u0107 nowe wyzwania. To przekonanie sk\u0142oni\u0142o mnie do pr\u00f3by otwarcia tego\u017c bloga, chocia\u017c okazji do rozm\u00f3w na co dzie\u0144 - w konfesjonale i poza nim - na szcz\u0119\u015bcie nie brakuje. My\u015bl\u0119 jednak, \u017ce ten blog b\u0119dzie jeszcze jednym sposobem i przestrzeni\u0105 nawi\u0105zania kontaktu z lud\u017ami dobrej woli, otwartymi na dialog.","url":"https:\/\/gaudiumetspes-blog.pl\/index.php\/author\/ks-jacek\/"}]}},"jetpack_featured_media_url":"","jetpack_sharing_enabled":true,"_links":{"self":[{"href":"https:\/\/gaudiumetspes-blog.pl\/index.php\/wp-json\/wp\/v2\/posts\/16782","targetHints":{"allow":["GET"]}}],"collection":[{"href":"https:\/\/gaudiumetspes-blog.pl\/index.php\/wp-json\/wp\/v2\/posts"}],"about":[{"href":"https:\/\/gaudiumetspes-blog.pl\/index.php\/wp-json\/wp\/v2\/types\/post"}],"author":[{"embeddable":true,"href":"https:\/\/gaudiumetspes-blog.pl\/index.php\/wp-json\/wp\/v2\/users\/1"}],"replies":[{"embeddable":true,"href":"https:\/\/gaudiumetspes-blog.pl\/index.php\/wp-json\/wp\/v2\/comments?post=16782"}],"version-history":[{"count":1,"href":"https:\/\/gaudiumetspes-blog.pl\/index.php\/wp-json\/wp\/v2\/posts\/16782\/revisions"}],"predecessor-version":[{"id":16783,"href":"https:\/\/gaudiumetspes-blog.pl\/index.php\/wp-json\/wp\/v2\/posts\/16782\/revisions\/16783"}],"wp:attachment":[{"href":"https:\/\/gaudiumetspes-blog.pl\/index.php\/wp-json\/wp\/v2\/media?parent=16782"}],"wp:term":[{"taxonomy":"category","embeddable":true,"href":"https:\/\/gaudiumetspes-blog.pl\/index.php\/wp-json\/wp\/v2\/categories?post=16782"},{"taxonomy":"post_tag","embeddable":true,"href":"https:\/\/gaudiumetspes-blog.pl\/index.php\/wp-json\/wp\/v2\/tags?post=16782"}],"curies":[{"name":"wp","href":"https:\/\/api.w.org\/{rel}","templated":true}]}}