{"id":16792,"date":"2020-04-12T05:45:13","date_gmt":"2020-04-12T03:45:13","guid":{"rendered":"https:\/\/gaudiumetspes-blog.pl\/?p=16792"},"modified":"2020-04-11T23:08:06","modified_gmt":"2020-04-11T21:08:06","slug":"zmartwychwstal-naprawde","status":"publish","type":"post","link":"https:\/\/gaudiumetspes-blog.pl\/index.php\/2020\/04\/12\/zmartwychwstal-naprawde\/","title":{"rendered":"Zmartwychwsta\u0142 &#8211; NAPRAWD\u0118!"},"content":{"rendered":"<p align=\"justify\"><span style=\"color: #000000;\"><span style=\"font-family: Book Antiqua, serif;\"><span style=\"font-size: large;\">Niech b\u0119dzie pochwalony Jezus Chrystus! Moi Drodzy, wszystko, co dzisiaj chc\u0119 Wam przekaza\u0107, zawar\u0142em w rozwa\u017caniu. Gdyby kto\u015b chcia\u0142 tego pos\u0142ucha\u0107 w ramach homilii na Mszy \u015awi\u0119tej, to b\u0119dzie mia\u0142 tak\u0105 mo\u017cliwo\u015b\u0107, ogl\u0105daj\u0105c transmisj\u0119 z Sanktuarium Bo\u017cego Mi\u0142osierdzia w Bia\u0142ej Podlaskiej, dzisiaj, o godzinie 17:00. Po Mszy \u015awi\u0119tej \u2013 r\u00f3wnie\u017c transmitowane \u2013 Nieszpory, ko\u0144cz\u0105ce \u015awi\u0119te Triduum Paschalne.<\/span><\/span><\/span><\/p>\n<p align=\"justify\"><span style=\"color: #000000;\"><span style=\"font-family: Book Antiqua, serif;\"><span style=\"font-size: large;\"><b>Niech Was b\u0142ogos\u0142awi B\u00f3g Wszechmog\u0105cy: Ojciec + i Syn, i Duch \u015awi\u0119ty. Amen<\/b><\/span><\/span><\/span><\/p>\n<p align=\"center\"><span style=\"color: #000000;\"><span style=\"font-family: Book Antiqua, serif;\"><span style=\"font-size: large;\">Gaudium et spes! Ks. Jacek<\/span><\/span><\/span><\/p>\n<p align=\"center\">\n<p align=\"center\">\n<p align=\"center\">\n<p align=\"center\">\n<p align=\"center\">\n<p align=\"justify\"><span style=\"color: #000000;\"><span style=\"font-family: Book Antiqua, serif;\"><span style=\"font-size: large;\"><b>\u015awi\u0119te Triduum Paschalne \u2013 Niedziela Zmartwychwstania,<\/b><\/span><\/span><\/span><\/p>\n<p align=\"justify\"><span style=\"color: #000000;\"><span style=\"font-family: Book Antiqua, serif;\"><span style=\"font-size: large;\"><b>22 kwietnia 2020.,<\/b><\/span><\/span><\/span><\/p>\n<p align=\"justify\"><span style=\"color: #000000;\"><span style=\"font-family: Book Antiqua, serif;\"><span style=\"font-size: large;\"><b>do czyta\u0144: Dz 10,34a.37\u201343; Kol 3,1\u20134 albo: 1 Kor 5,6b\u20138; J 20,1\u20139<\/b><\/span><\/span><\/span><\/p>\n<p align=\"justify\">\n<p align=\"justify\">\n<p align=\"justify\">\n<p align=\"justify\">\n<p align=\"justify\">\n<p align=\"justify\"><span style=\"color: #000000;\"><span style=\"font-family: Book Antiqua, serif;\"><span style=\"font-size: large;\"><b>CZYTANIE Z DZIEJ\u00d3W APOSTOLSKICH:<\/b><\/span><\/span><\/span><\/p>\n<p align=\"justify\"><span style=\"color: #000000;\"><span style=\"font-family: Book Antiqua, serif;\"><span style=\"font-size: large;\"><b>Gdy Piotr przyby\u0142 do domu centuriona w Cezarei, przem\u00f3wi\u0142: \u201eWiecie, co si\u0119 dzia\u0142o w ca\u0142ej Judei, pocz\u0105wszy od Galilei, po chrzcie, kt\u00f3ry g\u0142osi\u0142 Jan. Znacie spraw\u0119 Jezusa z Nazaretu, kt\u00f3rego B\u00f3g nama\u015bci\u0142 Duchem \u015awi\u0119tym i moc\u0105. Dlatego \u017ce B\u00f3g by\u0142 z Nim, przeszed\u0142 On dobrze czyni\u0105c i uzdrawiaj\u0105c wszystkich, kt\u00f3rzy byli pod w\u0142adz\u0105 diab\u0142a. <\/b><\/span><\/span><\/span><\/p>\n<p align=\"justify\"><span style=\"color: #000000;\"><span style=\"font-family: Book Antiqua, serif;\"><span style=\"font-size: large;\"><b>A my jeste\u015bmy \u015bwiadkami wszystkiego, co zdzia\u0142a\u0142 w ziemi \u017cydowskiej i w Jerozolimie. Jego to zabili, zawiesiwszy na drzewie. B\u00f3g wskrzesi\u0142 Go trzeciego dnia i pozwoli\u0142 Mu ukaza\u0107 si\u0119 nie ca\u0142emu ludowi, ale nam, wybranym uprzednio przez Boga na \u015bwiadk\u00f3w, kt\u00f3rzy\u015bmy z Nim jedli i pili po Jego zmartwychwstaniu. <\/b><\/span><\/span><\/span><\/p>\n<p align=\"justify\"><span style=\"color: #000000;\"><span style=\"font-family: Book Antiqua, serif;\"><span style=\"font-size: large;\"><b>On nam rozkaza\u0142 og\u0142osi\u0107 ludowi i da\u0107 \u015bwiadectwo, \u017ce B\u00f3g ustanowi\u0142 Go s\u0119dzi\u0105 \u017cywych i umar\u0142ych. Wszyscy prorocy \u015bwiadcz\u0105 o tym, \u017ce ka\u017cdy, kto w Niego wierzy, w Jego imi\u0119 otrzymuje odpuszczenie grzech\u00f3w\u201d.<\/b><\/span><\/span><\/span><\/p>\n<p align=\"justify\">\n<p align=\"justify\">\n<p align=\"justify\">\n<p align=\"justify\">\n<p align=\"justify\">\n<p align=\"justify\"><span style=\"color: #000000;\"><span style=\"font-family: Book Antiqua, serif;\"><span style=\"font-size: large;\"><b>CZYTANIE Z LISTU \u015aWI\u0118TEGO PAW\u0141A APOSTO\u0141A DO KOLOSAN: <\/b><\/span><\/span><\/span><\/p>\n<p align=\"justify\"><span style=\"color: #000000;\"><span style=\"font-family: Book Antiqua, serif;\"><span style=\"font-size: large;\"><b>Bracia: Je\u015bli\u015bcie razem z Chrystusem powstali z martwych, szukajcie tego, co w g\u00f3rze, gdzie przebywa Chrystus zasiadaj\u0105c po prawicy Boga. D\u0105\u017ccie do tego, co w g\u00f3rze, nie do tego, co na ziemi. <\/b><\/span><\/span><\/span><\/p>\n<p align=\"justify\"><span style=\"color: #000000;\"><span style=\"font-family: Book Antiqua, serif;\"><span style=\"font-size: large;\"><b>Umarli\u015bcie bowiem i wasze \u017cycie ukryte jest z Chrystusem w Bogu. Gdy si\u0119 uka\u017ce Chrystus, nasze \u017cycie, wtedy i wy razem z Nim uka\u017cecie si\u0119 w chwale.<\/b><\/span><\/span><\/span><\/p>\n<p align=\"justify\">\n<p align=\"justify\">\n<p align=\"justify\">\n<p align=\"justify\">\n<p align=\"justify\">\n<p align=\"center\"><span style=\"color: #000000;\"><span style=\"font-family: Book Antiqua, serif;\"><span style=\"font-size: large;\"><b>ALBO:<\/b><\/span><\/span><\/span><\/p>\n<p align=\"center\">\n<p align=\"center\">\n<p align=\"center\">\n<p align=\"center\">\n<p align=\"center\">\n<p align=\"justify\"><span style=\"color: #000000;\"><span style=\"font-family: Book Antiqua, serif;\"><span style=\"font-size: large;\"><b>CZYTANIE Z PIERWSZEGO LISTU \u015aWI\u0118TEGO PAW\u0141A APOSTO\u0141A DO KORYNTIAN:<\/b><\/span><\/span><\/span><\/p>\n<p align=\"justify\"><span style=\"color: #000000;\"><span style=\"font-family: Book Antiqua, serif;\"><span style=\"font-size: large;\"><b>Bracia: Czy\u017c nie wiecie, \u017ce odrobina kwasu ca\u0142e ciasto zakwasza? Wyrzu\u0107cie wi\u0119c stary kwas, aby\u015bcie si\u0119 stali nowym ciastem, bo przecie\u017c prza\u015bni jeste\u015bcie. <\/b><\/span><\/span><\/span><\/p>\n<p align=\"justify\"><span style=\"color: #000000;\"><span style=\"font-family: Book Antiqua, serif;\"><span style=\"font-size: large;\"><b>Chrystus bowiem zosta\u0142 z\u0142o\u017cony w ofierze jako nasza Pascha. <\/b><\/span><\/span><\/span><\/p>\n<p align=\"justify\"><span style=\"color: #000000;\"><span style=\"font-family: Book Antiqua, serif;\"><span style=\"font-size: large;\"><b>Tak przeto odprawiajmy \u015bwi\u0119to nasze, nie przy u\u017cyciu starego kwasu z\u0142o\u015bci i przewrotno\u015bci, lecz na prza\u015bnym chlebie czysto\u015bci i prawdy.<\/b><\/span><\/span><\/span><\/p>\n<p align=\"justify\">\n<p align=\"justify\">\n<p align=\"justify\">\n<p align=\"justify\">\n<p align=\"justify\">\n<p align=\"justify\"><span style=\"color: #000000;\"><span style=\"font-family: Book Antiqua, serif;\"><span style=\"font-size: large;\"><b>SEKWENCJA<\/b><\/span><\/span><\/span><\/p>\n<p align=\"justify\"><span style=\"color: #000000;\"><span style=\"font-family: Book Antiqua, serif;\"><span style=\"font-size: large;\"><b>Niech w \u015bwi\u0119to radosne Paschalnej Ofiary<\/b><\/span><\/span><\/span><\/p>\n<p align=\"justify\"><span style=\"color: #000000;\"><span style=\"font-family: Book Antiqua, serif;\"><span style=\"font-size: large;\"><b>Sk\u0142adaj\u0105 jej wierni uwielbie\u0144 swych dary.<\/b><\/span><\/span><\/span><\/p>\n<p align=\"justify\"><span style=\"color: #000000;\"><span style=\"font-family: Book Antiqua, serif;\"><span style=\"font-size: large;\"><b>Odkupi\u0142 swe owce Baranek bez skazy,<\/b><\/span><\/span><\/span><\/p>\n<p align=\"justify\"><span style=\"color: #000000;\"><span style=\"font-family: Book Antiqua, serif;\"><span style=\"font-size: large;\"><b>Pojedna\u0142 nas z Ojcem i zmy\u0142 grzech\u00f3w zmazy.<\/b><\/span><\/span><\/span><\/p>\n<p align=\"justify\"><span style=\"color: #000000;\"><span style=\"font-family: Book Antiqua, serif;\"><span style=\"font-size: large;\"><b>\u015amier\u0107 zwar\u0142a si\u0119 z \u017cyciem i w boju, o dziwy, <\/b><\/span><\/span><\/span><\/p>\n<p align=\"justify\"><span style=\"color: #000000;\"><span style=\"font-family: Book Antiqua, serif;\"><span style=\"font-size: large;\"><b>Cho\u0107 poleg\u0142 W\u00f3dz \u017cycia, kr\u00f3luje dzi\u015b \u017cywy.<\/b><\/span><\/span><\/span><\/p>\n<p align=\"justify\"><span style=\"color: #000000;\"><span style=\"font-family: Book Antiqua, serif;\"><span style=\"font-size: large;\"><b>Mario, ty powiedz, co\u015b w drodze widzia\u0142a?<\/b><\/span><\/span><\/span><\/p>\n<p align=\"justify\"><span style=\"color: #000000;\"><span style=\"font-family: Book Antiqua, serif;\"><span style=\"font-size: large;\"><b>Jam Zmartwychwsta\u0142ego blask chwa\u0142y ujrza\u0142a.<\/b><\/span><\/span><\/span><\/p>\n<p align=\"justify\"><span style=\"color: #000000;\"><span style=\"font-family: Book Antiqua, serif;\"><span style=\"font-size: large;\"><b>\u017bywego ju\u017c Pana widzia\u0142am, gr\u00f3b pusty,<\/b><\/span><\/span><\/span><\/p>\n<p align=\"justify\"><span style=\"color: #000000;\"><span style=\"font-family: Book Antiqua, serif;\"><span style=\"font-size: large;\"><b>I \u015bwiadk\u00f3w anielskich, i odzie\u017c, i chusty.<\/b><\/span><\/span><\/span><\/p>\n<p align=\"justify\"><span style=\"color: #000000;\"><span style=\"font-family: Book Antiqua, serif;\"><span style=\"font-size: large;\"><b>Zmartwychwsta\u0142 ju\u017c Chrystus, Pan m\u00f3j i nadzieja,<\/b><\/span><\/span><\/span><\/p>\n<p align=\"justify\"><span style=\"color: #000000;\"><span style=\"font-family: Book Antiqua, serif;\"><span style=\"font-size: large;\"><b>A miejscem spotkania b\u0119dzie Galileja. <\/b><\/span><\/span><\/span><\/p>\n<p align=\"justify\"><span style=\"color: #000000;\"><span style=\"font-family: Book Antiqua, serif;\"><span style=\"font-size: large;\"><b>Wiemy, \u017ce\u015b zmartwychwsta\u0142, \u017ce ten cud prawdziwy,<\/b><\/span><\/span><\/span><\/p>\n<p align=\"justify\"><span style=\"color: #000000;\"><span style=\"font-family: Book Antiqua, serif;\"><span style=\"font-size: large;\"><b>O Kr\u00f3lu Zwyci\u0119zco, b\u0105d\u017a nam mi\u0142o\u015bciwy.<\/b><\/span><\/span><\/span><\/p>\n<p align=\"justify\">\n<p align=\"justify\">\n<p align=\"justify\">\n<p align=\"justify\">\n<p align=\"justify\">\n<p align=\"justify\"><span style=\"color: #000000;\"><span style=\"font-family: Book Antiqua, serif;\"><span style=\"font-size: large;\"><b>S\u0141OWA EWANGELII WED\u0141UG \u015aWI\u0118TEGO JANA: <\/b><\/span><\/span><\/span><\/p>\n<p align=\"justify\"><span style=\"color: #000000;\"><span style=\"font-family: Book Antiqua, serif;\"><span style=\"font-size: large;\"><b>Pierwszego dnia po szabacie, wczesnym rankiem, gdy jeszcze by\u0142o ciemno, Maria Magdalena uda\u0142a si\u0119 do grobu i zobaczy\u0142a kamie\u0144 odsuni\u0119ty od grobu. Pobieg\u0142a wi\u0119c i przyby\u0142a do Szymona Piotra i do drugiego ucznia, kt\u00f3rego Jezus mi\u0142owa\u0142, i rzek\u0142a do nich: \u201eZabrano Pana z grobu i nie wiemy, gdzie Go po\u0142o\u017cono\u201d. <\/b><\/span><\/span><\/span><\/p>\n<p align=\"justify\"><span style=\"color: #000000;\"><span style=\"font-family: Book Antiqua, serif;\"><span style=\"font-size: large;\"><b>Wyszed\u0142 wi\u0119c Piotr i \u00f3w drugi ucze\u0144 i szli do grobu. Biegli oni obydwaj razem, lecz \u00f3w drugi ucze\u0144 wyprzedzi\u0142 Piotra i przyby\u0142 pierwszy do grobu. A kiedy si\u0119 nachyli\u0142, zobaczy\u0142 le\u017c\u0105ce p\u0142\u00f3tna, jednak\u017ce nie wszed\u0142 do \u015brodka. <\/b><\/span><\/span><\/span><\/p>\n<p align=\"justify\"><span style=\"color: #000000;\"><span style=\"font-family: Book Antiqua, serif;\"><span style=\"font-size: large;\"><b>Nadszed\u0142 potem tak\u017ce Szymon Piotr, id\u0105cy za nim. Wszed\u0142 on do wn\u0119trza grobu i ujrza\u0142 le\u017c\u0105ce p\u0142\u00f3tna oraz chust\u0119, kt\u00f3ra by\u0142a na Jego g\u0142owie, le\u017c\u0105c\u0105 nie razem z p\u0142\u00f3tnami, ale oddzielnie zwini\u0119t\u0105 na jednym miejscu. Wtedy wszed\u0142 do wn\u0119trza tak\u017ce i \u00f3w drugi ucze\u0144, kt\u00f3ry przyby\u0142 do grobu. Ujrza\u0142 i uwierzy\u0142. Dot\u0105d bowiem nie rozumieli jeszcze Pisma, kt\u00f3re m\u00f3wi, \u017ce On ma powsta\u0107 z martwych.<\/b><\/span><\/span><\/span><\/p>\n<p align=\"justify\">\n<p align=\"justify\">\n<p align=\"justify\">\n<p align=\"justify\">\n<p align=\"justify\">\n<p align=\"justify\"><span style=\"color: #000000;\"><span style=\"font-family: Book Antiqua, serif;\"><span style=\"font-size: large;\">Trudno nawet opisa\u0107 zaskoczenie, jakie sta\u0142o si\u0119 udzia\u0142em Marii Magdaleny, kiedy rano przybieg\u0142a do grobu i zobaczy\u0142a, \u017ce <b>ogromny kamie\u0144, zakrywaj\u0105cy gr\u00f3b, jest odsuni\u0119ty.<\/b> Co wtedy mog\u0142a pomy\u015ble\u0107?\u2026 A co pomy\u015bleli Szymon Piotr i Jan, kiedy us\u0142yszeli z jej ust: <i><b>Zabrano Pana z grobu i nie wiemy, gdzie Go po\u0142o\u017cono!<\/b><\/i><b> <\/b><\/span><\/span><\/span><\/p>\n<p align=\"justify\"><span style=\"color: #000000;\"><span style=\"font-family: Book Antiqua, serif;\"><span style=\"font-size: large;\">Przecie\u017c tyle razy Jezus to zapowiada\u0142, bo zawsze, kiedy m\u00f3wi\u0142 o swej M\u0119ce i \u015amierci, <b>zaraz dodawa\u0142, \u017ce trzeciego dnia zmartwychwstanie. <\/b>A jednak, uczniowie nie zawsze chcieli tego s\u0142ucha\u0107, Piotr wr\u0119cz upomnia\u0142 Jezusa za takie zapowiedzi, mo\u017ce wi\u0119c w ca\u0142ym tym ferworze <b>w og\u00f3le nie zwr\u00f3cili uwagi, <\/b>\u017ce co\u015b tam m\u00f3wi\u0142 o Zmartwychwstaniu?\u2026 <\/span><\/span><\/span><\/p>\n<p align=\"justify\"><span style=\"color: #000000;\"><span style=\"font-family: Book Antiqua, serif;\"><span style=\"font-size: large;\">A mo\u017ce i s\u0142yszeli te s\u0142owa, <b>ale nie zastanawiali si\u0119, <\/b>jak to dok\u0142adnie b\u0119dzie, jak si\u0119 to dokona?\u2026 A mo\u017ce by\u0142o to dla nich tak irracjonalne i tak niewiarygodne, \u017ce w og\u00f3le <b>nie brali tego na powa\u017cnie pod uwag\u0119?\u2026<\/b> No, c\u00f3\u017c\u2026 Jezus to m\u00f3wi\u0142, oni to s\u0142yszeli, albo nie s\u0142yszeli \u2013 i \u017cycie sz\u0142o sobie dalej\u2026 <\/span><\/span><\/span><\/p>\n<p align=\"justify\"><span style=\"color: #000000;\"><span style=\"font-family: Book Antiqua, serif;\"><span style=\"font-size: large;\">A\u017c tu wreszcie nadszed\u0142 <b>czas wype\u0142nienia si\u0119 Bo\u017cych obietnic<\/b> i wtedy okaza\u0142o si\u0119, \u017ce wszystko, co Jezus zapowiada\u0142 w kwestii swojej M\u0119ki i \u015amierci \u2013 <b>wype\u0142ni\u0142o si\u0119 co do joty.<\/b> Niestety, tak\u017ce wype\u0142ni\u0142o si\u0119 i to, \u017ce Piotr zapar\u0142 si\u0119 swego Mistrza, a niemal wszyscy Aposto\u0142owie uciekli. Jezus to zapowiedzia\u0142 \u2013 i to tak\u017ce si\u0119 wype\u0142ni\u0142o. A oto nadszed\u0142 i ten moment, \u017ce <b>wype\u0142ni\u0142a si\u0119 <\/b><b>r\u00f3wnie\u017c<\/b><b> ta ostatnia zapowied\u017a<\/b> \u2013 ta mianowicie, \u017ce cierpienie i \u015bmier\u0107 nie b\u0119d\u0105 ostatnim epizodem historii Jezusa, ale \u017ce <b>zostan\u0105 przez niego definitywnie pokonane.<\/b> Tak si\u0119 w\u0142a\u015bnie dzisiejszej nocy sta\u0142o! <\/span><\/span><\/span><\/p>\n<p align=\"justify\"><span style=\"color: #000000;\"><span style=\"font-family: Book Antiqua, serif;\"><span style=\"font-size: large;\">Na wie\u015b\u0107 o odsuni\u0119tym kamieniu, Szymon Piotr i Jan pobiegli do grobu, po czym weszli i zobaczyli, \u017ce <b>Jezusa naprawd\u0119 tam nie ma. <\/b>A wi\u0119c i ta zapowied\u017a si\u0119 wype\u0142ni\u0142a: <b>\u201ezmartwychwsta\u0142 samow\u0142adnie, jak przepowiedzia\u0142 dok\u0142adnie\u201d!<\/b> <\/span><\/span><\/span><\/p>\n<p align=\"justify\"><span style=\"color: #000000;\"><span style=\"font-family: Book Antiqua, serif;\"><span style=\"font-size: large;\">Z ca\u0142\u0105 pewno\u015bci\u0105, wszystko to by\u0142o jakie\u015b <b>takie szybkie, takie nag\u0142e, takie mocne i poruszaj\u0105ce <\/b>\u2013 chocia\u017c zapowiadane i teoretycznie spodziewane, oczekiwane\u2026 A jednak \u2013 <b>zaskakuj\u0105ce, szokuj\u0105ce, niemal\u017ce niewiarygodne.<\/b> W ci\u0105gu tych ostatnich trzech dni, a ju\u017c szczeg\u00f3lnie tej ostatniej nocy, sta\u0142o si\u0119 du\u017co wi\u0119cej, ni\u017c przez ca\u0142y czas wsp\u00f3lnej dzia\u0142alno\u015bci uczni\u00f3w z Jezusem. <b>Musieli si\u0119 w tym wi\u0119c jako\u015b odnale\u017a\u0107\u2026 <\/b><\/span><\/span><\/span><\/p>\n<p align=\"justify\"><span style=\"color: #000000;\"><span style=\"font-family: Book Antiqua, serif;\"><span style=\"font-size: large;\">Jezus zmartwychwsta\u0142, dokona\u0142 tego znaku \u2013 tak, jak zapowiedzia\u0142. Oni mo\u017ce by to wszystko <b>jako\u015b inaczej przeprowadzili,<\/b> inaczej zorganizowali, mo\u017ce by to wszystko by\u0142o takie bardziej przyst\u0119pne dla ludzi, a wydarzenia poprzedzaj\u0105ce \u2013 mo\u017ce nieco mniej drastyczne. Samo za\u015b Zmartwychwstanie \u2013 powiedzmy \u2013 jako\u015b bardziej precyzyjnie zapowiedziane, zaplanowane, <b>mo\u017ce <\/b><b>\u0142atwiejsze<\/b><b> w odbiorze\u2026 <\/b><\/span><\/span><\/span><\/p>\n<p align=\"justify\"><span style=\"color: #000000;\"><span style=\"font-family: Book Antiqua, serif;\"><span style=\"font-size: large;\">Nic z tych rzeczy! Jezus wszystko przeprowadzi\u0142 <b>wed\u0142ug w\u0142asnego planu.<\/b> A im \u2013 i nam \u2013 nie pozostaje nic innego, jak przyj\u0105\u0107 to i w to uwierzy\u0107. Oczywi\u015bcie, mo\u017cna nie przyj\u0105\u0107 i nie uwierzy\u0107, <b>ale czy naprawd\u0119 warto?\u2026<\/b> Piotr i Aposto\u0142owie \u2013 jak to zosta\u0142o dzi\u015b wyra\u017cone w pierwszym czytaniu \u2013 wybrali t\u0119 pierwsz\u0105 opcj\u0119. Troch\u0119 im to czasu zaj\u0119\u0142o,<b> ale ostatecznie uwierzyli <\/b>w prawd\u0119 o Zmartwychwstaniu i stali si\u0119 jej g\u0142osicielami i \u015bwiadkami. <\/span><\/span><\/span><\/p>\n<p align=\"justify\"><span style=\"color: #000000;\"><span style=\"font-family: Book Antiqua, serif;\"><span style=\"font-size: large;\">S\u0142yszeli\u015bmy wyra\u017anie s\u0142owa Piotra w domu centuriona w Cezarei: <i><b>M<\/b><\/i><i><b>y jeste\u015bmy \u015bwiadkami wszystkiego, co zdzia\u0142a\u0142 w ziemi \u017cydowskiej i w Jerozolimie. <\/b><\/i><i><b>Jego to zabili, zawiesiwszy na drzewie. B\u00f3g wskrzesi\u0142 Go trzeciego dnia i pozwoli\u0142 Mu ukaza\u0107 si\u0119 nie ca\u0142emu ludowi, ale nam, wybranym uprzednio przez Boga na \u015bwiadk\u00f3w, kt\u00f3rzy\u015bmy z Nim jedli i pili po Jego zmartwychwstaniu.<\/b><\/i><b> <\/b><\/span><\/span><\/span><\/p>\n<p align=\"justify\"><span style=\"color: #000000;\"><span style=\"font-family: Book Antiqua, serif;\"><span style=\"font-size: large;\">A co my zrobimy? Jak zareagujemy na t\u0119 prawd\u0119, jak odpowiemy Jezusowi na ten niezwyk\u0142y dar, jaki nam ofiarowa\u0142, a jakim jest Jego zmartwychwstanie? \u015awi\u0119ty Pawe\u0142, w drugim czytaniu, daje nam pewne wskazania, gdy m\u00f3wi: <i><b>Je\u015bli\u015bcie razem z Chrystusem powstali z martwych, szukajcie tego, co w g\u00f3rze, gdzie przebywa Chrystus zasiadaj\u0105c po prawicy Boga. D\u0105\u017ccie do tego, co w g\u00f3rze, nie do tego, co na ziemi.<\/b><\/i><b> <\/b><\/span><\/span><\/span><\/p>\n<p align=\"justify\"><span style=\"color: #000000;\"><span style=\"font-family: Book Antiqua, serif;\"><span style=\"font-size: large;\">W\u0142a\u015bnie, by\u0107 \u015bwiadkiem Jezusa zmartwychwsta\u0142ego \u2013 to <b>d\u0105\u017cy\u0107 codziennie do tego, co w g\u00f3rze.<\/b> Codziennie i w ka\u017cdej sytuacji. \u015awiadczy\u0107 o wielkim Chrystusowym zwyci\u0119stwie, kt\u00f3rego On dokona\u0142 wtedy, dwa tysi\u0105ce lat temu \u2013 i dokonuje ci\u0105gle, <b>w liturgii Ko\u015bcio\u0142a i w sercach swoich wiernych.<\/b> I tak, jak wtedy, dokona\u0142 tego \u2013 m\u00f3wi\u0105c nieco kolokwialnie \u2013 <b>po swojemu,<\/b> czyli tak, jak sam zaplanowa\u0142, a nie tak, jak by si\u0119 ludzie mogli spodziewa\u0107 lub jak by im pasowa\u0142o, tak i dzisiaj swoim dzia\u0142aniem i swoim nauczaniem <b>ca\u0142kowicie wykracza<\/b> poza nasz spos\u00f3b pojmowania i nasze ludzkie spojrzenie na wszystko. <\/span><\/span><\/span><\/p>\n<p align=\"justify\"><span style=\"color: #000000;\"><span style=\"font-family: Book Antiqua, serif;\"><span style=\"font-size: large;\">Warto o tym pami\u0119ta\u0107, szczeg\u00f3lnie wtedy, kiedy wydaje si\u0119 nam, \u017ce spotykaj\u0105 nas rozmaite do\u015bwiadczenia i trudno\u015bci, przeciwno\u015bci i cierpienia \u2013 <b>i my si\u0119 modlimy,<\/b> my prosimy o pomoc, my wo\u0142amy, wr\u0119cz dobijamy si\u0119 do bram Nieba, <b>a tu cisza\u2026<\/b> A tu nic\u2026 Jezus milczy\u2026 Nie reaguje\u2026 <b>Mo\u017ce nie s\u0142yszy?\u2026<\/b> A je\u017celi s\u0142yszy, to mo\u017ce nie chce \u2013 z jakich\u015b powod\u00f3w \u2013 nam pom\u00f3c?\u2026 Ale dlaczego?\u2026 <\/span><\/span><\/span><\/p>\n<p align=\"justify\"><span style=\"color: #000000;\"><span style=\"font-family: Book Antiqua, serif;\"><span style=\"font-size: large;\">My tak naprawd\u0119 <b>dobrze wiemy, \u017ce s\u0142yszy i reaguje,<\/b> i chce pom\u00f3c \u2013 ale tak, jak sam to zaplanowa\u0142, <b>jak sam chce to zrobi\u0107. <\/b>Nie tak, jak my by\u015bmy si\u0119 spodziewali lub uwa\u017cali, \u017ce b\u0119dzie najlepiej, ale jak On tego chce. <b>Bo tak w\u0142a\u015bnie b\u0119dzie najlepiej. <\/b><\/span><\/span><\/span><\/p>\n<p align=\"justify\"><span style=\"color: #000000;\"><span style=\"font-family: Book Antiqua, serif;\"><span style=\"font-size: large;\">Dlatego uwierzmy, \u017ce Jezus dzisiaj naprawd\u0119 zmartwychwstaje <b>i naprawd\u0119 zwyci\u0119\u017ca ten \u015bwiat.<\/b> Nawet, je\u017celi nam si\u0119 wydaje, \u017ce milczy, \u017ce nie s\u0142yszy, \u017ce jest gdzie\u015b daleko, a ca\u0142e to Zmartwychwstanie to tylko taka coroczna tradycja i teoria, wyg\u0142aszana przez ksi\u0119\u017cy na ambonie. Owszem, dobrze si\u0119 tego s\u0142ucha, ale to jedynie teoria, zahaczaj\u0105ca o ba\u015b\u0144, <b>podczas kiedy \u017cycie idzie swoim torem\u2026 <\/b><\/span><\/span><\/span><\/p>\n<p align=\"justify\"><span style=\"color: #000000;\"><span style=\"font-family: Book Antiqua, serif;\"><span style=\"font-size: large;\">My tu widzimy, co si\u0119 dzieje, co prze\u017cywa \u015bwiat, wi\u0119c jak si\u0119 to ma do tego, \u017ce Jezus zmartwychwsta\u0142. Mo\u017ce i zmartwychwsta\u0142, <b>ale co z tego dzisiaj wynika dla nas?<\/b> Jak si\u0119 to ma do tego wszystkiego, co teraz prze\u017cywamy?<\/span><\/span><\/span><\/p>\n<p align=\"justify\"><span style=\"color: #000000;\"><span style=\"font-family: Book Antiqua, serif;\"><span style=\"font-size: large;\">Tymczasem, ma si\u0119 to bardzo bezpo\u015brednio. Bo <b>Jezus <\/b><b>z<\/b><b>martwychwsta\u0142 \u2013 <\/b><b>prawdziwie zmartwychwsta\u0142 <\/b>\u2013 to nie teoria, nie ba\u015b\u0144, nie jaka\u015b odleg\u0142a, historyczna wie\u015b\u0107. To rzeczywisto\u015b\u0107 tu i teraz \u2013 to wielkie zwyci\u0119stwo Jezusa. Ale tak, jak samo Zmartwychwstanie, <b>zaskoczy\u0142o uczni\u00f3w Jezusa,<\/b> bo przekroczy\u0142o ich oczekiwania i spos\u00f3b pojmowania, tak i dzisiaj \u2013 pozw\u00f3lmy Jezusowi tu i teraz, w naszej obecnej rzeczywisto\u015bci, <b>dokona\u0107 swego zwyci\u0119stwa tak, jak On to zaplanowa\u0142 i jak On tego chce, <\/b>chocia\u017c nam b\u0119dzie si\u0119 wydawa\u0142o, \u017ce powinno si\u0119 to sta\u0107 inaczej\u2026 <\/span><\/span><\/span><\/p>\n<p align=\"justify\"><span style=\"color: #000000;\"><span style=\"font-family: Book Antiqua, serif;\"><span style=\"font-size: large;\">Niech Ten, kt\u00f3ry zwyci\u0119\u017cy\u0142 \u015bwiat, <b>raz jeszcze go zwyci\u0119\u017cy \u2013 tak, jak On sam chce to zrobi\u0107.<\/b> Pozw\u00f3lmy Mu na to! I dajmy si\u0119 zaskoczy\u0107 Jego moc\u0105 i mi\u0142o\u015bci\u0105. <b>Niech Jego pot\u0119ga i chwa\u0142a zatriumfuje w\u015br\u00f3d nas, tu i teraz \u2013 zgodnie z Jego wol\u0105.<\/b><\/span><\/span><\/span><\/p>\n<p align=\"justify\"><span style=\"color: #000000;\"><span style=\"font-family: Book Antiqua, serif;\"><span style=\"font-size: large;\">My za\u015b wierzmy ca\u0142ym sercem, \u017ce<b> zmartwychwsta\u0142, \u017ce ten cud prawdziwy! <\/b><b>O Kr\u00f3lu Zwyci\u0119zco, b\u0105d\u017a nam mi\u0142o\u015bciwy. <\/b><\/span><\/span><\/span><\/p>\n<p align=\"justify\"><span style=\"color: #000000;\"><span style=\"font-family: Book Antiqua, serif;\"><span style=\"font-size: large;\">I tego sobie dzisiaj nawzajem przede wszystkim \u017cyczmy: skoro On <b>zmartwychwsta\u0142 NAPRAWD\u0118, <\/b>to oby\u015bmy my w to <b>uwierzyli \u2013 NAPRAWD\u0118!<\/b><\/span><\/span><\/span><\/p>\n","protected":false},"excerpt":{"rendered":"<p>Niech b\u0119dzie pochwalony Jezus Chrystus! Moi Drodzy, wszystko, co dzisiaj chc\u0119 Wam przekaza\u0107, zawar\u0142em w rozwa\u017caniu. Gdyby kto\u015b chcia\u0142 tego pos\u0142ucha\u0107 w ramach homilii na Mszy \u015awi\u0119tej, to b\u0119dzie mia\u0142 tak\u0105 mo\u017cliwo\u015b\u0107, ogl\u0105daj\u0105c transmisj\u0119 z Sanktuarium Bo\u017cego Mi\u0142osierdzia w Bia\u0142ej Podlaskiej, dzisiaj, o godzinie 17:00. Po Mszy \u015awi\u0119tej \u2013 r\u00f3wnie\u017c transmitowane \u2013 Nieszpory, ko\u0144cz\u0105ce \u015awi\u0119te [&hellip;]<\/p>\n","protected":false},"author":1,"featured_media":0,"comment_status":"open","ping_status":"open","sticky":false,"template":"","format":"standard","meta":{"jetpack_post_was_ever_published":false,"_jetpack_newsletter_access":"","_jetpack_dont_email_post_to_subs":false,"_jetpack_newsletter_tier_id":0,"_jetpack_memberships_contains_paywalled_content":false,"_jetpack_memberships_contains_paid_content":false,"footnotes":""},"categories":[1],"tags":[],"class_list":["post-16792","post","type-post","status-publish","format-standard","hentry","category-bez-kategorii"],"yoast_head":"<!-- This site is optimized with the Yoast SEO plugin v25.1 - https:\/\/yoast.com\/wordpress\/plugins\/seo\/ -->\n<title>Zmartwychwsta\u0142 - NAPRAWD\u0118! - Gaudium Et Spes<\/title>\n<meta name=\"robots\" content=\"index, follow, max-snippet:-1, max-image-preview:large, max-video-preview:-1\" \/>\n<link rel=\"canonical\" href=\"https:\/\/gaudiumetspes-blog.pl\/index.php\/2020\/04\/12\/zmartwychwstal-naprawde\/\" \/>\n<meta property=\"og:locale\" content=\"pl_PL\" \/>\n<meta property=\"og:type\" content=\"article\" \/>\n<meta property=\"og:title\" content=\"Zmartwychwsta\u0142 - NAPRAWD\u0118! - Gaudium Et Spes\" \/>\n<meta property=\"og:description\" content=\"Niech b\u0119dzie pochwalony Jezus Chrystus! Moi Drodzy, wszystko, co dzisiaj chc\u0119 Wam przekaza\u0107, zawar\u0142em w rozwa\u017caniu. Gdyby kto\u015b chcia\u0142 tego pos\u0142ucha\u0107 w ramach homilii na Mszy \u015awi\u0119tej, to b\u0119dzie mia\u0142 tak\u0105 mo\u017cliwo\u015b\u0107, ogl\u0105daj\u0105c transmisj\u0119 z Sanktuarium Bo\u017cego Mi\u0142osierdzia w Bia\u0142ej Podlaskiej, dzisiaj, o godzinie 17:00. Po Mszy \u015awi\u0119tej \u2013 r\u00f3wnie\u017c transmitowane \u2013 Nieszpory, ko\u0144cz\u0105ce \u015awi\u0119te [&hellip;]\" \/>\n<meta property=\"og:url\" content=\"https:\/\/gaudiumetspes-blog.pl\/index.php\/2020\/04\/12\/zmartwychwstal-naprawde\/\" \/>\n<meta property=\"og:site_name\" content=\"Gaudium Et Spes\" \/>\n<meta property=\"article:published_time\" content=\"2020-04-12T03:45:13+00:00\" \/>\n<meta name=\"author\" content=\"Ks. Jacek\" \/>\n<meta name=\"twitter:card\" content=\"summary_large_image\" \/>\n<meta name=\"twitter:label1\" content=\"Napisane przez\" \/>\n\t<meta name=\"twitter:data1\" content=\"Ks. Jacek\" \/>\n\t<meta name=\"twitter:label2\" content=\"Szacowany czas czytania\" \/>\n\t<meta name=\"twitter:data2\" content=\"10 minut\" \/>\n<script type=\"application\/ld+json\" class=\"yoast-schema-graph\">{\"@context\":\"https:\/\/schema.org\",\"@graph\":[{\"@type\":\"WebPage\",\"@id\":\"https:\/\/gaudiumetspes-blog.pl\/index.php\/2020\/04\/12\/zmartwychwstal-naprawde\/\",\"url\":\"https:\/\/gaudiumetspes-blog.pl\/index.php\/2020\/04\/12\/zmartwychwstal-naprawde\/\",\"name\":\"Zmartwychwsta\u0142 - NAPRAWD\u0118! - Gaudium Et Spes\",\"isPartOf\":{\"@id\":\"https:\/\/gaudiumetspes-blog.pl\/#website\"},\"datePublished\":\"2020-04-12T03:45:13+00:00\",\"author\":{\"@id\":\"https:\/\/gaudiumetspes-blog.pl\/#\/schema\/person\/1661982992b752dea8dff0d4ed845a65\"},\"breadcrumb\":{\"@id\":\"https:\/\/gaudiumetspes-blog.pl\/index.php\/2020\/04\/12\/zmartwychwstal-naprawde\/#breadcrumb\"},\"inLanguage\":\"pl-PL\",\"potentialAction\":[{\"@type\":\"ReadAction\",\"target\":[\"https:\/\/gaudiumetspes-blog.pl\/index.php\/2020\/04\/12\/zmartwychwstal-naprawde\/\"]}]},{\"@type\":\"BreadcrumbList\",\"@id\":\"https:\/\/gaudiumetspes-blog.pl\/index.php\/2020\/04\/12\/zmartwychwstal-naprawde\/#breadcrumb\",\"itemListElement\":[{\"@type\":\"ListItem\",\"position\":1,\"name\":\"Strona g\u0142\u00f3wna\",\"item\":\"https:\/\/gaudiumetspes-blog.pl\/\"},{\"@type\":\"ListItem\",\"position\":2,\"name\":\"Zmartwychwsta\u0142 &#8211; NAPRAWD\u0118!\"}]},{\"@type\":\"WebSite\",\"@id\":\"https:\/\/gaudiumetspes-blog.pl\/#website\",\"url\":\"https:\/\/gaudiumetspes-blog.pl\/\",\"name\":\"Gaudium Et Spes\",\"description\":\"Blog Ks. Jacka Ja\u015bkowskiego\",\"potentialAction\":[{\"@type\":\"SearchAction\",\"target\":{\"@type\":\"EntryPoint\",\"urlTemplate\":\"https:\/\/gaudiumetspes-blog.pl\/?s={search_term_string}\"},\"query-input\":{\"@type\":\"PropertyValueSpecification\",\"valueRequired\":true,\"valueName\":\"search_term_string\"}}],\"inLanguage\":\"pl-PL\"},{\"@type\":\"Person\",\"@id\":\"https:\/\/gaudiumetspes-blog.pl\/#\/schema\/person\/1661982992b752dea8dff0d4ed845a65\",\"name\":\"Ks. Jacek\",\"image\":{\"@type\":\"ImageObject\",\"inLanguage\":\"pl-PL\",\"@id\":\"https:\/\/gaudiumetspes-blog.pl\/#\/schema\/person\/image\/\",\"url\":\"https:\/\/gaudiumetspes-blog.pl\/wp-content\/uploads\/2019\/07\/avatar-JJ-150x150.jpg\",\"contentUrl\":\"https:\/\/gaudiumetspes-blog.pl\/wp-content\/uploads\/2019\/07\/avatar-JJ-150x150.jpg\",\"caption\":\"Ks. Jacek\"},\"description\":\"Witam serdecznie! K\u0142ania si\u0119 Ks. Jacek Ja\u015bkowski. Nie jestem ani kim\u015b wa\u017cnym, ani kim\u015b znanym. Jestem ksi\u0119dzem, kt\u00f3ry po prostu chce rozmawia\u0107. Codzienna kap\u0142a\u0144ska pos\u0142uga pokazuje mi, \u017ce temat\u00f3w do rozm\u00f3w z ksi\u0119dzem jest coraz wi\u0119cej i dzisiaj \u017caden ksi\u0105dz nie mo\u017ce od nich ucieka\u0107, ale - wprost przeciwnie - podejmowa\u0107 nowe wyzwania. To przekonanie sk\u0142oni\u0142o mnie do pr\u00f3by otwarcia tego\u017c bloga, chocia\u017c okazji do rozm\u00f3w na co dzie\u0144 - w konfesjonale i poza nim - na szcz\u0119\u015bcie nie brakuje. My\u015bl\u0119 jednak, \u017ce ten blog b\u0119dzie jeszcze jednym sposobem i przestrzeni\u0105 nawi\u0105zania kontaktu z lud\u017ami dobrej woli, otwartymi na dialog.\",\"url\":\"https:\/\/gaudiumetspes-blog.pl\/index.php\/author\/ks-jacek\/\"}]}<\/script>\n<!-- \/ Yoast SEO plugin. -->","yoast_head_json":{"title":"Zmartwychwsta\u0142 - NAPRAWD\u0118! - Gaudium Et Spes","robots":{"index":"index","follow":"follow","max-snippet":"max-snippet:-1","max-image-preview":"max-image-preview:large","max-video-preview":"max-video-preview:-1"},"canonical":"https:\/\/gaudiumetspes-blog.pl\/index.php\/2020\/04\/12\/zmartwychwstal-naprawde\/","og_locale":"pl_PL","og_type":"article","og_title":"Zmartwychwsta\u0142 - NAPRAWD\u0118! - Gaudium Et Spes","og_description":"Niech b\u0119dzie pochwalony Jezus Chrystus! Moi Drodzy, wszystko, co dzisiaj chc\u0119 Wam przekaza\u0107, zawar\u0142em w rozwa\u017caniu. Gdyby kto\u015b chcia\u0142 tego pos\u0142ucha\u0107 w ramach homilii na Mszy \u015awi\u0119tej, to b\u0119dzie mia\u0142 tak\u0105 mo\u017cliwo\u015b\u0107, ogl\u0105daj\u0105c transmisj\u0119 z Sanktuarium Bo\u017cego Mi\u0142osierdzia w Bia\u0142ej Podlaskiej, dzisiaj, o godzinie 17:00. Po Mszy \u015awi\u0119tej \u2013 r\u00f3wnie\u017c transmitowane \u2013 Nieszpory, ko\u0144cz\u0105ce \u015awi\u0119te [&hellip;]","og_url":"https:\/\/gaudiumetspes-blog.pl\/index.php\/2020\/04\/12\/zmartwychwstal-naprawde\/","og_site_name":"Gaudium Et Spes","article_published_time":"2020-04-12T03:45:13+00:00","author":"Ks. Jacek","twitter_card":"summary_large_image","twitter_misc":{"Napisane przez":"Ks. Jacek","Szacowany czas czytania":"10 minut"},"schema":{"@context":"https:\/\/schema.org","@graph":[{"@type":"WebPage","@id":"https:\/\/gaudiumetspes-blog.pl\/index.php\/2020\/04\/12\/zmartwychwstal-naprawde\/","url":"https:\/\/gaudiumetspes-blog.pl\/index.php\/2020\/04\/12\/zmartwychwstal-naprawde\/","name":"Zmartwychwsta\u0142 - NAPRAWD\u0118! - Gaudium Et Spes","isPartOf":{"@id":"https:\/\/gaudiumetspes-blog.pl\/#website"},"datePublished":"2020-04-12T03:45:13+00:00","author":{"@id":"https:\/\/gaudiumetspes-blog.pl\/#\/schema\/person\/1661982992b752dea8dff0d4ed845a65"},"breadcrumb":{"@id":"https:\/\/gaudiumetspes-blog.pl\/index.php\/2020\/04\/12\/zmartwychwstal-naprawde\/#breadcrumb"},"inLanguage":"pl-PL","potentialAction":[{"@type":"ReadAction","target":["https:\/\/gaudiumetspes-blog.pl\/index.php\/2020\/04\/12\/zmartwychwstal-naprawde\/"]}]},{"@type":"BreadcrumbList","@id":"https:\/\/gaudiumetspes-blog.pl\/index.php\/2020\/04\/12\/zmartwychwstal-naprawde\/#breadcrumb","itemListElement":[{"@type":"ListItem","position":1,"name":"Strona g\u0142\u00f3wna","item":"https:\/\/gaudiumetspes-blog.pl\/"},{"@type":"ListItem","position":2,"name":"Zmartwychwsta\u0142 &#8211; NAPRAWD\u0118!"}]},{"@type":"WebSite","@id":"https:\/\/gaudiumetspes-blog.pl\/#website","url":"https:\/\/gaudiumetspes-blog.pl\/","name":"Gaudium Et Spes","description":"Blog Ks. Jacka Ja\u015bkowskiego","potentialAction":[{"@type":"SearchAction","target":{"@type":"EntryPoint","urlTemplate":"https:\/\/gaudiumetspes-blog.pl\/?s={search_term_string}"},"query-input":{"@type":"PropertyValueSpecification","valueRequired":true,"valueName":"search_term_string"}}],"inLanguage":"pl-PL"},{"@type":"Person","@id":"https:\/\/gaudiumetspes-blog.pl\/#\/schema\/person\/1661982992b752dea8dff0d4ed845a65","name":"Ks. Jacek","image":{"@type":"ImageObject","inLanguage":"pl-PL","@id":"https:\/\/gaudiumetspes-blog.pl\/#\/schema\/person\/image\/","url":"https:\/\/gaudiumetspes-blog.pl\/wp-content\/uploads\/2019\/07\/avatar-JJ-150x150.jpg","contentUrl":"https:\/\/gaudiumetspes-blog.pl\/wp-content\/uploads\/2019\/07\/avatar-JJ-150x150.jpg","caption":"Ks. Jacek"},"description":"Witam serdecznie! K\u0142ania si\u0119 Ks. Jacek Ja\u015bkowski. Nie jestem ani kim\u015b wa\u017cnym, ani kim\u015b znanym. Jestem ksi\u0119dzem, kt\u00f3ry po prostu chce rozmawia\u0107. Codzienna kap\u0142a\u0144ska pos\u0142uga pokazuje mi, \u017ce temat\u00f3w do rozm\u00f3w z ksi\u0119dzem jest coraz wi\u0119cej i dzisiaj \u017caden ksi\u0105dz nie mo\u017ce od nich ucieka\u0107, ale - wprost przeciwnie - podejmowa\u0107 nowe wyzwania. To przekonanie sk\u0142oni\u0142o mnie do pr\u00f3by otwarcia tego\u017c bloga, chocia\u017c okazji do rozm\u00f3w na co dzie\u0144 - w konfesjonale i poza nim - na szcz\u0119\u015bcie nie brakuje. My\u015bl\u0119 jednak, \u017ce ten blog b\u0119dzie jeszcze jednym sposobem i przestrzeni\u0105 nawi\u0105zania kontaktu z lud\u017ami dobrej woli, otwartymi na dialog.","url":"https:\/\/gaudiumetspes-blog.pl\/index.php\/author\/ks-jacek\/"}]}},"jetpack_featured_media_url":"","jetpack_sharing_enabled":true,"_links":{"self":[{"href":"https:\/\/gaudiumetspes-blog.pl\/index.php\/wp-json\/wp\/v2\/posts\/16792","targetHints":{"allow":["GET"]}}],"collection":[{"href":"https:\/\/gaudiumetspes-blog.pl\/index.php\/wp-json\/wp\/v2\/posts"}],"about":[{"href":"https:\/\/gaudiumetspes-blog.pl\/index.php\/wp-json\/wp\/v2\/types\/post"}],"author":[{"embeddable":true,"href":"https:\/\/gaudiumetspes-blog.pl\/index.php\/wp-json\/wp\/v2\/users\/1"}],"replies":[{"embeddable":true,"href":"https:\/\/gaudiumetspes-blog.pl\/index.php\/wp-json\/wp\/v2\/comments?post=16792"}],"version-history":[{"count":1,"href":"https:\/\/gaudiumetspes-blog.pl\/index.php\/wp-json\/wp\/v2\/posts\/16792\/revisions"}],"predecessor-version":[{"id":16793,"href":"https:\/\/gaudiumetspes-blog.pl\/index.php\/wp-json\/wp\/v2\/posts\/16792\/revisions\/16793"}],"wp:attachment":[{"href":"https:\/\/gaudiumetspes-blog.pl\/index.php\/wp-json\/wp\/v2\/media?parent=16792"}],"wp:term":[{"taxonomy":"category","embeddable":true,"href":"https:\/\/gaudiumetspes-blog.pl\/index.php\/wp-json\/wp\/v2\/categories?post=16792"},{"taxonomy":"post_tag","embeddable":true,"href":"https:\/\/gaudiumetspes-blog.pl\/index.php\/wp-json\/wp\/v2\/tags?post=16792"}],"curies":[{"name":"wp","href":"https:\/\/api.w.org\/{rel}","templated":true}]}}